{"id":3833,"date":"2021-12-25T09:15:54","date_gmt":"2021-12-25T08:15:54","guid":{"rendered":"https:\/\/gradido.net\/?p=3833"},"modified":"2021-12-27T12:05:55","modified_gmt":"2021-12-27T11:05:55","slug":"episode-35","status":"publish","type":"post","link":"https:\/\/gradido.net\/ro\/episode-35\/","title":{"rendered":"Marea Cooperare: a face pace cu vindecarea traumei"},"content":{"rendered":"<div data-elementor-type=\"wp-post\" data-elementor-id=\"3833\" class=\"elementor elementor-3833\" data-elementor-post-type=\"post\">\n\t\t\t\t\t\t<section class=\"elementor-section elementor-top-section elementor-element elementor-element-496e1d53 elementor-section-boxed elementor-section-height-default elementor-section-height-default\" data-id=\"496e1d53\" data-element_type=\"section\" data-e-type=\"section\">\n\t\t\t\t\t\t<div class=\"elementor-container elementor-column-gap-default\">\n\t\t\t\t\t<div class=\"elementor-column elementor-col-100 elementor-top-column elementor-element elementor-element-461d7be0\" data-id=\"461d7be0\" data-element_type=\"column\" data-e-type=\"column\">\n\t\t\t<div class=\"elementor-widget-wrap elementor-element-populated\">\n\t\t\t\t\t\t<div class=\"elementor-element elementor-element-cd9ebe2 elementor-widget elementor-widget-text-editor\" data-id=\"cd9ebe2\" data-element_type=\"widget\" data-e-type=\"widget\" data-widget_type=\"text-editor.default\">\n\t\t\t\t<div class=\"elementor-widget-container\">\n\t\t\t\t\t\t\t\t\t<h2>Invita\u021bi: Saskia Hoppe \u0219i Julia Toma<\/h2>\t\t\t\t\t\t\t\t<\/div>\n\t\t\t\t<\/div>\n\t\t\t\t\t<\/div>\n\t\t<\/div>\n\t\t\t\t\t<\/div>\n\t\t<\/section>\n\t\t\t\t<section class=\"elementor-section elementor-top-section elementor-element elementor-element-2f93e3c3 elementor-section-boxed elementor-section-height-default elementor-section-height-default\" data-id=\"2f93e3c3\" data-element_type=\"section\" data-e-type=\"section\">\n\t\t\t\t\t\t<div class=\"elementor-container elementor-column-gap-default\">\n\t\t\t\t\t<div class=\"elementor-column elementor-col-100 elementor-top-column elementor-element elementor-element-5a9dfd19\" data-id=\"5a9dfd19\" data-element_type=\"column\" data-e-type=\"column\">\n\t\t\t<div class=\"elementor-widget-wrap elementor-element-populated\">\n\t\t\t\t\t\t<div class=\"elementor-element elementor-element-9cdb6b8 elementor-widget elementor-widget-html\" data-id=\"9cdb6b8\" data-element_type=\"widget\" data-e-type=\"widget\" data-widget_type=\"html.default\">\n\t\t\t\t<div class=\"elementor-widget-container\">\n\t\t\t\t\t<script class=\"podigee-podcast-player\" src=\"https:\/\/player.podigee-cdn.net\/podcast-player\/javascripts\/podigee-podcast-player.js\" data-configuration=\"https:\/\/gradido.podigee.io\/35-neue-episode\/embed?context=external&token=yGjCnx3jf0955SnvRbpjKg\"><\/script>\t\t\t\t<\/div>\n\t\t\t\t<\/div>\n\t\t\t\t\t<\/div>\n\t\t<\/div>\n\t\t\t\t\t<\/div>\n\t\t<\/section>\n\t\t\t\t<section class=\"elementor-section elementor-top-section elementor-element elementor-element-585c640 elementor-section-boxed elementor-section-height-default elementor-section-height-default\" data-id=\"585c640\" data-element_type=\"section\" data-e-type=\"section\">\n\t\t\t\t\t\t<div class=\"elementor-container elementor-column-gap-default\">\n\t\t\t\t\t<div class=\"elementor-column elementor-col-50 elementor-top-column elementor-element elementor-element-13c250b\" data-id=\"13c250b\" data-element_type=\"column\" data-e-type=\"column\">\n\t\t\t<div class=\"elementor-widget-wrap elementor-element-populated\">\n\t\t\t\t\t\t<div class=\"elementor-element elementor-element-0561949 elementor-widget elementor-widget-text-editor\" data-id=\"0561949\" data-element_type=\"widget\" data-e-type=\"widget\" data-widget_type=\"text-editor.default\">\n\t\t\t\t<div class=\"elementor-widget-container\">\n\t\t\t\t\t\t\t\t\t<p>Mai ales acum, de Cr\u0103ciun, s\u0103rb\u0103toarea iubirii, ne ur\u0103m unii altora \"pace pe p\u0103m\u00e2nt \u0219i bun\u0103voin\u021b\u0103 fa\u021b\u0103 de oameni\". Vis\u0103m la o lume \u00een care toat\u0103 lumea s\u0103 se simt\u0103 bine: noi \u00een\u0219ine, copiii \u0219i nepo\u021bii no\u0219tri - \u0219i to\u021bi copiii de pe frumosul nostru p\u0103m\u00e2nt.<\/p><p>Pe l\u00e2ng\u0103 sistemul inuman al banilor datoriei, a c\u0103rui dispari\u021bie inevitabil\u0103 este \u00eenecat\u0103 de zgomotul povestirii Corona, traumele - adic\u0103 r\u0103ni incon\u0219tiente, unele dintre ele mo\u0219tenite de genera\u021bii - ne \u00eempiedic\u0103 s\u0103 avem pace interioar\u0103 \u0219i, prin urmare, \u0219i pace exterioar\u0103. \u00cen orice moment se poate declan\u0219a o traum\u0103 \u0219i nu mai avem controlul asupra comportamentului nostru. Suntem capabili s\u0103 sc\u0103p\u0103m de acest butoi de pulbere periculos \u0219i s\u0103 cre\u0103m \u00een mod con\u0219tient o lume pa\u0219nic\u0103?<\/p><p>Saskia Hoppe este actri\u021b\u0103, profesoar\u0103 de teatru, expert\u0103 \u00een comunicare non-violent\u0103 \u0219i coach sensibil la traume. Lucrul corporal este deosebit de important pentru ea. Pentru c\u0103 traumele provoac\u0103 fric\u0103, iar atunci c\u00e2nd ne este fric\u0103, nu ne mai sim\u021bim corpul.<\/p><p>Julia Toma a studiat management cultural. Profesional, organizeaz\u0103 vacan\u021be la casele de vacan\u021b\u0103 din p\u0103dure \u0219i tabere pentru tineri.<\/p><p>Cele dou\u0103 mame s-au cunoscut cu ani \u00een urm\u0103 \u00een grupul de copii mici. Pe l\u00e2ng\u0103 copiii lor, pe care \u00eei consider\u0103 cei mai buni profesori ai lor, ei \u00eemp\u0103rt\u0103\u0219esc un interes comun pentru comunicarea non-violent\u0103.<\/p><p>Din cauza m\u0103surilor Corona, cei doi, la fel ca mul\u021bi al\u021bi oameni, nu \u0219i-au mai putut face treaba. Dar, \u00een loc s\u0103 se pl\u00e2ng\u0103 \u0219i s\u0103 se pl\u00e2ng\u0103, au c\u0103utat noi op\u021biuni de ac\u021biune prin care s\u0103 poat\u0103 oferi servicii reale celorlal\u021bi. A\u0219a c\u0103 au decis s\u0103 organizeze un congres online \u00een care oameni inspira\u021bi \u0219i curajo\u0219i, al\u0103turi de modelele lor, s\u0103 dea impulsuri pentru a-\u0219i dezvolta \u0219i tr\u0103i propriul poten\u021bial. Congresul \"<strong>Apelul inimii , tr\u0103ie\u0219te-\u021bi visul\". <\/strong>va avea loc \u00een perioada 7-16 ianuarie 2022, timp \u00een care toate interviurile vor putea fi vizionate gratuit. Cei care doresc s\u0103 fie inspira\u021bi \u00een timpul lini\u0219tit \"\u00eentre ani\" pot achizi\u021biona acum pachetul de congrese pentru o sum\u0103 modic\u0103.<\/p><p>\"Dac\u0103 am face cu to\u021bii ceea ce ne place s\u0103 facem din tot sufletul, am avea at\u00e2t de mult\u0103 putere\", se bucur\u0103 Julia \u0219i Saskia. Vechiul sistem totalitar nu va mai func\u021biona de \u00eendat\u0103 ce va fi atins\u0103 o mas\u0103 critic\u0103 \u0219i mul\u021bi oameni vor merge pe drumul lor special \u00eentr-un mod autonom. Gradido ofer\u0103 sistemul de valori potrivit pentru acest lucru. \u0218i tu po\u021bi face parte din ea! Al\u0103tura\u021bi-v\u0103 comunit\u0103\u021bii \u00een continu\u0103 cre\u0219tere \u0219i crea\u021bi noii bani s\u0103n\u0103to\u0219i pentru o lume potrivit\u0103 pentru nepo\u021bi! Sau tinerii v\u0103 vor \u00eentreba mai t\u00e2rziu de ce nu a\u021bi contribuit la transformarea pa\u0219nic\u0103? \u00cempreun\u0103 vom crea un viitor m\u0103re\u021b - \u00een pace, libertate \u0219i prosperitate global\u0103 \u00een armonie cu natura!<\/p><p>St\u00e2nga:<br \/><a href=\"http:\/\/www.rufdesherzens.com\">www.rufdesherzens.com<\/a><br \/><a href=\"http:\/\/www.saskiahoppe.de\" data-wplink-edit=\"true\">www.saskiahoppe.de<\/a><\/p>\t\t\t\t\t\t\t\t<\/div>\n\t\t\t\t<\/div>\n\t\t\t\t\t<\/div>\n\t\t<\/div>\n\t\t\t\t<div class=\"elementor-column elementor-col-50 elementor-top-column elementor-element elementor-element-e0d795e\" data-id=\"e0d795e\" data-element_type=\"column\" data-e-type=\"column\">\n\t\t\t<div class=\"elementor-widget-wrap elementor-element-populated\">\n\t\t\t\t\t\t<div class=\"elementor-element elementor-element-8c61bad elementor-widget elementor-widget-image\" data-id=\"8c61bad\" data-element_type=\"widget\" data-e-type=\"widget\" data-widget_type=\"image.default\">\n\t\t\t\t<div class=\"elementor-widget-container\">\n\t\t\t\t\t\t\t\t\t\t\t\t\t\t\t<img fetchpriority=\"high\" decoding=\"async\" width=\"800\" height=\"800\" src=\"https:\/\/gradido.net\/wp-content\/uploads\/2021\/12\/gradido_podcast_toma_hoppe-1024x1024.jpg\" class=\"attachment-large size-large wp-image-3688\" alt=\"\" srcset=\"https:\/\/gradido.net\/wp-content\/uploads\/2021\/12\/gradido_podcast_toma_hoppe-1024x1024.jpg 1024w, https:\/\/gradido.net\/wp-content\/uploads\/2021\/12\/gradido_podcast_toma_hoppe-300x300.jpg 300w, https:\/\/gradido.net\/wp-content\/uploads\/2021\/12\/gradido_podcast_toma_hoppe-150x150.jpg 150w, https:\/\/gradido.net\/wp-content\/uploads\/2021\/12\/gradido_podcast_toma_hoppe-768x768.jpg 768w, https:\/\/gradido.net\/wp-content\/uploads\/2021\/12\/gradido_podcast_toma_hoppe-12x12.jpg 12w, https:\/\/gradido.net\/wp-content\/uploads\/2021\/12\/gradido_podcast_toma_hoppe.jpg 1400w\" sizes=\"(max-width: 800px) 100vw, 800px\" \/>\t\t\t\t\t\t\t\t\t\t\t\t\t\t\t<\/div>\n\t\t\t\t<\/div>\n\t\t\t\t<div class=\"elementor-element elementor-element-ceab137 elementor-widget elementor-widget-text-editor\" data-id=\"ceab137\" data-element_type=\"widget\" data-e-type=\"widget\" data-widget_type=\"text-editor.default\">\n\t\t\t\t<div class=\"elementor-widget-container\">\n\t\t\t\t\t\t\t\t\t<p><a href=\"https:\/\/youtu.be\/bLMSAb2fjHg\" target=\"_blank\" rel=\"noopener\">Asculta\u021bi pe YouTube<\/a><\/p>\t\t\t\t\t\t\t\t<\/div>\n\t\t\t\t<\/div>\n\t\t\t\t\t<\/div>\n\t\t<\/div>\n\t\t\t\t\t<\/div>\n\t\t<\/section>\n\t\t\t\t<section class=\"elementor-section elementor-top-section elementor-element elementor-element-d051609 elementor-section-boxed elementor-section-height-default elementor-section-height-default\" data-id=\"d051609\" data-element_type=\"section\" data-e-type=\"section\">\n\t\t\t\t\t\t<div class=\"elementor-container elementor-column-gap-default\">\n\t\t\t\t\t<div class=\"elementor-column elementor-col-100 elementor-top-column elementor-element elementor-element-13cc168\" data-id=\"13cc168\" data-element_type=\"column\" data-e-type=\"column\">\n\t\t\t<div class=\"elementor-widget-wrap elementor-element-populated\">\n\t\t\t\t\t\t<div class=\"elementor-element elementor-element-b43b3ee elementor-widget elementor-widget-heading\" data-id=\"b43b3ee\" data-element_type=\"widget\" data-e-type=\"widget\" data-widget_type=\"heading.default\">\n\t\t\t\t<div class=\"elementor-widget-container\">\n\t\t\t\t\t<h2 class=\"elementor-heading-title elementor-size-default\">Transcriere (traducere automat\u0103)<\/h2>\t\t\t\t<\/div>\n\t\t\t\t<\/div>\n\t\t\t\t\t<\/div>\n\t\t<\/div>\n\t\t\t\t\t<\/div>\n\t\t<\/section>\n\t\t\t\t<section class=\"elementor-section elementor-top-section elementor-element elementor-element-474427c elementor-section-boxed elementor-section-height-default elementor-section-height-default\" data-id=\"474427c\" data-element_type=\"section\" data-e-type=\"section\">\n\t\t\t\t\t\t<div class=\"elementor-container elementor-column-gap-default\">\n\t\t\t\t\t<div class=\"elementor-column elementor-col-100 elementor-top-column elementor-element elementor-element-6041f12\" data-id=\"6041f12\" data-element_type=\"column\" data-e-type=\"column\">\n\t\t\t<div class=\"elementor-widget-wrap elementor-element-populated\">\n\t\t\t\t\t\t\t<\/div>\n\t\t<\/div>\n\t\t\t\t\t<\/div>\n\t\t<\/section>\n\t\t\t\t<\/div>","protected":false},"excerpt":{"rendered":"<p>Saskia Hoppe ist Schauspielerin, Theaterp\u00e4dagogin und trauma-sensibler Coach. Julia Toma studierte Kulturmanagement. Neben ihren Kindern verbindet beide ihre Expertise in gewaltfreier Kommunikation [55:30]<\/p>\n","protected":false},"author":12,"featured_media":3689,"comment_status":"closed","ping_status":"closed","sticky":false,"template":"","format":"standard","meta":{"footnotes":""},"categories":[19],"tags":[16],"class_list":["post-3833","post","type-post","status-publish","format-standard","has-post-thumbnail","hentry","category-podcast","tag-grundeinkommen"],"yoast_head":"<!-- This site is optimized with the Yoast SEO plugin v27.5 - https:\/\/yoast.com\/product\/yoast-seo-wordpress\/ -->\n<title>Great Cooperation: mit Trauma-Heilung Frieden stiften - Gradido<\/title>\n<meta name=\"robots\" content=\"index, follow, max-snippet:-1, max-image-preview:large, max-video-preview:-1\" \/>\n<link rel=\"canonical\" href=\"https:\/\/gradido.net\/ro\/episode-35\/\" \/>\n<meta property=\"og:locale\" content=\"ro_RO\" \/>\n<meta property=\"og:type\" content=\"article\" \/>\n<meta property=\"og:title\" content=\"Great Cooperation: mit Trauma-Heilung Frieden stiften - Gradido\" \/>\n<meta property=\"og:description\" content=\"Saskia Hoppe ist Schauspielerin, Theaterp\u00e4dagogin und trauma-sensibler Coach. Julia Toma studierte Kulturmanagement. Neben ihren Kindern verbindet beide ihre Expertise in gewaltfreier Kommunikation [55:30]\" \/>\n<meta property=\"og:url\" content=\"https:\/\/gradido.net\/ro\/episode-35\/\" \/>\n<meta property=\"og:site_name\" content=\"Gradido\" \/>\n<meta property=\"article:published_time\" content=\"2021-12-25T08:15:54+00:00\" \/>\n<meta property=\"article:modified_time\" content=\"2021-12-27T11:05:55+00:00\" \/>\n<meta property=\"og:image\" content=\"https:\/\/gradido.net\/wp-content\/uploads\/2021\/12\/podcast_www_toma_hoppe.jpg\" \/>\n\t<meta property=\"og:image:width\" content=\"700\" \/>\n\t<meta property=\"og:image:height\" content=\"475\" \/>\n\t<meta property=\"og:image:type\" content=\"image\/jpeg\" \/>\n<meta name=\"author\" content=\"Philipp Kessler\" \/>\n<meta name=\"twitter:card\" content=\"summary_large_image\" \/>\n<meta name=\"twitter:label1\" content=\"Scris de\" \/>\n\t<meta name=\"twitter:data1\" content=\"Philipp Kessler\" \/>\n\t<meta name=\"twitter:label2\" content=\"Timp estimat pentru citire\" \/>\n\t<meta name=\"twitter:data2\" content=\"2 minute\" \/>\n<script type=\"application\/ld+json\" class=\"yoast-schema-graph\">{\"@context\":\"https:\\\/\\\/schema.org\",\"@graph\":[{\"@type\":\"Article\",\"@id\":\"https:\\\/\\\/gradido.net\\\/bg\\\/episode-35\\\/#article\",\"isPartOf\":{\"@id\":\"https:\\\/\\\/gradido.net\\\/bg\\\/episode-35\\\/\"},\"author\":{\"name\":\"Philipp Kessler\",\"@id\":\"https:\\\/\\\/gradido.net\\\/de\\\/#\\\/schema\\\/person\\\/f57399104ec77f2a2d5a68f479b0492f\"},\"headline\":\"Great Cooperation: mit Trauma-Heilung Frieden stiften\",\"datePublished\":\"2021-12-25T08:15:54+00:00\",\"dateModified\":\"2021-12-27T11:05:55+00:00\",\"mainEntityOfPage\":{\"@id\":\"https:\\\/\\\/gradido.net\\\/bg\\\/episode-35\\\/\"},\"wordCount\":453,\"publisher\":{\"@id\":\"https:\\\/\\\/gradido.net\\\/de\\\/#organization\"},\"image\":{\"@id\":\"https:\\\/\\\/gradido.net\\\/bg\\\/episode-35\\\/#primaryimage\"},\"thumbnailUrl\":\"https:\\\/\\\/gradido.net\\\/wp-content\\\/uploads\\\/2021\\\/12\\\/podcast_www_toma_hoppe.jpg\",\"keywords\":[\"Grundeinkommen\"],\"articleSection\":[\"Podcast\"],\"inLanguage\":\"ro-RO\"},{\"@type\":\"WebPage\",\"@id\":\"https:\\\/\\\/gradido.net\\\/bg\\\/episode-35\\\/\",\"url\":\"https:\\\/\\\/gradido.net\\\/bg\\\/episode-35\\\/\",\"name\":\"Great Cooperation: mit Trauma-Heilung Frieden stiften - Gradido\",\"isPartOf\":{\"@id\":\"https:\\\/\\\/gradido.net\\\/de\\\/#website\"},\"primaryImageOfPage\":{\"@id\":\"https:\\\/\\\/gradido.net\\\/bg\\\/episode-35\\\/#primaryimage\"},\"image\":{\"@id\":\"https:\\\/\\\/gradido.net\\\/bg\\\/episode-35\\\/#primaryimage\"},\"thumbnailUrl\":\"https:\\\/\\\/gradido.net\\\/wp-content\\\/uploads\\\/2021\\\/12\\\/podcast_www_toma_hoppe.jpg\",\"datePublished\":\"2021-12-25T08:15:54+00:00\",\"dateModified\":\"2021-12-27T11:05:55+00:00\",\"breadcrumb\":{\"@id\":\"https:\\\/\\\/gradido.net\\\/bg\\\/episode-35\\\/#breadcrumb\"},\"inLanguage\":\"ro-RO\",\"potentialAction\":[{\"@type\":\"ReadAction\",\"target\":[\"https:\\\/\\\/gradido.net\\\/bg\\\/episode-35\\\/\"]}]},{\"@type\":\"ImageObject\",\"inLanguage\":\"ro-RO\",\"@id\":\"https:\\\/\\\/gradido.net\\\/bg\\\/episode-35\\\/#primaryimage\",\"url\":\"https:\\\/\\\/gradido.net\\\/wp-content\\\/uploads\\\/2021\\\/12\\\/podcast_www_toma_hoppe.jpg\",\"contentUrl\":\"https:\\\/\\\/gradido.net\\\/wp-content\\\/uploads\\\/2021\\\/12\\\/podcast_www_toma_hoppe.jpg\",\"width\":700,\"height\":475},{\"@type\":\"BreadcrumbList\",\"@id\":\"https:\\\/\\\/gradido.net\\\/bg\\\/episode-35\\\/#breadcrumb\",\"itemListElement\":[{\"@type\":\"ListItem\",\"position\":1,\"name\":\"Startseite\",\"item\":\"https:\\\/\\\/gradido.net\\\/\"},{\"@type\":\"ListItem\",\"position\":2,\"name\":\"Great Cooperation: mit Trauma-Heilung Frieden stiften\"}]},{\"@type\":\"WebSite\",\"@id\":\"https:\\\/\\\/gradido.net\\\/de\\\/#website\",\"url\":\"https:\\\/\\\/gradido.net\\\/de\\\/\",\"name\":\"Gradido\",\"description\":\"Die neue W\u00e4hrung hei\u00dft Dankbarkeit\",\"publisher\":{\"@id\":\"https:\\\/\\\/gradido.net\\\/de\\\/#organization\"},\"potentialAction\":[{\"@type\":\"SearchAction\",\"target\":{\"@type\":\"EntryPoint\",\"urlTemplate\":\"https:\\\/\\\/gradido.net\\\/de\\\/?s={search_term_string}\"},\"query-input\":{\"@type\":\"PropertyValueSpecification\",\"valueRequired\":true,\"valueName\":\"search_term_string\"}}],\"inLanguage\":\"ro-RO\"},{\"@type\":\"Organization\",\"@id\":\"https:\\\/\\\/gradido.net\\\/de\\\/#organization\",\"name\":\"Gradido\",\"url\":\"https:\\\/\\\/gradido.net\\\/de\\\/\",\"logo\":{\"@type\":\"ImageObject\",\"inLanguage\":\"ro-RO\",\"@id\":\"https:\\\/\\\/gradido.net\\\/de\\\/#\\\/schema\\\/logo\\\/image\\\/\",\"url\":\"https:\\\/\\\/gradido.net\\\/wp-content\\\/uploads\\\/2022\\\/04\\\/gradido-social.jpg\",\"contentUrl\":\"https:\\\/\\\/gradido.net\\\/wp-content\\\/uploads\\\/2022\\\/04\\\/gradido-social.jpg\",\"width\":527,\"height\":273,\"caption\":\"Gradido\"},\"image\":{\"@id\":\"https:\\\/\\\/gradido.net\\\/de\\\/#\\\/schema\\\/logo\\\/image\\\/\"}},{\"@type\":\"Person\",\"@id\":\"https:\\\/\\\/gradido.net\\\/de\\\/#\\\/schema\\\/person\\\/f57399104ec77f2a2d5a68f479b0492f\",\"name\":\"Philipp Kessler\",\"url\":\"https:\\\/\\\/gradido.net\\\/ro\\\/author\\\/philipp\\\/\"}]}<\/script>\n<!-- \/ Yoast SEO plugin. -->","yoast_head_json":{"title":"Marea Cooperare: s\u0103 facem pace cu vindecarea traumei - Gradido","robots":{"index":"index","follow":"follow","max-snippet":"max-snippet:-1","max-image-preview":"max-image-preview:large","max-video-preview":"max-video-preview:-1"},"canonical":"https:\/\/gradido.net\/ro\/episode-35\/","og_locale":"ro_RO","og_type":"article","og_title":"Great Cooperation: mit Trauma-Heilung Frieden stiften - Gradido","og_description":"Saskia Hoppe ist Schauspielerin, Theaterp\u00e4dagogin und trauma-sensibler Coach. Julia Toma studierte Kulturmanagement. Neben ihren Kindern verbindet beide ihre Expertise in gewaltfreier Kommunikation [55:30]","og_url":"https:\/\/gradido.net\/ro\/episode-35\/","og_site_name":"Gradido","article_published_time":"2021-12-25T08:15:54+00:00","article_modified_time":"2021-12-27T11:05:55+00:00","og_image":[{"width":700,"height":475,"url":"https:\/\/gradido.net\/wp-content\/uploads\/2021\/12\/podcast_www_toma_hoppe.jpg","type":"image\/jpeg"}],"author":"Philipp Kessler","twitter_card":"summary_large_image","twitter_misc":{"Scris de":"Philipp Kessler","Timp estimat pentru citire":"2 minute"},"schema":{"@context":"https:\/\/schema.org","@graph":[{"@type":"Article","@id":"https:\/\/gradido.net\/bg\/episode-35\/#article","isPartOf":{"@id":"https:\/\/gradido.net\/bg\/episode-35\/"},"author":{"name":"Philipp Kessler","@id":"https:\/\/gradido.net\/de\/#\/schema\/person\/f57399104ec77f2a2d5a68f479b0492f"},"headline":"Great Cooperation: mit Trauma-Heilung Frieden stiften","datePublished":"2021-12-25T08:15:54+00:00","dateModified":"2021-12-27T11:05:55+00:00","mainEntityOfPage":{"@id":"https:\/\/gradido.net\/bg\/episode-35\/"},"wordCount":453,"publisher":{"@id":"https:\/\/gradido.net\/de\/#organization"},"image":{"@id":"https:\/\/gradido.net\/bg\/episode-35\/#primaryimage"},"thumbnailUrl":"https:\/\/gradido.net\/wp-content\/uploads\/2021\/12\/podcast_www_toma_hoppe.jpg","keywords":["Grundeinkommen"],"articleSection":["Podcast"],"inLanguage":"ro-RO"},{"@type":"WebPage","@id":"https:\/\/gradido.net\/bg\/episode-35\/","url":"https:\/\/gradido.net\/bg\/episode-35\/","name":"Marea Cooperare: s\u0103 facem pace cu vindecarea traumei - Gradido","isPartOf":{"@id":"https:\/\/gradido.net\/de\/#website"},"primaryImageOfPage":{"@id":"https:\/\/gradido.net\/bg\/episode-35\/#primaryimage"},"image":{"@id":"https:\/\/gradido.net\/bg\/episode-35\/#primaryimage"},"thumbnailUrl":"https:\/\/gradido.net\/wp-content\/uploads\/2021\/12\/podcast_www_toma_hoppe.jpg","datePublished":"2021-12-25T08:15:54+00:00","dateModified":"2021-12-27T11:05:55+00:00","breadcrumb":{"@id":"https:\/\/gradido.net\/bg\/episode-35\/#breadcrumb"},"inLanguage":"ro-RO","potentialAction":[{"@type":"ReadAction","target":["https:\/\/gradido.net\/bg\/episode-35\/"]}]},{"@type":"ImageObject","inLanguage":"ro-RO","@id":"https:\/\/gradido.net\/bg\/episode-35\/#primaryimage","url":"https:\/\/gradido.net\/wp-content\/uploads\/2021\/12\/podcast_www_toma_hoppe.jpg","contentUrl":"https:\/\/gradido.net\/wp-content\/uploads\/2021\/12\/podcast_www_toma_hoppe.jpg","width":700,"height":475},{"@type":"BreadcrumbList","@id":"https:\/\/gradido.net\/bg\/episode-35\/#breadcrumb","itemListElement":[{"@type":"ListItem","position":1,"name":"Startseite","item":"https:\/\/gradido.net\/"},{"@type":"ListItem","position":2,"name":"Great Cooperation: mit Trauma-Heilung Frieden stiften"}]},{"@type":"WebSite","@id":"https:\/\/gradido.net\/de\/#website","url":"https:\/\/gradido.net\/de\/","name":"Gradido","description":"Noua moned\u0103 este recuno\u0219tin\u021ba","publisher":{"@id":"https:\/\/gradido.net\/de\/#organization"},"potentialAction":[{"@type":"SearchAction","target":{"@type":"EntryPoint","urlTemplate":"https:\/\/gradido.net\/de\/?s={search_term_string}"},"query-input":{"@type":"PropertyValueSpecification","valueRequired":true,"valueName":"search_term_string"}}],"inLanguage":"ro-RO"},{"@type":"Organization","@id":"https:\/\/gradido.net\/de\/#organization","name":"Gradido","url":"https:\/\/gradido.net\/de\/","logo":{"@type":"ImageObject","inLanguage":"ro-RO","@id":"https:\/\/gradido.net\/de\/#\/schema\/logo\/image\/","url":"https:\/\/gradido.net\/wp-content\/uploads\/2022\/04\/gradido-social.jpg","contentUrl":"https:\/\/gradido.net\/wp-content\/uploads\/2022\/04\/gradido-social.jpg","width":527,"height":273,"caption":"Gradido"},"image":{"@id":"https:\/\/gradido.net\/de\/#\/schema\/logo\/image\/"}},{"@type":"Person","@id":"https:\/\/gradido.net\/de\/#\/schema\/person\/f57399104ec77f2a2d5a68f479b0492f","name":"Philipp Kessler","url":"https:\/\/gradido.net\/ro\/author\/philipp\/"}]}},"_links":{"self":[{"href":"https:\/\/gradido.net\/ro\/wp-json\/wp\/v2\/posts\/3833","targetHints":{"allow":["GET"]}}],"collection":[{"href":"https:\/\/gradido.net\/ro\/wp-json\/wp\/v2\/posts"}],"about":[{"href":"https:\/\/gradido.net\/ro\/wp-json\/wp\/v2\/types\/post"}],"author":[{"embeddable":true,"href":"https:\/\/gradido.net\/ro\/wp-json\/wp\/v2\/users\/12"}],"replies":[{"embeddable":true,"href":"https:\/\/gradido.net\/ro\/wp-json\/wp\/v2\/comments?post=3833"}],"version-history":[{"count":14,"href":"https:\/\/gradido.net\/ro\/wp-json\/wp\/v2\/posts\/3833\/revisions"}],"predecessor-version":[{"id":3853,"href":"https:\/\/gradido.net\/ro\/wp-json\/wp\/v2\/posts\/3833\/revisions\/3853"}],"wp:featuredmedia":[{"embeddable":true,"href":"https:\/\/gradido.net\/ro\/wp-json\/wp\/v2\/media\/3689"}],"wp:attachment":[{"href":"https:\/\/gradido.net\/ro\/wp-json\/wp\/v2\/media?parent=3833"}],"wp:term":[{"taxonomy":"category","embeddable":true,"href":"https:\/\/gradido.net\/ro\/wp-json\/wp\/v2\/categories?post=3833"},{"taxonomy":"post_tag","embeddable":true,"href":"https:\/\/gradido.net\/ro\/wp-json\/wp\/v2\/tags?post=3833"}],"curies":[{"name":"wp","href":"https:\/\/api.w.org\/{rel}","templated":true}]}}