{"id":5711,"date":"2022-10-10T18:52:00","date_gmt":"2022-10-10T16:52:00","guid":{"rendered":"https:\/\/gradido.net\/?p=5711"},"modified":"2026-04-24T08:13:36","modified_gmt":"2026-04-24T06:13:36","slug":"great-cooperation-gradido-akademie-international-und-plasmatec","status":"publish","type":"post","link":"https:\/\/gradido.net\/ro\/great-cooperation-gradido-akademie-international-und-plasmatec\/","title":{"rendered":"Marea cooperare: Gradido Academy International \u0219i PLASMA TEC"},"content":{"rendered":"<div data-elementor-type=\"wp-post\" data-elementor-id=\"5711\" class=\"elementor elementor-5711\" data-elementor-post-type=\"post\">\n\t\t\t\t\t\t<section class=\"elementor-section elementor-top-section elementor-element elementor-element-496e1d53 elementor-section-boxed elementor-section-height-default elementor-section-height-default\" data-id=\"496e1d53\" data-element_type=\"section\" data-e-type=\"section\">\n\t\t\t\t\t\t<div class=\"elementor-container elementor-column-gap-default\">\n\t\t\t\t\t<div class=\"elementor-column elementor-col-100 elementor-top-column elementor-element elementor-element-461d7be0\" data-id=\"461d7be0\" data-element_type=\"column\" data-e-type=\"column\">\n\t\t\t<div class=\"elementor-widget-wrap elementor-element-populated\">\n\t\t\t\t\t\t<div class=\"elementor-element elementor-element-cd9ebe2 elementor-widget elementor-widget-text-editor\" data-id=\"cd9ebe2\" data-element_type=\"widget\" data-e-type=\"widget\" data-widget_type=\"text-editor.default\">\n\t\t\t\t<div class=\"elementor-widget-container\">\n\t\t\t\t\t\t\t\t\t<blockquote><p style=\"text-align: right;\"><em>\"Ceea ce nu este posibil pentru un individ, mul\u021bi pot realiza.\"<\/em><\/p><p style=\"text-align: right;\"><em>Friedrich Wilhelm Raiffeisen<\/em><\/p><\/blockquote><p>Drag\u0103 cititorule,<\/p><p>vizit\u00e2nd sediul asocia\u021biei noastre de la Centrul Quintessenz din Pustritz, \u00een Carintia\/Austria, am avut parte de un moment minunat de \u00eent\u00e2lnire cu oameni interesan\u021bi care lucreaz\u0103 pentru un viitor bun.<\/p><p>Ni s-a permis s\u0103 ne apropiem mai mult unul de cel\u0103lalt la nivel uman, s\u0103 g\u0103sim timp pentru \u00een\u021belegere reciproc\u0103 \u0219i s\u0103 ne facem planuri pentru ceea ce dorim s\u0103 punem \u00een aplicare \u00eempreun\u0103.<\/p><p>Printre altele, ne-am \u00eent\u00e2lnit cu pre\u0219edintele institutului de cercetare PLASMA TEC, Harald Reichl, \u0219i am discutat despre etapele viitoare ale cooper\u0103rii noastre comune.<\/p><p>O mie de mul\u021bumiri Petrei Kalter pentru minunata ospitalitate \u0219i buna organizare!<\/p><p>Harald a realizat urm\u0103torul videoclip:<\/p>\t\t\t\t\t\t\t\t<\/div>\n\t\t\t\t<\/div>\n\t\t\t\t<div class=\"elementor-element elementor-element-2a5c41a elementor-widget elementor-widget-video\" data-id=\"2a5c41a\" data-element_type=\"widget\" data-e-type=\"widget\" data-settings=\"{&quot;youtube_url&quot;:&quot;https:\\\/\\\/www.youtube.com\\\/watch?v=yWzeP0L0Yv8&quot;,&quot;video_type&quot;:&quot;youtube&quot;,&quot;controls&quot;:&quot;yes&quot;}\" data-widget_type=\"video.default\">\n\t\t\t\t<div class=\"elementor-widget-container\">\n\t\t\t\t\t\t\t<div class=\"elementor-wrapper elementor-open-inline\">\n\t\t\t<div class=\"elementor-video\"><\/div>\t\t<\/div>\n\t\t\t\t\t\t<\/div>\n\t\t\t\t<\/div>\n\t\t\t\t<div class=\"elementor-element elementor-element-17272f9 elementor-widget elementor-widget-text-editor\" data-id=\"17272f9\" data-element_type=\"widget\" data-e-type=\"widget\" data-widget_type=\"text-editor.default\">\n\t\t\t\t<div class=\"elementor-widget-container\">\n\t\t\t\t\t\t\t\t\t<blockquote><p>f.l.t.r. Harald Reichl, Petra Kaltner, Bernd H\u00fcckst\u00e4dt, Margret Baier<\/p><p>Citez PLASMA TEC:<\/p><p>\"Cum se poate deveni \u00een mare m\u0103sur\u0103 independent de re\u021beaua electric\u0103? Mai ales c\u00e2nd \u00een mass-media apar aproape zilnic avertismente de pene de curent, ne sim\u021bim foarte confortabil atunci c\u00e2nd un sistem de stocare la domiciliu furnizeaz\u0103 energie cl\u0103dirii \u00een caz de urgen\u021b\u0103. \u00cen general, instala\u021bia de cercetare a Institutului PLASMA TEC este \u00eenc\u0103rcat\u0103 gratuit de un sistem fotovoltaic (modulele folosite sunt, de asemenea, foarte potrivite). \u00cen cazul \u00een care iarna este \u00eentuneric \u0219i z\u0103pad\u0103 zile \u00eentregi, unitatea de depozitare poate fi men\u021binut\u0103 cu u\u0219urin\u021b\u0103 la un nivel sigur cu unul sau mai multe \u00eenc\u0103rc\u0103toare. Dac\u0103, \u00een plus, re\u021beaua electric\u0103 ar trebui s\u0103 cedeze, pute\u021bi utiliza, de asemenea, un comutator de surs\u0103 pentru a \u00eenc\u0103rca unitatea de stocare \u00eentr-un timp destul de scurt cu un generator de urgen\u021b\u0103...\"<\/p><\/blockquote><p>Consider\u0103m cooperarea cu Institutul PLASMA TEC ca fiind o pies\u0103 important\u0103 din puzzle-ul \"Marii Cooper\u0103ri\" a oamenilor \u0219i for\u021belor pozitive.<\/p><p>A\u0219tept\u0103m cu ner\u0103bdare multe alte colabor\u0103ri bune.<\/p><p>Cu stim\u0103<\/p><p>Al dumneavoastr\u0103<\/p><p><img decoding=\"async\" class=\"alignnone wp-image-4614 size-medium\" src=\"https:\/\/gradido.net\/wp-content\/uploads\/2022\/06\/MargretBernd_2022-300x74.png\" alt=\"\" width=\"300\" height=\"74\" srcset=\"https:\/\/gradido.net\/wp-content\/uploads\/2022\/06\/MargretBernd_2022-300x74.png 300w, https:\/\/gradido.net\/wp-content\/uploads\/2022\/06\/MargretBernd_2022-18x4.png 18w, https:\/\/gradido.net\/wp-content\/uploads\/2022\/06\/MargretBernd_2022.png 431w\" sizes=\"(max-width: 300px) 100vw, 300px\" \/><\/p><p>Margret Baier \u0219i Bernd H\u00fcckst\u00e4dt<br \/>Fondator \u0219i dezvoltator Gradido<\/p>\t\t\t\t\t\t\t\t<\/div>\n\t\t\t\t<\/div>\n\t\t\t\t<div class=\"elementor-element elementor-element-34f0d98 elementor-widget elementor-widget-text-editor\" data-id=\"34f0d98\" data-element_type=\"widget\" data-e-type=\"widget\" data-widget_type=\"text-editor.default\">\n\t\t\t\t<div class=\"elementor-widget-container\">\n\t\t\t\t\t\t\t\t\t<p><strong>PS:\u00a0<span style=\"color: #ff6600;\"><a style=\"color: #ff6600;\" href=\"https:\/\/gradido.net\/ro\/donations\/\">Av\u00e2nd \u00een vedere importan\u021ba tot mai mare a Gradido, repet\u0103m ac\u021biunea noastr\u0103 de recuno\u0219tin\u021b\u0103 pe 23 iunie:<\/a>\u00a0<\/span><span style=\"color: #0000ff;\"><a style=\"color: #0000ff;\" href=\"https:\/\/gradido.net\/ro\/donations\/\">\u00cen plus fa\u021b\u0103 de multiplele GradidoTransformare pentru contribu\u021bia dvs. de sponsorizare, vom cre\u0219te toate soldurile conturilor GDT cu 23% la 23 iunie 2023. Promoveaz\u0103-te acum \u0219i bucur\u0103-te de suma multipl\u0103 de GDT!<\/a><\/span><\/strong><\/p>\t\t\t\t\t\t\t\t<\/div>\n\t\t\t\t<\/div>\n\t\t\t\t\t<\/div>\n\t\t<\/div>\n\t\t\t\t\t<\/div>\n\t\t<\/section>\n\t\t\t\t<\/div>","protected":false},"excerpt":{"rendered":"<p>\u00cen timpul vizitei la sediul asocia\u021biei noastre din Pustritz, \u00een Carintia\/Austria, am avut parte de un moment minunat de \u00eent\u00e2lnire cu oameni interesan\u021bi care lucreaz\u0103 pentru un viitor bun. Printre altele, ne-am \u00eent\u00e2lnit cu pre\u0219edintele Institutului de Cercetare PLASMA TEC, Harald Reichl, \u0219i am discutat despre etapele viitoare ale cooper\u0103rii noastre comune.<\/p>","protected":false},"author":2,"featured_media":5713,"comment_status":"closed","ping_status":"closed","sticky":false,"template":"","format":"standard","meta":{"footnotes":""},"categories":[11,54],"tags":[],"class_list":["post-5711","post","type-post","status-publish","format-standard","has-post-thumbnail","hentry","category-blog","category-community"],"yoast_head":"<!-- This site is optimized with the Yoast SEO plugin v27.4 - https:\/\/yoast.com\/product\/yoast-seo-wordpress\/ -->\n<title>Great Cooperation: Gradido Akademie International und PLASMA TEC - Gradido<\/title>\n<meta name=\"description\" content=\"Beim Besuch unseres Vereinssitzes in Pustritz in K\u00e4rnten\/\u00d6sterreich erlebten wir eine wunderbare Zeit der Begegnung von interessanten, f\u00fcr eine gute Zukunft wirkenden Menschen. Unter anderem trafen den Pr\u00e4sidenten des PLASMA TEC -Forschungsinstituts, Harald Reichl, und besprachen weitere Schritte unserer gemeinsamen Kooperation.\" \/>\n<meta name=\"robots\" content=\"index, follow, max-snippet:-1, max-image-preview:large, max-video-preview:-1\" \/>\n<link rel=\"canonical\" href=\"https:\/\/gradido.net\/ro\/great-cooperation-gradido-akademie-international-und-plasmatec\/\" \/>\n<meta property=\"og:locale\" content=\"ro_RO\" \/>\n<meta property=\"og:type\" content=\"article\" \/>\n<meta property=\"og:title\" content=\"Great Cooperation: Gradido Akademie International und PLASMA TEC - Gradido\" \/>\n<meta property=\"og:description\" content=\"Beim Besuch unseres Vereinssitzes in Pustritz in K\u00e4rnten\/\u00d6sterreich erlebten wir eine wunderbare Zeit der Begegnung von interessanten, f\u00fcr eine gute Zukunft wirkenden Menschen. Unter anderem trafen den Pr\u00e4sidenten des PLASMA TEC -Forschungsinstituts, Harald Reichl, und besprachen weitere Schritte unserer gemeinsamen Kooperation.\" \/>\n<meta property=\"og:url\" content=\"https:\/\/gradido.net\/ro\/great-cooperation-gradido-akademie-international-und-plasmatec\/\" \/>\n<meta property=\"og:site_name\" content=\"Gradido\" \/>\n<meta property=\"article:published_time\" content=\"2022-10-10T16:52:00+00:00\" \/>\n<meta property=\"article:modified_time\" content=\"2026-04-24T06:13:36+00:00\" \/>\n<meta property=\"og:image\" content=\"https:\/\/gradido.net\/wp-content\/uploads\/2022\/10\/Pustritz_2.jpg\" \/>\n\t<meta property=\"og:image:width\" content=\"1600\" \/>\n\t<meta property=\"og:image:height\" content=\"1000\" \/>\n\t<meta property=\"og:image:type\" content=\"image\/jpeg\" \/>\n<meta name=\"author\" content=\"Bernd H\u00fcckst\u00e4dt\" \/>\n<meta name=\"twitter:card\" content=\"summary_large_image\" \/>\n<meta name=\"twitter:label1\" content=\"Scris de\" \/>\n\t<meta name=\"twitter:data1\" content=\"Bernd H\u00fcckst\u00e4dt\" \/>\n\t<meta name=\"twitter:label2\" content=\"Timp estimat pentru citire\" \/>\n\t<meta name=\"twitter:data2\" content=\"2 minute\" \/>\n<script type=\"application\/ld+json\" class=\"yoast-schema-graph\">{\"@context\":\"https:\\\/\\\/schema.org\",\"@graph\":[{\"@type\":\"Article\",\"@id\":\"https:\\\/\\\/gradido.net\\\/great-cooperation-gradido-akademie-international-und-plasmatec\\\/#article\",\"isPartOf\":{\"@id\":\"https:\\\/\\\/gradido.net\\\/great-cooperation-gradido-akademie-international-und-plasmatec\\\/\"},\"author\":{\"name\":\"Bernd H\u00fcckst\u00e4dt\",\"@id\":\"https:\\\/\\\/gradido.net\\\/de\\\/#\\\/schema\\\/person\\\/9c503a004ad15a1ddecadce2218db5d1\"},\"headline\":\"Great Cooperation: Gradido Akademie International und PLASMA TEC\",\"datePublished\":\"2022-10-10T16:52:00+00:00\",\"dateModified\":\"2026-04-24T06:13:36+00:00\",\"mainEntityOfPage\":{\"@id\":\"https:\\\/\\\/gradido.net\\\/great-cooperation-gradido-akademie-international-und-plasmatec\\\/\"},\"wordCount\":350,\"publisher\":{\"@id\":\"https:\\\/\\\/gradido.net\\\/de\\\/#organization\"},\"image\":{\"@id\":\"https:\\\/\\\/gradido.net\\\/great-cooperation-gradido-akademie-international-und-plasmatec\\\/#primaryimage\"},\"thumbnailUrl\":\"https:\\\/\\\/gradido.net\\\/wp-content\\\/uploads\\\/2022\\\/10\\\/Pustritz_2.jpg\",\"articleSection\":[\"Blog\",\"Community\"],\"inLanguage\":\"ro-RO\"},{\"@type\":\"WebPage\",\"@id\":\"https:\\\/\\\/gradido.net\\\/great-cooperation-gradido-akademie-international-und-plasmatec\\\/\",\"url\":\"https:\\\/\\\/gradido.net\\\/great-cooperation-gradido-akademie-international-und-plasmatec\\\/\",\"name\":\"Great Cooperation: Gradido Akademie International und PLASMA TEC - Gradido\",\"isPartOf\":{\"@id\":\"https:\\\/\\\/gradido.net\\\/de\\\/#website\"},\"primaryImageOfPage\":{\"@id\":\"https:\\\/\\\/gradido.net\\\/great-cooperation-gradido-akademie-international-und-plasmatec\\\/#primaryimage\"},\"image\":{\"@id\":\"https:\\\/\\\/gradido.net\\\/great-cooperation-gradido-akademie-international-und-plasmatec\\\/#primaryimage\"},\"thumbnailUrl\":\"https:\\\/\\\/gradido.net\\\/wp-content\\\/uploads\\\/2022\\\/10\\\/Pustritz_2.jpg\",\"datePublished\":\"2022-10-10T16:52:00+00:00\",\"dateModified\":\"2026-04-24T06:13:36+00:00\",\"description\":\"Beim Besuch unseres Vereinssitzes in Pustritz in K\u00e4rnten\\\/\u00d6sterreich erlebten wir eine wunderbare Zeit der Begegnung von interessanten, f\u00fcr eine gute Zukunft wirkenden Menschen. Unter anderem trafen den Pr\u00e4sidenten des PLASMA TEC -Forschungsinstituts, Harald Reichl, und besprachen weitere Schritte unserer gemeinsamen Kooperation.\",\"breadcrumb\":{\"@id\":\"https:\\\/\\\/gradido.net\\\/great-cooperation-gradido-akademie-international-und-plasmatec\\\/#breadcrumb\"},\"inLanguage\":\"ro-RO\",\"potentialAction\":[{\"@type\":\"ReadAction\",\"target\":[\"https:\\\/\\\/gradido.net\\\/great-cooperation-gradido-akademie-international-und-plasmatec\\\/\"]}]},{\"@type\":\"ImageObject\",\"inLanguage\":\"ro-RO\",\"@id\":\"https:\\\/\\\/gradido.net\\\/great-cooperation-gradido-akademie-international-und-plasmatec\\\/#primaryimage\",\"url\":\"https:\\\/\\\/gradido.net\\\/wp-content\\\/uploads\\\/2022\\\/10\\\/Pustritz_2.jpg\",\"contentUrl\":\"https:\\\/\\\/gradido.net\\\/wp-content\\\/uploads\\\/2022\\\/10\\\/Pustritz_2.jpg\",\"width\":1600,\"height\":1000},{\"@type\":\"BreadcrumbList\",\"@id\":\"https:\\\/\\\/gradido.net\\\/great-cooperation-gradido-akademie-international-und-plasmatec\\\/#breadcrumb\",\"itemListElement\":[{\"@type\":\"ListItem\",\"position\":1,\"name\":\"Startseite\",\"item\":\"https:\\\/\\\/gradido.net\\\/\"},{\"@type\":\"ListItem\",\"position\":2,\"name\":\"Great Cooperation: Gradido Akademie International und PLASMA TEC\"}]},{\"@type\":\"WebSite\",\"@id\":\"https:\\\/\\\/gradido.net\\\/de\\\/#website\",\"url\":\"https:\\\/\\\/gradido.net\\\/de\\\/\",\"name\":\"Gradido\",\"description\":\"Die neue W\u00e4hrung hei\u00dft Dankbarkeit\",\"publisher\":{\"@id\":\"https:\\\/\\\/gradido.net\\\/de\\\/#organization\"},\"potentialAction\":[{\"@type\":\"SearchAction\",\"target\":{\"@type\":\"EntryPoint\",\"urlTemplate\":\"https:\\\/\\\/gradido.net\\\/de\\\/?s={search_term_string}\"},\"query-input\":{\"@type\":\"PropertyValueSpecification\",\"valueRequired\":true,\"valueName\":\"search_term_string\"}}],\"inLanguage\":\"ro-RO\"},{\"@type\":\"Organization\",\"@id\":\"https:\\\/\\\/gradido.net\\\/de\\\/#organization\",\"name\":\"Gradido\",\"url\":\"https:\\\/\\\/gradido.net\\\/de\\\/\",\"logo\":{\"@type\":\"ImageObject\",\"inLanguage\":\"ro-RO\",\"@id\":\"https:\\\/\\\/gradido.net\\\/de\\\/#\\\/schema\\\/logo\\\/image\\\/\",\"url\":\"https:\\\/\\\/gradido.net\\\/wp-content\\\/uploads\\\/2022\\\/04\\\/gradido-social.jpg\",\"contentUrl\":\"https:\\\/\\\/gradido.net\\\/wp-content\\\/uploads\\\/2022\\\/04\\\/gradido-social.jpg\",\"width\":527,\"height\":273,\"caption\":\"Gradido\"},\"image\":{\"@id\":\"https:\\\/\\\/gradido.net\\\/de\\\/#\\\/schema\\\/logo\\\/image\\\/\"}},{\"@type\":\"Person\",\"@id\":\"https:\\\/\\\/gradido.net\\\/de\\\/#\\\/schema\\\/person\\\/9c503a004ad15a1ddecadce2218db5d1\",\"name\":\"Bernd H\u00fcckst\u00e4dt\",\"sameAs\":[\"https:\\\/\\\/gradido.net\"],\"url\":\"https:\\\/\\\/gradido.net\\\/ro\\\/author\\\/bernd\\\/\"}]}<\/script>\n<!-- \/ Yoast SEO plugin. -->","yoast_head_json":{"title":"Mare cooperare: Gradido Academy International \u0219i PLASMA TEC - Gradido","description":"\u00cen timpul vizitei la sediul asocia\u021biei noastre din Pustritz, \u00een Carintia\/Austria, am avut parte de un moment minunat de \u00eent\u00e2lnire cu oameni interesan\u021bi care lucreaz\u0103 pentru un viitor bun. Printre altele, ne-am \u00eent\u00e2lnit cu pre\u0219edintele Institutului de Cercetare PLASMA TEC, Harald Reichl, \u0219i am discutat despre etapele viitoare ale cooper\u0103rii noastre comune.","robots":{"index":"index","follow":"follow","max-snippet":"max-snippet:-1","max-image-preview":"max-image-preview:large","max-video-preview":"max-video-preview:-1"},"canonical":"https:\/\/gradido.net\/ro\/great-cooperation-gradido-akademie-international-und-plasmatec\/","og_locale":"ro_RO","og_type":"article","og_title":"Great Cooperation: Gradido Akademie International und PLASMA TEC - Gradido","og_description":"Beim Besuch unseres Vereinssitzes in Pustritz in K\u00e4rnten\/\u00d6sterreich erlebten wir eine wunderbare Zeit der Begegnung von interessanten, f\u00fcr eine gute Zukunft wirkenden Menschen. Unter anderem trafen den Pr\u00e4sidenten des PLASMA TEC -Forschungsinstituts, Harald Reichl, und besprachen weitere Schritte unserer gemeinsamen Kooperation.","og_url":"https:\/\/gradido.net\/ro\/great-cooperation-gradido-akademie-international-und-plasmatec\/","og_site_name":"Gradido","article_published_time":"2022-10-10T16:52:00+00:00","article_modified_time":"2026-04-24T06:13:36+00:00","og_image":[{"width":1600,"height":1000,"url":"https:\/\/gradido.net\/wp-content\/uploads\/2022\/10\/Pustritz_2.jpg","type":"image\/jpeg"}],"author":"Bernd H\u00fcckst\u00e4dt","twitter_card":"summary_large_image","twitter_misc":{"Scris de":"Bernd H\u00fcckst\u00e4dt","Timp estimat pentru citire":"2 minute"},"schema":{"@context":"https:\/\/schema.org","@graph":[{"@type":"Article","@id":"https:\/\/gradido.net\/great-cooperation-gradido-akademie-international-und-plasmatec\/#article","isPartOf":{"@id":"https:\/\/gradido.net\/great-cooperation-gradido-akademie-international-und-plasmatec\/"},"author":{"name":"Bernd H\u00fcckst\u00e4dt","@id":"https:\/\/gradido.net\/de\/#\/schema\/person\/9c503a004ad15a1ddecadce2218db5d1"},"headline":"Great Cooperation: Gradido Akademie International und PLASMA TEC","datePublished":"2022-10-10T16:52:00+00:00","dateModified":"2026-04-24T06:13:36+00:00","mainEntityOfPage":{"@id":"https:\/\/gradido.net\/great-cooperation-gradido-akademie-international-und-plasmatec\/"},"wordCount":350,"publisher":{"@id":"https:\/\/gradido.net\/de\/#organization"},"image":{"@id":"https:\/\/gradido.net\/great-cooperation-gradido-akademie-international-und-plasmatec\/#primaryimage"},"thumbnailUrl":"https:\/\/gradido.net\/wp-content\/uploads\/2022\/10\/Pustritz_2.jpg","articleSection":["Blog","Community"],"inLanguage":"ro-RO"},{"@type":"WebPage","@id":"https:\/\/gradido.net\/great-cooperation-gradido-akademie-international-und-plasmatec\/","url":"https:\/\/gradido.net\/great-cooperation-gradido-akademie-international-und-plasmatec\/","name":"Mare cooperare: Gradido Academy International \u0219i PLASMA TEC - Gradido","isPartOf":{"@id":"https:\/\/gradido.net\/de\/#website"},"primaryImageOfPage":{"@id":"https:\/\/gradido.net\/great-cooperation-gradido-akademie-international-und-plasmatec\/#primaryimage"},"image":{"@id":"https:\/\/gradido.net\/great-cooperation-gradido-akademie-international-und-plasmatec\/#primaryimage"},"thumbnailUrl":"https:\/\/gradido.net\/wp-content\/uploads\/2022\/10\/Pustritz_2.jpg","datePublished":"2022-10-10T16:52:00+00:00","dateModified":"2026-04-24T06:13:36+00:00","description":"\u00cen timpul vizitei la sediul asocia\u021biei noastre din Pustritz, \u00een Carintia\/Austria, am avut parte de un moment minunat de \u00eent\u00e2lnire cu oameni interesan\u021bi care lucreaz\u0103 pentru un viitor bun. Printre altele, ne-am \u00eent\u00e2lnit cu pre\u0219edintele Institutului de Cercetare PLASMA TEC, Harald Reichl, \u0219i am discutat despre etapele viitoare ale cooper\u0103rii noastre comune.","breadcrumb":{"@id":"https:\/\/gradido.net\/great-cooperation-gradido-akademie-international-und-plasmatec\/#breadcrumb"},"inLanguage":"ro-RO","potentialAction":[{"@type":"ReadAction","target":["https:\/\/gradido.net\/great-cooperation-gradido-akademie-international-und-plasmatec\/"]}]},{"@type":"ImageObject","inLanguage":"ro-RO","@id":"https:\/\/gradido.net\/great-cooperation-gradido-akademie-international-und-plasmatec\/#primaryimage","url":"https:\/\/gradido.net\/wp-content\/uploads\/2022\/10\/Pustritz_2.jpg","contentUrl":"https:\/\/gradido.net\/wp-content\/uploads\/2022\/10\/Pustritz_2.jpg","width":1600,"height":1000},{"@type":"BreadcrumbList","@id":"https:\/\/gradido.net\/great-cooperation-gradido-akademie-international-und-plasmatec\/#breadcrumb","itemListElement":[{"@type":"ListItem","position":1,"name":"Startseite","item":"https:\/\/gradido.net\/"},{"@type":"ListItem","position":2,"name":"Great Cooperation: Gradido Akademie International und PLASMA TEC"}]},{"@type":"WebSite","@id":"https:\/\/gradido.net\/de\/#website","url":"https:\/\/gradido.net\/de\/","name":"Gradido","description":"Noua moned\u0103 este recuno\u0219tin\u021ba","publisher":{"@id":"https:\/\/gradido.net\/de\/#organization"},"potentialAction":[{"@type":"SearchAction","target":{"@type":"EntryPoint","urlTemplate":"https:\/\/gradido.net\/de\/?s={search_term_string}"},"query-input":{"@type":"PropertyValueSpecification","valueRequired":true,"valueName":"search_term_string"}}],"inLanguage":"ro-RO"},{"@type":"Organization","@id":"https:\/\/gradido.net\/de\/#organization","name":"Gradido","url":"https:\/\/gradido.net\/de\/","logo":{"@type":"ImageObject","inLanguage":"ro-RO","@id":"https:\/\/gradido.net\/de\/#\/schema\/logo\/image\/","url":"https:\/\/gradido.net\/wp-content\/uploads\/2022\/04\/gradido-social.jpg","contentUrl":"https:\/\/gradido.net\/wp-content\/uploads\/2022\/04\/gradido-social.jpg","width":527,"height":273,"caption":"Gradido"},"image":{"@id":"https:\/\/gradido.net\/de\/#\/schema\/logo\/image\/"}},{"@type":"Person","@id":"https:\/\/gradido.net\/de\/#\/schema\/person\/9c503a004ad15a1ddecadce2218db5d1","name":"Bernd H\u00fcckst\u00e4dt","sameAs":["https:\/\/gradido.net"],"url":"https:\/\/gradido.net\/ro\/author\/bernd\/"}]}},"_links":{"self":[{"href":"https:\/\/gradido.net\/ro\/wp-json\/wp\/v2\/posts\/5711","targetHints":{"allow":["GET"]}}],"collection":[{"href":"https:\/\/gradido.net\/ro\/wp-json\/wp\/v2\/posts"}],"about":[{"href":"https:\/\/gradido.net\/ro\/wp-json\/wp\/v2\/types\/post"}],"author":[{"embeddable":true,"href":"https:\/\/gradido.net\/ro\/wp-json\/wp\/v2\/users\/2"}],"replies":[{"embeddable":true,"href":"https:\/\/gradido.net\/ro\/wp-json\/wp\/v2\/comments?post=5711"}],"version-history":[{"count":50,"href":"https:\/\/gradido.net\/ro\/wp-json\/wp\/v2\/posts\/5711\/revisions"}],"predecessor-version":[{"id":6609,"href":"https:\/\/gradido.net\/ro\/wp-json\/wp\/v2\/posts\/5711\/revisions\/6609"}],"wp:featuredmedia":[{"embeddable":true,"href":"https:\/\/gradido.net\/ro\/wp-json\/wp\/v2\/media\/5713"}],"wp:attachment":[{"href":"https:\/\/gradido.net\/ro\/wp-json\/wp\/v2\/media?parent=5711"}],"wp:term":[{"taxonomy":"category","embeddable":true,"href":"https:\/\/gradido.net\/ro\/wp-json\/wp\/v2\/categories?post=5711"},{"taxonomy":"post_tag","embeddable":true,"href":"https:\/\/gradido.net\/ro\/wp-json\/wp\/v2\/tags?post=5711"}],"curies":[{"name":"wp","href":"https:\/\/api.w.org\/{rel}","templated":true}]}}