{"id":616,"date":"2020-05-26T15:29:00","date_gmt":"2020-05-26T13:29:00","guid":{"rendered":"http:\/\/neu.gradido.net\/?p=616"},"modified":"2021-12-10T13:08:25","modified_gmt":"2021-12-10T12:08:25","slug":"corona-krise-zeit-fuer-die-natuerliche-oekonomie-des-lebens","status":"publish","type":"post","link":"https:\/\/gradido.net\/ro\/corona-krise-zeit-fuer-die-natuerliche-oekonomie-des-lebens\/","title":{"rendered":"Criza Corona: Este timpul pentru economia natural\u0103 a vie\u021bii"},"content":{"rendered":"<div data-elementor-type=\"wp-post\" data-elementor-id=\"616\" class=\"elementor elementor-616\" data-elementor-post-type=\"post\">\n\t\t\t\t\t\t<section class=\"elementor-section elementor-top-section elementor-element elementor-element-f9a81c7 elementor-section-boxed elementor-section-height-default elementor-section-height-default\" data-id=\"f9a81c7\" data-element_type=\"section\" data-e-type=\"section\">\n\t\t\t\t\t\t<div class=\"elementor-container elementor-column-gap-default\">\n\t\t\t\t\t<div class=\"elementor-column elementor-col-100 elementor-top-column elementor-element elementor-element-31d55dd\" data-id=\"31d55dd\" data-element_type=\"column\" data-e-type=\"column\">\n\t\t\t<div class=\"elementor-widget-wrap elementor-element-populated\">\n\t\t\t\t\t\t<div class=\"elementor-element elementor-element-6cca0d4 elementor-widget elementor-widget-text-editor\" data-id=\"6cca0d4\" data-element_type=\"widget\" data-e-type=\"widget\" data-widget_type=\"text-editor.default\">\n\t\t\t\t<div class=\"elementor-widget-container\">\n\t\t\t\t\t\t\t\t\t<h2>Bionica economic\u0103 sus\u021bine moneda global\u0103 a binelui comun<\/h2>\n<p><strong>K\u00fcnzelsau, 26 mai 2020 - Criza Corona a schimbat fundamental lumea noastr\u0103 \u00eentr-un timp foarte scurt. \u00cen ciuda programelor de ajutor \u00een valoare de miliarde de euro, economia este \u00een c\u0103dere liber\u0103. Sistemul financiar global amenin\u021b\u0103 s\u0103 se pr\u0103bu\u0219easc\u0103, urmat de insolven\u021be \u00een mas\u0103, \u0219omaj record \u0219i s\u0103r\u0103cie abject\u0103. Doar cu un nou sistem monetar durabil, \u00een care stimulentele economice, ecologice \u0219i sociale s\u0103 fie orientate \u00een aceea\u0219i direc\u021bie, omenirea poate dep\u0103\u0219i aceste provoc\u0103ri. Academia Gradido pentru Bionic\u0103 Economic\u0103 a dezvoltat un astfel de sistem. Noua moned\u0103 de bun comun \"Gradido\" are poten\u021bialul de a crea prosperitate \u0219i pace \u00een \u00eentreaga lume.<\/strong><\/p>\n<p><strong><!-- \/wp:paragraph --><!-- wp:paragraph --><\/strong><\/p>\n<p><strong>De 20 de ani, Academia Gradido dezvolt\u0103 moneda bunului comun, care are ca model natura. \u00cen ciclul constant de devenire \u0219i dispari\u021bie, totul \u00een natur\u0103 se desf\u0103\u0219oar\u0103 \u00een cicluri. Aceasta este singura modalitate de a asigura o re\u00eennoire constant\u0103 a planetei noastre. \u00cen conformitate cu acest \"ciclu al vie\u021bii\", func\u021bioneaz\u0103 \u0219i sistemul de echilibru \"Gradido\", care ar putea oferi \u00eentregii omeniri nu doar un mod de via\u021b\u0103 stabil, ci chiar o via\u021b\u0103 de prosperitate \u0219i coexisten\u021b\u0103 pa\u0219nic\u0103.<\/strong><\/p>\n<p><!-- \/wp:paragraph --><!-- wp:paragraph --><\/p>\n<p><strong>Pandemia economic\u0103 era inevitabil\u0103<\/strong><br>Virusul nu este cauza, ci doar declan\u0219atorul \"pandemiei economice\" mondiale, explic\u0103 exper\u021bii \u00een bionic\u0103 economic\u0103 Margret Baier \u0219i Bernd H\u00fcckst\u00e4dt: \"La fel cum piatra nu face dec\u00e2t s\u0103 declan\u0219eze avalan\u0219a \u0219i aceasta se pr\u0103bu\u0219e\u0219te \u00een vale pentru c\u0103 terenul nu era suficient de stabil, virusul Corona a putut declan\u0219a actuala criz\u0103 din sistemul economic \u0219i financiar mondial doar pentru c\u0103 actualul sistem financiar mondial este extrem de instabil\", explic\u0103 H\u00fcckst\u00e4dt. Fondatorii Academiei Gradido se \u00eentreab\u0103 ce poate \u00eenv\u0103\u021ba economia de la natur\u0103. La fel cum orice inginer aeronautic trebuie s\u0103 studieze zborul p\u0103s\u0103rilor, bionicul economic cerceteaz\u0103 ce procese naturale ar putea fi modele pentru procesele economice de succes. Conform concluziilor Academiei Gradido, obiectivul declarat al economiei sociale de pia\u021b\u0103, acela de a crea prosperitate pentru to\u021bi, nu poate fi atins \u00een niciun caz cu actualul sistem financiar. \u00cen schimb, este inerent \u00een acest sistem faptul c\u0103 creditul unora este datoria altora. Consecin\u021ba fatal\u0103: sistemul economic predominant stabile\u0219te stimulente dezastruoase pentru exploatarea oamenilor \u0219i a naturii. Consecin\u021bele inevitabile sunt s\u0103r\u0103cia mondial\u0103, r\u0103zboaiele \u0219i distrugerea catastrofal\u0103 a mediului. Viitorul umanit\u0103\u021bii \u0219i al planetei noastre este astfel amenin\u021bat din punct de vedere existen\u021bial.<\/p>\n<p><!-- \/wp:paragraph --><!-- wp:paragraph --><\/p>\n<p><strong>Ora de bionic\u0103 economic\u0103<\/strong><br>Inventatorii \"monedei Gradido\" v\u0103d acum \u0219ansa de a rupe definitiv acest cerc vicios nefavorabil. Blocajul Corona la nivel mondial creeaz\u0103 nu numai nevoia de reg\u00e2ndire, ci \u0219i o con\u0219tientizare clar\u0103 a fragilit\u0103\u021bii sistemului economic existent. De asemenea, deschide o nou\u0103 sensibilitate pentru modelele de succes ale naturii, care \u0219i-au dovedit deja eficien\u021ba timp de patru miliarde \u0219i jum\u0103tate de ani. Prin urmare, societatea prive\u0219te cu tot mai mult\u0103 \u00eencredere la \u0219tiin\u021ba \u00eenc\u0103 t\u00e2n\u0103r\u0103 a bionicii economice \u0219i la r\u0103spunsurile sale la \u00eentreb\u0103rile existen\u021biale ale timpului nostru.<\/p>\n<p><!-- \/wp:paragraph --><!-- wp:paragraph --><\/p>\n<p><strong>Academia Gradido<\/strong><br>Numele \"Gradido\" este compus din termenii englezi pentru recuno\u0219tin\u021b\u0103, demnitate \u0219i dona\u021bie. Ea reune\u0219te astfel cele trei valori esen\u021biale ale noii culturi economice, care const\u0103 \u00een a permite \u0219i a asigura o activitate economic\u0103 s\u0103n\u0103toas\u0103 \u00een beneficiul tuturor. Principiul etic de baz\u0103 al \"Gradido\" se bazeaz\u0103 pe armonizarea bun\u0103st\u0103rii individului cu cea a comunit\u0103\u021bii \u0219i a \u00eentregului - \u00een sensul de natur\u0103 \u0219i mediu. \"Ciclul vie\u021bii\" este re\u021beta de baz\u0103 a naturii pentru succes. Natura respect\u0103 regula conform c\u0103reia numai acolo unde ceva dispare poate ap\u0103rea ceva nou \u0219i, astfel, este posibil\u0103 \u00eembun\u0103t\u0103\u021birea pe termen lung (evolu\u021bia). Dac\u0103 economia noastr\u0103 ar urma acest ciclu natural, exper\u021bii \u00een bionic\u0103 economic\u0103 sunt de p\u0103rere c\u0103 practic toate problemele legate de bani din lume ar putea fi rezolvate. Cu toate acestea, actualul sistem economic mondial are exact efectul opus. Se str\u0103duie\u0219te s\u0103 ob\u021bin\u0103 o cre\u0219tere economic\u0103 exponen\u021bial\u0103, care, din cauza \u00eens\u0103\u0219i naturii sistemului, trebuie s\u0103 duc\u0103 \u00eentotdeauna la pr\u0103bu\u0219iri.<\/p>\n<p><!-- \/wp:paragraph --><!-- wp:paragraph --><\/p>\n<p><strong>Moneda Gradido<\/strong><br>\u00cen modelul Academiei Gradido, ciclul de devenire \u0219i de dispari\u021bie este integrat prin crearea regulat\u0103 de bani \u0219i prin tranzitivitatea planificat\u0103 a banilor. Banii sunt crea\u021bi pe baza dezvolt\u0103rii popula\u021biei. Acest lucru elimin\u0103 multiplicarea nelimitat\u0103 a banilor contabili \u0219i plaseaz\u0103 dezvoltarea masei monetare pe o baz\u0103 natural\u0103. \u00cen modelul Academiei Gradido, banii sunt distribui\u021bi conform unui principiu cu trei piloni: un total de 3.000 de \"gradido\", care este numele monedei, este evaluat pentru fiecare cet\u0103\u021bean al lumii. O treime revine fiec\u0103rui cet\u0103\u021bean sub forma unui venit de baz\u0103 activ, a doua treime este acordat\u0103 statului pentru serviciile pe care le ofer\u0103 comunit\u0103\u021bii, iar a treia parte este destinat\u0103 fondului de compensare \u0219i de mediu pentru a permite cur\u0103\u021barea mo\u0219tenirilor economice \u0219i ecologice. Motivul pentru care banii sunt \u00eemp\u0103r\u021bi\u021bi exact \u00een acest mod este \u00eenr\u0103d\u0103cinat \u00een etica \"Binelui triplu\". Individul face parte din comunitate, din stat, iar acesta, la r\u00e2ndul s\u0103u, face parte din \"imaginea de ansamblu\", din ecosistem. Dac\u0103 unul dintre aceste trei aspecte este neglijat, \u00eentregul sistem este dezechilibrat. \u00cen fiecare an, 50% din banii crea\u021bi expir\u0103. Acest ciclu planificat de devenire \u0219i descompunere men\u021bine masa monetar\u0103 stabil\u0103 \u0219i sistemul \u00een echilibru.<strong>.<\/strong>&nbsp;Introducerea monedei Gradido poate avea loc at\u00e2t la nivel mondial, c\u00e2t \u0219i \u00een \u021b\u0103ri individuale, poate fi conceput\u0103 \u00een etape, \u00een paralel cu sistemul existent, astfel \u00eenc\u00e2t toate elementele s\u0103 poat\u0103 fi testate f\u0103r\u0103 riscuri \u0219i optimizate, dac\u0103 este necesar.<\/p>\n<p><!-- \/wp:paragraph --><!-- wp:paragraph --><\/p>\n<p><strong>Pasiune \u0219i responsabilitate<\/strong><br>\"\u00cen condi\u021biile \u00een care Fondul Monetar Interna\u021bional (FMI) prognozeaz\u0103 cea mai grav\u0103 criz\u0103 economic\u0103 din ultimii 90 de ani, este esen\u021bial s\u0103 g\u0103sim noi solu\u021bii. Gradido a sosit la momentul potrivit \u0219i consider\u0103m c\u0103 este responsabilitatea noastr\u0103 s\u0103 aducem acest model \u00een discu\u021bia politic\u0103\", subliniaz\u0103 Bernd H\u00fcckst\u00e4dt. Margret Baier adaug\u0103: \"Am g\u0103sit o solu\u021bie orientat\u0103 spre principiile naturii, care va asigura un viitor demn de a fi tr\u0103it pentru genera\u021biile prezente \u0219i viitoare. \u00cen acest fel, putem reu\u0219i s\u0103 transform\u0103m \u00een realitate unul dintre cele mai mari vise ale umanit\u0103\u021bii \u0219i s\u0103 aducem pace \u0219i prosperitate de durat\u0103 pentru to\u021bi oamenii de pe p\u0103m\u00e2nt, \u00een armonie cu natura.\" Pentru mai multe informa\u021bii, a se vedea&nbsp;<a href=\"https:\/\/gradido.net\/ro\/\" target=\"_blank\" rel=\"noreferrer noopener\" data-type=\"URL\" data-id=\"https:\/\/gradido.net\/\">www.gradido.net<\/a><\/p>\n<p><!-- \/wp:paragraph --><\/p>\t\t\t\t\t\t\t\t<\/div>\n\t\t\t\t<\/div>\n\t\t\t\t\t<\/div>\n\t\t<\/div>\n\t\t\t\t\t<\/div>\n\t\t<\/section>\n\t\t\t\t<\/div>","protected":false},"excerpt":{"rendered":"<p>Wirtschaftsbioniker setzen auf weltweite Gemeinwohlw\u00e4hrung K\u00fcnzelsau, 26. Mai 2020 \u2013 Die Corona-Krise hat unsere Welt binnen k\u00fcrzester Zeit grundlegend ver\u00e4ndert. Trotz billionenschwerer Hilfsprogramme befindet sich die Wirtschaft im freien Fall. Das weltweite Finanzsystem droht zu scheitern, gefolgt von Masseninsolvenzen, Rekordarbeitslosigkeit und bitterer Armut. Nur mit einem zukunftsf\u00e4higen neuen Geldsystem, bei dem die \u00f6konomischen, \u00f6kologischen und [&hellip;]<\/p>\n","protected":false},"author":1,"featured_media":858,"comment_status":"closed","ping_status":"closed","sticky":false,"template":"","format":"standard","meta":{"footnotes":""},"categories":[8],"tags":[15],"class_list":["post-616","post","type-post","status-publish","format-standard","has-post-thumbnail","hentry","category-pressemitteilung","tag-wirtschaftsbionik"],"yoast_head":"<!-- This site is optimized with the Yoast SEO plugin v27.5 - https:\/\/yoast.com\/product\/yoast-seo-wordpress\/ -->\n<title>Corona-Krise: Zeit f\u00fcr die \u201eNat\u00fcrliche \u00d6konomie des Lebens\u201c - Gradido<\/title>\n<meta name=\"robots\" content=\"index, follow, max-snippet:-1, max-image-preview:large, max-video-preview:-1\" \/>\n<link rel=\"canonical\" href=\"https:\/\/gradido.net\/ro\/corona-krise-zeit-fuer-die-natuerliche-oekonomie-des-lebens\/\" \/>\n<meta property=\"og:locale\" content=\"ro_RO\" \/>\n<meta property=\"og:type\" content=\"article\" \/>\n<meta property=\"og:title\" content=\"Corona-Krise: Zeit f\u00fcr die \u201eNat\u00fcrliche \u00d6konomie des Lebens\u201c - Gradido\" \/>\n<meta property=\"og:description\" content=\"Wirtschaftsbioniker setzen auf weltweite Gemeinwohlw\u00e4hrung K\u00fcnzelsau, 26. Mai 2020 \u2013 Die Corona-Krise hat unsere Welt binnen k\u00fcrzester Zeit grundlegend ver\u00e4ndert. Trotz billionenschwerer Hilfsprogramme befindet sich die Wirtschaft im freien Fall. Das weltweite Finanzsystem droht zu scheitern, gefolgt von Masseninsolvenzen, Rekordarbeitslosigkeit und bitterer Armut. Nur mit einem zukunftsf\u00e4higen neuen Geldsystem, bei dem die \u00f6konomischen, \u00f6kologischen und [&hellip;]\" \/>\n<meta property=\"og:url\" content=\"https:\/\/gradido.net\/ro\/corona-krise-zeit-fuer-die-natuerliche-oekonomie-des-lebens\/\" \/>\n<meta property=\"og:site_name\" content=\"Gradido\" \/>\n<meta property=\"article:published_time\" content=\"2020-05-26T13:29:00+00:00\" \/>\n<meta property=\"article:modified_time\" content=\"2021-12-10T12:08:25+00:00\" \/>\n<meta property=\"og:image\" content=\"https:\/\/gradido.net\/wp-content\/uploads\/2020\/05\/gemeinwohlwaehrung.jpg\" \/>\n\t<meta property=\"og:image:width\" content=\"1000\" \/>\n\t<meta property=\"og:image:height\" content=\"684\" \/>\n\t<meta property=\"og:image:type\" content=\"image\/jpeg\" \/>\n<meta name=\"author\" content=\"GR4dmin\" \/>\n<meta name=\"twitter:card\" content=\"summary_large_image\" \/>\n<meta name=\"twitter:label1\" content=\"Scris de\" \/>\n\t<meta name=\"twitter:data1\" content=\"GR4dmin\" \/>\n\t<meta name=\"twitter:label2\" content=\"Timp estimat pentru citire\" \/>\n\t<meta name=\"twitter:data2\" content=\"5 minute\" \/>\n<script type=\"application\/ld+json\" class=\"yoast-schema-graph\">{\"@context\":\"https:\\\/\\\/schema.org\",\"@graph\":[{\"@type\":\"Article\",\"@id\":\"https:\\\/\\\/gradido.net\\\/et\\\/corona-krise-zeit-fuer-die-natuerliche-oekonomie-des-lebens\\\/#article\",\"isPartOf\":{\"@id\":\"https:\\\/\\\/gradido.net\\\/et\\\/corona-krise-zeit-fuer-die-natuerliche-oekonomie-des-lebens\\\/\"},\"author\":{\"name\":\"GR4dmin\",\"@id\":\"https:\\\/\\\/gradido.net\\\/de\\\/#\\\/schema\\\/person\\\/9f913f37a47e7a82ad686b58fc907588\"},\"headline\":\"Corona-Krise: Zeit f\u00fcr die \u201eNat\u00fcrliche \u00d6konomie des Lebens\u201c\",\"datePublished\":\"2020-05-26T13:29:00+00:00\",\"dateModified\":\"2021-12-10T12:08:25+00:00\",\"mainEntityOfPage\":{\"@id\":\"https:\\\/\\\/gradido.net\\\/et\\\/corona-krise-zeit-fuer-die-natuerliche-oekonomie-des-lebens\\\/\"},\"wordCount\":983,\"publisher\":{\"@id\":\"https:\\\/\\\/gradido.net\\\/de\\\/#organization\"},\"image\":{\"@id\":\"https:\\\/\\\/gradido.net\\\/et\\\/corona-krise-zeit-fuer-die-natuerliche-oekonomie-des-lebens\\\/#primaryimage\"},\"thumbnailUrl\":\"https:\\\/\\\/gradido.net\\\/wp-content\\\/uploads\\\/2020\\\/05\\\/gemeinwohlwaehrung.jpg\",\"keywords\":[\"Wirtschaftsbionik\"],\"articleSection\":[\"Pressemitteilung\"],\"inLanguage\":\"ro-RO\"},{\"@type\":\"WebPage\",\"@id\":\"https:\\\/\\\/gradido.net\\\/et\\\/corona-krise-zeit-fuer-die-natuerliche-oekonomie-des-lebens\\\/\",\"url\":\"https:\\\/\\\/gradido.net\\\/et\\\/corona-krise-zeit-fuer-die-natuerliche-oekonomie-des-lebens\\\/\",\"name\":\"Corona-Krise: Zeit f\u00fcr die \u201eNat\u00fcrliche \u00d6konomie des Lebens\u201c - Gradido\",\"isPartOf\":{\"@id\":\"https:\\\/\\\/gradido.net\\\/de\\\/#website\"},\"primaryImageOfPage\":{\"@id\":\"https:\\\/\\\/gradido.net\\\/et\\\/corona-krise-zeit-fuer-die-natuerliche-oekonomie-des-lebens\\\/#primaryimage\"},\"image\":{\"@id\":\"https:\\\/\\\/gradido.net\\\/et\\\/corona-krise-zeit-fuer-die-natuerliche-oekonomie-des-lebens\\\/#primaryimage\"},\"thumbnailUrl\":\"https:\\\/\\\/gradido.net\\\/wp-content\\\/uploads\\\/2020\\\/05\\\/gemeinwohlwaehrung.jpg\",\"datePublished\":\"2020-05-26T13:29:00+00:00\",\"dateModified\":\"2021-12-10T12:08:25+00:00\",\"breadcrumb\":{\"@id\":\"https:\\\/\\\/gradido.net\\\/et\\\/corona-krise-zeit-fuer-die-natuerliche-oekonomie-des-lebens\\\/#breadcrumb\"},\"inLanguage\":\"ro-RO\",\"potentialAction\":[{\"@type\":\"ReadAction\",\"target\":[\"https:\\\/\\\/gradido.net\\\/et\\\/corona-krise-zeit-fuer-die-natuerliche-oekonomie-des-lebens\\\/\"]}]},{\"@type\":\"ImageObject\",\"inLanguage\":\"ro-RO\",\"@id\":\"https:\\\/\\\/gradido.net\\\/et\\\/corona-krise-zeit-fuer-die-natuerliche-oekonomie-des-lebens\\\/#primaryimage\",\"url\":\"https:\\\/\\\/gradido.net\\\/wp-content\\\/uploads\\\/2020\\\/05\\\/gemeinwohlwaehrung.jpg\",\"contentUrl\":\"https:\\\/\\\/gradido.net\\\/wp-content\\\/uploads\\\/2020\\\/05\\\/gemeinwohlwaehrung.jpg\",\"width\":1000,\"height\":684},{\"@type\":\"BreadcrumbList\",\"@id\":\"https:\\\/\\\/gradido.net\\\/et\\\/corona-krise-zeit-fuer-die-natuerliche-oekonomie-des-lebens\\\/#breadcrumb\",\"itemListElement\":[{\"@type\":\"ListItem\",\"position\":1,\"name\":\"Startseite\",\"item\":\"https:\\\/\\\/gradido.net\\\/\"},{\"@type\":\"ListItem\",\"position\":2,\"name\":\"Corona-Krise: Zeit f\u00fcr die \u201eNat\u00fcrliche \u00d6konomie des Lebens\u201c\"}]},{\"@type\":\"WebSite\",\"@id\":\"https:\\\/\\\/gradido.net\\\/de\\\/#website\",\"url\":\"https:\\\/\\\/gradido.net\\\/de\\\/\",\"name\":\"Gradido\",\"description\":\"Die neue W\u00e4hrung hei\u00dft Dankbarkeit\",\"publisher\":{\"@id\":\"https:\\\/\\\/gradido.net\\\/de\\\/#organization\"},\"potentialAction\":[{\"@type\":\"SearchAction\",\"target\":{\"@type\":\"EntryPoint\",\"urlTemplate\":\"https:\\\/\\\/gradido.net\\\/de\\\/?s={search_term_string}\"},\"query-input\":{\"@type\":\"PropertyValueSpecification\",\"valueRequired\":true,\"valueName\":\"search_term_string\"}}],\"inLanguage\":\"ro-RO\"},{\"@type\":\"Organization\",\"@id\":\"https:\\\/\\\/gradido.net\\\/de\\\/#organization\",\"name\":\"Gradido\",\"url\":\"https:\\\/\\\/gradido.net\\\/de\\\/\",\"logo\":{\"@type\":\"ImageObject\",\"inLanguage\":\"ro-RO\",\"@id\":\"https:\\\/\\\/gradido.net\\\/de\\\/#\\\/schema\\\/logo\\\/image\\\/\",\"url\":\"https:\\\/\\\/gradido.net\\\/wp-content\\\/uploads\\\/2022\\\/04\\\/gradido-social.jpg\",\"contentUrl\":\"https:\\\/\\\/gradido.net\\\/wp-content\\\/uploads\\\/2022\\\/04\\\/gradido-social.jpg\",\"width\":527,\"height\":273,\"caption\":\"Gradido\"},\"image\":{\"@id\":\"https:\\\/\\\/gradido.net\\\/de\\\/#\\\/schema\\\/logo\\\/image\\\/\"}},{\"@type\":\"Person\",\"@id\":\"https:\\\/\\\/gradido.net\\\/de\\\/#\\\/schema\\\/person\\\/9f913f37a47e7a82ad686b58fc907588\",\"name\":\"GR4dmin\",\"sameAs\":[\"https:\\\/\\\/gradido.net\"],\"url\":\"https:\\\/\\\/gradido.net\\\/ro\\\/author\\\/gr4dmin\\\/\"}]}<\/script>\n<!-- \/ Yoast SEO plugin. -->","yoast_head_json":{"title":"Criza Corona: E timpul pentru \"economia natural\u0103 a vie\u021bii\" - Gradido","robots":{"index":"index","follow":"follow","max-snippet":"max-snippet:-1","max-image-preview":"max-image-preview:large","max-video-preview":"max-video-preview:-1"},"canonical":"https:\/\/gradido.net\/ro\/corona-krise-zeit-fuer-die-natuerliche-oekonomie-des-lebens\/","og_locale":"ro_RO","og_type":"article","og_title":"Corona-Krise: Zeit f\u00fcr die \u201eNat\u00fcrliche \u00d6konomie des Lebens\u201c - Gradido","og_description":"Wirtschaftsbioniker setzen auf weltweite Gemeinwohlw\u00e4hrung K\u00fcnzelsau, 26. Mai 2020 \u2013 Die Corona-Krise hat unsere Welt binnen k\u00fcrzester Zeit grundlegend ver\u00e4ndert. Trotz billionenschwerer Hilfsprogramme befindet sich die Wirtschaft im freien Fall. Das weltweite Finanzsystem droht zu scheitern, gefolgt von Masseninsolvenzen, Rekordarbeitslosigkeit und bitterer Armut. Nur mit einem zukunftsf\u00e4higen neuen Geldsystem, bei dem die \u00f6konomischen, \u00f6kologischen und [&hellip;]","og_url":"https:\/\/gradido.net\/ro\/corona-krise-zeit-fuer-die-natuerliche-oekonomie-des-lebens\/","og_site_name":"Gradido","article_published_time":"2020-05-26T13:29:00+00:00","article_modified_time":"2021-12-10T12:08:25+00:00","og_image":[{"width":1000,"height":684,"url":"https:\/\/gradido.net\/wp-content\/uploads\/2020\/05\/gemeinwohlwaehrung.jpg","type":"image\/jpeg"}],"author":"GR4dmin","twitter_card":"summary_large_image","twitter_misc":{"Scris de":"GR4dmin","Timp estimat pentru citire":"5 minute"},"schema":{"@context":"https:\/\/schema.org","@graph":[{"@type":"Article","@id":"https:\/\/gradido.net\/et\/corona-krise-zeit-fuer-die-natuerliche-oekonomie-des-lebens\/#article","isPartOf":{"@id":"https:\/\/gradido.net\/et\/corona-krise-zeit-fuer-die-natuerliche-oekonomie-des-lebens\/"},"author":{"name":"GR4dmin","@id":"https:\/\/gradido.net\/de\/#\/schema\/person\/9f913f37a47e7a82ad686b58fc907588"},"headline":"Corona-Krise: Zeit f\u00fcr die \u201eNat\u00fcrliche \u00d6konomie des Lebens\u201c","datePublished":"2020-05-26T13:29:00+00:00","dateModified":"2021-12-10T12:08:25+00:00","mainEntityOfPage":{"@id":"https:\/\/gradido.net\/et\/corona-krise-zeit-fuer-die-natuerliche-oekonomie-des-lebens\/"},"wordCount":983,"publisher":{"@id":"https:\/\/gradido.net\/de\/#organization"},"image":{"@id":"https:\/\/gradido.net\/et\/corona-krise-zeit-fuer-die-natuerliche-oekonomie-des-lebens\/#primaryimage"},"thumbnailUrl":"https:\/\/gradido.net\/wp-content\/uploads\/2020\/05\/gemeinwohlwaehrung.jpg","keywords":["Wirtschaftsbionik"],"articleSection":["Pressemitteilung"],"inLanguage":"ro-RO"},{"@type":"WebPage","@id":"https:\/\/gradido.net\/et\/corona-krise-zeit-fuer-die-natuerliche-oekonomie-des-lebens\/","url":"https:\/\/gradido.net\/et\/corona-krise-zeit-fuer-die-natuerliche-oekonomie-des-lebens\/","name":"Criza Corona: E timpul pentru \"economia natural\u0103 a vie\u021bii\" - Gradido","isPartOf":{"@id":"https:\/\/gradido.net\/de\/#website"},"primaryImageOfPage":{"@id":"https:\/\/gradido.net\/et\/corona-krise-zeit-fuer-die-natuerliche-oekonomie-des-lebens\/#primaryimage"},"image":{"@id":"https:\/\/gradido.net\/et\/corona-krise-zeit-fuer-die-natuerliche-oekonomie-des-lebens\/#primaryimage"},"thumbnailUrl":"https:\/\/gradido.net\/wp-content\/uploads\/2020\/05\/gemeinwohlwaehrung.jpg","datePublished":"2020-05-26T13:29:00+00:00","dateModified":"2021-12-10T12:08:25+00:00","breadcrumb":{"@id":"https:\/\/gradido.net\/et\/corona-krise-zeit-fuer-die-natuerliche-oekonomie-des-lebens\/#breadcrumb"},"inLanguage":"ro-RO","potentialAction":[{"@type":"ReadAction","target":["https:\/\/gradido.net\/et\/corona-krise-zeit-fuer-die-natuerliche-oekonomie-des-lebens\/"]}]},{"@type":"ImageObject","inLanguage":"ro-RO","@id":"https:\/\/gradido.net\/et\/corona-krise-zeit-fuer-die-natuerliche-oekonomie-des-lebens\/#primaryimage","url":"https:\/\/gradido.net\/wp-content\/uploads\/2020\/05\/gemeinwohlwaehrung.jpg","contentUrl":"https:\/\/gradido.net\/wp-content\/uploads\/2020\/05\/gemeinwohlwaehrung.jpg","width":1000,"height":684},{"@type":"BreadcrumbList","@id":"https:\/\/gradido.net\/et\/corona-krise-zeit-fuer-die-natuerliche-oekonomie-des-lebens\/#breadcrumb","itemListElement":[{"@type":"ListItem","position":1,"name":"Startseite","item":"https:\/\/gradido.net\/"},{"@type":"ListItem","position":2,"name":"Corona-Krise: Zeit f\u00fcr die \u201eNat\u00fcrliche \u00d6konomie des Lebens\u201c"}]},{"@type":"WebSite","@id":"https:\/\/gradido.net\/de\/#website","url":"https:\/\/gradido.net\/de\/","name":"Gradido","description":"Noua moned\u0103 este recuno\u0219tin\u021ba","publisher":{"@id":"https:\/\/gradido.net\/de\/#organization"},"potentialAction":[{"@type":"SearchAction","target":{"@type":"EntryPoint","urlTemplate":"https:\/\/gradido.net\/de\/?s={search_term_string}"},"query-input":{"@type":"PropertyValueSpecification","valueRequired":true,"valueName":"search_term_string"}}],"inLanguage":"ro-RO"},{"@type":"Organization","@id":"https:\/\/gradido.net\/de\/#organization","name":"Gradido","url":"https:\/\/gradido.net\/de\/","logo":{"@type":"ImageObject","inLanguage":"ro-RO","@id":"https:\/\/gradido.net\/de\/#\/schema\/logo\/image\/","url":"https:\/\/gradido.net\/wp-content\/uploads\/2022\/04\/gradido-social.jpg","contentUrl":"https:\/\/gradido.net\/wp-content\/uploads\/2022\/04\/gradido-social.jpg","width":527,"height":273,"caption":"Gradido"},"image":{"@id":"https:\/\/gradido.net\/de\/#\/schema\/logo\/image\/"}},{"@type":"Person","@id":"https:\/\/gradido.net\/de\/#\/schema\/person\/9f913f37a47e7a82ad686b58fc907588","name":"GR4dmin","sameAs":["https:\/\/gradido.net"],"url":"https:\/\/gradido.net\/ro\/author\/gr4dmin\/"}]}},"_links":{"self":[{"href":"https:\/\/gradido.net\/ro\/wp-json\/wp\/v2\/posts\/616","targetHints":{"allow":["GET"]}}],"collection":[{"href":"https:\/\/gradido.net\/ro\/wp-json\/wp\/v2\/posts"}],"about":[{"href":"https:\/\/gradido.net\/ro\/wp-json\/wp\/v2\/types\/post"}],"author":[{"embeddable":true,"href":"https:\/\/gradido.net\/ro\/wp-json\/wp\/v2\/users\/1"}],"replies":[{"embeddable":true,"href":"https:\/\/gradido.net\/ro\/wp-json\/wp\/v2\/comments?post=616"}],"version-history":[{"count":15,"href":"https:\/\/gradido.net\/ro\/wp-json\/wp\/v2\/posts\/616\/revisions"}],"predecessor-version":[{"id":3718,"href":"https:\/\/gradido.net\/ro\/wp-json\/wp\/v2\/posts\/616\/revisions\/3718"}],"wp:featuredmedia":[{"embeddable":true,"href":"https:\/\/gradido.net\/ro\/wp-json\/wp\/v2\/media\/858"}],"wp:attachment":[{"href":"https:\/\/gradido.net\/ro\/wp-json\/wp\/v2\/media?parent=616"}],"wp:term":[{"taxonomy":"category","embeddable":true,"href":"https:\/\/gradido.net\/ro\/wp-json\/wp\/v2\/categories?post=616"},{"taxonomy":"post_tag","embeddable":true,"href":"https:\/\/gradido.net\/ro\/wp-json\/wp\/v2\/tags?post=616"}],"curies":[{"name":"wp","href":"https:\/\/api.w.org\/{rel}","templated":true}]}}