{"id":6597,"date":"2023-04-29T06:00:10","date_gmt":"2023-04-29T04:00:10","guid":{"rendered":"https:\/\/gradido.net\/?p=6597"},"modified":"2023-04-24T22:38:39","modified_gmt":"2023-04-24T20:38:39","slug":"episode-47","status":"publish","type":"post","link":"https:\/\/gradido.net\/ro\/episode-47\/","title":{"rendered":"\"Tab\u0103ra Future Now 3: Bani con\u0219tien\u021bi - o lume s\u0103n\u0103toas\u0103\" - Gradido in Focus"},"content":{"rendered":"<div data-elementor-type=\"wp-post\" data-elementor-id=\"6597\" class=\"elementor elementor-6597\" data-elementor-post-type=\"post\">\n\t\t\t\t\t\t<section class=\"elementor-section elementor-top-section elementor-element elementor-element-496e1d53 elementor-section-boxed elementor-section-height-default elementor-section-height-default\" data-id=\"496e1d53\" data-element_type=\"section\" data-e-type=\"section\">\n\t\t\t\t\t\t<div class=\"elementor-container elementor-column-gap-default\">\n\t\t\t\t\t<div class=\"elementor-column elementor-col-100 elementor-top-column elementor-element elementor-element-461d7be0\" data-id=\"461d7be0\" data-element_type=\"column\" data-e-type=\"column\">\n\t\t\t<div class=\"elementor-widget-wrap elementor-element-populated\">\n\t\t\t\t\t\t<div class=\"elementor-element elementor-element-cd9ebe2 elementor-widget elementor-widget-text-editor\" data-id=\"cd9ebe2\" data-element_type=\"widget\" data-e-type=\"widget\" data-widget_type=\"text-editor.default\">\n\t\t\t\t<div class=\"elementor-widget-container\">\n\t\t\t\t\t\t\t\t\t<h2>Invita\u021bi: Teresa Karayel \u0219i Dr. Markus Gollmann<\/h2>\t\t\t\t\t\t\t\t<\/div>\n\t\t\t\t<\/div>\n\t\t\t\t\t<\/div>\n\t\t<\/div>\n\t\t\t\t\t<\/div>\n\t\t<\/section>\n\t\t\t\t<section class=\"elementor-section elementor-top-section elementor-element elementor-element-2f93e3c3 elementor-section-boxed elementor-section-height-default elementor-section-height-default\" data-id=\"2f93e3c3\" data-element_type=\"section\" data-e-type=\"section\">\n\t\t\t\t\t\t<div class=\"elementor-container elementor-column-gap-default\">\n\t\t\t\t\t<div class=\"elementor-column elementor-col-100 elementor-top-column elementor-element elementor-element-5a9dfd19\" data-id=\"5a9dfd19\" data-element_type=\"column\" data-e-type=\"column\">\n\t\t\t<div class=\"elementor-widget-wrap elementor-element-populated\">\n\t\t\t\t\t\t<div class=\"elementor-element elementor-element-9cdb6b8 elementor-widget elementor-widget-html\" data-id=\"9cdb6b8\" data-element_type=\"widget\" data-e-type=\"widget\" data-widget_type=\"html.default\">\n\t\t\t\t<div class=\"elementor-widget-container\">\n\t\t\t\t\t<script class=\"podigee-podcast-player\" src=\"https:\/\/player.podigee-cdn.net\/podcast-player\/javascripts\/podigee-podcast-player.js\" data-configuration=\"https:\/\/gradido.podigee.io\/47-new-episode\/embed?context=external&token=3Hjw3_uXkffA5w8RauYQQg\"><\/script>\t\t\t\t<\/div>\n\t\t\t\t<\/div>\n\t\t\t\t\t<\/div>\n\t\t<\/div>\n\t\t\t\t\t<\/div>\n\t\t<\/section>\n\t\t\t\t<section class=\"elementor-section elementor-top-section elementor-element elementor-element-585c640 elementor-section-boxed elementor-section-height-default elementor-section-height-default\" data-id=\"585c640\" data-element_type=\"section\" data-e-type=\"section\">\n\t\t\t\t\t\t<div class=\"elementor-container elementor-column-gap-default\">\n\t\t\t\t\t<div class=\"elementor-column elementor-col-50 elementor-top-column elementor-element elementor-element-13c250b\" data-id=\"13c250b\" data-element_type=\"column\" data-e-type=\"column\">\n\t\t\t<div class=\"elementor-widget-wrap elementor-element-populated\">\n\t\t\t\t\t\t<div class=\"elementor-element elementor-element-0561949 elementor-widget elementor-widget-text-editor\" data-id=\"0561949\" data-element_type=\"widget\" data-e-type=\"widget\" data-widget_type=\"text-editor.default\">\n\t\t\t\t<div class=\"elementor-widget-container\">\n\t\t\t\t\t\t\t\t\t<p>Cel mai recent episod al Podcastului Gradido se refer\u0103 la viitoarea \"Zukunft Jetzt Camp 3\", care va avea loc la sf\u00e2r\u0219itul lunii august la Klingenm\u00fcnster, \u00een Palatinat. Sub motto-ul \"Bani con\u0219tien\u021bi - lume s\u0103n\u0103toas\u0103\", Gradido va fi tr\u0103it de data aceasta \u00een timp real.<\/p><p>Cei doi invita\u021bi ai episodului de podcast, Teresa Karayel \u0219i Dr. Markus Gollmann, fac parte din echipa de organizare \u0219i sunt entuziasma\u021bi de dezvoltarea Gradido \u0219i \u00een special de contul Gradido. Ei au multe \u00eentreb\u0103ri despre modul \u00een care Gradido poate fi integrat \u00eentr-un astfel de eveniment \u0219i fac schimb de roluri cu gazda Bernd H\u00fcckst\u00e4dt \u00een episod.<\/p><p>\u00cempreun\u0103, ei arunc\u0103 o privire \u00een culisele unui astfel de eveniment \u0219i arat\u0103 cum este implementat Gradido acolo. De asemenea, accentul este pus pe modul \u00een care Gradido poate contribui la crearea unei con\u0219tientiz\u0103ri pentru un viitor s\u0103n\u0103tos \u0219i durabil.<\/p><p>Acest episod este, de asemenea, deosebit de interesant pentru to\u021bi cei care planific\u0103 un eveniment \u0219i doresc s\u0103 integreze Gradido. Aici sunt oferite sfaturi \u0219i trucuri utile despre cum poate fi implementat cu succes Gradido.<\/p><p>\u00cen general, acest episod al Podcastului Gradido ofer\u0103 o perspectiv\u0103 interesant\u0103 asupra viitoarei \"Future Now Camp 3\" \u0219i arat\u0103 cum Gradido poate contribui la modelarea unui viitor mai bun. A\u0219adar, dac\u0103 dori\u021bi s\u0103 afla\u021bi mai multe despre Gradido \u0219i aplica\u021bia sa, trebuie neap\u0103rat s\u0103 asculta\u021bi!<\/p><div>Pliant pentru tab\u0103r\u0103: <a href=\"https:\/\/frieden-in-der-beziehung.de\/wp-content\/uploads\/2023\/03\/Anmeldeflyer-2023-Bewusstes-Geld-Gesunde-Welt-1.pdf\">https:\/\/frieden-in-der-beziehung.de\/wp-content\/uploads\/2023\/03\/Anmeldeflyer-2023-Bewusstes-Geld-Gesunde-Welt-1.pdf<\/a><\/div><div>\u00a0<\/div><div>Tab\u0103ra Dokus 2022: <a href=\"https:\/\/youtu.be\/n9QdEq8BwRw\">https:\/\/youtu.be\/n9QdEq8BwRw<\/a> <a href=\"https:\/\/youtu.be\/Lfije0XL2qg\">https:\/\/youtu.be\/Lfije0XL2qg<\/a><\/div>\t\t\t\t\t\t\t\t<\/div>\n\t\t\t\t<\/div>\n\t\t\t\t\t<\/div>\n\t\t<\/div>\n\t\t\t\t<div class=\"elementor-column elementor-col-50 elementor-top-column elementor-element elementor-element-e0d795e\" data-id=\"e0d795e\" data-element_type=\"column\" data-e-type=\"column\">\n\t\t\t<div class=\"elementor-widget-wrap elementor-element-populated\">\n\t\t\t\t\t\t<div class=\"elementor-element elementor-element-8c61bad elementor-widget elementor-widget-image\" data-id=\"8c61bad\" data-element_type=\"widget\" data-e-type=\"widget\" data-widget_type=\"image.default\">\n\t\t\t\t<div class=\"elementor-widget-container\">\n\t\t\t\t\t\t\t\t\t\t\t\t\t\t\t<img fetchpriority=\"high\" decoding=\"async\" width=\"800\" height=\"800\" src=\"https:\/\/gradido.net\/wp-content\/uploads\/2023\/04\/gradido_podcast_gollmann_karayel-1024x1024.jpg\" class=\"attachment-large size-large wp-image-6536\" alt=\"\" srcset=\"https:\/\/gradido.net\/wp-content\/uploads\/2023\/04\/gradido_podcast_gollmann_karayel-1024x1024.jpg 1024w, https:\/\/gradido.net\/wp-content\/uploads\/2023\/04\/gradido_podcast_gollmann_karayel-300x300.jpg 300w, https:\/\/gradido.net\/wp-content\/uploads\/2023\/04\/gradido_podcast_gollmann_karayel-150x150.jpg 150w, https:\/\/gradido.net\/wp-content\/uploads\/2023\/04\/gradido_podcast_gollmann_karayel-768x768.jpg 768w, https:\/\/gradido.net\/wp-content\/uploads\/2023\/04\/gradido_podcast_gollmann_karayel-12x12.jpg 12w, https:\/\/gradido.net\/wp-content\/uploads\/2023\/04\/gradido_podcast_gollmann_karayel.jpg 1400w\" sizes=\"(max-width: 800px) 100vw, 800px\" \/>\t\t\t\t\t\t\t\t\t\t\t\t\t\t\t<\/div>\n\t\t\t\t<\/div>\n\t\t\t\t<div class=\"elementor-element elementor-element-ceab137 elementor-widget elementor-widget-text-editor\" data-id=\"ceab137\" data-element_type=\"widget\" data-e-type=\"widget\" data-widget_type=\"text-editor.default\">\n\t\t\t\t<div class=\"elementor-widget-container\">\n\t\t\t\t\t\t\t\t\t<p><a href=\"https:\/\/youtu.be\/Qyn-N5osuTQ\" target=\"_blank\" rel=\"noopener\">Asculta\u021bi pe YouTube<\/a><\/p>\t\t\t\t\t\t\t\t<\/div>\n\t\t\t\t<\/div>\n\t\t\t\t\t<\/div>\n\t\t<\/div>\n\t\t\t\t\t<\/div>\n\t\t<\/section>\n\t\t\t\t<section class=\"elementor-section elementor-top-section elementor-element elementor-element-d051609 elementor-section-boxed elementor-section-height-default elementor-section-height-default\" data-id=\"d051609\" data-element_type=\"section\" data-e-type=\"section\">\n\t\t\t\t\t\t<div class=\"elementor-container elementor-column-gap-default\">\n\t\t\t\t\t<div class=\"elementor-column elementor-col-100 elementor-top-column elementor-element elementor-element-13cc168\" data-id=\"13cc168\" data-element_type=\"column\" data-e-type=\"column\">\n\t\t\t<div class=\"elementor-widget-wrap elementor-element-populated\">\n\t\t\t\t\t\t<div class=\"elementor-element elementor-element-b43b3ee elementor-widget elementor-widget-heading\" data-id=\"b43b3ee\" data-element_type=\"widget\" data-e-type=\"widget\" data-widget_type=\"heading.default\">\n\t\t\t\t<div class=\"elementor-widget-container\">\n\t\t\t\t\t<h2 class=\"elementor-heading-title elementor-size-default\">Transcriere (traducere automat\u0103)<\/h2>\t\t\t\t<\/div>\n\t\t\t\t<\/div>\n\t\t\t\t\t<\/div>\n\t\t<\/div>\n\t\t\t\t\t<\/div>\n\t\t<\/section>\n\t\t\t\t<section class=\"elementor-section elementor-top-section elementor-element elementor-element-474427c elementor-section-boxed elementor-section-height-default elementor-section-height-default\" data-id=\"474427c\" data-element_type=\"section\" data-e-type=\"section\">\n\t\t\t\t\t\t<div class=\"elementor-container elementor-column-gap-default\">\n\t\t\t\t\t<div class=\"elementor-column elementor-col-100 elementor-top-column elementor-element elementor-element-6041f12\" data-id=\"6041f12\" data-element_type=\"column\" data-e-type=\"column\">\n\t\t\t<div class=\"elementor-widget-wrap elementor-element-populated\">\n\t\t\t\t\t\t\t<\/div>\n\t\t<\/div>\n\t\t\t\t\t<\/div>\n\t\t<\/section>\n\t\t\t\t<\/div>","protected":false},"excerpt":{"rendered":"<p>\u00cen cel mai recent episod al Podcastului Gradido, afla\u021bi totul despre viitoarea \"Future Now Camp 3\" sub motto-ul \"Bani con\u0219tien\u021bi - lume s\u0103n\u0103toas\u0103\", unde Gradido va fi tr\u0103it \u00een timp real. Invita\u021bii Teresa Karayel \u0219i Dr. Markus Gollmann arat\u0103 cum poate fi integrat cu succes Gradido \u00een cadrul unui eveniment \u0219i ofer\u0103 sfaturi valoroase pentru implementare. Acest episod ofer\u0103 astfel o perspectiv\u0103 interesant\u0103 asupra aplic\u0103rii Gradido pentru un viitor mai bun.<\/p>","protected":false},"author":12,"featured_media":6537,"comment_status":"closed","ping_status":"closed","sticky":false,"template":"","format":"standard","meta":{"footnotes":""},"categories":[19],"tags":[40,37,41,43,32,38,35,39,42,36],"class_list":["post-6597","post","type-post","status-publish","format-standard","has-post-thumbnail","hentry","category-podcast","tag-alternative-waehrung","tag-bewusstes-geld","tag-echtzeit-oekonomie","tag-event-management","tag-geldsystem","tag-gesunde-welt","tag-gradido","tag-nachhaltige-zukunft","tag-veranstaltungsplanung","tag-zukunft-jetzt-camp-3"],"yoast_head":"<!-- This site is optimized with the Yoast SEO plugin v27.5 - https:\/\/yoast.com\/product\/yoast-seo-wordpress\/ -->\n<title>&quot;Zukunft Jetzt Camp 3: Bewusstes Geld - Gesunde Welt&quot; - Gradido im Fokus - Gradido<\/title>\n<meta name=\"description\" content=\"Erfahre in der neuesten Episode des Gradido Podcasts alles \u00fcber das bevorstehende &quot;Zukunft Jetzt Camp 3&quot; unter dem Motto &quot;Bewusstes Geld - Gesunde Welt&quot;, bei dem Gradido real in Echtzeit gelebt werden wird. Die G\u00e4ste Teresa Karayel und Dr. Markus Gollmann zeigen, wie Gradido erfolgreich bei einer Veranstaltung integriert werden kann und geben wertvolle Tipps f\u00fcr die Umsetzung. Diese Episode bietet somit einen spannenden Einblick in die Anwendung von Gradido f\u00fcr eine bessere Zukunft.\" \/>\n<meta name=\"robots\" content=\"index, follow, max-snippet:-1, max-image-preview:large, max-video-preview:-1\" \/>\n<link rel=\"canonical\" href=\"https:\/\/gradido.net\/ro\/episode-47\/\" \/>\n<meta property=\"og:locale\" content=\"ro_RO\" \/>\n<meta property=\"og:type\" content=\"article\" \/>\n<meta property=\"og:title\" content=\"&quot;Zukunft Jetzt Camp 3: Bewusstes Geld - Gesunde Welt&quot; - Gradido im Fokus - Gradido\" \/>\n<meta property=\"og:description\" content=\"Erfahre in der neuesten Episode des Gradido Podcasts alles \u00fcber das bevorstehende &quot;Zukunft Jetzt Camp 3&quot; unter dem Motto &quot;Bewusstes Geld - Gesunde Welt&quot;, bei dem Gradido real in Echtzeit gelebt werden wird. Die G\u00e4ste Teresa Karayel und Dr. Markus Gollmann zeigen, wie Gradido erfolgreich bei einer Veranstaltung integriert werden kann und geben wertvolle Tipps f\u00fcr die Umsetzung. Diese Episode bietet somit einen spannenden Einblick in die Anwendung von Gradido f\u00fcr eine bessere Zukunft.\" \/>\n<meta property=\"og:url\" content=\"https:\/\/gradido.net\/ro\/episode-47\/\" \/>\n<meta property=\"og:site_name\" content=\"Gradido\" \/>\n<meta property=\"article:published_time\" content=\"2023-04-29T04:00:10+00:00\" \/>\n<meta property=\"og:image\" content=\"https:\/\/gradido.net\/wp-content\/uploads\/2023\/04\/podcast_www_gollmann_karayel.jpg\" \/>\n\t<meta property=\"og:image:width\" content=\"700\" \/>\n\t<meta property=\"og:image:height\" content=\"475\" \/>\n\t<meta property=\"og:image:type\" content=\"image\/jpeg\" \/>\n<meta name=\"author\" content=\"Philipp Kessler\" \/>\n<meta name=\"twitter:card\" content=\"summary_large_image\" \/>\n<meta name=\"twitter:label1\" content=\"Scris de\" \/>\n\t<meta name=\"twitter:data1\" content=\"Philipp Kessler\" \/>\n\t<meta name=\"twitter:label2\" content=\"Timp estimat pentru citire\" \/>\n\t<meta name=\"twitter:data2\" content=\"3 minute\" \/>\n<script type=\"application\/ld+json\" class=\"yoast-schema-graph\">{\"@context\":\"https:\\\/\\\/schema.org\",\"@graph\":[{\"@type\":\"Article\",\"@id\":\"https:\\\/\\\/gradido.net\\\/de\\\/episode-47\\\/#article\",\"isPartOf\":{\"@id\":\"https:\\\/\\\/gradido.net\\\/de\\\/episode-47\\\/\"},\"author\":{\"name\":\"Philipp Kessler\",\"@id\":\"https:\\\/\\\/gradido.net\\\/de\\\/#\\\/schema\\\/person\\\/f57399104ec77f2a2d5a68f479b0492f\"},\"headline\":\"&#8222;Zukunft Jetzt Camp 3: Bewusstes Geld &#8211; Gesunde Welt&#8220; &#8211; Gradido im Fokus\",\"datePublished\":\"2023-04-29T04:00:10+00:00\",\"mainEntityOfPage\":{\"@id\":\"https:\\\/\\\/gradido.net\\\/de\\\/episode-47\\\/\"},\"wordCount\":263,\"publisher\":{\"@id\":\"https:\\\/\\\/gradido.net\\\/de\\\/#organization\"},\"image\":{\"@id\":\"https:\\\/\\\/gradido.net\\\/de\\\/episode-47\\\/#primaryimage\"},\"thumbnailUrl\":\"https:\\\/\\\/gradido.net\\\/wp-content\\\/uploads\\\/2023\\\/04\\\/podcast_www_gollmann_karayel.jpg\",\"keywords\":[\"alternative W\u00e4hrung\",\"Bewusstes Geld\",\"Echtzeit-\u00d6konomie\",\"Event-Management\",\"Geldsystem\",\"Gesunde Welt\",\"Gradido\",\"nachhaltige Zukunft\",\"Veranstaltungsplanung\",\"Zukunft Jetzt Camp 3\"],\"articleSection\":[\"Podcast\"],\"inLanguage\":\"ro-RO\"},{\"@type\":\"WebPage\",\"@id\":\"https:\\\/\\\/gradido.net\\\/de\\\/episode-47\\\/\",\"url\":\"https:\\\/\\\/gradido.net\\\/de\\\/episode-47\\\/\",\"name\":\"\\\"Zukunft Jetzt Camp 3: Bewusstes Geld - Gesunde Welt\\\" - Gradido im Fokus - Gradido\",\"isPartOf\":{\"@id\":\"https:\\\/\\\/gradido.net\\\/de\\\/#website\"},\"primaryImageOfPage\":{\"@id\":\"https:\\\/\\\/gradido.net\\\/de\\\/episode-47\\\/#primaryimage\"},\"image\":{\"@id\":\"https:\\\/\\\/gradido.net\\\/de\\\/episode-47\\\/#primaryimage\"},\"thumbnailUrl\":\"https:\\\/\\\/gradido.net\\\/wp-content\\\/uploads\\\/2023\\\/04\\\/podcast_www_gollmann_karayel.jpg\",\"datePublished\":\"2023-04-29T04:00:10+00:00\",\"description\":\"Erfahre in der neuesten Episode des Gradido Podcasts alles \u00fcber das bevorstehende \\\"Zukunft Jetzt Camp 3\\\" unter dem Motto \\\"Bewusstes Geld - Gesunde Welt\\\", bei dem Gradido real in Echtzeit gelebt werden wird. Die G\u00e4ste Teresa Karayel und Dr. Markus Gollmann zeigen, wie Gradido erfolgreich bei einer Veranstaltung integriert werden kann und geben wertvolle Tipps f\u00fcr die Umsetzung. Diese Episode bietet somit einen spannenden Einblick in die Anwendung von Gradido f\u00fcr eine bessere Zukunft.\",\"breadcrumb\":{\"@id\":\"https:\\\/\\\/gradido.net\\\/de\\\/episode-47\\\/#breadcrumb\"},\"inLanguage\":\"ro-RO\",\"potentialAction\":[{\"@type\":\"ReadAction\",\"target\":[\"https:\\\/\\\/gradido.net\\\/de\\\/episode-47\\\/\"]}]},{\"@type\":\"ImageObject\",\"inLanguage\":\"ro-RO\",\"@id\":\"https:\\\/\\\/gradido.net\\\/de\\\/episode-47\\\/#primaryimage\",\"url\":\"https:\\\/\\\/gradido.net\\\/wp-content\\\/uploads\\\/2023\\\/04\\\/podcast_www_gollmann_karayel.jpg\",\"contentUrl\":\"https:\\\/\\\/gradido.net\\\/wp-content\\\/uploads\\\/2023\\\/04\\\/podcast_www_gollmann_karayel.jpg\",\"width\":700,\"height\":475},{\"@type\":\"BreadcrumbList\",\"@id\":\"https:\\\/\\\/gradido.net\\\/de\\\/episode-47\\\/#breadcrumb\",\"itemListElement\":[{\"@type\":\"ListItem\",\"position\":1,\"name\":\"Startseite\",\"item\":\"https:\\\/\\\/gradido.net\\\/\"},{\"@type\":\"ListItem\",\"position\":2,\"name\":\"&#8222;Zukunft Jetzt Camp 3: Bewusstes Geld &#8211; Gesunde Welt&#8220; &#8211; Gradido im Fokus\"}]},{\"@type\":\"WebSite\",\"@id\":\"https:\\\/\\\/gradido.net\\\/de\\\/#website\",\"url\":\"https:\\\/\\\/gradido.net\\\/de\\\/\",\"name\":\"Gradido\",\"description\":\"Die neue W\u00e4hrung hei\u00dft Dankbarkeit\",\"publisher\":{\"@id\":\"https:\\\/\\\/gradido.net\\\/de\\\/#organization\"},\"potentialAction\":[{\"@type\":\"SearchAction\",\"target\":{\"@type\":\"EntryPoint\",\"urlTemplate\":\"https:\\\/\\\/gradido.net\\\/de\\\/?s={search_term_string}\"},\"query-input\":{\"@type\":\"PropertyValueSpecification\",\"valueRequired\":true,\"valueName\":\"search_term_string\"}}],\"inLanguage\":\"ro-RO\"},{\"@type\":\"Organization\",\"@id\":\"https:\\\/\\\/gradido.net\\\/de\\\/#organization\",\"name\":\"Gradido\",\"url\":\"https:\\\/\\\/gradido.net\\\/de\\\/\",\"logo\":{\"@type\":\"ImageObject\",\"inLanguage\":\"ro-RO\",\"@id\":\"https:\\\/\\\/gradido.net\\\/de\\\/#\\\/schema\\\/logo\\\/image\\\/\",\"url\":\"https:\\\/\\\/gradido.net\\\/wp-content\\\/uploads\\\/2022\\\/04\\\/gradido-social.jpg\",\"contentUrl\":\"https:\\\/\\\/gradido.net\\\/wp-content\\\/uploads\\\/2022\\\/04\\\/gradido-social.jpg\",\"width\":527,\"height\":273,\"caption\":\"Gradido\"},\"image\":{\"@id\":\"https:\\\/\\\/gradido.net\\\/de\\\/#\\\/schema\\\/logo\\\/image\\\/\"}},{\"@type\":\"Person\",\"@id\":\"https:\\\/\\\/gradido.net\\\/de\\\/#\\\/schema\\\/person\\\/f57399104ec77f2a2d5a68f479b0492f\",\"name\":\"Philipp Kessler\",\"url\":\"https:\\\/\\\/gradido.net\\\/ro\\\/author\\\/philipp\\\/\"}]}<\/script>\n<!-- \/ Yoast SEO plugin. -->","yoast_head_json":{"title":"\"Tab\u0103ra Future Now 3: Bani con\u0219tien\u021bi - o lume s\u0103n\u0103toas\u0103\" - Gradido in Focus - Gradido","description":"\u00cen cel mai recent episod al Podcastului Gradido, afla\u021bi totul despre viitoarea \"Future Now Camp 3\" sub motto-ul \"Bani con\u0219tien\u021bi - lume s\u0103n\u0103toas\u0103\", unde Gradido va fi tr\u0103it \u00een timp real. Invita\u021bii Teresa Karayel \u0219i Dr. Markus Gollmann arat\u0103 cum poate fi integrat cu succes Gradido \u00een cadrul unui eveniment \u0219i ofer\u0103 sfaturi valoroase pentru implementare. Acest episod ofer\u0103 astfel o perspectiv\u0103 interesant\u0103 asupra aplic\u0103rii Gradido pentru un viitor mai bun.","robots":{"index":"index","follow":"follow","max-snippet":"max-snippet:-1","max-image-preview":"max-image-preview:large","max-video-preview":"max-video-preview:-1"},"canonical":"https:\/\/gradido.net\/ro\/episode-47\/","og_locale":"ro_RO","og_type":"article","og_title":"\"Zukunft Jetzt Camp 3: Bewusstes Geld - Gesunde Welt\" - Gradido im Fokus - Gradido","og_description":"Erfahre in der neuesten Episode des Gradido Podcasts alles \u00fcber das bevorstehende \"Zukunft Jetzt Camp 3\" unter dem Motto \"Bewusstes Geld - Gesunde Welt\", bei dem Gradido real in Echtzeit gelebt werden wird. Die G\u00e4ste Teresa Karayel und Dr. Markus Gollmann zeigen, wie Gradido erfolgreich bei einer Veranstaltung integriert werden kann und geben wertvolle Tipps f\u00fcr die Umsetzung. Diese Episode bietet somit einen spannenden Einblick in die Anwendung von Gradido f\u00fcr eine bessere Zukunft.","og_url":"https:\/\/gradido.net\/ro\/episode-47\/","og_site_name":"Gradido","article_published_time":"2023-04-29T04:00:10+00:00","og_image":[{"width":700,"height":475,"url":"https:\/\/gradido.net\/wp-content\/uploads\/2023\/04\/podcast_www_gollmann_karayel.jpg","type":"image\/jpeg"}],"author":"Philipp Kessler","twitter_card":"summary_large_image","twitter_misc":{"Scris de":"Philipp Kessler","Timp estimat pentru citire":"3 minute"},"schema":{"@context":"https:\/\/schema.org","@graph":[{"@type":"Article","@id":"https:\/\/gradido.net\/de\/episode-47\/#article","isPartOf":{"@id":"https:\/\/gradido.net\/de\/episode-47\/"},"author":{"name":"Philipp Kessler","@id":"https:\/\/gradido.net\/de\/#\/schema\/person\/f57399104ec77f2a2d5a68f479b0492f"},"headline":"&#8222;Zukunft Jetzt Camp 3: Bewusstes Geld &#8211; Gesunde Welt&#8220; &#8211; Gradido im Fokus","datePublished":"2023-04-29T04:00:10+00:00","mainEntityOfPage":{"@id":"https:\/\/gradido.net\/de\/episode-47\/"},"wordCount":263,"publisher":{"@id":"https:\/\/gradido.net\/de\/#organization"},"image":{"@id":"https:\/\/gradido.net\/de\/episode-47\/#primaryimage"},"thumbnailUrl":"https:\/\/gradido.net\/wp-content\/uploads\/2023\/04\/podcast_www_gollmann_karayel.jpg","keywords":["alternative W\u00e4hrung","Bewusstes Geld","Echtzeit-\u00d6konomie","Event-Management","Geldsystem","Gesunde Welt","Gradido","nachhaltige Zukunft","Veranstaltungsplanung","Zukunft Jetzt Camp 3"],"articleSection":["Podcast"],"inLanguage":"ro-RO"},{"@type":"WebPage","@id":"https:\/\/gradido.net\/de\/episode-47\/","url":"https:\/\/gradido.net\/de\/episode-47\/","name":"\"Tab\u0103ra Future Now 3: Bani con\u0219tien\u021bi - o lume s\u0103n\u0103toas\u0103\" - Gradido in Focus - Gradido","isPartOf":{"@id":"https:\/\/gradido.net\/de\/#website"},"primaryImageOfPage":{"@id":"https:\/\/gradido.net\/de\/episode-47\/#primaryimage"},"image":{"@id":"https:\/\/gradido.net\/de\/episode-47\/#primaryimage"},"thumbnailUrl":"https:\/\/gradido.net\/wp-content\/uploads\/2023\/04\/podcast_www_gollmann_karayel.jpg","datePublished":"2023-04-29T04:00:10+00:00","description":"\u00cen cel mai recent episod al Podcastului Gradido, afla\u021bi totul despre viitoarea \"Future Now Camp 3\" sub motto-ul \"Bani con\u0219tien\u021bi - lume s\u0103n\u0103toas\u0103\", unde Gradido va fi tr\u0103it \u00een timp real. Invita\u021bii Teresa Karayel \u0219i Dr. Markus Gollmann arat\u0103 cum poate fi integrat cu succes Gradido \u00een cadrul unui eveniment \u0219i ofer\u0103 sfaturi valoroase pentru implementare. Acest episod ofer\u0103 astfel o perspectiv\u0103 interesant\u0103 asupra aplic\u0103rii Gradido pentru un viitor mai bun.","breadcrumb":{"@id":"https:\/\/gradido.net\/de\/episode-47\/#breadcrumb"},"inLanguage":"ro-RO","potentialAction":[{"@type":"ReadAction","target":["https:\/\/gradido.net\/de\/episode-47\/"]}]},{"@type":"ImageObject","inLanguage":"ro-RO","@id":"https:\/\/gradido.net\/de\/episode-47\/#primaryimage","url":"https:\/\/gradido.net\/wp-content\/uploads\/2023\/04\/podcast_www_gollmann_karayel.jpg","contentUrl":"https:\/\/gradido.net\/wp-content\/uploads\/2023\/04\/podcast_www_gollmann_karayel.jpg","width":700,"height":475},{"@type":"BreadcrumbList","@id":"https:\/\/gradido.net\/de\/episode-47\/#breadcrumb","itemListElement":[{"@type":"ListItem","position":1,"name":"Startseite","item":"https:\/\/gradido.net\/"},{"@type":"ListItem","position":2,"name":"&#8222;Zukunft Jetzt Camp 3: Bewusstes Geld &#8211; Gesunde Welt&#8220; &#8211; Gradido im Fokus"}]},{"@type":"WebSite","@id":"https:\/\/gradido.net\/de\/#website","url":"https:\/\/gradido.net\/de\/","name":"Gradido","description":"Noua moned\u0103 este recuno\u0219tin\u021ba","publisher":{"@id":"https:\/\/gradido.net\/de\/#organization"},"potentialAction":[{"@type":"SearchAction","target":{"@type":"EntryPoint","urlTemplate":"https:\/\/gradido.net\/de\/?s={search_term_string}"},"query-input":{"@type":"PropertyValueSpecification","valueRequired":true,"valueName":"search_term_string"}}],"inLanguage":"ro-RO"},{"@type":"Organization","@id":"https:\/\/gradido.net\/de\/#organization","name":"Gradido","url":"https:\/\/gradido.net\/de\/","logo":{"@type":"ImageObject","inLanguage":"ro-RO","@id":"https:\/\/gradido.net\/de\/#\/schema\/logo\/image\/","url":"https:\/\/gradido.net\/wp-content\/uploads\/2022\/04\/gradido-social.jpg","contentUrl":"https:\/\/gradido.net\/wp-content\/uploads\/2022\/04\/gradido-social.jpg","width":527,"height":273,"caption":"Gradido"},"image":{"@id":"https:\/\/gradido.net\/de\/#\/schema\/logo\/image\/"}},{"@type":"Person","@id":"https:\/\/gradido.net\/de\/#\/schema\/person\/f57399104ec77f2a2d5a68f479b0492f","name":"Philipp Kessler","url":"https:\/\/gradido.net\/ro\/author\/philipp\/"}]}},"_links":{"self":[{"href":"https:\/\/gradido.net\/ro\/wp-json\/wp\/v2\/posts\/6597","targetHints":{"allow":["GET"]}}],"collection":[{"href":"https:\/\/gradido.net\/ro\/wp-json\/wp\/v2\/posts"}],"about":[{"href":"https:\/\/gradido.net\/ro\/wp-json\/wp\/v2\/types\/post"}],"author":[{"embeddable":true,"href":"https:\/\/gradido.net\/ro\/wp-json\/wp\/v2\/users\/12"}],"replies":[{"embeddable":true,"href":"https:\/\/gradido.net\/ro\/wp-json\/wp\/v2\/comments?post=6597"}],"version-history":[{"count":11,"href":"https:\/\/gradido.net\/ro\/wp-json\/wp\/v2\/posts\/6597\/revisions"}],"predecessor-version":[{"id":6608,"href":"https:\/\/gradido.net\/ro\/wp-json\/wp\/v2\/posts\/6597\/revisions\/6608"}],"wp:featuredmedia":[{"embeddable":true,"href":"https:\/\/gradido.net\/ro\/wp-json\/wp\/v2\/media\/6537"}],"wp:attachment":[{"href":"https:\/\/gradido.net\/ro\/wp-json\/wp\/v2\/media?parent=6597"}],"wp:term":[{"taxonomy":"category","embeddable":true,"href":"https:\/\/gradido.net\/ro\/wp-json\/wp\/v2\/categories?post=6597"},{"taxonomy":"post_tag","embeddable":true,"href":"https:\/\/gradido.net\/ro\/wp-json\/wp\/v2\/tags?post=6597"}],"curies":[{"name":"wp","href":"https:\/\/api.w.org\/{rel}","templated":true}]}}