{"id":7329,"date":"2023-08-24T12:24:50","date_gmt":"2023-08-24T10:24:50","guid":{"rendered":"https:\/\/gradido.net\/?p=7329"},"modified":"2026-04-23T07:12:33","modified_gmt":"2026-04-23T05:12:33","slug":"lieblingsstadt-6-wie-lieblingsstadts-buerger-ihre-geliebte-schuhmanufaktur-retten","status":"publish","type":"post","link":"https:\/\/gradido.net\/ro\/lieblingsstadt-6-wie-lieblingsstadts-buerger-ihre-geliebte-schuhmanufaktur-retten\/","title":{"rendered":"Favourite City 6 - Cum salveaz\u0103 cet\u0103\u021benii ora\u0219ului Favourite City iubita lor fabric\u0103 de \u00eenc\u0103l\u021b\u0103minte"},"content":{"rendered":"<div data-elementor-type=\"wp-post\" data-elementor-id=\"7329\" class=\"elementor elementor-7329\" data-elementor-post-type=\"post\">\n\t\t\t\t\t\t<section class=\"elementor-section elementor-top-section elementor-element elementor-element-496e1d53 elementor-section-boxed elementor-section-height-default elementor-section-height-default\" data-id=\"496e1d53\" data-element_type=\"section\" data-e-type=\"section\">\n\t\t\t\t\t\t<div class=\"elementor-container elementor-column-gap-default\">\n\t\t\t\t\t<div class=\"elementor-column elementor-col-100 elementor-top-column elementor-element elementor-element-461d7be0\" data-id=\"461d7be0\" data-element_type=\"column\" data-e-type=\"column\">\n\t\t\t<div class=\"elementor-widget-wrap elementor-element-populated\">\n\t\t\t\t\t\t<div class=\"elementor-element elementor-element-cd9ebe2 elementor-widget elementor-widget-text-editor\" data-id=\"cd9ebe2\" data-element_type=\"widget\" data-e-type=\"widget\" data-widget_type=\"text-editor.default\">\n\t\t\t\t<div class=\"elementor-widget-container\">\n\t\t\t\t\t\t\t\t\t<p style=\"text-align: right;\"><em>\"C\u00e2nd politica \u0219i afacerile ne dezam\u0103gesc, ne lu\u0103m soarta \u00een propriile m\u00e2ini \u0219i ar\u0103t\u0103m ce poate face cooperarea combinat\u0103 cu o m\u0103iestrie excelent\u0103.\"<\/em><\/p><p>Drag\u0103 cititorule,<\/p><p>\u00een ora\u0219ul pitoresc Lieblingsstadt, cunoscut pentru produc\u021bia de \u00eenc\u0103l\u021b\u0103minte de \u00eenalt\u0103 calitate, compania \"Lieblingsst\u00e4dter Schuhe\" \u0219i-a cl\u0103dit o reputa\u021bie interna\u021bional\u0103. Cu toate acestea, la fel ca \u00een cazul multor alte companii, concuren\u021ba interna\u021bional\u0103 a fost prea puternic\u0103, iar \"Lieblingsst\u00e4dter\" nu a putut \u021bine pasul. Falimentul companiei a dus la pierderea locurilor de munc\u0103 pentru mul\u021bi cet\u0103\u021beni din Lieblingsstadt.<\/p>\t\t\t\t\t\t\t\t<\/div>\n\t\t\t\t<\/div>\n\t\t\t\t<div class=\"elementor-element elementor-element-b482206 elementor-widget elementor-widget-image\" data-id=\"b482206\" data-element_type=\"widget\" data-e-type=\"widget\" data-widget_type=\"image.default\">\n\t\t\t\t<div class=\"elementor-widget-container\">\n\t\t\t\t\t\t\t\t\t\t\t\t\t\t\t<img fetchpriority=\"high\" decoding=\"async\" width=\"500\" height=\"312\" src=\"https:\/\/gradido.net\/wp-content\/uploads\/2023\/08\/Geschlossen_500.jpg\" class=\"attachment-full size-full wp-image-7333\" alt=\"\" srcset=\"https:\/\/gradido.net\/wp-content\/uploads\/2023\/08\/Geschlossen_500.jpg 500w, https:\/\/gradido.net\/wp-content\/uploads\/2023\/08\/Geschlossen_500-300x187.jpg 300w, https:\/\/gradido.net\/wp-content\/uploads\/2023\/08\/Geschlossen_500-18x12.jpg 18w\" sizes=\"(max-width: 500px) 100vw, 500px\" \/>\t\t\t\t\t\t\t\t\t\t\t\t\t\t\t<\/div>\n\t\t\t\t<\/div>\n\t\t\t\t<div class=\"elementor-element elementor-element-c5e61d4 elementor-widget elementor-widget-text-editor\" data-id=\"c5e61d4\" data-element_type=\"widget\" data-e-type=\"widget\" data-widget_type=\"text-editor.default\">\n\t\t\t\t<div class=\"elementor-widget-container\">\n\t\t\t\t\t\t\t\t\t<p>Aceast\u0103 pierdere a fost o lovitur\u0103 grea pentru ora\u0219. Veniturile din impozitul pe profit au sc\u0103zut enorm. Acest lucru a avut efecte profunde asupra vie\u021bii publice \u0219i a infrastructurii. A fost o perioad\u0103 neagr\u0103 pentru Lieblingsstadt.<\/p><p>Dar, \u00een mijlocul furtunii financiare, a ap\u0103rut o raz\u0103 de speran\u021b\u0103. Un grup de fo\u0219ti angaja\u021bi ai Lieblingsst\u00e4dter s-au reunit - hot\u0103r\u00e2\u021bi s\u0103 sfideze soarta. Ei au decis s\u0103 continue s\u0103 se ofere voluntar \u00een ceea ce \u0219tiu s\u0103 fac\u0103 cel mai bine: s\u0103 produc\u0103 pantofi de \u00eenalt\u0103 calitate.<\/p><p>Momentul nu ar fi putut fi mai potrivit, deoarece cu pu\u021bin timp \u00eenainte de faliment, primarul Michael Miteinand a introdus sistemul de remunerare Gradido \u00een Lieblingsstadt. Acest model remunereaz\u0103 munca voluntar\u0103 cu puncte de mul\u021bumire Gradido, pentru care angaja\u021bii implica\u021bi primesc reduceri \u0219i beneficii. Aceste puncte le permit voluntarilor s\u0103 \u00ee\u0219i reduc\u0103 cheltuielile de trai \u00een timp ce fac ceea ce le place.<\/p><p><strong>Astfel, un e\u0219ec serios s-a transformat \u00eentr-o nou\u0103 oportunitate pentru Favourite City \u0219i locuitorii s\u0103i.<\/strong><\/p><p>Pentru a pune proiectul impresionant al fabricii voluntare de \u00eenc\u0103l\u021b\u0103minte pe o baz\u0103 legal\u0103 sigur\u0103, primarul Miteinand a convocat o echip\u0103 de exper\u021bi. Au fost invita\u021bi avoca\u021bi, consultan\u021bi fiscali, manageri de proiect, exper\u021bi \u00een marketing, jurnali\u0219ti \u0219i reprezentan\u021bi ai b\u0103ncilor. A participat \u0219i administratorul judiciar. Ace\u0219tia au ales ca loc de \u00eent\u00e2lnire Pizzeria Napoli, locul unde s-a n\u0103scut ideea.<\/p>\t\t\t\t\t\t\t\t<\/div>\n\t\t\t\t<\/div>\n\t\t\t\t<div class=\"elementor-element elementor-element-f223bb6 elementor-widget elementor-widget-image\" data-id=\"f223bb6\" data-element_type=\"widget\" data-e-type=\"widget\" data-widget_type=\"image.default\">\n\t\t\t\t<div class=\"elementor-widget-container\">\n\t\t\t\t\t\t\t\t\t\t\t\t\t\t\t<img decoding=\"async\" width=\"500\" height=\"333\" src=\"https:\/\/gradido.net\/wp-content\/uploads\/2023\/08\/Expertenteam_500.jpg\" class=\"attachment-full size-full wp-image-7334\" alt=\"\" srcset=\"https:\/\/gradido.net\/wp-content\/uploads\/2023\/08\/Expertenteam_500.jpg 500w, https:\/\/gradido.net\/wp-content\/uploads\/2023\/08\/Expertenteam_500-300x200.jpg 300w, https:\/\/gradido.net\/wp-content\/uploads\/2023\/08\/Expertenteam_500-18x12.jpg 18w\" sizes=\"(max-width: 500px) 100vw, 500px\" \/>\t\t\t\t\t\t\t\t\t\t\t\t\t\t\t<\/div>\n\t\t\t\t<\/div>\n\t\t\t\t<div class=\"elementor-element elementor-element-0499f3c elementor-widget elementor-widget-text-editor\" data-id=\"0499f3c\" data-element_type=\"widget\" data-e-type=\"widget\" data-widget_type=\"text-editor.default\">\n\t\t\t\t<div class=\"elementor-widget-container\">\n\t\t\t\t\t\t\t\t\t<p>\u00cen cursul unor discu\u021bii intense, s-a convenit asupra numelui de marc\u0103 \"Lieblingsst\u00e4dter Ehrenamt\". S-a discutat, de asemenea, forma juridic\u0103 adecvat\u0103. Au fost preselectate o asocia\u021bie, o cooperativ\u0103 sau o combina\u021bie a celor dou\u0103.<\/p><p>Grupul de exper\u021bi a convenit cu administratorul judiciar s\u0103 achizi\u021bioneze o parte din utilaje \u0219i spa\u021bii de la masa falimentar\u0103 la un pre\u021b rezonabil. Toate profiturile urmau s\u0103 promoveze munca voluntar\u0103 \u0219i s\u0103 serveasc\u0103 la bun\u0103starea tuturor locuitorilor din Lieblingsstadt.<\/p><h3>\u0218i apoi s-a \u00eent\u00e2mplat ceva de neconceput:\u00a0<\/h3><p>Proiectul nu a fost doar un succes - a fost un succes uria\u0219! Marca \"Lieblingsst\u00e4dter Ehrenamt\" a devenit cunoscut\u0103 \u0219i iubit\u0103 \u00een toat\u0103 lumea. Pantofii \u00een sine au devenit un obiect de cult \u00een \u00eentreaga lume vorbitoare de limb\u0103 german\u0103. Vederea lor a fost asociat\u0103 imediat cu munca voluntar\u0103 dedicat\u0103.<\/p>\t\t\t\t\t\t\t\t<\/div>\n\t\t\t\t<\/div>\n\t\t\t\t<div class=\"elementor-element elementor-element-392458a elementor-widget elementor-widget-image\" data-id=\"392458a\" data-element_type=\"widget\" data-e-type=\"widget\" data-widget_type=\"image.default\">\n\t\t\t\t<div class=\"elementor-widget-container\">\n\t\t\t\t\t\t\t\t\t\t\t\t\t\t\t<img decoding=\"async\" width=\"500\" height=\"260\" src=\"https:\/\/gradido.net\/wp-content\/uploads\/2023\/08\/Lampe_Rakete_500.jpg\" class=\"attachment-full size-full wp-image-7335\" alt=\"\" srcset=\"https:\/\/gradido.net\/wp-content\/uploads\/2023\/08\/Lampe_Rakete_500.jpg 500w, https:\/\/gradido.net\/wp-content\/uploads\/2023\/08\/Lampe_Rakete_500-300x156.jpg 300w, https:\/\/gradido.net\/wp-content\/uploads\/2023\/08\/Lampe_Rakete_500-18x9.jpg 18w\" sizes=\"(max-width: 500px) 100vw, 500px\" \/>\t\t\t\t\t\t\t\t\t\t\t\t\t\t\t<\/div>\n\t\t\t\t<\/div>\n\t\t\t\t<div class=\"elementor-element elementor-element-8fcbf61 elementor-widget elementor-widget-text-editor\" data-id=\"8fcbf61\" data-element_type=\"widget\" data-e-type=\"widget\" data-widget_type=\"text-editor.default\">\n\t\t\t\t<div class=\"elementor-widget-container\">\n\t\t\t\t\t\t\t\t\t<p>\u00centr-o perioad\u0103 de mari provoc\u0103ri, Ora\u0219ul Favorit, cu sistemul de recompense Gradido \u0219i inventivitatea cet\u0103\u021benilor s\u0103i, se dovede\u0219te \u00eenc\u0103 o dat\u0103 a fi un exemplu str\u0103lucit al modului \u00een care spiritul comunitar \u0219i spiritul inovator pot dep\u0103\u0219i chiar \u0219i cele mai mari obstacole.<\/p>\t\t\t\t\t\t\t\t<\/div>\n\t\t\t\t<\/div>\n\t\t\t\t<div class=\"elementor-element elementor-element-e858257 elementor-widget-divider--view-line elementor-widget elementor-widget-divider\" data-id=\"e858257\" data-element_type=\"widget\" data-e-type=\"widget\" data-widget_type=\"divider.default\">\n\t\t\t\t<div class=\"elementor-widget-container\">\n\t\t\t\t\t\t\t<div class=\"elementor-divider\">\n\t\t\t<span class=\"elementor-divider-separator\">\n\t\t\t\t\t\t<\/span>\n\t\t<\/div>\n\t\t\t\t\t\t<\/div>\n\t\t\t\t<\/div>\n\t\t\t\t<div class=\"elementor-element elementor-element-d74dfa0 elementor-widget elementor-widget-text-editor\" data-id=\"d74dfa0\" data-element_type=\"widget\" data-e-type=\"widget\" data-widget_type=\"text-editor.default\">\n\t\t\t\t<div class=\"elementor-widget-container\">\n\t\t\t\t\t\t\t\t\t<div data-pm-slice=\"1 1 []\" data-en-clipboard=\"true\"><p>\u00cen seria noastr\u0103 <strong>\"Gradido \u00een ora\u0219ul preferat\" <\/strong>\u00een prezent devine din ce \u00een ce mai concret \u0219i din punct de vedere economic: \u00cen aceast\u0103 a \u0219asea contribu\u021bie, locuitorii favori\u021bi ai ora\u0219ului \u00ee\u0219i salveaz\u0103 fabrica de \u00eenc\u0103l\u021b\u0103minte cu ajutorul sistemului de compensa\u021bii onorifice \"Gradido\". \u00cen urm\u0103toarele dou\u0103 episoade, vor fi salvate fabrica de bere \u0219i spitalul. Acest lucru ar trebui s\u0103 clarifice principiul.<\/p><p><strong>Nu ezita\u021bi s\u0103 transmite\u021bi aceast\u0103 serie consiliului municipal, asocia\u021biilor \u0219i comercian\u021bilor din ora\u0219ul dumneavoastr\u0103!<\/strong><\/p><p>Depinde de fiecare dintre noi s\u0103 ac\u021bion\u0103m \u0219i s\u0103 contribuim la oprirea spiralei descendente.\u00a0<\/p><p>Cu Gradido, avem un instrument eficient pentru a ne modela \u00een mod pozitiv vie\u021bile \u0219i a ne salva economia. \u00cempreun\u0103 transform\u0103m ora\u0219ele \u0219i localit\u0103\u021bile noastre \u00een oaze vibrante \u0219i \u00eenfloritoare - locurile noastre preferate!<\/p><p>Cu stim\u0103<\/p><\/div><p>Al dumneavoastr\u0103<\/p><p><img loading=\"lazy\" decoding=\"async\" class=\"alignnone wp-image-4614 size-medium\" src=\"https:\/\/gradido.net\/wp-content\/uploads\/2022\/06\/MargretBernd_2022-300x74.png\" alt=\"\" width=\"300\" height=\"74\" srcset=\"https:\/\/gradido.net\/wp-content\/uploads\/2022\/06\/MargretBernd_2022-300x74.png 300w, https:\/\/gradido.net\/wp-content\/uploads\/2022\/06\/MargretBernd_2022-18x4.png 18w, https:\/\/gradido.net\/wp-content\/uploads\/2022\/06\/MargretBernd_2022.png 431w\" sizes=\"(max-width: 300px) 100vw, 300px\" \/><\/p><p>Margret Baier \u0219i Bernd H\u00fcckst\u00e4dt<br \/>Fondator \u0219i dezvoltator Gradido<\/p>\t\t\t\t\t\t\t\t<\/div>\n\t\t\t\t<\/div>\n\t\t\t\t\t<\/div>\n\t\t<\/div>\n\t\t\t\t\t<\/div>\n\t\t<\/section>\n\t\t\t\t<section class=\"elementor-section elementor-top-section elementor-element elementor-element-926a35c elementor-section-boxed elementor-section-height-default elementor-section-height-default\" data-id=\"926a35c\" data-element_type=\"section\" data-e-type=\"section\">\n\t\t\t\t\t\t<div class=\"elementor-container elementor-column-gap-default\">\n\t\t\t\t\t<div class=\"elementor-column elementor-col-100 elementor-top-column elementor-element elementor-element-e7d46ab\" data-id=\"e7d46ab\" data-element_type=\"column\" data-e-type=\"column\">\n\t\t\t<div class=\"elementor-widget-wrap elementor-element-populated\">\n\t\t\t\t\t\t<div class=\"elementor-element elementor-element-37c8707 elementor-position-inline-start white-links elementor-widget__width-initial elementor-view-default elementor-mobile-position-block-start elementor-widget elementor-widget-icon-box\" data-id=\"37c8707\" data-element_type=\"widget\" data-e-type=\"widget\" data-no-translation=\"\" data-widget_type=\"icon-box.default\">\n\t\t\t\t<div class=\"elementor-widget-container\">\n\t\t\t\t\t<style>.elementor-element-37c8707{display:none !important}<\/style>\t\t\t\t<\/div>\n\t\t\t\t<\/div>\n\t\t\t\t\t<\/div>\n\t\t<\/div>\n\t\t\t\t\t<\/div>\n\t\t<\/section>\n\t\t\t\t<section class=\"elementor-section elementor-top-section elementor-element elementor-element-14532fe elementor-section-boxed elementor-section-height-default elementor-section-height-default\" data-id=\"14532fe\" data-element_type=\"section\" data-e-type=\"section\">\n\t\t\t\t\t\t<div class=\"elementor-container elementor-column-gap-default\">\n\t\t\t\t\t<div class=\"elementor-column elementor-col-100 elementor-top-column elementor-element elementor-element-65d2298\" data-id=\"65d2298\" data-element_type=\"column\" data-e-type=\"column\">\n\t\t\t<div class=\"elementor-widget-wrap elementor-element-populated\">\n\t\t\t\t\t\t<div class=\"elementor-element elementor-element-83f01fa elementor-widget elementor-widget-global elementor-global-9341 elementor-widget-text-editor\" data-id=\"83f01fa\" data-element_type=\"widget\" data-e-type=\"widget\" data-widget_type=\"text-editor.default\">\n\t\t\t\t<div class=\"elementor-widget-container\">\n\t\t\t\t\t\t\t\t\t<p><strong>PS:\u00a0<span style=\"color: #ff6600;\"><a style=\"color: #ff6600;\" href=\"https:\/\/gradido.net\/ro\/donations\/\">Datorit\u0103 importan\u021bei tot mai mari a Gradido, repet\u0103m campania noastr\u0103 de recuno\u0219tin\u021b\u0103 pe 26 iunie 2026:<\/a>\u00a0<\/span><span style=\"color: #0000ff;\"><a style=\"color: #0000ff;\" href=\"https:\/\/gradido.net\/ro\/donations\/\">\u00cen plus fa\u021b\u0103 de GradidoTransform multiple pentru contribu\u021bia dvs. de sponsorizare, vom cre\u0219te toate soldurile conturilor GDT cu 26% pe 26\/06\/2016. Sponsorizeaz\u0103 acum \u0219i bucur\u0103-te de suma multipl\u0103 a GDT!<\/a><\/span><\/strong><\/p>\t\t\t\t\t\t\t\t<\/div>\n\t\t\t\t<\/div>\n\t\t\t\t\t<\/div>\n\t\t<\/div>\n\t\t\t\t\t<\/div>\n\t\t<\/section>\n\t\t\t\t<\/div>","protected":false},"excerpt":{"rendered":"<p>Fo\u0219ti angaja\u021bi ai Lieblingsst\u00e4dter Schuhmanufaktur se reunesc - hot\u0103r\u00e2\u021bi s\u0103 sfideze soarta. Ace\u0219tia decid s\u0103 continue s\u0103 fac\u0103 ceea ce \u0219tiu s\u0103 fac\u0103 cel mai bine pe baz\u0103 de voluntariat: s\u0103 produc\u0103 pantofi de \u00eenalt\u0103 calitate.<\/p>","protected":false},"author":2,"featured_media":7332,"comment_status":"closed","ping_status":"closed","sticky":false,"template":"","format":"standard","meta":{"footnotes":""},"categories":[11,53],"tags":[22],"class_list":["post-7329","post","type-post","status-publish","format-standard","has-post-thumbnail","hentry","category-blog","category-lieblingsstadt","tag-bild-oben"],"yoast_head":"<!-- This site is optimized with the Yoast SEO plugin v27.5 - https:\/\/yoast.com\/product\/yoast-seo-wordpress\/ -->\n<title>Lieblingsstadt 6 \u2013 Wie Lieblingsstadts B\u00fcrger ihre geliebte Schuhmanufaktur retten - Gradido<\/title>\n<meta name=\"description\" content=\"Ehemaliger Mitarbeiter der Lieblingsst\u00e4dter Schuhmanufaktur treten zusammen \u2013 entschlossen, dem Schicksal zu trotzen. Sie beschlie\u00dfen, ehrenamtlich weiterzumachen mit dem, was sie am besten k\u00f6nnen: n\u00e4mlich hochwertige Schuhe herzustellen.\" \/>\n<meta name=\"robots\" content=\"index, follow, max-snippet:-1, max-image-preview:large, max-video-preview:-1\" \/>\n<link rel=\"canonical\" href=\"https:\/\/gradido.net\/ro\/lieblingsstadt-6-wie-lieblingsstadts-buerger-ihre-geliebte-schuhmanufaktur-retten\/\" \/>\n<meta property=\"og:locale\" content=\"ro_RO\" \/>\n<meta property=\"og:type\" content=\"article\" \/>\n<meta property=\"og:title\" content=\"Lieblingsstadt 6 \u2013 Wie Lieblingsstadts B\u00fcrger ihre geliebte Schuhmanufaktur retten - Gradido\" \/>\n<meta property=\"og:description\" content=\"Ehemaliger Mitarbeiter der Lieblingsst\u00e4dter Schuhmanufaktur treten zusammen \u2013 entschlossen, dem Schicksal zu trotzen. Sie beschlie\u00dfen, ehrenamtlich weiterzumachen mit dem, was sie am besten k\u00f6nnen: n\u00e4mlich hochwertige Schuhe herzustellen.\" \/>\n<meta property=\"og:url\" content=\"https:\/\/gradido.net\/ro\/lieblingsstadt-6-wie-lieblingsstadts-buerger-ihre-geliebte-schuhmanufaktur-retten\/\" \/>\n<meta property=\"og:site_name\" content=\"Gradido\" \/>\n<meta property=\"article:published_time\" content=\"2023-08-24T10:24:50+00:00\" \/>\n<meta property=\"article:modified_time\" content=\"2026-04-23T05:12:33+00:00\" \/>\n<meta property=\"og:image\" content=\"https:\/\/gradido.net\/wp-content\/uploads\/2023\/08\/Schuharbeiter_1920_2.jpg\" \/>\n\t<meta property=\"og:image:width\" content=\"1920\" \/>\n\t<meta property=\"og:image:height\" content=\"1200\" \/>\n\t<meta property=\"og:image:type\" content=\"image\/jpeg\" \/>\n<meta name=\"author\" content=\"Bernd H\u00fcckst\u00e4dt\" \/>\n<meta name=\"twitter:card\" content=\"summary_large_image\" \/>\n<meta name=\"twitter:label1\" content=\"Scris de\" \/>\n\t<meta name=\"twitter:data1\" content=\"Bernd H\u00fcckst\u00e4dt\" \/>\n\t<meta name=\"twitter:label2\" content=\"Timp estimat pentru citire\" \/>\n\t<meta name=\"twitter:data2\" content=\"5 minute\" \/>\n<script type=\"application\/ld+json\" class=\"yoast-schema-graph\">{\"@context\":\"https:\\\/\\\/schema.org\",\"@graph\":[{\"@type\":\"Article\",\"@id\":\"https:\\\/\\\/gradido.net\\\/lieblingsstadt-6-wie-lieblingsstadts-buerger-ihre-geliebte-schuhmanufaktur-retten\\\/#article\",\"isPartOf\":{\"@id\":\"https:\\\/\\\/gradido.net\\\/lieblingsstadt-6-wie-lieblingsstadts-buerger-ihre-geliebte-schuhmanufaktur-retten\\\/\"},\"author\":{\"name\":\"Bernd H\u00fcckst\u00e4dt\",\"@id\":\"https:\\\/\\\/gradido.net\\\/de\\\/#\\\/schema\\\/person\\\/9c503a004ad15a1ddecadce2218db5d1\"},\"headline\":\"Lieblingsstadt 6 \u2013 Wie Lieblingsstadts B\u00fcrger ihre geliebte Schuhmanufaktur retten\",\"datePublished\":\"2023-08-24T10:24:50+00:00\",\"dateModified\":\"2026-04-23T05:12:33+00:00\",\"mainEntityOfPage\":{\"@id\":\"https:\\\/\\\/gradido.net\\\/lieblingsstadt-6-wie-lieblingsstadts-buerger-ihre-geliebte-schuhmanufaktur-retten\\\/\"},\"wordCount\":643,\"publisher\":{\"@id\":\"https:\\\/\\\/gradido.net\\\/de\\\/#organization\"},\"image\":{\"@id\":\"https:\\\/\\\/gradido.net\\\/lieblingsstadt-6-wie-lieblingsstadts-buerger-ihre-geliebte-schuhmanufaktur-retten\\\/#primaryimage\"},\"thumbnailUrl\":\"https:\\\/\\\/gradido.net\\\/wp-content\\\/uploads\\\/2023\\\/08\\\/Schuharbeiter_1920_2.jpg\",\"keywords\":[\"Bild oben\"],\"articleSection\":[\"Blog\",\"Lieblingsstadt\"],\"inLanguage\":\"ro-RO\"},{\"@type\":\"WebPage\",\"@id\":\"https:\\\/\\\/gradido.net\\\/lieblingsstadt-6-wie-lieblingsstadts-buerger-ihre-geliebte-schuhmanufaktur-retten\\\/\",\"url\":\"https:\\\/\\\/gradido.net\\\/lieblingsstadt-6-wie-lieblingsstadts-buerger-ihre-geliebte-schuhmanufaktur-retten\\\/\",\"name\":\"Lieblingsstadt 6 \u2013 Wie Lieblingsstadts B\u00fcrger ihre geliebte Schuhmanufaktur retten - Gradido\",\"isPartOf\":{\"@id\":\"https:\\\/\\\/gradido.net\\\/de\\\/#website\"},\"primaryImageOfPage\":{\"@id\":\"https:\\\/\\\/gradido.net\\\/lieblingsstadt-6-wie-lieblingsstadts-buerger-ihre-geliebte-schuhmanufaktur-retten\\\/#primaryimage\"},\"image\":{\"@id\":\"https:\\\/\\\/gradido.net\\\/lieblingsstadt-6-wie-lieblingsstadts-buerger-ihre-geliebte-schuhmanufaktur-retten\\\/#primaryimage\"},\"thumbnailUrl\":\"https:\\\/\\\/gradido.net\\\/wp-content\\\/uploads\\\/2023\\\/08\\\/Schuharbeiter_1920_2.jpg\",\"datePublished\":\"2023-08-24T10:24:50+00:00\",\"dateModified\":\"2026-04-23T05:12:33+00:00\",\"description\":\"Ehemaliger Mitarbeiter der Lieblingsst\u00e4dter Schuhmanufaktur treten zusammen \u2013 entschlossen, dem Schicksal zu trotzen. Sie beschlie\u00dfen, ehrenamtlich weiterzumachen mit dem, was sie am besten k\u00f6nnen: n\u00e4mlich hochwertige Schuhe herzustellen.\",\"breadcrumb\":{\"@id\":\"https:\\\/\\\/gradido.net\\\/lieblingsstadt-6-wie-lieblingsstadts-buerger-ihre-geliebte-schuhmanufaktur-retten\\\/#breadcrumb\"},\"inLanguage\":\"ro-RO\",\"potentialAction\":[{\"@type\":\"ReadAction\",\"target\":[\"https:\\\/\\\/gradido.net\\\/lieblingsstadt-6-wie-lieblingsstadts-buerger-ihre-geliebte-schuhmanufaktur-retten\\\/\"]}]},{\"@type\":\"ImageObject\",\"inLanguage\":\"ro-RO\",\"@id\":\"https:\\\/\\\/gradido.net\\\/lieblingsstadt-6-wie-lieblingsstadts-buerger-ihre-geliebte-schuhmanufaktur-retten\\\/#primaryimage\",\"url\":\"https:\\\/\\\/gradido.net\\\/wp-content\\\/uploads\\\/2023\\\/08\\\/Schuharbeiter_1920_2.jpg\",\"contentUrl\":\"https:\\\/\\\/gradido.net\\\/wp-content\\\/uploads\\\/2023\\\/08\\\/Schuharbeiter_1920_2.jpg\",\"width\":1920,\"height\":1200},{\"@type\":\"BreadcrumbList\",\"@id\":\"https:\\\/\\\/gradido.net\\\/lieblingsstadt-6-wie-lieblingsstadts-buerger-ihre-geliebte-schuhmanufaktur-retten\\\/#breadcrumb\",\"itemListElement\":[{\"@type\":\"ListItem\",\"position\":1,\"name\":\"Startseite\",\"item\":\"https:\\\/\\\/gradido.net\\\/\"},{\"@type\":\"ListItem\",\"position\":2,\"name\":\"Lieblingsstadt 6 \u2013 Wie Lieblingsstadts B\u00fcrger ihre geliebte Schuhmanufaktur retten\"}]},{\"@type\":\"WebSite\",\"@id\":\"https:\\\/\\\/gradido.net\\\/de\\\/#website\",\"url\":\"https:\\\/\\\/gradido.net\\\/de\\\/\",\"name\":\"Gradido\",\"description\":\"Die neue W\u00e4hrung hei\u00dft Dankbarkeit\",\"publisher\":{\"@id\":\"https:\\\/\\\/gradido.net\\\/de\\\/#organization\"},\"potentialAction\":[{\"@type\":\"SearchAction\",\"target\":{\"@type\":\"EntryPoint\",\"urlTemplate\":\"https:\\\/\\\/gradido.net\\\/de\\\/?s={search_term_string}\"},\"query-input\":{\"@type\":\"PropertyValueSpecification\",\"valueRequired\":true,\"valueName\":\"search_term_string\"}}],\"inLanguage\":\"ro-RO\"},{\"@type\":\"Organization\",\"@id\":\"https:\\\/\\\/gradido.net\\\/de\\\/#organization\",\"name\":\"Gradido\",\"url\":\"https:\\\/\\\/gradido.net\\\/de\\\/\",\"logo\":{\"@type\":\"ImageObject\",\"inLanguage\":\"ro-RO\",\"@id\":\"https:\\\/\\\/gradido.net\\\/de\\\/#\\\/schema\\\/logo\\\/image\\\/\",\"url\":\"https:\\\/\\\/gradido.net\\\/wp-content\\\/uploads\\\/2022\\\/04\\\/gradido-social.jpg\",\"contentUrl\":\"https:\\\/\\\/gradido.net\\\/wp-content\\\/uploads\\\/2022\\\/04\\\/gradido-social.jpg\",\"width\":527,\"height\":273,\"caption\":\"Gradido\"},\"image\":{\"@id\":\"https:\\\/\\\/gradido.net\\\/de\\\/#\\\/schema\\\/logo\\\/image\\\/\"}},{\"@type\":\"Person\",\"@id\":\"https:\\\/\\\/gradido.net\\\/de\\\/#\\\/schema\\\/person\\\/9c503a004ad15a1ddecadce2218db5d1\",\"name\":\"Bernd H\u00fcckst\u00e4dt\",\"sameAs\":[\"https:\\\/\\\/gradido.net\"],\"url\":\"https:\\\/\\\/gradido.net\\\/ro\\\/author\\\/bernd\\\/\"}]}<\/script>\n<!-- \/ Yoast SEO plugin. -->","yoast_head_json":{"title":"Favourite City 6 - Cum salveaz\u0103 cet\u0103\u021benii ora\u0219ului Favourite City iubita lor fabric\u0103 de pantofi - Gradido","description":"Fo\u0219ti angaja\u021bi ai Lieblingsst\u00e4dter Schuhmanufaktur se reunesc - hot\u0103r\u00e2\u021bi s\u0103 sfideze soarta. Ace\u0219tia decid s\u0103 continue s\u0103 fac\u0103 ceea ce \u0219tiu s\u0103 fac\u0103 cel mai bine pe baz\u0103 de voluntariat: s\u0103 produc\u0103 pantofi de \u00eenalt\u0103 calitate.","robots":{"index":"index","follow":"follow","max-snippet":"max-snippet:-1","max-image-preview":"max-image-preview:large","max-video-preview":"max-video-preview:-1"},"canonical":"https:\/\/gradido.net\/ro\/lieblingsstadt-6-wie-lieblingsstadts-buerger-ihre-geliebte-schuhmanufaktur-retten\/","og_locale":"ro_RO","og_type":"article","og_title":"Lieblingsstadt 6 \u2013 Wie Lieblingsstadts B\u00fcrger ihre geliebte Schuhmanufaktur retten - Gradido","og_description":"Ehemaliger Mitarbeiter der Lieblingsst\u00e4dter Schuhmanufaktur treten zusammen \u2013 entschlossen, dem Schicksal zu trotzen. Sie beschlie\u00dfen, ehrenamtlich weiterzumachen mit dem, was sie am besten k\u00f6nnen: n\u00e4mlich hochwertige Schuhe herzustellen.","og_url":"https:\/\/gradido.net\/ro\/lieblingsstadt-6-wie-lieblingsstadts-buerger-ihre-geliebte-schuhmanufaktur-retten\/","og_site_name":"Gradido","article_published_time":"2023-08-24T10:24:50+00:00","article_modified_time":"2026-04-23T05:12:33+00:00","og_image":[{"width":1920,"height":1200,"url":"https:\/\/gradido.net\/wp-content\/uploads\/2023\/08\/Schuharbeiter_1920_2.jpg","type":"image\/jpeg"}],"author":"Bernd H\u00fcckst\u00e4dt","twitter_card":"summary_large_image","twitter_misc":{"Scris de":"Bernd H\u00fcckst\u00e4dt","Timp estimat pentru citire":"5 minute"},"schema":{"@context":"https:\/\/schema.org","@graph":[{"@type":"Article","@id":"https:\/\/gradido.net\/lieblingsstadt-6-wie-lieblingsstadts-buerger-ihre-geliebte-schuhmanufaktur-retten\/#article","isPartOf":{"@id":"https:\/\/gradido.net\/lieblingsstadt-6-wie-lieblingsstadts-buerger-ihre-geliebte-schuhmanufaktur-retten\/"},"author":{"name":"Bernd H\u00fcckst\u00e4dt","@id":"https:\/\/gradido.net\/de\/#\/schema\/person\/9c503a004ad15a1ddecadce2218db5d1"},"headline":"Lieblingsstadt 6 \u2013 Wie Lieblingsstadts B\u00fcrger ihre geliebte Schuhmanufaktur retten","datePublished":"2023-08-24T10:24:50+00:00","dateModified":"2026-04-23T05:12:33+00:00","mainEntityOfPage":{"@id":"https:\/\/gradido.net\/lieblingsstadt-6-wie-lieblingsstadts-buerger-ihre-geliebte-schuhmanufaktur-retten\/"},"wordCount":643,"publisher":{"@id":"https:\/\/gradido.net\/de\/#organization"},"image":{"@id":"https:\/\/gradido.net\/lieblingsstadt-6-wie-lieblingsstadts-buerger-ihre-geliebte-schuhmanufaktur-retten\/#primaryimage"},"thumbnailUrl":"https:\/\/gradido.net\/wp-content\/uploads\/2023\/08\/Schuharbeiter_1920_2.jpg","keywords":["Bild oben"],"articleSection":["Blog","Lieblingsstadt"],"inLanguage":"ro-RO"},{"@type":"WebPage","@id":"https:\/\/gradido.net\/lieblingsstadt-6-wie-lieblingsstadts-buerger-ihre-geliebte-schuhmanufaktur-retten\/","url":"https:\/\/gradido.net\/lieblingsstadt-6-wie-lieblingsstadts-buerger-ihre-geliebte-schuhmanufaktur-retten\/","name":"Favourite City 6 - Cum salveaz\u0103 cet\u0103\u021benii ora\u0219ului Favourite City iubita lor fabric\u0103 de pantofi - Gradido","isPartOf":{"@id":"https:\/\/gradido.net\/de\/#website"},"primaryImageOfPage":{"@id":"https:\/\/gradido.net\/lieblingsstadt-6-wie-lieblingsstadts-buerger-ihre-geliebte-schuhmanufaktur-retten\/#primaryimage"},"image":{"@id":"https:\/\/gradido.net\/lieblingsstadt-6-wie-lieblingsstadts-buerger-ihre-geliebte-schuhmanufaktur-retten\/#primaryimage"},"thumbnailUrl":"https:\/\/gradido.net\/wp-content\/uploads\/2023\/08\/Schuharbeiter_1920_2.jpg","datePublished":"2023-08-24T10:24:50+00:00","dateModified":"2026-04-23T05:12:33+00:00","description":"Fo\u0219ti angaja\u021bi ai Lieblingsst\u00e4dter Schuhmanufaktur se reunesc - hot\u0103r\u00e2\u021bi s\u0103 sfideze soarta. Ace\u0219tia decid s\u0103 continue s\u0103 fac\u0103 ceea ce \u0219tiu s\u0103 fac\u0103 cel mai bine pe baz\u0103 de voluntariat: s\u0103 produc\u0103 pantofi de \u00eenalt\u0103 calitate.","breadcrumb":{"@id":"https:\/\/gradido.net\/lieblingsstadt-6-wie-lieblingsstadts-buerger-ihre-geliebte-schuhmanufaktur-retten\/#breadcrumb"},"inLanguage":"ro-RO","potentialAction":[{"@type":"ReadAction","target":["https:\/\/gradido.net\/lieblingsstadt-6-wie-lieblingsstadts-buerger-ihre-geliebte-schuhmanufaktur-retten\/"]}]},{"@type":"ImageObject","inLanguage":"ro-RO","@id":"https:\/\/gradido.net\/lieblingsstadt-6-wie-lieblingsstadts-buerger-ihre-geliebte-schuhmanufaktur-retten\/#primaryimage","url":"https:\/\/gradido.net\/wp-content\/uploads\/2023\/08\/Schuharbeiter_1920_2.jpg","contentUrl":"https:\/\/gradido.net\/wp-content\/uploads\/2023\/08\/Schuharbeiter_1920_2.jpg","width":1920,"height":1200},{"@type":"BreadcrumbList","@id":"https:\/\/gradido.net\/lieblingsstadt-6-wie-lieblingsstadts-buerger-ihre-geliebte-schuhmanufaktur-retten\/#breadcrumb","itemListElement":[{"@type":"ListItem","position":1,"name":"Startseite","item":"https:\/\/gradido.net\/"},{"@type":"ListItem","position":2,"name":"Lieblingsstadt 6 \u2013 Wie Lieblingsstadts B\u00fcrger ihre geliebte Schuhmanufaktur retten"}]},{"@type":"WebSite","@id":"https:\/\/gradido.net\/de\/#website","url":"https:\/\/gradido.net\/de\/","name":"Gradido","description":"Noua moned\u0103 este recuno\u0219tin\u021ba","publisher":{"@id":"https:\/\/gradido.net\/de\/#organization"},"potentialAction":[{"@type":"SearchAction","target":{"@type":"EntryPoint","urlTemplate":"https:\/\/gradido.net\/de\/?s={search_term_string}"},"query-input":{"@type":"PropertyValueSpecification","valueRequired":true,"valueName":"search_term_string"}}],"inLanguage":"ro-RO"},{"@type":"Organization","@id":"https:\/\/gradido.net\/de\/#organization","name":"Gradido","url":"https:\/\/gradido.net\/de\/","logo":{"@type":"ImageObject","inLanguage":"ro-RO","@id":"https:\/\/gradido.net\/de\/#\/schema\/logo\/image\/","url":"https:\/\/gradido.net\/wp-content\/uploads\/2022\/04\/gradido-social.jpg","contentUrl":"https:\/\/gradido.net\/wp-content\/uploads\/2022\/04\/gradido-social.jpg","width":527,"height":273,"caption":"Gradido"},"image":{"@id":"https:\/\/gradido.net\/de\/#\/schema\/logo\/image\/"}},{"@type":"Person","@id":"https:\/\/gradido.net\/de\/#\/schema\/person\/9c503a004ad15a1ddecadce2218db5d1","name":"Bernd H\u00fcckst\u00e4dt","sameAs":["https:\/\/gradido.net"],"url":"https:\/\/gradido.net\/ro\/author\/bernd\/"}]}},"_links":{"self":[{"href":"https:\/\/gradido.net\/ro\/wp-json\/wp\/v2\/posts\/7329","targetHints":{"allow":["GET"]}}],"collection":[{"href":"https:\/\/gradido.net\/ro\/wp-json\/wp\/v2\/posts"}],"about":[{"href":"https:\/\/gradido.net\/ro\/wp-json\/wp\/v2\/types\/post"}],"author":[{"embeddable":true,"href":"https:\/\/gradido.net\/ro\/wp-json\/wp\/v2\/users\/2"}],"replies":[{"embeddable":true,"href":"https:\/\/gradido.net\/ro\/wp-json\/wp\/v2\/comments?post=7329"}],"version-history":[{"count":35,"href":"https:\/\/gradido.net\/ro\/wp-json\/wp\/v2\/posts\/7329\/revisions"}],"predecessor-version":[{"id":13544,"href":"https:\/\/gradido.net\/ro\/wp-json\/wp\/v2\/posts\/7329\/revisions\/13544"}],"wp:featuredmedia":[{"embeddable":true,"href":"https:\/\/gradido.net\/ro\/wp-json\/wp\/v2\/media\/7332"}],"wp:attachment":[{"href":"https:\/\/gradido.net\/ro\/wp-json\/wp\/v2\/media?parent=7329"}],"wp:term":[{"taxonomy":"category","embeddable":true,"href":"https:\/\/gradido.net\/ro\/wp-json\/wp\/v2\/categories?post=7329"},{"taxonomy":"post_tag","embeddable":true,"href":"https:\/\/gradido.net\/ro\/wp-json\/wp\/v2\/tags?post=7329"}],"curies":[{"name":"wp","href":"https:\/\/api.w.org\/{rel}","templated":true}]}}