{"id":7720,"date":"2023-09-27T15:32:45","date_gmt":"2023-09-27T13:32:45","guid":{"rendered":"https:\/\/gradido.net\/?p=7720"},"modified":"2026-04-23T07:11:58","modified_gmt":"2026-04-23T05:11:58","slug":"lieblingsstadt-14-trotz-lehrermangel-schueler-werden-zu-genies","status":"publish","type":"post","link":"https:\/\/gradido.net\/ro\/lieblingsstadt-14-trotz-lehrermangel-schueler-werden-zu-genies\/","title":{"rendered":"Ora\u0219ul favorit 14 - \u00cen ciuda lipsei de profesori: elevii devin genii"},"content":{"rendered":"<div data-elementor-type=\"wp-post\" data-elementor-id=\"7720\" class=\"elementor elementor-7720\" data-elementor-post-type=\"post\">\n\t\t\t\t\t\t<section class=\"elementor-section elementor-top-section elementor-element elementor-element-496e1d53 elementor-section-boxed elementor-section-height-default elementor-section-height-default\" data-id=\"496e1d53\" data-element_type=\"section\" data-e-type=\"section\">\n\t\t\t\t\t\t<div class=\"elementor-container elementor-column-gap-default\">\n\t\t\t\t\t<div class=\"elementor-column elementor-col-100 elementor-top-column elementor-element elementor-element-461d7be0\" data-id=\"461d7be0\" data-element_type=\"column\" data-e-type=\"column\">\n\t\t\t<div class=\"elementor-widget-wrap elementor-element-populated\">\n\t\t\t\t\t\t<div class=\"elementor-element elementor-element-cd9ebe2 elementor-widget elementor-widget-text-editor\" data-id=\"cd9ebe2\" data-element_type=\"widget\" data-e-type=\"widget\" data-widget_type=\"text-editor.default\">\n\t\t\t\t<div class=\"elementor-widget-container\">\n\t\t\t\t\t\t\t\t\t<p style=\"text-align: right;\"><em>\"Dac\u0103 vom aplica acest sistem de \u00eenv\u0103\u021bare \u00een \u0219colile noastre, atunci Ora\u0219ul Favorit va r\u0103m\u00e2ne \u00een istorie. Pentru c\u0103 ceea ce putem face noi, pot face to\u021bi oamenii. Cre\u0219te o nou\u0103 genera\u021bie de genii, capabil\u0103 s\u0103 rezolve \u00eempreun\u0103 marile probleme ale acestei lumi!\"<\/em><\/p><p>Drag\u0103 cititorule,<\/p><p>\u00cen Germania exist\u0103 un deficit de profesori. Conform studiului PISA, un sfert dintre elevi nu \u0219tiu s\u0103 citeasc\u0103, s\u0103 scrie \u0219i s\u0103 calculeze corect. Acest lucru este vizibil \u0219i \u00een Lieblingsstadt. Pentru Michael Miteinand, primarul angajat al ora\u0219ului, aceasta este o stare de fapt intolerabil\u0103.<\/p><p>\u00cempreun\u0103 cu Sibylle Lernfroh, directoarea \u0219colii generale, \u00ee\u0219i convoac\u0103 echipa de exper\u021bi pentru o \u0219edin\u021b\u0103 de criz\u0103. Sunt invita\u021bi, de asemenea, antreprenori, p\u0103rin\u021bi implica\u021bi \u0219i reprezentan\u021bi ai asocia\u021biei educa\u021bionale Lieblingsstadt. Michael vrea s\u0103 fac\u0103 din Lieblingsstadt un etalon pentru o educa\u021bie excelent\u0103.<\/p><p>Kerstin Frank, mam\u0103 a trei copii \u0219i pre\u0219edint\u0103 a asocia\u021biei de educa\u021bie, ia cuv\u00e2ntul. Ea spune c\u0103 asocia\u021bia dore\u0219te s\u0103 \u00eenfiin\u021beze o \u0219coal\u0103 gratuit\u0103. Acolo, copiii urmeaz\u0103 s\u0103 fie preg\u0103ti\u021bi pentru via\u021b\u0103 \u00eentr-un mod pl\u0103cut \u0219i prietenos pentru creier. Cu toate acestea, obstacolele birocratice pentru \u00eenfiin\u021barea unei \u0219coli sunt foarte mari.<\/p><p>\"Ce ar trebui s\u0103 se fac\u0103 diferit fa\u021b\u0103 de \u0219colile noastre?\", vrea s\u0103 \u0219tie Michael.<\/p><h2>Cele mai bune metode de \u00eenv\u0103\u021bare din lume combinate \u00eentr-un singur sistem<\/h2><p>Kerstin relateaz\u0103 despre o alt\u0103 asocia\u021bie educa\u021bional\u0103 al c\u0103rei fondator a adunat cele mai bune tehnici de \u00eenv\u0103\u021bare din lume \u0219i le pred\u0103 elevilor cu mare succes.\u00a0<\/p><p>Tehnici de memorare dovedite pentru nume, istorie \u0219i limbi str\u0103ine, matematic\u0103, scoaterea r\u0103d\u0103cinilor din cap, st\u0103p\u00e2nirea memoriei numerelor \u0219i multe altele - combinate \u00eentr-un sistem de \u00eenv\u0103\u021bare cu ajutorul c\u0103ruia elevii \u0219i adul\u021bii pot dob\u00e2ndi aproape orice cuno\u0219tin\u021be \u00een cel mai scurt timp posibil.\u00a0<\/p><p>\u00cen sute de prezent\u0103ri f\u0103cute \u00een fa\u021ba a mii de elevi, profesori \u0219i p\u0103rin\u021bi, s-a demonstrat de nenum\u0103rate ori c\u0103 fiecare copil poate \u00eenv\u0103\u021ba materialul \u0219colar normal \u00eentr-o or\u0103 pe zi, \u00eentr-un mod juc\u0103u\u0219 \u0219i distractiv.<\/p><p><strong>Asocia\u021bia ofer\u0103 deja sute de videoclipuri de \u00eenv\u0103\u021bare pentru toate tipurile de subiecte, \u00een mod gratuit. Videoclipurile \u0219i-au dovedit utilitatea \u00een timpul blocajelor. Acestea sunt completate \u00een mod constant, astfel \u00eenc\u00e2t \u00een prezent sunt disponibile videoclipuri pentru aproape toate materiile \u0219colare.<\/strong><\/p><p>Asocia\u021bia prime\u0219te \u00een mod constant scrisori de mul\u021bumire de la elevi care scriu \u00een sensul urm\u0103tor: <strong>\"Obi\u0219nuiam s\u0103 cred c\u0103 sunt un idiot. Acum \u0219tiu c\u0103 sunt un geniu!\"<\/strong><\/p><p>\u00cen \u021b\u0103rile vorbitoare de limb\u0103 german\u0103, exist\u0103 numeroase ini\u021biative care doresc s\u0103 \u00eenfiin\u021beze \u0219coli libere \u00een conformitate cu acest sistem. Cu toate acestea, principalele dificult\u0103\u021bi sunt reprezentate de cerin\u021bele legale. Atunci c\u00e2nd proiectele de \u0219coli e\u0219ueaz\u0103, nu din cauza provoc\u0103rilor \u0219colare, ci din cauza problemelor juridice.<\/p><p>\"\u0218i aceste metode chiar func\u021bioneaz\u0103 at\u00e2t de bine?\", \u00eentreab\u0103 Sibylle.<\/p><h2>\u00cencercat \u0219i testat de o mie de ori - func\u021bioneaz\u0103 pentru toat\u0103 lumea<\/h2><p>\"Da, cu siguran\u021b\u0103 cu to\u021bi elevii. Conceptul a fost \u00eencercat \u0219i testat de o mie de ori. Unii elevi ar putea avea nevoie de o jum\u0103tate de or\u0103 \u00een plus, dar asta nu ar trebui s\u0103 fie o problem\u0103\", explic\u0103 Kerstin.<\/p><p>\"Ce-ar fi dac\u0103 am folosi acest sistem de \u00eenv\u0103\u021bare \u00een \u0219colile noastre?\", vrea s\u0103 \u0219tie Michael, \"atunci nu ar mai fi nevoie s\u0103 v\u0103 \u00eenfiin\u021ba\u021bi propria \u0219coal\u0103 \u0219i to\u021bi elevii favori\u021bi din ora\u0219 ar deveni genii?\".<\/p>\t\t\t\t\t\t\t\t<\/div>\n\t\t\t\t<\/div>\n\t\t\t\t<div class=\"elementor-element elementor-element-b482206 elementor-widget elementor-widget-image\" data-id=\"b482206\" data-element_type=\"widget\" data-e-type=\"widget\" data-widget_type=\"image.default\">\n\t\t\t\t<div class=\"elementor-widget-container\">\n\t\t\t\t\t\t\t\t\t\t\t\t\t\t\t<img fetchpriority=\"high\" decoding=\"async\" width=\"500\" height=\"312\" src=\"https:\/\/gradido.net\/wp-content\/uploads\/2023\/09\/Erde_500.jpg\" class=\"attachment-full size-full wp-image-7729\" alt=\"\" srcset=\"https:\/\/gradido.net\/wp-content\/uploads\/2023\/09\/Erde_500.jpg 500w, https:\/\/gradido.net\/wp-content\/uploads\/2023\/09\/Erde_500-300x187.jpg 300w, https:\/\/gradido.net\/wp-content\/uploads\/2023\/09\/Erde_500-18x12.jpg 18w\" sizes=\"(max-width: 500px) 100vw, 500px\" \/>\t\t\t\t\t\t\t\t\t\t\t\t\t\t\t<\/div>\n\t\t\t\t<\/div>\n\t\t\t\t<div class=\"elementor-element elementor-element-c5e61d4 elementor-widget elementor-widget-text-editor\" data-id=\"c5e61d4\" data-element_type=\"widget\" data-e-type=\"widget\" data-widget_type=\"text-editor.default\">\n\t\t\t\t<div class=\"elementor-widget-container\">\n\t\t\t\t\t\t\t\t\t<p>se g\u00e2nde\u0219te Kerstin: <br \/><strong>\"Dac\u0103 vom aplica acest sistem de \u00eenv\u0103\u021bare \u00een \u0219colile noastre, atunci Ora\u0219ul Favorit va r\u0103m\u00e2ne \u00een istorie. Pentru c\u0103 ceea ce putem face noi, pot face to\u021bi oamenii. Cre\u0219te o nou\u0103 genera\u021bie de genii, capabil\u0103 s\u0103 rezolve \u00eempreun\u0103 marile probleme ale acestei lumi!\"<\/strong><\/p><p>Dintr-o dat\u0103 se face lini\u0219te - ai fi putut auzi un ac de pin.<\/p><p>Dup\u0103 un timp, Siegbert, trezorierul ora\u0219ului, rupe t\u0103cerea:<br \/>\"Dac\u0103 acest lucru chiar func\u021bioneaz\u0103 \u0219i elevii trebuie s\u0103 \u00eenve\u021be doar o or\u0103 pe zi, ce fac \u00een restul zilei? La urma urmei, avem o sarcin\u0103 de supraveghere.\"<\/p><p>\"Deoarece elevii \u0219i-au terminat deja programul obligatoriu \u00eentr-o singur\u0103 lec\u021bie, ei decid singuri ce vor s\u0103 \u00eenve\u021be \u00een plus pentru via\u021b\u0103\", r\u0103spunde Kerstin. \"Acest lucru poate fi foarte diferit pentru fiecare individ \u00een parte.<\/p>\t\t\t\t\t\t\t\t<\/div>\n\t\t\t\t<\/div>\n\t\t\t\t<div class=\"elementor-element elementor-element-0370142 elementor-widget elementor-widget-image\" data-id=\"0370142\" data-element_type=\"widget\" data-e-type=\"widget\" data-widget_type=\"image.default\">\n\t\t\t\t<div class=\"elementor-widget-container\">\n\t\t\t\t\t\t\t\t\t\t\t\t\t\t\t<img decoding=\"async\" width=\"500\" height=\"312\" src=\"https:\/\/gradido.net\/wp-content\/uploads\/2023\/09\/Schulgarten_500.jpg\" class=\"attachment-full size-full wp-image-7733\" alt=\"\" srcset=\"https:\/\/gradido.net\/wp-content\/uploads\/2023\/09\/Schulgarten_500.jpg 500w, https:\/\/gradido.net\/wp-content\/uploads\/2023\/09\/Schulgarten_500-300x187.jpg 300w, https:\/\/gradido.net\/wp-content\/uploads\/2023\/09\/Schulgarten_500-18x12.jpg 18w\" sizes=\"(max-width: 500px) 100vw, 500px\" \/>\t\t\t\t\t\t\t\t\t\t\t\t\t\t\t<\/div>\n\t\t\t\t<\/div>\n\t\t\t\t<div class=\"elementor-element elementor-element-72613e6 elementor-widget elementor-widget-text-editor\" data-id=\"72613e6\" data-element_type=\"widget\" data-e-type=\"widget\" data-widget_type=\"text-editor.default\">\n\t\t\t\t<div class=\"elementor-widget-container\">\n\t\t\t\t\t\t\t\t\t<p>Unii elevi vor \u00eenv\u0103\u021ba cum s\u0103 cultive alimente pentru a se hr\u0103ni pe ei \u00een\u0219i\u0219i \u0219i pe al\u021bii \u00een mod s\u0103n\u0103tos \u00een Ferma de solidaritate...<\/p><p>...al\u021bii doar adulmec\u0103 \u00een brut\u0103rie sau \u00een atelierul auto...<\/p>\t\t\t\t\t\t\t\t<\/div>\n\t\t\t\t<\/div>\n\t\t\t\t<div class=\"elementor-element elementor-element-1abcc0e elementor-widget elementor-widget-image\" data-id=\"1abcc0e\" data-element_type=\"widget\" data-e-type=\"widget\" data-widget_type=\"image.default\">\n\t\t\t\t<div class=\"elementor-widget-container\">\n\t\t\t\t\t\t\t\t\t\t\t\t\t\t\t<img decoding=\"async\" width=\"500\" height=\"312\" src=\"https:\/\/gradido.net\/wp-content\/uploads\/2023\/09\/Ma\u0308dchen_Werkstatt_500.jpg\" class=\"attachment-full size-full wp-image-7734\" alt=\"\" srcset=\"https:\/\/gradido.net\/wp-content\/uploads\/2023\/09\/Ma\u0308dchen_Werkstatt_500.jpg 500w, https:\/\/gradido.net\/wp-content\/uploads\/2023\/09\/Ma\u0308dchen_Werkstatt_500-300x187.jpg 300w, https:\/\/gradido.net\/wp-content\/uploads\/2023\/09\/Ma\u0308dchen_Werkstatt_500-18x12.jpg 18w\" sizes=\"(max-width: 500px) 100vw, 500px\" \/>\t\t\t\t\t\t\t\t\t\t\t\t\t\t\t<\/div>\n\t\t\t\t<\/div>\n\t\t\t\t<div class=\"elementor-element elementor-element-1e0b13e elementor-widget elementor-widget-text-editor\" data-id=\"1e0b13e\" data-element_type=\"widget\" data-e-type=\"widget\" data-widget_type=\"text-editor.default\">\n\t\t\t\t<div class=\"elementor-widget-container\">\n\t\t\t\t\t\t\t\t\t<p>\u00cen func\u021bie de v\u00e2rst\u0103 \u0219i de interesul lor, ei sunt invita\u021bi s\u0103 fac\u0103 stagii de practic\u0103 \u00een cadrul companiilor noastre pentru a \u00eenv\u0103\u021ba despre o mare varietate de profesii.\"<\/p>\t\t\t\t\t\t\t\t<\/div>\n\t\t\t\t<\/div>\n\t\t\t\t<div class=\"elementor-element elementor-element-c660b78 elementor-widget elementor-widget-image\" data-id=\"c660b78\" data-element_type=\"widget\" data-e-type=\"widget\" data-widget_type=\"image.default\">\n\t\t\t\t<div class=\"elementor-widget-container\">\n\t\t\t\t\t\t\t\t\t\t\t\t\t\t\t<img loading=\"lazy\" decoding=\"async\" width=\"500\" height=\"312\" src=\"https:\/\/gradido.net\/wp-content\/uploads\/2023\/09\/Ma\u0308dchen_Maurer_500.jpg\" class=\"attachment-full size-full wp-image-7741\" alt=\"\" srcset=\"https:\/\/gradido.net\/wp-content\/uploads\/2023\/09\/Ma\u0308dchen_Maurer_500.jpg 500w, https:\/\/gradido.net\/wp-content\/uploads\/2023\/09\/Ma\u0308dchen_Maurer_500-300x187.jpg 300w, https:\/\/gradido.net\/wp-content\/uploads\/2023\/09\/Ma\u0308dchen_Maurer_500-18x12.jpg 18w\" sizes=\"(max-width: 500px) 100vw, 500px\" \/>\t\t\t\t\t\t\t\t\t\t\t\t\t\t\t<\/div>\n\t\t\t\t<\/div>\n\t\t\t\t<div class=\"elementor-element elementor-element-5b36741 elementor-widget elementor-widget-text-editor\" data-id=\"5b36741\" data-element_type=\"widget\" data-e-type=\"widget\" data-widget_type=\"text-editor.default\">\n\t\t\t\t<div class=\"elementor-widget-container\">\n\t\t\t\t\t\t\t\t\t<p>\"Dac\u0103 vrei, po\u021bi \u00eenv\u0103\u021ba una sau mai multe meserii la noi\", spune Robert, un antreprenor \u00een construc\u021bii.<\/p>\t\t\t\t\t\t\t\t<\/div>\n\t\t\t\t<\/div>\n\t\t\t\t<div class=\"elementor-element elementor-element-dcfb713 elementor-widget elementor-widget-image\" data-id=\"dcfb713\" data-element_type=\"widget\" data-e-type=\"widget\" data-widget_type=\"image.default\">\n\t\t\t\t<div class=\"elementor-widget-container\">\n\t\t\t\t\t\t\t\t\t\t\t\t\t\t\t<img loading=\"lazy\" decoding=\"async\" width=\"500\" height=\"312\" src=\"https:\/\/gradido.net\/wp-content\/uploads\/2023\/09\/Tonstudio_500.jpg\" class=\"attachment-full size-full wp-image-7742\" alt=\"\" srcset=\"https:\/\/gradido.net\/wp-content\/uploads\/2023\/09\/Tonstudio_500.jpg 500w, https:\/\/gradido.net\/wp-content\/uploads\/2023\/09\/Tonstudio_500-300x187.jpg 300w, https:\/\/gradido.net\/wp-content\/uploads\/2023\/09\/Tonstudio_500-18x12.jpg 18w\" sizes=\"(max-width: 500px) 100vw, 500px\" \/>\t\t\t\t\t\t\t\t\t\t\t\t\t\t\t<\/div>\n\t\t\t\t<\/div>\n\t\t\t\t<div class=\"elementor-element elementor-element-e572983 elementor-widget elementor-widget-text-editor\" data-id=\"e572983\" data-element_type=\"widget\" data-e-type=\"widget\" data-widget_type=\"text-editor.default\">\n\t\t\t\t<div class=\"elementor-widget-container\">\n\t\t\t\t\t\t\t\t\t<p>\"Arta, cultura \u0219i sportul pot fascina \u0219i ele\", spune \u00eenc\u00e2ntat Simon, directorul cultural al Lieblingsstadt: \"Pictura, sculptura, muzica, teatrul, cinematograful, performan\u021ba... toate acestea \u00eei inspir\u0103 pe mul\u021bi tineri, ca s\u0103 nu mai vorbim de oferta sportiv\u0103 deosebit\u0103 din ora\u0219ul nostru.\"<\/p><p>\"\u00cen acest fel, tinerii \u00ee\u0219i modeleaz\u0103 \u00een mod activ \"ora\u0219ul preferat\", \u00een care se vor bucura mai t\u00e2rziu s\u0103 tr\u0103iasc\u0103 ca adul\u021bi!\", spune Michael cu entuziasm.<\/p><p>\"Avem nevoie de mai mul\u021bi profesori pentru asta?\", se \u00eentreab\u0103 Siegbert.<\/p><p>\"Din partea asocia\u021biei de educa\u021bie, mul\u021bi membri se vor oferi voluntari ca ghizi de \u00eenv\u0103\u021bare. \u00cenv\u0103\u021barea de la egal la egal s-a dovedit, de asemenea, foarte reu\u0219it\u0103, ceea ce \u00eenseamn\u0103 c\u0103 elevii se \u00eenva\u021b\u0103 unii pe al\u021bii\", explic\u0103 Kerstin, \"a\u0219a c\u0103 nu mai avem nevoie de profesori - dimpotriv\u0103: profesorii sunt u\u0219ura\u021bi. Ace\u0219tia se pot dedica mult mai bine elevilor individuali\".<\/p><p>\"\u00cen companii, tinerii sunt \u0219i ei supraveghea\u021bi\", spune Robert, \"Cu c\u00e2t ai mai mult\u0103 \u00eencredere \u00een tineri, cu at\u00e2t devin mai responsabili. Aceasta este experien\u021ba mea.<\/p><h2>Cel mai bun mod de a \u00eenv\u0103\u021ba este prin proiecte<\/h2><p>Siegbert cite\u0219te \u00een dosarele sale: \"Profesorii sunt deosebit de des deficitari \u00een a\u0219a-numitele materii MINT, adic\u0103 matematic\u0103, informatic\u0103, \u0219tiin\u021be naturale \u0219i tehnologie\".<\/p><p>\"Aceste subiecte se \u00eenva\u021b\u0103 cel mai bine \u00een cadrul proiectelor.\" Roman, proprietarul LieblingsTEC, o companie local\u0103 de tehnologie, \u0219tie despre ce vorbe\u0219te. El este fondatorul asocia\u021biei KidsTEC e.V., \u00een cadrul c\u0103reia copiii \u0219i tinerii talenta\u021bi din punct de vedere tehnic se reunesc \u00een echipe agile \u0219i dezvolt\u0103 solu\u021bii neconven\u021bionale la o mare varietate de probleme. Ace\u0219tia au c\u00e2\u0219tigat deja mai multe premii la \"Jugend Forscht\" \u0219i la concursuri similare.\u00a0<\/p><p>\"Tinerii ne uimesc mereu\", adaug\u0103 Roman, \"de cele mai multe ori noi \u00eenv\u0103\u021b\u0103m de la ei \u0219i nu invers. De fapt, noi, adul\u021bii, trebuie doar s\u0103 cre\u0103m condi\u021biile-cadru, iar copiii vin cu solu\u021bii la care noi nu ne-am fi g\u00e2ndit niciodat\u0103 \u00een via\u021b\u0103.\"<\/p>\t\t\t\t\t\t\t\t<\/div>\n\t\t\t\t<\/div>\n\t\t\t\t<div class=\"elementor-element elementor-element-043c552 elementor-widget elementor-widget-image\" data-id=\"043c552\" data-element_type=\"widget\" data-e-type=\"widget\" data-widget_type=\"image.default\">\n\t\t\t\t<div class=\"elementor-widget-container\">\n\t\t\t\t\t\t\t\t\t\t\t\t\t\t\t<img loading=\"lazy\" decoding=\"async\" width=\"500\" height=\"312\" src=\"https:\/\/gradido.net\/wp-content\/uploads\/2023\/09\/Ma\u0308dchen_Robotic_500.jpg\" class=\"attachment-full size-full wp-image-7743\" alt=\"\" srcset=\"https:\/\/gradido.net\/wp-content\/uploads\/2023\/09\/Ma\u0308dchen_Robotic_500.jpg 500w, https:\/\/gradido.net\/wp-content\/uploads\/2023\/09\/Ma\u0308dchen_Robotic_500-300x187.jpg 300w, https:\/\/gradido.net\/wp-content\/uploads\/2023\/09\/Ma\u0308dchen_Robotic_500-18x12.jpg 18w\" sizes=\"(max-width: 500px) 100vw, 500px\" \/>\t\t\t\t\t\t\t\t\t\t\t\t\t\t\t<\/div>\n\t\t\t\t<\/div>\n\t\t\t\t<div class=\"elementor-element elementor-element-364b916 elementor-widget elementor-widget-text-editor\" data-id=\"364b916\" data-element_type=\"widget\" data-e-type=\"widget\" data-widget_type=\"text-editor.default\">\n\t\t\t\t<div class=\"elementor-widget-container\">\n\t\t\t\t\t\t\t\t\t<p>Roman sugereaz\u0103 s\u0103 se \u00eent\u00e2lneasc\u0103 cu profesorii STEM, KidsTEC \u0219i elevii pentru a concepe \u00eempreun\u0103 proiecte interesante. \u00cen timpul realiz\u0103rii proiectelor, materialul didactic este introdus aproape \u00een mod secundar.\u00a0<\/p><p>\"Matematica \u0219i \u0219tiin\u021bele sunt u\u0219oare atunci c\u00e2nd po\u021bi s\u0103-\u021bi \u00eendepline\u0219ti dorin\u021bele cu ele. Atunci sinapsele din creier se aprind \u0219i \u00eenve\u021bi cu o vitez\u0103 record. Noi experiment\u0103m acest lucru \u00een fiecare zi la KidsTEC. Cele mai bune idei vin de la copii!\"<\/p>\t\t\t\t\t\t\t\t<\/div>\n\t\t\t\t<\/div>\n\t\t\t\t<div class=\"elementor-element elementor-element-68f51e6 elementor-widget elementor-widget-image\" data-id=\"68f51e6\" data-element_type=\"widget\" data-e-type=\"widget\" data-widget_type=\"image.default\">\n\t\t\t\t<div class=\"elementor-widget-container\">\n\t\t\t\t\t\t\t\t\t\t\t\t\t\t\t<img loading=\"lazy\" decoding=\"async\" width=\"500\" height=\"312\" src=\"https:\/\/gradido.net\/wp-content\/uploads\/2023\/09\/Junge_Labor_500.jpg\" class=\"attachment-large size-large wp-image-7744\" alt=\"\" srcset=\"https:\/\/gradido.net\/wp-content\/uploads\/2023\/09\/Junge_Labor_500.jpg 500w, https:\/\/gradido.net\/wp-content\/uploads\/2023\/09\/Junge_Labor_500-300x187.jpg 300w, https:\/\/gradido.net\/wp-content\/uploads\/2023\/09\/Junge_Labor_500-18x12.jpg 18w\" sizes=\"(max-width: 500px) 100vw, 500px\" \/>\t\t\t\t\t\t\t\t\t\t\t\t\t\t\t<\/div>\n\t\t\t\t<\/div>\n\t\t\t\t<div class=\"elementor-element elementor-element-97205b6 elementor-widget elementor-widget-text-editor\" data-id=\"97205b6\" data-element_type=\"widget\" data-e-type=\"widget\" data-widget_type=\"text-editor.default\">\n\t\t\t\t<div class=\"elementor-widget-container\">\n\t\t\t\t\t\t\t\t\t<p>Acum via\u021ba intr\u0103 \u00een camer\u0103. Toat\u0103 lumea pare s\u0103 vorbeasc\u0103 cu toat\u0103 lumea, iar ideile se ivesc...<\/p><p>\"Dragii mei prieteni\", Michael ia cuv\u00e2ntul, \"Este fantastic - aceasta va fi o alt\u0103 piatr\u0103 de hotar \u00een marea noastr\u0103 cooperare!\".\u00a0<\/p><p>Dup\u0103 o scurt\u0103 pauz\u0103 de g\u00e2ndire, el continu\u0103:\u00a0<br \/>\"\u0218i, din nou, avem o mul\u021bime de munc\u0103 voluntar\u0103, asocia\u021bia de educa\u021bie, KidsTEC \u0219i, bine\u00een\u021beles, elevii, care contribuie la diferite proiecte \u0219i creeaz\u0103 astfel o valoare ad\u0103ugat\u0103 uria\u0219\u0103 - pentru ei \u00een\u0219i\u0219i, pentru comunitate \u0219i pentru imaginea de ansamblu. Conform modelului Gradido, toat\u0103 munca voluntar\u0103 este remunerat\u0103 cu 20 Gradido pe or\u0103 - \u00een prezent \u00eenc\u0103 p\u00e2n\u0103 la un maxim de 1000 Gradido pe cap de locuitor pe lun\u0103, dar ne dezvolt\u0103m \u0219i aici.\"<\/p>\t\t\t\t\t\t\t\t<\/div>\n\t\t\t\t<\/div>\n\t\t\t\t<div class=\"elementor-element elementor-element-e858257 elementor-widget-divider--view-line elementor-widget elementor-widget-divider\" data-id=\"e858257\" data-element_type=\"widget\" data-e-type=\"widget\" data-widget_type=\"divider.default\">\n\t\t\t\t<div class=\"elementor-widget-container\">\n\t\t\t\t\t\t\t<div class=\"elementor-divider\">\n\t\t\t<span class=\"elementor-divider-separator\">\n\t\t\t\t\t\t<\/span>\n\t\t<\/div>\n\t\t\t\t\t\t<\/div>\n\t\t\t\t<\/div>\n\t\t\t\t<div class=\"elementor-element elementor-element-d74dfa0 elementor-widget elementor-widget-text-editor\" data-id=\"d74dfa0\" data-element_type=\"widget\" data-e-type=\"widget\" data-widget_type=\"text-editor.default\">\n\t\t\t\t<div class=\"elementor-widget-container\">\n\t\t\t\t\t\t\t\t\t<div data-pm-slice=\"1 1 []\" data-en-clipboard=\"true\"><p>The <strong>\"O cooperare excelent\u0103<\/strong> cap\u0103t\u0103 dimensiuni inimaginabile. \u00cen cel de-al 14-lea episod al popularului serial <strong>\"Gradido \u00een ora\u0219ul preferat\" <\/strong>locuitorii din Lieblingsstadt salveaz\u0103 lumea la propriu - sau, mai degrab\u0103, se asigur\u0103 c\u0103 va cre\u0219te o genera\u021bie de genii care va fi capabil\u0103 s\u0103 rezolve marile probleme ale lumii.<\/p><p>S-a dovedit \u00een mod definitiv c\u0103 cooperarea este mult mai bun\u0103 dec\u00e2t concuren\u021ba. Pentru c\u0103 ceea ce pot face or\u0103\u0219enii no\u0219tri favori\u021bi, pot face to\u021bi oamenii din lume. \u0218i acesta este un lucru bun, pentru c\u0103 nu putem rezolva problemele omenirii dec\u00e2t \u00eempreun\u0103.<\/p><p>Acest proiect educa\u021bional este, de asemenea, derulat \u00een mare parte pe baz\u0103 de voluntariat. Cu ajutorul sistemului de remunerare a voluntarilor \"Gradido\", munca voluntar\u0103 este remunerat\u0103 cu 20 Gradido pe or\u0103.<\/p><p>Pentru Gradidos, exist\u0103 o varietate de beneficii \u0219i reduceri care pot fi folosite la \u00eentreprinderile locale. \u00cen plus, exist\u0103 un schimb viu \u00eentre cet\u0103\u021beni. Acest lucru reduce costurile pentru to\u021bi cei implica\u021bi, iar marile proiecte devin fezabile. O situa\u021bie \u00een care toat\u0103 lumea are de c\u00e2\u0219tigat!<\/p><p><strong>Nu ezita\u021bi s\u0103 transmite\u021bi aceast\u0103 serie la consiliul local, la asocia\u021biile \u0219i companiile dumneavoastr\u0103!<\/strong><\/p><p>Cu Gradido \u0219i Marea Cooperare gener\u0103m <strong>Spirale ascendente<\/strong> pentru a modela viitorul \u00een mod pozitiv \u0219i durabil. \u00cempreun\u0103 transform\u0103m ora\u0219ele \u0219i localit\u0103\u021bile noastre \u00een oaze vibrante \u0219i \u00eenfloritoare - locurile noastre preferate!<\/p><p>Cu stim\u0103<\/p><\/div><p>Al dumneavoastr\u0103<\/p><p><img loading=\"lazy\" decoding=\"async\" class=\"alignnone wp-image-4614 size-medium\" src=\"https:\/\/gradido.net\/wp-content\/uploads\/2022\/06\/MargretBernd_2022-300x74.png\" alt=\"\" width=\"300\" height=\"74\" srcset=\"https:\/\/gradido.net\/wp-content\/uploads\/2022\/06\/MargretBernd_2022-300x74.png 300w, https:\/\/gradido.net\/wp-content\/uploads\/2022\/06\/MargretBernd_2022-18x4.png 18w, https:\/\/gradido.net\/wp-content\/uploads\/2022\/06\/MargretBernd_2022.png 431w\" sizes=\"(max-width: 300px) 100vw, 300px\" \/><\/p><p>Margret Baier \u0219i Bernd H\u00fcckst\u00e4dt<br \/>Fondator \u0219i dezvoltator Gradido<\/p>\t\t\t\t\t\t\t\t<\/div>\n\t\t\t\t<\/div>\n\t\t\t\t\t<\/div>\n\t\t<\/div>\n\t\t\t\t\t<\/div>\n\t\t<\/section>\n\t\t\t\t<section class=\"elementor-section elementor-top-section elementor-element elementor-element-bc5544d elementor-section-boxed elementor-section-height-default elementor-section-height-default\" data-id=\"bc5544d\" data-element_type=\"section\" data-e-type=\"section\">\n\t\t\t\t\t\t<div class=\"elementor-container elementor-column-gap-default\">\n\t\t\t\t\t<div class=\"elementor-column elementor-col-100 elementor-top-column elementor-element elementor-element-0c243ab\" data-id=\"0c243ab\" data-element_type=\"column\" data-e-type=\"column\">\n\t\t\t<div class=\"elementor-widget-wrap elementor-element-populated\">\n\t\t\t\t\t\t<div class=\"elementor-element elementor-element-847da1e elementor-position-inline-start white-links elementor-widget__width-initial elementor-view-default elementor-mobile-position-block-start elementor-widget elementor-widget-icon-box\" data-id=\"847da1e\" data-element_type=\"widget\" data-e-type=\"widget\" data-no-translation=\"\" data-widget_type=\"icon-box.default\">\n\t\t\t\t<div class=\"elementor-widget-container\">\n\t\t\t\t\t<style>.elementor-element-847da1e{display:none !important}<\/style>\t\t\t\t<\/div>\n\t\t\t\t<\/div>\n\t\t\t\t\t<\/div>\n\t\t<\/div>\n\t\t\t\t\t<\/div>\n\t\t<\/section>\n\t\t\t\t<section class=\"elementor-section elementor-top-section elementor-element elementor-element-14532fe elementor-section-boxed elementor-section-height-default elementor-section-height-default\" data-id=\"14532fe\" data-element_type=\"section\" data-e-type=\"section\">\n\t\t\t\t\t\t<div class=\"elementor-container elementor-column-gap-default\">\n\t\t\t\t\t<div class=\"elementor-column elementor-col-100 elementor-top-column elementor-element elementor-element-65d2298\" data-id=\"65d2298\" data-element_type=\"column\" data-e-type=\"column\">\n\t\t\t<div class=\"elementor-widget-wrap elementor-element-populated\">\n\t\t\t\t\t\t<div class=\"elementor-element elementor-element-42be1cc elementor-widget elementor-widget-global elementor-global-9341 elementor-widget-text-editor\" data-id=\"42be1cc\" data-element_type=\"widget\" data-e-type=\"widget\" data-widget_type=\"text-editor.default\">\n\t\t\t\t<div class=\"elementor-widget-container\">\n\t\t\t\t\t\t\t\t\t<p><strong>PS:\u00a0<span style=\"color: #ff6600;\"><a style=\"color: #ff6600;\" href=\"https:\/\/gradido.net\/ro\/donations\/\">Datorit\u0103 importan\u021bei tot mai mari a Gradido, repet\u0103m campania noastr\u0103 de recuno\u0219tin\u021b\u0103 pe 26 iunie 2026:<\/a>\u00a0<\/span><span style=\"color: #0000ff;\"><a style=\"color: #0000ff;\" href=\"https:\/\/gradido.net\/ro\/donations\/\">\u00cen plus fa\u021b\u0103 de GradidoTransform multiple pentru contribu\u021bia dvs. de sponsorizare, vom cre\u0219te toate soldurile conturilor GDT cu 26% pe 26\/06\/2016. Sponsorizeaz\u0103 acum \u0219i bucur\u0103-te de suma multipl\u0103 a GDT!<\/a><\/span><\/strong><\/p>\t\t\t\t\t\t\t\t<\/div>\n\t\t\t\t<\/div>\n\t\t\t\t\t<\/div>\n\t\t<\/div>\n\t\t\t\t\t<\/div>\n\t\t<\/section>\n\t\t\t\t<\/div>","protected":false},"excerpt":{"rendered":"<p>\u00cen Germania exist\u0103 un deficit de profesori. Potrivit studiului PISA, un sfert dintre elevi nu \u0219tiu s\u0103 citeasc\u0103, s\u0103 scrie \u0219i s\u0103 calculeze corect. Acest lucru este vizibil \u0219i \u00een Lieblingsstadt. Pentru Michael Miteinand, primarul angajat al ora\u0219ului, aceasta este o stare de fapt intolerabil\u0103. Or\u0103\u0219enii favori\u021bi g\u0103sesc solu\u021bia.<\/p>","protected":false},"author":2,"featured_media":7721,"comment_status":"closed","ping_status":"closed","sticky":false,"template":"","format":"standard","meta":{"footnotes":""},"categories":[11,53],"tags":[],"class_list":["post-7720","post","type-post","status-publish","format-standard","has-post-thumbnail","hentry","category-blog","category-lieblingsstadt"],"yoast_head":"<!-- This site is optimized with the Yoast SEO plugin v27.5 - https:\/\/yoast.com\/product\/yoast-seo-wordpress\/ -->\n<title>Lieblingsstadt 14 \u2013 Trotz Lehrkr\u00e4ftemangel: Sch\u00fcler werden zu Genies - Gradido<\/title>\n<meta name=\"description\" content=\"In Deutschland herrscht Lehrkr\u00e4ftemangel. Laut PISA-Studie\u00a0 k\u00f6nnen ein Viertel der Sch\u00fcler nicht richtig lesen, schreiben und rechnen. Auch in Lieblingsstadt ist das sp\u00fcrbar. F\u00fcr Michael Miteinand, den engagierten B\u00fcrgermeister der Stadt, ein untragbarer Zustand. Die Lieblingsst\u00e4dter finden die L\u00f6sung.\" \/>\n<meta name=\"robots\" content=\"index, follow, max-snippet:-1, max-image-preview:large, max-video-preview:-1\" \/>\n<link rel=\"canonical\" href=\"https:\/\/gradido.net\/ro\/lieblingsstadt-14-trotz-lehrermangel-schueler-werden-zu-genies\/\" \/>\n<meta property=\"og:locale\" content=\"ro_RO\" \/>\n<meta property=\"og:type\" content=\"article\" \/>\n<meta property=\"og:title\" content=\"Lieblingsstadt 14 \u2013 Trotz Lehrkr\u00e4ftemangel: Sch\u00fcler werden zu Genies - Gradido\" \/>\n<meta property=\"og:description\" content=\"In Deutschland herrscht Lehrkr\u00e4ftemangel. Laut PISA-Studie\u00a0 k\u00f6nnen ein Viertel der Sch\u00fcler nicht richtig lesen, schreiben und rechnen. Auch in Lieblingsstadt ist das sp\u00fcrbar. F\u00fcr Michael Miteinand, den engagierten B\u00fcrgermeister der Stadt, ein untragbarer Zustand. Die Lieblingsst\u00e4dter finden die L\u00f6sung.\" \/>\n<meta property=\"og:url\" content=\"https:\/\/gradido.net\/ro\/lieblingsstadt-14-trotz-lehrermangel-schueler-werden-zu-genies\/\" \/>\n<meta property=\"og:site_name\" content=\"Gradido\" \/>\n<meta property=\"article:published_time\" content=\"2023-09-27T13:32:45+00:00\" \/>\n<meta property=\"article:modified_time\" content=\"2026-04-23T05:11:58+00:00\" \/>\n<meta property=\"og:image\" content=\"https:\/\/gradido.net\/wp-content\/uploads\/2023\/09\/Genie_1920.jpg\" \/>\n\t<meta property=\"og:image:width\" content=\"1920\" \/>\n\t<meta property=\"og:image:height\" content=\"1200\" \/>\n\t<meta property=\"og:image:type\" content=\"image\/jpeg\" \/>\n<meta name=\"author\" content=\"Bernd H\u00fcckst\u00e4dt\" \/>\n<meta name=\"twitter:card\" content=\"summary_large_image\" \/>\n<meta name=\"twitter:label1\" content=\"Scris de\" \/>\n\t<meta name=\"twitter:data1\" content=\"Bernd H\u00fcckst\u00e4dt\" \/>\n\t<meta name=\"twitter:label2\" content=\"Timp estimat pentru citire\" \/>\n\t<meta name=\"twitter:data2\" content=\"10 minute\" \/>\n<script type=\"application\/ld+json\" class=\"yoast-schema-graph\">{\"@context\":\"https:\\\/\\\/schema.org\",\"@graph\":[{\"@type\":\"Article\",\"@id\":\"https:\\\/\\\/gradido.net\\\/lieblingsstadt-14-trotz-lehrermangel-schueler-werden-zu-genies\\\/#article\",\"isPartOf\":{\"@id\":\"https:\\\/\\\/gradido.net\\\/lieblingsstadt-14-trotz-lehrermangel-schueler-werden-zu-genies\\\/\"},\"author\":{\"name\":\"Bernd H\u00fcckst\u00e4dt\",\"@id\":\"https:\\\/\\\/gradido.net\\\/de\\\/#\\\/schema\\\/person\\\/9c503a004ad15a1ddecadce2218db5d1\"},\"headline\":\"Lieblingsstadt 14 \u2013 Trotz Lehrkr\u00e4ftemangel: Sch\u00fcler werden zu Genies\",\"datePublished\":\"2023-09-27T13:32:45+00:00\",\"dateModified\":\"2026-04-23T05:11:58+00:00\",\"mainEntityOfPage\":{\"@id\":\"https:\\\/\\\/gradido.net\\\/lieblingsstadt-14-trotz-lehrermangel-schueler-werden-zu-genies\\\/\"},\"wordCount\":1483,\"publisher\":{\"@id\":\"https:\\\/\\\/gradido.net\\\/de\\\/#organization\"},\"image\":{\"@id\":\"https:\\\/\\\/gradido.net\\\/lieblingsstadt-14-trotz-lehrermangel-schueler-werden-zu-genies\\\/#primaryimage\"},\"thumbnailUrl\":\"https:\\\/\\\/gradido.net\\\/wp-content\\\/uploads\\\/2023\\\/09\\\/Genie_1920.jpg\",\"articleSection\":[\"Blog\",\"Lieblingsstadt\"],\"inLanguage\":\"ro-RO\"},{\"@type\":\"WebPage\",\"@id\":\"https:\\\/\\\/gradido.net\\\/lieblingsstadt-14-trotz-lehrermangel-schueler-werden-zu-genies\\\/\",\"url\":\"https:\\\/\\\/gradido.net\\\/lieblingsstadt-14-trotz-lehrermangel-schueler-werden-zu-genies\\\/\",\"name\":\"Lieblingsstadt 14 \u2013 Trotz Lehrkr\u00e4ftemangel: Sch\u00fcler werden zu Genies - Gradido\",\"isPartOf\":{\"@id\":\"https:\\\/\\\/gradido.net\\\/de\\\/#website\"},\"primaryImageOfPage\":{\"@id\":\"https:\\\/\\\/gradido.net\\\/lieblingsstadt-14-trotz-lehrermangel-schueler-werden-zu-genies\\\/#primaryimage\"},\"image\":{\"@id\":\"https:\\\/\\\/gradido.net\\\/lieblingsstadt-14-trotz-lehrermangel-schueler-werden-zu-genies\\\/#primaryimage\"},\"thumbnailUrl\":\"https:\\\/\\\/gradido.net\\\/wp-content\\\/uploads\\\/2023\\\/09\\\/Genie_1920.jpg\",\"datePublished\":\"2023-09-27T13:32:45+00:00\",\"dateModified\":\"2026-04-23T05:11:58+00:00\",\"description\":\"In Deutschland herrscht Lehrkr\u00e4ftemangel. Laut PISA-Studie\u00a0 k\u00f6nnen ein Viertel der Sch\u00fcler nicht richtig lesen, schreiben und rechnen. Auch in Lieblingsstadt ist das sp\u00fcrbar. F\u00fcr Michael Miteinand, den engagierten B\u00fcrgermeister der Stadt, ein untragbarer Zustand. Die Lieblingsst\u00e4dter finden die L\u00f6sung.\",\"breadcrumb\":{\"@id\":\"https:\\\/\\\/gradido.net\\\/lieblingsstadt-14-trotz-lehrermangel-schueler-werden-zu-genies\\\/#breadcrumb\"},\"inLanguage\":\"ro-RO\",\"potentialAction\":[{\"@type\":\"ReadAction\",\"target\":[\"https:\\\/\\\/gradido.net\\\/lieblingsstadt-14-trotz-lehrermangel-schueler-werden-zu-genies\\\/\"]}]},{\"@type\":\"ImageObject\",\"inLanguage\":\"ro-RO\",\"@id\":\"https:\\\/\\\/gradido.net\\\/lieblingsstadt-14-trotz-lehrermangel-schueler-werden-zu-genies\\\/#primaryimage\",\"url\":\"https:\\\/\\\/gradido.net\\\/wp-content\\\/uploads\\\/2023\\\/09\\\/Genie_1920.jpg\",\"contentUrl\":\"https:\\\/\\\/gradido.net\\\/wp-content\\\/uploads\\\/2023\\\/09\\\/Genie_1920.jpg\",\"width\":1920,\"height\":1200},{\"@type\":\"BreadcrumbList\",\"@id\":\"https:\\\/\\\/gradido.net\\\/lieblingsstadt-14-trotz-lehrermangel-schueler-werden-zu-genies\\\/#breadcrumb\",\"itemListElement\":[{\"@type\":\"ListItem\",\"position\":1,\"name\":\"Startseite\",\"item\":\"https:\\\/\\\/gradido.net\\\/\"},{\"@type\":\"ListItem\",\"position\":2,\"name\":\"Lieblingsstadt 14 \u2013 Trotz Lehrkr\u00e4ftemangel: Sch\u00fcler werden zu Genies\"}]},{\"@type\":\"WebSite\",\"@id\":\"https:\\\/\\\/gradido.net\\\/de\\\/#website\",\"url\":\"https:\\\/\\\/gradido.net\\\/de\\\/\",\"name\":\"Gradido\",\"description\":\"Die neue W\u00e4hrung hei\u00dft Dankbarkeit\",\"publisher\":{\"@id\":\"https:\\\/\\\/gradido.net\\\/de\\\/#organization\"},\"potentialAction\":[{\"@type\":\"SearchAction\",\"target\":{\"@type\":\"EntryPoint\",\"urlTemplate\":\"https:\\\/\\\/gradido.net\\\/de\\\/?s={search_term_string}\"},\"query-input\":{\"@type\":\"PropertyValueSpecification\",\"valueRequired\":true,\"valueName\":\"search_term_string\"}}],\"inLanguage\":\"ro-RO\"},{\"@type\":\"Organization\",\"@id\":\"https:\\\/\\\/gradido.net\\\/de\\\/#organization\",\"name\":\"Gradido\",\"url\":\"https:\\\/\\\/gradido.net\\\/de\\\/\",\"logo\":{\"@type\":\"ImageObject\",\"inLanguage\":\"ro-RO\",\"@id\":\"https:\\\/\\\/gradido.net\\\/de\\\/#\\\/schema\\\/logo\\\/image\\\/\",\"url\":\"https:\\\/\\\/gradido.net\\\/wp-content\\\/uploads\\\/2022\\\/04\\\/gradido-social.jpg\",\"contentUrl\":\"https:\\\/\\\/gradido.net\\\/wp-content\\\/uploads\\\/2022\\\/04\\\/gradido-social.jpg\",\"width\":527,\"height\":273,\"caption\":\"Gradido\"},\"image\":{\"@id\":\"https:\\\/\\\/gradido.net\\\/de\\\/#\\\/schema\\\/logo\\\/image\\\/\"}},{\"@type\":\"Person\",\"@id\":\"https:\\\/\\\/gradido.net\\\/de\\\/#\\\/schema\\\/person\\\/9c503a004ad15a1ddecadce2218db5d1\",\"name\":\"Bernd H\u00fcckst\u00e4dt\",\"sameAs\":[\"https:\\\/\\\/gradido.net\"],\"url\":\"https:\\\/\\\/gradido.net\\\/ro\\\/author\\\/bernd\\\/\"}]}<\/script>\n<!-- \/ Yoast SEO plugin. -->","yoast_head_json":{"title":"Ora\u0219ul favorit 14 - \u00cen ciuda lipsei de profesori: elevii devin genii - Gradido","description":"\u00cen Germania exist\u0103 un deficit de profesori. Potrivit studiului PISA, un sfert dintre elevi nu \u0219tiu s\u0103 citeasc\u0103, s\u0103 scrie \u0219i s\u0103 calculeze corect. Acest lucru este vizibil \u0219i \u00een Lieblingsstadt. Pentru Michael Miteinand, primarul angajat al ora\u0219ului, aceasta este o stare de fapt intolerabil\u0103. Or\u0103\u0219enii favori\u021bi g\u0103sesc solu\u021bia.","robots":{"index":"index","follow":"follow","max-snippet":"max-snippet:-1","max-image-preview":"max-image-preview:large","max-video-preview":"max-video-preview:-1"},"canonical":"https:\/\/gradido.net\/ro\/lieblingsstadt-14-trotz-lehrermangel-schueler-werden-zu-genies\/","og_locale":"ro_RO","og_type":"article","og_title":"Lieblingsstadt 14 \u2013 Trotz Lehrkr\u00e4ftemangel: Sch\u00fcler werden zu Genies - Gradido","og_description":"In Deutschland herrscht Lehrkr\u00e4ftemangel. Laut PISA-Studie\u00a0 k\u00f6nnen ein Viertel der Sch\u00fcler nicht richtig lesen, schreiben und rechnen. Auch in Lieblingsstadt ist das sp\u00fcrbar. F\u00fcr Michael Miteinand, den engagierten B\u00fcrgermeister der Stadt, ein untragbarer Zustand. Die Lieblingsst\u00e4dter finden die L\u00f6sung.","og_url":"https:\/\/gradido.net\/ro\/lieblingsstadt-14-trotz-lehrermangel-schueler-werden-zu-genies\/","og_site_name":"Gradido","article_published_time":"2023-09-27T13:32:45+00:00","article_modified_time":"2026-04-23T05:11:58+00:00","og_image":[{"width":1920,"height":1200,"url":"https:\/\/gradido.net\/wp-content\/uploads\/2023\/09\/Genie_1920.jpg","type":"image\/jpeg"}],"author":"Bernd H\u00fcckst\u00e4dt","twitter_card":"summary_large_image","twitter_misc":{"Scris de":"Bernd H\u00fcckst\u00e4dt","Timp estimat pentru citire":"10 minute"},"schema":{"@context":"https:\/\/schema.org","@graph":[{"@type":"Article","@id":"https:\/\/gradido.net\/lieblingsstadt-14-trotz-lehrermangel-schueler-werden-zu-genies\/#article","isPartOf":{"@id":"https:\/\/gradido.net\/lieblingsstadt-14-trotz-lehrermangel-schueler-werden-zu-genies\/"},"author":{"name":"Bernd H\u00fcckst\u00e4dt","@id":"https:\/\/gradido.net\/de\/#\/schema\/person\/9c503a004ad15a1ddecadce2218db5d1"},"headline":"Lieblingsstadt 14 \u2013 Trotz Lehrkr\u00e4ftemangel: Sch\u00fcler werden zu Genies","datePublished":"2023-09-27T13:32:45+00:00","dateModified":"2026-04-23T05:11:58+00:00","mainEntityOfPage":{"@id":"https:\/\/gradido.net\/lieblingsstadt-14-trotz-lehrermangel-schueler-werden-zu-genies\/"},"wordCount":1483,"publisher":{"@id":"https:\/\/gradido.net\/de\/#organization"},"image":{"@id":"https:\/\/gradido.net\/lieblingsstadt-14-trotz-lehrermangel-schueler-werden-zu-genies\/#primaryimage"},"thumbnailUrl":"https:\/\/gradido.net\/wp-content\/uploads\/2023\/09\/Genie_1920.jpg","articleSection":["Blog","Lieblingsstadt"],"inLanguage":"ro-RO"},{"@type":"WebPage","@id":"https:\/\/gradido.net\/lieblingsstadt-14-trotz-lehrermangel-schueler-werden-zu-genies\/","url":"https:\/\/gradido.net\/lieblingsstadt-14-trotz-lehrermangel-schueler-werden-zu-genies\/","name":"Ora\u0219ul favorit 14 - \u00cen ciuda lipsei de profesori: elevii devin genii - Gradido","isPartOf":{"@id":"https:\/\/gradido.net\/de\/#website"},"primaryImageOfPage":{"@id":"https:\/\/gradido.net\/lieblingsstadt-14-trotz-lehrermangel-schueler-werden-zu-genies\/#primaryimage"},"image":{"@id":"https:\/\/gradido.net\/lieblingsstadt-14-trotz-lehrermangel-schueler-werden-zu-genies\/#primaryimage"},"thumbnailUrl":"https:\/\/gradido.net\/wp-content\/uploads\/2023\/09\/Genie_1920.jpg","datePublished":"2023-09-27T13:32:45+00:00","dateModified":"2026-04-23T05:11:58+00:00","description":"\u00cen Germania exist\u0103 un deficit de profesori. Potrivit studiului PISA, un sfert dintre elevi nu \u0219tiu s\u0103 citeasc\u0103, s\u0103 scrie \u0219i s\u0103 calculeze corect. Acest lucru este vizibil \u0219i \u00een Lieblingsstadt. Pentru Michael Miteinand, primarul angajat al ora\u0219ului, aceasta este o stare de fapt intolerabil\u0103. Or\u0103\u0219enii favori\u021bi g\u0103sesc solu\u021bia.","breadcrumb":{"@id":"https:\/\/gradido.net\/lieblingsstadt-14-trotz-lehrermangel-schueler-werden-zu-genies\/#breadcrumb"},"inLanguage":"ro-RO","potentialAction":[{"@type":"ReadAction","target":["https:\/\/gradido.net\/lieblingsstadt-14-trotz-lehrermangel-schueler-werden-zu-genies\/"]}]},{"@type":"ImageObject","inLanguage":"ro-RO","@id":"https:\/\/gradido.net\/lieblingsstadt-14-trotz-lehrermangel-schueler-werden-zu-genies\/#primaryimage","url":"https:\/\/gradido.net\/wp-content\/uploads\/2023\/09\/Genie_1920.jpg","contentUrl":"https:\/\/gradido.net\/wp-content\/uploads\/2023\/09\/Genie_1920.jpg","width":1920,"height":1200},{"@type":"BreadcrumbList","@id":"https:\/\/gradido.net\/lieblingsstadt-14-trotz-lehrermangel-schueler-werden-zu-genies\/#breadcrumb","itemListElement":[{"@type":"ListItem","position":1,"name":"Startseite","item":"https:\/\/gradido.net\/"},{"@type":"ListItem","position":2,"name":"Lieblingsstadt 14 \u2013 Trotz Lehrkr\u00e4ftemangel: Sch\u00fcler werden zu Genies"}]},{"@type":"WebSite","@id":"https:\/\/gradido.net\/de\/#website","url":"https:\/\/gradido.net\/de\/","name":"Gradido","description":"Noua moned\u0103 este recuno\u0219tin\u021ba","publisher":{"@id":"https:\/\/gradido.net\/de\/#organization"},"potentialAction":[{"@type":"SearchAction","target":{"@type":"EntryPoint","urlTemplate":"https:\/\/gradido.net\/de\/?s={search_term_string}"},"query-input":{"@type":"PropertyValueSpecification","valueRequired":true,"valueName":"search_term_string"}}],"inLanguage":"ro-RO"},{"@type":"Organization","@id":"https:\/\/gradido.net\/de\/#organization","name":"Gradido","url":"https:\/\/gradido.net\/de\/","logo":{"@type":"ImageObject","inLanguage":"ro-RO","@id":"https:\/\/gradido.net\/de\/#\/schema\/logo\/image\/","url":"https:\/\/gradido.net\/wp-content\/uploads\/2022\/04\/gradido-social.jpg","contentUrl":"https:\/\/gradido.net\/wp-content\/uploads\/2022\/04\/gradido-social.jpg","width":527,"height":273,"caption":"Gradido"},"image":{"@id":"https:\/\/gradido.net\/de\/#\/schema\/logo\/image\/"}},{"@type":"Person","@id":"https:\/\/gradido.net\/de\/#\/schema\/person\/9c503a004ad15a1ddecadce2218db5d1","name":"Bernd H\u00fcckst\u00e4dt","sameAs":["https:\/\/gradido.net"],"url":"https:\/\/gradido.net\/ro\/author\/bernd\/"}]}},"_links":{"self":[{"href":"https:\/\/gradido.net\/ro\/wp-json\/wp\/v2\/posts\/7720","targetHints":{"allow":["GET"]}}],"collection":[{"href":"https:\/\/gradido.net\/ro\/wp-json\/wp\/v2\/posts"}],"about":[{"href":"https:\/\/gradido.net\/ro\/wp-json\/wp\/v2\/types\/post"}],"author":[{"embeddable":true,"href":"https:\/\/gradido.net\/ro\/wp-json\/wp\/v2\/users\/2"}],"replies":[{"embeddable":true,"href":"https:\/\/gradido.net\/ro\/wp-json\/wp\/v2\/comments?post=7720"}],"version-history":[{"count":70,"href":"https:\/\/gradido.net\/ro\/wp-json\/wp\/v2\/posts\/7720\/revisions"}],"predecessor-version":[{"id":13536,"href":"https:\/\/gradido.net\/ro\/wp-json\/wp\/v2\/posts\/7720\/revisions\/13536"}],"wp:featuredmedia":[{"embeddable":true,"href":"https:\/\/gradido.net\/ro\/wp-json\/wp\/v2\/media\/7721"}],"wp:attachment":[{"href":"https:\/\/gradido.net\/ro\/wp-json\/wp\/v2\/media?parent=7720"}],"wp:term":[{"taxonomy":"category","embeddable":true,"href":"https:\/\/gradido.net\/ro\/wp-json\/wp\/v2\/categories?post=7720"},{"taxonomy":"post_tag","embeddable":true,"href":"https:\/\/gradido.net\/ro\/wp-json\/wp\/v2\/tags?post=7720"}],"curies":[{"name":"wp","href":"https:\/\/api.w.org\/{rel}","templated":true}]}}