{"id":8075,"date":"2023-11-01T09:19:21","date_gmt":"2023-11-01T08:19:21","guid":{"rendered":"https:\/\/gradido.net\/?p=8075"},"modified":"2026-04-24T08:04:33","modified_gmt":"2026-04-24T06:04:33","slug":"gradido-2-0-dezentrale-gradido-server","status":"publish","type":"post","link":"https:\/\/gradido.net\/ro\/gradido-2-0-dezentrale-gradido-server\/","title":{"rendered":"Gradido 2.0 - Server Gradido descentralizat"},"content":{"rendered":"<div data-elementor-type=\"wp-post\" data-elementor-id=\"8075\" class=\"elementor elementor-8075\" data-elementor-post-type=\"post\">\n\t\t\t\t\t\t<section class=\"elementor-section elementor-top-section elementor-element elementor-element-496e1d53 elementor-section-boxed elementor-section-height-default elementor-section-height-default\" data-id=\"496e1d53\" data-element_type=\"section\" data-e-type=\"section\">\n\t\t\t\t\t\t<div class=\"elementor-container elementor-column-gap-default\">\n\t\t\t\t\t<div class=\"elementor-column elementor-col-100 elementor-top-column elementor-element elementor-element-461d7be0\" data-id=\"461d7be0\" data-element_type=\"column\" data-e-type=\"column\">\n\t\t\t<div class=\"elementor-widget-wrap elementor-element-populated\">\n\t\t\t\t\t\t<div class=\"elementor-element elementor-element-cd9ebe2 elementor-widget elementor-widget-text-editor\" data-id=\"cd9ebe2\" data-element_type=\"widget\" data-e-type=\"widget\" data-widget_type=\"text-editor.default\">\n\t\t\t\t<div class=\"elementor-widget-container\">\n\t\t\t\t\t\t\t\t\t<p style=\"text-align: right;\"><em>\"Ceea ce nu este posibil pentru un individ, mul\u021bi pot realiza.\"<br \/>- Friedrich Wilhelm Raiffeisen<br \/><\/em><\/p><p>Drag\u0103 cititorule,<\/p><p>\u00cen sf\u00e2r\u0219it, a sosit momentul: Gradido devine descentralizat! Cu Gradido 2.0, putem acum s\u0103 \u00eendeplinim dorin\u021ba multor participan\u021bi de a-\u0219i organiza comunitatea \u00een mod autonom. Acest lucru ne aduce mult mai aproape de visul unui sistem de plat\u0103 uman, descentralizat, care poate contribui la prosperitate \u0219i pace pentru \u00eentreaga familie uman\u0103. O mie de mul\u021bumiri programatorilor care au muncit din greu \u0219i vou\u0103, dragi sus\u021bin\u0103tori, care cu ajutorul dvs. <a href=\"https:\/\/gradido.net\/ro\/memberships\/\" target=\"_blank\" rel=\"noopener\">Taxe de membru \u0219i de sponsorizare<\/a> a f\u0103cut posibil\u0103 aceast\u0103 dezvoltare at\u00e2t de important\u0103! \u0218i, de asemenea, o mie de mul\u021bumiri tuturor persoanelor active care contribuie cu darurile \u0219i poten\u021bialul vostru deosebit la succesul marelui nostru obiectiv comun!<\/p><h2>Pr\u0103bu\u0219iri ciclice \u00een vechiul sistem<\/h2><p>Dup\u0103 cum \u0219ti\u021bi, vechiul sistem monetar bazat pe datorii se pr\u0103bu\u0219e\u0219te la fiecare c\u00e2teva decenii din cauza constr\u00e2ngerii inerente de cre\u0219tere \u0219i a principiului sumei zero. Ultima dat\u0103 a fost \u00een timpul celui de-al Doilea R\u0103zboi Mondial. \u00cen prezent, se anun\u021b\u0103 o nou\u0103 pr\u0103bu\u0219ire. Poate c\u0103 v\u0103 \u00eentreba\u021bi dac\u0103 mai reu\u0219im s\u0103 evit\u0103m \u00eempreun\u0103, la timp, ce este mai r\u0103u? La urma urmei, dorim s\u0103 l\u0103s\u0103m copiilor no\u0219tri \u0219i genera\u021biilor viitoare o lume \u00een care s\u0103 merite s\u0103 tr\u0103im.<\/p><h2>Natura aduce solu\u021bia<\/h2><p>\u00cen cadrul Academiei Gradido lucr\u0103m \u00een domeniul bionicii economice de peste dou\u0103zeci de ani. Cercet\u0103m legile vie\u021bii \u00een natur\u0103 \u0219i mecanismele anti-via\u021b\u0103 ale sistemului financiar. Pe baza rezultatelor ob\u021binute, am dezvoltat Economia Natural\u0103 a Vie\u021bii pentru prosperitate \u0219i pace la nivel mondial \u00een armonie cu natura, pe scurt: Gradido.<\/p><h2>\"Semin\u021bele\" descentralizate ale unui organism viu<\/h2><p>La fel ca peste tot \u00een natura vie, s\u0103m\u00e2n\u021ba exist\u0103 mai \u00eent\u00e2i, \u00een care \u00eentregul organism este deja preg\u0103tit. Gradido este \u00een prezent un sistem de remunerare onorific\u0103. Are toate atuurile pentru a se extinde descentralizat la nivel mondial, dac\u0103 se dovede\u0219te \u0219i dac\u0103 oamenii \u00eel doresc.<\/p><p>Cu Gradido 2.0 \u0219i serverele sale descentralizate, pred\u0103m Gradido familiei umane pas cu pas. Gradido este open source. Codul surs\u0103 este deschis. Oricine poate s\u0103-l descarce \u0219i s\u0103 administreze un server comunitar, cu condi\u021bia s\u0103 aib\u0103 cuno\u0219tin\u021bele tehnice necesare pentru a face acest lucru.<\/p><h2>Cum s\u0103 ob\u021bine\u021bi propriul server Gradido<\/h2><p>Dac\u0103 dori\u021bi s\u0103 v\u0103 administra\u021bi propriul server comunitar \u00een comunitatea dumneavoastr\u0103, v\u0103 rug\u0103m s\u0103 lua\u021bi \u00een considerare urm\u0103toarele \u00eentreb\u0103ri:<\/p><ol><li>Este comunitatea dvs. suficient de mare pentru a face ca func\u021bionarea unui server s\u0103 merite, sau poate c\u0103 este mai logic s\u0103 organiza\u021bi un server \u00eempreun\u0103 cu alte comunit\u0103\u021bi?<\/li><li>Ave\u021bi profesioni\u0219ti IT \u00een cadrul comunit\u0103\u021bii dumneavoastr\u0103 care pot configura \u0219i administra un server, sau a\u021bi prefera s\u0103 apela\u021bi la un furnizor profesionist care ofer\u0103 servicii de g\u0103zduire administrat\u0103 Gradido?<\/li><\/ol><p><span style=\"color: #ffffff;\">.<\/span><\/p><p>Bine\u00een\u021beles, nu v\u0103 vom l\u0103sa singuri cu \u00eentreb\u0103rile dumneavoastr\u0103. Nu trebuie dec\u00e2t s\u0103 ne contacta\u021bi prin e-mail <a href=\"mailto:support@gradido.net\" target=\"_blank\" rel=\"noopener\">support@gradido.net<\/a>. Apoi vom discuta totul \u0219i v\u0103 vom sprijini \u00een urm\u0103torii pa\u0219i.<\/p><h2>\u00cempreun\u0103 construim un sistem de remunerare descentralizat<\/h2><p>Vorbi\u021bi cu oamenii din comunitatea dumneavoastr\u0103 despre posibilit\u0103\u021bile extraordinare pe care vi le ofer\u0103 serverul comunit\u0103\u021bii dumneavoastr\u0103! \u00cen loc s\u0103 v\u0103 pl\u00e2nge\u021bi de vechiul sistem de bani pe datorie, contribui\u021bi la construirea unui nou sistem de plat\u0103 descentralizat pentru oameni \u0219i natur\u0103 \u00eempreun\u0103. Gradido are poten\u021bialul de a crea prosperitate, pace \u0219i libertate pentru \u00eentreaga familie uman\u0103 - pentru binele nostru, al copiilor no\u0219tri \u0219i al genera\u021biilor viitoare.<\/p>\t\t\t\t\t\t\t\t<\/div>\n\t\t\t\t<\/div>\n\t\t\t\t<div class=\"elementor-element elementor-element-d74dfa0 elementor-widget elementor-widget-text-editor\" data-id=\"d74dfa0\" data-element_type=\"widget\" data-e-type=\"widget\" data-widget_type=\"text-editor.default\">\n\t\t\t\t<div class=\"elementor-widget-container\">\n\t\t\t\t\t\t\t\t\t<div data-pm-slice=\"1 1 []\" data-en-clipboard=\"true\"><p>Cu stim\u0103<\/p><\/div><p>Al dumneavoastr\u0103<\/p><p><img decoding=\"async\" class=\"alignnone wp-image-4614 size-medium\" src=\"https:\/\/gradido.net\/wp-content\/uploads\/2022\/06\/MargretBernd_2022-300x74.png\" alt=\"\" width=\"300\" height=\"74\" srcset=\"https:\/\/gradido.net\/wp-content\/uploads\/2022\/06\/MargretBernd_2022-300x74.png 300w, https:\/\/gradido.net\/wp-content\/uploads\/2022\/06\/MargretBernd_2022-18x4.png 18w, https:\/\/gradido.net\/wp-content\/uploads\/2022\/06\/MargretBernd_2022.png 431w\" sizes=\"(max-width: 300px) 100vw, 300px\" \/><\/p><p>Margret Baier \u0219i Bernd H\u00fcckst\u00e4dt<br \/>Fondator \u0219i dezvoltator Gradido<\/p>\t\t\t\t\t\t\t\t<\/div>\n\t\t\t\t<\/div>\n\t\t\t\t\t<\/div>\n\t\t<\/div>\n\t\t\t\t\t<\/div>\n\t\t<\/section>\n\t\t\t\t<section class=\"elementor-section elementor-top-section elementor-element elementor-element-14532fe elementor-section-boxed elementor-section-height-default elementor-section-height-default\" data-id=\"14532fe\" data-element_type=\"section\" data-e-type=\"section\">\n\t\t\t\t\t\t<div class=\"elementor-container elementor-column-gap-default\">\n\t\t\t\t\t<div class=\"elementor-column elementor-col-100 elementor-top-column elementor-element elementor-element-65d2298\" data-id=\"65d2298\" data-element_type=\"column\" data-e-type=\"column\">\n\t\t\t<div class=\"elementor-widget-wrap elementor-element-populated\">\n\t\t\t\t\t\t<div class=\"elementor-element elementor-element-0083f5c elementor-widget elementor-widget-global elementor-global-9341 elementor-widget-text-editor\" data-id=\"0083f5c\" data-element_type=\"widget\" data-e-type=\"widget\" data-widget_type=\"text-editor.default\">\n\t\t\t\t<div class=\"elementor-widget-container\">\n\t\t\t\t\t\t\t\t\t<p><strong>PS:\u00a0<span style=\"color: #ff6600;\"><a style=\"color: #ff6600;\" href=\"https:\/\/gradido.net\/ro\/donations\/\">Datorit\u0103 importan\u021bei tot mai mari a Gradido, repet\u0103m campania noastr\u0103 de recuno\u0219tin\u021b\u0103 pe 26 iunie 2026:<\/a>\u00a0<\/span><span style=\"color: #0000ff;\"><a style=\"color: #0000ff;\" href=\"https:\/\/gradido.net\/ro\/donations\/\">\u00cen plus fa\u021b\u0103 de GradidoTransform multiple pentru contribu\u021bia dvs. de sponsorizare, vom cre\u0219te toate soldurile conturilor GDT cu 26% pe 26\/06\/2016. Sponsorizeaz\u0103 acum \u0219i bucur\u0103-te de suma multipl\u0103 a GDT!<\/a><\/span><\/strong><\/p>\t\t\t\t\t\t\t\t<\/div>\n\t\t\t\t<\/div>\n\t\t\t\t\t<\/div>\n\t\t<\/div>\n\t\t\t\t\t<\/div>\n\t\t<\/section>\n\t\t\t\t<\/div>","protected":false},"excerpt":{"rendered":"<p>Gradido devine descentralizat! Cu Gradido 2.0, putem acum s\u0103 \u00eendeplinim dorin\u021ba multor participan\u021bi de a-\u0219i organiza comunitatea \u00een mod autonom. Acest lucru ne aduce cu un pas mare mai aproape de visul unui sistem de remunerare uman \u0219i descentralizat.<\/p>","protected":false},"author":2,"featured_media":8076,"comment_status":"closed","ping_status":"closed","sticky":false,"template":"","format":"standard","meta":{"footnotes":""},"categories":[11,55],"tags":[],"class_list":["post-8075","post","type-post","status-publish","format-standard","has-post-thumbnail","hentry","category-blog","category-gradido-konto"],"yoast_head":"<!-- This site is optimized with the Yoast SEO plugin v27.5 - https:\/\/yoast.com\/product\/yoast-seo-wordpress\/ -->\n<title>Gradido 2.0 \u2013 Dezentrale Gradido-Server - Gradido<\/title>\n<meta name=\"description\" content=\"Gradido wird dezentral! Mit Gradido 2.0 k\u00f6nnen wir nun den Wunsch vieler Teilnehmerinnen und Teilnehmer erf\u00fcllen, ihre Community autonom zu organisieren. Damit kommen wir dem Traum eines menschlichen, dezentralen Verg\u00fctungssystems ein gro\u00dfes St\u00fcck n\u00e4her.\" \/>\n<meta name=\"robots\" content=\"index, follow, max-snippet:-1, max-image-preview:large, max-video-preview:-1\" \/>\n<link rel=\"canonical\" href=\"https:\/\/gradido.net\/ro\/gradido-2-0-dezentrale-gradido-server\/\" \/>\n<meta property=\"og:locale\" content=\"ro_RO\" \/>\n<meta property=\"og:type\" content=\"article\" \/>\n<meta property=\"og:title\" content=\"Gradido 2.0 \u2013 Dezentrale Gradido-Server - Gradido\" \/>\n<meta property=\"og:description\" content=\"Gradido wird dezentral! Mit Gradido 2.0 k\u00f6nnen wir nun den Wunsch vieler Teilnehmerinnen und Teilnehmer erf\u00fcllen, ihre Community autonom zu organisieren. Damit kommen wir dem Traum eines menschlichen, dezentralen Verg\u00fctungssystems ein gro\u00dfes St\u00fcck n\u00e4her.\" \/>\n<meta property=\"og:url\" content=\"https:\/\/gradido.net\/ro\/gradido-2-0-dezentrale-gradido-server\/\" \/>\n<meta property=\"og:site_name\" content=\"Gradido\" \/>\n<meta property=\"article:published_time\" content=\"2023-11-01T08:19:21+00:00\" \/>\n<meta property=\"article:modified_time\" content=\"2026-04-24T06:04:33+00:00\" \/>\n<meta property=\"og:image\" content=\"https:\/\/gradido.net\/wp-content\/uploads\/2023\/11\/Dezentrale_Server_1920.jpg\" \/>\n\t<meta property=\"og:image:width\" content=\"1920\" \/>\n\t<meta property=\"og:image:height\" content=\"1200\" \/>\n\t<meta property=\"og:image:type\" content=\"image\/jpeg\" \/>\n<meta name=\"author\" content=\"Bernd H\u00fcckst\u00e4dt\" \/>\n<meta name=\"twitter:card\" content=\"summary_large_image\" \/>\n<meta name=\"twitter:label1\" content=\"Scris de\" \/>\n\t<meta name=\"twitter:data1\" content=\"Bernd H\u00fcckst\u00e4dt\" \/>\n\t<meta name=\"twitter:label2\" content=\"Timp estimat pentru citire\" \/>\n\t<meta name=\"twitter:data2\" content=\"4 minute\" \/>\n<script type=\"application\/ld+json\" class=\"yoast-schema-graph\">{\"@context\":\"https:\\\/\\\/schema.org\",\"@graph\":[{\"@type\":\"Article\",\"@id\":\"https:\\\/\\\/gradido.net\\\/gradido-2-0-dezentrale-gradido-server\\\/#article\",\"isPartOf\":{\"@id\":\"https:\\\/\\\/gradido.net\\\/gradido-2-0-dezentrale-gradido-server\\\/\"},\"author\":{\"name\":\"Bernd H\u00fcckst\u00e4dt\",\"@id\":\"https:\\\/\\\/gradido.net\\\/de\\\/#\\\/schema\\\/person\\\/9c503a004ad15a1ddecadce2218db5d1\"},\"headline\":\"Gradido 2.0 \u2013 Dezentrale Gradido-Server\",\"datePublished\":\"2023-11-01T08:19:21+00:00\",\"dateModified\":\"2026-04-24T06:04:33+00:00\",\"mainEntityOfPage\":{\"@id\":\"https:\\\/\\\/gradido.net\\\/gradido-2-0-dezentrale-gradido-server\\\/\"},\"wordCount\":592,\"publisher\":{\"@id\":\"https:\\\/\\\/gradido.net\\\/de\\\/#organization\"},\"image\":{\"@id\":\"https:\\\/\\\/gradido.net\\\/gradido-2-0-dezentrale-gradido-server\\\/#primaryimage\"},\"thumbnailUrl\":\"https:\\\/\\\/gradido.net\\\/wp-content\\\/uploads\\\/2023\\\/11\\\/Dezentrale_Server_1920.jpg\",\"articleSection\":[\"Blog\",\"Gradido-Konto\"],\"inLanguage\":\"ro-RO\"},{\"@type\":\"WebPage\",\"@id\":\"https:\\\/\\\/gradido.net\\\/gradido-2-0-dezentrale-gradido-server\\\/\",\"url\":\"https:\\\/\\\/gradido.net\\\/gradido-2-0-dezentrale-gradido-server\\\/\",\"name\":\"Gradido 2.0 \u2013 Dezentrale Gradido-Server - Gradido\",\"isPartOf\":{\"@id\":\"https:\\\/\\\/gradido.net\\\/de\\\/#website\"},\"primaryImageOfPage\":{\"@id\":\"https:\\\/\\\/gradido.net\\\/gradido-2-0-dezentrale-gradido-server\\\/#primaryimage\"},\"image\":{\"@id\":\"https:\\\/\\\/gradido.net\\\/gradido-2-0-dezentrale-gradido-server\\\/#primaryimage\"},\"thumbnailUrl\":\"https:\\\/\\\/gradido.net\\\/wp-content\\\/uploads\\\/2023\\\/11\\\/Dezentrale_Server_1920.jpg\",\"datePublished\":\"2023-11-01T08:19:21+00:00\",\"dateModified\":\"2026-04-24T06:04:33+00:00\",\"description\":\"Gradido wird dezentral! Mit Gradido 2.0 k\u00f6nnen wir nun den Wunsch vieler Teilnehmerinnen und Teilnehmer erf\u00fcllen, ihre Community autonom zu organisieren. Damit kommen wir dem Traum eines menschlichen, dezentralen Verg\u00fctungssystems ein gro\u00dfes St\u00fcck n\u00e4her.\",\"breadcrumb\":{\"@id\":\"https:\\\/\\\/gradido.net\\\/gradido-2-0-dezentrale-gradido-server\\\/#breadcrumb\"},\"inLanguage\":\"ro-RO\",\"potentialAction\":[{\"@type\":\"ReadAction\",\"target\":[\"https:\\\/\\\/gradido.net\\\/gradido-2-0-dezentrale-gradido-server\\\/\"]}]},{\"@type\":\"ImageObject\",\"inLanguage\":\"ro-RO\",\"@id\":\"https:\\\/\\\/gradido.net\\\/gradido-2-0-dezentrale-gradido-server\\\/#primaryimage\",\"url\":\"https:\\\/\\\/gradido.net\\\/wp-content\\\/uploads\\\/2023\\\/11\\\/Dezentrale_Server_1920.jpg\",\"contentUrl\":\"https:\\\/\\\/gradido.net\\\/wp-content\\\/uploads\\\/2023\\\/11\\\/Dezentrale_Server_1920.jpg\",\"width\":1920,\"height\":1200},{\"@type\":\"BreadcrumbList\",\"@id\":\"https:\\\/\\\/gradido.net\\\/gradido-2-0-dezentrale-gradido-server\\\/#breadcrumb\",\"itemListElement\":[{\"@type\":\"ListItem\",\"position\":1,\"name\":\"Startseite\",\"item\":\"https:\\\/\\\/gradido.net\\\/\"},{\"@type\":\"ListItem\",\"position\":2,\"name\":\"Gradido 2.0 \u2013 Dezentrale Gradido-Server\"}]},{\"@type\":\"WebSite\",\"@id\":\"https:\\\/\\\/gradido.net\\\/de\\\/#website\",\"url\":\"https:\\\/\\\/gradido.net\\\/de\\\/\",\"name\":\"Gradido\",\"description\":\"Die neue W\u00e4hrung hei\u00dft Dankbarkeit\",\"publisher\":{\"@id\":\"https:\\\/\\\/gradido.net\\\/de\\\/#organization\"},\"potentialAction\":[{\"@type\":\"SearchAction\",\"target\":{\"@type\":\"EntryPoint\",\"urlTemplate\":\"https:\\\/\\\/gradido.net\\\/de\\\/?s={search_term_string}\"},\"query-input\":{\"@type\":\"PropertyValueSpecification\",\"valueRequired\":true,\"valueName\":\"search_term_string\"}}],\"inLanguage\":\"ro-RO\"},{\"@type\":\"Organization\",\"@id\":\"https:\\\/\\\/gradido.net\\\/de\\\/#organization\",\"name\":\"Gradido\",\"url\":\"https:\\\/\\\/gradido.net\\\/de\\\/\",\"logo\":{\"@type\":\"ImageObject\",\"inLanguage\":\"ro-RO\",\"@id\":\"https:\\\/\\\/gradido.net\\\/de\\\/#\\\/schema\\\/logo\\\/image\\\/\",\"url\":\"https:\\\/\\\/gradido.net\\\/wp-content\\\/uploads\\\/2022\\\/04\\\/gradido-social.jpg\",\"contentUrl\":\"https:\\\/\\\/gradido.net\\\/wp-content\\\/uploads\\\/2022\\\/04\\\/gradido-social.jpg\",\"width\":527,\"height\":273,\"caption\":\"Gradido\"},\"image\":{\"@id\":\"https:\\\/\\\/gradido.net\\\/de\\\/#\\\/schema\\\/logo\\\/image\\\/\"}},{\"@type\":\"Person\",\"@id\":\"https:\\\/\\\/gradido.net\\\/de\\\/#\\\/schema\\\/person\\\/9c503a004ad15a1ddecadce2218db5d1\",\"name\":\"Bernd H\u00fcckst\u00e4dt\",\"sameAs\":[\"https:\\\/\\\/gradido.net\"],\"url\":\"https:\\\/\\\/gradido.net\\\/ro\\\/author\\\/bernd\\\/\"}]}<\/script>\n<!-- \/ Yoast SEO plugin. -->","yoast_head_json":{"title":"Gradido 2.0 - Server Gradido descentralizat - Gradido","description":"Gradido devine descentralizat! Cu Gradido 2.0, putem acum s\u0103 \u00eendeplinim dorin\u021ba multor participan\u021bi de a-\u0219i organiza comunitatea \u00een mod autonom. Acest lucru ne aduce cu un pas mare mai aproape de visul unui sistem de remunerare uman \u0219i descentralizat.","robots":{"index":"index","follow":"follow","max-snippet":"max-snippet:-1","max-image-preview":"max-image-preview:large","max-video-preview":"max-video-preview:-1"},"canonical":"https:\/\/gradido.net\/ro\/gradido-2-0-dezentrale-gradido-server\/","og_locale":"ro_RO","og_type":"article","og_title":"Gradido 2.0 \u2013 Dezentrale Gradido-Server - Gradido","og_description":"Gradido wird dezentral! Mit Gradido 2.0 k\u00f6nnen wir nun den Wunsch vieler Teilnehmerinnen und Teilnehmer erf\u00fcllen, ihre Community autonom zu organisieren. Damit kommen wir dem Traum eines menschlichen, dezentralen Verg\u00fctungssystems ein gro\u00dfes St\u00fcck n\u00e4her.","og_url":"https:\/\/gradido.net\/ro\/gradido-2-0-dezentrale-gradido-server\/","og_site_name":"Gradido","article_published_time":"2023-11-01T08:19:21+00:00","article_modified_time":"2026-04-24T06:04:33+00:00","og_image":[{"width":1920,"height":1200,"url":"https:\/\/gradido.net\/wp-content\/uploads\/2023\/11\/Dezentrale_Server_1920.jpg","type":"image\/jpeg"}],"author":"Bernd H\u00fcckst\u00e4dt","twitter_card":"summary_large_image","twitter_misc":{"Scris de":"Bernd H\u00fcckst\u00e4dt","Timp estimat pentru citire":"4 minute"},"schema":{"@context":"https:\/\/schema.org","@graph":[{"@type":"Article","@id":"https:\/\/gradido.net\/gradido-2-0-dezentrale-gradido-server\/#article","isPartOf":{"@id":"https:\/\/gradido.net\/gradido-2-0-dezentrale-gradido-server\/"},"author":{"name":"Bernd H\u00fcckst\u00e4dt","@id":"https:\/\/gradido.net\/de\/#\/schema\/person\/9c503a004ad15a1ddecadce2218db5d1"},"headline":"Gradido 2.0 \u2013 Dezentrale Gradido-Server","datePublished":"2023-11-01T08:19:21+00:00","dateModified":"2026-04-24T06:04:33+00:00","mainEntityOfPage":{"@id":"https:\/\/gradido.net\/gradido-2-0-dezentrale-gradido-server\/"},"wordCount":592,"publisher":{"@id":"https:\/\/gradido.net\/de\/#organization"},"image":{"@id":"https:\/\/gradido.net\/gradido-2-0-dezentrale-gradido-server\/#primaryimage"},"thumbnailUrl":"https:\/\/gradido.net\/wp-content\/uploads\/2023\/11\/Dezentrale_Server_1920.jpg","articleSection":["Blog","Gradido-Konto"],"inLanguage":"ro-RO"},{"@type":"WebPage","@id":"https:\/\/gradido.net\/gradido-2-0-dezentrale-gradido-server\/","url":"https:\/\/gradido.net\/gradido-2-0-dezentrale-gradido-server\/","name":"Gradido 2.0 - Server Gradido descentralizat - Gradido","isPartOf":{"@id":"https:\/\/gradido.net\/de\/#website"},"primaryImageOfPage":{"@id":"https:\/\/gradido.net\/gradido-2-0-dezentrale-gradido-server\/#primaryimage"},"image":{"@id":"https:\/\/gradido.net\/gradido-2-0-dezentrale-gradido-server\/#primaryimage"},"thumbnailUrl":"https:\/\/gradido.net\/wp-content\/uploads\/2023\/11\/Dezentrale_Server_1920.jpg","datePublished":"2023-11-01T08:19:21+00:00","dateModified":"2026-04-24T06:04:33+00:00","description":"Gradido devine descentralizat! Cu Gradido 2.0, putem acum s\u0103 \u00eendeplinim dorin\u021ba multor participan\u021bi de a-\u0219i organiza comunitatea \u00een mod autonom. Acest lucru ne aduce cu un pas mare mai aproape de visul unui sistem de remunerare uman \u0219i descentralizat.","breadcrumb":{"@id":"https:\/\/gradido.net\/gradido-2-0-dezentrale-gradido-server\/#breadcrumb"},"inLanguage":"ro-RO","potentialAction":[{"@type":"ReadAction","target":["https:\/\/gradido.net\/gradido-2-0-dezentrale-gradido-server\/"]}]},{"@type":"ImageObject","inLanguage":"ro-RO","@id":"https:\/\/gradido.net\/gradido-2-0-dezentrale-gradido-server\/#primaryimage","url":"https:\/\/gradido.net\/wp-content\/uploads\/2023\/11\/Dezentrale_Server_1920.jpg","contentUrl":"https:\/\/gradido.net\/wp-content\/uploads\/2023\/11\/Dezentrale_Server_1920.jpg","width":1920,"height":1200},{"@type":"BreadcrumbList","@id":"https:\/\/gradido.net\/gradido-2-0-dezentrale-gradido-server\/#breadcrumb","itemListElement":[{"@type":"ListItem","position":1,"name":"Startseite","item":"https:\/\/gradido.net\/"},{"@type":"ListItem","position":2,"name":"Gradido 2.0 \u2013 Dezentrale Gradido-Server"}]},{"@type":"WebSite","@id":"https:\/\/gradido.net\/de\/#website","url":"https:\/\/gradido.net\/de\/","name":"Gradido","description":"Noua moned\u0103 este recuno\u0219tin\u021ba","publisher":{"@id":"https:\/\/gradido.net\/de\/#organization"},"potentialAction":[{"@type":"SearchAction","target":{"@type":"EntryPoint","urlTemplate":"https:\/\/gradido.net\/de\/?s={search_term_string}"},"query-input":{"@type":"PropertyValueSpecification","valueRequired":true,"valueName":"search_term_string"}}],"inLanguage":"ro-RO"},{"@type":"Organization","@id":"https:\/\/gradido.net\/de\/#organization","name":"Gradido","url":"https:\/\/gradido.net\/de\/","logo":{"@type":"ImageObject","inLanguage":"ro-RO","@id":"https:\/\/gradido.net\/de\/#\/schema\/logo\/image\/","url":"https:\/\/gradido.net\/wp-content\/uploads\/2022\/04\/gradido-social.jpg","contentUrl":"https:\/\/gradido.net\/wp-content\/uploads\/2022\/04\/gradido-social.jpg","width":527,"height":273,"caption":"Gradido"},"image":{"@id":"https:\/\/gradido.net\/de\/#\/schema\/logo\/image\/"}},{"@type":"Person","@id":"https:\/\/gradido.net\/de\/#\/schema\/person\/9c503a004ad15a1ddecadce2218db5d1","name":"Bernd H\u00fcckst\u00e4dt","sameAs":["https:\/\/gradido.net"],"url":"https:\/\/gradido.net\/ro\/author\/bernd\/"}]}},"_links":{"self":[{"href":"https:\/\/gradido.net\/ro\/wp-json\/wp\/v2\/posts\/8075","targetHints":{"allow":["GET"]}}],"collection":[{"href":"https:\/\/gradido.net\/ro\/wp-json\/wp\/v2\/posts"}],"about":[{"href":"https:\/\/gradido.net\/ro\/wp-json\/wp\/v2\/types\/post"}],"author":[{"embeddable":true,"href":"https:\/\/gradido.net\/ro\/wp-json\/wp\/v2\/users\/2"}],"replies":[{"embeddable":true,"href":"https:\/\/gradido.net\/ro\/wp-json\/wp\/v2\/comments?post=8075"}],"version-history":[{"count":26,"href":"https:\/\/gradido.net\/ro\/wp-json\/wp\/v2\/posts\/8075\/revisions"}],"predecessor-version":[{"id":13589,"href":"https:\/\/gradido.net\/ro\/wp-json\/wp\/v2\/posts\/8075\/revisions\/13589"}],"wp:featuredmedia":[{"embeddable":true,"href":"https:\/\/gradido.net\/ro\/wp-json\/wp\/v2\/media\/8076"}],"wp:attachment":[{"href":"https:\/\/gradido.net\/ro\/wp-json\/wp\/v2\/media?parent=8075"}],"wp:term":[{"taxonomy":"category","embeddable":true,"href":"https:\/\/gradido.net\/ro\/wp-json\/wp\/v2\/categories?post=8075"},{"taxonomy":"post_tag","embeddable":true,"href":"https:\/\/gradido.net\/ro\/wp-json\/wp\/v2\/tags?post=8075"}],"curies":[{"name":"wp","href":"https:\/\/api.w.org\/{rel}","templated":true}]}}