{"id":910,"date":"2020-09-30T23:01:23","date_gmt":"2020-09-30T21:01:23","guid":{"rendered":"https:\/\/gradido.net\/?p=910"},"modified":"2021-12-11T09:20:17","modified_gmt":"2021-12-11T08:20:17","slug":"endlich-sicherheit-mit-perspektive","status":"publish","type":"post","link":"https:\/\/gradido.net\/ro\/endlich-sicherheit-mit-perspektive\/","title":{"rendered":"\u00cen sf\u00e2r\u0219it, securitate cu perspectiv\u0103"},"content":{"rendered":"<div data-elementor-type=\"wp-post\" data-elementor-id=\"910\" class=\"elementor elementor-910\" data-elementor-post-type=\"post\">\n\t\t\t\t\t\t<section class=\"elementor-section elementor-top-section elementor-element elementor-element-496e1d53 elementor-section-boxed elementor-section-height-default elementor-section-height-default\" data-id=\"496e1d53\" data-element_type=\"section\" data-e-type=\"section\">\n\t\t\t\t\t\t<div class=\"elementor-container elementor-column-gap-default\">\n\t\t\t\t\t<div class=\"elementor-column elementor-col-100 elementor-top-column elementor-element elementor-element-461d7be0\" data-id=\"461d7be0\" data-element_type=\"column\" data-e-type=\"column\">\n\t\t\t<div class=\"elementor-widget-wrap elementor-element-populated\">\n\t\t\t\t\t\t<div class=\"elementor-element elementor-element-cd9ebe2 elementor-widget elementor-widget-text-editor\" data-id=\"cd9ebe2\" data-element_type=\"widget\" data-e-type=\"widget\" data-widget_type=\"text-editor.default\">\n\t\t\t\t<div class=\"elementor-widget-container\">\n\t\t\t\t\t\t\t\t\t<h2>Venit de baz\u0103 activ pentru arti\u0219ti \u0219i jurnali\u0219ti independen\u021bi<\/h2><p><strong>K\u00fcnzelsau, 30 septembrie 2020 - Ce ar fi o \u021bar\u0103 f\u0103r\u0103 poe\u021bi, g\u00e2nditori, muzicieni, pictori, actori, c\u00e2nt\u0103re\u021bi, dansatori, jurnali\u0219ti, publici\u0219ti \u0219i regizori? Ele aduc culoare, bucurie, \u00eentreb\u0103ri, sentimente, inspira\u021bie \u0219i viziune \u00een via\u021ba noastr\u0103. Dar acum, m\u0103surile Corona amenin\u021b\u0103 existen\u021ba a nenum\u0103ra\u021bi liber-profesioni\u0219ti individuali din domeniul artelor, culturii \u0219i comunic\u0103rii. Ajutorul de stat de urgen\u021b\u0103 este total insuficient, iar viitorul este incert. Cei afecta\u021bi cer cu disperare un pachet de salvare cu o perspectiv\u0103. \"Venitul de baz\u0103 activ\" \u00ee\u0219i propune s\u0103 \u00eendeplineasc\u0103 aceast\u0103 dorin\u021b\u0103. Un astfel de \"venit de baz\u0103 cu beneficii \u00een schimb\" nu numai c\u0103 poate \u00eempiedica criza s\u0103 distrug\u0103 mijloacele de subzisten\u021b\u0103, dar poate oferi \u00een cele din urm\u0103 profesioni\u0219tilor din domeniul artei \u0219i culturii, precum \u0219i creatorilor de media independen\u021bi o baz\u0103 solid\u0103 pentru a tr\u0103i \u0219i a lucra pe termen lung. \"Modelul Gradido\" al academiei cu acela\u0219i nume dore\u0219te s\u0103 preg\u0103teasc\u0103 terenul ideal pentru creativitate \u0219i bucuria de a crea \u0219i, astfel, s\u0103 salveze o parte indispensabil\u0103 a societ\u0103\u021bii noastre de la declin.<\/strong><\/p><p>Potrivit unui sondaj recent realizat de Asocia\u021bia jurnali\u0219tilor germani (DJV), aproximativ 50 % dintre jurnali\u0219tii independen\u021bi au \u00eenregistrat pierderi at\u00e2t de mari \u00een acest an \u00eenc\u00e2t nu mai pot tr\u0103i. Fiecare al treilea freelancer din breasla scriitorilor nu prime\u0219te \u00een prezent nicio sarcin\u0103. \u00cen r\u00e2ndul fotojurnali\u0219tilor, unul din doi nu are venituri. Arti\u0219tii \u0219i lucr\u0103torii din domeniul cultural au fost lovi\u021bi \u0219i mai puternic de criza actual\u0103. Un num\u0103r mare de creatori independen\u021bi au r\u0103mas f\u0103r\u0103 niciun venit de luni de zile. Cunoscutul actor \u0219i artist de dublaj Frank R\u00f6th descrie situa\u021bia actual\u0103 cu emfaz\u0103: \"Blocajul \u0219i \u00eenchiderea timp de luni de zile a teatrelor, scenelor \u0219i studiourilor de dublaj, film\u0103rile anulate sau am\u00e2nate pe termen nelimitat, anularea evenimentelor \u0219i festivalurilor sunt o catastrof\u0103 pentru noi \u0219i echivaleaz\u0103 cu o interdic\u021bie profesional\u0103.\"<\/p><p>Ajutorul de stat nu este eficient pentru marea majoritate a celor afecta\u021bi. Dar foarte pu\u021bini dintre cei implica\u021bi \u00een sectorul cultural au rezerve financiare. Insecuritatea face parte din via\u021ba de zi cu zi. Deseori, actorii trec prin toate fisurile din domeniul securit\u0103\u021bii sociale \u0219i al legisla\u021biei muncii. Ace\u0219tia au cheltuieli de afaceri, dar nu au un sediu permanent, sunt angaja\u021bi \"nepl\u0103ti\u021bi\" sau contribuie la asigurarea de \u0219omaj at\u00e2t de neregulat din cauza angaj\u0103rilor pe termen scurt, \u00eenc\u00e2t aproape niciodat\u0103 nu pot dob\u00e2ndi dreptul la presta\u021biile acesteia.<\/p><p>Astfel, chiar \u0219i \u00eenainte de Corona, mul\u021bi arti\u0219ti au trecut de la un angajament la altul \u0219i au tr\u0103it \u00een \"circumstan\u021be precare\". Cu toate acestea, pasiunea pentru munca de crea\u021bie a fost \u00eentotdeauna mai mare dec\u00e2t urm\u0103rirea securit\u0103\u021bii financiare. Cu toate acestea, \u00eenchiderea \u0219i consecin\u021bele rezultate conduc acum la probleme economice pe care doar c\u00e2\u021biva lucr\u0103tori culturali le pot suporta singuri. R\u00f6th (61 de ani), tat\u0103 a patru copii, a trecut cu succes prin multe etape dificile din cariera sa. Dar acum se profileaz\u0103 o problem\u0103 cu totul nou\u0103: \"Mul\u021bi actori fac parte acum din \"grupul de risc\" din cauza v\u00e2rstei lor. Ca urmare, angajamentul lor pentru companiile de produc\u021bie este legat de prime de asigurare de neplat\u0103 ridicole. Ca urmare, rolurile actorilor de peste 60 de ani sunt pur \u0219i simplu eliminate din scenarii sau rescrise pentru personaje mai tinere.\"<\/p><p>\u00cen sectorul artei \u0219i culturii nu se \u00eentrevede o activitate normal\u0103, av\u00e2nd \u00een vedere restric\u021biile \u00een\u0103sprite din cauza apropierii iernii. Ajutorul de urgen\u021b\u0103 acordat de guvern este insuficient, iar viitorul este, prin urmare, extrem de incert, potrivit lui R\u00f6th: \"Deoarece guvernul federal nu are, \u00een mod evident, o strategie de ie\u0219ire, nu exist\u0103 nici o perspectiv\u0103 cu privire la c\u00e2nd \u0219i dac\u0103 este posibil\u0103 o revenire la o via\u021b\u0103 de zi cu zi (profesional\u0103) autodeterminat\u0103\".<\/p><p><strong>Venitul de baz\u0103 activ creeaz\u0103 o baz\u0103 pentru via\u021b\u0103 \u0219i munc\u0103<\/strong><br \/>Dac\u0103 \u00eei crede\u021bi pe exper\u021bii \u00een bionic\u0103 de afaceri de la Gradido Academy, actuala criz\u0103 economic\u0103 \u0219i financiar\u0103 ofer\u0103, de asemenea, ocazia de a corecta structuri care au nevoie de mult timp de o reorientare fundamental\u0103. Condi\u021biile nesigure de existen\u021b\u0103 \u00een mass-media \u0219i \u00een sectorul nostru cultural se num\u0103r\u0103 cu siguran\u021b\u0103 printre acestea. Aici trebuie s\u0103 cre\u0103m o baz\u0103 care s\u0103 fac\u0103 posibil\u0103 munca creativ\u0103 f\u0103r\u0103 team\u0103 existen\u021bial\u0103. Un \"venit de baz\u0103 activ\" ar putea nu numai s\u0103 atenueze efectele fatale ale crizei, ci ar putea oferi celor care lucreaz\u0103 \u00een domeniul artelor, culturii \u0219i mass-media din \u021bara noastr\u0103 o baz\u0103 mai solid\u0103 pentru a tr\u0103i \u0219i a lucra pe termen lung \u0219i, astfel, un teren stabil pentru creativitate.<\/p><p>De mai bine de 20 de ani, Academia Gradido analizeaz\u0103 \u00eentrebarea ce poate \u00eenv\u0103\u021ba economia de la natur\u0103. Rezultatul acestei cercet\u0103ri extinse se reg\u0103se\u0219te \u00een noul model economic \u0219i financiar \u00een jurul monedei bunului comun \"Gradido\". Scopul s\u0103u este de a oferi oamenilor din \u00eentreaga lume un mijloc de trai sigur \u0219i de a face ca via\u021ba \u0219i munca s\u0103 fie mai diverse \u0219i mai satisf\u0103c\u0103toare. Potrivit lui Bernd H\u00fcckst\u00e4dt, co-fondator al Academiei, \"venitul de baz\u0103 activ\" este un element central al modelului Gradido: \"Fiecare persoan\u0103 poate ob\u021bine un \"venit de baz\u0103 activ\" prin activit\u0103\u021bi la alegerea sa pentru binele comun. Abilit\u0103\u021bile artistice \u0219i creative sunt la fel de indispensabile aici ca \u0219i asumarea sarcinilor practice \u0219i sociale. Pentru fiecare persoan\u0103, sunt disponibile lunar 1.000 de Gradido (GDD) ca venit de baz\u0103. Un Gradido corespunde valorii unui euro. Un maxim de 50 de ore pe lun\u0103 sunt remunerate cu 20 GDD fiecare. Aceast\u0103 sum\u0103 reprezint\u0103 o sum\u0103 de baz\u0103, care se adaug\u0103 altor surse de venit. Astfel, traiul fiec\u0103ruia este asigurat, iar arta \u0219i cultura nu mai sunt aproape automat legate de grijile existen\u021biale.\"<\/p><p>Modelul Gradido le d\u0103 actorului R\u00f6th \u0219i colegilor s\u0103i o nou\u0103 speran\u021b\u0103: \"\u00cen vremuri ca acestea, un venit de baz\u0103 ar fi de mare ajutor \u0219i sprijin. Modelul Gradido este, cu siguran\u021b\u0103, una dintre cele mai radicale \u0219i utopice abord\u0103ri ale unui nou sistem economic \u0219i financiar, dar de ce mai avem nevoie ast\u0103zi dec\u00e2t de utopii? Ar trebui s\u0103 discut\u0103m serios despre aceast\u0103 nou\u0103 modalitate, pentru c\u0103 ar putea nu numai s\u0103 salveze arta, ci chiar s\u0103 se dovedeasc\u0103 potrivit\u0103 pentru nepo\u021bi.\"<\/p><p>Detalii despre \"modelul Gradido\" complet la adresa <a href=\"https:\/\/gradido.net\/ro\/\">https:\/\/gradido.net<\/a><\/p><p><!-- \/wp:paragraph --><\/p>\t\t\t\t\t\t\t\t<\/div>\n\t\t\t\t<\/div>\n\t\t\t\t<div class=\"elementor-element elementor-element-6fa6293 elementor-widget elementor-widget-image\" data-id=\"6fa6293\" data-element_type=\"widget\" data-e-type=\"widget\" data-widget_type=\"image.default\">\n\t\t\t\t<div class=\"elementor-widget-container\">\n\t\t\t\t\t\t\t\t\t\t\t\t\t\t\t<img fetchpriority=\"high\" decoding=\"async\" width=\"500\" height=\"750\" src=\"https:\/\/gradido.net\/wp-content\/uploads\/2020\/09\/frank-roeth.jpg\" class=\"attachment-medium_large size-medium_large wp-image-914\" alt=\"\" srcset=\"https:\/\/gradido.net\/wp-content\/uploads\/2020\/09\/frank-roeth.jpg 500w, https:\/\/gradido.net\/wp-content\/uploads\/2020\/09\/frank-roeth-200x300.jpg 200w\" sizes=\"(max-width: 500px) 100vw, 500px\" \/>\t\t\t\t\t\t\t\t\t\t\t\t\t\t\t<\/div>\n\t\t\t\t<\/div>\n\t\t\t\t<div class=\"elementor-element elementor-element-1eb7204 elementor-widget elementor-widget-text-editor\" data-id=\"1eb7204\" data-element_type=\"widget\" data-e-type=\"widget\" data-widget_type=\"text-editor.default\">\n\t\t\t\t<div class=\"elementor-widget-container\">\n\t\t\t\t\t\t\t\t\t<p>Frank R\u00f6th lucreaz\u0103 ca actor de peste 30 de ani. El inspir\u0103 publicul \u0219i criticii nu numai \u00een fa\u021ba camerei de filmat (de exemplu, \u00een rolul tat\u0103lui suprasolicitat al lui Josefine Preu\u00df \u00een serialul de succes Lotta de la ZDF), ci \u0219i ca unul dintre cei mai activi actori de dublaj din Germania (Ziemlich beste Freunde, Harry Potter \u0219i multe altele). \u00cen 2013, a primit \"Premiul pentru audiobook al comer\u021bului german de carte\". (Credite foto: Christian Hartmann)<\/p>\t\t\t\t\t\t\t\t<\/div>\n\t\t\t\t<\/div>\n\t\t\t\t<div class=\"elementor-element elementor-element-e9ff241 elementor-widget elementor-widget-text-editor\" data-id=\"e9ff241\" data-element_type=\"widget\" data-e-type=\"widget\" data-widget_type=\"text-editor.default\">\n\t\t\t\t<div class=\"elementor-widget-container\">\n\t\t\t\t\t\t\t\t\t<p><strong>Despre Academia Gradido<\/strong><br>Academia Gradido pentru Bionic\u0103 Economic\u0103 a dezvoltat o \"moned\u0103 alternativ\u0103 a binelui comun\", inspirat\u0103 din natur\u0103. Natura respect\u0103 regula conform c\u0103reia numai acolo unde ceva dispare poate ap\u0103rea ceva nou \u0219i, astfel, este posibil\u0103 \u00eembun\u0103t\u0103\u021birea pe termen lung (evolu\u021bia). Re\u021beta sa de succes este \"ciclul vie\u021bii\". Dac\u0103 economia noastr\u0103 ar urma \u0219i ea acest ciclu natural, s-ar rezolva practic toate problemele legate de bani din lume, potrivit exper\u021bilor \u00een bionic\u0103 economic\u0103. Modelul Gradido se bazeaz\u0103 pe ideea c\u0103 nu doar fiecare persoan\u0103, ci \u0219i fiecare stat prime\u0219te un venit creat pe baz\u0103 de credit. Astfel, acesta \u00ee\u0219i poate \u00eendeplini toate sarcinile f\u0103r\u0103 a percepe taxe. Defla\u021bia sau infla\u021bia sunt de domeniul trecutului. Economia este eliberat\u0103 de constr\u00e2ngerea constant\u0103 de a cre\u0219te, iar pericolul unui colaps al sistemului financiar este \u00een sf\u00e2r\u0219it evitat. (<a href=\"https:\/\/gradido.net\/ro\/\">www.gradido.net<\/a>)<\/p>\t\t\t\t\t\t\t\t<\/div>\n\t\t\t\t<\/div>\n\t\t\t\t\t<\/div>\n\t\t<\/div>\n\t\t\t\t\t<\/div>\n\t\t<\/section>\n\t\t\t\t<\/div>","protected":false},"excerpt":{"rendered":"<p>Aktives Grundeinkommen f\u00fcr K\u00fcnstler und freie Journalisten K\u00fcnzelsau, 30. September 2020 \u2013 Was w\u00e4re ein Land ohne seine Dichter, Denker, Musiker, Maler, Schauspieler, S\u00e4nger, T\u00e4nzer, Journalisten, Publizisten und Filmemacher? Sie bringen Farbe, Freude, Fragen, Gef\u00fchle, Inspiration und Visionen in unser Leben. Nun aber bedrohen die Corona-Ma\u00dfnahmen die Existenz unz\u00e4hliger Solo-Selbstst\u00e4ndiger aus Kunst, Kultur und Kommunikation. [&hellip;]<\/p>\n","protected":false},"author":1,"featured_media":921,"comment_status":"closed","ping_status":"closed","sticky":false,"template":"","format":"standard","meta":{"footnotes":""},"categories":[8],"tags":[],"class_list":["post-910","post","type-post","status-publish","format-standard","has-post-thumbnail","hentry","category-pressemitteilung"],"yoast_head":"<!-- This site is optimized with the Yoast SEO plugin v27.5 - https:\/\/yoast.com\/product\/yoast-seo-wordpress\/ -->\n<title>Endlich Sicherheit mit Perspektive - Gradido<\/title>\n<meta name=\"robots\" content=\"index, follow, max-snippet:-1, max-image-preview:large, max-video-preview:-1\" \/>\n<link rel=\"canonical\" href=\"https:\/\/gradido.net\/ro\/endlich-sicherheit-mit-perspektive\/\" \/>\n<meta property=\"og:locale\" content=\"ro_RO\" \/>\n<meta property=\"og:type\" content=\"article\" \/>\n<meta property=\"og:title\" content=\"Endlich Sicherheit mit Perspektive - Gradido\" \/>\n<meta property=\"og:description\" content=\"Aktives Grundeinkommen f\u00fcr K\u00fcnstler und freie Journalisten K\u00fcnzelsau, 30. September 2020 \u2013 Was w\u00e4re ein Land ohne seine Dichter, Denker, Musiker, Maler, Schauspieler, S\u00e4nger, T\u00e4nzer, Journalisten, Publizisten und Filmemacher? Sie bringen Farbe, Freude, Fragen, Gef\u00fchle, Inspiration und Visionen in unser Leben. Nun aber bedrohen die Corona-Ma\u00dfnahmen die Existenz unz\u00e4hliger Solo-Selbstst\u00e4ndiger aus Kunst, Kultur und Kommunikation. [&hellip;]\" \/>\n<meta property=\"og:url\" content=\"https:\/\/gradido.net\/ro\/endlich-sicherheit-mit-perspektive\/\" \/>\n<meta property=\"og:site_name\" content=\"Gradido\" \/>\n<meta property=\"article:published_time\" content=\"2020-09-30T21:01:23+00:00\" \/>\n<meta property=\"article:modified_time\" content=\"2021-12-11T08:20:17+00:00\" \/>\n<meta property=\"og:image\" content=\"https:\/\/gradido.net\/wp-content\/uploads\/2020\/09\/endlich-sicherheit-mit-perspektive-pressemitteilung.jpg\" \/>\n\t<meta property=\"og:image:width\" content=\"1000\" \/>\n\t<meta property=\"og:image:height\" content=\"667\" \/>\n\t<meta property=\"og:image:type\" content=\"image\/jpeg\" \/>\n<meta name=\"author\" content=\"GR4dmin\" \/>\n<meta name=\"twitter:card\" content=\"summary_large_image\" \/>\n<meta name=\"twitter:label1\" content=\"Scris de\" \/>\n\t<meta name=\"twitter:data1\" content=\"GR4dmin\" \/>\n\t<meta name=\"twitter:label2\" content=\"Timp estimat pentru citire\" \/>\n\t<meta name=\"twitter:data2\" content=\"6 minute\" \/>\n<script type=\"application\/ld+json\" class=\"yoast-schema-graph\">{\"@context\":\"https:\\\/\\\/schema.org\",\"@graph\":[{\"@type\":\"Article\",\"@id\":\"https:\\\/\\\/gradido.net\\\/tr\\\/endlich-sicherheit-mit-perspektive\\\/#article\",\"isPartOf\":{\"@id\":\"https:\\\/\\\/gradido.net\\\/tr\\\/endlich-sicherheit-mit-perspektive\\\/\"},\"author\":{\"name\":\"GR4dmin\",\"@id\":\"https:\\\/\\\/gradido.net\\\/de\\\/#\\\/schema\\\/person\\\/9f913f37a47e7a82ad686b58fc907588\"},\"headline\":\"Endlich Sicherheit mit Perspektive\",\"datePublished\":\"2020-09-30T21:01:23+00:00\",\"dateModified\":\"2021-12-11T08:20:17+00:00\",\"mainEntityOfPage\":{\"@id\":\"https:\\\/\\\/gradido.net\\\/tr\\\/endlich-sicherheit-mit-perspektive\\\/\"},\"wordCount\":1112,\"publisher\":{\"@id\":\"https:\\\/\\\/gradido.net\\\/de\\\/#organization\"},\"image\":{\"@id\":\"https:\\\/\\\/gradido.net\\\/tr\\\/endlich-sicherheit-mit-perspektive\\\/#primaryimage\"},\"thumbnailUrl\":\"https:\\\/\\\/gradido.net\\\/wp-content\\\/uploads\\\/2020\\\/09\\\/endlich-sicherheit-mit-perspektive-pressemitteilung.jpg\",\"articleSection\":[\"Pressemitteilung\"],\"inLanguage\":\"ro-RO\"},{\"@type\":\"WebPage\",\"@id\":\"https:\\\/\\\/gradido.net\\\/tr\\\/endlich-sicherheit-mit-perspektive\\\/\",\"url\":\"https:\\\/\\\/gradido.net\\\/tr\\\/endlich-sicherheit-mit-perspektive\\\/\",\"name\":\"Endlich Sicherheit mit Perspektive - Gradido\",\"isPartOf\":{\"@id\":\"https:\\\/\\\/gradido.net\\\/de\\\/#website\"},\"primaryImageOfPage\":{\"@id\":\"https:\\\/\\\/gradido.net\\\/tr\\\/endlich-sicherheit-mit-perspektive\\\/#primaryimage\"},\"image\":{\"@id\":\"https:\\\/\\\/gradido.net\\\/tr\\\/endlich-sicherheit-mit-perspektive\\\/#primaryimage\"},\"thumbnailUrl\":\"https:\\\/\\\/gradido.net\\\/wp-content\\\/uploads\\\/2020\\\/09\\\/endlich-sicherheit-mit-perspektive-pressemitteilung.jpg\",\"datePublished\":\"2020-09-30T21:01:23+00:00\",\"dateModified\":\"2021-12-11T08:20:17+00:00\",\"breadcrumb\":{\"@id\":\"https:\\\/\\\/gradido.net\\\/tr\\\/endlich-sicherheit-mit-perspektive\\\/#breadcrumb\"},\"inLanguage\":\"ro-RO\",\"potentialAction\":[{\"@type\":\"ReadAction\",\"target\":[\"https:\\\/\\\/gradido.net\\\/tr\\\/endlich-sicherheit-mit-perspektive\\\/\"]}]},{\"@type\":\"ImageObject\",\"inLanguage\":\"ro-RO\",\"@id\":\"https:\\\/\\\/gradido.net\\\/tr\\\/endlich-sicherheit-mit-perspektive\\\/#primaryimage\",\"url\":\"https:\\\/\\\/gradido.net\\\/wp-content\\\/uploads\\\/2020\\\/09\\\/endlich-sicherheit-mit-perspektive-pressemitteilung.jpg\",\"contentUrl\":\"https:\\\/\\\/gradido.net\\\/wp-content\\\/uploads\\\/2020\\\/09\\\/endlich-sicherheit-mit-perspektive-pressemitteilung.jpg\",\"width\":1000,\"height\":667},{\"@type\":\"BreadcrumbList\",\"@id\":\"https:\\\/\\\/gradido.net\\\/tr\\\/endlich-sicherheit-mit-perspektive\\\/#breadcrumb\",\"itemListElement\":[{\"@type\":\"ListItem\",\"position\":1,\"name\":\"Startseite\",\"item\":\"https:\\\/\\\/gradido.net\\\/\"},{\"@type\":\"ListItem\",\"position\":2,\"name\":\"Endlich Sicherheit mit Perspektive\"}]},{\"@type\":\"WebSite\",\"@id\":\"https:\\\/\\\/gradido.net\\\/de\\\/#website\",\"url\":\"https:\\\/\\\/gradido.net\\\/de\\\/\",\"name\":\"Gradido\",\"description\":\"Die neue W\u00e4hrung hei\u00dft Dankbarkeit\",\"publisher\":{\"@id\":\"https:\\\/\\\/gradido.net\\\/de\\\/#organization\"},\"potentialAction\":[{\"@type\":\"SearchAction\",\"target\":{\"@type\":\"EntryPoint\",\"urlTemplate\":\"https:\\\/\\\/gradido.net\\\/de\\\/?s={search_term_string}\"},\"query-input\":{\"@type\":\"PropertyValueSpecification\",\"valueRequired\":true,\"valueName\":\"search_term_string\"}}],\"inLanguage\":\"ro-RO\"},{\"@type\":\"Organization\",\"@id\":\"https:\\\/\\\/gradido.net\\\/de\\\/#organization\",\"name\":\"Gradido\",\"url\":\"https:\\\/\\\/gradido.net\\\/de\\\/\",\"logo\":{\"@type\":\"ImageObject\",\"inLanguage\":\"ro-RO\",\"@id\":\"https:\\\/\\\/gradido.net\\\/de\\\/#\\\/schema\\\/logo\\\/image\\\/\",\"url\":\"https:\\\/\\\/gradido.net\\\/wp-content\\\/uploads\\\/2022\\\/04\\\/gradido-social.jpg\",\"contentUrl\":\"https:\\\/\\\/gradido.net\\\/wp-content\\\/uploads\\\/2022\\\/04\\\/gradido-social.jpg\",\"width\":527,\"height\":273,\"caption\":\"Gradido\"},\"image\":{\"@id\":\"https:\\\/\\\/gradido.net\\\/de\\\/#\\\/schema\\\/logo\\\/image\\\/\"}},{\"@type\":\"Person\",\"@id\":\"https:\\\/\\\/gradido.net\\\/de\\\/#\\\/schema\\\/person\\\/9f913f37a47e7a82ad686b58fc907588\",\"name\":\"GR4dmin\",\"sameAs\":[\"https:\\\/\\\/gradido.net\"],\"url\":\"https:\\\/\\\/gradido.net\\\/ro\\\/author\\\/gr4dmin\\\/\"}]}<\/script>\n<!-- \/ Yoast SEO plugin. -->","yoast_head_json":{"title":"\u00cen sf\u00e2r\u0219it, securitate cu perspectiv\u0103 - Gradido","robots":{"index":"index","follow":"follow","max-snippet":"max-snippet:-1","max-image-preview":"max-image-preview:large","max-video-preview":"max-video-preview:-1"},"canonical":"https:\/\/gradido.net\/ro\/endlich-sicherheit-mit-perspektive\/","og_locale":"ro_RO","og_type":"article","og_title":"Endlich Sicherheit mit Perspektive - Gradido","og_description":"Aktives Grundeinkommen f\u00fcr K\u00fcnstler und freie Journalisten K\u00fcnzelsau, 30. September 2020 \u2013 Was w\u00e4re ein Land ohne seine Dichter, Denker, Musiker, Maler, Schauspieler, S\u00e4nger, T\u00e4nzer, Journalisten, Publizisten und Filmemacher? Sie bringen Farbe, Freude, Fragen, Gef\u00fchle, Inspiration und Visionen in unser Leben. Nun aber bedrohen die Corona-Ma\u00dfnahmen die Existenz unz\u00e4hliger Solo-Selbstst\u00e4ndiger aus Kunst, Kultur und Kommunikation. [&hellip;]","og_url":"https:\/\/gradido.net\/ro\/endlich-sicherheit-mit-perspektive\/","og_site_name":"Gradido","article_published_time":"2020-09-30T21:01:23+00:00","article_modified_time":"2021-12-11T08:20:17+00:00","og_image":[{"width":1000,"height":667,"url":"https:\/\/gradido.net\/wp-content\/uploads\/2020\/09\/endlich-sicherheit-mit-perspektive-pressemitteilung.jpg","type":"image\/jpeg"}],"author":"GR4dmin","twitter_card":"summary_large_image","twitter_misc":{"Scris de":"GR4dmin","Timp estimat pentru citire":"6 minute"},"schema":{"@context":"https:\/\/schema.org","@graph":[{"@type":"Article","@id":"https:\/\/gradido.net\/tr\/endlich-sicherheit-mit-perspektive\/#article","isPartOf":{"@id":"https:\/\/gradido.net\/tr\/endlich-sicherheit-mit-perspektive\/"},"author":{"name":"GR4dmin","@id":"https:\/\/gradido.net\/de\/#\/schema\/person\/9f913f37a47e7a82ad686b58fc907588"},"headline":"Endlich Sicherheit mit Perspektive","datePublished":"2020-09-30T21:01:23+00:00","dateModified":"2021-12-11T08:20:17+00:00","mainEntityOfPage":{"@id":"https:\/\/gradido.net\/tr\/endlich-sicherheit-mit-perspektive\/"},"wordCount":1112,"publisher":{"@id":"https:\/\/gradido.net\/de\/#organization"},"image":{"@id":"https:\/\/gradido.net\/tr\/endlich-sicherheit-mit-perspektive\/#primaryimage"},"thumbnailUrl":"https:\/\/gradido.net\/wp-content\/uploads\/2020\/09\/endlich-sicherheit-mit-perspektive-pressemitteilung.jpg","articleSection":["Pressemitteilung"],"inLanguage":"ro-RO"},{"@type":"WebPage","@id":"https:\/\/gradido.net\/tr\/endlich-sicherheit-mit-perspektive\/","url":"https:\/\/gradido.net\/tr\/endlich-sicherheit-mit-perspektive\/","name":"\u00cen sf\u00e2r\u0219it, securitate cu perspectiv\u0103 - Gradido","isPartOf":{"@id":"https:\/\/gradido.net\/de\/#website"},"primaryImageOfPage":{"@id":"https:\/\/gradido.net\/tr\/endlich-sicherheit-mit-perspektive\/#primaryimage"},"image":{"@id":"https:\/\/gradido.net\/tr\/endlich-sicherheit-mit-perspektive\/#primaryimage"},"thumbnailUrl":"https:\/\/gradido.net\/wp-content\/uploads\/2020\/09\/endlich-sicherheit-mit-perspektive-pressemitteilung.jpg","datePublished":"2020-09-30T21:01:23+00:00","dateModified":"2021-12-11T08:20:17+00:00","breadcrumb":{"@id":"https:\/\/gradido.net\/tr\/endlich-sicherheit-mit-perspektive\/#breadcrumb"},"inLanguage":"ro-RO","potentialAction":[{"@type":"ReadAction","target":["https:\/\/gradido.net\/tr\/endlich-sicherheit-mit-perspektive\/"]}]},{"@type":"ImageObject","inLanguage":"ro-RO","@id":"https:\/\/gradido.net\/tr\/endlich-sicherheit-mit-perspektive\/#primaryimage","url":"https:\/\/gradido.net\/wp-content\/uploads\/2020\/09\/endlich-sicherheit-mit-perspektive-pressemitteilung.jpg","contentUrl":"https:\/\/gradido.net\/wp-content\/uploads\/2020\/09\/endlich-sicherheit-mit-perspektive-pressemitteilung.jpg","width":1000,"height":667},{"@type":"BreadcrumbList","@id":"https:\/\/gradido.net\/tr\/endlich-sicherheit-mit-perspektive\/#breadcrumb","itemListElement":[{"@type":"ListItem","position":1,"name":"Startseite","item":"https:\/\/gradido.net\/"},{"@type":"ListItem","position":2,"name":"Endlich Sicherheit mit Perspektive"}]},{"@type":"WebSite","@id":"https:\/\/gradido.net\/de\/#website","url":"https:\/\/gradido.net\/de\/","name":"Gradido","description":"Noua moned\u0103 este recuno\u0219tin\u021ba","publisher":{"@id":"https:\/\/gradido.net\/de\/#organization"},"potentialAction":[{"@type":"SearchAction","target":{"@type":"EntryPoint","urlTemplate":"https:\/\/gradido.net\/de\/?s={search_term_string}"},"query-input":{"@type":"PropertyValueSpecification","valueRequired":true,"valueName":"search_term_string"}}],"inLanguage":"ro-RO"},{"@type":"Organization","@id":"https:\/\/gradido.net\/de\/#organization","name":"Gradido","url":"https:\/\/gradido.net\/de\/","logo":{"@type":"ImageObject","inLanguage":"ro-RO","@id":"https:\/\/gradido.net\/de\/#\/schema\/logo\/image\/","url":"https:\/\/gradido.net\/wp-content\/uploads\/2022\/04\/gradido-social.jpg","contentUrl":"https:\/\/gradido.net\/wp-content\/uploads\/2022\/04\/gradido-social.jpg","width":527,"height":273,"caption":"Gradido"},"image":{"@id":"https:\/\/gradido.net\/de\/#\/schema\/logo\/image\/"}},{"@type":"Person","@id":"https:\/\/gradido.net\/de\/#\/schema\/person\/9f913f37a47e7a82ad686b58fc907588","name":"GR4dmin","sameAs":["https:\/\/gradido.net"],"url":"https:\/\/gradido.net\/ro\/author\/gr4dmin\/"}]}},"_links":{"self":[{"href":"https:\/\/gradido.net\/ro\/wp-json\/wp\/v2\/posts\/910","targetHints":{"allow":["GET"]}}],"collection":[{"href":"https:\/\/gradido.net\/ro\/wp-json\/wp\/v2\/posts"}],"about":[{"href":"https:\/\/gradido.net\/ro\/wp-json\/wp\/v2\/types\/post"}],"author":[{"embeddable":true,"href":"https:\/\/gradido.net\/ro\/wp-json\/wp\/v2\/users\/1"}],"replies":[{"embeddable":true,"href":"https:\/\/gradido.net\/ro\/wp-json\/wp\/v2\/comments?post=910"}],"version-history":[{"count":8,"href":"https:\/\/gradido.net\/ro\/wp-json\/wp\/v2\/posts\/910\/revisions"}],"predecessor-version":[{"id":3733,"href":"https:\/\/gradido.net\/ro\/wp-json\/wp\/v2\/posts\/910\/revisions\/3733"}],"wp:featuredmedia":[{"embeddable":true,"href":"https:\/\/gradido.net\/ro\/wp-json\/wp\/v2\/media\/921"}],"wp:attachment":[{"href":"https:\/\/gradido.net\/ro\/wp-json\/wp\/v2\/media?parent=910"}],"wp:term":[{"taxonomy":"category","embeddable":true,"href":"https:\/\/gradido.net\/ro\/wp-json\/wp\/v2\/categories?post=910"},{"taxonomy":"post_tag","embeddable":true,"href":"https:\/\/gradido.net\/ro\/wp-json\/wp\/v2\/tags?post=910"}],"curies":[{"name":"wp","href":"https:\/\/api.w.org\/{rel}","templated":true}]}}