{"id":9844,"date":"2024-11-27T16:26:48","date_gmt":"2024-11-27T15:26:48","guid":{"rendered":"https:\/\/gradido.net\/?p=9844"},"modified":"2026-04-24T07:26:18","modified_gmt":"2026-04-24T05:26:18","slug":"dein-mitwirken-ist-gefragt","status":"publish","type":"post","link":"https:\/\/gradido.net\/ro\/dein-mitwirken-ist-gefragt\/","title":{"rendered":"\"Participarea+ac\u021biunea\" dumneavoastr\u0103 este necesar\u0103"},"content":{"rendered":"<div data-elementor-type=\"wp-post\" data-elementor-id=\"9844\" class=\"elementor elementor-9844\" data-elementor-post-type=\"post\">\n\t\t\t\t\t\t<section class=\"elementor-section elementor-top-section elementor-element elementor-element-496e1d53 elementor-section-boxed elementor-section-height-default elementor-section-height-default\" data-id=\"496e1d53\" data-element_type=\"section\" data-e-type=\"section\">\n\t\t\t\t\t\t<div class=\"elementor-container elementor-column-gap-default\">\n\t\t\t\t\t<div class=\"elementor-column elementor-col-100 elementor-top-column elementor-element elementor-element-461d7be0\" data-id=\"461d7be0\" data-element_type=\"column\" data-e-type=\"column\">\n\t\t\t<div class=\"elementor-widget-wrap elementor-element-populated\">\n\t\t\t\t\t\t<div class=\"elementor-element elementor-element-cd9ebe2 elementor-widget elementor-widget-text-editor\" data-id=\"cd9ebe2\" data-element_type=\"widget\" data-e-type=\"widget\" data-widget_type=\"text-editor.default\">\n\t\t\t\t<div class=\"elementor-widget-container\">\n\t\t\t\t\t\t\t\t\t<p><em>De la Eva-Maria Zander<\/em><\/p><p style=\"text-align: right;\"><em>\"<strong>Dac\u0103 dori\u021bi s\u0103 construi\u021bi o nav\u0103,<\/strong> atunci nu bate\u021bi toba b\u0103rba\u021bilor, <\/em><br \/><em>procurarea lemnului, atribuirea sarcinilor \u0219i organizarea muncii, <\/em><br \/><em>dar \u00eei \u00eenva\u021b\u0103 pe oameni s\u0103 t\u00e2njeasc\u0103 dup\u0103 marea vast\u0103 \u0219i nesf\u00e2r\u0219it\u0103. \"<\/em><\/p><p style=\"text-align: right;\"><em>Antoine de Saint-Exup\u00e9ry<\/em><\/p><p>Drag\u0103 cititorule,<\/p><p>Dori\u021bi, de asemenea, s\u0103 intra\u021bi \u0219i mai bine \u00een contact cu noi \u0219i cu al\u021bi membri Gradido \u0219i s\u0103 face\u021bi tangibil\u0103 leg\u0103tura noastr\u0103 reciproc\u0103? \u0218i a\u021bi dori s\u0103 contribui\u021bi cu darurile dvs. foarte speciale pentru a c\u00e2\u0219tiga \u0219i mai mul\u021bi oameni pentru Gradido, pentru a v\u0103 conecta reciproc prin Gradido \u0219i pentru a-i inspira pentru proiecte comune?<\/p><p><strong>Atunci am dou\u0103 \u00eentreb\u0103ri pentru dumneavoastr\u0103 ast\u0103zi:<\/strong><\/p><ol><li>Ce activit\u0103\u021bi v\u0103 plac din toat\u0103 inima?<\/li><li>Cum pot fi acestea combinate cu Gradido?<\/li><\/ol><p>.<br \/>Dac\u0103 nu pute\u021bi r\u0103spunde spontan la a doua \u00eentrebare, r\u0103m\u00e2ne\u021bi la r\u0103spunsul la prima. Poate c\u0103 al\u021bii dintre noi vor avea idei geniale \u0219i vom putea folosi \u00eempreun\u0103 inteligen\u021ba roiului.<\/p><p>V\u0103 rug\u0103m s\u0103 v\u0103 scrie\u021bi r\u0103spunsul (r\u0103spunsurile) \u00een spa\u021biul \"Mit+Wirken\" din cercurile Gradido!<\/p><p>Dup\u0103 cum \u0219ti\u021bi, pute\u021bi ajunge la cercurile gradido \u00een <a href=\"https:\/\/gdd.gradido.net\/\" target=\"_blank\" rel=\"noopener\">Contul Gradido<\/a> prin intermediul meniului \"Cercuri\". Spa\u021biul \"Join + Contribute\" este chiar \u00een partea de sus, pe locul doi. Pur \u0219i simplu face\u021bi clic pe \"Join\" \u0219i scrie\u021bi-v\u0103 r\u0103spunsul (r\u0103spunsurile).<\/p><p>Ar fi minunat dac\u0103 <strong>R\u0103spunsurile dumneavoastr\u0103 p\u00e2n\u0103 la 8 decembrie<\/strong> post. Apoi le putem discuta la urm\u0103toarea noastr\u0103 \u00eent\u00e2lnire Vision Circle \u0219i le putem r\u0103spunde.<\/p><p>O mie de mul\u021bumiri pentru ajutor \u0219i salut\u0103ri<\/p><p>Al dumneavoastr\u0103<\/p><p>Eva-Maria de la Vision Circle<\/p><p>\u00a0<img fetchpriority=\"high\" decoding=\"async\" class=\"alignnone wp-image-9853 size-medium\" src=\"https:\/\/gradido.net\/wp-content\/uploads\/2024\/11\/BildschiImpulse-259x300.png\" alt=\"\" width=\"259\" height=\"300\" \/><\/p>\t\t\t\t\t\t\t\t<\/div>\n\t\t\t\t<\/div>\n\t\t\t\t\t<\/div>\n\t\t<\/div>\n\t\t\t\t\t<\/div>\n\t\t<\/section>\n\t\t\t\t<section class=\"elementor-section elementor-top-section elementor-element elementor-element-14532fe elementor-section-boxed elementor-section-height-default elementor-section-height-default\" data-id=\"14532fe\" data-element_type=\"section\" data-e-type=\"section\">\n\t\t\t\t\t\t<div class=\"elementor-container elementor-column-gap-default\">\n\t\t\t\t\t<div class=\"elementor-column elementor-col-100 elementor-top-column elementor-element elementor-element-65d2298\" data-id=\"65d2298\" data-element_type=\"column\" data-e-type=\"column\">\n\t\t\t<div class=\"elementor-widget-wrap elementor-element-populated\">\n\t\t\t\t\t\t<div class=\"elementor-element elementor-element-bea124f elementor-widget elementor-widget-global elementor-global-9341 elementor-widget-text-editor\" data-id=\"bea124f\" data-element_type=\"widget\" data-e-type=\"widget\" data-widget_type=\"text-editor.default\">\n\t\t\t\t<div class=\"elementor-widget-container\">\n\t\t\t\t\t\t\t\t\t<p><strong>PS:\u00a0<span style=\"color: #ff6600;\"><a style=\"color: #ff6600;\" href=\"https:\/\/gradido.net\/ro\/donations\/\">Datorit\u0103 importan\u021bei tot mai mari a Gradido, repet\u0103m campania noastr\u0103 de recuno\u0219tin\u021b\u0103 pe 26 iunie 2026:<\/a>\u00a0<\/span><span style=\"color: #0000ff;\"><a style=\"color: #0000ff;\" href=\"https:\/\/gradido.net\/ro\/donations\/\">\u00cen plus fa\u021b\u0103 de GradidoTransform multiple pentru contribu\u021bia dvs. de sponsorizare, vom cre\u0219te toate soldurile conturilor GDT cu 26% pe 26\/06\/2016. Sponsorizeaz\u0103 acum \u0219i bucur\u0103-te de suma multipl\u0103 a GDT!<\/a><\/span><\/strong><\/p>\t\t\t\t\t\t\t\t<\/div>\n\t\t\t\t<\/div>\n\t\t\t\t\t<\/div>\n\t\t<\/div>\n\t\t\t\t\t<\/div>\n\t\t<\/section>\n\t\t\t\t<section class=\"elementor-section elementor-top-section elementor-element elementor-element-29dfc07 elementor-section-boxed elementor-section-height-default elementor-section-height-default\" data-id=\"29dfc07\" data-element_type=\"section\" data-e-type=\"section\">\n\t\t\t\t\t\t<div class=\"elementor-container elementor-column-gap-default\">\n\t\t\t\t\t<div class=\"elementor-column elementor-col-100 elementor-top-column elementor-element elementor-element-d37ec5a\" data-id=\"d37ec5a\" data-element_type=\"column\" data-e-type=\"column\">\n\t\t\t<div class=\"elementor-widget-wrap\">\n\t\t\t\t\t\t\t<\/div>\n\t\t<\/div>\n\t\t\t\t\t<\/div>\n\t\t<\/section>\n\t\t\t\t<\/div>","protected":false},"excerpt":{"rendered":"<p>Dori\u021bi, de asemenea, s\u0103 intra\u021bi \u0219i mai bine \u00een contact cu noi \u0219i cu al\u021bi membri Gradido \u0219i s\u0103 face\u021bi tangibil\u0103 leg\u0103tura noastr\u0103 reciproc\u0103? \u0218i a\u021bi dori s\u0103 v\u0103 folosi\u021bi darurile foarte speciale pentru a ...<\/p>","protected":false},"author":2,"featured_media":9857,"comment_status":"closed","ping_status":"closed","sticky":false,"template":"","format":"standard","meta":{"footnotes":""},"categories":[11,54],"tags":[],"class_list":["post-9844","post","type-post","status-publish","format-standard","has-post-thumbnail","hentry","category-blog","category-community"],"yoast_head":"<!-- This site is optimized with the Yoast SEO plugin v27.5 - https:\/\/yoast.com\/product\/yoast-seo-wordpress\/ -->\n<title>Dein \u00bbMit+Wirken\u00ab ist gefragt - Gradido<\/title>\n<meta name=\"description\" content=\"M\u00f6chtest auch Du noch besser mit uns und anderen Gradido-Mitgliedern in Kontakt kommen und unsere Verbindung zueinander f\u00fchlbar werden lassen? Und m\u00f6chtest Du Deine ganz besonderen Gaben einflie\u00dfen lassen, um \u2026\" \/>\n<meta name=\"robots\" content=\"index, follow, max-snippet:-1, max-image-preview:large, max-video-preview:-1\" \/>\n<link rel=\"canonical\" href=\"https:\/\/gradido.net\/ro\/dein-mitwirken-ist-gefragt\/\" \/>\n<meta property=\"og:locale\" content=\"ro_RO\" \/>\n<meta property=\"og:type\" content=\"article\" \/>\n<meta property=\"og:title\" content=\"Dein \u00bbMit+Wirken\u00ab ist gefragt - Gradido\" \/>\n<meta property=\"og:description\" content=\"M\u00f6chtest auch Du noch besser mit uns und anderen Gradido-Mitgliedern in Kontakt kommen und unsere Verbindung zueinander f\u00fchlbar werden lassen? Und m\u00f6chtest Du Deine ganz besonderen Gaben einflie\u00dfen lassen, um \u2026\" \/>\n<meta property=\"og:url\" content=\"https:\/\/gradido.net\/ro\/dein-mitwirken-ist-gefragt\/\" \/>\n<meta property=\"og:site_name\" content=\"Gradido\" \/>\n<meta property=\"article:published_time\" content=\"2024-11-27T15:26:48+00:00\" \/>\n<meta property=\"article:modified_time\" content=\"2026-04-24T05:26:18+00:00\" \/>\n<meta property=\"og:image\" content=\"https:\/\/gradido.net\/wp-content\/uploads\/2024\/11\/Mitwirken.jpg\" \/>\n\t<meta property=\"og:image:width\" content=\"1920\" \/>\n\t<meta property=\"og:image:height\" content=\"800\" \/>\n\t<meta property=\"og:image:type\" content=\"image\/jpeg\" \/>\n<meta name=\"author\" content=\"Bernd H\u00fcckst\u00e4dt\" \/>\n<meta name=\"twitter:card\" content=\"summary_large_image\" \/>\n<meta name=\"twitter:label1\" content=\"Scris de\" \/>\n\t<meta name=\"twitter:data1\" content=\"Bernd H\u00fcckst\u00e4dt\" \/>\n\t<meta name=\"twitter:label2\" content=\"Timp estimat pentru citire\" \/>\n\t<meta name=\"twitter:data2\" content=\"2 minute\" \/>\n<script type=\"application\/ld+json\" class=\"yoast-schema-graph\">{\"@context\":\"https:\\\/\\\/schema.org\",\"@graph\":[{\"@type\":\"Article\",\"@id\":\"https:\\\/\\\/gradido.net\\\/dein-mitwirken-ist-gefragt\\\/#article\",\"isPartOf\":{\"@id\":\"https:\\\/\\\/gradido.net\\\/dein-mitwirken-ist-gefragt\\\/\"},\"author\":{\"name\":\"Bernd H\u00fcckst\u00e4dt\",\"@id\":\"https:\\\/\\\/gradido.net\\\/de\\\/#\\\/schema\\\/person\\\/9c503a004ad15a1ddecadce2218db5d1\"},\"headline\":\"Dein \u00bbMit+Wirken\u00ab ist gefragt\",\"datePublished\":\"2024-11-27T15:26:48+00:00\",\"dateModified\":\"2026-04-24T05:26:18+00:00\",\"mainEntityOfPage\":{\"@id\":\"https:\\\/\\\/gradido.net\\\/dein-mitwirken-ist-gefragt\\\/\"},\"wordCount\":300,\"publisher\":{\"@id\":\"https:\\\/\\\/gradido.net\\\/de\\\/#organization\"},\"image\":{\"@id\":\"https:\\\/\\\/gradido.net\\\/dein-mitwirken-ist-gefragt\\\/#primaryimage\"},\"thumbnailUrl\":\"https:\\\/\\\/gradido.net\\\/wp-content\\\/uploads\\\/2024\\\/11\\\/Mitwirken.jpg\",\"articleSection\":[\"Blog\",\"Community\"],\"inLanguage\":\"ro-RO\"},{\"@type\":\"WebPage\",\"@id\":\"https:\\\/\\\/gradido.net\\\/dein-mitwirken-ist-gefragt\\\/\",\"url\":\"https:\\\/\\\/gradido.net\\\/dein-mitwirken-ist-gefragt\\\/\",\"name\":\"Dein \u00bbMit+Wirken\u00ab ist gefragt - Gradido\",\"isPartOf\":{\"@id\":\"https:\\\/\\\/gradido.net\\\/de\\\/#website\"},\"primaryImageOfPage\":{\"@id\":\"https:\\\/\\\/gradido.net\\\/dein-mitwirken-ist-gefragt\\\/#primaryimage\"},\"image\":{\"@id\":\"https:\\\/\\\/gradido.net\\\/dein-mitwirken-ist-gefragt\\\/#primaryimage\"},\"thumbnailUrl\":\"https:\\\/\\\/gradido.net\\\/wp-content\\\/uploads\\\/2024\\\/11\\\/Mitwirken.jpg\",\"datePublished\":\"2024-11-27T15:26:48+00:00\",\"dateModified\":\"2026-04-24T05:26:18+00:00\",\"description\":\"M\u00f6chtest auch Du noch besser mit uns und anderen Gradido-Mitgliedern in Kontakt kommen und unsere Verbindung zueinander f\u00fchlbar werden lassen? Und m\u00f6chtest Du Deine ganz besonderen Gaben einflie\u00dfen lassen, um \u2026\",\"breadcrumb\":{\"@id\":\"https:\\\/\\\/gradido.net\\\/dein-mitwirken-ist-gefragt\\\/#breadcrumb\"},\"inLanguage\":\"ro-RO\",\"potentialAction\":[{\"@type\":\"ReadAction\",\"target\":[\"https:\\\/\\\/gradido.net\\\/dein-mitwirken-ist-gefragt\\\/\"]}]},{\"@type\":\"ImageObject\",\"inLanguage\":\"ro-RO\",\"@id\":\"https:\\\/\\\/gradido.net\\\/dein-mitwirken-ist-gefragt\\\/#primaryimage\",\"url\":\"https:\\\/\\\/gradido.net\\\/wp-content\\\/uploads\\\/2024\\\/11\\\/Mitwirken.jpg\",\"contentUrl\":\"https:\\\/\\\/gradido.net\\\/wp-content\\\/uploads\\\/2024\\\/11\\\/Mitwirken.jpg\",\"width\":1920,\"height\":800},{\"@type\":\"BreadcrumbList\",\"@id\":\"https:\\\/\\\/gradido.net\\\/dein-mitwirken-ist-gefragt\\\/#breadcrumb\",\"itemListElement\":[{\"@type\":\"ListItem\",\"position\":1,\"name\":\"Startseite\",\"item\":\"https:\\\/\\\/gradido.net\\\/\"},{\"@type\":\"ListItem\",\"position\":2,\"name\":\"Dein \u00bbMit+Wirken\u00ab ist gefragt\"}]},{\"@type\":\"WebSite\",\"@id\":\"https:\\\/\\\/gradido.net\\\/de\\\/#website\",\"url\":\"https:\\\/\\\/gradido.net\\\/de\\\/\",\"name\":\"Gradido\",\"description\":\"Die neue W\u00e4hrung hei\u00dft Dankbarkeit\",\"publisher\":{\"@id\":\"https:\\\/\\\/gradido.net\\\/de\\\/#organization\"},\"potentialAction\":[{\"@type\":\"SearchAction\",\"target\":{\"@type\":\"EntryPoint\",\"urlTemplate\":\"https:\\\/\\\/gradido.net\\\/de\\\/?s={search_term_string}\"},\"query-input\":{\"@type\":\"PropertyValueSpecification\",\"valueRequired\":true,\"valueName\":\"search_term_string\"}}],\"inLanguage\":\"ro-RO\"},{\"@type\":\"Organization\",\"@id\":\"https:\\\/\\\/gradido.net\\\/de\\\/#organization\",\"name\":\"Gradido\",\"url\":\"https:\\\/\\\/gradido.net\\\/de\\\/\",\"logo\":{\"@type\":\"ImageObject\",\"inLanguage\":\"ro-RO\",\"@id\":\"https:\\\/\\\/gradido.net\\\/de\\\/#\\\/schema\\\/logo\\\/image\\\/\",\"url\":\"https:\\\/\\\/gradido.net\\\/wp-content\\\/uploads\\\/2022\\\/04\\\/gradido-social.jpg\",\"contentUrl\":\"https:\\\/\\\/gradido.net\\\/wp-content\\\/uploads\\\/2022\\\/04\\\/gradido-social.jpg\",\"width\":527,\"height\":273,\"caption\":\"Gradido\"},\"image\":{\"@id\":\"https:\\\/\\\/gradido.net\\\/de\\\/#\\\/schema\\\/logo\\\/image\\\/\"}},{\"@type\":\"Person\",\"@id\":\"https:\\\/\\\/gradido.net\\\/de\\\/#\\\/schema\\\/person\\\/9c503a004ad15a1ddecadce2218db5d1\",\"name\":\"Bernd H\u00fcckst\u00e4dt\",\"sameAs\":[\"https:\\\/\\\/gradido.net\"],\"url\":\"https:\\\/\\\/gradido.net\\\/ro\\\/author\\\/bernd\\\/\"}]}<\/script>\n<!-- \/ Yoast SEO plugin. -->","yoast_head_json":{"title":"\"Participarea+ac\u021biunea\" dumneavoastr\u0103 este necesar\u0103 - Gradido","description":"Dori\u021bi, de asemenea, s\u0103 intra\u021bi \u0219i mai bine \u00een contact cu noi \u0219i cu al\u021bi membri Gradido \u0219i s\u0103 face\u021bi tangibil\u0103 leg\u0103tura noastr\u0103 reciproc\u0103? \u0218i a\u021bi dori s\u0103 v\u0103 folosi\u021bi darurile foarte speciale pentru a ...","robots":{"index":"index","follow":"follow","max-snippet":"max-snippet:-1","max-image-preview":"max-image-preview:large","max-video-preview":"max-video-preview:-1"},"canonical":"https:\/\/gradido.net\/ro\/dein-mitwirken-ist-gefragt\/","og_locale":"ro_RO","og_type":"article","og_title":"Dein \u00bbMit+Wirken\u00ab ist gefragt - Gradido","og_description":"M\u00f6chtest auch Du noch besser mit uns und anderen Gradido-Mitgliedern in Kontakt kommen und unsere Verbindung zueinander f\u00fchlbar werden lassen? Und m\u00f6chtest Du Deine ganz besonderen Gaben einflie\u00dfen lassen, um \u2026","og_url":"https:\/\/gradido.net\/ro\/dein-mitwirken-ist-gefragt\/","og_site_name":"Gradido","article_published_time":"2024-11-27T15:26:48+00:00","article_modified_time":"2026-04-24T05:26:18+00:00","og_image":[{"width":1920,"height":800,"url":"https:\/\/gradido.net\/wp-content\/uploads\/2024\/11\/Mitwirken.jpg","type":"image\/jpeg"}],"author":"Bernd H\u00fcckst\u00e4dt","twitter_card":"summary_large_image","twitter_misc":{"Scris de":"Bernd H\u00fcckst\u00e4dt","Timp estimat pentru citire":"2 minute"},"schema":{"@context":"https:\/\/schema.org","@graph":[{"@type":"Article","@id":"https:\/\/gradido.net\/dein-mitwirken-ist-gefragt\/#article","isPartOf":{"@id":"https:\/\/gradido.net\/dein-mitwirken-ist-gefragt\/"},"author":{"name":"Bernd H\u00fcckst\u00e4dt","@id":"https:\/\/gradido.net\/de\/#\/schema\/person\/9c503a004ad15a1ddecadce2218db5d1"},"headline":"Dein \u00bbMit+Wirken\u00ab ist gefragt","datePublished":"2024-11-27T15:26:48+00:00","dateModified":"2026-04-24T05:26:18+00:00","mainEntityOfPage":{"@id":"https:\/\/gradido.net\/dein-mitwirken-ist-gefragt\/"},"wordCount":300,"publisher":{"@id":"https:\/\/gradido.net\/de\/#organization"},"image":{"@id":"https:\/\/gradido.net\/dein-mitwirken-ist-gefragt\/#primaryimage"},"thumbnailUrl":"https:\/\/gradido.net\/wp-content\/uploads\/2024\/11\/Mitwirken.jpg","articleSection":["Blog","Community"],"inLanguage":"ro-RO"},{"@type":"WebPage","@id":"https:\/\/gradido.net\/dein-mitwirken-ist-gefragt\/","url":"https:\/\/gradido.net\/dein-mitwirken-ist-gefragt\/","name":"\"Participarea+ac\u021biunea\" dumneavoastr\u0103 este necesar\u0103 - Gradido","isPartOf":{"@id":"https:\/\/gradido.net\/de\/#website"},"primaryImageOfPage":{"@id":"https:\/\/gradido.net\/dein-mitwirken-ist-gefragt\/#primaryimage"},"image":{"@id":"https:\/\/gradido.net\/dein-mitwirken-ist-gefragt\/#primaryimage"},"thumbnailUrl":"https:\/\/gradido.net\/wp-content\/uploads\/2024\/11\/Mitwirken.jpg","datePublished":"2024-11-27T15:26:48+00:00","dateModified":"2026-04-24T05:26:18+00:00","description":"Dori\u021bi, de asemenea, s\u0103 intra\u021bi \u0219i mai bine \u00een contact cu noi \u0219i cu al\u021bi membri Gradido \u0219i s\u0103 face\u021bi tangibil\u0103 leg\u0103tura noastr\u0103 reciproc\u0103? \u0218i a\u021bi dori s\u0103 v\u0103 folosi\u021bi darurile foarte speciale pentru a ...","breadcrumb":{"@id":"https:\/\/gradido.net\/dein-mitwirken-ist-gefragt\/#breadcrumb"},"inLanguage":"ro-RO","potentialAction":[{"@type":"ReadAction","target":["https:\/\/gradido.net\/dein-mitwirken-ist-gefragt\/"]}]},{"@type":"ImageObject","inLanguage":"ro-RO","@id":"https:\/\/gradido.net\/dein-mitwirken-ist-gefragt\/#primaryimage","url":"https:\/\/gradido.net\/wp-content\/uploads\/2024\/11\/Mitwirken.jpg","contentUrl":"https:\/\/gradido.net\/wp-content\/uploads\/2024\/11\/Mitwirken.jpg","width":1920,"height":800},{"@type":"BreadcrumbList","@id":"https:\/\/gradido.net\/dein-mitwirken-ist-gefragt\/#breadcrumb","itemListElement":[{"@type":"ListItem","position":1,"name":"Startseite","item":"https:\/\/gradido.net\/"},{"@type":"ListItem","position":2,"name":"Dein \u00bbMit+Wirken\u00ab ist gefragt"}]},{"@type":"WebSite","@id":"https:\/\/gradido.net\/de\/#website","url":"https:\/\/gradido.net\/de\/","name":"Gradido","description":"Noua moned\u0103 este recuno\u0219tin\u021ba","publisher":{"@id":"https:\/\/gradido.net\/de\/#organization"},"potentialAction":[{"@type":"SearchAction","target":{"@type":"EntryPoint","urlTemplate":"https:\/\/gradido.net\/de\/?s={search_term_string}"},"query-input":{"@type":"PropertyValueSpecification","valueRequired":true,"valueName":"search_term_string"}}],"inLanguage":"ro-RO"},{"@type":"Organization","@id":"https:\/\/gradido.net\/de\/#organization","name":"Gradido","url":"https:\/\/gradido.net\/de\/","logo":{"@type":"ImageObject","inLanguage":"ro-RO","@id":"https:\/\/gradido.net\/de\/#\/schema\/logo\/image\/","url":"https:\/\/gradido.net\/wp-content\/uploads\/2022\/04\/gradido-social.jpg","contentUrl":"https:\/\/gradido.net\/wp-content\/uploads\/2022\/04\/gradido-social.jpg","width":527,"height":273,"caption":"Gradido"},"image":{"@id":"https:\/\/gradido.net\/de\/#\/schema\/logo\/image\/"}},{"@type":"Person","@id":"https:\/\/gradido.net\/de\/#\/schema\/person\/9c503a004ad15a1ddecadce2218db5d1","name":"Bernd H\u00fcckst\u00e4dt","sameAs":["https:\/\/gradido.net"],"url":"https:\/\/gradido.net\/ro\/author\/bernd\/"}]}},"_links":{"self":[{"href":"https:\/\/gradido.net\/ro\/wp-json\/wp\/v2\/posts\/9844","targetHints":{"allow":["GET"]}}],"collection":[{"href":"https:\/\/gradido.net\/ro\/wp-json\/wp\/v2\/posts"}],"about":[{"href":"https:\/\/gradido.net\/ro\/wp-json\/wp\/v2\/types\/post"}],"author":[{"embeddable":true,"href":"https:\/\/gradido.net\/ro\/wp-json\/wp\/v2\/users\/2"}],"replies":[{"embeddable":true,"href":"https:\/\/gradido.net\/ro\/wp-json\/wp\/v2\/comments?post=9844"}],"version-history":[{"count":22,"href":"https:\/\/gradido.net\/ro\/wp-json\/wp\/v2\/posts\/9844\/revisions"}],"predecessor-version":[{"id":13579,"href":"https:\/\/gradido.net\/ro\/wp-json\/wp\/v2\/posts\/9844\/revisions\/13579"}],"wp:featuredmedia":[{"embeddable":true,"href":"https:\/\/gradido.net\/ro\/wp-json\/wp\/v2\/media\/9857"}],"wp:attachment":[{"href":"https:\/\/gradido.net\/ro\/wp-json\/wp\/v2\/media?parent=9844"}],"wp:term":[{"taxonomy":"category","embeddable":true,"href":"https:\/\/gradido.net\/ro\/wp-json\/wp\/v2\/categories?post=9844"},{"taxonomy":"post_tag","embeddable":true,"href":"https:\/\/gradido.net\/ro\/wp-json\/wp\/v2\/tags?post=9844"}],"curies":[{"name":"wp","href":"https:\/\/api.w.org\/{rel}","templated":true}]}}