{"id":1238,"date":"2020-11-25T10:27:43","date_gmt":"2020-11-25T09:27:43","guid":{"rendered":"https:\/\/gradido.net\/?p=1238"},"modified":"2021-12-11T13:02:17","modified_gmt":"2021-12-11T12:02:17","slug":"corona-politik-bedroht-unsere-kinder","status":"publish","type":"post","link":"https:\/\/gradido.net\/sk\/corona-politik-bedroht-unsere-kinder\/","title":{"rendered":"Politika spolo\u010dnosti Corona ohrozuje na\u0161e deti"},"content":{"rendered":"<div data-elementor-type=\"wp-post\" data-elementor-id=\"1238\" class=\"elementor elementor-1238\" data-elementor-post-type=\"post\">\n\t\t\t\t\t\t<section class=\"elementor-section elementor-top-section elementor-element elementor-element-496e1d53 elementor-section-boxed elementor-section-height-default elementor-section-height-default\" data-id=\"496e1d53\" data-element_type=\"section\" data-e-type=\"section\">\n\t\t\t\t\t\t<div class=\"elementor-container elementor-column-gap-default\">\n\t\t\t\t\t<div class=\"elementor-column elementor-col-100 elementor-top-column elementor-element elementor-element-461d7be0\" data-id=\"461d7be0\" data-element_type=\"column\" data-e-type=\"column\">\n\t\t\t<div class=\"elementor-widget-wrap elementor-element-populated\">\n\t\t\t\t\t\t<div class=\"elementor-element elementor-element-cd9ebe2 elementor-widget elementor-widget-text-editor\" data-id=\"cd9ebe2\" data-element_type=\"widget\" data-e-type=\"widget\" data-widget_type=\"text-editor.default\">\n\t\t\t\t<div class=\"elementor-widget-container\">\n\t\t\t\t\t\t\t\t\t<h2>V\u00fdskumn\u00edci vidia rie\u0161enie v novom pe\u0148a\u017enom syst\u00e9me<\/h2><p><strong>K\u00fcnzelsau, 25.11.2020 - Deti, rodi\u010dia a u\u010ditelia s\u00fa na hranici svojich mo\u017enost\u00ed. Lek\u00e1ri, psychol\u00f3govia a rodinn\u00ed politici bij\u00fa na poplach. V\u0161etci vidia, \u017ee s\u00fa\u010dasn\u00e1 kr\u00edzov\u00e1 politika mas\u00edvne ohrozuje blaho det\u00ed. Karant\u00e9nne pravidl\u00e1, zatvorenie \u0161k\u00f4l a obmedzenia kontaktov priv\u00e1dzaj\u00fa na barik\u00e1dy nielen ochrancov det\u00ed. Pod\u013ea organiz\u00e1cie Unicef umieralo ka\u017ed\u00fd de\u0148 15 000 det\u00ed hladom e\u0161te pred pr\u00edchodom Corony. Opatrenia Corony dramaticky zhor\u0161ili hlad vo svete. V z\u00e1ujme vytvorenia bezpe\u010dn\u00e9ho z\u00e1kladu pre zdrav\u00fd v\u00fdvoj det\u00ed po\u017eaduj\u00fa odborn\u00edci na ekonomick\u00fa bioniku z akad\u00e9mie Gradido transform\u00e1ciu finan\u010dn\u00e9ho syst\u00e9mu. T\u00fdm by sa ukon\u010dila chudoba na celom svete a zabezpe\u010dili by sa rovnak\u00e9 pr\u00edle\u017eitosti na rozvoj pre v\u0161etky deti. <\/strong><\/p><h3>\"Otvorte okno, nasa\u010fte si masku!\" - Prusk\u00e1 sl\u00e1va nie je kr\u00edzov\u00fd mana\u017ement<\/h3><p>S\u00fa\u010dasn\u00fd \u0161kolsk\u00fd syst\u00e9m vznikol v starom Prusku na v\u00fdchovu loj\u00e1lnych poddan\u00fdch. R\u00fdchlo sa roz\u0161\u00edrila po celom svete. Filozof Richard David Precht u\u017e roky upozor\u0148uje, \u017ee tento v\u00fdchovn\u00fd ide\u00e1l je pod\u013ea v\u0161etk\u00e9ho, \u010do je dnes zn\u00e1me o v\u00fdvinovej psychol\u00f3gii, \u00faplne nespr\u00e1vny. Bernd H\u00fcckst\u00e4dt, spoluzakladate\u013e Akad\u00e9mie Gradido, tie\u017e s rast\u00facim znepokojen\u00edm kon\u0161tatuje, \u017ee \"na celom svete ch\u00fdbaj\u00fa peniaze a v\u00f4\u013ea rozv\u00edja\u0165 verejn\u00e9 \u0161koly sp\u00f4sobom, ktor\u00fd by bol potrebn\u00fd vzh\u013eadom na v\u00fdzvy na\u0161ej doby. Je to skuto\u010dn\u00e1 ob\u017ealoba svetov\u00e9ho spolo\u010denstva, ktor\u00e9ho blahobyt do ve\u013ekej miery z\u00e1vis\u00ed od komplexn\u00e9ho vzdel\u00e1vania jeho \u010dlenov.\"<\/p><h3>Privilegovan\u00ed nav\u0161tevuj\u00fa verejn\u00e9 \u0161koly<\/h3><p>Preto nie je prekvapuj\u00face, \u017ee \u010doraz viac \u017eiakov nav\u0161tevuje verejn\u00e9 \u0161koly aj v tejto krajine. Pod\u013ea Spolkov\u00e9ho \u0161tatistick\u00e9ho \u00faradu sa po\u010det v\u0161eobecn\u00fdch a odborn\u00fdch verejn\u00fdch \u0161k\u00f4l v Nemecku od \u0161kolsk\u00e9ho roku 1992\/1993 do \u0161kolsk\u00e9ho roku 2018\/19 zv\u00fd\u0161il o \u00factyhodn\u00fdch 79,8 %. Mnoh\u00ed rodi\u010dia, ktor\u00ed si to mohli dovoli\u0165, u\u017e v roku 2016 zaplatili za miesto v s\u00fakromnom u\u010dili\u0161ti v priemere 2 000 eur na rok a die\u0165a.<\/p><h3>Chudoba det\u00ed namiesto rovnosti pr\u00edle\u017eitost\u00ed<\/h3><p>Mnoh\u00e9 deti z menej majetn\u00fdch rod\u00edn sa na tomto v\u00fdvoji nepodie\u013eaj\u00fa. Pod\u013ea \u0161t\u00fadie Bertelsmannovej nad\u00e1cie je chudoba charakteristick\u00e1 pre ka\u017edodenn\u00fd \u017eivot viac ako jednej p\u00e4tiny v\u0161etk\u00fdch det\u00ed v Nemecku. To je 21,3 percenta alebo 2,8 mili\u00f3na det\u00ed a mlad\u00fdch \u013eud\u00ed mlad\u0161\u00edch ako 18 rokov. Kr\u00edza Corona ich situ\u00e1ciu e\u0161te zhor\u0161uje. Strata zamestnania, strach o \u017eivobytie, \u010doraz v\u00e4\u010d\u0161\u00ed nedostatok pe\u0148az\u00ed a nedostatok priestoru s\u00fa tie\u017e pr\u00ed\u010dinou eskal\u00e1cie mnoh\u00fdch rodinn\u00fdch konfliktov. Dom\u00e1ce vzdel\u00e1vanie je nemyslite\u013en\u00e9 tam, kde rodi\u010dom ch\u00fdba nielen \u010das, ale aj kompetencie. \"Rovnos\u0165 pr\u00edle\u017eitost\u00ed vyzer\u00e1 \u00faplne inak,\" uzatv\u00e1ra H\u00fcckst\u00e4dt, ekonomick\u00fd biol\u00f3g, a dod\u00e1va: \"Odoprie\u0165 \u013eu\u010fom vo\u013en\u00fd pr\u00edstup k vzdelaniu znamen\u00e1 odoprie\u0165 im z\u00e1kladn\u00e9 \u013eudsk\u00e9 pr\u00e1vo.\"<\/p><h3>Straten\u00e1 gener\u00e1cia det\u00ed Corona?<\/h3><p>Detsk\u00e1 charitat\u00edvna organiz\u00e1cia Unicef, Nemeck\u00e1 liga na ochranu det\u00ed, V\u00fdbor ml\u00e1de\u017ee SOS detsk\u00fdch dediniek, Sie\u0165 pre pr\u00e1va det\u00ed a rodinn\u00ed politici tie\u017e varuj\u00fa, \u017ee najv\u00e4\u010d\u0161ie \u0161kody by v d\u00f4sledku kr\u00edzy mohli utrpie\u0165 deti. Detsk\u00fd fond OSN vo svojej spr\u00e1ve \"Averting Lost Covid Generation\" (Odvr\u00e1ti\u0165 stratu gener\u00e1cie Covid) dokumentuje, \u017ee v\u00e1\u017ene dlhodob\u00e9 d\u00f4sledky kr\u00edzy Corona na vzdel\u00e1vanie, v\u00fd\u017eivu a blahobyt by mohli ma\u0165 trval\u00fd vplyv na \u017eivoty celej gener\u00e1cie det\u00ed a mlad\u00fdch \u013eud\u00ed na celom svete. Christian Neusser, odborn\u00edk na pr\u00e1va det\u00ed v SOS detsk\u00fdch dedink\u00e1ch, hovor\u00ed: \"Rozsah tejto situ\u00e1cie je obrovsk\u00fd. Nejde toti\u017e len o poru\u0161ovanie pr\u00e1v jednotliv\u00fdch det\u00ed, ale o cel\u00fd re\u0165azec: napr\u00edklad chudoba so sebou prin\u00e1\u0161a choroby, detsk\u00fa pr\u00e1cu alebo stratu vzdelania.\" Pod\u013ea \u00fadajov OSN by sa do extr\u00e9mnej chudoby mohlo dosta\u0165 150 mili\u00f3nov det\u00ed - okrem mnoh\u00fdch stoviek mili\u00f3nov det\u00ed, ktor\u00e9 boli postihnut\u00e9 u\u017e predt\u00fdm. Niekedy 1,5 miliardy det\u00ed na celom svete nemohlo chodi\u0165 do \u0161koly. Najm\u00e4 v chudobnej\u0161\u00edch krajin\u00e1ch existuje riziko, \u017ee mnoh\u00ed \u0161tudenti sa do \u0161koly nikdy nevr\u00e1tia, preto\u017ee ich rodiny s\u00fa pr\u00edli\u0161 chudobn\u00e9.<\/p><p>Sie\u0165 pre pr\u00e1va det\u00ed u\u017e 25. j\u00fana 2020 kritizovala, \u017ee do diskusie o rie\u0161en\u00ed kr\u00edzy sa takmer v\u00f4bec nedostali n\u00e1zory det\u00ed a mlad\u00fdch \u013eud\u00ed, hoci opatrenia sa ich pr\u00e1v priamo dot\u00fdkaj\u00fa.<\/p><p>Prv\u00e1 celo\u0161t\u00e1tna \u0161t\u00fadia o vplyve a d\u00f4sledkoch kr\u00edzy Corona na du\u0161evn\u00e9 zdravie det\u00ed a dospievaj\u00facich v Nemecku, ktor\u00fa uskuto\u010dnilo v\u00fdskumn\u00e9 oddelenie \"Detsk\u00e9 verejn\u00e9 zdravie\" Univerzitn\u00e9ho lek\u00e1rskeho centra Hamburg-Eppendorf, u\u017e v j\u00fali preuk\u00e1zala, \u017ee du\u0161evn\u00fd stres det\u00ed sp\u00f4soben\u00fd opatreniami Corona bol tie\u017e v\u00fdrazne vy\u0161\u0161\u00ed, ako sa doteraz predpokladalo. Prieskum nemeck\u00e9ho detsk\u00e9ho fondu Forsa pri pr\u00edle\u017eitosti Svetov\u00e9ho d\u0148a det\u00ed uk\u00e1zal, \u017ee po\u010das kr\u00edzy Corona sa n\u00e1silie p\u00e1chan\u00e9 na de\u0165och drasticky zv\u00fd\u0161ilo a \u017ee sa zn\u00ed\u017eili mo\u017enosti vzdel\u00e1vania - najm\u00e4 soci\u00e1lne znev\u00fdhodnen\u00fdch det\u00ed.<\/p><p>Pri pr\u00edle\u017eitosti Medzin\u00e1rodn\u00e9ho d\u0148a pr\u00e1v die\u0165a\u0165a 20. 11. 2020 SOS-Kinderdorf e.V. pouk\u00e1zala na to, \u017ee ani v Nemecku sa e\u0161te st\u00e1le v plnej miere neuplat\u0148uje Dohovor OSN o pr\u00e1vach die\u0165a\u0165a z roku 1989 - a \u017ee pod vplyvom kr\u00edzy Corona sa obmedzovanie pr\u00e1v det\u00ed e\u0161te viac prehlbuje.<\/p><h3>Kr\u00edza ako pr\u00edle\u017eitos\u0165 na udr\u017eate\u013en\u00fa korekciu kurzu<\/h3><p>Pod\u013ea H\u00fcckst\u00e4dta Corona nie je pr\u00ed\u010dinou v\u0161etk\u00fdch probl\u00e9mov, ktor\u00e9 s\u00fa v s\u00fa\u010dasnosti o\u010dividn\u00e9. Ako ka\u017ed\u00e1 kr\u00edza, aj Corona je historickou pr\u00edle\u017eitos\u0165ou na zmenu kurzu smerom k lep\u0161iemu svetu. \"U\u017e roky vieme, \u017ee star\u00fd finan\u010dn\u00fd syst\u00e9m so v\u0161etk\u00fdmi jeho bublinami je na konci. Je potrebn\u00e9 to zmeni\u0165 a s Gradidom m\u00e1me fantastick\u00e9 rie\u0161enie - len ho mus\u00edme uchopi\u0165.\" Pri v\u0161etkom svojom optimizme H\u00fcckst\u00e4dt nab\u00e1da k zmyslu pre mieru: \"Je potrebn\u00e1 zodpovednos\u0165 celej komunity, aby na\u0161e deti v t\u00fdchto nepokojn\u00fdch \u010dasoch neostali na okraji z\u00e1ujmu, ale aby kone\u010dne z\u00edskali bezpe\u010dnos\u0165 a podporu, ktor\u00fa si zasl\u00fa\u017eia - a to na celom svete.\"<\/p><h3>Rie\u0161enie existuje u\u017e \u0161tyri a pol miliardy rokov<\/h3><p>Nov\u00fd ekonomick\u00fd a finan\u010dn\u00fd syst\u00e9m bol vyvinut\u00fd po\u010das viac ako 20 rokov v\u00fdskumu na Akad\u00e9mii ekonomickej bioniky Gradido. Ekonomick\u00e1 bionika sk\u00fama pr\u00edrodn\u00e9 modely \u00faspechu, ktor\u00e9 funguj\u00fa u\u017e viac ako \u0161tyri a pol miliardy rokov, a pren\u00e1\u0161a ich do hospod\u00e1rstva. \"Prirodzen\u00e9 hospod\u00e1rstvo \u017eivota\" umo\u017e\u0148uje dosiahnu\u0165 v\u0161etk\u00fdch 17 cie\u013eov trvalo udr\u017eate\u013en\u00e9ho rozvoja OSN definovan\u00fdch v Agende 2030. Pr\u00e1vo na vzdelanie je v\u00fdslovne zahrnut\u00e9 a rovnak\u00e9 pr\u00edle\u017eitosti pre v\u0161etk\u00fdch s\u00fa s\u00fa\u010das\u0165ou programu. \"Na\u0161\u00edm z\u00e1ujmom nie je len poskytn\u00fa\u0165 de\u0165om ochranu a perspekt\u00edvu,\" vysvet\u013euje Margret Baierov\u00e1, spoluzakladate\u013eka a v\u00fdkonn\u00e1 riadite\u013eka akad\u00e9mie Gradido, \"chceme tie\u017e trvalo zlep\u0161ova\u0165 mo\u017enosti osobn\u00e9ho rozvoja.\" Pod\u013ea vedeck\u00e9ho v\u00fdskumu neurobiol\u00f3ga profesora Geralda H\u00fcthera je 98 percent det\u00ed vysoko nadan\u00fdch u\u017e ako novorodenci, ale len dve percent\u00e1 z nich zost\u00e1vaj\u00fa tak\u00fdmi aj po ukon\u010den\u00ed \u0161kolskej doch\u00e1dzky. \"N\u00e1\u0161 vzdel\u00e1vac\u00ed syst\u00e9m teda jednozna\u010dne potrebuje reformu - a v\u010faka modelu Gradido je t\u00e1to reforma takmer samozrejm\u00e1.\"<\/p><h3>Gradido vytv\u00e1ra spravodliv\u00e9 vzdel\u00e1vacie pr\u00edle\u017eitosti<\/h3><p>Navrhovan\u00fd pe\u0148a\u017en\u00fd a hospod\u00e1rsky syst\u00e9m Gradido otv\u00e1ra cestu k \"bezpodmiene\u010dnej \u00fa\u010dasti\" v\u0161etk\u00fdch na \u017eivote spolo\u010denstva. H\u00fcckst\u00e4dt vysvet\u013euje: \"Z\u00e1kladn\u00fd etick\u00fd princ\u00edp Gradida je zalo\u017een\u00fd na \"trojitom dobre\", t. j. na harmoniz\u00e1cii dobra jednotlivca s dobrom spolo\u010denstva a v\u00e4\u010d\u0161ieho celku - v zmysle pr\u00edrody a \u017eivotn\u00e9ho prostredia. Jednotlivec je s\u00fa\u010das\u0165ou komunity, ktor\u00e1 je zasa s\u00fa\u010das\u0165ou \"ve\u013ek\u00e9ho obrazu\", ekosyst\u00e9mu. Spolo\u010dn\u00e1 dobr\u00e1 mena Gradido (GDD) je vytvoren\u00e1 pre ka\u017ed\u00fa osobu ako \u00faver bez vytvorenia dlhu. Nasledujeme tak pr\u00edklad pr\u00edrody, aby sme na\u0161im de\u0165om a vnukom zabezpe\u010dili bud\u00facnos\u0165 bez dlhov, v ktorej sa oplat\u00ed \u017ei\u0165. Jeden gradido m\u00e1 pribli\u017ene hodnotu jedn\u00e9ho eura. Na jedn\u00e9ho obyvate\u013ea pripad\u00e1 3 \u00d7 1 000 Gradido. 1 000 Gradido pre \"akt\u00edvny z\u00e1kladn\u00fd pr\u00edjem\", pre verejn\u00fd rozpo\u010det a pre vyrovn\u00e1vac\u00ed a environment\u00e1lny fond.\" V\u00fdsledkom je ve\u013ekorys\u00fd \u0161t\u00e1tny rozpo\u010det bez dlhov, ktor\u00fd okrem in\u00e9ho umo\u017e\u0148uje do bud\u00facnosti zabezpe\u010di\u0165 vybavenie \u0161k\u00f4lok a \u0161k\u00f4l s cie\u013eom \u010do najlep\u0161ie podporova\u0165 a rozv\u00edja\u0165 v\u0161etky deti. \u0160kolsk\u00e9 a stredo\u0161kolsk\u00e9 vzdel\u00e1vanie je v r\u00e1mci modelu Gradido na celom svete bezplatn\u00e9. To znamen\u00e1, \u017ee s\u00fa dostupn\u00e9 pre v\u0161etk\u00fdch \u013eud\u00ed bez oh\u013eadu na ich finan\u010dn\u00fa situ\u00e1ciu.<\/p><p>Aj v tomto pr\u00edpade vzdelanie znamen\u00e1 ove\u013ea viac ako len \u0161kolenie. S cie\u013eom da\u0165 de\u0165om \u0161ancu \"vyr\u00e1s\u0165 v zodpovedn\u00fdch tvorcov vlastn\u00e9ho \u017eivota\", ktor\u00ed maj\u00fa pod\u013ea H\u00fcthera najlep\u0161ie vyhliadky \"nielen na profesion\u00e1lny \u00faspech, ale aj na zmyslupln\u00fd, samostatn\u00fd a \u0161\u0165astn\u00fd \u017eivot\", model Gradido poskytuje aj \"akt\u00edvny z\u00e1kladn\u00fd pr\u00edjem\" a \"bezpodmiene\u010dn\u00fa \u00fa\u010das\u0165\" na \u017eivote v komunite.<\/p><p>Akt\u00edvny z\u00e1kladn\u00fd pr\u00edjem zabezpe\u010duje z\u00e1kladn\u00e9 zabezpe\u010denie pre v\u0161etk\u00fdch \u013eud\u00ed na celom svete a odstra\u0148uje tak neust\u00e1ly existen\u010dn\u00fd strach, ktor\u00fd oslabuje imunitn\u00fd syst\u00e9m a m\u00f4\u017ee pre\u0165a\u017ei\u0165 psychiku. Vytv\u00e1ra tak z\u00e1klad pre bezkonfliktn\u00fd rodinn\u00fd \u017eivot. Nepodmienen\u00e1 \u00fa\u010das\u0165\", ktor\u00e1 d\u00e1va de\u0165om a ml\u00e1de\u017ei mo\u017enos\u0165 prispieva\u0165 komunite na ich \"akt\u00edvny z\u00e1kladn\u00fd pr\u00edjem\", otv\u00e1ra nev\u00eddan\u00e9 mo\u017enosti vysk\u00fa\u0161a\u0165 si a rozv\u00edja\u0165 sa v najr\u00f4znej\u0161\u00edch oblastiach a spozna\u0165 skuto\u010dn\u00e9ho verejn\u00e9ho ducha. Akt\u00edvny z\u00e1kladn\u00fd pr\u00edjem z\u00e1rove\u0148 zabezpe\u010duje \u017eivobytie aj po\u010das vzdel\u00e1vania. \"Gradido vytv\u00e1ra najlep\u0161\u00ed z\u00e1klad na to, aby ka\u017ed\u00fd mlad\u00fd \u010dlovek mal pr\u00edstup k svojmu pr\u00e1vu na vzdelanie a zdrav\u00fd rozvoj u\u017e od detstva a na\u0161iel tak najlep\u0161iu mo\u017en\u00fa cestu k plnohodnotn\u00e9mu \u017eivotu,\" zd\u00f4raz\u0148uje H\u00fcckst\u00e4dt.<\/p><p>Podrobnosti o celom modeli Gradido n\u00e1jdete na <a href=\"https:\/\/gradido.net\/sk\/\">https:\/\/gradido.net<\/a><\/p><p><!-- \/wp:paragraph --><\/p>\t\t\t\t\t\t\t\t<\/div>\n\t\t\t\t<\/div>\n\t\t\t\t<div class=\"elementor-element elementor-element-e9ff241 elementor-widget elementor-widget-text-editor\" data-id=\"e9ff241\" data-element_type=\"widget\" data-e-type=\"widget\" data-widget_type=\"text-editor.default\">\n\t\t\t\t<div class=\"elementor-widget-container\">\n\t\t\t\t\t\t\t\t\t<p><strong>O akad\u00e9mii Gradido<\/strong><br>Akad\u00e9mia Gradido pre ekonomick\u00fa bioniku vyvinula alternat\u00edvnu \"menu spolo\u010dn\u00e9ho dobra\", ktor\u00e1 je vytvoren\u00e1 pod\u013ea vzoru pr\u00edrody. Pr\u00edroda sa riadi pravidlom, \u017ee len tam, kde nie\u010do zanik\u00e1, m\u00f4\u017ee vznikn\u00fa\u0165 nie\u010do nov\u00e9, a tak je mo\u017en\u00e9 dlhodob\u00e9 zlep\u0161ovanie (evol\u00facia). Jeho receptom na \u00faspech je \"kolobeh \u017eivota\". Ak by sa aj na\u0161a ekonomika riadila t\u00fdmto prirodzen\u00fdm cyklom, vyrie\u0161ilo by to pod\u013ea odborn\u00edkov na ekonomick\u00fa bioniku prakticky v\u0161etky probl\u00e9my sveta s\u00favisiace s peniazmi. Model Gradido je zalo\u017een\u00fd na my\u0161lienke, \u017ee nielen ka\u017ed\u00e1 osoba, ale aj ka\u017ed\u00fd \u0161t\u00e1t dost\u00e1va pr\u00edjem vytvoren\u00fd na kreditnom z\u00e1klade. V\u010faka tomu m\u00f4\u017ee plni\u0165 v\u0161etky svoje \u00falohy bez v\u00fdberu dan\u00ed. Defl\u00e1cia alebo infl\u00e1cia s\u00fa minulos\u0165ou. Hospod\u00e1rstvo sa oslobod\u00ed od neust\u00e1leho nutkania k rastu a nebezpe\u010denstvo kolapsu finan\u010dn\u00e9ho syst\u00e9mu je kone\u010dne za\u017eehnan\u00e9. (<a href=\"https:\/\/gradido.net\/sk\/\">www.gradido.net<\/a>)<\/p>\t\t\t\t\t\t\t\t<\/div>\n\t\t\t\t<\/div>\n\t\t\t\t\t<\/div>\n\t\t<\/div>\n\t\t\t\t\t<\/div>\n\t\t<\/section>\n\t\t\t\t<\/div>","protected":false},"excerpt":{"rendered":"<p>Forscher sehen L\u00f6sung in neuem Geldsystem K\u00fcnzelsau, 25.11.2020 \u2013 Kinder, Eltern und Lehrer sind am Limit. \u00c4rzte, Psychologen und Familienpolitiker schlagen Alarm. Sie alle sehen das Kindeswohl durch die aktuelle Krisenpolitik massiv gef\u00e4hrdet. Quarant\u00e4neregeln, Schulschlie\u00dfungen und Kontaktbeschr\u00e4nkungen bringen nicht nur Kindersch\u00fctzer auf die Barrikaden. Laut Unicef verhungerten schon vor Corona 15.000 Kinder pro Tag. Durch [&hellip;]<\/p>\n","protected":false},"author":2,"featured_media":1231,"comment_status":"closed","ping_status":"closed","sticky":false,"template":"","format":"standard","meta":{"footnotes":""},"categories":[8],"tags":[],"class_list":["post-1238","post","type-post","status-publish","format-standard","has-post-thumbnail","hentry","category-pressemitteilung"],"yoast_head":"<!-- This site is optimized with the Yoast SEO plugin v27.5 - https:\/\/yoast.com\/product\/yoast-seo-wordpress\/ -->\n<title>Corona-Politik bedroht unsere Kinder - Gradido<\/title>\n<meta name=\"robots\" content=\"index, follow, max-snippet:-1, max-image-preview:large, max-video-preview:-1\" \/>\n<link rel=\"canonical\" href=\"https:\/\/gradido.net\/sk\/corona-politik-bedroht-unsere-kinder\/\" \/>\n<meta property=\"og:locale\" content=\"sk_SK\" \/>\n<meta property=\"og:type\" content=\"article\" \/>\n<meta property=\"og:title\" content=\"Corona-Politik bedroht unsere Kinder - Gradido\" \/>\n<meta property=\"og:description\" content=\"Forscher sehen L\u00f6sung in neuem Geldsystem K\u00fcnzelsau, 25.11.2020 \u2013 Kinder, Eltern und Lehrer sind am Limit. \u00c4rzte, Psychologen und Familienpolitiker schlagen Alarm. Sie alle sehen das Kindeswohl durch die aktuelle Krisenpolitik massiv gef\u00e4hrdet. Quarant\u00e4neregeln, Schulschlie\u00dfungen und Kontaktbeschr\u00e4nkungen bringen nicht nur Kindersch\u00fctzer auf die Barrikaden. Laut Unicef verhungerten schon vor Corona 15.000 Kinder pro Tag. Durch [&hellip;]\" \/>\n<meta property=\"og:url\" content=\"https:\/\/gradido.net\/sk\/corona-politik-bedroht-unsere-kinder\/\" \/>\n<meta property=\"og:site_name\" content=\"Gradido\" \/>\n<meta property=\"article:published_time\" content=\"2020-11-25T09:27:43+00:00\" \/>\n<meta property=\"article:modified_time\" content=\"2021-12-11T12:02:17+00:00\" \/>\n<meta property=\"og:image\" content=\"https:\/\/gradido.net\/wp-content\/uploads\/2020\/11\/schule_coronapause.jpg\" \/>\n\t<meta property=\"og:image:width\" content=\"1500\" \/>\n\t<meta property=\"og:image:height\" content=\"959\" \/>\n\t<meta property=\"og:image:type\" content=\"image\/jpeg\" \/>\n<meta name=\"author\" content=\"Bernd H\u00fcckst\u00e4dt\" \/>\n<meta name=\"twitter:card\" content=\"summary_large_image\" \/>\n<meta name=\"twitter:label1\" content=\"Autor\" \/>\n\t<meta name=\"twitter:data1\" content=\"Bernd H\u00fcckst\u00e4dt\" \/>\n\t<meta name=\"twitter:label2\" content=\"Predpokladan\u00fd \u010das \u010d\u00edtania\" \/>\n\t<meta name=\"twitter:data2\" content=\"8 min\u00fat\" \/>\n<script type=\"application\/ld+json\" class=\"yoast-schema-graph\">{\"@context\":\"https:\\\/\\\/schema.org\",\"@graph\":[{\"@type\":\"Article\",\"@id\":\"https:\\\/\\\/gradido.net\\\/corona-politik-bedroht-unsere-kinder\\\/#article\",\"isPartOf\":{\"@id\":\"https:\\\/\\\/gradido.net\\\/corona-politik-bedroht-unsere-kinder\\\/\"},\"author\":{\"name\":\"Bernd H\u00fcckst\u00e4dt\",\"@id\":\"https:\\\/\\\/gradido.net\\\/de\\\/#\\\/schema\\\/person\\\/9c503a004ad15a1ddecadce2218db5d1\"},\"headline\":\"Corona-Politik bedroht unsere Kinder\",\"datePublished\":\"2020-11-25T09:27:43+00:00\",\"dateModified\":\"2021-12-11T12:02:17+00:00\",\"mainEntityOfPage\":{\"@id\":\"https:\\\/\\\/gradido.net\\\/corona-politik-bedroht-unsere-kinder\\\/\"},\"wordCount\":1581,\"publisher\":{\"@id\":\"https:\\\/\\\/gradido.net\\\/de\\\/#organization\"},\"image\":{\"@id\":\"https:\\\/\\\/gradido.net\\\/corona-politik-bedroht-unsere-kinder\\\/#primaryimage\"},\"thumbnailUrl\":\"https:\\\/\\\/gradido.net\\\/wp-content\\\/uploads\\\/2020\\\/11\\\/schule_coronapause.jpg\",\"articleSection\":[\"Pressemitteilung\"],\"inLanguage\":\"sk-SK\"},{\"@type\":\"WebPage\",\"@id\":\"https:\\\/\\\/gradido.net\\\/corona-politik-bedroht-unsere-kinder\\\/\",\"url\":\"https:\\\/\\\/gradido.net\\\/corona-politik-bedroht-unsere-kinder\\\/\",\"name\":\"Corona-Politik bedroht unsere Kinder - Gradido\",\"isPartOf\":{\"@id\":\"https:\\\/\\\/gradido.net\\\/de\\\/#website\"},\"primaryImageOfPage\":{\"@id\":\"https:\\\/\\\/gradido.net\\\/corona-politik-bedroht-unsere-kinder\\\/#primaryimage\"},\"image\":{\"@id\":\"https:\\\/\\\/gradido.net\\\/corona-politik-bedroht-unsere-kinder\\\/#primaryimage\"},\"thumbnailUrl\":\"https:\\\/\\\/gradido.net\\\/wp-content\\\/uploads\\\/2020\\\/11\\\/schule_coronapause.jpg\",\"datePublished\":\"2020-11-25T09:27:43+00:00\",\"dateModified\":\"2021-12-11T12:02:17+00:00\",\"breadcrumb\":{\"@id\":\"https:\\\/\\\/gradido.net\\\/corona-politik-bedroht-unsere-kinder\\\/#breadcrumb\"},\"inLanguage\":\"sk-SK\",\"potentialAction\":[{\"@type\":\"ReadAction\",\"target\":[\"https:\\\/\\\/gradido.net\\\/corona-politik-bedroht-unsere-kinder\\\/\"]}]},{\"@type\":\"ImageObject\",\"inLanguage\":\"sk-SK\",\"@id\":\"https:\\\/\\\/gradido.net\\\/corona-politik-bedroht-unsere-kinder\\\/#primaryimage\",\"url\":\"https:\\\/\\\/gradido.net\\\/wp-content\\\/uploads\\\/2020\\\/11\\\/schule_coronapause.jpg\",\"contentUrl\":\"https:\\\/\\\/gradido.net\\\/wp-content\\\/uploads\\\/2020\\\/11\\\/schule_coronapause.jpg\",\"width\":1500,\"height\":959,\"caption\":\"Group of preteen children in face masks resting outdoors in schoolyard during break in lessons. Back school concept during pandemic.\"},{\"@type\":\"BreadcrumbList\",\"@id\":\"https:\\\/\\\/gradido.net\\\/corona-politik-bedroht-unsere-kinder\\\/#breadcrumb\",\"itemListElement\":[{\"@type\":\"ListItem\",\"position\":1,\"name\":\"Startseite\",\"item\":\"https:\\\/\\\/gradido.net\\\/\"},{\"@type\":\"ListItem\",\"position\":2,\"name\":\"Corona-Politik bedroht unsere Kinder\"}]},{\"@type\":\"WebSite\",\"@id\":\"https:\\\/\\\/gradido.net\\\/de\\\/#website\",\"url\":\"https:\\\/\\\/gradido.net\\\/de\\\/\",\"name\":\"Gradido\",\"description\":\"Die neue W\u00e4hrung hei\u00dft Dankbarkeit\",\"publisher\":{\"@id\":\"https:\\\/\\\/gradido.net\\\/de\\\/#organization\"},\"potentialAction\":[{\"@type\":\"SearchAction\",\"target\":{\"@type\":\"EntryPoint\",\"urlTemplate\":\"https:\\\/\\\/gradido.net\\\/de\\\/?s={search_term_string}\"},\"query-input\":{\"@type\":\"PropertyValueSpecification\",\"valueRequired\":true,\"valueName\":\"search_term_string\"}}],\"inLanguage\":\"sk-SK\"},{\"@type\":\"Organization\",\"@id\":\"https:\\\/\\\/gradido.net\\\/de\\\/#organization\",\"name\":\"Gradido\",\"url\":\"https:\\\/\\\/gradido.net\\\/de\\\/\",\"logo\":{\"@type\":\"ImageObject\",\"inLanguage\":\"sk-SK\",\"@id\":\"https:\\\/\\\/gradido.net\\\/de\\\/#\\\/schema\\\/logo\\\/image\\\/\",\"url\":\"https:\\\/\\\/gradido.net\\\/wp-content\\\/uploads\\\/2022\\\/04\\\/gradido-social.jpg\",\"contentUrl\":\"https:\\\/\\\/gradido.net\\\/wp-content\\\/uploads\\\/2022\\\/04\\\/gradido-social.jpg\",\"width\":527,\"height\":273,\"caption\":\"Gradido\"},\"image\":{\"@id\":\"https:\\\/\\\/gradido.net\\\/de\\\/#\\\/schema\\\/logo\\\/image\\\/\"}},{\"@type\":\"Person\",\"@id\":\"https:\\\/\\\/gradido.net\\\/de\\\/#\\\/schema\\\/person\\\/9c503a004ad15a1ddecadce2218db5d1\",\"name\":\"Bernd H\u00fcckst\u00e4dt\",\"sameAs\":[\"https:\\\/\\\/gradido.net\"],\"url\":\"https:\\\/\\\/gradido.net\\\/sk\\\/author\\\/bernd\\\/\"}]}<\/script>\n<!-- \/ Yoast SEO plugin. -->","yoast_head_json":{"title":"Politika Corona ohrozuje na\u0161e deti - Gradido","robots":{"index":"index","follow":"follow","max-snippet":"max-snippet:-1","max-image-preview":"max-image-preview:large","max-video-preview":"max-video-preview:-1"},"canonical":"https:\/\/gradido.net\/sk\/corona-politik-bedroht-unsere-kinder\/","og_locale":"sk_SK","og_type":"article","og_title":"Corona-Politik bedroht unsere Kinder - Gradido","og_description":"Forscher sehen L\u00f6sung in neuem Geldsystem K\u00fcnzelsau, 25.11.2020 \u2013 Kinder, Eltern und Lehrer sind am Limit. \u00c4rzte, Psychologen und Familienpolitiker schlagen Alarm. Sie alle sehen das Kindeswohl durch die aktuelle Krisenpolitik massiv gef\u00e4hrdet. Quarant\u00e4neregeln, Schulschlie\u00dfungen und Kontaktbeschr\u00e4nkungen bringen nicht nur Kindersch\u00fctzer auf die Barrikaden. Laut Unicef verhungerten schon vor Corona 15.000 Kinder pro Tag. Durch [&hellip;]","og_url":"https:\/\/gradido.net\/sk\/corona-politik-bedroht-unsere-kinder\/","og_site_name":"Gradido","article_published_time":"2020-11-25T09:27:43+00:00","article_modified_time":"2021-12-11T12:02:17+00:00","og_image":[{"width":1500,"height":959,"url":"https:\/\/gradido.net\/wp-content\/uploads\/2020\/11\/schule_coronapause.jpg","type":"image\/jpeg"}],"author":"Bernd H\u00fcckst\u00e4dt","twitter_card":"summary_large_image","twitter_misc":{"Autor":"Bernd H\u00fcckst\u00e4dt","Predpokladan\u00fd \u010das \u010d\u00edtania":"8 min\u00fat"},"schema":{"@context":"https:\/\/schema.org","@graph":[{"@type":"Article","@id":"https:\/\/gradido.net\/corona-politik-bedroht-unsere-kinder\/#article","isPartOf":{"@id":"https:\/\/gradido.net\/corona-politik-bedroht-unsere-kinder\/"},"author":{"name":"Bernd H\u00fcckst\u00e4dt","@id":"https:\/\/gradido.net\/de\/#\/schema\/person\/9c503a004ad15a1ddecadce2218db5d1"},"headline":"Corona-Politik bedroht unsere Kinder","datePublished":"2020-11-25T09:27:43+00:00","dateModified":"2021-12-11T12:02:17+00:00","mainEntityOfPage":{"@id":"https:\/\/gradido.net\/corona-politik-bedroht-unsere-kinder\/"},"wordCount":1581,"publisher":{"@id":"https:\/\/gradido.net\/de\/#organization"},"image":{"@id":"https:\/\/gradido.net\/corona-politik-bedroht-unsere-kinder\/#primaryimage"},"thumbnailUrl":"https:\/\/gradido.net\/wp-content\/uploads\/2020\/11\/schule_coronapause.jpg","articleSection":["Pressemitteilung"],"inLanguage":"sk-SK"},{"@type":"WebPage","@id":"https:\/\/gradido.net\/corona-politik-bedroht-unsere-kinder\/","url":"https:\/\/gradido.net\/corona-politik-bedroht-unsere-kinder\/","name":"Politika Corona ohrozuje na\u0161e deti - Gradido","isPartOf":{"@id":"https:\/\/gradido.net\/de\/#website"},"primaryImageOfPage":{"@id":"https:\/\/gradido.net\/corona-politik-bedroht-unsere-kinder\/#primaryimage"},"image":{"@id":"https:\/\/gradido.net\/corona-politik-bedroht-unsere-kinder\/#primaryimage"},"thumbnailUrl":"https:\/\/gradido.net\/wp-content\/uploads\/2020\/11\/schule_coronapause.jpg","datePublished":"2020-11-25T09:27:43+00:00","dateModified":"2021-12-11T12:02:17+00:00","breadcrumb":{"@id":"https:\/\/gradido.net\/corona-politik-bedroht-unsere-kinder\/#breadcrumb"},"inLanguage":"sk-SK","potentialAction":[{"@type":"ReadAction","target":["https:\/\/gradido.net\/corona-politik-bedroht-unsere-kinder\/"]}]},{"@type":"ImageObject","inLanguage":"sk-SK","@id":"https:\/\/gradido.net\/corona-politik-bedroht-unsere-kinder\/#primaryimage","url":"https:\/\/gradido.net\/wp-content\/uploads\/2020\/11\/schule_coronapause.jpg","contentUrl":"https:\/\/gradido.net\/wp-content\/uploads\/2020\/11\/schule_coronapause.jpg","width":1500,"height":959,"caption":"Group of preteen children in face masks resting outdoors in schoolyard during break in lessons. Back school concept during pandemic."},{"@type":"BreadcrumbList","@id":"https:\/\/gradido.net\/corona-politik-bedroht-unsere-kinder\/#breadcrumb","itemListElement":[{"@type":"ListItem","position":1,"name":"Startseite","item":"https:\/\/gradido.net\/"},{"@type":"ListItem","position":2,"name":"Corona-Politik bedroht unsere Kinder"}]},{"@type":"WebSite","@id":"https:\/\/gradido.net\/de\/#website","url":"https:\/\/gradido.net\/de\/","name":"Gradido","description":"Novou menou je v\u010fa\u010dnos\u0165","publisher":{"@id":"https:\/\/gradido.net\/de\/#organization"},"potentialAction":[{"@type":"SearchAction","target":{"@type":"EntryPoint","urlTemplate":"https:\/\/gradido.net\/de\/?s={search_term_string}"},"query-input":{"@type":"PropertyValueSpecification","valueRequired":true,"valueName":"search_term_string"}}],"inLanguage":"sk-SK"},{"@type":"Organization","@id":"https:\/\/gradido.net\/de\/#organization","name":"Gradido","url":"https:\/\/gradido.net\/de\/","logo":{"@type":"ImageObject","inLanguage":"sk-SK","@id":"https:\/\/gradido.net\/de\/#\/schema\/logo\/image\/","url":"https:\/\/gradido.net\/wp-content\/uploads\/2022\/04\/gradido-social.jpg","contentUrl":"https:\/\/gradido.net\/wp-content\/uploads\/2022\/04\/gradido-social.jpg","width":527,"height":273,"caption":"Gradido"},"image":{"@id":"https:\/\/gradido.net\/de\/#\/schema\/logo\/image\/"}},{"@type":"Person","@id":"https:\/\/gradido.net\/de\/#\/schema\/person\/9c503a004ad15a1ddecadce2218db5d1","name":"Bernd H\u00fcckst\u00e4dt","sameAs":["https:\/\/gradido.net"],"url":"https:\/\/gradido.net\/sk\/author\/bernd\/"}]}},"_links":{"self":[{"href":"https:\/\/gradido.net\/sk\/wp-json\/wp\/v2\/posts\/1238","targetHints":{"allow":["GET"]}}],"collection":[{"href":"https:\/\/gradido.net\/sk\/wp-json\/wp\/v2\/posts"}],"about":[{"href":"https:\/\/gradido.net\/sk\/wp-json\/wp\/v2\/types\/post"}],"author":[{"embeddable":true,"href":"https:\/\/gradido.net\/sk\/wp-json\/wp\/v2\/users\/2"}],"replies":[{"embeddable":true,"href":"https:\/\/gradido.net\/sk\/wp-json\/wp\/v2\/comments?post=1238"}],"version-history":[{"count":29,"href":"https:\/\/gradido.net\/sk\/wp-json\/wp\/v2\/posts\/1238\/revisions"}],"predecessor-version":[{"id":3745,"href":"https:\/\/gradido.net\/sk\/wp-json\/wp\/v2\/posts\/1238\/revisions\/3745"}],"wp:featuredmedia":[{"embeddable":true,"href":"https:\/\/gradido.net\/sk\/wp-json\/wp\/v2\/media\/1231"}],"wp:attachment":[{"href":"https:\/\/gradido.net\/sk\/wp-json\/wp\/v2\/media?parent=1238"}],"wp:term":[{"taxonomy":"category","embeddable":true,"href":"https:\/\/gradido.net\/sk\/wp-json\/wp\/v2\/categories?post=1238"},{"taxonomy":"post_tag","embeddable":true,"href":"https:\/\/gradido.net\/sk\/wp-json\/wp\/v2\/tags?post=1238"}],"curies":[{"name":"wp","href":"https:\/\/api.w.org\/{rel}","templated":true}]}}