{"id":2940,"date":"2021-06-26T09:10:52","date_gmt":"2021-06-26T07:10:52","guid":{"rendered":"https:\/\/gradido.net\/?p=2940"},"modified":"2021-06-26T09:11:40","modified_gmt":"2021-06-26T07:11:40","slug":"episode-23","status":"publish","type":"post","link":"https:\/\/gradido.net\/sk\/episode-23\/","title":{"rendered":"Ve\u013ek\u00e1 spolupr\u00e1ca: mier pre \u013eudsk\u00fa rodinu"},"content":{"rendered":"<div data-elementor-type=\"wp-post\" data-elementor-id=\"2940\" class=\"elementor elementor-2940\" data-elementor-post-type=\"post\">\n\t\t\t\t\t\t<section class=\"elementor-section elementor-top-section elementor-element elementor-element-496e1d53 elementor-section-boxed elementor-section-height-default elementor-section-height-default\" data-id=\"496e1d53\" data-element_type=\"section\" data-e-type=\"section\">\n\t\t\t\t\t\t<div class=\"elementor-container elementor-column-gap-default\">\n\t\t\t\t\t<div class=\"elementor-column elementor-col-100 elementor-top-column elementor-element elementor-element-461d7be0\" data-id=\"461d7be0\" data-element_type=\"column\" data-e-type=\"column\">\n\t\t\t<div class=\"elementor-widget-wrap elementor-element-populated\">\n\t\t\t\t\t\t<div class=\"elementor-element elementor-element-cd9ebe2 elementor-widget elementor-widget-text-editor\" data-id=\"cd9ebe2\" data-element_type=\"widget\" data-e-type=\"widget\" data-widget_type=\"text-editor.default\">\n\t\t\t\t<div class=\"elementor-widget-container\">\n\t\t\t\t\t\t\t\t\t<h2>Hos\u0165: Dr. Daniele Ganser<\/h2>\t\t\t\t\t\t\t\t<\/div>\n\t\t\t\t<\/div>\n\t\t\t\t\t<\/div>\n\t\t<\/div>\n\t\t\t\t\t<\/div>\n\t\t<\/section>\n\t\t\t\t<section class=\"elementor-section elementor-top-section elementor-element elementor-element-2f93e3c3 elementor-section-boxed elementor-section-height-default elementor-section-height-default\" data-id=\"2f93e3c3\" data-element_type=\"section\" data-e-type=\"section\">\n\t\t\t\t\t\t<div class=\"elementor-container elementor-column-gap-default\">\n\t\t\t\t\t<div class=\"elementor-column elementor-col-100 elementor-top-column elementor-element elementor-element-5a9dfd19\" data-id=\"5a9dfd19\" data-element_type=\"column\" data-e-type=\"column\">\n\t\t\t<div class=\"elementor-widget-wrap elementor-element-populated\">\n\t\t\t\t\t\t<div class=\"elementor-element elementor-element-9cdb6b8 elementor-widget elementor-widget-html\" data-id=\"9cdb6b8\" data-element_type=\"widget\" data-e-type=\"widget\" data-widget_type=\"html.default\">\n\t\t\t\t<div class=\"elementor-widget-container\">\n\t\t\t\t\t<script class=\"podigee-podcast-player\" src=\"https:\/\/player.podigee-cdn.net\/podcast-player\/javascripts\/podigee-podcast-player.js\" data-configuration=\"https:\/\/gradido.podigee.io\/23-neue-episode\/embed?context=external&token=C6qjs0QGTvCWo1JlsFs2uw\"><\/script>\t\t\t\t<\/div>\n\t\t\t\t<\/div>\n\t\t\t\t\t<\/div>\n\t\t<\/div>\n\t\t\t\t\t<\/div>\n\t\t<\/section>\n\t\t\t\t<section class=\"elementor-section elementor-top-section elementor-element elementor-element-585c640 elementor-section-boxed elementor-section-height-default elementor-section-height-default\" data-id=\"585c640\" data-element_type=\"section\" data-e-type=\"section\">\n\t\t\t\t\t\t<div class=\"elementor-container elementor-column-gap-default\">\n\t\t\t\t\t<div class=\"elementor-column elementor-col-50 elementor-top-column elementor-element elementor-element-13c250b\" data-id=\"13c250b\" data-element_type=\"column\" data-e-type=\"column\">\n\t\t\t<div class=\"elementor-widget-wrap elementor-element-populated\">\n\t\t\t\t\t\t<div class=\"elementor-element elementor-element-0561949 elementor-widget elementor-widget-text-editor\" data-id=\"0561949\" data-element_type=\"widget\" data-e-type=\"widget\" data-widget_type=\"text-editor.default\">\n\t\t\t\t<div class=\"elementor-widget-container\">\n\t\t\t\t\t\t\t\t\t<p>Zn\u00e1my historik a mierov\u00fd v\u00fdskumn\u00edk Dr. Daniele Ganser sa zaober\u00e1 mnoh\u00fdmi formami vojnovej propagandy, medzi ktor\u00e9 patria najm\u00e4 l\u017ei a ohov\u00e1ranie. V nemecky hovoriacom svete vyvolal ve\u013ek\u00fd rozruch, preto\u017ee kriticky spochyb\u0148uje be\u017en\u00e9 n\u00e1zory mainstreamov\u00fdch m\u00e9di\u00ed. Jeho t\u00e9zy o \u00fatoku z 11. septembra v New Yorku vyvolali ve\u013ea polem\u00edk. V d\u00f4sledku toho sa mu dostalo pokarhania a dokonca pri\u0161iel o svoju v\u00fdskumn\u00fa katedru na ETH v Z\u00fcrichu.<\/p><p>Daniele Ganser je autorom mnoh\u00fdch bestsellerov, ako napr\u00edklad \"Ileg\u00e1lne vojny\", \"Tajn\u00e9 arm\u00e1dy NATO\", \"Eur\u00f3pa v ropnej hor\u00fa\u010dke\" a \"Imp\u00e9rium USA\", ktor\u00e9 sa predali celkovo viac ako stotis\u00edckr\u00e1t a boli prelo\u017een\u00e9 do viacer\u00fdch jazykov.<\/p><p>V tejto podcastovej epiz\u00f3de sa Wendelin Niederberger rozpr\u00e1va s Daniele Ganserovou a Berndom H\u00fcckst\u00e4dtom o dvoch z\u00e1kladn\u00fdch pravidl\u00e1ch mieru \"mindfulness\" a \"non-violence\", o mierovom pe\u0148a\u017enom syst\u00e9me \"Gradido\" a o mierotvornom potenci\u00e1li pojmu \"\u013eudsk\u00e1 rodina\".<\/p><p>Sme hlboko v\u010fa\u010dn\u00ed, \u017ee n\u00e1m to dalo \u010fal\u0161\u00ed dielik sklada\u010dky pre spolo\u010dn\u00fa ve\u013ek\u00fa spolupr\u00e1cu \u013eud\u00ed, ktor\u00ed potvrdzuj\u00fa \u017eivot - aby \u010doskoro v\u0161etci \u013eudia mali mo\u017enos\u0165 \u017ei\u0165 slobodn\u00fd a d\u00f4stojn\u00fd \u017eivot v prosperite a mieri.<\/p><h3>V\u013eavo:<\/h3><p><a href=\"https:\/\/www.digistore24.com\/content\/348212\/30354\/Gradido\/CAMPAIGNKEY\" target=\"_blank\" rel=\"noopener\">Daniele Ganser: Sta\u0148te sa mierotvorcom<\/a><\/p><p><a href=\"https:\/\/www.digistore24.com\/content\/376969\/32891\/Gradido\/CAMPAIGNKEY\" target=\"_blank\" rel=\"noopener\">Daniele Ganser: Vn\u00fatorn\u00fd pokoj<\/a><br \/><br \/><\/p>\t\t\t\t\t\t\t\t<\/div>\n\t\t\t\t<\/div>\n\t\t\t\t\t<\/div>\n\t\t<\/div>\n\t\t\t\t<div class=\"elementor-column elementor-col-50 elementor-top-column elementor-element elementor-element-e0d795e\" data-id=\"e0d795e\" data-element_type=\"column\" data-e-type=\"column\">\n\t\t\t<div class=\"elementor-widget-wrap elementor-element-populated\">\n\t\t\t\t\t\t<div class=\"elementor-element elementor-element-8c61bad elementor-widget elementor-widget-image\" data-id=\"8c61bad\" data-element_type=\"widget\" data-e-type=\"widget\" data-widget_type=\"image.default\">\n\t\t\t\t<div class=\"elementor-widget-container\">\n\t\t\t\t\t\t\t\t\t\t\t\t\t\t\t<img fetchpriority=\"high\" decoding=\"async\" width=\"800\" height=\"800\" src=\"https:\/\/gradido.net\/wp-content\/uploads\/2021\/06\/gradido_podcast_ganser-1024x1024.jpg\" class=\"attachment-large size-large wp-image-2937\" alt=\"\" srcset=\"https:\/\/gradido.net\/wp-content\/uploads\/2021\/06\/gradido_podcast_ganser-1024x1024.jpg 1024w, https:\/\/gradido.net\/wp-content\/uploads\/2021\/06\/gradido_podcast_ganser-300x300.jpg 300w, https:\/\/gradido.net\/wp-content\/uploads\/2021\/06\/gradido_podcast_ganser-150x150.jpg 150w, https:\/\/gradido.net\/wp-content\/uploads\/2021\/06\/gradido_podcast_ganser-768x768.jpg 768w, https:\/\/gradido.net\/wp-content\/uploads\/2021\/06\/gradido_podcast_ganser-12x12.jpg 12w, https:\/\/gradido.net\/wp-content\/uploads\/2021\/06\/gradido_podcast_ganser.jpg 1400w\" sizes=\"(max-width: 800px) 100vw, 800px\" \/>\t\t\t\t\t\t\t\t\t\t\t\t\t\t\t<\/div>\n\t\t\t\t<\/div>\n\t\t\t\t<div class=\"elementor-element elementor-element-ceab137 elementor-widget elementor-widget-text-editor\" data-id=\"ceab137\" data-element_type=\"widget\" data-e-type=\"widget\" data-widget_type=\"text-editor.default\">\n\t\t\t\t<div class=\"elementor-widget-container\">\n\t\t\t\t\t\t\t\t\t<p><a href=\"https:\/\/youtu.be\/ynwsPsDQttM\" target=\"_blank\" rel=\"noopener\">Po\u010d\u00favajte na YouTube<\/a><\/p>\t\t\t\t\t\t\t\t<\/div>\n\t\t\t\t<\/div>\n\t\t\t\t\t<\/div>\n\t\t<\/div>\n\t\t\t\t\t<\/div>\n\t\t<\/section>\n\t\t\t\t<section class=\"elementor-section elementor-top-section elementor-element elementor-element-d051609 elementor-section-boxed elementor-section-height-default elementor-section-height-default\" data-id=\"d051609\" data-element_type=\"section\" data-e-type=\"section\">\n\t\t\t\t\t\t<div class=\"elementor-container elementor-column-gap-default\">\n\t\t\t\t\t<div class=\"elementor-column elementor-col-100 elementor-top-column elementor-element elementor-element-13cc168\" data-id=\"13cc168\" data-element_type=\"column\" data-e-type=\"column\">\n\t\t\t<div class=\"elementor-widget-wrap elementor-element-populated\">\n\t\t\t\t\t\t<div class=\"elementor-element elementor-element-b43b3ee elementor-widget elementor-widget-heading\" data-id=\"b43b3ee\" data-element_type=\"widget\" data-e-type=\"widget\" data-widget_type=\"heading.default\">\n\t\t\t\t<div class=\"elementor-widget-container\">\n\t\t\t\t\t<h2 class=\"elementor-heading-title elementor-size-default\">Prepis ( automaticky prelo\u017een\u00e9)<\/h2>\t\t\t\t<\/div>\n\t\t\t\t<\/div>\n\t\t\t\t\t<\/div>\n\t\t<\/div>\n\t\t\t\t\t<\/div>\n\t\t<\/section>\n\t\t\t\t<section class=\"elementor-section elementor-top-section elementor-element elementor-element-474427c elementor-section-boxed elementor-section-height-default elementor-section-height-default\" data-id=\"474427c\" data-element_type=\"section\" data-e-type=\"section\">\n\t\t\t\t\t\t<div class=\"elementor-container elementor-column-gap-default\">\n\t\t\t\t\t<div class=\"elementor-column elementor-col-100 elementor-top-column elementor-element elementor-element-6041f12\" data-id=\"6041f12\" data-element_type=\"column\" data-e-type=\"column\">\n\t\t\t<div class=\"elementor-widget-wrap elementor-element-populated\">\n\t\t\t\t\t\t\t<\/div>\n\t\t<\/div>\n\t\t\t\t\t<\/div>\n\t\t<\/section>\n\t\t\t\t<\/div>","protected":false},"excerpt":{"rendered":"<p>Mit dem bekannten Historiker und Friedensforscher Dr. Daniele Ganser sprechen Wendelin und Bernd \u00fcber die elementaren Friedensregeln \u201aAchtsamkeit\u2018 und \u201aGewaltfreiheit\u2018, \u00fcber das friedvolle Finanzsystem \u201aGradido\u2018, sowie \u00fcber den friedenstiftenden Begriff \u201aMenschheitsfamilie\u2018. [49:08]<\/p>\n","protected":false},"author":2,"featured_media":2938,"comment_status":"closed","ping_status":"closed","sticky":false,"template":"","format":"standard","meta":{"footnotes":""},"categories":[19],"tags":[16],"class_list":["post-2940","post","type-post","status-publish","format-standard","has-post-thumbnail","hentry","category-podcast","tag-grundeinkommen"],"yoast_head":"<!-- This site is optimized with the Yoast SEO plugin v27.5 - https:\/\/yoast.com\/product\/yoast-seo-wordpress\/ -->\n<title>Great Cooperation: Frieden f\u00fcr die Menschheitsfamilie - Gradido<\/title>\n<meta name=\"robots\" content=\"index, follow, max-snippet:-1, max-image-preview:large, max-video-preview:-1\" \/>\n<link rel=\"canonical\" href=\"https:\/\/gradido.net\/sk\/episode-23\/\" \/>\n<meta property=\"og:locale\" content=\"sk_SK\" \/>\n<meta property=\"og:type\" content=\"article\" \/>\n<meta property=\"og:title\" content=\"Great Cooperation: Frieden f\u00fcr die Menschheitsfamilie - Gradido\" \/>\n<meta property=\"og:description\" content=\"Mit dem bekannten Historiker und Friedensforscher Dr. Daniele Ganser sprechen Wendelin und Bernd \u00fcber die elementaren Friedensregeln \u201aAchtsamkeit\u2018 und \u201aGewaltfreiheit\u2018, \u00fcber das friedvolle Finanzsystem \u201aGradido\u2018, sowie \u00fcber den friedenstiftenden Begriff \u201aMenschheitsfamilie\u2018. [49:08]\" \/>\n<meta property=\"og:url\" content=\"https:\/\/gradido.net\/sk\/episode-23\/\" \/>\n<meta property=\"og:site_name\" content=\"Gradido\" \/>\n<meta property=\"article:published_time\" content=\"2021-06-26T07:10:52+00:00\" \/>\n<meta property=\"article:modified_time\" content=\"2021-06-26T07:11:40+00:00\" \/>\n<meta property=\"og:image\" content=\"https:\/\/gradido.net\/wp-content\/uploads\/2021\/06\/podcast_www_ganser.jpg\" \/>\n\t<meta property=\"og:image:width\" content=\"700\" \/>\n\t<meta property=\"og:image:height\" content=\"475\" \/>\n\t<meta property=\"og:image:type\" content=\"image\/jpeg\" \/>\n<meta name=\"author\" content=\"Bernd H\u00fcckst\u00e4dt\" \/>\n<meta name=\"twitter:card\" content=\"summary_large_image\" \/>\n<meta name=\"twitter:label1\" content=\"Autor\" \/>\n\t<meta name=\"twitter:data1\" content=\"Bernd H\u00fcckst\u00e4dt\" \/>\n\t<meta name=\"twitter:label2\" content=\"Predpokladan\u00fd \u010das \u010d\u00edtania\" \/>\n\t<meta name=\"twitter:data2\" content=\"1 min\u00fata\" \/>\n<script type=\"application\/ld+json\" class=\"yoast-schema-graph\">{\"@context\":\"https:\\\/\\\/schema.org\",\"@graph\":[{\"@type\":\"Article\",\"@id\":\"https:\\\/\\\/gradido.net\\\/pl\\\/episode-23\\\/#article\",\"isPartOf\":{\"@id\":\"https:\\\/\\\/gradido.net\\\/pl\\\/episode-23\\\/\"},\"author\":{\"name\":\"Bernd H\u00fcckst\u00e4dt\",\"@id\":\"https:\\\/\\\/gradido.net\\\/de\\\/#\\\/schema\\\/person\\\/9c503a004ad15a1ddecadce2218db5d1\"},\"headline\":\"Great Cooperation: Frieden f\u00fcr die Menschheitsfamilie\",\"datePublished\":\"2021-06-26T07:10:52+00:00\",\"dateModified\":\"2021-06-26T07:11:40+00:00\",\"mainEntityOfPage\":{\"@id\":\"https:\\\/\\\/gradido.net\\\/pl\\\/episode-23\\\/\"},\"wordCount\":215,\"publisher\":{\"@id\":\"https:\\\/\\\/gradido.net\\\/de\\\/#organization\"},\"image\":{\"@id\":\"https:\\\/\\\/gradido.net\\\/pl\\\/episode-23\\\/#primaryimage\"},\"thumbnailUrl\":\"https:\\\/\\\/gradido.net\\\/wp-content\\\/uploads\\\/2021\\\/06\\\/podcast_www_ganser.jpg\",\"keywords\":[\"Grundeinkommen\"],\"articleSection\":[\"Podcast\"],\"inLanguage\":\"sk-SK\"},{\"@type\":\"WebPage\",\"@id\":\"https:\\\/\\\/gradido.net\\\/pl\\\/episode-23\\\/\",\"url\":\"https:\\\/\\\/gradido.net\\\/pl\\\/episode-23\\\/\",\"name\":\"Great Cooperation: Frieden f\u00fcr die Menschheitsfamilie - Gradido\",\"isPartOf\":{\"@id\":\"https:\\\/\\\/gradido.net\\\/de\\\/#website\"},\"primaryImageOfPage\":{\"@id\":\"https:\\\/\\\/gradido.net\\\/pl\\\/episode-23\\\/#primaryimage\"},\"image\":{\"@id\":\"https:\\\/\\\/gradido.net\\\/pl\\\/episode-23\\\/#primaryimage\"},\"thumbnailUrl\":\"https:\\\/\\\/gradido.net\\\/wp-content\\\/uploads\\\/2021\\\/06\\\/podcast_www_ganser.jpg\",\"datePublished\":\"2021-06-26T07:10:52+00:00\",\"dateModified\":\"2021-06-26T07:11:40+00:00\",\"breadcrumb\":{\"@id\":\"https:\\\/\\\/gradido.net\\\/pl\\\/episode-23\\\/#breadcrumb\"},\"inLanguage\":\"sk-SK\",\"potentialAction\":[{\"@type\":\"ReadAction\",\"target\":[\"https:\\\/\\\/gradido.net\\\/pl\\\/episode-23\\\/\"]}]},{\"@type\":\"ImageObject\",\"inLanguage\":\"sk-SK\",\"@id\":\"https:\\\/\\\/gradido.net\\\/pl\\\/episode-23\\\/#primaryimage\",\"url\":\"https:\\\/\\\/gradido.net\\\/wp-content\\\/uploads\\\/2021\\\/06\\\/podcast_www_ganser.jpg\",\"contentUrl\":\"https:\\\/\\\/gradido.net\\\/wp-content\\\/uploads\\\/2021\\\/06\\\/podcast_www_ganser.jpg\",\"width\":700,\"height\":475},{\"@type\":\"BreadcrumbList\",\"@id\":\"https:\\\/\\\/gradido.net\\\/pl\\\/episode-23\\\/#breadcrumb\",\"itemListElement\":[{\"@type\":\"ListItem\",\"position\":1,\"name\":\"Startseite\",\"item\":\"https:\\\/\\\/gradido.net\\\/\"},{\"@type\":\"ListItem\",\"position\":2,\"name\":\"Great Cooperation: Frieden f\u00fcr die Menschheitsfamilie\"}]},{\"@type\":\"WebSite\",\"@id\":\"https:\\\/\\\/gradido.net\\\/de\\\/#website\",\"url\":\"https:\\\/\\\/gradido.net\\\/de\\\/\",\"name\":\"Gradido\",\"description\":\"Die neue W\u00e4hrung hei\u00dft Dankbarkeit\",\"publisher\":{\"@id\":\"https:\\\/\\\/gradido.net\\\/de\\\/#organization\"},\"potentialAction\":[{\"@type\":\"SearchAction\",\"target\":{\"@type\":\"EntryPoint\",\"urlTemplate\":\"https:\\\/\\\/gradido.net\\\/de\\\/?s={search_term_string}\"},\"query-input\":{\"@type\":\"PropertyValueSpecification\",\"valueRequired\":true,\"valueName\":\"search_term_string\"}}],\"inLanguage\":\"sk-SK\"},{\"@type\":\"Organization\",\"@id\":\"https:\\\/\\\/gradido.net\\\/de\\\/#organization\",\"name\":\"Gradido\",\"url\":\"https:\\\/\\\/gradido.net\\\/de\\\/\",\"logo\":{\"@type\":\"ImageObject\",\"inLanguage\":\"sk-SK\",\"@id\":\"https:\\\/\\\/gradido.net\\\/de\\\/#\\\/schema\\\/logo\\\/image\\\/\",\"url\":\"https:\\\/\\\/gradido.net\\\/wp-content\\\/uploads\\\/2022\\\/04\\\/gradido-social.jpg\",\"contentUrl\":\"https:\\\/\\\/gradido.net\\\/wp-content\\\/uploads\\\/2022\\\/04\\\/gradido-social.jpg\",\"width\":527,\"height\":273,\"caption\":\"Gradido\"},\"image\":{\"@id\":\"https:\\\/\\\/gradido.net\\\/de\\\/#\\\/schema\\\/logo\\\/image\\\/\"}},{\"@type\":\"Person\",\"@id\":\"https:\\\/\\\/gradido.net\\\/de\\\/#\\\/schema\\\/person\\\/9c503a004ad15a1ddecadce2218db5d1\",\"name\":\"Bernd H\u00fcckst\u00e4dt\",\"sameAs\":[\"https:\\\/\\\/gradido.net\"],\"url\":\"https:\\\/\\\/gradido.net\\\/sk\\\/author\\\/bernd\\\/\"}]}<\/script>\n<!-- \/ Yoast SEO plugin. -->","yoast_head_json":{"title":"Ve\u013ek\u00e1 spolupr\u00e1ca: mier pre \u013eudsk\u00fa rodinu - Gradido","robots":{"index":"index","follow":"follow","max-snippet":"max-snippet:-1","max-image-preview":"max-image-preview:large","max-video-preview":"max-video-preview:-1"},"canonical":"https:\/\/gradido.net\/sk\/episode-23\/","og_locale":"sk_SK","og_type":"article","og_title":"Great Cooperation: Frieden f\u00fcr die Menschheitsfamilie - Gradido","og_description":"Mit dem bekannten Historiker und Friedensforscher Dr. Daniele Ganser sprechen Wendelin und Bernd \u00fcber die elementaren Friedensregeln \u201aAchtsamkeit\u2018 und \u201aGewaltfreiheit\u2018, \u00fcber das friedvolle Finanzsystem \u201aGradido\u2018, sowie \u00fcber den friedenstiftenden Begriff \u201aMenschheitsfamilie\u2018. [49:08]","og_url":"https:\/\/gradido.net\/sk\/episode-23\/","og_site_name":"Gradido","article_published_time":"2021-06-26T07:10:52+00:00","article_modified_time":"2021-06-26T07:11:40+00:00","og_image":[{"width":700,"height":475,"url":"https:\/\/gradido.net\/wp-content\/uploads\/2021\/06\/podcast_www_ganser.jpg","type":"image\/jpeg"}],"author":"Bernd H\u00fcckst\u00e4dt","twitter_card":"summary_large_image","twitter_misc":{"Autor":"Bernd H\u00fcckst\u00e4dt","Predpokladan\u00fd \u010das \u010d\u00edtania":"1 min\u00fata"},"schema":{"@context":"https:\/\/schema.org","@graph":[{"@type":"Article","@id":"https:\/\/gradido.net\/pl\/episode-23\/#article","isPartOf":{"@id":"https:\/\/gradido.net\/pl\/episode-23\/"},"author":{"name":"Bernd H\u00fcckst\u00e4dt","@id":"https:\/\/gradido.net\/de\/#\/schema\/person\/9c503a004ad15a1ddecadce2218db5d1"},"headline":"Great Cooperation: Frieden f\u00fcr die Menschheitsfamilie","datePublished":"2021-06-26T07:10:52+00:00","dateModified":"2021-06-26T07:11:40+00:00","mainEntityOfPage":{"@id":"https:\/\/gradido.net\/pl\/episode-23\/"},"wordCount":215,"publisher":{"@id":"https:\/\/gradido.net\/de\/#organization"},"image":{"@id":"https:\/\/gradido.net\/pl\/episode-23\/#primaryimage"},"thumbnailUrl":"https:\/\/gradido.net\/wp-content\/uploads\/2021\/06\/podcast_www_ganser.jpg","keywords":["Grundeinkommen"],"articleSection":["Podcast"],"inLanguage":"sk-SK"},{"@type":"WebPage","@id":"https:\/\/gradido.net\/pl\/episode-23\/","url":"https:\/\/gradido.net\/pl\/episode-23\/","name":"Ve\u013ek\u00e1 spolupr\u00e1ca: mier pre \u013eudsk\u00fa rodinu - Gradido","isPartOf":{"@id":"https:\/\/gradido.net\/de\/#website"},"primaryImageOfPage":{"@id":"https:\/\/gradido.net\/pl\/episode-23\/#primaryimage"},"image":{"@id":"https:\/\/gradido.net\/pl\/episode-23\/#primaryimage"},"thumbnailUrl":"https:\/\/gradido.net\/wp-content\/uploads\/2021\/06\/podcast_www_ganser.jpg","datePublished":"2021-06-26T07:10:52+00:00","dateModified":"2021-06-26T07:11:40+00:00","breadcrumb":{"@id":"https:\/\/gradido.net\/pl\/episode-23\/#breadcrumb"},"inLanguage":"sk-SK","potentialAction":[{"@type":"ReadAction","target":["https:\/\/gradido.net\/pl\/episode-23\/"]}]},{"@type":"ImageObject","inLanguage":"sk-SK","@id":"https:\/\/gradido.net\/pl\/episode-23\/#primaryimage","url":"https:\/\/gradido.net\/wp-content\/uploads\/2021\/06\/podcast_www_ganser.jpg","contentUrl":"https:\/\/gradido.net\/wp-content\/uploads\/2021\/06\/podcast_www_ganser.jpg","width":700,"height":475},{"@type":"BreadcrumbList","@id":"https:\/\/gradido.net\/pl\/episode-23\/#breadcrumb","itemListElement":[{"@type":"ListItem","position":1,"name":"Startseite","item":"https:\/\/gradido.net\/"},{"@type":"ListItem","position":2,"name":"Great Cooperation: Frieden f\u00fcr die Menschheitsfamilie"}]},{"@type":"WebSite","@id":"https:\/\/gradido.net\/de\/#website","url":"https:\/\/gradido.net\/de\/","name":"Gradido","description":"Novou menou je v\u010fa\u010dnos\u0165","publisher":{"@id":"https:\/\/gradido.net\/de\/#organization"},"potentialAction":[{"@type":"SearchAction","target":{"@type":"EntryPoint","urlTemplate":"https:\/\/gradido.net\/de\/?s={search_term_string}"},"query-input":{"@type":"PropertyValueSpecification","valueRequired":true,"valueName":"search_term_string"}}],"inLanguage":"sk-SK"},{"@type":"Organization","@id":"https:\/\/gradido.net\/de\/#organization","name":"Gradido","url":"https:\/\/gradido.net\/de\/","logo":{"@type":"ImageObject","inLanguage":"sk-SK","@id":"https:\/\/gradido.net\/de\/#\/schema\/logo\/image\/","url":"https:\/\/gradido.net\/wp-content\/uploads\/2022\/04\/gradido-social.jpg","contentUrl":"https:\/\/gradido.net\/wp-content\/uploads\/2022\/04\/gradido-social.jpg","width":527,"height":273,"caption":"Gradido"},"image":{"@id":"https:\/\/gradido.net\/de\/#\/schema\/logo\/image\/"}},{"@type":"Person","@id":"https:\/\/gradido.net\/de\/#\/schema\/person\/9c503a004ad15a1ddecadce2218db5d1","name":"Bernd H\u00fcckst\u00e4dt","sameAs":["https:\/\/gradido.net"],"url":"https:\/\/gradido.net\/sk\/author\/bernd\/"}]}},"_links":{"self":[{"href":"https:\/\/gradido.net\/sk\/wp-json\/wp\/v2\/posts\/2940","targetHints":{"allow":["GET"]}}],"collection":[{"href":"https:\/\/gradido.net\/sk\/wp-json\/wp\/v2\/posts"}],"about":[{"href":"https:\/\/gradido.net\/sk\/wp-json\/wp\/v2\/types\/post"}],"author":[{"embeddable":true,"href":"https:\/\/gradido.net\/sk\/wp-json\/wp\/v2\/users\/2"}],"replies":[{"embeddable":true,"href":"https:\/\/gradido.net\/sk\/wp-json\/wp\/v2\/comments?post=2940"}],"version-history":[{"count":9,"href":"https:\/\/gradido.net\/sk\/wp-json\/wp\/v2\/posts\/2940\/revisions"}],"predecessor-version":[{"id":2949,"href":"https:\/\/gradido.net\/sk\/wp-json\/wp\/v2\/posts\/2940\/revisions\/2949"}],"wp:featuredmedia":[{"embeddable":true,"href":"https:\/\/gradido.net\/sk\/wp-json\/wp\/v2\/media\/2938"}],"wp:attachment":[{"href":"https:\/\/gradido.net\/sk\/wp-json\/wp\/v2\/media?parent=2940"}],"wp:term":[{"taxonomy":"category","embeddable":true,"href":"https:\/\/gradido.net\/sk\/wp-json\/wp\/v2\/categories?post=2940"},{"taxonomy":"post_tag","embeddable":true,"href":"https:\/\/gradido.net\/sk\/wp-json\/wp\/v2\/tags?post=2940"}],"curies":[{"name":"wp","href":"https:\/\/api.w.org\/{rel}","templated":true}]}}