{"id":2978,"date":"2021-07-13T09:05:42","date_gmt":"2021-07-13T07:05:42","guid":{"rendered":"https:\/\/gradido.net\/?p=2978"},"modified":"2021-12-11T21:05:20","modified_gmt":"2021-12-11T20:05:20","slug":"gradido-akademie-laedt-rentner-zu-erfuelltem-lebensabend-ein","status":"publish","type":"post","link":"https:\/\/gradido.net\/sk\/gradido-akademie-laedt-rentner-zu-erfuelltem-lebensabend-ein\/","title":{"rendered":"Akad\u00e9mia Gradido poz\u00fdva d\u00f4chodcov na spokojn\u00fa starobu"},"content":{"rendered":"<div data-elementor-type=\"wp-post\" data-elementor-id=\"2978\" class=\"elementor elementor-2978\" data-elementor-post-type=\"post\">\n\t\t\t\t\t\t<section class=\"elementor-section elementor-top-section elementor-element elementor-element-496e1d53 elementor-section-boxed elementor-section-height-default elementor-section-height-default\" data-id=\"496e1d53\" data-element_type=\"section\" data-e-type=\"section\">\n\t\t\t\t\t\t<div class=\"elementor-container elementor-column-gap-default\">\n\t\t\t\t\t<div class=\"elementor-column elementor-col-100 elementor-top-column elementor-element elementor-element-461d7be0\" data-id=\"461d7be0\" data-element_type=\"column\" data-e-type=\"column\">\n\t\t\t<div class=\"elementor-widget-wrap elementor-element-populated\">\n\t\t\t\t\t\t<div class=\"elementor-element elementor-element-cd9ebe2 elementor-widget elementor-widget-text-editor\" data-id=\"cd9ebe2\" data-element_type=\"widget\" data-e-type=\"widget\" data-widget_type=\"text-editor.default\">\n\t\t\t\t<div class=\"elementor-widget-container\">\n\t\t\t\t\t\t\t\t\t<h2>Chudobn\u00ed a osamel\u00ed v starobe?<\/h2><p><strong>K\u00fcnzelsau,13.07.2021 - Vyhliadky d\u00f4chodcov s\u00fa pochm\u00farne: kv\u00f4li hrozbe starobnej chudoby a rast\u00facej osamelosti sa \"zasl\u00fa\u017een\u00fd d\u00f4chodok\" \u010dasto st\u00e1va skuto\u010dn\u00fdm hororov\u00fdm scen\u00e1rom. S\u00fa\u010dasn\u00e9 \u0161t\u00fadie predpovedaj\u00fa neust\u00e1ly n\u00e1rast chudoby v starobe. Lek\u00e1ri varuj\u00fa pred zdravotn\u00fdmi rizikami rast\u00facej soci\u00e1lnej izol\u00e1cie. Zatia\u013e \u010do politici diskutuj\u00fa o pred\u013a\u017een\u00ed pracovn\u00e9ho \u017eivota a vy\u0161\u0161\u00edch pr\u00edspevkoch na d\u00f4chodok, odborn\u00edci na ekonomick\u00fa bioniku z akad\u00e9mie Gradido u\u017e d\u00e1vno vypracovali presved\u010div\u00fd pr\u00edstup k zabezpe\u010deniu \u013eud\u00ed na d\u00f4chodku. A v koncepcii svojho nov\u00e9ho ekonomick\u00e9ho a finan\u010dn\u00e9ho modelu zakotvili aj cestu z osamelosti v starobe.<\/strong><\/p><h3>Ka\u017ed\u00fd piaty d\u00f4chodca by mohol by\u0165 \u010doskoro ohrozen\u00fd chudobou v starobe<\/h3><p>Hoci \u010doraz viac d\u00f4chodcov m\u00e1 stredn\u00fd pr\u00edjem, Bertelsmannova nad\u00e1cia u\u017e v roku 2017 v \u0161t\u00fadii \"V\u00fdvoj chudoby v starobe do roku 2036\" identifikovala neust\u00e1le rast\u00face riziko chudoby v starobe. D\u00f4chodcovia, ktor\u00fdch \u010dist\u00fd pr\u00edjem je ni\u017e\u0161\u00ed ako 958 eur, sa pova\u017euj\u00fa za ohrozen\u00fdch chudobou. Vzh\u013eadom na to, \u017ee riziko chudoby u bud\u00facich d\u00f4chodcov vzrastie zo 16 % v roku 2015 na 20 % v roku 2036, ka\u017ed\u00fd piaty nov\u00fd d\u00f4chodca m\u00f4\u017ee by\u0165 \u010doskoro ohrozen\u00fd chudobou v starobe. V d\u00f4sledku demografick\u00fdch zmien mus\u00ed \u010doraz menej pracuj\u00facich \u013eud\u00ed plati\u0165 na \u010doraz viac d\u00f4chodcov.<\/p><h3>Medzigenera\u010dn\u00e1 zmluva zlyhala<\/h3><p>\"Pokia\u013e bude \u00faver jedn\u00fdch dlhom druh\u00fdch, \u017eiadny hospod\u00e1rsky a finan\u010dn\u00fd model nebude dlhodobo fungova\u0165,\" takto analyzuje hroziv\u00fd s\u00fa\u010dasn\u00fd v\u00fdvoj Bernd H\u00fcckst\u00e4dt, spoluzakladate\u013e Gradido Academy. Odborn\u00edci na ekonomick\u00fa bioniku z nez\u00e1visl\u00e9ho v\u00fdskumn\u00e9ho in\u0161tit\u00fatu, ktor\u00ed vych\u00e1dzaj\u00fa z tis\u00edcro\u010dn\u00fdch modelov \u00faspe\u0161nosti pr\u00edrody, str\u00e1vili dve desa\u0165ro\u010dia v\u00fdvojom koncepcie spolo\u010dn\u00e9ho dobra, ktor\u00e1 je zalo\u017een\u00e1 na odvr\u00e1ten\u00ed sa od princ\u00edpu dlhu a pe\u0148az\u00ed a zaveden\u00ed Gradida (GDD). Z\u00e1kladn\u00e1 etick\u00e1 koncepcia nov\u00e9ho typu hospod\u00e1rskeho a finan\u010dn\u00e9ho syst\u00e9mu je orientovan\u00e1 na \"trojit\u00e9 dobro\" s cie\u013eom vytvori\u0165 \u010do najlep\u0161ie mo\u017enosti pre \u017eivot a rozvoj jednotlivca, zabezpe\u010di\u0165 soci\u00e1lny \u017eivot spolo\u010denstva a \u010do najlep\u0161ie chr\u00e1ni\u0165 pr\u00edrodu. \u013dudia v\u0161etk\u00fdch vekov\u00fdch kateg\u00f3ri\u00ed maj\u00fa mo\u017enos\u0165 z\u00edska\u0165 1000 Gradido (GDD) mesa\u010dne ako \"akt\u00edvny z\u00e1kladn\u00fd pr\u00edjem\". Na opl\u00e1tku preberaj\u00fa \u00falohy v komunite, ktor\u00e9 robia radi a obzvl\u00e1\u0161\u0165 dobre. Pre spolo\u010denstvo sa tie\u017e \u010derp\u00e1 1000 Gradido (GDD) na osobu a mesiac, \u010do rob\u00ed dane zbyto\u010dn\u00fdmi. Tret\u00edm pilierom je \u010fal\u0161\u00edch 1000 Gradido, ktor\u00e9 sa mesa\u010dne \u010derpaj\u00fa do environment\u00e1lneho fondu a s\u00fa ur\u010den\u00e9 na ochranu pr\u00edrody. \u00a0<\/p><h3>Celo\u017eivotn\u00e9 zabezpe\u010denie a starostlivos\u0165<\/h3><p>Okrem \"akt\u00edvneho z\u00e1kladn\u00e9ho pr\u00edjmu\" dost\u00e1vaj\u00fa star\u0161\u00ed \u013eudia \u010fal\u0161\u00edch 1 000 Gradido mesa\u010dne vo forme \"nepodmienen\u00e9ho z\u00e1kladn\u00e9ho pr\u00edjmu\" a s\u00fa tak optim\u00e1lne zabezpe\u010den\u00ed a\u017e do konca \u017eivota. \"Vytvorili sme tu flexibiln\u00e9 rie\u0161enia, aby sme mohli zaru\u010di\u0165 starostlivos\u0165 o ka\u017ed\u00e9ho jednotlivca. Na\u0161\u00edm cie\u013eom je zbavi\u0165 \u013eud\u00ed strachu zo starnutia a namiesto toho im vr\u00e1ti\u0165 d\u00f4stojnos\u0165, zdravie a rados\u0165 zo \u017eivota - a\u017e do posledn\u00e9ho d\u0148a \u017eivota,\" hovor\u00ed Margret Baierov\u00e1, v\u00fdkonn\u00e1 riadite\u013eka akad\u00e9mie.<\/p><h3>Soci\u00e1lna particip\u00e1cia je nevyhnutn\u00e1 pre kvalitu \u017eivota v starobe<\/h3><p>Na dosiahnutie tohto cie\u013ea sa model Gradido opiera aj o \"bezpodmiene\u010dn\u00fa \u00fa\u010das\u0165\" na \u017eivote komunity. Umo\u017e\u0148uje ka\u017ed\u00e9mu \u010dloveku podie\u013ea\u0165 sa na spolo\u010dnom dobre, pokia\u013e si to \u017eel\u00e1, a zosta\u0165 s\u00fa\u010das\u0165ou spolo\u010densk\u00e9ho \u017eivota. \"Star\u00ed \u013eudia u\u017e \u010dasto nedost\u00e1vaj\u00fa \u017eiadne pozit\u00edvne potvrdenie, a tak nadobudn\u00fa pocit, \u017ee u\u017e nie s\u00fa potrebn\u00ed. To ochromuje a po\u0161kodzuje zdravie, preto\u017ee \u00fa\u010das\u0165 na spolo\u010denskom \u017eivote je nevyhnutn\u00e1 aj vo vy\u0161\u0161om veku,\" vysvet\u013euje Margret Baierov\u00e1, \"okrem toho sa v\u010faka dobrovo\u013en\u00e9mu nasadeniu star\u0161\u00edch \u013eud\u00ed daj\u00fa plni\u0165 d\u00f4le\u017eit\u00e9 spolo\u010densk\u00e9 \u00falohy, ktor\u00e9 by inak takmer nebolo mo\u017en\u00e9 zvl\u00e1dnu\u0165.\"<\/p><h3>Osamelos\u0165 m\u00f4\u017ee zdvojn\u00e1sobi\u0165 riziko demencie<\/h3><p>Osamelos\u0165 v starobe a depres\u00edvne n\u00e1lady ovplyv\u0148uj\u00fa du\u0161evn\u00e9 aj fyzick\u00e9 zdravie. \"Ak s\u00fa \u013eudia dlhodobo soci\u00e1lne izolovan\u00ed a maj\u00fa m\u00e1lo soci\u00e1lnych kontaktov, m\u00f4\u017ee to sp\u00f4sobi\u0165 aj v\u00e1\u017ene fyzick\u00e9 pr\u00edznaky,\" zd\u00f4raz\u0148uje Andreas Meyer-Lindenberg, psychiater a riadite\u013e \u00dastredn\u00e9ho \u00fastavu du\u0161evn\u00e9ho zdravia v Mannheime. Americk\u00ed vedci po \u0161tvorro\u010dnej \u0161t\u00fadii na 800 star\u0161\u00edch \u013eu\u010foch zistili, \u017ee osamelos\u0165 zdvojn\u00e1sobuje riziko vzniku stareckej demencie.<\/p><h3>Gradido s\u013eubuje starostlivos\u0165 a\u017e do konca \u017eivota<\/h3><p>\"Na\u0161\u00edm cie\u013eom je, aby v\u0161etci \u013eudia mohli \u017ei\u0165 bezpe\u010dne, plnohodnotne, \u010do najzdrav\u0161ie a \u0161\u0165astne od prv\u00e9ho do posledn\u00e9ho d\u0148a svojho \u017eivota,\" vysvet\u013euje Bernd H\u00fcckst\u00e4dt a dod\u00e1va: \"Ke\u010f\u017ee po\u010det t\u00fdch, ktor\u00fdch ka\u017edodenn\u00fd \u017eivot je na m\u00edle vzdialen\u00fd od t\u00fdchto rajsk\u00fdch podmienok, ka\u017ed\u00fdm d\u0148om rastie, je najvy\u0161\u0161\u00ed \u010das na prehodnotenie. Preto poz\u00fdvame rovnako zm\u00fd\u0161\u013eaj\u00facich \u013eud\u00ed v\u0161etk\u00fdch vekov\u00fdch kateg\u00f3ri\u00ed, aby n\u00e1s podporili v na\u0161om \u00fasil\u00ed o mierov\u00fa transform\u00e1ciu a spolupracovali s akad\u00e9miou Gradido.\"<\/p><p>Podrobnosti o modeli Gradido a podcaste Gradido n\u00e1jdete na <a href=\"https:\/\/gradido.net\/sk\/\">www.gradido.net<\/a><\/p>\t\t\t\t\t\t\t\t<\/div>\n\t\t\t\t<\/div>\n\t\t\t\t<div class=\"elementor-element elementor-element-e9ff241 elementor-widget elementor-widget-text-editor\" data-id=\"e9ff241\" data-element_type=\"widget\" data-e-type=\"widget\" data-widget_type=\"text-editor.default\">\n\t\t\t\t<div class=\"elementor-widget-container\">\n\t\t\t\t\t\t\t\t\t<p><strong>O akad\u00e9mii Gradido<\/strong><br>Akad\u00e9mia Gradido pre ekonomick\u00fa bioniku vyvinula alternat\u00edvnu \"menu spolo\u010dn\u00e9ho dobra\", ktor\u00e1 je vytvoren\u00e1 pod\u013ea vzoru pr\u00edrody. Pr\u00edroda sa riadi pravidlom, \u017ee len tam, kde nie\u010do zanik\u00e1, m\u00f4\u017ee vznikn\u00fa\u0165 nie\u010do nov\u00e9, a tak je mo\u017en\u00e9 dlhodob\u00e9 zlep\u0161ovanie (evol\u00facia). Jeho receptom na \u00faspech je \"kolobeh \u017eivota\". Ak by sa aj na\u0161a ekonomika riadila t\u00fdmto prirodzen\u00fdm cyklom, vyrie\u0161ilo by to pod\u013ea odborn\u00edkov na ekonomick\u00fa bioniku prakticky v\u0161etky probl\u00e9my sveta s\u00favisiace s peniazmi. Model Gradido je zalo\u017een\u00fd na my\u0161lienke, \u017ee nielen ka\u017ed\u00e1 osoba, ale aj ka\u017ed\u00fd \u0161t\u00e1t dost\u00e1va pr\u00edjem vytvoren\u00fd na kreditnom z\u00e1klade. V\u010faka tomu m\u00f4\u017ee plni\u0165 v\u0161etky svoje \u00falohy bez v\u00fdberu dan\u00ed. Defl\u00e1cia alebo infl\u00e1cia s\u00fa minulos\u0165ou. Hospod\u00e1rstvo sa oslobod\u00ed od neust\u00e1leho nutkania k rastu a nebezpe\u010denstvo kolapsu finan\u010dn\u00e9ho syst\u00e9mu je kone\u010dne za\u017eehnan\u00e9. (<a href=\"https:\/\/gradido.net\/sk\/\">www.gradido.net<\/a>)<\/p>\t\t\t\t\t\t\t\t<\/div>\n\t\t\t\t<\/div>\n\t\t\t\t\t<\/div>\n\t\t<\/div>\n\t\t\t\t\t<\/div>\n\t\t<\/section>\n\t\t\t\t<\/div>","protected":false},"excerpt":{"rendered":"<p>Arm und einsam im Alter? K\u00fcnzelsau,13.07.2021 \u2013 Die Aussichten f\u00fcr Rentner sind d\u00fcster: Wegen drohender Altersarmut und wachsender Vereinsamung wird der \u201awohlverdiente Ruhestand\u2018 nicht selten zu einem echten Schreckensszenario. Aktuelle Studien rechnen mit einem steten Anstieg der Altersarmut. Mediziner warnen vor den Gesundheitsrisiken durch die wachsende soziale Isolation. W\u00e4hrend die Politik \u00fcber eine Verl\u00e4ngerung der [&hellip;]<\/p>\n","protected":false},"author":2,"featured_media":2977,"comment_status":"closed","ping_status":"closed","sticky":false,"template":"","format":"standard","meta":{"footnotes":""},"categories":[8],"tags":[],"class_list":["post-2978","post","type-post","status-publish","format-standard","has-post-thumbnail","hentry","category-pressemitteilung"],"yoast_head":"<!-- This site is optimized with the Yoast SEO plugin v27.5 - https:\/\/yoast.com\/product\/yoast-seo-wordpress\/ -->\n<title>Gradido-Akademie l\u00e4dt Rentner zu erf\u00fclltem Lebensabend ein - Gradido<\/title>\n<meta name=\"robots\" content=\"index, follow, max-snippet:-1, max-image-preview:large, max-video-preview:-1\" \/>\n<link rel=\"canonical\" href=\"https:\/\/gradido.net\/sk\/gradido-akademie-laedt-rentner-zu-erfuelltem-lebensabend-ein\/\" \/>\n<meta property=\"og:locale\" content=\"sk_SK\" \/>\n<meta property=\"og:type\" content=\"article\" \/>\n<meta property=\"og:title\" content=\"Gradido-Akademie l\u00e4dt Rentner zu erf\u00fclltem Lebensabend ein - Gradido\" \/>\n<meta property=\"og:description\" content=\"Arm und einsam im Alter? K\u00fcnzelsau,13.07.2021 \u2013 Die Aussichten f\u00fcr Rentner sind d\u00fcster: Wegen drohender Altersarmut und wachsender Vereinsamung wird der \u201awohlverdiente Ruhestand\u2018 nicht selten zu einem echten Schreckensszenario. Aktuelle Studien rechnen mit einem steten Anstieg der Altersarmut. Mediziner warnen vor den Gesundheitsrisiken durch die wachsende soziale Isolation. W\u00e4hrend die Politik \u00fcber eine Verl\u00e4ngerung der [&hellip;]\" \/>\n<meta property=\"og:url\" content=\"https:\/\/gradido.net\/sk\/gradido-akademie-laedt-rentner-zu-erfuelltem-lebensabend-ein\/\" \/>\n<meta property=\"og:site_name\" content=\"Gradido\" \/>\n<meta property=\"article:published_time\" content=\"2021-07-13T07:05:42+00:00\" \/>\n<meta property=\"article:modified_time\" content=\"2021-12-11T20:05:20+00:00\" \/>\n<meta property=\"og:image\" content=\"https:\/\/gradido.net\/wp-content\/uploads\/2021\/07\/alter_ohne_armut_und_einsamkeit.jpg\" \/>\n\t<meta property=\"og:image:width\" content=\"1458\" \/>\n\t<meta property=\"og:image:height\" content=\"990\" \/>\n\t<meta property=\"og:image:type\" content=\"image\/jpeg\" \/>\n<meta name=\"author\" content=\"Bernd H\u00fcckst\u00e4dt\" \/>\n<meta name=\"twitter:card\" content=\"summary_large_image\" \/>\n<meta name=\"twitter:label1\" content=\"Autor\" \/>\n\t<meta name=\"twitter:data1\" content=\"Bernd H\u00fcckst\u00e4dt\" \/>\n\t<meta name=\"twitter:label2\" content=\"Predpokladan\u00fd \u010das \u010d\u00edtania\" \/>\n\t<meta name=\"twitter:data2\" content=\"5 min\u00fat\" \/>\n<script type=\"application\/ld+json\" class=\"yoast-schema-graph\">{\"@context\":\"https:\\\/\\\/schema.org\",\"@graph\":[{\"@type\":\"Article\",\"@id\":\"https:\\\/\\\/gradido.net\\\/el\\\/gradido-akademie-laedt-rentner-zu-erfuelltem-lebensabend-ein\\\/#article\",\"isPartOf\":{\"@id\":\"https:\\\/\\\/gradido.net\\\/el\\\/gradido-akademie-laedt-rentner-zu-erfuelltem-lebensabend-ein\\\/\"},\"author\":{\"name\":\"Bernd H\u00fcckst\u00e4dt\",\"@id\":\"https:\\\/\\\/gradido.net\\\/de\\\/#\\\/schema\\\/person\\\/9c503a004ad15a1ddecadce2218db5d1\"},\"headline\":\"Gradido-Akademie l\u00e4dt Rentner zu erf\u00fclltem Lebensabend ein\",\"datePublished\":\"2021-07-13T07:05:42+00:00\",\"dateModified\":\"2021-12-11T20:05:20+00:00\",\"mainEntityOfPage\":{\"@id\":\"https:\\\/\\\/gradido.net\\\/el\\\/gradido-akademie-laedt-rentner-zu-erfuelltem-lebensabend-ein\\\/\"},\"wordCount\":926,\"publisher\":{\"@id\":\"https:\\\/\\\/gradido.net\\\/de\\\/#organization\"},\"image\":{\"@id\":\"https:\\\/\\\/gradido.net\\\/el\\\/gradido-akademie-laedt-rentner-zu-erfuelltem-lebensabend-ein\\\/#primaryimage\"},\"thumbnailUrl\":\"https:\\\/\\\/gradido.net\\\/wp-content\\\/uploads\\\/2021\\\/07\\\/alter_ohne_armut_und_einsamkeit.jpg\",\"articleSection\":[\"Pressemitteilung\"],\"inLanguage\":\"sk-SK\"},{\"@type\":\"WebPage\",\"@id\":\"https:\\\/\\\/gradido.net\\\/el\\\/gradido-akademie-laedt-rentner-zu-erfuelltem-lebensabend-ein\\\/\",\"url\":\"https:\\\/\\\/gradido.net\\\/el\\\/gradido-akademie-laedt-rentner-zu-erfuelltem-lebensabend-ein\\\/\",\"name\":\"Gradido-Akademie l\u00e4dt Rentner zu erf\u00fclltem Lebensabend ein - Gradido\",\"isPartOf\":{\"@id\":\"https:\\\/\\\/gradido.net\\\/de\\\/#website\"},\"primaryImageOfPage\":{\"@id\":\"https:\\\/\\\/gradido.net\\\/el\\\/gradido-akademie-laedt-rentner-zu-erfuelltem-lebensabend-ein\\\/#primaryimage\"},\"image\":{\"@id\":\"https:\\\/\\\/gradido.net\\\/el\\\/gradido-akademie-laedt-rentner-zu-erfuelltem-lebensabend-ein\\\/#primaryimage\"},\"thumbnailUrl\":\"https:\\\/\\\/gradido.net\\\/wp-content\\\/uploads\\\/2021\\\/07\\\/alter_ohne_armut_und_einsamkeit.jpg\",\"datePublished\":\"2021-07-13T07:05:42+00:00\",\"dateModified\":\"2021-12-11T20:05:20+00:00\",\"breadcrumb\":{\"@id\":\"https:\\\/\\\/gradido.net\\\/el\\\/gradido-akademie-laedt-rentner-zu-erfuelltem-lebensabend-ein\\\/#breadcrumb\"},\"inLanguage\":\"sk-SK\",\"potentialAction\":[{\"@type\":\"ReadAction\",\"target\":[\"https:\\\/\\\/gradido.net\\\/el\\\/gradido-akademie-laedt-rentner-zu-erfuelltem-lebensabend-ein\\\/\"]}]},{\"@type\":\"ImageObject\",\"inLanguage\":\"sk-SK\",\"@id\":\"https:\\\/\\\/gradido.net\\\/el\\\/gradido-akademie-laedt-rentner-zu-erfuelltem-lebensabend-ein\\\/#primaryimage\",\"url\":\"https:\\\/\\\/gradido.net\\\/wp-content\\\/uploads\\\/2021\\\/07\\\/alter_ohne_armut_und_einsamkeit.jpg\",\"contentUrl\":\"https:\\\/\\\/gradido.net\\\/wp-content\\\/uploads\\\/2021\\\/07\\\/alter_ohne_armut_und_einsamkeit.jpg\",\"width\":1458,\"height\":990},{\"@type\":\"BreadcrumbList\",\"@id\":\"https:\\\/\\\/gradido.net\\\/el\\\/gradido-akademie-laedt-rentner-zu-erfuelltem-lebensabend-ein\\\/#breadcrumb\",\"itemListElement\":[{\"@type\":\"ListItem\",\"position\":1,\"name\":\"Startseite\",\"item\":\"https:\\\/\\\/gradido.net\\\/\"},{\"@type\":\"ListItem\",\"position\":2,\"name\":\"Gradido-Akademie l\u00e4dt Rentner zu erf\u00fclltem Lebensabend ein\"}]},{\"@type\":\"WebSite\",\"@id\":\"https:\\\/\\\/gradido.net\\\/de\\\/#website\",\"url\":\"https:\\\/\\\/gradido.net\\\/de\\\/\",\"name\":\"Gradido\",\"description\":\"Die neue W\u00e4hrung hei\u00dft Dankbarkeit\",\"publisher\":{\"@id\":\"https:\\\/\\\/gradido.net\\\/de\\\/#organization\"},\"potentialAction\":[{\"@type\":\"SearchAction\",\"target\":{\"@type\":\"EntryPoint\",\"urlTemplate\":\"https:\\\/\\\/gradido.net\\\/de\\\/?s={search_term_string}\"},\"query-input\":{\"@type\":\"PropertyValueSpecification\",\"valueRequired\":true,\"valueName\":\"search_term_string\"}}],\"inLanguage\":\"sk-SK\"},{\"@type\":\"Organization\",\"@id\":\"https:\\\/\\\/gradido.net\\\/de\\\/#organization\",\"name\":\"Gradido\",\"url\":\"https:\\\/\\\/gradido.net\\\/de\\\/\",\"logo\":{\"@type\":\"ImageObject\",\"inLanguage\":\"sk-SK\",\"@id\":\"https:\\\/\\\/gradido.net\\\/de\\\/#\\\/schema\\\/logo\\\/image\\\/\",\"url\":\"https:\\\/\\\/gradido.net\\\/wp-content\\\/uploads\\\/2022\\\/04\\\/gradido-social.jpg\",\"contentUrl\":\"https:\\\/\\\/gradido.net\\\/wp-content\\\/uploads\\\/2022\\\/04\\\/gradido-social.jpg\",\"width\":527,\"height\":273,\"caption\":\"Gradido\"},\"image\":{\"@id\":\"https:\\\/\\\/gradido.net\\\/de\\\/#\\\/schema\\\/logo\\\/image\\\/\"}},{\"@type\":\"Person\",\"@id\":\"https:\\\/\\\/gradido.net\\\/de\\\/#\\\/schema\\\/person\\\/9c503a004ad15a1ddecadce2218db5d1\",\"name\":\"Bernd H\u00fcckst\u00e4dt\",\"sameAs\":[\"https:\\\/\\\/gradido.net\"],\"url\":\"https:\\\/\\\/gradido.net\\\/sk\\\/author\\\/bernd\\\/\"}]}<\/script>\n<!-- \/ Yoast SEO plugin. -->","yoast_head_json":{"title":"Akad\u00e9mia Gradido poz\u00fdva d\u00f4chodcov na spokojn\u00fd d\u00f4chodok - Gradido","robots":{"index":"index","follow":"follow","max-snippet":"max-snippet:-1","max-image-preview":"max-image-preview:large","max-video-preview":"max-video-preview:-1"},"canonical":"https:\/\/gradido.net\/sk\/gradido-akademie-laedt-rentner-zu-erfuelltem-lebensabend-ein\/","og_locale":"sk_SK","og_type":"article","og_title":"Gradido-Akademie l\u00e4dt Rentner zu erf\u00fclltem Lebensabend ein - Gradido","og_description":"Arm und einsam im Alter? K\u00fcnzelsau,13.07.2021 \u2013 Die Aussichten f\u00fcr Rentner sind d\u00fcster: Wegen drohender Altersarmut und wachsender Vereinsamung wird der \u201awohlverdiente Ruhestand\u2018 nicht selten zu einem echten Schreckensszenario. Aktuelle Studien rechnen mit einem steten Anstieg der Altersarmut. Mediziner warnen vor den Gesundheitsrisiken durch die wachsende soziale Isolation. W\u00e4hrend die Politik \u00fcber eine Verl\u00e4ngerung der [&hellip;]","og_url":"https:\/\/gradido.net\/sk\/gradido-akademie-laedt-rentner-zu-erfuelltem-lebensabend-ein\/","og_site_name":"Gradido","article_published_time":"2021-07-13T07:05:42+00:00","article_modified_time":"2021-12-11T20:05:20+00:00","og_image":[{"width":1458,"height":990,"url":"https:\/\/gradido.net\/wp-content\/uploads\/2021\/07\/alter_ohne_armut_und_einsamkeit.jpg","type":"image\/jpeg"}],"author":"Bernd H\u00fcckst\u00e4dt","twitter_card":"summary_large_image","twitter_misc":{"Autor":"Bernd H\u00fcckst\u00e4dt","Predpokladan\u00fd \u010das \u010d\u00edtania":"5 min\u00fat"},"schema":{"@context":"https:\/\/schema.org","@graph":[{"@type":"Article","@id":"https:\/\/gradido.net\/el\/gradido-akademie-laedt-rentner-zu-erfuelltem-lebensabend-ein\/#article","isPartOf":{"@id":"https:\/\/gradido.net\/el\/gradido-akademie-laedt-rentner-zu-erfuelltem-lebensabend-ein\/"},"author":{"name":"Bernd H\u00fcckst\u00e4dt","@id":"https:\/\/gradido.net\/de\/#\/schema\/person\/9c503a004ad15a1ddecadce2218db5d1"},"headline":"Gradido-Akademie l\u00e4dt Rentner zu erf\u00fclltem Lebensabend ein","datePublished":"2021-07-13T07:05:42+00:00","dateModified":"2021-12-11T20:05:20+00:00","mainEntityOfPage":{"@id":"https:\/\/gradido.net\/el\/gradido-akademie-laedt-rentner-zu-erfuelltem-lebensabend-ein\/"},"wordCount":926,"publisher":{"@id":"https:\/\/gradido.net\/de\/#organization"},"image":{"@id":"https:\/\/gradido.net\/el\/gradido-akademie-laedt-rentner-zu-erfuelltem-lebensabend-ein\/#primaryimage"},"thumbnailUrl":"https:\/\/gradido.net\/wp-content\/uploads\/2021\/07\/alter_ohne_armut_und_einsamkeit.jpg","articleSection":["Pressemitteilung"],"inLanguage":"sk-SK"},{"@type":"WebPage","@id":"https:\/\/gradido.net\/el\/gradido-akademie-laedt-rentner-zu-erfuelltem-lebensabend-ein\/","url":"https:\/\/gradido.net\/el\/gradido-akademie-laedt-rentner-zu-erfuelltem-lebensabend-ein\/","name":"Akad\u00e9mia Gradido poz\u00fdva d\u00f4chodcov na spokojn\u00fd d\u00f4chodok - Gradido","isPartOf":{"@id":"https:\/\/gradido.net\/de\/#website"},"primaryImageOfPage":{"@id":"https:\/\/gradido.net\/el\/gradido-akademie-laedt-rentner-zu-erfuelltem-lebensabend-ein\/#primaryimage"},"image":{"@id":"https:\/\/gradido.net\/el\/gradido-akademie-laedt-rentner-zu-erfuelltem-lebensabend-ein\/#primaryimage"},"thumbnailUrl":"https:\/\/gradido.net\/wp-content\/uploads\/2021\/07\/alter_ohne_armut_und_einsamkeit.jpg","datePublished":"2021-07-13T07:05:42+00:00","dateModified":"2021-12-11T20:05:20+00:00","breadcrumb":{"@id":"https:\/\/gradido.net\/el\/gradido-akademie-laedt-rentner-zu-erfuelltem-lebensabend-ein\/#breadcrumb"},"inLanguage":"sk-SK","potentialAction":[{"@type":"ReadAction","target":["https:\/\/gradido.net\/el\/gradido-akademie-laedt-rentner-zu-erfuelltem-lebensabend-ein\/"]}]},{"@type":"ImageObject","inLanguage":"sk-SK","@id":"https:\/\/gradido.net\/el\/gradido-akademie-laedt-rentner-zu-erfuelltem-lebensabend-ein\/#primaryimage","url":"https:\/\/gradido.net\/wp-content\/uploads\/2021\/07\/alter_ohne_armut_und_einsamkeit.jpg","contentUrl":"https:\/\/gradido.net\/wp-content\/uploads\/2021\/07\/alter_ohne_armut_und_einsamkeit.jpg","width":1458,"height":990},{"@type":"BreadcrumbList","@id":"https:\/\/gradido.net\/el\/gradido-akademie-laedt-rentner-zu-erfuelltem-lebensabend-ein\/#breadcrumb","itemListElement":[{"@type":"ListItem","position":1,"name":"Startseite","item":"https:\/\/gradido.net\/"},{"@type":"ListItem","position":2,"name":"Gradido-Akademie l\u00e4dt Rentner zu erf\u00fclltem Lebensabend ein"}]},{"@type":"WebSite","@id":"https:\/\/gradido.net\/de\/#website","url":"https:\/\/gradido.net\/de\/","name":"Gradido","description":"Novou menou je v\u010fa\u010dnos\u0165","publisher":{"@id":"https:\/\/gradido.net\/de\/#organization"},"potentialAction":[{"@type":"SearchAction","target":{"@type":"EntryPoint","urlTemplate":"https:\/\/gradido.net\/de\/?s={search_term_string}"},"query-input":{"@type":"PropertyValueSpecification","valueRequired":true,"valueName":"search_term_string"}}],"inLanguage":"sk-SK"},{"@type":"Organization","@id":"https:\/\/gradido.net\/de\/#organization","name":"Gradido","url":"https:\/\/gradido.net\/de\/","logo":{"@type":"ImageObject","inLanguage":"sk-SK","@id":"https:\/\/gradido.net\/de\/#\/schema\/logo\/image\/","url":"https:\/\/gradido.net\/wp-content\/uploads\/2022\/04\/gradido-social.jpg","contentUrl":"https:\/\/gradido.net\/wp-content\/uploads\/2022\/04\/gradido-social.jpg","width":527,"height":273,"caption":"Gradido"},"image":{"@id":"https:\/\/gradido.net\/de\/#\/schema\/logo\/image\/"}},{"@type":"Person","@id":"https:\/\/gradido.net\/de\/#\/schema\/person\/9c503a004ad15a1ddecadce2218db5d1","name":"Bernd H\u00fcckst\u00e4dt","sameAs":["https:\/\/gradido.net"],"url":"https:\/\/gradido.net\/sk\/author\/bernd\/"}]}},"_links":{"self":[{"href":"https:\/\/gradido.net\/sk\/wp-json\/wp\/v2\/posts\/2978","targetHints":{"allow":["GET"]}}],"collection":[{"href":"https:\/\/gradido.net\/sk\/wp-json\/wp\/v2\/posts"}],"about":[{"href":"https:\/\/gradido.net\/sk\/wp-json\/wp\/v2\/types\/post"}],"author":[{"embeddable":true,"href":"https:\/\/gradido.net\/sk\/wp-json\/wp\/v2\/users\/2"}],"replies":[{"embeddable":true,"href":"https:\/\/gradido.net\/sk\/wp-json\/wp\/v2\/comments?post=2978"}],"version-history":[{"count":10,"href":"https:\/\/gradido.net\/sk\/wp-json\/wp\/v2\/posts\/2978\/revisions"}],"predecessor-version":[{"id":3778,"href":"https:\/\/gradido.net\/sk\/wp-json\/wp\/v2\/posts\/2978\/revisions\/3778"}],"wp:featuredmedia":[{"embeddable":true,"href":"https:\/\/gradido.net\/sk\/wp-json\/wp\/v2\/media\/2977"}],"wp:attachment":[{"href":"https:\/\/gradido.net\/sk\/wp-json\/wp\/v2\/media?parent=2978"}],"wp:term":[{"taxonomy":"category","embeddable":true,"href":"https:\/\/gradido.net\/sk\/wp-json\/wp\/v2\/categories?post=2978"},{"taxonomy":"post_tag","embeddable":true,"href":"https:\/\/gradido.net\/sk\/wp-json\/wp\/v2\/tags?post=2978"}],"curies":[{"name":"wp","href":"https:\/\/api.w.org\/{rel}","templated":true}]}}