{"id":3291,"date":"2021-10-16T09:00:44","date_gmt":"2021-10-16T07:00:44","guid":{"rendered":"https:\/\/gradido.net\/?p=3291"},"modified":"2021-10-16T11:31:52","modified_gmt":"2021-10-16T09:31:52","slug":"episode-30","status":"publish","type":"post","link":"https:\/\/gradido.net\/sk\/episode-30\/","title":{"rendered":"Skvel\u00e1 spolupr\u00e1ca: podporn\u00e9 \u0161trukt\u00fary pre zdrav\u00fd svet"},"content":{"rendered":"<div data-elementor-type=\"wp-post\" data-elementor-id=\"3291\" class=\"elementor elementor-3291\" data-elementor-post-type=\"post\">\n\t\t\t\t\t\t<section class=\"elementor-section elementor-top-section elementor-element elementor-element-496e1d53 elementor-section-boxed elementor-section-height-default elementor-section-height-default\" data-id=\"496e1d53\" data-element_type=\"section\" data-e-type=\"section\">\n\t\t\t\t\t\t<div class=\"elementor-container elementor-column-gap-default\">\n\t\t\t\t\t<div class=\"elementor-column elementor-col-100 elementor-top-column elementor-element elementor-element-461d7be0\" data-id=\"461d7be0\" data-element_type=\"column\" data-e-type=\"column\">\n\t\t\t<div class=\"elementor-widget-wrap elementor-element-populated\">\n\t\t\t\t\t\t<div class=\"elementor-element elementor-element-cd9ebe2 elementor-widget elementor-widget-text-editor\" data-id=\"cd9ebe2\" data-element_type=\"widget\" data-e-type=\"widget\" data-widget_type=\"text-editor.default\">\n\t\t\t\t<div class=\"elementor-widget-container\">\n\t\t\t\t\t\t\t\t\t<h2>Hos\u0165: Michael Bubendorf<\/h2>\t\t\t\t\t\t\t\t<\/div>\n\t\t\t\t<\/div>\n\t\t\t\t\t<\/div>\n\t\t<\/div>\n\t\t\t\t\t<\/div>\n\t\t<\/section>\n\t\t\t\t<section class=\"elementor-section elementor-top-section elementor-element elementor-element-2f93e3c3 elementor-section-boxed elementor-section-height-default elementor-section-height-default\" data-id=\"2f93e3c3\" data-element_type=\"section\" data-e-type=\"section\">\n\t\t\t\t\t\t<div class=\"elementor-container elementor-column-gap-default\">\n\t\t\t\t\t<div class=\"elementor-column elementor-col-100 elementor-top-column elementor-element elementor-element-5a9dfd19\" data-id=\"5a9dfd19\" data-element_type=\"column\" data-e-type=\"column\">\n\t\t\t<div class=\"elementor-widget-wrap elementor-element-populated\">\n\t\t\t\t\t\t<div class=\"elementor-element elementor-element-9cdb6b8 elementor-widget elementor-widget-html\" data-id=\"9cdb6b8\" data-element_type=\"widget\" data-e-type=\"widget\" data-widget_type=\"html.default\">\n\t\t\t\t<div class=\"elementor-widget-container\">\n\t\t\t\t\t<script class=\"podigee-podcast-player\" src=\"https:\/\/player.podigee-cdn.net\/podcast-player\/javascripts\/podigee-podcast-player.js\" data-configuration=\"https:\/\/gradido.podigee.io\/30-neue-episode\/embed?context=external&token=yLSX3NG43OpvJlpORQSuKw\"><\/script>\t\t\t\t<\/div>\n\t\t\t\t<\/div>\n\t\t\t\t\t<\/div>\n\t\t<\/div>\n\t\t\t\t\t<\/div>\n\t\t<\/section>\n\t\t\t\t<section class=\"elementor-section elementor-top-section elementor-element elementor-element-585c640 elementor-section-boxed elementor-section-height-default elementor-section-height-default\" data-id=\"585c640\" data-element_type=\"section\" data-e-type=\"section\">\n\t\t\t\t\t\t<div class=\"elementor-container elementor-column-gap-default\">\n\t\t\t\t\t<div class=\"elementor-column elementor-col-50 elementor-top-column elementor-element elementor-element-13c250b\" data-id=\"13c250b\" data-element_type=\"column\" data-e-type=\"column\">\n\t\t\t<div class=\"elementor-widget-wrap elementor-element-populated\">\n\t\t\t\t\t\t<div class=\"elementor-element elementor-element-0561949 elementor-widget elementor-widget-text-editor\" data-id=\"0561949\" data-element_type=\"widget\" data-e-type=\"widget\" data-widget_type=\"text-editor.default\">\n\t\t\t\t<div class=\"elementor-widget-container\">\n\t\t\t\t\t\t\t\t\t<p>Politika a ve\u013ek\u00e9 korpor\u00e1cie s obrovskou vervou presadzuj\u00fa globaliz\u00e1ciu. V\u00fdroba nespo\u010detn\u00e9ho mno\u017estva tovaru sa presunula do \u00c1zie. N\u00e1sledne sa ve\u013ek\u00e1 \u010das\u0165 z nich prepravuje na predaj cez pol sveta. Najm\u00e4 v s\u00fa\u010dasnej kr\u00edze vid\u00edme, ako glob\u00e1lne dod\u00e1vate\u013esk\u00e9 re\u0165azce zaznamen\u00e1vaj\u00fa \u010doraz v\u00e4\u010d\u0161ie oneskorenia alebo dokonca \u00faplne zlyh\u00e1vaj\u00fa. A\u017e potom si v\u0161imneme z\u00e1vislos\u0165 od vonkaj\u0161ieho prostredia, preto\u017ee mnoh\u00e9 tovary u\u017e nedok\u00e1\u017eeme vyrobi\u0165 sami. Mnoh\u00ed \u013eudia chc\u00fa upusti\u0165 od anonymnej globaliz\u00e1cie a vr\u00e1ti\u0165 sa k region\u00e1lnosti. V s\u00favislosti s obmedzeniami, ktor\u00e9 zaviedli opatrenia Corony, sa objavuje t\u00fa\u017eba \u017ei\u0165 nez\u00e1vislej\u0161ie, samostatnej\u0161ie a zodpovednej\u0161ie. Z tohto rast\u00faceho hnutia sa formuje nov\u00e9 povedomie o podporn\u00fdch \u0161trukt\u00farach s oh\u013eadom na \u013eudsk\u00fa bud\u00facnos\u0165.<\/p><p>Na\u0161\u00edm dne\u0161n\u00fdm hos\u0165om je Michael Bubendorf. Celon\u00e1rodne sa presl\u00e1vil ako \u010dlen spr\u00e1vnej rady \u0161vaj\u010diarskeho hnutia za ob\u010dianske pr\u00e1va \"Priatelia \u00fastavy\". Michael bol hos\u0165om najzn\u00e1mej\u0161ej \u0161vaj\u010diarskej politickej rel\u00e1cie vo verejnopr\u00e1vnej telev\u00edzii, kde zastupoval slobodu a sebaur\u010denie \u013eud\u00ed pred vl\u00e1dou. Michael Bubendorf je riadite\u013eom \u0161vaj\u010diarskej spolo\u010dnosti pre n\u00e1morn\u00fa prepravu.<\/p><p>V\u013eavo:<br \/><a href=\"https:\/\/verfassungsfreunde.ch\/de\/\">https:\/\/verfassungsfreunde.ch\/de\/<\/a><br \/><a href=\"https:\/\/www.ozean.ch\/\">https:\/\/www.ozean.ch\/<\/a><br \/><a href=\"https:\/\/www.linkedin.com\/in\/michael-bubendorf-462208a1\">https:\/\/www.linkedin.com\/in\/michael-bubendorf-462208a1<\/a><\/p>\t\t\t\t\t\t\t\t<\/div>\n\t\t\t\t<\/div>\n\t\t\t\t\t<\/div>\n\t\t<\/div>\n\t\t\t\t<div class=\"elementor-column elementor-col-50 elementor-top-column elementor-element elementor-element-e0d795e\" data-id=\"e0d795e\" data-element_type=\"column\" data-e-type=\"column\">\n\t\t\t<div class=\"elementor-widget-wrap elementor-element-populated\">\n\t\t\t\t\t\t<div class=\"elementor-element elementor-element-8c61bad elementor-widget elementor-widget-image\" data-id=\"8c61bad\" data-element_type=\"widget\" data-e-type=\"widget\" data-widget_type=\"image.default\">\n\t\t\t\t<div class=\"elementor-widget-container\">\n\t\t\t\t\t\t\t\t\t\t\t\t\t\t\t<img fetchpriority=\"high\" decoding=\"async\" width=\"800\" height=\"800\" src=\"https:\/\/gradido.net\/wp-content\/uploads\/2021\/09\/gradido_podcast_bubendorf-1024x1024.jpg\" class=\"attachment-large size-large wp-image-3238\" alt=\"\" srcset=\"https:\/\/gradido.net\/wp-content\/uploads\/2021\/09\/gradido_podcast_bubendorf-1024x1024.jpg 1024w, https:\/\/gradido.net\/wp-content\/uploads\/2021\/09\/gradido_podcast_bubendorf-300x300.jpg 300w, https:\/\/gradido.net\/wp-content\/uploads\/2021\/09\/gradido_podcast_bubendorf-150x150.jpg 150w, https:\/\/gradido.net\/wp-content\/uploads\/2021\/09\/gradido_podcast_bubendorf-768x768.jpg 768w, https:\/\/gradido.net\/wp-content\/uploads\/2021\/09\/gradido_podcast_bubendorf-12x12.jpg 12w, https:\/\/gradido.net\/wp-content\/uploads\/2021\/09\/gradido_podcast_bubendorf.jpg 1400w\" sizes=\"(max-width: 800px) 100vw, 800px\" \/>\t\t\t\t\t\t\t\t\t\t\t\t\t\t\t<\/div>\n\t\t\t\t<\/div>\n\t\t\t\t<div class=\"elementor-element elementor-element-ceab137 elementor-widget elementor-widget-text-editor\" data-id=\"ceab137\" data-element_type=\"widget\" data-e-type=\"widget\" data-widget_type=\"text-editor.default\">\n\t\t\t\t<div class=\"elementor-widget-container\">\n\t\t\t\t\t\t\t\t\t<p><a href=\"https:\/\/youtu.be\/t9ndmVckaOM\" target=\"_blank\" rel=\"noopener\">Po\u010d\u00favajte na YouTube<\/a><\/p>\t\t\t\t\t\t\t\t<\/div>\n\t\t\t\t<\/div>\n\t\t\t\t\t<\/div>\n\t\t<\/div>\n\t\t\t\t\t<\/div>\n\t\t<\/section>\n\t\t\t\t<section class=\"elementor-section elementor-top-section elementor-element elementor-element-d051609 elementor-section-boxed elementor-section-height-default elementor-section-height-default\" data-id=\"d051609\" data-element_type=\"section\" data-e-type=\"section\">\n\t\t\t\t\t\t<div class=\"elementor-container elementor-column-gap-default\">\n\t\t\t\t\t<div class=\"elementor-column elementor-col-100 elementor-top-column elementor-element elementor-element-13cc168\" data-id=\"13cc168\" data-element_type=\"column\" data-e-type=\"column\">\n\t\t\t<div class=\"elementor-widget-wrap elementor-element-populated\">\n\t\t\t\t\t\t<div class=\"elementor-element elementor-element-b43b3ee elementor-widget elementor-widget-heading\" data-id=\"b43b3ee\" data-element_type=\"widget\" data-e-type=\"widget\" data-widget_type=\"heading.default\">\n\t\t\t\t<div class=\"elementor-widget-container\">\n\t\t\t\t\t<h2 class=\"elementor-heading-title elementor-size-default\">Prepis ( automaticky prelo\u017een\u00e9)<\/h2>\t\t\t\t<\/div>\n\t\t\t\t<\/div>\n\t\t\t\t\t<\/div>\n\t\t<\/div>\n\t\t\t\t\t<\/div>\n\t\t<\/section>\n\t\t\t\t<section class=\"elementor-section elementor-top-section elementor-element elementor-element-474427c elementor-section-boxed elementor-section-height-default elementor-section-height-default\" data-id=\"474427c\" data-element_type=\"section\" data-e-type=\"section\">\n\t\t\t\t\t\t<div class=\"elementor-container elementor-column-gap-default\">\n\t\t\t\t\t<div class=\"elementor-column elementor-col-100 elementor-top-column elementor-element elementor-element-6041f12\" data-id=\"6041f12\" data-element_type=\"column\" data-e-type=\"column\">\n\t\t\t<div class=\"elementor-widget-wrap elementor-element-populated\">\n\t\t\t\t\t\t\t<\/div>\n\t\t<\/div>\n\t\t\t\t\t<\/div>\n\t\t<\/section>\n\t\t\t\t<\/div>","protected":false},"excerpt":{"rendered":"<p>Die immer heftigeren St\u00f6rungen der globalen Lieferketten f\u00fchren uns unsere Abh\u00e4ngigkeit von au\u00dfen vor Augen. Die Menschen w\u00fcnschen sich mehr denn je regionale Selbstbestimmung und Unabh\u00e4ngigkeit. \u00dcber die daf\u00fcr n\u00f6tigen neuen Strukturen sprechen wir mit dem Unternehmer Michael Bubendorf [01:03:27]<\/p>\n","protected":false},"author":12,"featured_media":3239,"comment_status":"closed","ping_status":"closed","sticky":false,"template":"","format":"standard","meta":{"footnotes":""},"categories":[19],"tags":[16],"class_list":["post-3291","post","type-post","status-publish","format-standard","has-post-thumbnail","hentry","category-podcast","tag-grundeinkommen"],"yoast_head":"<!-- This site is optimized with the Yoast SEO plugin v27.5 - https:\/\/yoast.com\/product\/yoast-seo-wordpress\/ -->\n<title>Great Cooperation: tragende Strukturen f\u00fcr eine gesunde Welt - Gradido<\/title>\n<meta name=\"robots\" content=\"index, follow, max-snippet:-1, max-image-preview:large, max-video-preview:-1\" \/>\n<link rel=\"canonical\" href=\"https:\/\/gradido.net\/sk\/episode-30\/\" \/>\n<meta property=\"og:locale\" content=\"sk_SK\" \/>\n<meta property=\"og:type\" content=\"article\" \/>\n<meta property=\"og:title\" content=\"Great Cooperation: tragende Strukturen f\u00fcr eine gesunde Welt - Gradido\" \/>\n<meta property=\"og:description\" content=\"Die immer heftigeren St\u00f6rungen der globalen Lieferketten f\u00fchren uns unsere Abh\u00e4ngigkeit von au\u00dfen vor Augen. Die Menschen w\u00fcnschen sich mehr denn je regionale Selbstbestimmung und Unabh\u00e4ngigkeit. \u00dcber die daf\u00fcr n\u00f6tigen neuen Strukturen sprechen wir mit dem Unternehmer Michael Bubendorf [01:03:27]\" \/>\n<meta property=\"og:url\" content=\"https:\/\/gradido.net\/sk\/episode-30\/\" \/>\n<meta property=\"og:site_name\" content=\"Gradido\" \/>\n<meta property=\"article:published_time\" content=\"2021-10-16T07:00:44+00:00\" \/>\n<meta property=\"article:modified_time\" content=\"2021-10-16T09:31:52+00:00\" \/>\n<meta property=\"og:image\" content=\"https:\/\/gradido.net\/wp-content\/uploads\/2021\/09\/podcast_www_bubendorf.jpg\" \/>\n\t<meta property=\"og:image:width\" content=\"700\" \/>\n\t<meta property=\"og:image:height\" content=\"475\" \/>\n\t<meta property=\"og:image:type\" content=\"image\/jpeg\" \/>\n<meta name=\"author\" content=\"Philipp Kessler\" \/>\n<meta name=\"twitter:card\" content=\"summary_large_image\" \/>\n<meta name=\"twitter:label1\" content=\"Autor\" \/>\n\t<meta name=\"twitter:data1\" content=\"Philipp Kessler\" \/>\n\t<meta name=\"twitter:label2\" content=\"Predpokladan\u00fd \u010das \u010d\u00edtania\" \/>\n\t<meta name=\"twitter:data2\" content=\"1 min\u00fata\" \/>\n<script type=\"application\/ld+json\" class=\"yoast-schema-graph\">{\"@context\":\"https:\\\/\\\/schema.org\",\"@graph\":[{\"@type\":\"Article\",\"@id\":\"https:\\\/\\\/gradido.net\\\/da\\\/episode-30\\\/#article\",\"isPartOf\":{\"@id\":\"https:\\\/\\\/gradido.net\\\/da\\\/episode-30\\\/\"},\"author\":{\"name\":\"Philipp Kessler\",\"@id\":\"https:\\\/\\\/gradido.net\\\/de\\\/#\\\/schema\\\/person\\\/f57399104ec77f2a2d5a68f479b0492f\"},\"headline\":\"Great Cooperation: tragende Strukturen f\u00fcr eine gesunde Welt\",\"datePublished\":\"2021-10-16T07:00:44+00:00\",\"dateModified\":\"2021-10-16T09:31:52+00:00\",\"mainEntityOfPage\":{\"@id\":\"https:\\\/\\\/gradido.net\\\/da\\\/episode-30\\\/\"},\"wordCount\":220,\"publisher\":{\"@id\":\"https:\\\/\\\/gradido.net\\\/de\\\/#organization\"},\"image\":{\"@id\":\"https:\\\/\\\/gradido.net\\\/da\\\/episode-30\\\/#primaryimage\"},\"thumbnailUrl\":\"https:\\\/\\\/gradido.net\\\/wp-content\\\/uploads\\\/2021\\\/09\\\/podcast_www_bubendorf.jpg\",\"keywords\":[\"Grundeinkommen\"],\"articleSection\":[\"Podcast\"],\"inLanguage\":\"sk-SK\"},{\"@type\":\"WebPage\",\"@id\":\"https:\\\/\\\/gradido.net\\\/da\\\/episode-30\\\/\",\"url\":\"https:\\\/\\\/gradido.net\\\/da\\\/episode-30\\\/\",\"name\":\"Great Cooperation: tragende Strukturen f\u00fcr eine gesunde Welt - Gradido\",\"isPartOf\":{\"@id\":\"https:\\\/\\\/gradido.net\\\/de\\\/#website\"},\"primaryImageOfPage\":{\"@id\":\"https:\\\/\\\/gradido.net\\\/da\\\/episode-30\\\/#primaryimage\"},\"image\":{\"@id\":\"https:\\\/\\\/gradido.net\\\/da\\\/episode-30\\\/#primaryimage\"},\"thumbnailUrl\":\"https:\\\/\\\/gradido.net\\\/wp-content\\\/uploads\\\/2021\\\/09\\\/podcast_www_bubendorf.jpg\",\"datePublished\":\"2021-10-16T07:00:44+00:00\",\"dateModified\":\"2021-10-16T09:31:52+00:00\",\"breadcrumb\":{\"@id\":\"https:\\\/\\\/gradido.net\\\/da\\\/episode-30\\\/#breadcrumb\"},\"inLanguage\":\"sk-SK\",\"potentialAction\":[{\"@type\":\"ReadAction\",\"target\":[\"https:\\\/\\\/gradido.net\\\/da\\\/episode-30\\\/\"]}]},{\"@type\":\"ImageObject\",\"inLanguage\":\"sk-SK\",\"@id\":\"https:\\\/\\\/gradido.net\\\/da\\\/episode-30\\\/#primaryimage\",\"url\":\"https:\\\/\\\/gradido.net\\\/wp-content\\\/uploads\\\/2021\\\/09\\\/podcast_www_bubendorf.jpg\",\"contentUrl\":\"https:\\\/\\\/gradido.net\\\/wp-content\\\/uploads\\\/2021\\\/09\\\/podcast_www_bubendorf.jpg\",\"width\":700,\"height\":475},{\"@type\":\"BreadcrumbList\",\"@id\":\"https:\\\/\\\/gradido.net\\\/da\\\/episode-30\\\/#breadcrumb\",\"itemListElement\":[{\"@type\":\"ListItem\",\"position\":1,\"name\":\"Startseite\",\"item\":\"https:\\\/\\\/gradido.net\\\/\"},{\"@type\":\"ListItem\",\"position\":2,\"name\":\"Great Cooperation: tragende Strukturen f\u00fcr eine gesunde Welt\"}]},{\"@type\":\"WebSite\",\"@id\":\"https:\\\/\\\/gradido.net\\\/de\\\/#website\",\"url\":\"https:\\\/\\\/gradido.net\\\/de\\\/\",\"name\":\"Gradido\",\"description\":\"Die neue W\u00e4hrung hei\u00dft Dankbarkeit\",\"publisher\":{\"@id\":\"https:\\\/\\\/gradido.net\\\/de\\\/#organization\"},\"potentialAction\":[{\"@type\":\"SearchAction\",\"target\":{\"@type\":\"EntryPoint\",\"urlTemplate\":\"https:\\\/\\\/gradido.net\\\/de\\\/?s={search_term_string}\"},\"query-input\":{\"@type\":\"PropertyValueSpecification\",\"valueRequired\":true,\"valueName\":\"search_term_string\"}}],\"inLanguage\":\"sk-SK\"},{\"@type\":\"Organization\",\"@id\":\"https:\\\/\\\/gradido.net\\\/de\\\/#organization\",\"name\":\"Gradido\",\"url\":\"https:\\\/\\\/gradido.net\\\/de\\\/\",\"logo\":{\"@type\":\"ImageObject\",\"inLanguage\":\"sk-SK\",\"@id\":\"https:\\\/\\\/gradido.net\\\/de\\\/#\\\/schema\\\/logo\\\/image\\\/\",\"url\":\"https:\\\/\\\/gradido.net\\\/wp-content\\\/uploads\\\/2022\\\/04\\\/gradido-social.jpg\",\"contentUrl\":\"https:\\\/\\\/gradido.net\\\/wp-content\\\/uploads\\\/2022\\\/04\\\/gradido-social.jpg\",\"width\":527,\"height\":273,\"caption\":\"Gradido\"},\"image\":{\"@id\":\"https:\\\/\\\/gradido.net\\\/de\\\/#\\\/schema\\\/logo\\\/image\\\/\"}},{\"@type\":\"Person\",\"@id\":\"https:\\\/\\\/gradido.net\\\/de\\\/#\\\/schema\\\/person\\\/f57399104ec77f2a2d5a68f479b0492f\",\"name\":\"Philipp Kessler\",\"url\":\"https:\\\/\\\/gradido.net\\\/sk\\\/author\\\/philipp\\\/\"}]}<\/script>\n<!-- \/ Yoast SEO plugin. -->","yoast_head_json":{"title":"Skvel\u00e1 spolupr\u00e1ca: podporn\u00e9 \u0161trukt\u00fary pre zdrav\u00fd svet - Gradido","robots":{"index":"index","follow":"follow","max-snippet":"max-snippet:-1","max-image-preview":"max-image-preview:large","max-video-preview":"max-video-preview:-1"},"canonical":"https:\/\/gradido.net\/sk\/episode-30\/","og_locale":"sk_SK","og_type":"article","og_title":"Great Cooperation: tragende Strukturen f\u00fcr eine gesunde Welt - Gradido","og_description":"Die immer heftigeren St\u00f6rungen der globalen Lieferketten f\u00fchren uns unsere Abh\u00e4ngigkeit von au\u00dfen vor Augen. Die Menschen w\u00fcnschen sich mehr denn je regionale Selbstbestimmung und Unabh\u00e4ngigkeit. \u00dcber die daf\u00fcr n\u00f6tigen neuen Strukturen sprechen wir mit dem Unternehmer Michael Bubendorf [01:03:27]","og_url":"https:\/\/gradido.net\/sk\/episode-30\/","og_site_name":"Gradido","article_published_time":"2021-10-16T07:00:44+00:00","article_modified_time":"2021-10-16T09:31:52+00:00","og_image":[{"width":700,"height":475,"url":"https:\/\/gradido.net\/wp-content\/uploads\/2021\/09\/podcast_www_bubendorf.jpg","type":"image\/jpeg"}],"author":"Philipp Kessler","twitter_card":"summary_large_image","twitter_misc":{"Autor":"Philipp Kessler","Predpokladan\u00fd \u010das \u010d\u00edtania":"1 min\u00fata"},"schema":{"@context":"https:\/\/schema.org","@graph":[{"@type":"Article","@id":"https:\/\/gradido.net\/da\/episode-30\/#article","isPartOf":{"@id":"https:\/\/gradido.net\/da\/episode-30\/"},"author":{"name":"Philipp Kessler","@id":"https:\/\/gradido.net\/de\/#\/schema\/person\/f57399104ec77f2a2d5a68f479b0492f"},"headline":"Great Cooperation: tragende Strukturen f\u00fcr eine gesunde Welt","datePublished":"2021-10-16T07:00:44+00:00","dateModified":"2021-10-16T09:31:52+00:00","mainEntityOfPage":{"@id":"https:\/\/gradido.net\/da\/episode-30\/"},"wordCount":220,"publisher":{"@id":"https:\/\/gradido.net\/de\/#organization"},"image":{"@id":"https:\/\/gradido.net\/da\/episode-30\/#primaryimage"},"thumbnailUrl":"https:\/\/gradido.net\/wp-content\/uploads\/2021\/09\/podcast_www_bubendorf.jpg","keywords":["Grundeinkommen"],"articleSection":["Podcast"],"inLanguage":"sk-SK"},{"@type":"WebPage","@id":"https:\/\/gradido.net\/da\/episode-30\/","url":"https:\/\/gradido.net\/da\/episode-30\/","name":"Skvel\u00e1 spolupr\u00e1ca: podporn\u00e9 \u0161trukt\u00fary pre zdrav\u00fd svet - Gradido","isPartOf":{"@id":"https:\/\/gradido.net\/de\/#website"},"primaryImageOfPage":{"@id":"https:\/\/gradido.net\/da\/episode-30\/#primaryimage"},"image":{"@id":"https:\/\/gradido.net\/da\/episode-30\/#primaryimage"},"thumbnailUrl":"https:\/\/gradido.net\/wp-content\/uploads\/2021\/09\/podcast_www_bubendorf.jpg","datePublished":"2021-10-16T07:00:44+00:00","dateModified":"2021-10-16T09:31:52+00:00","breadcrumb":{"@id":"https:\/\/gradido.net\/da\/episode-30\/#breadcrumb"},"inLanguage":"sk-SK","potentialAction":[{"@type":"ReadAction","target":["https:\/\/gradido.net\/da\/episode-30\/"]}]},{"@type":"ImageObject","inLanguage":"sk-SK","@id":"https:\/\/gradido.net\/da\/episode-30\/#primaryimage","url":"https:\/\/gradido.net\/wp-content\/uploads\/2021\/09\/podcast_www_bubendorf.jpg","contentUrl":"https:\/\/gradido.net\/wp-content\/uploads\/2021\/09\/podcast_www_bubendorf.jpg","width":700,"height":475},{"@type":"BreadcrumbList","@id":"https:\/\/gradido.net\/da\/episode-30\/#breadcrumb","itemListElement":[{"@type":"ListItem","position":1,"name":"Startseite","item":"https:\/\/gradido.net\/"},{"@type":"ListItem","position":2,"name":"Great Cooperation: tragende Strukturen f\u00fcr eine gesunde Welt"}]},{"@type":"WebSite","@id":"https:\/\/gradido.net\/de\/#website","url":"https:\/\/gradido.net\/de\/","name":"Gradido","description":"Novou menou je v\u010fa\u010dnos\u0165","publisher":{"@id":"https:\/\/gradido.net\/de\/#organization"},"potentialAction":[{"@type":"SearchAction","target":{"@type":"EntryPoint","urlTemplate":"https:\/\/gradido.net\/de\/?s={search_term_string}"},"query-input":{"@type":"PropertyValueSpecification","valueRequired":true,"valueName":"search_term_string"}}],"inLanguage":"sk-SK"},{"@type":"Organization","@id":"https:\/\/gradido.net\/de\/#organization","name":"Gradido","url":"https:\/\/gradido.net\/de\/","logo":{"@type":"ImageObject","inLanguage":"sk-SK","@id":"https:\/\/gradido.net\/de\/#\/schema\/logo\/image\/","url":"https:\/\/gradido.net\/wp-content\/uploads\/2022\/04\/gradido-social.jpg","contentUrl":"https:\/\/gradido.net\/wp-content\/uploads\/2022\/04\/gradido-social.jpg","width":527,"height":273,"caption":"Gradido"},"image":{"@id":"https:\/\/gradido.net\/de\/#\/schema\/logo\/image\/"}},{"@type":"Person","@id":"https:\/\/gradido.net\/de\/#\/schema\/person\/f57399104ec77f2a2d5a68f479b0492f","name":"Philipp Kessler","url":"https:\/\/gradido.net\/sk\/author\/philipp\/"}]}},"_links":{"self":[{"href":"https:\/\/gradido.net\/sk\/wp-json\/wp\/v2\/posts\/3291","targetHints":{"allow":["GET"]}}],"collection":[{"href":"https:\/\/gradido.net\/sk\/wp-json\/wp\/v2\/posts"}],"about":[{"href":"https:\/\/gradido.net\/sk\/wp-json\/wp\/v2\/types\/post"}],"author":[{"embeddable":true,"href":"https:\/\/gradido.net\/sk\/wp-json\/wp\/v2\/users\/12"}],"replies":[{"embeddable":true,"href":"https:\/\/gradido.net\/sk\/wp-json\/wp\/v2\/comments?post=3291"}],"version-history":[{"count":5,"href":"https:\/\/gradido.net\/sk\/wp-json\/wp\/v2\/posts\/3291\/revisions"}],"predecessor-version":[{"id":3296,"href":"https:\/\/gradido.net\/sk\/wp-json\/wp\/v2\/posts\/3291\/revisions\/3296"}],"wp:featuredmedia":[{"embeddable":true,"href":"https:\/\/gradido.net\/sk\/wp-json\/wp\/v2\/media\/3239"}],"wp:attachment":[{"href":"https:\/\/gradido.net\/sk\/wp-json\/wp\/v2\/media?parent=3291"}],"wp:term":[{"taxonomy":"category","embeddable":true,"href":"https:\/\/gradido.net\/sk\/wp-json\/wp\/v2\/categories?post=3291"},{"taxonomy":"post_tag","embeddable":true,"href":"https:\/\/gradido.net\/sk\/wp-json\/wp\/v2\/tags?post=3291"}],"curies":[{"name":"wp","href":"https:\/\/api.w.org\/{rel}","templated":true}]}}