{"id":3691,"date":"2021-12-11T08:45:31","date_gmt":"2021-12-11T07:45:31","guid":{"rendered":"https:\/\/gradido.net\/?p=3691"},"modified":"2021-12-08T09:33:44","modified_gmt":"2021-12-08T08:33:44","slug":"episode-34","status":"publish","type":"post","link":"https:\/\/gradido.net\/sk\/episode-34\/","title":{"rendered":"Skvel\u00e1 spolupr\u00e1ca: spolo\u010dne tvor\u00edme bud\u00facnos\u0165"},"content":{"rendered":"<div data-elementor-type=\"wp-post\" data-elementor-id=\"3691\" class=\"elementor elementor-3691\" data-elementor-post-type=\"post\">\n\t\t\t\t\t\t<section class=\"elementor-section elementor-top-section elementor-element elementor-element-496e1d53 elementor-section-boxed elementor-section-height-default elementor-section-height-default\" data-id=\"496e1d53\" data-element_type=\"section\" data-e-type=\"section\">\n\t\t\t\t\t\t<div class=\"elementor-container elementor-column-gap-default\">\n\t\t\t\t\t<div class=\"elementor-column elementor-col-100 elementor-top-column elementor-element elementor-element-461d7be0\" data-id=\"461d7be0\" data-element_type=\"column\" data-e-type=\"column\">\n\t\t\t<div class=\"elementor-widget-wrap elementor-element-populated\">\n\t\t\t\t\t\t<div class=\"elementor-element elementor-element-cd9ebe2 elementor-widget elementor-widget-text-editor\" data-id=\"cd9ebe2\" data-element_type=\"widget\" data-e-type=\"widget\" data-widget_type=\"text-editor.default\">\n\t\t\t\t<div class=\"elementor-widget-container\">\n\t\t\t\t\t\t\t\t\t<h2>Hos\u0165: Matthias Horx<\/h2>\t\t\t\t\t\t\t\t<\/div>\n\t\t\t\t<\/div>\n\t\t\t\t\t<\/div>\n\t\t<\/div>\n\t\t\t\t\t<\/div>\n\t\t<\/section>\n\t\t\t\t<section class=\"elementor-section elementor-top-section elementor-element elementor-element-2f93e3c3 elementor-section-boxed elementor-section-height-default elementor-section-height-default\" data-id=\"2f93e3c3\" data-element_type=\"section\" data-e-type=\"section\">\n\t\t\t\t\t\t<div class=\"elementor-container elementor-column-gap-default\">\n\t\t\t\t\t<div class=\"elementor-column elementor-col-100 elementor-top-column elementor-element elementor-element-5a9dfd19\" data-id=\"5a9dfd19\" data-element_type=\"column\" data-e-type=\"column\">\n\t\t\t<div class=\"elementor-widget-wrap elementor-element-populated\">\n\t\t\t\t\t\t<div class=\"elementor-element elementor-element-9cdb6b8 elementor-widget elementor-widget-html\" data-id=\"9cdb6b8\" data-element_type=\"widget\" data-e-type=\"widget\" data-widget_type=\"html.default\">\n\t\t\t\t<div class=\"elementor-widget-container\">\n\t\t\t\t\t<script class=\"podigee-podcast-player\" src=\"https:\/\/player.podigee-cdn.net\/podcast-player\/javascripts\/podigee-podcast-player.js\" data-configuration=\"https:\/\/gradido.podigee.io\/34-neue-episode\/embed?context=external&token=AFz10b4GRAGCbAKDay6uDQ\"><\/script>\t\t\t\t<\/div>\n\t\t\t\t<\/div>\n\t\t\t\t\t<\/div>\n\t\t<\/div>\n\t\t\t\t\t<\/div>\n\t\t<\/section>\n\t\t\t\t<section class=\"elementor-section elementor-top-section elementor-element elementor-element-585c640 elementor-section-boxed elementor-section-height-default elementor-section-height-default\" data-id=\"585c640\" data-element_type=\"section\" data-e-type=\"section\">\n\t\t\t\t\t\t<div class=\"elementor-container elementor-column-gap-default\">\n\t\t\t\t\t<div class=\"elementor-column elementor-col-50 elementor-top-column elementor-element elementor-element-13c250b\" data-id=\"13c250b\" data-element_type=\"column\" data-e-type=\"column\">\n\t\t\t<div class=\"elementor-widget-wrap elementor-element-populated\">\n\t\t\t\t\t\t<div class=\"elementor-element elementor-element-0561949 elementor-widget elementor-widget-text-editor\" data-id=\"0561949\" data-element_type=\"widget\" data-e-type=\"widget\" data-widget_type=\"text-editor.default\">\n\t\t\t\t<div class=\"elementor-widget-container\">\n\t\t\t\t\t\t\t\t\t<p>Matthias Horx je zakladate\u013eom Zukunftsinstitutu vo Frankfurte. Je pova\u017eovan\u00fd za vplyvn\u00e9ho odborn\u00edka na trendy a futurol\u00f3giu, najm\u00e4 v oblasti soci\u00e1lnych, technologick\u00fdch, ekonomick\u00fdch a politick\u00fdch prevratov. Je presved\u010den\u00fd, \u017ee kr\u00edza Corona je drastickou pripomienkou toho, \u017ee u\u017e dlho pre\u017e\u00edvame kr\u00edzu prosperity. Prosperita, ktor\u00e1 nem\u00e1 in\u00fd smer ako neust\u00e1le \"viac\". V kr\u00edze sa v\u0161ak zrazu objav\u00ed t\u00fa\u017eba po lese, krajine, hlbok\u00fd hlad po machu a hviezdach. E\u0161te nikdy nebolo to\u013eko \u013eud\u00ed ochotn\u00fdch spolupracova\u0165 nov\u00fdm sp\u00f4sobom a znovuobjavi\u0165 svet. Vizion\u00e1r preto v s\u00fa\u010dasnosti vid\u00ed mimoriadne dobr\u00e9 pr\u00edle\u017eitosti na zmenu sveta k lep\u0161iemu.<\/p><p>Zukunftsinstitut bol zalo\u017een\u00fd v roku 1998 a od za\u010diatku zohr\u00e1val v\u00fdznamn\u00fa \u00falohu pri formovan\u00ed v\u00fdskumu trendov a futurol\u00f3gie v Nemecku. V s\u00fa\u010dasnosti je in\u0161tit\u00fat pova\u017eovan\u00fd za jeden z najvplyvnej\u0161\u00edch think tankov v oblasti eur\u00f3pskeho v\u00fdskumu trendov a futurol\u00f3gie a je hlavn\u00fdm zdrojom inform\u00e1ci\u00ed a in\u0161pir\u00e1cie pre v\u0161etk\u00fdch, ktor\u00ed prij\u00edmaj\u00fa rozhodnutia a myslia na bud\u00facnos\u0165.\u00a0<\/p><p>V\u013eavo:<br \/><a href=\"https:\/\/www.zukunftsinstitut.de\/ueber-uns\/\">https:\/\/www.zukunftsinstitut.de\/ueber-uns\/<\/a><br \/><a href=\"https:\/\/www.horx.com\/\">https:\/\/www.horx.com\/<\/a><\/p>\t\t\t\t\t\t\t\t<\/div>\n\t\t\t\t<\/div>\n\t\t\t\t\t<\/div>\n\t\t<\/div>\n\t\t\t\t<div class=\"elementor-column elementor-col-50 elementor-top-column elementor-element elementor-element-e0d795e\" data-id=\"e0d795e\" data-element_type=\"column\" data-e-type=\"column\">\n\t\t\t<div class=\"elementor-widget-wrap elementor-element-populated\">\n\t\t\t\t\t\t<div class=\"elementor-element elementor-element-8c61bad elementor-widget elementor-widget-image\" data-id=\"8c61bad\" data-element_type=\"widget\" data-e-type=\"widget\" data-widget_type=\"image.default\">\n\t\t\t\t<div class=\"elementor-widget-container\">\n\t\t\t\t\t\t\t\t\t\t\t\t\t\t\t<img fetchpriority=\"high\" decoding=\"async\" width=\"800\" height=\"800\" src=\"https:\/\/gradido.net\/wp-content\/uploads\/2021\/12\/gradido_podcast_horx-1024x1024.jpg\" class=\"attachment-large size-large wp-image-3684\" alt=\"\" srcset=\"https:\/\/gradido.net\/wp-content\/uploads\/2021\/12\/gradido_podcast_horx-1024x1024.jpg 1024w, https:\/\/gradido.net\/wp-content\/uploads\/2021\/12\/gradido_podcast_horx-300x300.jpg 300w, https:\/\/gradido.net\/wp-content\/uploads\/2021\/12\/gradido_podcast_horx-150x150.jpg 150w, https:\/\/gradido.net\/wp-content\/uploads\/2021\/12\/gradido_podcast_horx-768x768.jpg 768w, https:\/\/gradido.net\/wp-content\/uploads\/2021\/12\/gradido_podcast_horx-12x12.jpg 12w, https:\/\/gradido.net\/wp-content\/uploads\/2021\/12\/gradido_podcast_horx.jpg 1400w\" sizes=\"(max-width: 800px) 100vw, 800px\" \/>\t\t\t\t\t\t\t\t\t\t\t\t\t\t\t<\/div>\n\t\t\t\t<\/div>\n\t\t\t\t<div class=\"elementor-element elementor-element-ceab137 elementor-widget elementor-widget-text-editor\" data-id=\"ceab137\" data-element_type=\"widget\" data-e-type=\"widget\" data-widget_type=\"text-editor.default\">\n\t\t\t\t<div class=\"elementor-widget-container\">\n\t\t\t\t\t\t\t\t\t<p><a href=\"https:\/\/youtu.be\/xthAhy2bp0g\" target=\"_blank\" rel=\"noopener\">Po\u010d\u00favajte na YouTube<\/a><\/p>\t\t\t\t\t\t\t\t<\/div>\n\t\t\t\t<\/div>\n\t\t\t\t\t<\/div>\n\t\t<\/div>\n\t\t\t\t\t<\/div>\n\t\t<\/section>\n\t\t\t\t<section class=\"elementor-section elementor-top-section elementor-element elementor-element-d051609 elementor-section-boxed elementor-section-height-default elementor-section-height-default\" data-id=\"d051609\" data-element_type=\"section\" data-e-type=\"section\">\n\t\t\t\t\t\t<div class=\"elementor-container elementor-column-gap-default\">\n\t\t\t\t\t<div class=\"elementor-column elementor-col-100 elementor-top-column elementor-element elementor-element-13cc168\" data-id=\"13cc168\" data-element_type=\"column\" data-e-type=\"column\">\n\t\t\t<div class=\"elementor-widget-wrap elementor-element-populated\">\n\t\t\t\t\t\t<div class=\"elementor-element elementor-element-b43b3ee elementor-widget elementor-widget-heading\" data-id=\"b43b3ee\" data-element_type=\"widget\" data-e-type=\"widget\" data-widget_type=\"heading.default\">\n\t\t\t\t<div class=\"elementor-widget-container\">\n\t\t\t\t\t<h2 class=\"elementor-heading-title elementor-size-default\">Prepis (automaticky prelo\u017een\u00e9)<\/h2>\t\t\t\t<\/div>\n\t\t\t\t<\/div>\n\t\t\t\t\t<\/div>\n\t\t<\/div>\n\t\t\t\t\t<\/div>\n\t\t<\/section>\n\t\t\t\t<section class=\"elementor-section elementor-top-section elementor-element elementor-element-474427c elementor-section-boxed elementor-section-height-default elementor-section-height-default\" data-id=\"474427c\" data-element_type=\"section\" data-e-type=\"section\">\n\t\t\t\t\t\t<div class=\"elementor-container elementor-column-gap-default\">\n\t\t\t\t\t<div class=\"elementor-column elementor-col-100 elementor-top-column elementor-element elementor-element-6041f12\" data-id=\"6041f12\" data-element_type=\"column\" data-e-type=\"column\">\n\t\t\t<div class=\"elementor-widget-wrap elementor-element-populated\">\n\t\t\t\t\t\t\t<\/div>\n\t\t<\/div>\n\t\t\t\t\t<\/div>\n\t\t<\/section>\n\t\t\t\t<\/div>","protected":false},"excerpt":{"rendered":"<p>Matthias Horx ist Gr\u00fcnder des Zukunftsinstituts in Frankfurt. Er gilt als einflussreicher Trend- und Zukunftsforscher, insbesondere zu den Themen der sozialen, technologischen, \u00f6konomischen und politischen Umw\u00e4lzungen. Gegenw\u00e4rtig sieht der Vision\u00e4r besonders gute Chancen, die Welt zum Besseren zu ver\u00e4ndern [47:59]<\/p>\n","protected":false},"author":12,"featured_media":3685,"comment_status":"closed","ping_status":"closed","sticky":false,"template":"","format":"standard","meta":{"footnotes":""},"categories":[19],"tags":[16],"class_list":["post-3691","post","type-post","status-publish","format-standard","has-post-thumbnail","hentry","category-podcast","tag-grundeinkommen"],"yoast_head":"<!-- This site is optimized with the Yoast SEO plugin v27.5 - https:\/\/yoast.com\/product\/yoast-seo-wordpress\/ -->\n<title>Great Cooperation: gemeinsam die Zukunft gestalten - Gradido<\/title>\n<meta name=\"robots\" content=\"index, follow, max-snippet:-1, max-image-preview:large, max-video-preview:-1\" \/>\n<link rel=\"canonical\" href=\"https:\/\/gradido.net\/sk\/episode-34\/\" \/>\n<meta property=\"og:locale\" content=\"sk_SK\" \/>\n<meta property=\"og:type\" content=\"article\" \/>\n<meta property=\"og:title\" content=\"Great Cooperation: gemeinsam die Zukunft gestalten - Gradido\" \/>\n<meta property=\"og:description\" content=\"Matthias Horx ist Gr\u00fcnder des Zukunftsinstituts in Frankfurt. Er gilt als einflussreicher Trend- und Zukunftsforscher, insbesondere zu den Themen der sozialen, technologischen, \u00f6konomischen und politischen Umw\u00e4lzungen. Gegenw\u00e4rtig sieht der Vision\u00e4r besonders gute Chancen, die Welt zum Besseren zu ver\u00e4ndern [47:59]\" \/>\n<meta property=\"og:url\" content=\"https:\/\/gradido.net\/sk\/episode-34\/\" \/>\n<meta property=\"og:site_name\" content=\"Gradido\" \/>\n<meta property=\"article:published_time\" content=\"2021-12-11T07:45:31+00:00\" \/>\n<meta property=\"og:image\" content=\"https:\/\/gradido.net\/wp-content\/uploads\/2021\/12\/podcast_www_horx.jpg\" \/>\n\t<meta property=\"og:image:width\" content=\"700\" \/>\n\t<meta property=\"og:image:height\" content=\"475\" \/>\n\t<meta property=\"og:image:type\" content=\"image\/jpeg\" \/>\n<meta name=\"author\" content=\"Philipp Kessler\" \/>\n<meta name=\"twitter:card\" content=\"summary_large_image\" \/>\n<meta name=\"twitter:label1\" content=\"Autor\" \/>\n\t<meta name=\"twitter:data1\" content=\"Philipp Kessler\" \/>\n\t<meta name=\"twitter:label2\" content=\"Predpokladan\u00fd \u010das \u010d\u00edtania\" \/>\n\t<meta name=\"twitter:data2\" content=\"1 min\u00fata\" \/>\n<script type=\"application\/ld+json\" class=\"yoast-schema-graph\">{\"@context\":\"https:\\\/\\\/schema.org\",\"@graph\":[{\"@type\":\"Article\",\"@id\":\"https:\\\/\\\/gradido.net\\\/fi\\\/episode-34\\\/#article\",\"isPartOf\":{\"@id\":\"https:\\\/\\\/gradido.net\\\/fi\\\/episode-34\\\/\"},\"author\":{\"name\":\"Philipp Kessler\",\"@id\":\"https:\\\/\\\/gradido.net\\\/de\\\/#\\\/schema\\\/person\\\/f57399104ec77f2a2d5a68f479b0492f\"},\"headline\":\"Great Cooperation: gemeinsam die Zukunft gestalten\",\"datePublished\":\"2021-12-11T07:45:31+00:00\",\"mainEntityOfPage\":{\"@id\":\"https:\\\/\\\/gradido.net\\\/fi\\\/episode-34\\\/\"},\"wordCount\":189,\"publisher\":{\"@id\":\"https:\\\/\\\/gradido.net\\\/de\\\/#organization\"},\"image\":{\"@id\":\"https:\\\/\\\/gradido.net\\\/fi\\\/episode-34\\\/#primaryimage\"},\"thumbnailUrl\":\"https:\\\/\\\/gradido.net\\\/wp-content\\\/uploads\\\/2021\\\/12\\\/podcast_www_horx.jpg\",\"keywords\":[\"Grundeinkommen\"],\"articleSection\":[\"Podcast\"],\"inLanguage\":\"sk-SK\"},{\"@type\":\"WebPage\",\"@id\":\"https:\\\/\\\/gradido.net\\\/fi\\\/episode-34\\\/\",\"url\":\"https:\\\/\\\/gradido.net\\\/fi\\\/episode-34\\\/\",\"name\":\"Great Cooperation: gemeinsam die Zukunft gestalten - Gradido\",\"isPartOf\":{\"@id\":\"https:\\\/\\\/gradido.net\\\/de\\\/#website\"},\"primaryImageOfPage\":{\"@id\":\"https:\\\/\\\/gradido.net\\\/fi\\\/episode-34\\\/#primaryimage\"},\"image\":{\"@id\":\"https:\\\/\\\/gradido.net\\\/fi\\\/episode-34\\\/#primaryimage\"},\"thumbnailUrl\":\"https:\\\/\\\/gradido.net\\\/wp-content\\\/uploads\\\/2021\\\/12\\\/podcast_www_horx.jpg\",\"datePublished\":\"2021-12-11T07:45:31+00:00\",\"breadcrumb\":{\"@id\":\"https:\\\/\\\/gradido.net\\\/fi\\\/episode-34\\\/#breadcrumb\"},\"inLanguage\":\"sk-SK\",\"potentialAction\":[{\"@type\":\"ReadAction\",\"target\":[\"https:\\\/\\\/gradido.net\\\/fi\\\/episode-34\\\/\"]}]},{\"@type\":\"ImageObject\",\"inLanguage\":\"sk-SK\",\"@id\":\"https:\\\/\\\/gradido.net\\\/fi\\\/episode-34\\\/#primaryimage\",\"url\":\"https:\\\/\\\/gradido.net\\\/wp-content\\\/uploads\\\/2021\\\/12\\\/podcast_www_horx.jpg\",\"contentUrl\":\"https:\\\/\\\/gradido.net\\\/wp-content\\\/uploads\\\/2021\\\/12\\\/podcast_www_horx.jpg\",\"width\":700,\"height\":475},{\"@type\":\"BreadcrumbList\",\"@id\":\"https:\\\/\\\/gradido.net\\\/fi\\\/episode-34\\\/#breadcrumb\",\"itemListElement\":[{\"@type\":\"ListItem\",\"position\":1,\"name\":\"Startseite\",\"item\":\"https:\\\/\\\/gradido.net\\\/\"},{\"@type\":\"ListItem\",\"position\":2,\"name\":\"Great Cooperation: gemeinsam die Zukunft gestalten\"}]},{\"@type\":\"WebSite\",\"@id\":\"https:\\\/\\\/gradido.net\\\/de\\\/#website\",\"url\":\"https:\\\/\\\/gradido.net\\\/de\\\/\",\"name\":\"Gradido\",\"description\":\"Die neue W\u00e4hrung hei\u00dft Dankbarkeit\",\"publisher\":{\"@id\":\"https:\\\/\\\/gradido.net\\\/de\\\/#organization\"},\"potentialAction\":[{\"@type\":\"SearchAction\",\"target\":{\"@type\":\"EntryPoint\",\"urlTemplate\":\"https:\\\/\\\/gradido.net\\\/de\\\/?s={search_term_string}\"},\"query-input\":{\"@type\":\"PropertyValueSpecification\",\"valueRequired\":true,\"valueName\":\"search_term_string\"}}],\"inLanguage\":\"sk-SK\"},{\"@type\":\"Organization\",\"@id\":\"https:\\\/\\\/gradido.net\\\/de\\\/#organization\",\"name\":\"Gradido\",\"url\":\"https:\\\/\\\/gradido.net\\\/de\\\/\",\"logo\":{\"@type\":\"ImageObject\",\"inLanguage\":\"sk-SK\",\"@id\":\"https:\\\/\\\/gradido.net\\\/de\\\/#\\\/schema\\\/logo\\\/image\\\/\",\"url\":\"https:\\\/\\\/gradido.net\\\/wp-content\\\/uploads\\\/2022\\\/04\\\/gradido-social.jpg\",\"contentUrl\":\"https:\\\/\\\/gradido.net\\\/wp-content\\\/uploads\\\/2022\\\/04\\\/gradido-social.jpg\",\"width\":527,\"height\":273,\"caption\":\"Gradido\"},\"image\":{\"@id\":\"https:\\\/\\\/gradido.net\\\/de\\\/#\\\/schema\\\/logo\\\/image\\\/\"}},{\"@type\":\"Person\",\"@id\":\"https:\\\/\\\/gradido.net\\\/de\\\/#\\\/schema\\\/person\\\/f57399104ec77f2a2d5a68f479b0492f\",\"name\":\"Philipp Kessler\",\"url\":\"https:\\\/\\\/gradido.net\\\/sk\\\/author\\\/philipp\\\/\"}]}<\/script>\n<!-- \/ Yoast SEO plugin. -->","yoast_head_json":{"title":"Skvel\u00e1 spolupr\u00e1ca: spolo\u010dne tvor\u00edme bud\u00facnos\u0165 - Gradido","robots":{"index":"index","follow":"follow","max-snippet":"max-snippet:-1","max-image-preview":"max-image-preview:large","max-video-preview":"max-video-preview:-1"},"canonical":"https:\/\/gradido.net\/sk\/episode-34\/","og_locale":"sk_SK","og_type":"article","og_title":"Great Cooperation: gemeinsam die Zukunft gestalten - Gradido","og_description":"Matthias Horx ist Gr\u00fcnder des Zukunftsinstituts in Frankfurt. Er gilt als einflussreicher Trend- und Zukunftsforscher, insbesondere zu den Themen der sozialen, technologischen, \u00f6konomischen und politischen Umw\u00e4lzungen. Gegenw\u00e4rtig sieht der Vision\u00e4r besonders gute Chancen, die Welt zum Besseren zu ver\u00e4ndern [47:59]","og_url":"https:\/\/gradido.net\/sk\/episode-34\/","og_site_name":"Gradido","article_published_time":"2021-12-11T07:45:31+00:00","og_image":[{"width":700,"height":475,"url":"https:\/\/gradido.net\/wp-content\/uploads\/2021\/12\/podcast_www_horx.jpg","type":"image\/jpeg"}],"author":"Philipp Kessler","twitter_card":"summary_large_image","twitter_misc":{"Autor":"Philipp Kessler","Predpokladan\u00fd \u010das \u010d\u00edtania":"1 min\u00fata"},"schema":{"@context":"https:\/\/schema.org","@graph":[{"@type":"Article","@id":"https:\/\/gradido.net\/fi\/episode-34\/#article","isPartOf":{"@id":"https:\/\/gradido.net\/fi\/episode-34\/"},"author":{"name":"Philipp Kessler","@id":"https:\/\/gradido.net\/de\/#\/schema\/person\/f57399104ec77f2a2d5a68f479b0492f"},"headline":"Great Cooperation: gemeinsam die Zukunft gestalten","datePublished":"2021-12-11T07:45:31+00:00","mainEntityOfPage":{"@id":"https:\/\/gradido.net\/fi\/episode-34\/"},"wordCount":189,"publisher":{"@id":"https:\/\/gradido.net\/de\/#organization"},"image":{"@id":"https:\/\/gradido.net\/fi\/episode-34\/#primaryimage"},"thumbnailUrl":"https:\/\/gradido.net\/wp-content\/uploads\/2021\/12\/podcast_www_horx.jpg","keywords":["Grundeinkommen"],"articleSection":["Podcast"],"inLanguage":"sk-SK"},{"@type":"WebPage","@id":"https:\/\/gradido.net\/fi\/episode-34\/","url":"https:\/\/gradido.net\/fi\/episode-34\/","name":"Skvel\u00e1 spolupr\u00e1ca: spolo\u010dne tvor\u00edme bud\u00facnos\u0165 - Gradido","isPartOf":{"@id":"https:\/\/gradido.net\/de\/#website"},"primaryImageOfPage":{"@id":"https:\/\/gradido.net\/fi\/episode-34\/#primaryimage"},"image":{"@id":"https:\/\/gradido.net\/fi\/episode-34\/#primaryimage"},"thumbnailUrl":"https:\/\/gradido.net\/wp-content\/uploads\/2021\/12\/podcast_www_horx.jpg","datePublished":"2021-12-11T07:45:31+00:00","breadcrumb":{"@id":"https:\/\/gradido.net\/fi\/episode-34\/#breadcrumb"},"inLanguage":"sk-SK","potentialAction":[{"@type":"ReadAction","target":["https:\/\/gradido.net\/fi\/episode-34\/"]}]},{"@type":"ImageObject","inLanguage":"sk-SK","@id":"https:\/\/gradido.net\/fi\/episode-34\/#primaryimage","url":"https:\/\/gradido.net\/wp-content\/uploads\/2021\/12\/podcast_www_horx.jpg","contentUrl":"https:\/\/gradido.net\/wp-content\/uploads\/2021\/12\/podcast_www_horx.jpg","width":700,"height":475},{"@type":"BreadcrumbList","@id":"https:\/\/gradido.net\/fi\/episode-34\/#breadcrumb","itemListElement":[{"@type":"ListItem","position":1,"name":"Startseite","item":"https:\/\/gradido.net\/"},{"@type":"ListItem","position":2,"name":"Great Cooperation: gemeinsam die Zukunft gestalten"}]},{"@type":"WebSite","@id":"https:\/\/gradido.net\/de\/#website","url":"https:\/\/gradido.net\/de\/","name":"Gradido","description":"Novou menou je v\u010fa\u010dnos\u0165","publisher":{"@id":"https:\/\/gradido.net\/de\/#organization"},"potentialAction":[{"@type":"SearchAction","target":{"@type":"EntryPoint","urlTemplate":"https:\/\/gradido.net\/de\/?s={search_term_string}"},"query-input":{"@type":"PropertyValueSpecification","valueRequired":true,"valueName":"search_term_string"}}],"inLanguage":"sk-SK"},{"@type":"Organization","@id":"https:\/\/gradido.net\/de\/#organization","name":"Gradido","url":"https:\/\/gradido.net\/de\/","logo":{"@type":"ImageObject","inLanguage":"sk-SK","@id":"https:\/\/gradido.net\/de\/#\/schema\/logo\/image\/","url":"https:\/\/gradido.net\/wp-content\/uploads\/2022\/04\/gradido-social.jpg","contentUrl":"https:\/\/gradido.net\/wp-content\/uploads\/2022\/04\/gradido-social.jpg","width":527,"height":273,"caption":"Gradido"},"image":{"@id":"https:\/\/gradido.net\/de\/#\/schema\/logo\/image\/"}},{"@type":"Person","@id":"https:\/\/gradido.net\/de\/#\/schema\/person\/f57399104ec77f2a2d5a68f479b0492f","name":"Philipp Kessler","url":"https:\/\/gradido.net\/sk\/author\/philipp\/"}]}},"_links":{"self":[{"href":"https:\/\/gradido.net\/sk\/wp-json\/wp\/v2\/posts\/3691","targetHints":{"allow":["GET"]}}],"collection":[{"href":"https:\/\/gradido.net\/sk\/wp-json\/wp\/v2\/posts"}],"about":[{"href":"https:\/\/gradido.net\/sk\/wp-json\/wp\/v2\/types\/post"}],"author":[{"embeddable":true,"href":"https:\/\/gradido.net\/sk\/wp-json\/wp\/v2\/users\/12"}],"replies":[{"embeddable":true,"href":"https:\/\/gradido.net\/sk\/wp-json\/wp\/v2\/comments?post=3691"}],"version-history":[{"count":9,"href":"https:\/\/gradido.net\/sk\/wp-json\/wp\/v2\/posts\/3691\/revisions"}],"predecessor-version":[{"id":3700,"href":"https:\/\/gradido.net\/sk\/wp-json\/wp\/v2\/posts\/3691\/revisions\/3700"}],"wp:featuredmedia":[{"embeddable":true,"href":"https:\/\/gradido.net\/sk\/wp-json\/wp\/v2\/media\/3685"}],"wp:attachment":[{"href":"https:\/\/gradido.net\/sk\/wp-json\/wp\/v2\/media?parent=3691"}],"wp:term":[{"taxonomy":"category","embeddable":true,"href":"https:\/\/gradido.net\/sk\/wp-json\/wp\/v2\/categories?post=3691"},{"taxonomy":"post_tag","embeddable":true,"href":"https:\/\/gradido.net\/sk\/wp-json\/wp\/v2\/tags?post=3691"}],"curies":[{"name":"wp","href":"https:\/\/api.w.org\/{rel}","templated":true}]}}