{"id":5711,"date":"2022-10-10T18:52:00","date_gmt":"2022-10-10T16:52:00","guid":{"rendered":"https:\/\/gradido.net\/?p=5711"},"modified":"2026-04-24T08:13:36","modified_gmt":"2026-04-24T06:13:36","slug":"great-cooperation-gradido-akademie-international-und-plasmatec","status":"publish","type":"post","link":"https:\/\/gradido.net\/sk\/great-cooperation-gradido-akademie-international-und-plasmatec\/","title":{"rendered":"Skvel\u00e1 spolupr\u00e1ca: Gradido Academy International a PLASMA TEC"},"content":{"rendered":"<div data-elementor-type=\"wp-post\" data-elementor-id=\"5711\" class=\"elementor elementor-5711\" data-elementor-post-type=\"post\">\n\t\t\t\t\t\t<section class=\"elementor-section elementor-top-section elementor-element elementor-element-496e1d53 elementor-section-boxed elementor-section-height-default elementor-section-height-default\" data-id=\"496e1d53\" data-element_type=\"section\" data-e-type=\"section\">\n\t\t\t\t\t\t<div class=\"elementor-container elementor-column-gap-default\">\n\t\t\t\t\t<div class=\"elementor-column elementor-col-100 elementor-top-column elementor-element elementor-element-461d7be0\" data-id=\"461d7be0\" data-element_type=\"column\" data-e-type=\"column\">\n\t\t\t<div class=\"elementor-widget-wrap elementor-element-populated\">\n\t\t\t\t\t\t<div class=\"elementor-element elementor-element-cd9ebe2 elementor-widget elementor-widget-text-editor\" data-id=\"cd9ebe2\" data-element_type=\"widget\" data-e-type=\"widget\" data-widget_type=\"text-editor.default\">\n\t\t\t\t<div class=\"elementor-widget-container\">\n\t\t\t\t\t\t\t\t\t<blockquote><p style=\"text-align: right;\"><em>\"To, \u010do nie je mo\u017en\u00e9 pre jednotlivca, m\u00f4\u017eu dosiahnu\u0165 mnoh\u00ed.\"<\/em><\/p><p style=\"text-align: right;\"><em>Friedrich Wilhelm Raiffeisen<\/em><\/p><\/blockquote><p>V\u00e1\u017een\u00fd \u010ditate\u013e,<\/p><p>pri n\u00e1v\u0161teve s\u00eddla n\u00e1\u0161ho zdru\u017eenia v centre Quintessenz v Pustritzi v Korut\u00e1nsku\/Rak\u00fasku sme za\u017eili kr\u00e1sne chv\u00edle pri stretnut\u00ed so zauj\u00edmav\u00fdmi \u013eu\u010fmi, ktor\u00ed pracuj\u00fa pre dobr\u00fa bud\u00facnos\u0165.<\/p><p>Mohli sme sa k sebe pribl\u00ed\u017ei\u0165 na \u013eudskej \u00farovni, n\u00e1js\u0165 si \u010das na vz\u00e1jomn\u00e9 porozumenie a napl\u00e1nova\u0165, \u010do chceme spolo\u010dne realizova\u0165.<\/p><p>Okrem in\u00e9ho sme sa stretli s prezidentom v\u00fdskumn\u00e9ho in\u0161tit\u00fatu PLASMA TEC Haraldom Reichlom a diskutovali sme o \u010fal\u0161\u00edch krokoch na\u0161ej spolo\u010dnej spolupr\u00e1ce.<\/p><p>Tis\u00edckr\u00e1t \u010fakujeme Petre Kalterovej za jej \u00fa\u017easn\u00fa pohostinnos\u0165 a dobr\u00fa organiz\u00e1ciu!<\/p><p>Harald vytvoril nasleduj\u00face video:<\/p>\t\t\t\t\t\t\t\t<\/div>\n\t\t\t\t<\/div>\n\t\t\t\t<div class=\"elementor-element elementor-element-2a5c41a elementor-widget elementor-widget-video\" data-id=\"2a5c41a\" data-element_type=\"widget\" data-e-type=\"widget\" data-settings=\"{&quot;youtube_url&quot;:&quot;https:\\\/\\\/www.youtube.com\\\/watch?v=yWzeP0L0Yv8&quot;,&quot;video_type&quot;:&quot;youtube&quot;,&quot;controls&quot;:&quot;yes&quot;}\" data-widget_type=\"video.default\">\n\t\t\t\t<div class=\"elementor-widget-container\">\n\t\t\t\t\t\t\t<div class=\"elementor-wrapper elementor-open-inline\">\n\t\t\t<div class=\"elementor-video\"><\/div>\t\t<\/div>\n\t\t\t\t\t\t<\/div>\n\t\t\t\t<\/div>\n\t\t\t\t<div class=\"elementor-element elementor-element-17272f9 elementor-widget elementor-widget-text-editor\" data-id=\"17272f9\" data-element_type=\"widget\" data-e-type=\"widget\" data-widget_type=\"text-editor.default\">\n\t\t\t\t<div class=\"elementor-widget-container\">\n\t\t\t\t\t\t\t\t\t<blockquote><p>f.l.t.r. Harald Reichl, Petra Kaltner, Bernd H\u00fcckst\u00e4dt, Margret Baier<\/p><p>Citujem PLASMA TEC:<\/p><p>\"Ako sa m\u00f4\u017eete sta\u0165 do zna\u010dnej miery nez\u00e1visl\u00fdmi od elektrickej siete? Najm\u00e4 v \u010dase, ke\u010f sa v m\u00e9di\u00e1ch takmer ka\u017ed\u00fd de\u0148 objavuj\u00fa varovania pred v\u00fdpadkami elektrickej energie, sa \u010dlovek c\u00edti ve\u013emi pr\u00edjemne, ke\u010f mu dom\u00e1ci skladovac\u00ed syst\u00e9m dod\u00e1va energiu pre pr\u00edpad n\u00fadze. V\u00fdskumn\u00e9 zariadenie in\u0161tit\u00fatu PLASMA TEC sa zvy\u010dajne bezplatne nab\u00edja fotovoltaick\u00fdm syst\u00e9mom (ve\u013emi vhodn\u00e9 s\u00fa aj pou\u017eit\u00e9 moduly). Ak je v zime nieko\u013eko dn\u00ed tma a sneh, \u00falo\u017en\u00fa jednotku mo\u017eno \u013eahko udr\u017ea\u0165 na bezpe\u010dnej \u00farovni pomocou jednej alebo viacer\u00fdch nab\u00edja\u010diek. Ak navy\u0161e d\u00f4jde k v\u00fdpadku elektrickej siete, m\u00f4\u017eete pou\u017ei\u0165 aj prep\u00edna\u010d zdrojov, aby ste v pomerne kr\u00e1tkom \u010dase nabili \u00falo\u017en\u00fa jednotku pomocou n\u00fadzov\u00e9ho gener\u00e1tora...\"<\/p><\/blockquote><p>Spolupr\u00e1cu s in\u0161tit\u00fatom PLASMA TEC pova\u017eujeme za d\u00f4le\u017eit\u00fd dielik sklada\u010dky \"ve\u013ekej spolupr\u00e1ce\" pozit\u00edvnych \u013eud\u00ed a s\u00edl.<\/p><p>Te\u0161\u00edme sa na \u010fal\u0161ie dobr\u00e9 spolupr\u00e1ce.<\/p><p>S l\u00e1skav\u00fdm pozdravom<\/p><p>V\u00e1\u0161<\/p><p><img decoding=\"async\" class=\"alignnone wp-image-4614 size-medium\" src=\"https:\/\/gradido.net\/wp-content\/uploads\/2022\/06\/MargretBernd_2022-300x74.png\" alt=\"\" width=\"300\" height=\"74\" srcset=\"https:\/\/gradido.net\/wp-content\/uploads\/2022\/06\/MargretBernd_2022-300x74.png 300w, https:\/\/gradido.net\/wp-content\/uploads\/2022\/06\/MargretBernd_2022-18x4.png 18w, https:\/\/gradido.net\/wp-content\/uploads\/2022\/06\/MargretBernd_2022.png 431w\" sizes=\"(max-width: 300px) 100vw, 300px\" \/><\/p><p>Margret Baier a Bernd H\u00fcckst\u00e4dt<br \/>Zakladate\u013e a v\u00fdvoj\u00e1r spolo\u010dnosti Gradido<\/p>\t\t\t\t\t\t\t\t<\/div>\n\t\t\t\t<\/div>\n\t\t\t\t<div class=\"elementor-element elementor-element-34f0d98 elementor-widget elementor-widget-text-editor\" data-id=\"34f0d98\" data-element_type=\"widget\" data-e-type=\"widget\" data-widget_type=\"text-editor.default\">\n\t\t\t\t<div class=\"elementor-widget-container\">\n\t\t\t\t\t\t\t\t\t<p><strong>PS:\u00a0<span style=\"color: #ff6600;\"><a style=\"color: #ff6600;\" href=\"https:\/\/gradido.net\/sk\/donations\/\">Vzh\u013eadom na st\u00e1le rast\u00faci v\u00fdznam Gradida opakujeme 23. j\u00fana na\u0161u akciu v\u010faky:<\/a>\u00a0<\/span><span style=\"color: #0000ff;\"><a style=\"color: #0000ff;\" href=\"https:\/\/gradido.net\/sk\/donations\/\">Okrem viacn\u00e1sobnej GradidoTransform za v\u00e1\u0161 sponzorsk\u00fd pr\u00edspevok nav\u00fd\u0161ime 23. j\u00fana 2023 v\u0161etky zostatky na \u00fa\u010dtoch GDT o 23%. Podporte teraz a u\u017eite si nieko\u013ekon\u00e1sobn\u00fa sumu GDT!<\/a><\/span><\/strong><\/p>\t\t\t\t\t\t\t\t<\/div>\n\t\t\t\t<\/div>\n\t\t\t\t\t<\/div>\n\t\t<\/div>\n\t\t\t\t\t<\/div>\n\t\t<\/section>\n\t\t\t\t<\/div>","protected":false},"excerpt":{"rendered":"<p>Po\u010das n\u00e1v\u0161tevy s\u00eddla n\u00e1\u0161ho zdru\u017eenia v Pustritzi v Korut\u00e1nsku\/Rak\u00fasku sme za\u017eili kr\u00e1sne chv\u00edle pri stretnut\u00ed so zauj\u00edmav\u00fdmi \u013eu\u010fmi, ktor\u00ed pracuj\u00fa pre dobr\u00fa bud\u00facnos\u0165. Okrem in\u00e9ho sme sa stretli s prezidentom v\u00fdskumn\u00e9ho in\u0161tit\u00fatu PLASMA TEC Haraldom Reichlom a diskutovali sme o \u010fal\u0161\u00edch krokoch na\u0161ej spolo\u010dnej spolupr\u00e1ce.<\/p>","protected":false},"author":2,"featured_media":5713,"comment_status":"closed","ping_status":"closed","sticky":false,"template":"","format":"standard","meta":{"footnotes":""},"categories":[11,54],"tags":[],"class_list":["post-5711","post","type-post","status-publish","format-standard","has-post-thumbnail","hentry","category-blog","category-community"],"yoast_head":"<!-- This site is optimized with the Yoast SEO plugin v27.4 - https:\/\/yoast.com\/product\/yoast-seo-wordpress\/ -->\n<title>Great Cooperation: Gradido Akademie International und PLASMA TEC - Gradido<\/title>\n<meta name=\"description\" content=\"Beim Besuch unseres Vereinssitzes in Pustritz in K\u00e4rnten\/\u00d6sterreich erlebten wir eine wunderbare Zeit der Begegnung von interessanten, f\u00fcr eine gute Zukunft wirkenden Menschen. Unter anderem trafen den Pr\u00e4sidenten des PLASMA TEC -Forschungsinstituts, Harald Reichl, und besprachen weitere Schritte unserer gemeinsamen Kooperation.\" \/>\n<meta name=\"robots\" content=\"index, follow, max-snippet:-1, max-image-preview:large, max-video-preview:-1\" \/>\n<link rel=\"canonical\" href=\"https:\/\/gradido.net\/sk\/great-cooperation-gradido-akademie-international-und-plasmatec\/\" \/>\n<meta property=\"og:locale\" content=\"sk_SK\" \/>\n<meta property=\"og:type\" content=\"article\" \/>\n<meta property=\"og:title\" content=\"Great Cooperation: Gradido Akademie International und PLASMA TEC - Gradido\" \/>\n<meta property=\"og:description\" content=\"Beim Besuch unseres Vereinssitzes in Pustritz in K\u00e4rnten\/\u00d6sterreich erlebten wir eine wunderbare Zeit der Begegnung von interessanten, f\u00fcr eine gute Zukunft wirkenden Menschen. Unter anderem trafen den Pr\u00e4sidenten des PLASMA TEC -Forschungsinstituts, Harald Reichl, und besprachen weitere Schritte unserer gemeinsamen Kooperation.\" \/>\n<meta property=\"og:url\" content=\"https:\/\/gradido.net\/sk\/great-cooperation-gradido-akademie-international-und-plasmatec\/\" \/>\n<meta property=\"og:site_name\" content=\"Gradido\" \/>\n<meta property=\"article:published_time\" content=\"2022-10-10T16:52:00+00:00\" \/>\n<meta property=\"article:modified_time\" content=\"2026-04-24T06:13:36+00:00\" \/>\n<meta property=\"og:image\" content=\"https:\/\/gradido.net\/wp-content\/uploads\/2022\/10\/Pustritz_2.jpg\" \/>\n\t<meta property=\"og:image:width\" content=\"1600\" \/>\n\t<meta property=\"og:image:height\" content=\"1000\" \/>\n\t<meta property=\"og:image:type\" content=\"image\/jpeg\" \/>\n<meta name=\"author\" content=\"Bernd H\u00fcckst\u00e4dt\" \/>\n<meta name=\"twitter:card\" content=\"summary_large_image\" \/>\n<meta name=\"twitter:label1\" content=\"Autor\" \/>\n\t<meta name=\"twitter:data1\" content=\"Bernd H\u00fcckst\u00e4dt\" \/>\n\t<meta name=\"twitter:label2\" content=\"Predpokladan\u00fd \u010das \u010d\u00edtania\" \/>\n\t<meta name=\"twitter:data2\" content=\"2 min\u00faty\" \/>\n<script type=\"application\/ld+json\" class=\"yoast-schema-graph\">{\"@context\":\"https:\\\/\\\/schema.org\",\"@graph\":[{\"@type\":\"Article\",\"@id\":\"https:\\\/\\\/gradido.net\\\/great-cooperation-gradido-akademie-international-und-plasmatec\\\/#article\",\"isPartOf\":{\"@id\":\"https:\\\/\\\/gradido.net\\\/great-cooperation-gradido-akademie-international-und-plasmatec\\\/\"},\"author\":{\"name\":\"Bernd H\u00fcckst\u00e4dt\",\"@id\":\"https:\\\/\\\/gradido.net\\\/de\\\/#\\\/schema\\\/person\\\/9c503a004ad15a1ddecadce2218db5d1\"},\"headline\":\"Great Cooperation: Gradido Akademie International und PLASMA TEC\",\"datePublished\":\"2022-10-10T16:52:00+00:00\",\"dateModified\":\"2026-04-24T06:13:36+00:00\",\"mainEntityOfPage\":{\"@id\":\"https:\\\/\\\/gradido.net\\\/great-cooperation-gradido-akademie-international-und-plasmatec\\\/\"},\"wordCount\":350,\"publisher\":{\"@id\":\"https:\\\/\\\/gradido.net\\\/de\\\/#organization\"},\"image\":{\"@id\":\"https:\\\/\\\/gradido.net\\\/great-cooperation-gradido-akademie-international-und-plasmatec\\\/#primaryimage\"},\"thumbnailUrl\":\"https:\\\/\\\/gradido.net\\\/wp-content\\\/uploads\\\/2022\\\/10\\\/Pustritz_2.jpg\",\"articleSection\":[\"Blog\",\"Community\"],\"inLanguage\":\"sk-SK\"},{\"@type\":\"WebPage\",\"@id\":\"https:\\\/\\\/gradido.net\\\/great-cooperation-gradido-akademie-international-und-plasmatec\\\/\",\"url\":\"https:\\\/\\\/gradido.net\\\/great-cooperation-gradido-akademie-international-und-plasmatec\\\/\",\"name\":\"Great Cooperation: Gradido Akademie International und PLASMA TEC - Gradido\",\"isPartOf\":{\"@id\":\"https:\\\/\\\/gradido.net\\\/de\\\/#website\"},\"primaryImageOfPage\":{\"@id\":\"https:\\\/\\\/gradido.net\\\/great-cooperation-gradido-akademie-international-und-plasmatec\\\/#primaryimage\"},\"image\":{\"@id\":\"https:\\\/\\\/gradido.net\\\/great-cooperation-gradido-akademie-international-und-plasmatec\\\/#primaryimage\"},\"thumbnailUrl\":\"https:\\\/\\\/gradido.net\\\/wp-content\\\/uploads\\\/2022\\\/10\\\/Pustritz_2.jpg\",\"datePublished\":\"2022-10-10T16:52:00+00:00\",\"dateModified\":\"2026-04-24T06:13:36+00:00\",\"description\":\"Beim Besuch unseres Vereinssitzes in Pustritz in K\u00e4rnten\\\/\u00d6sterreich erlebten wir eine wunderbare Zeit der Begegnung von interessanten, f\u00fcr eine gute Zukunft wirkenden Menschen. Unter anderem trafen den Pr\u00e4sidenten des PLASMA TEC -Forschungsinstituts, Harald Reichl, und besprachen weitere Schritte unserer gemeinsamen Kooperation.\",\"breadcrumb\":{\"@id\":\"https:\\\/\\\/gradido.net\\\/great-cooperation-gradido-akademie-international-und-plasmatec\\\/#breadcrumb\"},\"inLanguage\":\"sk-SK\",\"potentialAction\":[{\"@type\":\"ReadAction\",\"target\":[\"https:\\\/\\\/gradido.net\\\/great-cooperation-gradido-akademie-international-und-plasmatec\\\/\"]}]},{\"@type\":\"ImageObject\",\"inLanguage\":\"sk-SK\",\"@id\":\"https:\\\/\\\/gradido.net\\\/great-cooperation-gradido-akademie-international-und-plasmatec\\\/#primaryimage\",\"url\":\"https:\\\/\\\/gradido.net\\\/wp-content\\\/uploads\\\/2022\\\/10\\\/Pustritz_2.jpg\",\"contentUrl\":\"https:\\\/\\\/gradido.net\\\/wp-content\\\/uploads\\\/2022\\\/10\\\/Pustritz_2.jpg\",\"width\":1600,\"height\":1000},{\"@type\":\"BreadcrumbList\",\"@id\":\"https:\\\/\\\/gradido.net\\\/great-cooperation-gradido-akademie-international-und-plasmatec\\\/#breadcrumb\",\"itemListElement\":[{\"@type\":\"ListItem\",\"position\":1,\"name\":\"Startseite\",\"item\":\"https:\\\/\\\/gradido.net\\\/\"},{\"@type\":\"ListItem\",\"position\":2,\"name\":\"Great Cooperation: Gradido Akademie International und PLASMA TEC\"}]},{\"@type\":\"WebSite\",\"@id\":\"https:\\\/\\\/gradido.net\\\/de\\\/#website\",\"url\":\"https:\\\/\\\/gradido.net\\\/de\\\/\",\"name\":\"Gradido\",\"description\":\"Die neue W\u00e4hrung hei\u00dft Dankbarkeit\",\"publisher\":{\"@id\":\"https:\\\/\\\/gradido.net\\\/de\\\/#organization\"},\"potentialAction\":[{\"@type\":\"SearchAction\",\"target\":{\"@type\":\"EntryPoint\",\"urlTemplate\":\"https:\\\/\\\/gradido.net\\\/de\\\/?s={search_term_string}\"},\"query-input\":{\"@type\":\"PropertyValueSpecification\",\"valueRequired\":true,\"valueName\":\"search_term_string\"}}],\"inLanguage\":\"sk-SK\"},{\"@type\":\"Organization\",\"@id\":\"https:\\\/\\\/gradido.net\\\/de\\\/#organization\",\"name\":\"Gradido\",\"url\":\"https:\\\/\\\/gradido.net\\\/de\\\/\",\"logo\":{\"@type\":\"ImageObject\",\"inLanguage\":\"sk-SK\",\"@id\":\"https:\\\/\\\/gradido.net\\\/de\\\/#\\\/schema\\\/logo\\\/image\\\/\",\"url\":\"https:\\\/\\\/gradido.net\\\/wp-content\\\/uploads\\\/2022\\\/04\\\/gradido-social.jpg\",\"contentUrl\":\"https:\\\/\\\/gradido.net\\\/wp-content\\\/uploads\\\/2022\\\/04\\\/gradido-social.jpg\",\"width\":527,\"height\":273,\"caption\":\"Gradido\"},\"image\":{\"@id\":\"https:\\\/\\\/gradido.net\\\/de\\\/#\\\/schema\\\/logo\\\/image\\\/\"}},{\"@type\":\"Person\",\"@id\":\"https:\\\/\\\/gradido.net\\\/de\\\/#\\\/schema\\\/person\\\/9c503a004ad15a1ddecadce2218db5d1\",\"name\":\"Bernd H\u00fcckst\u00e4dt\",\"sameAs\":[\"https:\\\/\\\/gradido.net\"],\"url\":\"https:\\\/\\\/gradido.net\\\/sk\\\/author\\\/bernd\\\/\"}]}<\/script>\n<!-- \/ Yoast SEO plugin. -->","yoast_head_json":{"title":"Skvel\u00e1 spolupr\u00e1ca: Gradido Academy International a PLASMA TEC - Gradido","description":"Po\u010das n\u00e1v\u0161tevy s\u00eddla n\u00e1\u0161ho zdru\u017eenia v Pustritzi v Korut\u00e1nsku\/Rak\u00fasku sme za\u017eili kr\u00e1sne chv\u00edle pri stretnut\u00ed so zauj\u00edmav\u00fdmi \u013eu\u010fmi, ktor\u00ed pracuj\u00fa pre dobr\u00fa bud\u00facnos\u0165. Okrem in\u00e9ho sme sa stretli s prezidentom v\u00fdskumn\u00e9ho in\u0161tit\u00fatu PLASMA TEC Haraldom Reichlom a diskutovali sme o \u010fal\u0161\u00edch krokoch na\u0161ej spolo\u010dnej spolupr\u00e1ce.","robots":{"index":"index","follow":"follow","max-snippet":"max-snippet:-1","max-image-preview":"max-image-preview:large","max-video-preview":"max-video-preview:-1"},"canonical":"https:\/\/gradido.net\/sk\/great-cooperation-gradido-akademie-international-und-plasmatec\/","og_locale":"sk_SK","og_type":"article","og_title":"Great Cooperation: Gradido Akademie International und PLASMA TEC - Gradido","og_description":"Beim Besuch unseres Vereinssitzes in Pustritz in K\u00e4rnten\/\u00d6sterreich erlebten wir eine wunderbare Zeit der Begegnung von interessanten, f\u00fcr eine gute Zukunft wirkenden Menschen. Unter anderem trafen den Pr\u00e4sidenten des PLASMA TEC -Forschungsinstituts, Harald Reichl, und besprachen weitere Schritte unserer gemeinsamen Kooperation.","og_url":"https:\/\/gradido.net\/sk\/great-cooperation-gradido-akademie-international-und-plasmatec\/","og_site_name":"Gradido","article_published_time":"2022-10-10T16:52:00+00:00","article_modified_time":"2026-04-24T06:13:36+00:00","og_image":[{"width":1600,"height":1000,"url":"https:\/\/gradido.net\/wp-content\/uploads\/2022\/10\/Pustritz_2.jpg","type":"image\/jpeg"}],"author":"Bernd H\u00fcckst\u00e4dt","twitter_card":"summary_large_image","twitter_misc":{"Autor":"Bernd H\u00fcckst\u00e4dt","Predpokladan\u00fd \u010das \u010d\u00edtania":"2 min\u00faty"},"schema":{"@context":"https:\/\/schema.org","@graph":[{"@type":"Article","@id":"https:\/\/gradido.net\/great-cooperation-gradido-akademie-international-und-plasmatec\/#article","isPartOf":{"@id":"https:\/\/gradido.net\/great-cooperation-gradido-akademie-international-und-plasmatec\/"},"author":{"name":"Bernd H\u00fcckst\u00e4dt","@id":"https:\/\/gradido.net\/de\/#\/schema\/person\/9c503a004ad15a1ddecadce2218db5d1"},"headline":"Great Cooperation: Gradido Akademie International und PLASMA TEC","datePublished":"2022-10-10T16:52:00+00:00","dateModified":"2026-04-24T06:13:36+00:00","mainEntityOfPage":{"@id":"https:\/\/gradido.net\/great-cooperation-gradido-akademie-international-und-plasmatec\/"},"wordCount":350,"publisher":{"@id":"https:\/\/gradido.net\/de\/#organization"},"image":{"@id":"https:\/\/gradido.net\/great-cooperation-gradido-akademie-international-und-plasmatec\/#primaryimage"},"thumbnailUrl":"https:\/\/gradido.net\/wp-content\/uploads\/2022\/10\/Pustritz_2.jpg","articleSection":["Blog","Community"],"inLanguage":"sk-SK"},{"@type":"WebPage","@id":"https:\/\/gradido.net\/great-cooperation-gradido-akademie-international-und-plasmatec\/","url":"https:\/\/gradido.net\/great-cooperation-gradido-akademie-international-und-plasmatec\/","name":"Skvel\u00e1 spolupr\u00e1ca: Gradido Academy International a PLASMA TEC - Gradido","isPartOf":{"@id":"https:\/\/gradido.net\/de\/#website"},"primaryImageOfPage":{"@id":"https:\/\/gradido.net\/great-cooperation-gradido-akademie-international-und-plasmatec\/#primaryimage"},"image":{"@id":"https:\/\/gradido.net\/great-cooperation-gradido-akademie-international-und-plasmatec\/#primaryimage"},"thumbnailUrl":"https:\/\/gradido.net\/wp-content\/uploads\/2022\/10\/Pustritz_2.jpg","datePublished":"2022-10-10T16:52:00+00:00","dateModified":"2026-04-24T06:13:36+00:00","description":"Po\u010das n\u00e1v\u0161tevy s\u00eddla n\u00e1\u0161ho zdru\u017eenia v Pustritzi v Korut\u00e1nsku\/Rak\u00fasku sme za\u017eili kr\u00e1sne chv\u00edle pri stretnut\u00ed so zauj\u00edmav\u00fdmi \u013eu\u010fmi, ktor\u00ed pracuj\u00fa pre dobr\u00fa bud\u00facnos\u0165. Okrem in\u00e9ho sme sa stretli s prezidentom v\u00fdskumn\u00e9ho in\u0161tit\u00fatu PLASMA TEC Haraldom Reichlom a diskutovali sme o \u010fal\u0161\u00edch krokoch na\u0161ej spolo\u010dnej spolupr\u00e1ce.","breadcrumb":{"@id":"https:\/\/gradido.net\/great-cooperation-gradido-akademie-international-und-plasmatec\/#breadcrumb"},"inLanguage":"sk-SK","potentialAction":[{"@type":"ReadAction","target":["https:\/\/gradido.net\/great-cooperation-gradido-akademie-international-und-plasmatec\/"]}]},{"@type":"ImageObject","inLanguage":"sk-SK","@id":"https:\/\/gradido.net\/great-cooperation-gradido-akademie-international-und-plasmatec\/#primaryimage","url":"https:\/\/gradido.net\/wp-content\/uploads\/2022\/10\/Pustritz_2.jpg","contentUrl":"https:\/\/gradido.net\/wp-content\/uploads\/2022\/10\/Pustritz_2.jpg","width":1600,"height":1000},{"@type":"BreadcrumbList","@id":"https:\/\/gradido.net\/great-cooperation-gradido-akademie-international-und-plasmatec\/#breadcrumb","itemListElement":[{"@type":"ListItem","position":1,"name":"Startseite","item":"https:\/\/gradido.net\/"},{"@type":"ListItem","position":2,"name":"Great Cooperation: Gradido Akademie International und PLASMA TEC"}]},{"@type":"WebSite","@id":"https:\/\/gradido.net\/de\/#website","url":"https:\/\/gradido.net\/de\/","name":"Gradido","description":"Novou menou je v\u010fa\u010dnos\u0165","publisher":{"@id":"https:\/\/gradido.net\/de\/#organization"},"potentialAction":[{"@type":"SearchAction","target":{"@type":"EntryPoint","urlTemplate":"https:\/\/gradido.net\/de\/?s={search_term_string}"},"query-input":{"@type":"PropertyValueSpecification","valueRequired":true,"valueName":"search_term_string"}}],"inLanguage":"sk-SK"},{"@type":"Organization","@id":"https:\/\/gradido.net\/de\/#organization","name":"Gradido","url":"https:\/\/gradido.net\/de\/","logo":{"@type":"ImageObject","inLanguage":"sk-SK","@id":"https:\/\/gradido.net\/de\/#\/schema\/logo\/image\/","url":"https:\/\/gradido.net\/wp-content\/uploads\/2022\/04\/gradido-social.jpg","contentUrl":"https:\/\/gradido.net\/wp-content\/uploads\/2022\/04\/gradido-social.jpg","width":527,"height":273,"caption":"Gradido"},"image":{"@id":"https:\/\/gradido.net\/de\/#\/schema\/logo\/image\/"}},{"@type":"Person","@id":"https:\/\/gradido.net\/de\/#\/schema\/person\/9c503a004ad15a1ddecadce2218db5d1","name":"Bernd H\u00fcckst\u00e4dt","sameAs":["https:\/\/gradido.net"],"url":"https:\/\/gradido.net\/sk\/author\/bernd\/"}]}},"_links":{"self":[{"href":"https:\/\/gradido.net\/sk\/wp-json\/wp\/v2\/posts\/5711","targetHints":{"allow":["GET"]}}],"collection":[{"href":"https:\/\/gradido.net\/sk\/wp-json\/wp\/v2\/posts"}],"about":[{"href":"https:\/\/gradido.net\/sk\/wp-json\/wp\/v2\/types\/post"}],"author":[{"embeddable":true,"href":"https:\/\/gradido.net\/sk\/wp-json\/wp\/v2\/users\/2"}],"replies":[{"embeddable":true,"href":"https:\/\/gradido.net\/sk\/wp-json\/wp\/v2\/comments?post=5711"}],"version-history":[{"count":50,"href":"https:\/\/gradido.net\/sk\/wp-json\/wp\/v2\/posts\/5711\/revisions"}],"predecessor-version":[{"id":6609,"href":"https:\/\/gradido.net\/sk\/wp-json\/wp\/v2\/posts\/5711\/revisions\/6609"}],"wp:featuredmedia":[{"embeddable":true,"href":"https:\/\/gradido.net\/sk\/wp-json\/wp\/v2\/media\/5713"}],"wp:attachment":[{"href":"https:\/\/gradido.net\/sk\/wp-json\/wp\/v2\/media?parent=5711"}],"wp:term":[{"taxonomy":"category","embeddable":true,"href":"https:\/\/gradido.net\/sk\/wp-json\/wp\/v2\/categories?post=5711"},{"taxonomy":"post_tag","embeddable":true,"href":"https:\/\/gradido.net\/sk\/wp-json\/wp\/v2\/tags?post=5711"}],"curies":[{"name":"wp","href":"https:\/\/api.w.org\/{rel}","templated":true}]}}