{"id":5821,"date":"2022-10-25T06:43:28","date_gmt":"2022-10-25T04:43:28","guid":{"rendered":"https:\/\/gradido.net\/?p=5821"},"modified":"2026-04-24T08:12:29","modified_gmt":"2026-04-24T06:12:29","slug":"10-wochen-voller-dankbarkeit","status":"publish","type":"post","link":"https:\/\/gradido.net\/sk\/10-wochen-voller-dankbarkeit\/","title":{"rendered":"10 t\u00fd\u017ed\u0148ov pln\u00fdch v\u010fa\u010dnosti"},"content":{"rendered":"<div data-elementor-type=\"wp-post\" data-elementor-id=\"5821\" class=\"elementor elementor-5821\" data-elementor-post-type=\"post\">\n\t\t\t\t\t\t<section class=\"elementor-section elementor-top-section elementor-element elementor-element-496e1d53 elementor-section-boxed elementor-section-height-default elementor-section-height-default\" data-id=\"496e1d53\" data-element_type=\"section\" data-e-type=\"section\">\n\t\t\t\t\t\t<div class=\"elementor-container elementor-column-gap-default\">\n\t\t\t\t\t<div class=\"elementor-column elementor-col-100 elementor-top-column elementor-element elementor-element-461d7be0\" data-id=\"461d7be0\" data-element_type=\"column\" data-e-type=\"column\">\n\t\t\t<div class=\"elementor-widget-wrap elementor-element-populated\">\n\t\t\t\t\t\t<div class=\"elementor-element elementor-element-cd9ebe2 elementor-widget elementor-widget-text-editor\" data-id=\"cd9ebe2\" data-element_type=\"widget\" data-e-type=\"widget\" data-widget_type=\"text-editor.default\">\n\t\t\t\t<div class=\"elementor-widget-container\">\n\t\t\t\t\t\t\t\t\t<p style=\"text-align: right;\"><em>\"Nie \u0161\u0165astn\u00ed s\u00fa v\u010fa\u010dn\u00ed. \u0160\u0165astn\u00ed s\u00fa t\u00ed, ktor\u00ed s\u00fa v\u010fa\u010dn\u00ed.\"<\/em><\/p><p style=\"text-align: right;\"><em>- Francis Bacon<\/em><\/p><p>V\u00e1\u017een\u00fd \u010ditate\u013e,<\/p><p>Ako viete, prv\u00e1 slabika slova Gradido, \"Gra\", znamen\u00e1 v\u010fa\u010dnos\u0165. Zaka\u017ed\u00fdm, ke\u010f posielate Gradidos in\u00fdm \u013eu\u010fom, privol\u00e1vate v\u010fa\u010dnos\u0165 do ich \u017eivota, ako aj do svojho vlastn\u00e9ho. V\u010fa\u010dnos\u0165 je n\u00e1dhern\u00fd pocit. Ka\u017edodenn\u00fdm vyvol\u00e1van\u00edm, o\u0161etrovan\u00edm a u\u017e\u00edvan\u00edm si ho posil\u0148ujeme svoju pohodu a tvoriv\u00fa silu. A v\u010fa\u010dnos\u0165 je mocn\u00fdm n\u00e1strojom manifest\u00e1cie: to, za \u010do sme zo srdca v\u010fa\u010dn\u00ed, pri\u0165ahujeme do svojho \u017eivota.<\/p><p>Ako v\u0161ak m\u00f4\u017eeme v t\u00fdchto bl\u00e1zniv\u00fdch \u010dasoch, ke\u010f bezoh\u013eadn\u00e9 de\u0161truk\u010dn\u00e9 sily hrozia zni\u010di\u0165 v\u0161etko dobr\u00e9 a kr\u00e1sne, c\u00edti\u0165 a vy\u017earova\u0165 v\u010fa\u010dnos\u0165? V\u010fa\u010dnos\u0165 je teraz d\u00f4le\u017eitej\u0161ia ako kedyko\u013evek predt\u00fdm, aby sme spolo\u010dne dok\u00e1zali na\u0161u kr\u00e1snu Zem premeni\u0165 sp\u00e4\u0165 na raj, ak\u00fdm kedysi mala by\u0165.<\/p>\t\t\t\t\t\t\t\t<\/div>\n\t\t\t\t<\/div>\n\t\t\t\t<div class=\"elementor-element elementor-element-e87c91a elementor-widget elementor-widget-image\" data-id=\"e87c91a\" data-element_type=\"widget\" data-e-type=\"widget\" data-widget_type=\"image.default\">\n\t\t\t\t<div class=\"elementor-widget-container\">\n\t\t\t\t\t\t\t\t\t\t\t\t\t\t\t<img decoding=\"async\" src=\"https:\/\/gradido.net\/wp-content\/uploads\/elementor\/thumbs\/Carola_Firgau-qh4sa6qr809v968n4l99e5zqcksod4kt6il0otfauq.jpg\" title=\"Carola_Firgau\" alt=\"Carola_Firgau\" loading=\"lazy\" \/>\t\t\t\t\t\t\t\t\t\t\t\t\t\t\t<\/div>\n\t\t\t\t<\/div>\n\t\t\t\t<div class=\"elementor-element elementor-element-17272f9 elementor-widget elementor-widget-text-editor\" data-id=\"17272f9\" data-element_type=\"widget\" data-e-type=\"widget\" data-widget_type=\"text-editor.default\">\n\t\t\t\t<div class=\"elementor-widget-container\">\n\t\t\t\t\t\t\t\t\t<p>Ako umelky\u0148a, terapeutka a kou\u010dka vie. <a href=\"https:\/\/www.carolafirgau.de\/\" target=\"_blank\" rel=\"noopener\">Carola Firgau<\/a> ve\u013emi dobre viete o sile v\u010fa\u010dnosti. S n\u00e1zvom <strong>Cesty k v\u010fa\u010dnosti<\/strong> vytvorila n\u00e1dhern\u00fd pracovn\u00fd zo\u0161it, ktor\u00fd n\u00e1m spolo\u010dne posl\u00fa\u017ei ako z\u00e1klad pre nadch\u00e1dzaj\u00facich \"10 t\u00fd\u017ed\u0148ov pln\u00fdch v\u010fa\u010dnosti\". Tis\u00edckr\u00e1t \u010fakujem, drah\u00e1 Carola!<\/p><p>Dvakr\u00e1t t\u00fd\u017edenne v\u00e1m po\u0161leme e-mail s \"diev\u010da\u0165om \u0161\u0165astia\", ktor\u00e9 v\u00e1s bude in\u0161pirova\u0165, aby ste si precvi\u010dili svoje \"svaly v\u010fa\u010dnosti\". Ak ka\u017ed\u00fd z t\u00fdchto impulzov v\u010fa\u010dnosti za\u010dlen\u00edte do svojho \u017eivota, v\u00e1\u0161 \u017eivot sa v priebehu 10 t\u00fd\u017ed\u0148ov v\u00fdrazne zmen\u00ed k lep\u0161iemu.<\/p><h3>Takto to funguje<\/h3><p>Ka\u017ed\u00fd utorok a piatok v\u00e1m \u0161\u0165astn\u00e9 diev\u010da prinesie impulz v\u010fa\u010dnosti a vyzve v\u00e1s, aby ste tento impulz nasledovali po\u010das nasleduj\u00facich 3-4 dn\u00ed. Za\u010d\u00edname teraz v jesenn\u00fdch d\u0148och, sprev\u00e1dzame v\u00e1s cez advent a Vianoce - v ktor\u00fdch je v\u010fa\u010dnos\u0165 aj tak ve\u013ekou t\u00e9mou - a potom cez Raun\u00e4chte a\u017e do 6. janu\u00e1ra. Takto m\u00f4\u017eete za\u010da\u0165 rok 2023 pln\u00ed v\u010fa\u010dnosti a manifesta\u010dnej sily.<\/p><p><strong>Viete, \u017ee ste tvorcom? Ve\u013ek\u00fa \u010das\u0165 svojho \u017eivota si formujete sami. S v\u010fa\u010dnos\u0165ou sa v\u00e1m to dar\u00ed obzvl\u00e1\u0161\u0165 dobre a \u013eahko.<\/strong><\/p><p>\u00da\u010dinok v\u010fa\u010dnosti je obrovsk\u00fd. Postupom \u010dasu budete vn\u00fatorne pokojnej\u0161\u00ed, vyrovnanej\u0161\u00ed a \u0161\u0165astnej\u0161\u00ed. A vonkaj\u0161\u00ed svet okolo v\u00e1s sa tie\u017e zmen\u00ed k lep\u0161iemu, preto\u017ee pri\u0165ahujete to, za \u010do ste v\u010fa\u010dn\u00ed. Nem\u00e1te \u010do strati\u0165 a m\u00f4\u017eete ve\u013ea z\u00edska\u0165.<\/p><h3>Vysk\u00fa\u0161ajte si to:<\/h3><p>N\u00e1jdite nie\u010do, za \u010do ste v\u010fa\u010dn\u00ed. C\u00ed\u0165te sa vo svojom vn\u00fatri. Ak\u00fd je to pocit by\u0165 v\u010fa\u010dn\u00fd? Dobre? Usmievate sa pr\u00e1ve teraz?<\/p><p>Tak bu\u010fte pri tom so svojou v\u010fa\u010dnos\u0165ou po\u010das nasleduj\u00facich desiatich t\u00fd\u017ed\u0148ov! \u0160\u0165astn\u00e9 diev\u010dat\u00e1 v\u00e1s podporia. Kto chce by\u0165 nev\u010fa\u010dn\u00fd lakomec a zle zaobch\u00e1dza\u0165 so svojimi bl\u00ed\u017enymi? Spolo\u010dne vytvor\u00edme \"vlny v\u010fa\u010dnosti\" a urob\u00edme svet lep\u0161\u00edm - kv\u00f4li sebe, kv\u00f4li na\u0161im de\u0165om a kv\u00f4li v\u0161etk\u00fdm de\u0165om na zemi!<\/p><p>Prajeme v\u00e1m kr\u00e1sne a v\u010fa\u010dn\u00e9 chv\u00edle.<\/p><p>V\u00e1\u0161<\/p><p><img decoding=\"async\" class=\"alignnone wp-image-4614 size-medium\" src=\"https:\/\/gradido.net\/wp-content\/uploads\/2022\/06\/MargretBernd_2022-300x74.png\" alt=\"\" width=\"300\" height=\"74\" srcset=\"https:\/\/gradido.net\/wp-content\/uploads\/2022\/06\/MargretBernd_2022-300x74.png 300w, https:\/\/gradido.net\/wp-content\/uploads\/2022\/06\/MargretBernd_2022-18x4.png 18w, https:\/\/gradido.net\/wp-content\/uploads\/2022\/06\/MargretBernd_2022.png 431w\" sizes=\"(max-width: 300px) 100vw, 300px\" \/><\/p><p>Margret Baier a Bernd H\u00fcckst\u00e4dt<br \/>Zakladate\u013e a v\u00fdvoj\u00e1r spolo\u010dnosti Gradido<\/p>\t\t\t\t\t\t\t\t<\/div>\n\t\t\t\t<\/div>\n\t\t\t\t\t<\/div>\n\t\t<\/div>\n\t\t\t\t\t<\/div>\n\t\t<\/section>\n\t\t\t\t<section class=\"elementor-section elementor-top-section elementor-element elementor-element-30b31f1 elementor-section-boxed elementor-section-height-default elementor-section-height-default\" data-id=\"30b31f1\" data-element_type=\"section\" data-e-type=\"section\">\n\t\t\t\t\t\t<div class=\"elementor-container elementor-column-gap-default\">\n\t\t\t\t\t<div class=\"elementor-column elementor-col-100 elementor-top-column elementor-element elementor-element-0f96c3c\" data-id=\"0f96c3c\" data-element_type=\"column\" data-e-type=\"column\">\n\t\t\t<div class=\"elementor-widget-wrap elementor-element-populated\">\n\t\t\t\t\t\t<div class=\"elementor-element elementor-element-da46ab7 elementor-widget elementor-widget-global elementor-global-9341 elementor-widget-text-editor\" data-id=\"da46ab7\" data-element_type=\"widget\" data-e-type=\"widget\" data-widget_type=\"text-editor.default\">\n\t\t\t\t<div class=\"elementor-widget-container\">\n\t\t\t\t\t\t\t\t\t<p><strong>PS:\u00a0<span style=\"color: #ff6600;\"><a style=\"color: #ff6600;\" href=\"https:\/\/gradido.net\/sk\/donations\/\">Vzh\u013eadom na st\u00e1le rast\u00faci v\u00fdznam Gradida opakujeme na\u0161u kampa\u0148 v\u010faky 26. j\u00fana 2026:<\/a>\u00a0<\/span><span style=\"color: #0000ff;\"><a style=\"color: #0000ff;\" href=\"https:\/\/gradido.net\/sk\/donations\/\">Okrem viacn\u00e1sobnej GradidoTransform za v\u00e1\u0161 sponzorsk\u00fd pr\u00edspevok nav\u00fd\u0161ime 26.6.2016 v\u0161etky zostatky na \u00fa\u010dtoch GDT o 26%. Sponzorujte teraz a u\u017eite si nieko\u013ekon\u00e1sobn\u00fa sumu GDT!<\/a><\/span><\/strong><\/p>\t\t\t\t\t\t\t\t<\/div>\n\t\t\t\t<\/div>\n\t\t\t\t\t<\/div>\n\t\t<\/div>\n\t\t\t\t\t<\/div>\n\t\t<\/section>\n\t\t\t\t<\/div>","protected":false},"excerpt":{"rendered":"<p>Zaka\u017ed\u00fdm, ke\u010f posielate Gradidos in\u00fdm \u013eu\u010fom, vn\u00e1\u0161ate v\u010fa\u010dnos\u0165 do ich \u017eivota, ako aj do svojho vlastn\u00e9ho. V\u010fa\u010dnos\u0165 je n\u00e1dhern\u00fd pocit. Ka\u017edodenn\u00fdm vyvol\u00e1van\u00edm, o\u0161etrovan\u00edm a u\u017e\u00edvan\u00edm si ho posil\u0148ujeme svoju pohodu a tvoriv\u00fa silu. <\/p>","protected":false},"author":2,"featured_media":5822,"comment_status":"closed","ping_status":"closed","sticky":false,"template":"","format":"standard","meta":{"footnotes":""},"categories":[11,54,56],"tags":[],"class_list":["post-5821","post","type-post","status-publish","format-standard","has-post-thumbnail","hentry","category-blog","category-community","category-psychologie"],"yoast_head":"<!-- This site is optimized with the Yoast SEO plugin v27.5 - https:\/\/yoast.com\/product\/yoast-seo-wordpress\/ -->\n<title>10 Wochen voller Dankbarkeit - Gradido<\/title>\n<meta name=\"description\" content=\"Jedes Mal, wenn Du anderen Menschen Gradidos sendest, zauberst Du Dankbarkeit sowohl in deren Leben, als auch in Dein eigenes. Dankbarkeit ist ein wunderbares Gef\u00fchl. Indem wir es t\u00e4glich aufrufen, n\u00e4hren und genie\u00dfen, st\u00e4rken wir unser Wohlbefinden und unsere Sch\u00f6pferkraft.\" \/>\n<meta name=\"robots\" content=\"index, follow, max-snippet:-1, max-image-preview:large, max-video-preview:-1\" \/>\n<link rel=\"canonical\" href=\"https:\/\/gradido.net\/sk\/10-wochen-voller-dankbarkeit\/\" \/>\n<meta property=\"og:locale\" content=\"sk_SK\" \/>\n<meta property=\"og:type\" content=\"article\" \/>\n<meta property=\"og:title\" content=\"10 Wochen voller Dankbarkeit - Gradido\" \/>\n<meta property=\"og:description\" content=\"Jedes Mal, wenn Du anderen Menschen Gradidos sendest, zauberst Du Dankbarkeit sowohl in deren Leben, als auch in Dein eigenes. Dankbarkeit ist ein wunderbares Gef\u00fchl. Indem wir es t\u00e4glich aufrufen, n\u00e4hren und genie\u00dfen, st\u00e4rken wir unser Wohlbefinden und unsere Sch\u00f6pferkraft.\" \/>\n<meta property=\"og:url\" content=\"https:\/\/gradido.net\/sk\/10-wochen-voller-dankbarkeit\/\" \/>\n<meta property=\"og:site_name\" content=\"Gradido\" \/>\n<meta property=\"article:published_time\" content=\"2022-10-25T04:43:28+00:00\" \/>\n<meta property=\"article:modified_time\" content=\"2026-04-24T06:12:29+00:00\" \/>\n<meta property=\"og:image\" content=\"https:\/\/gradido.net\/wp-content\/uploads\/2022\/10\/10WDankbarkeit.jpg\" \/>\n\t<meta property=\"og:image:width\" content=\"1500\" \/>\n\t<meta property=\"og:image:height\" content=\"1000\" \/>\n\t<meta property=\"og:image:type\" content=\"image\/jpeg\" \/>\n<meta name=\"author\" content=\"Bernd H\u00fcckst\u00e4dt\" \/>\n<meta name=\"twitter:card\" content=\"summary_large_image\" \/>\n<meta name=\"twitter:label1\" content=\"Autor\" \/>\n\t<meta name=\"twitter:data1\" content=\"Bernd H\u00fcckst\u00e4dt\" \/>\n\t<meta name=\"twitter:label2\" content=\"Predpokladan\u00fd \u010das \u010d\u00edtania\" \/>\n\t<meta name=\"twitter:data2\" content=\"4 min\u00faty\" \/>\n<script type=\"application\/ld+json\" class=\"yoast-schema-graph\">{\"@context\":\"https:\\\/\\\/schema.org\",\"@graph\":[{\"@type\":\"Article\",\"@id\":\"https:\\\/\\\/gradido.net\\\/10-wochen-voller-dankbarkeit\\\/#article\",\"isPartOf\":{\"@id\":\"https:\\\/\\\/gradido.net\\\/10-wochen-voller-dankbarkeit\\\/\"},\"author\":{\"name\":\"Bernd H\u00fcckst\u00e4dt\",\"@id\":\"https:\\\/\\\/gradido.net\\\/de\\\/#\\\/schema\\\/person\\\/9c503a004ad15a1ddecadce2218db5d1\"},\"headline\":\"10 Wochen voller Dankbarkeit\",\"datePublished\":\"2022-10-25T04:43:28+00:00\",\"dateModified\":\"2026-04-24T06:12:29+00:00\",\"mainEntityOfPage\":{\"@id\":\"https:\\\/\\\/gradido.net\\\/10-wochen-voller-dankbarkeit\\\/\"},\"wordCount\":557,\"publisher\":{\"@id\":\"https:\\\/\\\/gradido.net\\\/de\\\/#organization\"},\"image\":{\"@id\":\"https:\\\/\\\/gradido.net\\\/10-wochen-voller-dankbarkeit\\\/#primaryimage\"},\"thumbnailUrl\":\"https:\\\/\\\/gradido.net\\\/wp-content\\\/uploads\\\/2022\\\/10\\\/10WDankbarkeit.jpg\",\"articleSection\":[\"Blog\",\"Community\",\"Psychologie\"],\"inLanguage\":\"sk-SK\"},{\"@type\":\"WebPage\",\"@id\":\"https:\\\/\\\/gradido.net\\\/10-wochen-voller-dankbarkeit\\\/\",\"url\":\"https:\\\/\\\/gradido.net\\\/10-wochen-voller-dankbarkeit\\\/\",\"name\":\"10 Wochen voller Dankbarkeit - Gradido\",\"isPartOf\":{\"@id\":\"https:\\\/\\\/gradido.net\\\/de\\\/#website\"},\"primaryImageOfPage\":{\"@id\":\"https:\\\/\\\/gradido.net\\\/10-wochen-voller-dankbarkeit\\\/#primaryimage\"},\"image\":{\"@id\":\"https:\\\/\\\/gradido.net\\\/10-wochen-voller-dankbarkeit\\\/#primaryimage\"},\"thumbnailUrl\":\"https:\\\/\\\/gradido.net\\\/wp-content\\\/uploads\\\/2022\\\/10\\\/10WDankbarkeit.jpg\",\"datePublished\":\"2022-10-25T04:43:28+00:00\",\"dateModified\":\"2026-04-24T06:12:29+00:00\",\"description\":\"Jedes Mal, wenn Du anderen Menschen Gradidos sendest, zauberst Du Dankbarkeit sowohl in deren Leben, als auch in Dein eigenes. Dankbarkeit ist ein wunderbares Gef\u00fchl. Indem wir es t\u00e4glich aufrufen, n\u00e4hren und genie\u00dfen, st\u00e4rken wir unser Wohlbefinden und unsere Sch\u00f6pferkraft.\",\"breadcrumb\":{\"@id\":\"https:\\\/\\\/gradido.net\\\/10-wochen-voller-dankbarkeit\\\/#breadcrumb\"},\"inLanguage\":\"sk-SK\",\"potentialAction\":[{\"@type\":\"ReadAction\",\"target\":[\"https:\\\/\\\/gradido.net\\\/10-wochen-voller-dankbarkeit\\\/\"]}]},{\"@type\":\"ImageObject\",\"inLanguage\":\"sk-SK\",\"@id\":\"https:\\\/\\\/gradido.net\\\/10-wochen-voller-dankbarkeit\\\/#primaryimage\",\"url\":\"https:\\\/\\\/gradido.net\\\/wp-content\\\/uploads\\\/2022\\\/10\\\/10WDankbarkeit.jpg\",\"contentUrl\":\"https:\\\/\\\/gradido.net\\\/wp-content\\\/uploads\\\/2022\\\/10\\\/10WDankbarkeit.jpg\",\"width\":1500,\"height\":1000},{\"@type\":\"BreadcrumbList\",\"@id\":\"https:\\\/\\\/gradido.net\\\/10-wochen-voller-dankbarkeit\\\/#breadcrumb\",\"itemListElement\":[{\"@type\":\"ListItem\",\"position\":1,\"name\":\"Startseite\",\"item\":\"https:\\\/\\\/gradido.net\\\/\"},{\"@type\":\"ListItem\",\"position\":2,\"name\":\"10 Wochen voller Dankbarkeit\"}]},{\"@type\":\"WebSite\",\"@id\":\"https:\\\/\\\/gradido.net\\\/de\\\/#website\",\"url\":\"https:\\\/\\\/gradido.net\\\/de\\\/\",\"name\":\"Gradido\",\"description\":\"Die neue W\u00e4hrung hei\u00dft Dankbarkeit\",\"publisher\":{\"@id\":\"https:\\\/\\\/gradido.net\\\/de\\\/#organization\"},\"potentialAction\":[{\"@type\":\"SearchAction\",\"target\":{\"@type\":\"EntryPoint\",\"urlTemplate\":\"https:\\\/\\\/gradido.net\\\/de\\\/?s={search_term_string}\"},\"query-input\":{\"@type\":\"PropertyValueSpecification\",\"valueRequired\":true,\"valueName\":\"search_term_string\"}}],\"inLanguage\":\"sk-SK\"},{\"@type\":\"Organization\",\"@id\":\"https:\\\/\\\/gradido.net\\\/de\\\/#organization\",\"name\":\"Gradido\",\"url\":\"https:\\\/\\\/gradido.net\\\/de\\\/\",\"logo\":{\"@type\":\"ImageObject\",\"inLanguage\":\"sk-SK\",\"@id\":\"https:\\\/\\\/gradido.net\\\/de\\\/#\\\/schema\\\/logo\\\/image\\\/\",\"url\":\"https:\\\/\\\/gradido.net\\\/wp-content\\\/uploads\\\/2022\\\/04\\\/gradido-social.jpg\",\"contentUrl\":\"https:\\\/\\\/gradido.net\\\/wp-content\\\/uploads\\\/2022\\\/04\\\/gradido-social.jpg\",\"width\":527,\"height\":273,\"caption\":\"Gradido\"},\"image\":{\"@id\":\"https:\\\/\\\/gradido.net\\\/de\\\/#\\\/schema\\\/logo\\\/image\\\/\"}},{\"@type\":\"Person\",\"@id\":\"https:\\\/\\\/gradido.net\\\/de\\\/#\\\/schema\\\/person\\\/9c503a004ad15a1ddecadce2218db5d1\",\"name\":\"Bernd H\u00fcckst\u00e4dt\",\"sameAs\":[\"https:\\\/\\\/gradido.net\"],\"url\":\"https:\\\/\\\/gradido.net\\\/sk\\\/author\\\/bernd\\\/\"}]}<\/script>\n<!-- \/ Yoast SEO plugin. -->","yoast_head_json":{"title":"10 t\u00fd\u017ed\u0148ov pln\u00fdch v\u010fa\u010dnosti - Gradido","description":"Zaka\u017ed\u00fdm, ke\u010f posielate Gradidos in\u00fdm \u013eu\u010fom, vn\u00e1\u0161ate v\u010fa\u010dnos\u0165 do ich \u017eivota, ako aj do svojho vlastn\u00e9ho. V\u010fa\u010dnos\u0165 je n\u00e1dhern\u00fd pocit. Ka\u017edodenn\u00fdm vyvol\u00e1van\u00edm, o\u0161etrovan\u00edm a u\u017e\u00edvan\u00edm si ho posil\u0148ujeme svoju pohodu a tvoriv\u00fa silu.","robots":{"index":"index","follow":"follow","max-snippet":"max-snippet:-1","max-image-preview":"max-image-preview:large","max-video-preview":"max-video-preview:-1"},"canonical":"https:\/\/gradido.net\/sk\/10-wochen-voller-dankbarkeit\/","og_locale":"sk_SK","og_type":"article","og_title":"10 Wochen voller Dankbarkeit - Gradido","og_description":"Jedes Mal, wenn Du anderen Menschen Gradidos sendest, zauberst Du Dankbarkeit sowohl in deren Leben, als auch in Dein eigenes. Dankbarkeit ist ein wunderbares Gef\u00fchl. Indem wir es t\u00e4glich aufrufen, n\u00e4hren und genie\u00dfen, st\u00e4rken wir unser Wohlbefinden und unsere Sch\u00f6pferkraft.","og_url":"https:\/\/gradido.net\/sk\/10-wochen-voller-dankbarkeit\/","og_site_name":"Gradido","article_published_time":"2022-10-25T04:43:28+00:00","article_modified_time":"2026-04-24T06:12:29+00:00","og_image":[{"width":1500,"height":1000,"url":"https:\/\/gradido.net\/wp-content\/uploads\/2022\/10\/10WDankbarkeit.jpg","type":"image\/jpeg"}],"author":"Bernd H\u00fcckst\u00e4dt","twitter_card":"summary_large_image","twitter_misc":{"Autor":"Bernd H\u00fcckst\u00e4dt","Predpokladan\u00fd \u010das \u010d\u00edtania":"4 min\u00faty"},"schema":{"@context":"https:\/\/schema.org","@graph":[{"@type":"Article","@id":"https:\/\/gradido.net\/10-wochen-voller-dankbarkeit\/#article","isPartOf":{"@id":"https:\/\/gradido.net\/10-wochen-voller-dankbarkeit\/"},"author":{"name":"Bernd H\u00fcckst\u00e4dt","@id":"https:\/\/gradido.net\/de\/#\/schema\/person\/9c503a004ad15a1ddecadce2218db5d1"},"headline":"10 Wochen voller Dankbarkeit","datePublished":"2022-10-25T04:43:28+00:00","dateModified":"2026-04-24T06:12:29+00:00","mainEntityOfPage":{"@id":"https:\/\/gradido.net\/10-wochen-voller-dankbarkeit\/"},"wordCount":557,"publisher":{"@id":"https:\/\/gradido.net\/de\/#organization"},"image":{"@id":"https:\/\/gradido.net\/10-wochen-voller-dankbarkeit\/#primaryimage"},"thumbnailUrl":"https:\/\/gradido.net\/wp-content\/uploads\/2022\/10\/10WDankbarkeit.jpg","articleSection":["Blog","Community","Psychologie"],"inLanguage":"sk-SK"},{"@type":"WebPage","@id":"https:\/\/gradido.net\/10-wochen-voller-dankbarkeit\/","url":"https:\/\/gradido.net\/10-wochen-voller-dankbarkeit\/","name":"10 t\u00fd\u017ed\u0148ov pln\u00fdch v\u010fa\u010dnosti - Gradido","isPartOf":{"@id":"https:\/\/gradido.net\/de\/#website"},"primaryImageOfPage":{"@id":"https:\/\/gradido.net\/10-wochen-voller-dankbarkeit\/#primaryimage"},"image":{"@id":"https:\/\/gradido.net\/10-wochen-voller-dankbarkeit\/#primaryimage"},"thumbnailUrl":"https:\/\/gradido.net\/wp-content\/uploads\/2022\/10\/10WDankbarkeit.jpg","datePublished":"2022-10-25T04:43:28+00:00","dateModified":"2026-04-24T06:12:29+00:00","description":"Zaka\u017ed\u00fdm, ke\u010f posielate Gradidos in\u00fdm \u013eu\u010fom, vn\u00e1\u0161ate v\u010fa\u010dnos\u0165 do ich \u017eivota, ako aj do svojho vlastn\u00e9ho. V\u010fa\u010dnos\u0165 je n\u00e1dhern\u00fd pocit. Ka\u017edodenn\u00fdm vyvol\u00e1van\u00edm, o\u0161etrovan\u00edm a u\u017e\u00edvan\u00edm si ho posil\u0148ujeme svoju pohodu a tvoriv\u00fa silu.","breadcrumb":{"@id":"https:\/\/gradido.net\/10-wochen-voller-dankbarkeit\/#breadcrumb"},"inLanguage":"sk-SK","potentialAction":[{"@type":"ReadAction","target":["https:\/\/gradido.net\/10-wochen-voller-dankbarkeit\/"]}]},{"@type":"ImageObject","inLanguage":"sk-SK","@id":"https:\/\/gradido.net\/10-wochen-voller-dankbarkeit\/#primaryimage","url":"https:\/\/gradido.net\/wp-content\/uploads\/2022\/10\/10WDankbarkeit.jpg","contentUrl":"https:\/\/gradido.net\/wp-content\/uploads\/2022\/10\/10WDankbarkeit.jpg","width":1500,"height":1000},{"@type":"BreadcrumbList","@id":"https:\/\/gradido.net\/10-wochen-voller-dankbarkeit\/#breadcrumb","itemListElement":[{"@type":"ListItem","position":1,"name":"Startseite","item":"https:\/\/gradido.net\/"},{"@type":"ListItem","position":2,"name":"10 Wochen voller Dankbarkeit"}]},{"@type":"WebSite","@id":"https:\/\/gradido.net\/de\/#website","url":"https:\/\/gradido.net\/de\/","name":"Gradido","description":"Novou menou je v\u010fa\u010dnos\u0165","publisher":{"@id":"https:\/\/gradido.net\/de\/#organization"},"potentialAction":[{"@type":"SearchAction","target":{"@type":"EntryPoint","urlTemplate":"https:\/\/gradido.net\/de\/?s={search_term_string}"},"query-input":{"@type":"PropertyValueSpecification","valueRequired":true,"valueName":"search_term_string"}}],"inLanguage":"sk-SK"},{"@type":"Organization","@id":"https:\/\/gradido.net\/de\/#organization","name":"Gradido","url":"https:\/\/gradido.net\/de\/","logo":{"@type":"ImageObject","inLanguage":"sk-SK","@id":"https:\/\/gradido.net\/de\/#\/schema\/logo\/image\/","url":"https:\/\/gradido.net\/wp-content\/uploads\/2022\/04\/gradido-social.jpg","contentUrl":"https:\/\/gradido.net\/wp-content\/uploads\/2022\/04\/gradido-social.jpg","width":527,"height":273,"caption":"Gradido"},"image":{"@id":"https:\/\/gradido.net\/de\/#\/schema\/logo\/image\/"}},{"@type":"Person","@id":"https:\/\/gradido.net\/de\/#\/schema\/person\/9c503a004ad15a1ddecadce2218db5d1","name":"Bernd H\u00fcckst\u00e4dt","sameAs":["https:\/\/gradido.net"],"url":"https:\/\/gradido.net\/sk\/author\/bernd\/"}]}},"_links":{"self":[{"href":"https:\/\/gradido.net\/sk\/wp-json\/wp\/v2\/posts\/5821","targetHints":{"allow":["GET"]}}],"collection":[{"href":"https:\/\/gradido.net\/sk\/wp-json\/wp\/v2\/posts"}],"about":[{"href":"https:\/\/gradido.net\/sk\/wp-json\/wp\/v2\/types\/post"}],"author":[{"embeddable":true,"href":"https:\/\/gradido.net\/sk\/wp-json\/wp\/v2\/users\/2"}],"replies":[{"embeddable":true,"href":"https:\/\/gradido.net\/sk\/wp-json\/wp\/v2\/comments?post=5821"}],"version-history":[{"count":31,"href":"https:\/\/gradido.net\/sk\/wp-json\/wp\/v2\/posts\/5821\/revisions"}],"predecessor-version":[{"id":13601,"href":"https:\/\/gradido.net\/sk\/wp-json\/wp\/v2\/posts\/5821\/revisions\/13601"}],"wp:featuredmedia":[{"embeddable":true,"href":"https:\/\/gradido.net\/sk\/wp-json\/wp\/v2\/media\/5822"}],"wp:attachment":[{"href":"https:\/\/gradido.net\/sk\/wp-json\/wp\/v2\/media?parent=5821"}],"wp:term":[{"taxonomy":"category","embeddable":true,"href":"https:\/\/gradido.net\/sk\/wp-json\/wp\/v2\/categories?post=5821"},{"taxonomy":"post_tag","embeddable":true,"href":"https:\/\/gradido.net\/sk\/wp-json\/wp\/v2\/tags?post=5821"}],"curies":[{"name":"wp","href":"https:\/\/api.w.org\/{rel}","templated":true}]}}