{"id":6017,"date":"2023-01-01T00:17:31","date_gmt":"2022-12-31T23:17:31","guid":{"rendered":"https:\/\/gradido.net\/?p=6017"},"modified":"2026-04-24T08:09:27","modified_gmt":"2026-04-24T06:09:27","slug":"gradido-konto-2023-neues-design-und-dezentrale-communities","status":"publish","type":"post","link":"https:\/\/gradido.net\/sk\/gradido-konto-2023-neues-design-und-dezentrale-communities\/","title":{"rendered":"\u00da\u010det Gradido 2023: nov\u00fd dizajn a decentralizovan\u00e9 komunity"},"content":{"rendered":"<div data-elementor-type=\"wp-post\" data-elementor-id=\"6017\" class=\"elementor elementor-6017\" data-elementor-post-type=\"post\">\n\t\t\t\t\t\t<section class=\"elementor-section elementor-top-section elementor-element elementor-element-496e1d53 elementor-section-boxed elementor-section-height-default elementor-section-height-default\" data-id=\"496e1d53\" data-element_type=\"section\" data-e-type=\"section\">\n\t\t\t\t\t\t<div class=\"elementor-container elementor-column-gap-default\">\n\t\t\t\t\t<div class=\"elementor-column elementor-col-100 elementor-top-column elementor-element elementor-element-461d7be0\" data-id=\"461d7be0\" data-element_type=\"column\" data-e-type=\"column\">\n\t\t\t<div class=\"elementor-widget-wrap elementor-element-populated\">\n\t\t\t\t\t\t<div class=\"elementor-element elementor-element-cd9ebe2 elementor-widget elementor-widget-text-editor\" data-id=\"cd9ebe2\" data-element_type=\"widget\" data-e-type=\"widget\" data-widget_type=\"text-editor.default\">\n\t\t\t\t<div class=\"elementor-widget-container\">\n\t\t\t\t\t\t\t\t\t<p style=\"text-align: right;\"><em>\"Obdivujeme kr\u00e1su mot\u00fd\u013ea, ale m\u00e1lokedy si uvedomujeme, ak\u00fdmi zmenami musel prejs\u0165, aby sa stal tak\u00fdm kr\u00e1snym.\"<\/em><br \/><em>\u00a0<\/em><br \/><em>- Maya Angelou <br \/>Americk\u00fd spisovate\u013e, profesor a aktivista za \u013eudsk\u00e9 pr\u00e1va <br \/>1928 - 2014<\/em><\/p><p style=\"text-align: left;\">V\u00e1\u017een\u00fd \u010ditate\u013e,<\/p><p>Sk\u00f4r ako prejdeme k dne\u0161nej d\u00f4le\u017eitej t\u00e9me, dovo\u013ete n\u00e1m polo\u017ei\u0165 ot\u00e1zku:<\/p><h4>\"Ste bunkou Imago\"?<\/h4><p>Imago - \u010co???<br \/>Ke\u010f sa \u010das h\u00fasenice kon\u010d\u00ed, tvoria sa nov\u00e9 typy buniek - najprv sporadicky - ktor\u00e9 u\u017e nes\u00fa podobu farebn\u00e9ho mot\u00fd\u013ea pln\u00e9ho \u017eivota. Naz\u00fdvaj\u00fa sa \"imago bunky\". Spo\u010diatku proti nim z\u00farivo bojuj\u00fa star\u00e9 h\u00fasenice. Postupom \u010dasu v\u0161ak buniek Imago prib\u00fada. Navz\u00e1jom sa spozn\u00e1vaj\u00fa a sp\u00e1jaj\u00fa. Vytv\u00e1raj\u00fa paraleln\u00e9 \u0161trukt\u00fary a v h\u00faseniciach si vytv\u00e1raj\u00fa \u010do najv\u00e4\u010d\u0161ie pohodlie. Ka\u017ed\u00e1 bunka Imaga prin\u00e1\u0161a do komunity svoje vlastn\u00e9 \u0161peci\u00e1lne schopnosti. Postupne sa nov\u00e9 bunkov\u00e9 spolo\u010denstv\u00e1 zv\u00e4\u010d\u0161uj\u00fa a st\u00e1vaj\u00fa sa po\u010detnej\u0161\u00edmi. Ako huby sa objavuj\u00fa v\u0161ade a sp\u00e1jaj\u00fa sa do jedn\u00e9ho ve\u013ek\u00e9ho celku, a\u017e k\u00fdm star\u00e1 h\u00fasenica nezanikne. Potom sa zrazu z kukly vyliahne kr\u00e1sny mot\u00fd\u013e a s \u013eahkos\u0165ou a rados\u0165ou sa vznesie do vzduchu.<\/p>\t\t\t\t\t\t\t\t<\/div>\n\t\t\t\t<\/div>\n\t\t\t\t<div class=\"elementor-element elementor-element-f16312a elementor-widget elementor-widget-image\" data-id=\"f16312a\" data-element_type=\"widget\" data-e-type=\"widget\" data-widget_type=\"image.default\">\n\t\t\t\t<div class=\"elementor-widget-container\">\n\t\t\t\t\t\t\t\t\t\t\t\t\t\t\t<img fetchpriority=\"high\" decoding=\"async\" width=\"1200\" height=\"288\" src=\"https:\/\/gradido.net\/wp-content\/uploads\/2022\/12\/Raupe-Schmetterling.jpg\" class=\"attachment-full size-full wp-image-6023\" alt=\"Metamorf\u00f3za z h\u00fasenice na mot\u00fd\u013ea\" srcset=\"https:\/\/gradido.net\/wp-content\/uploads\/2022\/12\/Raupe-Schmetterling.jpg 1200w, https:\/\/gradido.net\/wp-content\/uploads\/2022\/12\/Raupe-Schmetterling-300x72.jpg 300w, https:\/\/gradido.net\/wp-content\/uploads\/2022\/12\/Raupe-Schmetterling-1024x246.jpg 1024w, https:\/\/gradido.net\/wp-content\/uploads\/2022\/12\/Raupe-Schmetterling-768x184.jpg 768w, https:\/\/gradido.net\/wp-content\/uploads\/2022\/12\/Raupe-Schmetterling-18x4.jpg 18w\" sizes=\"(max-width: 1200px) 100vw, 1200px\" \/>\t\t\t\t\t\t\t\t\t\t\t\t\t\t\t<\/div>\n\t\t\t\t<\/div>\n\t\t\t\t<div class=\"elementor-element elementor-element-17272f9 elementor-widget elementor-widget-text-editor\" data-id=\"17272f9\" data-element_type=\"widget\" data-e-type=\"widget\" data-widget_type=\"text-editor.default\">\n\t\t\t\t<div class=\"elementor-widget-container\">\n\t\t\t\t\t\t\t\t\t<p>Ste tie\u017e bunkou Imago? \u00c1no? Potom si v\u0161imnete, \u017ee stret\u00e1vate \u010doraz viac \u013eud\u00ed, ktor\u00ed - ka\u017ed\u00fd svoj\u00edm sp\u00f4sobom - prispievaj\u00fa k metamorf\u00f3ze star\u00e9ho h\u00fasenicov\u00e9ho syst\u00e9mu na nov\u00fa mot\u00fdliu epochu \u013eudskej rodiny.<\/p><p><strong>Nov\u00fd \u010das sa bude vyzna\u010dova\u0165 uznan\u00edm, v\u010fa\u010dnos\u0165ou a l\u00e1skyplnou spolupatri\u010dnos\u0165ou - a to medzi ve\u013emi odli\u0161n\u00fdmi \u013eu\u010fmi.<\/strong><\/p><p>Dovtedy je v\u0161ak potrebn\u00e9 urobi\u0165 e\u0161te ve\u013ea krokov. Preto\u017ee zatia\u013e \u010do v\u0161etko vonku je \u010doraz drah\u0161ie a neistej\u0161ie, v zahrani\u010d\u00ed sa p\u00e1lia miliardy dol\u00e1rov, star\u00fd syst\u00e9m dlhov\u00fdch pe\u0148az\u00ed sa r\u00faca s \u010doraz hlasnej\u0161\u00edm rachotom a obvykl\u00ed podozriv\u00ed s\u00fa <a href=\"https:\/\/www.centerforhealthsecurity.org\/our-work\/exercises\/2022-catastrophic-contagion\/\" target=\"_blank\" rel=\"noopener\">\u010fal\u0161ia katastrofick\u00e1 pand\u00e9mia<\/a> n\u00e1cviku - tentoraz so zameran\u00edm na na\u0161e deti(!) - sa vyn\u00e1ra znepokojiv\u00e1 ot\u00e1zka:<\/p><p><strong>Budeme v de\u0148 X, ke\u010f bude Gradido potrebn\u00e9 na celom svete, pripraven\u00ed spolo\u010dne zavies\u0165 na Zemi spravodliv\u00fd a mierov\u00fd pe\u0148a\u017en\u00fd a hospod\u00e1rsky syst\u00e9m - pre dobro n\u00e1s sam\u00fdch, na\u0161ich det\u00ed a v\u0161etk\u00fdch det\u00ed Zeme?<\/strong>\u00a0<\/p><p>\u010casto s\u00fa to tich\u0161\u00ed \u013eudia, ktor\u00ed potichu, usilovne, srdcom a du\u0161ou vytv\u00e1raj\u00fa z\u00e1klady ve\u013ek\u00e9ho rozvoja. Na\u0161a str\u00e1nka <a href=\"https:\/\/gradido.net\/sk\/team\/\">V\u00fdvoj\u00e1r<\/a> v uplynul\u00fdch mesiacoch vykonali ve\u013ek\u00e9 pr\u00edpravn\u00e9 pr\u00e1ce, ktor\u00e9 sa naplnia v roku 2023. Na jednej strane si na v\u00fdvoj vyberaj\u00fa najbezpe\u010dnej\u0161ie technol\u00f3gie a na druhej strane vynakladaj\u00fa maxim\u00e1lne \u00fasilie na to, aby bolo ovl\u00e1danie pre n\u00e1s pou\u017e\u00edvate\u013eov \u010do najjednoduch\u0161ie a najintuit\u00edvnej\u0161ie. Mo\u017eno ste si u\u017e aj vy v\u0161imli, \u017ee sa v\u00e1m pohybuje \u010doraz \u013eah\u0161ie a \u017ee u\u017e takmer nepotrebujete podporu?<\/p><p><strong>N\u00e1s, \u013eud\u00ed z Imaga, je ve\u013ea a st\u00e1le n\u00e1s prib\u00fada. Nie v\u0161etci sa anga\u017euj\u00fa v mierovej transform\u00e1cii finan\u010dn\u00e9ho syst\u00e9mu a len m\u00e1lo z n\u00e1s ch\u00e1pe, \u017ee toto je Archimedov bod, v ktorom mus\u00edme zatiahnu\u0165 za p\u00e1ku, aby sme dosiahli zmenu - oslobodenie \u013eudskej rodiny.<\/strong><\/p>\t\t\t\t\t\t\t\t<\/div>\n\t\t\t\t<\/div>\n\t\t\t\t<div class=\"elementor-element elementor-element-483438c elementor-widget elementor-widget-image\" data-id=\"483438c\" data-element_type=\"widget\" data-e-type=\"widget\" data-widget_type=\"image.default\">\n\t\t\t\t<div class=\"elementor-widget-container\">\n\t\t\t\t\t\t\t\t\t\t\t\t\t\t\t<img decoding=\"async\" width=\"1300\" height=\"600\" src=\"https:\/\/gradido.net\/wp-content\/uploads\/2022\/12\/Hebel_Archimedes.jpg\" class=\"attachment-full size-full wp-image-6033\" alt=\"\" srcset=\"https:\/\/gradido.net\/wp-content\/uploads\/2022\/12\/Hebel_Archimedes.jpg 1300w, https:\/\/gradido.net\/wp-content\/uploads\/2022\/12\/Hebel_Archimedes-300x138.jpg 300w, https:\/\/gradido.net\/wp-content\/uploads\/2022\/12\/Hebel_Archimedes-1024x473.jpg 1024w, https:\/\/gradido.net\/wp-content\/uploads\/2022\/12\/Hebel_Archimedes-768x354.jpg 768w, https:\/\/gradido.net\/wp-content\/uploads\/2022\/12\/Hebel_Archimedes-18x8.jpg 18w\" sizes=\"(max-width: 1300px) 100vw, 1300px\" \/>\t\t\t\t\t\t\t\t\t\t\t\t\t\t\t<\/div>\n\t\t\t\t<\/div>\n\t\t\t\t<div class=\"elementor-element elementor-element-b136aa9 elementor-widget elementor-widget-text-editor\" data-id=\"b136aa9\" data-element_type=\"widget\" data-e-type=\"widget\" data-widget_type=\"text-editor.default\">\n\t\t\t\t<div class=\"elementor-widget-container\">\n\t\t\t\t\t\t\t\t\t<p>Preto\u017ee kto m\u00e1 moc nad peniazmi, m\u00e1 moc. Alebo inak povedan\u00e9:<\/p><p style=\"text-align: right;\"><strong><em>\"Dajte mi kontrolu nad n\u00e1rodnou menou a je mi jedno, kto tvor\u00ed z\u00e1kony!\"<\/em><\/strong><\/p><p style=\"text-align: right;\"><em>- Mayer Amschel Rothschild<\/em><br \/><em>(1744 - 1812), nemeck\u00fd \u0161\u013eachtic a bank\u00e1r<\/em><\/p><p>S Gradidom m\u00e1me ako \u013eudsk\u00e1 rodina v ruk\u00e1ch n\u00e1stroje na op\u00e4tovn\u00e9 z\u00edskanie kontroly nad peniazmi a na vytvorenie prosperity a mieru pre v\u0161etk\u00fdch - v harm\u00f3nii s pr\u00edrodou. Za\u010d\u00edna to vytv\u00e1ran\u00edm pe\u0148az\u00ed ka\u017ed\u00fdm jednotlivcom v decentralizovan\u00fdch sie\u0165ov\u00fdch komunit\u00e1ch, cez slobodu prostredn\u00edctvom vlastn\u00e9ho vytvoren\u00e9ho akt\u00edvneho z\u00e1kladn\u00e9ho pr\u00edjmu a\u017e po sociokratick\u00e9 rozhodovacie \u0161trukt\u00fary o vyu\u017e\u00edvan\u00ed verejn\u00e9ho rozpo\u010dtu a vyrovn\u00e1vacieho a environment\u00e1lneho fondu.<\/p><p>Aby sa Gradido \u013eahko \u0161\u00edrilo, mus\u00ed by\u0165 z\u00e1bavn\u00e9. Tak sa stane atrakt\u00edvnym aj pre mlad\u00fdch \u013eud\u00ed. M\u00f4\u017ee sa sta\u0165 \u013eahko pou\u017eite\u013en\u00fdm hrav\u00fdm n\u00e1strojom na rozvoj potenci\u00e1lu, sebad\u00f4very a kreativity.<\/p><p><strong>Na opl\u00e1tku z\u00edskava \u00fa\u010det Gradido modern\u00fd atrakt\u00edvny \u013eahk\u00fd okr\u00fahly dizajn, ktor\u00fd je tak univerz\u00e1lne koncipovan\u00fd, \u017ee st\u00e1le zachov\u00e1va otvorenos\u0165 pre mnoh\u00e9 bud\u00face funkcie, ktor\u00e9 e\u0161te len pr\u00eddu.<\/strong><\/p><p>P\u00f4vodne to mal by\u0165 viano\u010dn\u00fd dar\u010dek pre komunitu Gradido. Teraz m\u00f4\u017eeme \u010daka\u0165 do polovice janu\u00e1ra a dovtedy si u\u017e\u00edva\u0165 o\u010dak\u00e1vanie. \ud83d\ude0a<\/p><h3>Pozrime sa, \u010do na\u0161i program\u00e1tori dosiahli v uplynulom roku<\/h3><p>V roku 2022 boli vyvinut\u00e9 tieto funkcie:<\/p><ol><li>Nov\u00e1 domovsk\u00e1 str\u00e1nka v responz\u00edvnom dizajne (vhodn\u00e1 pre po\u010d\u00edta\u010d aj mobil)<\/li><li>Viacjazy\u010dnos\u0165<\/li><li>Integr\u00e1cia piatich jazykov, \u010fal\u0161ie dva sa pripravuj\u00fa<\/li><li>Odkaz na Gradido a QR k\u00f3d: jednoducho po\u0161lite na ak\u00fdko\u013evek Gradido<\/li><li>Automatizovan\u00e9 odkazy a QR k\u00f3dy pre po\u010diato\u010dn\u00e9 kredity at\u010f.<\/li><li>Zaznamen\u00e1vajte pr\u00edspevky na spolo\u010dn\u00fd prospech priamo na \u00fa\u010det<\/li><li>Zapojenie sa do dial\u00f3gu s pou\u017e\u00edvate\u013emi prostredn\u00edctvom ot\u00e1zok o pr\u00edspevkoch na spolo\u010dn\u00e9 dobro<\/li><li>E-mailov\u00e9 upozornenia pri komentovan\u00ed a potvrdzovan\u00ed spolo\u010dn\u00fdch dobr\u00fdch pr\u00edspevkov<\/li><li>Mnoho \u010fal\u0161\u00edch vylep\u0161en\u00ed<\/li><li>Pr\u00edprava decentralizovan\u00fdch komunitn\u00fdch serverov<\/li><li>Pr\u00edprava nov\u00e9ho dizajnu<\/li><li>Automatick\u00e9 testy<\/li><li>LogFiles, t. j. zaznamen\u00e1vanie v\u00e4\u010d\u0161iny akci\u00ed, aby bolo mo\u017en\u00e9 r\u00fdchlo vystopova\u0165 pr\u00edpadn\u00e9 chyby.<\/li><\/ol><p><span style=\"color: #ffffff;\">.<\/span><\/p><p>Posledn\u00e9 dva body s\u00fa obrovskou pr\u00e1cou, z ktorej ste pravdepodobne mali ve\u013ek\u00fd \u00fa\u017eitok bez toho, aby ste si to uvedomovali.<\/p><p><strong>Alebo ste si v\u0161imli,<\/strong><\/p><ul><li>\u017ee softv\u00e9r spo\u013eahlivo fungoval aj po\u010das mnoh\u00fdch aktualiz\u00e1ci\u00ed,<\/li><li>\u017ee \u017eiadne hackersk\u00e9 \u00fatoky sa stali vidite\u013en\u00e9,<\/li><li>\u017ee \u00fa\u010det Gradido bol prakticky v\u017edy online,<\/li><li>\u017ee by ste mohli bez probl\u00e9mov odosiela\u0165 a prij\u00edma\u0165 Gradido prostredn\u00edctvom odkazov (so sprievodn\u00fdm textom) a QR k\u00f3dov?<\/li><\/ul><p><span style=\"color: #ffffff;\">.<\/span><\/p><p>Aby sme zaistili t\u00fato vysok\u00fa \u00farove\u0148 bezpe\u010dnosti, z\u00e1rove\u0148 p\u00ed\u0161eme automatick\u00e9 testy prakticky pre v\u0161etky funkcie. S\u00fa\u010dasn\u00e9 pokrytie testov je vo v\u00e4\u010d\u0161ine oblast\u00ed pribli\u017ene 95%. Ka\u017ed\u00e1 zmena mus\u00ed najprv prejs\u0165 v\u0161etk\u00fdmi testami, inak sa do softv\u00e9ru nedostane.<\/p><h2>\u010eakujeme v\u00e1m z cel\u00e9ho srdca<\/h2><p>Za to v\u0161etko v\u010fa\u010d\u00edme na\u0161ej \u00fa\u017easnej komunite, v\u00e1m, mil\u00ed \u013eudia z Imaga, ktor\u00ed ste svojimi \u0161tedr\u00fdmi pr\u00edspevkami a \u010dlenstvom zabezpe\u010dili, aby na\u0161i program\u00e1tori mohli vykon\u00e1va\u0165 svoju cenn\u00fa pr\u00e1cu. C\u00edtime, \u017ee v\u00e1m na tom z\u00e1le\u017e\u00ed. D\u00e1vate n\u00e1m istotu, \u017ee sme spolo\u010dne na spr\u00e1vnej ceste.<\/p><p>Z cel\u00e9ho srdca v\u00e1m \u010fakujeme za va\u0161e pr\u00edspevky na podporu GradidoTransform. Ako u\u017e pravdepodobne viete, na v\u00e1\u0161 \u00fa\u010det Gradido prip\u00ed\u0161eme minim\u00e1lne 15 GDT za ka\u017ed\u00e9 euro. Od 1 000 \u20ac je to 16-n\u00e1sobok a od 10 000 \u20ac dokonca 18-n\u00e1sobok. GradidoTransform (GDT) s\u00fa body v\u010fa\u010dnosti za \u010das transform\u00e1cie. Na rozdiel od Gradida nepodliehaj\u00fa pominute\u013enosti. Sl\u00fa\u017eia na transform\u00e1ciu a nesk\u00f4r sa m\u00f4\u017eu premeni\u0165 1:1 na Gradido - \u00fa\u017easn\u00fd \"\u0161tartovac\u00ed kapit\u00e1l\" pre nov\u00fa dobu.<\/p><h3>Akcia \"V\u010fa\u010dn\u00fd marec 23\" - Plus 23% GDT na 23.03.23<\/h3><p>D\u0148a 23. marca 2023 zv\u00fd\u0161ime zostatky v\u0161etk\u00fdch \u00fa\u010dtov GDT o \u010fal\u0161\u00edch 23 %. Na akcii sa z\u00fa\u010dastnia v\u0161etky finan\u010dn\u00e9 pr\u00edspevky prijat\u00e9 do polnoci tohto d\u0148a.<\/p><p>Touto koncepciou financovania by sme chceli vyjadri\u0165 na\u0161u v\u010faku v obzvl\u00e1\u0161\u0165 ve\u013ekej miere skvel\u00fdm \u013eu\u010fom, ktor\u00ed u\u017e v s\u00fa\u010dasnej f\u00e1ze projektu podporuj\u00fa Gradido a vkladaj\u00fa do\u0148 svoju d\u00f4veru.<\/p>\t\t\t\t\t\t\t\t<\/div>\n\t\t\t\t<\/div>\n\t\t\t\t<div class=\"elementor-element elementor-element-4408cdf elementor-align-center elementor-widget elementor-widget-button\" data-id=\"4408cdf\" data-element_type=\"widget\" data-e-type=\"widget\" data-widget_type=\"button.default\">\n\t\t\t\t<div class=\"elementor-widget-container\">\n\t\t\t\t\t\t\t\t\t<div class=\"elementor-button-wrapper\">\n\t\t\t\t\t<a class=\"elementor-button elementor-button-link elementor-size-sm\" href=\"\/sk\/donations\/\">\n\t\t\t\t\t\t<span class=\"elementor-button-content-wrapper\">\n\t\t\t\t\t\t\t\t\t<span class=\"elementor-button-text\">Propagujte teraz a z\u00edskajte GDT mnohokr\u00e1t viac!<\/span>\n\t\t\t\t\t<\/span>\n\t\t\t\t\t<\/a>\n\t\t\t\t<\/div>\n\t\t\t\t\t\t\t\t<\/div>\n\t\t\t\t<\/div>\n\t\t\t\t<div class=\"elementor-element elementor-element-d74dfa0 elementor-widget elementor-widget-text-editor\" data-id=\"d74dfa0\" data-element_type=\"widget\" data-e-type=\"widget\" data-widget_type=\"text-editor.default\">\n\t\t\t\t<div class=\"elementor-widget-container\">\n\t\t\t\t\t\t\t\t\t<p><strong>Mnoh\u00e9 nazna\u010duje, \u017ee rok 2023 bude osudov\u00fd. Teraz je d\u00f4le\u017eit\u00e9, aby sme dr\u017eali spolu a urobili v\u0161etko, \u010do je v \u013eudsk\u00fdch sil\u00e1ch, aby sme pre seba a svoje deti vytvorili hodnotn\u00fa bud\u00facnos\u0165.<\/strong><\/p><h2>\u010co im poviete?<\/h2><p>Ke\u010f sa v\u00e1s nesk\u00f4r mlad\u00ed \u013eudia op\u00fdtaj\u00fa: \"Boli ste vtedy tie\u017e bunkou Imago? Prispeli ste k mierovej transform\u00e1cii prostriedkami, ktor\u00e9 ste mali k dispoz\u00edcii? Alebo ste rad\u0161ej po\u010dkali, k\u00fdm ostatn\u00ed dokon\u010dia svoju pr\u00e1cu?\" - \u010co im poviete?<\/p><p>\u017del\u00e1me si, aby ste sa im mohli s rados\u0165ou pozrie\u0165 do o\u010d\u00ed a poveda\u0165: \"\u00c1no, vtedy som bol takouto bunkou Imago. \u010casto to nebolo \u013eahk\u00e9, ale som hrd\u00fd na to, \u017ee som sa podie\u013eal na tom, aby na\u0161a kr\u00e1sna Zem bola rajom, ak\u00fdm pravdepodobne kedysi mala by\u0165. A som neskonale v\u010fa\u010dn\u00fd za to, \u017ee teraz m\u00f4\u017eeme spolo\u010dne \u017ei\u0165 hodnotn\u00fd \u017eivot ako \u013eudsk\u00e1 rodina - v prosperite, mieri a harm\u00f3nii s pr\u00edrodou.\"<\/p><p>Tis\u00edckr\u00e1t v\u00e1m \u010fakujeme, \u017ee ste s nami a spoluvytv\u00e1rate bud\u00facnos\u0165, ktor\u00fa sa oplat\u00ed \u017ei\u0165!<\/p><p>Prajeme v\u00e1m a va\u0161im bl\u00edzkym kr\u00e1sny rok 2023<\/p><p>V\u00e1\u0161<\/p><p><img decoding=\"async\" class=\"alignnone wp-image-4614 size-medium\" src=\"https:\/\/gradido.net\/wp-content\/uploads\/2022\/06\/MargretBernd_2022-300x74.png\" alt=\"\" width=\"300\" height=\"74\" srcset=\"https:\/\/gradido.net\/wp-content\/uploads\/2022\/06\/MargretBernd_2022-300x74.png 300w, https:\/\/gradido.net\/wp-content\/uploads\/2022\/06\/MargretBernd_2022-18x4.png 18w, https:\/\/gradido.net\/wp-content\/uploads\/2022\/06\/MargretBernd_2022.png 431w\" sizes=\"(max-width: 300px) 100vw, 300px\" \/><\/p><p>Margret Baier a Bernd H\u00fcckst\u00e4dt<br \/>Zakladate\u013e a v\u00fdvoj\u00e1r spolo\u010dnosti Gradido<\/p>\t\t\t\t\t\t\t\t<\/div>\n\t\t\t\t<\/div>\n\t\t\t\t\t<\/div>\n\t\t<\/div>\n\t\t\t\t\t<\/div>\n\t\t<\/section>\n\t\t\t\t<section class=\"elementor-section elementor-top-section elementor-element elementor-element-b5881ca elementor-section-boxed elementor-section-height-default elementor-section-height-default\" data-id=\"b5881ca\" data-element_type=\"section\" data-e-type=\"section\">\n\t\t\t\t\t\t<div class=\"elementor-container elementor-column-gap-default\">\n\t\t\t\t\t<div class=\"elementor-column elementor-col-100 elementor-top-column elementor-element elementor-element-838f41e\" data-id=\"838f41e\" data-element_type=\"column\" data-e-type=\"column\">\n\t\t\t<div class=\"elementor-widget-wrap elementor-element-populated\">\n\t\t\t\t\t\t<div class=\"elementor-element elementor-element-1b0e402 elementor-widget elementor-widget-global elementor-global-9341 elementor-widget-text-editor\" data-id=\"1b0e402\" data-element_type=\"widget\" data-e-type=\"widget\" data-widget_type=\"text-editor.default\">\n\t\t\t\t<div class=\"elementor-widget-container\">\n\t\t\t\t\t\t\t\t\t<p><strong>PS:\u00a0<span style=\"color: #ff6600;\"><a style=\"color: #ff6600;\" href=\"https:\/\/gradido.net\/sk\/donations\/\">Vzh\u013eadom na st\u00e1le rast\u00faci v\u00fdznam Gradida opakujeme na\u0161u kampa\u0148 v\u010faky 26. j\u00fana 2026:<\/a>\u00a0<\/span><span style=\"color: #0000ff;\"><a style=\"color: #0000ff;\" href=\"https:\/\/gradido.net\/sk\/donations\/\">Okrem viacn\u00e1sobnej GradidoTransform za v\u00e1\u0161 sponzorsk\u00fd pr\u00edspevok nav\u00fd\u0161ime 26.6.2016 v\u0161etky zostatky na \u00fa\u010dtoch GDT o 26%. Sponzorujte teraz a u\u017eite si nieko\u013ekon\u00e1sobn\u00fa sumu GDT!<\/a><\/span><\/strong><\/p>\t\t\t\t\t\t\t\t<\/div>\n\t\t\t\t<\/div>\n\t\t\t\t\t<\/div>\n\t\t<\/div>\n\t\t\t\t\t<\/div>\n\t\t<\/section>\n\t\t\t\t<\/div>","protected":false},"excerpt":{"rendered":"<p>\u010casto s\u00fa to tich\u0161\u00ed \u013eudia, ktor\u00ed potichu, usilovne a so srdcom a du\u0161ou klad\u00fa z\u00e1klady historick\u00e9ho v\u00fdvoja. Na\u0161i program\u00e1tori urobili v minulom roku ve\u013ek\u00fd kus pr\u00e1ce, ktor\u00e1 sa napln\u00ed v roku 2023.<\/p>","protected":false},"author":2,"featured_media":6018,"comment_status":"closed","ping_status":"closed","sticky":false,"template":"","format":"standard","meta":{"footnotes":""},"categories":[11,55],"tags":[],"class_list":["post-6017","post","type-post","status-publish","format-standard","has-post-thumbnail","hentry","category-blog","category-gradido-konto"],"yoast_head":"<!-- This site is optimized with the Yoast SEO plugin v27.5 - https:\/\/yoast.com\/product\/yoast-seo-wordpress\/ -->\n<title>Gradido-Konto 2023: neues Design und dezentrale Communities - Gradido<\/title>\n<meta name=\"description\" content=\"Oft sind es die leiseren Menschen, die still, flei\u00dfig und mit Herzblut die Grundlagen f\u00fcr historische Entwicklungen schaffen. Unsere Programmierer haben im vergangenen Jahr gro\u00dfartige Vorarbeiten gemacht, die 2023 zum Tragen kommen werden.\" \/>\n<meta name=\"robots\" content=\"index, follow, max-snippet:-1, max-image-preview:large, max-video-preview:-1\" \/>\n<link rel=\"canonical\" href=\"https:\/\/gradido.net\/sk\/gradido-konto-2023-neues-design-und-dezentrale-communities\/\" \/>\n<meta property=\"og:locale\" content=\"sk_SK\" \/>\n<meta property=\"og:type\" content=\"article\" \/>\n<meta property=\"og:title\" content=\"Gradido-Konto 2023: neues Design und dezentrale Communities - Gradido\" \/>\n<meta property=\"og:description\" content=\"Oft sind es die leiseren Menschen, die still, flei\u00dfig und mit Herzblut die Grundlagen f\u00fcr historische Entwicklungen schaffen. Unsere Programmierer haben im vergangenen Jahr gro\u00dfartige Vorarbeiten gemacht, die 2023 zum Tragen kommen werden.\" \/>\n<meta property=\"og:url\" content=\"https:\/\/gradido.net\/sk\/gradido-konto-2023-neues-design-und-dezentrale-communities\/\" \/>\n<meta property=\"og:site_name\" content=\"Gradido\" \/>\n<meta property=\"article:published_time\" content=\"2022-12-31T23:17:31+00:00\" \/>\n<meta property=\"article:modified_time\" content=\"2026-04-24T06:09:27+00:00\" \/>\n<meta property=\"og:image\" content=\"https:\/\/gradido.net\/wp-content\/uploads\/2022\/12\/Test_fertig_1920.jpg\" \/>\n\t<meta property=\"og:image:width\" content=\"1920\" \/>\n\t<meta property=\"og:image:height\" content=\"1067\" \/>\n\t<meta property=\"og:image:type\" content=\"image\/jpeg\" \/>\n<meta name=\"author\" content=\"Bernd H\u00fcckst\u00e4dt\" \/>\n<meta name=\"twitter:card\" content=\"summary_large_image\" \/>\n<meta name=\"twitter:label1\" content=\"Autor\" \/>\n\t<meta name=\"twitter:data1\" content=\"Bernd H\u00fcckst\u00e4dt\" \/>\n\t<meta name=\"twitter:label2\" content=\"Predpokladan\u00fd \u010das \u010d\u00edtania\" \/>\n\t<meta name=\"twitter:data2\" content=\"9 min\u00fat\" \/>\n<script type=\"application\/ld+json\" class=\"yoast-schema-graph\">{\"@context\":\"https:\\\/\\\/schema.org\",\"@graph\":[{\"@type\":\"Article\",\"@id\":\"https:\\\/\\\/gradido.net\\\/gradido-konto-2023-neues-design-und-dezentrale-communities\\\/#article\",\"isPartOf\":{\"@id\":\"https:\\\/\\\/gradido.net\\\/gradido-konto-2023-neues-design-und-dezentrale-communities\\\/\"},\"author\":{\"name\":\"Bernd H\u00fcckst\u00e4dt\",\"@id\":\"https:\\\/\\\/gradido.net\\\/de\\\/#\\\/schema\\\/person\\\/9c503a004ad15a1ddecadce2218db5d1\"},\"headline\":\"Gradido-Konto 2023: neues Design und dezentrale Communities\",\"datePublished\":\"2022-12-31T23:17:31+00:00\",\"dateModified\":\"2026-04-24T06:09:27+00:00\",\"mainEntityOfPage\":{\"@id\":\"https:\\\/\\\/gradido.net\\\/gradido-konto-2023-neues-design-und-dezentrale-communities\\\/\"},\"wordCount\":1390,\"publisher\":{\"@id\":\"https:\\\/\\\/gradido.net\\\/de\\\/#organization\"},\"image\":{\"@id\":\"https:\\\/\\\/gradido.net\\\/gradido-konto-2023-neues-design-und-dezentrale-communities\\\/#primaryimage\"},\"thumbnailUrl\":\"https:\\\/\\\/gradido.net\\\/wp-content\\\/uploads\\\/2022\\\/12\\\/Test_fertig_1920.jpg\",\"articleSection\":[\"Blog\",\"Gradido-Konto\"],\"inLanguage\":\"sk-SK\"},{\"@type\":\"WebPage\",\"@id\":\"https:\\\/\\\/gradido.net\\\/gradido-konto-2023-neues-design-und-dezentrale-communities\\\/\",\"url\":\"https:\\\/\\\/gradido.net\\\/gradido-konto-2023-neues-design-und-dezentrale-communities\\\/\",\"name\":\"Gradido-Konto 2023: neues Design und dezentrale Communities - Gradido\",\"isPartOf\":{\"@id\":\"https:\\\/\\\/gradido.net\\\/de\\\/#website\"},\"primaryImageOfPage\":{\"@id\":\"https:\\\/\\\/gradido.net\\\/gradido-konto-2023-neues-design-und-dezentrale-communities\\\/#primaryimage\"},\"image\":{\"@id\":\"https:\\\/\\\/gradido.net\\\/gradido-konto-2023-neues-design-und-dezentrale-communities\\\/#primaryimage\"},\"thumbnailUrl\":\"https:\\\/\\\/gradido.net\\\/wp-content\\\/uploads\\\/2022\\\/12\\\/Test_fertig_1920.jpg\",\"datePublished\":\"2022-12-31T23:17:31+00:00\",\"dateModified\":\"2026-04-24T06:09:27+00:00\",\"description\":\"Oft sind es die leiseren Menschen, die still, flei\u00dfig und mit Herzblut die Grundlagen f\u00fcr historische Entwicklungen schaffen. Unsere Programmierer haben im vergangenen Jahr gro\u00dfartige Vorarbeiten gemacht, die 2023 zum Tragen kommen werden.\",\"breadcrumb\":{\"@id\":\"https:\\\/\\\/gradido.net\\\/gradido-konto-2023-neues-design-und-dezentrale-communities\\\/#breadcrumb\"},\"inLanguage\":\"sk-SK\",\"potentialAction\":[{\"@type\":\"ReadAction\",\"target\":[\"https:\\\/\\\/gradido.net\\\/gradido-konto-2023-neues-design-und-dezentrale-communities\\\/\"]}]},{\"@type\":\"ImageObject\",\"inLanguage\":\"sk-SK\",\"@id\":\"https:\\\/\\\/gradido.net\\\/gradido-konto-2023-neues-design-und-dezentrale-communities\\\/#primaryimage\",\"url\":\"https:\\\/\\\/gradido.net\\\/wp-content\\\/uploads\\\/2022\\\/12\\\/Test_fertig_1920.jpg\",\"contentUrl\":\"https:\\\/\\\/gradido.net\\\/wp-content\\\/uploads\\\/2022\\\/12\\\/Test_fertig_1920.jpg\",\"width\":1920,\"height\":1067},{\"@type\":\"BreadcrumbList\",\"@id\":\"https:\\\/\\\/gradido.net\\\/gradido-konto-2023-neues-design-und-dezentrale-communities\\\/#breadcrumb\",\"itemListElement\":[{\"@type\":\"ListItem\",\"position\":1,\"name\":\"Startseite\",\"item\":\"https:\\\/\\\/gradido.net\\\/\"},{\"@type\":\"ListItem\",\"position\":2,\"name\":\"Gradido-Konto 2023: neues Design und dezentrale Communities\"}]},{\"@type\":\"WebSite\",\"@id\":\"https:\\\/\\\/gradido.net\\\/de\\\/#website\",\"url\":\"https:\\\/\\\/gradido.net\\\/de\\\/\",\"name\":\"Gradido\",\"description\":\"Die neue W\u00e4hrung hei\u00dft Dankbarkeit\",\"publisher\":{\"@id\":\"https:\\\/\\\/gradido.net\\\/de\\\/#organization\"},\"potentialAction\":[{\"@type\":\"SearchAction\",\"target\":{\"@type\":\"EntryPoint\",\"urlTemplate\":\"https:\\\/\\\/gradido.net\\\/de\\\/?s={search_term_string}\"},\"query-input\":{\"@type\":\"PropertyValueSpecification\",\"valueRequired\":true,\"valueName\":\"search_term_string\"}}],\"inLanguage\":\"sk-SK\"},{\"@type\":\"Organization\",\"@id\":\"https:\\\/\\\/gradido.net\\\/de\\\/#organization\",\"name\":\"Gradido\",\"url\":\"https:\\\/\\\/gradido.net\\\/de\\\/\",\"logo\":{\"@type\":\"ImageObject\",\"inLanguage\":\"sk-SK\",\"@id\":\"https:\\\/\\\/gradido.net\\\/de\\\/#\\\/schema\\\/logo\\\/image\\\/\",\"url\":\"https:\\\/\\\/gradido.net\\\/wp-content\\\/uploads\\\/2022\\\/04\\\/gradido-social.jpg\",\"contentUrl\":\"https:\\\/\\\/gradido.net\\\/wp-content\\\/uploads\\\/2022\\\/04\\\/gradido-social.jpg\",\"width\":527,\"height\":273,\"caption\":\"Gradido\"},\"image\":{\"@id\":\"https:\\\/\\\/gradido.net\\\/de\\\/#\\\/schema\\\/logo\\\/image\\\/\"}},{\"@type\":\"Person\",\"@id\":\"https:\\\/\\\/gradido.net\\\/de\\\/#\\\/schema\\\/person\\\/9c503a004ad15a1ddecadce2218db5d1\",\"name\":\"Bernd H\u00fcckst\u00e4dt\",\"sameAs\":[\"https:\\\/\\\/gradido.net\"],\"url\":\"https:\\\/\\\/gradido.net\\\/sk\\\/author\\\/bernd\\\/\"}]}<\/script>\n<!-- \/ Yoast SEO plugin. -->","yoast_head_json":{"title":"Gradido \u00da\u010det 2023: nov\u00fd dizajn a decentralizovan\u00e9 komunity - Gradido","description":"\u010casto s\u00fa to tich\u0161\u00ed \u013eudia, ktor\u00ed potichu, usilovne a so srdcom a du\u0161ou klad\u00fa z\u00e1klady historick\u00e9ho v\u00fdvoja. Na\u0161i program\u00e1tori urobili v minulom roku ve\u013ek\u00fd kus pr\u00e1ce, ktor\u00e1 sa napln\u00ed v roku 2023.","robots":{"index":"index","follow":"follow","max-snippet":"max-snippet:-1","max-image-preview":"max-image-preview:large","max-video-preview":"max-video-preview:-1"},"canonical":"https:\/\/gradido.net\/sk\/gradido-konto-2023-neues-design-und-dezentrale-communities\/","og_locale":"sk_SK","og_type":"article","og_title":"Gradido-Konto 2023: neues Design und dezentrale Communities - Gradido","og_description":"Oft sind es die leiseren Menschen, die still, flei\u00dfig und mit Herzblut die Grundlagen f\u00fcr historische Entwicklungen schaffen. Unsere Programmierer haben im vergangenen Jahr gro\u00dfartige Vorarbeiten gemacht, die 2023 zum Tragen kommen werden.","og_url":"https:\/\/gradido.net\/sk\/gradido-konto-2023-neues-design-und-dezentrale-communities\/","og_site_name":"Gradido","article_published_time":"2022-12-31T23:17:31+00:00","article_modified_time":"2026-04-24T06:09:27+00:00","og_image":[{"width":1920,"height":1067,"url":"https:\/\/gradido.net\/wp-content\/uploads\/2022\/12\/Test_fertig_1920.jpg","type":"image\/jpeg"}],"author":"Bernd H\u00fcckst\u00e4dt","twitter_card":"summary_large_image","twitter_misc":{"Autor":"Bernd H\u00fcckst\u00e4dt","Predpokladan\u00fd \u010das \u010d\u00edtania":"9 min\u00fat"},"schema":{"@context":"https:\/\/schema.org","@graph":[{"@type":"Article","@id":"https:\/\/gradido.net\/gradido-konto-2023-neues-design-und-dezentrale-communities\/#article","isPartOf":{"@id":"https:\/\/gradido.net\/gradido-konto-2023-neues-design-und-dezentrale-communities\/"},"author":{"name":"Bernd H\u00fcckst\u00e4dt","@id":"https:\/\/gradido.net\/de\/#\/schema\/person\/9c503a004ad15a1ddecadce2218db5d1"},"headline":"Gradido-Konto 2023: neues Design und dezentrale Communities","datePublished":"2022-12-31T23:17:31+00:00","dateModified":"2026-04-24T06:09:27+00:00","mainEntityOfPage":{"@id":"https:\/\/gradido.net\/gradido-konto-2023-neues-design-und-dezentrale-communities\/"},"wordCount":1390,"publisher":{"@id":"https:\/\/gradido.net\/de\/#organization"},"image":{"@id":"https:\/\/gradido.net\/gradido-konto-2023-neues-design-und-dezentrale-communities\/#primaryimage"},"thumbnailUrl":"https:\/\/gradido.net\/wp-content\/uploads\/2022\/12\/Test_fertig_1920.jpg","articleSection":["Blog","Gradido-Konto"],"inLanguage":"sk-SK"},{"@type":"WebPage","@id":"https:\/\/gradido.net\/gradido-konto-2023-neues-design-und-dezentrale-communities\/","url":"https:\/\/gradido.net\/gradido-konto-2023-neues-design-und-dezentrale-communities\/","name":"Gradido \u00da\u010det 2023: nov\u00fd dizajn a decentralizovan\u00e9 komunity - Gradido","isPartOf":{"@id":"https:\/\/gradido.net\/de\/#website"},"primaryImageOfPage":{"@id":"https:\/\/gradido.net\/gradido-konto-2023-neues-design-und-dezentrale-communities\/#primaryimage"},"image":{"@id":"https:\/\/gradido.net\/gradido-konto-2023-neues-design-und-dezentrale-communities\/#primaryimage"},"thumbnailUrl":"https:\/\/gradido.net\/wp-content\/uploads\/2022\/12\/Test_fertig_1920.jpg","datePublished":"2022-12-31T23:17:31+00:00","dateModified":"2026-04-24T06:09:27+00:00","description":"\u010casto s\u00fa to tich\u0161\u00ed \u013eudia, ktor\u00ed potichu, usilovne a so srdcom a du\u0161ou klad\u00fa z\u00e1klady historick\u00e9ho v\u00fdvoja. Na\u0161i program\u00e1tori urobili v minulom roku ve\u013ek\u00fd kus pr\u00e1ce, ktor\u00e1 sa napln\u00ed v roku 2023.","breadcrumb":{"@id":"https:\/\/gradido.net\/gradido-konto-2023-neues-design-und-dezentrale-communities\/#breadcrumb"},"inLanguage":"sk-SK","potentialAction":[{"@type":"ReadAction","target":["https:\/\/gradido.net\/gradido-konto-2023-neues-design-und-dezentrale-communities\/"]}]},{"@type":"ImageObject","inLanguage":"sk-SK","@id":"https:\/\/gradido.net\/gradido-konto-2023-neues-design-und-dezentrale-communities\/#primaryimage","url":"https:\/\/gradido.net\/wp-content\/uploads\/2022\/12\/Test_fertig_1920.jpg","contentUrl":"https:\/\/gradido.net\/wp-content\/uploads\/2022\/12\/Test_fertig_1920.jpg","width":1920,"height":1067},{"@type":"BreadcrumbList","@id":"https:\/\/gradido.net\/gradido-konto-2023-neues-design-und-dezentrale-communities\/#breadcrumb","itemListElement":[{"@type":"ListItem","position":1,"name":"Startseite","item":"https:\/\/gradido.net\/"},{"@type":"ListItem","position":2,"name":"Gradido-Konto 2023: neues Design und dezentrale Communities"}]},{"@type":"WebSite","@id":"https:\/\/gradido.net\/de\/#website","url":"https:\/\/gradido.net\/de\/","name":"Gradido","description":"Novou menou je v\u010fa\u010dnos\u0165","publisher":{"@id":"https:\/\/gradido.net\/de\/#organization"},"potentialAction":[{"@type":"SearchAction","target":{"@type":"EntryPoint","urlTemplate":"https:\/\/gradido.net\/de\/?s={search_term_string}"},"query-input":{"@type":"PropertyValueSpecification","valueRequired":true,"valueName":"search_term_string"}}],"inLanguage":"sk-SK"},{"@type":"Organization","@id":"https:\/\/gradido.net\/de\/#organization","name":"Gradido","url":"https:\/\/gradido.net\/de\/","logo":{"@type":"ImageObject","inLanguage":"sk-SK","@id":"https:\/\/gradido.net\/de\/#\/schema\/logo\/image\/","url":"https:\/\/gradido.net\/wp-content\/uploads\/2022\/04\/gradido-social.jpg","contentUrl":"https:\/\/gradido.net\/wp-content\/uploads\/2022\/04\/gradido-social.jpg","width":527,"height":273,"caption":"Gradido"},"image":{"@id":"https:\/\/gradido.net\/de\/#\/schema\/logo\/image\/"}},{"@type":"Person","@id":"https:\/\/gradido.net\/de\/#\/schema\/person\/9c503a004ad15a1ddecadce2218db5d1","name":"Bernd H\u00fcckst\u00e4dt","sameAs":["https:\/\/gradido.net"],"url":"https:\/\/gradido.net\/sk\/author\/bernd\/"}]}},"_links":{"self":[{"href":"https:\/\/gradido.net\/sk\/wp-json\/wp\/v2\/posts\/6017","targetHints":{"allow":["GET"]}}],"collection":[{"href":"https:\/\/gradido.net\/sk\/wp-json\/wp\/v2\/posts"}],"about":[{"href":"https:\/\/gradido.net\/sk\/wp-json\/wp\/v2\/types\/post"}],"author":[{"embeddable":true,"href":"https:\/\/gradido.net\/sk\/wp-json\/wp\/v2\/users\/2"}],"replies":[{"embeddable":true,"href":"https:\/\/gradido.net\/sk\/wp-json\/wp\/v2\/comments?post=6017"}],"version-history":[{"count":76,"href":"https:\/\/gradido.net\/sk\/wp-json\/wp\/v2\/posts\/6017\/revisions"}],"predecessor-version":[{"id":13598,"href":"https:\/\/gradido.net\/sk\/wp-json\/wp\/v2\/posts\/6017\/revisions\/13598"}],"wp:featuredmedia":[{"embeddable":true,"href":"https:\/\/gradido.net\/sk\/wp-json\/wp\/v2\/media\/6018"}],"wp:attachment":[{"href":"https:\/\/gradido.net\/sk\/wp-json\/wp\/v2\/media?parent=6017"}],"wp:term":[{"taxonomy":"category","embeddable":true,"href":"https:\/\/gradido.net\/sk\/wp-json\/wp\/v2\/categories?post=6017"},{"taxonomy":"post_tag","embeddable":true,"href":"https:\/\/gradido.net\/sk\/wp-json\/wp\/v2\/tags?post=6017"}],"curies":[{"name":"wp","href":"https:\/\/api.w.org\/{rel}","templated":true}]}}