{"id":653,"date":"2020-09-03T16:17:00","date_gmt":"2020-09-03T14:17:00","guid":{"rendered":"http:\/\/neu.gradido.net\/?p=653"},"modified":"2021-12-10T20:08:51","modified_gmt":"2021-12-10T19:08:51","slug":"generation-corona","status":"publish","type":"post","link":"https:\/\/gradido.net\/sk\/generation-corona\/","title":{"rendered":"Bud\u00facnos\u0165 gener\u00e1cie 'Corona"},"content":{"rendered":"<div data-elementor-type=\"wp-post\" data-elementor-id=\"653\" class=\"elementor elementor-653\" data-elementor-post-type=\"post\">\n\t\t\t\t\t\t<section class=\"elementor-section elementor-top-section elementor-element elementor-element-565c7267 elementor-section-boxed elementor-section-height-default elementor-section-height-default\" data-id=\"565c7267\" data-element_type=\"section\" data-e-type=\"section\">\n\t\t\t\t\t\t<div class=\"elementor-container elementor-column-gap-default\">\n\t\t\t\t\t<div class=\"elementor-column elementor-col-100 elementor-top-column elementor-element elementor-element-63a92380\" data-id=\"63a92380\" data-element_type=\"column\" data-e-type=\"column\">\n\t\t\t<div class=\"elementor-widget-wrap elementor-element-populated\">\n\t\t\t\t\t\t<div class=\"elementor-element elementor-element-9481855 elementor-widget elementor-widget-text-editor\" data-id=\"9481855\" data-element_type=\"widget\" data-e-type=\"widget\" data-widget_type=\"text-editor.default\">\n\t\t\t\t<div class=\"elementor-widget-container\">\n\t\t\t\t\t\t\t\t\t<div>\n<h3>Komunitn\u00e1 mena Gradido vytv\u00e1ra nov\u00e9 perspekt\u00edvy<\/h3>\n<p><strong>K\u00fcnzelsau, 3. septembra 2020 - Len v tomto roku vst\u00fapi na trh pr\u00e1ce v Nemecku takmer pol mili\u00f3na absolventov a 400 000 u\u010d\u0148ov. Kv\u00f4li kr\u00edze v spolo\u010dnosti Corona v\u0161ak mnoh\u00ed z nich v nej nen\u00e1jdu pr\u00e1cu. Viac ako 20 000 \u0161tudentov muselo v uplynul\u00fdch mesiacoch po\u017eiada\u0165 o p\u00f4\u017ei\u010dku, aby si mohli zaplati\u0165 v\u00fddavky do sk\u00fa\u0161ok. Nespo\u010detn\u00e9 mno\u017estvo u\u010d\u0148ovsk\u00fdch miest bolo zru\u0161en\u00fdch bez n\u00e1hrady, v\u00e4\u010d\u0161ina st\u00e1\u017e\u00ed a \u0161tudentsk\u00fdch pracovn\u00fdch miest bola odlo\u017een\u00e1 na neur\u010dito. Gener\u00e1cia Corona potrebuje nielen d\u00f4veru, ale aj perspekt\u00edvy. Inovat\u00edvny ekonomick\u00fd model \"Gradido\" by mohol poskytn\u00fa\u0165 oboje. Je zalo\u017een\u00fd na princ\u00edpoch \"akt\u00edvneho z\u00e1kladn\u00e9ho pr\u00edjmu\" a \"nepodmienenej \u00fa\u010dasti\", zaru\u010duje z\u00e1kladn\u00e9 zabezpe\u010denie a z\u00e1rove\u0148 pon\u00faka mo\u017enos\u0165 rozpozna\u0165 a rozv\u00edja\u0165 vlastn\u00fd potenci\u00e1l.<\/strong><\/p>\n<p>Opatrenia Corony nielen\u017ee pripravuj\u00fa mlad\u00fdch \u013eud\u00ed o mo\u017enos\u0165 zab\u00e1va\u0165 sa so svojimi rovesn\u00edkmi alebo cestova\u0165 po svete. Ohrozuj\u00fa tie\u017e mnoh\u00e9 zdroje ob\u017eivy a bud\u00face modely. V d\u00f4sledku zru\u0161enia mnoh\u00fdch u\u010d\u0148ovsk\u00fdch odborov nemaj\u00fa absolventi \u0161k\u00f4l perspekt\u00edvu do bud\u00facnosti. Zru\u0161enie nespo\u010detn\u00fdch \u010diasto\u010dn\u00fdch \u00fav\u00e4zkov pripravuje \u0161tudentov o finan\u010dn\u00fd z\u00e1klad. Zru\u0161enie alebo pozastavenie st\u00e1\u017e\u00ed, \u0161tudentsk\u00fdch brig\u00e1d a dobrovo\u013en\u00edckej soci\u00e1lnej pr\u00e1ce v zahrani\u010d\u00ed tie\u017e v\u00fdrazne obmedzuje mo\u017enosti vysk\u00fa\u0161a\u0165 si a zorientova\u0165 sa pred v\u00fdberom povolania.<\/p>\n<p>Absolventi vysok\u00fdch \u0161k\u00f4l s\u00fa konfrontovan\u00ed so skuto\u010dnos\u0165ou, \u017ee 40 % pracovn\u00fdch miest pre mlad\u00fdch akademikov u\u017e zaniklo. V oblasti kult\u00fary a vedy s\u00fa prepady e\u0161te dramatickej\u0161ie. V posledn\u00fdch t\u00fd\u017ed\u0148och po\u017eiadalo o \u0161tudentsk\u00fa p\u00f4\u017ei\u010dku od Kreditanstalt f\u00fcr Wiederaufbau (\u00daverov\u00e1 spolo\u010dnos\u0165 pre obnovu) 20 000 \u0161tudentov viac ako kedyko\u013evek predt\u00fdm, aby mohli pokry\u0165 svoje \u017eivotn\u00e9 n\u00e1klady aj bez pr\u00e1ce na \u010diasto\u010dn\u00fd \u00fav\u00e4zok. Tak\u017ee svoju profesion\u00e1lnu bud\u00facnos\u0165 za\u010dn\u00fa u\u017e s kopcom dlhov. Nielen odvetvie cestovn\u00e9ho ruchu, ale aj gastron\u00f3mia a maloobchod utrpeli v d\u00f4sledku v\u00fdluky obrovsk\u00e9 straty. Hospod\u00e1rstvo z\u00e1pas\u00ed s probl\u00e9mami a mnoh\u00e9 u\u010d\u0148ovsk\u00e9 odbory sa ocitaj\u00fa na okraji z\u00e1ujmu.<\/p>\n<p>\"V tejto kr\u00edzovej situ\u00e1cii je n\u00e1\u0161 nov\u00fd hospod\u00e1rsky a finan\u010dn\u00fd model pre mlad\u00fdch \u013eud\u00ed mimoriadne perspekt\u00edvny,\" zd\u00f4raz\u0148uje Bernd H\u00fcckst\u00e4dt, jeden zo zakladate\u013eov Akad\u00e9mie Gradido pre hospod\u00e1rsku biotechnol\u00f3giu. \"Mlad\u00fdm \u013eu\u010fom, ktor\u00ed sa tak ve\u013emi chc\u00fa u\u010di\u0165 a pod\u00e1va\u0165 v\u00fdkony, ke\u010f vstupuj\u00fa do pracovn\u00e9ho \u017eivota, mus\u00edme pon\u00faknu\u0165 atrakt\u00edvnu z\u00e1kladn\u00fa istotu, ktor\u00e1 im ned\u00e1 pocit, \u017ee s\u00fa zbyto\u010dn\u00ed alebo dokonca u\u017e zlyhali, ale naopak, zabezpe\u010d\u00ed im mo\u017enos\u0165 \u010do najlep\u0161ie rozv\u00edja\u0165 a vyu\u017e\u00edva\u0165 svoj individu\u00e1lny potenci\u00e1l, talent a zru\u010dnosti,\" vysvet\u013euje ekonomick\u00fd bionik jednu zo z\u00e1kladn\u00fdch my\u0161lienok princ\u00edpu \"Gradido\".<\/p>\n<h4>Akt\u00edvny z\u00e1kladn\u00fd pr\u00edjem namiesto \u0161tudentsk\u00fdch p\u00f4\u017ei\u010diek<\/h4>\n<p>Pod\u013ea modelu Gradido m\u00e1 ka\u017ed\u00e1 osoba ka\u017ed\u00fd mesiac k dispoz\u00edcii 1 000 Gradido (GDD) spolo\u010dnej meny ako z\u00e1kladn\u00fd pr\u00edjem. T\u00e1to suma sa ch\u00e1pe ako z\u00e1kladn\u00e1 suma popri in\u00fdch zdrojoch pr\u00edjmu. Mohol by poskytn\u00fa\u0165 stabiln\u00fd finan\u010dn\u00fd z\u00e1klad mlad\u00fdm \u013eu\u010fom, ktor\u00ed sa vzdel\u00e1vaj\u00fa alebo \u0161tuduj\u00fa na univerzite. Tento \"akt\u00edvny z\u00e1kladn\u00fd pr\u00edjem\" sa v\u00fdrazne l\u00ed\u0161i od to\u013eko diskutovan\u00e9ho \"nepodmienen\u00e9ho z\u00e1kladn\u00e9ho pr\u00edjmu\". T\u00ed, ktor\u00ed ju vyu\u017e\u00edvaj\u00fa, na opl\u00e1tku prispievaj\u00fa svoj\u00edm talentom a zru\u010dnos\u0165ami komunite. Maxim\u00e1lne 50 hod\u00edn mesa\u010dne je odme\u0148ovan\u00fdch sumou 20 GDD.<\/p>\n<h4>\"Bezpodmiene\u010dn\u00e1 \u00fa\u010das\u0165\" na vysk\u00fa\u0161anie a rozvoj<\/h4>\n<p>Akt\u00edvny z\u00e1kladn\u00fd pr\u00edjem tak zabezpe\u010duje \"bezpodmiene\u010dn\u00fa \u00fa\u010das\u0165\" na \u017eivote spolo\u010dnosti. Konkr\u00e9tne to znamen\u00e1, \u017ee ka\u017ed\u00fd m\u00f4\u017ee prispie\u0165 svojimi schopnos\u0165ami a zru\u010dnos\u0165ami tam, kde mu to najlep\u0161ie vyhovuje. Okrem odborn\u00fdch zru\u010dnost\u00ed s\u00fa v\u00edtan\u00e9 aj praktick\u00e9, umeleck\u00e9 a tvoriv\u00e9 aktivity. Takisto ako prevzatie soci\u00e1lnych \u00faloh na zmiernenie dramaticky narastaj\u00faceho nedostatku zdravotn\u00fdch sestier, nedostatkov v starostlivosti o deti a osamelosti star\u0161\u00edch \u013eud\u00ed. Z\u00e1kladnou my\u0161lienkou bezpodmiene\u010dnej \u00fa\u010dasti je, \u017ee ka\u017ed\u00fd m\u00f4\u017ee prispie\u0165 svoj\u00edm osobn\u00fdm talentom k posilneniu komunity. To pom\u00e1ha lep\u0161ie rozpozna\u0165 vlastn\u00fd potenci\u00e1l a n\u00e1js\u0165 najlep\u0161iu mo\u017en\u00fa cestu do profesion\u00e1lneho \u017eivota alebo pre zmenu kurzu. Je tie\u017e v\u00fdslovne ur\u010den\u00fd na rozvoj nov\u00fdch my\u0161lienok, v\u00edzi\u00ed a zru\u010dnost\u00ed. H\u00fcckst\u00e4dt dod\u00e1va: \"Je v najlep\u0161om z\u00e1ujme spolo\u010dnosti podporova\u0165 ka\u017ed\u00e9ho \u010dlena individu\u00e1lne a intenz\u00edvne. Bezpodmiene\u010dn\u00e1 \u00fa\u010das\u0165 tak vytv\u00e1ra z\u00e1klad pre \u010do najv\u00e4\u010d\u0161\u00ed \u00faspech celej \u013eudskej rodiny tv\u00e1rou v tv\u00e1r gigantick\u00fdm v\u00fdzvam na\u0161ej doby.\"<\/p>\n<h4>Skoncujte s horami dlhov<\/h4>\n<p>Po\u010das 20 rokov v\u00fdskumnej pr\u00e1ce vyvinula Akad\u00e9mia Gradido pre ekonomick\u00fa bioniku pevn\u00fd a udr\u017eate\u013en\u00fd ekonomick\u00fd a finan\u010dn\u00fd syst\u00e9m s rovnak\u00fdm n\u00e1zvom. Vych\u00e1dza zo z\u00e1kladn\u00fdch modelov \u00faspe\u0161nosti pr\u00edrody. Pod\u013ea zakladate\u013ea akad\u00e9mie H\u00fcckst\u00e4dta je jednou z rozhoduj\u00facich v\u00fdhod modelu Gradido v porovnan\u00ed s prevl\u00e1daj\u00facim hospod\u00e1rskym a finan\u010dn\u00fdm syst\u00e9mom: \"Tvorba pe\u0148az\u00ed na\u0161ej spolo\u010dnej dobrej meny Gradido prebieha bez vytv\u00e1rania dlhu, preto\u017ee v pr\u00edrode neexistuje \u017eiadny dlh.\"<\/p>\n<h4>\"Kolobeh \u017eivota\" poskytuje stabilitu<\/h4>\n<p>Na ka\u017ed\u00e9ho \u010dloveka na svete pripad\u00e1 mesa\u010dne spolu 3 000 \"Gradido\" (GDD) v hodnote 3 000 eur. Jednu tretinu dostane ka\u017ed\u00fd ob\u010dan ako \"akt\u00edvny z\u00e1kladn\u00fd pr\u00edjem\", druh\u00fa tretinu dostane \u0161t\u00e1t za svoje slu\u017eby verejnosti a tretia \u010das\u0165 p\u00f4jde do vyrovn\u00e1vacieho a environment\u00e1lneho fondu, ktor\u00fd umo\u017en\u00ed vy\u010disti\u0165 hospod\u00e1rske a ekologick\u00e9 dedi\u010dstvo. Celkovo by bolo na \u0161t\u00e1tne slu\u017eby a zdravotn\u00edctvo k dispoz\u00edcii viac pe\u0148az\u00ed ako doteraz - bez dlhov a bez dan\u00ed. Pl\u00e1novan\u00e1 prechodnos\u0165 udr\u017eiava ponuku pe\u0148az\u00ed kon\u0161tantn\u00fa a ceny stabiln\u00e9. Udr\u017eate\u013en\u00fd model s bud\u00facnos\u0165ou.<\/p>\n<p>Podrobnosti o modeli Gradido n\u00e1jdete v bezplatnej e-knihe na adrese&nbsp;<a href=\"https:\/\/gradido.net\/sk\/book\/\" target=\"_blank\" rel=\"noopener\">https:\/\/gradido.net\/de\/book\/<\/a><\/p>\n<p><\/p>\n<\/div>\n<div>\n<div>\n<p><strong>O akad\u00e9mii Gradido<\/strong><br>Akad\u00e9mia Gradido pre ekonomick\u00fa bioniku vyvinula alternat\u00edvnu \"menu spolo\u010dn\u00e9ho dobra\", ktor\u00e1 je vytvoren\u00e1 pod\u013ea vzoru pr\u00edrody. Pr\u00edroda sa riadi pravidlom, \u017ee len tam, kde nie\u010do zanik\u00e1, m\u00f4\u017ee vznikn\u00fa\u0165 nie\u010do nov\u00e9, a tak je mo\u017en\u00e9 dlhodob\u00e9 zlep\u0161ovanie (evol\u00facia). Jeho receptom na \u00faspech je \"kolobeh \u017eivota\". Ak by sa aj na\u0161a ekonomika riadila t\u00fdmto prirodzen\u00fdm cyklom, vyrie\u0161ilo by to pod\u013ea odborn\u00edkov na ekonomick\u00fa bioniku prakticky v\u0161etky probl\u00e9my sveta s\u00favisiace s peniazmi. Model Gradido je zalo\u017een\u00fd na my\u0161lienke, \u017ee nielen ka\u017ed\u00e1 osoba, ale aj ka\u017ed\u00fd \u0161t\u00e1t dost\u00e1va pr\u00edjem vytvoren\u00fd na kreditnom z\u00e1klade. V\u010faka tomu m\u00f4\u017ee plni\u0165 v\u0161etky svoje \u00falohy bez v\u00fdberu dan\u00ed. Defl\u00e1cia alebo infl\u00e1cia s\u00fa u\u017e minulos\u0165ou. Hospod\u00e1rstvo sa oslobod\u00ed od neust\u00e1leho nutkania k rastu a nebezpe\u010denstvo kolapsu finan\u010dn\u00e9ho syst\u00e9mu je kone\u010dne za\u017eehnan\u00e9.&nbsp;<a href=\"https:\/\/gradido.net\/sk\/\">(www.gradido.net)<\/a>)<\/p>\n<\/div>\n<\/div>\t\t\t\t\t\t\t\t<\/div>\n\t\t\t\t<\/div>\n\t\t\t\t\t<\/div>\n\t\t<\/div>\n\t\t\t\t\t<\/div>\n\t\t<\/section>\n\t\t\t\t<\/div>","protected":false},"excerpt":{"rendered":"<p>Gradido-Gemeinwohlw\u00e4hrung schafft neue Perspektiven K\u00fcnzelsau, 03. September 2020 \u2013 Fast eine halbe Million Studienabsolventen und 400.000 Auszubildende dr\u00e4ngen allein in Deutschland in diesem Jahr auf den Arbeitsmarkt. Aufgrund der Corona-Krise werden viele von ihnen dort allerdings keinen Job finden. Mehr als 20.000 Studierende haben in den vergangenen Monaten einen Kredit beantragen m\u00fcssen, um die Ausgaben [&hellip;]<\/p>\n","protected":false},"author":1,"featured_media":860,"comment_status":"closed","ping_status":"closed","sticky":false,"template":"","format":"standard","meta":{"footnotes":""},"categories":[8],"tags":[16],"class_list":["post-653","post","type-post","status-publish","format-standard","has-post-thumbnail","hentry","category-pressemitteilung","tag-grundeinkommen"],"yoast_head":"<!-- This site is optimized with the Yoast SEO plugin v27.4 - https:\/\/yoast.com\/product\/yoast-seo-wordpress\/ -->\n<title>Zukunft f\u00fcr die \u201aGeneration Corona\u2018 - Gradido<\/title>\n<meta name=\"robots\" content=\"index, follow, max-snippet:-1, max-image-preview:large, max-video-preview:-1\" \/>\n<link rel=\"canonical\" href=\"https:\/\/gradido.net\/sk\/generation-corona\/\" \/>\n<meta property=\"og:locale\" content=\"sk_SK\" \/>\n<meta property=\"og:type\" content=\"article\" \/>\n<meta property=\"og:title\" content=\"Zukunft f\u00fcr die \u201aGeneration Corona\u2018 - Gradido\" \/>\n<meta property=\"og:description\" content=\"Gradido-Gemeinwohlw\u00e4hrung schafft neue Perspektiven K\u00fcnzelsau, 03. September 2020 \u2013 Fast eine halbe Million Studienabsolventen und 400.000 Auszubildende dr\u00e4ngen allein in Deutschland in diesem Jahr auf den Arbeitsmarkt. Aufgrund der Corona-Krise werden viele von ihnen dort allerdings keinen Job finden. Mehr als 20.000 Studierende haben in den vergangenen Monaten einen Kredit beantragen m\u00fcssen, um die Ausgaben [&hellip;]\" \/>\n<meta property=\"og:url\" content=\"https:\/\/gradido.net\/sk\/generation-corona\/\" \/>\n<meta property=\"og:site_name\" content=\"Gradido\" \/>\n<meta property=\"article:published_time\" content=\"2020-09-03T14:17:00+00:00\" \/>\n<meta property=\"article:modified_time\" content=\"2021-12-10T19:08:51+00:00\" \/>\n<meta property=\"og:image\" content=\"https:\/\/gradido.net\/wp-content\/uploads\/2020\/09\/generation-corona.jpg\" \/>\n\t<meta property=\"og:image:width\" content=\"1000\" \/>\n\t<meta property=\"og:image:height\" content=\"684\" \/>\n\t<meta property=\"og:image:type\" content=\"image\/jpeg\" \/>\n<meta name=\"author\" content=\"GR4dmin\" \/>\n<meta name=\"twitter:card\" content=\"summary_large_image\" \/>\n<meta name=\"twitter:label1\" content=\"Autor\" \/>\n\t<meta name=\"twitter:data1\" content=\"GR4dmin\" \/>\n\t<meta name=\"twitter:label2\" content=\"Predpokladan\u00fd \u010das \u010d\u00edtania\" \/>\n\t<meta name=\"twitter:data2\" content=\"5 min\u00fat\" \/>\n<script type=\"application\/ld+json\" class=\"yoast-schema-graph\">{\"@context\":\"https:\\\/\\\/schema.org\",\"@graph\":[{\"@type\":\"Article\",\"@id\":\"https:\\\/\\\/gradido.net\\\/et\\\/generation-corona\\\/#article\",\"isPartOf\":{\"@id\":\"https:\\\/\\\/gradido.net\\\/et\\\/generation-corona\\\/\"},\"author\":{\"name\":\"GR4dmin\",\"@id\":\"https:\\\/\\\/gradido.net\\\/de\\\/#\\\/schema\\\/person\\\/9f913f37a47e7a82ad686b58fc907588\"},\"headline\":\"Zukunft f\u00fcr die \u201aGeneration Corona\u2018\",\"datePublished\":\"2020-09-03T14:17:00+00:00\",\"dateModified\":\"2021-12-10T19:08:51+00:00\",\"mainEntityOfPage\":{\"@id\":\"https:\\\/\\\/gradido.net\\\/et\\\/generation-corona\\\/\"},\"wordCount\":1018,\"publisher\":{\"@id\":\"https:\\\/\\\/gradido.net\\\/de\\\/#organization\"},\"image\":{\"@id\":\"https:\\\/\\\/gradido.net\\\/et\\\/generation-corona\\\/#primaryimage\"},\"thumbnailUrl\":\"https:\\\/\\\/gradido.net\\\/wp-content\\\/uploads\\\/2020\\\/09\\\/generation-corona.jpg\",\"keywords\":[\"Grundeinkommen\"],\"articleSection\":[\"Pressemitteilung\"],\"inLanguage\":\"sk-SK\"},{\"@type\":\"WebPage\",\"@id\":\"https:\\\/\\\/gradido.net\\\/et\\\/generation-corona\\\/\",\"url\":\"https:\\\/\\\/gradido.net\\\/et\\\/generation-corona\\\/\",\"name\":\"Zukunft f\u00fcr die \u201aGeneration Corona\u2018 - Gradido\",\"isPartOf\":{\"@id\":\"https:\\\/\\\/gradido.net\\\/de\\\/#website\"},\"primaryImageOfPage\":{\"@id\":\"https:\\\/\\\/gradido.net\\\/et\\\/generation-corona\\\/#primaryimage\"},\"image\":{\"@id\":\"https:\\\/\\\/gradido.net\\\/et\\\/generation-corona\\\/#primaryimage\"},\"thumbnailUrl\":\"https:\\\/\\\/gradido.net\\\/wp-content\\\/uploads\\\/2020\\\/09\\\/generation-corona.jpg\",\"datePublished\":\"2020-09-03T14:17:00+00:00\",\"dateModified\":\"2021-12-10T19:08:51+00:00\",\"breadcrumb\":{\"@id\":\"https:\\\/\\\/gradido.net\\\/et\\\/generation-corona\\\/#breadcrumb\"},\"inLanguage\":\"sk-SK\",\"potentialAction\":[{\"@type\":\"ReadAction\",\"target\":[\"https:\\\/\\\/gradido.net\\\/et\\\/generation-corona\\\/\"]}]},{\"@type\":\"ImageObject\",\"inLanguage\":\"sk-SK\",\"@id\":\"https:\\\/\\\/gradido.net\\\/et\\\/generation-corona\\\/#primaryimage\",\"url\":\"https:\\\/\\\/gradido.net\\\/wp-content\\\/uploads\\\/2020\\\/09\\\/generation-corona.jpg\",\"contentUrl\":\"https:\\\/\\\/gradido.net\\\/wp-content\\\/uploads\\\/2020\\\/09\\\/generation-corona.jpg\",\"width\":1000,\"height\":684},{\"@type\":\"BreadcrumbList\",\"@id\":\"https:\\\/\\\/gradido.net\\\/et\\\/generation-corona\\\/#breadcrumb\",\"itemListElement\":[{\"@type\":\"ListItem\",\"position\":1,\"name\":\"Startseite\",\"item\":\"https:\\\/\\\/gradido.net\\\/\"},{\"@type\":\"ListItem\",\"position\":2,\"name\":\"Zukunft f\u00fcr die \u201aGeneration Corona\u2018\"}]},{\"@type\":\"WebSite\",\"@id\":\"https:\\\/\\\/gradido.net\\\/de\\\/#website\",\"url\":\"https:\\\/\\\/gradido.net\\\/de\\\/\",\"name\":\"Gradido\",\"description\":\"Die neue W\u00e4hrung hei\u00dft Dankbarkeit\",\"publisher\":{\"@id\":\"https:\\\/\\\/gradido.net\\\/de\\\/#organization\"},\"potentialAction\":[{\"@type\":\"SearchAction\",\"target\":{\"@type\":\"EntryPoint\",\"urlTemplate\":\"https:\\\/\\\/gradido.net\\\/de\\\/?s={search_term_string}\"},\"query-input\":{\"@type\":\"PropertyValueSpecification\",\"valueRequired\":true,\"valueName\":\"search_term_string\"}}],\"inLanguage\":\"sk-SK\"},{\"@type\":\"Organization\",\"@id\":\"https:\\\/\\\/gradido.net\\\/de\\\/#organization\",\"name\":\"Gradido\",\"url\":\"https:\\\/\\\/gradido.net\\\/de\\\/\",\"logo\":{\"@type\":\"ImageObject\",\"inLanguage\":\"sk-SK\",\"@id\":\"https:\\\/\\\/gradido.net\\\/de\\\/#\\\/schema\\\/logo\\\/image\\\/\",\"url\":\"https:\\\/\\\/gradido.net\\\/wp-content\\\/uploads\\\/2022\\\/04\\\/gradido-social.jpg\",\"contentUrl\":\"https:\\\/\\\/gradido.net\\\/wp-content\\\/uploads\\\/2022\\\/04\\\/gradido-social.jpg\",\"width\":527,\"height\":273,\"caption\":\"Gradido\"},\"image\":{\"@id\":\"https:\\\/\\\/gradido.net\\\/de\\\/#\\\/schema\\\/logo\\\/image\\\/\"}},{\"@type\":\"Person\",\"@id\":\"https:\\\/\\\/gradido.net\\\/de\\\/#\\\/schema\\\/person\\\/9f913f37a47e7a82ad686b58fc907588\",\"name\":\"GR4dmin\",\"sameAs\":[\"https:\\\/\\\/gradido.net\"],\"url\":\"https:\\\/\\\/gradido.net\\\/sk\\\/author\\\/gr4dmin\\\/\"}]}<\/script>\n<!-- \/ Yoast SEO plugin. -->","yoast_head_json":{"title":"Bud\u00facnos\u0165 pre \"Generation Corona\" - Gradido","robots":{"index":"index","follow":"follow","max-snippet":"max-snippet:-1","max-image-preview":"max-image-preview:large","max-video-preview":"max-video-preview:-1"},"canonical":"https:\/\/gradido.net\/sk\/generation-corona\/","og_locale":"sk_SK","og_type":"article","og_title":"Zukunft f\u00fcr die \u201aGeneration Corona\u2018 - Gradido","og_description":"Gradido-Gemeinwohlw\u00e4hrung schafft neue Perspektiven K\u00fcnzelsau, 03. September 2020 \u2013 Fast eine halbe Million Studienabsolventen und 400.000 Auszubildende dr\u00e4ngen allein in Deutschland in diesem Jahr auf den Arbeitsmarkt. Aufgrund der Corona-Krise werden viele von ihnen dort allerdings keinen Job finden. Mehr als 20.000 Studierende haben in den vergangenen Monaten einen Kredit beantragen m\u00fcssen, um die Ausgaben [&hellip;]","og_url":"https:\/\/gradido.net\/sk\/generation-corona\/","og_site_name":"Gradido","article_published_time":"2020-09-03T14:17:00+00:00","article_modified_time":"2021-12-10T19:08:51+00:00","og_image":[{"width":1000,"height":684,"url":"https:\/\/gradido.net\/wp-content\/uploads\/2020\/09\/generation-corona.jpg","type":"image\/jpeg"}],"author":"GR4dmin","twitter_card":"summary_large_image","twitter_misc":{"Autor":"GR4dmin","Predpokladan\u00fd \u010das \u010d\u00edtania":"5 min\u00fat"},"schema":{"@context":"https:\/\/schema.org","@graph":[{"@type":"Article","@id":"https:\/\/gradido.net\/et\/generation-corona\/#article","isPartOf":{"@id":"https:\/\/gradido.net\/et\/generation-corona\/"},"author":{"name":"GR4dmin","@id":"https:\/\/gradido.net\/de\/#\/schema\/person\/9f913f37a47e7a82ad686b58fc907588"},"headline":"Zukunft f\u00fcr die \u201aGeneration Corona\u2018","datePublished":"2020-09-03T14:17:00+00:00","dateModified":"2021-12-10T19:08:51+00:00","mainEntityOfPage":{"@id":"https:\/\/gradido.net\/et\/generation-corona\/"},"wordCount":1018,"publisher":{"@id":"https:\/\/gradido.net\/de\/#organization"},"image":{"@id":"https:\/\/gradido.net\/et\/generation-corona\/#primaryimage"},"thumbnailUrl":"https:\/\/gradido.net\/wp-content\/uploads\/2020\/09\/generation-corona.jpg","keywords":["Grundeinkommen"],"articleSection":["Pressemitteilung"],"inLanguage":"sk-SK"},{"@type":"WebPage","@id":"https:\/\/gradido.net\/et\/generation-corona\/","url":"https:\/\/gradido.net\/et\/generation-corona\/","name":"Bud\u00facnos\u0165 pre \"Generation Corona\" - Gradido","isPartOf":{"@id":"https:\/\/gradido.net\/de\/#website"},"primaryImageOfPage":{"@id":"https:\/\/gradido.net\/et\/generation-corona\/#primaryimage"},"image":{"@id":"https:\/\/gradido.net\/et\/generation-corona\/#primaryimage"},"thumbnailUrl":"https:\/\/gradido.net\/wp-content\/uploads\/2020\/09\/generation-corona.jpg","datePublished":"2020-09-03T14:17:00+00:00","dateModified":"2021-12-10T19:08:51+00:00","breadcrumb":{"@id":"https:\/\/gradido.net\/et\/generation-corona\/#breadcrumb"},"inLanguage":"sk-SK","potentialAction":[{"@type":"ReadAction","target":["https:\/\/gradido.net\/et\/generation-corona\/"]}]},{"@type":"ImageObject","inLanguage":"sk-SK","@id":"https:\/\/gradido.net\/et\/generation-corona\/#primaryimage","url":"https:\/\/gradido.net\/wp-content\/uploads\/2020\/09\/generation-corona.jpg","contentUrl":"https:\/\/gradido.net\/wp-content\/uploads\/2020\/09\/generation-corona.jpg","width":1000,"height":684},{"@type":"BreadcrumbList","@id":"https:\/\/gradido.net\/et\/generation-corona\/#breadcrumb","itemListElement":[{"@type":"ListItem","position":1,"name":"Startseite","item":"https:\/\/gradido.net\/"},{"@type":"ListItem","position":2,"name":"Zukunft f\u00fcr die \u201aGeneration Corona\u2018"}]},{"@type":"WebSite","@id":"https:\/\/gradido.net\/de\/#website","url":"https:\/\/gradido.net\/de\/","name":"Gradido","description":"Novou menou je v\u010fa\u010dnos\u0165","publisher":{"@id":"https:\/\/gradido.net\/de\/#organization"},"potentialAction":[{"@type":"SearchAction","target":{"@type":"EntryPoint","urlTemplate":"https:\/\/gradido.net\/de\/?s={search_term_string}"},"query-input":{"@type":"PropertyValueSpecification","valueRequired":true,"valueName":"search_term_string"}}],"inLanguage":"sk-SK"},{"@type":"Organization","@id":"https:\/\/gradido.net\/de\/#organization","name":"Gradido","url":"https:\/\/gradido.net\/de\/","logo":{"@type":"ImageObject","inLanguage":"sk-SK","@id":"https:\/\/gradido.net\/de\/#\/schema\/logo\/image\/","url":"https:\/\/gradido.net\/wp-content\/uploads\/2022\/04\/gradido-social.jpg","contentUrl":"https:\/\/gradido.net\/wp-content\/uploads\/2022\/04\/gradido-social.jpg","width":527,"height":273,"caption":"Gradido"},"image":{"@id":"https:\/\/gradido.net\/de\/#\/schema\/logo\/image\/"}},{"@type":"Person","@id":"https:\/\/gradido.net\/de\/#\/schema\/person\/9f913f37a47e7a82ad686b58fc907588","name":"GR4dmin","sameAs":["https:\/\/gradido.net"],"url":"https:\/\/gradido.net\/sk\/author\/gr4dmin\/"}]}},"_links":{"self":[{"href":"https:\/\/gradido.net\/sk\/wp-json\/wp\/v2\/posts\/653","targetHints":{"allow":["GET"]}}],"collection":[{"href":"https:\/\/gradido.net\/sk\/wp-json\/wp\/v2\/posts"}],"about":[{"href":"https:\/\/gradido.net\/sk\/wp-json\/wp\/v2\/types\/post"}],"author":[{"embeddable":true,"href":"https:\/\/gradido.net\/sk\/wp-json\/wp\/v2\/users\/1"}],"replies":[{"embeddable":true,"href":"https:\/\/gradido.net\/sk\/wp-json\/wp\/v2\/comments?post=653"}],"version-history":[{"count":10,"href":"https:\/\/gradido.net\/sk\/wp-json\/wp\/v2\/posts\/653\/revisions"}],"predecessor-version":[{"id":3727,"href":"https:\/\/gradido.net\/sk\/wp-json\/wp\/v2\/posts\/653\/revisions\/3727"}],"wp:featuredmedia":[{"embeddable":true,"href":"https:\/\/gradido.net\/sk\/wp-json\/wp\/v2\/media\/860"}],"wp:attachment":[{"href":"https:\/\/gradido.net\/sk\/wp-json\/wp\/v2\/media?parent=653"}],"wp:term":[{"taxonomy":"category","embeddable":true,"href":"https:\/\/gradido.net\/sk\/wp-json\/wp\/v2\/categories?post=653"},{"taxonomy":"post_tag","embeddable":true,"href":"https:\/\/gradido.net\/sk\/wp-json\/wp\/v2\/tags?post=653"}],"curies":[{"name":"wp","href":"https:\/\/api.w.org\/{rel}","templated":true}]}}