{"id":7125,"date":"2023-08-14T15:31:18","date_gmt":"2023-08-14T13:31:18","guid":{"rendered":"https:\/\/gradido.net\/?p=7125"},"modified":"2026-04-23T07:16:21","modified_gmt":"2026-04-23T05:16:21","slug":"lieblingsstadt-1-des-buergermeisters-mutiger-plan","status":"publish","type":"post","link":"https:\/\/gradido.net\/sk\/lieblingsstadt-1-des-buergermeisters-mutiger-plan\/","title":{"rendered":"Ob\u013e\u00faben\u00e9 mesto 1 - Odv\u00e1\u017eny pl\u00e1n starostu"},"content":{"rendered":"<div data-elementor-type=\"wp-post\" data-elementor-id=\"7125\" class=\"elementor elementor-7125\" data-elementor-post-type=\"post\">\n\t\t\t\t\t\t<section class=\"elementor-section elementor-top-section elementor-element elementor-element-496e1d53 elementor-section-boxed elementor-section-height-default elementor-section-height-default\" data-id=\"496e1d53\" data-element_type=\"section\" data-e-type=\"section\">\n\t\t\t\t\t\t<div class=\"elementor-container elementor-column-gap-default\">\n\t\t\t\t\t<div class=\"elementor-column elementor-col-100 elementor-top-column elementor-element elementor-element-461d7be0\" data-id=\"461d7be0\" data-element_type=\"column\" data-e-type=\"column\">\n\t\t\t<div class=\"elementor-widget-wrap elementor-element-populated\">\n\t\t\t\t\t\t<div class=\"elementor-element elementor-element-cd9ebe2 elementor-widget elementor-widget-text-editor\" data-id=\"cd9ebe2\" data-element_type=\"widget\" data-e-type=\"widget\" data-widget_type=\"text-editor.default\">\n\t\t\t\t<div class=\"elementor-widget-container\">\n\t\t\t\t\t\t\t\t\t<p style=\"text-align: right;\"><em>\"Odhodlan\u00ed \u013eudia menia svet - a seba sam\u00fdch\".<\/em><\/p><p>V\u00e1\u017een\u00fd \u010ditate\u013e,<\/p><p>vo fikt\u00edvnej obci \"Favourite Town\" je Michael Miteinand ob\u013e\u00faben\u00fdm starostom. Jeho siln\u00e1 oddanos\u0165 svojmu mestu a jeho obyvate\u013eom je dobre zn\u00e1ma. Jeho najnov\u0161\u00ed projekt s\u013eubuje, \u017ee posunie \u017eivot v Lieblingsstadte na nov\u00fa \u00farove\u0148.<\/p><p>Do bud\u00facnosti m\u00e1 Michael odv\u00e1\u017eny pl\u00e1n zavies\u0165 syst\u00e9m odme\u0148ovania za verejnoprospe\u0161n\u00e9 pr\u00e1ce Gradido. Tento inovat\u00edvny bodov\u00fd syst\u00e9m odme\u0148uje dobrovo\u013en\u00edcku pr\u00e1cu \u010fakovn\u00fdmi bodmi Gradido, \u010d\u00edm vytv\u00e1ra kult\u00faru uznania a ocenenia. Zavedenie syst\u00e9mu Gradido m\u00e1 potenci\u00e1l pozit\u00edvne zmeni\u0165 dynamiku cel\u00e9ho mesta a spoji\u0165 ob\u010danov nov\u00fdmi a kreat\u00edvnymi sp\u00f4sobmi.<\/p><p>Obchody v Lieblingsstadte u\u017e vyjadrili svoju podporu. Pon\u00fakaj\u00fa atrakt\u00edvne z\u013eavy a in\u00e9 v\u00fdhody, ktor\u00e9 mo\u017eno uplatni\u0165 na Gradidos. Je to situ\u00e1cia v\u00fdhodn\u00e1 pre obe strany: obchody z\u00edskaj\u00fa zv\u00fd\u0161enie predaja v\u010faka zv\u00fd\u0161enej lojalite z\u00e1kazn\u00edkov, zatia\u013e \u010do ob\u010dania s\u00fa odmenen\u00ed za svoju dobrovo\u013en\u00edcku pr\u00e1cu.<\/p>\t\t\t\t\t\t\t\t<\/div>\n\t\t\t\t<\/div>\n\t\t\t\t<div class=\"elementor-element elementor-element-e51c407 elementor-widget elementor-widget-image\" data-id=\"e51c407\" data-element_type=\"widget\" data-e-type=\"widget\" data-widget_type=\"image.default\">\n\t\t\t\t<div class=\"elementor-widget-container\">\n\t\t\t\t\t\t\t\t\t\t\t\t\t\t\t<img fetchpriority=\"high\" decoding=\"async\" width=\"800\" height=\"450\" src=\"https:\/\/gradido.net\/wp-content\/uploads\/2023\/08\/GradidoCafe\u0301_800.jpg\" class=\"attachment-large size-large wp-image-7128\" alt=\"\" srcset=\"https:\/\/gradido.net\/wp-content\/uploads\/2023\/08\/GradidoCafe\u0301_800.jpg 800w, https:\/\/gradido.net\/wp-content\/uploads\/2023\/08\/GradidoCafe\u0301_800-300x169.jpg 300w, https:\/\/gradido.net\/wp-content\/uploads\/2023\/08\/GradidoCafe\u0301_800-768x432.jpg 768w, https:\/\/gradido.net\/wp-content\/uploads\/2023\/08\/GradidoCafe\u0301_800-18x10.jpg 18w\" sizes=\"(max-width: 800px) 100vw, 800px\" \/>\t\t\t\t\t\t\t\t\t\t\t\t\t\t\t<\/div>\n\t\t\t\t<\/div>\n\t\t\t\t<div class=\"elementor-element elementor-element-06a4667 elementor-widget elementor-widget-text-editor\" data-id=\"06a4667\" data-element_type=\"widget\" data-e-type=\"widget\" data-widget_type=\"text-editor.default\">\n\t\t\t\t<div class=\"elementor-widget-container\">\n\t\t\t\t\t\t\t\t\t<p>Nejde v\u0161ak len o obchod. \u013dudia sa hrn\u00fa do takzvan\u00fdch \"kaviarn\u00ed Gradido\". S\u00fa to \u017eiv\u00e9 miesta stretnut\u00ed, kde sa m\u00f4\u017eu dozvedie\u0165 o aktu\u00e1lnych ponuk\u00e1ch alebo sa len tak porozpr\u00e1va\u0165 pri \u0161\u00e1lke k\u00e1vy. Soci\u00e1lna sie\u0165 mesta je tak u\u017e\u0161ie prepojen\u00e1 a pocit spolupatri\u010dnosti sa posil\u0148uje.<\/p><p>Projekt Gradido nielen\u017ee o\u017eivuje mesto Lieblingsstadt, ale aj sp\u00e1ja jeho obyvate\u013eov sp\u00f4sobom, ak\u00fd tu e\u0161te nebol. Nad\u0161enie je n\u00e1kazliv\u00e9. Ka\u017ed\u00fd chce by\u0165 akt\u00edvnym \u00fa\u010dastn\u00edkom tejto vzru\u0161uj\u00facej novej iniciat\u00edvy.<\/p><p>Spr\u00e1va sa r\u00fdchlo roz\u0161\u00edri za hranice Lieblingsstadtu. O tento inovat\u00edvny syst\u00e9m za\u010d\u00ednaj\u00fa prejavova\u0165 z\u00e1ujem aj in\u00e9 mest\u00e1.<\/p><p>V\u010faka vynaliezavosti starostu Miteinanda Lieblingsstadt prekvit\u00e1 ako nikdy predt\u00fdm. Mesto je oslavovan\u00e9 ako pr\u00edklad soci\u00e1lneho pokroku.<\/p>\t\t\t\t\t\t\t\t<\/div>\n\t\t\t\t<\/div>\n\t\t\t\t<div class=\"elementor-element elementor-element-e858257 elementor-widget-divider--view-line elementor-widget elementor-widget-divider\" data-id=\"e858257\" data-element_type=\"widget\" data-e-type=\"widget\" data-widget_type=\"divider.default\">\n\t\t\t\t<div class=\"elementor-widget-container\">\n\t\t\t\t\t\t\t<div class=\"elementor-divider\">\n\t\t\t<span class=\"elementor-divider-separator\">\n\t\t\t\t\t\t<\/span>\n\t\t<\/div>\n\t\t\t\t\t\t<\/div>\n\t\t\t\t<\/div>\n\t\t\t\t<div class=\"elementor-element elementor-element-d74dfa0 elementor-widget elementor-widget-text-editor\" data-id=\"d74dfa0\" data-element_type=\"widget\" data-e-type=\"widget\" data-widget_type=\"text-editor.default\">\n\t\t\t\t<div class=\"elementor-widget-container\">\n\t\t\t\t\t\t\t\t\t<div data-pm-slice=\"1 1 []\" data-en-clipboard=\"true\"><p>Toto je prv\u00fd pr\u00edspevok v na\u0161ej s\u00e9rii\u00a0<strong>\"Gradido v ob\u013e\u00fabenom meste\"<\/strong>. V kr\u00e1tkych pr\u00edbehoch v\u00e1m povieme, ako model Gradido v\u00fdrazne zlep\u0161uje kvalitu \u017eivota \u013eud\u00ed, zvy\u0161uje bezpe\u010dnos\u0165 v meste a dokonca \u0161etr\u00ed podniky a mestsk\u00fa nemocnicu.<\/p><p>Nev\u00e1hajte a po\u0161lite t\u00fato s\u00e9riu spr\u00e1vnym org\u00e1nom, zdru\u017eeniam a obchodn\u00edkom vo va\u0161om meste. Nedovo\u013ete, aby s\u00fa\u010dasn\u00fd klesaj\u00faci trend v \u013eudskom a hospod\u00e1rskom \u017eivote pokra\u010doval!<\/p><p>Spolo\u010dne men\u00edme na\u0161e mest\u00e1 na o\u00e1zy \u017eivota - na\u0161e ob\u013e\u00faben\u00e9 miesta!<\/p><p>S pozdravom z Hohenlohe<\/p><\/div><p>V\u00e1\u0161<\/p><p><img decoding=\"async\" class=\"alignnone wp-image-4614 size-medium\" src=\"https:\/\/gradido.net\/wp-content\/uploads\/2022\/06\/MargretBernd_2022-300x74.png\" alt=\"\" width=\"300\" height=\"74\" srcset=\"https:\/\/gradido.net\/wp-content\/uploads\/2022\/06\/MargretBernd_2022-300x74.png 300w, https:\/\/gradido.net\/wp-content\/uploads\/2022\/06\/MargretBernd_2022-18x4.png 18w, https:\/\/gradido.net\/wp-content\/uploads\/2022\/06\/MargretBernd_2022.png 431w\" sizes=\"(max-width: 300px) 100vw, 300px\" \/><\/p><p>Margret Baier a Bernd H\u00fcckst\u00e4dt<br \/>Zakladate\u013e a v\u00fdvoj\u00e1r spolo\u010dnosti Gradido<\/p>\t\t\t\t\t\t\t\t<\/div>\n\t\t\t\t<\/div>\n\t\t\t\t\t<\/div>\n\t\t<\/div>\n\t\t\t\t\t<\/div>\n\t\t<\/section>\n\t\t\t\t<section class=\"elementor-section elementor-top-section elementor-element elementor-element-d9b3194 elementor-section-boxed elementor-section-height-default elementor-section-height-default\" data-id=\"d9b3194\" data-element_type=\"section\" data-e-type=\"section\">\n\t\t\t\t\t\t<div class=\"elementor-container elementor-column-gap-default\">\n\t\t\t\t\t<div class=\"elementor-column elementor-col-100 elementor-top-column elementor-element elementor-element-da01aa6\" data-id=\"da01aa6\" data-element_type=\"column\" data-e-type=\"column\">\n\t\t\t<div class=\"elementor-widget-wrap elementor-element-populated\">\n\t\t\t\t\t\t<div class=\"elementor-element elementor-element-07ca149 elementor-position-inline-start white-links elementor-widget__width-initial elementor-view-default elementor-mobile-position-block-start elementor-widget elementor-widget-icon-box\" data-id=\"07ca149\" data-element_type=\"widget\" data-e-type=\"widget\" data-no-translation=\"\" data-widget_type=\"icon-box.default\">\n\t\t\t\t<div class=\"elementor-widget-container\">\n\t\t\t\t\t<style>.elementor-element-07ca149{display:none !important}<\/style>\t\t\t\t<\/div>\n\t\t\t\t<\/div>\n\t\t\t\t\t<\/div>\n\t\t<\/div>\n\t\t\t\t\t<\/div>\n\t\t<\/section>\n\t\t\t\t<section class=\"elementor-section elementor-top-section elementor-element elementor-element-14532fe elementor-section-boxed elementor-section-height-default elementor-section-height-default\" data-id=\"14532fe\" data-element_type=\"section\" data-e-type=\"section\">\n\t\t\t\t\t\t<div class=\"elementor-container elementor-column-gap-default\">\n\t\t\t\t\t<div class=\"elementor-column elementor-col-100 elementor-top-column elementor-element elementor-element-65d2298\" data-id=\"65d2298\" data-element_type=\"column\" data-e-type=\"column\">\n\t\t\t<div class=\"elementor-widget-wrap elementor-element-populated\">\n\t\t\t\t\t\t<div class=\"elementor-element elementor-element-3147104 elementor-widget elementor-widget-global elementor-global-9341 elementor-widget-text-editor\" data-id=\"3147104\" data-element_type=\"widget\" data-e-type=\"widget\" data-widget_type=\"text-editor.default\">\n\t\t\t\t<div class=\"elementor-widget-container\">\n\t\t\t\t\t\t\t\t\t<p><strong>PS:\u00a0<span style=\"color: #ff6600;\"><a style=\"color: #ff6600;\" href=\"https:\/\/gradido.net\/sk\/donations\/\">Vzh\u013eadom na st\u00e1le rast\u00faci v\u00fdznam Gradida opakujeme na\u0161u kampa\u0148 v\u010faky 26. j\u00fana 2026:<\/a>\u00a0<\/span><span style=\"color: #0000ff;\"><a style=\"color: #0000ff;\" href=\"https:\/\/gradido.net\/sk\/donations\/\">Okrem viacn\u00e1sobnej GradidoTransform za v\u00e1\u0161 sponzorsk\u00fd pr\u00edspevok nav\u00fd\u0161ime 26.6.2016 v\u0161etky zostatky na \u00fa\u010dtoch GDT o 26%. Sponzorujte teraz a u\u017eite si nieko\u013ekon\u00e1sobn\u00fa sumu GDT!<\/a><\/span><\/strong><\/p>\t\t\t\t\t\t\t\t<\/div>\n\t\t\t\t<\/div>\n\t\t\t\t\t<\/div>\n\t\t<\/div>\n\t\t\t\t\t<\/div>\n\t\t<\/section>\n\t\t\t\t<\/div>","protected":false},"excerpt":{"rendered":"<p>Do bud\u00facnosti m\u00e1 Michael odv\u00e1\u017eny pl\u00e1n zavies\u0165 syst\u00e9m odme\u0148ovania za verejnoprospe\u0161n\u00e9 pr\u00e1ce Gradido. Tento inovat\u00edvny bodov\u00fd syst\u00e9m odme\u0148uje dobrovo\u013en\u00edcku pr\u00e1cu \u010fakovn\u00fdmi bodmi Gradido, \u010d\u00edm vytv\u00e1ra kult\u00faru uznania a ocenenia.<\/p>","protected":false},"author":2,"featured_media":7127,"comment_status":"closed","ping_status":"closed","sticky":false,"template":"","format":"standard","meta":{"footnotes":""},"categories":[11,53],"tags":[],"class_list":["post-7125","post","type-post","status-publish","format-standard","has-post-thumbnail","hentry","category-blog","category-lieblingsstadt"],"yoast_head":"<!-- This site is optimized with the Yoast SEO plugin v27.4 - https:\/\/yoast.com\/product\/yoast-seo-wordpress\/ -->\n<title>Lieblingsstadt 1 \u2013 Des B\u00fcrgermeisters mutiger Plan - Gradido<\/title>\n<meta name=\"description\" content=\"Mit Blick auf die Zukunft hat Michael den mutigen Plan, das Gemeinwohl-Verg\u00fctungssystem Gradido einzuf\u00fchren. Dieses innovative Punkte-System honoriert ehrenamtliche Arbeit mit Gradido-Dankpunkten, wodurch eine Kultur der Anerkennung und Wertsch\u00e4tzung geschaffen wird.\" \/>\n<meta name=\"robots\" content=\"index, follow, max-snippet:-1, max-image-preview:large, max-video-preview:-1\" \/>\n<link rel=\"canonical\" href=\"https:\/\/gradido.net\/sk\/lieblingsstadt-1-des-buergermeisters-mutiger-plan\/\" \/>\n<meta property=\"og:locale\" content=\"sk_SK\" \/>\n<meta property=\"og:type\" content=\"article\" \/>\n<meta property=\"og:title\" content=\"Lieblingsstadt 1 \u2013 Des B\u00fcrgermeisters mutiger Plan - Gradido\" \/>\n<meta property=\"og:description\" content=\"Mit Blick auf die Zukunft hat Michael den mutigen Plan, das Gemeinwohl-Verg\u00fctungssystem Gradido einzuf\u00fchren. Dieses innovative Punkte-System honoriert ehrenamtliche Arbeit mit Gradido-Dankpunkten, wodurch eine Kultur der Anerkennung und Wertsch\u00e4tzung geschaffen wird.\" \/>\n<meta property=\"og:url\" content=\"https:\/\/gradido.net\/sk\/lieblingsstadt-1-des-buergermeisters-mutiger-plan\/\" \/>\n<meta property=\"og:site_name\" content=\"Gradido\" \/>\n<meta property=\"article:published_time\" content=\"2023-08-14T13:31:18+00:00\" \/>\n<meta property=\"article:modified_time\" content=\"2026-04-23T05:16:21+00:00\" \/>\n<meta property=\"og:image\" content=\"https:\/\/gradido.net\/wp-content\/uploads\/2023\/08\/Michael_1_1920.jpg\" \/>\n\t<meta property=\"og:image:width\" content=\"1920\" \/>\n\t<meta property=\"og:image:height\" content=\"1200\" \/>\n\t<meta property=\"og:image:type\" content=\"image\/jpeg\" \/>\n<meta name=\"author\" content=\"Bernd H\u00fcckst\u00e4dt\" \/>\n<meta name=\"twitter:card\" content=\"summary_large_image\" \/>\n<meta name=\"twitter:label1\" content=\"Autor\" \/>\n\t<meta name=\"twitter:data1\" content=\"Bernd H\u00fcckst\u00e4dt\" \/>\n\t<meta name=\"twitter:label2\" content=\"Predpokladan\u00fd \u010das \u010d\u00edtania\" \/>\n\t<meta name=\"twitter:data2\" content=\"3 min\u00faty\" \/>\n<script type=\"application\/ld+json\" class=\"yoast-schema-graph\">{\"@context\":\"https:\\\/\\\/schema.org\",\"@graph\":[{\"@type\":\"Article\",\"@id\":\"https:\\\/\\\/gradido.net\\\/lieblingsstadt-1-des-buergermeisters-mutiger-plan\\\/#article\",\"isPartOf\":{\"@id\":\"https:\\\/\\\/gradido.net\\\/lieblingsstadt-1-des-buergermeisters-mutiger-plan\\\/\"},\"author\":{\"name\":\"Bernd H\u00fcckst\u00e4dt\",\"@id\":\"https:\\\/\\\/gradido.net\\\/de\\\/#\\\/schema\\\/person\\\/9c503a004ad15a1ddecadce2218db5d1\"},\"headline\":\"Lieblingsstadt 1 \u2013 Des B\u00fcrgermeisters mutiger Plan\",\"datePublished\":\"2023-08-14T13:31:18+00:00\",\"dateModified\":\"2026-04-23T05:16:21+00:00\",\"mainEntityOfPage\":{\"@id\":\"https:\\\/\\\/gradido.net\\\/lieblingsstadt-1-des-buergermeisters-mutiger-plan\\\/\"},\"wordCount\":476,\"publisher\":{\"@id\":\"https:\\\/\\\/gradido.net\\\/de\\\/#organization\"},\"image\":{\"@id\":\"https:\\\/\\\/gradido.net\\\/lieblingsstadt-1-des-buergermeisters-mutiger-plan\\\/#primaryimage\"},\"thumbnailUrl\":\"https:\\\/\\\/gradido.net\\\/wp-content\\\/uploads\\\/2023\\\/08\\\/Michael_1_1920.jpg\",\"articleSection\":[\"Blog\",\"Lieblingsstadt\"],\"inLanguage\":\"sk-SK\"},{\"@type\":\"WebPage\",\"@id\":\"https:\\\/\\\/gradido.net\\\/lieblingsstadt-1-des-buergermeisters-mutiger-plan\\\/\",\"url\":\"https:\\\/\\\/gradido.net\\\/lieblingsstadt-1-des-buergermeisters-mutiger-plan\\\/\",\"name\":\"Lieblingsstadt 1 \u2013 Des B\u00fcrgermeisters mutiger Plan - Gradido\",\"isPartOf\":{\"@id\":\"https:\\\/\\\/gradido.net\\\/de\\\/#website\"},\"primaryImageOfPage\":{\"@id\":\"https:\\\/\\\/gradido.net\\\/lieblingsstadt-1-des-buergermeisters-mutiger-plan\\\/#primaryimage\"},\"image\":{\"@id\":\"https:\\\/\\\/gradido.net\\\/lieblingsstadt-1-des-buergermeisters-mutiger-plan\\\/#primaryimage\"},\"thumbnailUrl\":\"https:\\\/\\\/gradido.net\\\/wp-content\\\/uploads\\\/2023\\\/08\\\/Michael_1_1920.jpg\",\"datePublished\":\"2023-08-14T13:31:18+00:00\",\"dateModified\":\"2026-04-23T05:16:21+00:00\",\"description\":\"Mit Blick auf die Zukunft hat Michael den mutigen Plan, das Gemeinwohl-Verg\u00fctungssystem Gradido einzuf\u00fchren. Dieses innovative Punkte-System honoriert ehrenamtliche Arbeit mit Gradido-Dankpunkten, wodurch eine Kultur der Anerkennung und Wertsch\u00e4tzung geschaffen wird.\",\"breadcrumb\":{\"@id\":\"https:\\\/\\\/gradido.net\\\/lieblingsstadt-1-des-buergermeisters-mutiger-plan\\\/#breadcrumb\"},\"inLanguage\":\"sk-SK\",\"potentialAction\":[{\"@type\":\"ReadAction\",\"target\":[\"https:\\\/\\\/gradido.net\\\/lieblingsstadt-1-des-buergermeisters-mutiger-plan\\\/\"]}]},{\"@type\":\"ImageObject\",\"inLanguage\":\"sk-SK\",\"@id\":\"https:\\\/\\\/gradido.net\\\/lieblingsstadt-1-des-buergermeisters-mutiger-plan\\\/#primaryimage\",\"url\":\"https:\\\/\\\/gradido.net\\\/wp-content\\\/uploads\\\/2023\\\/08\\\/Michael_1_1920.jpg\",\"contentUrl\":\"https:\\\/\\\/gradido.net\\\/wp-content\\\/uploads\\\/2023\\\/08\\\/Michael_1_1920.jpg\",\"width\":1920,\"height\":1200},{\"@type\":\"BreadcrumbList\",\"@id\":\"https:\\\/\\\/gradido.net\\\/lieblingsstadt-1-des-buergermeisters-mutiger-plan\\\/#breadcrumb\",\"itemListElement\":[{\"@type\":\"ListItem\",\"position\":1,\"name\":\"Startseite\",\"item\":\"https:\\\/\\\/gradido.net\\\/\"},{\"@type\":\"ListItem\",\"position\":2,\"name\":\"Lieblingsstadt 1 \u2013 Des B\u00fcrgermeisters mutiger Plan\"}]},{\"@type\":\"WebSite\",\"@id\":\"https:\\\/\\\/gradido.net\\\/de\\\/#website\",\"url\":\"https:\\\/\\\/gradido.net\\\/de\\\/\",\"name\":\"Gradido\",\"description\":\"Die neue W\u00e4hrung hei\u00dft Dankbarkeit\",\"publisher\":{\"@id\":\"https:\\\/\\\/gradido.net\\\/de\\\/#organization\"},\"potentialAction\":[{\"@type\":\"SearchAction\",\"target\":{\"@type\":\"EntryPoint\",\"urlTemplate\":\"https:\\\/\\\/gradido.net\\\/de\\\/?s={search_term_string}\"},\"query-input\":{\"@type\":\"PropertyValueSpecification\",\"valueRequired\":true,\"valueName\":\"search_term_string\"}}],\"inLanguage\":\"sk-SK\"},{\"@type\":\"Organization\",\"@id\":\"https:\\\/\\\/gradido.net\\\/de\\\/#organization\",\"name\":\"Gradido\",\"url\":\"https:\\\/\\\/gradido.net\\\/de\\\/\",\"logo\":{\"@type\":\"ImageObject\",\"inLanguage\":\"sk-SK\",\"@id\":\"https:\\\/\\\/gradido.net\\\/de\\\/#\\\/schema\\\/logo\\\/image\\\/\",\"url\":\"https:\\\/\\\/gradido.net\\\/wp-content\\\/uploads\\\/2022\\\/04\\\/gradido-social.jpg\",\"contentUrl\":\"https:\\\/\\\/gradido.net\\\/wp-content\\\/uploads\\\/2022\\\/04\\\/gradido-social.jpg\",\"width\":527,\"height\":273,\"caption\":\"Gradido\"},\"image\":{\"@id\":\"https:\\\/\\\/gradido.net\\\/de\\\/#\\\/schema\\\/logo\\\/image\\\/\"}},{\"@type\":\"Person\",\"@id\":\"https:\\\/\\\/gradido.net\\\/de\\\/#\\\/schema\\\/person\\\/9c503a004ad15a1ddecadce2218db5d1\",\"name\":\"Bernd H\u00fcckst\u00e4dt\",\"sameAs\":[\"https:\\\/\\\/gradido.net\"],\"url\":\"https:\\\/\\\/gradido.net\\\/sk\\\/author\\\/bernd\\\/\"}]}<\/script>\n<!-- \/ Yoast SEO plugin. -->","yoast_head_json":{"title":"Ob\u013e\u00faben\u00e9 mesto 1 - Odv\u00e1\u017eny pl\u00e1n starostu - Gradido","description":"Do bud\u00facnosti m\u00e1 Michael odv\u00e1\u017eny pl\u00e1n zavies\u0165 syst\u00e9m odme\u0148ovania za verejnoprospe\u0161n\u00e9 pr\u00e1ce Gradido. Tento inovat\u00edvny bodov\u00fd syst\u00e9m odme\u0148uje dobrovo\u013en\u00edcku pr\u00e1cu \u010fakovn\u00fdmi bodmi Gradido, \u010d\u00edm vytv\u00e1ra kult\u00faru uznania a ocenenia.","robots":{"index":"index","follow":"follow","max-snippet":"max-snippet:-1","max-image-preview":"max-image-preview:large","max-video-preview":"max-video-preview:-1"},"canonical":"https:\/\/gradido.net\/sk\/lieblingsstadt-1-des-buergermeisters-mutiger-plan\/","og_locale":"sk_SK","og_type":"article","og_title":"Lieblingsstadt 1 \u2013 Des B\u00fcrgermeisters mutiger Plan - Gradido","og_description":"Mit Blick auf die Zukunft hat Michael den mutigen Plan, das Gemeinwohl-Verg\u00fctungssystem Gradido einzuf\u00fchren. Dieses innovative Punkte-System honoriert ehrenamtliche Arbeit mit Gradido-Dankpunkten, wodurch eine Kultur der Anerkennung und Wertsch\u00e4tzung geschaffen wird.","og_url":"https:\/\/gradido.net\/sk\/lieblingsstadt-1-des-buergermeisters-mutiger-plan\/","og_site_name":"Gradido","article_published_time":"2023-08-14T13:31:18+00:00","article_modified_time":"2026-04-23T05:16:21+00:00","og_image":[{"width":1920,"height":1200,"url":"https:\/\/gradido.net\/wp-content\/uploads\/2023\/08\/Michael_1_1920.jpg","type":"image\/jpeg"}],"author":"Bernd H\u00fcckst\u00e4dt","twitter_card":"summary_large_image","twitter_misc":{"Autor":"Bernd H\u00fcckst\u00e4dt","Predpokladan\u00fd \u010das \u010d\u00edtania":"3 min\u00faty"},"schema":{"@context":"https:\/\/schema.org","@graph":[{"@type":"Article","@id":"https:\/\/gradido.net\/lieblingsstadt-1-des-buergermeisters-mutiger-plan\/#article","isPartOf":{"@id":"https:\/\/gradido.net\/lieblingsstadt-1-des-buergermeisters-mutiger-plan\/"},"author":{"name":"Bernd H\u00fcckst\u00e4dt","@id":"https:\/\/gradido.net\/de\/#\/schema\/person\/9c503a004ad15a1ddecadce2218db5d1"},"headline":"Lieblingsstadt 1 \u2013 Des B\u00fcrgermeisters mutiger Plan","datePublished":"2023-08-14T13:31:18+00:00","dateModified":"2026-04-23T05:16:21+00:00","mainEntityOfPage":{"@id":"https:\/\/gradido.net\/lieblingsstadt-1-des-buergermeisters-mutiger-plan\/"},"wordCount":476,"publisher":{"@id":"https:\/\/gradido.net\/de\/#organization"},"image":{"@id":"https:\/\/gradido.net\/lieblingsstadt-1-des-buergermeisters-mutiger-plan\/#primaryimage"},"thumbnailUrl":"https:\/\/gradido.net\/wp-content\/uploads\/2023\/08\/Michael_1_1920.jpg","articleSection":["Blog","Lieblingsstadt"],"inLanguage":"sk-SK"},{"@type":"WebPage","@id":"https:\/\/gradido.net\/lieblingsstadt-1-des-buergermeisters-mutiger-plan\/","url":"https:\/\/gradido.net\/lieblingsstadt-1-des-buergermeisters-mutiger-plan\/","name":"Ob\u013e\u00faben\u00e9 mesto 1 - Odv\u00e1\u017eny pl\u00e1n starostu - Gradido","isPartOf":{"@id":"https:\/\/gradido.net\/de\/#website"},"primaryImageOfPage":{"@id":"https:\/\/gradido.net\/lieblingsstadt-1-des-buergermeisters-mutiger-plan\/#primaryimage"},"image":{"@id":"https:\/\/gradido.net\/lieblingsstadt-1-des-buergermeisters-mutiger-plan\/#primaryimage"},"thumbnailUrl":"https:\/\/gradido.net\/wp-content\/uploads\/2023\/08\/Michael_1_1920.jpg","datePublished":"2023-08-14T13:31:18+00:00","dateModified":"2026-04-23T05:16:21+00:00","description":"Do bud\u00facnosti m\u00e1 Michael odv\u00e1\u017eny pl\u00e1n zavies\u0165 syst\u00e9m odme\u0148ovania za verejnoprospe\u0161n\u00e9 pr\u00e1ce Gradido. Tento inovat\u00edvny bodov\u00fd syst\u00e9m odme\u0148uje dobrovo\u013en\u00edcku pr\u00e1cu \u010fakovn\u00fdmi bodmi Gradido, \u010d\u00edm vytv\u00e1ra kult\u00faru uznania a ocenenia.","breadcrumb":{"@id":"https:\/\/gradido.net\/lieblingsstadt-1-des-buergermeisters-mutiger-plan\/#breadcrumb"},"inLanguage":"sk-SK","potentialAction":[{"@type":"ReadAction","target":["https:\/\/gradido.net\/lieblingsstadt-1-des-buergermeisters-mutiger-plan\/"]}]},{"@type":"ImageObject","inLanguage":"sk-SK","@id":"https:\/\/gradido.net\/lieblingsstadt-1-des-buergermeisters-mutiger-plan\/#primaryimage","url":"https:\/\/gradido.net\/wp-content\/uploads\/2023\/08\/Michael_1_1920.jpg","contentUrl":"https:\/\/gradido.net\/wp-content\/uploads\/2023\/08\/Michael_1_1920.jpg","width":1920,"height":1200},{"@type":"BreadcrumbList","@id":"https:\/\/gradido.net\/lieblingsstadt-1-des-buergermeisters-mutiger-plan\/#breadcrumb","itemListElement":[{"@type":"ListItem","position":1,"name":"Startseite","item":"https:\/\/gradido.net\/"},{"@type":"ListItem","position":2,"name":"Lieblingsstadt 1 \u2013 Des B\u00fcrgermeisters mutiger Plan"}]},{"@type":"WebSite","@id":"https:\/\/gradido.net\/de\/#website","url":"https:\/\/gradido.net\/de\/","name":"Gradido","description":"Novou menou je v\u010fa\u010dnos\u0165","publisher":{"@id":"https:\/\/gradido.net\/de\/#organization"},"potentialAction":[{"@type":"SearchAction","target":{"@type":"EntryPoint","urlTemplate":"https:\/\/gradido.net\/de\/?s={search_term_string}"},"query-input":{"@type":"PropertyValueSpecification","valueRequired":true,"valueName":"search_term_string"}}],"inLanguage":"sk-SK"},{"@type":"Organization","@id":"https:\/\/gradido.net\/de\/#organization","name":"Gradido","url":"https:\/\/gradido.net\/de\/","logo":{"@type":"ImageObject","inLanguage":"sk-SK","@id":"https:\/\/gradido.net\/de\/#\/schema\/logo\/image\/","url":"https:\/\/gradido.net\/wp-content\/uploads\/2022\/04\/gradido-social.jpg","contentUrl":"https:\/\/gradido.net\/wp-content\/uploads\/2022\/04\/gradido-social.jpg","width":527,"height":273,"caption":"Gradido"},"image":{"@id":"https:\/\/gradido.net\/de\/#\/schema\/logo\/image\/"}},{"@type":"Person","@id":"https:\/\/gradido.net\/de\/#\/schema\/person\/9c503a004ad15a1ddecadce2218db5d1","name":"Bernd H\u00fcckst\u00e4dt","sameAs":["https:\/\/gradido.net"],"url":"https:\/\/gradido.net\/sk\/author\/bernd\/"}]}},"_links":{"self":[{"href":"https:\/\/gradido.net\/sk\/wp-json\/wp\/v2\/posts\/7125","targetHints":{"allow":["GET"]}}],"collection":[{"href":"https:\/\/gradido.net\/sk\/wp-json\/wp\/v2\/posts"}],"about":[{"href":"https:\/\/gradido.net\/sk\/wp-json\/wp\/v2\/types\/post"}],"author":[{"embeddable":true,"href":"https:\/\/gradido.net\/sk\/wp-json\/wp\/v2\/users\/2"}],"replies":[{"embeddable":true,"href":"https:\/\/gradido.net\/sk\/wp-json\/wp\/v2\/comments?post=7125"}],"version-history":[{"count":21,"href":"https:\/\/gradido.net\/sk\/wp-json\/wp\/v2\/posts\/7125\/revisions"}],"predecessor-version":[{"id":13549,"href":"https:\/\/gradido.net\/sk\/wp-json\/wp\/v2\/posts\/7125\/revisions\/13549"}],"wp:featuredmedia":[{"embeddable":true,"href":"https:\/\/gradido.net\/sk\/wp-json\/wp\/v2\/media\/7127"}],"wp:attachment":[{"href":"https:\/\/gradido.net\/sk\/wp-json\/wp\/v2\/media?parent=7125"}],"wp:term":[{"taxonomy":"category","embeddable":true,"href":"https:\/\/gradido.net\/sk\/wp-json\/wp\/v2\/categories?post=7125"},{"taxonomy":"post_tag","embeddable":true,"href":"https:\/\/gradido.net\/sk\/wp-json\/wp\/v2\/tags?post=7125"}],"curies":[{"name":"wp","href":"https:\/\/api.w.org\/{rel}","templated":true}]}}