{"id":7720,"date":"2023-09-27T15:32:45","date_gmt":"2023-09-27T13:32:45","guid":{"rendered":"https:\/\/gradido.net\/?p=7720"},"modified":"2026-04-23T07:11:58","modified_gmt":"2026-04-23T05:11:58","slug":"lieblingsstadt-14-trotz-lehrermangel-schueler-werden-zu-genies","status":"publish","type":"post","link":"https:\/\/gradido.net\/sk\/lieblingsstadt-14-trotz-lehrermangel-schueler-werden-zu-genies\/","title":{"rendered":"Ob\u013e\u00faben\u00e9 mesto 14 - Napriek nedostatku u\u010dite\u013eov: \u017eiaci sa st\u00e1vaj\u00fa g\u00e9niami"},"content":{"rendered":"<div data-elementor-type=\"wp-post\" data-elementor-id=\"7720\" class=\"elementor elementor-7720\" data-elementor-post-type=\"post\">\n\t\t\t\t\t\t<section class=\"elementor-section elementor-top-section elementor-element elementor-element-496e1d53 elementor-section-boxed elementor-section-height-default elementor-section-height-default\" data-id=\"496e1d53\" data-element_type=\"section\" data-e-type=\"section\">\n\t\t\t\t\t\t<div class=\"elementor-container elementor-column-gap-default\">\n\t\t\t\t\t<div class=\"elementor-column elementor-col-100 elementor-top-column elementor-element elementor-element-461d7be0\" data-id=\"461d7be0\" data-element_type=\"column\" data-e-type=\"column\">\n\t\t\t<div class=\"elementor-widget-wrap elementor-element-populated\">\n\t\t\t\t\t\t<div class=\"elementor-element elementor-element-cd9ebe2 elementor-widget elementor-widget-text-editor\" data-id=\"cd9ebe2\" data-element_type=\"widget\" data-e-type=\"widget\" data-widget_type=\"text-editor.default\">\n\t\t\t\t<div class=\"elementor-widget-container\">\n\t\t\t\t\t\t\t\t\t<p style=\"text-align: right;\"><em>\"Ak tento syst\u00e9m vzdel\u00e1vania uplatn\u00edme v na\u0161ich \u0161kol\u00e1ch, potom sa Favourite City zap\u00ed\u0161e do hist\u00f3rie. Preto\u017ee to, \u010do dok\u00e1\u017eeme my, dok\u00e1\u017eu v\u0161etci \u013eudia. Vyrast\u00e1 nov\u00e1 gener\u00e1cia g\u00e9niov, ktor\u00ed s\u00fa schopn\u00ed spolo\u010dne vyrie\u0161i\u0165 ve\u013ek\u00e9 probl\u00e9my tohto sveta!\"<\/em><\/p><p>V\u00e1\u017een\u00fd \u010ditate\u013e,<\/p><p>V Nemecku je nedostatok u\u010dite\u013eov. Pod\u013ea \u0161t\u00fadie PISA \u0161tvrtina \u017eiakov nevie spr\u00e1vne \u010d\u00edta\u0165, p\u00edsa\u0165 a po\u010d\u00edta\u0165. To je vidite\u013en\u00e9 aj v Lieblingsstadte. Pre Michaela Miteinanda, anga\u017eovan\u00e9ho starostu mesta, je to ne\u00fanosn\u00fd stav.<\/p><p>Spolu so Sibylle Lernfrohovou, riadite\u013ekou v\u0161eobecnej \u0161koly, zvol\u00e1 svoj t\u00edm odborn\u00edkov na kr\u00edzov\u00e9 stretnutie. Pozvan\u00ed s\u00fa aj podnikatelia, anga\u017eovan\u00ed rodi\u010dia a z\u00e1stupcovia vzdel\u00e1vacieho zdru\u017eenia Lieblingsstadt. Michael chce z Lieblingsstadtu urobi\u0165 vlajkov\u00fa lo\u010f vynikaj\u00faceho vzdel\u00e1vania.<\/p><p>Kerstin Frankov\u00e1, matka troch det\u00ed a predsedn\u00ed\u010dka vzdel\u00e1vacieho zdru\u017eenia, sa prihov\u00e1ra. Hovor\u00ed, \u017ee zdru\u017eenie chce zalo\u017ei\u0165 bezplatn\u00fa \u0161kolu. V nej sa maj\u00fa deti pripravova\u0165 na \u017eivot sp\u00f4sobom, ktor\u00fd je \u0161etrn\u00fd k mozgu a pr\u00edjemn\u00fd. Byrokratick\u00e9 prek\u00e1\u017eky na zalo\u017eenie \u0161koly s\u00fa v\u0161ak ve\u013emi vysok\u00e9.<\/p><p>\"\u010co by sa malo robi\u0165 inak ako v na\u0161ich \u0161kol\u00e1ch?\" chce vedie\u0165 Michael.<\/p><h2>Najlep\u0161ie svetov\u00e9 met\u00f3dy u\u010denia spojen\u00e9 do jedn\u00e9ho syst\u00e9mu<\/h2><p>Kerstin informuje o \u010fal\u0161om vzdel\u00e1vacom zdru\u017een\u00ed, ktor\u00e9ho zakladate\u013e zozbieral najlep\u0161ie svetov\u00e9 techniky u\u010denia a s ve\u013ek\u00fdm \u00faspechom ich vyu\u010duje \u0161tudentov.\u00a0<\/p><p>Osved\u010den\u00e9 techniky memorovania mien, hist\u00f3rie a cudz\u00edch jazykov, matematiky, \u0165ahania kore\u0148ov v hlave, zvl\u00e1dnutia \u010d\u00edselnej pam\u00e4te a mnoho \u010fal\u0161ieho - spojen\u00e9 do syst\u00e9mu u\u010denia, s ktor\u00fdm si \u0161tudenti a dospel\u00ed m\u00f4\u017eu osvoji\u0165 takmer ak\u00e9ko\u013evek vedomosti v \u010do najkrat\u0161om \u010dase.\u00a0<\/p><p>Na stovk\u00e1ch prezent\u00e1ci\u00ed pre tis\u00edce \u017eiakov, u\u010dite\u013eov a rodi\u010dov sa opakovane uk\u00e1zalo, \u017ee ka\u017ed\u00e9 die\u0165a sa m\u00f4\u017ee nau\u010di\u0165 be\u017en\u00fa \u0161kolsk\u00fa l\u00e1tku za jednu hodinu denne hravou a z\u00e1bavnou formou.<\/p><p><strong>Zdru\u017eenie u\u017e poskytuje stovky vzdel\u00e1vac\u00edch vide\u00ed na najr\u00f4znej\u0161ie t\u00e9my bezplatne. Vide\u00e1 sa osved\u010dili po\u010das v\u00fdluk. Neust\u00e1le sa dop\u013a\u0148aj\u00fa, tak\u017ee v s\u00fa\u010dasnosti s\u00fa k dispoz\u00edcii vide\u00e1 prakticky pre v\u0161etky \u0161kolsk\u00e9 predmety.<\/strong><\/p><p>Zdru\u017eenie neust\u00e1le dost\u00e1va \u010fakovn\u00e9 listy od \u017eiakov, ktor\u00ed p\u00ed\u0161u v tomto zmysle: <strong>\"Kedysi som si myslel, \u017ee som idiot. Teraz viem, \u017ee som g\u00e9nius!\"<\/strong><\/p><p>V nemecky hovoriacich krajin\u00e1ch vznikaj\u00fa po\u010detn\u00e9 iniciat\u00edvy, ktor\u00e9 chc\u00fa zriadi\u0165 slobodn\u00e9 \u0161koly pod\u013ea tohto syst\u00e9mu. Hlavn\u00e9 \u0165a\u017ekosti v\u0161ak spo\u010d\u00edvaj\u00fa v pr\u00e1vnych po\u017eiadavk\u00e1ch. Ak projekty \u0161k\u00f4l zlyhaj\u00fa, nie je to kv\u00f4li probl\u00e9mom v \u0161kolstve, ale kv\u00f4li pr\u00e1vnym probl\u00e9mom.<\/p><p>\"A tieto met\u00f3dy naozaj funguj\u00fa tak dobre?\" p\u00fdta sa Sibylle.<\/p><h2>Tis\u00edckr\u00e1t vysk\u00fa\u0161an\u00e9 a otestovan\u00e9 - funguje pre ka\u017ed\u00e9ho<\/h2><p>\"\u00c1no, ur\u010dite so v\u0161etk\u00fdmi \u017eiakmi. Tento koncept bol tis\u00edckr\u00e1t vysk\u00fa\u0161an\u00fd. Niektor\u00ed \u017eiaci mo\u017eno bud\u00fa potrebova\u0165 o pol hodiny viac, ale to by nemal by\u0165 probl\u00e9m,\" vysvet\u013euje Kerstin.<\/p><p>\"\u010co keby sme tento syst\u00e9m u\u010denia pou\u017e\u00edvali v na\u0161ich \u0161kol\u00e1ch?\" chce vedie\u0165 Michael, \"potom by si nemusel zaklada\u0165 vlastn\u00fa \u0161kolu a zo v\u0161etk\u00fdch ob\u013e\u00faben\u00fdch mestsk\u00fdch \u0161tudentov by sa stali g\u00e9niovia?\"<\/p>\t\t\t\t\t\t\t\t<\/div>\n\t\t\t\t<\/div>\n\t\t\t\t<div class=\"elementor-element elementor-element-b482206 elementor-widget elementor-widget-image\" data-id=\"b482206\" data-element_type=\"widget\" data-e-type=\"widget\" data-widget_type=\"image.default\">\n\t\t\t\t<div class=\"elementor-widget-container\">\n\t\t\t\t\t\t\t\t\t\t\t\t\t\t\t<img fetchpriority=\"high\" decoding=\"async\" width=\"500\" height=\"312\" src=\"https:\/\/gradido.net\/wp-content\/uploads\/2023\/09\/Erde_500.jpg\" class=\"attachment-full size-full wp-image-7729\" alt=\"\" srcset=\"https:\/\/gradido.net\/wp-content\/uploads\/2023\/09\/Erde_500.jpg 500w, https:\/\/gradido.net\/wp-content\/uploads\/2023\/09\/Erde_500-300x187.jpg 300w, https:\/\/gradido.net\/wp-content\/uploads\/2023\/09\/Erde_500-18x12.jpg 18w\" sizes=\"(max-width: 500px) 100vw, 500px\" \/>\t\t\t\t\t\t\t\t\t\t\t\t\t\t\t<\/div>\n\t\t\t\t<\/div>\n\t\t\t\t<div class=\"elementor-element elementor-element-c5e61d4 elementor-widget elementor-widget-text-editor\" data-id=\"c5e61d4\" data-element_type=\"widget\" data-e-type=\"widget\" data-widget_type=\"text-editor.default\">\n\t\t\t\t<div class=\"elementor-widget-container\">\n\t\t\t\t\t\t\t\t\t<p>Kerstin si mysl\u00ed: <br \/><strong>\"Ak tento syst\u00e9m u\u010denia uplatn\u00edme v na\u0161ich \u0161kol\u00e1ch, potom sa Favourite City zap\u00ed\u0161e do hist\u00f3rie. Preto\u017ee to, \u010do dok\u00e1\u017eeme my, dok\u00e1\u017eu v\u0161etci \u013eudia. Vyrast\u00e1 nov\u00e1 gener\u00e1cia g\u00e9niov, ktor\u00ed s\u00fa schopn\u00ed spolo\u010dne vyrie\u0161i\u0165 ve\u013ek\u00e9 probl\u00e9my tohto sveta!\"<\/strong><\/p><p>Zrazu je ticho - po\u010duli by ste spadn\u00fa\u0165 \u0161pendl\u00edk.<\/p><p>Po chv\u00edli preru\u0161\u00ed ticho mestsk\u00fd pokladn\u00edk Siegbert:<br \/>\"Ak to naozaj funguje a \u0161tudenti sa musia u\u010di\u0165 len jednu hodinu denne, \u010do bud\u00fa robi\u0165 po zvy\u0161ok d\u0148a? Ve\u010f m\u00e1me dozorn\u00fa povinnos\u0165.\"<\/p><p>\"Ke\u010f\u017ee \u0161tudenti u\u017e absolvovali povinn\u00fd program na jednej vyu\u010dovacej hodine, sami sa rozhoduj\u00fa, \u010do sa chc\u00fa nau\u010di\u0165 navy\u0161e pre \u017eivot,\" odpoved\u00e1 Kerstin. \"To m\u00f4\u017ee by\u0165 u ka\u017ed\u00e9ho jednotlivca ve\u013emi odli\u0161n\u00e9.<\/p>\t\t\t\t\t\t\t\t<\/div>\n\t\t\t\t<\/div>\n\t\t\t\t<div class=\"elementor-element elementor-element-0370142 elementor-widget elementor-widget-image\" data-id=\"0370142\" data-element_type=\"widget\" data-e-type=\"widget\" data-widget_type=\"image.default\">\n\t\t\t\t<div class=\"elementor-widget-container\">\n\t\t\t\t\t\t\t\t\t\t\t\t\t\t\t<img decoding=\"async\" width=\"500\" height=\"312\" src=\"https:\/\/gradido.net\/wp-content\/uploads\/2023\/09\/Schulgarten_500.jpg\" class=\"attachment-full size-full wp-image-7733\" alt=\"\" srcset=\"https:\/\/gradido.net\/wp-content\/uploads\/2023\/09\/Schulgarten_500.jpg 500w, https:\/\/gradido.net\/wp-content\/uploads\/2023\/09\/Schulgarten_500-300x187.jpg 300w, https:\/\/gradido.net\/wp-content\/uploads\/2023\/09\/Schulgarten_500-18x12.jpg 18w\" sizes=\"(max-width: 500px) 100vw, 500px\" \/>\t\t\t\t\t\t\t\t\t\t\t\t\t\t\t<\/div>\n\t\t\t\t<\/div>\n\t\t\t\t<div class=\"elementor-element elementor-element-72613e6 elementor-widget elementor-widget-text-editor\" data-id=\"72613e6\" data-element_type=\"widget\" data-e-type=\"widget\" data-widget_type=\"text-editor.default\">\n\t\t\t\t<div class=\"elementor-widget-container\">\n\t\t\t\t\t\t\t\t\t<p>Niektor\u00ed \u0161tudenti sa nau\u010dia pestova\u0165 potraviny, aby zdravo nak\u0155mili seba aj ostatn\u00fdch na farme Solidarita...<\/p><p>...in\u00ed si len \u010duchn\u00fa v pek\u00e1rni alebo v autoservise...<\/p>\t\t\t\t\t\t\t\t<\/div>\n\t\t\t\t<\/div>\n\t\t\t\t<div class=\"elementor-element elementor-element-1abcc0e elementor-widget elementor-widget-image\" data-id=\"1abcc0e\" data-element_type=\"widget\" data-e-type=\"widget\" data-widget_type=\"image.default\">\n\t\t\t\t<div class=\"elementor-widget-container\">\n\t\t\t\t\t\t\t\t\t\t\t\t\t\t\t<img decoding=\"async\" width=\"500\" height=\"312\" src=\"https:\/\/gradido.net\/wp-content\/uploads\/2023\/09\/Ma\u0308dchen_Werkstatt_500.jpg\" class=\"attachment-full size-full wp-image-7734\" alt=\"\" srcset=\"https:\/\/gradido.net\/wp-content\/uploads\/2023\/09\/Ma\u0308dchen_Werkstatt_500.jpg 500w, https:\/\/gradido.net\/wp-content\/uploads\/2023\/09\/Ma\u0308dchen_Werkstatt_500-300x187.jpg 300w, https:\/\/gradido.net\/wp-content\/uploads\/2023\/09\/Ma\u0308dchen_Werkstatt_500-18x12.jpg 18w\" sizes=\"(max-width: 500px) 100vw, 500px\" \/>\t\t\t\t\t\t\t\t\t\t\t\t\t\t\t<\/div>\n\t\t\t\t<\/div>\n\t\t\t\t<div class=\"elementor-element elementor-element-1e0b13e elementor-widget elementor-widget-text-editor\" data-id=\"1e0b13e\" data-element_type=\"widget\" data-e-type=\"widget\" data-widget_type=\"text-editor.default\">\n\t\t\t\t<div class=\"elementor-widget-container\">\n\t\t\t\t\t\t\t\t\t<p>V z\u00e1vislosti od ich veku a z\u00e1ujmu ich poz\u00fdvame na st\u00e1\u017ee do na\u0161ich firiem, aby spoznali r\u00f4zne profesie.\"<\/p>\t\t\t\t\t\t\t\t<\/div>\n\t\t\t\t<\/div>\n\t\t\t\t<div class=\"elementor-element elementor-element-c660b78 elementor-widget elementor-widget-image\" data-id=\"c660b78\" data-element_type=\"widget\" data-e-type=\"widget\" data-widget_type=\"image.default\">\n\t\t\t\t<div class=\"elementor-widget-container\">\n\t\t\t\t\t\t\t\t\t\t\t\t\t\t\t<img loading=\"lazy\" decoding=\"async\" width=\"500\" height=\"312\" src=\"https:\/\/gradido.net\/wp-content\/uploads\/2023\/09\/Ma\u0308dchen_Maurer_500.jpg\" class=\"attachment-full size-full wp-image-7741\" alt=\"\" srcset=\"https:\/\/gradido.net\/wp-content\/uploads\/2023\/09\/Ma\u0308dchen_Maurer_500.jpg 500w, https:\/\/gradido.net\/wp-content\/uploads\/2023\/09\/Ma\u0308dchen_Maurer_500-300x187.jpg 300w, https:\/\/gradido.net\/wp-content\/uploads\/2023\/09\/Ma\u0308dchen_Maurer_500-18x12.jpg 18w\" sizes=\"(max-width: 500px) 100vw, 500px\" \/>\t\t\t\t\t\t\t\t\t\t\t\t\t\t\t<\/div>\n\t\t\t\t<\/div>\n\t\t\t\t<div class=\"elementor-element elementor-element-5b36741 elementor-widget elementor-widget-text-editor\" data-id=\"5b36741\" data-element_type=\"widget\" data-e-type=\"widget\" data-widget_type=\"text-editor.default\">\n\t\t\t\t<div class=\"elementor-widget-container\">\n\t\t\t\t\t\t\t\t\t<p>\"Ak chcete, m\u00f4\u017eete sa u n\u00e1s nau\u010di\u0165 jedno alebo viac remesiel,\" hovor\u00ed Robert, stavebn\u00fd dod\u00e1vate\u013e.<\/p>\t\t\t\t\t\t\t\t<\/div>\n\t\t\t\t<\/div>\n\t\t\t\t<div class=\"elementor-element elementor-element-dcfb713 elementor-widget elementor-widget-image\" data-id=\"dcfb713\" data-element_type=\"widget\" data-e-type=\"widget\" data-widget_type=\"image.default\">\n\t\t\t\t<div class=\"elementor-widget-container\">\n\t\t\t\t\t\t\t\t\t\t\t\t\t\t\t<img loading=\"lazy\" decoding=\"async\" width=\"500\" height=\"312\" src=\"https:\/\/gradido.net\/wp-content\/uploads\/2023\/09\/Tonstudio_500.jpg\" class=\"attachment-full size-full wp-image-7742\" alt=\"\" srcset=\"https:\/\/gradido.net\/wp-content\/uploads\/2023\/09\/Tonstudio_500.jpg 500w, https:\/\/gradido.net\/wp-content\/uploads\/2023\/09\/Tonstudio_500-300x187.jpg 300w, https:\/\/gradido.net\/wp-content\/uploads\/2023\/09\/Tonstudio_500-18x12.jpg 18w\" sizes=\"(max-width: 500px) 100vw, 500px\" \/>\t\t\t\t\t\t\t\t\t\t\t\t\t\t\t<\/div>\n\t\t\t\t<\/div>\n\t\t\t\t<div class=\"elementor-element elementor-element-e572983 elementor-widget elementor-widget-text-editor\" data-id=\"e572983\" data-element_type=\"widget\" data-e-type=\"widget\" data-widget_type=\"text-editor.default\">\n\t\t\t\t<div class=\"elementor-widget-container\">\n\t\t\t\t\t\t\t\t\t<p>\"Aj umenie, kult\u00fara a \u0161port dok\u00e1\u017eu zauja\u0165,\" hovor\u00ed s pote\u0161en\u00edm Simon, kult\u00farny riadite\u013e Lieblingsstadtu, \"ma\u013eba, soch\u00e1rstvo, hudba, divadlo, kino, performance... to v\u0161etko in\u0161piruje mnoh\u00fdch mlad\u00fdch \u013eud\u00ed, nehovoriac o ve\u013ekej \u0161portovej ponuke v na\u0161om meste.\"<\/p><p>\"Mlad\u00ed \u013eudia tak akt\u00edvne formuj\u00fa svoje \"ob\u013e\u00faben\u00e9 mesto\", v ktorom bud\u00fa nesk\u00f4r radi \u017ei\u0165 ako dospel\u00ed!\" nadch\u00fdna sa Michael.<\/p><p>\"Potrebujeme na to \u010fal\u0161\u00edch u\u010dite\u013eov?\" p\u00fdta sa Siegbert.<\/p><p>\"Zo vzdel\u00e1vacieho zdru\u017eenia sa mnoh\u00ed \u010dlenovia dobrovo\u013ene prihl\u00e1sia ako sprievodcovia vzdel\u00e1van\u00edm. Ve\u013emi sa osved\u010dilo aj vz\u00e1jomn\u00e9 u\u010denie, \u010do znamen\u00e1, \u017ee \u0161tudenti sa u\u010dia navz\u00e1jom,\" vysvet\u013euje Kerstin, \"tak\u017ee nepotrebujeme viac u\u010dite\u013eov - naopak: u\u010dite\u013eom sa u\u013eavilo. M\u00f4\u017eu sa ove\u013ea lep\u0161ie venova\u0165 jednotliv\u00fdm \u0161tudentom.\"<\/p><p>\"Vo firm\u00e1ch s\u00fa mlad\u00ed \u013eudia tie\u017e pod doh\u013eadom,\" hovor\u00ed Robert, \"\u010d\u00edm viac mlad\u00fdm \u013eu\u010fom d\u00f4verujete, t\u00fdm s\u00fa zodpovednej\u0161\u00ed. To je moja sk\u00fasenos\u0165.<\/p><h2>Najlep\u0161\u00ed sp\u00f4sob, ako sa u\u010di\u0165, je prostredn\u00edctvom projektov<\/h2><p>Siegbert vo svojich z\u00e1znamoch uv\u00e1dza: \"U\u010ditelia \u010dasto ch\u00fdbaj\u00fa najm\u00e4 v tzv. predmetoch MINT, t. j. v matematike, informatike, pr\u00edrodn\u00fdch ved\u00e1ch a technike.\"<\/p><p>\"Tieto t\u00e9my sa najlep\u0161ie u\u010dia v projektoch.\" Roman, majite\u013e miestnej technologickej spolo\u010dnosti LieblingsTEC, vie, o \u010dom hovor\u00ed. Je zakladate\u013eom zdru\u017eenia KidsTEC e.V., v ktorom sa technicky nadan\u00e9 deti a mlad\u00ed \u013eudia stret\u00e1vaj\u00fa v agiln\u00fdch t\u00edmoch a vyv\u00edjaj\u00fa netradi\u010dn\u00e9 rie\u0161enia najr\u00f4znej\u0161\u00edch probl\u00e9mov. Z\u00edskali u\u017e nieko\u013eko ocenen\u00ed v s\u00fa\u0165a\u017ei \"Jugend Forscht\" a podobn\u00fdch s\u00fa\u0165a\u017eiach.\u00a0<\/p><p>\"Mlad\u00ed \u013eudia n\u00e1s v\u017edy prekvapia,\" dod\u00e1va Roman, \"v\u00e4\u010d\u0161inou sme to my, kto sa od nich u\u010d\u00ed, a nie naopak. My dospel\u00ed vlastne mus\u00edme len vytvori\u0165 r\u00e1mcov\u00e9 podmienky a deti prich\u00e1dzaj\u00fa s rie\u0161eniami, ktor\u00e9 by n\u00e1s v \u017eivote nenapadli.\"<\/p>\t\t\t\t\t\t\t\t<\/div>\n\t\t\t\t<\/div>\n\t\t\t\t<div class=\"elementor-element elementor-element-043c552 elementor-widget elementor-widget-image\" data-id=\"043c552\" data-element_type=\"widget\" data-e-type=\"widget\" data-widget_type=\"image.default\">\n\t\t\t\t<div class=\"elementor-widget-container\">\n\t\t\t\t\t\t\t\t\t\t\t\t\t\t\t<img loading=\"lazy\" decoding=\"async\" width=\"500\" height=\"312\" src=\"https:\/\/gradido.net\/wp-content\/uploads\/2023\/09\/Ma\u0308dchen_Robotic_500.jpg\" class=\"attachment-full size-full wp-image-7743\" alt=\"\" srcset=\"https:\/\/gradido.net\/wp-content\/uploads\/2023\/09\/Ma\u0308dchen_Robotic_500.jpg 500w, https:\/\/gradido.net\/wp-content\/uploads\/2023\/09\/Ma\u0308dchen_Robotic_500-300x187.jpg 300w, https:\/\/gradido.net\/wp-content\/uploads\/2023\/09\/Ma\u0308dchen_Robotic_500-18x12.jpg 18w\" sizes=\"(max-width: 500px) 100vw, 500px\" \/>\t\t\t\t\t\t\t\t\t\t\t\t\t\t\t<\/div>\n\t\t\t\t<\/div>\n\t\t\t\t<div class=\"elementor-element elementor-element-364b916 elementor-widget elementor-widget-text-editor\" data-id=\"364b916\" data-element_type=\"widget\" data-e-type=\"widget\" data-widget_type=\"text-editor.default\">\n\t\t\t\t<div class=\"elementor-widget-container\">\n\t\t\t\t\t\t\t\t\t<p>Roman navrhuje, aby sa u\u010ditelia STEM, KidsTEC a \u017eiaci stretli a spolo\u010dne navrhli zauj\u00edmav\u00e9 projekty. Pri realiz\u00e1cii projektov sa u\u010debn\u00e9 materi\u00e1ly dost\u00e1vaj\u00fa takmer na ved\u013eaj\u0161iu ko\u013eaj.\u00a0<\/p><p>\"Matematika a pr\u00edrodn\u00e9 vedy s\u00fa \u013eahk\u00e9, ke\u010f si nimi m\u00f4\u017eete splni\u0165 svoje \u017eelania. Vtedy sa synapsie v mozgu sp\u00fa\u0161\u0165aj\u00fa a vy sa u\u010d\u00edte rekordnou r\u00fdchlos\u0165ou. V KidsTEC to za\u017e\u00edvame ka\u017ed\u00fd de\u0148. Najlep\u0161ie n\u00e1pady prich\u00e1dzaj\u00fa od det\u00ed!\"<\/p>\t\t\t\t\t\t\t\t<\/div>\n\t\t\t\t<\/div>\n\t\t\t\t<div class=\"elementor-element elementor-element-68f51e6 elementor-widget elementor-widget-image\" data-id=\"68f51e6\" data-element_type=\"widget\" data-e-type=\"widget\" data-widget_type=\"image.default\">\n\t\t\t\t<div class=\"elementor-widget-container\">\n\t\t\t\t\t\t\t\t\t\t\t\t\t\t\t<img loading=\"lazy\" decoding=\"async\" width=\"500\" height=\"312\" src=\"https:\/\/gradido.net\/wp-content\/uploads\/2023\/09\/Junge_Labor_500.jpg\" class=\"attachment-large size-large wp-image-7744\" alt=\"\" srcset=\"https:\/\/gradido.net\/wp-content\/uploads\/2023\/09\/Junge_Labor_500.jpg 500w, https:\/\/gradido.net\/wp-content\/uploads\/2023\/09\/Junge_Labor_500-300x187.jpg 300w, https:\/\/gradido.net\/wp-content\/uploads\/2023\/09\/Junge_Labor_500-18x12.jpg 18w\" sizes=\"(max-width: 500px) 100vw, 500px\" \/>\t\t\t\t\t\t\t\t\t\t\t\t\t\t\t<\/div>\n\t\t\t\t<\/div>\n\t\t\t\t<div class=\"elementor-element elementor-element-97205b6 elementor-widget elementor-widget-text-editor\" data-id=\"97205b6\" data-element_type=\"widget\" data-e-type=\"widget\" data-widget_type=\"text-editor.default\">\n\t\t\t\t<div class=\"elementor-widget-container\">\n\t\t\t\t\t\t\t\t\t<p>Teraz do miestnosti vstupuje \u017eivot. Zd\u00e1 sa, \u017ee ka\u017ed\u00fd sa rozpr\u00e1va s ka\u017ed\u00fdm a n\u00e1pady len tak kypia...<\/p><p>\"Drah\u00ed priatelia,\" ujal sa slova Michael, \"je to fantastick\u00e9 - bude to \u010fal\u0161\u00ed m\u00ed\u013enik v na\u0161ej skvelej spolupr\u00e1ci!\"\u00a0<\/p><p>Po kr\u00e1tkej prest\u00e1vke na zamyslenie pokra\u010duje:\u00a0<br \/>\"A op\u00e4\u0165 m\u00e1me ve\u013ea dobrovo\u013en\u00edckej pr\u00e1ce, zdru\u017eenie pre vzdel\u00e1vanie, KidsTEC a, samozrejme, \u0161tudentov, ktor\u00ed prispievaj\u00fa k r\u00f4znym projektom a vytv\u00e1raj\u00fa tak obrovsk\u00fa pridan\u00fa hodnotu - pre seba, pre komunitu a pre celkov\u00fd obraz. Pod\u013ea modelu Gradido je v\u0161etka dobrovo\u013en\u00edcka pr\u00e1ca odme\u0148ovan\u00e1 sumou 20 Gradido za hodinu - v s\u00fa\u010dasnosti e\u0161te st\u00e1le maxim\u00e1lne do v\u00fd\u0161ky 1000 Gradido na hlavu mesa\u010dne, ale aj tu sa \u010falej rozv\u00edjame.\"<\/p>\t\t\t\t\t\t\t\t<\/div>\n\t\t\t\t<\/div>\n\t\t\t\t<div class=\"elementor-element elementor-element-e858257 elementor-widget-divider--view-line elementor-widget elementor-widget-divider\" data-id=\"e858257\" data-element_type=\"widget\" data-e-type=\"widget\" data-widget_type=\"divider.default\">\n\t\t\t\t<div class=\"elementor-widget-container\">\n\t\t\t\t\t\t\t<div class=\"elementor-divider\">\n\t\t\t<span class=\"elementor-divider-separator\">\n\t\t\t\t\t\t<\/span>\n\t\t<\/div>\n\t\t\t\t\t\t<\/div>\n\t\t\t\t<\/div>\n\t\t\t\t<div class=\"elementor-element elementor-element-d74dfa0 elementor-widget elementor-widget-text-editor\" data-id=\"d74dfa0\" data-element_type=\"widget\" data-e-type=\"widget\" data-widget_type=\"text-editor.default\">\n\t\t\t\t<div class=\"elementor-widget-container\">\n\t\t\t\t\t\t\t\t\t<div data-pm-slice=\"1 1 []\" data-en-clipboard=\"true\"><p>Str\u00e1nka <strong>\"Skvel\u00e1 spolupr\u00e1ca<\/strong> nadob\u00fada nepredstavite\u013en\u00e9 rozmery. V 14. epiz\u00f3de popul\u00e1rnej s\u00e9rie <strong>\"Gradido v ob\u013e\u00fabenom meste\" <\/strong>obyvatelia Lieblingsstadtu doslova zachra\u0148uj\u00fa svet - alebo sk\u00f4r zabezpe\u010duj\u00fa, aby vyr\u00e1stla gener\u00e1cia g\u00e9niov, ktor\u00ed bud\u00fa schopn\u00ed vyrie\u0161i\u0165 ve\u013ek\u00e9 probl\u00e9my sveta.<\/p><p>Je definit\u00edvne dok\u00e1zan\u00e9, \u017ee spolupr\u00e1ca je ove\u013ea lep\u0161ia ako konkurencia. Preto\u017ee to, \u010do dok\u00e1\u017eu na\u0161i ob\u013e\u00faben\u00ed obyvatelia mesta, dok\u00e1\u017eu v\u0161etci \u013eudia na svete. A to je dobre, preto\u017ee probl\u00e9my \u013eudstva m\u00f4\u017eeme vyrie\u0161i\u0165 len spolo\u010dne.<\/p><p>Aj tento vzdel\u00e1vac\u00ed projekt sa realizuje preva\u017ene na dobrovo\u013enej b\u00e1ze. Pomocou syst\u00e9mu odme\u0148ovania dobrovo\u013en\u00edkov \"Gradido\" je dobrovo\u013en\u00edcka pr\u00e1ca odme\u0148ovan\u00e1 sumou 20 Gradido za hodinu.<\/p><p>Pre Gradidos s\u00fa pripraven\u00e9 r\u00f4zne v\u00fdhody a z\u013eavy, ktor\u00e9 m\u00f4\u017eete vyu\u017ei\u0165 v miestnych podnikoch. Okrem toho prebieha medzi ob\u010danmi \u017eiv\u00e1 v\u00fdmena. T\u00fdm sa zni\u017euj\u00fa n\u00e1klady pre v\u0161etk\u00fdch z\u00fa\u010dastnen\u00fdch a ve\u013ek\u00e9 projekty sa st\u00e1vaj\u00fa uskuto\u010dnite\u013en\u00fdmi. Situ\u00e1cia v\u00fdhodn\u00e1 pre v\u0161etk\u00fdch!<\/p><p><strong>Nev\u00e1hajte a prepo\u0161lite tento seri\u00e1l svojej mestskej rade, zdru\u017eeniam a spolo\u010dnostiam!<\/strong><\/p><p>S Gradidom a Ve\u013ekou spolupr\u00e1cou vytv\u00e1rame <strong>\u0160pir\u00e1ly smerom nahor<\/strong> pozit\u00edvne formova\u0165 bud\u00facnos\u0165 udr\u017eate\u013en\u00fdm sp\u00f4sobom. Spolo\u010dne men\u00edme na\u0161e mest\u00e1 a obce na pulzuj\u00face prosperuj\u00face o\u00e1zy - na\u0161e ob\u013e\u00faben\u00e9 miesta!<\/p><p>S l\u00e1skav\u00fdm pozdravom<\/p><\/div><p>V\u00e1\u0161<\/p><p><img loading=\"lazy\" decoding=\"async\" class=\"alignnone wp-image-4614 size-medium\" src=\"https:\/\/gradido.net\/wp-content\/uploads\/2022\/06\/MargretBernd_2022-300x74.png\" alt=\"\" width=\"300\" height=\"74\" srcset=\"https:\/\/gradido.net\/wp-content\/uploads\/2022\/06\/MargretBernd_2022-300x74.png 300w, https:\/\/gradido.net\/wp-content\/uploads\/2022\/06\/MargretBernd_2022-18x4.png 18w, https:\/\/gradido.net\/wp-content\/uploads\/2022\/06\/MargretBernd_2022.png 431w\" sizes=\"(max-width: 300px) 100vw, 300px\" \/><\/p><p>Margret Baier a Bernd H\u00fcckst\u00e4dt<br \/>Zakladate\u013e a v\u00fdvoj\u00e1r spolo\u010dnosti Gradido<\/p>\t\t\t\t\t\t\t\t<\/div>\n\t\t\t\t<\/div>\n\t\t\t\t\t<\/div>\n\t\t<\/div>\n\t\t\t\t\t<\/div>\n\t\t<\/section>\n\t\t\t\t<section class=\"elementor-section elementor-top-section elementor-element elementor-element-bc5544d elementor-section-boxed elementor-section-height-default elementor-section-height-default\" data-id=\"bc5544d\" data-element_type=\"section\" data-e-type=\"section\">\n\t\t\t\t\t\t<div class=\"elementor-container elementor-column-gap-default\">\n\t\t\t\t\t<div class=\"elementor-column elementor-col-100 elementor-top-column elementor-element elementor-element-0c243ab\" data-id=\"0c243ab\" data-element_type=\"column\" data-e-type=\"column\">\n\t\t\t<div class=\"elementor-widget-wrap elementor-element-populated\">\n\t\t\t\t\t\t<div class=\"elementor-element elementor-element-847da1e elementor-position-inline-start white-links elementor-widget__width-initial elementor-view-default elementor-mobile-position-block-start elementor-widget elementor-widget-icon-box\" data-id=\"847da1e\" data-element_type=\"widget\" data-e-type=\"widget\" data-no-translation=\"\" data-widget_type=\"icon-box.default\">\n\t\t\t\t<div class=\"elementor-widget-container\">\n\t\t\t\t\t<style>.elementor-element-847da1e{display:none !important}<\/style>\t\t\t\t<\/div>\n\t\t\t\t<\/div>\n\t\t\t\t\t<\/div>\n\t\t<\/div>\n\t\t\t\t\t<\/div>\n\t\t<\/section>\n\t\t\t\t<section class=\"elementor-section elementor-top-section elementor-element elementor-element-14532fe elementor-section-boxed elementor-section-height-default elementor-section-height-default\" data-id=\"14532fe\" data-element_type=\"section\" data-e-type=\"section\">\n\t\t\t\t\t\t<div class=\"elementor-container elementor-column-gap-default\">\n\t\t\t\t\t<div class=\"elementor-column elementor-col-100 elementor-top-column elementor-element elementor-element-65d2298\" data-id=\"65d2298\" data-element_type=\"column\" data-e-type=\"column\">\n\t\t\t<div class=\"elementor-widget-wrap elementor-element-populated\">\n\t\t\t\t\t\t<div class=\"elementor-element elementor-element-42be1cc elementor-widget elementor-widget-global elementor-global-9341 elementor-widget-text-editor\" data-id=\"42be1cc\" data-element_type=\"widget\" data-e-type=\"widget\" data-widget_type=\"text-editor.default\">\n\t\t\t\t<div class=\"elementor-widget-container\">\n\t\t\t\t\t\t\t\t\t<p><strong>PS:\u00a0<span style=\"color: #ff6600;\"><a style=\"color: #ff6600;\" href=\"https:\/\/gradido.net\/sk\/donations\/\">Vzh\u013eadom na st\u00e1le rast\u00faci v\u00fdznam Gradida opakujeme na\u0161u kampa\u0148 v\u010faky 26. j\u00fana 2026:<\/a>\u00a0<\/span><span style=\"color: #0000ff;\"><a style=\"color: #0000ff;\" href=\"https:\/\/gradido.net\/sk\/donations\/\">Okrem viacn\u00e1sobnej GradidoTransform za v\u00e1\u0161 sponzorsk\u00fd pr\u00edspevok nav\u00fd\u0161ime 26.6.2016 v\u0161etky zostatky na \u00fa\u010dtoch GDT o 26%. Sponzorujte teraz a u\u017eite si nieko\u013ekon\u00e1sobn\u00fa sumu GDT!<\/a><\/span><\/strong><\/p>\t\t\t\t\t\t\t\t<\/div>\n\t\t\t\t<\/div>\n\t\t\t\t\t<\/div>\n\t\t<\/div>\n\t\t\t\t\t<\/div>\n\t\t<\/section>\n\t\t\t\t<\/div>","protected":false},"excerpt":{"rendered":"<p>V Nemecku je nedostatok u\u010dite\u013eov. Pod\u013ea \u0161t\u00fadie PISA \u0161tvrtina \u017eiakov nevie spr\u00e1vne \u010d\u00edta\u0165, p\u00edsa\u0165 a po\u010d\u00edta\u0165. To je vidite\u013en\u00e9 aj v Lieblingsstadte. Pre Michaela Miteinanda, anga\u017eovan\u00e9ho starostu mesta, je to ne\u00fanosn\u00fd stav. Ob\u013e\u00faben\u00ed obyvatelia mesta nach\u00e1dzaj\u00fa rie\u0161enie.<\/p>","protected":false},"author":2,"featured_media":7721,"comment_status":"closed","ping_status":"closed","sticky":false,"template":"","format":"standard","meta":{"footnotes":""},"categories":[11,53],"tags":[],"class_list":["post-7720","post","type-post","status-publish","format-standard","has-post-thumbnail","hentry","category-blog","category-lieblingsstadt"],"yoast_head":"<!-- This site is optimized with the Yoast SEO plugin v27.5 - https:\/\/yoast.com\/product\/yoast-seo-wordpress\/ -->\n<title>Lieblingsstadt 14 \u2013 Trotz Lehrkr\u00e4ftemangel: Sch\u00fcler werden zu Genies - Gradido<\/title>\n<meta name=\"description\" content=\"In Deutschland herrscht Lehrkr\u00e4ftemangel. Laut PISA-Studie\u00a0 k\u00f6nnen ein Viertel der Sch\u00fcler nicht richtig lesen, schreiben und rechnen. Auch in Lieblingsstadt ist das sp\u00fcrbar. F\u00fcr Michael Miteinand, den engagierten B\u00fcrgermeister der Stadt, ein untragbarer Zustand. Die Lieblingsst\u00e4dter finden die L\u00f6sung.\" \/>\n<meta name=\"robots\" content=\"index, follow, max-snippet:-1, max-image-preview:large, max-video-preview:-1\" \/>\n<link rel=\"canonical\" href=\"https:\/\/gradido.net\/sk\/lieblingsstadt-14-trotz-lehrermangel-schueler-werden-zu-genies\/\" \/>\n<meta property=\"og:locale\" content=\"sk_SK\" \/>\n<meta property=\"og:type\" content=\"article\" \/>\n<meta property=\"og:title\" content=\"Lieblingsstadt 14 \u2013 Trotz Lehrkr\u00e4ftemangel: Sch\u00fcler werden zu Genies - Gradido\" \/>\n<meta property=\"og:description\" content=\"In Deutschland herrscht Lehrkr\u00e4ftemangel. Laut PISA-Studie\u00a0 k\u00f6nnen ein Viertel der Sch\u00fcler nicht richtig lesen, schreiben und rechnen. Auch in Lieblingsstadt ist das sp\u00fcrbar. F\u00fcr Michael Miteinand, den engagierten B\u00fcrgermeister der Stadt, ein untragbarer Zustand. Die Lieblingsst\u00e4dter finden die L\u00f6sung.\" \/>\n<meta property=\"og:url\" content=\"https:\/\/gradido.net\/sk\/lieblingsstadt-14-trotz-lehrermangel-schueler-werden-zu-genies\/\" \/>\n<meta property=\"og:site_name\" content=\"Gradido\" \/>\n<meta property=\"article:published_time\" content=\"2023-09-27T13:32:45+00:00\" \/>\n<meta property=\"article:modified_time\" content=\"2026-04-23T05:11:58+00:00\" \/>\n<meta property=\"og:image\" content=\"https:\/\/gradido.net\/wp-content\/uploads\/2023\/09\/Genie_1920.jpg\" \/>\n\t<meta property=\"og:image:width\" content=\"1920\" \/>\n\t<meta property=\"og:image:height\" content=\"1200\" \/>\n\t<meta property=\"og:image:type\" content=\"image\/jpeg\" \/>\n<meta name=\"author\" content=\"Bernd H\u00fcckst\u00e4dt\" \/>\n<meta name=\"twitter:card\" content=\"summary_large_image\" \/>\n<meta name=\"twitter:label1\" content=\"Autor\" \/>\n\t<meta name=\"twitter:data1\" content=\"Bernd H\u00fcckst\u00e4dt\" \/>\n\t<meta name=\"twitter:label2\" content=\"Predpokladan\u00fd \u010das \u010d\u00edtania\" \/>\n\t<meta name=\"twitter:data2\" content=\"10 min\u00fat\" \/>\n<script type=\"application\/ld+json\" class=\"yoast-schema-graph\">{\"@context\":\"https:\\\/\\\/schema.org\",\"@graph\":[{\"@type\":\"Article\",\"@id\":\"https:\\\/\\\/gradido.net\\\/lieblingsstadt-14-trotz-lehrermangel-schueler-werden-zu-genies\\\/#article\",\"isPartOf\":{\"@id\":\"https:\\\/\\\/gradido.net\\\/lieblingsstadt-14-trotz-lehrermangel-schueler-werden-zu-genies\\\/\"},\"author\":{\"name\":\"Bernd H\u00fcckst\u00e4dt\",\"@id\":\"https:\\\/\\\/gradido.net\\\/de\\\/#\\\/schema\\\/person\\\/9c503a004ad15a1ddecadce2218db5d1\"},\"headline\":\"Lieblingsstadt 14 \u2013 Trotz Lehrkr\u00e4ftemangel: Sch\u00fcler werden zu Genies\",\"datePublished\":\"2023-09-27T13:32:45+00:00\",\"dateModified\":\"2026-04-23T05:11:58+00:00\",\"mainEntityOfPage\":{\"@id\":\"https:\\\/\\\/gradido.net\\\/lieblingsstadt-14-trotz-lehrermangel-schueler-werden-zu-genies\\\/\"},\"wordCount\":1483,\"publisher\":{\"@id\":\"https:\\\/\\\/gradido.net\\\/de\\\/#organization\"},\"image\":{\"@id\":\"https:\\\/\\\/gradido.net\\\/lieblingsstadt-14-trotz-lehrermangel-schueler-werden-zu-genies\\\/#primaryimage\"},\"thumbnailUrl\":\"https:\\\/\\\/gradido.net\\\/wp-content\\\/uploads\\\/2023\\\/09\\\/Genie_1920.jpg\",\"articleSection\":[\"Blog\",\"Lieblingsstadt\"],\"inLanguage\":\"sk-SK\"},{\"@type\":\"WebPage\",\"@id\":\"https:\\\/\\\/gradido.net\\\/lieblingsstadt-14-trotz-lehrermangel-schueler-werden-zu-genies\\\/\",\"url\":\"https:\\\/\\\/gradido.net\\\/lieblingsstadt-14-trotz-lehrermangel-schueler-werden-zu-genies\\\/\",\"name\":\"Lieblingsstadt 14 \u2013 Trotz Lehrkr\u00e4ftemangel: Sch\u00fcler werden zu Genies - Gradido\",\"isPartOf\":{\"@id\":\"https:\\\/\\\/gradido.net\\\/de\\\/#website\"},\"primaryImageOfPage\":{\"@id\":\"https:\\\/\\\/gradido.net\\\/lieblingsstadt-14-trotz-lehrermangel-schueler-werden-zu-genies\\\/#primaryimage\"},\"image\":{\"@id\":\"https:\\\/\\\/gradido.net\\\/lieblingsstadt-14-trotz-lehrermangel-schueler-werden-zu-genies\\\/#primaryimage\"},\"thumbnailUrl\":\"https:\\\/\\\/gradido.net\\\/wp-content\\\/uploads\\\/2023\\\/09\\\/Genie_1920.jpg\",\"datePublished\":\"2023-09-27T13:32:45+00:00\",\"dateModified\":\"2026-04-23T05:11:58+00:00\",\"description\":\"In Deutschland herrscht Lehrkr\u00e4ftemangel. Laut PISA-Studie\u00a0 k\u00f6nnen ein Viertel der Sch\u00fcler nicht richtig lesen, schreiben und rechnen. Auch in Lieblingsstadt ist das sp\u00fcrbar. F\u00fcr Michael Miteinand, den engagierten B\u00fcrgermeister der Stadt, ein untragbarer Zustand. Die Lieblingsst\u00e4dter finden die L\u00f6sung.\",\"breadcrumb\":{\"@id\":\"https:\\\/\\\/gradido.net\\\/lieblingsstadt-14-trotz-lehrermangel-schueler-werden-zu-genies\\\/#breadcrumb\"},\"inLanguage\":\"sk-SK\",\"potentialAction\":[{\"@type\":\"ReadAction\",\"target\":[\"https:\\\/\\\/gradido.net\\\/lieblingsstadt-14-trotz-lehrermangel-schueler-werden-zu-genies\\\/\"]}]},{\"@type\":\"ImageObject\",\"inLanguage\":\"sk-SK\",\"@id\":\"https:\\\/\\\/gradido.net\\\/lieblingsstadt-14-trotz-lehrermangel-schueler-werden-zu-genies\\\/#primaryimage\",\"url\":\"https:\\\/\\\/gradido.net\\\/wp-content\\\/uploads\\\/2023\\\/09\\\/Genie_1920.jpg\",\"contentUrl\":\"https:\\\/\\\/gradido.net\\\/wp-content\\\/uploads\\\/2023\\\/09\\\/Genie_1920.jpg\",\"width\":1920,\"height\":1200},{\"@type\":\"BreadcrumbList\",\"@id\":\"https:\\\/\\\/gradido.net\\\/lieblingsstadt-14-trotz-lehrermangel-schueler-werden-zu-genies\\\/#breadcrumb\",\"itemListElement\":[{\"@type\":\"ListItem\",\"position\":1,\"name\":\"Startseite\",\"item\":\"https:\\\/\\\/gradido.net\\\/\"},{\"@type\":\"ListItem\",\"position\":2,\"name\":\"Lieblingsstadt 14 \u2013 Trotz Lehrkr\u00e4ftemangel: Sch\u00fcler werden zu Genies\"}]},{\"@type\":\"WebSite\",\"@id\":\"https:\\\/\\\/gradido.net\\\/de\\\/#website\",\"url\":\"https:\\\/\\\/gradido.net\\\/de\\\/\",\"name\":\"Gradido\",\"description\":\"Die neue W\u00e4hrung hei\u00dft Dankbarkeit\",\"publisher\":{\"@id\":\"https:\\\/\\\/gradido.net\\\/de\\\/#organization\"},\"potentialAction\":[{\"@type\":\"SearchAction\",\"target\":{\"@type\":\"EntryPoint\",\"urlTemplate\":\"https:\\\/\\\/gradido.net\\\/de\\\/?s={search_term_string}\"},\"query-input\":{\"@type\":\"PropertyValueSpecification\",\"valueRequired\":true,\"valueName\":\"search_term_string\"}}],\"inLanguage\":\"sk-SK\"},{\"@type\":\"Organization\",\"@id\":\"https:\\\/\\\/gradido.net\\\/de\\\/#organization\",\"name\":\"Gradido\",\"url\":\"https:\\\/\\\/gradido.net\\\/de\\\/\",\"logo\":{\"@type\":\"ImageObject\",\"inLanguage\":\"sk-SK\",\"@id\":\"https:\\\/\\\/gradido.net\\\/de\\\/#\\\/schema\\\/logo\\\/image\\\/\",\"url\":\"https:\\\/\\\/gradido.net\\\/wp-content\\\/uploads\\\/2022\\\/04\\\/gradido-social.jpg\",\"contentUrl\":\"https:\\\/\\\/gradido.net\\\/wp-content\\\/uploads\\\/2022\\\/04\\\/gradido-social.jpg\",\"width\":527,\"height\":273,\"caption\":\"Gradido\"},\"image\":{\"@id\":\"https:\\\/\\\/gradido.net\\\/de\\\/#\\\/schema\\\/logo\\\/image\\\/\"}},{\"@type\":\"Person\",\"@id\":\"https:\\\/\\\/gradido.net\\\/de\\\/#\\\/schema\\\/person\\\/9c503a004ad15a1ddecadce2218db5d1\",\"name\":\"Bernd H\u00fcckst\u00e4dt\",\"sameAs\":[\"https:\\\/\\\/gradido.net\"],\"url\":\"https:\\\/\\\/gradido.net\\\/sk\\\/author\\\/bernd\\\/\"}]}<\/script>\n<!-- \/ Yoast SEO plugin. -->","yoast_head_json":{"title":"Ob\u013e\u00faben\u00e9 mesto 14 - Napriek nedostatku u\u010dite\u013eov: \u017eiaci sa st\u00e1vaj\u00fa g\u00e9niami - Gradido","description":"V Nemecku je nedostatok u\u010dite\u013eov. Pod\u013ea \u0161t\u00fadie PISA \u0161tvrtina \u017eiakov nevie spr\u00e1vne \u010d\u00edta\u0165, p\u00edsa\u0165 a po\u010d\u00edta\u0165. To je vidite\u013en\u00e9 aj v Lieblingsstadte. Pre Michaela Miteinanda, anga\u017eovan\u00e9ho starostu mesta, je to ne\u00fanosn\u00fd stav. Ob\u013e\u00faben\u00ed obyvatelia mesta nach\u00e1dzaj\u00fa rie\u0161enie.","robots":{"index":"index","follow":"follow","max-snippet":"max-snippet:-1","max-image-preview":"max-image-preview:large","max-video-preview":"max-video-preview:-1"},"canonical":"https:\/\/gradido.net\/sk\/lieblingsstadt-14-trotz-lehrermangel-schueler-werden-zu-genies\/","og_locale":"sk_SK","og_type":"article","og_title":"Lieblingsstadt 14 \u2013 Trotz Lehrkr\u00e4ftemangel: Sch\u00fcler werden zu Genies - Gradido","og_description":"In Deutschland herrscht Lehrkr\u00e4ftemangel. Laut PISA-Studie\u00a0 k\u00f6nnen ein Viertel der Sch\u00fcler nicht richtig lesen, schreiben und rechnen. Auch in Lieblingsstadt ist das sp\u00fcrbar. F\u00fcr Michael Miteinand, den engagierten B\u00fcrgermeister der Stadt, ein untragbarer Zustand. Die Lieblingsst\u00e4dter finden die L\u00f6sung.","og_url":"https:\/\/gradido.net\/sk\/lieblingsstadt-14-trotz-lehrermangel-schueler-werden-zu-genies\/","og_site_name":"Gradido","article_published_time":"2023-09-27T13:32:45+00:00","article_modified_time":"2026-04-23T05:11:58+00:00","og_image":[{"width":1920,"height":1200,"url":"https:\/\/gradido.net\/wp-content\/uploads\/2023\/09\/Genie_1920.jpg","type":"image\/jpeg"}],"author":"Bernd H\u00fcckst\u00e4dt","twitter_card":"summary_large_image","twitter_misc":{"Autor":"Bernd H\u00fcckst\u00e4dt","Predpokladan\u00fd \u010das \u010d\u00edtania":"10 min\u00fat"},"schema":{"@context":"https:\/\/schema.org","@graph":[{"@type":"Article","@id":"https:\/\/gradido.net\/lieblingsstadt-14-trotz-lehrermangel-schueler-werden-zu-genies\/#article","isPartOf":{"@id":"https:\/\/gradido.net\/lieblingsstadt-14-trotz-lehrermangel-schueler-werden-zu-genies\/"},"author":{"name":"Bernd H\u00fcckst\u00e4dt","@id":"https:\/\/gradido.net\/de\/#\/schema\/person\/9c503a004ad15a1ddecadce2218db5d1"},"headline":"Lieblingsstadt 14 \u2013 Trotz Lehrkr\u00e4ftemangel: Sch\u00fcler werden zu Genies","datePublished":"2023-09-27T13:32:45+00:00","dateModified":"2026-04-23T05:11:58+00:00","mainEntityOfPage":{"@id":"https:\/\/gradido.net\/lieblingsstadt-14-trotz-lehrermangel-schueler-werden-zu-genies\/"},"wordCount":1483,"publisher":{"@id":"https:\/\/gradido.net\/de\/#organization"},"image":{"@id":"https:\/\/gradido.net\/lieblingsstadt-14-trotz-lehrermangel-schueler-werden-zu-genies\/#primaryimage"},"thumbnailUrl":"https:\/\/gradido.net\/wp-content\/uploads\/2023\/09\/Genie_1920.jpg","articleSection":["Blog","Lieblingsstadt"],"inLanguage":"sk-SK"},{"@type":"WebPage","@id":"https:\/\/gradido.net\/lieblingsstadt-14-trotz-lehrermangel-schueler-werden-zu-genies\/","url":"https:\/\/gradido.net\/lieblingsstadt-14-trotz-lehrermangel-schueler-werden-zu-genies\/","name":"Ob\u013e\u00faben\u00e9 mesto 14 - Napriek nedostatku u\u010dite\u013eov: \u017eiaci sa st\u00e1vaj\u00fa g\u00e9niami - Gradido","isPartOf":{"@id":"https:\/\/gradido.net\/de\/#website"},"primaryImageOfPage":{"@id":"https:\/\/gradido.net\/lieblingsstadt-14-trotz-lehrermangel-schueler-werden-zu-genies\/#primaryimage"},"image":{"@id":"https:\/\/gradido.net\/lieblingsstadt-14-trotz-lehrermangel-schueler-werden-zu-genies\/#primaryimage"},"thumbnailUrl":"https:\/\/gradido.net\/wp-content\/uploads\/2023\/09\/Genie_1920.jpg","datePublished":"2023-09-27T13:32:45+00:00","dateModified":"2026-04-23T05:11:58+00:00","description":"V Nemecku je nedostatok u\u010dite\u013eov. Pod\u013ea \u0161t\u00fadie PISA \u0161tvrtina \u017eiakov nevie spr\u00e1vne \u010d\u00edta\u0165, p\u00edsa\u0165 a po\u010d\u00edta\u0165. To je vidite\u013en\u00e9 aj v Lieblingsstadte. Pre Michaela Miteinanda, anga\u017eovan\u00e9ho starostu mesta, je to ne\u00fanosn\u00fd stav. Ob\u013e\u00faben\u00ed obyvatelia mesta nach\u00e1dzaj\u00fa rie\u0161enie.","breadcrumb":{"@id":"https:\/\/gradido.net\/lieblingsstadt-14-trotz-lehrermangel-schueler-werden-zu-genies\/#breadcrumb"},"inLanguage":"sk-SK","potentialAction":[{"@type":"ReadAction","target":["https:\/\/gradido.net\/lieblingsstadt-14-trotz-lehrermangel-schueler-werden-zu-genies\/"]}]},{"@type":"ImageObject","inLanguage":"sk-SK","@id":"https:\/\/gradido.net\/lieblingsstadt-14-trotz-lehrermangel-schueler-werden-zu-genies\/#primaryimage","url":"https:\/\/gradido.net\/wp-content\/uploads\/2023\/09\/Genie_1920.jpg","contentUrl":"https:\/\/gradido.net\/wp-content\/uploads\/2023\/09\/Genie_1920.jpg","width":1920,"height":1200},{"@type":"BreadcrumbList","@id":"https:\/\/gradido.net\/lieblingsstadt-14-trotz-lehrermangel-schueler-werden-zu-genies\/#breadcrumb","itemListElement":[{"@type":"ListItem","position":1,"name":"Startseite","item":"https:\/\/gradido.net\/"},{"@type":"ListItem","position":2,"name":"Lieblingsstadt 14 \u2013 Trotz Lehrkr\u00e4ftemangel: Sch\u00fcler werden zu Genies"}]},{"@type":"WebSite","@id":"https:\/\/gradido.net\/de\/#website","url":"https:\/\/gradido.net\/de\/","name":"Gradido","description":"Novou menou je v\u010fa\u010dnos\u0165","publisher":{"@id":"https:\/\/gradido.net\/de\/#organization"},"potentialAction":[{"@type":"SearchAction","target":{"@type":"EntryPoint","urlTemplate":"https:\/\/gradido.net\/de\/?s={search_term_string}"},"query-input":{"@type":"PropertyValueSpecification","valueRequired":true,"valueName":"search_term_string"}}],"inLanguage":"sk-SK"},{"@type":"Organization","@id":"https:\/\/gradido.net\/de\/#organization","name":"Gradido","url":"https:\/\/gradido.net\/de\/","logo":{"@type":"ImageObject","inLanguage":"sk-SK","@id":"https:\/\/gradido.net\/de\/#\/schema\/logo\/image\/","url":"https:\/\/gradido.net\/wp-content\/uploads\/2022\/04\/gradido-social.jpg","contentUrl":"https:\/\/gradido.net\/wp-content\/uploads\/2022\/04\/gradido-social.jpg","width":527,"height":273,"caption":"Gradido"},"image":{"@id":"https:\/\/gradido.net\/de\/#\/schema\/logo\/image\/"}},{"@type":"Person","@id":"https:\/\/gradido.net\/de\/#\/schema\/person\/9c503a004ad15a1ddecadce2218db5d1","name":"Bernd H\u00fcckst\u00e4dt","sameAs":["https:\/\/gradido.net"],"url":"https:\/\/gradido.net\/sk\/author\/bernd\/"}]}},"_links":{"self":[{"href":"https:\/\/gradido.net\/sk\/wp-json\/wp\/v2\/posts\/7720","targetHints":{"allow":["GET"]}}],"collection":[{"href":"https:\/\/gradido.net\/sk\/wp-json\/wp\/v2\/posts"}],"about":[{"href":"https:\/\/gradido.net\/sk\/wp-json\/wp\/v2\/types\/post"}],"author":[{"embeddable":true,"href":"https:\/\/gradido.net\/sk\/wp-json\/wp\/v2\/users\/2"}],"replies":[{"embeddable":true,"href":"https:\/\/gradido.net\/sk\/wp-json\/wp\/v2\/comments?post=7720"}],"version-history":[{"count":70,"href":"https:\/\/gradido.net\/sk\/wp-json\/wp\/v2\/posts\/7720\/revisions"}],"predecessor-version":[{"id":13536,"href":"https:\/\/gradido.net\/sk\/wp-json\/wp\/v2\/posts\/7720\/revisions\/13536"}],"wp:featuredmedia":[{"embeddable":true,"href":"https:\/\/gradido.net\/sk\/wp-json\/wp\/v2\/media\/7721"}],"wp:attachment":[{"href":"https:\/\/gradido.net\/sk\/wp-json\/wp\/v2\/media?parent=7720"}],"wp:term":[{"taxonomy":"category","embeddable":true,"href":"https:\/\/gradido.net\/sk\/wp-json\/wp\/v2\/categories?post=7720"},{"taxonomy":"post_tag","embeddable":true,"href":"https:\/\/gradido.net\/sk\/wp-json\/wp\/v2\/tags?post=7720"}],"curies":[{"name":"wp","href":"https:\/\/api.w.org\/{rel}","templated":true}]}}