{"id":8362,"date":"2023-12-14T16:43:40","date_gmt":"2023-12-14T15:43:40","guid":{"rendered":"https:\/\/gradido.net\/?p=8362"},"modified":"2026-04-24T08:04:06","modified_gmt":"2026-04-24T06:04:06","slug":"gradido-kreise-gemeinsam-mit-freunden-die-zukunft-gestalten","status":"publish","type":"post","link":"https:\/\/gradido.net\/sk\/gradido-kreise-gemeinsam-mit-freunden-die-zukunft-gestalten\/","title":{"rendered":"Kruhy Gradido - Tvorba bud\u00facnosti spolu s priate\u013emi"},"content":{"rendered":"<div data-elementor-type=\"wp-post\" data-elementor-id=\"8362\" class=\"elementor elementor-8362\" data-elementor-post-type=\"post\">\n\t\t\t\t\t\t<section class=\"elementor-section elementor-top-section elementor-element elementor-element-496e1d53 elementor-section-boxed elementor-section-height-default elementor-section-height-default\" data-id=\"496e1d53\" data-element_type=\"section\" data-e-type=\"section\">\n\t\t\t\t\t\t<div class=\"elementor-container elementor-column-gap-default\">\n\t\t\t\t\t<div class=\"elementor-column elementor-col-100 elementor-top-column elementor-element elementor-element-461d7be0\" data-id=\"461d7be0\" data-element_type=\"column\" data-e-type=\"column\">\n\t\t\t<div class=\"elementor-widget-wrap elementor-element-populated\">\n\t\t\t\t\t\t<div class=\"elementor-element elementor-element-cd9ebe2 elementor-widget elementor-widget-text-editor\" data-id=\"cd9ebe2\" data-element_type=\"widget\" data-e-type=\"widget\" data-widget_type=\"text-editor.default\">\n\t\t\t\t<div class=\"elementor-widget-container\">\n\t\t\t\t\t\t\t\t\t<p style=\"text-align: right;\"><em>\"\u010co nedok\u00e1\u017ee jeden \u010dlovek s\u00e1m, dok\u00e1\u017eu mnoh\u00ed.\"<\/em><br \/><em>- Friedrich Wilhelm Raiffeisen<\/em><\/p><p>V\u00e1\u017een\u00fd \u010ditate\u013e,<\/p><p>Ako spolo\u010densk\u00e9 bytosti sme z\u00e1visl\u00ed od spolo\u010dnosti in\u00fdch \u013eud\u00ed. Chceme priate\u013eov, ktor\u00ed n\u00e1m rozumej\u00fa a ktor\u00fdm m\u00f4\u017eeme d\u00f4verova\u0165. Pr\u00edslu\u0161nos\u0165 je z\u00e1kladnou \u013eudskou potrebou. Len spolo\u010dne m\u00f4\u017eeme vytvori\u0165 dobr\u00fa bud\u00facnos\u0165 pre v\u0161etk\u00fdch.<\/p><p>Komunity v\u0161ak maj\u00fa aj temn\u00e9 str\u00e1nky. Nedobrovo\u013en\u00e9 \u010dlenstvo v spolo\u010denstv\u00e1ch, ako s\u00fa \u0161k\u00f4lky, \u0161koly, pracovisk\u00e1, dedinsk\u00e9 komunity at\u010f., sa m\u00f4\u017ee zmeni\u0165 na peklo, ak sa nezhoduje s vlnovou d\u013a\u017ekou. Citliv\u00ed, tich\u00ed \u013eudia sa potom r\u00fdchlo st\u00e1vaj\u00fa outsidermi. C\u00edtia sa \u0161ikanovan\u00ed a ob\u0165a\u017eovan\u00ed. Aj vy si niekedy pomysl\u00edte: \"Nie som tu spr\u00e1vny\" alebo - \u010do je e\u0161te hor\u0161ie - \"Nie je so mnou nie\u010do v poriadku\"? V\u0161etci v\u0161ak m\u00e1me pr\u00e1vo patri\u0165 a c\u00edti\u0165 sa bezpe\u010dne v kruhu dobre naladen\u00fdch \u013eud\u00ed, ktor\u00ed sa k n\u00e1m hodia.<\/p><h2>Spolo\u010dn\u00fd rozvoj potenci\u00e1lu<\/h2><p>Pre n\u00e1s, zakladate\u013eov Gradido, je ve\u013emi d\u00f4le\u017eit\u00e9, aby ste sa u n\u00e1s c\u00edtili pr\u00edjemne. D\u00fafame, \u017ee v Gradido spozn\u00e1te skvel\u00fdch \u013eud\u00ed, a preto m\u00f4\u017eete s dobr\u00fdm pocitom pozva\u0165 priate\u013eov, zn\u00e1mych a pr\u00edbuzn\u00fdch. Skr\u00e1tka: aby ste sa obklopili okruhom dobr\u00fdch priate\u013eov, v ktorom sa budete c\u00edti\u0165 bezpe\u010dne. Takto sa navz\u00e1jom podpor\u00edte pri realiz\u00e1cii svojho najv\u00e4\u010d\u0161ieho potenci\u00e1lu.<\/p><p>Nez\u00e1le\u017e\u00ed na tom, \u010di ste sa prv\u00fdkr\u00e1t stretli prostredn\u00edctvom Gradida alebo sa pozn\u00e1te u\u017e dlho. Mo\u017eno m\u00e1te spolo\u010dn\u00fd z\u00e1ujem (zdru\u017eenie, projekt, iniciat\u00edvu, svojpomocn\u00fa skupinu at\u010f.) alebo sa jednoducho m\u00e1te radi, a preto ste radi spolu.\u00a0<\/p><p>Spolo\u010denstv\u00e1 rozv\u00edjaj\u00fa silu, s\u00fa imago bunkami pre transform\u00e1ciu. Spolo\u010dne m\u00f4\u017eeme dosiahnu\u0165 to, \u010do jeden \u010dlovek s\u00e1m nedok\u00e1\u017ee.\u00a0<\/p><h2>Spolo\u010dne za prosperitu, mier a slobodu<\/h2><p>Zatia\u013e \u010do sa ekonomika a star\u00fd finan\u010dn\u00fd syst\u00e9m vonku r\u00facaj\u00fa, \u010doraz viac podnikov krachuje, masy zamestnancov s\u00fa prep\u00fa\u0161\u0165an\u00e9, chudoba star\u0161\u00edch \u013eud\u00ed a det\u00ed narast\u00e1, feder\u00e1lne, \u0161t\u00e1tne a miestne vl\u00e1dy \u010delia \u010doraz v\u00e4\u010d\u0161\u00edm finan\u010dn\u00fdm probl\u00e9mom a m\u00f4\u017eu sa dosta\u0165 do platobnej neschopnosti, my spolo\u010dne vytv\u00e1rame syst\u00e9m odme\u0148ovania novej \u00e9ry prostredn\u00edctvom n\u00e1\u0161ho pr\u00edspevku pre spolo\u010dn\u00e9 dobro. Po obdob\u00ed testovania a \u0161\u00edrenia sa vyvinie do nov\u00e9ho pe\u0148a\u017en\u00e9ho syst\u00e9mu, ktor\u00fd m\u00e1 potenci\u00e1l vytvori\u0165 prosperitu pre v\u0161etk\u00fdch \u013eud\u00ed v mieri, slobode a harm\u00f3nii s pr\u00edrodou.<\/p><h2>Aj bez vlastn\u00e9ho servera Gradido<\/h2><p>Nez\u00e1le\u017e\u00ed na tom, \u010di u\u017e patr\u00edte do skupiny, alebo ste sa navz\u00e1jom na\u0161li prostredn\u00edctvom Gradida - ak chcete Gradido pou\u017e\u00edva\u0165 spolo\u010dne, nepotrebujete vlastn\u00fd server Gradido.<\/p><p>Zo svojich radov si vyberiete 2-3 moder\u00e1torov, ktor\u00fdm d\u00f4verujete. Potom kontaktujete podporu Gradido a dohodnete si \u00favodn\u00e9 stretnutie. Ak v\u0161etko sed\u00ed, budete zaregistrovan\u00ed ako kruh Gradido a od tohto momentu m\u00f4\u017eete vytv\u00e1ra\u0165 Gradido na vlastn\u00fa zodpovednos\u0165. Va\u0161i moder\u00e1tori potvrdia vami zadan\u00e9 pr\u00edspevky spolo\u010dn\u00e9ho dobra, a teda aj tvorbu. Ke\u010f\u017ee sa navz\u00e1jom dobre pozn\u00e1te, m\u00f4\u017eete r\u00fdchlo diskutova\u0165 a spolo\u010dne rie\u0161i\u0165 pr\u00edpadn\u00e9 nejasnosti.\u00a0<\/p><h2>3 kroky k vlastn\u00e9mu kruhu Gradido<\/h2><p>Kruh m\u00f4\u017ee tvori\u0165 len 5 a\u017e 10 \u013eud\u00ed.\u00a0<\/p><p>Je to \u00faplne jednoduch\u00e9:<\/p><ol><li>D\u00e1te si n\u00e1zov, napr\u00edklad \"N\u00e1\u0161 \u00fa\u017easn\u00fd kruh\", a vyberiete si hashtag, napr\u00edklad #uwukreis. Tento hashtag umiestnite pred text ka\u017ed\u00e9ho svojho pr\u00edspevku pre spolo\u010dn\u00e9 dobro.<\/li><li>Sami si vyberiete moder\u00e1torov a kontaktujete t\u00edm podpory va\u0161ej komunity Gradido.<\/li><li>Po \u00faspe\u0161nom \u00favodnom stretnut\u00ed podpora aktivuje va\u0161ich moder\u00e1torov a stru\u010dne ich obozn\u00e1mi s administr\u00e1torskou oblas\u0165ou, kde m\u00f4\u017eu upravova\u0165 va\u0161e pr\u00edspevky.\u00a0<\/li><\/ol><h2>Si skvel\u00e1 - tak\u00e1, ak\u00e1 si!<\/h2><p>Ste dobr\u00ed tak\u00ed, ak\u00ed ste - ako jednotlivci aj ako skupina alebo zdru\u017eenie. Ak chcete pou\u017e\u00edva\u0165 Gradido spolo\u010dne alebo samostatne, nemus\u00edte meni\u0165 svoju identitu ako skupina.\u00a0<\/p><h2>Porozpr\u00e1vajte sa so svojimi priate\u013emi<\/h2><p>Nev\u00e1hajte a porozpr\u00e1vajte sa s \u013eu\u010fmi, ktor\u00fdch pozn\u00e1te, o tom, \u017ee pomocou Gradida sa m\u00f4\u017eete navz\u00e1jom podporova\u0165 v tomto st\u00e1le rast\u00facom hnut\u00ed a pom\u00e1ha\u0165 vytv\u00e1ra\u0165 dobr\u00fa bud\u00facnos\u0165 pre v\u0161etk\u00fdch.\u00a0<\/p><p>Ka\u017ed\u00fd niekedy potrebuje podporu dobr\u00fdch priate\u013eov. Preto\u017ee - \u010di sa n\u00e1m to p\u00e1\u010di alebo nie - \"ve\u013ek\u00fd prevrat\" je u\u017e v plnom pr\u00fade. \u010casy, ktor\u00e9 n\u00e1s \u010dakaj\u00fa, s\u00fa \u010doraz neistej\u0161ie a prines\u00fa ve\u013ek\u00e9 zmeny. A je skvel\u00e9, ak ste sa v\u010das zorganizovali.<\/p><p>Nakoniec bude v\u0161etko v poriadku. Spolo\u010dne vytvor\u00edme n\u00e1dhern\u00e9 komunity, \u013eudsk\u00e9 o\u00e1zy obklopen\u00e9 zdravou pr\u00edrodou, kde sa mlad\u00ed a star\u00ed te\u0161ia zo spolo\u010dn\u00e9ho \u017eivota - v mieri, slobode a v harm\u00f3nii s pr\u00edrodou.<\/p><p>Je n\u00e1s ve\u013ea a je n\u00e1s \u010doraz viac.<\/p><p>Tis\u00edckr\u00e1t \u010fakujeme, preto\u017ee ste s nami!<\/p>\t\t\t\t\t\t\t\t<\/div>\n\t\t\t\t<\/div>\n\t\t\t\t<div class=\"elementor-element elementor-element-d74dfa0 elementor-widget elementor-widget-text-editor\" data-id=\"d74dfa0\" data-element_type=\"widget\" data-e-type=\"widget\" data-widget_type=\"text-editor.default\">\n\t\t\t\t<div class=\"elementor-widget-container\">\n\t\t\t\t\t\t\t\t\t<div data-pm-slice=\"1 1 []\" data-en-clipboard=\"true\"><p>S l\u00e1skav\u00fdm pozdravom<\/p><\/div><p>V\u00e1\u0161<\/p><p><img decoding=\"async\" class=\"alignnone wp-image-4614 size-medium\" src=\"https:\/\/gradido.net\/wp-content\/uploads\/2022\/06\/MargretBernd_2022-300x74.png\" alt=\"\" width=\"300\" height=\"74\" srcset=\"https:\/\/gradido.net\/wp-content\/uploads\/2022\/06\/MargretBernd_2022-300x74.png 300w, https:\/\/gradido.net\/wp-content\/uploads\/2022\/06\/MargretBernd_2022-18x4.png 18w, https:\/\/gradido.net\/wp-content\/uploads\/2022\/06\/MargretBernd_2022.png 431w\" sizes=\"(max-width: 300px) 100vw, 300px\" \/><\/p><p>Margret Baier a Bernd H\u00fcckst\u00e4dt<br \/>Zakladate\u013e a v\u00fdvoj\u00e1r spolo\u010dnosti Gradido<\/p>\t\t\t\t\t\t\t\t<\/div>\n\t\t\t\t<\/div>\n\t\t\t\t\t<\/div>\n\t\t<\/div>\n\t\t\t\t\t<\/div>\n\t\t<\/section>\n\t\t\t\t<section class=\"elementor-section elementor-top-section elementor-element elementor-element-14532fe elementor-section-boxed elementor-section-height-default elementor-section-height-default\" data-id=\"14532fe\" data-element_type=\"section\" data-e-type=\"section\">\n\t\t\t\t\t\t<div class=\"elementor-container elementor-column-gap-default\">\n\t\t\t\t\t<div class=\"elementor-column elementor-col-100 elementor-top-column elementor-element elementor-element-65d2298\" data-id=\"65d2298\" data-element_type=\"column\" data-e-type=\"column\">\n\t\t\t<div class=\"elementor-widget-wrap elementor-element-populated\">\n\t\t\t\t\t\t<div class=\"elementor-element elementor-element-ff276d0 elementor-widget elementor-widget-global elementor-global-9341 elementor-widget-text-editor\" data-id=\"ff276d0\" data-element_type=\"widget\" data-e-type=\"widget\" data-widget_type=\"text-editor.default\">\n\t\t\t\t<div class=\"elementor-widget-container\">\n\t\t\t\t\t\t\t\t\t<p><strong>PS:\u00a0<span style=\"color: #ff6600;\"><a style=\"color: #ff6600;\" href=\"https:\/\/gradido.net\/sk\/donations\/\">Vzh\u013eadom na st\u00e1le rast\u00faci v\u00fdznam Gradida opakujeme na\u0161u kampa\u0148 v\u010faky 26. j\u00fana 2026:<\/a>\u00a0<\/span><span style=\"color: #0000ff;\"><a style=\"color: #0000ff;\" href=\"https:\/\/gradido.net\/sk\/donations\/\">Okrem viacn\u00e1sobnej GradidoTransform za v\u00e1\u0161 sponzorsk\u00fd pr\u00edspevok nav\u00fd\u0161ime 26.6.2016 v\u0161etky zostatky na \u00fa\u010dtoch GDT o 26%. Sponzorujte teraz a u\u017eite si nieko\u013ekon\u00e1sobn\u00fa sumu GDT!<\/a><\/span><\/strong><\/p>\t\t\t\t\t\t\t\t<\/div>\n\t\t\t\t<\/div>\n\t\t\t\t\t<\/div>\n\t\t<\/div>\n\t\t\t\t\t<\/div>\n\t\t<\/section>\n\t\t\t\t<\/div>","protected":false},"excerpt":{"rendered":"<p>Nez\u00e1le\u017e\u00ed na tom, \u010di u\u017e patr\u00edte do skupiny, alebo ste sa navz\u00e1jom na\u0161li prostredn\u00edctvom Gradida - ak chcete Gradido pou\u017e\u00edva\u0165 spolo\u010dne, nepotrebujete vlastn\u00fd server Gradido.<\/p>","protected":false},"author":2,"featured_media":8364,"comment_status":"closed","ping_status":"closed","sticky":false,"template":"","format":"standard","meta":{"footnotes":""},"categories":[11,54],"tags":[],"class_list":["post-8362","post","type-post","status-publish","format-standard","has-post-thumbnail","hentry","category-blog","category-community"],"yoast_head":"<!-- This site is optimized with the Yoast SEO plugin v27.5 - https:\/\/yoast.com\/product\/yoast-seo-wordpress\/ -->\n<title>Gradido-Kreise \u2013 Gemeinsam mit Freunden die Zukunft gestalten - Gradido<\/title>\n<meta name=\"description\" content=\"Ganz gleich, ob Ihr bereits einer Gruppe zugeh\u00f6rig seid oder ob Ihr Euch \u00fcber Gradido gefunden habt \u2013 wenn Ihr gemeinsam Gradido nutzen wollt, braucht Ihr nicht gleich einen eigenen Gradido-Server.\" \/>\n<meta name=\"robots\" content=\"index, follow, max-snippet:-1, max-image-preview:large, max-video-preview:-1\" \/>\n<link rel=\"canonical\" href=\"https:\/\/gradido.net\/sk\/gradido-kreise-gemeinsam-mit-freunden-die-zukunft-gestalten\/\" \/>\n<meta property=\"og:locale\" content=\"sk_SK\" \/>\n<meta property=\"og:type\" content=\"article\" \/>\n<meta property=\"og:title\" content=\"Gradido-Kreise \u2013 Gemeinsam mit Freunden die Zukunft gestalten - Gradido\" \/>\n<meta property=\"og:description\" content=\"Ganz gleich, ob Ihr bereits einer Gruppe zugeh\u00f6rig seid oder ob Ihr Euch \u00fcber Gradido gefunden habt \u2013 wenn Ihr gemeinsam Gradido nutzen wollt, braucht Ihr nicht gleich einen eigenen Gradido-Server.\" \/>\n<meta property=\"og:url\" content=\"https:\/\/gradido.net\/sk\/gradido-kreise-gemeinsam-mit-freunden-die-zukunft-gestalten\/\" \/>\n<meta property=\"og:site_name\" content=\"Gradido\" \/>\n<meta property=\"article:published_time\" content=\"2023-12-14T15:43:40+00:00\" \/>\n<meta property=\"article:modified_time\" content=\"2026-04-24T06:04:06+00:00\" \/>\n<meta property=\"og:image\" content=\"https:\/\/gradido.net\/wp-content\/uploads\/2023\/12\/Freundeskreis.jpg\" \/>\n\t<meta property=\"og:image:width\" content=\"1920\" \/>\n\t<meta property=\"og:image:height\" content=\"1080\" \/>\n\t<meta property=\"og:image:type\" content=\"image\/jpeg\" \/>\n<meta name=\"author\" content=\"Bernd H\u00fcckst\u00e4dt\" \/>\n<meta name=\"twitter:card\" content=\"summary_large_image\" \/>\n<meta name=\"twitter:label1\" content=\"Autor\" \/>\n\t<meta name=\"twitter:data1\" content=\"Bernd H\u00fcckst\u00e4dt\" \/>\n\t<meta name=\"twitter:label2\" content=\"Predpokladan\u00fd \u010das \u010d\u00edtania\" \/>\n\t<meta name=\"twitter:data2\" content=\"5 min\u00fat\" \/>\n<script type=\"application\/ld+json\" class=\"yoast-schema-graph\">{\"@context\":\"https:\\\/\\\/schema.org\",\"@graph\":[{\"@type\":\"Article\",\"@id\":\"https:\\\/\\\/gradido.net\\\/gradido-kreise-gemeinsam-mit-freunden-die-zukunft-gestalten\\\/#article\",\"isPartOf\":{\"@id\":\"https:\\\/\\\/gradido.net\\\/gradido-kreise-gemeinsam-mit-freunden-die-zukunft-gestalten\\\/\"},\"author\":{\"name\":\"Bernd H\u00fcckst\u00e4dt\",\"@id\":\"https:\\\/\\\/gradido.net\\\/de\\\/#\\\/schema\\\/person\\\/9c503a004ad15a1ddecadce2218db5d1\"},\"headline\":\"Gradido-Kreise \u2013 Gemeinsam mit Freunden die Zukunft gestalten\",\"datePublished\":\"2023-12-14T15:43:40+00:00\",\"dateModified\":\"2026-04-24T06:04:06+00:00\",\"mainEntityOfPage\":{\"@id\":\"https:\\\/\\\/gradido.net\\\/gradido-kreise-gemeinsam-mit-freunden-die-zukunft-gestalten\\\/\"},\"wordCount\":807,\"publisher\":{\"@id\":\"https:\\\/\\\/gradido.net\\\/de\\\/#organization\"},\"image\":{\"@id\":\"https:\\\/\\\/gradido.net\\\/gradido-kreise-gemeinsam-mit-freunden-die-zukunft-gestalten\\\/#primaryimage\"},\"thumbnailUrl\":\"https:\\\/\\\/gradido.net\\\/wp-content\\\/uploads\\\/2023\\\/12\\\/Freundeskreis.jpg\",\"articleSection\":[\"Blog\",\"Community\"],\"inLanguage\":\"sk-SK\"},{\"@type\":\"WebPage\",\"@id\":\"https:\\\/\\\/gradido.net\\\/gradido-kreise-gemeinsam-mit-freunden-die-zukunft-gestalten\\\/\",\"url\":\"https:\\\/\\\/gradido.net\\\/gradido-kreise-gemeinsam-mit-freunden-die-zukunft-gestalten\\\/\",\"name\":\"Gradido-Kreise \u2013 Gemeinsam mit Freunden die Zukunft gestalten - Gradido\",\"isPartOf\":{\"@id\":\"https:\\\/\\\/gradido.net\\\/de\\\/#website\"},\"primaryImageOfPage\":{\"@id\":\"https:\\\/\\\/gradido.net\\\/gradido-kreise-gemeinsam-mit-freunden-die-zukunft-gestalten\\\/#primaryimage\"},\"image\":{\"@id\":\"https:\\\/\\\/gradido.net\\\/gradido-kreise-gemeinsam-mit-freunden-die-zukunft-gestalten\\\/#primaryimage\"},\"thumbnailUrl\":\"https:\\\/\\\/gradido.net\\\/wp-content\\\/uploads\\\/2023\\\/12\\\/Freundeskreis.jpg\",\"datePublished\":\"2023-12-14T15:43:40+00:00\",\"dateModified\":\"2026-04-24T06:04:06+00:00\",\"description\":\"Ganz gleich, ob Ihr bereits einer Gruppe zugeh\u00f6rig seid oder ob Ihr Euch \u00fcber Gradido gefunden habt \u2013 wenn Ihr gemeinsam Gradido nutzen wollt, braucht Ihr nicht gleich einen eigenen Gradido-Server.\",\"breadcrumb\":{\"@id\":\"https:\\\/\\\/gradido.net\\\/gradido-kreise-gemeinsam-mit-freunden-die-zukunft-gestalten\\\/#breadcrumb\"},\"inLanguage\":\"sk-SK\",\"potentialAction\":[{\"@type\":\"ReadAction\",\"target\":[\"https:\\\/\\\/gradido.net\\\/gradido-kreise-gemeinsam-mit-freunden-die-zukunft-gestalten\\\/\"]}]},{\"@type\":\"ImageObject\",\"inLanguage\":\"sk-SK\",\"@id\":\"https:\\\/\\\/gradido.net\\\/gradido-kreise-gemeinsam-mit-freunden-die-zukunft-gestalten\\\/#primaryimage\",\"url\":\"https:\\\/\\\/gradido.net\\\/wp-content\\\/uploads\\\/2023\\\/12\\\/Freundeskreis.jpg\",\"contentUrl\":\"https:\\\/\\\/gradido.net\\\/wp-content\\\/uploads\\\/2023\\\/12\\\/Freundeskreis.jpg\",\"width\":1920,\"height\":1080},{\"@type\":\"BreadcrumbList\",\"@id\":\"https:\\\/\\\/gradido.net\\\/gradido-kreise-gemeinsam-mit-freunden-die-zukunft-gestalten\\\/#breadcrumb\",\"itemListElement\":[{\"@type\":\"ListItem\",\"position\":1,\"name\":\"Startseite\",\"item\":\"https:\\\/\\\/gradido.net\\\/\"},{\"@type\":\"ListItem\",\"position\":2,\"name\":\"Gradido-Kreise \u2013 Gemeinsam mit Freunden die Zukunft gestalten\"}]},{\"@type\":\"WebSite\",\"@id\":\"https:\\\/\\\/gradido.net\\\/de\\\/#website\",\"url\":\"https:\\\/\\\/gradido.net\\\/de\\\/\",\"name\":\"Gradido\",\"description\":\"Die neue W\u00e4hrung hei\u00dft Dankbarkeit\",\"publisher\":{\"@id\":\"https:\\\/\\\/gradido.net\\\/de\\\/#organization\"},\"potentialAction\":[{\"@type\":\"SearchAction\",\"target\":{\"@type\":\"EntryPoint\",\"urlTemplate\":\"https:\\\/\\\/gradido.net\\\/de\\\/?s={search_term_string}\"},\"query-input\":{\"@type\":\"PropertyValueSpecification\",\"valueRequired\":true,\"valueName\":\"search_term_string\"}}],\"inLanguage\":\"sk-SK\"},{\"@type\":\"Organization\",\"@id\":\"https:\\\/\\\/gradido.net\\\/de\\\/#organization\",\"name\":\"Gradido\",\"url\":\"https:\\\/\\\/gradido.net\\\/de\\\/\",\"logo\":{\"@type\":\"ImageObject\",\"inLanguage\":\"sk-SK\",\"@id\":\"https:\\\/\\\/gradido.net\\\/de\\\/#\\\/schema\\\/logo\\\/image\\\/\",\"url\":\"https:\\\/\\\/gradido.net\\\/wp-content\\\/uploads\\\/2022\\\/04\\\/gradido-social.jpg\",\"contentUrl\":\"https:\\\/\\\/gradido.net\\\/wp-content\\\/uploads\\\/2022\\\/04\\\/gradido-social.jpg\",\"width\":527,\"height\":273,\"caption\":\"Gradido\"},\"image\":{\"@id\":\"https:\\\/\\\/gradido.net\\\/de\\\/#\\\/schema\\\/logo\\\/image\\\/\"}},{\"@type\":\"Person\",\"@id\":\"https:\\\/\\\/gradido.net\\\/de\\\/#\\\/schema\\\/person\\\/9c503a004ad15a1ddecadce2218db5d1\",\"name\":\"Bernd H\u00fcckst\u00e4dt\",\"sameAs\":[\"https:\\\/\\\/gradido.net\"],\"url\":\"https:\\\/\\\/gradido.net\\\/sk\\\/author\\\/bernd\\\/\"}]}<\/script>\n<!-- \/ Yoast SEO plugin. -->","yoast_head_json":{"title":"Kruhy Gradido - Tvorba bud\u00facnosti spolu s priate\u013emi - Gradido","description":"Nez\u00e1le\u017e\u00ed na tom, \u010di u\u017e patr\u00edte do skupiny, alebo ste sa navz\u00e1jom na\u0161li prostredn\u00edctvom Gradida - ak chcete Gradido pou\u017e\u00edva\u0165 spolo\u010dne, nepotrebujete vlastn\u00fd server Gradido.","robots":{"index":"index","follow":"follow","max-snippet":"max-snippet:-1","max-image-preview":"max-image-preview:large","max-video-preview":"max-video-preview:-1"},"canonical":"https:\/\/gradido.net\/sk\/gradido-kreise-gemeinsam-mit-freunden-die-zukunft-gestalten\/","og_locale":"sk_SK","og_type":"article","og_title":"Gradido-Kreise \u2013 Gemeinsam mit Freunden die Zukunft gestalten - Gradido","og_description":"Ganz gleich, ob Ihr bereits einer Gruppe zugeh\u00f6rig seid oder ob Ihr Euch \u00fcber Gradido gefunden habt \u2013 wenn Ihr gemeinsam Gradido nutzen wollt, braucht Ihr nicht gleich einen eigenen Gradido-Server.","og_url":"https:\/\/gradido.net\/sk\/gradido-kreise-gemeinsam-mit-freunden-die-zukunft-gestalten\/","og_site_name":"Gradido","article_published_time":"2023-12-14T15:43:40+00:00","article_modified_time":"2026-04-24T06:04:06+00:00","og_image":[{"width":1920,"height":1080,"url":"https:\/\/gradido.net\/wp-content\/uploads\/2023\/12\/Freundeskreis.jpg","type":"image\/jpeg"}],"author":"Bernd H\u00fcckst\u00e4dt","twitter_card":"summary_large_image","twitter_misc":{"Autor":"Bernd H\u00fcckst\u00e4dt","Predpokladan\u00fd \u010das \u010d\u00edtania":"5 min\u00fat"},"schema":{"@context":"https:\/\/schema.org","@graph":[{"@type":"Article","@id":"https:\/\/gradido.net\/gradido-kreise-gemeinsam-mit-freunden-die-zukunft-gestalten\/#article","isPartOf":{"@id":"https:\/\/gradido.net\/gradido-kreise-gemeinsam-mit-freunden-die-zukunft-gestalten\/"},"author":{"name":"Bernd H\u00fcckst\u00e4dt","@id":"https:\/\/gradido.net\/de\/#\/schema\/person\/9c503a004ad15a1ddecadce2218db5d1"},"headline":"Gradido-Kreise \u2013 Gemeinsam mit Freunden die Zukunft gestalten","datePublished":"2023-12-14T15:43:40+00:00","dateModified":"2026-04-24T06:04:06+00:00","mainEntityOfPage":{"@id":"https:\/\/gradido.net\/gradido-kreise-gemeinsam-mit-freunden-die-zukunft-gestalten\/"},"wordCount":807,"publisher":{"@id":"https:\/\/gradido.net\/de\/#organization"},"image":{"@id":"https:\/\/gradido.net\/gradido-kreise-gemeinsam-mit-freunden-die-zukunft-gestalten\/#primaryimage"},"thumbnailUrl":"https:\/\/gradido.net\/wp-content\/uploads\/2023\/12\/Freundeskreis.jpg","articleSection":["Blog","Community"],"inLanguage":"sk-SK"},{"@type":"WebPage","@id":"https:\/\/gradido.net\/gradido-kreise-gemeinsam-mit-freunden-die-zukunft-gestalten\/","url":"https:\/\/gradido.net\/gradido-kreise-gemeinsam-mit-freunden-die-zukunft-gestalten\/","name":"Kruhy Gradido - Tvorba bud\u00facnosti spolu s priate\u013emi - Gradido","isPartOf":{"@id":"https:\/\/gradido.net\/de\/#website"},"primaryImageOfPage":{"@id":"https:\/\/gradido.net\/gradido-kreise-gemeinsam-mit-freunden-die-zukunft-gestalten\/#primaryimage"},"image":{"@id":"https:\/\/gradido.net\/gradido-kreise-gemeinsam-mit-freunden-die-zukunft-gestalten\/#primaryimage"},"thumbnailUrl":"https:\/\/gradido.net\/wp-content\/uploads\/2023\/12\/Freundeskreis.jpg","datePublished":"2023-12-14T15:43:40+00:00","dateModified":"2026-04-24T06:04:06+00:00","description":"Nez\u00e1le\u017e\u00ed na tom, \u010di u\u017e patr\u00edte do skupiny, alebo ste sa navz\u00e1jom na\u0161li prostredn\u00edctvom Gradida - ak chcete Gradido pou\u017e\u00edva\u0165 spolo\u010dne, nepotrebujete vlastn\u00fd server Gradido.","breadcrumb":{"@id":"https:\/\/gradido.net\/gradido-kreise-gemeinsam-mit-freunden-die-zukunft-gestalten\/#breadcrumb"},"inLanguage":"sk-SK","potentialAction":[{"@type":"ReadAction","target":["https:\/\/gradido.net\/gradido-kreise-gemeinsam-mit-freunden-die-zukunft-gestalten\/"]}]},{"@type":"ImageObject","inLanguage":"sk-SK","@id":"https:\/\/gradido.net\/gradido-kreise-gemeinsam-mit-freunden-die-zukunft-gestalten\/#primaryimage","url":"https:\/\/gradido.net\/wp-content\/uploads\/2023\/12\/Freundeskreis.jpg","contentUrl":"https:\/\/gradido.net\/wp-content\/uploads\/2023\/12\/Freundeskreis.jpg","width":1920,"height":1080},{"@type":"BreadcrumbList","@id":"https:\/\/gradido.net\/gradido-kreise-gemeinsam-mit-freunden-die-zukunft-gestalten\/#breadcrumb","itemListElement":[{"@type":"ListItem","position":1,"name":"Startseite","item":"https:\/\/gradido.net\/"},{"@type":"ListItem","position":2,"name":"Gradido-Kreise \u2013 Gemeinsam mit Freunden die Zukunft gestalten"}]},{"@type":"WebSite","@id":"https:\/\/gradido.net\/de\/#website","url":"https:\/\/gradido.net\/de\/","name":"Gradido","description":"Novou menou je v\u010fa\u010dnos\u0165","publisher":{"@id":"https:\/\/gradido.net\/de\/#organization"},"potentialAction":[{"@type":"SearchAction","target":{"@type":"EntryPoint","urlTemplate":"https:\/\/gradido.net\/de\/?s={search_term_string}"},"query-input":{"@type":"PropertyValueSpecification","valueRequired":true,"valueName":"search_term_string"}}],"inLanguage":"sk-SK"},{"@type":"Organization","@id":"https:\/\/gradido.net\/de\/#organization","name":"Gradido","url":"https:\/\/gradido.net\/de\/","logo":{"@type":"ImageObject","inLanguage":"sk-SK","@id":"https:\/\/gradido.net\/de\/#\/schema\/logo\/image\/","url":"https:\/\/gradido.net\/wp-content\/uploads\/2022\/04\/gradido-social.jpg","contentUrl":"https:\/\/gradido.net\/wp-content\/uploads\/2022\/04\/gradido-social.jpg","width":527,"height":273,"caption":"Gradido"},"image":{"@id":"https:\/\/gradido.net\/de\/#\/schema\/logo\/image\/"}},{"@type":"Person","@id":"https:\/\/gradido.net\/de\/#\/schema\/person\/9c503a004ad15a1ddecadce2218db5d1","name":"Bernd H\u00fcckst\u00e4dt","sameAs":["https:\/\/gradido.net"],"url":"https:\/\/gradido.net\/sk\/author\/bernd\/"}]}},"_links":{"self":[{"href":"https:\/\/gradido.net\/sk\/wp-json\/wp\/v2\/posts\/8362","targetHints":{"allow":["GET"]}}],"collection":[{"href":"https:\/\/gradido.net\/sk\/wp-json\/wp\/v2\/posts"}],"about":[{"href":"https:\/\/gradido.net\/sk\/wp-json\/wp\/v2\/types\/post"}],"author":[{"embeddable":true,"href":"https:\/\/gradido.net\/sk\/wp-json\/wp\/v2\/users\/2"}],"replies":[{"embeddable":true,"href":"https:\/\/gradido.net\/sk\/wp-json\/wp\/v2\/comments?post=8362"}],"version-history":[{"count":24,"href":"https:\/\/gradido.net\/sk\/wp-json\/wp\/v2\/posts\/8362\/revisions"}],"predecessor-version":[{"id":13588,"href":"https:\/\/gradido.net\/sk\/wp-json\/wp\/v2\/posts\/8362\/revisions\/13588"}],"wp:featuredmedia":[{"embeddable":true,"href":"https:\/\/gradido.net\/sk\/wp-json\/wp\/v2\/media\/8364"}],"wp:attachment":[{"href":"https:\/\/gradido.net\/sk\/wp-json\/wp\/v2\/media?parent=8362"}],"wp:term":[{"taxonomy":"category","embeddable":true,"href":"https:\/\/gradido.net\/sk\/wp-json\/wp\/v2\/categories?post=8362"},{"taxonomy":"post_tag","embeddable":true,"href":"https:\/\/gradido.net\/sk\/wp-json\/wp\/v2\/tags?post=8362"}],"curies":[{"name":"wp","href":"https:\/\/api.w.org\/{rel}","templated":true}]}}