{"id":8648,"date":"2024-02-17T10:26:06","date_gmt":"2024-02-17T09:26:06","guid":{"rendered":"https:\/\/gradido.net\/?p=8648"},"modified":"2024-02-17T15:25:30","modified_gmt":"2024-02-17T14:25:30","slug":"episode-48","status":"publish","type":"post","link":"https:\/\/gradido.net\/sk\/episode-48\/","title":{"rendered":"Ako pr\u00edroda men\u00ed n\u00e1\u0161 hospod\u00e1rsky syst\u00e9m"},"content":{"rendered":"<div data-elementor-type=\"wp-post\" data-elementor-id=\"8648\" class=\"elementor elementor-8648\" data-elementor-post-type=\"post\">\n\t\t\t\t\t\t<section class=\"elementor-section elementor-top-section elementor-element elementor-element-496e1d53 elementor-section-boxed elementor-section-height-default elementor-section-height-default\" data-id=\"496e1d53\" data-element_type=\"section\" data-e-type=\"section\">\n\t\t\t\t\t\t<div class=\"elementor-container elementor-column-gap-default\">\n\t\t\t\t\t<div class=\"elementor-column elementor-col-100 elementor-top-column elementor-element elementor-element-461d7be0\" data-id=\"461d7be0\" data-element_type=\"column\" data-e-type=\"column\">\n\t\t\t<div class=\"elementor-widget-wrap elementor-element-populated\">\n\t\t\t\t\t\t<div class=\"elementor-element elementor-element-cd9ebe2 elementor-widget elementor-widget-text-editor\" data-id=\"cd9ebe2\" data-element_type=\"widget\" data-e-type=\"widget\" data-widget_type=\"text-editor.default\">\n\t\t\t\t<div class=\"elementor-widget-container\">\n\t\t\t\t\t\t\t\t\t<h2>Bernd von Gradido ako hos\u0165 Simona Rillinga\u00a0<\/h2>\t\t\t\t\t\t\t\t<\/div>\n\t\t\t\t<\/div>\n\t\t\t\t\t<\/div>\n\t\t<\/div>\n\t\t\t\t\t<\/div>\n\t\t<\/section>\n\t\t\t\t<section class=\"elementor-section elementor-top-section elementor-element elementor-element-2f93e3c3 elementor-section-boxed elementor-section-height-default elementor-section-height-default\" data-id=\"2f93e3c3\" data-element_type=\"section\" data-e-type=\"section\">\n\t\t\t\t\t\t<div class=\"elementor-container elementor-column-gap-default\">\n\t\t\t\t\t<div class=\"elementor-column elementor-col-100 elementor-top-column elementor-element elementor-element-5a9dfd19\" data-id=\"5a9dfd19\" data-element_type=\"column\" data-e-type=\"column\">\n\t\t\t<div class=\"elementor-widget-wrap elementor-element-populated\">\n\t\t\t\t\t\t<div class=\"elementor-element elementor-element-9cdb6b8 elementor-widget elementor-widget-html\" data-id=\"9cdb6b8\" data-element_type=\"widget\" data-e-type=\"widget\" data-widget_type=\"html.default\">\n\t\t\t\t<div class=\"elementor-widget-container\">\n\t\t\t\t\t&lt;&lt;trp-replace-0><\/trp-replace-0>\t\t\t\t<\/div>\n\t\t\t\t<\/div>\n\t\t\t\t<div class=\"elementor-element elementor-element-bbbc0ec elementor-widget elementor-widget-video\" data-id=\"bbbc0ec\" data-element_type=\"widget\" data-e-type=\"widget\" data-settings=\"{&quot;youtube_url&quot;:&quot;https:\\\/\\\/youtu.be\\\/7pVLDGC2A5c&quot;,&quot;video_type&quot;:&quot;youtube&quot;,&quot;controls&quot;:&quot;yes&quot;}\" data-widget_type=\"video.default\">\n\t\t\t\t<div class=\"elementor-widget-container\">\n\t\t\t\t\t\t\t<div class=\"elementor-wrapper elementor-open-inline\">\n\t\t\t<div class=\"elementor-video\"><\/div>\t\t<\/div>\n\t\t\t\t\t\t<\/div>\n\t\t\t\t<\/div>\n\t\t\t\t<div class=\"elementor-element elementor-element-c1ed903 elementor-widget elementor-widget-text-editor\" data-id=\"c1ed903\" data-element_type=\"widget\" data-e-type=\"widget\" data-widget_type=\"text-editor.default\">\n\t\t\t\t<div class=\"elementor-widget-container\">\n\t\t\t\t\t\t\t\t\t<p>Simon Rilling je \u00faspe\u0161n\u00fd podcaster a kou\u010d. Na jeho semin\u00e1ri Umenie tvori\u0165 sa nau\u010d\u00edte z\u00e1kladn\u00e9 princ\u00edpy tvorivosti, intu\u00edcie a formovania reality. Ak sa chcete spoji\u0165 so svoj\u00edm tvoriv\u00fdm potenci\u00e1lom a posilni\u0165 svoju schopnos\u0165 uvo\u013eni\u0165 v \u017eivote to, \u010do je v\u00e1m bl\u00edzke - z\u00fa\u010dastnite sa teraz: https:\/\/simonrilling.com\/events\/kunst...<\/p><p>Bernd H\u00fcckst\u00e4dt, zakladate\u013e spolo\u010dnosti Gradido, je vy\u0161tudovan\u00fd zvukov\u00fd in\u017einier, komunika\u010dn\u00fd in\u017einier a matematik. Od mladosti sa zauj\u00edmal o extr\u00e9mne rozdiely medzi bohat\u00fdmi a chudobn\u00fdmi. To ho nakoniec viedlo k tomu, \u017ee spolu so svoj\u00edm partnerom zalo\u017eil Akad\u00e9miu Gradido ako bezplatn\u00fd v\u00fdskumn\u00fd in\u0161tit\u00fat pre ekonomick\u00fa bioniku s cie\u013eom prinies\u0165 svetu Gradido, nov\u00fd syst\u00e9m odme\u0148ovania \u013eud\u00ed a pr\u00edrody.<\/p><p>Vzru\u0161uj\u00faci rozhovor sa t\u00fdka:<\/p><p>\ud83d\udca1 3 osudov\u00e9 chyby s\u00fa\u010dasn\u00e9ho finan\u010dn\u00e9ho syst\u00e9mu, ktor\u00e9 sp\u00f4sobuj\u00fa chudobu, vojny a ni\u010denie \u017eivotn\u00e9ho prostredia.<\/p><p>\ud83d\udca1 3 d\u00f4le\u017eit\u00e9 pr\u00edrodn\u00e9 z\u00e1kony, ktor\u00e9 ekon\u00f3mia ignoruje, a preto opakovane sp\u00f4sobuje kolapsy (napr. vojny).<\/p><p>\ud83d\udca1 Rie\u0161enie, ktor\u00e9 z toho logicky vypl\u00fdva, pre glob\u00e1lnu prosperitu a mier v harm\u00f3nii s pr\u00edrodou<\/p><p>- T\u00c9MY -<\/p><ol><li>\"Od zvukov\u00e9ho in\u017einiera k vizion\u00e1rovi: Berndove za\u010diatky\"<\/li><li>\"Gradido - Vznik\u00e1 nov\u00fd ekonomick\u00fd model\"<\/li><li>\"Pr\u00edroda ako model udr\u017eate\u013en\u00e9ho hospod\u00e1rstva\" \"Peniaze na \u017eivot: Revol\u00facia v tvorbe pe\u0148az\u00ed\"<\/li><li>\"Cyklus rastu a \u00fapadku finan\u010dn\u00e9ho syst\u00e9mu\"<\/li><li>\"Prechodnos\u0165 menov\u00e9ho syst\u00e9mu: nevyhnutn\u00e1 reforma\"<\/li><li>\"Komunita Gradido: siln\u00ed spolu\"<\/li><li>\"\u00daloha sociokracie v Gradide\"<\/li><li>\"Re\u00e1lne ekonomick\u00e9 aplik\u00e1cie Gradido\"<\/li><li>\"V\u00edzia bud\u00facnosti: svet s Gradidom\"<\/li><\/ol><p>\u2014\u2014\u2014\u2014\u2014\u2014\u2014\u2014\u2014\u2014\u2014\u2014\u2014\u2014\u2014\u2014\u2014\u2014\u2014\u2014\u2014\u2014\u2014\u2014\u2014\u2013<\/p><h3>Semin\u00e1re a workshopy Simona Rillinga:<\/h3><p>Spoznajte sa, preto\u017ee pravda v\u00e1s oslobod\u00ed. Pr\u00e1ve o tom je t\u00e1to intuit\u00edvna reflexia (individu\u00e1lne sedenie), ktor\u00e1 v\u00e1m otvor\u00ed o\u010di: https:\/\/simonrilling.com\/angebot\/intu...<\/p><p>Sta\u0148te sa najd\u00f4le\u017eitej\u0161ou tvorivou silou vo svojom \u017eivote - slobodn\u00ed, in\u0161pirovan\u00ed, radostn\u00ed a mocn\u00ed!<\/p><p>Zapojte sa do programu transforma\u010dn\u00e9ho kou\u010dovania teraz: https:\/\/simonrilling.com\/coaching Workshop \"Umenie tvori\u0165\" v\u00e1s nau\u010d\u00ed z\u00e1kladn\u00e9 princ\u00edpy tvorivosti, intu\u00edcie a navrhovania reality.<\/p><p>Ak sa chcete spoji\u0165 so svoj\u00edm tvoriv\u00fdm potenci\u00e1lom a umo\u017eni\u0165 v\u00e1m uvo\u013eni\u0165 to, \u010do je vo va\u0161om \u017eivote bl\u00edzke v\u00e1\u0161mu srdcu - pridajte sa teraz: https:\/\/simonrilling.com\/events\/kunst...<\/p><p>\ud83c\udf81 M\u00f4j dar\u010dek pre teba \ud83c\udf81<\/p><p>Spustite svoj tok re\u010di prostredn\u00edctvom intuit\u00edvneho rozpr\u00e1vania a z\u00e1rove\u0148 tr\u00e9nujte empatiu a ment\u00e1lnu flexibilitu - z\u00fa\u010dastnite sa teraz zadarmo: https:\/\/simonrilling.com\/events\/kreat...<\/p><p>Prihl\u00e1ste sa na odber m\u00f4jho newslettera, aby ste pravidelne dost\u00e1vali impulzy, ktor\u00e9 v\u00e1m pom\u00f4\u017eu vies\u0165 slobodn\u00fd a in\u0161pirat\u00edvny \u017eivot: https:\/\/simonrilling.com\/newsletter<\/p>\t\t\t\t\t\t\t\t<\/div>\n\t\t\t\t<\/div>\n\t\t\t\t\t<\/div>\n\t\t<\/div>\n\t\t\t\t\t<\/div>\n\t\t<\/section>\n\t\t\t\t<section class=\"elementor-section elementor-top-section elementor-element elementor-element-d051609 elementor-section-boxed elementor-section-height-default elementor-section-height-default\" data-id=\"d051609\" data-element_type=\"section\" data-e-type=\"section\">\n\t\t\t\t\t\t<div class=\"elementor-container elementor-column-gap-default\">\n\t\t\t\t\t<div class=\"elementor-column elementor-col-100 elementor-top-column elementor-element elementor-element-13cc168\" data-id=\"13cc168\" data-element_type=\"column\" data-e-type=\"column\">\n\t\t\t<div class=\"elementor-widget-wrap elementor-element-populated\">\n\t\t\t\t\t\t<div class=\"elementor-element elementor-element-b43b3ee elementor-widget elementor-widget-heading\" data-id=\"b43b3ee\" data-element_type=\"widget\" data-e-type=\"widget\" data-widget_type=\"heading.default\">\n\t\t\t\t<div class=\"elementor-widget-container\">\n\t\t\t\t\t<h2 class=\"elementor-heading-title elementor-size-default\">Prepis (automaticky prelo\u017een\u00e9)<\/h2>\t\t\t\t<\/div>\n\t\t\t\t<\/div>\n\t\t\t\t\t<\/div>\n\t\t<\/div>\n\t\t\t\t\t<\/div>\n\t\t<\/section>\n\t\t\t\t<section class=\"elementor-section elementor-top-section elementor-element elementor-element-474427c elementor-section-boxed elementor-section-height-default elementor-section-height-default\" data-id=\"474427c\" data-element_type=\"section\" data-e-type=\"section\">\n\t\t\t\t\t\t<div class=\"elementor-container elementor-column-gap-default\">\n\t\t\t\t\t<div class=\"elementor-column elementor-col-100 elementor-top-column elementor-element elementor-element-6041f12\" data-id=\"6041f12\" data-element_type=\"column\" data-e-type=\"column\">\n\t\t\t<div class=\"elementor-widget-wrap elementor-element-populated\">\n\t\t\t\t\t\t\t<\/div>\n\t\t<\/div>\n\t\t\t\t\t<\/div>\n\t\t<\/section>\n\t\t\t\t<\/div>","protected":false},"excerpt":{"rendered":"<p>Bernd von Gradido je hos\u0165om Simona Rillinga. Vzru\u0161uj\u00faci rozhovor je o:\ud83d\udca1 3 fat\u00e1lnych chyb\u00e1ch s\u00fa\u010dasn\u00e9ho finan\u010dn\u00e9ho syst\u00e9mu, ktor\u00e9 s\u00fa nevyhnutne pr\u00ed\u010dinou chudoby, vojen a ni\u010denia \u017eivotn\u00e9ho prostredia.\ud83d\udca1 3 d\u00f4le\u017eit\u00fdch pr\u00edrodn\u00fdch z\u00e1konoch, ktor\u00e9 ekonomika ignoruje, a preto opakovane sp\u00f4sobuje kolapsy (napr. vojny).\ud83d\udca1 Rie\u0161enie, ktor\u00e9 z toho logicky vypl\u00fdva, pre glob\u00e1lnu prosperitu a mier v s\u00falade s pr\u00edrodou.<\/p>","protected":false},"author":2,"featured_media":8652,"comment_status":"closed","ping_status":"closed","sticky":false,"template":"","format":"standard","meta":{"footnotes":""},"categories":[19],"tags":[40,37,41,43,32,38,35,39,42,36],"class_list":["post-8648","post","type-post","status-publish","format-standard","has-post-thumbnail","hentry","category-podcast","tag-alternative-waehrung","tag-bewusstes-geld","tag-echtzeit-oekonomie","tag-event-management","tag-geldsystem","tag-gesunde-welt","tag-gradido","tag-nachhaltige-zukunft","tag-veranstaltungsplanung","tag-zukunft-jetzt-camp-3"],"yoast_head":"<!-- This site is optimized with the Yoast SEO plugin v27.4 - https:\/\/yoast.com\/product\/yoast-seo-wordpress\/ -->\n<title>Wie die Natur unser Wirtschaftssystem revolutioniert - Gradido<\/title>\n<meta name=\"description\" content=\"Bernd von Gradido zu Gast bei Simon Rilling. Im spannenden Gespr\u00e4ch geht\u2019s um:\ud83d\udca1 Die 3 fatalen Fehler im derzeitigen Finanzsystem, die zwingend Armut, Kriege und Umweltzerst\u00f6rung hervorbringen m\u00fcssen.\ud83d\udca1 Die 3 wichtigen Naturgesetze, die die Wirtschaftswissenschaft ignoriert und deshalb immer wieder Zusammenbr\u00fcche (z.B. Kriege) verursacht.\ud83d\udca1 Die L\u00f6sung, die sich daraus logisch ergibt, f\u00fcr weltweiten Wohlstand und Frieden in Harmonie mit der Natur.\" \/>\n<meta name=\"robots\" content=\"index, follow, max-snippet:-1, max-image-preview:large, max-video-preview:-1\" \/>\n<link rel=\"canonical\" href=\"https:\/\/gradido.net\/sk\/episode-48\/\" \/>\n<meta property=\"og:locale\" content=\"sk_SK\" \/>\n<meta property=\"og:type\" content=\"article\" \/>\n<meta property=\"og:title\" content=\"Wie die Natur unser Wirtschaftssystem revolutioniert - Gradido\" \/>\n<meta property=\"og:description\" content=\"Bernd von Gradido zu Gast bei Simon Rilling. Im spannenden Gespr\u00e4ch geht\u2019s um:\ud83d\udca1 Die 3 fatalen Fehler im derzeitigen Finanzsystem, die zwingend Armut, Kriege und Umweltzerst\u00f6rung hervorbringen m\u00fcssen.\ud83d\udca1 Die 3 wichtigen Naturgesetze, die die Wirtschaftswissenschaft ignoriert und deshalb immer wieder Zusammenbr\u00fcche (z.B. Kriege) verursacht.\ud83d\udca1 Die L\u00f6sung, die sich daraus logisch ergibt, f\u00fcr weltweiten Wohlstand und Frieden in Harmonie mit der Natur.\" \/>\n<meta property=\"og:url\" content=\"https:\/\/gradido.net\/sk\/episode-48\/\" \/>\n<meta property=\"og:site_name\" content=\"Gradido\" \/>\n<meta property=\"article:published_time\" content=\"2024-02-17T09:26:06+00:00\" \/>\n<meta property=\"article:modified_time\" content=\"2024-02-17T14:25:30+00:00\" \/>\n<meta property=\"og:image\" content=\"https:\/\/gradido.net\/wp-content\/uploads\/2024\/02\/Simon-Rilling_800_3.jpg\" \/>\n\t<meta property=\"og:image:width\" content=\"800\" \/>\n\t<meta property=\"og:image:height\" content=\"450\" \/>\n\t<meta property=\"og:image:type\" content=\"image\/jpeg\" \/>\n<meta name=\"author\" content=\"Bernd H\u00fcckst\u00e4dt\" \/>\n<meta name=\"twitter:card\" content=\"summary_large_image\" \/>\n<meta name=\"twitter:label1\" content=\"Autor\" \/>\n\t<meta name=\"twitter:data1\" content=\"Bernd H\u00fcckst\u00e4dt\" \/>\n\t<meta name=\"twitter:label2\" content=\"Predpokladan\u00fd \u010das \u010d\u00edtania\" \/>\n\t<meta name=\"twitter:data2\" content=\"2 min\u00faty\" \/>\n<script type=\"application\/ld+json\" class=\"yoast-schema-graph\">{\"@context\":\"https:\\\/\\\/schema.org\",\"@graph\":[{\"@type\":\"Article\",\"@id\":\"https:\\\/\\\/gradido.net\\\/sk\\\/episode-48\\\/#article\",\"isPartOf\":{\"@id\":\"https:\\\/\\\/gradido.net\\\/sk\\\/episode-48\\\/\"},\"author\":{\"name\":\"Bernd H\u00fcckst\u00e4dt\",\"@id\":\"https:\\\/\\\/gradido.net\\\/de\\\/#\\\/schema\\\/person\\\/9c503a004ad15a1ddecadce2218db5d1\"},\"headline\":\"Wie die Natur unser Wirtschaftssystem revolutioniert\",\"datePublished\":\"2024-02-17T09:26:06+00:00\",\"dateModified\":\"2024-02-17T14:25:30+00:00\",\"mainEntityOfPage\":{\"@id\":\"https:\\\/\\\/gradido.net\\\/sk\\\/episode-48\\\/\"},\"wordCount\":422,\"publisher\":{\"@id\":\"https:\\\/\\\/gradido.net\\\/de\\\/#organization\"},\"image\":{\"@id\":\"https:\\\/\\\/gradido.net\\\/sk\\\/episode-48\\\/#primaryimage\"},\"thumbnailUrl\":\"https:\\\/\\\/gradido.net\\\/wp-content\\\/uploads\\\/2024\\\/02\\\/Simon-Rilling_800_3.jpg\",\"keywords\":[\"alternative W\u00e4hrung\",\"Bewusstes Geld\",\"Echtzeit-\u00d6konomie\",\"Event-Management\",\"Geldsystem\",\"Gesunde Welt\",\"Gradido\",\"nachhaltige Zukunft\",\"Veranstaltungsplanung\",\"Zukunft Jetzt Camp 3\"],\"articleSection\":[\"Podcast\"],\"inLanguage\":\"sk-SK\"},{\"@type\":\"WebPage\",\"@id\":\"https:\\\/\\\/gradido.net\\\/sk\\\/episode-48\\\/\",\"url\":\"https:\\\/\\\/gradido.net\\\/sk\\\/episode-48\\\/\",\"name\":\"Wie die Natur unser Wirtschaftssystem revolutioniert - Gradido\",\"isPartOf\":{\"@id\":\"https:\\\/\\\/gradido.net\\\/de\\\/#website\"},\"primaryImageOfPage\":{\"@id\":\"https:\\\/\\\/gradido.net\\\/sk\\\/episode-48\\\/#primaryimage\"},\"image\":{\"@id\":\"https:\\\/\\\/gradido.net\\\/sk\\\/episode-48\\\/#primaryimage\"},\"thumbnailUrl\":\"https:\\\/\\\/gradido.net\\\/wp-content\\\/uploads\\\/2024\\\/02\\\/Simon-Rilling_800_3.jpg\",\"datePublished\":\"2024-02-17T09:26:06+00:00\",\"dateModified\":\"2024-02-17T14:25:30+00:00\",\"description\":\"Bernd von Gradido zu Gast bei Simon Rilling. Im spannenden Gespr\u00e4ch geht\u2019s um:\ud83d\udca1 Die 3 fatalen Fehler im derzeitigen Finanzsystem, die zwingend Armut, Kriege und Umweltzerst\u00f6rung hervorbringen m\u00fcssen.\ud83d\udca1 Die 3 wichtigen Naturgesetze, die die Wirtschaftswissenschaft ignoriert und deshalb immer wieder Zusammenbr\u00fcche (z.B. Kriege) verursacht.\ud83d\udca1 Die L\u00f6sung, die sich daraus logisch ergibt, f\u00fcr weltweiten Wohlstand und Frieden in Harmonie mit der Natur.\",\"breadcrumb\":{\"@id\":\"https:\\\/\\\/gradido.net\\\/sk\\\/episode-48\\\/#breadcrumb\"},\"inLanguage\":\"sk-SK\",\"potentialAction\":[{\"@type\":\"ReadAction\",\"target\":[\"https:\\\/\\\/gradido.net\\\/sk\\\/episode-48\\\/\"]}]},{\"@type\":\"ImageObject\",\"inLanguage\":\"sk-SK\",\"@id\":\"https:\\\/\\\/gradido.net\\\/sk\\\/episode-48\\\/#primaryimage\",\"url\":\"https:\\\/\\\/gradido.net\\\/wp-content\\\/uploads\\\/2024\\\/02\\\/Simon-Rilling_800_3.jpg\",\"contentUrl\":\"https:\\\/\\\/gradido.net\\\/wp-content\\\/uploads\\\/2024\\\/02\\\/Simon-Rilling_800_3.jpg\",\"width\":800,\"height\":450},{\"@type\":\"BreadcrumbList\",\"@id\":\"https:\\\/\\\/gradido.net\\\/sk\\\/episode-48\\\/#breadcrumb\",\"itemListElement\":[{\"@type\":\"ListItem\",\"position\":1,\"name\":\"Startseite\",\"item\":\"https:\\\/\\\/gradido.net\\\/\"},{\"@type\":\"ListItem\",\"position\":2,\"name\":\"Wie die Natur unser Wirtschaftssystem revolutioniert\"}]},{\"@type\":\"WebSite\",\"@id\":\"https:\\\/\\\/gradido.net\\\/de\\\/#website\",\"url\":\"https:\\\/\\\/gradido.net\\\/de\\\/\",\"name\":\"Gradido\",\"description\":\"Die neue W\u00e4hrung hei\u00dft Dankbarkeit\",\"publisher\":{\"@id\":\"https:\\\/\\\/gradido.net\\\/de\\\/#organization\"},\"potentialAction\":[{\"@type\":\"SearchAction\",\"target\":{\"@type\":\"EntryPoint\",\"urlTemplate\":\"https:\\\/\\\/gradido.net\\\/de\\\/?s={search_term_string}\"},\"query-input\":{\"@type\":\"PropertyValueSpecification\",\"valueRequired\":true,\"valueName\":\"search_term_string\"}}],\"inLanguage\":\"sk-SK\"},{\"@type\":\"Organization\",\"@id\":\"https:\\\/\\\/gradido.net\\\/de\\\/#organization\",\"name\":\"Gradido\",\"url\":\"https:\\\/\\\/gradido.net\\\/de\\\/\",\"logo\":{\"@type\":\"ImageObject\",\"inLanguage\":\"sk-SK\",\"@id\":\"https:\\\/\\\/gradido.net\\\/de\\\/#\\\/schema\\\/logo\\\/image\\\/\",\"url\":\"https:\\\/\\\/gradido.net\\\/wp-content\\\/uploads\\\/2022\\\/04\\\/gradido-social.jpg\",\"contentUrl\":\"https:\\\/\\\/gradido.net\\\/wp-content\\\/uploads\\\/2022\\\/04\\\/gradido-social.jpg\",\"width\":527,\"height\":273,\"caption\":\"Gradido\"},\"image\":{\"@id\":\"https:\\\/\\\/gradido.net\\\/de\\\/#\\\/schema\\\/logo\\\/image\\\/\"}},{\"@type\":\"Person\",\"@id\":\"https:\\\/\\\/gradido.net\\\/de\\\/#\\\/schema\\\/person\\\/9c503a004ad15a1ddecadce2218db5d1\",\"name\":\"Bernd H\u00fcckst\u00e4dt\",\"sameAs\":[\"https:\\\/\\\/gradido.net\"],\"url\":\"https:\\\/\\\/gradido.net\\\/sk\\\/author\\\/bernd\\\/\"}]}<\/script>\n<!-- \/ Yoast SEO plugin. -->","yoast_head_json":{"title":"Ako pr\u00edroda men\u00ed n\u00e1\u0161 ekonomick\u00fd syst\u00e9m - Gradido","description":"Bernd von Gradido je hos\u0165om Simona Rillinga. Vzru\u0161uj\u00faci rozhovor je o:\ud83d\udca1 3 fat\u00e1lnych chyb\u00e1ch s\u00fa\u010dasn\u00e9ho finan\u010dn\u00e9ho syst\u00e9mu, ktor\u00e9 s\u00fa nevyhnutne pr\u00ed\u010dinou chudoby, vojen a ni\u010denia \u017eivotn\u00e9ho prostredia.\ud83d\udca1 3 d\u00f4le\u017eit\u00fdch pr\u00edrodn\u00fdch z\u00e1konoch, ktor\u00e9 ekonomika ignoruje, a preto opakovane sp\u00f4sobuje kolapsy (napr. vojny).\ud83d\udca1 Rie\u0161enie, ktor\u00e9 z toho logicky vypl\u00fdva, pre glob\u00e1lnu prosperitu a mier v s\u00falade s pr\u00edrodou.","robots":{"index":"index","follow":"follow","max-snippet":"max-snippet:-1","max-image-preview":"max-image-preview:large","max-video-preview":"max-video-preview:-1"},"canonical":"https:\/\/gradido.net\/sk\/episode-48\/","og_locale":"sk_SK","og_type":"article","og_title":"Wie die Natur unser Wirtschaftssystem revolutioniert - Gradido","og_description":"Bernd von Gradido zu Gast bei Simon Rilling. Im spannenden Gespr\u00e4ch geht\u2019s um:\ud83d\udca1 Die 3 fatalen Fehler im derzeitigen Finanzsystem, die zwingend Armut, Kriege und Umweltzerst\u00f6rung hervorbringen m\u00fcssen.\ud83d\udca1 Die 3 wichtigen Naturgesetze, die die Wirtschaftswissenschaft ignoriert und deshalb immer wieder Zusammenbr\u00fcche (z.B. Kriege) verursacht.\ud83d\udca1 Die L\u00f6sung, die sich daraus logisch ergibt, f\u00fcr weltweiten Wohlstand und Frieden in Harmonie mit der Natur.","og_url":"https:\/\/gradido.net\/sk\/episode-48\/","og_site_name":"Gradido","article_published_time":"2024-02-17T09:26:06+00:00","article_modified_time":"2024-02-17T14:25:30+00:00","og_image":[{"width":800,"height":450,"url":"https:\/\/gradido.net\/wp-content\/uploads\/2024\/02\/Simon-Rilling_800_3.jpg","type":"image\/jpeg"}],"author":"Bernd H\u00fcckst\u00e4dt","twitter_card":"summary_large_image","twitter_misc":{"Autor":"Bernd H\u00fcckst\u00e4dt","Predpokladan\u00fd \u010das \u010d\u00edtania":"2 min\u00faty"},"schema":{"@context":"https:\/\/schema.org","@graph":[{"@type":"Article","@id":"https:\/\/gradido.net\/sk\/episode-48\/#article","isPartOf":{"@id":"https:\/\/gradido.net\/sk\/episode-48\/"},"author":{"name":"Bernd H\u00fcckst\u00e4dt","@id":"https:\/\/gradido.net\/de\/#\/schema\/person\/9c503a004ad15a1ddecadce2218db5d1"},"headline":"Wie die Natur unser Wirtschaftssystem revolutioniert","datePublished":"2024-02-17T09:26:06+00:00","dateModified":"2024-02-17T14:25:30+00:00","mainEntityOfPage":{"@id":"https:\/\/gradido.net\/sk\/episode-48\/"},"wordCount":422,"publisher":{"@id":"https:\/\/gradido.net\/de\/#organization"},"image":{"@id":"https:\/\/gradido.net\/sk\/episode-48\/#primaryimage"},"thumbnailUrl":"https:\/\/gradido.net\/wp-content\/uploads\/2024\/02\/Simon-Rilling_800_3.jpg","keywords":["alternative W\u00e4hrung","Bewusstes Geld","Echtzeit-\u00d6konomie","Event-Management","Geldsystem","Gesunde Welt","Gradido","nachhaltige Zukunft","Veranstaltungsplanung","Zukunft Jetzt Camp 3"],"articleSection":["Podcast"],"inLanguage":"sk-SK"},{"@type":"WebPage","@id":"https:\/\/gradido.net\/sk\/episode-48\/","url":"https:\/\/gradido.net\/sk\/episode-48\/","name":"Ako pr\u00edroda men\u00ed n\u00e1\u0161 ekonomick\u00fd syst\u00e9m - Gradido","isPartOf":{"@id":"https:\/\/gradido.net\/de\/#website"},"primaryImageOfPage":{"@id":"https:\/\/gradido.net\/sk\/episode-48\/#primaryimage"},"image":{"@id":"https:\/\/gradido.net\/sk\/episode-48\/#primaryimage"},"thumbnailUrl":"https:\/\/gradido.net\/wp-content\/uploads\/2024\/02\/Simon-Rilling_800_3.jpg","datePublished":"2024-02-17T09:26:06+00:00","dateModified":"2024-02-17T14:25:30+00:00","description":"Bernd von Gradido je hos\u0165om Simona Rillinga. Vzru\u0161uj\u00faci rozhovor je o:\ud83d\udca1 3 fat\u00e1lnych chyb\u00e1ch s\u00fa\u010dasn\u00e9ho finan\u010dn\u00e9ho syst\u00e9mu, ktor\u00e9 s\u00fa nevyhnutne pr\u00ed\u010dinou chudoby, vojen a ni\u010denia \u017eivotn\u00e9ho prostredia.\ud83d\udca1 3 d\u00f4le\u017eit\u00fdch pr\u00edrodn\u00fdch z\u00e1konoch, ktor\u00e9 ekonomika ignoruje, a preto opakovane sp\u00f4sobuje kolapsy (napr. vojny).\ud83d\udca1 Rie\u0161enie, ktor\u00e9 z toho logicky vypl\u00fdva, pre glob\u00e1lnu prosperitu a mier v s\u00falade s pr\u00edrodou.","breadcrumb":{"@id":"https:\/\/gradido.net\/sk\/episode-48\/#breadcrumb"},"inLanguage":"sk-SK","potentialAction":[{"@type":"ReadAction","target":["https:\/\/gradido.net\/sk\/episode-48\/"]}]},{"@type":"ImageObject","inLanguage":"sk-SK","@id":"https:\/\/gradido.net\/sk\/episode-48\/#primaryimage","url":"https:\/\/gradido.net\/wp-content\/uploads\/2024\/02\/Simon-Rilling_800_3.jpg","contentUrl":"https:\/\/gradido.net\/wp-content\/uploads\/2024\/02\/Simon-Rilling_800_3.jpg","width":800,"height":450},{"@type":"BreadcrumbList","@id":"https:\/\/gradido.net\/sk\/episode-48\/#breadcrumb","itemListElement":[{"@type":"ListItem","position":1,"name":"Startseite","item":"https:\/\/gradido.net\/"},{"@type":"ListItem","position":2,"name":"Wie die Natur unser Wirtschaftssystem revolutioniert"}]},{"@type":"WebSite","@id":"https:\/\/gradido.net\/de\/#website","url":"https:\/\/gradido.net\/de\/","name":"Gradido","description":"Novou menou je v\u010fa\u010dnos\u0165","publisher":{"@id":"https:\/\/gradido.net\/de\/#organization"},"potentialAction":[{"@type":"SearchAction","target":{"@type":"EntryPoint","urlTemplate":"https:\/\/gradido.net\/de\/?s={search_term_string}"},"query-input":{"@type":"PropertyValueSpecification","valueRequired":true,"valueName":"search_term_string"}}],"inLanguage":"sk-SK"},{"@type":"Organization","@id":"https:\/\/gradido.net\/de\/#organization","name":"Gradido","url":"https:\/\/gradido.net\/de\/","logo":{"@type":"ImageObject","inLanguage":"sk-SK","@id":"https:\/\/gradido.net\/de\/#\/schema\/logo\/image\/","url":"https:\/\/gradido.net\/wp-content\/uploads\/2022\/04\/gradido-social.jpg","contentUrl":"https:\/\/gradido.net\/wp-content\/uploads\/2022\/04\/gradido-social.jpg","width":527,"height":273,"caption":"Gradido"},"image":{"@id":"https:\/\/gradido.net\/de\/#\/schema\/logo\/image\/"}},{"@type":"Person","@id":"https:\/\/gradido.net\/de\/#\/schema\/person\/9c503a004ad15a1ddecadce2218db5d1","name":"Bernd H\u00fcckst\u00e4dt","sameAs":["https:\/\/gradido.net"],"url":"https:\/\/gradido.net\/sk\/author\/bernd\/"}]}},"_links":{"self":[{"href":"https:\/\/gradido.net\/sk\/wp-json\/wp\/v2\/posts\/8648","targetHints":{"allow":["GET"]}}],"collection":[{"href":"https:\/\/gradido.net\/sk\/wp-json\/wp\/v2\/posts"}],"about":[{"href":"https:\/\/gradido.net\/sk\/wp-json\/wp\/v2\/types\/post"}],"author":[{"embeddable":true,"href":"https:\/\/gradido.net\/sk\/wp-json\/wp\/v2\/users\/2"}],"replies":[{"embeddable":true,"href":"https:\/\/gradido.net\/sk\/wp-json\/wp\/v2\/comments?post=8648"}],"version-history":[{"count":13,"href":"https:\/\/gradido.net\/sk\/wp-json\/wp\/v2\/posts\/8648\/revisions"}],"predecessor-version":[{"id":8674,"href":"https:\/\/gradido.net\/sk\/wp-json\/wp\/v2\/posts\/8648\/revisions\/8674"}],"wp:featuredmedia":[{"embeddable":true,"href":"https:\/\/gradido.net\/sk\/wp-json\/wp\/v2\/media\/8652"}],"wp:attachment":[{"href":"https:\/\/gradido.net\/sk\/wp-json\/wp\/v2\/media?parent=8648"}],"wp:term":[{"taxonomy":"category","embeddable":true,"href":"https:\/\/gradido.net\/sk\/wp-json\/wp\/v2\/categories?post=8648"},{"taxonomy":"post_tag","embeddable":true,"href":"https:\/\/gradido.net\/sk\/wp-json\/wp\/v2\/tags?post=8648"}],"curies":[{"name":"wp","href":"https:\/\/api.w.org\/{rel}","templated":true}]}}