{"id":1056,"date":"2020-11-11T12:43:41","date_gmt":"2020-11-11T11:43:41","guid":{"rendered":"https:\/\/gradido.net\/?p=1056"},"modified":"2021-12-11T13:01:11","modified_gmt":"2021-12-11T12:01:11","slug":"gastronomie-braucht-aktives-grundeinkommen","status":"publish","type":"post","link":"https:\/\/gradido.net\/sl\/gastronomie-braucht-aktives-grundeinkommen\/","title":{"rendered":"Gastronomija potrebuje \"aktivni temeljni dohodek"},"content":{"rendered":"<div data-elementor-type=\"wp-post\" data-elementor-id=\"1056\" class=\"elementor elementor-1056\" data-elementor-post-type=\"post\">\n\t\t\t\t\t\t<section class=\"elementor-section elementor-top-section elementor-element elementor-element-496e1d53 elementor-section-boxed elementor-section-height-default elementor-section-height-default\" data-id=\"496e1d53\" data-element_type=\"section\" data-e-type=\"section\">\n\t\t\t\t\t\t<div class=\"elementor-container elementor-column-gap-default\">\n\t\t\t\t\t<div class=\"elementor-column elementor-col-100 elementor-top-column elementor-element elementor-element-461d7be0\" data-id=\"461d7be0\" data-element_type=\"column\" data-e-type=\"column\">\n\t\t\t<div class=\"elementor-widget-wrap elementor-element-populated\">\n\t\t\t\t\t\t<div class=\"elementor-element elementor-element-cd9ebe2 elementor-widget elementor-widget-text-editor\" data-id=\"cd9ebe2\" data-element_type=\"widget\" data-e-type=\"widget\" data-widget_type=\"text-editor.default\">\n\t\t\t\t<div class=\"elementor-widget-container\">\n\t\t\t\t\t\t\t\t\t<h2>Knockout skozi Lockdown?<\/h2><p><b>K\u00fcnzelsau, 11.11.2020 - Ponovna zapora je za gostinsko industrijo prava grozljivka. Industrija pri\u010dakuje val ste\u010dajev nepredstavljivih razse\u017enosti. Zaradi o\u010ditnega upada prometa v leto\u0161njem letu tretjini restavracij, kavarn, pivnic, barov, gostinskih obratov in prireditvenih prostorov grozi izumrtje. Trend nara\u0161\u010da. \u0160tevilnih ogro\u017eenih podjetij z ne\u0161tetimi delovnimi mesti in vajeni\u0161\u010di ni mogo\u010de trajno re\u0161iti z ponujeno \"novembrsko pomo\u010djo\". Le 24 odstotkov gostincev \u0161e vedno verjame, da bodo ponovno odprli decembra. Tri \u010detrtine jih domneva, da bo tudi njihov bo\u017ei\u010dni posel \u017ertev prepovedi poslovanja, in se na to odzovejo z resignacijo, jezo ali popolnim obupom. Da bi lahko prepre\u010dili popoln propad industrije, so potrebni temeljito novi ukrepi za krizno ukrepanje in zavarovanje obstoja. Akademija Gradido za ekonomsko bioniko je v ta namen razvila novo vrsto ekonomskega in finan\u010dnega sistema. Model Gradido z opustitvijo sedanjega na\u010dela dol\u017eni\u0161kega denarja, inovativnim pristopom k ustvarjanju denarja in \"aktivnim temeljnim dohodkom\" ka\u017ee obetaven izhod iz krize. <\/b><\/p><p>Zdru\u017eenja, sindikati in prizadeti s prito\u017ebami, peticijami in za\u017eigalnimi pismi glasno in nedvoumno opozarjajo na posledice ponovne zapore za hotelsko in gostinsko industrijo. Dvomijo o smiselnosti ukrepov za prenos stikov iz javnih v zasebne sobe in so zelo razo\u010darani, ker ne cenijo premi\u0161ljenih konceptov in velikih finan\u010dnih nalo\u017eb za \u010dim ve\u010djo varnost gostov. Tudi predstavniki panoge z vso mo\u010djo opozarjajo na nevarnost, saj je zaradi ponovnega zaprtja ne\u0161teto podjetij pred dokon\u010dnim propadom. Ogro\u017eena niso le delovna mesta neposredno prizadetih oseb, temve\u010d tudi \u0161tevilna pre\u017eivetja zaposlenih v povezanih dobavnih verigah, pivovarnah in veletrgovcih s pija\u010dami. Tudi vajence \u010dakajo uni\u010dujo\u010di obeti. Raziskava Zdru\u017eenja nem\u0161kih gospodarskih zbornic (DIH) je pokazala, da bo gostinska industrija v novem izobra\u017eevalnem letu verjetno lahko ponudila 30 odstotkov manj vajeni\u0161kih mest kot v prej\u0161njem letu.<\/p><p>Bernd H\u00fcckst\u00e4dt, soustanovitelj Akademije za poslovno bioniko Gradido, je vse bolj zaskrbljen: \"Na\u0161ega gospodarstva ne moremo stabilizirati z obljubljanjem vrtoglavih zneskov premostitvene pomo\u010di kot nekak\u0161ne hitre re\u0161itve za vse panoge, ki jim bo letos prepovedan poklic. Prvi\u010d, nih\u010de ne ve, kdo bo kdaj odpla\u010dal gore dolgov, ki so nastali na ta na\u010din. Po drugi strani pa ta na videz izdatna \"nujna pomo\u010d\" sploh ne dose\u017ee vseh prizadetih, \u017ee od za\u010detka je nezadostna in ne ustvarja nikakr\u0161ne perspektive.\" Po mnenju strokovnjakov za ekonomsko bioniko Akademije Gradido je mogo\u010de ogromne trenutne izzive, s katerimi se soo\u010data gospodarstvo in politika, premagati le s pomo\u010djo preusmeritve k trajnostnemu in vnukom prijaznemu gospodarskemu in finan\u010dnemu sistemu.<\/p><h4>Model Gradido<\/h4><p>V 20 letih raziskovalnega dela je Akademija Gradido za ekonomsko bioniko razvila trden in trajnosten ekonomski in finan\u010dni sistem z istim imenom. Temelji na temeljnih naravnih zakonih in posledi\u010dno predvideva tudi opustitev prevladujo\u010dega na\u010dela dol\u017eni\u0161kega denarja. H\u00fcckst\u00e4dt pojasnjuje: \"V starem finan\u010dnem sistemu je kredit ene osebe neizogibno dolg druge osebe. Vendar narava ne pozna dolgov. Zato je skupna dobra valuta Gradido (GDD) ustvarjena kot posojilo za vse, ne da bi ustvarjala dolgove. Gospodarsko krizo, kakr\u0161no do\u017eivljamo zdaj, bi lahko premagali z modelom Gradido, ne da bi obremenili prihodnje generacije.\"<\/p><h4>\"Aktivni temeljni dohodek\" zagotavlja varnost pre\u017eivetja<\/h4><p>\"Aktivni temeljni dohodek\" izhaja iz ideje \"brezpogojne udele\u017ebe\". Vsaka oseba ima mese\u010dno na voljo 1.000 gradidov (GDD) skupne valute kot osnovni dohodek. En gradido ustreza vrednosti enega evra. Najve\u010d 50 ur na mesec se pla\u010da z 20 GDD za vsako uro. Ta znesek je namenjen kot osnovni znesek za pre\u017eivetje, ki ga je mogo\u010de dopolniti z drugimi dohodki. Tisti, ki \u017eelijo izkoristiti \"aktivni temeljni dohodek\", lahko s svojimi osebnimi talenti, nagnjenji in mo\u017enostmi prispevajo k skupnosti v kateri koli starosti. Tudi v \u010dasu poklicne krize je tako mogo\u010de dose\u010di temeljni dohodek, ne da bi bilo treba zaprositi ali opraviti preverjanje premo\u017eenjskega stanja. Poleg tega koncept \"aktivnega temeljnega dohodka\" z \"brezpogojno udele\u017ebo\" upo\u0161teva tudi spoznanje, da bodo prihodnje zaposlitvene biografije - povsem neodvisno od gospodarskih in finan\u010dnih kriz - vedno imele prekinitve ali celo vrzeli. Zaradi temeljnega dohodka Gradido tak\u0161ne faze pretresov izgubijo svojo eksistencialno grozo.<\/p><h4>\"Brezpogojno sodelovanje\" v vseh \u017eivljenjskih obdobjih<\/h4><p>Vsaka oseba lahko za \"aktivni temeljni dohodek\" prevzame nalogo, ki jo rada opravlja. Pri tem je lahko aktiven tudi v \u010dasu uvedene \"prepovedi opravljanja poklica\". Na\u010delo \"brezpogojne udele\u017ebe\" poleg ob\u010dutka, da lahko v vsakem \u017eivljenjskem in poklicnem obdobju opravljamo smiselno dejavnost, prina\u0161a tudi mo\u017enost odkrivanja novih strasti in ciljev. Brez eksistencialnega strahu lahko vsakdo po\u010dne, kar si \u017eeli po\u010deti z vsem srcem - z drugimi besedami, sledi svojemu notranjemu poklicu. Veselje do ustvarjanja je najbolj\u0161i pogoj za uspeh na vseh ravneh.<\/p><h4>Trojna blaginja in trojno ustvarjanje denarja<\/h4><p>Gradidovo osnovno eti\u010dno na\u010delo temelji na usklajevanju blaginje posameznika z blaginjo skupnosti in ve\u010dje celote - v smislu narave in okolja. Posameznik je del skupnosti, dr\u017eave, ta pa je del \"velike celote\", ekosistema. V skladu s tem se na prebivalca \u010drpa 3 \u00d7 1.000 gradidov. po 1.000 Gradido za \"aktivni temeljni dohodek\", za dr\u017eavni prora\u010dun ter za sklad za izravnavo in okoljski sklad.<\/p><h4>Filozofija Gradido<\/h4><p>\"Na\u0161a zamisel o 'skupnem dobrem' je, da so vsakomur vedno zagotovljene vse \u017eivljenjske potrebe in da ve, da so njegove \u017eelje in skrbi sprejete,\" pojasnjuje Margret Baier, soustanoviteljica in direktorica Akademije Gradido, osnovno na\u010delo modela. Dodaja: \"\u0160ele ko je vsakomur omogo\u010deno, da je \u017eiv del skupnosti, se pojavita tudi solidarnost in ob\u010dutek odgovornosti, ki sta potrebna za premagovanje kriz. V razmerah, kakr\u0161ne imamo danes, bi se lahko pro\u017eno odzvali na za\u0161\u010ditne ukrepe, ne da bi pri tem povzro\u010dili finan\u010dne stiske. \u010ce bo model Gradido precedens, lahko najdemo veliko bolj diferencirane pristope k re\u0161itvam in zmanj\u0161amo usodne ne\u017eelene u\u010dinke na minimum.\"<\/p><p>Podrobnosti o celotnem modelu Gradido so na <a href=\"https:\/\/gradido.net\/sl\/\">https:\/\/gradido.net<\/a><\/p><p><!-- \/wp:paragraph --><\/p>\t\t\t\t\t\t\t\t<\/div>\n\t\t\t\t<\/div>\n\t\t\t\t<div class=\"elementor-element elementor-element-e9ff241 elementor-widget elementor-widget-text-editor\" data-id=\"e9ff241\" data-element_type=\"widget\" data-e-type=\"widget\" data-widget_type=\"text-editor.default\">\n\t\t\t\t<div class=\"elementor-widget-container\">\n\t\t\t\t\t\t\t\t\t<p><strong>O Akademiji Gradido<\/strong><br>Akademija Gradido za ekonomsko bioniko je razvila alternativno \"valuto skupnega dobrega\", ki se zgleduje po naravi. V naravi velja pravilo, da lahko le tam, kjer nekaj izgine, nastane nekaj novega, zato je mogo\u010de dolgoro\u010dno izbolj\u0161anje (evolucija). Njegov recept za uspeh je \"\u017eivljenjski cikel\". \u010ce bi tudi na\u0161e gospodarstvo sledilo temu naravnemu ciklu, bi po mnenju strokovnjakov za ekonomsko bioniko re\u0161ilo prakti\u010dno vse svetovne te\u017eave, povezane z denarjem. Model Gradido temelji na zamisli, da ne le vsaka oseba, temve\u010d tudi vsaka dr\u017eava prejme dohodek, ustvarjen na kreditni osnovi. S tem lahko opravlja vse svoje naloge, ne da bi pobiral davke. Deflacija in inflacija sta stvar preteklosti. Gospodarstvo je osvobojeno nenehne prisile k rasti, nevarnost zloma finan\u010dnega sistema pa je dokon\u010dno prepre\u010dena. (<a href=\"https:\/\/gradido.net\/sl\/\">www.gradido.net<\/a>)<\/p>\t\t\t\t\t\t\t\t<\/div>\n\t\t\t\t<\/div>\n\t\t\t\t\t<\/div>\n\t\t<\/div>\n\t\t\t\t\t<\/div>\n\t\t<\/section>\n\t\t\t\t<\/div>","protected":false},"excerpt":{"rendered":"<p>Knockout durch Lockdown? K\u00fcnzelsau, 11.11.2020 \u2013 Der erneute Lockdown beschert der Gastronomie ein wahres Horrorszenario. Die Branche rechnet mit einer Pleitewelle unvorstellbaren Ausma\u00dfes. Aufgrund der eklatanten Umsatzeinbu\u00dfen in diesem Jahr droht einem Drittel der Restaurants, Caf\u00e9s, Wirtsh\u00e4user, Kneipen, Bars, Caterer und Eventlocations das Aus. Tendenz steigend. Viele der bedrohten Unternehmen mit unz\u00e4hligen Arbeits- und Ausbildungspl\u00e4tzen [&hellip;]<\/p>\n","protected":false},"author":2,"featured_media":1067,"comment_status":"closed","ping_status":"closed","sticky":false,"template":"","format":"standard","meta":{"footnotes":""},"categories":[8],"tags":[],"class_list":["post-1056","post","type-post","status-publish","format-standard","has-post-thumbnail","hentry","category-pressemitteilung"],"yoast_head":"<!-- This site is optimized with the Yoast SEO plugin v27.5 - https:\/\/yoast.com\/product\/yoast-seo-wordpress\/ -->\n<title>Gastronomie braucht \u201aAktives Grundeinkommen\u2018 - Gradido<\/title>\n<meta name=\"robots\" content=\"index, follow, max-snippet:-1, max-image-preview:large, max-video-preview:-1\" \/>\n<link rel=\"canonical\" href=\"https:\/\/gradido.net\/sl\/gastronomie-braucht-aktives-grundeinkommen\/\" \/>\n<meta property=\"og:locale\" content=\"sl_SI\" \/>\n<meta property=\"og:type\" content=\"article\" \/>\n<meta property=\"og:title\" content=\"Gastronomie braucht \u201aAktives Grundeinkommen\u2018 - Gradido\" \/>\n<meta property=\"og:description\" content=\"Knockout durch Lockdown? K\u00fcnzelsau, 11.11.2020 \u2013 Der erneute Lockdown beschert der Gastronomie ein wahres Horrorszenario. Die Branche rechnet mit einer Pleitewelle unvorstellbaren Ausma\u00dfes. Aufgrund der eklatanten Umsatzeinbu\u00dfen in diesem Jahr droht einem Drittel der Restaurants, Caf\u00e9s, Wirtsh\u00e4user, Kneipen, Bars, Caterer und Eventlocations das Aus. Tendenz steigend. Viele der bedrohten Unternehmen mit unz\u00e4hligen Arbeits- und Ausbildungspl\u00e4tzen [&hellip;]\" \/>\n<meta property=\"og:url\" content=\"https:\/\/gradido.net\/sl\/gastronomie-braucht-aktives-grundeinkommen\/\" \/>\n<meta property=\"og:site_name\" content=\"Gradido\" \/>\n<meta property=\"article:published_time\" content=\"2020-11-11T11:43:41+00:00\" \/>\n<meta property=\"article:modified_time\" content=\"2021-12-11T12:01:11+00:00\" \/>\n<meta property=\"og:image\" content=\"https:\/\/gradido.net\/wp-content\/uploads\/2020\/11\/gastronomie_pausemodus.jpg\" \/>\n\t<meta property=\"og:image:width\" content=\"1079\" \/>\n\t<meta property=\"og:image:height\" content=\"720\" \/>\n\t<meta property=\"og:image:type\" content=\"image\/jpeg\" \/>\n<meta name=\"author\" content=\"Bernd H\u00fcckst\u00e4dt\" \/>\n<meta name=\"twitter:card\" content=\"summary_large_image\" \/>\n<meta name=\"twitter:label1\" content=\"Written by\" \/>\n\t<meta name=\"twitter:data1\" content=\"Bernd H\u00fcckst\u00e4dt\" \/>\n\t<meta name=\"twitter:label2\" content=\"Est. reading time\" \/>\n\t<meta name=\"twitter:data2\" content=\"6 minut\" \/>\n<script type=\"application\/ld+json\" class=\"yoast-schema-graph\">{\"@context\":\"https:\\\/\\\/schema.org\",\"@graph\":[{\"@type\":\"Article\",\"@id\":\"https:\\\/\\\/gradido.net\\\/pt\\\/gastronomie-braucht-aktives-grundeinkommen\\\/#article\",\"isPartOf\":{\"@id\":\"https:\\\/\\\/gradido.net\\\/pt\\\/gastronomie-braucht-aktives-grundeinkommen\\\/\"},\"author\":{\"name\":\"Bernd H\u00fcckst\u00e4dt\",\"@id\":\"https:\\\/\\\/gradido.net\\\/de\\\/#\\\/schema\\\/person\\\/9c503a004ad15a1ddecadce2218db5d1\"},\"headline\":\"Gastronomie braucht \u201aAktives Grundeinkommen\u2018\",\"datePublished\":\"2020-11-11T11:43:41+00:00\",\"dateModified\":\"2021-12-11T12:01:11+00:00\",\"mainEntityOfPage\":{\"@id\":\"https:\\\/\\\/gradido.net\\\/pt\\\/gastronomie-braucht-aktives-grundeinkommen\\\/\"},\"wordCount\":1170,\"publisher\":{\"@id\":\"https:\\\/\\\/gradido.net\\\/de\\\/#organization\"},\"image\":{\"@id\":\"https:\\\/\\\/gradido.net\\\/pt\\\/gastronomie-braucht-aktives-grundeinkommen\\\/#primaryimage\"},\"thumbnailUrl\":\"https:\\\/\\\/gradido.net\\\/wp-content\\\/uploads\\\/2020\\\/11\\\/gastronomie_pausemodus.jpg\",\"articleSection\":[\"Pressemitteilung\"],\"inLanguage\":\"sl-SI\"},{\"@type\":\"WebPage\",\"@id\":\"https:\\\/\\\/gradido.net\\\/pt\\\/gastronomie-braucht-aktives-grundeinkommen\\\/\",\"url\":\"https:\\\/\\\/gradido.net\\\/pt\\\/gastronomie-braucht-aktives-grundeinkommen\\\/\",\"name\":\"Gastronomie braucht \u201aAktives Grundeinkommen\u2018 - Gradido\",\"isPartOf\":{\"@id\":\"https:\\\/\\\/gradido.net\\\/de\\\/#website\"},\"primaryImageOfPage\":{\"@id\":\"https:\\\/\\\/gradido.net\\\/pt\\\/gastronomie-braucht-aktives-grundeinkommen\\\/#primaryimage\"},\"image\":{\"@id\":\"https:\\\/\\\/gradido.net\\\/pt\\\/gastronomie-braucht-aktives-grundeinkommen\\\/#primaryimage\"},\"thumbnailUrl\":\"https:\\\/\\\/gradido.net\\\/wp-content\\\/uploads\\\/2020\\\/11\\\/gastronomie_pausemodus.jpg\",\"datePublished\":\"2020-11-11T11:43:41+00:00\",\"dateModified\":\"2021-12-11T12:01:11+00:00\",\"breadcrumb\":{\"@id\":\"https:\\\/\\\/gradido.net\\\/pt\\\/gastronomie-braucht-aktives-grundeinkommen\\\/#breadcrumb\"},\"inLanguage\":\"sl-SI\",\"potentialAction\":[{\"@type\":\"ReadAction\",\"target\":[\"https:\\\/\\\/gradido.net\\\/pt\\\/gastronomie-braucht-aktives-grundeinkommen\\\/\"]}]},{\"@type\":\"ImageObject\",\"inLanguage\":\"sl-SI\",\"@id\":\"https:\\\/\\\/gradido.net\\\/pt\\\/gastronomie-braucht-aktives-grundeinkommen\\\/#primaryimage\",\"url\":\"https:\\\/\\\/gradido.net\\\/wp-content\\\/uploads\\\/2020\\\/11\\\/gastronomie_pausemodus.jpg\",\"contentUrl\":\"https:\\\/\\\/gradido.net\\\/wp-content\\\/uploads\\\/2020\\\/11\\\/gastronomie_pausemodus.jpg\",\"width\":1079,\"height\":720,\"caption\":\"Woman restaurant staff cleaning table with alcohol spray wearing glove, face shield and mask before open the restaurant\"},{\"@type\":\"BreadcrumbList\",\"@id\":\"https:\\\/\\\/gradido.net\\\/pt\\\/gastronomie-braucht-aktives-grundeinkommen\\\/#breadcrumb\",\"itemListElement\":[{\"@type\":\"ListItem\",\"position\":1,\"name\":\"Startseite\",\"item\":\"https:\\\/\\\/gradido.net\\\/\"},{\"@type\":\"ListItem\",\"position\":2,\"name\":\"Gastronomie braucht \u201aAktives Grundeinkommen\u2018\"}]},{\"@type\":\"WebSite\",\"@id\":\"https:\\\/\\\/gradido.net\\\/de\\\/#website\",\"url\":\"https:\\\/\\\/gradido.net\\\/de\\\/\",\"name\":\"Gradido\",\"description\":\"Die neue W\u00e4hrung hei\u00dft Dankbarkeit\",\"publisher\":{\"@id\":\"https:\\\/\\\/gradido.net\\\/de\\\/#organization\"},\"potentialAction\":[{\"@type\":\"SearchAction\",\"target\":{\"@type\":\"EntryPoint\",\"urlTemplate\":\"https:\\\/\\\/gradido.net\\\/de\\\/?s={search_term_string}\"},\"query-input\":{\"@type\":\"PropertyValueSpecification\",\"valueRequired\":true,\"valueName\":\"search_term_string\"}}],\"inLanguage\":\"sl-SI\"},{\"@type\":\"Organization\",\"@id\":\"https:\\\/\\\/gradido.net\\\/de\\\/#organization\",\"name\":\"Gradido\",\"url\":\"https:\\\/\\\/gradido.net\\\/de\\\/\",\"logo\":{\"@type\":\"ImageObject\",\"inLanguage\":\"sl-SI\",\"@id\":\"https:\\\/\\\/gradido.net\\\/de\\\/#\\\/schema\\\/logo\\\/image\\\/\",\"url\":\"https:\\\/\\\/gradido.net\\\/wp-content\\\/uploads\\\/2022\\\/04\\\/gradido-social.jpg\",\"contentUrl\":\"https:\\\/\\\/gradido.net\\\/wp-content\\\/uploads\\\/2022\\\/04\\\/gradido-social.jpg\",\"width\":527,\"height\":273,\"caption\":\"Gradido\"},\"image\":{\"@id\":\"https:\\\/\\\/gradido.net\\\/de\\\/#\\\/schema\\\/logo\\\/image\\\/\"}},{\"@type\":\"Person\",\"@id\":\"https:\\\/\\\/gradido.net\\\/de\\\/#\\\/schema\\\/person\\\/9c503a004ad15a1ddecadce2218db5d1\",\"name\":\"Bernd H\u00fcckst\u00e4dt\",\"sameAs\":[\"https:\\\/\\\/gradido.net\"],\"url\":\"https:\\\/\\\/gradido.net\\\/sl\\\/author\\\/bernd\\\/\"}]}<\/script>\n<!-- \/ Yoast SEO plugin. -->","yoast_head_json":{"title":"Gastronomija potrebuje \"aktivni temeljni dohodek\" - Gradido","robots":{"index":"index","follow":"follow","max-snippet":"max-snippet:-1","max-image-preview":"max-image-preview:large","max-video-preview":"max-video-preview:-1"},"canonical":"https:\/\/gradido.net\/sl\/gastronomie-braucht-aktives-grundeinkommen\/","og_locale":"sl_SI","og_type":"article","og_title":"Gastronomie braucht \u201aAktives Grundeinkommen\u2018 - Gradido","og_description":"Knockout durch Lockdown? K\u00fcnzelsau, 11.11.2020 \u2013 Der erneute Lockdown beschert der Gastronomie ein wahres Horrorszenario. Die Branche rechnet mit einer Pleitewelle unvorstellbaren Ausma\u00dfes. Aufgrund der eklatanten Umsatzeinbu\u00dfen in diesem Jahr droht einem Drittel der Restaurants, Caf\u00e9s, Wirtsh\u00e4user, Kneipen, Bars, Caterer und Eventlocations das Aus. Tendenz steigend. Viele der bedrohten Unternehmen mit unz\u00e4hligen Arbeits- und Ausbildungspl\u00e4tzen [&hellip;]","og_url":"https:\/\/gradido.net\/sl\/gastronomie-braucht-aktives-grundeinkommen\/","og_site_name":"Gradido","article_published_time":"2020-11-11T11:43:41+00:00","article_modified_time":"2021-12-11T12:01:11+00:00","og_image":[{"width":1079,"height":720,"url":"https:\/\/gradido.net\/wp-content\/uploads\/2020\/11\/gastronomie_pausemodus.jpg","type":"image\/jpeg"}],"author":"Bernd H\u00fcckst\u00e4dt","twitter_card":"summary_large_image","twitter_misc":{"Written by":"Bernd H\u00fcckst\u00e4dt","Est. reading time":"6 minut"},"schema":{"@context":"https:\/\/schema.org","@graph":[{"@type":"Article","@id":"https:\/\/gradido.net\/pt\/gastronomie-braucht-aktives-grundeinkommen\/#article","isPartOf":{"@id":"https:\/\/gradido.net\/pt\/gastronomie-braucht-aktives-grundeinkommen\/"},"author":{"name":"Bernd H\u00fcckst\u00e4dt","@id":"https:\/\/gradido.net\/de\/#\/schema\/person\/9c503a004ad15a1ddecadce2218db5d1"},"headline":"Gastronomie braucht \u201aAktives Grundeinkommen\u2018","datePublished":"2020-11-11T11:43:41+00:00","dateModified":"2021-12-11T12:01:11+00:00","mainEntityOfPage":{"@id":"https:\/\/gradido.net\/pt\/gastronomie-braucht-aktives-grundeinkommen\/"},"wordCount":1170,"publisher":{"@id":"https:\/\/gradido.net\/de\/#organization"},"image":{"@id":"https:\/\/gradido.net\/pt\/gastronomie-braucht-aktives-grundeinkommen\/#primaryimage"},"thumbnailUrl":"https:\/\/gradido.net\/wp-content\/uploads\/2020\/11\/gastronomie_pausemodus.jpg","articleSection":["Pressemitteilung"],"inLanguage":"sl-SI"},{"@type":"WebPage","@id":"https:\/\/gradido.net\/pt\/gastronomie-braucht-aktives-grundeinkommen\/","url":"https:\/\/gradido.net\/pt\/gastronomie-braucht-aktives-grundeinkommen\/","name":"Gastronomija potrebuje \"aktivni temeljni dohodek\" - Gradido","isPartOf":{"@id":"https:\/\/gradido.net\/de\/#website"},"primaryImageOfPage":{"@id":"https:\/\/gradido.net\/pt\/gastronomie-braucht-aktives-grundeinkommen\/#primaryimage"},"image":{"@id":"https:\/\/gradido.net\/pt\/gastronomie-braucht-aktives-grundeinkommen\/#primaryimage"},"thumbnailUrl":"https:\/\/gradido.net\/wp-content\/uploads\/2020\/11\/gastronomie_pausemodus.jpg","datePublished":"2020-11-11T11:43:41+00:00","dateModified":"2021-12-11T12:01:11+00:00","breadcrumb":{"@id":"https:\/\/gradido.net\/pt\/gastronomie-braucht-aktives-grundeinkommen\/#breadcrumb"},"inLanguage":"sl-SI","potentialAction":[{"@type":"ReadAction","target":["https:\/\/gradido.net\/pt\/gastronomie-braucht-aktives-grundeinkommen\/"]}]},{"@type":"ImageObject","inLanguage":"sl-SI","@id":"https:\/\/gradido.net\/pt\/gastronomie-braucht-aktives-grundeinkommen\/#primaryimage","url":"https:\/\/gradido.net\/wp-content\/uploads\/2020\/11\/gastronomie_pausemodus.jpg","contentUrl":"https:\/\/gradido.net\/wp-content\/uploads\/2020\/11\/gastronomie_pausemodus.jpg","width":1079,"height":720,"caption":"Woman restaurant staff cleaning table with alcohol spray wearing glove, face shield and mask before open the restaurant"},{"@type":"BreadcrumbList","@id":"https:\/\/gradido.net\/pt\/gastronomie-braucht-aktives-grundeinkommen\/#breadcrumb","itemListElement":[{"@type":"ListItem","position":1,"name":"Startseite","item":"https:\/\/gradido.net\/"},{"@type":"ListItem","position":2,"name":"Gastronomie braucht \u201aAktives Grundeinkommen\u2018"}]},{"@type":"WebSite","@id":"https:\/\/gradido.net\/de\/#website","url":"https:\/\/gradido.net\/de\/","name":"Gradido","description":"Nova valuta je hvale\u017enost","publisher":{"@id":"https:\/\/gradido.net\/de\/#organization"},"potentialAction":[{"@type":"SearchAction","target":{"@type":"EntryPoint","urlTemplate":"https:\/\/gradido.net\/de\/?s={search_term_string}"},"query-input":{"@type":"PropertyValueSpecification","valueRequired":true,"valueName":"search_term_string"}}],"inLanguage":"sl-SI"},{"@type":"Organization","@id":"https:\/\/gradido.net\/de\/#organization","name":"Gradido","url":"https:\/\/gradido.net\/de\/","logo":{"@type":"ImageObject","inLanguage":"sl-SI","@id":"https:\/\/gradido.net\/de\/#\/schema\/logo\/image\/","url":"https:\/\/gradido.net\/wp-content\/uploads\/2022\/04\/gradido-social.jpg","contentUrl":"https:\/\/gradido.net\/wp-content\/uploads\/2022\/04\/gradido-social.jpg","width":527,"height":273,"caption":"Gradido"},"image":{"@id":"https:\/\/gradido.net\/de\/#\/schema\/logo\/image\/"}},{"@type":"Person","@id":"https:\/\/gradido.net\/de\/#\/schema\/person\/9c503a004ad15a1ddecadce2218db5d1","name":"Bernd H\u00fcckst\u00e4dt","sameAs":["https:\/\/gradido.net"],"url":"https:\/\/gradido.net\/sl\/author\/bernd\/"}]}},"_links":{"self":[{"href":"https:\/\/gradido.net\/sl\/wp-json\/wp\/v2\/posts\/1056","targetHints":{"allow":["GET"]}}],"collection":[{"href":"https:\/\/gradido.net\/sl\/wp-json\/wp\/v2\/posts"}],"about":[{"href":"https:\/\/gradido.net\/sl\/wp-json\/wp\/v2\/types\/post"}],"author":[{"embeddable":true,"href":"https:\/\/gradido.net\/sl\/wp-json\/wp\/v2\/users\/2"}],"replies":[{"embeddable":true,"href":"https:\/\/gradido.net\/sl\/wp-json\/wp\/v2\/comments?post=1056"}],"version-history":[{"count":18,"href":"https:\/\/gradido.net\/sl\/wp-json\/wp\/v2\/posts\/1056\/revisions"}],"predecessor-version":[{"id":3742,"href":"https:\/\/gradido.net\/sl\/wp-json\/wp\/v2\/posts\/1056\/revisions\/3742"}],"wp:featuredmedia":[{"embeddable":true,"href":"https:\/\/gradido.net\/sl\/wp-json\/wp\/v2\/media\/1067"}],"wp:attachment":[{"href":"https:\/\/gradido.net\/sl\/wp-json\/wp\/v2\/media?parent=1056"}],"wp:term":[{"taxonomy":"category","embeddable":true,"href":"https:\/\/gradido.net\/sl\/wp-json\/wp\/v2\/categories?post=1056"},{"taxonomy":"post_tag","embeddable":true,"href":"https:\/\/gradido.net\/sl\/wp-json\/wp\/v2\/tags?post=1056"}],"curies":[{"name":"wp","href":"https:\/\/api.w.org\/{rel}","templated":true}]}}