{"id":11600,"date":"2025-09-17T07:08:43","date_gmt":"2025-09-17T05:08:43","guid":{"rendered":"https:\/\/gradido.net\/?p=11600"},"modified":"2026-04-24T07:18:45","modified_gmt":"2026-04-24T05:18:45","slug":"mutmacherin-kerstin","status":"publish","type":"post","link":"https:\/\/gradido.net\/sl\/mutmacherin-kerstin\/","title":{"rendered":"Tako si predstavljam dru\u017eenje"},"content":{"rendered":"<div data-elementor-type=\"wp-post\" data-elementor-id=\"11600\" class=\"elementor elementor-11600\" data-elementor-post-type=\"post\">\n\t\t\t\t\t\t<section class=\"elementor-section elementor-top-section elementor-element elementor-element-496e1d53 elementor-section-boxed elementor-section-height-default elementor-section-height-default\" data-id=\"496e1d53\" data-element_type=\"section\" data-e-type=\"section\">\n\t\t\t\t\t\t<div class=\"elementor-container elementor-column-gap-default\">\n\t\t\t\t\t<div class=\"elementor-column elementor-col-100 elementor-top-column elementor-element elementor-element-461d7be0\" data-id=\"461d7be0\" data-element_type=\"column\" data-e-type=\"column\">\n\t\t\t<div class=\"elementor-widget-wrap elementor-element-populated\">\n\t\t\t\t\t\t<div class=\"elementor-element elementor-element-cd9ebe2 elementor-widget elementor-widget-text-editor\" data-id=\"cd9ebe2\" data-element_type=\"widget\" data-e-type=\"widget\" data-widget_type=\"text-editor.default\">\n\t\t\t\t<div class=\"elementor-widget-container\">\n\t\t\t\t\t\t\t\t\t<p style=\"text-align: right;\"><em>\"Vse je \u017eiva ljube\u010da zavest - inteligenca samoustvarjanja.\"<\/em> <br \/><em>-\u00a0<\/em><i> Kerstin Morettoni-Anders<\/i><\/p><div><p>Pred kratkim sem prejel e-po\u0161to z zgodbo o tem, kako je Joel spoznal Gradido.<\/p><h2>Zelo lepo!<\/h2><p>Predvsem mi je v\u0161e\u010d njegova misel, da smo del ne\u010desa veliko ve\u010djega od na\u0161ega obstoja.<\/p><p>Vse je \u017eiva, ljube\u010da zavest - inteligenca samokreatorja. To se dogaja v vsakem trenutku, znova in znova. Noben sr\u010dni utrip ni enak prej\u0161njemu in vsem ostalim pred njim.<\/p><p><strong>Iskal sem na\u010din sodelovanja, ki bi bil dober za vse. Spoznal sem, da je bila uvedba denarnih obresti za\u010detek konca.<\/strong><\/p><h2>Zakaj?<\/h2><p>\u017divljenje lahko podpira le misli in dejanja, ki slu\u017eijo dobremu vseh. To vemo iz hermeti\u010dnih zakonov. Zato je mogo\u010de predvideti, da bo obrestni denar uni\u010dil samega sebe. To se je za\u010delo \u017ee ob njegovi prvi uporabi.<\/p><p>Le vzrok in posledica sta razporejena v \u010dasu in prostoru, tako da lahko ljudje ustvarjajo in prepoznavajo svoje izku\u0161nje.<\/p><p><strong>\u010ce ena oseba obogati drugo, to ni trajno, saj nih\u010de ne more obdr\u017eati svojega bogastva po smrti.<\/strong><\/p><p>Ko sem pripravljal kongres \"Spoznaj se\", sem naletel na Gradido in bil takoj navdu\u0161en. Ta energija hvale\u017enosti in naravni primer postajanja in minevanja - s tem sem se lahko poistovetil!<\/p><h2>Tako si predstavljam dru\u017eenje<\/h2><p>Zato sem si takoj ustvaril ra\u010dun in gradivo hvale\u017enosti se \u017ee pretaka. Izdelke za harmonijo svetlobe z Gradidom lahko dobite na moji spletni strani. Rada bi ustvarila \u0161e ve\u010d mo\u017enosti.<\/p><p>To omogo\u010da uresni\u010ditev vizije, saj izmenjujemo ideje o mo\u017enostih in izku\u0161njah pri uporabi Gradida. To se zelo razlikuje od poslovanja z obi\u010dajnim denarjem. To morate izkusiti sami. Potem se lahko zgodi preobrazba, ki si jo \u017eeli toliko ljudi. Hvala za to!<\/p><p>Vsem nam \u017eelim veliko uspeha in veselja z Gradidom<\/p><p>Vsa ljubezen<br \/>Kerstin<\/p><p><a title=\"https:\/\/lebensharmonie.org\" href=\"https:\/\/lebensharmonie.org\" target=\"_blank\" rel=\"noopener\">https:\/\/lebensharmonie.org<\/a><\/p><\/div>\t\t\t\t\t\t\t\t<\/div>\n\t\t\t\t<\/div>\n\t\t\t\t<div class=\"elementor-element elementor-element-db3fa8e elementor-widget-divider--view-line elementor-widget elementor-widget-divider\" data-id=\"db3fa8e\" data-element_type=\"widget\" data-e-type=\"widget\" data-widget_type=\"divider.default\">\n\t\t\t\t<div class=\"elementor-widget-container\">\n\t\t\t\t\t\t\t<div class=\"elementor-divider\">\n\t\t\t<span class=\"elementor-divider-separator\">\n\t\t\t\t\t\t<\/span>\n\t\t<\/div>\n\t\t\t\t\t\t<\/div>\n\t\t\t\t<\/div>\n\t\t\t\t<div class=\"elementor-element elementor-element-d74dfa0 elementor-widget elementor-widget-text-editor\" data-id=\"d74dfa0\" data-element_type=\"widget\" data-e-type=\"widget\" data-widget_type=\"text-editor.default\">\n\t\t\t\t<div class=\"elementor-widget-container\">\n\t\t\t\t\t\t\t\t\t<div data-pm-slice=\"1 1 []\" data-en-clipboard=\"true\"><h4>Pridru\u017eite se nam - veselimo se va\u0161e ganljive zgodbe!<\/h4><p><strong>Po\u0161ljite po\u0161to na naslov: <a href=\"mailto:support@gradido.net\">support@gradido.net<\/a><\/strong><\/p><p>Skupaj rastemo dlje od sebe!<\/p><p>Z globoko hvale\u017enostjo in solidarnostjo<\/p><p><span style=\"font-family: -apple-system, BlinkMacSystemFont, 'Segoe UI', Roboto, 'Helvetica Neue', Arial, 'Noto Sans', sans-serif, 'Apple Color Emoji', 'Segoe UI Emoji', 'Segoe UI Symbol', 'Noto Color Emoji';\">Va\u0161<\/span><\/p><\/div><p><img decoding=\"async\" class=\"alignnone wp-image-4614 size-medium\" src=\"https:\/\/gradido.net\/wp-content\/uploads\/2022\/06\/MargretBernd_2022-300x74.png\" alt=\"\" width=\"300\" height=\"74\" srcset=\"https:\/\/gradido.net\/wp-content\/uploads\/2022\/06\/MargretBernd_2022-300x74.png 300w, https:\/\/gradido.net\/wp-content\/uploads\/2022\/06\/MargretBernd_2022-18x4.png 18w, https:\/\/gradido.net\/wp-content\/uploads\/2022\/06\/MargretBernd_2022.png 431w\" sizes=\"(max-width: 300px) 100vw, 300px\" \/><\/p><p>Margret Baier in Bernd H\u00fcckst\u00e4dt<br \/>Ustanovitelj in razvijalec Gradida<\/p>\t\t\t\t\t\t\t\t<\/div>\n\t\t\t\t<\/div>\n\t\t\t\t\t<\/div>\n\t\t<\/div>\n\t\t\t\t\t<\/div>\n\t\t<\/section>\n\t\t\t\t<section class=\"elementor-section elementor-top-section elementor-element elementor-element-14532fe elementor-section-boxed elementor-section-height-default elementor-section-height-default\" data-id=\"14532fe\" data-element_type=\"section\" data-e-type=\"section\">\n\t\t\t\t\t\t<div class=\"elementor-container elementor-column-gap-default\">\n\t\t\t\t\t<div class=\"elementor-column elementor-col-100 elementor-top-column elementor-element elementor-element-65d2298\" data-id=\"65d2298\" data-element_type=\"column\" data-e-type=\"column\">\n\t\t\t<div class=\"elementor-widget-wrap elementor-element-populated\">\n\t\t\t\t\t\t<div class=\"elementor-element elementor-element-bea124f elementor-widget elementor-widget-global elementor-global-9341 elementor-widget-text-editor\" data-id=\"bea124f\" data-element_type=\"widget\" data-e-type=\"widget\" data-widget_type=\"text-editor.default\">\n\t\t\t\t<div class=\"elementor-widget-container\">\n\t\t\t\t\t\t\t\t\t<p><strong>PS:\u00a0<span style=\"color: #ff6600;\"><a style=\"color: #ff6600;\" href=\"https:\/\/gradido.net\/sl\/donations\/\">Zaradi vedno ve\u010djega pomena Gradida bomo 26. junija 2026 ponovili akcijo zahvale:<\/a>\u00a0<\/span><span style=\"color: #0000ff;\"><a style=\"color: #0000ff;\" href=\"https:\/\/gradido.net\/sl\/donations\/\">Poleg ve\u010dkratnega GradidoTransform za va\u0161 sponzorski prispevek bomo 26.6.2016 pove\u010dali stanje vseh ra\u010dunov GDT za 26%. Sponzorirajte zdaj in u\u017eivajte v ve\u010dkratnem znesku GDT!<\/a><\/span><\/strong><\/p>\t\t\t\t\t\t\t\t<\/div>\n\t\t\t\t<\/div>\n\t\t\t\t\t<\/div>\n\t\t<\/div>\n\t\t\t\t\t<\/div>\n\t\t<\/section>\n\t\t\t\t<section class=\"elementor-section elementor-top-section elementor-element elementor-element-29dfc07 elementor-section-boxed elementor-section-height-default elementor-section-height-default\" data-id=\"29dfc07\" data-element_type=\"section\" data-e-type=\"section\">\n\t\t\t\t\t\t<div class=\"elementor-container elementor-column-gap-default\">\n\t\t\t\t\t<div class=\"elementor-column elementor-col-100 elementor-top-column elementor-element elementor-element-d37ec5a\" data-id=\"d37ec5a\" data-element_type=\"column\" data-e-type=\"column\">\n\t\t\t<div class=\"elementor-widget-wrap\">\n\t\t\t\t\t\t\t<\/div>\n\t\t<\/div>\n\t\t\t\t\t<\/div>\n\t\t<\/section>\n\t\t\t\t<section class=\"elementor-section elementor-top-section elementor-element elementor-element-b3bbb9b elementor-section-boxed elementor-section-height-default elementor-section-height-default\" data-id=\"b3bbb9b\" data-element_type=\"section\" data-e-type=\"section\">\n\t\t\t\t\t\t<div class=\"elementor-container elementor-column-gap-default\">\n\t\t\t\t\t<div class=\"elementor-column elementor-col-100 elementor-top-column elementor-element elementor-element-a7e88ad\" data-id=\"a7e88ad\" data-element_type=\"column\" data-e-type=\"column\">\n\t\t\t<div class=\"elementor-widget-wrap\">\n\t\t\t\t\t\t\t<\/div>\n\t\t<\/div>\n\t\t\t\t\t<\/div>\n\t\t<\/section>\n\t\t\t\t<\/div>","protected":false},"excerpt":{"rendered":"<p>Ko sem pripravljal kongres \"Spoznaj se\", sem naletel na Gradido in bil takoj navdu\u0161en. Ta energija hvale\u017enosti in naravni primer postajanja in minevanja - s tem sem se lahko poistovetil!<\/p>","protected":false},"author":2,"featured_media":11603,"comment_status":"closed","ping_status":"closed","sticky":false,"template":"","format":"standard","meta":{"footnotes":""},"categories":[11,54],"tags":[],"class_list":["post-11600","post","type-post","status-publish","format-standard","has-post-thumbnail","hentry","category-blog","category-community"],"yoast_head":"<!-- This site is optimized with the Yoast SEO plugin v27.5 - https:\/\/yoast.com\/product\/yoast-seo-wordpress\/ -->\n<title>So stelle ich mir Miteinander vor - Gradido<\/title>\n<meta name=\"description\" content=\"Als ich meinen Kongress &quot;Erkenne Dich&quot; aufbaute, stie\u00df ich auf Gradido und war sofort begeistert. Diese Energie der Dankbarkeit und das nat\u00fcrliche Vorbild von Werden und Vergehen \u2013 damit konnte ich etwas anfangen!\" \/>\n<meta name=\"robots\" content=\"index, follow, max-snippet:-1, max-image-preview:large, max-video-preview:-1\" \/>\n<link rel=\"canonical\" href=\"https:\/\/gradido.net\/sl\/mutmacherin-kerstin\/\" \/>\n<meta property=\"og:locale\" content=\"sl_SI\" \/>\n<meta property=\"og:type\" content=\"article\" \/>\n<meta property=\"og:title\" content=\"So stelle ich mir Miteinander vor - Gradido\" \/>\n<meta property=\"og:description\" content=\"Als ich meinen Kongress &quot;Erkenne Dich&quot; aufbaute, stie\u00df ich auf Gradido und war sofort begeistert. Diese Energie der Dankbarkeit und das nat\u00fcrliche Vorbild von Werden und Vergehen \u2013 damit konnte ich etwas anfangen!\" \/>\n<meta property=\"og:url\" content=\"https:\/\/gradido.net\/sl\/mutmacherin-kerstin\/\" \/>\n<meta property=\"og:site_name\" content=\"Gradido\" \/>\n<meta property=\"article:published_time\" content=\"2025-09-17T05:08:43+00:00\" \/>\n<meta property=\"article:modified_time\" content=\"2026-04-24T05:18:45+00:00\" \/>\n<meta property=\"og:image\" content=\"https:\/\/gradido.net\/wp-content\/uploads\/2025\/09\/Kerstin_Banner2.jpg\" \/>\n\t<meta property=\"og:image:width\" content=\"1280\" \/>\n\t<meta property=\"og:image:height\" content=\"720\" \/>\n\t<meta property=\"og:image:type\" content=\"image\/jpeg\" \/>\n<meta name=\"author\" content=\"Bernd H\u00fcckst\u00e4dt\" \/>\n<meta name=\"twitter:card\" content=\"summary_large_image\" \/>\n<meta name=\"twitter:label1\" content=\"Written by\" \/>\n\t<meta name=\"twitter:data1\" content=\"Bernd H\u00fcckst\u00e4dt\" \/>\n\t<meta name=\"twitter:label2\" content=\"Est. reading time\" \/>\n\t<meta name=\"twitter:data2\" content=\"3 minute\" \/>\n<script type=\"application\/ld+json\" class=\"yoast-schema-graph\">{\"@context\":\"https:\\\/\\\/schema.org\",\"@graph\":[{\"@type\":\"Article\",\"@id\":\"https:\\\/\\\/gradido.net\\\/mutmacherin-kerstin\\\/#article\",\"isPartOf\":{\"@id\":\"https:\\\/\\\/gradido.net\\\/mutmacherin-kerstin\\\/\"},\"author\":{\"name\":\"Bernd H\u00fcckst\u00e4dt\",\"@id\":\"https:\\\/\\\/gradido.net\\\/de\\\/#\\\/schema\\\/person\\\/9c503a004ad15a1ddecadce2218db5d1\"},\"headline\":\"So stelle ich mir Miteinander vor\",\"datePublished\":\"2025-09-17T05:08:43+00:00\",\"dateModified\":\"2026-04-24T05:18:45+00:00\",\"mainEntityOfPage\":{\"@id\":\"https:\\\/\\\/gradido.net\\\/mutmacherin-kerstin\\\/\"},\"wordCount\":425,\"publisher\":{\"@id\":\"https:\\\/\\\/gradido.net\\\/de\\\/#organization\"},\"image\":{\"@id\":\"https:\\\/\\\/gradido.net\\\/mutmacherin-kerstin\\\/#primaryimage\"},\"thumbnailUrl\":\"https:\\\/\\\/gradido.net\\\/wp-content\\\/uploads\\\/2025\\\/09\\\/Kerstin_Banner2.jpg\",\"articleSection\":[\"Blog\",\"Community\"],\"inLanguage\":\"sl-SI\"},{\"@type\":\"WebPage\",\"@id\":\"https:\\\/\\\/gradido.net\\\/mutmacherin-kerstin\\\/\",\"url\":\"https:\\\/\\\/gradido.net\\\/mutmacherin-kerstin\\\/\",\"name\":\"So stelle ich mir Miteinander vor - Gradido\",\"isPartOf\":{\"@id\":\"https:\\\/\\\/gradido.net\\\/de\\\/#website\"},\"primaryImageOfPage\":{\"@id\":\"https:\\\/\\\/gradido.net\\\/mutmacherin-kerstin\\\/#primaryimage\"},\"image\":{\"@id\":\"https:\\\/\\\/gradido.net\\\/mutmacherin-kerstin\\\/#primaryimage\"},\"thumbnailUrl\":\"https:\\\/\\\/gradido.net\\\/wp-content\\\/uploads\\\/2025\\\/09\\\/Kerstin_Banner2.jpg\",\"datePublished\":\"2025-09-17T05:08:43+00:00\",\"dateModified\":\"2026-04-24T05:18:45+00:00\",\"description\":\"Als ich meinen Kongress \\\"Erkenne Dich\\\" aufbaute, stie\u00df ich auf Gradido und war sofort begeistert. Diese Energie der Dankbarkeit und das nat\u00fcrliche Vorbild von Werden und Vergehen \u2013 damit konnte ich etwas anfangen!\",\"breadcrumb\":{\"@id\":\"https:\\\/\\\/gradido.net\\\/mutmacherin-kerstin\\\/#breadcrumb\"},\"inLanguage\":\"sl-SI\",\"potentialAction\":[{\"@type\":\"ReadAction\",\"target\":[\"https:\\\/\\\/gradido.net\\\/mutmacherin-kerstin\\\/\"]}]},{\"@type\":\"ImageObject\",\"inLanguage\":\"sl-SI\",\"@id\":\"https:\\\/\\\/gradido.net\\\/mutmacherin-kerstin\\\/#primaryimage\",\"url\":\"https:\\\/\\\/gradido.net\\\/wp-content\\\/uploads\\\/2025\\\/09\\\/Kerstin_Banner2.jpg\",\"contentUrl\":\"https:\\\/\\\/gradido.net\\\/wp-content\\\/uploads\\\/2025\\\/09\\\/Kerstin_Banner2.jpg\",\"width\":1280,\"height\":720},{\"@type\":\"BreadcrumbList\",\"@id\":\"https:\\\/\\\/gradido.net\\\/mutmacherin-kerstin\\\/#breadcrumb\",\"itemListElement\":[{\"@type\":\"ListItem\",\"position\":1,\"name\":\"Startseite\",\"item\":\"https:\\\/\\\/gradido.net\\\/\"},{\"@type\":\"ListItem\",\"position\":2,\"name\":\"So stelle ich mir Miteinander vor\"}]},{\"@type\":\"WebSite\",\"@id\":\"https:\\\/\\\/gradido.net\\\/de\\\/#website\",\"url\":\"https:\\\/\\\/gradido.net\\\/de\\\/\",\"name\":\"Gradido\",\"description\":\"Die neue W\u00e4hrung hei\u00dft Dankbarkeit\",\"publisher\":{\"@id\":\"https:\\\/\\\/gradido.net\\\/de\\\/#organization\"},\"potentialAction\":[{\"@type\":\"SearchAction\",\"target\":{\"@type\":\"EntryPoint\",\"urlTemplate\":\"https:\\\/\\\/gradido.net\\\/de\\\/?s={search_term_string}\"},\"query-input\":{\"@type\":\"PropertyValueSpecification\",\"valueRequired\":true,\"valueName\":\"search_term_string\"}}],\"inLanguage\":\"sl-SI\"},{\"@type\":\"Organization\",\"@id\":\"https:\\\/\\\/gradido.net\\\/de\\\/#organization\",\"name\":\"Gradido\",\"url\":\"https:\\\/\\\/gradido.net\\\/de\\\/\",\"logo\":{\"@type\":\"ImageObject\",\"inLanguage\":\"sl-SI\",\"@id\":\"https:\\\/\\\/gradido.net\\\/de\\\/#\\\/schema\\\/logo\\\/image\\\/\",\"url\":\"https:\\\/\\\/gradido.net\\\/wp-content\\\/uploads\\\/2022\\\/04\\\/gradido-social.jpg\",\"contentUrl\":\"https:\\\/\\\/gradido.net\\\/wp-content\\\/uploads\\\/2022\\\/04\\\/gradido-social.jpg\",\"width\":527,\"height\":273,\"caption\":\"Gradido\"},\"image\":{\"@id\":\"https:\\\/\\\/gradido.net\\\/de\\\/#\\\/schema\\\/logo\\\/image\\\/\"}},{\"@type\":\"Person\",\"@id\":\"https:\\\/\\\/gradido.net\\\/de\\\/#\\\/schema\\\/person\\\/9c503a004ad15a1ddecadce2218db5d1\",\"name\":\"Bernd H\u00fcckst\u00e4dt\",\"sameAs\":[\"https:\\\/\\\/gradido.net\"],\"url\":\"https:\\\/\\\/gradido.net\\\/sl\\\/author\\\/bernd\\\/\"}]}<\/script>\n<!-- \/ Yoast SEO plugin. -->","yoast_head_json":{"title":"Tako si predstavljam so\u017eitje - Gradido","description":"Ko sem pripravljal kongres \"Spoznaj se\", sem naletel na Gradido in bil takoj navdu\u0161en. Ta energija hvale\u017enosti in naravni primer postajanja in minevanja - s tem sem se lahko poistovetil!","robots":{"index":"index","follow":"follow","max-snippet":"max-snippet:-1","max-image-preview":"max-image-preview:large","max-video-preview":"max-video-preview:-1"},"canonical":"https:\/\/gradido.net\/sl\/mutmacherin-kerstin\/","og_locale":"sl_SI","og_type":"article","og_title":"So stelle ich mir Miteinander vor - Gradido","og_description":"Als ich meinen Kongress \"Erkenne Dich\" aufbaute, stie\u00df ich auf Gradido und war sofort begeistert. Diese Energie der Dankbarkeit und das nat\u00fcrliche Vorbild von Werden und Vergehen \u2013 damit konnte ich etwas anfangen!","og_url":"https:\/\/gradido.net\/sl\/mutmacherin-kerstin\/","og_site_name":"Gradido","article_published_time":"2025-09-17T05:08:43+00:00","article_modified_time":"2026-04-24T05:18:45+00:00","og_image":[{"width":1280,"height":720,"url":"https:\/\/gradido.net\/wp-content\/uploads\/2025\/09\/Kerstin_Banner2.jpg","type":"image\/jpeg"}],"author":"Bernd H\u00fcckst\u00e4dt","twitter_card":"summary_large_image","twitter_misc":{"Written by":"Bernd H\u00fcckst\u00e4dt","Est. reading time":"3 minute"},"schema":{"@context":"https:\/\/schema.org","@graph":[{"@type":"Article","@id":"https:\/\/gradido.net\/mutmacherin-kerstin\/#article","isPartOf":{"@id":"https:\/\/gradido.net\/mutmacherin-kerstin\/"},"author":{"name":"Bernd H\u00fcckst\u00e4dt","@id":"https:\/\/gradido.net\/de\/#\/schema\/person\/9c503a004ad15a1ddecadce2218db5d1"},"headline":"So stelle ich mir Miteinander vor","datePublished":"2025-09-17T05:08:43+00:00","dateModified":"2026-04-24T05:18:45+00:00","mainEntityOfPage":{"@id":"https:\/\/gradido.net\/mutmacherin-kerstin\/"},"wordCount":425,"publisher":{"@id":"https:\/\/gradido.net\/de\/#organization"},"image":{"@id":"https:\/\/gradido.net\/mutmacherin-kerstin\/#primaryimage"},"thumbnailUrl":"https:\/\/gradido.net\/wp-content\/uploads\/2025\/09\/Kerstin_Banner2.jpg","articleSection":["Blog","Community"],"inLanguage":"sl-SI"},{"@type":"WebPage","@id":"https:\/\/gradido.net\/mutmacherin-kerstin\/","url":"https:\/\/gradido.net\/mutmacherin-kerstin\/","name":"Tako si predstavljam so\u017eitje - Gradido","isPartOf":{"@id":"https:\/\/gradido.net\/de\/#website"},"primaryImageOfPage":{"@id":"https:\/\/gradido.net\/mutmacherin-kerstin\/#primaryimage"},"image":{"@id":"https:\/\/gradido.net\/mutmacherin-kerstin\/#primaryimage"},"thumbnailUrl":"https:\/\/gradido.net\/wp-content\/uploads\/2025\/09\/Kerstin_Banner2.jpg","datePublished":"2025-09-17T05:08:43+00:00","dateModified":"2026-04-24T05:18:45+00:00","description":"Ko sem pripravljal kongres \"Spoznaj se\", sem naletel na Gradido in bil takoj navdu\u0161en. Ta energija hvale\u017enosti in naravni primer postajanja in minevanja - s tem sem se lahko poistovetil!","breadcrumb":{"@id":"https:\/\/gradido.net\/mutmacherin-kerstin\/#breadcrumb"},"inLanguage":"sl-SI","potentialAction":[{"@type":"ReadAction","target":["https:\/\/gradido.net\/mutmacherin-kerstin\/"]}]},{"@type":"ImageObject","inLanguage":"sl-SI","@id":"https:\/\/gradido.net\/mutmacherin-kerstin\/#primaryimage","url":"https:\/\/gradido.net\/wp-content\/uploads\/2025\/09\/Kerstin_Banner2.jpg","contentUrl":"https:\/\/gradido.net\/wp-content\/uploads\/2025\/09\/Kerstin_Banner2.jpg","width":1280,"height":720},{"@type":"BreadcrumbList","@id":"https:\/\/gradido.net\/mutmacherin-kerstin\/#breadcrumb","itemListElement":[{"@type":"ListItem","position":1,"name":"Startseite","item":"https:\/\/gradido.net\/"},{"@type":"ListItem","position":2,"name":"So stelle ich mir Miteinander vor"}]},{"@type":"WebSite","@id":"https:\/\/gradido.net\/de\/#website","url":"https:\/\/gradido.net\/de\/","name":"Gradido","description":"Nova valuta je hvale\u017enost","publisher":{"@id":"https:\/\/gradido.net\/de\/#organization"},"potentialAction":[{"@type":"SearchAction","target":{"@type":"EntryPoint","urlTemplate":"https:\/\/gradido.net\/de\/?s={search_term_string}"},"query-input":{"@type":"PropertyValueSpecification","valueRequired":true,"valueName":"search_term_string"}}],"inLanguage":"sl-SI"},{"@type":"Organization","@id":"https:\/\/gradido.net\/de\/#organization","name":"Gradido","url":"https:\/\/gradido.net\/de\/","logo":{"@type":"ImageObject","inLanguage":"sl-SI","@id":"https:\/\/gradido.net\/de\/#\/schema\/logo\/image\/","url":"https:\/\/gradido.net\/wp-content\/uploads\/2022\/04\/gradido-social.jpg","contentUrl":"https:\/\/gradido.net\/wp-content\/uploads\/2022\/04\/gradido-social.jpg","width":527,"height":273,"caption":"Gradido"},"image":{"@id":"https:\/\/gradido.net\/de\/#\/schema\/logo\/image\/"}},{"@type":"Person","@id":"https:\/\/gradido.net\/de\/#\/schema\/person\/9c503a004ad15a1ddecadce2218db5d1","name":"Bernd H\u00fcckst\u00e4dt","sameAs":["https:\/\/gradido.net"],"url":"https:\/\/gradido.net\/sl\/author\/bernd\/"}]}},"_links":{"self":[{"href":"https:\/\/gradido.net\/sl\/wp-json\/wp\/v2\/posts\/11600","targetHints":{"allow":["GET"]}}],"collection":[{"href":"https:\/\/gradido.net\/sl\/wp-json\/wp\/v2\/posts"}],"about":[{"href":"https:\/\/gradido.net\/sl\/wp-json\/wp\/v2\/types\/post"}],"author":[{"embeddable":true,"href":"https:\/\/gradido.net\/sl\/wp-json\/wp\/v2\/users\/2"}],"replies":[{"embeddable":true,"href":"https:\/\/gradido.net\/sl\/wp-json\/wp\/v2\/comments?post=11600"}],"version-history":[{"count":35,"href":"https:\/\/gradido.net\/sl\/wp-json\/wp\/v2\/posts\/11600\/revisions"}],"predecessor-version":[{"id":13570,"href":"https:\/\/gradido.net\/sl\/wp-json\/wp\/v2\/posts\/11600\/revisions\/13570"}],"wp:featuredmedia":[{"embeddable":true,"href":"https:\/\/gradido.net\/sl\/wp-json\/wp\/v2\/media\/11603"}],"wp:attachment":[{"href":"https:\/\/gradido.net\/sl\/wp-json\/wp\/v2\/media?parent=11600"}],"wp:term":[{"taxonomy":"category","embeddable":true,"href":"https:\/\/gradido.net\/sl\/wp-json\/wp\/v2\/categories?post=11600"},{"taxonomy":"post_tag","embeddable":true,"href":"https:\/\/gradido.net\/sl\/wp-json\/wp\/v2\/tags?post=11600"}],"curies":[{"name":"wp","href":"https:\/\/api.w.org\/{rel}","templated":true}]}}