{"id":11727,"date":"2025-09-30T11:39:04","date_gmt":"2025-09-30T09:39:04","guid":{"rendered":"https:\/\/gradido.net\/?p=11727"},"modified":"2026-04-24T07:16:51","modified_gmt":"2026-04-24T05:16:51","slug":"mutmacher-rolf","status":"publish","type":"post","link":"https:\/\/gradido.net\/sl\/mutmacher-rolf\/","title":{"rendered":"V povezanost"},"content":{"rendered":"<div data-elementor-type=\"wp-post\" data-elementor-id=\"11727\" class=\"elementor elementor-11727\" data-elementor-post-type=\"post\">\n\t\t\t\t\t\t<section class=\"elementor-section elementor-top-section elementor-element elementor-element-496e1d53 elementor-section-boxed elementor-section-height-default elementor-section-height-default\" data-id=\"496e1d53\" data-element_type=\"section\" data-e-type=\"section\">\n\t\t\t\t\t\t<div class=\"elementor-container elementor-column-gap-default\">\n\t\t\t\t\t<div class=\"elementor-column elementor-col-100 elementor-top-column elementor-element elementor-element-461d7be0\" data-id=\"461d7be0\" data-element_type=\"column\" data-e-type=\"column\">\n\t\t\t<div class=\"elementor-widget-wrap elementor-element-populated\">\n\t\t\t\t\t\t<div class=\"elementor-element elementor-element-cd9ebe2 elementor-widget elementor-widget-text-editor\" data-id=\"cd9ebe2\" data-element_type=\"widget\" data-e-type=\"widget\" data-widget_type=\"text-editor.default\">\n\t\t\t\t<div class=\"elementor-widget-container\">\n\t\t\t\t\t\t\t\t\t<p style=\"text-align: right;\"><em>\"Gradidova vizija: kultura skupnosti, ki temelji na zaupanju, vitalnosti in medsebojni podpori.\"<\/em> <br \/><em>-\u00a0<\/em><i> Rolf Locher<\/i><\/p><div><p>Draga Margret, dragi Bernd, dragi vsi,<\/p><p>Pri Gradidu sodelujem \u017ee pribli\u017eno 15 let - bolj v tihi podpori kot v vidnem delovanju. Toda ideja je bila vedno z mano, ker jo nosim v srcu in ker mi ka\u017ee globljo resnico, ki dale\u010d presega stari denarni sistem.<\/p><h3>\u0160e vedno zasidrani v starem sistemu<\/h3><p>Ko pravim, da sem \u0161e vedno mo\u010dno zasidran v \"sistemu\", mislim, da sem \u0161e vedno zasidran v \"sistemu\": \u0160e naprej \u017eivim svoje vsakdanje \u017eivljenje znotraj znanih struktur, z vsemi pravili, odvisnostmi in omejitvami, ki jih ta sistem prina\u0161a. Oblikuje moje misli, dejanja in v\u010dasih celo strahove. Hkrati pa \u010dutim, da ta zasidranost popu\u0161\u010da - da se odpirajo novi prostori, v katerih lahko korak za korakom delujem bolj svobodno.<\/p><h3>Skupnost, veselje in notranja svoboda<\/h3><p>Kot oskrbnica in prebivalka majhnega gradu v bli\u017eini Solothurna v \u0160vici ter kot trenerka joge smeha \u017ee ve\u010d kot 20 let vsakodnevno do\u017eivljam pomen skupnosti, veselja in notranje svobode.<\/p><p><strong>Zame so te izku\u0161nje povezane z vizijo podjetja Gradido: kultura skupnosti, ki temelji na zaupanju, vitalnosti in medsebojni podpori.<\/strong><\/p><h3>\u017de veliko intelektualnih udele\u017eencev<\/h3><p>Hkrati pa \u0161e nisem dojel, kako lahko Gradido zasidram v na\u0161em lokalnem omre\u017eju. \u010cutim, da je v mojih mislih \u017ee veliko udele\u017eencev - ljudi, ki \u017ee dolgo notranje potujejo po podobnih poteh. Toda kje za\u010deti? Kako narediti prve korake? Zame je ZeitTausch prav tako zanimiv projekt, ki ka\u017ee v isto smer. Skratka: \u010das je dozorel - in jaz sem na poti, da najdem in prispevam svoj prispevek.<\/p><h3>V povezanost<\/h3><p>In jaz bom - pravzaprav \u017ee sem - spodbujevalec in ambasador \u010dlove\u0161ke dru\u017eine na vi\u0161ji ravni. Kajti le ta pot nas bo popeljala iz lo\u010denosti, ki jo \u0161e vedno do\u017eivljamo, v povezanost, ki jo \u017ee dolgo poznamo v svojih srcih.<\/p><h3>Oblikovanje nove Zemlje<\/h3><p>Prav zato Gradidova vizija bolj kot kdaj koli prej ustreza mojemu \u010dasu, pravzaprav na\u0161emu \u010dasu. Spominja me, da je sprememba mogo\u010da - ne le \"neko\u010d\", ampak zdaj. Z majhnimi koraki in sodelovanjem lahko za\u010dnemo oblikovati novo Zemljo.<\/p><p>Hvala, ker ste vsa ta leta vztrajali na tej poti in skrbeli za seme. Vesel sem, da sem lahko del tega, in z veseljem pri\u010dakujem, kako bomo \u0161e naprej rasli skupaj.<\/p><p>Prisr\u010dno<\/p><p>Rolf<\/p><p><a href=\"https:\/\/www.hoho-hahaha.ch\/\" target=\"_blank\" rel=\"noopener\">https:\/\/www.hoho-hahaha.ch\/<\/a><\/p><p><a href=\"https:\/\/www.peace4mother.org\/\" target=\"_blank\" rel=\"noopener\">https:\/\/www.peace4mother.org\/<\/a><\/p><\/div>\t\t\t\t\t\t\t\t<\/div>\n\t\t\t\t<\/div>\n\t\t\t\t<div class=\"elementor-element elementor-element-db3fa8e elementor-widget-divider--view-line elementor-widget elementor-widget-divider\" data-id=\"db3fa8e\" data-element_type=\"widget\" data-e-type=\"widget\" data-widget_type=\"divider.default\">\n\t\t\t\t<div class=\"elementor-widget-container\">\n\t\t\t\t\t\t\t<div class=\"elementor-divider\">\n\t\t\t<span class=\"elementor-divider-separator\">\n\t\t\t\t\t\t<\/span>\n\t\t<\/div>\n\t\t\t\t\t\t<\/div>\n\t\t\t\t<\/div>\n\t\t\t\t<div class=\"elementor-element elementor-element-d74dfa0 elementor-widget elementor-widget-text-editor\" data-id=\"d74dfa0\" data-element_type=\"widget\" data-e-type=\"widget\" data-widget_type=\"text-editor.default\">\n\t\t\t\t<div class=\"elementor-widget-container\">\n\t\t\t\t\t\t\t\t\t<div data-pm-slice=\"1 1 []\" data-en-clipboard=\"true\"><h4>Pridru\u017eite se nam - veselimo se va\u0161e ganljive zgodbe!<\/h4><p><strong>Po\u0161ljite po\u0161to na naslov: <a href=\"mailto:support@gradido.net\">support@gradido.net<\/a><\/strong><\/p><p>Skupaj rastemo dlje od sebe!<\/p><p>Z globoko hvale\u017enostjo in solidarnostjo<\/p><p><span style=\"font-family: -apple-system, BlinkMacSystemFont, 'Segoe UI', Roboto, 'Helvetica Neue', Arial, 'Noto Sans', sans-serif, 'Apple Color Emoji', 'Segoe UI Emoji', 'Segoe UI Symbol', 'Noto Color Emoji';\">Va\u0161<\/span><\/p><\/div><p><img decoding=\"async\" class=\"alignnone wp-image-4614 size-medium\" src=\"https:\/\/gradido.net\/wp-content\/uploads\/2022\/06\/MargretBernd_2022-300x74.png\" alt=\"\" width=\"300\" height=\"74\" srcset=\"https:\/\/gradido.net\/wp-content\/uploads\/2022\/06\/MargretBernd_2022-300x74.png 300w, https:\/\/gradido.net\/wp-content\/uploads\/2022\/06\/MargretBernd_2022-18x4.png 18w, https:\/\/gradido.net\/wp-content\/uploads\/2022\/06\/MargretBernd_2022.png 431w\" sizes=\"(max-width: 300px) 100vw, 300px\" \/><\/p><p>Margret Baier in Bernd H\u00fcckst\u00e4dt<br \/>Ustanovitelj in razvijalec Gradida<\/p>\t\t\t\t\t\t\t\t<\/div>\n\t\t\t\t<\/div>\n\t\t\t\t\t<\/div>\n\t\t<\/div>\n\t\t\t\t\t<\/div>\n\t\t<\/section>\n\t\t\t\t<section class=\"elementor-section elementor-top-section elementor-element elementor-element-14532fe elementor-section-boxed elementor-section-height-default elementor-section-height-default\" data-id=\"14532fe\" data-element_type=\"section\" data-e-type=\"section\">\n\t\t\t\t\t\t<div class=\"elementor-container elementor-column-gap-default\">\n\t\t\t\t\t<div class=\"elementor-column elementor-col-100 elementor-top-column elementor-element elementor-element-65d2298\" data-id=\"65d2298\" data-element_type=\"column\" data-e-type=\"column\">\n\t\t\t<div class=\"elementor-widget-wrap elementor-element-populated\">\n\t\t\t\t\t\t<div class=\"elementor-element elementor-element-bea124f elementor-widget elementor-widget-global elementor-global-9341 elementor-widget-text-editor\" data-id=\"bea124f\" data-element_type=\"widget\" data-e-type=\"widget\" data-widget_type=\"text-editor.default\">\n\t\t\t\t<div class=\"elementor-widget-container\">\n\t\t\t\t\t\t\t\t\t<p><strong>PS:\u00a0<span style=\"color: #ff6600;\"><a style=\"color: #ff6600;\" href=\"https:\/\/gradido.net\/sl\/donations\/\">Zaradi vedno ve\u010djega pomena Gradida bomo 26. junija 2026 ponovili akcijo zahvale:<\/a>\u00a0<\/span><span style=\"color: #0000ff;\"><a style=\"color: #0000ff;\" href=\"https:\/\/gradido.net\/sl\/donations\/\">Poleg ve\u010dkratnega GradidoTransform za va\u0161 sponzorski prispevek bomo 26.6.2016 pove\u010dali stanje vseh ra\u010dunov GDT za 26%. Sponzorirajte zdaj in u\u017eivajte v ve\u010dkratnem znesku GDT!<\/a><\/span><\/strong><\/p>\t\t\t\t\t\t\t\t<\/div>\n\t\t\t\t<\/div>\n\t\t\t\t\t<\/div>\n\t\t<\/div>\n\t\t\t\t\t<\/div>\n\t\t<\/section>\n\t\t\t\t<section class=\"elementor-section elementor-top-section elementor-element elementor-element-29dfc07 elementor-section-boxed elementor-section-height-default elementor-section-height-default\" data-id=\"29dfc07\" data-element_type=\"section\" data-e-type=\"section\">\n\t\t\t\t\t\t<div class=\"elementor-container elementor-column-gap-default\">\n\t\t\t\t\t<div class=\"elementor-column elementor-col-100 elementor-top-column elementor-element elementor-element-d37ec5a\" data-id=\"d37ec5a\" data-element_type=\"column\" data-e-type=\"column\">\n\t\t\t<div class=\"elementor-widget-wrap\">\n\t\t\t\t\t\t\t<\/div>\n\t\t<\/div>\n\t\t\t\t\t<\/div>\n\t\t<\/section>\n\t\t\t\t<section class=\"elementor-section elementor-top-section elementor-element elementor-element-b3bbb9b elementor-section-boxed elementor-section-height-default elementor-section-height-default\" data-id=\"b3bbb9b\" data-element_type=\"section\" data-e-type=\"section\">\n\t\t\t\t\t\t<div class=\"elementor-container elementor-column-gap-default\">\n\t\t\t\t\t<div class=\"elementor-column elementor-col-100 elementor-top-column elementor-element elementor-element-a7e88ad\" data-id=\"a7e88ad\" data-element_type=\"column\" data-e-type=\"column\">\n\t\t\t<div class=\"elementor-widget-wrap\">\n\t\t\t\t\t\t\t<\/div>\n\t\t<\/div>\n\t\t\t\t\t<\/div>\n\t\t<\/section>\n\t\t\t\t<\/div>","protected":false},"excerpt":{"rendered":"<p>Gradidova vizija je bolj kot kdaj koli prej primerna za dana\u0161nji \u010das. Spominja me, da so spremembe mogo\u010de - ne le \"neko\u010d\", ampak zdaj. Z majhnimi koraki in sodelovanjem lahko za\u010dnemo oblikovati novo Zemljo.<\/p>","protected":false},"author":2,"featured_media":11728,"comment_status":"closed","ping_status":"closed","sticky":false,"template":"","format":"standard","meta":{"footnotes":""},"categories":[11,54],"tags":[],"class_list":["post-11727","post","type-post","status-publish","format-standard","has-post-thumbnail","hentry","category-blog","category-community"],"yoast_head":"<!-- This site is optimized with the Yoast SEO plugin v27.5 - https:\/\/yoast.com\/product\/yoast-seo-wordpress\/ -->\n<title>Hinein in die Verbundenheit - Gradido<\/title>\n<meta name=\"description\" content=\"Die Vision von Gradido passt heute mehr denn je in unsere Zeit. Sie erinnert mich daran, dass Wandel m\u00f6glich ist \u2013 nicht erst \u201eirgendwann\u201c, sondern jetzt. Dass wir mit kleinen Schritten und im Miteinander beginnen k\u00f6nnen, die Neue Erde zu gestalten.\" \/>\n<meta name=\"robots\" content=\"index, follow, max-snippet:-1, max-image-preview:large, max-video-preview:-1\" \/>\n<link rel=\"canonical\" href=\"https:\/\/gradido.net\/sl\/mutmacher-rolf\/\" \/>\n<meta property=\"og:locale\" content=\"sl_SI\" \/>\n<meta property=\"og:type\" content=\"article\" \/>\n<meta property=\"og:title\" content=\"Hinein in die Verbundenheit - Gradido\" \/>\n<meta property=\"og:description\" content=\"Die Vision von Gradido passt heute mehr denn je in unsere Zeit. Sie erinnert mich daran, dass Wandel m\u00f6glich ist \u2013 nicht erst \u201eirgendwann\u201c, sondern jetzt. Dass wir mit kleinen Schritten und im Miteinander beginnen k\u00f6nnen, die Neue Erde zu gestalten.\" \/>\n<meta property=\"og:url\" content=\"https:\/\/gradido.net\/sl\/mutmacher-rolf\/\" \/>\n<meta property=\"og:site_name\" content=\"Gradido\" \/>\n<meta property=\"article:published_time\" content=\"2025-09-30T09:39:04+00:00\" \/>\n<meta property=\"article:modified_time\" content=\"2026-04-24T05:16:51+00:00\" \/>\n<meta property=\"og:image\" content=\"https:\/\/gradido.net\/wp-content\/uploads\/2025\/09\/Rolf-Locher-Banner.jpg\" \/>\n\t<meta property=\"og:image:width\" content=\"1280\" \/>\n\t<meta property=\"og:image:height\" content=\"720\" \/>\n\t<meta property=\"og:image:type\" content=\"image\/jpeg\" \/>\n<meta name=\"author\" content=\"Bernd H\u00fcckst\u00e4dt\" \/>\n<meta name=\"twitter:card\" content=\"summary_large_image\" \/>\n<meta name=\"twitter:label1\" content=\"Written by\" \/>\n\t<meta name=\"twitter:data1\" content=\"Bernd H\u00fcckst\u00e4dt\" \/>\n\t<meta name=\"twitter:label2\" content=\"Est. reading time\" \/>\n\t<meta name=\"twitter:data2\" content=\"4 minute\" \/>\n<script type=\"application\/ld+json\" class=\"yoast-schema-graph\">{\"@context\":\"https:\\\/\\\/schema.org\",\"@graph\":[{\"@type\":\"Article\",\"@id\":\"https:\\\/\\\/gradido.net\\\/mutmacher-rolf\\\/#article\",\"isPartOf\":{\"@id\":\"https:\\\/\\\/gradido.net\\\/mutmacher-rolf\\\/\"},\"author\":{\"name\":\"Bernd H\u00fcckst\u00e4dt\",\"@id\":\"https:\\\/\\\/gradido.net\\\/de\\\/#\\\/schema\\\/person\\\/9c503a004ad15a1ddecadce2218db5d1\"},\"headline\":\"Hinein in die Verbundenheit\",\"datePublished\":\"2025-09-30T09:39:04+00:00\",\"dateModified\":\"2026-04-24T05:16:51+00:00\",\"mainEntityOfPage\":{\"@id\":\"https:\\\/\\\/gradido.net\\\/mutmacher-rolf\\\/\"},\"wordCount\":520,\"publisher\":{\"@id\":\"https:\\\/\\\/gradido.net\\\/de\\\/#organization\"},\"image\":{\"@id\":\"https:\\\/\\\/gradido.net\\\/mutmacher-rolf\\\/#primaryimage\"},\"thumbnailUrl\":\"https:\\\/\\\/gradido.net\\\/wp-content\\\/uploads\\\/2025\\\/09\\\/Rolf-Locher-Banner.jpg\",\"articleSection\":[\"Blog\",\"Community\"],\"inLanguage\":\"sl-SI\"},{\"@type\":\"WebPage\",\"@id\":\"https:\\\/\\\/gradido.net\\\/mutmacher-rolf\\\/\",\"url\":\"https:\\\/\\\/gradido.net\\\/mutmacher-rolf\\\/\",\"name\":\"Hinein in die Verbundenheit - Gradido\",\"isPartOf\":{\"@id\":\"https:\\\/\\\/gradido.net\\\/de\\\/#website\"},\"primaryImageOfPage\":{\"@id\":\"https:\\\/\\\/gradido.net\\\/mutmacher-rolf\\\/#primaryimage\"},\"image\":{\"@id\":\"https:\\\/\\\/gradido.net\\\/mutmacher-rolf\\\/#primaryimage\"},\"thumbnailUrl\":\"https:\\\/\\\/gradido.net\\\/wp-content\\\/uploads\\\/2025\\\/09\\\/Rolf-Locher-Banner.jpg\",\"datePublished\":\"2025-09-30T09:39:04+00:00\",\"dateModified\":\"2026-04-24T05:16:51+00:00\",\"description\":\"Die Vision von Gradido passt heute mehr denn je in unsere Zeit. Sie erinnert mich daran, dass Wandel m\u00f6glich ist \u2013 nicht erst \u201eirgendwann\u201c, sondern jetzt. Dass wir mit kleinen Schritten und im Miteinander beginnen k\u00f6nnen, die Neue Erde zu gestalten.\",\"breadcrumb\":{\"@id\":\"https:\\\/\\\/gradido.net\\\/mutmacher-rolf\\\/#breadcrumb\"},\"inLanguage\":\"sl-SI\",\"potentialAction\":[{\"@type\":\"ReadAction\",\"target\":[\"https:\\\/\\\/gradido.net\\\/mutmacher-rolf\\\/\"]}]},{\"@type\":\"ImageObject\",\"inLanguage\":\"sl-SI\",\"@id\":\"https:\\\/\\\/gradido.net\\\/mutmacher-rolf\\\/#primaryimage\",\"url\":\"https:\\\/\\\/gradido.net\\\/wp-content\\\/uploads\\\/2025\\\/09\\\/Rolf-Locher-Banner.jpg\",\"contentUrl\":\"https:\\\/\\\/gradido.net\\\/wp-content\\\/uploads\\\/2025\\\/09\\\/Rolf-Locher-Banner.jpg\",\"width\":1280,\"height\":720},{\"@type\":\"BreadcrumbList\",\"@id\":\"https:\\\/\\\/gradido.net\\\/mutmacher-rolf\\\/#breadcrumb\",\"itemListElement\":[{\"@type\":\"ListItem\",\"position\":1,\"name\":\"Startseite\",\"item\":\"https:\\\/\\\/gradido.net\\\/\"},{\"@type\":\"ListItem\",\"position\":2,\"name\":\"Hinein in die Verbundenheit\"}]},{\"@type\":\"WebSite\",\"@id\":\"https:\\\/\\\/gradido.net\\\/de\\\/#website\",\"url\":\"https:\\\/\\\/gradido.net\\\/de\\\/\",\"name\":\"Gradido\",\"description\":\"Die neue W\u00e4hrung hei\u00dft Dankbarkeit\",\"publisher\":{\"@id\":\"https:\\\/\\\/gradido.net\\\/de\\\/#organization\"},\"potentialAction\":[{\"@type\":\"SearchAction\",\"target\":{\"@type\":\"EntryPoint\",\"urlTemplate\":\"https:\\\/\\\/gradido.net\\\/de\\\/?s={search_term_string}\"},\"query-input\":{\"@type\":\"PropertyValueSpecification\",\"valueRequired\":true,\"valueName\":\"search_term_string\"}}],\"inLanguage\":\"sl-SI\"},{\"@type\":\"Organization\",\"@id\":\"https:\\\/\\\/gradido.net\\\/de\\\/#organization\",\"name\":\"Gradido\",\"url\":\"https:\\\/\\\/gradido.net\\\/de\\\/\",\"logo\":{\"@type\":\"ImageObject\",\"inLanguage\":\"sl-SI\",\"@id\":\"https:\\\/\\\/gradido.net\\\/de\\\/#\\\/schema\\\/logo\\\/image\\\/\",\"url\":\"https:\\\/\\\/gradido.net\\\/wp-content\\\/uploads\\\/2022\\\/04\\\/gradido-social.jpg\",\"contentUrl\":\"https:\\\/\\\/gradido.net\\\/wp-content\\\/uploads\\\/2022\\\/04\\\/gradido-social.jpg\",\"width\":527,\"height\":273,\"caption\":\"Gradido\"},\"image\":{\"@id\":\"https:\\\/\\\/gradido.net\\\/de\\\/#\\\/schema\\\/logo\\\/image\\\/\"}},{\"@type\":\"Person\",\"@id\":\"https:\\\/\\\/gradido.net\\\/de\\\/#\\\/schema\\\/person\\\/9c503a004ad15a1ddecadce2218db5d1\",\"name\":\"Bernd H\u00fcckst\u00e4dt\",\"sameAs\":[\"https:\\\/\\\/gradido.net\"],\"url\":\"https:\\\/\\\/gradido.net\\\/sl\\\/author\\\/bernd\\\/\"}]}<\/script>\n<!-- \/ Yoast SEO plugin. -->","yoast_head_json":{"title":"V povezanost - Gradido","description":"Gradidova vizija je bolj kot kdaj koli prej primerna za dana\u0161nji \u010das. Spominja me, da so spremembe mogo\u010de - ne le \"neko\u010d\", ampak zdaj. Z majhnimi koraki in sodelovanjem lahko za\u010dnemo oblikovati novo Zemljo.","robots":{"index":"index","follow":"follow","max-snippet":"max-snippet:-1","max-image-preview":"max-image-preview:large","max-video-preview":"max-video-preview:-1"},"canonical":"https:\/\/gradido.net\/sl\/mutmacher-rolf\/","og_locale":"sl_SI","og_type":"article","og_title":"Hinein in die Verbundenheit - Gradido","og_description":"Die Vision von Gradido passt heute mehr denn je in unsere Zeit. Sie erinnert mich daran, dass Wandel m\u00f6glich ist \u2013 nicht erst \u201eirgendwann\u201c, sondern jetzt. Dass wir mit kleinen Schritten und im Miteinander beginnen k\u00f6nnen, die Neue Erde zu gestalten.","og_url":"https:\/\/gradido.net\/sl\/mutmacher-rolf\/","og_site_name":"Gradido","article_published_time":"2025-09-30T09:39:04+00:00","article_modified_time":"2026-04-24T05:16:51+00:00","og_image":[{"width":1280,"height":720,"url":"https:\/\/gradido.net\/wp-content\/uploads\/2025\/09\/Rolf-Locher-Banner.jpg","type":"image\/jpeg"}],"author":"Bernd H\u00fcckst\u00e4dt","twitter_card":"summary_large_image","twitter_misc":{"Written by":"Bernd H\u00fcckst\u00e4dt","Est. reading time":"4 minute"},"schema":{"@context":"https:\/\/schema.org","@graph":[{"@type":"Article","@id":"https:\/\/gradido.net\/mutmacher-rolf\/#article","isPartOf":{"@id":"https:\/\/gradido.net\/mutmacher-rolf\/"},"author":{"name":"Bernd H\u00fcckst\u00e4dt","@id":"https:\/\/gradido.net\/de\/#\/schema\/person\/9c503a004ad15a1ddecadce2218db5d1"},"headline":"Hinein in die Verbundenheit","datePublished":"2025-09-30T09:39:04+00:00","dateModified":"2026-04-24T05:16:51+00:00","mainEntityOfPage":{"@id":"https:\/\/gradido.net\/mutmacher-rolf\/"},"wordCount":520,"publisher":{"@id":"https:\/\/gradido.net\/de\/#organization"},"image":{"@id":"https:\/\/gradido.net\/mutmacher-rolf\/#primaryimage"},"thumbnailUrl":"https:\/\/gradido.net\/wp-content\/uploads\/2025\/09\/Rolf-Locher-Banner.jpg","articleSection":["Blog","Community"],"inLanguage":"sl-SI"},{"@type":"WebPage","@id":"https:\/\/gradido.net\/mutmacher-rolf\/","url":"https:\/\/gradido.net\/mutmacher-rolf\/","name":"V povezanost - Gradido","isPartOf":{"@id":"https:\/\/gradido.net\/de\/#website"},"primaryImageOfPage":{"@id":"https:\/\/gradido.net\/mutmacher-rolf\/#primaryimage"},"image":{"@id":"https:\/\/gradido.net\/mutmacher-rolf\/#primaryimage"},"thumbnailUrl":"https:\/\/gradido.net\/wp-content\/uploads\/2025\/09\/Rolf-Locher-Banner.jpg","datePublished":"2025-09-30T09:39:04+00:00","dateModified":"2026-04-24T05:16:51+00:00","description":"Gradidova vizija je bolj kot kdaj koli prej primerna za dana\u0161nji \u010das. Spominja me, da so spremembe mogo\u010de - ne le \"neko\u010d\", ampak zdaj. Z majhnimi koraki in sodelovanjem lahko za\u010dnemo oblikovati novo Zemljo.","breadcrumb":{"@id":"https:\/\/gradido.net\/mutmacher-rolf\/#breadcrumb"},"inLanguage":"sl-SI","potentialAction":[{"@type":"ReadAction","target":["https:\/\/gradido.net\/mutmacher-rolf\/"]}]},{"@type":"ImageObject","inLanguage":"sl-SI","@id":"https:\/\/gradido.net\/mutmacher-rolf\/#primaryimage","url":"https:\/\/gradido.net\/wp-content\/uploads\/2025\/09\/Rolf-Locher-Banner.jpg","contentUrl":"https:\/\/gradido.net\/wp-content\/uploads\/2025\/09\/Rolf-Locher-Banner.jpg","width":1280,"height":720},{"@type":"BreadcrumbList","@id":"https:\/\/gradido.net\/mutmacher-rolf\/#breadcrumb","itemListElement":[{"@type":"ListItem","position":1,"name":"Startseite","item":"https:\/\/gradido.net\/"},{"@type":"ListItem","position":2,"name":"Hinein in die Verbundenheit"}]},{"@type":"WebSite","@id":"https:\/\/gradido.net\/de\/#website","url":"https:\/\/gradido.net\/de\/","name":"Gradido","description":"Nova valuta je hvale\u017enost","publisher":{"@id":"https:\/\/gradido.net\/de\/#organization"},"potentialAction":[{"@type":"SearchAction","target":{"@type":"EntryPoint","urlTemplate":"https:\/\/gradido.net\/de\/?s={search_term_string}"},"query-input":{"@type":"PropertyValueSpecification","valueRequired":true,"valueName":"search_term_string"}}],"inLanguage":"sl-SI"},{"@type":"Organization","@id":"https:\/\/gradido.net\/de\/#organization","name":"Gradido","url":"https:\/\/gradido.net\/de\/","logo":{"@type":"ImageObject","inLanguage":"sl-SI","@id":"https:\/\/gradido.net\/de\/#\/schema\/logo\/image\/","url":"https:\/\/gradido.net\/wp-content\/uploads\/2022\/04\/gradido-social.jpg","contentUrl":"https:\/\/gradido.net\/wp-content\/uploads\/2022\/04\/gradido-social.jpg","width":527,"height":273,"caption":"Gradido"},"image":{"@id":"https:\/\/gradido.net\/de\/#\/schema\/logo\/image\/"}},{"@type":"Person","@id":"https:\/\/gradido.net\/de\/#\/schema\/person\/9c503a004ad15a1ddecadce2218db5d1","name":"Bernd H\u00fcckst\u00e4dt","sameAs":["https:\/\/gradido.net"],"url":"https:\/\/gradido.net\/sl\/author\/bernd\/"}]}},"_links":{"self":[{"href":"https:\/\/gradido.net\/sl\/wp-json\/wp\/v2\/posts\/11727","targetHints":{"allow":["GET"]}}],"collection":[{"href":"https:\/\/gradido.net\/sl\/wp-json\/wp\/v2\/posts"}],"about":[{"href":"https:\/\/gradido.net\/sl\/wp-json\/wp\/v2\/types\/post"}],"author":[{"embeddable":true,"href":"https:\/\/gradido.net\/sl\/wp-json\/wp\/v2\/users\/2"}],"replies":[{"embeddable":true,"href":"https:\/\/gradido.net\/sl\/wp-json\/wp\/v2\/comments?post=11727"}],"version-history":[{"count":15,"href":"https:\/\/gradido.net\/sl\/wp-json\/wp\/v2\/posts\/11727\/revisions"}],"predecessor-version":[{"id":13569,"href":"https:\/\/gradido.net\/sl\/wp-json\/wp\/v2\/posts\/11727\/revisions\/13569"}],"wp:featuredmedia":[{"embeddable":true,"href":"https:\/\/gradido.net\/sl\/wp-json\/wp\/v2\/media\/11728"}],"wp:attachment":[{"href":"https:\/\/gradido.net\/sl\/wp-json\/wp\/v2\/media?parent=11727"}],"wp:term":[{"taxonomy":"category","embeddable":true,"href":"https:\/\/gradido.net\/sl\/wp-json\/wp\/v2\/categories?post=11727"},{"taxonomy":"post_tag","embeddable":true,"href":"https:\/\/gradido.net\/sl\/wp-json\/wp\/v2\/tags?post=11727"}],"curies":[{"name":"wp","href":"https:\/\/api.w.org\/{rel}","templated":true}]}}