{"id":1238,"date":"2020-11-25T10:27:43","date_gmt":"2020-11-25T09:27:43","guid":{"rendered":"https:\/\/gradido.net\/?p=1238"},"modified":"2021-12-11T13:02:17","modified_gmt":"2021-12-11T12:02:17","slug":"corona-politik-bedroht-unsere-kinder","status":"publish","type":"post","link":"https:\/\/gradido.net\/sl\/corona-politik-bedroht-unsere-kinder\/","title":{"rendered":"Politika Corona ogro\u017ea na\u0161e otroke"},"content":{"rendered":"<div data-elementor-type=\"wp-post\" data-elementor-id=\"1238\" class=\"elementor elementor-1238\" data-elementor-post-type=\"post\">\n\t\t\t\t\t\t<section class=\"elementor-section elementor-top-section elementor-element elementor-element-496e1d53 elementor-section-boxed elementor-section-height-default elementor-section-height-default\" data-id=\"496e1d53\" data-element_type=\"section\" data-e-type=\"section\">\n\t\t\t\t\t\t<div class=\"elementor-container elementor-column-gap-default\">\n\t\t\t\t\t<div class=\"elementor-column elementor-col-100 elementor-top-column elementor-element elementor-element-461d7be0\" data-id=\"461d7be0\" data-element_type=\"column\" data-e-type=\"column\">\n\t\t\t<div class=\"elementor-widget-wrap elementor-element-populated\">\n\t\t\t\t\t\t<div class=\"elementor-element elementor-element-cd9ebe2 elementor-widget elementor-widget-text-editor\" data-id=\"cd9ebe2\" data-element_type=\"widget\" data-e-type=\"widget\" data-widget_type=\"text-editor.default\">\n\t\t\t\t<div class=\"elementor-widget-container\">\n\t\t\t\t\t\t\t\t\t<h2>Raziskovalci vidijo re\u0161itev v novem denarnem sistemu<\/h2><p><strong>K\u00fcnzelsau, 25.11.2020 - Otroci, star\u0161i in u\u010ditelji so na meji. Zdravniki, psihologi in dru\u017einski politiki opozarjajo na nevarnost. Vsi menijo, da sedanja krizna politika mo\u010dno ogro\u017ea dobrobit otrok. Karantenska pravila, zaprtje \u0161ol in omejitve stikov ne vodijo le zagovornikov za\u0161\u010dite otrok na barikade. Po Unicefovih podatkih je \u017ee pred Corono vsak dan umrlo od lakote 15.000 otrok. Koronini ukrepi so mo\u010dno poslab\u0161ali svetovno lakoto. Da bi ustvarili varno podlago za zdrav razvoj otrok, strokovnjaki za ekonomsko bioniko Akademije Gradido zahtevajo preoblikovanje finan\u010dnega sistema. S tem bi odpravili rev\u0161\u010dino po vsem svetu in vsem otrokom zagotovili enake mo\u017enosti za razvoj. <\/strong><\/p><h3>\"Odprto okno, maska na glavi!\" - Pruska slava ni krizno upravljanje<\/h3><p>Sedanji \u0161olski sistem so v stari Prusiji razvili za vzgojo lojalnih podlo\u017enikov. Hitro se je raz\u0161irila po vsem svetu. Filozof Richard David Precht \u017ee leta opozarja, da je ta vzgojni ideal glede na vse, kar danes vemo o razvojni psihologiji, popolnoma napa\u010den. Bernd H\u00fcckst\u00e4dt, soustanovitelj Akademije Gradido, z vse ve\u010djo zaskrbljenostjo opa\u017ea, \"da po vsem svetu primanjkuje denarja in volje za razvoj javnih \u0161ol na na\u010din, ki bi bil potreben glede na izzive na\u0161ega \u010dasa. To je resni\u010dna obto\u017eba svetovne skupnosti, katere blaginja je v veliki meri odvisna od celostne izobrazbe njenih \u010dlanov.\"<\/p><h3>Privilegirani obiskujejo javne \u0161ole<\/h3><p>Zato ni presenetljivo, da tudi v tej dr\u017eavi vse ve\u010d u\u010dencev obiskuje javne \u0161ole. Po podatkih Zveznega statisti\u010dnega urada se je \u0161tevilo splo\u0161nih in poklicnih javnih \u0161ol v Nem\u010diji od \u0161olskega leta 1992\/1993 do \u0161olskega leta 2018\/19 pove\u010dalo za kar 79,8 odstotka. \u0160tevilni star\u0161i, ki so si to lahko privo\u0161\u010dili, so \u017ee leta 2016 za mesto v zasebnem u\u010dnem zavodu pla\u010dali povpre\u010dno 2.000 evrov na leto in otroka.<\/p><h3>Rev\u0161\u010dina otrok namesto enakih mo\u017enosti<\/h3><p>\u0160tevilni otroci iz manj premo\u017enih dru\u017ein pri tem razvoju ne sodelujejo. Po podatkih \u0161tudije fundacije Bertelsmann je rev\u0161\u010dina zna\u010dilna za vsakdanje \u017eivljenje ve\u010d kot petine vseh otrok v Nem\u010diji. To je 21,3 odstotka ali 2,8 milijona otrok in mladostnikov, mlaj\u0161ih od 18 let. Kriza Corona \u0161e dodatno poslab\u0161uje njihov polo\u017eaj. Izguba slu\u017ebe, strah za pre\u017eivetje, vse ve\u010dje pomanjkanje denarja in pomanjkanje prostora prav tako povzro\u010dajo, da se \u0161tevilni dru\u017einski konflikti stopnjujejo. \u0160olanje na domu je nepredstavljivo tam, kjer star\u0161em primanjkuje ne le \u010dasa, ampak tudi znanja. \"Enakost mo\u017enosti je videti povsem druga\u010de,\" ugotavlja H\u00fcckst\u00e4dt, ekonomski biolog, in dodaja: \"\u010ce ljudem odreka\u0161 prost dostop do izobra\u017eevanja, jim odreka\u0161 osnovno \u010dlovekovo pravico.\"<\/p><h3>Izgubljena generacija otrok Corona?<\/h3><p>Tudi dobrodelna organizacija za otroke Unicef, nem\u0161ka zveza za za\u0161\u010dito otrok, mladinski odbor SOS otro\u0161kih vasi, mre\u017ea za pravice otrok in dru\u017einski politiki opozarjajo, da bi lahko otroci v krizi utrpeli najve\u010djo \u0161kodo. Sklad Zdru\u017eenih narodov za otroke v poro\u010dilu z naslovom \"Prepre\u010dimo izgubo generacije Covid\" navaja, da bi lahko hudi dolgoro\u010dni u\u010dinki krize Corona na izobra\u017eevanje, prehrano in dobro po\u010dutje trajno vplivali na \u017eivljenje celotne generacije otrok in mladih po vsem svetu. Christian Neusser, strokovnjak za otrokove pravice pri SOS otro\u0161kih vaseh, pravi: \"Razse\u017enost tega je zelo velika. Navsezadnje ne gre le za kr\u0161enje pravic posameznih otrok, temve\u010d za celotno verigo: rev\u0161\u010dina na primer vklju\u010duje bolezni, otro\u0161ko delo ali izgubo izobrazbe.\" Po podatkih ZN bi lahko 150 milijonov otrok zapadlo v skrajno rev\u0161\u010dino - poleg ve\u010d sto milijonov otrok, ki so bili prizadeti \u017ee prej. Takrat 1,5 milijarde otrok po vsem svetu ni moglo obiskovati \u0161ole. Zlasti v revnej\u0161ih dr\u017eavah obstaja nevarnost, da se veliko u\u010dencev ne bo nikoli vrnilo v \u0161olo, ker so njihove dru\u017eine preve\u010d revne.<\/p><p>Mre\u017ea za pravice otrok je \u017ee 25. junija 2020 kritizirala, da so stali\u0161\u010da otrok in mladih komajda pri\u0161la v razpravo o re\u0161evanju krize, \u010deprav ukrepi neposredno vplivajo na njihove pravice.<\/p><p>Prva nacionalna \u0161tudija o u\u010dinkih in posledicah krize Corona na du\u0161evno zdravje otrok in mladostnikov v Nem\u010diji, ki jo je izvedel raziskovalni oddelek \"Javno zdravje otrok\" Univerzitetnega medicinskega centra Hamburg-Eppendorf, je \u017ee julija dokazala, da je bil du\u0161evni stres otrok zaradi ukrepov Corona tudi bistveno ve\u010dji, kot se je domnevalo doslej. Raziskava Forsa, ki jo je ob svetovnem dnevu otroka izvedel nem\u0161ki otro\u0161ki sklad, je pokazala, da se je nasilje nad otroki med krizo Corona mo\u010dno pove\u010dalo in da so se mo\u017enosti izobra\u017eevanja - zlasti za socialno ogro\u017eene otroke - zmanj\u0161ale.<\/p><p>Dru\u0161tvo SOS-Kinderdorf e.V. je ob mednarodnem dnevu otrokovih pravic 20. 11. 2020 opozorilo, da Konvencija Zdru\u017eenih narodov o otrokovih pravicah iz leta 1989 tudi v Nem\u010diji \u0161e vedno ni bila v celoti izvedena in da se je omejevanje otrokovih pravic pod vplivom krize Corona \u0161e zaostrilo.<\/p><h3>Kriza kot prilo\u017enost za trajnostno spremembo smeri<\/h3><p>Po H\u00fcckst\u00e4dtovem mnenju Corona ni vzrok za vse te\u017eave, ki so trenutno o\u010ditno o\u010ditne. Kot vsaka kriza je tudi Corona zgodovinska prilo\u017enost za spremembo smeri k bolj\u0161emu svetu. \"\u017de leta vemo, da je starega finan\u010dnega sistema z vsemi njegovimi mehur\u010dki konec. To se mora spremeniti in z Gradidom imamo odli\u010dno re\u0161itev - le zagrabiti jo moramo.\" H\u00fcckst\u00e4dt ob vsem svojem optimizmu poziva k ob\u010dutku za mero: \"Da na\u0161i otroci v teh nemirnih \u010dasih ne bodo ostali na stranskem tiru, ampak bodo kon\u010dno dobili varnost in podporo, ki si jo zaslu\u017eijo - po vsem svetu -, je potrebna odgovornost celotne skupnosti.\"<\/p><h3>Re\u0161itev obstaja \u017ee \u0161tiri milijarde in pol let<\/h3><p>Nov gospodarski in finan\u010dni sistem je bil razvit v ve\u010d kot 20 letih raziskav na Akademiji za gospodarsko bioniko Gradido. Ekonomska bionika raziskuje naravne modele uspeha, ki delujejo \u017ee ve\u010d kot \u0161tiri milijarde in pol let, in jih prena\u0161a na gospodarstvo. Naravno gospodarstvo \u017eivljenja omogo\u010da uresni\u010ditev vseh 17 ciljev trajnostnega razvoja ZN, opredeljenih v Agendi 2030. Pravica do izobra\u017eevanja je izrecno vklju\u010dena, enake mo\u017enosti za vse pa so del programa. \"Na\u0161a skrb ni le nuditi otrokom za\u0161\u010dito in perspektivo,\" pojasnjuje Margret Baier, soustanoviteljica in direktorica Akademije Gradido, koncept skupnega dobrega, \"\u017eelimo tudi trajnostno izbolj\u0161ati mo\u017enosti za osebni razvoj.\" Po znanstvenih raziskavah nevrobiologa profesorja Geralda H\u00fctherja je 98 odstotkov otrok zelo nadarjenih \u017ee kot novorojen\u010dki, vendar jih le dva odstotka ostane tak\u0161nih tudi po kon\u010danem \u0161olanju. \"Na\u0161 izobra\u017eevalni sistem torej o\u010ditno potrebuje reformo, ki je z modelom Gradido skoraj samoumevna.\"<\/p><h3>Gradido ustvarja po\u0161tene mo\u017enosti za izobra\u017eevanje<\/h3><p>Predlagani denarni in gospodarski sistem Gradido utira pot \"brezpogojnemu sodelovanju\" vseh v \u017eivljenju skupnosti. H\u00fcckst\u00e4dt pojasnjuje: \"Osnovno eti\u010dno na\u010delo Gradida temelji na 'trojnem dobrem', tj. na usklajevanju dobrega posameznika z dobrim skupnosti in ve\u010dje celote - v smislu narave in okolja. Posameznik je del skupnosti, ta pa je del \"velike slike\", ekosistema. Valuta skupnega dobrega Gradido (GDD) je ustvarjena za vsako osebo kot kredit brez ustvarjanja dolga. S tem sledimo zgledu narave, da bi svojim otrokom in vnukom zagotovili vredno prihodnost brez dolgov. En gradido ima pribli\u017eno enako vrednost kot en evro. Na prebivalca se ustvari 3 \u00d7 1.000 Gradidov. Po 1.000 Gradido za \"aktivni temeljni dohodek\", za javni prora\u010dun ter izravnalni in okoljski sklad.\" Posledica tega je velikodu\u0161en dr\u017eavni prora\u010dun brez dolgov, ki med drugim omogo\u010da, da se vrtci in \u0161ole opremijo tako, da bodo v prihodnosti \u010dim bolje spodbujali vse otroke in jim nudili najbolj\u0161e mo\u017ene izzive. \u0160olsko in srednje\u0161olsko izobra\u017eevanje je po vsem svetu po modelu Gradido brezpla\u010dno. To pomeni, da so na voljo vsem ljudem ne glede na njihov finan\u010dni polo\u017eaj.<\/p><p>Tudi tu izobra\u017eevanje pomeni veliko ve\u010d kot le usposabljanje. Da bi otrokom omogo\u010dili, da \"odrastejo v odgovorne oblikovalce lastnega \u017eivljenja\", ki imajo po H\u00fctherjevih besedah najbolj\u0161e mo\u017enosti, da \"ne postanejo le poklicno uspe\u0161ni, ampak tudi \u017eivijo smiselno, odgovorno in sre\u010dno \u017eivljenje\", model Gradido zagotavlja tudi \"aktivni osnovni dohodek\" in \"brezpogojno udele\u017ebo\" v \u017eivljenju v skupnosti.<\/p><p>\"Aktivni temeljni dohodek\" zagotavlja osnovno preskrbo za vse ljudi po svetu in tako odpravlja nenehni eksisten\u010dni strah, ki slabi imunski sistem in lahko preobremeni psiho. Tako ustvarja podlago za dru\u017einsko \u017eivljenje brez konfliktov. Brezpogojna udele\u017eba, ki otrokom in mladostnikom omogo\u010da, da prispevajo skupnosti za svoj \"aktivni temeljni dohodek\", odpira prilo\u017enosti brez primere, da se preizkusijo in razvijejo na najrazli\u010dnej\u0161ih podro\u010djih ter spoznajo pravi javni duh. Hkrati pa aktivni temeljni dohodek zagotavlja pre\u017eivetje tudi med usposabljanjem. \"Gradido je najbolj\u0161a podlaga za zagotavljanje, da lahko vsak mlad \u010dlovek \u017ee od otro\u0161tva dalje uresni\u010duje svojo pravico do izobra\u017eevanja in zdravega razvoja ter tako najde najbolj\u0161o mo\u017eno pot do izpolnjenega \u017eivljenja,\" poudarja H\u00fcckst\u00e4dt.<\/p><p>Podrobnosti o celotnem modelu Gradido so na <a href=\"https:\/\/gradido.net\/sl\/\">https:\/\/gradido.net<\/a><\/p><p><!-- \/wp:paragraph --><\/p>\t\t\t\t\t\t\t\t<\/div>\n\t\t\t\t<\/div>\n\t\t\t\t<div class=\"elementor-element elementor-element-e9ff241 elementor-widget elementor-widget-text-editor\" data-id=\"e9ff241\" data-element_type=\"widget\" data-e-type=\"widget\" data-widget_type=\"text-editor.default\">\n\t\t\t\t<div class=\"elementor-widget-container\">\n\t\t\t\t\t\t\t\t\t<p><strong>O Akademiji Gradido<\/strong><br>Akademija Gradido za ekonomsko bioniko je razvila alternativno \"valuto skupnega dobrega\", ki se zgleduje po naravi. V naravi velja pravilo, da lahko le tam, kjer nekaj izgine, nastane nekaj novega, zato je mogo\u010de dolgoro\u010dno izbolj\u0161anje (evolucija). Njegov recept za uspeh je \"\u017eivljenjski cikel\". \u010ce bi tudi na\u0161e gospodarstvo sledilo temu naravnemu ciklu, bi po mnenju strokovnjakov za ekonomsko bioniko re\u0161ilo prakti\u010dno vse svetovne te\u017eave, povezane z denarjem. Model Gradido temelji na zamisli, da ne le vsaka oseba, temve\u010d tudi vsaka dr\u017eava prejme dohodek, ustvarjen na kreditni osnovi. S tem lahko opravlja vse svoje naloge, ne da bi pobiral davke. Deflacija in inflacija sta stvar preteklosti. Gospodarstvo je osvobojeno nenehne prisile k rasti, nevarnost zloma finan\u010dnega sistema pa je dokon\u010dno prepre\u010dena. (<a href=\"https:\/\/gradido.net\/sl\/\">www.gradido.net<\/a>)<\/p>\t\t\t\t\t\t\t\t<\/div>\n\t\t\t\t<\/div>\n\t\t\t\t\t<\/div>\n\t\t<\/div>\n\t\t\t\t\t<\/div>\n\t\t<\/section>\n\t\t\t\t<\/div>","protected":false},"excerpt":{"rendered":"<p>Forscher sehen L\u00f6sung in neuem Geldsystem K\u00fcnzelsau, 25.11.2020 \u2013 Kinder, Eltern und Lehrer sind am Limit. \u00c4rzte, Psychologen und Familienpolitiker schlagen Alarm. Sie alle sehen das Kindeswohl durch die aktuelle Krisenpolitik massiv gef\u00e4hrdet. Quarant\u00e4neregeln, Schulschlie\u00dfungen und Kontaktbeschr\u00e4nkungen bringen nicht nur Kindersch\u00fctzer auf die Barrikaden. Laut Unicef verhungerten schon vor Corona 15.000 Kinder pro Tag. Durch [&hellip;]<\/p>\n","protected":false},"author":2,"featured_media":1231,"comment_status":"closed","ping_status":"closed","sticky":false,"template":"","format":"standard","meta":{"footnotes":""},"categories":[8],"tags":[],"class_list":["post-1238","post","type-post","status-publish","format-standard","has-post-thumbnail","hentry","category-pressemitteilung"],"yoast_head":"<!-- This site is optimized with the Yoast SEO plugin v27.5 - https:\/\/yoast.com\/product\/yoast-seo-wordpress\/ -->\n<title>Corona-Politik bedroht unsere Kinder - Gradido<\/title>\n<meta name=\"robots\" content=\"index, follow, max-snippet:-1, max-image-preview:large, max-video-preview:-1\" \/>\n<link rel=\"canonical\" href=\"https:\/\/gradido.net\/sl\/corona-politik-bedroht-unsere-kinder\/\" \/>\n<meta property=\"og:locale\" content=\"sl_SI\" \/>\n<meta property=\"og:type\" content=\"article\" \/>\n<meta property=\"og:title\" content=\"Corona-Politik bedroht unsere Kinder - Gradido\" \/>\n<meta property=\"og:description\" content=\"Forscher sehen L\u00f6sung in neuem Geldsystem K\u00fcnzelsau, 25.11.2020 \u2013 Kinder, Eltern und Lehrer sind am Limit. \u00c4rzte, Psychologen und Familienpolitiker schlagen Alarm. Sie alle sehen das Kindeswohl durch die aktuelle Krisenpolitik massiv gef\u00e4hrdet. Quarant\u00e4neregeln, Schulschlie\u00dfungen und Kontaktbeschr\u00e4nkungen bringen nicht nur Kindersch\u00fctzer auf die Barrikaden. Laut Unicef verhungerten schon vor Corona 15.000 Kinder pro Tag. Durch [&hellip;]\" \/>\n<meta property=\"og:url\" content=\"https:\/\/gradido.net\/sl\/corona-politik-bedroht-unsere-kinder\/\" \/>\n<meta property=\"og:site_name\" content=\"Gradido\" \/>\n<meta property=\"article:published_time\" content=\"2020-11-25T09:27:43+00:00\" \/>\n<meta property=\"article:modified_time\" content=\"2021-12-11T12:02:17+00:00\" \/>\n<meta property=\"og:image\" content=\"https:\/\/gradido.net\/wp-content\/uploads\/2020\/11\/schule_coronapause.jpg\" \/>\n\t<meta property=\"og:image:width\" content=\"1500\" \/>\n\t<meta property=\"og:image:height\" content=\"959\" \/>\n\t<meta property=\"og:image:type\" content=\"image\/jpeg\" \/>\n<meta name=\"author\" content=\"Bernd H\u00fcckst\u00e4dt\" \/>\n<meta name=\"twitter:card\" content=\"summary_large_image\" \/>\n<meta name=\"twitter:label1\" content=\"Written by\" \/>\n\t<meta name=\"twitter:data1\" content=\"Bernd H\u00fcckst\u00e4dt\" \/>\n\t<meta name=\"twitter:label2\" content=\"Est. reading time\" \/>\n\t<meta name=\"twitter:data2\" content=\"8 minut\" \/>\n<script type=\"application\/ld+json\" class=\"yoast-schema-graph\">{\"@context\":\"https:\\\/\\\/schema.org\",\"@graph\":[{\"@type\":\"Article\",\"@id\":\"https:\\\/\\\/gradido.net\\\/corona-politik-bedroht-unsere-kinder\\\/#article\",\"isPartOf\":{\"@id\":\"https:\\\/\\\/gradido.net\\\/corona-politik-bedroht-unsere-kinder\\\/\"},\"author\":{\"name\":\"Bernd H\u00fcckst\u00e4dt\",\"@id\":\"https:\\\/\\\/gradido.net\\\/de\\\/#\\\/schema\\\/person\\\/9c503a004ad15a1ddecadce2218db5d1\"},\"headline\":\"Corona-Politik bedroht unsere Kinder\",\"datePublished\":\"2020-11-25T09:27:43+00:00\",\"dateModified\":\"2021-12-11T12:02:17+00:00\",\"mainEntityOfPage\":{\"@id\":\"https:\\\/\\\/gradido.net\\\/corona-politik-bedroht-unsere-kinder\\\/\"},\"wordCount\":1581,\"publisher\":{\"@id\":\"https:\\\/\\\/gradido.net\\\/de\\\/#organization\"},\"image\":{\"@id\":\"https:\\\/\\\/gradido.net\\\/corona-politik-bedroht-unsere-kinder\\\/#primaryimage\"},\"thumbnailUrl\":\"https:\\\/\\\/gradido.net\\\/wp-content\\\/uploads\\\/2020\\\/11\\\/schule_coronapause.jpg\",\"articleSection\":[\"Pressemitteilung\"],\"inLanguage\":\"sl-SI\"},{\"@type\":\"WebPage\",\"@id\":\"https:\\\/\\\/gradido.net\\\/corona-politik-bedroht-unsere-kinder\\\/\",\"url\":\"https:\\\/\\\/gradido.net\\\/corona-politik-bedroht-unsere-kinder\\\/\",\"name\":\"Corona-Politik bedroht unsere Kinder - Gradido\",\"isPartOf\":{\"@id\":\"https:\\\/\\\/gradido.net\\\/de\\\/#website\"},\"primaryImageOfPage\":{\"@id\":\"https:\\\/\\\/gradido.net\\\/corona-politik-bedroht-unsere-kinder\\\/#primaryimage\"},\"image\":{\"@id\":\"https:\\\/\\\/gradido.net\\\/corona-politik-bedroht-unsere-kinder\\\/#primaryimage\"},\"thumbnailUrl\":\"https:\\\/\\\/gradido.net\\\/wp-content\\\/uploads\\\/2020\\\/11\\\/schule_coronapause.jpg\",\"datePublished\":\"2020-11-25T09:27:43+00:00\",\"dateModified\":\"2021-12-11T12:02:17+00:00\",\"breadcrumb\":{\"@id\":\"https:\\\/\\\/gradido.net\\\/corona-politik-bedroht-unsere-kinder\\\/#breadcrumb\"},\"inLanguage\":\"sl-SI\",\"potentialAction\":[{\"@type\":\"ReadAction\",\"target\":[\"https:\\\/\\\/gradido.net\\\/corona-politik-bedroht-unsere-kinder\\\/\"]}]},{\"@type\":\"ImageObject\",\"inLanguage\":\"sl-SI\",\"@id\":\"https:\\\/\\\/gradido.net\\\/corona-politik-bedroht-unsere-kinder\\\/#primaryimage\",\"url\":\"https:\\\/\\\/gradido.net\\\/wp-content\\\/uploads\\\/2020\\\/11\\\/schule_coronapause.jpg\",\"contentUrl\":\"https:\\\/\\\/gradido.net\\\/wp-content\\\/uploads\\\/2020\\\/11\\\/schule_coronapause.jpg\",\"width\":1500,\"height\":959,\"caption\":\"Group of preteen children in face masks resting outdoors in schoolyard during break in lessons. Back school concept during pandemic.\"},{\"@type\":\"BreadcrumbList\",\"@id\":\"https:\\\/\\\/gradido.net\\\/corona-politik-bedroht-unsere-kinder\\\/#breadcrumb\",\"itemListElement\":[{\"@type\":\"ListItem\",\"position\":1,\"name\":\"Startseite\",\"item\":\"https:\\\/\\\/gradido.net\\\/\"},{\"@type\":\"ListItem\",\"position\":2,\"name\":\"Corona-Politik bedroht unsere Kinder\"}]},{\"@type\":\"WebSite\",\"@id\":\"https:\\\/\\\/gradido.net\\\/de\\\/#website\",\"url\":\"https:\\\/\\\/gradido.net\\\/de\\\/\",\"name\":\"Gradido\",\"description\":\"Die neue W\u00e4hrung hei\u00dft Dankbarkeit\",\"publisher\":{\"@id\":\"https:\\\/\\\/gradido.net\\\/de\\\/#organization\"},\"potentialAction\":[{\"@type\":\"SearchAction\",\"target\":{\"@type\":\"EntryPoint\",\"urlTemplate\":\"https:\\\/\\\/gradido.net\\\/de\\\/?s={search_term_string}\"},\"query-input\":{\"@type\":\"PropertyValueSpecification\",\"valueRequired\":true,\"valueName\":\"search_term_string\"}}],\"inLanguage\":\"sl-SI\"},{\"@type\":\"Organization\",\"@id\":\"https:\\\/\\\/gradido.net\\\/de\\\/#organization\",\"name\":\"Gradido\",\"url\":\"https:\\\/\\\/gradido.net\\\/de\\\/\",\"logo\":{\"@type\":\"ImageObject\",\"inLanguage\":\"sl-SI\",\"@id\":\"https:\\\/\\\/gradido.net\\\/de\\\/#\\\/schema\\\/logo\\\/image\\\/\",\"url\":\"https:\\\/\\\/gradido.net\\\/wp-content\\\/uploads\\\/2022\\\/04\\\/gradido-social.jpg\",\"contentUrl\":\"https:\\\/\\\/gradido.net\\\/wp-content\\\/uploads\\\/2022\\\/04\\\/gradido-social.jpg\",\"width\":527,\"height\":273,\"caption\":\"Gradido\"},\"image\":{\"@id\":\"https:\\\/\\\/gradido.net\\\/de\\\/#\\\/schema\\\/logo\\\/image\\\/\"}},{\"@type\":\"Person\",\"@id\":\"https:\\\/\\\/gradido.net\\\/de\\\/#\\\/schema\\\/person\\\/9c503a004ad15a1ddecadce2218db5d1\",\"name\":\"Bernd H\u00fcckst\u00e4dt\",\"sameAs\":[\"https:\\\/\\\/gradido.net\"],\"url\":\"https:\\\/\\\/gradido.net\\\/sl\\\/author\\\/bernd\\\/\"}]}<\/script>\n<!-- \/ Yoast SEO plugin. -->","yoast_head_json":{"title":"Politika Corona ogro\u017ea na\u0161e otroke - Gradido","robots":{"index":"index","follow":"follow","max-snippet":"max-snippet:-1","max-image-preview":"max-image-preview:large","max-video-preview":"max-video-preview:-1"},"canonical":"https:\/\/gradido.net\/sl\/corona-politik-bedroht-unsere-kinder\/","og_locale":"sl_SI","og_type":"article","og_title":"Corona-Politik bedroht unsere Kinder - Gradido","og_description":"Forscher sehen L\u00f6sung in neuem Geldsystem K\u00fcnzelsau, 25.11.2020 \u2013 Kinder, Eltern und Lehrer sind am Limit. \u00c4rzte, Psychologen und Familienpolitiker schlagen Alarm. Sie alle sehen das Kindeswohl durch die aktuelle Krisenpolitik massiv gef\u00e4hrdet. Quarant\u00e4neregeln, Schulschlie\u00dfungen und Kontaktbeschr\u00e4nkungen bringen nicht nur Kindersch\u00fctzer auf die Barrikaden. Laut Unicef verhungerten schon vor Corona 15.000 Kinder pro Tag. Durch [&hellip;]","og_url":"https:\/\/gradido.net\/sl\/corona-politik-bedroht-unsere-kinder\/","og_site_name":"Gradido","article_published_time":"2020-11-25T09:27:43+00:00","article_modified_time":"2021-12-11T12:02:17+00:00","og_image":[{"width":1500,"height":959,"url":"https:\/\/gradido.net\/wp-content\/uploads\/2020\/11\/schule_coronapause.jpg","type":"image\/jpeg"}],"author":"Bernd H\u00fcckst\u00e4dt","twitter_card":"summary_large_image","twitter_misc":{"Written by":"Bernd H\u00fcckst\u00e4dt","Est. reading time":"8 minut"},"schema":{"@context":"https:\/\/schema.org","@graph":[{"@type":"Article","@id":"https:\/\/gradido.net\/corona-politik-bedroht-unsere-kinder\/#article","isPartOf":{"@id":"https:\/\/gradido.net\/corona-politik-bedroht-unsere-kinder\/"},"author":{"name":"Bernd H\u00fcckst\u00e4dt","@id":"https:\/\/gradido.net\/de\/#\/schema\/person\/9c503a004ad15a1ddecadce2218db5d1"},"headline":"Corona-Politik bedroht unsere Kinder","datePublished":"2020-11-25T09:27:43+00:00","dateModified":"2021-12-11T12:02:17+00:00","mainEntityOfPage":{"@id":"https:\/\/gradido.net\/corona-politik-bedroht-unsere-kinder\/"},"wordCount":1581,"publisher":{"@id":"https:\/\/gradido.net\/de\/#organization"},"image":{"@id":"https:\/\/gradido.net\/corona-politik-bedroht-unsere-kinder\/#primaryimage"},"thumbnailUrl":"https:\/\/gradido.net\/wp-content\/uploads\/2020\/11\/schule_coronapause.jpg","articleSection":["Pressemitteilung"],"inLanguage":"sl-SI"},{"@type":"WebPage","@id":"https:\/\/gradido.net\/corona-politik-bedroht-unsere-kinder\/","url":"https:\/\/gradido.net\/corona-politik-bedroht-unsere-kinder\/","name":"Politika Corona ogro\u017ea na\u0161e otroke - Gradido","isPartOf":{"@id":"https:\/\/gradido.net\/de\/#website"},"primaryImageOfPage":{"@id":"https:\/\/gradido.net\/corona-politik-bedroht-unsere-kinder\/#primaryimage"},"image":{"@id":"https:\/\/gradido.net\/corona-politik-bedroht-unsere-kinder\/#primaryimage"},"thumbnailUrl":"https:\/\/gradido.net\/wp-content\/uploads\/2020\/11\/schule_coronapause.jpg","datePublished":"2020-11-25T09:27:43+00:00","dateModified":"2021-12-11T12:02:17+00:00","breadcrumb":{"@id":"https:\/\/gradido.net\/corona-politik-bedroht-unsere-kinder\/#breadcrumb"},"inLanguage":"sl-SI","potentialAction":[{"@type":"ReadAction","target":["https:\/\/gradido.net\/corona-politik-bedroht-unsere-kinder\/"]}]},{"@type":"ImageObject","inLanguage":"sl-SI","@id":"https:\/\/gradido.net\/corona-politik-bedroht-unsere-kinder\/#primaryimage","url":"https:\/\/gradido.net\/wp-content\/uploads\/2020\/11\/schule_coronapause.jpg","contentUrl":"https:\/\/gradido.net\/wp-content\/uploads\/2020\/11\/schule_coronapause.jpg","width":1500,"height":959,"caption":"Group of preteen children in face masks resting outdoors in schoolyard during break in lessons. Back school concept during pandemic."},{"@type":"BreadcrumbList","@id":"https:\/\/gradido.net\/corona-politik-bedroht-unsere-kinder\/#breadcrumb","itemListElement":[{"@type":"ListItem","position":1,"name":"Startseite","item":"https:\/\/gradido.net\/"},{"@type":"ListItem","position":2,"name":"Corona-Politik bedroht unsere Kinder"}]},{"@type":"WebSite","@id":"https:\/\/gradido.net\/de\/#website","url":"https:\/\/gradido.net\/de\/","name":"Gradido","description":"Nova valuta je hvale\u017enost","publisher":{"@id":"https:\/\/gradido.net\/de\/#organization"},"potentialAction":[{"@type":"SearchAction","target":{"@type":"EntryPoint","urlTemplate":"https:\/\/gradido.net\/de\/?s={search_term_string}"},"query-input":{"@type":"PropertyValueSpecification","valueRequired":true,"valueName":"search_term_string"}}],"inLanguage":"sl-SI"},{"@type":"Organization","@id":"https:\/\/gradido.net\/de\/#organization","name":"Gradido","url":"https:\/\/gradido.net\/de\/","logo":{"@type":"ImageObject","inLanguage":"sl-SI","@id":"https:\/\/gradido.net\/de\/#\/schema\/logo\/image\/","url":"https:\/\/gradido.net\/wp-content\/uploads\/2022\/04\/gradido-social.jpg","contentUrl":"https:\/\/gradido.net\/wp-content\/uploads\/2022\/04\/gradido-social.jpg","width":527,"height":273,"caption":"Gradido"},"image":{"@id":"https:\/\/gradido.net\/de\/#\/schema\/logo\/image\/"}},{"@type":"Person","@id":"https:\/\/gradido.net\/de\/#\/schema\/person\/9c503a004ad15a1ddecadce2218db5d1","name":"Bernd H\u00fcckst\u00e4dt","sameAs":["https:\/\/gradido.net"],"url":"https:\/\/gradido.net\/sl\/author\/bernd\/"}]}},"_links":{"self":[{"href":"https:\/\/gradido.net\/sl\/wp-json\/wp\/v2\/posts\/1238","targetHints":{"allow":["GET"]}}],"collection":[{"href":"https:\/\/gradido.net\/sl\/wp-json\/wp\/v2\/posts"}],"about":[{"href":"https:\/\/gradido.net\/sl\/wp-json\/wp\/v2\/types\/post"}],"author":[{"embeddable":true,"href":"https:\/\/gradido.net\/sl\/wp-json\/wp\/v2\/users\/2"}],"replies":[{"embeddable":true,"href":"https:\/\/gradido.net\/sl\/wp-json\/wp\/v2\/comments?post=1238"}],"version-history":[{"count":29,"href":"https:\/\/gradido.net\/sl\/wp-json\/wp\/v2\/posts\/1238\/revisions"}],"predecessor-version":[{"id":3745,"href":"https:\/\/gradido.net\/sl\/wp-json\/wp\/v2\/posts\/1238\/revisions\/3745"}],"wp:featuredmedia":[{"embeddable":true,"href":"https:\/\/gradido.net\/sl\/wp-json\/wp\/v2\/media\/1231"}],"wp:attachment":[{"href":"https:\/\/gradido.net\/sl\/wp-json\/wp\/v2\/media?parent=1238"}],"wp:term":[{"taxonomy":"category","embeddable":true,"href":"https:\/\/gradido.net\/sl\/wp-json\/wp\/v2\/categories?post=1238"},{"taxonomy":"post_tag","embeddable":true,"href":"https:\/\/gradido.net\/sl\/wp-json\/wp\/v2\/tags?post=1238"}],"curies":[{"name":"wp","href":"https:\/\/api.w.org\/{rel}","templated":true}]}}