{"id":1731,"date":"2021-01-27T16:31:50","date_gmt":"2021-01-27T15:31:50","guid":{"rendered":"https:\/\/gradido.net\/?p=1731"},"modified":"2021-12-11T20:57:47","modified_gmt":"2021-12-11T19:57:47","slug":"gradido-garantiert-gleichberechtigung-von-mann-und-frau","status":"publish","type":"post","link":"https:\/\/gradido.net\/sl\/gradido-garantiert-gleichberechtigung-von-mann-und-frau\/","title":{"rendered":"Gradido zagotavlja enake pravice za mo\u0161ke in \u017eenske"},"content":{"rendered":"<div data-elementor-type=\"wp-post\" data-elementor-id=\"1731\" class=\"elementor elementor-1731\" data-elementor-post-type=\"post\">\n\t\t\t\t\t\t<section class=\"elementor-section elementor-top-section elementor-element elementor-element-496e1d53 elementor-section-boxed elementor-section-height-default elementor-section-height-default\" data-id=\"496e1d53\" data-element_type=\"section\" data-e-type=\"section\">\n\t\t\t\t\t\t<div class=\"elementor-container elementor-column-gap-default\">\n\t\t\t\t\t<div class=\"elementor-column elementor-col-100 elementor-top-column elementor-element elementor-element-461d7be0\" data-id=\"461d7be0\" data-element_type=\"column\" data-e-type=\"column\">\n\t\t\t<div class=\"elementor-widget-wrap elementor-element-populated\">\n\t\t\t\t\t\t<div class=\"elementor-element elementor-element-cd9ebe2 elementor-widget elementor-widget-text-editor\" data-id=\"cd9ebe2\" data-element_type=\"widget\" data-e-type=\"widget\" data-widget_type=\"text-editor.default\">\n\t\t\t\t<div class=\"elementor-widget-container\">\n\t\t\t\t\t\t\t\t\t<h2>Ali zaprtje razkriva neuspeh pri zagotavljanju enakih mo\u017enosti?<\/h2><p><strong>K\u00fcnzelsau, 27.01.2021 - \u017denske \u0161e nikoli niso bile tako \"sistemsko pomembne\" kot v krizi Corona - in le redko bolj obremenjene. Po vsem svetu je 70 odstotkov zaposlenih v socialnih in skrbstvenih poklicih \u017eensk. Tudi v normalnih \u010dasih opravijo v povpre\u010dju trikrat ve\u010d nepla\u010danega \"skrbstvenega dela\" kot mo\u0161ki. V sedanji krizi se jim to lahko ma\u0161\u010duje. Predvsem \u017eenske z vsako zaporo skraj\u0161ajo svoj delovni \u010das, da lahko skrbijo za otroke, hodijo v \u0161olo ali skrbijo za dru\u017einske \u010dlane v stiski. Ta razvoj jasno ka\u017ee, kako krhka je bila domnevna enakost v resnici. \u010ce se svet dela ne bo celovito reformiral, so \u017eenske dejansko v nevarnosti, da bodo v krizi najve\u010dje pora\u017eenke. Dru\u017eboslovci menijo, da je temeljita sprememba sedanjih zaposlitvenih modelov neizogibna, \u010de \u017eelimo, da imajo mo\u0161ki in \u017eenske enake mo\u017enosti. Strokovnjaki za poslovno bioniko na Akademiji Gradido so za to \u017ee razvili ustrezen koncept. Temeljijo na enakopravnem sodelovanju obeh spolov - v skladu z naravnimi vzorci uspeha. <\/strong><\/p><p>Tradicionalno \u017eenske ne prevzemajo le levjega dele\u017ea skrbi za ostarele in bolne, temve\u010d tudi gospodinjsko in dru\u017einsko delo ter skrb za sorodnike v stiski. Po eni strani slu\u017eijo tradicionalni samopodobi, da je to izraz ljube\u010de skrbi. Po drugi strani pa je zaradi vztrajno ni\u017ejih pla\u010d zaposlenih \u017eensk \u0161e danes najve\u010d \u017eensk, ki zmanj\u0161ajo svojo poklicno anga\u017eiranost, ko otroci ali star\u0161i potrebujejo pomo\u010d. \u010ce je bilo dvojno breme velik izziv \u017ee pred krizo Corona, se v \u010dasu doma\u010de pisarne in \u0161olanja na domu spreminja v veliko breme - z groze\u010dimi posledicami. Nedavne raziskave so pokazale, da vsaka dodatna zapora povzro\u010di, da \u017eenske \u0161e bolj skraj\u0161ajo svoj delovni \u010das in se posve\u010dajo ve\u010djim dru\u017einskim obveznostim. Ekonomisti se bojijo, da \u0161tevilne delavke zaradi tega grozijo s trajno izgubo dohodka in bole\u010dim nazadovanjem v karieri.<\/p><p>Po podatkih Nem\u0161kega in\u0161tituta za ekonomske raziskave je dele\u017e \u017eensk v poklicnih skupinah, pomembnih za sistem, skoraj 75-odstoten. Kot medicinske sestre in geriatri\u010dne medicinske sestre skrbijo za bolne ljudi na prvi bojni \u010drti. Blagajniki \"skrbijo za delovanje trgovine\". Vzgojiteljice skrbijo za otroke tistih, ki v \u010dasu zaprtja \u0161ol in vrtcev ne morejo ostati brez svojega dela. Tem \"\u017eenskim delovnim mestom\" pa ni skupno le to, da so v krizi Corona nepogre\u0161ljiva, temve\u010d tudi to, da so ve\u010dinoma slabo pla\u010dana. V skladu z geslom \"kar je v dru\u017eini 'zastonj', ne more biti drago\", tipi\u010dno \u017eenske dejavnosti na trgu dela \u0161e vedno nimajo ustrezne ekonomske vrednosti. \"To dru\u017ebeno neupo\u0161tevanje skrbstvenega dela ni le neznosno, ampak tudi nesmiselno,\" je ogor\u010dena Margret Baier, lastnica Akademije Gradido, \"saj je skrbstveno delo \u017eensk eksistencialnega pomena za na\u0161e gospodarstvo in blaginjo. Delovna uspe\u0161nost \u017eensk je temelj na\u0161ega sistema, ne le v tej krizi.\"<\/p><p>Ne glede na to je najnovej\u0161a raziskava fundacije Bertelsmann potrdila, kako mo\u010dno je kriza Corona vplivala na tradicionalne vzorce vlog v dru\u017eini in kako so \u017eenske zaradi tega fizi\u010dno in psihi\u010dno preobremenjene. \"Potreben je interdisciplinarni dru\u017ebeni diskurz o prednostih in slabostih sodobnega sveta dela. Trga dela in politike zaposlovanja ter dru\u017einske in zdravstvene politike ne moremo ve\u010d obravnavati lo\u010deno,\" pravi Martin Spilker, direktor kompeten\u010dnega centra fundacije za korporativno kulturo in vodenje.<\/p><p>\"Nujno potrebujemo pro\u017enej\u0161e delovne modele ter ustrezno vrednotenje in nagrajevanje skrbstvenega dela,\" potrjuje tudi Bernd H\u00fcckst\u00e4dt, soustanovitelj Akademije Gradido. Strokovnjaki za ekonomsko bioniko tega neodvisnega raziskovalnega in\u0161tituta \u017ee ve\u010d kot dve desetletji razvijajo valuto skupnega bogastva Gradido kot osrednji element novega gospodarskega in finan\u010dnega modela. \"\u017de dolgo nam je jasno, da prevladujo\u010di model dolgoro\u010dno ne more ve\u010d delovati. Kriza nas torej ni presenetila, temve\u010d je le opozorila na te\u017eave, ki so neizogibno prihajale. Vendar pa je zdaj nujno treba spremeniti smer, saj prihodnjim generacijam nikakor ne bomo dovolili, da bi bile prisiljene v na\u010din \u017eivljenja, ki bi jim ga prineslo nadaljevanje sedanjega gospodarskega modela. Kako \u017eenske \u017ee trpijo zaradi tega, je zdaj zelo o\u010ditno.\"<\/p><p>Model re\u0161itev Akademije Gradido temelji na tiso\u010dletja starih modelih uspeha v naravi. Strokovnjaki za ekonomsko bioniko so v skladu z naravnim ciklom postajanja in minevanja ustvarili kombinacijo valute skupnega dobrega Gradido z \"aktivnim temeljnim dohodkom\" in ustvarjanjem denarja brez dolgov v skladu s \"trojnim dobrim\". Konkretno bi preoblikovanje prevladujo\u010dega gospodarskega in finan\u010dnega sistema v ta model Gradido pomenilo konec na\u010dela dol\u017eni\u0161kega denarja. Namesto tega bi za vsako osebo mese\u010dno ustvarili 3 x 1.000 Gradido. 1.000 EUR Gradido bi bilo na voljo dr\u017eavnemu prora\u010dunu. V Nem\u010diji bi to ustvarjanje denarja pribli\u017eno ustrezalo sedanjemu javnemu prora\u010dunu (zveznemu, de\u017eelnemu in ob\u010dinskemu) ter zdravstvenim in socialnim storitvam. Za izravnalni in okoljski sklad bi se na prebivalca ustvarilo \u0161e 1.000 gradidov. Zadnja tretjina bi bila na voljo vsem kot \"aktivni temeljni dohodek\" in bi tako ne le zagotavljala, da je vsak posameznik preskrbljen z \u017eivljenjskimi potreb\u0161\u010dinami, temve\u010d tudi, da so \u017eenske in mo\u0161ki v prihodnosti enako dejavni in zadovoljni na poklicnem podro\u010dju in v dru\u017eini.<\/p><p>Potrebo po strukturnih spremembah potrjuje tudi prof. dr. Bettina Kohlrausch, znanstvena direktorica In\u0161tituta za ekonomske in socialne raziskave (WSI) Fundacije Hansa B\u00f6cklerja. V podkastu \"Systemrelevant\" se podrobneje posveti vpra\u0161anju, kako mo\u010dno kriza Corona prizadene \u017eenske: \"Nujne so resni\u010dne strukturne spremembe, saj se ne more zgoditi, da se od \u017eensk pri\u010dakuje, da bodo delale slabo pla\u010dane, premalo pla\u010dane ali nepla\u010dane kot nekaj samoumevnega. Dana\u0161nje strukture delujejo le zato, ker so \u017eenske dvojno socializirane, tako da potujejo po trgu dela in zasebnem varstvu, na obeh podro\u010djih pa opravljajo delo, ki ni ustrezno priznano.\" Poleg tega Kohlrausch, ki je tudi profesor transformacije na Univerzi v Paderbornu, poziva k \"realisti\u010dni organizaciji delovnega \u010dasa in zaposlitve tako, da bo dovolj \u010dasa za dru\u017einsko delo in prostovoljne dejavnosti\".<\/p><p>\"Le preoblikovanje patriarhalnega gospodarskega in finan\u010dnega sistema bo lahko odpravilo dolgoro\u010dne te\u017eave, ki so posledica vse\u017eivljenjske diskriminacije ve\u010dine \u017eensk na trgu dela: ve\u010dno groze\u010da past rev\u0161\u010dine, ko propade zakon ali za star\u0161e samohranilce - in rev\u0161\u010dina v starosti, ki \u0161e posebej prizadene \u017eenske,\" pojasnjuje Bernd H\u00fcckst\u00e4dt in dodaja: \"V na\u0161em modelu Gradido je zato skrbstveno delo enako cenjeno kot katero koli drugo opravilo. Na\u0161a skrb je oblikovati svet, ki bo dejansko ustrezal resni\u010dnosti \u017eivljenja in potrebam ljudi.\" Margret Baier dodaja: \"Po zgledu narave vsak uspe\u0161en model uspeva z enako zastopanostjo \u017eenskih in mo\u0161kih vplivov - tudi brez '\u017eenske kvote'. V Akademiji Gradido je veliko \u017eensk dejavnih \u017ee od samega za\u010detka.\"<\/p><p>Da bi zagotovili osnovne potrebe ljudi na vseh stopnjah njihovega poklicnega \u017eivljenja, model Gradido predvideva tudi osnovni dohodek. Za razliko od brezpogojnega temeljnega dohodka, o katerem se veliko razpravlja, se \"aktivni temeljni dohodek\" v vi\u0161ini najve\u010d 1.000 gradidov na mesec dodeli ljudem za dejavnosti, ki jih prostovoljno opravljajo, da bi prispevali k skupnosti in za skupnost. V tem pogledu je vrednotenje vsega, kar je bistvenega pomena za skrb za so\u017eitje, skoraj imanentno temu sistemu. Poleg tega \"brezpogojna in enakopravna udele\u017eba\" \u017eenskam, mo\u0161kim in otrokom vseh starosti omogo\u010da, da odkrijejo nove talente, se preizkusijo na najrazli\u010dnej\u0161ih podro\u010djih in tako razvijejo svoj polni potencial. Bernd H\u00fcckst\u00e4dt pravi: \"Na\u0161 cilj je otrokom in otrokom vseh spolov, barve ko\u017ee in porekla omogo\u010diti vredno prihodnost. To predpostavlja, da je vsem dobro in da skrbijo drug za drugega. To ljudi osre\u010duje, saj imajo ne le \u0161iroko srce, temve\u010d tudi prilo\u017enosti, da svoj \u010das na zemlji oblikujejo na smiseln in raznolik na\u010din. Sli\u0161i se utopi\u010dno, a po na\u0161ih ugotovitvah je to dejansko izvedljivo.\"<\/p><p>Podrobnosti o celotnem modelu Gradido in podkastu Gradido najdete na <a href=\"https:\/\/gradido.net\/sl\/\">https:\/\/gradido.net<\/a><\/p><p><!-- \/wp:paragraph --><\/p>\t\t\t\t\t\t\t\t<\/div>\n\t\t\t\t<\/div>\n\t\t\t\t<div class=\"elementor-element elementor-element-e9ff241 elementor-widget elementor-widget-text-editor\" data-id=\"e9ff241\" data-element_type=\"widget\" data-e-type=\"widget\" data-widget_type=\"text-editor.default\">\n\t\t\t\t<div class=\"elementor-widget-container\">\n\t\t\t\t\t\t\t\t\t<p><strong>O Akademiji Gradido<\/strong><br>Akademija Gradido za ekonomsko bioniko je razvila alternativno \"valuto skupnega dobrega\", ki se zgleduje po naravi. V naravi velja pravilo, da lahko le tam, kjer nekaj izgine, nastane nekaj novega, zato je mogo\u010de dolgoro\u010dno izbolj\u0161anje (evolucija). Njegov recept za uspeh je \"\u017eivljenjski cikel\". \u010ce bi tudi na\u0161e gospodarstvo sledilo temu naravnemu ciklu, bi po mnenju strokovnjakov za ekonomsko bioniko re\u0161ilo prakti\u010dno vse svetovne te\u017eave, povezane z denarjem. Model Gradido temelji na zamisli, da ne le vsaka oseba, temve\u010d tudi vsaka dr\u017eava prejme dohodek, ustvarjen na kreditni osnovi. S tem lahko opravlja vse svoje naloge, ne da bi pobiral davke. Deflacija in inflacija sta stvar preteklosti. Gospodarstvo je osvobojeno nenehne prisile k rasti, nevarnost zloma finan\u010dnega sistema pa je dokon\u010dno prepre\u010dena. (<a href=\"https:\/\/gradido.net\/sl\/\">www.gradido.net<\/a>)<\/p>\t\t\t\t\t\t\t\t<\/div>\n\t\t\t\t<\/div>\n\t\t\t\t\t<\/div>\n\t\t<\/div>\n\t\t\t\t\t<\/div>\n\t\t<\/section>\n\t\t\t\t<\/div>","protected":false},"excerpt":{"rendered":"<p>Offenbart der Lockdown das Scheitern der Chancengleichheit? K\u00fcnzelsau, 27.01.2021 \u2013 Nie waren Frauen \u201asystemrelevanter\u2018 als in der Corona-Krise \u2013 und selten mehr belastet. Weltweit sind 70 Prozent des Personals in sozialen und pflegenden Berufen Frauen. Schon in normalen Zeiten leisten sie au\u00dferdem im Schnitt dreimal so viel unbezahlte \u201aSorgearbeit\u2018 wie M\u00e4nner. In der aktuellen Krise [&hellip;]<\/p>\n","protected":false},"author":2,"featured_media":1718,"comment_status":"closed","ping_status":"closed","sticky":false,"template":"","format":"standard","meta":{"footnotes":""},"categories":[8],"tags":[],"class_list":["post-1731","post","type-post","status-publish","format-standard","has-post-thumbnail","hentry","category-pressemitteilung"],"yoast_head":"<!-- This site is optimized with the Yoast SEO plugin v27.5 - https:\/\/yoast.com\/product\/yoast-seo-wordpress\/ -->\n<title>Gradido garantiert Gleichberechtigung von Mann und Frau - Gradido<\/title>\n<meta name=\"robots\" content=\"index, follow, max-snippet:-1, max-image-preview:large, max-video-preview:-1\" \/>\n<link rel=\"canonical\" href=\"https:\/\/gradido.net\/sl\/gradido-garantiert-gleichberechtigung-von-mann-und-frau\/\" \/>\n<meta property=\"og:locale\" content=\"sl_SI\" \/>\n<meta property=\"og:type\" content=\"article\" \/>\n<meta property=\"og:title\" content=\"Gradido garantiert Gleichberechtigung von Mann und Frau - Gradido\" \/>\n<meta property=\"og:description\" content=\"Offenbart der Lockdown das Scheitern der Chancengleichheit? K\u00fcnzelsau, 27.01.2021 \u2013 Nie waren Frauen \u201asystemrelevanter\u2018 als in der Corona-Krise \u2013 und selten mehr belastet. Weltweit sind 70 Prozent des Personals in sozialen und pflegenden Berufen Frauen. Schon in normalen Zeiten leisten sie au\u00dferdem im Schnitt dreimal so viel unbezahlte \u201aSorgearbeit\u2018 wie M\u00e4nner. In der aktuellen Krise [&hellip;]\" \/>\n<meta property=\"og:url\" content=\"https:\/\/gradido.net\/sl\/gradido-garantiert-gleichberechtigung-von-mann-und-frau\/\" \/>\n<meta property=\"og:site_name\" content=\"Gradido\" \/>\n<meta property=\"article:published_time\" content=\"2021-01-27T15:31:50+00:00\" \/>\n<meta property=\"article:modified_time\" content=\"2021-12-11T19:57:47+00:00\" \/>\n<meta property=\"og:image\" content=\"https:\/\/gradido.net\/wp-content\/uploads\/2021\/01\/chancengleichheit-scaled.jpg\" \/>\n\t<meta property=\"og:image:width\" content=\"2560\" \/>\n\t<meta property=\"og:image:height\" content=\"1737\" \/>\n\t<meta property=\"og:image:type\" content=\"image\/jpeg\" \/>\n<meta name=\"author\" content=\"Bernd H\u00fcckst\u00e4dt\" \/>\n<meta name=\"twitter:card\" content=\"summary_large_image\" \/>\n<meta name=\"twitter:label1\" content=\"Written by\" \/>\n\t<meta name=\"twitter:data1\" content=\"Bernd H\u00fcckst\u00e4dt\" \/>\n\t<meta name=\"twitter:label2\" content=\"Est. reading time\" \/>\n\t<meta name=\"twitter:data2\" content=\"7 minut\" \/>\n<script type=\"application\/ld+json\" class=\"yoast-schema-graph\">{\"@context\":\"https:\\\/\\\/schema.org\",\"@graph\":[{\"@type\":\"Article\",\"@id\":\"https:\\\/\\\/gradido.net\\\/pl\\\/gradido-garantiert-gleichberechtigung-von-mann-und-frau\\\/#article\",\"isPartOf\":{\"@id\":\"https:\\\/\\\/gradido.net\\\/pl\\\/gradido-garantiert-gleichberechtigung-von-mann-und-frau\\\/\"},\"author\":{\"name\":\"Bernd H\u00fcckst\u00e4dt\",\"@id\":\"https:\\\/\\\/gradido.net\\\/de\\\/#\\\/schema\\\/person\\\/9c503a004ad15a1ddecadce2218db5d1\"},\"headline\":\"Gradido garantiert Gleichberechtigung von Mann und Frau\",\"datePublished\":\"2021-01-27T15:31:50+00:00\",\"dateModified\":\"2021-12-11T19:57:47+00:00\",\"mainEntityOfPage\":{\"@id\":\"https:\\\/\\\/gradido.net\\\/pl\\\/gradido-garantiert-gleichberechtigung-von-mann-und-frau\\\/\"},\"wordCount\":1487,\"publisher\":{\"@id\":\"https:\\\/\\\/gradido.net\\\/de\\\/#organization\"},\"image\":{\"@id\":\"https:\\\/\\\/gradido.net\\\/pl\\\/gradido-garantiert-gleichberechtigung-von-mann-und-frau\\\/#primaryimage\"},\"thumbnailUrl\":\"https:\\\/\\\/gradido.net\\\/wp-content\\\/uploads\\\/2021\\\/01\\\/chancengleichheit-scaled.jpg\",\"articleSection\":[\"Pressemitteilung\"],\"inLanguage\":\"sl-SI\"},{\"@type\":\"WebPage\",\"@id\":\"https:\\\/\\\/gradido.net\\\/pl\\\/gradido-garantiert-gleichberechtigung-von-mann-und-frau\\\/\",\"url\":\"https:\\\/\\\/gradido.net\\\/pl\\\/gradido-garantiert-gleichberechtigung-von-mann-und-frau\\\/\",\"name\":\"Gradido garantiert Gleichberechtigung von Mann und Frau - Gradido\",\"isPartOf\":{\"@id\":\"https:\\\/\\\/gradido.net\\\/de\\\/#website\"},\"primaryImageOfPage\":{\"@id\":\"https:\\\/\\\/gradido.net\\\/pl\\\/gradido-garantiert-gleichberechtigung-von-mann-und-frau\\\/#primaryimage\"},\"image\":{\"@id\":\"https:\\\/\\\/gradido.net\\\/pl\\\/gradido-garantiert-gleichberechtigung-von-mann-und-frau\\\/#primaryimage\"},\"thumbnailUrl\":\"https:\\\/\\\/gradido.net\\\/wp-content\\\/uploads\\\/2021\\\/01\\\/chancengleichheit-scaled.jpg\",\"datePublished\":\"2021-01-27T15:31:50+00:00\",\"dateModified\":\"2021-12-11T19:57:47+00:00\",\"breadcrumb\":{\"@id\":\"https:\\\/\\\/gradido.net\\\/pl\\\/gradido-garantiert-gleichberechtigung-von-mann-und-frau\\\/#breadcrumb\"},\"inLanguage\":\"sl-SI\",\"potentialAction\":[{\"@type\":\"ReadAction\",\"target\":[\"https:\\\/\\\/gradido.net\\\/pl\\\/gradido-garantiert-gleichberechtigung-von-mann-und-frau\\\/\"]}]},{\"@type\":\"ImageObject\",\"inLanguage\":\"sl-SI\",\"@id\":\"https:\\\/\\\/gradido.net\\\/pl\\\/gradido-garantiert-gleichberechtigung-von-mann-und-frau\\\/#primaryimage\",\"url\":\"https:\\\/\\\/gradido.net\\\/wp-content\\\/uploads\\\/2021\\\/01\\\/chancengleichheit-scaled.jpg\",\"contentUrl\":\"https:\\\/\\\/gradido.net\\\/wp-content\\\/uploads\\\/2021\\\/01\\\/chancengleichheit-scaled.jpg\",\"width\":2560,\"height\":1737},{\"@type\":\"BreadcrumbList\",\"@id\":\"https:\\\/\\\/gradido.net\\\/pl\\\/gradido-garantiert-gleichberechtigung-von-mann-und-frau\\\/#breadcrumb\",\"itemListElement\":[{\"@type\":\"ListItem\",\"position\":1,\"name\":\"Startseite\",\"item\":\"https:\\\/\\\/gradido.net\\\/\"},{\"@type\":\"ListItem\",\"position\":2,\"name\":\"Gradido garantiert Gleichberechtigung von Mann und Frau\"}]},{\"@type\":\"WebSite\",\"@id\":\"https:\\\/\\\/gradido.net\\\/de\\\/#website\",\"url\":\"https:\\\/\\\/gradido.net\\\/de\\\/\",\"name\":\"Gradido\",\"description\":\"Die neue W\u00e4hrung hei\u00dft Dankbarkeit\",\"publisher\":{\"@id\":\"https:\\\/\\\/gradido.net\\\/de\\\/#organization\"},\"potentialAction\":[{\"@type\":\"SearchAction\",\"target\":{\"@type\":\"EntryPoint\",\"urlTemplate\":\"https:\\\/\\\/gradido.net\\\/de\\\/?s={search_term_string}\"},\"query-input\":{\"@type\":\"PropertyValueSpecification\",\"valueRequired\":true,\"valueName\":\"search_term_string\"}}],\"inLanguage\":\"sl-SI\"},{\"@type\":\"Organization\",\"@id\":\"https:\\\/\\\/gradido.net\\\/de\\\/#organization\",\"name\":\"Gradido\",\"url\":\"https:\\\/\\\/gradido.net\\\/de\\\/\",\"logo\":{\"@type\":\"ImageObject\",\"inLanguage\":\"sl-SI\",\"@id\":\"https:\\\/\\\/gradido.net\\\/de\\\/#\\\/schema\\\/logo\\\/image\\\/\",\"url\":\"https:\\\/\\\/gradido.net\\\/wp-content\\\/uploads\\\/2022\\\/04\\\/gradido-social.jpg\",\"contentUrl\":\"https:\\\/\\\/gradido.net\\\/wp-content\\\/uploads\\\/2022\\\/04\\\/gradido-social.jpg\",\"width\":527,\"height\":273,\"caption\":\"Gradido\"},\"image\":{\"@id\":\"https:\\\/\\\/gradido.net\\\/de\\\/#\\\/schema\\\/logo\\\/image\\\/\"}},{\"@type\":\"Person\",\"@id\":\"https:\\\/\\\/gradido.net\\\/de\\\/#\\\/schema\\\/person\\\/9c503a004ad15a1ddecadce2218db5d1\",\"name\":\"Bernd H\u00fcckst\u00e4dt\",\"sameAs\":[\"https:\\\/\\\/gradido.net\"],\"url\":\"https:\\\/\\\/gradido.net\\\/sl\\\/author\\\/bernd\\\/\"}]}<\/script>\n<!-- \/ Yoast SEO plugin. -->","yoast_head_json":{"title":"Gradido zagotavlja enake pravice za mo\u0161ke in \u017eenske - Gradido","robots":{"index":"index","follow":"follow","max-snippet":"max-snippet:-1","max-image-preview":"max-image-preview:large","max-video-preview":"max-video-preview:-1"},"canonical":"https:\/\/gradido.net\/sl\/gradido-garantiert-gleichberechtigung-von-mann-und-frau\/","og_locale":"sl_SI","og_type":"article","og_title":"Gradido garantiert Gleichberechtigung von Mann und Frau - Gradido","og_description":"Offenbart der Lockdown das Scheitern der Chancengleichheit? K\u00fcnzelsau, 27.01.2021 \u2013 Nie waren Frauen \u201asystemrelevanter\u2018 als in der Corona-Krise \u2013 und selten mehr belastet. Weltweit sind 70 Prozent des Personals in sozialen und pflegenden Berufen Frauen. Schon in normalen Zeiten leisten sie au\u00dferdem im Schnitt dreimal so viel unbezahlte \u201aSorgearbeit\u2018 wie M\u00e4nner. In der aktuellen Krise [&hellip;]","og_url":"https:\/\/gradido.net\/sl\/gradido-garantiert-gleichberechtigung-von-mann-und-frau\/","og_site_name":"Gradido","article_published_time":"2021-01-27T15:31:50+00:00","article_modified_time":"2021-12-11T19:57:47+00:00","og_image":[{"width":2560,"height":1737,"url":"https:\/\/gradido.net\/wp-content\/uploads\/2021\/01\/chancengleichheit-scaled.jpg","type":"image\/jpeg"}],"author":"Bernd H\u00fcckst\u00e4dt","twitter_card":"summary_large_image","twitter_misc":{"Written by":"Bernd H\u00fcckst\u00e4dt","Est. reading time":"7 minut"},"schema":{"@context":"https:\/\/schema.org","@graph":[{"@type":"Article","@id":"https:\/\/gradido.net\/pl\/gradido-garantiert-gleichberechtigung-von-mann-und-frau\/#article","isPartOf":{"@id":"https:\/\/gradido.net\/pl\/gradido-garantiert-gleichberechtigung-von-mann-und-frau\/"},"author":{"name":"Bernd H\u00fcckst\u00e4dt","@id":"https:\/\/gradido.net\/de\/#\/schema\/person\/9c503a004ad15a1ddecadce2218db5d1"},"headline":"Gradido garantiert Gleichberechtigung von Mann und Frau","datePublished":"2021-01-27T15:31:50+00:00","dateModified":"2021-12-11T19:57:47+00:00","mainEntityOfPage":{"@id":"https:\/\/gradido.net\/pl\/gradido-garantiert-gleichberechtigung-von-mann-und-frau\/"},"wordCount":1487,"publisher":{"@id":"https:\/\/gradido.net\/de\/#organization"},"image":{"@id":"https:\/\/gradido.net\/pl\/gradido-garantiert-gleichberechtigung-von-mann-und-frau\/#primaryimage"},"thumbnailUrl":"https:\/\/gradido.net\/wp-content\/uploads\/2021\/01\/chancengleichheit-scaled.jpg","articleSection":["Pressemitteilung"],"inLanguage":"sl-SI"},{"@type":"WebPage","@id":"https:\/\/gradido.net\/pl\/gradido-garantiert-gleichberechtigung-von-mann-und-frau\/","url":"https:\/\/gradido.net\/pl\/gradido-garantiert-gleichberechtigung-von-mann-und-frau\/","name":"Gradido zagotavlja enake pravice za mo\u0161ke in \u017eenske - Gradido","isPartOf":{"@id":"https:\/\/gradido.net\/de\/#website"},"primaryImageOfPage":{"@id":"https:\/\/gradido.net\/pl\/gradido-garantiert-gleichberechtigung-von-mann-und-frau\/#primaryimage"},"image":{"@id":"https:\/\/gradido.net\/pl\/gradido-garantiert-gleichberechtigung-von-mann-und-frau\/#primaryimage"},"thumbnailUrl":"https:\/\/gradido.net\/wp-content\/uploads\/2021\/01\/chancengleichheit-scaled.jpg","datePublished":"2021-01-27T15:31:50+00:00","dateModified":"2021-12-11T19:57:47+00:00","breadcrumb":{"@id":"https:\/\/gradido.net\/pl\/gradido-garantiert-gleichberechtigung-von-mann-und-frau\/#breadcrumb"},"inLanguage":"sl-SI","potentialAction":[{"@type":"ReadAction","target":["https:\/\/gradido.net\/pl\/gradido-garantiert-gleichberechtigung-von-mann-und-frau\/"]}]},{"@type":"ImageObject","inLanguage":"sl-SI","@id":"https:\/\/gradido.net\/pl\/gradido-garantiert-gleichberechtigung-von-mann-und-frau\/#primaryimage","url":"https:\/\/gradido.net\/wp-content\/uploads\/2021\/01\/chancengleichheit-scaled.jpg","contentUrl":"https:\/\/gradido.net\/wp-content\/uploads\/2021\/01\/chancengleichheit-scaled.jpg","width":2560,"height":1737},{"@type":"BreadcrumbList","@id":"https:\/\/gradido.net\/pl\/gradido-garantiert-gleichberechtigung-von-mann-und-frau\/#breadcrumb","itemListElement":[{"@type":"ListItem","position":1,"name":"Startseite","item":"https:\/\/gradido.net\/"},{"@type":"ListItem","position":2,"name":"Gradido garantiert Gleichberechtigung von Mann und Frau"}]},{"@type":"WebSite","@id":"https:\/\/gradido.net\/de\/#website","url":"https:\/\/gradido.net\/de\/","name":"Gradido","description":"Nova valuta je hvale\u017enost","publisher":{"@id":"https:\/\/gradido.net\/de\/#organization"},"potentialAction":[{"@type":"SearchAction","target":{"@type":"EntryPoint","urlTemplate":"https:\/\/gradido.net\/de\/?s={search_term_string}"},"query-input":{"@type":"PropertyValueSpecification","valueRequired":true,"valueName":"search_term_string"}}],"inLanguage":"sl-SI"},{"@type":"Organization","@id":"https:\/\/gradido.net\/de\/#organization","name":"Gradido","url":"https:\/\/gradido.net\/de\/","logo":{"@type":"ImageObject","inLanguage":"sl-SI","@id":"https:\/\/gradido.net\/de\/#\/schema\/logo\/image\/","url":"https:\/\/gradido.net\/wp-content\/uploads\/2022\/04\/gradido-social.jpg","contentUrl":"https:\/\/gradido.net\/wp-content\/uploads\/2022\/04\/gradido-social.jpg","width":527,"height":273,"caption":"Gradido"},"image":{"@id":"https:\/\/gradido.net\/de\/#\/schema\/logo\/image\/"}},{"@type":"Person","@id":"https:\/\/gradido.net\/de\/#\/schema\/person\/9c503a004ad15a1ddecadce2218db5d1","name":"Bernd H\u00fcckst\u00e4dt","sameAs":["https:\/\/gradido.net"],"url":"https:\/\/gradido.net\/sl\/author\/bernd\/"}]}},"_links":{"self":[{"href":"https:\/\/gradido.net\/sl\/wp-json\/wp\/v2\/posts\/1731","targetHints":{"allow":["GET"]}}],"collection":[{"href":"https:\/\/gradido.net\/sl\/wp-json\/wp\/v2\/posts"}],"about":[{"href":"https:\/\/gradido.net\/sl\/wp-json\/wp\/v2\/types\/post"}],"author":[{"embeddable":true,"href":"https:\/\/gradido.net\/sl\/wp-json\/wp\/v2\/users\/2"}],"replies":[{"embeddable":true,"href":"https:\/\/gradido.net\/sl\/wp-json\/wp\/v2\/comments?post=1731"}],"version-history":[{"count":10,"href":"https:\/\/gradido.net\/sl\/wp-json\/wp\/v2\/posts\/1731\/revisions"}],"predecessor-version":[{"id":3757,"href":"https:\/\/gradido.net\/sl\/wp-json\/wp\/v2\/posts\/1731\/revisions\/3757"}],"wp:featuredmedia":[{"embeddable":true,"href":"https:\/\/gradido.net\/sl\/wp-json\/wp\/v2\/media\/1718"}],"wp:attachment":[{"href":"https:\/\/gradido.net\/sl\/wp-json\/wp\/v2\/media?parent=1731"}],"wp:term":[{"taxonomy":"category","embeddable":true,"href":"https:\/\/gradido.net\/sl\/wp-json\/wp\/v2\/categories?post=1731"},{"taxonomy":"post_tag","embeddable":true,"href":"https:\/\/gradido.net\/sl\/wp-json\/wp\/v2\/tags?post=1731"}],"curies":[{"name":"wp","href":"https:\/\/api.w.org\/{rel}","templated":true}]}}