{"id":3636,"date":"2021-11-27T07:15:36","date_gmt":"2021-11-27T06:15:36","guid":{"rendered":"https:\/\/gradido.net\/?p=3636"},"modified":"2021-11-27T21:25:28","modified_gmt":"2021-11-27T20:25:28","slug":"episode-33","status":"publish","type":"post","link":"https:\/\/gradido.net\/sl\/episode-33\/","title":{"rendered":"Odli\u010dno sodelovanje: skupno zdravljenje"},"content":{"rendered":"<div data-elementor-type=\"wp-post\" data-elementor-id=\"3636\" class=\"elementor elementor-3636\" data-elementor-post-type=\"post\">\n\t\t\t\t\t\t<section class=\"elementor-section elementor-top-section elementor-element elementor-element-496e1d53 elementor-section-boxed elementor-section-height-default elementor-section-height-default\" data-id=\"496e1d53\" data-element_type=\"section\" data-e-type=\"section\">\n\t\t\t\t\t\t<div class=\"elementor-container elementor-column-gap-default\">\n\t\t\t\t\t<div class=\"elementor-column elementor-col-100 elementor-top-column elementor-element elementor-element-461d7be0\" data-id=\"461d7be0\" data-element_type=\"column\" data-e-type=\"column\">\n\t\t\t<div class=\"elementor-widget-wrap elementor-element-populated\">\n\t\t\t\t\t\t<div class=\"elementor-element elementor-element-cd9ebe2 elementor-widget elementor-widget-text-editor\" data-id=\"cd9ebe2\" data-element_type=\"widget\" data-e-type=\"widget\" data-widget_type=\"text-editor.default\">\n\t\t\t\t<div class=\"elementor-widget-container\">\n\t\t\t\t\t\t\t\t\t<h2>Gost: Corinna Veit<\/h2>\t\t\t\t\t\t\t\t<\/div>\n\t\t\t\t<\/div>\n\t\t\t\t\t<\/div>\n\t\t<\/div>\n\t\t\t\t\t<\/div>\n\t\t<\/section>\n\t\t\t\t<section class=\"elementor-section elementor-top-section elementor-element elementor-element-2f93e3c3 elementor-section-boxed elementor-section-height-default elementor-section-height-default\" data-id=\"2f93e3c3\" data-element_type=\"section\" data-e-type=\"section\">\n\t\t\t\t\t\t<div class=\"elementor-container elementor-column-gap-default\">\n\t\t\t\t\t<div class=\"elementor-column elementor-col-100 elementor-top-column elementor-element elementor-element-5a9dfd19\" data-id=\"5a9dfd19\" data-element_type=\"column\" data-e-type=\"column\">\n\t\t\t<div class=\"elementor-widget-wrap elementor-element-populated\">\n\t\t\t\t\t\t<div class=\"elementor-element elementor-element-9cdb6b8 elementor-widget elementor-widget-html\" data-id=\"9cdb6b8\" data-element_type=\"widget\" data-e-type=\"widget\" data-widget_type=\"html.default\">\n\t\t\t\t<div class=\"elementor-widget-container\">\n\t\t\t\t\t<script class=\"podigee-podcast-player\" src=\"https:\/\/player.podigee-cdn.net\/podcast-player\/javascripts\/podigee-podcast-player.js\" data-configuration=\"https:\/\/gradido.podigee.io\/33-neue-episode\/embed?context=external&token=ijI7AtQC4VjYJeQavHxtqg\"><\/script>\t\t\t\t<\/div>\n\t\t\t\t<\/div>\n\t\t\t\t\t<\/div>\n\t\t<\/div>\n\t\t\t\t\t<\/div>\n\t\t<\/section>\n\t\t\t\t<section class=\"elementor-section elementor-top-section elementor-element elementor-element-585c640 elementor-section-boxed elementor-section-height-default elementor-section-height-default\" data-id=\"585c640\" data-element_type=\"section\" data-e-type=\"section\">\n\t\t\t\t\t\t<div class=\"elementor-container elementor-column-gap-default\">\n\t\t\t\t\t<div class=\"elementor-column elementor-col-50 elementor-top-column elementor-element elementor-element-13c250b\" data-id=\"13c250b\" data-element_type=\"column\" data-e-type=\"column\">\n\t\t\t<div class=\"elementor-widget-wrap elementor-element-populated\">\n\t\t\t\t\t\t<div class=\"elementor-element elementor-element-0561949 elementor-widget elementor-widget-text-editor\" data-id=\"0561949\" data-element_type=\"widget\" data-e-type=\"widget\" data-widget_type=\"text-editor.default\">\n\t\t\t\t<div class=\"elementor-widget-container\">\n\t\t\t\t\t\t\t\t\t<p>Sodobni \u010das nas je oddaljil drug od drugega. \u017divimo med ljudmi, a pogosto svojih sosedov sploh ne poznamo, ali pa jih - kar je \u0161e huje - dojemamo kot potencialne sovra\u017enike. Vendar hrepenimo po skupnosti in sanjamo o zdravem svetu, v katerem lahko \u017eivimo skupaj kot \u010dlove\u0161ka dru\u017eina v miru, zavesti in spo\u0161tovanju.<\/p><p>Toda sistem temelji na delitvi, in to ne le od podjetja Corona. \u0160e posebej so v te\u017ekem polo\u017eaju domorodna ljudstva, ki jim tako imenovana civilizacija \u0161e ni odtujila ob\u010dutka za skupnost in povezanost. Kako se lahko zdru\u017eimo, \u010de nas tako mo\u010dne sile razdvajajo? Ker so pripadnost, varnost in naklonjenost temeljne \u010dlovekove potrebe, ki jih moramo zadovoljiti, \u010de \u017eelimo skupaj zgraditi zdrav in sre\u010den svet.\u00a0<\/p><p>Corinna Veit je novinarka, turisti\u010dna vodnica in organizatorka kongresov. Ker je odra\u0161\u010dala v veliki dru\u017eini, se je vedno zanimala za druge ljudi in se nau\u010dila ceniti vrednost povezanosti in povezanosti. Kot voditeljica je oblikovala 24-urni program bavarske regionalne radijske postaje. Vsako jutro se je vpra\u0161ala: \"Kako naj poro\u010dam tako, da bom ljudem pomagala dobro za\u010deti dan?<\/p><p>Na svojih \"potovanjih na sre\u010danja\" z ameri\u0161kimi domorodci in drugimi avtohtonimi ljudstvi se je veliko nau\u010dila o povezanosti ljudi in narave ter o tem, kako spo\u0161tljivo ravnati drug z drugim.<\/p><p>Ko je morala Corinna zaradi korone prekiniti potovanja na sre\u010danja, se je odlo\u010dila, da bo bogate izku\u0161nje svoje ve\u010dkulturne mre\u017ee dala na voljo vsem zainteresiranim v obliki spletnega kongresa. Kongres \"Skupaj zdravimo - skupaj zdravimo\" bo potekal na spletu od 10. do 20. februarja 2022. Prijavite se lahko na spodnji povezavi in si intervjuje ogledate v udobju svojega doma. Udele\u017eba je brezpla\u010dna.<\/p><p>Pozornost, spo\u0161tovanje in pripadnost - vrnimo se k tem globoko \u010dlove\u0161kim vrednotam! V nasprotnem primeru tvegamo, da jih bomo izgubili, zlasti v teh te\u017ekih \u010dasih, in na\u0161im otrokom zapustili ne\u010dlove\u0161ki svet. V \"velikem sodelovanju\" ljudi in sil, ki potrjujejo \u017eivljenje, skupaj zdravimo in spreminjamo na\u0161o \u010dudovito Zemljo nazaj v raj, kot je bila domnevno neko\u010d ustvarjena - za na\u0161e otroke in vse otroke sveta.<\/p><p>Levo:<\/p><p><a href=\"https:\/\/www.weltenwanderer.family\/\">Kongres \"Zdravljenje skupaj - zdravljenje skupaj\"<\/a><\/p><p><a href=\"https:\/\/www.imdb.com\/title\/tt0077750\/\">Ishi - zadnji iz svojega plemena<\/a><\/p>\t\t\t\t\t\t\t\t<\/div>\n\t\t\t\t<\/div>\n\t\t\t\t\t<\/div>\n\t\t<\/div>\n\t\t\t\t<div class=\"elementor-column elementor-col-50 elementor-top-column elementor-element elementor-element-e0d795e\" data-id=\"e0d795e\" data-element_type=\"column\" data-e-type=\"column\">\n\t\t\t<div class=\"elementor-widget-wrap elementor-element-populated\">\n\t\t\t\t\t\t<div class=\"elementor-element elementor-element-8c61bad elementor-widget elementor-widget-image\" data-id=\"8c61bad\" data-element_type=\"widget\" data-e-type=\"widget\" data-widget_type=\"image.default\">\n\t\t\t\t<div class=\"elementor-widget-container\">\n\t\t\t\t\t\t\t\t\t\t\t\t\t\t\t<img fetchpriority=\"high\" decoding=\"async\" width=\"800\" height=\"800\" src=\"https:\/\/gradido.net\/wp-content\/uploads\/2021\/11\/gradido_podcast_veit-1024x1024.jpg\" class=\"attachment-large size-large wp-image-3655\" alt=\"\" srcset=\"https:\/\/gradido.net\/wp-content\/uploads\/2021\/11\/gradido_podcast_veit-1024x1024.jpg 1024w, https:\/\/gradido.net\/wp-content\/uploads\/2021\/11\/gradido_podcast_veit-300x300.jpg 300w, https:\/\/gradido.net\/wp-content\/uploads\/2021\/11\/gradido_podcast_veit-150x150.jpg 150w, https:\/\/gradido.net\/wp-content\/uploads\/2021\/11\/gradido_podcast_veit-768x768.jpg 768w, https:\/\/gradido.net\/wp-content\/uploads\/2021\/11\/gradido_podcast_veit-1536x1536.jpg 1536w, https:\/\/gradido.net\/wp-content\/uploads\/2021\/11\/gradido_podcast_veit-2048x2048.jpg 2048w, https:\/\/gradido.net\/wp-content\/uploads\/2021\/11\/gradido_podcast_veit-12x12.jpg 12w\" sizes=\"(max-width: 800px) 100vw, 800px\" \/>\t\t\t\t\t\t\t\t\t\t\t\t\t\t\t<\/div>\n\t\t\t\t<\/div>\n\t\t\t\t<div class=\"elementor-element elementor-element-ceab137 elementor-widget elementor-widget-text-editor\" data-id=\"ceab137\" data-element_type=\"widget\" data-e-type=\"widget\" data-widget_type=\"text-editor.default\">\n\t\t\t\t<div class=\"elementor-widget-container\">\n\t\t\t\t\t\t\t\t\t<p><a href=\"https:\/\/youtu.be\/u9BCdhbyVuc\" target=\"_blank\" rel=\"noopener\">Poslu\u0161ajte na YouTubu<\/a><\/p>\t\t\t\t\t\t\t\t<\/div>\n\t\t\t\t<\/div>\n\t\t\t\t\t<\/div>\n\t\t<\/div>\n\t\t\t\t\t<\/div>\n\t\t<\/section>\n\t\t\t\t<section class=\"elementor-section elementor-top-section elementor-element elementor-element-d051609 elementor-section-boxed elementor-section-height-default elementor-section-height-default\" data-id=\"d051609\" data-element_type=\"section\" data-e-type=\"section\">\n\t\t\t\t\t\t<div class=\"elementor-container elementor-column-gap-default\">\n\t\t\t\t\t<div class=\"elementor-column elementor-col-100 elementor-top-column elementor-element elementor-element-13cc168\" data-id=\"13cc168\" data-element_type=\"column\" data-e-type=\"column\">\n\t\t\t<div class=\"elementor-widget-wrap elementor-element-populated\">\n\t\t\t\t\t\t<div class=\"elementor-element elementor-element-b43b3ee elementor-widget elementor-widget-heading\" data-id=\"b43b3ee\" data-element_type=\"widget\" data-e-type=\"widget\" data-widget_type=\"heading.default\">\n\t\t\t\t<div class=\"elementor-widget-container\">\n\t\t\t\t\t<h2 class=\"elementor-heading-title elementor-size-default\">Prepis (samodejno prevedeno)<\/h2>\t\t\t\t<\/div>\n\t\t\t\t<\/div>\n\t\t\t\t\t<\/div>\n\t\t<\/div>\n\t\t\t\t\t<\/div>\n\t\t<\/section>\n\t\t\t\t<section class=\"elementor-section elementor-top-section elementor-element elementor-element-474427c elementor-section-boxed elementor-section-height-default elementor-section-height-default\" data-id=\"474427c\" data-element_type=\"section\" data-e-type=\"section\">\n\t\t\t\t\t\t<div class=\"elementor-container elementor-column-gap-default\">\n\t\t\t\t\t<div class=\"elementor-column elementor-col-100 elementor-top-column elementor-element elementor-element-6041f12\" data-id=\"6041f12\" data-element_type=\"column\" data-e-type=\"column\">\n\t\t\t<div class=\"elementor-widget-wrap elementor-element-populated\">\n\t\t\t\t\t\t\t<\/div>\n\t\t<\/div>\n\t\t\t\t\t<\/div>\n\t\t<\/section>\n\t\t\t\t<\/div>","protected":false},"excerpt":{"rendered":"<p>Heil und gl\u00fccklich leben k\u00f6nnen wir nur in der Gemeinschaft, denn dies entspricht der menschlichen Natur. Das soziale Umfeld, in dem wir Zugeh\u00f6rigkeit und Geborgenheit erfahren, hat enormen Einfluss auf die Gesundheit. Corinna Veit tr\u00e4gt in ihrem Kongress das Wissen und die Erfahrungen der verschiedenen Kulturen zu diesem Thema zusammen [56:03]<\/p>\n","protected":false},"author":12,"featured_media":3634,"comment_status":"closed","ping_status":"closed","sticky":false,"template":"","format":"standard","meta":{"footnotes":""},"categories":[19],"tags":[16],"class_list":["post-3636","post","type-post","status-publish","format-standard","has-post-thumbnail","hentry","category-podcast","tag-grundeinkommen"],"yoast_head":"<!-- This site is optimized with the Yoast SEO plugin v27.5 - https:\/\/yoast.com\/product\/yoast-seo-wordpress\/ -->\n<title>Great Cooperation: gemeinsam heilsam - Gradido<\/title>\n<meta name=\"robots\" content=\"index, follow, max-snippet:-1, max-image-preview:large, max-video-preview:-1\" \/>\n<link rel=\"canonical\" href=\"https:\/\/gradido.net\/sl\/episode-33\/\" \/>\n<meta property=\"og:locale\" content=\"sl_SI\" \/>\n<meta property=\"og:type\" content=\"article\" \/>\n<meta property=\"og:title\" content=\"Great Cooperation: gemeinsam heilsam - Gradido\" \/>\n<meta property=\"og:description\" content=\"Heil und gl\u00fccklich leben k\u00f6nnen wir nur in der Gemeinschaft, denn dies entspricht der menschlichen Natur. Das soziale Umfeld, in dem wir Zugeh\u00f6rigkeit und Geborgenheit erfahren, hat enormen Einfluss auf die Gesundheit. Corinna Veit tr\u00e4gt in ihrem Kongress das Wissen und die Erfahrungen der verschiedenen Kulturen zu diesem Thema zusammen [56:03]\" \/>\n<meta property=\"og:url\" content=\"https:\/\/gradido.net\/sl\/episode-33\/\" \/>\n<meta property=\"og:site_name\" content=\"Gradido\" \/>\n<meta property=\"article:published_time\" content=\"2021-11-27T06:15:36+00:00\" \/>\n<meta property=\"article:modified_time\" content=\"2021-11-27T20:25:28+00:00\" \/>\n<meta property=\"og:image\" content=\"https:\/\/gradido.net\/wp-content\/uploads\/2021\/11\/podcast_www_veith.jpg\" \/>\n\t<meta property=\"og:image:width\" content=\"1458\" \/>\n\t<meta property=\"og:image:height\" content=\"990\" \/>\n\t<meta property=\"og:image:type\" content=\"image\/jpeg\" \/>\n<meta name=\"author\" content=\"Philipp Kessler\" \/>\n<meta name=\"twitter:card\" content=\"summary_large_image\" \/>\n<meta name=\"twitter:label1\" content=\"Written by\" \/>\n\t<meta name=\"twitter:data1\" content=\"Philipp Kessler\" \/>\n\t<meta name=\"twitter:label2\" content=\"Est. reading time\" \/>\n\t<meta name=\"twitter:data2\" content=\"2 minuti\" \/>\n<script type=\"application\/ld+json\" class=\"yoast-schema-graph\">{\"@context\":\"https:\\\/\\\/schema.org\",\"@graph\":[{\"@type\":\"Article\",\"@id\":\"https:\\\/\\\/gradido.net\\\/sk\\\/episode-33\\\/#article\",\"isPartOf\":{\"@id\":\"https:\\\/\\\/gradido.net\\\/sk\\\/episode-33\\\/\"},\"author\":{\"name\":\"Philipp Kessler\",\"@id\":\"https:\\\/\\\/gradido.net\\\/de\\\/#\\\/schema\\\/person\\\/f57399104ec77f2a2d5a68f479b0492f\"},\"headline\":\"Great Cooperation: gemeinsam heilsam\",\"datePublished\":\"2021-11-27T06:15:36+00:00\",\"dateModified\":\"2021-11-27T20:25:28+00:00\",\"mainEntityOfPage\":{\"@id\":\"https:\\\/\\\/gradido.net\\\/sk\\\/episode-33\\\/\"},\"wordCount\":385,\"publisher\":{\"@id\":\"https:\\\/\\\/gradido.net\\\/de\\\/#organization\"},\"image\":{\"@id\":\"https:\\\/\\\/gradido.net\\\/sk\\\/episode-33\\\/#primaryimage\"},\"thumbnailUrl\":\"https:\\\/\\\/gradido.net\\\/wp-content\\\/uploads\\\/2021\\\/11\\\/podcast_www_veith.jpg\",\"keywords\":[\"Grundeinkommen\"],\"articleSection\":[\"Podcast\"],\"inLanguage\":\"sl-SI\"},{\"@type\":\"WebPage\",\"@id\":\"https:\\\/\\\/gradido.net\\\/sk\\\/episode-33\\\/\",\"url\":\"https:\\\/\\\/gradido.net\\\/sk\\\/episode-33\\\/\",\"name\":\"Great Cooperation: gemeinsam heilsam - Gradido\",\"isPartOf\":{\"@id\":\"https:\\\/\\\/gradido.net\\\/de\\\/#website\"},\"primaryImageOfPage\":{\"@id\":\"https:\\\/\\\/gradido.net\\\/sk\\\/episode-33\\\/#primaryimage\"},\"image\":{\"@id\":\"https:\\\/\\\/gradido.net\\\/sk\\\/episode-33\\\/#primaryimage\"},\"thumbnailUrl\":\"https:\\\/\\\/gradido.net\\\/wp-content\\\/uploads\\\/2021\\\/11\\\/podcast_www_veith.jpg\",\"datePublished\":\"2021-11-27T06:15:36+00:00\",\"dateModified\":\"2021-11-27T20:25:28+00:00\",\"breadcrumb\":{\"@id\":\"https:\\\/\\\/gradido.net\\\/sk\\\/episode-33\\\/#breadcrumb\"},\"inLanguage\":\"sl-SI\",\"potentialAction\":[{\"@type\":\"ReadAction\",\"target\":[\"https:\\\/\\\/gradido.net\\\/sk\\\/episode-33\\\/\"]}]},{\"@type\":\"ImageObject\",\"inLanguage\":\"sl-SI\",\"@id\":\"https:\\\/\\\/gradido.net\\\/sk\\\/episode-33\\\/#primaryimage\",\"url\":\"https:\\\/\\\/gradido.net\\\/wp-content\\\/uploads\\\/2021\\\/11\\\/podcast_www_veith.jpg\",\"contentUrl\":\"https:\\\/\\\/gradido.net\\\/wp-content\\\/uploads\\\/2021\\\/11\\\/podcast_www_veith.jpg\",\"width\":1458,\"height\":990},{\"@type\":\"BreadcrumbList\",\"@id\":\"https:\\\/\\\/gradido.net\\\/sk\\\/episode-33\\\/#breadcrumb\",\"itemListElement\":[{\"@type\":\"ListItem\",\"position\":1,\"name\":\"Startseite\",\"item\":\"https:\\\/\\\/gradido.net\\\/\"},{\"@type\":\"ListItem\",\"position\":2,\"name\":\"Great Cooperation: gemeinsam heilsam\"}]},{\"@type\":\"WebSite\",\"@id\":\"https:\\\/\\\/gradido.net\\\/de\\\/#website\",\"url\":\"https:\\\/\\\/gradido.net\\\/de\\\/\",\"name\":\"Gradido\",\"description\":\"Die neue W\u00e4hrung hei\u00dft Dankbarkeit\",\"publisher\":{\"@id\":\"https:\\\/\\\/gradido.net\\\/de\\\/#organization\"},\"potentialAction\":[{\"@type\":\"SearchAction\",\"target\":{\"@type\":\"EntryPoint\",\"urlTemplate\":\"https:\\\/\\\/gradido.net\\\/de\\\/?s={search_term_string}\"},\"query-input\":{\"@type\":\"PropertyValueSpecification\",\"valueRequired\":true,\"valueName\":\"search_term_string\"}}],\"inLanguage\":\"sl-SI\"},{\"@type\":\"Organization\",\"@id\":\"https:\\\/\\\/gradido.net\\\/de\\\/#organization\",\"name\":\"Gradido\",\"url\":\"https:\\\/\\\/gradido.net\\\/de\\\/\",\"logo\":{\"@type\":\"ImageObject\",\"inLanguage\":\"sl-SI\",\"@id\":\"https:\\\/\\\/gradido.net\\\/de\\\/#\\\/schema\\\/logo\\\/image\\\/\",\"url\":\"https:\\\/\\\/gradido.net\\\/wp-content\\\/uploads\\\/2022\\\/04\\\/gradido-social.jpg\",\"contentUrl\":\"https:\\\/\\\/gradido.net\\\/wp-content\\\/uploads\\\/2022\\\/04\\\/gradido-social.jpg\",\"width\":527,\"height\":273,\"caption\":\"Gradido\"},\"image\":{\"@id\":\"https:\\\/\\\/gradido.net\\\/de\\\/#\\\/schema\\\/logo\\\/image\\\/\"}},{\"@type\":\"Person\",\"@id\":\"https:\\\/\\\/gradido.net\\\/de\\\/#\\\/schema\\\/person\\\/f57399104ec77f2a2d5a68f479b0492f\",\"name\":\"Philipp Kessler\",\"url\":\"https:\\\/\\\/gradido.net\\\/sl\\\/author\\\/philipp\\\/\"}]}<\/script>\n<!-- \/ Yoast SEO plugin. -->","yoast_head_json":{"title":"Veliko sodelovanje: skupno zdravljenje - Gradido","robots":{"index":"index","follow":"follow","max-snippet":"max-snippet:-1","max-image-preview":"max-image-preview:large","max-video-preview":"max-video-preview:-1"},"canonical":"https:\/\/gradido.net\/sl\/episode-33\/","og_locale":"sl_SI","og_type":"article","og_title":"Great Cooperation: gemeinsam heilsam - Gradido","og_description":"Heil und gl\u00fccklich leben k\u00f6nnen wir nur in der Gemeinschaft, denn dies entspricht der menschlichen Natur. Das soziale Umfeld, in dem wir Zugeh\u00f6rigkeit und Geborgenheit erfahren, hat enormen Einfluss auf die Gesundheit. Corinna Veit tr\u00e4gt in ihrem Kongress das Wissen und die Erfahrungen der verschiedenen Kulturen zu diesem Thema zusammen [56:03]","og_url":"https:\/\/gradido.net\/sl\/episode-33\/","og_site_name":"Gradido","article_published_time":"2021-11-27T06:15:36+00:00","article_modified_time":"2021-11-27T20:25:28+00:00","og_image":[{"width":1458,"height":990,"url":"https:\/\/gradido.net\/wp-content\/uploads\/2021\/11\/podcast_www_veith.jpg","type":"image\/jpeg"}],"author":"Philipp Kessler","twitter_card":"summary_large_image","twitter_misc":{"Written by":"Philipp Kessler","Est. reading time":"2 minuti"},"schema":{"@context":"https:\/\/schema.org","@graph":[{"@type":"Article","@id":"https:\/\/gradido.net\/sk\/episode-33\/#article","isPartOf":{"@id":"https:\/\/gradido.net\/sk\/episode-33\/"},"author":{"name":"Philipp Kessler","@id":"https:\/\/gradido.net\/de\/#\/schema\/person\/f57399104ec77f2a2d5a68f479b0492f"},"headline":"Great Cooperation: gemeinsam heilsam","datePublished":"2021-11-27T06:15:36+00:00","dateModified":"2021-11-27T20:25:28+00:00","mainEntityOfPage":{"@id":"https:\/\/gradido.net\/sk\/episode-33\/"},"wordCount":385,"publisher":{"@id":"https:\/\/gradido.net\/de\/#organization"},"image":{"@id":"https:\/\/gradido.net\/sk\/episode-33\/#primaryimage"},"thumbnailUrl":"https:\/\/gradido.net\/wp-content\/uploads\/2021\/11\/podcast_www_veith.jpg","keywords":["Grundeinkommen"],"articleSection":["Podcast"],"inLanguage":"sl-SI"},{"@type":"WebPage","@id":"https:\/\/gradido.net\/sk\/episode-33\/","url":"https:\/\/gradido.net\/sk\/episode-33\/","name":"Veliko sodelovanje: skupno zdravljenje - Gradido","isPartOf":{"@id":"https:\/\/gradido.net\/de\/#website"},"primaryImageOfPage":{"@id":"https:\/\/gradido.net\/sk\/episode-33\/#primaryimage"},"image":{"@id":"https:\/\/gradido.net\/sk\/episode-33\/#primaryimage"},"thumbnailUrl":"https:\/\/gradido.net\/wp-content\/uploads\/2021\/11\/podcast_www_veith.jpg","datePublished":"2021-11-27T06:15:36+00:00","dateModified":"2021-11-27T20:25:28+00:00","breadcrumb":{"@id":"https:\/\/gradido.net\/sk\/episode-33\/#breadcrumb"},"inLanguage":"sl-SI","potentialAction":[{"@type":"ReadAction","target":["https:\/\/gradido.net\/sk\/episode-33\/"]}]},{"@type":"ImageObject","inLanguage":"sl-SI","@id":"https:\/\/gradido.net\/sk\/episode-33\/#primaryimage","url":"https:\/\/gradido.net\/wp-content\/uploads\/2021\/11\/podcast_www_veith.jpg","contentUrl":"https:\/\/gradido.net\/wp-content\/uploads\/2021\/11\/podcast_www_veith.jpg","width":1458,"height":990},{"@type":"BreadcrumbList","@id":"https:\/\/gradido.net\/sk\/episode-33\/#breadcrumb","itemListElement":[{"@type":"ListItem","position":1,"name":"Startseite","item":"https:\/\/gradido.net\/"},{"@type":"ListItem","position":2,"name":"Great Cooperation: gemeinsam heilsam"}]},{"@type":"WebSite","@id":"https:\/\/gradido.net\/de\/#website","url":"https:\/\/gradido.net\/de\/","name":"Gradido","description":"Nova valuta je hvale\u017enost","publisher":{"@id":"https:\/\/gradido.net\/de\/#organization"},"potentialAction":[{"@type":"SearchAction","target":{"@type":"EntryPoint","urlTemplate":"https:\/\/gradido.net\/de\/?s={search_term_string}"},"query-input":{"@type":"PropertyValueSpecification","valueRequired":true,"valueName":"search_term_string"}}],"inLanguage":"sl-SI"},{"@type":"Organization","@id":"https:\/\/gradido.net\/de\/#organization","name":"Gradido","url":"https:\/\/gradido.net\/de\/","logo":{"@type":"ImageObject","inLanguage":"sl-SI","@id":"https:\/\/gradido.net\/de\/#\/schema\/logo\/image\/","url":"https:\/\/gradido.net\/wp-content\/uploads\/2022\/04\/gradido-social.jpg","contentUrl":"https:\/\/gradido.net\/wp-content\/uploads\/2022\/04\/gradido-social.jpg","width":527,"height":273,"caption":"Gradido"},"image":{"@id":"https:\/\/gradido.net\/de\/#\/schema\/logo\/image\/"}},{"@type":"Person","@id":"https:\/\/gradido.net\/de\/#\/schema\/person\/f57399104ec77f2a2d5a68f479b0492f","name":"Philipp Kessler","url":"https:\/\/gradido.net\/sl\/author\/philipp\/"}]}},"_links":{"self":[{"href":"https:\/\/gradido.net\/sl\/wp-json\/wp\/v2\/posts\/3636","targetHints":{"allow":["GET"]}}],"collection":[{"href":"https:\/\/gradido.net\/sl\/wp-json\/wp\/v2\/posts"}],"about":[{"href":"https:\/\/gradido.net\/sl\/wp-json\/wp\/v2\/types\/post"}],"author":[{"embeddable":true,"href":"https:\/\/gradido.net\/sl\/wp-json\/wp\/v2\/users\/12"}],"replies":[{"embeddable":true,"href":"https:\/\/gradido.net\/sl\/wp-json\/wp\/v2\/comments?post=3636"}],"version-history":[{"count":26,"href":"https:\/\/gradido.net\/sl\/wp-json\/wp\/v2\/posts\/3636\/revisions"}],"predecessor-version":[{"id":3665,"href":"https:\/\/gradido.net\/sl\/wp-json\/wp\/v2\/posts\/3636\/revisions\/3665"}],"wp:featuredmedia":[{"embeddable":true,"href":"https:\/\/gradido.net\/sl\/wp-json\/wp\/v2\/media\/3634"}],"wp:attachment":[{"href":"https:\/\/gradido.net\/sl\/wp-json\/wp\/v2\/media?parent=3636"}],"wp:term":[{"taxonomy":"category","embeddable":true,"href":"https:\/\/gradido.net\/sl\/wp-json\/wp\/v2\/categories?post=3636"},{"taxonomy":"post_tag","embeddable":true,"href":"https:\/\/gradido.net\/sl\/wp-json\/wp\/v2\/tags?post=3636"}],"curies":[{"name":"wp","href":"https:\/\/api.w.org\/{rel}","templated":true}]}}