{"id":6017,"date":"2023-01-01T00:17:31","date_gmt":"2022-12-31T23:17:31","guid":{"rendered":"https:\/\/gradido.net\/?p=6017"},"modified":"2026-04-24T08:09:27","modified_gmt":"2026-04-24T06:09:27","slug":"gradido-konto-2023-neues-design-und-dezentrale-communities","status":"publish","type":"post","link":"https:\/\/gradido.net\/sl\/gradido-konto-2023-neues-design-und-dezentrale-communities\/","title":{"rendered":"Gradido account 2023: nova zasnova in decentralizirane skupnosti"},"content":{"rendered":"<div data-elementor-type=\"wp-post\" data-elementor-id=\"6017\" class=\"elementor elementor-6017\" data-elementor-post-type=\"post\">\n\t\t\t\t\t\t<section class=\"elementor-section elementor-top-section elementor-element elementor-element-496e1d53 elementor-section-boxed elementor-section-height-default elementor-section-height-default\" data-id=\"496e1d53\" data-element_type=\"section\" data-e-type=\"section\">\n\t\t\t\t\t\t<div class=\"elementor-container elementor-column-gap-default\">\n\t\t\t\t\t<div class=\"elementor-column elementor-col-100 elementor-top-column elementor-element elementor-element-461d7be0\" data-id=\"461d7be0\" data-element_type=\"column\" data-e-type=\"column\">\n\t\t\t<div class=\"elementor-widget-wrap elementor-element-populated\">\n\t\t\t\t\t\t<div class=\"elementor-element elementor-element-cd9ebe2 elementor-widget elementor-widget-text-editor\" data-id=\"cd9ebe2\" data-element_type=\"widget\" data-e-type=\"widget\" data-widget_type=\"text-editor.default\">\n\t\t\t\t<div class=\"elementor-widget-container\">\n\t\t\t\t\t\t\t\t\t<p style=\"text-align: right;\"><em>\"Ob\u010dudujemo lepoto metulja, vendar se le redko zavedamo sprememb, ki jih je moral prestati, da je postal tako lep.\"<\/em><br \/><em>\u00a0<\/em><br \/><em>- Maya Angelou <br \/>ameri\u0161ki pisatelj, profesor in aktivist za \u010dlovekove pravice <br \/>1928\u20132014<\/em><\/p><p style=\"text-align: left;\">Dragi bralec,<\/p><p>Preden se lotimo dana\u0161nje pomembne teme, nam dovolite zastaviti vpra\u0161anje:<\/p><h4>\"Ali ste celica Imago\"?<\/h4><p>Imago - Kaj????<br \/>Ko se gosenica kon\u010da, se - sprva ob\u010dasno - oblikujejo nove vrste celic, ki \u017ee nosijo podobo barvitega metulja, polnega \u017eivljenja. Imenujejo se \"imago celice\". Sprva se proti njim ostro borijo stare celice gosenic. S\u010dasoma pa je celic Imago vedno ve\u010d. Prepoznajo se in se pove\u017eejo. Ustvarjajo vzporedne strukture in se v gosenicah \u010dim bolje po\u010dutijo. Vsaka celica Imaga prina\u0161a v skupnost svoje posebne sposobnosti. Postopoma se nove celi\u010dne skupnosti pove\u010dujejo in postajajo \u0161tevil\u010dnej\u0161e. Kot gobe se pojavljajo povsod in se povezujejo v eno veliko celoto, dokler stare gosenice ni ve\u010d. Nato se naenkrat iz kukle izvali \u010dudovit metulj in se z lahkoto in veseljem dvigne v zrak.<\/p>\t\t\t\t\t\t\t\t<\/div>\n\t\t\t\t<\/div>\n\t\t\t\t<div class=\"elementor-element elementor-element-f16312a elementor-widget elementor-widget-image\" data-id=\"f16312a\" data-element_type=\"widget\" data-e-type=\"widget\" data-widget_type=\"image.default\">\n\t\t\t\t<div class=\"elementor-widget-container\">\n\t\t\t\t\t\t\t\t\t\t\t\t\t\t\t<img fetchpriority=\"high\" decoding=\"async\" width=\"1200\" height=\"288\" src=\"https:\/\/gradido.net\/wp-content\/uploads\/2022\/12\/Raupe-Schmetterling.jpg\" class=\"attachment-full size-full wp-image-6023\" alt=\"Metamorfoza od gosenice do metulja\" srcset=\"https:\/\/gradido.net\/wp-content\/uploads\/2022\/12\/Raupe-Schmetterling.jpg 1200w, https:\/\/gradido.net\/wp-content\/uploads\/2022\/12\/Raupe-Schmetterling-300x72.jpg 300w, https:\/\/gradido.net\/wp-content\/uploads\/2022\/12\/Raupe-Schmetterling-1024x246.jpg 1024w, https:\/\/gradido.net\/wp-content\/uploads\/2022\/12\/Raupe-Schmetterling-768x184.jpg 768w, https:\/\/gradido.net\/wp-content\/uploads\/2022\/12\/Raupe-Schmetterling-18x4.jpg 18w\" sizes=\"(max-width: 1200px) 100vw, 1200px\" \/>\t\t\t\t\t\t\t\t\t\t\t\t\t\t\t<\/div>\n\t\t\t\t<\/div>\n\t\t\t\t<div class=\"elementor-element elementor-element-17272f9 elementor-widget elementor-widget-text-editor\" data-id=\"17272f9\" data-element_type=\"widget\" data-e-type=\"widget\" data-widget_type=\"text-editor.default\">\n\t\t\t\t<div class=\"elementor-widget-container\">\n\t\t\t\t\t\t\t\t\t<p>Ali ste tudi vi celica Imago? Da? Potem boste opazili, da sre\u010dujete vedno ve\u010d ljudi, ki - vsak na svoj na\u010din - prispevajo k metamorfozi starega sistema gosenic v novo obdobje metuljev \u010dlove\u0161ke dru\u017eine.<\/p><p><strong>Novi \u010das bodo zaznamovali spo\u0161tovanje, hvale\u017enost in ljube\u010da povezanost - in to med zelo razli\u010dnimi ljudmi.<\/strong><\/p><p>Do takrat pa je treba storiti \u0161e veliko korakov. Medtem ko je vse dra\u017eje in bolj negotovo, se v tujini zapravljajo milijarde dolarjev, stari dol\u017eni\u0161ko-denarni sistem se sesuva z vedno glasnej\u0161im trkom, obi\u010dajni osumljenci pa so <a href=\"https:\/\/www.centerforhealthsecurity.org\/our-work\/exercises\/2022-catastrophic-contagion\/\" target=\"_blank\" rel=\"noopener\">naslednja katastrofalna pandemija<\/a> vaje - tokrat s poudarkom na na\u0161ih otrocih(!) - se pojavi zaskrbljujo\u010de vpra\u0161anje:<\/p><p><strong>Ali bomo na dan X, ko bo Gradido potreben po vsem svetu, pripravljeni skupaj vzpostaviti pravi\u010den in miroljuben monetarni in gospodarski sistem na Zemlji - zaradi nas samih, na\u0161ih otrok in vseh otrok Zemlje?<\/strong>\u00a0<\/p><p>Pogosto so ti\u0161ji ljudje tisti, ki tiho, prizadevno ter s srcem in du\u0161o ustvarjajo temelje za velik razvoj. Na\u0161 <a href=\"https:\/\/gradido.net\/sl\/team\/\">Razvijalec<\/a> v preteklih mesecih opravili veliko pripravljalnega dela, ki se bo uresni\u010dilo leta 2023. Po eni strani za razvoj izbirajo najvarnej\u0161e tehnologije, po drugi strani pa se trudijo, da bi bilo delovanje za uporabnike \u010dim bolj preprosto in intuitivno. Morda ste tudi vi \u017ee opazili, da se vedno la\u017eje gibljete in da skoraj ne potrebujete ve\u010d podpore?<\/p><p><strong>Ljudi Imago je veliko in rastejo. Niso vsi vklju\u010deni v miroljubno preoblikovanje finan\u010dnega sistema, \u0161e vedno pa jih le malo razume, da je to Arhimedova to\u010dka, pri kateri moramo potegniti vzvod za spremembo - osvoboditev \u010dlove\u0161ke dru\u017eine.<\/strong><\/p>\t\t\t\t\t\t\t\t<\/div>\n\t\t\t\t<\/div>\n\t\t\t\t<div class=\"elementor-element elementor-element-483438c elementor-widget elementor-widget-image\" data-id=\"483438c\" data-element_type=\"widget\" data-e-type=\"widget\" data-widget_type=\"image.default\">\n\t\t\t\t<div class=\"elementor-widget-container\">\n\t\t\t\t\t\t\t\t\t\t\t\t\t\t\t<img decoding=\"async\" width=\"1300\" height=\"600\" src=\"https:\/\/gradido.net\/wp-content\/uploads\/2022\/12\/Hebel_Archimedes.jpg\" class=\"attachment-full size-full wp-image-6033\" alt=\"\" srcset=\"https:\/\/gradido.net\/wp-content\/uploads\/2022\/12\/Hebel_Archimedes.jpg 1300w, https:\/\/gradido.net\/wp-content\/uploads\/2022\/12\/Hebel_Archimedes-300x138.jpg 300w, https:\/\/gradido.net\/wp-content\/uploads\/2022\/12\/Hebel_Archimedes-1024x473.jpg 1024w, https:\/\/gradido.net\/wp-content\/uploads\/2022\/12\/Hebel_Archimedes-768x354.jpg 768w, https:\/\/gradido.net\/wp-content\/uploads\/2022\/12\/Hebel_Archimedes-18x8.jpg 18w\" sizes=\"(max-width: 1300px) 100vw, 1300px\" \/>\t\t\t\t\t\t\t\t\t\t\t\t\t\t\t<\/div>\n\t\t\t\t<\/div>\n\t\t\t\t<div class=\"elementor-element elementor-element-b136aa9 elementor-widget elementor-widget-text-editor\" data-id=\"b136aa9\" data-element_type=\"widget\" data-e-type=\"widget\" data-widget_type=\"text-editor.default\">\n\t\t\t\t<div class=\"elementor-widget-container\">\n\t\t\t\t\t\t\t\t\t<p>Kajti kdor ima mo\u010d nad denarjem, ima mo\u010d. Ali povedano druga\u010de:<\/p><p style=\"text-align: right;\"><strong><em>\"Dajte mi nadzor nad dr\u017eavno valuto in vseeno mi je, kdo sprejema zakone!\"<\/em><\/strong><\/p><p style=\"text-align: right;\"><em>- Mayer Amschel Rothschild<\/em><br \/><em>(1744-1812), nem\u0161ki plemi\u010d in bankir<\/em><\/p><p>Z Gradidom imamo kot \u010dlove\u0161ka dru\u017eina v rokah orodja, s katerimi lahko ponovno pridobimo nadzor nad denarjem ter ustvarimo blaginjo in mir za vse - v so\u017eitju z naravo. To se za\u010dne z ustvarjanjem denarja s strani vsakega posameznika v decentraliziranih mre\u017enih skupnostih, preko svobode s pomo\u010djo samoustvarjenega aktivnega temeljnega dohodka do sociokratskih struktur odlo\u010danja o uporabi javnega prora\u010duna ter izravnalnega in okoljskega sklada.<\/p><p>Da bi se Gradido zlahka raz\u0161iril, mora biti zabaven. Tako postane privla\u010den tudi za mlade. Lahko postane enostavno uporabno igrivo orodje za razvoj potenciala, samozavesti in ustvarjalnosti.<\/p><p><strong>V zameno za to je ra\u010dun Gradido dobil sodobno privla\u010dno svetlo okroglo obliko, ki je tako univerzalno zasnovana, da je \u0161e vedno odprta za \u0161tevilne prihodnje funkcije, ki jih je treba \u0161e uresni\u010diti.<\/strong><\/p><p>Prvotno naj bi bilo to bo\u017ei\u010dno darilo za skupnost Gradido. Zdaj lahko po\u010dakamo do sredine januarja in do takrat u\u017eivamo v pri\u010dakovanju. \ud83d\ude0a<\/p><h3>Oglejmo si, kaj so na\u0161i programerji dosegli v preteklem letu<\/h3><p>Leta 2022 so bile razvite naslednje funkcije:<\/p><ol><li>Nova doma\u010da stran v odzivnem dizajnu (primerna za ra\u010dunalnik in mobilni telefon)<\/li><li>Ve\u010djezi\u010dnost<\/li><li>Vklju\u010denih pet jezikov, pripravljajo \u0161e dva.<\/li><li>Povezava Gradido in koda QR: preprosto po\u0161ljite na katerikoli Gradido<\/li><li>Avtomatizirane povezave in kode QR za za\u010detne kredite itd.<\/li><li>Prispevke za skupno dobro vnesite neposredno na ra\u010dun.<\/li><li>dialog z uporabniki prek poizvedb o prispevkih za skupno dobro<\/li><li>E-po\u0161tna obvestila ob komentiranju in potrjevanju skupnih dobrih objav<\/li><li>Veliko ve\u010d izbolj\u0161av<\/li><li>Priprava decentraliziranih stre\u017enikov skupnosti<\/li><li>Priprava nove zasnove<\/li><li>Samodejni testi<\/li><li>LogFiles, tj. bele\u017eenje ve\u010dine dejanj, da bi lahko hitro izsledili morebitne napake.<\/li><\/ol><p><span style=\"color: #ffffff;\">.<\/span><\/p><p>Zadnji dve to\u010dki predstavljata ogromno delo, od katerega ste verjetno imeli veliko koristi, ne da bi se tega zavedali.<\/p><p><strong>Ali pa ste opazili,<\/strong><\/p><ul><li>da je programska oprema zanesljivo delovala tudi po vseh \u0161tevilnih nadgradnjah,<\/li><li>da ni bilo opaznih hekerskih napadov,<\/li><li>da je bil ra\u010dun Gradido prakti\u010dno vedno na spletu,<\/li><li>da bi lahko brez te\u017eav po\u0161iljali in prejemali Gradido prek povezav (s spremnim besedilom) in kod QR?<\/li><\/ul><p><span style=\"color: #ffffff;\">.<\/span><\/p><p>Da bi zagotovili tako visoko raven varnosti, hkrati napi\u0161emo tudi samodejne teste za prakti\u010dno vse funkcije. Trenutna pokritost s testi je na ve\u010dini obmo\u010dij pribli\u017eno 95%. Vsaka sprememba mora najprej prestati vse teste, sicer ne bo pri\u0161la v programsko opremo.<\/p><h2>Iz srca se vam zahvaljujemo<\/h2><p>Vse to dolgujemo na\u0161i \u010dudoviti skupnosti, vam, dragi Imagovci, ki ste s svojimi velikodu\u0161nimi prispevki in \u010dlanstvom zagotovili, da lahko na\u0161i programerji opravljajo svoje dragoceno delo. \u010cutimo, da vam gre za srce. Dajete nam gotovost, da smo skupaj na pravi poti.<\/p><p>Iz srca se vam zahvaljujemo za va\u0161e prispevke podpore v ve\u010dkratnikih GradidoTransform. Kot verjetno \u017ee veste, na va\u0161 ra\u010dun Gradido za vsak evro naka\u017eemo vsaj 15 GDT. Od 1.000 \u20ac je 16-kratnik, od 10.000 \u20ac pa celo 18-kratnik. GradidoTransform (GDT) so to\u010dke hvale\u017enosti za \u010das transformacije. V nasprotju z Gradidom niso podvr\u017eeni minljivosti. Slu\u017eijo preobrazbi in se lahko pozneje pretvorijo v razmerju 1:1 v Gradido - \u010dudovit \"za\u010detni kapital\" za novi \u010das.<\/p><h3>Akcija \"Hvale\u017een marec 23\" - Plus 23% GDT na 23.03.23<\/h3><p>23. marca 2023 bomo stanje na vseh ra\u010dunih GDT pove\u010dali za dodatnih 23 %. V promociji bodo sodelovali vsi prispevki za financiranje, prejeti do polno\u010di na ta dan.<\/p><p>S tem konceptom financiranja bi se radi \u0161e posebej zahvalili \u010dudovitim ljudem, ki Gradido podpirajo \u017ee v trenutni fazi projekta in mu tako zaupajo.<\/p>\t\t\t\t\t\t\t\t<\/div>\n\t\t\t\t<\/div>\n\t\t\t\t<div class=\"elementor-element elementor-element-4408cdf elementor-align-center elementor-widget elementor-widget-button\" data-id=\"4408cdf\" data-element_type=\"widget\" data-e-type=\"widget\" data-widget_type=\"button.default\">\n\t\t\t\t<div class=\"elementor-widget-container\">\n\t\t\t\t\t\t\t\t\t<div class=\"elementor-button-wrapper\">\n\t\t\t\t\t<a class=\"elementor-button elementor-button-link elementor-size-sm\" href=\"\/sl\/donations\/\">\n\t\t\t\t\t\t<span class=\"elementor-button-content-wrapper\">\n\t\t\t\t\t\t\t\t\t<span class=\"elementor-button-text\">Spodbujajte zdaj in si zagotovite GDT!<\/span>\n\t\t\t\t\t<\/span>\n\t\t\t\t\t<\/a>\n\t\t\t\t<\/div>\n\t\t\t\t\t\t\t\t<\/div>\n\t\t\t\t<\/div>\n\t\t\t\t<div class=\"elementor-element elementor-element-d74dfa0 elementor-widget elementor-widget-text-editor\" data-id=\"d74dfa0\" data-element_type=\"widget\" data-e-type=\"widget\" data-widget_type=\"text-editor.default\">\n\t\t\t\t<div class=\"elementor-widget-container\">\n\t\t\t\t\t\t\t\t\t<p><strong>\u0160tevilni znaki ka\u017eejo, da bo leto 2023 usodno. Zdaj je pomembno, da dr\u017eimo skupaj in storimo vse, kar je v na\u0161i mo\u010di, da bi sebi in svojim otrokom ustvarili \u010dloveka vredno prihodnost.<\/strong><\/p><h2>Kaj jim boste povedali?<\/h2><p>Ko vas bodo mladi pozneje vpra\u0161ali: \"Ali ste bili tudi vi takrat celica Imago? Ali ste s sredstvi, ki ste jih imeli na voljo, prispevali k mirni preobrazbi? Ali pa ste raje po\u010dakali, da so drugi kon\u010dali svoje delo?\" - Kaj jim boste povedali?<\/p><p>\u017delimo si, da bi jim lahko z veseljem pogledali v o\u010di in rekli: \"Da, takrat sem bil tak\u0161na celica Imaga. Pogosto ni bilo lahko, vendar sem ponosen, da sem odigral svojo vlogo pri tem, da je na\u0161a \u010dudovita Zemlja postala raj, kakr\u0161en naj bi verjetno neko\u010d morala biti. In neskon\u010dno sem hvale\u017een, da lahko zdaj kot \u010dlove\u0161ka dru\u017eina skupaj \u017eivimo \u010dloveka vredno \u017eivljenje - v blaginji, miru in harmoniji z naravo.\"<\/p><p>Tiso\u010dkrat se vam zahvaljujemo, ker ste z nami in soustvarjate prihodnost, ki jo je vredno \u017eiveti!<\/p><p>vam in va\u0161im bli\u017enjim \u017eelim \u010dudovito leto 2023<\/p><p>Va\u0161<\/p><p><img decoding=\"async\" class=\"alignnone wp-image-4614 size-medium\" src=\"https:\/\/gradido.net\/wp-content\/uploads\/2022\/06\/MargretBernd_2022-300x74.png\" alt=\"\" width=\"300\" height=\"74\" srcset=\"https:\/\/gradido.net\/wp-content\/uploads\/2022\/06\/MargretBernd_2022-300x74.png 300w, https:\/\/gradido.net\/wp-content\/uploads\/2022\/06\/MargretBernd_2022-18x4.png 18w, https:\/\/gradido.net\/wp-content\/uploads\/2022\/06\/MargretBernd_2022.png 431w\" sizes=\"(max-width: 300px) 100vw, 300px\" \/><\/p><p>Margret Baier in Bernd H\u00fcckst\u00e4dt<br \/>Ustanovitelj in razvijalec Gradida<\/p>\t\t\t\t\t\t\t\t<\/div>\n\t\t\t\t<\/div>\n\t\t\t\t\t<\/div>\n\t\t<\/div>\n\t\t\t\t\t<\/div>\n\t\t<\/section>\n\t\t\t\t<section class=\"elementor-section elementor-top-section elementor-element elementor-element-b5881ca elementor-section-boxed elementor-section-height-default elementor-section-height-default\" data-id=\"b5881ca\" data-element_type=\"section\" data-e-type=\"section\">\n\t\t\t\t\t\t<div class=\"elementor-container elementor-column-gap-default\">\n\t\t\t\t\t<div class=\"elementor-column elementor-col-100 elementor-top-column elementor-element elementor-element-838f41e\" data-id=\"838f41e\" data-element_type=\"column\" data-e-type=\"column\">\n\t\t\t<div class=\"elementor-widget-wrap elementor-element-populated\">\n\t\t\t\t\t\t<div class=\"elementor-element elementor-element-1b0e402 elementor-widget elementor-widget-global elementor-global-9341 elementor-widget-text-editor\" data-id=\"1b0e402\" data-element_type=\"widget\" data-e-type=\"widget\" data-widget_type=\"text-editor.default\">\n\t\t\t\t<div class=\"elementor-widget-container\">\n\t\t\t\t\t\t\t\t\t<p><strong>PS:\u00a0<span style=\"color: #ff6600;\"><a style=\"color: #ff6600;\" href=\"https:\/\/gradido.net\/sl\/donations\/\">Zaradi vedno ve\u010djega pomena Gradida bomo 26. junija 2026 ponovili akcijo zahvale:<\/a>\u00a0<\/span><span style=\"color: #0000ff;\"><a style=\"color: #0000ff;\" href=\"https:\/\/gradido.net\/sl\/donations\/\">Poleg ve\u010dkratnega GradidoTransform za va\u0161 sponzorski prispevek bomo 26.6.2016 pove\u010dali stanje vseh ra\u010dunov GDT za 26%. Sponzorirajte zdaj in u\u017eivajte v ve\u010dkratnem znesku GDT!<\/a><\/span><\/strong><\/p>\t\t\t\t\t\t\t\t<\/div>\n\t\t\t\t<\/div>\n\t\t\t\t\t<\/div>\n\t\t<\/div>\n\t\t\t\t\t<\/div>\n\t\t<\/section>\n\t\t\t\t<\/div>","protected":false},"excerpt":{"rendered":"<p>Pogosto so ti\u0161ji ljudje tisti, ki tiho, marljivo, s srcem in du\u0161o postavljajo temelje zgodovinskega razvoja. Na\u0161i programerji so v zadnjem letu opravili veliko dela, ki bo obrodilo sadove leta 2023.<\/p>","protected":false},"author":2,"featured_media":6018,"comment_status":"closed","ping_status":"closed","sticky":false,"template":"","format":"standard","meta":{"footnotes":""},"categories":[11,55],"tags":[],"class_list":["post-6017","post","type-post","status-publish","format-standard","has-post-thumbnail","hentry","category-blog","category-gradido-konto"],"yoast_head":"<!-- This site is optimized with the Yoast SEO plugin v27.5 - https:\/\/yoast.com\/product\/yoast-seo-wordpress\/ -->\n<title>Gradido-Konto 2023: neues Design und dezentrale Communities - Gradido<\/title>\n<meta name=\"description\" content=\"Oft sind es die leiseren Menschen, die still, flei\u00dfig und mit Herzblut die Grundlagen f\u00fcr historische Entwicklungen schaffen. Unsere Programmierer haben im vergangenen Jahr gro\u00dfartige Vorarbeiten gemacht, die 2023 zum Tragen kommen werden.\" \/>\n<meta name=\"robots\" content=\"index, follow, max-snippet:-1, max-image-preview:large, max-video-preview:-1\" \/>\n<link rel=\"canonical\" href=\"https:\/\/gradido.net\/sl\/gradido-konto-2023-neues-design-und-dezentrale-communities\/\" \/>\n<meta property=\"og:locale\" content=\"sl_SI\" \/>\n<meta property=\"og:type\" content=\"article\" \/>\n<meta property=\"og:title\" content=\"Gradido-Konto 2023: neues Design und dezentrale Communities - Gradido\" \/>\n<meta property=\"og:description\" content=\"Oft sind es die leiseren Menschen, die still, flei\u00dfig und mit Herzblut die Grundlagen f\u00fcr historische Entwicklungen schaffen. Unsere Programmierer haben im vergangenen Jahr gro\u00dfartige Vorarbeiten gemacht, die 2023 zum Tragen kommen werden.\" \/>\n<meta property=\"og:url\" content=\"https:\/\/gradido.net\/sl\/gradido-konto-2023-neues-design-und-dezentrale-communities\/\" \/>\n<meta property=\"og:site_name\" content=\"Gradido\" \/>\n<meta property=\"article:published_time\" content=\"2022-12-31T23:17:31+00:00\" \/>\n<meta property=\"article:modified_time\" content=\"2026-04-24T06:09:27+00:00\" \/>\n<meta property=\"og:image\" content=\"https:\/\/gradido.net\/wp-content\/uploads\/2022\/12\/Test_fertig_1920.jpg\" \/>\n\t<meta property=\"og:image:width\" content=\"1920\" \/>\n\t<meta property=\"og:image:height\" content=\"1067\" \/>\n\t<meta property=\"og:image:type\" content=\"image\/jpeg\" \/>\n<meta name=\"author\" content=\"Bernd H\u00fcckst\u00e4dt\" \/>\n<meta name=\"twitter:card\" content=\"summary_large_image\" \/>\n<meta name=\"twitter:label1\" content=\"Written by\" \/>\n\t<meta name=\"twitter:data1\" content=\"Bernd H\u00fcckst\u00e4dt\" \/>\n\t<meta name=\"twitter:label2\" content=\"Est. reading time\" \/>\n\t<meta name=\"twitter:data2\" content=\"9 minut\" \/>\n<script type=\"application\/ld+json\" class=\"yoast-schema-graph\">{\"@context\":\"https:\\\/\\\/schema.org\",\"@graph\":[{\"@type\":\"Article\",\"@id\":\"https:\\\/\\\/gradido.net\\\/gradido-konto-2023-neues-design-und-dezentrale-communities\\\/#article\",\"isPartOf\":{\"@id\":\"https:\\\/\\\/gradido.net\\\/gradido-konto-2023-neues-design-und-dezentrale-communities\\\/\"},\"author\":{\"name\":\"Bernd H\u00fcckst\u00e4dt\",\"@id\":\"https:\\\/\\\/gradido.net\\\/de\\\/#\\\/schema\\\/person\\\/9c503a004ad15a1ddecadce2218db5d1\"},\"headline\":\"Gradido-Konto 2023: neues Design und dezentrale Communities\",\"datePublished\":\"2022-12-31T23:17:31+00:00\",\"dateModified\":\"2026-04-24T06:09:27+00:00\",\"mainEntityOfPage\":{\"@id\":\"https:\\\/\\\/gradido.net\\\/gradido-konto-2023-neues-design-und-dezentrale-communities\\\/\"},\"wordCount\":1390,\"publisher\":{\"@id\":\"https:\\\/\\\/gradido.net\\\/de\\\/#organization\"},\"image\":{\"@id\":\"https:\\\/\\\/gradido.net\\\/gradido-konto-2023-neues-design-und-dezentrale-communities\\\/#primaryimage\"},\"thumbnailUrl\":\"https:\\\/\\\/gradido.net\\\/wp-content\\\/uploads\\\/2022\\\/12\\\/Test_fertig_1920.jpg\",\"articleSection\":[\"Blog\",\"Gradido-Konto\"],\"inLanguage\":\"sl-SI\"},{\"@type\":\"WebPage\",\"@id\":\"https:\\\/\\\/gradido.net\\\/gradido-konto-2023-neues-design-und-dezentrale-communities\\\/\",\"url\":\"https:\\\/\\\/gradido.net\\\/gradido-konto-2023-neues-design-und-dezentrale-communities\\\/\",\"name\":\"Gradido-Konto 2023: neues Design und dezentrale Communities - Gradido\",\"isPartOf\":{\"@id\":\"https:\\\/\\\/gradido.net\\\/de\\\/#website\"},\"primaryImageOfPage\":{\"@id\":\"https:\\\/\\\/gradido.net\\\/gradido-konto-2023-neues-design-und-dezentrale-communities\\\/#primaryimage\"},\"image\":{\"@id\":\"https:\\\/\\\/gradido.net\\\/gradido-konto-2023-neues-design-und-dezentrale-communities\\\/#primaryimage\"},\"thumbnailUrl\":\"https:\\\/\\\/gradido.net\\\/wp-content\\\/uploads\\\/2022\\\/12\\\/Test_fertig_1920.jpg\",\"datePublished\":\"2022-12-31T23:17:31+00:00\",\"dateModified\":\"2026-04-24T06:09:27+00:00\",\"description\":\"Oft sind es die leiseren Menschen, die still, flei\u00dfig und mit Herzblut die Grundlagen f\u00fcr historische Entwicklungen schaffen. Unsere Programmierer haben im vergangenen Jahr gro\u00dfartige Vorarbeiten gemacht, die 2023 zum Tragen kommen werden.\",\"breadcrumb\":{\"@id\":\"https:\\\/\\\/gradido.net\\\/gradido-konto-2023-neues-design-und-dezentrale-communities\\\/#breadcrumb\"},\"inLanguage\":\"sl-SI\",\"potentialAction\":[{\"@type\":\"ReadAction\",\"target\":[\"https:\\\/\\\/gradido.net\\\/gradido-konto-2023-neues-design-und-dezentrale-communities\\\/\"]}]},{\"@type\":\"ImageObject\",\"inLanguage\":\"sl-SI\",\"@id\":\"https:\\\/\\\/gradido.net\\\/gradido-konto-2023-neues-design-und-dezentrale-communities\\\/#primaryimage\",\"url\":\"https:\\\/\\\/gradido.net\\\/wp-content\\\/uploads\\\/2022\\\/12\\\/Test_fertig_1920.jpg\",\"contentUrl\":\"https:\\\/\\\/gradido.net\\\/wp-content\\\/uploads\\\/2022\\\/12\\\/Test_fertig_1920.jpg\",\"width\":1920,\"height\":1067},{\"@type\":\"BreadcrumbList\",\"@id\":\"https:\\\/\\\/gradido.net\\\/gradido-konto-2023-neues-design-und-dezentrale-communities\\\/#breadcrumb\",\"itemListElement\":[{\"@type\":\"ListItem\",\"position\":1,\"name\":\"Startseite\",\"item\":\"https:\\\/\\\/gradido.net\\\/\"},{\"@type\":\"ListItem\",\"position\":2,\"name\":\"Gradido-Konto 2023: neues Design und dezentrale Communities\"}]},{\"@type\":\"WebSite\",\"@id\":\"https:\\\/\\\/gradido.net\\\/de\\\/#website\",\"url\":\"https:\\\/\\\/gradido.net\\\/de\\\/\",\"name\":\"Gradido\",\"description\":\"Die neue W\u00e4hrung hei\u00dft Dankbarkeit\",\"publisher\":{\"@id\":\"https:\\\/\\\/gradido.net\\\/de\\\/#organization\"},\"potentialAction\":[{\"@type\":\"SearchAction\",\"target\":{\"@type\":\"EntryPoint\",\"urlTemplate\":\"https:\\\/\\\/gradido.net\\\/de\\\/?s={search_term_string}\"},\"query-input\":{\"@type\":\"PropertyValueSpecification\",\"valueRequired\":true,\"valueName\":\"search_term_string\"}}],\"inLanguage\":\"sl-SI\"},{\"@type\":\"Organization\",\"@id\":\"https:\\\/\\\/gradido.net\\\/de\\\/#organization\",\"name\":\"Gradido\",\"url\":\"https:\\\/\\\/gradido.net\\\/de\\\/\",\"logo\":{\"@type\":\"ImageObject\",\"inLanguage\":\"sl-SI\",\"@id\":\"https:\\\/\\\/gradido.net\\\/de\\\/#\\\/schema\\\/logo\\\/image\\\/\",\"url\":\"https:\\\/\\\/gradido.net\\\/wp-content\\\/uploads\\\/2022\\\/04\\\/gradido-social.jpg\",\"contentUrl\":\"https:\\\/\\\/gradido.net\\\/wp-content\\\/uploads\\\/2022\\\/04\\\/gradido-social.jpg\",\"width\":527,\"height\":273,\"caption\":\"Gradido\"},\"image\":{\"@id\":\"https:\\\/\\\/gradido.net\\\/de\\\/#\\\/schema\\\/logo\\\/image\\\/\"}},{\"@type\":\"Person\",\"@id\":\"https:\\\/\\\/gradido.net\\\/de\\\/#\\\/schema\\\/person\\\/9c503a004ad15a1ddecadce2218db5d1\",\"name\":\"Bernd H\u00fcckst\u00e4dt\",\"sameAs\":[\"https:\\\/\\\/gradido.net\"],\"url\":\"https:\\\/\\\/gradido.net\\\/sl\\\/author\\\/bernd\\\/\"}]}<\/script>\n<!-- \/ Yoast SEO plugin. -->","yoast_head_json":{"title":"Gradido Ra\u010dun 2023: novo oblikovanje in decentralizirane skupnosti - Gradido","description":"Pogosto so ti\u0161ji ljudje tisti, ki tiho, marljivo, s srcem in du\u0161o postavljajo temelje zgodovinskega razvoja. Na\u0161i programerji so v zadnjem letu opravili veliko dela, ki bo obrodilo sadove leta 2023.","robots":{"index":"index","follow":"follow","max-snippet":"max-snippet:-1","max-image-preview":"max-image-preview:large","max-video-preview":"max-video-preview:-1"},"canonical":"https:\/\/gradido.net\/sl\/gradido-konto-2023-neues-design-und-dezentrale-communities\/","og_locale":"sl_SI","og_type":"article","og_title":"Gradido-Konto 2023: neues Design und dezentrale Communities - Gradido","og_description":"Oft sind es die leiseren Menschen, die still, flei\u00dfig und mit Herzblut die Grundlagen f\u00fcr historische Entwicklungen schaffen. Unsere Programmierer haben im vergangenen Jahr gro\u00dfartige Vorarbeiten gemacht, die 2023 zum Tragen kommen werden.","og_url":"https:\/\/gradido.net\/sl\/gradido-konto-2023-neues-design-und-dezentrale-communities\/","og_site_name":"Gradido","article_published_time":"2022-12-31T23:17:31+00:00","article_modified_time":"2026-04-24T06:09:27+00:00","og_image":[{"width":1920,"height":1067,"url":"https:\/\/gradido.net\/wp-content\/uploads\/2022\/12\/Test_fertig_1920.jpg","type":"image\/jpeg"}],"author":"Bernd H\u00fcckst\u00e4dt","twitter_card":"summary_large_image","twitter_misc":{"Written by":"Bernd H\u00fcckst\u00e4dt","Est. reading time":"9 minut"},"schema":{"@context":"https:\/\/schema.org","@graph":[{"@type":"Article","@id":"https:\/\/gradido.net\/gradido-konto-2023-neues-design-und-dezentrale-communities\/#article","isPartOf":{"@id":"https:\/\/gradido.net\/gradido-konto-2023-neues-design-und-dezentrale-communities\/"},"author":{"name":"Bernd H\u00fcckst\u00e4dt","@id":"https:\/\/gradido.net\/de\/#\/schema\/person\/9c503a004ad15a1ddecadce2218db5d1"},"headline":"Gradido-Konto 2023: neues Design und dezentrale Communities","datePublished":"2022-12-31T23:17:31+00:00","dateModified":"2026-04-24T06:09:27+00:00","mainEntityOfPage":{"@id":"https:\/\/gradido.net\/gradido-konto-2023-neues-design-und-dezentrale-communities\/"},"wordCount":1390,"publisher":{"@id":"https:\/\/gradido.net\/de\/#organization"},"image":{"@id":"https:\/\/gradido.net\/gradido-konto-2023-neues-design-und-dezentrale-communities\/#primaryimage"},"thumbnailUrl":"https:\/\/gradido.net\/wp-content\/uploads\/2022\/12\/Test_fertig_1920.jpg","articleSection":["Blog","Gradido-Konto"],"inLanguage":"sl-SI"},{"@type":"WebPage","@id":"https:\/\/gradido.net\/gradido-konto-2023-neues-design-und-dezentrale-communities\/","url":"https:\/\/gradido.net\/gradido-konto-2023-neues-design-und-dezentrale-communities\/","name":"Gradido Ra\u010dun 2023: novo oblikovanje in decentralizirane skupnosti - Gradido","isPartOf":{"@id":"https:\/\/gradido.net\/de\/#website"},"primaryImageOfPage":{"@id":"https:\/\/gradido.net\/gradido-konto-2023-neues-design-und-dezentrale-communities\/#primaryimage"},"image":{"@id":"https:\/\/gradido.net\/gradido-konto-2023-neues-design-und-dezentrale-communities\/#primaryimage"},"thumbnailUrl":"https:\/\/gradido.net\/wp-content\/uploads\/2022\/12\/Test_fertig_1920.jpg","datePublished":"2022-12-31T23:17:31+00:00","dateModified":"2026-04-24T06:09:27+00:00","description":"Pogosto so ti\u0161ji ljudje tisti, ki tiho, marljivo, s srcem in du\u0161o postavljajo temelje zgodovinskega razvoja. Na\u0161i programerji so v zadnjem letu opravili veliko dela, ki bo obrodilo sadove leta 2023.","breadcrumb":{"@id":"https:\/\/gradido.net\/gradido-konto-2023-neues-design-und-dezentrale-communities\/#breadcrumb"},"inLanguage":"sl-SI","potentialAction":[{"@type":"ReadAction","target":["https:\/\/gradido.net\/gradido-konto-2023-neues-design-und-dezentrale-communities\/"]}]},{"@type":"ImageObject","inLanguage":"sl-SI","@id":"https:\/\/gradido.net\/gradido-konto-2023-neues-design-und-dezentrale-communities\/#primaryimage","url":"https:\/\/gradido.net\/wp-content\/uploads\/2022\/12\/Test_fertig_1920.jpg","contentUrl":"https:\/\/gradido.net\/wp-content\/uploads\/2022\/12\/Test_fertig_1920.jpg","width":1920,"height":1067},{"@type":"BreadcrumbList","@id":"https:\/\/gradido.net\/gradido-konto-2023-neues-design-und-dezentrale-communities\/#breadcrumb","itemListElement":[{"@type":"ListItem","position":1,"name":"Startseite","item":"https:\/\/gradido.net\/"},{"@type":"ListItem","position":2,"name":"Gradido-Konto 2023: neues Design und dezentrale Communities"}]},{"@type":"WebSite","@id":"https:\/\/gradido.net\/de\/#website","url":"https:\/\/gradido.net\/de\/","name":"Gradido","description":"Nova valuta je hvale\u017enost","publisher":{"@id":"https:\/\/gradido.net\/de\/#organization"},"potentialAction":[{"@type":"SearchAction","target":{"@type":"EntryPoint","urlTemplate":"https:\/\/gradido.net\/de\/?s={search_term_string}"},"query-input":{"@type":"PropertyValueSpecification","valueRequired":true,"valueName":"search_term_string"}}],"inLanguage":"sl-SI"},{"@type":"Organization","@id":"https:\/\/gradido.net\/de\/#organization","name":"Gradido","url":"https:\/\/gradido.net\/de\/","logo":{"@type":"ImageObject","inLanguage":"sl-SI","@id":"https:\/\/gradido.net\/de\/#\/schema\/logo\/image\/","url":"https:\/\/gradido.net\/wp-content\/uploads\/2022\/04\/gradido-social.jpg","contentUrl":"https:\/\/gradido.net\/wp-content\/uploads\/2022\/04\/gradido-social.jpg","width":527,"height":273,"caption":"Gradido"},"image":{"@id":"https:\/\/gradido.net\/de\/#\/schema\/logo\/image\/"}},{"@type":"Person","@id":"https:\/\/gradido.net\/de\/#\/schema\/person\/9c503a004ad15a1ddecadce2218db5d1","name":"Bernd H\u00fcckst\u00e4dt","sameAs":["https:\/\/gradido.net"],"url":"https:\/\/gradido.net\/sl\/author\/bernd\/"}]}},"_links":{"self":[{"href":"https:\/\/gradido.net\/sl\/wp-json\/wp\/v2\/posts\/6017","targetHints":{"allow":["GET"]}}],"collection":[{"href":"https:\/\/gradido.net\/sl\/wp-json\/wp\/v2\/posts"}],"about":[{"href":"https:\/\/gradido.net\/sl\/wp-json\/wp\/v2\/types\/post"}],"author":[{"embeddable":true,"href":"https:\/\/gradido.net\/sl\/wp-json\/wp\/v2\/users\/2"}],"replies":[{"embeddable":true,"href":"https:\/\/gradido.net\/sl\/wp-json\/wp\/v2\/comments?post=6017"}],"version-history":[{"count":76,"href":"https:\/\/gradido.net\/sl\/wp-json\/wp\/v2\/posts\/6017\/revisions"}],"predecessor-version":[{"id":13598,"href":"https:\/\/gradido.net\/sl\/wp-json\/wp\/v2\/posts\/6017\/revisions\/13598"}],"wp:featuredmedia":[{"embeddable":true,"href":"https:\/\/gradido.net\/sl\/wp-json\/wp\/v2\/media\/6018"}],"wp:attachment":[{"href":"https:\/\/gradido.net\/sl\/wp-json\/wp\/v2\/media?parent=6017"}],"wp:term":[{"taxonomy":"category","embeddable":true,"href":"https:\/\/gradido.net\/sl\/wp-json\/wp\/v2\/categories?post=6017"},{"taxonomy":"post_tag","embeddable":true,"href":"https:\/\/gradido.net\/sl\/wp-json\/wp\/v2\/tags?post=6017"}],"curies":[{"name":"wp","href":"https:\/\/api.w.org\/{rel}","templated":true}]}}