{"id":633,"date":"2020-06-17T15:56:00","date_gmt":"2020-06-17T13:56:00","guid":{"rendered":"http:\/\/neu.gradido.net\/?p=633"},"modified":"2021-12-10T13:07:39","modified_gmt":"2021-12-10T12:07:39","slug":"grundeinkommen-statt-familienbonus","status":"publish","type":"post","link":"https:\/\/gradido.net\/sl\/grundeinkommen-statt-familienbonus\/","title":{"rendered":"Osnovni dohodek namesto dru\u017einskega bonusa"},"content":{"rendered":"<div data-elementor-type=\"wp-post\" data-elementor-id=\"633\" class=\"elementor elementor-633\" data-elementor-post-type=\"post\">\n\t\t\t\t\t\t<section class=\"elementor-section elementor-top-section elementor-element elementor-element-1290ed7f elementor-section-boxed elementor-section-height-default elementor-section-height-default\" data-id=\"1290ed7f\" data-element_type=\"section\" data-e-type=\"section\">\n\t\t\t\t\t\t<div class=\"elementor-container elementor-column-gap-default\">\n\t\t\t\t\t<div class=\"elementor-column elementor-col-100 elementor-top-column elementor-element elementor-element-55c8895b\" data-id=\"55c8895b\" data-element_type=\"column\" data-e-type=\"column\">\n\t\t\t<div class=\"elementor-widget-wrap elementor-element-populated\">\n\t\t\t\t\t\t<div class=\"elementor-element elementor-element-96a8bad elementor-widget elementor-widget-text-editor\" data-id=\"96a8bad\" data-element_type=\"widget\" data-e-type=\"widget\" data-widget_type=\"text-editor.default\">\n\t\t\t\t<div class=\"elementor-widget-container\">\n\t\t\t\t\t\t\t\t\t<h3>Model Gradido obljublja varnost s prihodnostjo<\/h3>\n<p><strong>K\u00fcnzelsau, 17. junij 2020 - Kriza Corona je za mnoge dru\u017eine pomenila tudi veliko finan\u010dno breme. Enkratni \"dru\u017einski bonus\" v vi\u0161ini 300 evrov na otroka jim te\u017eko olaj\u0161a stisko. Namesto tega je treba odlo\u010dno spremeniti smer in oblikovati ustvarjalne dru\u017einske politike. \"Aktivni temeljni dohodek\" evolucijskega finan\u010dnega sistema Gradido lahko zagotovi obstoj star\u0161ev in otrok. Danes in v prihodnosti.&nbsp;<\/strong><\/p>\n<p>Aktivni temeljni dohodek (AGE) izhaja iz ideje \"brezpogojne udele\u017ebe\". Tisti, ki ga \u017eelijo izkoristiti, prispevajo k skupnosti s svojimi talenti in nagnjenji. Za te dejavnosti je predvidenih najve\u010d 50 ur na mesec. Urna postavka zna\u0161a 20 \"Gradido\" (GDD), mese\u010dni osnovni dohodek pa 1000 GDD. Tako bi bile od zdaj naprej zagotovljene osnovne potrebe vsakega posameznika.<\/p>\n<p>Izzive 21. stoletja je mogo\u010de obvladati le s trajnostnim novim gospodarskim in finan\u010dnim sistemom. Akademija Gradido za ekonomsko bioniko je tak sistem razvila v zadnjih 20 letih. Sistem za uravnote\u017eenje \"Gradido\" deluje po vzoru narave in lahko nam in prihodnjim generacijam zagotovi trajno blaginjo in mirno sobivanje.<\/p>\n<p>Za ve\u010d informacij o \"aktivnem temeljnem dohodku\" po modelu Gradido glej&nbsp;<a href=\"https:\/\/gradido.net\/sl\/basic-income\/\">https:\/\/gradido.net\/de\/basic-income\/<\/a><\/p>\n<p><strong>O Akademiji Gradido<\/strong><\/p>\n<p>Akademija Gradido za ekonomsko bioniko je razvila alternativno \"valuto skupnega dobrega\", ki se zgleduje po naravi. V naravi velja pravilo, da lahko le tam, kjer nekaj izgine, nastane nekaj novega, zato je mogo\u010de dolgoro\u010dno izbolj\u0161anje (evolucija). Njegov recept za uspeh je \"\u017eivljenjski cikel\". \u010ce bi tudi na\u0161e gospodarstvo sledilo temu naravnemu ciklu, bi po mnenju strokovnjakov za ekonomsko bioniko re\u0161ilo prakti\u010dno vse svetovne te\u017eave, povezane z denarjem. Model Gradido temelji na zamisli, da ne le vsaka oseba, temve\u010d tudi vsaka dr\u017eava prejme dohodek, ustvarjen na kreditni osnovi. S tem lahko opravlja vse svoje naloge, ne da bi pobiral davke. Deflacija in inflacija sta stvar preteklosti. Gospodarstvo je osvobojeno nenehne prisile k rasti, nevarnost zloma finan\u010dnega sistema pa je dokon\u010dno prepre\u010dena. (<a href=\"https:\/\/gradido.net\/sl\/\">www.gradido.net<\/a>)<\/p>\t\t\t\t\t\t\t\t<\/div>\n\t\t\t\t<\/div>\n\t\t\t\t\t<\/div>\n\t\t<\/div>\n\t\t\t\t\t<\/div>\n\t\t<\/section>\n\t\t\t\t<\/div>","protected":false},"excerpt":{"rendered":"<p>Gradido-Modell verspricht Sicherheit mit Zukunft K\u00fcnzelsau, 17. Juni 2020 \u2013 Vielen Familien beschert die Corona-Krise auch gravierende finanzielle Belastungen. Der einmalige \u201aFamilienbonus\u2018 von 300 Euro pro Kind kann deren Notlage kaum lindern. Vielmehr sind ein entschiedener Kurswechsel und kreative Familienpolitik das Gebot der Stunde. Das \u201aAktive Grundeinkommen\u2018 des evolution\u00e4ren Gradido-Finanzsystems hat das Potential, die Existenz [&hellip;]<\/p>\n","protected":false},"author":1,"featured_media":228,"comment_status":"closed","ping_status":"closed","sticky":false,"template":"","format":"standard","meta":{"footnotes":""},"categories":[8],"tags":[16],"class_list":["post-633","post","type-post","status-publish","format-standard","has-post-thumbnail","hentry","category-pressemitteilung","tag-grundeinkommen"],"yoast_head":"<!-- This site is optimized with the Yoast SEO plugin v27.5 - https:\/\/yoast.com\/product\/yoast-seo-wordpress\/ -->\n<title>Grundeinkommen statt Familienbonus - Gradido<\/title>\n<meta name=\"robots\" content=\"index, follow, max-snippet:-1, max-image-preview:large, max-video-preview:-1\" \/>\n<link rel=\"canonical\" href=\"https:\/\/gradido.net\/sl\/grundeinkommen-statt-familienbonus\/\" \/>\n<meta property=\"og:locale\" content=\"sl_SI\" \/>\n<meta property=\"og:type\" content=\"article\" \/>\n<meta property=\"og:title\" content=\"Grundeinkommen statt Familienbonus - Gradido\" \/>\n<meta property=\"og:description\" content=\"Gradido-Modell verspricht Sicherheit mit Zukunft K\u00fcnzelsau, 17. Juni 2020 \u2013 Vielen Familien beschert die Corona-Krise auch gravierende finanzielle Belastungen. Der einmalige \u201aFamilienbonus\u2018 von 300 Euro pro Kind kann deren Notlage kaum lindern. Vielmehr sind ein entschiedener Kurswechsel und kreative Familienpolitik das Gebot der Stunde. Das \u201aAktive Grundeinkommen\u2018 des evolution\u00e4ren Gradido-Finanzsystems hat das Potential, die Existenz [&hellip;]\" \/>\n<meta property=\"og:url\" content=\"https:\/\/gradido.net\/sl\/grundeinkommen-statt-familienbonus\/\" \/>\n<meta property=\"og:site_name\" content=\"Gradido\" \/>\n<meta property=\"article:published_time\" content=\"2020-06-17T13:56:00+00:00\" \/>\n<meta property=\"article:modified_time\" content=\"2021-12-10T12:07:39+00:00\" \/>\n<meta property=\"og:image\" content=\"https:\/\/gradido.net\/wp-content\/uploads\/2020\/06\/family-hand.jpg\" \/>\n\t<meta property=\"og:image:width\" content=\"1000\" \/>\n\t<meta property=\"og:image:height\" content=\"667\" \/>\n\t<meta property=\"og:image:type\" content=\"image\/jpeg\" \/>\n<meta name=\"author\" content=\"GR4dmin\" \/>\n<meta name=\"twitter:card\" content=\"summary_large_image\" \/>\n<meta name=\"twitter:label1\" content=\"Written by\" \/>\n\t<meta name=\"twitter:data1\" content=\"GR4dmin\" \/>\n\t<meta name=\"twitter:label2\" content=\"Est. reading time\" \/>\n\t<meta name=\"twitter:data2\" content=\"2 minuti\" \/>\n<script type=\"application\/ld+json\" class=\"yoast-schema-graph\">{\"@context\":\"https:\\\/\\\/schema.org\",\"@graph\":[{\"@type\":\"Article\",\"@id\":\"https:\\\/\\\/gradido.net\\\/tr\\\/grundeinkommen-statt-familienbonus\\\/#article\",\"isPartOf\":{\"@id\":\"https:\\\/\\\/gradido.net\\\/tr\\\/grundeinkommen-statt-familienbonus\\\/\"},\"author\":{\"name\":\"GR4dmin\",\"@id\":\"https:\\\/\\\/gradido.net\\\/de\\\/#\\\/schema\\\/person\\\/9f913f37a47e7a82ad686b58fc907588\"},\"headline\":\"Grundeinkommen statt Familienbonus\",\"datePublished\":\"2020-06-17T13:56:00+00:00\",\"dateModified\":\"2021-12-10T12:07:39+00:00\",\"mainEntityOfPage\":{\"@id\":\"https:\\\/\\\/gradido.net\\\/tr\\\/grundeinkommen-statt-familienbonus\\\/\"},\"wordCount\":336,\"publisher\":{\"@id\":\"https:\\\/\\\/gradido.net\\\/de\\\/#organization\"},\"image\":{\"@id\":\"https:\\\/\\\/gradido.net\\\/tr\\\/grundeinkommen-statt-familienbonus\\\/#primaryimage\"},\"thumbnailUrl\":\"https:\\\/\\\/gradido.net\\\/wp-content\\\/uploads\\\/2020\\\/06\\\/family-hand.jpg\",\"keywords\":[\"Grundeinkommen\"],\"articleSection\":[\"Pressemitteilung\"],\"inLanguage\":\"sl-SI\"},{\"@type\":\"WebPage\",\"@id\":\"https:\\\/\\\/gradido.net\\\/tr\\\/grundeinkommen-statt-familienbonus\\\/\",\"url\":\"https:\\\/\\\/gradido.net\\\/tr\\\/grundeinkommen-statt-familienbonus\\\/\",\"name\":\"Grundeinkommen statt Familienbonus - Gradido\",\"isPartOf\":{\"@id\":\"https:\\\/\\\/gradido.net\\\/de\\\/#website\"},\"primaryImageOfPage\":{\"@id\":\"https:\\\/\\\/gradido.net\\\/tr\\\/grundeinkommen-statt-familienbonus\\\/#primaryimage\"},\"image\":{\"@id\":\"https:\\\/\\\/gradido.net\\\/tr\\\/grundeinkommen-statt-familienbonus\\\/#primaryimage\"},\"thumbnailUrl\":\"https:\\\/\\\/gradido.net\\\/wp-content\\\/uploads\\\/2020\\\/06\\\/family-hand.jpg\",\"datePublished\":\"2020-06-17T13:56:00+00:00\",\"dateModified\":\"2021-12-10T12:07:39+00:00\",\"breadcrumb\":{\"@id\":\"https:\\\/\\\/gradido.net\\\/tr\\\/grundeinkommen-statt-familienbonus\\\/#breadcrumb\"},\"inLanguage\":\"sl-SI\",\"potentialAction\":[{\"@type\":\"ReadAction\",\"target\":[\"https:\\\/\\\/gradido.net\\\/tr\\\/grundeinkommen-statt-familienbonus\\\/\"]}]},{\"@type\":\"ImageObject\",\"inLanguage\":\"sl-SI\",\"@id\":\"https:\\\/\\\/gradido.net\\\/tr\\\/grundeinkommen-statt-familienbonus\\\/#primaryimage\",\"url\":\"https:\\\/\\\/gradido.net\\\/wp-content\\\/uploads\\\/2020\\\/06\\\/family-hand.jpg\",\"contentUrl\":\"https:\\\/\\\/gradido.net\\\/wp-content\\\/uploads\\\/2020\\\/06\\\/family-hand.jpg\",\"width\":1000,\"height\":667},{\"@type\":\"BreadcrumbList\",\"@id\":\"https:\\\/\\\/gradido.net\\\/tr\\\/grundeinkommen-statt-familienbonus\\\/#breadcrumb\",\"itemListElement\":[{\"@type\":\"ListItem\",\"position\":1,\"name\":\"Startseite\",\"item\":\"https:\\\/\\\/gradido.net\\\/\"},{\"@type\":\"ListItem\",\"position\":2,\"name\":\"Grundeinkommen statt Familienbonus\"}]},{\"@type\":\"WebSite\",\"@id\":\"https:\\\/\\\/gradido.net\\\/de\\\/#website\",\"url\":\"https:\\\/\\\/gradido.net\\\/de\\\/\",\"name\":\"Gradido\",\"description\":\"Die neue W\u00e4hrung hei\u00dft Dankbarkeit\",\"publisher\":{\"@id\":\"https:\\\/\\\/gradido.net\\\/de\\\/#organization\"},\"potentialAction\":[{\"@type\":\"SearchAction\",\"target\":{\"@type\":\"EntryPoint\",\"urlTemplate\":\"https:\\\/\\\/gradido.net\\\/de\\\/?s={search_term_string}\"},\"query-input\":{\"@type\":\"PropertyValueSpecification\",\"valueRequired\":true,\"valueName\":\"search_term_string\"}}],\"inLanguage\":\"sl-SI\"},{\"@type\":\"Organization\",\"@id\":\"https:\\\/\\\/gradido.net\\\/de\\\/#organization\",\"name\":\"Gradido\",\"url\":\"https:\\\/\\\/gradido.net\\\/de\\\/\",\"logo\":{\"@type\":\"ImageObject\",\"inLanguage\":\"sl-SI\",\"@id\":\"https:\\\/\\\/gradido.net\\\/de\\\/#\\\/schema\\\/logo\\\/image\\\/\",\"url\":\"https:\\\/\\\/gradido.net\\\/wp-content\\\/uploads\\\/2022\\\/04\\\/gradido-social.jpg\",\"contentUrl\":\"https:\\\/\\\/gradido.net\\\/wp-content\\\/uploads\\\/2022\\\/04\\\/gradido-social.jpg\",\"width\":527,\"height\":273,\"caption\":\"Gradido\"},\"image\":{\"@id\":\"https:\\\/\\\/gradido.net\\\/de\\\/#\\\/schema\\\/logo\\\/image\\\/\"}},{\"@type\":\"Person\",\"@id\":\"https:\\\/\\\/gradido.net\\\/de\\\/#\\\/schema\\\/person\\\/9f913f37a47e7a82ad686b58fc907588\",\"name\":\"GR4dmin\",\"sameAs\":[\"https:\\\/\\\/gradido.net\"],\"url\":\"https:\\\/\\\/gradido.net\\\/sl\\\/author\\\/gr4dmin\\\/\"}]}<\/script>\n<!-- \/ Yoast SEO plugin. -->","yoast_head_json":{"title":"Temeljni dohodek namesto dru\u017einskega bonusa - Gradido","robots":{"index":"index","follow":"follow","max-snippet":"max-snippet:-1","max-image-preview":"max-image-preview:large","max-video-preview":"max-video-preview:-1"},"canonical":"https:\/\/gradido.net\/sl\/grundeinkommen-statt-familienbonus\/","og_locale":"sl_SI","og_type":"article","og_title":"Grundeinkommen statt Familienbonus - Gradido","og_description":"Gradido-Modell verspricht Sicherheit mit Zukunft K\u00fcnzelsau, 17. Juni 2020 \u2013 Vielen Familien beschert die Corona-Krise auch gravierende finanzielle Belastungen. Der einmalige \u201aFamilienbonus\u2018 von 300 Euro pro Kind kann deren Notlage kaum lindern. Vielmehr sind ein entschiedener Kurswechsel und kreative Familienpolitik das Gebot der Stunde. Das \u201aAktive Grundeinkommen\u2018 des evolution\u00e4ren Gradido-Finanzsystems hat das Potential, die Existenz [&hellip;]","og_url":"https:\/\/gradido.net\/sl\/grundeinkommen-statt-familienbonus\/","og_site_name":"Gradido","article_published_time":"2020-06-17T13:56:00+00:00","article_modified_time":"2021-12-10T12:07:39+00:00","og_image":[{"width":1000,"height":667,"url":"https:\/\/gradido.net\/wp-content\/uploads\/2020\/06\/family-hand.jpg","type":"image\/jpeg"}],"author":"GR4dmin","twitter_card":"summary_large_image","twitter_misc":{"Written by":"GR4dmin","Est. reading time":"2 minuti"},"schema":{"@context":"https:\/\/schema.org","@graph":[{"@type":"Article","@id":"https:\/\/gradido.net\/tr\/grundeinkommen-statt-familienbonus\/#article","isPartOf":{"@id":"https:\/\/gradido.net\/tr\/grundeinkommen-statt-familienbonus\/"},"author":{"name":"GR4dmin","@id":"https:\/\/gradido.net\/de\/#\/schema\/person\/9f913f37a47e7a82ad686b58fc907588"},"headline":"Grundeinkommen statt Familienbonus","datePublished":"2020-06-17T13:56:00+00:00","dateModified":"2021-12-10T12:07:39+00:00","mainEntityOfPage":{"@id":"https:\/\/gradido.net\/tr\/grundeinkommen-statt-familienbonus\/"},"wordCount":336,"publisher":{"@id":"https:\/\/gradido.net\/de\/#organization"},"image":{"@id":"https:\/\/gradido.net\/tr\/grundeinkommen-statt-familienbonus\/#primaryimage"},"thumbnailUrl":"https:\/\/gradido.net\/wp-content\/uploads\/2020\/06\/family-hand.jpg","keywords":["Grundeinkommen"],"articleSection":["Pressemitteilung"],"inLanguage":"sl-SI"},{"@type":"WebPage","@id":"https:\/\/gradido.net\/tr\/grundeinkommen-statt-familienbonus\/","url":"https:\/\/gradido.net\/tr\/grundeinkommen-statt-familienbonus\/","name":"Temeljni dohodek namesto dru\u017einskega bonusa - Gradido","isPartOf":{"@id":"https:\/\/gradido.net\/de\/#website"},"primaryImageOfPage":{"@id":"https:\/\/gradido.net\/tr\/grundeinkommen-statt-familienbonus\/#primaryimage"},"image":{"@id":"https:\/\/gradido.net\/tr\/grundeinkommen-statt-familienbonus\/#primaryimage"},"thumbnailUrl":"https:\/\/gradido.net\/wp-content\/uploads\/2020\/06\/family-hand.jpg","datePublished":"2020-06-17T13:56:00+00:00","dateModified":"2021-12-10T12:07:39+00:00","breadcrumb":{"@id":"https:\/\/gradido.net\/tr\/grundeinkommen-statt-familienbonus\/#breadcrumb"},"inLanguage":"sl-SI","potentialAction":[{"@type":"ReadAction","target":["https:\/\/gradido.net\/tr\/grundeinkommen-statt-familienbonus\/"]}]},{"@type":"ImageObject","inLanguage":"sl-SI","@id":"https:\/\/gradido.net\/tr\/grundeinkommen-statt-familienbonus\/#primaryimage","url":"https:\/\/gradido.net\/wp-content\/uploads\/2020\/06\/family-hand.jpg","contentUrl":"https:\/\/gradido.net\/wp-content\/uploads\/2020\/06\/family-hand.jpg","width":1000,"height":667},{"@type":"BreadcrumbList","@id":"https:\/\/gradido.net\/tr\/grundeinkommen-statt-familienbonus\/#breadcrumb","itemListElement":[{"@type":"ListItem","position":1,"name":"Startseite","item":"https:\/\/gradido.net\/"},{"@type":"ListItem","position":2,"name":"Grundeinkommen statt Familienbonus"}]},{"@type":"WebSite","@id":"https:\/\/gradido.net\/de\/#website","url":"https:\/\/gradido.net\/de\/","name":"Gradido","description":"Nova valuta je hvale\u017enost","publisher":{"@id":"https:\/\/gradido.net\/de\/#organization"},"potentialAction":[{"@type":"SearchAction","target":{"@type":"EntryPoint","urlTemplate":"https:\/\/gradido.net\/de\/?s={search_term_string}"},"query-input":{"@type":"PropertyValueSpecification","valueRequired":true,"valueName":"search_term_string"}}],"inLanguage":"sl-SI"},{"@type":"Organization","@id":"https:\/\/gradido.net\/de\/#organization","name":"Gradido","url":"https:\/\/gradido.net\/de\/","logo":{"@type":"ImageObject","inLanguage":"sl-SI","@id":"https:\/\/gradido.net\/de\/#\/schema\/logo\/image\/","url":"https:\/\/gradido.net\/wp-content\/uploads\/2022\/04\/gradido-social.jpg","contentUrl":"https:\/\/gradido.net\/wp-content\/uploads\/2022\/04\/gradido-social.jpg","width":527,"height":273,"caption":"Gradido"},"image":{"@id":"https:\/\/gradido.net\/de\/#\/schema\/logo\/image\/"}},{"@type":"Person","@id":"https:\/\/gradido.net\/de\/#\/schema\/person\/9f913f37a47e7a82ad686b58fc907588","name":"GR4dmin","sameAs":["https:\/\/gradido.net"],"url":"https:\/\/gradido.net\/sl\/author\/gr4dmin\/"}]}},"_links":{"self":[{"href":"https:\/\/gradido.net\/sl\/wp-json\/wp\/v2\/posts\/633","targetHints":{"allow":["GET"]}}],"collection":[{"href":"https:\/\/gradido.net\/sl\/wp-json\/wp\/v2\/posts"}],"about":[{"href":"https:\/\/gradido.net\/sl\/wp-json\/wp\/v2\/types\/post"}],"author":[{"embeddable":true,"href":"https:\/\/gradido.net\/sl\/wp-json\/wp\/v2\/users\/1"}],"replies":[{"embeddable":true,"href":"https:\/\/gradido.net\/sl\/wp-json\/wp\/v2\/comments?post=633"}],"version-history":[{"count":10,"href":"https:\/\/gradido.net\/sl\/wp-json\/wp\/v2\/posts\/633\/revisions"}],"predecessor-version":[{"id":3715,"href":"https:\/\/gradido.net\/sl\/wp-json\/wp\/v2\/posts\/633\/revisions\/3715"}],"wp:featuredmedia":[{"embeddable":true,"href":"https:\/\/gradido.net\/sl\/wp-json\/wp\/v2\/media\/228"}],"wp:attachment":[{"href":"https:\/\/gradido.net\/sl\/wp-json\/wp\/v2\/media?parent=633"}],"wp:term":[{"taxonomy":"category","embeddable":true,"href":"https:\/\/gradido.net\/sl\/wp-json\/wp\/v2\/categories?post=633"},{"taxonomy":"post_tag","embeddable":true,"href":"https:\/\/gradido.net\/sl\/wp-json\/wp\/v2\/tags?post=633"}],"curies":[{"name":"wp","href":"https:\/\/api.w.org\/{rel}","templated":true}]}}