{"id":7157,"date":"2023-08-18T10:13:29","date_gmt":"2023-08-18T08:13:29","guid":{"rendered":"https:\/\/gradido.net\/?p=7157"},"modified":"2026-04-23T07:14:52","modified_gmt":"2026-04-23T05:14:52","slug":"lieblingsstadt-3-eine-familie-ein-projekt-und-eine-stadt-voller-moeglichkeiten","status":"publish","type":"post","link":"https:\/\/gradido.net\/sl\/lieblingsstadt-3-eine-familie-ein-projekt-und-eine-stadt-voller-moeglichkeiten\/","title":{"rendered":"Najljub\u0161e mesto 3 - Dru\u017eina, projekt in mesto, polno mo\u017enosti"},"content":{"rendered":"<div data-elementor-type=\"wp-post\" data-elementor-id=\"7157\" class=\"elementor elementor-7157\" data-elementor-post-type=\"post\">\n\t\t\t\t\t\t<section class=\"elementor-section elementor-top-section elementor-element elementor-element-496e1d53 elementor-section-boxed elementor-section-height-default elementor-section-height-default\" data-id=\"496e1d53\" data-element_type=\"section\" data-e-type=\"section\">\n\t\t\t\t\t\t<div class=\"elementor-container elementor-column-gap-default\">\n\t\t\t\t\t<div class=\"elementor-column elementor-col-100 elementor-top-column elementor-element elementor-element-461d7be0\" data-id=\"461d7be0\" data-element_type=\"column\" data-e-type=\"column\">\n\t\t\t<div class=\"elementor-widget-wrap elementor-element-populated\">\n\t\t\t\t\t\t<div class=\"elementor-element elementor-element-cd9ebe2 elementor-widget elementor-widget-text-editor\" data-id=\"cd9ebe2\" data-element_type=\"widget\" data-e-type=\"widget\" data-widget_type=\"text-editor.default\">\n\t\t\t\t<div class=\"elementor-widget-container\">\n\t\t\t\t\t\t\t\t\t<p style=\"text-align: right;\"><em>\" Projekt Gradido nam ne zagotavlja le finan\u010dne pomo\u010di, temve\u010d tudi odli\u010dne dejavnosti in prilo\u017enosti, ki jih z denarjem ne bi mogli pla\u010dati.\"<\/em><\/p><p>Dragi bralec,<\/p><p>Son\u010dno sobotno jutro na novem razvojnem obmo\u010dju Lieblingsstadt. Mlada dru\u017eina Frank u\u017eiva v skupnem zajtrku. Frankovi, to sta star\u0161a Kerstin in Jannik ter njuni trije otroci, Mia, Maximilian in mala Luna. Max je ta konec tedna na treningu \u0161portnega kluba Lieblingsstadt, kjer trenira za mladinsko ko\u0161arkarsko prvenstvo.<\/p>\t\t\t\t\t\t\t\t<\/div>\n\t\t\t\t<\/div>\n\t\t\t\t<div class=\"elementor-element elementor-element-b482206 elementor-widget elementor-widget-image\" data-id=\"b482206\" data-element_type=\"widget\" data-e-type=\"widget\" data-widget_type=\"image.default\">\n\t\t\t\t<div class=\"elementor-widget-container\">\n\t\t\t\t\t\t\t\t\t\t\t\t\t\t\t<img fetchpriority=\"high\" decoding=\"async\" width=\"800\" height=\"600\" src=\"https:\/\/gradido.net\/wp-content\/uploads\/2023\/08\/Max_Basketball_800.jpg\" class=\"attachment-large size-large wp-image-7161\" alt=\"\" srcset=\"https:\/\/gradido.net\/wp-content\/uploads\/2023\/08\/Max_Basketball_800.jpg 800w, https:\/\/gradido.net\/wp-content\/uploads\/2023\/08\/Max_Basketball_800-300x225.jpg 300w, https:\/\/gradido.net\/wp-content\/uploads\/2023\/08\/Max_Basketball_800-768x576.jpg 768w, https:\/\/gradido.net\/wp-content\/uploads\/2023\/08\/Max_Basketball_800-16x12.jpg 16w\" sizes=\"(max-width: 800px) 100vw, 800px\" \/>\t\t\t\t\t\t\t\t\t\t\t\t\t\t\t<\/div>\n\t\t\t\t<\/div>\n\t\t\t\t<div class=\"elementor-element elementor-element-c5e61d4 elementor-widget elementor-widget-text-editor\" data-id=\"c5e61d4\" data-element_type=\"widget\" data-e-type=\"widget\" data-widget_type=\"text-editor.default\">\n\t\t\t\t<div class=\"elementor-widget-container\">\n\t\t\t\t\t\t\t\t\t<p>Dru\u017eina je tesno povezana in ima veliko skupnih interesov in strasti. Jannik ima dobro slu\u017ebo kot strojni in\u017eenir. Kerstin je nadarjena grafi\u010dna oblikovalka. Odkar se je rodila Luna, svojega poklica ne opravlja ve\u010d. Kljub temu \u017eeli uporabiti svoje spretnosti in pomaga razli\u010dnim lokalnim zdru\u017eenjem s prostovoljnim delom pri oblikovanju njihovih spletnih strani in tiskanih gradiv. V svojem prostovoljnem delu zelo u\u017eiva. Vendar Jannikov edini dohodek komaj zado\u0161\u010da za pre\u017eivljanje dru\u017eine in odpla\u010devanje hi\u0161e.<\/p><p><br \/>Frankovi so sre\u010dna dru\u017eina, vendar nimajo finan\u010dnih sredstev za dodatno razko\u0161je ali varu\u0161ko, ki bi Kerstin razbremenila pri njenem prostovoljnem delu. Kerstin v teh razmerah sli\u0161i za vznemirljiv nov projekt Gradido, ki ga uvajajo v Lieblingsstadtu. V okviru projekta se prostovoljno delo nagrajuje s tako imenovanimi zahvalnimi to\u010dkami Gradido. Kerstin se zaveda, da je to odli\u010den na\u010din, kako ceniti svoje delo in hkrati finan\u010dno razbremeniti dru\u017eino. Tudi Jannik je navdu\u0161en, saj lahko kot trener mladih v \u0161portnem klubu za svoje prostovoljno delo prejema Gradido.\u00a0<\/p><p><br \/>Frankova se odlo\u010dita, da bosta izvedela ve\u010d o projektu Gradido in se udele\u017eila ene od rednih kavarn Gradido v ob\u010dinskem centru. Tam spoznata druge prebivalce Lieblingsstadta, ki za svoje prostovoljno delo prav tako prejemajo nadomestilo Gradido.<\/p>\t\t\t\t\t\t\t\t<\/div>\n\t\t\t\t<\/div>\n\t\t\t\t<div class=\"elementor-element elementor-element-e51c407 elementor-widget elementor-widget-image\" data-id=\"e51c407\" data-element_type=\"widget\" data-e-type=\"widget\" data-widget_type=\"image.default\">\n\t\t\t\t<div class=\"elementor-widget-container\">\n\t\t\t\t\t\t\t\t\t\t\t\t\t\t\t<img decoding=\"async\" width=\"800\" height=\"800\" src=\"https:\/\/gradido.net\/wp-content\/uploads\/2023\/08\/Cafe\u03012_800.jpg\" class=\"attachment-large size-large wp-image-7168\" alt=\"\" srcset=\"https:\/\/gradido.net\/wp-content\/uploads\/2023\/08\/Cafe\u03012_800.jpg 800w, https:\/\/gradido.net\/wp-content\/uploads\/2023\/08\/Cafe\u03012_800-300x300.jpg 300w, https:\/\/gradido.net\/wp-content\/uploads\/2023\/08\/Cafe\u03012_800-150x150.jpg 150w, https:\/\/gradido.net\/wp-content\/uploads\/2023\/08\/Cafe\u03012_800-768x768.jpg 768w, https:\/\/gradido.net\/wp-content\/uploads\/2023\/08\/Cafe\u03012_800-12x12.jpg 12w\" sizes=\"(max-width: 800px) 100vw, 800px\" \/>\t\t\t\t\t\t\t\t\t\t\t\t\t\t\t<\/div>\n\t\t\t\t<\/div>\n\t\t\t\t<div class=\"elementor-element elementor-element-06a4667 elementor-widget elementor-widget-text-editor\" data-id=\"06a4667\" data-element_type=\"widget\" data-e-type=\"widget\" data-widget_type=\"text-editor.default\">\n\t\t\t\t<div class=\"elementor-widget-container\">\n\t\t\t\t\t\t\t\t\t<p>Tam se sre\u010dujejo mladi in stari. Ljudje so zelo prijazni in prijazni. Polni veselja in navdu\u0161enja se med seboj pogovarjajo o tem, kaj lahko ponudijo in kaj potrebujejo. Kar potrebuje ena oseba, lahko naredi druga. To vodi v \u017eivahno izmenjavo. Ustvari se \u017eivahen \"trg prilo\u017enosti\", na katerem ljudje ne pla\u010dujejo z denarjem, ampak drug drugega nadomestijo z Gradidom.<\/p>\t\t\t\t\t\t\t\t<\/div>\n\t\t\t\t<\/div>\n\t\t\t\t<div class=\"elementor-element elementor-element-f223bb6 elementor-widget elementor-widget-image\" data-id=\"f223bb6\" data-element_type=\"widget\" data-e-type=\"widget\" data-widget_type=\"image.default\">\n\t\t\t\t<div class=\"elementor-widget-container\">\n\t\t\t\t\t\t\t\t\t\t\t\t\t\t\t<img decoding=\"async\" width=\"800\" height=\"540\" src=\"https:\/\/gradido.net\/wp-content\/uploads\/2023\/08\/Monika_gross_800.jpg\" class=\"attachment-full size-full wp-image-7169\" alt=\"\" srcset=\"https:\/\/gradido.net\/wp-content\/uploads\/2023\/08\/Monika_gross_800.jpg 800w, https:\/\/gradido.net\/wp-content\/uploads\/2023\/08\/Monika_gross_800-300x203.jpg 300w, https:\/\/gradido.net\/wp-content\/uploads\/2023\/08\/Monika_gross_800-768x518.jpg 768w, https:\/\/gradido.net\/wp-content\/uploads\/2023\/08\/Monika_gross_800-18x12.jpg 18w\" sizes=\"(max-width: 800px) 100vw, 800px\" \/>\t\t\t\t\t\t\t\t\t\t\t\t\t\t\t<\/div>\n\t\t\t\t<\/div>\n\t\t\t\t<div class=\"elementor-element elementor-element-0499f3c elementor-widget elementor-widget-text-editor\" data-id=\"0499f3c\" data-element_type=\"widget\" data-e-type=\"widget\" data-widget_type=\"text-editor.default\">\n\t\t\t\t<div class=\"elementor-widget-container\">\n\t\t\t\t\t\t\t\t\t<p>Spoznata Moniko, nekdanjo vzgojiteljico v vrtcu, ki se rada ukvarja z otroki. Monika se ponudi, da bo skrbela za malo Luno, ko bo Kerstin opravljala svoje prostovoljno delo. Dru\u017eina je hvale\u017ena za njeno pomo\u010d. Tako lahko spet ve\u010d \u010dasa namenita svojim strastem in prostovoljnemu delu.<\/p><p><br \/>Max, strastni ko\u0161arkar, ima odli\u010dno zamisel. Predlaga, da mladinska ekipa \u0161portnega kluba izvede akcijo \u010di\u0161\u010denja gozda in tako vrne nekaj naravi. Ekipa idejo sprejme z navdu\u0161enjem. Za gradivo, ki ga dobijo v zameno, dobijo vse vrste podpore za dejavnosti svoje ekipe in \u0161iritev \u0161portnega doma.<\/p>\t\t\t\t\t\t\t\t<\/div>\n\t\t\t\t<\/div>\n\t\t\t\t<div class=\"elementor-element elementor-element-392458a elementor-widget elementor-widget-image\" data-id=\"392458a\" data-element_type=\"widget\" data-e-type=\"widget\" data-widget_type=\"image.default\">\n\t\t\t\t<div class=\"elementor-widget-container\">\n\t\t\t\t\t\t\t\t\t\t\t\t\t\t\t<img loading=\"lazy\" decoding=\"async\" width=\"800\" height=\"540\" src=\"https:\/\/gradido.net\/wp-content\/uploads\/2023\/08\/Waldreinigung_800.jpg\" class=\"attachment-large size-large wp-image-7182\" alt=\"\" srcset=\"https:\/\/gradido.net\/wp-content\/uploads\/2023\/08\/Waldreinigung_800.jpg 800w, https:\/\/gradido.net\/wp-content\/uploads\/2023\/08\/Waldreinigung_800-300x203.jpg 300w, https:\/\/gradido.net\/wp-content\/uploads\/2023\/08\/Waldreinigung_800-768x518.jpg 768w, https:\/\/gradido.net\/wp-content\/uploads\/2023\/08\/Waldreinigung_800-18x12.jpg 18w\" sizes=\"(max-width: 800px) 100vw, 800px\" \/>\t\t\t\t\t\t\t\t\t\t\t\t\t\t\t<\/div>\n\t\t\t\t<\/div>\n\t\t\t\t<div class=\"elementor-element elementor-element-8fcbf61 elementor-widget elementor-widget-text-editor\" data-id=\"8fcbf61\" data-element_type=\"widget\" data-e-type=\"widget\" data-widget_type=\"text-editor.default\">\n\t\t\t\t<div class=\"elementor-widget-container\">\n\t\t\t\t\t\t\t\t\t<p>Mia, glasbena h\u010di dru\u017eine, spozna Martina, upokojenega u\u010ditelja glasbe. Martin ji ponudi lekcije saksofona za Gradido. Mia je navdu\u0161ena nad prilo\u017enostjo, da se u\u010di od izku\u0161enega glasbenika in razvija svoj glasbeni potencial.<\/p>\t\t\t\t\t\t\t\t<\/div>\n\t\t\t\t<\/div>\n\t\t\t\t<div class=\"elementor-element elementor-element-84f7bbd elementor-widget elementor-widget-image\" data-id=\"84f7bbd\" data-element_type=\"widget\" data-e-type=\"widget\" data-widget_type=\"image.default\">\n\t\t\t\t<div class=\"elementor-widget-container\">\n\t\t\t\t\t\t\t\t\t\t\t\t\t\t\t<img loading=\"lazy\" decoding=\"async\" width=\"800\" height=\"540\" src=\"https:\/\/gradido.net\/wp-content\/uploads\/2023\/08\/Martin_Saxophon_800.jpg\" class=\"attachment-large size-large wp-image-7186\" alt=\"\" srcset=\"https:\/\/gradido.net\/wp-content\/uploads\/2023\/08\/Martin_Saxophon_800.jpg 800w, https:\/\/gradido.net\/wp-content\/uploads\/2023\/08\/Martin_Saxophon_800-300x203.jpg 300w, https:\/\/gradido.net\/wp-content\/uploads\/2023\/08\/Martin_Saxophon_800-768x518.jpg 768w, https:\/\/gradido.net\/wp-content\/uploads\/2023\/08\/Martin_Saxophon_800-18x12.jpg 18w\" sizes=\"(max-width: 800px) 100vw, 800px\" \/>\t\t\t\t\t\t\t\t\t\t\t\t\t\t\t<\/div>\n\t\t\t\t<\/div>\n\t\t\t\t<div class=\"elementor-element elementor-element-abb92cd elementor-widget elementor-widget-text-editor\" data-id=\"abb92cd\" data-element_type=\"widget\" data-e-type=\"widget\" data-widget_type=\"text-editor.default\">\n\t\t\t\t<div class=\"elementor-widget-container\">\n\t\t\t\t\t\t\t\t\t<p>Dru\u017eina Frank se zaveda, da jim projekt Gradido ne ponuja le finan\u010dne pomo\u010di, temve\u010d tudi odli\u010dne dejavnosti in prilo\u017enosti, ki jih z denarjem ne bi mogli pla\u010dati. Prostovoljno delo in sodelovanje z drugimi sodr\u017eavljani krepita ob\u010dutek za skupnost ter vezi v dru\u017eini in zunaj nje.<\/p><p><br \/>Kerstin in Jannik lahko z Gradidovimi zahvalnimi to\u010dkami podpirata svojo dru\u017eino, uresni\u010dujeta svoje strasti in spodbujata svoje otroke pri njihovih interesih. Hvale\u017ena sta za to novo perspektivo, ki jima omogo\u010da, da svoje \u017eivljenje \u017eivita z veseljem in izpolnjenostjo.\u00a0<\/p><p><br \/><strong>Franki se zavedajo, da s projektom Gradido ne izbolj\u0161ujejo le svojega osebnega okolja, temve\u010d so tudi del pozitivnih sprememb v priljubljenem mestu.<\/strong><\/p>\t\t\t\t\t\t\t\t<\/div>\n\t\t\t\t<\/div>\n\t\t\t\t<div class=\"elementor-element elementor-element-e858257 elementor-widget-divider--view-line elementor-widget elementor-widget-divider\" data-id=\"e858257\" data-element_type=\"widget\" data-e-type=\"widget\" data-widget_type=\"divider.default\">\n\t\t\t\t<div class=\"elementor-widget-container\">\n\t\t\t\t\t\t\t<div class=\"elementor-divider\">\n\t\t\t<span class=\"elementor-divider-separator\">\n\t\t\t\t\t\t<\/span>\n\t\t<\/div>\n\t\t\t\t\t\t<\/div>\n\t\t\t\t<\/div>\n\t\t\t\t<div class=\"elementor-element elementor-element-d74dfa0 elementor-widget elementor-widget-text-editor\" data-id=\"d74dfa0\" data-element_type=\"widget\" data-e-type=\"widget\" data-widget_type=\"text-editor.default\">\n\t\t\t\t<div class=\"elementor-widget-container\">\n\t\t\t\t\t\t\t\t\t<div data-pm-slice=\"1 1 []\" data-en-clipboard=\"true\"><p>To je \u017ee tretji prispevek v na\u0161i seriji <strong>\"Gradido v priljubljenem mestu\". <\/strong>Skozi navdihujo\u010de zgodbe izvemo, kako model Gradido bistveno izbolj\u0161a kakovost \u017eivljenja ljudi, pove\u010da varnost v mestu ter celo prihrani podjetjem in mestni bolni\u0161nici.<\/p><p>To serijo lahko posredujete svojemu mestnemu svetu, zdru\u017eenjem in trgovcem. \u010ce ne bomo ukrepali zdaj, se bo trend upadanja nadaljeval, gospodarstvo se bo zna\u0161lo v te\u017eavah, srednji razred bo ogro\u017een, ob\u010dine pa bodo propadle pod bremenom dolga.\u00a0<\/p><p>Z Gradidom imamo v rokah u\u010dinkovito orodje za pozitivno oblikovanje \u017eivljenja. Skupaj spreminjamo na\u0161a mesta in skupnosti v \u017eivahne uspe\u0161ne oaze - na\u0161e najljub\u0161e kraje!<\/p><p>Lep pozdrav<\/p><\/div><p>Va\u0161<\/p><p><img loading=\"lazy\" decoding=\"async\" class=\"alignnone wp-image-4614 size-medium\" src=\"https:\/\/gradido.net\/wp-content\/uploads\/2022\/06\/MargretBernd_2022-300x74.png\" alt=\"\" width=\"300\" height=\"74\" srcset=\"https:\/\/gradido.net\/wp-content\/uploads\/2022\/06\/MargretBernd_2022-300x74.png 300w, https:\/\/gradido.net\/wp-content\/uploads\/2022\/06\/MargretBernd_2022-18x4.png 18w, https:\/\/gradido.net\/wp-content\/uploads\/2022\/06\/MargretBernd_2022.png 431w\" sizes=\"(max-width: 300px) 100vw, 300px\" \/><\/p><p>Margret Baier in Bernd H\u00fcckst\u00e4dt<br \/>Ustanovitelj in razvijalec Gradida<\/p>\t\t\t\t\t\t\t\t<\/div>\n\t\t\t\t<\/div>\n\t\t\t\t\t<\/div>\n\t\t<\/div>\n\t\t\t\t\t<\/div>\n\t\t<\/section>\n\t\t\t\t<section class=\"elementor-section elementor-top-section elementor-element elementor-element-6b56539 elementor-section-boxed elementor-section-height-default elementor-section-height-default\" data-id=\"6b56539\" data-element_type=\"section\" data-e-type=\"section\">\n\t\t\t\t\t\t<div class=\"elementor-container elementor-column-gap-default\">\n\t\t\t\t\t<div class=\"elementor-column elementor-col-100 elementor-top-column elementor-element elementor-element-2ce5c91\" data-id=\"2ce5c91\" data-element_type=\"column\" data-e-type=\"column\">\n\t\t\t<div class=\"elementor-widget-wrap elementor-element-populated\">\n\t\t\t\t\t\t<div class=\"elementor-element elementor-element-9e94d8b elementor-position-inline-start white-links elementor-widget__width-initial elementor-view-default elementor-mobile-position-block-start elementor-widget elementor-widget-icon-box\" data-id=\"9e94d8b\" data-element_type=\"widget\" data-e-type=\"widget\" data-no-translation=\"\" data-widget_type=\"icon-box.default\">\n\t\t\t\t<div class=\"elementor-widget-container\">\n\t\t\t\t\t<style>.elementor-element-9e94d8b{display:none !important}<\/style>\t\t\t\t<\/div>\n\t\t\t\t<\/div>\n\t\t\t\t\t<\/div>\n\t\t<\/div>\n\t\t\t\t\t<\/div>\n\t\t<\/section>\n\t\t\t\t<section class=\"elementor-section elementor-top-section elementor-element elementor-element-14532fe elementor-section-boxed elementor-section-height-default elementor-section-height-default\" data-id=\"14532fe\" data-element_type=\"section\" data-e-type=\"section\">\n\t\t\t\t\t\t<div class=\"elementor-container elementor-column-gap-default\">\n\t\t\t\t\t<div class=\"elementor-column elementor-col-100 elementor-top-column elementor-element elementor-element-65d2298\" data-id=\"65d2298\" data-element_type=\"column\" data-e-type=\"column\">\n\t\t\t<div class=\"elementor-widget-wrap elementor-element-populated\">\n\t\t\t\t\t\t<div class=\"elementor-element elementor-element-5267cda elementor-widget elementor-widget-global elementor-global-9341 elementor-widget-text-editor\" data-id=\"5267cda\" data-element_type=\"widget\" data-e-type=\"widget\" data-widget_type=\"text-editor.default\">\n\t\t\t\t<div class=\"elementor-widget-container\">\n\t\t\t\t\t\t\t\t\t<p><strong>PS:\u00a0<span style=\"color: #ff6600;\"><a style=\"color: #ff6600;\" href=\"https:\/\/gradido.net\/sl\/donations\/\">Zaradi vedno ve\u010djega pomena Gradida bomo 26. junija 2026 ponovili akcijo zahvale:<\/a>\u00a0<\/span><span style=\"color: #0000ff;\"><a style=\"color: #0000ff;\" href=\"https:\/\/gradido.net\/sl\/donations\/\">Poleg ve\u010dkratnega GradidoTransform za va\u0161 sponzorski prispevek bomo 26.6.2016 pove\u010dali stanje vseh ra\u010dunov GDT za 26%. Sponzorirajte zdaj in u\u017eivajte v ve\u010dkratnem znesku GDT!<\/a><\/span><\/strong><\/p>\t\t\t\t\t\t\t\t<\/div>\n\t\t\t\t<\/div>\n\t\t\t\t\t<\/div>\n\t\t<\/div>\n\t\t\t\t\t<\/div>\n\t\t<\/section>\n\t\t\t\t<\/div>","protected":false},"excerpt":{"rendered":"<p>Kerstin in Jannik se lahko s pomo\u010djo Gradidovih to\u010dk zahvale ukvarjata s svojimi strastmi in pri tem spodbujata svoje otroke. Hvale\u017ena sta za to novo perspektivo, ki jima omogo\u010da, da svoje \u017eivljenje \u017eivita z veseljem in izpolnjenostjo. <\/p>","protected":false},"author":2,"featured_media":7158,"comment_status":"closed","ping_status":"closed","sticky":false,"template":"","format":"standard","meta":{"footnotes":""},"categories":[11,53],"tags":[],"class_list":["post-7157","post","type-post","status-publish","format-standard","has-post-thumbnail","hentry","category-blog","category-lieblingsstadt"],"yoast_head":"<!-- This site is optimized with the Yoast SEO plugin v27.5 - https:\/\/yoast.com\/product\/yoast-seo-wordpress\/ -->\n<title>Lieblingsstadt 3 \u2013 Eine Familie, ein Projekt und eine Stadt voller M\u00f6glichkeiten - Gradido<\/title>\n<meta name=\"description\" content=\"Mit den Gradido-Dankpunkten k\u00f6nnen Kerstin und Jannik ihren Leidenschaften nachgehen und ihre Kinder in ihren Interessen f\u00f6rdern. Sie sind dankbar f\u00fcr diese neue Perspektive, die es ihnen erm\u00f6glicht, ihr Leben mit Freude und Erf\u00fcllung zu gestalten.\" \/>\n<meta name=\"robots\" content=\"index, follow, max-snippet:-1, max-image-preview:large, max-video-preview:-1\" \/>\n<link rel=\"canonical\" href=\"https:\/\/gradido.net\/sl\/lieblingsstadt-3-eine-familie-ein-projekt-und-eine-stadt-voller-moeglichkeiten\/\" \/>\n<meta property=\"og:locale\" content=\"sl_SI\" \/>\n<meta property=\"og:type\" content=\"article\" \/>\n<meta property=\"og:title\" content=\"Lieblingsstadt 3 \u2013 Eine Familie, ein Projekt und eine Stadt voller M\u00f6glichkeiten - Gradido\" \/>\n<meta property=\"og:description\" content=\"Mit den Gradido-Dankpunkten k\u00f6nnen Kerstin und Jannik ihren Leidenschaften nachgehen und ihre Kinder in ihren Interessen f\u00f6rdern. Sie sind dankbar f\u00fcr diese neue Perspektive, die es ihnen erm\u00f6glicht, ihr Leben mit Freude und Erf\u00fcllung zu gestalten.\" \/>\n<meta property=\"og:url\" content=\"https:\/\/gradido.net\/sl\/lieblingsstadt-3-eine-familie-ein-projekt-und-eine-stadt-voller-moeglichkeiten\/\" \/>\n<meta property=\"og:site_name\" content=\"Gradido\" \/>\n<meta property=\"article:published_time\" content=\"2023-08-18T08:13:29+00:00\" \/>\n<meta property=\"article:modified_time\" content=\"2026-04-23T05:14:52+00:00\" \/>\n<meta property=\"og:image\" content=\"https:\/\/gradido.net\/wp-content\/uploads\/2023\/08\/Familie_Frank_1920.jpg\" \/>\n\t<meta property=\"og:image:width\" content=\"1920\" \/>\n\t<meta property=\"og:image:height\" content=\"1200\" \/>\n\t<meta property=\"og:image:type\" content=\"image\/jpeg\" \/>\n<meta name=\"author\" content=\"Bernd H\u00fcckst\u00e4dt\" \/>\n<meta name=\"twitter:card\" content=\"summary_large_image\" \/>\n<meta name=\"twitter:label1\" content=\"Written by\" \/>\n\t<meta name=\"twitter:data1\" content=\"Bernd H\u00fcckst\u00e4dt\" \/>\n\t<meta name=\"twitter:label2\" content=\"Est. reading time\" \/>\n\t<meta name=\"twitter:data2\" content=\"6 minut\" \/>\n<script type=\"application\/ld+json\" class=\"yoast-schema-graph\">{\"@context\":\"https:\\\/\\\/schema.org\",\"@graph\":[{\"@type\":\"Article\",\"@id\":\"https:\\\/\\\/gradido.net\\\/lieblingsstadt-3-eine-familie-ein-projekt-und-eine-stadt-voller-moeglichkeiten\\\/#article\",\"isPartOf\":{\"@id\":\"https:\\\/\\\/gradido.net\\\/lieblingsstadt-3-eine-familie-ein-projekt-und-eine-stadt-voller-moeglichkeiten\\\/\"},\"author\":{\"name\":\"Bernd H\u00fcckst\u00e4dt\",\"@id\":\"https:\\\/\\\/gradido.net\\\/de\\\/#\\\/schema\\\/person\\\/9c503a004ad15a1ddecadce2218db5d1\"},\"headline\":\"Lieblingsstadt 3 \u2013 Eine Familie, ein Projekt und eine Stadt voller M\u00f6glichkeiten\",\"datePublished\":\"2023-08-18T08:13:29+00:00\",\"dateModified\":\"2026-04-23T05:14:52+00:00\",\"mainEntityOfPage\":{\"@id\":\"https:\\\/\\\/gradido.net\\\/lieblingsstadt-3-eine-familie-ein-projekt-und-eine-stadt-voller-moeglichkeiten\\\/\"},\"wordCount\":848,\"publisher\":{\"@id\":\"https:\\\/\\\/gradido.net\\\/de\\\/#organization\"},\"image\":{\"@id\":\"https:\\\/\\\/gradido.net\\\/lieblingsstadt-3-eine-familie-ein-projekt-und-eine-stadt-voller-moeglichkeiten\\\/#primaryimage\"},\"thumbnailUrl\":\"https:\\\/\\\/gradido.net\\\/wp-content\\\/uploads\\\/2023\\\/08\\\/Familie_Frank_1920.jpg\",\"articleSection\":[\"Blog\",\"Lieblingsstadt\"],\"inLanguage\":\"sl-SI\"},{\"@type\":\"WebPage\",\"@id\":\"https:\\\/\\\/gradido.net\\\/lieblingsstadt-3-eine-familie-ein-projekt-und-eine-stadt-voller-moeglichkeiten\\\/\",\"url\":\"https:\\\/\\\/gradido.net\\\/lieblingsstadt-3-eine-familie-ein-projekt-und-eine-stadt-voller-moeglichkeiten\\\/\",\"name\":\"Lieblingsstadt 3 \u2013 Eine Familie, ein Projekt und eine Stadt voller M\u00f6glichkeiten - Gradido\",\"isPartOf\":{\"@id\":\"https:\\\/\\\/gradido.net\\\/de\\\/#website\"},\"primaryImageOfPage\":{\"@id\":\"https:\\\/\\\/gradido.net\\\/lieblingsstadt-3-eine-familie-ein-projekt-und-eine-stadt-voller-moeglichkeiten\\\/#primaryimage\"},\"image\":{\"@id\":\"https:\\\/\\\/gradido.net\\\/lieblingsstadt-3-eine-familie-ein-projekt-und-eine-stadt-voller-moeglichkeiten\\\/#primaryimage\"},\"thumbnailUrl\":\"https:\\\/\\\/gradido.net\\\/wp-content\\\/uploads\\\/2023\\\/08\\\/Familie_Frank_1920.jpg\",\"datePublished\":\"2023-08-18T08:13:29+00:00\",\"dateModified\":\"2026-04-23T05:14:52+00:00\",\"description\":\"Mit den Gradido-Dankpunkten k\u00f6nnen Kerstin und Jannik ihren Leidenschaften nachgehen und ihre Kinder in ihren Interessen f\u00f6rdern. Sie sind dankbar f\u00fcr diese neue Perspektive, die es ihnen erm\u00f6glicht, ihr Leben mit Freude und Erf\u00fcllung zu gestalten.\",\"breadcrumb\":{\"@id\":\"https:\\\/\\\/gradido.net\\\/lieblingsstadt-3-eine-familie-ein-projekt-und-eine-stadt-voller-moeglichkeiten\\\/#breadcrumb\"},\"inLanguage\":\"sl-SI\",\"potentialAction\":[{\"@type\":\"ReadAction\",\"target\":[\"https:\\\/\\\/gradido.net\\\/lieblingsstadt-3-eine-familie-ein-projekt-und-eine-stadt-voller-moeglichkeiten\\\/\"]}]},{\"@type\":\"ImageObject\",\"inLanguage\":\"sl-SI\",\"@id\":\"https:\\\/\\\/gradido.net\\\/lieblingsstadt-3-eine-familie-ein-projekt-und-eine-stadt-voller-moeglichkeiten\\\/#primaryimage\",\"url\":\"https:\\\/\\\/gradido.net\\\/wp-content\\\/uploads\\\/2023\\\/08\\\/Familie_Frank_1920.jpg\",\"contentUrl\":\"https:\\\/\\\/gradido.net\\\/wp-content\\\/uploads\\\/2023\\\/08\\\/Familie_Frank_1920.jpg\",\"width\":1920,\"height\":1200},{\"@type\":\"BreadcrumbList\",\"@id\":\"https:\\\/\\\/gradido.net\\\/lieblingsstadt-3-eine-familie-ein-projekt-und-eine-stadt-voller-moeglichkeiten\\\/#breadcrumb\",\"itemListElement\":[{\"@type\":\"ListItem\",\"position\":1,\"name\":\"Startseite\",\"item\":\"https:\\\/\\\/gradido.net\\\/\"},{\"@type\":\"ListItem\",\"position\":2,\"name\":\"Lieblingsstadt 3 \u2013 Eine Familie, ein Projekt und eine Stadt voller M\u00f6glichkeiten\"}]},{\"@type\":\"WebSite\",\"@id\":\"https:\\\/\\\/gradido.net\\\/de\\\/#website\",\"url\":\"https:\\\/\\\/gradido.net\\\/de\\\/\",\"name\":\"Gradido\",\"description\":\"Die neue W\u00e4hrung hei\u00dft Dankbarkeit\",\"publisher\":{\"@id\":\"https:\\\/\\\/gradido.net\\\/de\\\/#organization\"},\"potentialAction\":[{\"@type\":\"SearchAction\",\"target\":{\"@type\":\"EntryPoint\",\"urlTemplate\":\"https:\\\/\\\/gradido.net\\\/de\\\/?s={search_term_string}\"},\"query-input\":{\"@type\":\"PropertyValueSpecification\",\"valueRequired\":true,\"valueName\":\"search_term_string\"}}],\"inLanguage\":\"sl-SI\"},{\"@type\":\"Organization\",\"@id\":\"https:\\\/\\\/gradido.net\\\/de\\\/#organization\",\"name\":\"Gradido\",\"url\":\"https:\\\/\\\/gradido.net\\\/de\\\/\",\"logo\":{\"@type\":\"ImageObject\",\"inLanguage\":\"sl-SI\",\"@id\":\"https:\\\/\\\/gradido.net\\\/de\\\/#\\\/schema\\\/logo\\\/image\\\/\",\"url\":\"https:\\\/\\\/gradido.net\\\/wp-content\\\/uploads\\\/2022\\\/04\\\/gradido-social.jpg\",\"contentUrl\":\"https:\\\/\\\/gradido.net\\\/wp-content\\\/uploads\\\/2022\\\/04\\\/gradido-social.jpg\",\"width\":527,\"height\":273,\"caption\":\"Gradido\"},\"image\":{\"@id\":\"https:\\\/\\\/gradido.net\\\/de\\\/#\\\/schema\\\/logo\\\/image\\\/\"}},{\"@type\":\"Person\",\"@id\":\"https:\\\/\\\/gradido.net\\\/de\\\/#\\\/schema\\\/person\\\/9c503a004ad15a1ddecadce2218db5d1\",\"name\":\"Bernd H\u00fcckst\u00e4dt\",\"sameAs\":[\"https:\\\/\\\/gradido.net\"],\"url\":\"https:\\\/\\\/gradido.net\\\/sl\\\/author\\\/bernd\\\/\"}]}<\/script>\n<!-- \/ Yoast SEO plugin. -->","yoast_head_json":{"title":"Najljub\u0161e mesto 3 - Dru\u017eina, projekt in mesto, polno mo\u017enosti - Gradido","description":"Kerstin in Jannik se lahko s pomo\u010djo Gradidovih to\u010dk zahvale ukvarjata s svojimi strastmi in pri tem spodbujata svoje otroke. Hvale\u017ena sta za to novo perspektivo, ki jima omogo\u010da, da svoje \u017eivljenje \u017eivita z veseljem in izpolnjenostjo.","robots":{"index":"index","follow":"follow","max-snippet":"max-snippet:-1","max-image-preview":"max-image-preview:large","max-video-preview":"max-video-preview:-1"},"canonical":"https:\/\/gradido.net\/sl\/lieblingsstadt-3-eine-familie-ein-projekt-und-eine-stadt-voller-moeglichkeiten\/","og_locale":"sl_SI","og_type":"article","og_title":"Lieblingsstadt 3 \u2013 Eine Familie, ein Projekt und eine Stadt voller M\u00f6glichkeiten - Gradido","og_description":"Mit den Gradido-Dankpunkten k\u00f6nnen Kerstin und Jannik ihren Leidenschaften nachgehen und ihre Kinder in ihren Interessen f\u00f6rdern. Sie sind dankbar f\u00fcr diese neue Perspektive, die es ihnen erm\u00f6glicht, ihr Leben mit Freude und Erf\u00fcllung zu gestalten.","og_url":"https:\/\/gradido.net\/sl\/lieblingsstadt-3-eine-familie-ein-projekt-und-eine-stadt-voller-moeglichkeiten\/","og_site_name":"Gradido","article_published_time":"2023-08-18T08:13:29+00:00","article_modified_time":"2026-04-23T05:14:52+00:00","og_image":[{"width":1920,"height":1200,"url":"https:\/\/gradido.net\/wp-content\/uploads\/2023\/08\/Familie_Frank_1920.jpg","type":"image\/jpeg"}],"author":"Bernd H\u00fcckst\u00e4dt","twitter_card":"summary_large_image","twitter_misc":{"Written by":"Bernd H\u00fcckst\u00e4dt","Est. reading time":"6 minut"},"schema":{"@context":"https:\/\/schema.org","@graph":[{"@type":"Article","@id":"https:\/\/gradido.net\/lieblingsstadt-3-eine-familie-ein-projekt-und-eine-stadt-voller-moeglichkeiten\/#article","isPartOf":{"@id":"https:\/\/gradido.net\/lieblingsstadt-3-eine-familie-ein-projekt-und-eine-stadt-voller-moeglichkeiten\/"},"author":{"name":"Bernd H\u00fcckst\u00e4dt","@id":"https:\/\/gradido.net\/de\/#\/schema\/person\/9c503a004ad15a1ddecadce2218db5d1"},"headline":"Lieblingsstadt 3 \u2013 Eine Familie, ein Projekt und eine Stadt voller M\u00f6glichkeiten","datePublished":"2023-08-18T08:13:29+00:00","dateModified":"2026-04-23T05:14:52+00:00","mainEntityOfPage":{"@id":"https:\/\/gradido.net\/lieblingsstadt-3-eine-familie-ein-projekt-und-eine-stadt-voller-moeglichkeiten\/"},"wordCount":848,"publisher":{"@id":"https:\/\/gradido.net\/de\/#organization"},"image":{"@id":"https:\/\/gradido.net\/lieblingsstadt-3-eine-familie-ein-projekt-und-eine-stadt-voller-moeglichkeiten\/#primaryimage"},"thumbnailUrl":"https:\/\/gradido.net\/wp-content\/uploads\/2023\/08\/Familie_Frank_1920.jpg","articleSection":["Blog","Lieblingsstadt"],"inLanguage":"sl-SI"},{"@type":"WebPage","@id":"https:\/\/gradido.net\/lieblingsstadt-3-eine-familie-ein-projekt-und-eine-stadt-voller-moeglichkeiten\/","url":"https:\/\/gradido.net\/lieblingsstadt-3-eine-familie-ein-projekt-und-eine-stadt-voller-moeglichkeiten\/","name":"Najljub\u0161e mesto 3 - Dru\u017eina, projekt in mesto, polno mo\u017enosti - Gradido","isPartOf":{"@id":"https:\/\/gradido.net\/de\/#website"},"primaryImageOfPage":{"@id":"https:\/\/gradido.net\/lieblingsstadt-3-eine-familie-ein-projekt-und-eine-stadt-voller-moeglichkeiten\/#primaryimage"},"image":{"@id":"https:\/\/gradido.net\/lieblingsstadt-3-eine-familie-ein-projekt-und-eine-stadt-voller-moeglichkeiten\/#primaryimage"},"thumbnailUrl":"https:\/\/gradido.net\/wp-content\/uploads\/2023\/08\/Familie_Frank_1920.jpg","datePublished":"2023-08-18T08:13:29+00:00","dateModified":"2026-04-23T05:14:52+00:00","description":"Kerstin in Jannik se lahko s pomo\u010djo Gradidovih to\u010dk zahvale ukvarjata s svojimi strastmi in pri tem spodbujata svoje otroke. Hvale\u017ena sta za to novo perspektivo, ki jima omogo\u010da, da svoje \u017eivljenje \u017eivita z veseljem in izpolnjenostjo.","breadcrumb":{"@id":"https:\/\/gradido.net\/lieblingsstadt-3-eine-familie-ein-projekt-und-eine-stadt-voller-moeglichkeiten\/#breadcrumb"},"inLanguage":"sl-SI","potentialAction":[{"@type":"ReadAction","target":["https:\/\/gradido.net\/lieblingsstadt-3-eine-familie-ein-projekt-und-eine-stadt-voller-moeglichkeiten\/"]}]},{"@type":"ImageObject","inLanguage":"sl-SI","@id":"https:\/\/gradido.net\/lieblingsstadt-3-eine-familie-ein-projekt-und-eine-stadt-voller-moeglichkeiten\/#primaryimage","url":"https:\/\/gradido.net\/wp-content\/uploads\/2023\/08\/Familie_Frank_1920.jpg","contentUrl":"https:\/\/gradido.net\/wp-content\/uploads\/2023\/08\/Familie_Frank_1920.jpg","width":1920,"height":1200},{"@type":"BreadcrumbList","@id":"https:\/\/gradido.net\/lieblingsstadt-3-eine-familie-ein-projekt-und-eine-stadt-voller-moeglichkeiten\/#breadcrumb","itemListElement":[{"@type":"ListItem","position":1,"name":"Startseite","item":"https:\/\/gradido.net\/"},{"@type":"ListItem","position":2,"name":"Lieblingsstadt 3 \u2013 Eine Familie, ein Projekt und eine Stadt voller M\u00f6glichkeiten"}]},{"@type":"WebSite","@id":"https:\/\/gradido.net\/de\/#website","url":"https:\/\/gradido.net\/de\/","name":"Gradido","description":"Nova valuta je hvale\u017enost","publisher":{"@id":"https:\/\/gradido.net\/de\/#organization"},"potentialAction":[{"@type":"SearchAction","target":{"@type":"EntryPoint","urlTemplate":"https:\/\/gradido.net\/de\/?s={search_term_string}"},"query-input":{"@type":"PropertyValueSpecification","valueRequired":true,"valueName":"search_term_string"}}],"inLanguage":"sl-SI"},{"@type":"Organization","@id":"https:\/\/gradido.net\/de\/#organization","name":"Gradido","url":"https:\/\/gradido.net\/de\/","logo":{"@type":"ImageObject","inLanguage":"sl-SI","@id":"https:\/\/gradido.net\/de\/#\/schema\/logo\/image\/","url":"https:\/\/gradido.net\/wp-content\/uploads\/2022\/04\/gradido-social.jpg","contentUrl":"https:\/\/gradido.net\/wp-content\/uploads\/2022\/04\/gradido-social.jpg","width":527,"height":273,"caption":"Gradido"},"image":{"@id":"https:\/\/gradido.net\/de\/#\/schema\/logo\/image\/"}},{"@type":"Person","@id":"https:\/\/gradido.net\/de\/#\/schema\/person\/9c503a004ad15a1ddecadce2218db5d1","name":"Bernd H\u00fcckst\u00e4dt","sameAs":["https:\/\/gradido.net"],"url":"https:\/\/gradido.net\/sl\/author\/bernd\/"}]}},"_links":{"self":[{"href":"https:\/\/gradido.net\/sl\/wp-json\/wp\/v2\/posts\/7157","targetHints":{"allow":["GET"]}}],"collection":[{"href":"https:\/\/gradido.net\/sl\/wp-json\/wp\/v2\/posts"}],"about":[{"href":"https:\/\/gradido.net\/sl\/wp-json\/wp\/v2\/types\/post"}],"author":[{"embeddable":true,"href":"https:\/\/gradido.net\/sl\/wp-json\/wp\/v2\/users\/2"}],"replies":[{"embeddable":true,"href":"https:\/\/gradido.net\/sl\/wp-json\/wp\/v2\/comments?post=7157"}],"version-history":[{"count":55,"href":"https:\/\/gradido.net\/sl\/wp-json\/wp\/v2\/posts\/7157\/revisions"}],"predecessor-version":[{"id":13547,"href":"https:\/\/gradido.net\/sl\/wp-json\/wp\/v2\/posts\/7157\/revisions\/13547"}],"wp:featuredmedia":[{"embeddable":true,"href":"https:\/\/gradido.net\/sl\/wp-json\/wp\/v2\/media\/7158"}],"wp:attachment":[{"href":"https:\/\/gradido.net\/sl\/wp-json\/wp\/v2\/media?parent=7157"}],"wp:term":[{"taxonomy":"category","embeddable":true,"href":"https:\/\/gradido.net\/sl\/wp-json\/wp\/v2\/categories?post=7157"},{"taxonomy":"post_tag","embeddable":true,"href":"https:\/\/gradido.net\/sl\/wp-json\/wp\/v2\/tags?post=7157"}],"curies":[{"name":"wp","href":"https:\/\/api.w.org\/{rel}","templated":true}]}}