{"id":7227,"date":"2023-08-20T07:00:11","date_gmt":"2023-08-20T05:00:11","guid":{"rendered":"https:\/\/gradido.net\/?p=7227"},"modified":"2026-04-23T07:14:02","modified_gmt":"2026-04-23T05:14:02","slug":"lieblingsstadt-4-gradido-tage-in-der-pizzeria-ehrenamt-trifft-auf-gastronomie","status":"publish","type":"post","link":"https:\/\/gradido.net\/sl\/lieblingsstadt-4-gradido-tage-in-der-pizzeria-ehrenamt-trifft-auf-gastronomie\/","title":{"rendered":"Najljub\u0161e mesto 4 - Gradido Days at the Pizzeria: prostovoljstvo se sre\u010da z gastronomijo"},"content":{"rendered":"<div data-elementor-type=\"wp-post\" data-elementor-id=\"7227\" class=\"elementor elementor-7227\" data-elementor-post-type=\"post\">\n\t\t\t\t\t\t<section class=\"elementor-section elementor-top-section elementor-element elementor-element-496e1d53 elementor-section-boxed elementor-section-height-default elementor-section-height-default\" data-id=\"496e1d53\" data-element_type=\"section\" data-e-type=\"section\">\n\t\t\t\t\t\t<div class=\"elementor-container elementor-column-gap-default\">\n\t\t\t\t\t<div class=\"elementor-column elementor-col-100 elementor-top-column elementor-element elementor-element-461d7be0\" data-id=\"461d7be0\" data-element_type=\"column\" data-e-type=\"column\">\n\t\t\t<div class=\"elementor-widget-wrap elementor-element-populated\">\n\t\t\t\t\t\t<div class=\"elementor-element elementor-element-cd9ebe2 elementor-widget elementor-widget-text-editor\" data-id=\"cd9ebe2\" data-element_type=\"widget\" data-e-type=\"widget\" data-widget_type=\"text-editor.default\">\n\t\t\t\t<div class=\"elementor-widget-container\">\n\t\t\t\t\t\t\t\t\t<p style=\"text-align: right;\"><em>\"Radi imamo na\u0161e mesto in ljudi ter \u017eelimo, da si lahko vsakdo privo\u0161\u010di nekajurno u\u017eivanje v italijanskem pridihu in sredozemski kuhinji.\"<\/em><\/p><p>Dragi bralec,<\/p><p>v priljubljenem mestu je priljubljena picerija Napoli, ki jo vodita Giulia in Antonio. Kot strastna gostinca imata ne le talent za okusno italijansko kuhinjo, temve\u010d tudi srce za ljudi.<\/p>\t\t\t\t\t\t\t\t<\/div>\n\t\t\t\t<\/div>\n\t\t\t\t<div class=\"elementor-element elementor-element-b482206 elementor-widget elementor-widget-image\" data-id=\"b482206\" data-element_type=\"widget\" data-e-type=\"widget\" data-widget_type=\"image.default\">\n\t\t\t\t<div class=\"elementor-widget-container\">\n\t\t\t\t\t\t\t\t\t\t\t\t\t\t\t<img fetchpriority=\"high\" decoding=\"async\" width=\"500\" height=\"500\" src=\"https:\/\/gradido.net\/wp-content\/uploads\/2023\/08\/Giulia_Toni_500.jpg\" class=\"attachment-full size-full wp-image-7233\" alt=\"\" srcset=\"https:\/\/gradido.net\/wp-content\/uploads\/2023\/08\/Giulia_Toni_500.jpg 500w, https:\/\/gradido.net\/wp-content\/uploads\/2023\/08\/Giulia_Toni_500-300x300.jpg 300w, https:\/\/gradido.net\/wp-content\/uploads\/2023\/08\/Giulia_Toni_500-150x150.jpg 150w, https:\/\/gradido.net\/wp-content\/uploads\/2023\/08\/Giulia_Toni_500-12x12.jpg 12w\" sizes=\"(max-width: 500px) 100vw, 500px\" \/>\t\t\t\t\t\t\t\t\t\t\t\t\t\t\t<\/div>\n\t\t\t\t<\/div>\n\t\t\t\t<div class=\"elementor-element elementor-element-c5e61d4 elementor-widget elementor-widget-text-editor\" data-id=\"c5e61d4\" data-element_type=\"widget\" data-e-type=\"widget\" data-widget_type=\"text-editor.default\">\n\t\t\t\t<div class=\"elementor-widget-container\">\n\t\t\t\t\t\t\t\t\t<p>Toda v zadnjem \u010dasu je v zraku prisotno depresivno razpolo\u017eenje - vsi si ne morejo privo\u0161\u010diti majhnega razko\u0161ja obiska restavracije. Zlasti zdaj, ko je moral svoja vrata zapreti najve\u010dji delodajalec v mestu, je brezposelnost prizadela \u0161tevilne delavne prebivalce Lieblingsstadta.<\/p><p><br \/>Med obiskom \u017eupana Michaela Miteinanda se Giulia in Antonio seznanita z njegovim novim projektom: V mestu Lieblingsstadt sta se seznanila s projektom uvedbe skupnih dobrih zahvalnih to\u010dk po modelu Gradido. Ime \"Gradido\" pove vse, saj ta model temelji na na\u010delih hvale\u017enosti, dostojanstva in darovanja.\u00a0<\/p><p><br \/>Vsak prostovoljec za vsako uro prostovoljnega dela prejme 20 gradidov, ki jih lahko zamenja za popuste in druge ugodnosti.<\/p><p><br \/>Ob tej zamisli se Antonio spomni tradicije iz rodnega Neaplja: \"caff\u00e8 sospeso\". Ta kava je nastala sredi 20. stoletja in je dejanje solidarnosti, pri katerem nekdo ne pla\u010da le svoje kave, temve\u010d kupi \u0161e eno \"na zalogi\" za nekoga v stiski. Ta ljube\u010da gesta je od svojega nastanka postala vse bolj priljubljena in je zdaj po vsem svetu znana kot \"pay it forward\" (pla\u010daj naprej).<\/p>\t\t\t\t\t\t\t\t<\/div>\n\t\t\t\t<\/div>\n\t\t\t\t<div class=\"elementor-element elementor-element-e51c407 elementor-widget elementor-widget-image\" data-id=\"e51c407\" data-element_type=\"widget\" data-e-type=\"widget\" data-widget_type=\"image.default\">\n\t\t\t\t<div class=\"elementor-widget-container\">\n\t\t\t\t\t\t\t\t\t\t\t\t\t\t\t<img decoding=\"async\" src=\"https:\/\/gradido.net\/wp-content\/uploads\/elementor\/thumbs\/Cafe\u0301-Sospeso_800-qh4sa6qu9nadfnzp024c04onwjg978k2dpsj4pxpjc.png\" title=\"Kavarna Sospeso_800\" alt=\"Kavarna Sospeso_800\" loading=\"lazy\" \/>\t\t\t\t\t\t\t\t\t\t\t\t\t\t\t<\/div>\n\t\t\t\t<\/div>\n\t\t\t\t<div class=\"elementor-element elementor-element-06a4667 elementor-widget elementor-widget-text-editor\" data-id=\"06a4667\" data-element_type=\"widget\" data-e-type=\"widget\" data-widget_type=\"text-editor.default\">\n\t\t\t\t<div class=\"elementor-widget-container\">\n\t\t\t\t\t\t\t\t\t<p><span style=\"font-weight: 400;\">Kavarne Karma, znane tudi kot kavarne \"pla\u010daj, kar lahko\", imajo podoben koncept in se \u0161irijo po vsem svetu. To so kraji, kjer lahko ljudje pla\u010dajo za hrano in pija\u010do, ki si jo lahko privo\u0161\u010dijo ali ki se jim zdi primerna.\u00a0<\/span><\/p><p><span style=\"font-weight: 400;\">Ideja kavarne Karma je spodbujati skupnost in povezanost ter hkrati zagotoviti, da nih\u010de ne bo la\u010den zaradi finan\u010dnih omejitev. Kavarne Karma lahko pomembno prispevajo k skupnosti, saj spodbujajo ob\u010dutek solidarnosti in so\u010dutja.<\/span><\/p>\t\t\t\t\t\t\t\t<\/div>\n\t\t\t\t<\/div>\n\t\t\t\t<div class=\"elementor-element elementor-element-f223bb6 elementor-widget elementor-widget-image\" data-id=\"f223bb6\" data-element_type=\"widget\" data-e-type=\"widget\" data-widget_type=\"image.default\">\n\t\t\t\t<div class=\"elementor-widget-container\">\n\t\t\t\t\t\t\t\t\t\t\t\t\t\t\t<img decoding=\"async\" src=\"https:\/\/gradido.net\/wp-content\/uploads\/elementor\/thumbs\/gradido_willkommen-qh4sa6qt1shxtntyl595w1uav78mjhcchx7czbghi8.png\" title=\"gradido_welcome\" alt=\"gradido_welcome\" loading=\"lazy\" \/>\t\t\t\t\t\t\t\t\t\t\t\t\t\t\t<\/div>\n\t\t\t\t<\/div>\n\t\t\t\t<div class=\"elementor-element elementor-element-0499f3c elementor-widget elementor-widget-text-editor\" data-id=\"0499f3c\" data-element_type=\"widget\" data-e-type=\"widget\" data-widget_type=\"text-editor.default\">\n\t\t\t\t<div class=\"elementor-widget-container\">\n\t\t\t\t\t\t\t\t\t<p><strong>Zdru\u017eitev teh konceptov navdihuje par za veliko pobudo:<\/strong><\/p><p>Odlo\u010dijo se, da bodo uvedli dva dneva Gradido na teden, ko bodo ponujali hrano in pija\u010do s popustom Gradido. Gostje, ki si to lahko privo\u0161\u010dijo, lahko pla\u010dajo tudi ve\u010d. Na ta na\u010din manj premo\u017enim ljudem omogo\u010dijo, da si obrok v celoti privo\u0161\u010dijo za Gradido.<\/p><p>Na ta na\u010din se ti ljudje ne po\u010dutijo le v stiski, temve\u010d lahko s svojim prostovoljnim delom u\u017eivajo razko\u0161je, ki si ga sicer ne bi mogli privo\u0161\u010diti.<\/p><p>Na dva ustaljena dneva Gradido imajo natakarji zaslu\u017een prosti dan. To je skupini mladih dalo idejo, da se prostovoljno prijavijo za pomo\u010d pri Gradidu.<\/p>\t\t\t\t\t\t\t\t<\/div>\n\t\t\t\t<\/div>\n\t\t\t\t<div class=\"elementor-element elementor-element-392458a elementor-widget elementor-widget-image\" data-id=\"392458a\" data-element_type=\"widget\" data-e-type=\"widget\" data-widget_type=\"image.default\">\n\t\t\t\t<div class=\"elementor-widget-container\">\n\t\t\t\t\t\t\t\t\t\t\t\t\t\t\t<img decoding=\"async\" width=\"500\" height=\"375\" src=\"https:\/\/gradido.net\/wp-content\/uploads\/2023\/08\/Freiwillige_Pizzabaecker_500.jpg\" class=\"attachment-full size-full wp-image-7239\" alt=\"\" srcset=\"https:\/\/gradido.net\/wp-content\/uploads\/2023\/08\/Freiwillige_Pizzabaecker_500.jpg 500w, https:\/\/gradido.net\/wp-content\/uploads\/2023\/08\/Freiwillige_Pizzabaecker_500-300x225.jpg 300w, https:\/\/gradido.net\/wp-content\/uploads\/2023\/08\/Freiwillige_Pizzabaecker_500-16x12.jpg 16w\" sizes=\"(max-width: 500px) 100vw, 500px\" \/>\t\t\t\t\t\t\t\t\t\t\t\t\t\t\t<\/div>\n\t\t\t\t<\/div>\n\t\t\t\t<div class=\"elementor-element elementor-element-8fcbf61 elementor-widget elementor-widget-text-editor\" data-id=\"8fcbf61\" data-element_type=\"widget\" data-e-type=\"widget\" data-widget_type=\"text-editor.default\">\n\t\t\t\t<div class=\"elementor-widget-container\">\n\t\t\t\t\t\t\t\t\t<p>Skupnost raste skupaj. Solidarnost in povezanost zdaj vsak dan razveseljujeta srca v piceriji Napoli - in po vsem mestu Favourite City.<\/p><p><strong>Opazimo lahko \u0161e en presenetljiv pojav:\u00a0<\/strong><\/p><p>Od uvedbe dneva Gradido je pizzerija cvetela kot \u0161e nikoli prej. Vsak dan je polna in privablja vse ve\u010d gostov iz oddaljenih krajev, ki \u017eelijo do\u017eiveti \"\u010dude\u017e priljubljenega mesta\". Tisti, ki si to lahko privo\u0161\u010dijo, z veseljem dopla\u010dajo, da omogo\u010dijo obrok Gradido tudi finan\u010dno manj premo\u017enim.\u00a0<\/p>\t\t\t\t\t\t\t\t<\/div>\n\t\t\t\t<\/div>\n\t\t\t\t<div class=\"elementor-element elementor-element-84f7bbd elementor-widget elementor-widget-image\" data-id=\"84f7bbd\" data-element_type=\"widget\" data-e-type=\"widget\" data-widget_type=\"image.default\">\n\t\t\t\t<div class=\"elementor-widget-container\">\n\t\t\t\t\t\t\t\t\t\t\t\t\t\t\t<img decoding=\"async\" width=\"500\" height=\"300\" src=\"https:\/\/gradido.net\/wp-content\/uploads\/2023\/08\/Erfolg_500.png\" class=\"attachment-full size-full wp-image-7243\" alt=\"\" srcset=\"https:\/\/gradido.net\/wp-content\/uploads\/2023\/08\/Erfolg_500.png 500w, https:\/\/gradido.net\/wp-content\/uploads\/2023\/08\/Erfolg_500-300x180.png 300w, https:\/\/gradido.net\/wp-content\/uploads\/2023\/08\/Erfolg_500-18x12.png 18w\" sizes=\"(max-width: 500px) 100vw, 500px\" \/>\t\t\t\t\t\t\t\t\t\t\t\t\t\t\t<\/div>\n\t\t\t\t<\/div>\n\t\t\t\t<div class=\"elementor-element elementor-element-abb92cd elementor-widget elementor-widget-text-editor\" data-id=\"abb92cd\" data-element_type=\"widget\" data-e-type=\"widget\" data-widget_type=\"text-editor.default\">\n\t\t\t\t<div class=\"elementor-widget-container\">\n\t\t\t\t\t\t\t\t\t<p><strong>Giulia in Toni zdaj bele\u017eita ve\u010dji promet in dobi\u010dek kot kdaj koli prej.<\/strong><\/p>\t\t\t\t\t\t\t\t<\/div>\n\t\t\t\t<\/div>\n\t\t\t\t<div class=\"elementor-element elementor-element-e858257 elementor-widget-divider--view-line elementor-widget elementor-widget-divider\" data-id=\"e858257\" data-element_type=\"widget\" data-e-type=\"widget\" data-widget_type=\"divider.default\">\n\t\t\t\t<div class=\"elementor-widget-container\">\n\t\t\t\t\t\t\t<div class=\"elementor-divider\">\n\t\t\t<span class=\"elementor-divider-separator\">\n\t\t\t\t\t\t<\/span>\n\t\t<\/div>\n\t\t\t\t\t\t<\/div>\n\t\t\t\t<\/div>\n\t\t\t\t<div class=\"elementor-element elementor-element-d74dfa0 elementor-widget elementor-widget-text-editor\" data-id=\"d74dfa0\" data-element_type=\"widget\" data-e-type=\"widget\" data-widget_type=\"text-editor.default\">\n\t\t\t\t<div class=\"elementor-widget-container\">\n\t\t\t\t\t\t\t\t\t<div data-pm-slice=\"1 1 []\" data-en-clipboard=\"true\"><p>V tem \u010detrtem prispevku iz serije <strong>\"Gradido v priljubljenem mestu\" <\/strong>vidimo, kako lahko Gradido ne le izbolj\u0161a kakovost \u017eivljenja prebivalcev, temve\u010d tudi znatno pove\u010da poslovno uspe\u0161nost lokalnih obrti. Ta tema nas bo spremljala tudi v nadaljnjih \u010dlankih, v katerih so re\u0161ena celo podjetja in ob\u010dinska bolni\u0161nica.<\/p><p><strong>To serijo lahko posredujete svojemu mestnemu svetu, zdru\u017eenjem in trgovcem!<\/strong><\/p><p>\u010ce zdaj ne bomo ukrepali skupaj, se bo trend upadanja nadaljeval, gospodarstvo se bo zna\u0161lo v te\u017eavah, srednji razred bo ogro\u017een, \u0161tevilne ob\u010dine pa bodo propadle pod bremenom dolga.\u00a0<\/p><p>Z Gradidom imamo v rokah u\u010dinkovito orodje za pozitivno oblikovanje \u017eivljenja in uspeha. Skupaj spreminjamo na\u0161a mesta in skupnosti v \u017eivahne cveto\u010de oaze - na\u0161e najljub\u0161e kraje!<\/p><p>Lep pozdrav<\/p><\/div><p>Va\u0161<\/p><p><img loading=\"lazy\" decoding=\"async\" class=\"alignnone wp-image-4614 size-medium\" src=\"https:\/\/gradido.net\/wp-content\/uploads\/2022\/06\/MargretBernd_2022-300x74.png\" alt=\"\" width=\"300\" height=\"74\" srcset=\"https:\/\/gradido.net\/wp-content\/uploads\/2022\/06\/MargretBernd_2022-300x74.png 300w, https:\/\/gradido.net\/wp-content\/uploads\/2022\/06\/MargretBernd_2022-18x4.png 18w, https:\/\/gradido.net\/wp-content\/uploads\/2022\/06\/MargretBernd_2022.png 431w\" sizes=\"(max-width: 300px) 100vw, 300px\" \/><\/p><p>Margret Baier in Bernd H\u00fcckst\u00e4dt<br \/>Ustanovitelj in razvijalec Gradida<\/p>\t\t\t\t\t\t\t\t<\/div>\n\t\t\t\t<\/div>\n\t\t\t\t\t<\/div>\n\t\t<\/div>\n\t\t\t\t\t<\/div>\n\t\t<\/section>\n\t\t\t\t<section class=\"elementor-section elementor-top-section elementor-element elementor-element-262cce0 elementor-section-boxed elementor-section-height-default elementor-section-height-default\" data-id=\"262cce0\" data-element_type=\"section\" data-e-type=\"section\">\n\t\t\t\t\t\t<div class=\"elementor-container elementor-column-gap-default\">\n\t\t\t\t\t<div class=\"elementor-column elementor-col-100 elementor-top-column elementor-element elementor-element-252afa7\" data-id=\"252afa7\" data-element_type=\"column\" data-e-type=\"column\">\n\t\t\t<div class=\"elementor-widget-wrap elementor-element-populated\">\n\t\t\t\t\t\t<div class=\"elementor-element elementor-element-da4b51f elementor-position-inline-start white-links elementor-widget__width-initial elementor-view-default elementor-mobile-position-block-start elementor-widget elementor-widget-icon-box\" data-id=\"da4b51f\" data-element_type=\"widget\" data-e-type=\"widget\" data-no-translation=\"\" data-widget_type=\"icon-box.default\">\n\t\t\t\t<div class=\"elementor-widget-container\">\n\t\t\t\t\t<style>.elementor-element-da4b51f{display:none !important}<\/style>\t\t\t\t<\/div>\n\t\t\t\t<\/div>\n\t\t\t\t\t<\/div>\n\t\t<\/div>\n\t\t\t\t\t<\/div>\n\t\t<\/section>\n\t\t\t\t<section class=\"elementor-section elementor-top-section elementor-element elementor-element-14532fe elementor-section-boxed elementor-section-height-default elementor-section-height-default\" data-id=\"14532fe\" data-element_type=\"section\" data-e-type=\"section\">\n\t\t\t\t\t\t<div class=\"elementor-container elementor-column-gap-default\">\n\t\t\t\t\t<div class=\"elementor-column elementor-col-100 elementor-top-column elementor-element elementor-element-65d2298\" data-id=\"65d2298\" data-element_type=\"column\" data-e-type=\"column\">\n\t\t\t<div class=\"elementor-widget-wrap elementor-element-populated\">\n\t\t\t\t\t\t<div class=\"elementor-element elementor-element-13273c5 elementor-widget elementor-widget-global elementor-global-9341 elementor-widget-text-editor\" data-id=\"13273c5\" data-element_type=\"widget\" data-e-type=\"widget\" data-widget_type=\"text-editor.default\">\n\t\t\t\t<div class=\"elementor-widget-container\">\n\t\t\t\t\t\t\t\t\t<p><strong>PS:\u00a0<span style=\"color: #ff6600;\"><a style=\"color: #ff6600;\" href=\"https:\/\/gradido.net\/sl\/donations\/\">Zaradi vedno ve\u010djega pomena Gradida bomo 26. junija 2026 ponovili akcijo zahvale:<\/a>\u00a0<\/span><span style=\"color: #0000ff;\"><a style=\"color: #0000ff;\" href=\"https:\/\/gradido.net\/sl\/donations\/\">Poleg ve\u010dkratnega GradidoTransform za va\u0161 sponzorski prispevek bomo 26.6.2016 pove\u010dali stanje vseh ra\u010dunov GDT za 26%. Sponzorirajte zdaj in u\u017eivajte v ve\u010dkratnem znesku GDT!<\/a><\/span><\/strong><\/p>\t\t\t\t\t\t\t\t<\/div>\n\t\t\t\t<\/div>\n\t\t\t\t\t<\/div>\n\t\t<\/div>\n\t\t\t\t\t<\/div>\n\t\t<\/section>\n\t\t\t\t<\/div>","protected":false},"excerpt":{"rendered":"<p>Od uvedbe dneva Gradido je pizzerija Napoli v razcvetu kot \u0161e nikoli prej. Vsak dan je polna in privablja vse ve\u010d gostov iz oddaljenih krajev, da bi izkusili \"\u010dude\u017e priljubljenega mesta\". <\/p>","protected":false},"author":2,"featured_media":7228,"comment_status":"closed","ping_status":"closed","sticky":false,"template":"","format":"standard","meta":{"footnotes":""},"categories":[11,53],"tags":[],"class_list":["post-7227","post","type-post","status-publish","format-standard","has-post-thumbnail","hentry","category-blog","category-lieblingsstadt"],"yoast_head":"<!-- This site is optimized with the Yoast SEO plugin v27.5 - https:\/\/yoast.com\/product\/yoast-seo-wordpress\/ -->\n<title>Lieblingsstadt 4 \u2013 Gradido-Tage in der Pizzeria: Ehrenamt trifft auf Gastronomie - Gradido<\/title>\n<meta name=\"description\" content=\"Seit der Einf\u00fchrung der Gradido-Tage boomt die Pizzeria Napoli wie nie zuvor. Sie ist t\u00e4glich voll besucht und zieht immer mehr G\u00e4ste von weiter her an, die das \u201cWunder von Lieblingsstadt\u201d miterleben m\u00f6chten.\" \/>\n<meta name=\"robots\" content=\"index, follow, max-snippet:-1, max-image-preview:large, max-video-preview:-1\" \/>\n<link rel=\"canonical\" href=\"https:\/\/gradido.net\/sl\/lieblingsstadt-4-gradido-tage-in-der-pizzeria-ehrenamt-trifft-auf-gastronomie\/\" \/>\n<meta property=\"og:locale\" content=\"sl_SI\" \/>\n<meta property=\"og:type\" content=\"article\" \/>\n<meta property=\"og:title\" content=\"Lieblingsstadt 4 \u2013 Gradido-Tage in der Pizzeria: Ehrenamt trifft auf Gastronomie - Gradido\" \/>\n<meta property=\"og:description\" content=\"Seit der Einf\u00fchrung der Gradido-Tage boomt die Pizzeria Napoli wie nie zuvor. Sie ist t\u00e4glich voll besucht und zieht immer mehr G\u00e4ste von weiter her an, die das \u201cWunder von Lieblingsstadt\u201d miterleben m\u00f6chten.\" \/>\n<meta property=\"og:url\" content=\"https:\/\/gradido.net\/sl\/lieblingsstadt-4-gradido-tage-in-der-pizzeria-ehrenamt-trifft-auf-gastronomie\/\" \/>\n<meta property=\"og:site_name\" content=\"Gradido\" \/>\n<meta property=\"article:published_time\" content=\"2023-08-20T05:00:11+00:00\" \/>\n<meta property=\"article:modified_time\" content=\"2026-04-23T05:14:02+00:00\" \/>\n<meta property=\"og:image\" content=\"https:\/\/gradido.net\/wp-content\/uploads\/2023\/08\/Pizzeria_1920.jpg\" \/>\n\t<meta property=\"og:image:width\" content=\"1920\" \/>\n\t<meta property=\"og:image:height\" content=\"1080\" \/>\n\t<meta property=\"og:image:type\" content=\"image\/jpeg\" \/>\n<meta name=\"author\" content=\"Bernd H\u00fcckst\u00e4dt\" \/>\n<meta name=\"twitter:card\" content=\"summary_large_image\" \/>\n<meta name=\"twitter:label1\" content=\"Written by\" \/>\n\t<meta name=\"twitter:data1\" content=\"Bernd H\u00fcckst\u00e4dt\" \/>\n\t<meta name=\"twitter:label2\" content=\"Est. reading time\" \/>\n\t<meta name=\"twitter:data2\" content=\"6 minut\" \/>\n<script type=\"application\/ld+json\" class=\"yoast-schema-graph\">{\"@context\":\"https:\\\/\\\/schema.org\",\"@graph\":[{\"@type\":\"Article\",\"@id\":\"https:\\\/\\\/gradido.net\\\/lieblingsstadt-4-gradido-tage-in-der-pizzeria-ehrenamt-trifft-auf-gastronomie\\\/#article\",\"isPartOf\":{\"@id\":\"https:\\\/\\\/gradido.net\\\/lieblingsstadt-4-gradido-tage-in-der-pizzeria-ehrenamt-trifft-auf-gastronomie\\\/\"},\"author\":{\"name\":\"Bernd H\u00fcckst\u00e4dt\",\"@id\":\"https:\\\/\\\/gradido.net\\\/de\\\/#\\\/schema\\\/person\\\/9c503a004ad15a1ddecadce2218db5d1\"},\"headline\":\"Lieblingsstadt 4 \u2013 Gradido-Tage in der Pizzeria: Ehrenamt trifft auf Gastronomie\",\"datePublished\":\"2023-08-20T05:00:11+00:00\",\"dateModified\":\"2026-04-23T05:14:02+00:00\",\"mainEntityOfPage\":{\"@id\":\"https:\\\/\\\/gradido.net\\\/lieblingsstadt-4-gradido-tage-in-der-pizzeria-ehrenamt-trifft-auf-gastronomie\\\/\"},\"wordCount\":795,\"publisher\":{\"@id\":\"https:\\\/\\\/gradido.net\\\/de\\\/#organization\"},\"image\":{\"@id\":\"https:\\\/\\\/gradido.net\\\/lieblingsstadt-4-gradido-tage-in-der-pizzeria-ehrenamt-trifft-auf-gastronomie\\\/#primaryimage\"},\"thumbnailUrl\":\"https:\\\/\\\/gradido.net\\\/wp-content\\\/uploads\\\/2023\\\/08\\\/Pizzeria_1920.jpg\",\"articleSection\":[\"Blog\",\"Lieblingsstadt\"],\"inLanguage\":\"sl-SI\"},{\"@type\":\"WebPage\",\"@id\":\"https:\\\/\\\/gradido.net\\\/lieblingsstadt-4-gradido-tage-in-der-pizzeria-ehrenamt-trifft-auf-gastronomie\\\/\",\"url\":\"https:\\\/\\\/gradido.net\\\/lieblingsstadt-4-gradido-tage-in-der-pizzeria-ehrenamt-trifft-auf-gastronomie\\\/\",\"name\":\"Lieblingsstadt 4 \u2013 Gradido-Tage in der Pizzeria: Ehrenamt trifft auf Gastronomie - Gradido\",\"isPartOf\":{\"@id\":\"https:\\\/\\\/gradido.net\\\/de\\\/#website\"},\"primaryImageOfPage\":{\"@id\":\"https:\\\/\\\/gradido.net\\\/lieblingsstadt-4-gradido-tage-in-der-pizzeria-ehrenamt-trifft-auf-gastronomie\\\/#primaryimage\"},\"image\":{\"@id\":\"https:\\\/\\\/gradido.net\\\/lieblingsstadt-4-gradido-tage-in-der-pizzeria-ehrenamt-trifft-auf-gastronomie\\\/#primaryimage\"},\"thumbnailUrl\":\"https:\\\/\\\/gradido.net\\\/wp-content\\\/uploads\\\/2023\\\/08\\\/Pizzeria_1920.jpg\",\"datePublished\":\"2023-08-20T05:00:11+00:00\",\"dateModified\":\"2026-04-23T05:14:02+00:00\",\"description\":\"Seit der Einf\u00fchrung der Gradido-Tage boomt die Pizzeria Napoli wie nie zuvor. Sie ist t\u00e4glich voll besucht und zieht immer mehr G\u00e4ste von weiter her an, die das \u201cWunder von Lieblingsstadt\u201d miterleben m\u00f6chten.\",\"breadcrumb\":{\"@id\":\"https:\\\/\\\/gradido.net\\\/lieblingsstadt-4-gradido-tage-in-der-pizzeria-ehrenamt-trifft-auf-gastronomie\\\/#breadcrumb\"},\"inLanguage\":\"sl-SI\",\"potentialAction\":[{\"@type\":\"ReadAction\",\"target\":[\"https:\\\/\\\/gradido.net\\\/lieblingsstadt-4-gradido-tage-in-der-pizzeria-ehrenamt-trifft-auf-gastronomie\\\/\"]}]},{\"@type\":\"ImageObject\",\"inLanguage\":\"sl-SI\",\"@id\":\"https:\\\/\\\/gradido.net\\\/lieblingsstadt-4-gradido-tage-in-der-pizzeria-ehrenamt-trifft-auf-gastronomie\\\/#primaryimage\",\"url\":\"https:\\\/\\\/gradido.net\\\/wp-content\\\/uploads\\\/2023\\\/08\\\/Pizzeria_1920.jpg\",\"contentUrl\":\"https:\\\/\\\/gradido.net\\\/wp-content\\\/uploads\\\/2023\\\/08\\\/Pizzeria_1920.jpg\",\"width\":1920,\"height\":1080},{\"@type\":\"BreadcrumbList\",\"@id\":\"https:\\\/\\\/gradido.net\\\/lieblingsstadt-4-gradido-tage-in-der-pizzeria-ehrenamt-trifft-auf-gastronomie\\\/#breadcrumb\",\"itemListElement\":[{\"@type\":\"ListItem\",\"position\":1,\"name\":\"Startseite\",\"item\":\"https:\\\/\\\/gradido.net\\\/\"},{\"@type\":\"ListItem\",\"position\":2,\"name\":\"Lieblingsstadt 4 \u2013 Gradido-Tage in der Pizzeria: Ehrenamt trifft auf Gastronomie\"}]},{\"@type\":\"WebSite\",\"@id\":\"https:\\\/\\\/gradido.net\\\/de\\\/#website\",\"url\":\"https:\\\/\\\/gradido.net\\\/de\\\/\",\"name\":\"Gradido\",\"description\":\"Die neue W\u00e4hrung hei\u00dft Dankbarkeit\",\"publisher\":{\"@id\":\"https:\\\/\\\/gradido.net\\\/de\\\/#organization\"},\"potentialAction\":[{\"@type\":\"SearchAction\",\"target\":{\"@type\":\"EntryPoint\",\"urlTemplate\":\"https:\\\/\\\/gradido.net\\\/de\\\/?s={search_term_string}\"},\"query-input\":{\"@type\":\"PropertyValueSpecification\",\"valueRequired\":true,\"valueName\":\"search_term_string\"}}],\"inLanguage\":\"sl-SI\"},{\"@type\":\"Organization\",\"@id\":\"https:\\\/\\\/gradido.net\\\/de\\\/#organization\",\"name\":\"Gradido\",\"url\":\"https:\\\/\\\/gradido.net\\\/de\\\/\",\"logo\":{\"@type\":\"ImageObject\",\"inLanguage\":\"sl-SI\",\"@id\":\"https:\\\/\\\/gradido.net\\\/de\\\/#\\\/schema\\\/logo\\\/image\\\/\",\"url\":\"https:\\\/\\\/gradido.net\\\/wp-content\\\/uploads\\\/2022\\\/04\\\/gradido-social.jpg\",\"contentUrl\":\"https:\\\/\\\/gradido.net\\\/wp-content\\\/uploads\\\/2022\\\/04\\\/gradido-social.jpg\",\"width\":527,\"height\":273,\"caption\":\"Gradido\"},\"image\":{\"@id\":\"https:\\\/\\\/gradido.net\\\/de\\\/#\\\/schema\\\/logo\\\/image\\\/\"}},{\"@type\":\"Person\",\"@id\":\"https:\\\/\\\/gradido.net\\\/de\\\/#\\\/schema\\\/person\\\/9c503a004ad15a1ddecadce2218db5d1\",\"name\":\"Bernd H\u00fcckst\u00e4dt\",\"sameAs\":[\"https:\\\/\\\/gradido.net\"],\"url\":\"https:\\\/\\\/gradido.net\\\/sl\\\/author\\\/bernd\\\/\"}]}<\/script>\n<!-- \/ Yoast SEO plugin. -->","yoast_head_json":{"title":"Najljub\u0161e mesto 4 - Gradido Dnevi v piceriji: prostovoljstvo se sre\u010da z gastronomijo - Gradido","description":"Od uvedbe dneva Gradido je pizzerija Napoli v razcvetu kot \u0161e nikoli prej. Vsak dan je polna in privablja vse ve\u010d gostov iz oddaljenih krajev, da bi izkusili \"\u010dude\u017e priljubljenega mesta\".","robots":{"index":"index","follow":"follow","max-snippet":"max-snippet:-1","max-image-preview":"max-image-preview:large","max-video-preview":"max-video-preview:-1"},"canonical":"https:\/\/gradido.net\/sl\/lieblingsstadt-4-gradido-tage-in-der-pizzeria-ehrenamt-trifft-auf-gastronomie\/","og_locale":"sl_SI","og_type":"article","og_title":"Lieblingsstadt 4 \u2013 Gradido-Tage in der Pizzeria: Ehrenamt trifft auf Gastronomie - Gradido","og_description":"Seit der Einf\u00fchrung der Gradido-Tage boomt die Pizzeria Napoli wie nie zuvor. Sie ist t\u00e4glich voll besucht und zieht immer mehr G\u00e4ste von weiter her an, die das \u201cWunder von Lieblingsstadt\u201d miterleben m\u00f6chten.","og_url":"https:\/\/gradido.net\/sl\/lieblingsstadt-4-gradido-tage-in-der-pizzeria-ehrenamt-trifft-auf-gastronomie\/","og_site_name":"Gradido","article_published_time":"2023-08-20T05:00:11+00:00","article_modified_time":"2026-04-23T05:14:02+00:00","og_image":[{"width":1920,"height":1080,"url":"https:\/\/gradido.net\/wp-content\/uploads\/2023\/08\/Pizzeria_1920.jpg","type":"image\/jpeg"}],"author":"Bernd H\u00fcckst\u00e4dt","twitter_card":"summary_large_image","twitter_misc":{"Written by":"Bernd H\u00fcckst\u00e4dt","Est. reading time":"6 minut"},"schema":{"@context":"https:\/\/schema.org","@graph":[{"@type":"Article","@id":"https:\/\/gradido.net\/lieblingsstadt-4-gradido-tage-in-der-pizzeria-ehrenamt-trifft-auf-gastronomie\/#article","isPartOf":{"@id":"https:\/\/gradido.net\/lieblingsstadt-4-gradido-tage-in-der-pizzeria-ehrenamt-trifft-auf-gastronomie\/"},"author":{"name":"Bernd H\u00fcckst\u00e4dt","@id":"https:\/\/gradido.net\/de\/#\/schema\/person\/9c503a004ad15a1ddecadce2218db5d1"},"headline":"Lieblingsstadt 4 \u2013 Gradido-Tage in der Pizzeria: Ehrenamt trifft auf Gastronomie","datePublished":"2023-08-20T05:00:11+00:00","dateModified":"2026-04-23T05:14:02+00:00","mainEntityOfPage":{"@id":"https:\/\/gradido.net\/lieblingsstadt-4-gradido-tage-in-der-pizzeria-ehrenamt-trifft-auf-gastronomie\/"},"wordCount":795,"publisher":{"@id":"https:\/\/gradido.net\/de\/#organization"},"image":{"@id":"https:\/\/gradido.net\/lieblingsstadt-4-gradido-tage-in-der-pizzeria-ehrenamt-trifft-auf-gastronomie\/#primaryimage"},"thumbnailUrl":"https:\/\/gradido.net\/wp-content\/uploads\/2023\/08\/Pizzeria_1920.jpg","articleSection":["Blog","Lieblingsstadt"],"inLanguage":"sl-SI"},{"@type":"WebPage","@id":"https:\/\/gradido.net\/lieblingsstadt-4-gradido-tage-in-der-pizzeria-ehrenamt-trifft-auf-gastronomie\/","url":"https:\/\/gradido.net\/lieblingsstadt-4-gradido-tage-in-der-pizzeria-ehrenamt-trifft-auf-gastronomie\/","name":"Najljub\u0161e mesto 4 - Gradido Dnevi v piceriji: prostovoljstvo se sre\u010da z gastronomijo - Gradido","isPartOf":{"@id":"https:\/\/gradido.net\/de\/#website"},"primaryImageOfPage":{"@id":"https:\/\/gradido.net\/lieblingsstadt-4-gradido-tage-in-der-pizzeria-ehrenamt-trifft-auf-gastronomie\/#primaryimage"},"image":{"@id":"https:\/\/gradido.net\/lieblingsstadt-4-gradido-tage-in-der-pizzeria-ehrenamt-trifft-auf-gastronomie\/#primaryimage"},"thumbnailUrl":"https:\/\/gradido.net\/wp-content\/uploads\/2023\/08\/Pizzeria_1920.jpg","datePublished":"2023-08-20T05:00:11+00:00","dateModified":"2026-04-23T05:14:02+00:00","description":"Od uvedbe dneva Gradido je pizzerija Napoli v razcvetu kot \u0161e nikoli prej. Vsak dan je polna in privablja vse ve\u010d gostov iz oddaljenih krajev, da bi izkusili \"\u010dude\u017e priljubljenega mesta\".","breadcrumb":{"@id":"https:\/\/gradido.net\/lieblingsstadt-4-gradido-tage-in-der-pizzeria-ehrenamt-trifft-auf-gastronomie\/#breadcrumb"},"inLanguage":"sl-SI","potentialAction":[{"@type":"ReadAction","target":["https:\/\/gradido.net\/lieblingsstadt-4-gradido-tage-in-der-pizzeria-ehrenamt-trifft-auf-gastronomie\/"]}]},{"@type":"ImageObject","inLanguage":"sl-SI","@id":"https:\/\/gradido.net\/lieblingsstadt-4-gradido-tage-in-der-pizzeria-ehrenamt-trifft-auf-gastronomie\/#primaryimage","url":"https:\/\/gradido.net\/wp-content\/uploads\/2023\/08\/Pizzeria_1920.jpg","contentUrl":"https:\/\/gradido.net\/wp-content\/uploads\/2023\/08\/Pizzeria_1920.jpg","width":1920,"height":1080},{"@type":"BreadcrumbList","@id":"https:\/\/gradido.net\/lieblingsstadt-4-gradido-tage-in-der-pizzeria-ehrenamt-trifft-auf-gastronomie\/#breadcrumb","itemListElement":[{"@type":"ListItem","position":1,"name":"Startseite","item":"https:\/\/gradido.net\/"},{"@type":"ListItem","position":2,"name":"Lieblingsstadt 4 \u2013 Gradido-Tage in der Pizzeria: Ehrenamt trifft auf Gastronomie"}]},{"@type":"WebSite","@id":"https:\/\/gradido.net\/de\/#website","url":"https:\/\/gradido.net\/de\/","name":"Gradido","description":"Nova valuta je hvale\u017enost","publisher":{"@id":"https:\/\/gradido.net\/de\/#organization"},"potentialAction":[{"@type":"SearchAction","target":{"@type":"EntryPoint","urlTemplate":"https:\/\/gradido.net\/de\/?s={search_term_string}"},"query-input":{"@type":"PropertyValueSpecification","valueRequired":true,"valueName":"search_term_string"}}],"inLanguage":"sl-SI"},{"@type":"Organization","@id":"https:\/\/gradido.net\/de\/#organization","name":"Gradido","url":"https:\/\/gradido.net\/de\/","logo":{"@type":"ImageObject","inLanguage":"sl-SI","@id":"https:\/\/gradido.net\/de\/#\/schema\/logo\/image\/","url":"https:\/\/gradido.net\/wp-content\/uploads\/2022\/04\/gradido-social.jpg","contentUrl":"https:\/\/gradido.net\/wp-content\/uploads\/2022\/04\/gradido-social.jpg","width":527,"height":273,"caption":"Gradido"},"image":{"@id":"https:\/\/gradido.net\/de\/#\/schema\/logo\/image\/"}},{"@type":"Person","@id":"https:\/\/gradido.net\/de\/#\/schema\/person\/9c503a004ad15a1ddecadce2218db5d1","name":"Bernd H\u00fcckst\u00e4dt","sameAs":["https:\/\/gradido.net"],"url":"https:\/\/gradido.net\/sl\/author\/bernd\/"}]}},"_links":{"self":[{"href":"https:\/\/gradido.net\/sl\/wp-json\/wp\/v2\/posts\/7227","targetHints":{"allow":["GET"]}}],"collection":[{"href":"https:\/\/gradido.net\/sl\/wp-json\/wp\/v2\/posts"}],"about":[{"href":"https:\/\/gradido.net\/sl\/wp-json\/wp\/v2\/types\/post"}],"author":[{"embeddable":true,"href":"https:\/\/gradido.net\/sl\/wp-json\/wp\/v2\/users\/2"}],"replies":[{"embeddable":true,"href":"https:\/\/gradido.net\/sl\/wp-json\/wp\/v2\/comments?post=7227"}],"version-history":[{"count":53,"href":"https:\/\/gradido.net\/sl\/wp-json\/wp\/v2\/posts\/7227\/revisions"}],"predecessor-version":[{"id":13546,"href":"https:\/\/gradido.net\/sl\/wp-json\/wp\/v2\/posts\/7227\/revisions\/13546"}],"wp:featuredmedia":[{"embeddable":true,"href":"https:\/\/gradido.net\/sl\/wp-json\/wp\/v2\/media\/7228"}],"wp:attachment":[{"href":"https:\/\/gradido.net\/sl\/wp-json\/wp\/v2\/media?parent=7227"}],"wp:term":[{"taxonomy":"category","embeddable":true,"href":"https:\/\/gradido.net\/sl\/wp-json\/wp\/v2\/categories?post=7227"},{"taxonomy":"post_tag","embeddable":true,"href":"https:\/\/gradido.net\/sl\/wp-json\/wp\/v2\/tags?post=7227"}],"curies":[{"name":"wp","href":"https:\/\/api.w.org\/{rel}","templated":true}]}}