{"id":7329,"date":"2023-08-24T12:24:50","date_gmt":"2023-08-24T10:24:50","guid":{"rendered":"https:\/\/gradido.net\/?p=7329"},"modified":"2026-04-23T07:12:33","modified_gmt":"2026-04-23T05:12:33","slug":"lieblingsstadt-6-wie-lieblingsstadts-buerger-ihre-geliebte-schuhmanufaktur-retten","status":"publish","type":"post","link":"https:\/\/gradido.net\/sl\/lieblingsstadt-6-wie-lieblingsstadts-buerger-ihre-geliebte-schuhmanufaktur-retten\/","title":{"rendered":"Favourite City 6 - Kako prebivalci Favourite Cityja re\u0161ijo priljubljeno tovarno \u010devljev"},"content":{"rendered":"<div data-elementor-type=\"wp-post\" data-elementor-id=\"7329\" class=\"elementor elementor-7329\" data-elementor-post-type=\"post\">\n\t\t\t\t\t\t<section class=\"elementor-section elementor-top-section elementor-element elementor-element-496e1d53 elementor-section-boxed elementor-section-height-default elementor-section-height-default\" data-id=\"496e1d53\" data-element_type=\"section\" data-e-type=\"section\">\n\t\t\t\t\t\t<div class=\"elementor-container elementor-column-gap-default\">\n\t\t\t\t\t<div class=\"elementor-column elementor-col-100 elementor-top-column elementor-element elementor-element-461d7be0\" data-id=\"461d7be0\" data-element_type=\"column\" data-e-type=\"column\">\n\t\t\t<div class=\"elementor-widget-wrap elementor-element-populated\">\n\t\t\t\t\t\t<div class=\"elementor-element elementor-element-cd9ebe2 elementor-widget elementor-widget-text-editor\" data-id=\"cd9ebe2\" data-element_type=\"widget\" data-e-type=\"widget\" data-widget_type=\"text-editor.default\">\n\t\t\t\t<div class=\"elementor-widget-container\">\n\t\t\t\t\t\t\t\t\t<p style=\"text-align: right;\"><em>\"Ko nas politika in gospodarstvo pustita na cedilu, vzamemo usodo v svoje roke in poka\u017eemo, kaj zmore sodelovanje v kombinaciji z odli\u010dno obrtjo.\"<\/em><\/p><p>Dragi bralec,<\/p><p>v slikovitem mestecu Lieblingsstadt, znanem po proizvodnji visokokakovostnih \u010devljev, si je podjetje \"Lieblingsst\u00e4dter Schuhe\" ustvarilo mednarodni ugled. Vendar je bila mednarodna konkurenca tako kot pri mnogih drugih podjetjih premo\u010dna in podjetje Lieblingsst\u00e4dter ji ni moglo slediti. Zaradi ste\u010daja podjetja so \u0161tevilni prebivalci Lieblingsstadta izgubili slu\u017ebo.<\/p>\t\t\t\t\t\t\t\t<\/div>\n\t\t\t\t<\/div>\n\t\t\t\t<div class=\"elementor-element elementor-element-b482206 elementor-widget elementor-widget-image\" data-id=\"b482206\" data-element_type=\"widget\" data-e-type=\"widget\" data-widget_type=\"image.default\">\n\t\t\t\t<div class=\"elementor-widget-container\">\n\t\t\t\t\t\t\t\t\t\t\t\t\t\t\t<img fetchpriority=\"high\" decoding=\"async\" width=\"500\" height=\"312\" src=\"https:\/\/gradido.net\/wp-content\/uploads\/2023\/08\/Geschlossen_500.jpg\" class=\"attachment-full size-full wp-image-7333\" alt=\"\" srcset=\"https:\/\/gradido.net\/wp-content\/uploads\/2023\/08\/Geschlossen_500.jpg 500w, https:\/\/gradido.net\/wp-content\/uploads\/2023\/08\/Geschlossen_500-300x187.jpg 300w, https:\/\/gradido.net\/wp-content\/uploads\/2023\/08\/Geschlossen_500-18x12.jpg 18w\" sizes=\"(max-width: 500px) 100vw, 500px\" \/>\t\t\t\t\t\t\t\t\t\t\t\t\t\t\t<\/div>\n\t\t\t\t<\/div>\n\t\t\t\t<div class=\"elementor-element elementor-element-c5e61d4 elementor-widget elementor-widget-text-editor\" data-id=\"c5e61d4\" data-element_type=\"widget\" data-e-type=\"widget\" data-widget_type=\"text-editor.default\">\n\t\t\t\t<div class=\"elementor-widget-container\">\n\t\t\t\t\t\t\t\t\t<p>Ta izguba je bila za mesto hud udarec. Prihodki od poslovnih davkov so se zelo zmanj\u0161ali. To je imelo daljnose\u017ene posledice za javno \u017eivljenje in infrastrukturo. To je bil tema\u010den \u010das za Lieblingsstadt.<\/p><p>Toda sredi finan\u010dne nevihte se je pojavil \u017earek upanja. Skupina nekdanjih zaposlenih v podjetju Lieblingsst\u00e4dter se je zdru\u017eila in se odlo\u010dila, da se bo uprla usodi. Odlo\u010dili so se, da se bodo \u0161e naprej prostovoljno ukvarjali s tem, kar znajo najbolje: izdelovanjem visokokakovostnih \u010devljev.<\/p><p>\u010casovno ne bi mogel biti bolj\u0161i, saj je \u017eupan Michael Miteinand tik pred ste\u010dajem v Lieblingsstadtu uvedel sistem nagrajevanja Gradido. Ta model prostovoljno delo nagrajuje z Gradidovimi zahvalnimi to\u010dkami, za katere anga\u017eirani zaposleni prejmejo popuste in ugodnosti. Te to\u010dke prostovoljcem omogo\u010dajo, da si zmanj\u0161ajo \u017eivljenjske stro\u0161ke, medtem ko delajo tisto, kar jih veseli.<\/p><p><strong>Tako se je huda neuspe\u0161nost spremenila v novo prilo\u017enost za Favourite City in njegove prebivalce.<\/strong><\/p><p>\u017dupan Miteinand je sklical skupino strokovnjakov, da bi impresivni projekt prostovoljne tovarne \u010devljev postavil na pravno varno podlago. Povabljeni so bili pravniki, dav\u010dni svetovalci, vodje projektov, strokovnjaki za tr\u017eenje, novinarji in predstavniki bank. Sodeloval je tudi ste\u010dajni upravitelj. Za kraj sre\u010danja so izbrali picerijo Napoli, kjer se je ideja rodila.<\/p>\t\t\t\t\t\t\t\t<\/div>\n\t\t\t\t<\/div>\n\t\t\t\t<div class=\"elementor-element elementor-element-f223bb6 elementor-widget elementor-widget-image\" data-id=\"f223bb6\" data-element_type=\"widget\" data-e-type=\"widget\" data-widget_type=\"image.default\">\n\t\t\t\t<div class=\"elementor-widget-container\">\n\t\t\t\t\t\t\t\t\t\t\t\t\t\t\t<img decoding=\"async\" width=\"500\" height=\"333\" src=\"https:\/\/gradido.net\/wp-content\/uploads\/2023\/08\/Expertenteam_500.jpg\" class=\"attachment-full size-full wp-image-7334\" alt=\"\" srcset=\"https:\/\/gradido.net\/wp-content\/uploads\/2023\/08\/Expertenteam_500.jpg 500w, https:\/\/gradido.net\/wp-content\/uploads\/2023\/08\/Expertenteam_500-300x200.jpg 300w, https:\/\/gradido.net\/wp-content\/uploads\/2023\/08\/Expertenteam_500-18x12.jpg 18w\" sizes=\"(max-width: 500px) 100vw, 500px\" \/>\t\t\t\t\t\t\t\t\t\t\t\t\t\t\t<\/div>\n\t\t\t\t<\/div>\n\t\t\t\t<div class=\"elementor-element elementor-element-0499f3c elementor-widget elementor-widget-text-editor\" data-id=\"0499f3c\" data-element_type=\"widget\" data-e-type=\"widget\" data-widget_type=\"text-editor.default\">\n\t\t\t\t<div class=\"elementor-widget-container\">\n\t\t\t\t\t\t\t\t\t<p>Med intenzivnimi razpravami je bilo dogovorjeno ime blagovne znamke \"Lieblingsst\u00e4dter Ehrenamt\". Razpravljali so tudi o ustrezni pravni obliki. V o\u017ejem izboru so bili zdru\u017eenje, zadruga ali kombinacija obeh.<\/p><p>Strokovna skupina se je s ste\u010dajnim upraviteljem dogovorila, da bo del strojev in prostorov iz ste\u010dajne mase kupila po razumni ceni. Ves dobi\u010dek naj bi bil namenjen spodbujanju prostovoljnega dela in blaginji vseh prebivalcev Lieblingsstadta.<\/p><h3>Potem pa se je zgodilo nekaj nepredstavljivega:\u00a0<\/h3><p>Projekt ni bil le uspe\u0161en - bil je velik uspeh! Blagovna znamka \"Lieblingsst\u00e4dter Ehrenamt\" je postala znana in priljubljena dale\u010d naokoli. Sami \u010devlji so postali kultni predmet po vsem nem\u0161ko govore\u010dem svetu. Pogled nanje je bil takoj povezan s predanim prostovoljnim delom.<\/p>\t\t\t\t\t\t\t\t<\/div>\n\t\t\t\t<\/div>\n\t\t\t\t<div class=\"elementor-element elementor-element-392458a elementor-widget elementor-widget-image\" data-id=\"392458a\" data-element_type=\"widget\" data-e-type=\"widget\" data-widget_type=\"image.default\">\n\t\t\t\t<div class=\"elementor-widget-container\">\n\t\t\t\t\t\t\t\t\t\t\t\t\t\t\t<img decoding=\"async\" width=\"500\" height=\"260\" src=\"https:\/\/gradido.net\/wp-content\/uploads\/2023\/08\/Lampe_Rakete_500.jpg\" class=\"attachment-full size-full wp-image-7335\" alt=\"\" srcset=\"https:\/\/gradido.net\/wp-content\/uploads\/2023\/08\/Lampe_Rakete_500.jpg 500w, https:\/\/gradido.net\/wp-content\/uploads\/2023\/08\/Lampe_Rakete_500-300x156.jpg 300w, https:\/\/gradido.net\/wp-content\/uploads\/2023\/08\/Lampe_Rakete_500-18x9.jpg 18w\" sizes=\"(max-width: 500px) 100vw, 500px\" \/>\t\t\t\t\t\t\t\t\t\t\t\t\t\t\t<\/div>\n\t\t\t\t<\/div>\n\t\t\t\t<div class=\"elementor-element elementor-element-8fcbf61 elementor-widget elementor-widget-text-editor\" data-id=\"8fcbf61\" data-element_type=\"widget\" data-e-type=\"widget\" data-widget_type=\"text-editor.default\">\n\t\t\t\t<div class=\"elementor-widget-container\">\n\t\t\t\t\t\t\t\t\t<p>V \u010dasu velikih izzivov je priljubljeno mesto s sistemom nagrajevanja Gradido in iznajdljivostjo svojih prebivalcev znova dokazalo, da je svetel primer, kako lahko duh skupnosti in inovativnost premagata tudi najve\u010dje ovire.<\/p>\t\t\t\t\t\t\t\t<\/div>\n\t\t\t\t<\/div>\n\t\t\t\t<div class=\"elementor-element elementor-element-e858257 elementor-widget-divider--view-line elementor-widget elementor-widget-divider\" data-id=\"e858257\" data-element_type=\"widget\" data-e-type=\"widget\" data-widget_type=\"divider.default\">\n\t\t\t\t<div class=\"elementor-widget-container\">\n\t\t\t\t\t\t\t<div class=\"elementor-divider\">\n\t\t\t<span class=\"elementor-divider-separator\">\n\t\t\t\t\t\t<\/span>\n\t\t<\/div>\n\t\t\t\t\t\t<\/div>\n\t\t\t\t<\/div>\n\t\t\t\t<div class=\"elementor-element elementor-element-d74dfa0 elementor-widget elementor-widget-text-editor\" data-id=\"d74dfa0\" data-element_type=\"widget\" data-e-type=\"widget\" data-widget_type=\"text-editor.default\">\n\t\t\t\t<div class=\"elementor-widget-container\">\n\t\t\t\t\t\t\t\t\t<div data-pm-slice=\"1 1 []\" data-en-clipboard=\"true\"><p>V na\u0161i seriji <strong>\"Gradido v priljubljenem mestu\" <\/strong>zdaj postaja vse bolj konkretna tudi v gospodarskem smislu: V tem \u0161estem prispevku priljubljeni me\u0161\u010dani re\u0161ijo svojo tovarno \u010devljev s pomo\u010djo \u010dastnega od\u0161kodninskega sistema \"Gradido\". V naslednjih dveh epizodah bodo re\u0161ili pivovarno in bolni\u0161nico. To bi moralo pojasniti na\u010delo.<\/p><p><strong>To serijo lahko posredujete svojemu mestnemu svetu, zdru\u017eenjem in trgovcem!<\/strong><\/p><p>Vsak od nas mora ukrepati in pomagati ustaviti spiralo navzdol.\u00a0<\/p><p>Z Gradidom imamo u\u010dinkovito orodje, s katerim lahko pozitivno oblikujemo svoja \u017eivljenja in re\u0161ujemo svoje gospodarstvo. Skupaj spreminjamo na\u0161a mesta in kraje v \u017eivahne cveto\u010de oaze - na\u0161e najljub\u0161e kraje!<\/p><p>Lep pozdrav<\/p><\/div><p>Va\u0161<\/p><p><img loading=\"lazy\" decoding=\"async\" class=\"alignnone wp-image-4614 size-medium\" src=\"https:\/\/gradido.net\/wp-content\/uploads\/2022\/06\/MargretBernd_2022-300x74.png\" alt=\"\" width=\"300\" height=\"74\" srcset=\"https:\/\/gradido.net\/wp-content\/uploads\/2022\/06\/MargretBernd_2022-300x74.png 300w, https:\/\/gradido.net\/wp-content\/uploads\/2022\/06\/MargretBernd_2022-18x4.png 18w, https:\/\/gradido.net\/wp-content\/uploads\/2022\/06\/MargretBernd_2022.png 431w\" sizes=\"(max-width: 300px) 100vw, 300px\" \/><\/p><p>Margret Baier in Bernd H\u00fcckst\u00e4dt<br \/>Ustanovitelj in razvijalec Gradida<\/p>\t\t\t\t\t\t\t\t<\/div>\n\t\t\t\t<\/div>\n\t\t\t\t\t<\/div>\n\t\t<\/div>\n\t\t\t\t\t<\/div>\n\t\t<\/section>\n\t\t\t\t<section class=\"elementor-section elementor-top-section elementor-element elementor-element-926a35c elementor-section-boxed elementor-section-height-default elementor-section-height-default\" data-id=\"926a35c\" data-element_type=\"section\" data-e-type=\"section\">\n\t\t\t\t\t\t<div class=\"elementor-container elementor-column-gap-default\">\n\t\t\t\t\t<div class=\"elementor-column elementor-col-100 elementor-top-column elementor-element elementor-element-e7d46ab\" data-id=\"e7d46ab\" data-element_type=\"column\" data-e-type=\"column\">\n\t\t\t<div class=\"elementor-widget-wrap elementor-element-populated\">\n\t\t\t\t\t\t<div class=\"elementor-element elementor-element-37c8707 elementor-position-inline-start white-links elementor-widget__width-initial elementor-view-default elementor-mobile-position-block-start elementor-widget elementor-widget-icon-box\" data-id=\"37c8707\" data-element_type=\"widget\" data-e-type=\"widget\" data-no-translation=\"\" data-widget_type=\"icon-box.default\">\n\t\t\t\t<div class=\"elementor-widget-container\">\n\t\t\t\t\t<style>.elementor-element-37c8707{display:none !important}<\/style>\t\t\t\t<\/div>\n\t\t\t\t<\/div>\n\t\t\t\t\t<\/div>\n\t\t<\/div>\n\t\t\t\t\t<\/div>\n\t\t<\/section>\n\t\t\t\t<section class=\"elementor-section elementor-top-section elementor-element elementor-element-14532fe elementor-section-boxed elementor-section-height-default elementor-section-height-default\" data-id=\"14532fe\" data-element_type=\"section\" data-e-type=\"section\">\n\t\t\t\t\t\t<div class=\"elementor-container elementor-column-gap-default\">\n\t\t\t\t\t<div class=\"elementor-column elementor-col-100 elementor-top-column elementor-element elementor-element-65d2298\" data-id=\"65d2298\" data-element_type=\"column\" data-e-type=\"column\">\n\t\t\t<div class=\"elementor-widget-wrap elementor-element-populated\">\n\t\t\t\t\t\t<div class=\"elementor-element elementor-element-83f01fa elementor-widget elementor-widget-global elementor-global-9341 elementor-widget-text-editor\" data-id=\"83f01fa\" data-element_type=\"widget\" data-e-type=\"widget\" data-widget_type=\"text-editor.default\">\n\t\t\t\t<div class=\"elementor-widget-container\">\n\t\t\t\t\t\t\t\t\t<p><strong>PS:\u00a0<span style=\"color: #ff6600;\"><a style=\"color: #ff6600;\" href=\"https:\/\/gradido.net\/sl\/donations\/\">Zaradi vedno ve\u010djega pomena Gradida bomo 26. junija 2026 ponovili akcijo zahvale:<\/a>\u00a0<\/span><span style=\"color: #0000ff;\"><a style=\"color: #0000ff;\" href=\"https:\/\/gradido.net\/sl\/donations\/\">Poleg ve\u010dkratnega GradidoTransform za va\u0161 sponzorski prispevek bomo 26.6.2016 pove\u010dali stanje vseh ra\u010dunov GDT za 26%. Sponzorirajte zdaj in u\u017eivajte v ve\u010dkratnem znesku GDT!<\/a><\/span><\/strong><\/p>\t\t\t\t\t\t\t\t<\/div>\n\t\t\t\t<\/div>\n\t\t\t\t\t<\/div>\n\t\t<\/div>\n\t\t\t\t\t<\/div>\n\t\t<\/section>\n\t\t\t\t<\/div>","protected":false},"excerpt":{"rendered":"<p>Nekdanji zaposleni v podjetju Lieblingsst\u00e4dter Schuhmanufaktur se zberejo - odlo\u010deni, da bodo kljubovali usodi. Odlo\u010dijo se, da bodo \u0161e naprej prostovoljno delali to, kar znajo najbolje: izdelovali visokokakovostne \u010devlje.<\/p>","protected":false},"author":2,"featured_media":7332,"comment_status":"closed","ping_status":"closed","sticky":false,"template":"","format":"standard","meta":{"footnotes":""},"categories":[11,53],"tags":[22],"class_list":["post-7329","post","type-post","status-publish","format-standard","has-post-thumbnail","hentry","category-blog","category-lieblingsstadt","tag-bild-oben"],"yoast_head":"<!-- This site is optimized with the Yoast SEO plugin v27.5 - https:\/\/yoast.com\/product\/yoast-seo-wordpress\/ -->\n<title>Lieblingsstadt 6 \u2013 Wie Lieblingsstadts B\u00fcrger ihre geliebte Schuhmanufaktur retten - Gradido<\/title>\n<meta name=\"description\" content=\"Ehemaliger Mitarbeiter der Lieblingsst\u00e4dter Schuhmanufaktur treten zusammen \u2013 entschlossen, dem Schicksal zu trotzen. Sie beschlie\u00dfen, ehrenamtlich weiterzumachen mit dem, was sie am besten k\u00f6nnen: n\u00e4mlich hochwertige Schuhe herzustellen.\" \/>\n<meta name=\"robots\" content=\"index, follow, max-snippet:-1, max-image-preview:large, max-video-preview:-1\" \/>\n<link rel=\"canonical\" href=\"https:\/\/gradido.net\/sl\/lieblingsstadt-6-wie-lieblingsstadts-buerger-ihre-geliebte-schuhmanufaktur-retten\/\" \/>\n<meta property=\"og:locale\" content=\"sl_SI\" \/>\n<meta property=\"og:type\" content=\"article\" \/>\n<meta property=\"og:title\" content=\"Lieblingsstadt 6 \u2013 Wie Lieblingsstadts B\u00fcrger ihre geliebte Schuhmanufaktur retten - Gradido\" \/>\n<meta property=\"og:description\" content=\"Ehemaliger Mitarbeiter der Lieblingsst\u00e4dter Schuhmanufaktur treten zusammen \u2013 entschlossen, dem Schicksal zu trotzen. Sie beschlie\u00dfen, ehrenamtlich weiterzumachen mit dem, was sie am besten k\u00f6nnen: n\u00e4mlich hochwertige Schuhe herzustellen.\" \/>\n<meta property=\"og:url\" content=\"https:\/\/gradido.net\/sl\/lieblingsstadt-6-wie-lieblingsstadts-buerger-ihre-geliebte-schuhmanufaktur-retten\/\" \/>\n<meta property=\"og:site_name\" content=\"Gradido\" \/>\n<meta property=\"article:published_time\" content=\"2023-08-24T10:24:50+00:00\" \/>\n<meta property=\"article:modified_time\" content=\"2026-04-23T05:12:33+00:00\" \/>\n<meta property=\"og:image\" content=\"https:\/\/gradido.net\/wp-content\/uploads\/2023\/08\/Schuharbeiter_1920_2.jpg\" \/>\n\t<meta property=\"og:image:width\" content=\"1920\" \/>\n\t<meta property=\"og:image:height\" content=\"1200\" \/>\n\t<meta property=\"og:image:type\" content=\"image\/jpeg\" \/>\n<meta name=\"author\" content=\"Bernd H\u00fcckst\u00e4dt\" \/>\n<meta name=\"twitter:card\" content=\"summary_large_image\" \/>\n<meta name=\"twitter:label1\" content=\"Written by\" \/>\n\t<meta name=\"twitter:data1\" content=\"Bernd H\u00fcckst\u00e4dt\" \/>\n\t<meta name=\"twitter:label2\" content=\"Est. reading time\" \/>\n\t<meta name=\"twitter:data2\" content=\"5 minut\" \/>\n<script type=\"application\/ld+json\" class=\"yoast-schema-graph\">{\"@context\":\"https:\\\/\\\/schema.org\",\"@graph\":[{\"@type\":\"Article\",\"@id\":\"https:\\\/\\\/gradido.net\\\/lieblingsstadt-6-wie-lieblingsstadts-buerger-ihre-geliebte-schuhmanufaktur-retten\\\/#article\",\"isPartOf\":{\"@id\":\"https:\\\/\\\/gradido.net\\\/lieblingsstadt-6-wie-lieblingsstadts-buerger-ihre-geliebte-schuhmanufaktur-retten\\\/\"},\"author\":{\"name\":\"Bernd H\u00fcckst\u00e4dt\",\"@id\":\"https:\\\/\\\/gradido.net\\\/de\\\/#\\\/schema\\\/person\\\/9c503a004ad15a1ddecadce2218db5d1\"},\"headline\":\"Lieblingsstadt 6 \u2013 Wie Lieblingsstadts B\u00fcrger ihre geliebte Schuhmanufaktur retten\",\"datePublished\":\"2023-08-24T10:24:50+00:00\",\"dateModified\":\"2026-04-23T05:12:33+00:00\",\"mainEntityOfPage\":{\"@id\":\"https:\\\/\\\/gradido.net\\\/lieblingsstadt-6-wie-lieblingsstadts-buerger-ihre-geliebte-schuhmanufaktur-retten\\\/\"},\"wordCount\":643,\"publisher\":{\"@id\":\"https:\\\/\\\/gradido.net\\\/de\\\/#organization\"},\"image\":{\"@id\":\"https:\\\/\\\/gradido.net\\\/lieblingsstadt-6-wie-lieblingsstadts-buerger-ihre-geliebte-schuhmanufaktur-retten\\\/#primaryimage\"},\"thumbnailUrl\":\"https:\\\/\\\/gradido.net\\\/wp-content\\\/uploads\\\/2023\\\/08\\\/Schuharbeiter_1920_2.jpg\",\"keywords\":[\"Bild oben\"],\"articleSection\":[\"Blog\",\"Lieblingsstadt\"],\"inLanguage\":\"sl-SI\"},{\"@type\":\"WebPage\",\"@id\":\"https:\\\/\\\/gradido.net\\\/lieblingsstadt-6-wie-lieblingsstadts-buerger-ihre-geliebte-schuhmanufaktur-retten\\\/\",\"url\":\"https:\\\/\\\/gradido.net\\\/lieblingsstadt-6-wie-lieblingsstadts-buerger-ihre-geliebte-schuhmanufaktur-retten\\\/\",\"name\":\"Lieblingsstadt 6 \u2013 Wie Lieblingsstadts B\u00fcrger ihre geliebte Schuhmanufaktur retten - Gradido\",\"isPartOf\":{\"@id\":\"https:\\\/\\\/gradido.net\\\/de\\\/#website\"},\"primaryImageOfPage\":{\"@id\":\"https:\\\/\\\/gradido.net\\\/lieblingsstadt-6-wie-lieblingsstadts-buerger-ihre-geliebte-schuhmanufaktur-retten\\\/#primaryimage\"},\"image\":{\"@id\":\"https:\\\/\\\/gradido.net\\\/lieblingsstadt-6-wie-lieblingsstadts-buerger-ihre-geliebte-schuhmanufaktur-retten\\\/#primaryimage\"},\"thumbnailUrl\":\"https:\\\/\\\/gradido.net\\\/wp-content\\\/uploads\\\/2023\\\/08\\\/Schuharbeiter_1920_2.jpg\",\"datePublished\":\"2023-08-24T10:24:50+00:00\",\"dateModified\":\"2026-04-23T05:12:33+00:00\",\"description\":\"Ehemaliger Mitarbeiter der Lieblingsst\u00e4dter Schuhmanufaktur treten zusammen \u2013 entschlossen, dem Schicksal zu trotzen. Sie beschlie\u00dfen, ehrenamtlich weiterzumachen mit dem, was sie am besten k\u00f6nnen: n\u00e4mlich hochwertige Schuhe herzustellen.\",\"breadcrumb\":{\"@id\":\"https:\\\/\\\/gradido.net\\\/lieblingsstadt-6-wie-lieblingsstadts-buerger-ihre-geliebte-schuhmanufaktur-retten\\\/#breadcrumb\"},\"inLanguage\":\"sl-SI\",\"potentialAction\":[{\"@type\":\"ReadAction\",\"target\":[\"https:\\\/\\\/gradido.net\\\/lieblingsstadt-6-wie-lieblingsstadts-buerger-ihre-geliebte-schuhmanufaktur-retten\\\/\"]}]},{\"@type\":\"ImageObject\",\"inLanguage\":\"sl-SI\",\"@id\":\"https:\\\/\\\/gradido.net\\\/lieblingsstadt-6-wie-lieblingsstadts-buerger-ihre-geliebte-schuhmanufaktur-retten\\\/#primaryimage\",\"url\":\"https:\\\/\\\/gradido.net\\\/wp-content\\\/uploads\\\/2023\\\/08\\\/Schuharbeiter_1920_2.jpg\",\"contentUrl\":\"https:\\\/\\\/gradido.net\\\/wp-content\\\/uploads\\\/2023\\\/08\\\/Schuharbeiter_1920_2.jpg\",\"width\":1920,\"height\":1200},{\"@type\":\"BreadcrumbList\",\"@id\":\"https:\\\/\\\/gradido.net\\\/lieblingsstadt-6-wie-lieblingsstadts-buerger-ihre-geliebte-schuhmanufaktur-retten\\\/#breadcrumb\",\"itemListElement\":[{\"@type\":\"ListItem\",\"position\":1,\"name\":\"Startseite\",\"item\":\"https:\\\/\\\/gradido.net\\\/\"},{\"@type\":\"ListItem\",\"position\":2,\"name\":\"Lieblingsstadt 6 \u2013 Wie Lieblingsstadts B\u00fcrger ihre geliebte Schuhmanufaktur retten\"}]},{\"@type\":\"WebSite\",\"@id\":\"https:\\\/\\\/gradido.net\\\/de\\\/#website\",\"url\":\"https:\\\/\\\/gradido.net\\\/de\\\/\",\"name\":\"Gradido\",\"description\":\"Die neue W\u00e4hrung hei\u00dft Dankbarkeit\",\"publisher\":{\"@id\":\"https:\\\/\\\/gradido.net\\\/de\\\/#organization\"},\"potentialAction\":[{\"@type\":\"SearchAction\",\"target\":{\"@type\":\"EntryPoint\",\"urlTemplate\":\"https:\\\/\\\/gradido.net\\\/de\\\/?s={search_term_string}\"},\"query-input\":{\"@type\":\"PropertyValueSpecification\",\"valueRequired\":true,\"valueName\":\"search_term_string\"}}],\"inLanguage\":\"sl-SI\"},{\"@type\":\"Organization\",\"@id\":\"https:\\\/\\\/gradido.net\\\/de\\\/#organization\",\"name\":\"Gradido\",\"url\":\"https:\\\/\\\/gradido.net\\\/de\\\/\",\"logo\":{\"@type\":\"ImageObject\",\"inLanguage\":\"sl-SI\",\"@id\":\"https:\\\/\\\/gradido.net\\\/de\\\/#\\\/schema\\\/logo\\\/image\\\/\",\"url\":\"https:\\\/\\\/gradido.net\\\/wp-content\\\/uploads\\\/2022\\\/04\\\/gradido-social.jpg\",\"contentUrl\":\"https:\\\/\\\/gradido.net\\\/wp-content\\\/uploads\\\/2022\\\/04\\\/gradido-social.jpg\",\"width\":527,\"height\":273,\"caption\":\"Gradido\"},\"image\":{\"@id\":\"https:\\\/\\\/gradido.net\\\/de\\\/#\\\/schema\\\/logo\\\/image\\\/\"}},{\"@type\":\"Person\",\"@id\":\"https:\\\/\\\/gradido.net\\\/de\\\/#\\\/schema\\\/person\\\/9c503a004ad15a1ddecadce2218db5d1\",\"name\":\"Bernd H\u00fcckst\u00e4dt\",\"sameAs\":[\"https:\\\/\\\/gradido.net\"],\"url\":\"https:\\\/\\\/gradido.net\\\/sl\\\/author\\\/bernd\\\/\"}]}<\/script>\n<!-- \/ Yoast SEO plugin. -->","yoast_head_json":{"title":"Favourite City 6 - Kako so prebivalci Favourite Cityja re\u0161ili priljubljeno tovarno \u010devljev - Gradido","description":"Nekdanji zaposleni v podjetju Lieblingsst\u00e4dter Schuhmanufaktur se zberejo - odlo\u010deni, da bodo kljubovali usodi. Odlo\u010dijo se, da bodo \u0161e naprej prostovoljno delali to, kar znajo najbolje: izdelovali visokokakovostne \u010devlje.","robots":{"index":"index","follow":"follow","max-snippet":"max-snippet:-1","max-image-preview":"max-image-preview:large","max-video-preview":"max-video-preview:-1"},"canonical":"https:\/\/gradido.net\/sl\/lieblingsstadt-6-wie-lieblingsstadts-buerger-ihre-geliebte-schuhmanufaktur-retten\/","og_locale":"sl_SI","og_type":"article","og_title":"Lieblingsstadt 6 \u2013 Wie Lieblingsstadts B\u00fcrger ihre geliebte Schuhmanufaktur retten - Gradido","og_description":"Ehemaliger Mitarbeiter der Lieblingsst\u00e4dter Schuhmanufaktur treten zusammen \u2013 entschlossen, dem Schicksal zu trotzen. Sie beschlie\u00dfen, ehrenamtlich weiterzumachen mit dem, was sie am besten k\u00f6nnen: n\u00e4mlich hochwertige Schuhe herzustellen.","og_url":"https:\/\/gradido.net\/sl\/lieblingsstadt-6-wie-lieblingsstadts-buerger-ihre-geliebte-schuhmanufaktur-retten\/","og_site_name":"Gradido","article_published_time":"2023-08-24T10:24:50+00:00","article_modified_time":"2026-04-23T05:12:33+00:00","og_image":[{"width":1920,"height":1200,"url":"https:\/\/gradido.net\/wp-content\/uploads\/2023\/08\/Schuharbeiter_1920_2.jpg","type":"image\/jpeg"}],"author":"Bernd H\u00fcckst\u00e4dt","twitter_card":"summary_large_image","twitter_misc":{"Written by":"Bernd H\u00fcckst\u00e4dt","Est. reading time":"5 minut"},"schema":{"@context":"https:\/\/schema.org","@graph":[{"@type":"Article","@id":"https:\/\/gradido.net\/lieblingsstadt-6-wie-lieblingsstadts-buerger-ihre-geliebte-schuhmanufaktur-retten\/#article","isPartOf":{"@id":"https:\/\/gradido.net\/lieblingsstadt-6-wie-lieblingsstadts-buerger-ihre-geliebte-schuhmanufaktur-retten\/"},"author":{"name":"Bernd H\u00fcckst\u00e4dt","@id":"https:\/\/gradido.net\/de\/#\/schema\/person\/9c503a004ad15a1ddecadce2218db5d1"},"headline":"Lieblingsstadt 6 \u2013 Wie Lieblingsstadts B\u00fcrger ihre geliebte Schuhmanufaktur retten","datePublished":"2023-08-24T10:24:50+00:00","dateModified":"2026-04-23T05:12:33+00:00","mainEntityOfPage":{"@id":"https:\/\/gradido.net\/lieblingsstadt-6-wie-lieblingsstadts-buerger-ihre-geliebte-schuhmanufaktur-retten\/"},"wordCount":643,"publisher":{"@id":"https:\/\/gradido.net\/de\/#organization"},"image":{"@id":"https:\/\/gradido.net\/lieblingsstadt-6-wie-lieblingsstadts-buerger-ihre-geliebte-schuhmanufaktur-retten\/#primaryimage"},"thumbnailUrl":"https:\/\/gradido.net\/wp-content\/uploads\/2023\/08\/Schuharbeiter_1920_2.jpg","keywords":["Bild oben"],"articleSection":["Blog","Lieblingsstadt"],"inLanguage":"sl-SI"},{"@type":"WebPage","@id":"https:\/\/gradido.net\/lieblingsstadt-6-wie-lieblingsstadts-buerger-ihre-geliebte-schuhmanufaktur-retten\/","url":"https:\/\/gradido.net\/lieblingsstadt-6-wie-lieblingsstadts-buerger-ihre-geliebte-schuhmanufaktur-retten\/","name":"Favourite City 6 - Kako so prebivalci Favourite Cityja re\u0161ili priljubljeno tovarno \u010devljev - Gradido","isPartOf":{"@id":"https:\/\/gradido.net\/de\/#website"},"primaryImageOfPage":{"@id":"https:\/\/gradido.net\/lieblingsstadt-6-wie-lieblingsstadts-buerger-ihre-geliebte-schuhmanufaktur-retten\/#primaryimage"},"image":{"@id":"https:\/\/gradido.net\/lieblingsstadt-6-wie-lieblingsstadts-buerger-ihre-geliebte-schuhmanufaktur-retten\/#primaryimage"},"thumbnailUrl":"https:\/\/gradido.net\/wp-content\/uploads\/2023\/08\/Schuharbeiter_1920_2.jpg","datePublished":"2023-08-24T10:24:50+00:00","dateModified":"2026-04-23T05:12:33+00:00","description":"Nekdanji zaposleni v podjetju Lieblingsst\u00e4dter Schuhmanufaktur se zberejo - odlo\u010deni, da bodo kljubovali usodi. Odlo\u010dijo se, da bodo \u0161e naprej prostovoljno delali to, kar znajo najbolje: izdelovali visokokakovostne \u010devlje.","breadcrumb":{"@id":"https:\/\/gradido.net\/lieblingsstadt-6-wie-lieblingsstadts-buerger-ihre-geliebte-schuhmanufaktur-retten\/#breadcrumb"},"inLanguage":"sl-SI","potentialAction":[{"@type":"ReadAction","target":["https:\/\/gradido.net\/lieblingsstadt-6-wie-lieblingsstadts-buerger-ihre-geliebte-schuhmanufaktur-retten\/"]}]},{"@type":"ImageObject","inLanguage":"sl-SI","@id":"https:\/\/gradido.net\/lieblingsstadt-6-wie-lieblingsstadts-buerger-ihre-geliebte-schuhmanufaktur-retten\/#primaryimage","url":"https:\/\/gradido.net\/wp-content\/uploads\/2023\/08\/Schuharbeiter_1920_2.jpg","contentUrl":"https:\/\/gradido.net\/wp-content\/uploads\/2023\/08\/Schuharbeiter_1920_2.jpg","width":1920,"height":1200},{"@type":"BreadcrumbList","@id":"https:\/\/gradido.net\/lieblingsstadt-6-wie-lieblingsstadts-buerger-ihre-geliebte-schuhmanufaktur-retten\/#breadcrumb","itemListElement":[{"@type":"ListItem","position":1,"name":"Startseite","item":"https:\/\/gradido.net\/"},{"@type":"ListItem","position":2,"name":"Lieblingsstadt 6 \u2013 Wie Lieblingsstadts B\u00fcrger ihre geliebte Schuhmanufaktur retten"}]},{"@type":"WebSite","@id":"https:\/\/gradido.net\/de\/#website","url":"https:\/\/gradido.net\/de\/","name":"Gradido","description":"Nova valuta je hvale\u017enost","publisher":{"@id":"https:\/\/gradido.net\/de\/#organization"},"potentialAction":[{"@type":"SearchAction","target":{"@type":"EntryPoint","urlTemplate":"https:\/\/gradido.net\/de\/?s={search_term_string}"},"query-input":{"@type":"PropertyValueSpecification","valueRequired":true,"valueName":"search_term_string"}}],"inLanguage":"sl-SI"},{"@type":"Organization","@id":"https:\/\/gradido.net\/de\/#organization","name":"Gradido","url":"https:\/\/gradido.net\/de\/","logo":{"@type":"ImageObject","inLanguage":"sl-SI","@id":"https:\/\/gradido.net\/de\/#\/schema\/logo\/image\/","url":"https:\/\/gradido.net\/wp-content\/uploads\/2022\/04\/gradido-social.jpg","contentUrl":"https:\/\/gradido.net\/wp-content\/uploads\/2022\/04\/gradido-social.jpg","width":527,"height":273,"caption":"Gradido"},"image":{"@id":"https:\/\/gradido.net\/de\/#\/schema\/logo\/image\/"}},{"@type":"Person","@id":"https:\/\/gradido.net\/de\/#\/schema\/person\/9c503a004ad15a1ddecadce2218db5d1","name":"Bernd H\u00fcckst\u00e4dt","sameAs":["https:\/\/gradido.net"],"url":"https:\/\/gradido.net\/sl\/author\/bernd\/"}]}},"_links":{"self":[{"href":"https:\/\/gradido.net\/sl\/wp-json\/wp\/v2\/posts\/7329","targetHints":{"allow":["GET"]}}],"collection":[{"href":"https:\/\/gradido.net\/sl\/wp-json\/wp\/v2\/posts"}],"about":[{"href":"https:\/\/gradido.net\/sl\/wp-json\/wp\/v2\/types\/post"}],"author":[{"embeddable":true,"href":"https:\/\/gradido.net\/sl\/wp-json\/wp\/v2\/users\/2"}],"replies":[{"embeddable":true,"href":"https:\/\/gradido.net\/sl\/wp-json\/wp\/v2\/comments?post=7329"}],"version-history":[{"count":35,"href":"https:\/\/gradido.net\/sl\/wp-json\/wp\/v2\/posts\/7329\/revisions"}],"predecessor-version":[{"id":13544,"href":"https:\/\/gradido.net\/sl\/wp-json\/wp\/v2\/posts\/7329\/revisions\/13544"}],"wp:featuredmedia":[{"embeddable":true,"href":"https:\/\/gradido.net\/sl\/wp-json\/wp\/v2\/media\/7332"}],"wp:attachment":[{"href":"https:\/\/gradido.net\/sl\/wp-json\/wp\/v2\/media?parent=7329"}],"wp:term":[{"taxonomy":"category","embeddable":true,"href":"https:\/\/gradido.net\/sl\/wp-json\/wp\/v2\/categories?post=7329"},{"taxonomy":"post_tag","embeddable":true,"href":"https:\/\/gradido.net\/sl\/wp-json\/wp\/v2\/tags?post=7329"}],"curies":[{"name":"wp","href":"https:\/\/api.w.org\/{rel}","templated":true}]}}