{"id":910,"date":"2020-09-30T23:01:23","date_gmt":"2020-09-30T21:01:23","guid":{"rendered":"https:\/\/gradido.net\/?p=910"},"modified":"2021-12-11T09:20:17","modified_gmt":"2021-12-11T08:20:17","slug":"endlich-sicherheit-mit-perspektive","status":"publish","type":"post","link":"https:\/\/gradido.net\/sl\/endlich-sicherheit-mit-perspektive\/","title":{"rendered":"Kon\u010dno varnost s perspektivo"},"content":{"rendered":"<div data-elementor-type=\"wp-post\" data-elementor-id=\"910\" class=\"elementor elementor-910\" data-elementor-post-type=\"post\">\n\t\t\t\t\t\t<section class=\"elementor-section elementor-top-section elementor-element elementor-element-496e1d53 elementor-section-boxed elementor-section-height-default elementor-section-height-default\" data-id=\"496e1d53\" data-element_type=\"section\" data-e-type=\"section\">\n\t\t\t\t\t\t<div class=\"elementor-container elementor-column-gap-default\">\n\t\t\t\t\t<div class=\"elementor-column elementor-col-100 elementor-top-column elementor-element elementor-element-461d7be0\" data-id=\"461d7be0\" data-element_type=\"column\" data-e-type=\"column\">\n\t\t\t<div class=\"elementor-widget-wrap elementor-element-populated\">\n\t\t\t\t\t\t<div class=\"elementor-element elementor-element-cd9ebe2 elementor-widget elementor-widget-text-editor\" data-id=\"cd9ebe2\" data-element_type=\"widget\" data-e-type=\"widget\" data-widget_type=\"text-editor.default\">\n\t\t\t\t<div class=\"elementor-widget-container\">\n\t\t\t\t\t\t\t\t\t<h2>Aktivni temeljni dohodek za umetnike in samostojne novinarje<\/h2><p><strong>K\u00fcnzelsau, 30. september 2020 - Kaj bi bila dr\u017eava brez pesnikov, mislecev, glasbenikov, slikarjev, igralcev, pevcev, plesalcev, novinarjev, publicistov in filmskih ustvarjalcev? V na\u0161e \u017eivljenje prina\u0161ajo barve, veselje, vpra\u0161anja, ob\u010dutke, navdih in vizijo. Zdaj pa Coronini ukrepi ogro\u017eajo obstoj ne\u0161tetih samostojnih samozaposlenih v umetnosti, kulturi in komunikacijah. Nujna dr\u017eavna pomo\u010d je popolnoma nezadostna, prihodnost pa negotova. Prizadeti obupno prosijo za re\u0161evalni paket s perspektivo. Cilj \"aktivnega temeljnega dohodka\" je izpolniti to \u017eeljo. Tak\u0161en \"osnovni dohodek z nadomestnimi prejemki\" lahko prepre\u010di, da bi kriza uni\u010dila sredstva za pre\u017eivljanje, in kon\u010dno zagotovi strokovnjakom s podro\u010dja umetnosti in kulture ter neodvisnim medijskim ustvarjalcem trdno osnovo za dolgoro\u010dno \u017eivljenje in delo. Model \"Gradido\" istoimenske akademije \u017eeli pripraviti idealno podlago za ustvarjalnost in veselje do ustvarjanja ter tako re\u0161iti nepogre\u0161ljiv del na\u0161e dru\u017ebe pred propadom.<\/strong><\/p><p>Po nedavni raziskavi nem\u0161kega zdru\u017eenja novinarjev (DJV) je pribli\u017eno 50 odstotkov samostojnih novinarjev letos utrpelo tako velike izgube, da se ne morejo ve\u010d pre\u017eivljati. Vsak tretji samostojni podjetnik v cehu piscev trenutno ne prejema nobenih nalog. Med fotoreporterji je vsak drugi brez dohodka. Umetnike in kulturne delavce je sedanja kriza prizadela \u0161e bolj. Veliko samozaposlenih ustvarjalcev je \u017ee ve\u010d mesecev brez prihodkov. Znani igralec in umetnik sinhronizacije Frank R\u00f6th je trenutne razmere opisal z besedami: \"Zaprtje in ve\u010dmese\u010dno zapiranje gledali\u0161\u010d, odrov in studiev za sinhronizacijo, odpoved ali prelo\u017eitev snemanja za nedolo\u010den \u010das, odpoved prireditev in festivalov so za nas katastrofa in so enakovredni poklicni prepovedi.\"<\/p><p>Dr\u017eavna pomo\u010d za veliko ve\u010dino prizadetih ni u\u010dinkovita. Vendar ima le malo kulturnih delavcev finan\u010dne rezerve. Negotovost je del vsakdanjega \u017eivljenja. Igralci se pogosto znajdejo v vseh razpokah socialne varnosti in delovnega prava. Imajo poslovne stro\u0161ke, vendar nimajo stalne poslovne enote, so zaposleni \"brez pla\u010dila\" ali pa zaradi kratkotrajnih zaposlitev tako neredno pla\u010dujejo zavarovanje za primer brezposelnosti, da skoraj nikoli ne morejo pridobiti pravice do njegovih dajatev.<\/p><p>Tako so \u0161tevilni umetniki \u017ee pred Corono nihali od anga\u017emaja do anga\u017emaja in \u017eiveli v \"negotovih okoli\u0161\u010dinah\". Kljub temu je bila strast do ustvarjalnega dela vedno mo\u010dnej\u0161a od iskanja finan\u010dne varnosti. Zaprtje in posledice, ki so posledica tega, pa zdaj vodijo v gospodarske te\u017eave, ki jih lahko sami re\u0161ujejo le redki kulturni delavci. R\u00f6th (61), o\u010de \u0161tirih otrok, je v svoji karieri uspe\u0161no premagal marsikatero te\u017eavno obdobje. Zdaj pa se pojavlja povsem nova te\u017eava: \"\u0160tevilni igralci zaradi svoje starosti spadajo v 'rizi\u010dno skupino'. Zato je njihovo anga\u017eiranje za produkcijska podjetja povezano s sme\u0161nimi zavarovalnimi premijami za primer nepla\u010dila. Zato so vloge za igralce, starej\u0161e od 60 let, preprosto izpisane iz scenarijev ali pa so napisane na novo za mlaj\u0161e like.\"<\/p><p>Zaradi poostrenih omejitev, ki so posledica bli\u017eajo\u010de se zime, na podro\u010dju umetnosti in kulture ni videti normalnega dela. Po besedah R\u00f6tha vladna pomo\u010d v sili ne zadostuje, zato je prihodnost zelo negotova: \"Ker zvezna vlada o\u010ditno nima izhodne strategije, tudi ni perspektive, kdaj in ali sploh se bo mogo\u010de vrniti v samostojno (poklicno) vsakdanje \u017eivljenje.\"<\/p><p><strong>Aktivni temeljni dohodek ustvarja osnovo za \u017eivljenje in delo<\/strong><br \/>\u010ce verjamete strokovnjakom za poslovno bioniko iz Akademije Gradido, je trenutna gospodarska in finan\u010dna kriza tudi prilo\u017enost za popravljanje struktur, ki \u017ee dolgo potrebujejo temeljito preusmeritev. Negotovi pogoji za obstoj v medijih in na\u0161em kulturnem sektorju so zagotovo med njimi. Tu moramo ustvariti podlago, ki omogo\u010da ustvarjalno delo brez eksistencialnega strahu. Aktivni temeljni dohodek ne bi le ubla\u017eil usodnih posledic krize, temve\u010d bi lahko zaposlenim v umetnosti, kulturi in medijih v na\u0161i dr\u017eavi ponudil trdnej\u0161o osnovo za dolgoro\u010dno \u017eivljenje in delo ter s tem stabilno podlago za ustvarjalnost.<\/p><p>Akademija Gradido \u017ee ve\u010d kot 20 let preu\u010duje vpra\u0161anje, kaj se lahko gospodarstvo nau\u010di od narave. Rezultat teh obse\u017enih raziskav je nov ekonomski in finan\u010dni model, ki temelji na valuti skupnega dobrega \"Gradido\". Njegov namen je ljudem po vsem svetu zagotoviti varno pre\u017eivetje ter narediti svet \u017eivljenja in dela bolj raznolik in izpolnjujo\u010d. Bernd H\u00fcckst\u00e4dt, soustanovitelj akademije, pravi, da je \"aktivni temeljni dohodek\" osrednji element modela Gradido: \"Vsaka oseba lahko dose\u017ee \"aktivni temeljni dohodek\" z dejavnostmi, ki jih sama izbere za skupno dobro. Umetni\u0161ke in ustvarjalne spretnosti so tu prav tako nepogre\u0161ljive kot opravljanje prakti\u010dnih in dru\u017ebenih nalog. Za vsako osebo je mese\u010dno na voljo 1.000 Gradido (GDD) kot osnovni dohodek. En gradido ustreza vrednosti enega evra. Najve\u010d 50 ur na mesec se pla\u010da z 20 GDD za vsako uro. Ta vsota je osnovni znesek, ki se pri\u0161teva k drugim virom dohodka. S tem je zagotovljeno pre\u017eivetje vseh ljudi in tudi umetnost in kultura nista ve\u010d skoraj samodejno povezani z eksisten\u010dnimi skrbmi.\"<\/p><p>Model Gradido daje igralcu R\u00f6thu in njegovim sodelavcem novo upanje: \"V teh \u010dasih bi bil nekak\u0161en temeljni dohodek velika pomo\u010d in podpora. Model Gradido je zagotovo eden najbolj radikalnih in utopi\u010dnih pristopov k novemu gospodarskemu in finan\u010dnemu sistemu, toda kaj danes potrebujemo ve\u010d od utopij? O tem novem na\u010dinu bi se morali resno pogovoriti, saj bi lahko ne le re\u0161il umetnost, temve\u010d bi bil primeren tudi za vnuke.\"<\/p><p>Podrobnosti o celotnem modelu Gradido so na <a href=\"https:\/\/gradido.net\/sl\/\">https:\/\/gradido.net<\/a><\/p><p><!-- \/wp:paragraph --><\/p>\t\t\t\t\t\t\t\t<\/div>\n\t\t\t\t<\/div>\n\t\t\t\t<div class=\"elementor-element elementor-element-6fa6293 elementor-widget elementor-widget-image\" data-id=\"6fa6293\" data-element_type=\"widget\" data-e-type=\"widget\" data-widget_type=\"image.default\">\n\t\t\t\t<div class=\"elementor-widget-container\">\n\t\t\t\t\t\t\t\t\t\t\t\t\t\t\t<img fetchpriority=\"high\" decoding=\"async\" width=\"500\" height=\"750\" src=\"https:\/\/gradido.net\/wp-content\/uploads\/2020\/09\/frank-roeth.jpg\" class=\"attachment-medium_large size-medium_large wp-image-914\" alt=\"\" srcset=\"https:\/\/gradido.net\/wp-content\/uploads\/2020\/09\/frank-roeth.jpg 500w, https:\/\/gradido.net\/wp-content\/uploads\/2020\/09\/frank-roeth-200x300.jpg 200w\" sizes=\"(max-width: 500px) 100vw, 500px\" \/>\t\t\t\t\t\t\t\t\t\t\t\t\t\t\t<\/div>\n\t\t\t\t<\/div>\n\t\t\t\t<div class=\"elementor-element elementor-element-1eb7204 elementor-widget elementor-widget-text-editor\" data-id=\"1eb7204\" data-element_type=\"widget\" data-e-type=\"widget\" data-widget_type=\"text-editor.default\">\n\t\t\t\t<div class=\"elementor-widget-container\">\n\t\t\t\t\t\t\t\t\t<p>Frank R\u00f6th je igralec \u017ee ve\u010d kot 30 let. Ob\u010dinstvo in kritike navdu\u0161uje ne le pred kamero (npr. kot preobremenjeni o\u010de Josefine Preu\u00df v uspe\u0161ni seriji Lotta na ZDF), temve\u010d tudi kot eden najbolj zaposlenih nem\u0161kih igralcev za sinhronizacijo (Ziemlich beste Freunde, Harry Potter in \u0161tevilni drugi). Leta 2013 je prejel nagrado za avdioknjigo nem\u0161ke knji\u017ene trgovine. (Slika: Christian Hartmann)<\/p>\t\t\t\t\t\t\t\t<\/div>\n\t\t\t\t<\/div>\n\t\t\t\t<div class=\"elementor-element elementor-element-e9ff241 elementor-widget elementor-widget-text-editor\" data-id=\"e9ff241\" data-element_type=\"widget\" data-e-type=\"widget\" data-widget_type=\"text-editor.default\">\n\t\t\t\t<div class=\"elementor-widget-container\">\n\t\t\t\t\t\t\t\t\t<p><strong>O Akademiji Gradido<\/strong><br>Akademija Gradido za ekonomsko bioniko je razvila alternativno \"valuto skupnega dobrega\", ki se zgleduje po naravi. V naravi velja pravilo, da lahko le tam, kjer nekaj izgine, nastane nekaj novega, zato je mogo\u010de dolgoro\u010dno izbolj\u0161anje (evolucija). Njegov recept za uspeh je \"\u017eivljenjski cikel\". \u010ce bi tudi na\u0161e gospodarstvo sledilo temu naravnemu ciklu, bi po mnenju strokovnjakov za ekonomsko bioniko re\u0161ilo prakti\u010dno vse svetovne te\u017eave, povezane z denarjem. Model Gradido temelji na zamisli, da ne le vsaka oseba, temve\u010d tudi vsaka dr\u017eava prejme dohodek, ustvarjen na kreditni osnovi. S tem lahko opravlja vse svoje naloge, ne da bi pobiral davke. Deflacija in inflacija sta stvar preteklosti. Gospodarstvo je osvobojeno nenehne prisile k rasti, nevarnost zloma finan\u010dnega sistema pa je dokon\u010dno prepre\u010dena. (<a href=\"https:\/\/gradido.net\/sl\/\">www.gradido.net<\/a>)<\/p>\t\t\t\t\t\t\t\t<\/div>\n\t\t\t\t<\/div>\n\t\t\t\t\t<\/div>\n\t\t<\/div>\n\t\t\t\t\t<\/div>\n\t\t<\/section>\n\t\t\t\t<\/div>","protected":false},"excerpt":{"rendered":"<p>Aktives Grundeinkommen f\u00fcr K\u00fcnstler und freie Journalisten K\u00fcnzelsau, 30. September 2020 \u2013 Was w\u00e4re ein Land ohne seine Dichter, Denker, Musiker, Maler, Schauspieler, S\u00e4nger, T\u00e4nzer, Journalisten, Publizisten und Filmemacher? Sie bringen Farbe, Freude, Fragen, Gef\u00fchle, Inspiration und Visionen in unser Leben. Nun aber bedrohen die Corona-Ma\u00dfnahmen die Existenz unz\u00e4hliger Solo-Selbstst\u00e4ndiger aus Kunst, Kultur und Kommunikation. [&hellip;]<\/p>\n","protected":false},"author":1,"featured_media":921,"comment_status":"closed","ping_status":"closed","sticky":false,"template":"","format":"standard","meta":{"footnotes":""},"categories":[8],"tags":[],"class_list":["post-910","post","type-post","status-publish","format-standard","has-post-thumbnail","hentry","category-pressemitteilung"],"yoast_head":"<!-- This site is optimized with the Yoast SEO plugin v27.5 - https:\/\/yoast.com\/product\/yoast-seo-wordpress\/ -->\n<title>Endlich Sicherheit mit Perspektive - Gradido<\/title>\n<meta name=\"robots\" content=\"index, follow, max-snippet:-1, max-image-preview:large, max-video-preview:-1\" \/>\n<link rel=\"canonical\" href=\"https:\/\/gradido.net\/sl\/endlich-sicherheit-mit-perspektive\/\" \/>\n<meta property=\"og:locale\" content=\"sl_SI\" \/>\n<meta property=\"og:type\" content=\"article\" \/>\n<meta property=\"og:title\" content=\"Endlich Sicherheit mit Perspektive - Gradido\" \/>\n<meta property=\"og:description\" content=\"Aktives Grundeinkommen f\u00fcr K\u00fcnstler und freie Journalisten K\u00fcnzelsau, 30. September 2020 \u2013 Was w\u00e4re ein Land ohne seine Dichter, Denker, Musiker, Maler, Schauspieler, S\u00e4nger, T\u00e4nzer, Journalisten, Publizisten und Filmemacher? Sie bringen Farbe, Freude, Fragen, Gef\u00fchle, Inspiration und Visionen in unser Leben. Nun aber bedrohen die Corona-Ma\u00dfnahmen die Existenz unz\u00e4hliger Solo-Selbstst\u00e4ndiger aus Kunst, Kultur und Kommunikation. [&hellip;]\" \/>\n<meta property=\"og:url\" content=\"https:\/\/gradido.net\/sl\/endlich-sicherheit-mit-perspektive\/\" \/>\n<meta property=\"og:site_name\" content=\"Gradido\" \/>\n<meta property=\"article:published_time\" content=\"2020-09-30T21:01:23+00:00\" \/>\n<meta property=\"article:modified_time\" content=\"2021-12-11T08:20:17+00:00\" \/>\n<meta property=\"og:image\" content=\"https:\/\/gradido.net\/wp-content\/uploads\/2020\/09\/endlich-sicherheit-mit-perspektive-pressemitteilung.jpg\" \/>\n\t<meta property=\"og:image:width\" content=\"1000\" \/>\n\t<meta property=\"og:image:height\" content=\"667\" \/>\n\t<meta property=\"og:image:type\" content=\"image\/jpeg\" \/>\n<meta name=\"author\" content=\"GR4dmin\" \/>\n<meta name=\"twitter:card\" content=\"summary_large_image\" \/>\n<meta name=\"twitter:label1\" content=\"Written by\" \/>\n\t<meta name=\"twitter:data1\" content=\"GR4dmin\" \/>\n\t<meta name=\"twitter:label2\" content=\"Est. reading time\" \/>\n\t<meta name=\"twitter:data2\" content=\"6 minut\" \/>\n<script type=\"application\/ld+json\" class=\"yoast-schema-graph\">{\"@context\":\"https:\\\/\\\/schema.org\",\"@graph\":[{\"@type\":\"Article\",\"@id\":\"https:\\\/\\\/gradido.net\\\/tr\\\/endlich-sicherheit-mit-perspektive\\\/#article\",\"isPartOf\":{\"@id\":\"https:\\\/\\\/gradido.net\\\/tr\\\/endlich-sicherheit-mit-perspektive\\\/\"},\"author\":{\"name\":\"GR4dmin\",\"@id\":\"https:\\\/\\\/gradido.net\\\/de\\\/#\\\/schema\\\/person\\\/9f913f37a47e7a82ad686b58fc907588\"},\"headline\":\"Endlich Sicherheit mit Perspektive\",\"datePublished\":\"2020-09-30T21:01:23+00:00\",\"dateModified\":\"2021-12-11T08:20:17+00:00\",\"mainEntityOfPage\":{\"@id\":\"https:\\\/\\\/gradido.net\\\/tr\\\/endlich-sicherheit-mit-perspektive\\\/\"},\"wordCount\":1112,\"publisher\":{\"@id\":\"https:\\\/\\\/gradido.net\\\/de\\\/#organization\"},\"image\":{\"@id\":\"https:\\\/\\\/gradido.net\\\/tr\\\/endlich-sicherheit-mit-perspektive\\\/#primaryimage\"},\"thumbnailUrl\":\"https:\\\/\\\/gradido.net\\\/wp-content\\\/uploads\\\/2020\\\/09\\\/endlich-sicherheit-mit-perspektive-pressemitteilung.jpg\",\"articleSection\":[\"Pressemitteilung\"],\"inLanguage\":\"sl-SI\"},{\"@type\":\"WebPage\",\"@id\":\"https:\\\/\\\/gradido.net\\\/tr\\\/endlich-sicherheit-mit-perspektive\\\/\",\"url\":\"https:\\\/\\\/gradido.net\\\/tr\\\/endlich-sicherheit-mit-perspektive\\\/\",\"name\":\"Endlich Sicherheit mit Perspektive - Gradido\",\"isPartOf\":{\"@id\":\"https:\\\/\\\/gradido.net\\\/de\\\/#website\"},\"primaryImageOfPage\":{\"@id\":\"https:\\\/\\\/gradido.net\\\/tr\\\/endlich-sicherheit-mit-perspektive\\\/#primaryimage\"},\"image\":{\"@id\":\"https:\\\/\\\/gradido.net\\\/tr\\\/endlich-sicherheit-mit-perspektive\\\/#primaryimage\"},\"thumbnailUrl\":\"https:\\\/\\\/gradido.net\\\/wp-content\\\/uploads\\\/2020\\\/09\\\/endlich-sicherheit-mit-perspektive-pressemitteilung.jpg\",\"datePublished\":\"2020-09-30T21:01:23+00:00\",\"dateModified\":\"2021-12-11T08:20:17+00:00\",\"breadcrumb\":{\"@id\":\"https:\\\/\\\/gradido.net\\\/tr\\\/endlich-sicherheit-mit-perspektive\\\/#breadcrumb\"},\"inLanguage\":\"sl-SI\",\"potentialAction\":[{\"@type\":\"ReadAction\",\"target\":[\"https:\\\/\\\/gradido.net\\\/tr\\\/endlich-sicherheit-mit-perspektive\\\/\"]}]},{\"@type\":\"ImageObject\",\"inLanguage\":\"sl-SI\",\"@id\":\"https:\\\/\\\/gradido.net\\\/tr\\\/endlich-sicherheit-mit-perspektive\\\/#primaryimage\",\"url\":\"https:\\\/\\\/gradido.net\\\/wp-content\\\/uploads\\\/2020\\\/09\\\/endlich-sicherheit-mit-perspektive-pressemitteilung.jpg\",\"contentUrl\":\"https:\\\/\\\/gradido.net\\\/wp-content\\\/uploads\\\/2020\\\/09\\\/endlich-sicherheit-mit-perspektive-pressemitteilung.jpg\",\"width\":1000,\"height\":667},{\"@type\":\"BreadcrumbList\",\"@id\":\"https:\\\/\\\/gradido.net\\\/tr\\\/endlich-sicherheit-mit-perspektive\\\/#breadcrumb\",\"itemListElement\":[{\"@type\":\"ListItem\",\"position\":1,\"name\":\"Startseite\",\"item\":\"https:\\\/\\\/gradido.net\\\/\"},{\"@type\":\"ListItem\",\"position\":2,\"name\":\"Endlich Sicherheit mit Perspektive\"}]},{\"@type\":\"WebSite\",\"@id\":\"https:\\\/\\\/gradido.net\\\/de\\\/#website\",\"url\":\"https:\\\/\\\/gradido.net\\\/de\\\/\",\"name\":\"Gradido\",\"description\":\"Die neue W\u00e4hrung hei\u00dft Dankbarkeit\",\"publisher\":{\"@id\":\"https:\\\/\\\/gradido.net\\\/de\\\/#organization\"},\"potentialAction\":[{\"@type\":\"SearchAction\",\"target\":{\"@type\":\"EntryPoint\",\"urlTemplate\":\"https:\\\/\\\/gradido.net\\\/de\\\/?s={search_term_string}\"},\"query-input\":{\"@type\":\"PropertyValueSpecification\",\"valueRequired\":true,\"valueName\":\"search_term_string\"}}],\"inLanguage\":\"sl-SI\"},{\"@type\":\"Organization\",\"@id\":\"https:\\\/\\\/gradido.net\\\/de\\\/#organization\",\"name\":\"Gradido\",\"url\":\"https:\\\/\\\/gradido.net\\\/de\\\/\",\"logo\":{\"@type\":\"ImageObject\",\"inLanguage\":\"sl-SI\",\"@id\":\"https:\\\/\\\/gradido.net\\\/de\\\/#\\\/schema\\\/logo\\\/image\\\/\",\"url\":\"https:\\\/\\\/gradido.net\\\/wp-content\\\/uploads\\\/2022\\\/04\\\/gradido-social.jpg\",\"contentUrl\":\"https:\\\/\\\/gradido.net\\\/wp-content\\\/uploads\\\/2022\\\/04\\\/gradido-social.jpg\",\"width\":527,\"height\":273,\"caption\":\"Gradido\"},\"image\":{\"@id\":\"https:\\\/\\\/gradido.net\\\/de\\\/#\\\/schema\\\/logo\\\/image\\\/\"}},{\"@type\":\"Person\",\"@id\":\"https:\\\/\\\/gradido.net\\\/de\\\/#\\\/schema\\\/person\\\/9f913f37a47e7a82ad686b58fc907588\",\"name\":\"GR4dmin\",\"sameAs\":[\"https:\\\/\\\/gradido.net\"],\"url\":\"https:\\\/\\\/gradido.net\\\/sl\\\/author\\\/gr4dmin\\\/\"}]}<\/script>\n<!-- \/ Yoast SEO plugin. -->","yoast_head_json":{"title":"Kon\u010dno varnost s perspektivo - Gradido","robots":{"index":"index","follow":"follow","max-snippet":"max-snippet:-1","max-image-preview":"max-image-preview:large","max-video-preview":"max-video-preview:-1"},"canonical":"https:\/\/gradido.net\/sl\/endlich-sicherheit-mit-perspektive\/","og_locale":"sl_SI","og_type":"article","og_title":"Endlich Sicherheit mit Perspektive - Gradido","og_description":"Aktives Grundeinkommen f\u00fcr K\u00fcnstler und freie Journalisten K\u00fcnzelsau, 30. September 2020 \u2013 Was w\u00e4re ein Land ohne seine Dichter, Denker, Musiker, Maler, Schauspieler, S\u00e4nger, T\u00e4nzer, Journalisten, Publizisten und Filmemacher? Sie bringen Farbe, Freude, Fragen, Gef\u00fchle, Inspiration und Visionen in unser Leben. Nun aber bedrohen die Corona-Ma\u00dfnahmen die Existenz unz\u00e4hliger Solo-Selbstst\u00e4ndiger aus Kunst, Kultur und Kommunikation. [&hellip;]","og_url":"https:\/\/gradido.net\/sl\/endlich-sicherheit-mit-perspektive\/","og_site_name":"Gradido","article_published_time":"2020-09-30T21:01:23+00:00","article_modified_time":"2021-12-11T08:20:17+00:00","og_image":[{"width":1000,"height":667,"url":"https:\/\/gradido.net\/wp-content\/uploads\/2020\/09\/endlich-sicherheit-mit-perspektive-pressemitteilung.jpg","type":"image\/jpeg"}],"author":"GR4dmin","twitter_card":"summary_large_image","twitter_misc":{"Written by":"GR4dmin","Est. reading time":"6 minut"},"schema":{"@context":"https:\/\/schema.org","@graph":[{"@type":"Article","@id":"https:\/\/gradido.net\/tr\/endlich-sicherheit-mit-perspektive\/#article","isPartOf":{"@id":"https:\/\/gradido.net\/tr\/endlich-sicherheit-mit-perspektive\/"},"author":{"name":"GR4dmin","@id":"https:\/\/gradido.net\/de\/#\/schema\/person\/9f913f37a47e7a82ad686b58fc907588"},"headline":"Endlich Sicherheit mit Perspektive","datePublished":"2020-09-30T21:01:23+00:00","dateModified":"2021-12-11T08:20:17+00:00","mainEntityOfPage":{"@id":"https:\/\/gradido.net\/tr\/endlich-sicherheit-mit-perspektive\/"},"wordCount":1112,"publisher":{"@id":"https:\/\/gradido.net\/de\/#organization"},"image":{"@id":"https:\/\/gradido.net\/tr\/endlich-sicherheit-mit-perspektive\/#primaryimage"},"thumbnailUrl":"https:\/\/gradido.net\/wp-content\/uploads\/2020\/09\/endlich-sicherheit-mit-perspektive-pressemitteilung.jpg","articleSection":["Pressemitteilung"],"inLanguage":"sl-SI"},{"@type":"WebPage","@id":"https:\/\/gradido.net\/tr\/endlich-sicherheit-mit-perspektive\/","url":"https:\/\/gradido.net\/tr\/endlich-sicherheit-mit-perspektive\/","name":"Kon\u010dno varnost s perspektivo - Gradido","isPartOf":{"@id":"https:\/\/gradido.net\/de\/#website"},"primaryImageOfPage":{"@id":"https:\/\/gradido.net\/tr\/endlich-sicherheit-mit-perspektive\/#primaryimage"},"image":{"@id":"https:\/\/gradido.net\/tr\/endlich-sicherheit-mit-perspektive\/#primaryimage"},"thumbnailUrl":"https:\/\/gradido.net\/wp-content\/uploads\/2020\/09\/endlich-sicherheit-mit-perspektive-pressemitteilung.jpg","datePublished":"2020-09-30T21:01:23+00:00","dateModified":"2021-12-11T08:20:17+00:00","breadcrumb":{"@id":"https:\/\/gradido.net\/tr\/endlich-sicherheit-mit-perspektive\/#breadcrumb"},"inLanguage":"sl-SI","potentialAction":[{"@type":"ReadAction","target":["https:\/\/gradido.net\/tr\/endlich-sicherheit-mit-perspektive\/"]}]},{"@type":"ImageObject","inLanguage":"sl-SI","@id":"https:\/\/gradido.net\/tr\/endlich-sicherheit-mit-perspektive\/#primaryimage","url":"https:\/\/gradido.net\/wp-content\/uploads\/2020\/09\/endlich-sicherheit-mit-perspektive-pressemitteilung.jpg","contentUrl":"https:\/\/gradido.net\/wp-content\/uploads\/2020\/09\/endlich-sicherheit-mit-perspektive-pressemitteilung.jpg","width":1000,"height":667},{"@type":"BreadcrumbList","@id":"https:\/\/gradido.net\/tr\/endlich-sicherheit-mit-perspektive\/#breadcrumb","itemListElement":[{"@type":"ListItem","position":1,"name":"Startseite","item":"https:\/\/gradido.net\/"},{"@type":"ListItem","position":2,"name":"Endlich Sicherheit mit Perspektive"}]},{"@type":"WebSite","@id":"https:\/\/gradido.net\/de\/#website","url":"https:\/\/gradido.net\/de\/","name":"Gradido","description":"Nova valuta je hvale\u017enost","publisher":{"@id":"https:\/\/gradido.net\/de\/#organization"},"potentialAction":[{"@type":"SearchAction","target":{"@type":"EntryPoint","urlTemplate":"https:\/\/gradido.net\/de\/?s={search_term_string}"},"query-input":{"@type":"PropertyValueSpecification","valueRequired":true,"valueName":"search_term_string"}}],"inLanguage":"sl-SI"},{"@type":"Organization","@id":"https:\/\/gradido.net\/de\/#organization","name":"Gradido","url":"https:\/\/gradido.net\/de\/","logo":{"@type":"ImageObject","inLanguage":"sl-SI","@id":"https:\/\/gradido.net\/de\/#\/schema\/logo\/image\/","url":"https:\/\/gradido.net\/wp-content\/uploads\/2022\/04\/gradido-social.jpg","contentUrl":"https:\/\/gradido.net\/wp-content\/uploads\/2022\/04\/gradido-social.jpg","width":527,"height":273,"caption":"Gradido"},"image":{"@id":"https:\/\/gradido.net\/de\/#\/schema\/logo\/image\/"}},{"@type":"Person","@id":"https:\/\/gradido.net\/de\/#\/schema\/person\/9f913f37a47e7a82ad686b58fc907588","name":"GR4dmin","sameAs":["https:\/\/gradido.net"],"url":"https:\/\/gradido.net\/sl\/author\/gr4dmin\/"}]}},"_links":{"self":[{"href":"https:\/\/gradido.net\/sl\/wp-json\/wp\/v2\/posts\/910","targetHints":{"allow":["GET"]}}],"collection":[{"href":"https:\/\/gradido.net\/sl\/wp-json\/wp\/v2\/posts"}],"about":[{"href":"https:\/\/gradido.net\/sl\/wp-json\/wp\/v2\/types\/post"}],"author":[{"embeddable":true,"href":"https:\/\/gradido.net\/sl\/wp-json\/wp\/v2\/users\/1"}],"replies":[{"embeddable":true,"href":"https:\/\/gradido.net\/sl\/wp-json\/wp\/v2\/comments?post=910"}],"version-history":[{"count":8,"href":"https:\/\/gradido.net\/sl\/wp-json\/wp\/v2\/posts\/910\/revisions"}],"predecessor-version":[{"id":3733,"href":"https:\/\/gradido.net\/sl\/wp-json\/wp\/v2\/posts\/910\/revisions\/3733"}],"wp:featuredmedia":[{"embeddable":true,"href":"https:\/\/gradido.net\/sl\/wp-json\/wp\/v2\/media\/921"}],"wp:attachment":[{"href":"https:\/\/gradido.net\/sl\/wp-json\/wp\/v2\/media?parent=910"}],"wp:term":[{"taxonomy":"category","embeddable":true,"href":"https:\/\/gradido.net\/sl\/wp-json\/wp\/v2\/categories?post=910"},{"taxonomy":"post_tag","embeddable":true,"href":"https:\/\/gradido.net\/sl\/wp-json\/wp\/v2\/tags?post=910"}],"curies":[{"name":"wp","href":"https:\/\/api.w.org\/{rel}","templated":true}]}}