{"id":9486,"date":"2024-09-02T08:54:09","date_gmt":"2024-09-02T06:54:09","guid":{"rendered":"https:\/\/gradido.net\/?p=9486"},"modified":"2026-04-24T07:56:03","modified_gmt":"2026-04-24T05:56:03","slug":"selbstorganisation-in-organisationen-der-neuen-zeit","status":"publish","type":"post","link":"https:\/\/gradido.net\/sl\/selbstorganisation-in-organisationen-der-neuen-zeit\/","title":{"rendered":"Samoorganizacija v organizacijah nove dobe"},"content":{"rendered":"<div data-elementor-type=\"wp-post\" data-elementor-id=\"9486\" class=\"elementor elementor-9486\" data-elementor-post-type=\"post\">\n\t\t\t\t\t\t<section class=\"elementor-section elementor-top-section elementor-element elementor-element-496e1d53 elementor-section-boxed elementor-section-height-default elementor-section-height-default\" data-id=\"496e1d53\" data-element_type=\"section\" data-e-type=\"section\">\n\t\t\t\t\t\t<div class=\"elementor-container elementor-column-gap-default\">\n\t\t\t\t\t<div class=\"elementor-column elementor-col-100 elementor-top-column elementor-element elementor-element-461d7be0\" data-id=\"461d7be0\" data-element_type=\"column\" data-e-type=\"column\">\n\t\t\t<div class=\"elementor-widget-wrap elementor-element-populated\">\n\t\t\t\t\t\t<div class=\"elementor-element elementor-element-cd9ebe2 elementor-widget elementor-widget-text-editor\" data-id=\"cd9ebe2\" data-element_type=\"widget\" data-e-type=\"widget\" data-widget_type=\"text-editor.default\">\n\t\t\t\t<div class=\"elementor-widget-container\">\n\t\t\t\t\t\t\t\t\t<p style=\"text-align: right;\"><em>\"Ljudje smo edina vrsta na tem planetu, ki verjame, da so velike organizacije uspe\u0161ne le s hierarhijo in nadzorom. Toda narava nam ka\u017ee, da ta trditev nima nikakr\u0161ne osnove.\"<\/em><\/p><p style=\"text-align: right;\"><em>- Evert Bleijenberg, ustanovitelj organizacije SWARM<\/em><\/p><p>Dragi bralec,<\/p><p>\u0160tevilne ekipe, organizacije, pobude in skupnosti za\u010dnejo z navdu\u0161enjem in \u0161tevilnimi idejami za \"dober namen\". Potem pa: neskon\u010dne, utrujajo\u010de razprave, odkriti ali podzavestni boji za oblast, veliko govorjenja, a ni\u010d ukrepanja - razo\u010daranje, jeza in razo\u010daranje... Zakaj je tako? In kaj lahko storimo, da bi to prepre\u010dili?<\/p><h3>Doba hierarhi\u010dnih organizacij se je kon\u010dala<\/h3><p>Vsi smo navajeni \"delovati\" v hierarhi\u010dnih strukturah. \u017de kot otroci - najpozneje v \u0161oli - se nau\u010dimo, da je svet hierarhi\u010den. Te izku\u0161nje oblikujejo na\u0161 na\u010din razmi\u0161ljanja, \u010dustvovanja in vedenja: To so strah pred avtoriteto, postavljanje lastnih potreb na stranski tir, skrajno prilagajanje, merjenje z drugimi ali \u017eelja po uveljavljanju in izkori\u0161\u010danju drugih. Vse to nam je privzgojeno in ni v na\u0161i naravi.<\/p><p><strong>Zato imajo ljudje v \"novi dobi\" mo\u010dno \u017eeljo, da bi se sre\u010devali na ravni o\u010di, se organizirali in to \u010dim bolj brez hierarhije.<\/strong><\/p><h3>Kaj pa je druga mo\u017enost?<\/h3><ul><li>Kako deluje samoorganizacija<\/li><li>Kateri vzorniki \u017ee obstajajo?<\/li><li>Kako lahko pridemo do tja?<\/li><li>Kdo ali kaj nam pomaga?<\/li><\/ul><p>.<\/p><p>Christiane L\u00fcpken se zavzema za dru\u017ebo 4.0 in ustrezne nehierarhi\u010dne oblike samoorganizacije. Je \u010dlanica na\u0161ega kroga vizije. V svojem <a href=\"https:\/\/www.christiane-luepken.com\/swarm-vortrag\" target=\"_blank\" rel=\"noopener\">Spletno impulzivno predavanje<\/a>\u00a0Christiane predstavlja model, ki kot notranji \"operacijski sistem\" v organizacijah in pobudah vseh vrst ustvarja prostor za ustvarjalnost, povezanost, u\u010dinkovitost in navdu\u0161enje.<\/p><p><img fetchpriority=\"high\" decoding=\"async\" class=\"alignnone wp-image-9290 size-medium\" src=\"https:\/\/gradido.net\/wp-content\/uploads\/2024\/08\/Bildschirmfoto-2024-08-26-um-14.01.45-300x300.png\" alt=\"\" width=\"300\" height=\"300\" srcset=\"https:\/\/gradido.net\/wp-content\/uploads\/2024\/08\/Bildschirmfoto-2024-08-26-um-14.01.45-300x300.png 300w, https:\/\/gradido.net\/wp-content\/uploads\/2024\/08\/Bildschirmfoto-2024-08-26-um-14.01.45-150x150.png 150w, https:\/\/gradido.net\/wp-content\/uploads\/2024\/08\/Bildschirmfoto-2024-08-26-um-14.01.45-768x768.png 768w, https:\/\/gradido.net\/wp-content\/uploads\/2024\/08\/Bildschirmfoto-2024-08-26-um-14.01.45-12x12.png 12w, https:\/\/gradido.net\/wp-content\/uploads\/2024\/08\/Bildschirmfoto-2024-08-26-um-14.01.45.png 902w\" sizes=\"(max-width: 300px) 100vw, 300px\" \/><\/p><p>Naslednji datum spletnega predavanja:<br \/><strong>Sreda, 04.09.2024 ob 19.00<\/strong><br \/>Nadaljnji datumi bodo sledili<\/p><p><a href=\"https:\/\/www.christiane-luepken.com\/swarm-vortrag\" target=\"_blank\" rel=\"noopener\">Kliknite tukaj za prijavo<\/a><\/p><h4>Zahvaljujemo se vam z Gradido:<\/h4><p>V prijavnici za predavanje Christiane izrecno omenja, da je mogo\u010de prispevati tudi v obliki Gradida. V prijavnem obrazcu izberite \"drugo\" in svoj prispevek v Gradidu po\u0161ljite na ra\u010dun Gradido\u00a0 <a href=\"https:\/\/gdd.gradido.net\/send\/Gradido-Akademie\/ChristianeLu\" target=\"_blank\" rel=\"noopener\">Christiane L\u00fcpken\u00a0<\/a><br \/><br \/><\/p><p>Oba sva predavanje \u017ee sli\u0161ala in vam ga lahko samo toplo priporo\u010dava.<\/p>\t\t\t\t\t\t\t\t<\/div>\n\t\t\t\t<\/div>\n\t\t\t\t<div class=\"elementor-element elementor-element-d74dfa0 elementor-widget elementor-widget-text-editor\" data-id=\"d74dfa0\" data-element_type=\"widget\" data-e-type=\"widget\" data-widget_type=\"text-editor.default\">\n\t\t\t\t<div class=\"elementor-widget-container\">\n\t\t\t\t\t\t\t\t\t<div data-pm-slice=\"1 1 []\" data-en-clipboard=\"true\"><p>Lep pozdrav<\/p><\/div><p>Va\u0161<\/p><p><img decoding=\"async\" class=\"alignnone wp-image-4614 size-medium\" src=\"https:\/\/gradido.net\/wp-content\/uploads\/2022\/06\/MargretBernd_2022-300x74.png\" alt=\"\" width=\"300\" height=\"74\" srcset=\"https:\/\/gradido.net\/wp-content\/uploads\/2022\/06\/MargretBernd_2022-300x74.png 300w, https:\/\/gradido.net\/wp-content\/uploads\/2022\/06\/MargretBernd_2022-18x4.png 18w, https:\/\/gradido.net\/wp-content\/uploads\/2022\/06\/MargretBernd_2022.png 431w\" sizes=\"(max-width: 300px) 100vw, 300px\" \/><\/p><p>Margret Baier in Bernd H\u00fcckst\u00e4dt<br \/>Ustanovitelj in razvijalec Gradida<\/p>\t\t\t\t\t\t\t\t<\/div>\n\t\t\t\t<\/div>\n\t\t\t\t\t<\/div>\n\t\t<\/div>\n\t\t\t\t\t<\/div>\n\t\t<\/section>\n\t\t\t\t<section class=\"elementor-section elementor-top-section elementor-element elementor-element-14532fe elementor-section-boxed elementor-section-height-default elementor-section-height-default\" data-id=\"14532fe\" data-element_type=\"section\" data-e-type=\"section\">\n\t\t\t\t\t\t<div class=\"elementor-container elementor-column-gap-default\">\n\t\t\t\t\t<div class=\"elementor-column elementor-col-100 elementor-top-column elementor-element elementor-element-65d2298\" data-id=\"65d2298\" data-element_type=\"column\" data-e-type=\"column\">\n\t\t\t<div class=\"elementor-widget-wrap elementor-element-populated\">\n\t\t\t\t\t\t<div class=\"elementor-element elementor-element-bea124f elementor-widget elementor-widget-global elementor-global-9341 elementor-widget-text-editor\" data-id=\"bea124f\" data-element_type=\"widget\" data-e-type=\"widget\" data-widget_type=\"text-editor.default\">\n\t\t\t\t<div class=\"elementor-widget-container\">\n\t\t\t\t\t\t\t\t\t<p><strong>PS:\u00a0<span style=\"color: #ff6600;\"><a style=\"color: #ff6600;\" href=\"https:\/\/gradido.net\/sl\/donations\/\">Zaradi vedno ve\u010djega pomena Gradida bomo 26. junija 2026 ponovili akcijo zahvale:<\/a>\u00a0<\/span><span style=\"color: #0000ff;\"><a style=\"color: #0000ff;\" href=\"https:\/\/gradido.net\/sl\/donations\/\">Poleg ve\u010dkratnega GradidoTransform za va\u0161 sponzorski prispevek bomo 26.6.2016 pove\u010dali stanje vseh ra\u010dunov GDT za 26%. Sponzorirajte zdaj in u\u017eivajte v ve\u010dkratnem znesku GDT!<\/a><\/span><\/strong><\/p>\t\t\t\t\t\t\t\t<\/div>\n\t\t\t\t<\/div>\n\t\t\t\t\t<\/div>\n\t\t<\/div>\n\t\t\t\t\t<\/div>\n\t\t<\/section>\n\t\t\t\t<section class=\"elementor-section elementor-top-section elementor-element elementor-element-29dfc07 elementor-section-boxed elementor-section-height-default elementor-section-height-default\" data-id=\"29dfc07\" data-element_type=\"section\" data-e-type=\"section\">\n\t\t\t\t\t\t<div class=\"elementor-container elementor-column-gap-default\">\n\t\t\t\t\t<div class=\"elementor-column elementor-col-100 elementor-top-column elementor-element elementor-element-d37ec5a\" data-id=\"d37ec5a\" data-element_type=\"column\" data-e-type=\"column\">\n\t\t\t<div class=\"elementor-widget-wrap\">\n\t\t\t\t\t\t\t<\/div>\n\t\t<\/div>\n\t\t\t\t\t<\/div>\n\t\t<\/section>\n\t\t\t\t<\/div>","protected":false},"excerpt":{"rendered":"<p>Doba hierarhi\u010dnih organizacij se je kon\u010dala. Ljudje v \"novi dobi\" si mo\u010dno \u017eelijo, da bi se sre\u010dali z drugimi na ravni o\u010di, se organizirali in to po mo\u017enosti brez hierarhije.<\/p>","protected":false},"author":2,"featured_media":9487,"comment_status":"closed","ping_status":"closed","sticky":false,"template":"","format":"standard","meta":{"footnotes":""},"categories":[11,54],"tags":[],"class_list":["post-9486","post","type-post","status-publish","format-standard","has-post-thumbnail","hentry","category-blog","category-community"],"yoast_head":"<!-- This site is optimized with the Yoast SEO plugin v27.5 - https:\/\/yoast.com\/product\/yoast-seo-wordpress\/ -->\n<title>Selbstorganisation in Organisationen der neuen Zeit - Gradido<\/title>\n<meta name=\"description\" content=\"Das Zeitalter hierarchischer Organisationen ist vorbei. Menschen der \u201eneuen Zeit\u201c haben den starken Wunsch, einander auf Augenh\u00f6he zu begegnen, sich selbst zu organisieren und dabei m\u00f6glichst ohne Hierarchien auszukommen.\" \/>\n<meta name=\"robots\" content=\"index, follow, max-snippet:-1, max-image-preview:large, max-video-preview:-1\" \/>\n<link rel=\"canonical\" href=\"https:\/\/gradido.net\/sl\/selbstorganisation-in-organisationen-der-neuen-zeit\/\" \/>\n<meta property=\"og:locale\" content=\"sl_SI\" \/>\n<meta property=\"og:type\" content=\"article\" \/>\n<meta property=\"og:title\" content=\"Selbstorganisation in Organisationen der neuen Zeit - Gradido\" \/>\n<meta property=\"og:description\" content=\"Das Zeitalter hierarchischer Organisationen ist vorbei. Menschen der \u201eneuen Zeit\u201c haben den starken Wunsch, einander auf Augenh\u00f6he zu begegnen, sich selbst zu organisieren und dabei m\u00f6glichst ohne Hierarchien auszukommen.\" \/>\n<meta property=\"og:url\" content=\"https:\/\/gradido.net\/sl\/selbstorganisation-in-organisationen-der-neuen-zeit\/\" \/>\n<meta property=\"og:site_name\" content=\"Gradido\" \/>\n<meta property=\"article:published_time\" content=\"2024-09-02T06:54:09+00:00\" \/>\n<meta property=\"article:modified_time\" content=\"2026-04-24T05:56:03+00:00\" \/>\n<meta property=\"og:image\" content=\"https:\/\/gradido.net\/wp-content\/uploads\/2024\/09\/SWARM.jpg\" \/>\n\t<meta property=\"og:image:width\" content=\"1200\" \/>\n\t<meta property=\"og:image:height\" content=\"600\" \/>\n\t<meta property=\"og:image:type\" content=\"image\/jpeg\" \/>\n<meta name=\"author\" content=\"Bernd H\u00fcckst\u00e4dt\" \/>\n<meta name=\"twitter:card\" content=\"summary_large_image\" \/>\n<meta name=\"twitter:label1\" content=\"Written by\" \/>\n\t<meta name=\"twitter:data1\" content=\"Bernd H\u00fcckst\u00e4dt\" \/>\n\t<meta name=\"twitter:label2\" content=\"Est. reading time\" \/>\n\t<meta name=\"twitter:data2\" content=\"3 minute\" \/>\n<script type=\"application\/ld+json\" class=\"yoast-schema-graph\">{\"@context\":\"https:\\\/\\\/schema.org\",\"@graph\":[{\"@type\":\"Article\",\"@id\":\"https:\\\/\\\/gradido.net\\\/selbstorganisation-in-organisationen-der-neuen-zeit\\\/#article\",\"isPartOf\":{\"@id\":\"https:\\\/\\\/gradido.net\\\/selbstorganisation-in-organisationen-der-neuen-zeit\\\/\"},\"author\":{\"name\":\"Bernd H\u00fcckst\u00e4dt\",\"@id\":\"https:\\\/\\\/gradido.net\\\/de\\\/#\\\/schema\\\/person\\\/9c503a004ad15a1ddecadce2218db5d1\"},\"headline\":\"Selbstorganisation in Organisationen der neuen Zeit\",\"datePublished\":\"2024-09-02T06:54:09+00:00\",\"dateModified\":\"2026-04-24T05:56:03+00:00\",\"mainEntityOfPage\":{\"@id\":\"https:\\\/\\\/gradido.net\\\/selbstorganisation-in-organisationen-der-neuen-zeit\\\/\"},\"wordCount\":438,\"publisher\":{\"@id\":\"https:\\\/\\\/gradido.net\\\/de\\\/#organization\"},\"image\":{\"@id\":\"https:\\\/\\\/gradido.net\\\/selbstorganisation-in-organisationen-der-neuen-zeit\\\/#primaryimage\"},\"thumbnailUrl\":\"https:\\\/\\\/gradido.net\\\/wp-content\\\/uploads\\\/2024\\\/09\\\/SWARM.jpg\",\"articleSection\":[\"Blog\",\"Community\"],\"inLanguage\":\"sl-SI\"},{\"@type\":\"WebPage\",\"@id\":\"https:\\\/\\\/gradido.net\\\/selbstorganisation-in-organisationen-der-neuen-zeit\\\/\",\"url\":\"https:\\\/\\\/gradido.net\\\/selbstorganisation-in-organisationen-der-neuen-zeit\\\/\",\"name\":\"Selbstorganisation in Organisationen der neuen Zeit - Gradido\",\"isPartOf\":{\"@id\":\"https:\\\/\\\/gradido.net\\\/de\\\/#website\"},\"primaryImageOfPage\":{\"@id\":\"https:\\\/\\\/gradido.net\\\/selbstorganisation-in-organisationen-der-neuen-zeit\\\/#primaryimage\"},\"image\":{\"@id\":\"https:\\\/\\\/gradido.net\\\/selbstorganisation-in-organisationen-der-neuen-zeit\\\/#primaryimage\"},\"thumbnailUrl\":\"https:\\\/\\\/gradido.net\\\/wp-content\\\/uploads\\\/2024\\\/09\\\/SWARM.jpg\",\"datePublished\":\"2024-09-02T06:54:09+00:00\",\"dateModified\":\"2026-04-24T05:56:03+00:00\",\"description\":\"Das Zeitalter hierarchischer Organisationen ist vorbei. Menschen der \u201eneuen Zeit\u201c haben den starken Wunsch, einander auf Augenh\u00f6he zu begegnen, sich selbst zu organisieren und dabei m\u00f6glichst ohne Hierarchien auszukommen.\",\"breadcrumb\":{\"@id\":\"https:\\\/\\\/gradido.net\\\/selbstorganisation-in-organisationen-der-neuen-zeit\\\/#breadcrumb\"},\"inLanguage\":\"sl-SI\",\"potentialAction\":[{\"@type\":\"ReadAction\",\"target\":[\"https:\\\/\\\/gradido.net\\\/selbstorganisation-in-organisationen-der-neuen-zeit\\\/\"]}]},{\"@type\":\"ImageObject\",\"inLanguage\":\"sl-SI\",\"@id\":\"https:\\\/\\\/gradido.net\\\/selbstorganisation-in-organisationen-der-neuen-zeit\\\/#primaryimage\",\"url\":\"https:\\\/\\\/gradido.net\\\/wp-content\\\/uploads\\\/2024\\\/09\\\/SWARM.jpg\",\"contentUrl\":\"https:\\\/\\\/gradido.net\\\/wp-content\\\/uploads\\\/2024\\\/09\\\/SWARM.jpg\",\"width\":1200,\"height\":600},{\"@type\":\"BreadcrumbList\",\"@id\":\"https:\\\/\\\/gradido.net\\\/selbstorganisation-in-organisationen-der-neuen-zeit\\\/#breadcrumb\",\"itemListElement\":[{\"@type\":\"ListItem\",\"position\":1,\"name\":\"Startseite\",\"item\":\"https:\\\/\\\/gradido.net\\\/\"},{\"@type\":\"ListItem\",\"position\":2,\"name\":\"Selbstorganisation in Organisationen der neuen Zeit\"}]},{\"@type\":\"WebSite\",\"@id\":\"https:\\\/\\\/gradido.net\\\/de\\\/#website\",\"url\":\"https:\\\/\\\/gradido.net\\\/de\\\/\",\"name\":\"Gradido\",\"description\":\"Die neue W\u00e4hrung hei\u00dft Dankbarkeit\",\"publisher\":{\"@id\":\"https:\\\/\\\/gradido.net\\\/de\\\/#organization\"},\"potentialAction\":[{\"@type\":\"SearchAction\",\"target\":{\"@type\":\"EntryPoint\",\"urlTemplate\":\"https:\\\/\\\/gradido.net\\\/de\\\/?s={search_term_string}\"},\"query-input\":{\"@type\":\"PropertyValueSpecification\",\"valueRequired\":true,\"valueName\":\"search_term_string\"}}],\"inLanguage\":\"sl-SI\"},{\"@type\":\"Organization\",\"@id\":\"https:\\\/\\\/gradido.net\\\/de\\\/#organization\",\"name\":\"Gradido\",\"url\":\"https:\\\/\\\/gradido.net\\\/de\\\/\",\"logo\":{\"@type\":\"ImageObject\",\"inLanguage\":\"sl-SI\",\"@id\":\"https:\\\/\\\/gradido.net\\\/de\\\/#\\\/schema\\\/logo\\\/image\\\/\",\"url\":\"https:\\\/\\\/gradido.net\\\/wp-content\\\/uploads\\\/2022\\\/04\\\/gradido-social.jpg\",\"contentUrl\":\"https:\\\/\\\/gradido.net\\\/wp-content\\\/uploads\\\/2022\\\/04\\\/gradido-social.jpg\",\"width\":527,\"height\":273,\"caption\":\"Gradido\"},\"image\":{\"@id\":\"https:\\\/\\\/gradido.net\\\/de\\\/#\\\/schema\\\/logo\\\/image\\\/\"}},{\"@type\":\"Person\",\"@id\":\"https:\\\/\\\/gradido.net\\\/de\\\/#\\\/schema\\\/person\\\/9c503a004ad15a1ddecadce2218db5d1\",\"name\":\"Bernd H\u00fcckst\u00e4dt\",\"sameAs\":[\"https:\\\/\\\/gradido.net\"],\"url\":\"https:\\\/\\\/gradido.net\\\/sl\\\/author\\\/bernd\\\/\"}]}<\/script>\n<!-- \/ Yoast SEO plugin. -->","yoast_head_json":{"title":"Samoorganizacija v organizacijah nove dobe - Gradido","description":"Doba hierarhi\u010dnih organizacij se je kon\u010dala. Ljudje v \"novi dobi\" si mo\u010dno \u017eelijo, da bi se sre\u010dali na ravni o\u010di, se organizirali in to po mo\u017enosti brez hierarhije.","robots":{"index":"index","follow":"follow","max-snippet":"max-snippet:-1","max-image-preview":"max-image-preview:large","max-video-preview":"max-video-preview:-1"},"canonical":"https:\/\/gradido.net\/sl\/selbstorganisation-in-organisationen-der-neuen-zeit\/","og_locale":"sl_SI","og_type":"article","og_title":"Selbstorganisation in Organisationen der neuen Zeit - Gradido","og_description":"Das Zeitalter hierarchischer Organisationen ist vorbei. Menschen der \u201eneuen Zeit\u201c haben den starken Wunsch, einander auf Augenh\u00f6he zu begegnen, sich selbst zu organisieren und dabei m\u00f6glichst ohne Hierarchien auszukommen.","og_url":"https:\/\/gradido.net\/sl\/selbstorganisation-in-organisationen-der-neuen-zeit\/","og_site_name":"Gradido","article_published_time":"2024-09-02T06:54:09+00:00","article_modified_time":"2026-04-24T05:56:03+00:00","og_image":[{"width":1200,"height":600,"url":"https:\/\/gradido.net\/wp-content\/uploads\/2024\/09\/SWARM.jpg","type":"image\/jpeg"}],"author":"Bernd H\u00fcckst\u00e4dt","twitter_card":"summary_large_image","twitter_misc":{"Written by":"Bernd H\u00fcckst\u00e4dt","Est. reading time":"3 minute"},"schema":{"@context":"https:\/\/schema.org","@graph":[{"@type":"Article","@id":"https:\/\/gradido.net\/selbstorganisation-in-organisationen-der-neuen-zeit\/#article","isPartOf":{"@id":"https:\/\/gradido.net\/selbstorganisation-in-organisationen-der-neuen-zeit\/"},"author":{"name":"Bernd H\u00fcckst\u00e4dt","@id":"https:\/\/gradido.net\/de\/#\/schema\/person\/9c503a004ad15a1ddecadce2218db5d1"},"headline":"Selbstorganisation in Organisationen der neuen Zeit","datePublished":"2024-09-02T06:54:09+00:00","dateModified":"2026-04-24T05:56:03+00:00","mainEntityOfPage":{"@id":"https:\/\/gradido.net\/selbstorganisation-in-organisationen-der-neuen-zeit\/"},"wordCount":438,"publisher":{"@id":"https:\/\/gradido.net\/de\/#organization"},"image":{"@id":"https:\/\/gradido.net\/selbstorganisation-in-organisationen-der-neuen-zeit\/#primaryimage"},"thumbnailUrl":"https:\/\/gradido.net\/wp-content\/uploads\/2024\/09\/SWARM.jpg","articleSection":["Blog","Community"],"inLanguage":"sl-SI"},{"@type":"WebPage","@id":"https:\/\/gradido.net\/selbstorganisation-in-organisationen-der-neuen-zeit\/","url":"https:\/\/gradido.net\/selbstorganisation-in-organisationen-der-neuen-zeit\/","name":"Samoorganizacija v organizacijah nove dobe - Gradido","isPartOf":{"@id":"https:\/\/gradido.net\/de\/#website"},"primaryImageOfPage":{"@id":"https:\/\/gradido.net\/selbstorganisation-in-organisationen-der-neuen-zeit\/#primaryimage"},"image":{"@id":"https:\/\/gradido.net\/selbstorganisation-in-organisationen-der-neuen-zeit\/#primaryimage"},"thumbnailUrl":"https:\/\/gradido.net\/wp-content\/uploads\/2024\/09\/SWARM.jpg","datePublished":"2024-09-02T06:54:09+00:00","dateModified":"2026-04-24T05:56:03+00:00","description":"Doba hierarhi\u010dnih organizacij se je kon\u010dala. Ljudje v \"novi dobi\" si mo\u010dno \u017eelijo, da bi se sre\u010dali na ravni o\u010di, se organizirali in to po mo\u017enosti brez hierarhije.","breadcrumb":{"@id":"https:\/\/gradido.net\/selbstorganisation-in-organisationen-der-neuen-zeit\/#breadcrumb"},"inLanguage":"sl-SI","potentialAction":[{"@type":"ReadAction","target":["https:\/\/gradido.net\/selbstorganisation-in-organisationen-der-neuen-zeit\/"]}]},{"@type":"ImageObject","inLanguage":"sl-SI","@id":"https:\/\/gradido.net\/selbstorganisation-in-organisationen-der-neuen-zeit\/#primaryimage","url":"https:\/\/gradido.net\/wp-content\/uploads\/2024\/09\/SWARM.jpg","contentUrl":"https:\/\/gradido.net\/wp-content\/uploads\/2024\/09\/SWARM.jpg","width":1200,"height":600},{"@type":"BreadcrumbList","@id":"https:\/\/gradido.net\/selbstorganisation-in-organisationen-der-neuen-zeit\/#breadcrumb","itemListElement":[{"@type":"ListItem","position":1,"name":"Startseite","item":"https:\/\/gradido.net\/"},{"@type":"ListItem","position":2,"name":"Selbstorganisation in Organisationen der neuen Zeit"}]},{"@type":"WebSite","@id":"https:\/\/gradido.net\/de\/#website","url":"https:\/\/gradido.net\/de\/","name":"Gradido","description":"Nova valuta je hvale\u017enost","publisher":{"@id":"https:\/\/gradido.net\/de\/#organization"},"potentialAction":[{"@type":"SearchAction","target":{"@type":"EntryPoint","urlTemplate":"https:\/\/gradido.net\/de\/?s={search_term_string}"},"query-input":{"@type":"PropertyValueSpecification","valueRequired":true,"valueName":"search_term_string"}}],"inLanguage":"sl-SI"},{"@type":"Organization","@id":"https:\/\/gradido.net\/de\/#organization","name":"Gradido","url":"https:\/\/gradido.net\/de\/","logo":{"@type":"ImageObject","inLanguage":"sl-SI","@id":"https:\/\/gradido.net\/de\/#\/schema\/logo\/image\/","url":"https:\/\/gradido.net\/wp-content\/uploads\/2022\/04\/gradido-social.jpg","contentUrl":"https:\/\/gradido.net\/wp-content\/uploads\/2022\/04\/gradido-social.jpg","width":527,"height":273,"caption":"Gradido"},"image":{"@id":"https:\/\/gradido.net\/de\/#\/schema\/logo\/image\/"}},{"@type":"Person","@id":"https:\/\/gradido.net\/de\/#\/schema\/person\/9c503a004ad15a1ddecadce2218db5d1","name":"Bernd H\u00fcckst\u00e4dt","sameAs":["https:\/\/gradido.net"],"url":"https:\/\/gradido.net\/sl\/author\/bernd\/"}]}},"_links":{"self":[{"href":"https:\/\/gradido.net\/sl\/wp-json\/wp\/v2\/posts\/9486","targetHints":{"allow":["GET"]}}],"collection":[{"href":"https:\/\/gradido.net\/sl\/wp-json\/wp\/v2\/posts"}],"about":[{"href":"https:\/\/gradido.net\/sl\/wp-json\/wp\/v2\/types\/post"}],"author":[{"embeddable":true,"href":"https:\/\/gradido.net\/sl\/wp-json\/wp\/v2\/users\/2"}],"replies":[{"embeddable":true,"href":"https:\/\/gradido.net\/sl\/wp-json\/wp\/v2\/comments?post=9486"}],"version-history":[{"count":17,"href":"https:\/\/gradido.net\/sl\/wp-json\/wp\/v2\/posts\/9486\/revisions"}],"predecessor-version":[{"id":9506,"href":"https:\/\/gradido.net\/sl\/wp-json\/wp\/v2\/posts\/9486\/revisions\/9506"}],"wp:featuredmedia":[{"embeddable":true,"href":"https:\/\/gradido.net\/sl\/wp-json\/wp\/v2\/media\/9487"}],"wp:attachment":[{"href":"https:\/\/gradido.net\/sl\/wp-json\/wp\/v2\/media?parent=9486"}],"wp:term":[{"taxonomy":"category","embeddable":true,"href":"https:\/\/gradido.net\/sl\/wp-json\/wp\/v2\/categories?post=9486"},{"taxonomy":"post_tag","embeddable":true,"href":"https:\/\/gradido.net\/sl\/wp-json\/wp\/v2\/tags?post=9486"}],"curies":[{"name":"wp","href":"https:\/\/api.w.org\/{rel}","templated":true}]}}