{"id":1011,"date":"2020-10-30T11:29:07","date_gmt":"2020-10-30T10:29:07","guid":{"rendered":"https:\/\/gradido.net\/?p=1011"},"modified":"2021-12-11T12:59:49","modified_gmt":"2021-12-11T11:59:49","slug":"gemeinwohlkonzept-trotzt-epidemie-der-einsamkeit","status":"publish","type":"post","link":"https:\/\/gradido.net\/sv\/gemeinwohlkonzept-trotzt-epidemie-der-einsamkeit\/","title":{"rendered":"Konceptet f\u00f6r det gemensamma b\u00e4sta motverkar ensamhetsepidemin"},"content":{"rendered":"<div data-elementor-type=\"wp-post\" data-elementor-id=\"1011\" class=\"elementor elementor-1011\" data-elementor-post-type=\"post\">\n\t\t\t\t\t\t<section class=\"elementor-section elementor-top-section elementor-element elementor-element-496e1d53 elementor-section-boxed elementor-section-height-default elementor-section-height-default\" data-id=\"496e1d53\" data-element_type=\"section\" data-e-type=\"section\">\n\t\t\t\t\t\t<div class=\"elementor-container elementor-column-gap-default\">\n\t\t\t\t\t<div class=\"elementor-column elementor-col-100 elementor-top-column elementor-element elementor-element-461d7be0\" data-id=\"461d7be0\" data-element_type=\"column\" data-e-type=\"column\">\n\t\t\t<div class=\"elementor-widget-wrap elementor-element-populated\">\n\t\t\t\t\t\t<div class=\"elementor-element elementor-element-cd9ebe2 elementor-widget elementor-widget-text-editor\" data-id=\"cd9ebe2\" data-element_type=\"widget\" data-e-type=\"widget\" data-widget_type=\"text-editor.default\">\n\t\t\t\t<div class=\"elementor-widget-container\">\n\t\t\t\t\t\t\t\t\t<h2>Stoppa tsunamin av psykisk oh\u00e4lsa<\/h2><p><b>K\u00fcnzelsau, 30 oktober 2020 - Psykiatriker vid det ber\u00f6mda Harvarduniversitetet \u00e4r oroliga. Som ett resultat av Corona-\u00e5tg\u00e4rderna f\u00f6rv\u00e4ntar de sig en \"v\u00e4rldsomsp\u00e4nnande tsunami av psykiska sjukdomar\". Framtidsforskare f\u00f6rutser en \"epidemi av ensamhet\" som kan g\u00f6ra b\u00e5de unga och gamla m\u00e4nniskor psykiskt sjuka. Experterna vid National Academy of Sciences Leopoldina rekommenderar att man ut\u00f6kar utbudet av behandlingar f\u00f6r att hantera de l\u00e5ngsiktiga psykiska konsekvenserna. Gradido Academy for Economic Bionics har \u00e5 andra sidan en mycket grundl\u00e4ggande strategi f\u00f6r att permanent st\u00e4rka den mentala och fysiska h\u00e4lsan med sitt koncept om det gemensamma b\u00e4sta. Gradido-modellen fr\u00e4mjar en v\u00e4rdig samlevnad som kan ge styrka i krissituationer, st\u00e4rka immunf\u00f6rsvaret - och \u00e4ven uttryckligen integrera \u00e4ldre m\u00e4nniskor i samh\u00e4llet. <\/b><\/p><h4>En v\u00e5g av psykiska sjukdomar rullar in<\/h4><p>Den internationellt erk\u00e4nda psykiatrikern Viktor Patel fr\u00e5n Harvard Medical School varnade vid onlinekonferensen f\u00f6r European Society for Clinical Microbiology and Infectious Diseases f\u00f6r en \"v\u00e4rldsomsp\u00e4nnande tsunami av allvarligt psykiskt lidande\" som ett resultat av f\u00f6reskriven isolering och r\u00e4dsla. Katharina Domschke, psykiater och chef f\u00f6r avdelningen f\u00f6r psykiatri och psykoterapi vid universitetet i Freiburg, som ingick i Leopoldinas Corona-arbetsgrupp, rapporterar ocks\u00e5 att \"alla studier hittills s\u00e4ger att man kan f\u00f6rv\u00e4nta sig en tredje v\u00e5g av psykisk sjukdom\". Enligt de f\u00f6rsta studierna f\u00f6rv\u00e4ntar sig den tyska federala terapeutkammaren och irl\u00e4ndska forskare liknande scenarier.<\/p><h4>Epidemi av ensamhet<\/h4><p>Kontakterna \u00e4r bevisligen en mycket viktig resurs, s\u00e4rskilt f\u00f6r \u00e4ldre m\u00e4nniskor, som strukturerar vardagen och st\u00e4rker b\u00e5de den psykiska och fysiska h\u00e4lsan. Tillh\u00f6righet, m\u00e4nsklig v\u00e4rme och k\u00e4nslan av att vara beh\u00f6vd g\u00f6r m\u00e4nniskor lyckliga. \"Entusiasm \u00e4r g\u00f6dningsmedel f\u00f6r hj\u00e4rnan\", betonar den internationellt erk\u00e4nda neurobiologen Gerald H\u00fcther. Det h\u00e5ller oss i form \u00e4ven p\u00e5 \u00e4ldre dagar, st\u00e4rker v\u00e5rt immunf\u00f6rsvar och g\u00f6r att vi lever l\u00e4ngre. P\u00e5 grund av kontaktbegr\u00e4nsningar lever dock allt fler m\u00e4nniskor ensamma inom sina fyra v\u00e4ggar. \"Antalet m\u00e4nniskor som n\u00e4stan inte har n\u00e5gon m\u00e4nsklig kontakt i en storstad \u00e4r st\u00f6rre \u00e4n man tror\", s\u00e4ger Stefan Deutschmann, chef f\u00f6r avdelningen f\u00f6r r\u00e5dgivning och sj\u00e4lav\u00e5rd vid Diakonisches Werk Hamburg.<\/p><h4>Oro f\u00f6r ensamhet<\/h4><p>Framtidsforskaren Horst Opaschowski fr\u00e5n Hamburg varnar f\u00f6r en verklig \"epidemi av ensamhet\". I en representativ unders\u00f6kning fann han att r\u00e4dslan f\u00f6r ensamhet \u00e4r n\u00e4stan lika utbredd som r\u00e4dslan f\u00f6r fattigdom p\u00e5 \u00e5lderns h\u00f6st. Opaschowski f\u00f6rutsp\u00e5r d\u00e4rf\u00f6r \"att den st\u00f6rsta fattigdomen i \u00e5lderdomen kommer att vara kontaktfattigdom i framtiden. Gr\u00e4nserna f\u00f6r ensamhet, depression och psykisk sjukdom \u00e4r flytande\".<\/p><h4>R\u00e4dsla och isolering<\/h4><p>Den federala psykoterapeutkammaren p\u00e5pekade redan i augusti att \"f\u00f6rutom depressioner och \u00e5ngestst\u00f6rningar kan \u00e4ven akuta och posttraumatiska stressst\u00f6rningar, alkohol- och drogberoende, tv\u00e5ngssyndrom och psykoser \u00f6ka\". Kammarordf\u00f6rande Dietrich Munz ser framf\u00f6r allt \u00e4ldre m\u00e4nniskor som riskerar att drabbas: \"F\u00f6r m\u00e5nga som \u00e4r 75 \u00e5r och \u00e4ldre blir r\u00e4dslan f\u00f6r att drabbas av sjukdomen ofta till d\u00f6ds\u00e5ngest och tillbakadragande i total isolering. I slut\u00e4ndan pl\u00e5gar de sig sj\u00e4lva med f\u00f6rv\u00e4ntningarna p\u00e5 att d\u00f6 ensamma p\u00e5 grund av Corona\". P\u00e5 grund av den fruktade noceboeffekten d\u00f6r m\u00e5nga faktiskt tidigare.<\/p><h4>Gradido-modellen skapar en ny inst\u00e4llning till livet<\/h4><p>Gradido Academy har som m\u00e5l att st\u00e4rka den psykiska och fysiska h\u00e4lsan och g\u00f6ra det m\u00f6jligt f\u00f6r m\u00e4nniskor i alla generationer att leva tillsammans i ett full\u00e4ndat och livligt utbyte. I mer \u00e4n 20 \u00e5r har experter p\u00e5 aff\u00e4rsbionik d\u00e4r forskat om de framg\u00e5ngsmodeller fr\u00e5n naturen som kan \u00f6verf\u00f6ras till det m\u00e4nskliga samh\u00e4llet. Gradido-valutan f\u00f6r det gemensamma b\u00e4sta \u00e4r mycket mer \u00e4n \"bara\" ett nytt monet\u00e4rt system. I motsats till det gamla finansiella systemet, som f\u00f6rst\u00f6r m\u00e4nniskor och natur, f\u00f6ljer Gradido naturens lagar och g\u00f6r det m\u00f6jligt f\u00f6r m\u00e4nniskor i alla \u00e5ldrar att \u00e5terf\u00e5 sin styrka.<\/p><h4>Gradido-modellen<\/h4><p>Ett av de viktigaste resultaten beskrivs av Bernd H\u00fcckst\u00e4dt, medgrundare av akademin, p\u00e5 f\u00f6ljande s\u00e4tt: \"I det gamla finansiella systemet, d\u00e4r den enes kredit oundvikligen \u00e4r andras skuld, befinner vi oss i krig med m\u00e4nniskan och naturen. En fruktbar samexistens mellan alla generationer kan dock bara fungera i harmoni med naturen\". Gradidos ekonomiska och finansiella modell tar d\u00e4rf\u00f6r farv\u00e4l av principen om skuldpengar och skapar d\u00e4rmed en sund grund f\u00f6r ett v\u00e4rdigt liv f\u00f6r alla m\u00e4nniskor i hela v\u00e4rlden. \"M\u00e4nniskor kan bidra till samh\u00e4llet med sina b\u00f6jelser och f\u00f6rm\u00e5gor, utan existentiell r\u00e4dsla. Det skapar livsgl\u00e4dje, stabiliserar psyket och st\u00e4rker immunf\u00f6rsvaret\", avslutar H\u00fcckst\u00e4dt.<\/p><h4>Tredubbel v\u00e4lf\u00e4rd och tredubbelt skapande av pengar<\/h4><p>Gradidos etiska grundprincip bygger p\u00e5 att harmonisera individens v\u00e4lbefinnande med samh\u00e4llets och den st\u00f6rre helhetens v\u00e4lbefinnande - i betydelsen natur och milj\u00f6. Individen \u00e4r en del av samh\u00e4llet, staten, som i sin tur \u00e4r en del av den \"stora bilden\", ekosystemet. F\u00f6ljaktligen dras 3 \u00d7 1 000 gradido per capita. 1 000 Gradido vardera f\u00f6r den aktiva basinkomsten, f\u00f6r statsbudgeten och f\u00f6r utj\u00e4mnings- och milj\u00f6fonden.<\/p><h4>Aktiv basinkomst garanterar f\u00f6rs\u00f6rjning i alla \u00e5ldrar<\/h4><p>Den aktiva basinkomsten har sitt ursprung i id\u00e9n om ovillkorligt deltagande. Alla som vill anv\u00e4nda sig av den kan bidra till samh\u00e4llet i alla \u00e5ldrar med sina talanger, b\u00f6jelser och m\u00f6jligheter. Varje person f\u00e5r 1 000 Gradido (GDD) i den gemensamma valutan varje m\u00e5nad som en basinkomst. En Gradido motsvarar v\u00e4rdet av en euro. H\u00f6gst 50 timmar per m\u00e5nad ers\u00e4tts med 20 GDD per timme. Denna summa \u00e4r t\u00e4nkt som ett grundbelopp ut\u00f6ver andra inkomstk\u00e4llor. Ett flexibelt pensionssystem g\u00f6r det m\u00f6jligt att h\u00f6ja basinkomsten till 2 000 GDD per m\u00e5nad. P\u00e5 s\u00e5 s\u00e4tt kan \u00e4ven \u00e4ldre m\u00e4nniskor slippa existentiell \u00e5ngest.<\/p><h4>Villkorsl\u00f6st deltagande skapar en levande gemenskap<\/h4><p>Varje person f\u00e5r ta p\u00e5 sig en uppgift som han eller hon tycker om att g\u00f6ra f\u00f6r den aktiva basinkomsten. Utan existentiell r\u00e4dsla kan var och en g\u00f6ra det han eller hon vill g\u00f6ra fr\u00e5n hj\u00e4rtat - med andra ord f\u00f6lja sin inre kallelse. Den entusiasm som uppst\u00e5r p\u00e5 detta s\u00e4tt \u00e4r den b\u00e4sta f\u00f6ruts\u00e4ttningen f\u00f6r att lyckas p\u00e5 alla niv\u00e5er. En stor del av de stressrelaterade sjukdomarna kan elimineras genom detta. M\u00f6jligheten att vara en aktiv och uppskattad del av samh\u00e4llet fram till slutet av livet har ocks\u00e5 en mycket positiv effekt p\u00e5 m\u00e5nga \u00e5lderssjukdomar. Ensamheten borde d\u00e4rmed vara ett minne blott. Redan nu utvecklar unga och gamla m\u00e4nniskor nya - gemensamma - levnadsformer d\u00e4r de b\u00e5da drar nytta av den andres n\u00e4rhet - en v\u00e4lkommen trend som kommer att f\u00f6rst\u00e4rkas ytterligare genom \"villkorsl\u00f6st deltagande\".<\/p><h4>Coaching f\u00f6r kommunikation<\/h4><p>De ekonomiska f\u00f6rdelarna \u00e4r ocks\u00e5 enorma: Med \"aktiv basinkomst\" har samh\u00e4llet det st\u00f6rsta intresset av att fr\u00e4mja varje medlem p\u00e5 b\u00e4sta m\u00f6jliga s\u00e4tt. M\u00e4nniskor som utvecklar sin h\u00f6gsta potential \u00e4r inte bara friskare - de ger ocks\u00e5 st\u00f6rsta m\u00f6jliga nytta f\u00f6r samh\u00e4llet. Alla som tycker om att hj\u00e4lpa andra kan utbilda sig till \"coach f\u00f6r potentialutveckling\" inom ramen f\u00f6r \"villkorsl\u00f6st deltagande\". Han hj\u00e4lper sedan andra att ta reda p\u00e5 vad de verkligen vill g\u00f6ra och undanr\u00f6jer eventuella hinder. Potentiella utvecklingscoacher g\u00f6r det ocks\u00e5 m\u00f6jligt f\u00f6r till exempel \u00e4ldre personer att med l\u00e4mpligt st\u00f6d \u00f6ppna upp den digitala v\u00e4rlden - f\u00f6r att l\u00e4ttare kunna h\u00e5lla kontakten vid framtida kontaktbegr\u00e4nsningar. Positiv sidoeffekt: Gradido Academy h\u00e5ller f\u00f6r n\u00e4rvarande p\u00e5 att utveckla en app som snart kommer att g\u00f6ra det m\u00f6jligt f\u00f6r \u00e4ldre personer att ange vilka uppgifter de utf\u00f6r f\u00f6r samh\u00e4llet. Det kan handla om att l\u00e4sa f\u00f6r barn eller v\u00e4nner, att handla \u00e5t grannen eller att hj\u00e4lpa nykomlingar i yrket att komma ig\u00e5ng. Varje timme som du l\u00e4gger ner bel\u00f6nas med en motsvarande Gradido-kredit - f\u00f6r den goda och h\u00e4lsosamma k\u00e4nslan av att vara beh\u00f6vd och uppskattad.<\/p><p>N\u00e4rmare uppgifter om hela Gradido-modellen finns p\u00e5 f\u00f6ljande adress <a href=\"https:\/\/gradido.net\/sv\/\">https:\/\/gradido.net<\/a><\/p><p><!-- \/wp:paragraph --><\/p>\t\t\t\t\t\t\t\t<\/div>\n\t\t\t\t<\/div>\n\t\t\t\t<div class=\"elementor-element elementor-element-e9ff241 elementor-widget elementor-widget-text-editor\" data-id=\"e9ff241\" data-element_type=\"widget\" data-e-type=\"widget\" data-widget_type=\"text-editor.default\">\n\t\t\t\t<div class=\"elementor-widget-container\">\n\t\t\t\t\t\t\t\t\t<p><strong>Om Gradido Academy<\/strong><br \/>Gradido Academy for Economic Bionics har utvecklat en alternativ \"gemensam god valuta\" med naturen som f\u00f6rebild. Naturen f\u00f6ljer regeln att det \u00e4r bara n\u00e4r n\u00e5got g\u00e5r bort som n\u00e5got nytt kan uppst\u00e5 och d\u00e4rmed \u00e4r det m\u00f6jligt att \u00e5stadkomma en l\u00e5ngsiktig f\u00f6rb\u00e4ttring (evolution). Dess framg\u00e5ngsrecept \u00e4r \"livets kretslopp\". Om v\u00e5r ekonomi ocks\u00e5 skulle f\u00f6lja denna naturliga cykel skulle det l\u00f6sa praktiskt taget alla v\u00e4rldens penningrelaterade problem, enligt experterna p\u00e5 ekonomisk bionik. Gradido-modellen bygger p\u00e5 id\u00e9n att inte bara varje person utan \u00e4ven varje stat f\u00e5r en inkomst som skapas p\u00e5 kreditbasis. P\u00e5 s\u00e5 s\u00e4tt kan den utf\u00f6ra alla sina uppgifter utan att ta ut skatt. Deflation och inflation h\u00f6r till det f\u00f6rflutna. Ekonomin befrias fr\u00e5n det st\u00e4ndiga tv\u00e5nget att v\u00e4xa, och faran f\u00f6r en kollaps av det finansiella systemet \u00e4r \u00e4ntligen avv\u00e4rjd. (<a href=\"https:\/\/gradido.net\/sv\/\">www.gradido.net<\/a>)<\/p>\t\t\t\t\t\t\t\t<\/div>\n\t\t\t\t<\/div>\n\t\t\t\t\t<\/div>\n\t\t<\/div>\n\t\t\t\t\t<\/div>\n\t\t<\/section>\n\t\t\t\t<\/div>","protected":false},"excerpt":{"rendered":"<p>Tsunami psychischer Erkrankungen stoppen K\u00fcnzelsau, 30. Oktober 2020 \u2013 Psychiater der renommierten Harvard-Universit\u00e4t sind alarmiert. In Folge der Corona-Ma\u00dfnahmen erwarten sie einen \u201eweltweiten Tsunami psychischer Erkrankungen\u201c. Zukunftsforscher rechnen mit einer \u201eEpidemie der Einsamkeit\u201c, die junge wie alte Menschen psychisch krank machen k\u00f6nnte. Die Experten der Nationalakademie der Wissenschaften Leopoldina empfehlen zur Bew\u00e4ltigung der prognostizierten psychischen [&hellip;]<\/p>\n","protected":false},"author":2,"featured_media":1013,"comment_status":"closed","ping_status":"closed","sticky":false,"template":"","format":"standard","meta":{"footnotes":""},"categories":[8],"tags":[],"class_list":["post-1011","post","type-post","status-publish","format-standard","has-post-thumbnail","hentry","category-pressemitteilung"],"yoast_head":"<!-- This site is optimized with the Yoast SEO plugin v27.5 - https:\/\/yoast.com\/product\/yoast-seo-wordpress\/ -->\n<title>Gemeinwohlkonzept trotzt Epidemie der Einsamkeit - Gradido<\/title>\n<meta name=\"robots\" content=\"index, follow, max-snippet:-1, max-image-preview:large, max-video-preview:-1\" \/>\n<link rel=\"canonical\" href=\"https:\/\/gradido.net\/sv\/gemeinwohlkonzept-trotzt-epidemie-der-einsamkeit\/\" \/>\n<meta property=\"og:locale\" content=\"sv_SE\" \/>\n<meta property=\"og:type\" content=\"article\" \/>\n<meta property=\"og:title\" content=\"Gemeinwohlkonzept trotzt Epidemie der Einsamkeit - Gradido\" \/>\n<meta property=\"og:description\" content=\"Tsunami psychischer Erkrankungen stoppen K\u00fcnzelsau, 30. Oktober 2020 \u2013 Psychiater der renommierten Harvard-Universit\u00e4t sind alarmiert. In Folge der Corona-Ma\u00dfnahmen erwarten sie einen \u201eweltweiten Tsunami psychischer Erkrankungen\u201c. Zukunftsforscher rechnen mit einer \u201eEpidemie der Einsamkeit\u201c, die junge wie alte Menschen psychisch krank machen k\u00f6nnte. Die Experten der Nationalakademie der Wissenschaften Leopoldina empfehlen zur Bew\u00e4ltigung der prognostizierten psychischen [&hellip;]\" \/>\n<meta property=\"og:url\" content=\"https:\/\/gradido.net\/sv\/gemeinwohlkonzept-trotzt-epidemie-der-einsamkeit\/\" \/>\n<meta property=\"og:site_name\" content=\"Gradido\" \/>\n<meta property=\"article:published_time\" content=\"2020-10-30T10:29:07+00:00\" \/>\n<meta property=\"article:modified_time\" content=\"2021-12-11T11:59:49+00:00\" \/>\n<meta property=\"og:image\" content=\"https:\/\/gradido.net\/wp-content\/uploads\/2020\/10\/psyche_epedemie.jpg\" \/>\n\t<meta property=\"og:image:width\" content=\"1183\" \/>\n\t<meta property=\"og:image:height\" content=\"787\" \/>\n\t<meta property=\"og:image:type\" content=\"image\/jpeg\" \/>\n<meta name=\"author\" content=\"Bernd H\u00fcckst\u00e4dt\" \/>\n<meta name=\"twitter:card\" content=\"summary_large_image\" \/>\n<meta name=\"twitter:label1\" content=\"Skriven av\" \/>\n\t<meta name=\"twitter:data1\" content=\"Bernd H\u00fcckst\u00e4dt\" \/>\n\t<meta name=\"twitter:label2\" content=\"Ber\u00e4knad l\u00e4stid\" \/>\n\t<meta name=\"twitter:data2\" content=\"7 minuter\" \/>\n<script type=\"application\/ld+json\" class=\"yoast-schema-graph\">{\"@context\":\"https:\\\/\\\/schema.org\",\"@graph\":[{\"@type\":\"Article\",\"@id\":\"https:\\\/\\\/gradido.net\\\/cs\\\/gemeinwohlkonzept-trotzt-epidemie-der-einsamkeit\\\/#article\",\"isPartOf\":{\"@id\":\"https:\\\/\\\/gradido.net\\\/cs\\\/gemeinwohlkonzept-trotzt-epidemie-der-einsamkeit\\\/\"},\"author\":{\"name\":\"Bernd H\u00fcckst\u00e4dt\",\"@id\":\"https:\\\/\\\/gradido.net\\\/de\\\/#\\\/schema\\\/person\\\/9c503a004ad15a1ddecadce2218db5d1\"},\"headline\":\"Gemeinwohlkonzept trotzt Epidemie der Einsamkeit\",\"datePublished\":\"2020-10-30T10:29:07+00:00\",\"dateModified\":\"2021-12-11T11:59:49+00:00\",\"mainEntityOfPage\":{\"@id\":\"https:\\\/\\\/gradido.net\\\/cs\\\/gemeinwohlkonzept-trotzt-epidemie-der-einsamkeit\\\/\"},\"wordCount\":1354,\"publisher\":{\"@id\":\"https:\\\/\\\/gradido.net\\\/de\\\/#organization\"},\"image\":{\"@id\":\"https:\\\/\\\/gradido.net\\\/cs\\\/gemeinwohlkonzept-trotzt-epidemie-der-einsamkeit\\\/#primaryimage\"},\"thumbnailUrl\":\"https:\\\/\\\/gradido.net\\\/wp-content\\\/uploads\\\/2020\\\/10\\\/psyche_epedemie.jpg\",\"articleSection\":[\"Pressemitteilung\"],\"inLanguage\":\"sv-SE\"},{\"@type\":\"WebPage\",\"@id\":\"https:\\\/\\\/gradido.net\\\/cs\\\/gemeinwohlkonzept-trotzt-epidemie-der-einsamkeit\\\/\",\"url\":\"https:\\\/\\\/gradido.net\\\/cs\\\/gemeinwohlkonzept-trotzt-epidemie-der-einsamkeit\\\/\",\"name\":\"Gemeinwohlkonzept trotzt Epidemie der Einsamkeit - Gradido\",\"isPartOf\":{\"@id\":\"https:\\\/\\\/gradido.net\\\/de\\\/#website\"},\"primaryImageOfPage\":{\"@id\":\"https:\\\/\\\/gradido.net\\\/cs\\\/gemeinwohlkonzept-trotzt-epidemie-der-einsamkeit\\\/#primaryimage\"},\"image\":{\"@id\":\"https:\\\/\\\/gradido.net\\\/cs\\\/gemeinwohlkonzept-trotzt-epidemie-der-einsamkeit\\\/#primaryimage\"},\"thumbnailUrl\":\"https:\\\/\\\/gradido.net\\\/wp-content\\\/uploads\\\/2020\\\/10\\\/psyche_epedemie.jpg\",\"datePublished\":\"2020-10-30T10:29:07+00:00\",\"dateModified\":\"2021-12-11T11:59:49+00:00\",\"breadcrumb\":{\"@id\":\"https:\\\/\\\/gradido.net\\\/cs\\\/gemeinwohlkonzept-trotzt-epidemie-der-einsamkeit\\\/#breadcrumb\"},\"inLanguage\":\"sv-SE\",\"potentialAction\":[{\"@type\":\"ReadAction\",\"target\":[\"https:\\\/\\\/gradido.net\\\/cs\\\/gemeinwohlkonzept-trotzt-epidemie-der-einsamkeit\\\/\"]}]},{\"@type\":\"ImageObject\",\"inLanguage\":\"sv-SE\",\"@id\":\"https:\\\/\\\/gradido.net\\\/cs\\\/gemeinwohlkonzept-trotzt-epidemie-der-einsamkeit\\\/#primaryimage\",\"url\":\"https:\\\/\\\/gradido.net\\\/wp-content\\\/uploads\\\/2020\\\/10\\\/psyche_epedemie.jpg\",\"contentUrl\":\"https:\\\/\\\/gradido.net\\\/wp-content\\\/uploads\\\/2020\\\/10\\\/psyche_epedemie.jpg\",\"width\":1183,\"height\":787,\"caption\":\"Sad senior woman standing indoors by window at home, corona virus and quarantine concept.\"},{\"@type\":\"BreadcrumbList\",\"@id\":\"https:\\\/\\\/gradido.net\\\/cs\\\/gemeinwohlkonzept-trotzt-epidemie-der-einsamkeit\\\/#breadcrumb\",\"itemListElement\":[{\"@type\":\"ListItem\",\"position\":1,\"name\":\"Startseite\",\"item\":\"https:\\\/\\\/gradido.net\\\/\"},{\"@type\":\"ListItem\",\"position\":2,\"name\":\"Gemeinwohlkonzept trotzt Epidemie der Einsamkeit\"}]},{\"@type\":\"WebSite\",\"@id\":\"https:\\\/\\\/gradido.net\\\/de\\\/#website\",\"url\":\"https:\\\/\\\/gradido.net\\\/de\\\/\",\"name\":\"Gradido\",\"description\":\"Die neue W\u00e4hrung hei\u00dft Dankbarkeit\",\"publisher\":{\"@id\":\"https:\\\/\\\/gradido.net\\\/de\\\/#organization\"},\"potentialAction\":[{\"@type\":\"SearchAction\",\"target\":{\"@type\":\"EntryPoint\",\"urlTemplate\":\"https:\\\/\\\/gradido.net\\\/de\\\/?s={search_term_string}\"},\"query-input\":{\"@type\":\"PropertyValueSpecification\",\"valueRequired\":true,\"valueName\":\"search_term_string\"}}],\"inLanguage\":\"sv-SE\"},{\"@type\":\"Organization\",\"@id\":\"https:\\\/\\\/gradido.net\\\/de\\\/#organization\",\"name\":\"Gradido\",\"url\":\"https:\\\/\\\/gradido.net\\\/de\\\/\",\"logo\":{\"@type\":\"ImageObject\",\"inLanguage\":\"sv-SE\",\"@id\":\"https:\\\/\\\/gradido.net\\\/de\\\/#\\\/schema\\\/logo\\\/image\\\/\",\"url\":\"https:\\\/\\\/gradido.net\\\/wp-content\\\/uploads\\\/2022\\\/04\\\/gradido-social.jpg\",\"contentUrl\":\"https:\\\/\\\/gradido.net\\\/wp-content\\\/uploads\\\/2022\\\/04\\\/gradido-social.jpg\",\"width\":527,\"height\":273,\"caption\":\"Gradido\"},\"image\":{\"@id\":\"https:\\\/\\\/gradido.net\\\/de\\\/#\\\/schema\\\/logo\\\/image\\\/\"}},{\"@type\":\"Person\",\"@id\":\"https:\\\/\\\/gradido.net\\\/de\\\/#\\\/schema\\\/person\\\/9c503a004ad15a1ddecadce2218db5d1\",\"name\":\"Bernd H\u00fcckst\u00e4dt\",\"sameAs\":[\"https:\\\/\\\/gradido.net\"],\"url\":\"https:\\\/\\\/gradido.net\\\/sv\\\/author\\\/bernd\\\/\"}]}<\/script>\n<!-- \/ Yoast SEO plugin. -->","yoast_head_json":{"title":"Gemensamt koncept motverkar epidemisk ensamhet - Gradido","robots":{"index":"index","follow":"follow","max-snippet":"max-snippet:-1","max-image-preview":"max-image-preview:large","max-video-preview":"max-video-preview:-1"},"canonical":"https:\/\/gradido.net\/sv\/gemeinwohlkonzept-trotzt-epidemie-der-einsamkeit\/","og_locale":"sv_SE","og_type":"article","og_title":"Gemeinwohlkonzept trotzt Epidemie der Einsamkeit - Gradido","og_description":"Tsunami psychischer Erkrankungen stoppen K\u00fcnzelsau, 30. Oktober 2020 \u2013 Psychiater der renommierten Harvard-Universit\u00e4t sind alarmiert. In Folge der Corona-Ma\u00dfnahmen erwarten sie einen \u201eweltweiten Tsunami psychischer Erkrankungen\u201c. Zukunftsforscher rechnen mit einer \u201eEpidemie der Einsamkeit\u201c, die junge wie alte Menschen psychisch krank machen k\u00f6nnte. Die Experten der Nationalakademie der Wissenschaften Leopoldina empfehlen zur Bew\u00e4ltigung der prognostizierten psychischen [&hellip;]","og_url":"https:\/\/gradido.net\/sv\/gemeinwohlkonzept-trotzt-epidemie-der-einsamkeit\/","og_site_name":"Gradido","article_published_time":"2020-10-30T10:29:07+00:00","article_modified_time":"2021-12-11T11:59:49+00:00","og_image":[{"width":1183,"height":787,"url":"https:\/\/gradido.net\/wp-content\/uploads\/2020\/10\/psyche_epedemie.jpg","type":"image\/jpeg"}],"author":"Bernd H\u00fcckst\u00e4dt","twitter_card":"summary_large_image","twitter_misc":{"Skriven av":"Bernd H\u00fcckst\u00e4dt","Ber\u00e4knad l\u00e4stid":"7 minuter"},"schema":{"@context":"https:\/\/schema.org","@graph":[{"@type":"Article","@id":"https:\/\/gradido.net\/cs\/gemeinwohlkonzept-trotzt-epidemie-der-einsamkeit\/#article","isPartOf":{"@id":"https:\/\/gradido.net\/cs\/gemeinwohlkonzept-trotzt-epidemie-der-einsamkeit\/"},"author":{"name":"Bernd H\u00fcckst\u00e4dt","@id":"https:\/\/gradido.net\/de\/#\/schema\/person\/9c503a004ad15a1ddecadce2218db5d1"},"headline":"Gemeinwohlkonzept trotzt Epidemie der Einsamkeit","datePublished":"2020-10-30T10:29:07+00:00","dateModified":"2021-12-11T11:59:49+00:00","mainEntityOfPage":{"@id":"https:\/\/gradido.net\/cs\/gemeinwohlkonzept-trotzt-epidemie-der-einsamkeit\/"},"wordCount":1354,"publisher":{"@id":"https:\/\/gradido.net\/de\/#organization"},"image":{"@id":"https:\/\/gradido.net\/cs\/gemeinwohlkonzept-trotzt-epidemie-der-einsamkeit\/#primaryimage"},"thumbnailUrl":"https:\/\/gradido.net\/wp-content\/uploads\/2020\/10\/psyche_epedemie.jpg","articleSection":["Pressemitteilung"],"inLanguage":"sv-SE"},{"@type":"WebPage","@id":"https:\/\/gradido.net\/cs\/gemeinwohlkonzept-trotzt-epidemie-der-einsamkeit\/","url":"https:\/\/gradido.net\/cs\/gemeinwohlkonzept-trotzt-epidemie-der-einsamkeit\/","name":"Gemensamt koncept motverkar epidemisk ensamhet - Gradido","isPartOf":{"@id":"https:\/\/gradido.net\/de\/#website"},"primaryImageOfPage":{"@id":"https:\/\/gradido.net\/cs\/gemeinwohlkonzept-trotzt-epidemie-der-einsamkeit\/#primaryimage"},"image":{"@id":"https:\/\/gradido.net\/cs\/gemeinwohlkonzept-trotzt-epidemie-der-einsamkeit\/#primaryimage"},"thumbnailUrl":"https:\/\/gradido.net\/wp-content\/uploads\/2020\/10\/psyche_epedemie.jpg","datePublished":"2020-10-30T10:29:07+00:00","dateModified":"2021-12-11T11:59:49+00:00","breadcrumb":{"@id":"https:\/\/gradido.net\/cs\/gemeinwohlkonzept-trotzt-epidemie-der-einsamkeit\/#breadcrumb"},"inLanguage":"sv-SE","potentialAction":[{"@type":"ReadAction","target":["https:\/\/gradido.net\/cs\/gemeinwohlkonzept-trotzt-epidemie-der-einsamkeit\/"]}]},{"@type":"ImageObject","inLanguage":"sv-SE","@id":"https:\/\/gradido.net\/cs\/gemeinwohlkonzept-trotzt-epidemie-der-einsamkeit\/#primaryimage","url":"https:\/\/gradido.net\/wp-content\/uploads\/2020\/10\/psyche_epedemie.jpg","contentUrl":"https:\/\/gradido.net\/wp-content\/uploads\/2020\/10\/psyche_epedemie.jpg","width":1183,"height":787,"caption":"Sad senior woman standing indoors by window at home, corona virus and quarantine concept."},{"@type":"BreadcrumbList","@id":"https:\/\/gradido.net\/cs\/gemeinwohlkonzept-trotzt-epidemie-der-einsamkeit\/#breadcrumb","itemListElement":[{"@type":"ListItem","position":1,"name":"Startseite","item":"https:\/\/gradido.net\/"},{"@type":"ListItem","position":2,"name":"Gemeinwohlkonzept trotzt Epidemie der Einsamkeit"}]},{"@type":"WebSite","@id":"https:\/\/gradido.net\/de\/#website","url":"https:\/\/gradido.net\/de\/","name":"Gradido","description":"Den nya valutan \u00e4r tacksamhet","publisher":{"@id":"https:\/\/gradido.net\/de\/#organization"},"potentialAction":[{"@type":"SearchAction","target":{"@type":"EntryPoint","urlTemplate":"https:\/\/gradido.net\/de\/?s={search_term_string}"},"query-input":{"@type":"PropertyValueSpecification","valueRequired":true,"valueName":"search_term_string"}}],"inLanguage":"sv-SE"},{"@type":"Organization","@id":"https:\/\/gradido.net\/de\/#organization","name":"Gradido","url":"https:\/\/gradido.net\/de\/","logo":{"@type":"ImageObject","inLanguage":"sv-SE","@id":"https:\/\/gradido.net\/de\/#\/schema\/logo\/image\/","url":"https:\/\/gradido.net\/wp-content\/uploads\/2022\/04\/gradido-social.jpg","contentUrl":"https:\/\/gradido.net\/wp-content\/uploads\/2022\/04\/gradido-social.jpg","width":527,"height":273,"caption":"Gradido"},"image":{"@id":"https:\/\/gradido.net\/de\/#\/schema\/logo\/image\/"}},{"@type":"Person","@id":"https:\/\/gradido.net\/de\/#\/schema\/person\/9c503a004ad15a1ddecadce2218db5d1","name":"Bernd H\u00fcckst\u00e4dt","sameAs":["https:\/\/gradido.net"],"url":"https:\/\/gradido.net\/sv\/author\/bernd\/"}]}},"_links":{"self":[{"href":"https:\/\/gradido.net\/sv\/wp-json\/wp\/v2\/posts\/1011","targetHints":{"allow":["GET"]}}],"collection":[{"href":"https:\/\/gradido.net\/sv\/wp-json\/wp\/v2\/posts"}],"about":[{"href":"https:\/\/gradido.net\/sv\/wp-json\/wp\/v2\/types\/post"}],"author":[{"embeddable":true,"href":"https:\/\/gradido.net\/sv\/wp-json\/wp\/v2\/users\/2"}],"replies":[{"embeddable":true,"href":"https:\/\/gradido.net\/sv\/wp-json\/wp\/v2\/comments?post=1011"}],"version-history":[{"count":11,"href":"https:\/\/gradido.net\/sv\/wp-json\/wp\/v2\/posts\/1011\/revisions"}],"predecessor-version":[{"id":3739,"href":"https:\/\/gradido.net\/sv\/wp-json\/wp\/v2\/posts\/1011\/revisions\/3739"}],"wp:featuredmedia":[{"embeddable":true,"href":"https:\/\/gradido.net\/sv\/wp-json\/wp\/v2\/media\/1013"}],"wp:attachment":[{"href":"https:\/\/gradido.net\/sv\/wp-json\/wp\/v2\/media?parent=1011"}],"wp:term":[{"taxonomy":"category","embeddable":true,"href":"https:\/\/gradido.net\/sv\/wp-json\/wp\/v2\/categories?post=1011"},{"taxonomy":"post_tag","embeddable":true,"href":"https:\/\/gradido.net\/sv\/wp-json\/wp\/v2\/tags?post=1011"}],"curies":[{"name":"wp","href":"https:\/\/api.w.org\/{rel}","templated":true}]}}