{"id":10264,"date":"2025-04-16T16:28:00","date_gmt":"2025-04-16T14:28:00","guid":{"rendered":"https:\/\/gradido.net\/?p=10264"},"modified":"2026-04-24T07:24:28","modified_gmt":"2026-04-24T05:24:28","slug":"gms1","status":"publish","type":"post","link":"https:\/\/gradido.net\/sv\/gms1\/","title":{"rendered":"Tillsammans ist\u00e4llet f\u00f6r ensam - hitta likasinnade i ditt bostadsomr\u00e5de"},"content":{"rendered":"<div data-elementor-type=\"wp-post\" data-elementor-id=\"10264\" class=\"elementor elementor-10264\" data-elementor-post-type=\"post\">\n\t\t\t\t\t\t<section class=\"elementor-section elementor-top-section elementor-element elementor-element-496e1d53 elementor-section-boxed elementor-section-height-default elementor-section-height-default\" data-id=\"496e1d53\" data-element_type=\"section\" data-e-type=\"section\">\n\t\t\t\t\t\t<div class=\"elementor-container elementor-column-gap-default\">\n\t\t\t\t\t<div class=\"elementor-column elementor-col-100 elementor-top-column elementor-element elementor-element-461d7be0\" data-id=\"461d7be0\" data-element_type=\"column\" data-e-type=\"column\">\n\t\t\t<div class=\"elementor-widget-wrap elementor-element-populated\">\n\t\t\t\t\t\t<div class=\"elementor-element elementor-element-cd9ebe2 elementor-widget elementor-widget-text-editor\" data-id=\"cd9ebe2\" data-element_type=\"widget\" data-e-type=\"widget\" data-widget_type=\"text-editor.default\">\n\t\t\t\t<div class=\"elementor-widget-container\">\n\t\t\t\t\t\t\t\t\t<p style=\"text-align: right;\"><em>\"Ensamma kan vi \u00e5stadkomma s\u00e5 lite, tillsammans kan vi \u00e5stadkomma s\u00e5 mycket.\"<br \/>- Helen Keller<\/em><\/p><p>K\u00e4ra l\u00e4sare,<\/p><p>Tusen tack f\u00f6r att du \u00e4r med oss - f\u00f6r att du \u00e4r engagerad i Moder Jord, dina medm\u00e4nniskor och kommande generationer. S\u00e5 underbart att du \u00e4r en del av v\u00e5r v\u00e4xande Gradido-familj!<\/p><p>K\u00e4nner du ocks\u00e5 igen dig i den h\u00e4r k\u00e4nslan? Du \u00e4r helhj\u00e4rtat engagerad i fred, frihet och en framtid som \u00e4r v\u00e4rd att leva i harmoni med naturen. Men ibland k\u00e4nner du dig ensam p\u00e5 din v\u00e4g eftersom du inte vet var m\u00e4nniskor som delar dina v\u00e4rderingar och visioner bor i ditt grannskap.<\/p><p>Nu finns det en enkel l\u00f6sning - trumvirvel - diiieeeee...<\/p><h2>Geografisk s\u00f6kning av medlemmar (GMS)<\/h2><p>Med mycket gl\u00e4dje och engagemang har v\u00e5rt team av utvecklare p\u00e5 Gradido Academy skapat denna nya m\u00f6jlighet f\u00f6r att g\u00f6ra det s\u00e5 enkelt som m\u00f6jligt f\u00f6r dig att komma i kontakt med likasinnade i ditt omr\u00e5de.<\/p><h3>\u2728 Hitta n\u00e4ra och k\u00e4ra i ditt n\u00e4romr\u00e5de:<\/h3><p><a href=\"https:\/\/gdd.gradido.net\/login\" target=\"_blank\" rel=\"noopener\">Logga in p\u00e5 ditt Gradido-konto<\/a><\/p><p>Klicka p\u00e5 \"Ange plats...\" direkt p\u00e5 \u00f6versiktssidan under \"Geografisk medlemss\u00f6kning\".<\/p><p><img fetchpriority=\"high\" decoding=\"async\" class=\"alignnone size-full wp-image-10271\" src=\"https:\/\/gradido.net\/wp-content\/uploads\/2025\/04\/GMS_Standort-festlegen.jpg\" alt=\"\" width=\"600\" height=\"450\" srcset=\"https:\/\/gradido.net\/wp-content\/uploads\/2025\/04\/GMS_Standort-festlegen.jpg 600w, https:\/\/gradido.net\/wp-content\/uploads\/2025\/04\/GMS_Standort-festlegen-300x225.jpg 300w, https:\/\/gradido.net\/wp-content\/uploads\/2025\/04\/GMS_Standort-festlegen-16x12.jpg 16w\" sizes=\"(max-width: 600px) 100vw, 600px\" \/><\/p><p>D\u00e5 kommer du till Inst\u00e4llningar \/ Cirklar &amp; Medlemss\u00f6kning.<br \/>Klicka p\u00e5 \"\u00d6ppna karta\" d\u00e4r:<\/p><p><img decoding=\"async\" class=\"alignnone size-large wp-image-10269\" src=\"https:\/\/gradido.net\/wp-content\/uploads\/2025\/04\/GMS_Karte-oeffnen.jpg\" alt=\"\" width=\"600\" height=\"450\" srcset=\"https:\/\/gradido.net\/wp-content\/uploads\/2025\/04\/GMS_Karte-oeffnen.jpg 600w, https:\/\/gradido.net\/wp-content\/uploads\/2025\/04\/GMS_Karte-oeffnen-300x225.jpg 300w, https:\/\/gradido.net\/wp-content\/uploads\/2025\/04\/GMS_Karte-oeffnen-16x12.jpg 16w\" sizes=\"(max-width: 600px) 100vw, 600px\" \/><\/p><p>Ange din plats (uppe till v\u00e4nster, f\u00f6rstoringsglas) och klicka p\u00e5 \"Spara plats\":<\/p><p><img decoding=\"async\" class=\"alignnone size-full wp-image-10267\" src=\"https:\/\/gradido.net\/wp-content\/uploads\/2025\/04\/GMS_Adresse-eingeben.jpg\" alt=\"\" width=\"600\" height=\"330\" srcset=\"https:\/\/gradido.net\/wp-content\/uploads\/2025\/04\/GMS_Adresse-eingeben.jpg 600w, https:\/\/gradido.net\/wp-content\/uploads\/2025\/04\/GMS_Adresse-eingeben-300x165.jpg 300w, https:\/\/gradido.net\/wp-content\/uploads\/2025\/04\/GMS_Adresse-eingeben-18x10.jpg 18w\" sizes=\"(max-width: 600px) 100vw, 600px\" \/><\/p><p>Fr\u00e5n och med nu hittar du knappen \"\u00d6ppna medlemss\u00f6kning...\" p\u00e5 \u00f6versiktssidan.<\/p><p><img loading=\"lazy\" decoding=\"async\" class=\"alignnone size-full wp-image-10270\" src=\"https:\/\/gradido.net\/wp-content\/uploads\/2025\/04\/GMS_Mitgliedssuche.jpg\" alt=\"\" width=\"600\" height=\"450\" srcset=\"https:\/\/gradido.net\/wp-content\/uploads\/2025\/04\/GMS_Mitgliedssuche.jpg 600w, https:\/\/gradido.net\/wp-content\/uploads\/2025\/04\/GMS_Mitgliedssuche-300x225.jpg 300w, https:\/\/gradido.net\/wp-content\/uploads\/2025\/04\/GMS_Mitgliedssuche-16x12.jpg 16w\" sizes=\"(max-width: 600px) 100vw, 600px\" \/><\/p><p>... d\u00e4r kan du p\u00e5 kartan se andra Gradido-medlemmar i ditt omr\u00e5de eller p\u00e5 n\u00e5gon annan \u00f6nskad plats.<\/p><p><strong>F\u00f6r att ta kontakt<\/strong>Klicka p\u00e5 en n\u00e5l. Ett f\u00f6nster \u00f6ppnas med information om deltagaren. Skicka helt enkelt n\u00e5gra Gradidos till honom eller henne med ett trevligt meddelande och dina kontaktuppgifter. <strong>Det \u00e4r s\u00e5 h\u00e4r man l\u00e4r k\u00e4nna varandra...<\/strong><\/p><p>\u00a0<img loading=\"lazy\" decoding=\"async\" class=\"alignnone size-large wp-image-10268\" src=\"https:\/\/gradido.net\/wp-content\/uploads\/2025\/04\/GMS_Gradido_senden.jpg\" alt=\"\" width=\"600\" height=\"360\" srcset=\"https:\/\/gradido.net\/wp-content\/uploads\/2025\/04\/GMS_Gradido_senden.jpg 600w, https:\/\/gradido.net\/wp-content\/uploads\/2025\/04\/GMS_Gradido_senden-300x180.jpg 300w, https:\/\/gradido.net\/wp-content\/uploads\/2025\/04\/GMS_Gradido_senden-18x12.jpg 18w\" sizes=\"(max-width: 600px) 100vw, 600px\" \/> \u00a0\u00a0<\/p><h3>\ud83d\udd12 Din integritet \u00e4r viktig f\u00f6r oss:<\/h3><p>Skyddat omr\u00e5de: Medlemss\u00f6kningen \u00e4r endast tillg\u00e4nglig f\u00f6r medlemmar.<br \/>Vi anv\u00e4nder medvetet Open Street Map (i st\u00e4llet f\u00f6r Google Maps).<br \/>Som standard visas din position endast ungef\u00e4rligt (ca 3 km radie), s\u00e5vida du inte vill dela din exakta position.<br \/>Ett anv\u00e4ndarnamn visas i st\u00e4llet f\u00f6r ditt riktiga namn.<br \/>\ud83c\udf31 Varf\u00f6r vidta \u00e5tg\u00e4rder just nu?<br \/>Just nu beh\u00f6ver vi varandra. Tillsammans kommer vi att vara modigare, starkare och mer framg\u00e5ngsrika i att f\u00f6rverkliga v\u00e5r vision om en ny, fredlig och harmonisk v\u00e4rld. Tillsammans \u00e4r vi s\u00e5 mycket mer \u00e4n summan av v\u00e5ra enskilda delar.<\/p><h3>Detta \u00e4r bara b\u00f6rjan<\/h3><p>Medlemss\u00f6kningen \u00e4r fortfarande \"experimentell\". En del av kontrollerna \u00e4r fortfarande p\u00e5 engelska och kanske fungerar inte allt perfekt \u00e4nnu. Men snart kan du f\u00f6rv\u00e4nta dig fler bra funktioner, till exempel erbjudanden och f\u00f6rfr\u00e5gningar, evenemang som GradidoCaf\u00e9s eller till och med boendealternativ p\u00e5 dina resor.<\/p><p><strong>F\u00f6rest\u00e4ll dig sj\u00e4lv: Du \u00e4r en del av ett v\u00e4rldsomsp\u00e4nnande n\u00e4tverk av k\u00e4rleksfulla, engagerade m\u00e4nniskor som \u00e4r sammanl\u00e4nkade i en gemensam dr\u00f6m - den nya jorden!<\/strong><\/p><h3>\u2728 H\u00e5ll dig inte isolerad l\u00e4ngre, hitta din gemenskap! Idag \u00e4r en bra dag att g\u00f6ra det:<\/h3><p>\u2705 <a href=\"https:\/\/gdd.gradido.net\/login\" target=\"_blank\" rel=\"noopener\">Logga in p\u00e5 ditt Gradido-konto nu<\/a>,<br \/>\u2705 Ange din plats ...\u00a0<br \/>\u2705 ... och uppt\u00e4ck likasinnade m\u00e4nniskor i ditt grannskap!<\/p><p>Tack fr\u00e5n djupet av v\u00e5ra hj\u00e4rtan f\u00f6r att ni g\u00e5r den h\u00e4r v\u00e4gen med oss!<\/p><p>Med v\u00e4nliga h\u00e4lsningar\u00a0<\/p><p>Din<\/p><p>Margret och Bernd<\/p>\t\t\t\t\t\t\t\t<\/div>\n\t\t\t\t<\/div>\n\t\t\t\t\t<\/div>\n\t\t<\/div>\n\t\t\t\t\t<\/div>\n\t\t<\/section>\n\t\t\t\t<section class=\"elementor-section elementor-top-section elementor-element elementor-element-14532fe elementor-section-boxed elementor-section-height-default elementor-section-height-default\" data-id=\"14532fe\" data-element_type=\"section\" data-e-type=\"section\">\n\t\t\t\t\t\t<div class=\"elementor-container elementor-column-gap-default\">\n\t\t\t\t\t<div class=\"elementor-column elementor-col-100 elementor-top-column elementor-element elementor-element-65d2298\" data-id=\"65d2298\" data-element_type=\"column\" data-e-type=\"column\">\n\t\t\t<div class=\"elementor-widget-wrap elementor-element-populated\">\n\t\t\t\t\t\t<div class=\"elementor-element elementor-element-bea124f elementor-widget elementor-widget-global elementor-global-9341 elementor-widget-text-editor\" data-id=\"bea124f\" data-element_type=\"widget\" data-e-type=\"widget\" data-widget_type=\"text-editor.default\">\n\t\t\t\t<div class=\"elementor-widget-container\">\n\t\t\t\t\t\t\t\t\t<p><strong>PS:\u00a0<span style=\"color: #ff6600;\"><a style=\"color: #ff6600;\" href=\"https:\/\/gradido.net\/sv\/donations\/\">P\u00e5 grund av Gradidos st\u00e4ndigt \u00f6kande betydelse upprepar vi v\u00e5r tacksamhetskampanj den 26 juni 2026:<\/a>\u00a0<\/span><span style=\"color: #0000ff;\"><a style=\"color: #0000ff;\" href=\"https:\/\/gradido.net\/sv\/donations\/\">F\u00f6rutom den multipla GradidoTransform f\u00f6r ditt sponsorbidrag, kommer vi att \u00f6ka alla GDT-kontosaldon med 26% den 26\/06\/2016. Sponsra nu och njut av det multipla beloppet av GDT!<\/a><\/span><\/strong><\/p>\t\t\t\t\t\t\t\t<\/div>\n\t\t\t\t<\/div>\n\t\t\t\t\t<\/div>\n\t\t<\/div>\n\t\t\t\t\t<\/div>\n\t\t<\/section>\n\t\t\t\t<section class=\"elementor-section elementor-top-section elementor-element elementor-element-29dfc07 elementor-section-boxed elementor-section-height-default elementor-section-height-default\" data-id=\"29dfc07\" data-element_type=\"section\" data-e-type=\"section\">\n\t\t\t\t\t\t<div class=\"elementor-container elementor-column-gap-default\">\n\t\t\t\t\t<div class=\"elementor-column elementor-col-100 elementor-top-column elementor-element elementor-element-d37ec5a\" data-id=\"d37ec5a\" data-element_type=\"column\" data-e-type=\"column\">\n\t\t\t<div class=\"elementor-widget-wrap\">\n\t\t\t\t\t\t\t<\/div>\n\t\t<\/div>\n\t\t\t\t\t<\/div>\n\t\t<\/section>\n\t\t\t\t<\/div>","protected":false},"excerpt":{"rendered":"<p>K\u00e4nner du ocks\u00e5 igen dig i den h\u00e4r k\u00e4nslan? Du \u00e4r helhj\u00e4rtat engagerad i fred, frihet och en framtid som \u00e4r v\u00e4rd att leva i harmoni med naturen. Men ibland k\u00e4nner du dig ensam p\u00e5 din v\u00e4g eftersom du inte vet var m\u00e4nniskor som delar dina v\u00e4rderingar och visioner bor i ditt grannskap. Nu finns det en enkel l\u00f6sning...<\/p>","protected":false},"author":2,"featured_media":10265,"comment_status":"closed","ping_status":"closed","sticky":false,"template":"","format":"standard","meta":{"footnotes":""},"categories":[11,54,55],"tags":[22],"class_list":["post-10264","post","type-post","status-publish","format-standard","has-post-thumbnail","hentry","category-blog","category-community","category-gradido-konto","tag-bild-oben"],"yoast_head":"<!-- This site is optimized with the Yoast SEO plugin v27.4 - https:\/\/yoast.com\/product\/yoast-seo-wordpress\/ -->\n<title>Gemeinsam statt einsam \u2013 Finde Gleichgesinnte in Deiner N\u00e4he - Gradido<\/title>\n<meta name=\"description\" content=\"Kennst Du auch dieses Gef\u00fchl? Du engagierst Dich aus ganzem Herzen f\u00fcr Frieden, Freiheit und eine lebenswerte Zukunft in Harmonie mit der Natur. Doch Du f\u00fchlst Dich manchmal allein auf Deinem Weg, weil Du nicht wei\u00dft, wo in Deiner N\u00e4he Menschen leben, die Deine Werte und Visionen teilen. Jetzt ist eine einfache L\u00f6sung da\u2026\" \/>\n<meta name=\"robots\" content=\"index, follow, max-snippet:-1, max-image-preview:large, max-video-preview:-1\" \/>\n<link rel=\"canonical\" href=\"https:\/\/gradido.net\/sv\/gms1\/\" \/>\n<meta property=\"og:locale\" content=\"sv_SE\" \/>\n<meta property=\"og:type\" content=\"article\" \/>\n<meta property=\"og:title\" content=\"Gemeinsam statt einsam \u2013 Finde Gleichgesinnte in Deiner N\u00e4he - Gradido\" \/>\n<meta property=\"og:description\" content=\"Kennst Du auch dieses Gef\u00fchl? Du engagierst Dich aus ganzem Herzen f\u00fcr Frieden, Freiheit und eine lebenswerte Zukunft in Harmonie mit der Natur. Doch Du f\u00fchlst Dich manchmal allein auf Deinem Weg, weil Du nicht wei\u00dft, wo in Deiner N\u00e4he Menschen leben, die Deine Werte und Visionen teilen. Jetzt ist eine einfache L\u00f6sung da\u2026\" \/>\n<meta property=\"og:url\" content=\"https:\/\/gradido.net\/sv\/gms1\/\" \/>\n<meta property=\"og:site_name\" content=\"Gradido\" \/>\n<meta property=\"article:published_time\" content=\"2025-04-16T14:28:00+00:00\" \/>\n<meta property=\"article:modified_time\" content=\"2026-04-24T05:24:28+00:00\" \/>\n<meta property=\"og:image\" content=\"https:\/\/gradido.net\/wp-content\/uploads\/2025\/04\/GMS_Banner.jpg\" \/>\n\t<meta property=\"og:image:width\" content=\"1920\" \/>\n\t<meta property=\"og:image:height\" content=\"880\" \/>\n\t<meta property=\"og:image:type\" content=\"image\/jpeg\" \/>\n<meta name=\"author\" content=\"Bernd H\u00fcckst\u00e4dt\" \/>\n<meta name=\"twitter:card\" content=\"summary_large_image\" \/>\n<meta name=\"twitter:label1\" content=\"Skriven av\" \/>\n\t<meta name=\"twitter:data1\" content=\"Bernd H\u00fcckst\u00e4dt\" \/>\n\t<meta name=\"twitter:label2\" content=\"Ber\u00e4knad l\u00e4stid\" \/>\n\t<meta name=\"twitter:data2\" content=\"4 minuter\" \/>\n<script type=\"application\/ld+json\" class=\"yoast-schema-graph\">{\"@context\":\"https:\\\/\\\/schema.org\",\"@graph\":[{\"@type\":\"Article\",\"@id\":\"https:\\\/\\\/gradido.net\\\/gms1\\\/#article\",\"isPartOf\":{\"@id\":\"https:\\\/\\\/gradido.net\\\/gms1\\\/\"},\"author\":{\"name\":\"Bernd H\u00fcckst\u00e4dt\",\"@id\":\"https:\\\/\\\/gradido.net\\\/de\\\/#\\\/schema\\\/person\\\/9c503a004ad15a1ddecadce2218db5d1\"},\"headline\":\"Gemeinsam statt einsam \u2013 Finde Gleichgesinnte in Deiner N\u00e4he\",\"datePublished\":\"2025-04-16T14:28:00+00:00\",\"dateModified\":\"2026-04-24T05:24:28+00:00\",\"mainEntityOfPage\":{\"@id\":\"https:\\\/\\\/gradido.net\\\/gms1\\\/\"},\"wordCount\":533,\"publisher\":{\"@id\":\"https:\\\/\\\/gradido.net\\\/de\\\/#organization\"},\"image\":{\"@id\":\"https:\\\/\\\/gradido.net\\\/gms1\\\/#primaryimage\"},\"thumbnailUrl\":\"https:\\\/\\\/gradido.net\\\/wp-content\\\/uploads\\\/2025\\\/04\\\/GMS_Banner.jpg\",\"keywords\":[\"Bild oben\"],\"articleSection\":[\"Blog\",\"Community\",\"Gradido-Konto\"],\"inLanguage\":\"sv-SE\"},{\"@type\":\"WebPage\",\"@id\":\"https:\\\/\\\/gradido.net\\\/gms1\\\/\",\"url\":\"https:\\\/\\\/gradido.net\\\/gms1\\\/\",\"name\":\"Gemeinsam statt einsam \u2013 Finde Gleichgesinnte in Deiner N\u00e4he - Gradido\",\"isPartOf\":{\"@id\":\"https:\\\/\\\/gradido.net\\\/de\\\/#website\"},\"primaryImageOfPage\":{\"@id\":\"https:\\\/\\\/gradido.net\\\/gms1\\\/#primaryimage\"},\"image\":{\"@id\":\"https:\\\/\\\/gradido.net\\\/gms1\\\/#primaryimage\"},\"thumbnailUrl\":\"https:\\\/\\\/gradido.net\\\/wp-content\\\/uploads\\\/2025\\\/04\\\/GMS_Banner.jpg\",\"datePublished\":\"2025-04-16T14:28:00+00:00\",\"dateModified\":\"2026-04-24T05:24:28+00:00\",\"description\":\"Kennst Du auch dieses Gef\u00fchl? Du engagierst Dich aus ganzem Herzen f\u00fcr Frieden, Freiheit und eine lebenswerte Zukunft in Harmonie mit der Natur. Doch Du f\u00fchlst Dich manchmal allein auf Deinem Weg, weil Du nicht wei\u00dft, wo in Deiner N\u00e4he Menschen leben, die Deine Werte und Visionen teilen. Jetzt ist eine einfache L\u00f6sung da\u2026\",\"breadcrumb\":{\"@id\":\"https:\\\/\\\/gradido.net\\\/gms1\\\/#breadcrumb\"},\"inLanguage\":\"sv-SE\",\"potentialAction\":[{\"@type\":\"ReadAction\",\"target\":[\"https:\\\/\\\/gradido.net\\\/gms1\\\/\"]}]},{\"@type\":\"ImageObject\",\"inLanguage\":\"sv-SE\",\"@id\":\"https:\\\/\\\/gradido.net\\\/gms1\\\/#primaryimage\",\"url\":\"https:\\\/\\\/gradido.net\\\/wp-content\\\/uploads\\\/2025\\\/04\\\/GMS_Banner.jpg\",\"contentUrl\":\"https:\\\/\\\/gradido.net\\\/wp-content\\\/uploads\\\/2025\\\/04\\\/GMS_Banner.jpg\",\"width\":1920,\"height\":880},{\"@type\":\"BreadcrumbList\",\"@id\":\"https:\\\/\\\/gradido.net\\\/gms1\\\/#breadcrumb\",\"itemListElement\":[{\"@type\":\"ListItem\",\"position\":1,\"name\":\"Startseite\",\"item\":\"https:\\\/\\\/gradido.net\\\/\"},{\"@type\":\"ListItem\",\"position\":2,\"name\":\"Gemeinsam statt einsam \u2013 Finde Gleichgesinnte in Deiner N\u00e4he\"}]},{\"@type\":\"WebSite\",\"@id\":\"https:\\\/\\\/gradido.net\\\/de\\\/#website\",\"url\":\"https:\\\/\\\/gradido.net\\\/de\\\/\",\"name\":\"Gradido\",\"description\":\"Die neue W\u00e4hrung hei\u00dft Dankbarkeit\",\"publisher\":{\"@id\":\"https:\\\/\\\/gradido.net\\\/de\\\/#organization\"},\"potentialAction\":[{\"@type\":\"SearchAction\",\"target\":{\"@type\":\"EntryPoint\",\"urlTemplate\":\"https:\\\/\\\/gradido.net\\\/de\\\/?s={search_term_string}\"},\"query-input\":{\"@type\":\"PropertyValueSpecification\",\"valueRequired\":true,\"valueName\":\"search_term_string\"}}],\"inLanguage\":\"sv-SE\"},{\"@type\":\"Organization\",\"@id\":\"https:\\\/\\\/gradido.net\\\/de\\\/#organization\",\"name\":\"Gradido\",\"url\":\"https:\\\/\\\/gradido.net\\\/de\\\/\",\"logo\":{\"@type\":\"ImageObject\",\"inLanguage\":\"sv-SE\",\"@id\":\"https:\\\/\\\/gradido.net\\\/de\\\/#\\\/schema\\\/logo\\\/image\\\/\",\"url\":\"https:\\\/\\\/gradido.net\\\/wp-content\\\/uploads\\\/2022\\\/04\\\/gradido-social.jpg\",\"contentUrl\":\"https:\\\/\\\/gradido.net\\\/wp-content\\\/uploads\\\/2022\\\/04\\\/gradido-social.jpg\",\"width\":527,\"height\":273,\"caption\":\"Gradido\"},\"image\":{\"@id\":\"https:\\\/\\\/gradido.net\\\/de\\\/#\\\/schema\\\/logo\\\/image\\\/\"}},{\"@type\":\"Person\",\"@id\":\"https:\\\/\\\/gradido.net\\\/de\\\/#\\\/schema\\\/person\\\/9c503a004ad15a1ddecadce2218db5d1\",\"name\":\"Bernd H\u00fcckst\u00e4dt\",\"sameAs\":[\"https:\\\/\\\/gradido.net\"],\"url\":\"https:\\\/\\\/gradido.net\\\/sv\\\/author\\\/bernd\\\/\"}]}<\/script>\n<!-- \/ Yoast SEO plugin. -->","yoast_head_json":{"title":"Tillsammans ist\u00e4llet f\u00f6r ensam - Hitta likasinnade i ditt grannskap - Gradido","description":"K\u00e4nner du ocks\u00e5 igen dig i den h\u00e4r k\u00e4nslan? Du \u00e4r helhj\u00e4rtat engagerad i fred, frihet och en framtid som \u00e4r v\u00e4rd att leva i harmoni med naturen. Men ibland k\u00e4nner du dig ensam p\u00e5 din v\u00e4g eftersom du inte vet var m\u00e4nniskor som delar dina v\u00e4rderingar och visioner bor i ditt grannskap. Nu finns det en enkel l\u00f6sning...","robots":{"index":"index","follow":"follow","max-snippet":"max-snippet:-1","max-image-preview":"max-image-preview:large","max-video-preview":"max-video-preview:-1"},"canonical":"https:\/\/gradido.net\/sv\/gms1\/","og_locale":"sv_SE","og_type":"article","og_title":"Gemeinsam statt einsam \u2013 Finde Gleichgesinnte in Deiner N\u00e4he - Gradido","og_description":"Kennst Du auch dieses Gef\u00fchl? Du engagierst Dich aus ganzem Herzen f\u00fcr Frieden, Freiheit und eine lebenswerte Zukunft in Harmonie mit der Natur. Doch Du f\u00fchlst Dich manchmal allein auf Deinem Weg, weil Du nicht wei\u00dft, wo in Deiner N\u00e4he Menschen leben, die Deine Werte und Visionen teilen. Jetzt ist eine einfache L\u00f6sung da\u2026","og_url":"https:\/\/gradido.net\/sv\/gms1\/","og_site_name":"Gradido","article_published_time":"2025-04-16T14:28:00+00:00","article_modified_time":"2026-04-24T05:24:28+00:00","og_image":[{"width":1920,"height":880,"url":"https:\/\/gradido.net\/wp-content\/uploads\/2025\/04\/GMS_Banner.jpg","type":"image\/jpeg"}],"author":"Bernd H\u00fcckst\u00e4dt","twitter_card":"summary_large_image","twitter_misc":{"Skriven av":"Bernd H\u00fcckst\u00e4dt","Ber\u00e4knad l\u00e4stid":"4 minuter"},"schema":{"@context":"https:\/\/schema.org","@graph":[{"@type":"Article","@id":"https:\/\/gradido.net\/gms1\/#article","isPartOf":{"@id":"https:\/\/gradido.net\/gms1\/"},"author":{"name":"Bernd H\u00fcckst\u00e4dt","@id":"https:\/\/gradido.net\/de\/#\/schema\/person\/9c503a004ad15a1ddecadce2218db5d1"},"headline":"Gemeinsam statt einsam \u2013 Finde Gleichgesinnte in Deiner N\u00e4he","datePublished":"2025-04-16T14:28:00+00:00","dateModified":"2026-04-24T05:24:28+00:00","mainEntityOfPage":{"@id":"https:\/\/gradido.net\/gms1\/"},"wordCount":533,"publisher":{"@id":"https:\/\/gradido.net\/de\/#organization"},"image":{"@id":"https:\/\/gradido.net\/gms1\/#primaryimage"},"thumbnailUrl":"https:\/\/gradido.net\/wp-content\/uploads\/2025\/04\/GMS_Banner.jpg","keywords":["Bild oben"],"articleSection":["Blog","Community","Gradido-Konto"],"inLanguage":"sv-SE"},{"@type":"WebPage","@id":"https:\/\/gradido.net\/gms1\/","url":"https:\/\/gradido.net\/gms1\/","name":"Tillsammans ist\u00e4llet f\u00f6r ensam - Hitta likasinnade i ditt grannskap - Gradido","isPartOf":{"@id":"https:\/\/gradido.net\/de\/#website"},"primaryImageOfPage":{"@id":"https:\/\/gradido.net\/gms1\/#primaryimage"},"image":{"@id":"https:\/\/gradido.net\/gms1\/#primaryimage"},"thumbnailUrl":"https:\/\/gradido.net\/wp-content\/uploads\/2025\/04\/GMS_Banner.jpg","datePublished":"2025-04-16T14:28:00+00:00","dateModified":"2026-04-24T05:24:28+00:00","description":"K\u00e4nner du ocks\u00e5 igen dig i den h\u00e4r k\u00e4nslan? Du \u00e4r helhj\u00e4rtat engagerad i fred, frihet och en framtid som \u00e4r v\u00e4rd att leva i harmoni med naturen. Men ibland k\u00e4nner du dig ensam p\u00e5 din v\u00e4g eftersom du inte vet var m\u00e4nniskor som delar dina v\u00e4rderingar och visioner bor i ditt grannskap. Nu finns det en enkel l\u00f6sning...","breadcrumb":{"@id":"https:\/\/gradido.net\/gms1\/#breadcrumb"},"inLanguage":"sv-SE","potentialAction":[{"@type":"ReadAction","target":["https:\/\/gradido.net\/gms1\/"]}]},{"@type":"ImageObject","inLanguage":"sv-SE","@id":"https:\/\/gradido.net\/gms1\/#primaryimage","url":"https:\/\/gradido.net\/wp-content\/uploads\/2025\/04\/GMS_Banner.jpg","contentUrl":"https:\/\/gradido.net\/wp-content\/uploads\/2025\/04\/GMS_Banner.jpg","width":1920,"height":880},{"@type":"BreadcrumbList","@id":"https:\/\/gradido.net\/gms1\/#breadcrumb","itemListElement":[{"@type":"ListItem","position":1,"name":"Startseite","item":"https:\/\/gradido.net\/"},{"@type":"ListItem","position":2,"name":"Gemeinsam statt einsam \u2013 Finde Gleichgesinnte in Deiner N\u00e4he"}]},{"@type":"WebSite","@id":"https:\/\/gradido.net\/de\/#website","url":"https:\/\/gradido.net\/de\/","name":"Gradido","description":"Den nya valutan \u00e4r tacksamhet","publisher":{"@id":"https:\/\/gradido.net\/de\/#organization"},"potentialAction":[{"@type":"SearchAction","target":{"@type":"EntryPoint","urlTemplate":"https:\/\/gradido.net\/de\/?s={search_term_string}"},"query-input":{"@type":"PropertyValueSpecification","valueRequired":true,"valueName":"search_term_string"}}],"inLanguage":"sv-SE"},{"@type":"Organization","@id":"https:\/\/gradido.net\/de\/#organization","name":"Gradido","url":"https:\/\/gradido.net\/de\/","logo":{"@type":"ImageObject","inLanguage":"sv-SE","@id":"https:\/\/gradido.net\/de\/#\/schema\/logo\/image\/","url":"https:\/\/gradido.net\/wp-content\/uploads\/2022\/04\/gradido-social.jpg","contentUrl":"https:\/\/gradido.net\/wp-content\/uploads\/2022\/04\/gradido-social.jpg","width":527,"height":273,"caption":"Gradido"},"image":{"@id":"https:\/\/gradido.net\/de\/#\/schema\/logo\/image\/"}},{"@type":"Person","@id":"https:\/\/gradido.net\/de\/#\/schema\/person\/9c503a004ad15a1ddecadce2218db5d1","name":"Bernd H\u00fcckst\u00e4dt","sameAs":["https:\/\/gradido.net"],"url":"https:\/\/gradido.net\/sv\/author\/bernd\/"}]}},"_links":{"self":[{"href":"https:\/\/gradido.net\/sv\/wp-json\/wp\/v2\/posts\/10264","targetHints":{"allow":["GET"]}}],"collection":[{"href":"https:\/\/gradido.net\/sv\/wp-json\/wp\/v2\/posts"}],"about":[{"href":"https:\/\/gradido.net\/sv\/wp-json\/wp\/v2\/types\/post"}],"author":[{"embeddable":true,"href":"https:\/\/gradido.net\/sv\/wp-json\/wp\/v2\/users\/2"}],"replies":[{"embeddable":true,"href":"https:\/\/gradido.net\/sv\/wp-json\/wp\/v2\/comments?post=10264"}],"version-history":[{"count":12,"href":"https:\/\/gradido.net\/sv\/wp-json\/wp\/v2\/posts\/10264\/revisions"}],"predecessor-version":[{"id":13576,"href":"https:\/\/gradido.net\/sv\/wp-json\/wp\/v2\/posts\/10264\/revisions\/13576"}],"wp:featuredmedia":[{"embeddable":true,"href":"https:\/\/gradido.net\/sv\/wp-json\/wp\/v2\/media\/10265"}],"wp:attachment":[{"href":"https:\/\/gradido.net\/sv\/wp-json\/wp\/v2\/media?parent=10264"}],"wp:term":[{"taxonomy":"category","embeddable":true,"href":"https:\/\/gradido.net\/sv\/wp-json\/wp\/v2\/categories?post=10264"},{"taxonomy":"post_tag","embeddable":true,"href":"https:\/\/gradido.net\/sv\/wp-json\/wp\/v2\/tags?post=10264"}],"curies":[{"name":"wp","href":"https:\/\/api.w.org\/{rel}","templated":true}]}}