{"id":10280,"date":"2025-03-25T09:27:09","date_gmt":"2025-03-25T08:27:09","guid":{"rendered":"https:\/\/gradido.net\/?p=10280"},"modified":"2026-04-24T07:24:55","modified_gmt":"2026-04-24T05:24:55","slug":"visionen-und-projekte","status":"publish","type":"post","link":"https:\/\/gradido.net\/sv\/visionen-und-projekte\/","title":{"rendered":"Visioner och projekt"},"content":{"rendered":"<div data-elementor-type=\"wp-post\" data-elementor-id=\"10280\" class=\"elementor elementor-10280\" data-elementor-post-type=\"post\">\n\t\t\t\t\t\t<section class=\"elementor-section elementor-top-section elementor-element elementor-element-496e1d53 elementor-section-boxed elementor-section-height-default elementor-section-height-default\" data-id=\"496e1d53\" data-element_type=\"section\" data-e-type=\"section\">\n\t\t\t\t\t\t<div class=\"elementor-container elementor-column-gap-default\">\n\t\t\t\t\t<div class=\"elementor-column elementor-col-100 elementor-top-column elementor-element elementor-element-461d7be0\" data-id=\"461d7be0\" data-element_type=\"column\" data-e-type=\"column\">\n\t\t\t<div class=\"elementor-widget-wrap elementor-element-populated\">\n\t\t\t\t\t\t<div class=\"elementor-element elementor-element-cd9ebe2 elementor-widget elementor-widget-text-editor\" data-id=\"cd9ebe2\" data-element_type=\"widget\" data-e-type=\"widget\" data-widget_type=\"text-editor.default\">\n\t\t\t\t<div class=\"elementor-widget-container\">\n\t\t\t\t\t\t\t\t\t<p style=\"text-align: right;\"><em>\"Framtiden tillh\u00f6r dem som tror p\u00e5 sk\u00f6nheten i sina dr\u00f6mmar.\"<\/em><\/p><p style=\"text-align: right;\">- Eleanor Roosevelt<\/p><p>K\u00e4ra l\u00e4sare,<\/p><p>Har du visioner och dr\u00f6mmar om en b\u00e4ttre v\u00e4rld i ditt hj\u00e4rta? K\u00e4nner du dig ibland ensam i detta och vill g\u00f6ra kraftfulla insatser i en verklig gemenskap?<\/p><p>F\u00f6rest\u00e4ll dig en v\u00e4rld d\u00e4r du f\u00e5r kontakt med likasinnade, f\u00f6rverkligar id\u00e9er tillsammans och spelar en viktig roll f\u00f6r att skapa en vacker, r\u00e4ttvis och h\u00e4lsosam framtid!<\/p><p>Det \u00e4r just d\u00e4rf\u00f6r som Carola fr\u00e5n WISSEN::HEILEN::LEBEN och vi fr\u00e5n Gradido Academy har g\u00e5tt samman - och gemensamt ut\u00f6kat Gradidos samarbetsplattform f\u00f6r att ge v\u00e4rlden en unik onlinekongress med ett resande symposium.<\/p><p><strong>\ud83c\udf40 \"Visioner &amp; projekt - skapa kontakter, levande samh\u00e4lle\" \ud83c\udf40 <\/strong><br \/><strong>Permanent online-kongress p\u00e5 Gradido-plattformen<\/strong><\/p><h3>Vad kan du f\u00f6rv\u00e4nta dig?<\/h3><p>\u2705 Permanent och livlig - permanent tillg\u00e4nglig och livlig onlinekongress med st\u00e4ndigt nya projekt och visioner. <br \/>\u2705 Regionalt resesymposium - inbjudningar till direkts\u00e4nda m\u00f6ten och projektbes\u00f6k p\u00e5 plats. <br \/>\u2705 Enkelt deltagande och stort n\u00e4tverk - utbyt id\u00e9er med inspirerande m\u00e4nniskor i ett skyddat utrymme och uppt\u00e4ck projekt som inspirerar dig.<\/p><p>Vi vet av egen erfarenhet hur viktigt och v\u00e4rdefullt det \u00e4r med ett \u00e4rligt n\u00e4tverkande i \u00f6gonh\u00f6jd - och vilken otrolig kraft det finns i att arbeta tillsammans. Du \u00e4r hj\u00e4rtligt v\u00e4lkommen till oss och dela din vision eller ditt projekt med oss!<\/p><h3>Ditt deltagande - kostnadsfritt och okomplicerat<\/h3><ol><li><a href=\"https:\/\/gdd.gradido.net\/login?project=visionenprojekte\" target=\"_blank\" rel=\"noopener\">G\u00e5 till kongressens inloggning<\/a><\/li><li>Om du \u00e4nnu inte har ett Gradido-konto klickar du p\u00e5 Registrera. Annars loggar du in med dina Gradido-\u00e5tkomstuppgifter.<\/li><li>N\u00e4r du har loggat in kommer du direkt till kongressutrymmet.<\/li><\/ol><h3>I ett skyddat utrymme<\/h3><p>Du kommunicerar kostnadsfritt i ett skyddat utrymme som \u00e4r s\u00e4kert placerat i Tyskland.<\/p><p>Kongressen finansieras med hj\u00e4lp av donationer. Om du vill st\u00f6dja oss: \"F\u00f6r priset av ett ingef\u00e4rste (3 EUR) hj\u00e4lper du oss att vidareutveckla projektet\". P\u00e5 s\u00e5 s\u00e4tt kan vi v\u00e4xa tillsammans.<\/p><h3>H\u00e5ll dig inte ensam med dina v\u00e4rdefulla dr\u00f6mmar och id\u00e9er!<\/h3><p>Ber\u00e4tta f\u00f6r dina v\u00e4nner om kongressen s\u00e5 att v\u00e5r gemenskap kan forts\u00e4tta att v\u00e4xa.<\/p><h3>Bli en del av v\u00e5r gemensamma omvandling!<\/h3><p>Skapa tillsammans med oss den nya jorden - en vacker plats f\u00f6r oss, v\u00e5ra barn och kommande generationer. Full av fred, sann frihet, h\u00e4lsosamt v\u00e4lst\u00e5nd och i k\u00e4rleksfull harmoni med naturen.<\/p><p>\ud83d\udc49 <a href=\"https:\/\/gdd.gradido.net\/login?project=visionenprojekte\" target=\"_blank\" rel=\"noopener\">Delta nu kostnadsfritt<\/a> och bli en del av ett v\u00e4xande n\u00e4tverk av framtida kreat\u00f6rer!<\/p>\t\t\t\t\t\t\t\t<\/div>\n\t\t\t\t<\/div>\n\t\t\t\t<div class=\"elementor-element elementor-element-d74dfa0 elementor-widget elementor-widget-text-editor\" data-id=\"d74dfa0\" data-element_type=\"widget\" data-e-type=\"widget\" data-widget_type=\"text-editor.default\">\n\t\t\t\t<div class=\"elementor-widget-container\">\n\t\t\t\t\t\t\t\t\t<div data-pm-slice=\"1 1 []\" data-en-clipboard=\"true\"><p>Med gl\u00e4dje och v\u00e4rme f\u00f6r v\u00e5r gemensamma framtid<\/p><\/div><p>Din<\/p><p><img decoding=\"async\" class=\"alignnone wp-image-4614 size-medium\" src=\"https:\/\/gradido.net\/wp-content\/uploads\/2022\/06\/MargretBernd_2022-300x74.png\" alt=\"\" width=\"300\" height=\"74\" srcset=\"https:\/\/gradido.net\/wp-content\/uploads\/2022\/06\/MargretBernd_2022-300x74.png 300w, https:\/\/gradido.net\/wp-content\/uploads\/2022\/06\/MargretBernd_2022-18x4.png 18w, https:\/\/gradido.net\/wp-content\/uploads\/2022\/06\/MargretBernd_2022.png 431w\" sizes=\"(max-width: 300px) 100vw, 300px\" \/><\/p><p>Margret Baier och Bernd H\u00fcckst\u00e4dt<br \/>Gradidos grundare och utvecklare<\/p>\t\t\t\t\t\t\t\t<\/div>\n\t\t\t\t<\/div>\n\t\t\t\t\t<\/div>\n\t\t<\/div>\n\t\t\t\t\t<\/div>\n\t\t<\/section>\n\t\t\t\t<section class=\"elementor-section elementor-top-section elementor-element elementor-element-14532fe elementor-section-boxed elementor-section-height-default elementor-section-height-default\" data-id=\"14532fe\" data-element_type=\"section\" data-e-type=\"section\">\n\t\t\t\t\t\t<div class=\"elementor-container elementor-column-gap-default\">\n\t\t\t\t\t<div class=\"elementor-column elementor-col-100 elementor-top-column elementor-element elementor-element-65d2298\" data-id=\"65d2298\" data-element_type=\"column\" data-e-type=\"column\">\n\t\t\t<div class=\"elementor-widget-wrap elementor-element-populated\">\n\t\t\t\t\t\t<div class=\"elementor-element elementor-element-bea124f elementor-widget elementor-widget-global elementor-global-9341 elementor-widget-text-editor\" data-id=\"bea124f\" data-element_type=\"widget\" data-e-type=\"widget\" data-widget_type=\"text-editor.default\">\n\t\t\t\t<div class=\"elementor-widget-container\">\n\t\t\t\t\t\t\t\t\t<p><strong>PS:\u00a0<span style=\"color: #ff6600;\"><a style=\"color: #ff6600;\" href=\"https:\/\/gradido.net\/sv\/donations\/\">P\u00e5 grund av Gradidos st\u00e4ndigt \u00f6kande betydelse upprepar vi v\u00e5r tacksamhetskampanj den 26 juni 2026:<\/a>\u00a0<\/span><span style=\"color: #0000ff;\"><a style=\"color: #0000ff;\" href=\"https:\/\/gradido.net\/sv\/donations\/\">F\u00f6rutom den multipla GradidoTransform f\u00f6r ditt sponsorbidrag, kommer vi att \u00f6ka alla GDT-kontosaldon med 26% den 26\/06\/2016. Sponsra nu och njut av det multipla beloppet av GDT!<\/a><\/span><\/strong><\/p>\t\t\t\t\t\t\t\t<\/div>\n\t\t\t\t<\/div>\n\t\t\t\t\t<\/div>\n\t\t<\/div>\n\t\t\t\t\t<\/div>\n\t\t<\/section>\n\t\t\t\t<section class=\"elementor-section elementor-top-section elementor-element elementor-element-29dfc07 elementor-section-boxed elementor-section-height-default elementor-section-height-default\" data-id=\"29dfc07\" data-element_type=\"section\" data-e-type=\"section\">\n\t\t\t\t\t\t<div class=\"elementor-container elementor-column-gap-default\">\n\t\t\t\t\t<div class=\"elementor-column elementor-col-100 elementor-top-column elementor-element elementor-element-d37ec5a\" data-id=\"d37ec5a\" data-element_type=\"column\" data-e-type=\"column\">\n\t\t\t<div class=\"elementor-widget-wrap\">\n\t\t\t\t\t\t\t<\/div>\n\t\t<\/div>\n\t\t\t\t\t<\/div>\n\t\t<\/section>\n\t\t\t\t<\/div>","protected":false},"excerpt":{"rendered":"<p>Har du visioner och dr\u00f6mmar om en b\u00e4ttre v\u00e4rld i ditt hj\u00e4rta? K\u00e4nner du dig ibland ensam och vill g\u00f6ra kraftfulla insatser i en verklig gemenskap? F\u00f6rest\u00e4ll dig en v\u00e4rld d\u00e4r du kan f\u00e5 kontakt med likasinnade m\u00e4nniskor, f\u00f6rverkliga id\u00e9er tillsammans och vidta kraftfulla ...<\/p>","protected":false},"author":2,"featured_media":10281,"comment_status":"closed","ping_status":"closed","sticky":false,"template":"","format":"standard","meta":{"footnotes":""},"categories":[11,54],"tags":[22],"class_list":["post-10280","post","type-post","status-publish","format-standard","has-post-thumbnail","hentry","category-blog","category-community","tag-bild-oben"],"yoast_head":"<!-- This site is optimized with the Yoast SEO plugin v27.5 - https:\/\/yoast.com\/product\/yoast-seo-wordpress\/ -->\n<title>Visionen und Projekte - Gradido<\/title>\n<meta name=\"description\" content=\"Tr\u00e4gst Du Visionen und Tr\u00e4ume f\u00fcr eine bessere Welt in Deinem Herzen? F\u00fchlst Du Dich manchmal allein damit und m\u00f6chtest in echter Gemeinschaft kraftvoll aktiv werden? Stell Dir vor: eine Welt, in der Du Dich mit Gleichgesinnten verbindest, gemeinsam Ideen zum Leben erweckst und kraftvoll \u2026\" \/>\n<meta name=\"robots\" content=\"index, follow, max-snippet:-1, max-image-preview:large, max-video-preview:-1\" \/>\n<link rel=\"canonical\" href=\"https:\/\/gradido.net\/sv\/visionen-und-projekte\/\" \/>\n<meta property=\"og:locale\" content=\"sv_SE\" \/>\n<meta property=\"og:type\" content=\"article\" \/>\n<meta property=\"og:title\" content=\"Visionen und Projekte - Gradido\" \/>\n<meta property=\"og:description\" content=\"Tr\u00e4gst Du Visionen und Tr\u00e4ume f\u00fcr eine bessere Welt in Deinem Herzen? F\u00fchlst Du Dich manchmal allein damit und m\u00f6chtest in echter Gemeinschaft kraftvoll aktiv werden? Stell Dir vor: eine Welt, in der Du Dich mit Gleichgesinnten verbindest, gemeinsam Ideen zum Leben erweckst und kraftvoll \u2026\" \/>\n<meta property=\"og:url\" content=\"https:\/\/gradido.net\/sv\/visionen-und-projekte\/\" \/>\n<meta property=\"og:site_name\" content=\"Gradido\" \/>\n<meta property=\"article:published_time\" content=\"2025-03-25T08:27:09+00:00\" \/>\n<meta property=\"article:modified_time\" content=\"2026-04-24T05:24:55+00:00\" \/>\n<meta property=\"og:image\" content=\"https:\/\/gradido.net\/wp-content\/uploads\/2025\/04\/Banner-Visionen-Projekte.png\" \/>\n\t<meta property=\"og:image:width\" content=\"2430\" \/>\n\t<meta property=\"og:image:height\" content=\"1386\" \/>\n\t<meta property=\"og:image:type\" content=\"image\/png\" \/>\n<meta name=\"author\" content=\"Bernd H\u00fcckst\u00e4dt\" \/>\n<meta name=\"twitter:card\" content=\"summary_large_image\" \/>\n<meta name=\"twitter:label1\" content=\"Skriven av\" \/>\n\t<meta name=\"twitter:data1\" content=\"Bernd H\u00fcckst\u00e4dt\" \/>\n\t<meta name=\"twitter:label2\" content=\"Ber\u00e4knad l\u00e4stid\" \/>\n\t<meta name=\"twitter:data2\" content=\"3 minuter\" \/>\n<script type=\"application\/ld+json\" class=\"yoast-schema-graph\">{\"@context\":\"https:\\\/\\\/schema.org\",\"@graph\":[{\"@type\":\"Article\",\"@id\":\"https:\\\/\\\/gradido.net\\\/visionen-und-projekte\\\/#article\",\"isPartOf\":{\"@id\":\"https:\\\/\\\/gradido.net\\\/visionen-und-projekte\\\/\"},\"author\":{\"name\":\"Bernd H\u00fcckst\u00e4dt\",\"@id\":\"https:\\\/\\\/gradido.net\\\/de\\\/#\\\/schema\\\/person\\\/9c503a004ad15a1ddecadce2218db5d1\"},\"headline\":\"Visionen und Projekte\",\"datePublished\":\"2025-03-25T08:27:09+00:00\",\"dateModified\":\"2026-04-24T05:24:55+00:00\",\"mainEntityOfPage\":{\"@id\":\"https:\\\/\\\/gradido.net\\\/visionen-und-projekte\\\/\"},\"wordCount\":446,\"publisher\":{\"@id\":\"https:\\\/\\\/gradido.net\\\/de\\\/#organization\"},\"image\":{\"@id\":\"https:\\\/\\\/gradido.net\\\/visionen-und-projekte\\\/#primaryimage\"},\"thumbnailUrl\":\"https:\\\/\\\/gradido.net\\\/wp-content\\\/uploads\\\/2025\\\/04\\\/Banner-Visionen-Projekte.png\",\"keywords\":[\"Bild oben\"],\"articleSection\":[\"Blog\",\"Community\"],\"inLanguage\":\"sv-SE\"},{\"@type\":\"WebPage\",\"@id\":\"https:\\\/\\\/gradido.net\\\/visionen-und-projekte\\\/\",\"url\":\"https:\\\/\\\/gradido.net\\\/visionen-und-projekte\\\/\",\"name\":\"Visionen und Projekte - Gradido\",\"isPartOf\":{\"@id\":\"https:\\\/\\\/gradido.net\\\/de\\\/#website\"},\"primaryImageOfPage\":{\"@id\":\"https:\\\/\\\/gradido.net\\\/visionen-und-projekte\\\/#primaryimage\"},\"image\":{\"@id\":\"https:\\\/\\\/gradido.net\\\/visionen-und-projekte\\\/#primaryimage\"},\"thumbnailUrl\":\"https:\\\/\\\/gradido.net\\\/wp-content\\\/uploads\\\/2025\\\/04\\\/Banner-Visionen-Projekte.png\",\"datePublished\":\"2025-03-25T08:27:09+00:00\",\"dateModified\":\"2026-04-24T05:24:55+00:00\",\"description\":\"Tr\u00e4gst Du Visionen und Tr\u00e4ume f\u00fcr eine bessere Welt in Deinem Herzen? F\u00fchlst Du Dich manchmal allein damit und m\u00f6chtest in echter Gemeinschaft kraftvoll aktiv werden? Stell Dir vor: eine Welt, in der Du Dich mit Gleichgesinnten verbindest, gemeinsam Ideen zum Leben erweckst und kraftvoll \u2026\",\"breadcrumb\":{\"@id\":\"https:\\\/\\\/gradido.net\\\/visionen-und-projekte\\\/#breadcrumb\"},\"inLanguage\":\"sv-SE\",\"potentialAction\":[{\"@type\":\"ReadAction\",\"target\":[\"https:\\\/\\\/gradido.net\\\/visionen-und-projekte\\\/\"]}]},{\"@type\":\"ImageObject\",\"inLanguage\":\"sv-SE\",\"@id\":\"https:\\\/\\\/gradido.net\\\/visionen-und-projekte\\\/#primaryimage\",\"url\":\"https:\\\/\\\/gradido.net\\\/wp-content\\\/uploads\\\/2025\\\/04\\\/Banner-Visionen-Projekte.png\",\"contentUrl\":\"https:\\\/\\\/gradido.net\\\/wp-content\\\/uploads\\\/2025\\\/04\\\/Banner-Visionen-Projekte.png\",\"width\":2430,\"height\":1386},{\"@type\":\"BreadcrumbList\",\"@id\":\"https:\\\/\\\/gradido.net\\\/visionen-und-projekte\\\/#breadcrumb\",\"itemListElement\":[{\"@type\":\"ListItem\",\"position\":1,\"name\":\"Startseite\",\"item\":\"https:\\\/\\\/gradido.net\\\/\"},{\"@type\":\"ListItem\",\"position\":2,\"name\":\"Visionen und Projekte\"}]},{\"@type\":\"WebSite\",\"@id\":\"https:\\\/\\\/gradido.net\\\/de\\\/#website\",\"url\":\"https:\\\/\\\/gradido.net\\\/de\\\/\",\"name\":\"Gradido\",\"description\":\"Die neue W\u00e4hrung hei\u00dft Dankbarkeit\",\"publisher\":{\"@id\":\"https:\\\/\\\/gradido.net\\\/de\\\/#organization\"},\"potentialAction\":[{\"@type\":\"SearchAction\",\"target\":{\"@type\":\"EntryPoint\",\"urlTemplate\":\"https:\\\/\\\/gradido.net\\\/de\\\/?s={search_term_string}\"},\"query-input\":{\"@type\":\"PropertyValueSpecification\",\"valueRequired\":true,\"valueName\":\"search_term_string\"}}],\"inLanguage\":\"sv-SE\"},{\"@type\":\"Organization\",\"@id\":\"https:\\\/\\\/gradido.net\\\/de\\\/#organization\",\"name\":\"Gradido\",\"url\":\"https:\\\/\\\/gradido.net\\\/de\\\/\",\"logo\":{\"@type\":\"ImageObject\",\"inLanguage\":\"sv-SE\",\"@id\":\"https:\\\/\\\/gradido.net\\\/de\\\/#\\\/schema\\\/logo\\\/image\\\/\",\"url\":\"https:\\\/\\\/gradido.net\\\/wp-content\\\/uploads\\\/2022\\\/04\\\/gradido-social.jpg\",\"contentUrl\":\"https:\\\/\\\/gradido.net\\\/wp-content\\\/uploads\\\/2022\\\/04\\\/gradido-social.jpg\",\"width\":527,\"height\":273,\"caption\":\"Gradido\"},\"image\":{\"@id\":\"https:\\\/\\\/gradido.net\\\/de\\\/#\\\/schema\\\/logo\\\/image\\\/\"}},{\"@type\":\"Person\",\"@id\":\"https:\\\/\\\/gradido.net\\\/de\\\/#\\\/schema\\\/person\\\/9c503a004ad15a1ddecadce2218db5d1\",\"name\":\"Bernd H\u00fcckst\u00e4dt\",\"sameAs\":[\"https:\\\/\\\/gradido.net\"],\"url\":\"https:\\\/\\\/gradido.net\\\/sv\\\/author\\\/bernd\\\/\"}]}<\/script>\n<!-- \/ Yoast SEO plugin. -->","yoast_head_json":{"title":"Visioner och projekt - Gradido","description":"Har du visioner och dr\u00f6mmar om en b\u00e4ttre v\u00e4rld i ditt hj\u00e4rta? K\u00e4nner du dig ibland ensam och vill g\u00f6ra kraftfulla insatser i en verklig gemenskap? F\u00f6rest\u00e4ll dig en v\u00e4rld d\u00e4r du kan f\u00e5 kontakt med likasinnade m\u00e4nniskor, f\u00f6rverkliga id\u00e9er tillsammans och vidta kraftfulla ...","robots":{"index":"index","follow":"follow","max-snippet":"max-snippet:-1","max-image-preview":"max-image-preview:large","max-video-preview":"max-video-preview:-1"},"canonical":"https:\/\/gradido.net\/sv\/visionen-und-projekte\/","og_locale":"sv_SE","og_type":"article","og_title":"Visionen und Projekte - Gradido","og_description":"Tr\u00e4gst Du Visionen und Tr\u00e4ume f\u00fcr eine bessere Welt in Deinem Herzen? F\u00fchlst Du Dich manchmal allein damit und m\u00f6chtest in echter Gemeinschaft kraftvoll aktiv werden? Stell Dir vor: eine Welt, in der Du Dich mit Gleichgesinnten verbindest, gemeinsam Ideen zum Leben erweckst und kraftvoll \u2026","og_url":"https:\/\/gradido.net\/sv\/visionen-und-projekte\/","og_site_name":"Gradido","article_published_time":"2025-03-25T08:27:09+00:00","article_modified_time":"2026-04-24T05:24:55+00:00","og_image":[{"width":2430,"height":1386,"url":"https:\/\/gradido.net\/wp-content\/uploads\/2025\/04\/Banner-Visionen-Projekte.png","type":"image\/png"}],"author":"Bernd H\u00fcckst\u00e4dt","twitter_card":"summary_large_image","twitter_misc":{"Skriven av":"Bernd H\u00fcckst\u00e4dt","Ber\u00e4knad l\u00e4stid":"3 minuter"},"schema":{"@context":"https:\/\/schema.org","@graph":[{"@type":"Article","@id":"https:\/\/gradido.net\/visionen-und-projekte\/#article","isPartOf":{"@id":"https:\/\/gradido.net\/visionen-und-projekte\/"},"author":{"name":"Bernd H\u00fcckst\u00e4dt","@id":"https:\/\/gradido.net\/de\/#\/schema\/person\/9c503a004ad15a1ddecadce2218db5d1"},"headline":"Visionen und Projekte","datePublished":"2025-03-25T08:27:09+00:00","dateModified":"2026-04-24T05:24:55+00:00","mainEntityOfPage":{"@id":"https:\/\/gradido.net\/visionen-und-projekte\/"},"wordCount":446,"publisher":{"@id":"https:\/\/gradido.net\/de\/#organization"},"image":{"@id":"https:\/\/gradido.net\/visionen-und-projekte\/#primaryimage"},"thumbnailUrl":"https:\/\/gradido.net\/wp-content\/uploads\/2025\/04\/Banner-Visionen-Projekte.png","keywords":["Bild oben"],"articleSection":["Blog","Community"],"inLanguage":"sv-SE"},{"@type":"WebPage","@id":"https:\/\/gradido.net\/visionen-und-projekte\/","url":"https:\/\/gradido.net\/visionen-und-projekte\/","name":"Visioner och projekt - Gradido","isPartOf":{"@id":"https:\/\/gradido.net\/de\/#website"},"primaryImageOfPage":{"@id":"https:\/\/gradido.net\/visionen-und-projekte\/#primaryimage"},"image":{"@id":"https:\/\/gradido.net\/visionen-und-projekte\/#primaryimage"},"thumbnailUrl":"https:\/\/gradido.net\/wp-content\/uploads\/2025\/04\/Banner-Visionen-Projekte.png","datePublished":"2025-03-25T08:27:09+00:00","dateModified":"2026-04-24T05:24:55+00:00","description":"Har du visioner och dr\u00f6mmar om en b\u00e4ttre v\u00e4rld i ditt hj\u00e4rta? K\u00e4nner du dig ibland ensam och vill g\u00f6ra kraftfulla insatser i en verklig gemenskap? F\u00f6rest\u00e4ll dig en v\u00e4rld d\u00e4r du kan f\u00e5 kontakt med likasinnade m\u00e4nniskor, f\u00f6rverkliga id\u00e9er tillsammans och vidta kraftfulla ...","breadcrumb":{"@id":"https:\/\/gradido.net\/visionen-und-projekte\/#breadcrumb"},"inLanguage":"sv-SE","potentialAction":[{"@type":"ReadAction","target":["https:\/\/gradido.net\/visionen-und-projekte\/"]}]},{"@type":"ImageObject","inLanguage":"sv-SE","@id":"https:\/\/gradido.net\/visionen-und-projekte\/#primaryimage","url":"https:\/\/gradido.net\/wp-content\/uploads\/2025\/04\/Banner-Visionen-Projekte.png","contentUrl":"https:\/\/gradido.net\/wp-content\/uploads\/2025\/04\/Banner-Visionen-Projekte.png","width":2430,"height":1386},{"@type":"BreadcrumbList","@id":"https:\/\/gradido.net\/visionen-und-projekte\/#breadcrumb","itemListElement":[{"@type":"ListItem","position":1,"name":"Startseite","item":"https:\/\/gradido.net\/"},{"@type":"ListItem","position":2,"name":"Visionen und Projekte"}]},{"@type":"WebSite","@id":"https:\/\/gradido.net\/de\/#website","url":"https:\/\/gradido.net\/de\/","name":"Gradido","description":"Den nya valutan \u00e4r tacksamhet","publisher":{"@id":"https:\/\/gradido.net\/de\/#organization"},"potentialAction":[{"@type":"SearchAction","target":{"@type":"EntryPoint","urlTemplate":"https:\/\/gradido.net\/de\/?s={search_term_string}"},"query-input":{"@type":"PropertyValueSpecification","valueRequired":true,"valueName":"search_term_string"}}],"inLanguage":"sv-SE"},{"@type":"Organization","@id":"https:\/\/gradido.net\/de\/#organization","name":"Gradido","url":"https:\/\/gradido.net\/de\/","logo":{"@type":"ImageObject","inLanguage":"sv-SE","@id":"https:\/\/gradido.net\/de\/#\/schema\/logo\/image\/","url":"https:\/\/gradido.net\/wp-content\/uploads\/2022\/04\/gradido-social.jpg","contentUrl":"https:\/\/gradido.net\/wp-content\/uploads\/2022\/04\/gradido-social.jpg","width":527,"height":273,"caption":"Gradido"},"image":{"@id":"https:\/\/gradido.net\/de\/#\/schema\/logo\/image\/"}},{"@type":"Person","@id":"https:\/\/gradido.net\/de\/#\/schema\/person\/9c503a004ad15a1ddecadce2218db5d1","name":"Bernd H\u00fcckst\u00e4dt","sameAs":["https:\/\/gradido.net"],"url":"https:\/\/gradido.net\/sv\/author\/bernd\/"}]}},"_links":{"self":[{"href":"https:\/\/gradido.net\/sv\/wp-json\/wp\/v2\/posts\/10280","targetHints":{"allow":["GET"]}}],"collection":[{"href":"https:\/\/gradido.net\/sv\/wp-json\/wp\/v2\/posts"}],"about":[{"href":"https:\/\/gradido.net\/sv\/wp-json\/wp\/v2\/types\/post"}],"author":[{"embeddable":true,"href":"https:\/\/gradido.net\/sv\/wp-json\/wp\/v2\/users\/2"}],"replies":[{"embeddable":true,"href":"https:\/\/gradido.net\/sv\/wp-json\/wp\/v2\/comments?post=10280"}],"version-history":[{"count":13,"href":"https:\/\/gradido.net\/sv\/wp-json\/wp\/v2\/posts\/10280\/revisions"}],"predecessor-version":[{"id":13577,"href":"https:\/\/gradido.net\/sv\/wp-json\/wp\/v2\/posts\/10280\/revisions\/13577"}],"wp:featuredmedia":[{"embeddable":true,"href":"https:\/\/gradido.net\/sv\/wp-json\/wp\/v2\/media\/10281"}],"wp:attachment":[{"href":"https:\/\/gradido.net\/sv\/wp-json\/wp\/v2\/media?parent=10280"}],"wp:term":[{"taxonomy":"category","embeddable":true,"href":"https:\/\/gradido.net\/sv\/wp-json\/wp\/v2\/categories?post=10280"},{"taxonomy":"post_tag","embeddable":true,"href":"https:\/\/gradido.net\/sv\/wp-json\/wp\/v2\/tags?post=10280"}],"curies":[{"name":"wp","href":"https:\/\/api.w.org\/{rel}","templated":true}]}}