{"id":10383,"date":"2025-05-18T08:44:15","date_gmt":"2025-05-18T06:44:15","guid":{"rendered":"https:\/\/gradido.net\/?p=10383"},"modified":"2026-04-24T07:22:14","modified_gmt":"2026-04-24T05:22:14","slug":"78-tage-die-alles-veraendern-koennten","status":"publish","type":"post","link":"https:\/\/gradido.net\/sv\/78-tage-die-alles-veraendern-koennten\/","title":{"rendered":"78 dagar som kan f\u00f6r\u00e4ndra allt"},"content":{"rendered":"<div data-elementor-type=\"wp-post\" data-elementor-id=\"10383\" class=\"elementor elementor-10383\" data-elementor-post-type=\"post\">\n\t\t\t\t\t\t<section class=\"elementor-section elementor-top-section elementor-element elementor-element-496e1d53 elementor-section-boxed elementor-section-height-default elementor-section-height-default\" data-id=\"496e1d53\" data-element_type=\"section\" data-e-type=\"section\">\n\t\t\t\t\t\t<div class=\"elementor-container elementor-column-gap-default\">\n\t\t\t\t\t<div class=\"elementor-column elementor-col-100 elementor-top-column elementor-element elementor-element-461d7be0\" data-id=\"461d7be0\" data-element_type=\"column\" data-e-type=\"column\">\n\t\t\t<div class=\"elementor-widget-wrap elementor-element-populated\">\n\t\t\t\t\t\t<div class=\"elementor-element elementor-element-cd9ebe2 elementor-widget elementor-widget-text-editor\" data-id=\"cd9ebe2\" data-element_type=\"widget\" data-e-type=\"widget\" data-widget_type=\"text-editor.default\">\n\t\t\t\t<div class=\"elementor-widget-container\">\n\t\t\t\t\t\t\t\t\t<p style=\"text-align: right;\"><em>\"Du \u00e4r inte ett offer f\u00f6r omst\u00e4ndigheterna, utan skaparen av din verklighet.\" <\/em><br \/><em>- Vadim Zeland<\/em><\/p><p>K\u00e4ra l\u00e4sare,<\/p><p>F\u00f6rest\u00e4ll dig det: Med de f\u00f6rsta solstr\u00e5larna bryter du - precis som kvinnan p\u00e5 v\u00e5r omslagsbild - de osynliga kedjorna i den gamla matrisen och ser fram emot \u00e4ventyret i ett nytt liv fullt av uppt\u00e4ckaranda!<\/p><p>Det \u00e4r startpunkten f\u00f6r ett experiment som kan f\u00f6r\u00e4ndra allt. Vi bjuder in dig att delta i en unik 78-dagars utmaning - ett gemensamt sj\u00e4lvexperiment som aldrig f\u00f6rr!<\/p><h3>Den stora fr\u00e5gan i v\u00e5rt experiment<\/h3><p>Kan vi lyckas kombinera de 78 principerna i TransSurfing - konsten att medvetet skapa verklighet - med de 100 viktigaste f\u00f6rdelarna i Gradido? Kan vi p\u00e5 detta s\u00e4tt f\u00e5 den enskilda m\u00e4nniskans v\u00e4lbefinnande att blomstra och d\u00e4rmed st\u00e4rka v\u00e5r gemensamma r\u00f6relse? En r\u00f6relse som har f\u00f6resatt sig att manifestera globalt v\u00e4lst\u00e5nd, fred och frihet f\u00f6r hela den m\u00e4nskliga familjen?<\/p><p>Vi inbjuder dig att ta reda p\u00e5 det tillsammans med oss.<\/p><h4>78 dagar - 78 impulser<\/h4><p>Varje dag \u00e4r ett steg som v\u00e4cker dig ur den gamla dr\u00f6mmen och l\u00e5ter dig uppt\u00e4cka hur mycket kreativ kraft och potential du har.\u00a0<\/p><h4>Tillsammans - som en r\u00f6relse<\/h4><p>Du \u00e4r inte ensam: du kommer att hitta utbyte, inspiration och st\u00f6d genom Gradido-cirklarna. Det \u00e4r h\u00e4r som sv\u00e4rmintelligens skapas, med st\u00f6d av varje individs unika potential.<\/p><h4>Bli en del av experimentet!<\/h4><p>Var med redan fr\u00e5n b\u00f6rjan! Vi b\u00f6rjar tillsammans, l\u00e4r oss av varandra och utforskar hur v\u00e5r medvetna handling f\u00f6renar Gradido och TransSurfing till en levande ny verklighet.<\/p><h3>Det \u00e4r s\u00e5 h\u00e4r du deltar:<\/h3><p>\ud83d\udc49\u00a0<a href=\"https:\/\/gdd.gradido.net\" target=\"_blank\" rel=\"noopener\">Logga bara in p\u00e5 ditt Gradido-konto<\/a>\u00a0<\/p><p>F\u00f6lj stigen till den <strong>\"Gradido cirklar\"<\/strong>. Du kan hitta 78-dagarsutmaningen direkt d\u00e4r <strong>i \"V\u00e4lkommen\"-utrymmet<\/strong>.<\/p><h4>H\u00e5ll dig inte f\u00e5ngad i matrisen l\u00e4ngre!<\/h4><p>Missa inte att bryta dina kedjor steg f\u00f6r steg och ta reda p\u00e5 vad som verkligen \u00e4r m\u00f6jligt! Den st\u00f6rsta f\u00f6r\u00e4ndringen b\u00f6rjar alltid med individen - och blir till en r\u00f6relse n\u00e4r vi arbetar tillsammans.<\/p><h3>V\u00e5r vision<\/h3><p>F\u00f6rest\u00e4ll dig hundratals m\u00e4nniskor som uppt\u00e4cker sin potential p\u00e5 bara n\u00e5gra veckor, hittar l\u00f6sningar tillsammans och f\u00f6r ut Gradido - som drivs av medvetenhet och gl\u00e4dje - i v\u00e4rlden!<\/p><p>Globalt v\u00e4lst\u00e5nd, verklig fred och frihet blir m\u00f6jligt n\u00e4r vi verkligen lever v\u00e5r kreativa m\u00e4nsklighet!<\/p><p>Det h\u00e4r experimentet \u00e4r \u00f6ppet, \u00e4rligt och modigt - och ingen vet exakt vart det kommer att leda. Vi kan bara vinna om vi v\u00e5gar g\u00f6ra det tillsammans.<\/p><p>\u00c4r du med?  V\u00e4ck din kreativa kraft - och l\u00e5t oss skriva historia tillsammans!<\/p><p>Med v\u00e4nlig h\u00e4lsning<\/p>\t\t\t\t\t\t\t\t<\/div>\n\t\t\t\t<\/div>\n\t\t\t\t<div class=\"elementor-element elementor-element-d74dfa0 elementor-widget elementor-widget-text-editor\" data-id=\"d74dfa0\" data-element_type=\"widget\" data-e-type=\"widget\" data-widget_type=\"text-editor.default\">\n\t\t\t\t<div class=\"elementor-widget-container\">\n\t\t\t\t\t\t\t\t\t<div data-pm-slice=\"1 1 []\" data-en-clipboard=\"true\"><p><span style=\"font-family: -apple-system, BlinkMacSystemFont, 'Segoe UI', Roboto, 'Helvetica Neue', Arial, 'Noto Sans', sans-serif, 'Apple Color Emoji', 'Segoe UI Emoji', 'Segoe UI Symbol', 'Noto Color Emoji';\">Din<\/span><\/p><\/div><p><img decoding=\"async\" class=\"alignnone wp-image-4614 size-medium\" src=\"https:\/\/gradido.net\/wp-content\/uploads\/2022\/06\/MargretBernd_2022-300x74.png\" alt=\"\" width=\"300\" height=\"74\" srcset=\"https:\/\/gradido.net\/wp-content\/uploads\/2022\/06\/MargretBernd_2022-300x74.png 300w, https:\/\/gradido.net\/wp-content\/uploads\/2022\/06\/MargretBernd_2022-18x4.png 18w, https:\/\/gradido.net\/wp-content\/uploads\/2022\/06\/MargretBernd_2022.png 431w\" sizes=\"(max-width: 300px) 100vw, 300px\" \/><\/p><p>Margret Baier och Bernd H\u00fcckst\u00e4dt<br \/>Gradidos grundare och utvecklare<\/p>\t\t\t\t\t\t\t\t<\/div>\n\t\t\t\t<\/div>\n\t\t\t\t\t<\/div>\n\t\t<\/div>\n\t\t\t\t\t<\/div>\n\t\t<\/section>\n\t\t\t\t<section class=\"elementor-section elementor-top-section elementor-element elementor-element-14532fe elementor-section-boxed elementor-section-height-default elementor-section-height-default\" data-id=\"14532fe\" data-element_type=\"section\" data-e-type=\"section\">\n\t\t\t\t\t\t<div class=\"elementor-container elementor-column-gap-default\">\n\t\t\t\t\t<div class=\"elementor-column elementor-col-100 elementor-top-column elementor-element elementor-element-65d2298\" data-id=\"65d2298\" data-element_type=\"column\" data-e-type=\"column\">\n\t\t\t<div class=\"elementor-widget-wrap elementor-element-populated\">\n\t\t\t\t\t\t<div class=\"elementor-element elementor-element-bea124f elementor-widget elementor-widget-global elementor-global-9341 elementor-widget-text-editor\" data-id=\"bea124f\" data-element_type=\"widget\" data-e-type=\"widget\" data-widget_type=\"text-editor.default\">\n\t\t\t\t<div class=\"elementor-widget-container\">\n\t\t\t\t\t\t\t\t\t<p><strong>PS:\u00a0<span style=\"color: #ff6600;\"><a style=\"color: #ff6600;\" href=\"https:\/\/gradido.net\/sv\/donations\/\">P\u00e5 grund av Gradidos st\u00e4ndigt \u00f6kande betydelse upprepar vi v\u00e5r tacksamhetskampanj den 26 juni 2026:<\/a>\u00a0<\/span><span style=\"color: #0000ff;\"><a style=\"color: #0000ff;\" href=\"https:\/\/gradido.net\/sv\/donations\/\">F\u00f6rutom den multipla GradidoTransform f\u00f6r ditt sponsorbidrag, kommer vi att \u00f6ka alla GDT-kontosaldon med 26% den 26\/06\/2016. Sponsra nu och njut av det multipla beloppet av GDT!<\/a><\/span><\/strong><\/p>\t\t\t\t\t\t\t\t<\/div>\n\t\t\t\t<\/div>\n\t\t\t\t\t<\/div>\n\t\t<\/div>\n\t\t\t\t\t<\/div>\n\t\t<\/section>\n\t\t\t\t<section class=\"elementor-section elementor-top-section elementor-element elementor-element-29dfc07 elementor-section-boxed elementor-section-height-default elementor-section-height-default\" data-id=\"29dfc07\" data-element_type=\"section\" data-e-type=\"section\">\n\t\t\t\t\t\t<div class=\"elementor-container elementor-column-gap-default\">\n\t\t\t\t\t<div class=\"elementor-column elementor-col-100 elementor-top-column elementor-element elementor-element-d37ec5a\" data-id=\"d37ec5a\" data-element_type=\"column\" data-e-type=\"column\">\n\t\t\t<div class=\"elementor-widget-wrap\">\n\t\t\t\t\t\t\t<\/div>\n\t\t<\/div>\n\t\t\t\t\t<\/div>\n\t\t<\/section>\n\t\t\t\t<section class=\"elementor-section elementor-top-section elementor-element elementor-element-b3bbb9b elementor-section-boxed elementor-section-height-default elementor-section-height-default\" data-id=\"b3bbb9b\" data-element_type=\"section\" data-e-type=\"section\">\n\t\t\t\t\t\t<div class=\"elementor-container elementor-column-gap-default\">\n\t\t\t\t\t<div class=\"elementor-column elementor-col-100 elementor-top-column elementor-element elementor-element-a7e88ad\" data-id=\"a7e88ad\" data-element_type=\"column\" data-e-type=\"column\">\n\t\t\t<div class=\"elementor-widget-wrap\">\n\t\t\t\t\t\t\t<\/div>\n\t\t<\/div>\n\t\t\t\t\t<\/div>\n\t\t<\/section>\n\t\t\t\t<\/div>","protected":false},"excerpt":{"rendered":"<p>F\u00f6rest\u00e4ll dig det: Med de f\u00f6rsta solstr\u00e5larna bryter du - precis som kvinnan p\u00e5 v\u00e5r omslagsbild - de osynliga kedjorna i den gamla matrisen och ser fram emot \u00e4ventyret i ett nytt liv fullt av uppt\u00e4ckargl\u00e4dje! Det \u00e4r startpunkten f\u00f6r ett experiment som kan f\u00f6r\u00e4ndra allt ...<\/p>","protected":false},"author":2,"featured_media":10385,"comment_status":"closed","ping_status":"closed","sticky":false,"template":"","format":"standard","meta":{"footnotes":""},"categories":[11,54],"tags":[],"class_list":["post-10383","post","type-post","status-publish","format-standard","has-post-thumbnail","hentry","category-blog","category-community"],"yoast_head":"<!-- This site is optimized with the Yoast SEO plugin v27.5 - https:\/\/yoast.com\/product\/yoast-seo-wordpress\/ -->\n<title>78 Tage, die alles ver\u00e4ndern k\u00f6nnten - Gradido<\/title>\n<meta name=\"description\" content=\"Stell Dir vor: Mit den ersten Sonnenstrahlen sprengst Du \u2013 wie die Frau auf unserem Titelbild \u2013 die unsichtbaren Ketten der alten Matrix und blickst voller Forschergeist auf das Abenteuer eines neuen Lebens! Es ist der Startpunkt f\u00fcr ein Experiment, das alles ver\u00e4ndern k\u00f6nnte\u2026\" \/>\n<meta name=\"robots\" content=\"index, follow, max-snippet:-1, max-image-preview:large, max-video-preview:-1\" \/>\n<link rel=\"canonical\" href=\"https:\/\/gradido.net\/sv\/78-tage-die-alles-veraendern-koennten\/\" \/>\n<meta property=\"og:locale\" content=\"sv_SE\" \/>\n<meta property=\"og:type\" content=\"article\" \/>\n<meta property=\"og:title\" content=\"78 Tage, die alles ver\u00e4ndern k\u00f6nnten - Gradido\" \/>\n<meta property=\"og:description\" content=\"Stell Dir vor: Mit den ersten Sonnenstrahlen sprengst Du \u2013 wie die Frau auf unserem Titelbild \u2013 die unsichtbaren Ketten der alten Matrix und blickst voller Forschergeist auf das Abenteuer eines neuen Lebens! Es ist der Startpunkt f\u00fcr ein Experiment, das alles ver\u00e4ndern k\u00f6nnte\u2026\" \/>\n<meta property=\"og:url\" content=\"https:\/\/gradido.net\/sv\/78-tage-die-alles-veraendern-koennten\/\" \/>\n<meta property=\"og:site_name\" content=\"Gradido\" \/>\n<meta property=\"article:published_time\" content=\"2025-05-18T06:44:15+00:00\" \/>\n<meta property=\"article:modified_time\" content=\"2026-04-24T05:22:14+00:00\" \/>\n<meta property=\"og:image\" content=\"https:\/\/gradido.net\/wp-content\/uploads\/2025\/05\/Ketten_sprengen.jpg\" \/>\n\t<meta property=\"og:image:width\" content=\"1600\" \/>\n\t<meta property=\"og:image:height\" content=\"900\" \/>\n\t<meta property=\"og:image:type\" content=\"image\/jpeg\" \/>\n<meta name=\"author\" content=\"Bernd H\u00fcckst\u00e4dt\" \/>\n<meta name=\"twitter:card\" content=\"summary_large_image\" \/>\n<meta name=\"twitter:label1\" content=\"Skriven av\" \/>\n\t<meta name=\"twitter:data1\" content=\"Bernd H\u00fcckst\u00e4dt\" \/>\n\t<meta name=\"twitter:label2\" content=\"Ber\u00e4knad l\u00e4stid\" \/>\n\t<meta name=\"twitter:data2\" content=\"3 minuter\" \/>\n<script type=\"application\/ld+json\" class=\"yoast-schema-graph\">{\"@context\":\"https:\\\/\\\/schema.org\",\"@graph\":[{\"@type\":\"Article\",\"@id\":\"https:\\\/\\\/gradido.net\\\/78-tage-die-alles-veraendern-koennten\\\/#article\",\"isPartOf\":{\"@id\":\"https:\\\/\\\/gradido.net\\\/78-tage-die-alles-veraendern-koennten\\\/\"},\"author\":{\"name\":\"Bernd H\u00fcckst\u00e4dt\",\"@id\":\"https:\\\/\\\/gradido.net\\\/de\\\/#\\\/schema\\\/person\\\/9c503a004ad15a1ddecadce2218db5d1\"},\"headline\":\"78 Tage, die alles ver\u00e4ndern k\u00f6nnten\",\"datePublished\":\"2025-05-18T06:44:15+00:00\",\"dateModified\":\"2026-04-24T05:22:14+00:00\",\"mainEntityOfPage\":{\"@id\":\"https:\\\/\\\/gradido.net\\\/78-tage-die-alles-veraendern-koennten\\\/\"},\"wordCount\":461,\"publisher\":{\"@id\":\"https:\\\/\\\/gradido.net\\\/de\\\/#organization\"},\"image\":{\"@id\":\"https:\\\/\\\/gradido.net\\\/78-tage-die-alles-veraendern-koennten\\\/#primaryimage\"},\"thumbnailUrl\":\"https:\\\/\\\/gradido.net\\\/wp-content\\\/uploads\\\/2025\\\/05\\\/Ketten_sprengen.jpg\",\"articleSection\":[\"Blog\",\"Community\"],\"inLanguage\":\"sv-SE\"},{\"@type\":\"WebPage\",\"@id\":\"https:\\\/\\\/gradido.net\\\/78-tage-die-alles-veraendern-koennten\\\/\",\"url\":\"https:\\\/\\\/gradido.net\\\/78-tage-die-alles-veraendern-koennten\\\/\",\"name\":\"78 Tage, die alles ver\u00e4ndern k\u00f6nnten - Gradido\",\"isPartOf\":{\"@id\":\"https:\\\/\\\/gradido.net\\\/de\\\/#website\"},\"primaryImageOfPage\":{\"@id\":\"https:\\\/\\\/gradido.net\\\/78-tage-die-alles-veraendern-koennten\\\/#primaryimage\"},\"image\":{\"@id\":\"https:\\\/\\\/gradido.net\\\/78-tage-die-alles-veraendern-koennten\\\/#primaryimage\"},\"thumbnailUrl\":\"https:\\\/\\\/gradido.net\\\/wp-content\\\/uploads\\\/2025\\\/05\\\/Ketten_sprengen.jpg\",\"datePublished\":\"2025-05-18T06:44:15+00:00\",\"dateModified\":\"2026-04-24T05:22:14+00:00\",\"description\":\"Stell Dir vor: Mit den ersten Sonnenstrahlen sprengst Du \u2013 wie die Frau auf unserem Titelbild \u2013 die unsichtbaren Ketten der alten Matrix und blickst voller Forschergeist auf das Abenteuer eines neuen Lebens! Es ist der Startpunkt f\u00fcr ein Experiment, das alles ver\u00e4ndern k\u00f6nnte\u2026\",\"breadcrumb\":{\"@id\":\"https:\\\/\\\/gradido.net\\\/78-tage-die-alles-veraendern-koennten\\\/#breadcrumb\"},\"inLanguage\":\"sv-SE\",\"potentialAction\":[{\"@type\":\"ReadAction\",\"target\":[\"https:\\\/\\\/gradido.net\\\/78-tage-die-alles-veraendern-koennten\\\/\"]}]},{\"@type\":\"ImageObject\",\"inLanguage\":\"sv-SE\",\"@id\":\"https:\\\/\\\/gradido.net\\\/78-tage-die-alles-veraendern-koennten\\\/#primaryimage\",\"url\":\"https:\\\/\\\/gradido.net\\\/wp-content\\\/uploads\\\/2025\\\/05\\\/Ketten_sprengen.jpg\",\"contentUrl\":\"https:\\\/\\\/gradido.net\\\/wp-content\\\/uploads\\\/2025\\\/05\\\/Ketten_sprengen.jpg\",\"width\":1600,\"height\":900},{\"@type\":\"BreadcrumbList\",\"@id\":\"https:\\\/\\\/gradido.net\\\/78-tage-die-alles-veraendern-koennten\\\/#breadcrumb\",\"itemListElement\":[{\"@type\":\"ListItem\",\"position\":1,\"name\":\"Startseite\",\"item\":\"https:\\\/\\\/gradido.net\\\/\"},{\"@type\":\"ListItem\",\"position\":2,\"name\":\"78 Tage, die alles ver\u00e4ndern k\u00f6nnten\"}]},{\"@type\":\"WebSite\",\"@id\":\"https:\\\/\\\/gradido.net\\\/de\\\/#website\",\"url\":\"https:\\\/\\\/gradido.net\\\/de\\\/\",\"name\":\"Gradido\",\"description\":\"Die neue W\u00e4hrung hei\u00dft Dankbarkeit\",\"publisher\":{\"@id\":\"https:\\\/\\\/gradido.net\\\/de\\\/#organization\"},\"potentialAction\":[{\"@type\":\"SearchAction\",\"target\":{\"@type\":\"EntryPoint\",\"urlTemplate\":\"https:\\\/\\\/gradido.net\\\/de\\\/?s={search_term_string}\"},\"query-input\":{\"@type\":\"PropertyValueSpecification\",\"valueRequired\":true,\"valueName\":\"search_term_string\"}}],\"inLanguage\":\"sv-SE\"},{\"@type\":\"Organization\",\"@id\":\"https:\\\/\\\/gradido.net\\\/de\\\/#organization\",\"name\":\"Gradido\",\"url\":\"https:\\\/\\\/gradido.net\\\/de\\\/\",\"logo\":{\"@type\":\"ImageObject\",\"inLanguage\":\"sv-SE\",\"@id\":\"https:\\\/\\\/gradido.net\\\/de\\\/#\\\/schema\\\/logo\\\/image\\\/\",\"url\":\"https:\\\/\\\/gradido.net\\\/wp-content\\\/uploads\\\/2022\\\/04\\\/gradido-social.jpg\",\"contentUrl\":\"https:\\\/\\\/gradido.net\\\/wp-content\\\/uploads\\\/2022\\\/04\\\/gradido-social.jpg\",\"width\":527,\"height\":273,\"caption\":\"Gradido\"},\"image\":{\"@id\":\"https:\\\/\\\/gradido.net\\\/de\\\/#\\\/schema\\\/logo\\\/image\\\/\"}},{\"@type\":\"Person\",\"@id\":\"https:\\\/\\\/gradido.net\\\/de\\\/#\\\/schema\\\/person\\\/9c503a004ad15a1ddecadce2218db5d1\",\"name\":\"Bernd H\u00fcckst\u00e4dt\",\"sameAs\":[\"https:\\\/\\\/gradido.net\"],\"url\":\"https:\\\/\\\/gradido.net\\\/sv\\\/author\\\/bernd\\\/\"}]}<\/script>\n<!-- \/ Yoast SEO plugin. -->","yoast_head_json":{"title":"78 dagar som kan f\u00f6r\u00e4ndra allt - Gradido","description":"F\u00f6rest\u00e4ll dig det: Med de f\u00f6rsta solstr\u00e5larna bryter du - precis som kvinnan p\u00e5 v\u00e5r omslagsbild - de osynliga kedjorna i den gamla matrisen och ser fram emot \u00e4ventyret i ett nytt liv fullt av uppt\u00e4ckargl\u00e4dje! Det \u00e4r startpunkten f\u00f6r ett experiment som kan f\u00f6r\u00e4ndra allt ...","robots":{"index":"index","follow":"follow","max-snippet":"max-snippet:-1","max-image-preview":"max-image-preview:large","max-video-preview":"max-video-preview:-1"},"canonical":"https:\/\/gradido.net\/sv\/78-tage-die-alles-veraendern-koennten\/","og_locale":"sv_SE","og_type":"article","og_title":"78 Tage, die alles ver\u00e4ndern k\u00f6nnten - Gradido","og_description":"Stell Dir vor: Mit den ersten Sonnenstrahlen sprengst Du \u2013 wie die Frau auf unserem Titelbild \u2013 die unsichtbaren Ketten der alten Matrix und blickst voller Forschergeist auf das Abenteuer eines neuen Lebens! Es ist der Startpunkt f\u00fcr ein Experiment, das alles ver\u00e4ndern k\u00f6nnte\u2026","og_url":"https:\/\/gradido.net\/sv\/78-tage-die-alles-veraendern-koennten\/","og_site_name":"Gradido","article_published_time":"2025-05-18T06:44:15+00:00","article_modified_time":"2026-04-24T05:22:14+00:00","og_image":[{"width":1600,"height":900,"url":"https:\/\/gradido.net\/wp-content\/uploads\/2025\/05\/Ketten_sprengen.jpg","type":"image\/jpeg"}],"author":"Bernd H\u00fcckst\u00e4dt","twitter_card":"summary_large_image","twitter_misc":{"Skriven av":"Bernd H\u00fcckst\u00e4dt","Ber\u00e4knad l\u00e4stid":"3 minuter"},"schema":{"@context":"https:\/\/schema.org","@graph":[{"@type":"Article","@id":"https:\/\/gradido.net\/78-tage-die-alles-veraendern-koennten\/#article","isPartOf":{"@id":"https:\/\/gradido.net\/78-tage-die-alles-veraendern-koennten\/"},"author":{"name":"Bernd H\u00fcckst\u00e4dt","@id":"https:\/\/gradido.net\/de\/#\/schema\/person\/9c503a004ad15a1ddecadce2218db5d1"},"headline":"78 Tage, die alles ver\u00e4ndern k\u00f6nnten","datePublished":"2025-05-18T06:44:15+00:00","dateModified":"2026-04-24T05:22:14+00:00","mainEntityOfPage":{"@id":"https:\/\/gradido.net\/78-tage-die-alles-veraendern-koennten\/"},"wordCount":461,"publisher":{"@id":"https:\/\/gradido.net\/de\/#organization"},"image":{"@id":"https:\/\/gradido.net\/78-tage-die-alles-veraendern-koennten\/#primaryimage"},"thumbnailUrl":"https:\/\/gradido.net\/wp-content\/uploads\/2025\/05\/Ketten_sprengen.jpg","articleSection":["Blog","Community"],"inLanguage":"sv-SE"},{"@type":"WebPage","@id":"https:\/\/gradido.net\/78-tage-die-alles-veraendern-koennten\/","url":"https:\/\/gradido.net\/78-tage-die-alles-veraendern-koennten\/","name":"78 dagar som kan f\u00f6r\u00e4ndra allt - Gradido","isPartOf":{"@id":"https:\/\/gradido.net\/de\/#website"},"primaryImageOfPage":{"@id":"https:\/\/gradido.net\/78-tage-die-alles-veraendern-koennten\/#primaryimage"},"image":{"@id":"https:\/\/gradido.net\/78-tage-die-alles-veraendern-koennten\/#primaryimage"},"thumbnailUrl":"https:\/\/gradido.net\/wp-content\/uploads\/2025\/05\/Ketten_sprengen.jpg","datePublished":"2025-05-18T06:44:15+00:00","dateModified":"2026-04-24T05:22:14+00:00","description":"F\u00f6rest\u00e4ll dig det: Med de f\u00f6rsta solstr\u00e5larna bryter du - precis som kvinnan p\u00e5 v\u00e5r omslagsbild - de osynliga kedjorna i den gamla matrisen och ser fram emot \u00e4ventyret i ett nytt liv fullt av uppt\u00e4ckargl\u00e4dje! Det \u00e4r startpunkten f\u00f6r ett experiment som kan f\u00f6r\u00e4ndra allt ...","breadcrumb":{"@id":"https:\/\/gradido.net\/78-tage-die-alles-veraendern-koennten\/#breadcrumb"},"inLanguage":"sv-SE","potentialAction":[{"@type":"ReadAction","target":["https:\/\/gradido.net\/78-tage-die-alles-veraendern-koennten\/"]}]},{"@type":"ImageObject","inLanguage":"sv-SE","@id":"https:\/\/gradido.net\/78-tage-die-alles-veraendern-koennten\/#primaryimage","url":"https:\/\/gradido.net\/wp-content\/uploads\/2025\/05\/Ketten_sprengen.jpg","contentUrl":"https:\/\/gradido.net\/wp-content\/uploads\/2025\/05\/Ketten_sprengen.jpg","width":1600,"height":900},{"@type":"BreadcrumbList","@id":"https:\/\/gradido.net\/78-tage-die-alles-veraendern-koennten\/#breadcrumb","itemListElement":[{"@type":"ListItem","position":1,"name":"Startseite","item":"https:\/\/gradido.net\/"},{"@type":"ListItem","position":2,"name":"78 Tage, die alles ver\u00e4ndern k\u00f6nnten"}]},{"@type":"WebSite","@id":"https:\/\/gradido.net\/de\/#website","url":"https:\/\/gradido.net\/de\/","name":"Gradido","description":"Den nya valutan \u00e4r tacksamhet","publisher":{"@id":"https:\/\/gradido.net\/de\/#organization"},"potentialAction":[{"@type":"SearchAction","target":{"@type":"EntryPoint","urlTemplate":"https:\/\/gradido.net\/de\/?s={search_term_string}"},"query-input":{"@type":"PropertyValueSpecification","valueRequired":true,"valueName":"search_term_string"}}],"inLanguage":"sv-SE"},{"@type":"Organization","@id":"https:\/\/gradido.net\/de\/#organization","name":"Gradido","url":"https:\/\/gradido.net\/de\/","logo":{"@type":"ImageObject","inLanguage":"sv-SE","@id":"https:\/\/gradido.net\/de\/#\/schema\/logo\/image\/","url":"https:\/\/gradido.net\/wp-content\/uploads\/2022\/04\/gradido-social.jpg","contentUrl":"https:\/\/gradido.net\/wp-content\/uploads\/2022\/04\/gradido-social.jpg","width":527,"height":273,"caption":"Gradido"},"image":{"@id":"https:\/\/gradido.net\/de\/#\/schema\/logo\/image\/"}},{"@type":"Person","@id":"https:\/\/gradido.net\/de\/#\/schema\/person\/9c503a004ad15a1ddecadce2218db5d1","name":"Bernd H\u00fcckst\u00e4dt","sameAs":["https:\/\/gradido.net"],"url":"https:\/\/gradido.net\/sv\/author\/bernd\/"}]}},"_links":{"self":[{"href":"https:\/\/gradido.net\/sv\/wp-json\/wp\/v2\/posts\/10383","targetHints":{"allow":["GET"]}}],"collection":[{"href":"https:\/\/gradido.net\/sv\/wp-json\/wp\/v2\/posts"}],"about":[{"href":"https:\/\/gradido.net\/sv\/wp-json\/wp\/v2\/types\/post"}],"author":[{"embeddable":true,"href":"https:\/\/gradido.net\/sv\/wp-json\/wp\/v2\/users\/2"}],"replies":[{"embeddable":true,"href":"https:\/\/gradido.net\/sv\/wp-json\/wp\/v2\/comments?post=10383"}],"version-history":[{"count":34,"href":"https:\/\/gradido.net\/sv\/wp-json\/wp\/v2\/posts\/10383\/revisions"}],"predecessor-version":[{"id":13575,"href":"https:\/\/gradido.net\/sv\/wp-json\/wp\/v2\/posts\/10383\/revisions\/13575"}],"wp:featuredmedia":[{"embeddable":true,"href":"https:\/\/gradido.net\/sv\/wp-json\/wp\/v2\/media\/10385"}],"wp:attachment":[{"href":"https:\/\/gradido.net\/sv\/wp-json\/wp\/v2\/media?parent=10383"}],"wp:term":[{"taxonomy":"category","embeddable":true,"href":"https:\/\/gradido.net\/sv\/wp-json\/wp\/v2\/categories?post=10383"},{"taxonomy":"post_tag","embeddable":true,"href":"https:\/\/gradido.net\/sv\/wp-json\/wp\/v2\/tags?post=10383"}],"curies":[{"name":"wp","href":"https:\/\/api.w.org\/{rel}","templated":true}]}}