{"id":10429,"date":"2025-06-04T11:09:11","date_gmt":"2025-06-04T09:09:11","guid":{"rendered":"https:\/\/gradido.net\/?p=10429"},"modified":"2026-04-24T07:21:44","modified_gmt":"2026-04-24T05:21:44","slug":"inspirationsflug-regenerative-wirtschaft","status":"publish","type":"post","link":"https:\/\/gradido.net\/sv\/inspirationsflug-regenerative-wirtschaft\/","title":{"rendered":"INSPIRATIONSFLYGNING P\u00c5 TEMAT REGENERATIV EKONOMI"},"content":{"rendered":"<div data-elementor-type=\"wp-post\" data-elementor-id=\"10429\" class=\"elementor elementor-10429\" data-elementor-post-type=\"post\">\n\t\t\t\t\t\t<section class=\"elementor-section elementor-top-section elementor-element elementor-element-496e1d53 elementor-section-boxed elementor-section-height-default elementor-section-height-default\" data-id=\"496e1d53\" data-element_type=\"section\" data-e-type=\"section\">\n\t\t\t\t\t\t<div class=\"elementor-container elementor-column-gap-default\">\n\t\t\t\t\t<div class=\"elementor-column elementor-col-100 elementor-top-column elementor-element elementor-element-461d7be0\" data-id=\"461d7be0\" data-element_type=\"column\" data-e-type=\"column\">\n\t\t\t<div class=\"elementor-widget-wrap elementor-element-populated\">\n\t\t\t\t\t\t<div class=\"elementor-element elementor-element-cd9ebe2 elementor-widget elementor-widget-text-editor\" data-id=\"cd9ebe2\" data-element_type=\"widget\" data-e-type=\"widget\" data-widget_type=\"text-editor.default\">\n\t\t\t\t<div class=\"elementor-widget-container\">\n\t\t\t\t\t\t\t\t\t<p style=\"text-align: right;\"><em>Med Franz H\u00f6rmann, Harald Friedl och Bernd H\u00fcckst\u00e4dt<\/em><\/p><p>K\u00e4ra l\u00e4sare,<\/p><p>P\u00e5 m\u00e5ndagen anordnade LIVING EARTH ett evenemang om OKITALK. <a href=\"https:\/\/www.youtube.com\/watch?v=VRbRYfW58ws\" target=\"_blank\" rel=\"noopener\" data-cke-saved-href=\"https:\/\/www.youtube.com\/watch?v=VRbRYfW58ws\">bra program<\/a> p\u00e5 temat REGENERATIV EKONOMI med Franz H\u00f6rmann, Harald Friedl och Bernd von Gradido, med Catharina Roland som moderator:<\/p><h2 style=\"text-align: center;\">INSPIRATIONSFLYGNING P\u00c5 TEMAT REGENERATIV EKONOMI<\/h2><p style=\"text-align: center;\">REGENERATIV EKONOMI inneb\u00e4r<br \/>\"ett ekonomiskt system som g\u00e5r ut\u00f6ver den rena id\u00e9n om v\u00e4rdeskapande<br \/>och fokuserar p\u00e5 \u00e5terst\u00e4llande och f\u00f6rb\u00e4ttring av ekosystem och samh\u00e4llen.<br \/>Man str\u00e4var efter att ge tillbaka mer \u00e4n man tar, b\u00e5de ekologiskt och socialt,<br \/>och fokuserar p\u00e5 att skapa positiva v\u00e4rden f\u00f6r naturen och samh\u00e4llet.\"<\/p><p style=\"text-align: center;\">Hur kan detta se ut i praktiken?<\/p><p style=\"text-align: center;\">I b\u00f6rjan av denna underbara inspirationsflygning<br \/>- som med gl\u00e4dje v\u00e4nder upp och ner p\u00e5 konventionellt t\u00e4nkande om ekonomin - och<br \/>vi granskar de traditionella bilder som vi f\u00e5r fr\u00e5n media och utbildningssystemet.<br \/>om oss m\u00e4nniskor och hur vi lever tillsammans.<br \/>Vi erbjuder sedan nya tillv\u00e4gag\u00e5ngss\u00e4tt och handlingsalternativ<br \/>- nya ekonomiska system, som vi dock mycket hellre skulle se som \"f\u00f6rs\u00f6rjningssystem\"<br \/>och nya former av monet\u00e4ra system, som vi f\u00f6redrar att kalla \"ers\u00e4ttningssystem\".<\/p><p style=\"text-align: center;\">Harald Friedl f\u00f6rklarar principen om den cirkul\u00e4ra ekonomin,<br \/>Med andra ord, hur den cirkul\u00e4ra ekonomin kan se ut i praktiken.<\/p><p style=\"text-align: center;\">Franz H\u00f6rmann tar oss med in i en n\u00e4ra framtid d\u00e4r dessa tekniker officiellt kommer att finnas,<br \/>som \u00e4n idag bara omn\u00e4mns i f\u00f6rbig\u00e5ende.<\/p><p style=\"text-align: center;\">Och Bernd H\u00fcckst\u00e4dt f\u00f6rklarar det f\u00f6r oss p\u00e5 ett mycket tydligt och inbjudande s\u00e4tt,<br \/>hur Gradido fungerar<br \/>- ett \"ers\u00e4ttningssystem\", som vi ocks\u00e5 presenterade i MANIFEST OF THE NEW EARTH.<\/p><p style=\"text-align: center;\">V\u00e4nligen l\u00e4s ocks\u00e5<br \/><a href=\"https:\/\/livingearth.one\/manifest_geldsystem\" target=\"_blank\" rel=\"noopener\" data-cke-saved-href=\"https:\/\/livingearth.one\/manifest_geldsystem\">MANIFEST OF THE NEW EARTH - Kapitel 7 \"PENNINGSYSTEMET\"<\/a>,\u00a0<br \/>Ett kapitel som - tack vare denna inspirerande flygning och Franz H\u00f6rmann<br \/>- kommer troligen snart att f\u00e5 ett nytt namn.<\/p><p style=\"text-align: center;\">Mer om \u00e4mnet REGENERATIV EKONOMI<br \/>kan ocks\u00e5 hittas h\u00e4r:<br \/><a href=\"https:\/\/livingearth.one\/manifest_wirtschaft-und-produktionskreisl_ufe\" target=\"_blank\" rel=\"noopener\" data-cke-saved-href=\"https:\/\/livingearth.one\/manifest_wirtschaft-und-produktionskreisl_ufe\">MANIFEST OF THE NEW EARTH - Kapitel \"EKONOMI OCH PRODUKTIONSKRETSAR\"<\/a><\/p><p style=\"text-align: center;\">Ha s\u00e5 kul med ett nytt perspektiv p\u00e5 v\u00e5ra liv:<\/p><p style=\"text-align: center;\"><a href=\"https:\/\/www.youtube.com\/watch?v=VRbRYfW58ws\" target=\"_blank\" rel=\"noopener\" data-cke-saved-href=\"https:\/\/www.youtube.com\/watch?v=VRbRYfW58ws\"><img decoding=\"async\" src=\"https:\/\/assets.klicktipp.com\/userimages\/26450\/images\/Inspirationsflug_YouTube.jpg\" alt=\"\" data-cke-saved-src=\"https:\/\/assets.klicktipp.com\/userimages\/26450\/images\/Inspirationsflug_YouTube.jpg\" \/><\/a><\/p><p style=\"text-align: center;\">Mer om underbara inspirerande flygv\u00e4rdinnor:<\/p><p style=\"text-align: center;\">Franz H\u00f6rmann<br \/><a href=\"http:\/\/www.franzhoermann.com\">www.franzhoermann.com<\/a><\/p><p style=\"text-align: center;\">Bernd H\u00fcckst\u00e4dt<br \/><a href=\"https:\/\/gradido.net\/sv\/\">https:\/\/gradido.net<\/a><\/p><p style=\"text-align: center;\">Harald Friedl\u00a0<br \/><a href=\"https:\/\/www.haraldfriedl.earth\" target=\"_blank\" rel=\"noopener\">https:\/\/www.haraldfriedl.earth<\/a><\/p><p style=\"text-align: center;\">Pilot p\u00e5 denna flygning \u00e4r: Catharina Roland<br \/><a href=\"http:\/\/www.livingearth.one\" target=\"_blank\" rel=\"noopener\">www.livingearth.one<\/a><br \/><a href=\"http:\/\/www.awake2paradise.com\" target=\"_blank\" rel=\"noopener\">www.awake2paradise.com<\/a><\/p><p>Vi hoppas att du tycker om att titta p\u00e5 den och \u00f6nskar dig goda insikter.<\/p><p>Med v\u00e4nlig h\u00e4lsning<\/p>\t\t\t\t\t\t\t\t<\/div>\n\t\t\t\t<\/div>\n\t\t\t\t<div class=\"elementor-element elementor-element-d74dfa0 elementor-widget elementor-widget-text-editor\" data-id=\"d74dfa0\" data-element_type=\"widget\" data-e-type=\"widget\" data-widget_type=\"text-editor.default\">\n\t\t\t\t<div class=\"elementor-widget-container\">\n\t\t\t\t\t\t\t\t\t<div data-pm-slice=\"1 1 []\" data-en-clipboard=\"true\"><p><span style=\"font-family: -apple-system, BlinkMacSystemFont, 'Segoe UI', Roboto, 'Helvetica Neue', Arial, 'Noto Sans', sans-serif, 'Apple Color Emoji', 'Segoe UI Emoji', 'Segoe UI Symbol', 'Noto Color Emoji';\">Din<\/span><\/p><\/div><p><img decoding=\"async\" class=\"alignnone wp-image-4614 size-medium\" src=\"https:\/\/gradido.net\/wp-content\/uploads\/2022\/06\/MargretBernd_2022-300x74.png\" alt=\"\" width=\"300\" height=\"74\" srcset=\"https:\/\/gradido.net\/wp-content\/uploads\/2022\/06\/MargretBernd_2022-300x74.png 300w, https:\/\/gradido.net\/wp-content\/uploads\/2022\/06\/MargretBernd_2022-18x4.png 18w, https:\/\/gradido.net\/wp-content\/uploads\/2022\/06\/MargretBernd_2022.png 431w\" sizes=\"(max-width: 300px) 100vw, 300px\" \/><\/p><p>Margret Baier och Bernd H\u00fcckst\u00e4dt<br \/>Gradidos grundare och utvecklare<\/p>\t\t\t\t\t\t\t\t<\/div>\n\t\t\t\t<\/div>\n\t\t\t\t\t<\/div>\n\t\t<\/div>\n\t\t\t\t\t<\/div>\n\t\t<\/section>\n\t\t\t\t<section class=\"elementor-section elementor-top-section elementor-element elementor-element-14532fe elementor-section-boxed elementor-section-height-default elementor-section-height-default\" data-id=\"14532fe\" data-element_type=\"section\" data-e-type=\"section\">\n\t\t\t\t\t\t<div class=\"elementor-container elementor-column-gap-default\">\n\t\t\t\t\t<div class=\"elementor-column elementor-col-100 elementor-top-column elementor-element elementor-element-65d2298\" data-id=\"65d2298\" data-element_type=\"column\" data-e-type=\"column\">\n\t\t\t<div class=\"elementor-widget-wrap elementor-element-populated\">\n\t\t\t\t\t\t<div class=\"elementor-element elementor-element-bea124f elementor-widget elementor-widget-global elementor-global-9341 elementor-widget-text-editor\" data-id=\"bea124f\" data-element_type=\"widget\" data-e-type=\"widget\" data-widget_type=\"text-editor.default\">\n\t\t\t\t<div class=\"elementor-widget-container\">\n\t\t\t\t\t\t\t\t\t<p><strong>PS:\u00a0<span style=\"color: #ff6600;\"><a style=\"color: #ff6600;\" href=\"https:\/\/gradido.net\/sv\/donations\/\">P\u00e5 grund av Gradidos st\u00e4ndigt \u00f6kande betydelse upprepar vi v\u00e5r tacksamhetskampanj den 26 juni 2026:<\/a>\u00a0<\/span><span style=\"color: #0000ff;\"><a style=\"color: #0000ff;\" href=\"https:\/\/gradido.net\/sv\/donations\/\">F\u00f6rutom den multipla GradidoTransform f\u00f6r ditt sponsorbidrag, kommer vi att \u00f6ka alla GDT-kontosaldon med 26% den 26\/06\/2016. Sponsra nu och njut av det multipla beloppet av GDT!<\/a><\/span><\/strong><\/p>\t\t\t\t\t\t\t\t<\/div>\n\t\t\t\t<\/div>\n\t\t\t\t\t<\/div>\n\t\t<\/div>\n\t\t\t\t\t<\/div>\n\t\t<\/section>\n\t\t\t\t<section class=\"elementor-section elementor-top-section elementor-element elementor-element-29dfc07 elementor-section-boxed elementor-section-height-default elementor-section-height-default\" data-id=\"29dfc07\" data-element_type=\"section\" data-e-type=\"section\">\n\t\t\t\t\t\t<div class=\"elementor-container elementor-column-gap-default\">\n\t\t\t\t\t<div class=\"elementor-column elementor-col-100 elementor-top-column elementor-element elementor-element-d37ec5a\" data-id=\"d37ec5a\" data-element_type=\"column\" data-e-type=\"column\">\n\t\t\t<div class=\"elementor-widget-wrap\">\n\t\t\t\t\t\t\t<\/div>\n\t\t<\/div>\n\t\t\t\t\t<\/div>\n\t\t<\/section>\n\t\t\t\t<section class=\"elementor-section elementor-top-section elementor-element elementor-element-b3bbb9b elementor-section-boxed elementor-section-height-default elementor-section-height-default\" data-id=\"b3bbb9b\" data-element_type=\"section\" data-e-type=\"section\">\n\t\t\t\t\t\t<div class=\"elementor-container elementor-column-gap-default\">\n\t\t\t\t\t<div class=\"elementor-column elementor-col-100 elementor-top-column elementor-element elementor-element-a7e88ad\" data-id=\"a7e88ad\" data-element_type=\"column\" data-e-type=\"column\">\n\t\t\t<div class=\"elementor-widget-wrap\">\n\t\t\t\t\t\t\t<\/div>\n\t\t<\/div>\n\t\t\t\t\t<\/div>\n\t\t<\/section>\n\t\t\t\t<\/div>","protected":false},"excerpt":{"rendered":"<p>REGENERATIV EKONOMI inneb\u00e4r \"ett ekonomiskt system som g\u00e5r bortom tanken p\u00e5 rent v\u00e4rdeskapande och fokuserar p\u00e5 att \u00e5terst\u00e4lla och f\u00f6rb\u00e4ttra ekosystem och samh\u00e4llen. Det str\u00e4var efter att ge tillbaka mer \u00e4n det tar, b\u00e5de milj\u00f6m\u00e4ssigt och socialt, och fokuserar p\u00e5 att skapa positivt v\u00e4rde f\u00f6r natur och samh\u00e4lle.\"<\/p>","protected":false},"author":2,"featured_media":10431,"comment_status":"closed","ping_status":"closed","sticky":false,"template":"","format":"standard","meta":{"footnotes":""},"categories":[11,54],"tags":[],"class_list":["post-10429","post","type-post","status-publish","format-standard","has-post-thumbnail","hentry","category-blog","category-community"],"yoast_head":"<!-- This site is optimized with the Yoast SEO plugin v27.5 - https:\/\/yoast.com\/product\/yoast-seo-wordpress\/ -->\n<title>INSPIRATIONSFLUG ZUM THEMA REGENERATIVE WIRTSCHAFT - Gradido<\/title>\n<meta name=\"description\" content=\"REGENERATIVE WIRTSCHAFT bedeutet &quot;ein Wirtschaftssystem, das \u00fcber den reinen Wertsch\u00f6pfungsgedanken hinausgeht und sich auf die Wiederherstellung und Verbesserung von \u00d6kosystemen und Gesellschaften konzentriert. Sie strebt an, mehr zur\u00fcckzugeben, als sie nimmt, sowohl \u00f6kologisch als auch sozial, und legt den Fokus auf die Schaffung von positivem Wert f\u00fcr Natur und Gesellschaft.&quot;\" \/>\n<meta name=\"robots\" content=\"index, follow, max-snippet:-1, max-image-preview:large, max-video-preview:-1\" \/>\n<link rel=\"canonical\" href=\"https:\/\/gradido.net\/sv\/inspirationsflug-regenerative-wirtschaft\/\" \/>\n<meta property=\"og:locale\" content=\"sv_SE\" \/>\n<meta property=\"og:type\" content=\"article\" \/>\n<meta property=\"og:title\" content=\"INSPIRATIONSFLUG ZUM THEMA REGENERATIVE WIRTSCHAFT - Gradido\" \/>\n<meta property=\"og:description\" content=\"REGENERATIVE WIRTSCHAFT bedeutet &quot;ein Wirtschaftssystem, das \u00fcber den reinen Wertsch\u00f6pfungsgedanken hinausgeht und sich auf die Wiederherstellung und Verbesserung von \u00d6kosystemen und Gesellschaften konzentriert. Sie strebt an, mehr zur\u00fcckzugeben, als sie nimmt, sowohl \u00f6kologisch als auch sozial, und legt den Fokus auf die Schaffung von positivem Wert f\u00fcr Natur und Gesellschaft.&quot;\" \/>\n<meta property=\"og:url\" content=\"https:\/\/gradido.net\/sv\/inspirationsflug-regenerative-wirtschaft\/\" \/>\n<meta property=\"og:site_name\" content=\"Gradido\" \/>\n<meta property=\"article:published_time\" content=\"2025-06-04T09:09:11+00:00\" \/>\n<meta property=\"article:modified_time\" content=\"2026-04-24T05:21:44+00:00\" \/>\n<meta property=\"og:image\" content=\"https:\/\/gradido.net\/wp-content\/uploads\/2025\/06\/Titel-INSPIRATIONSLFUG-short-scaled.webp\" \/>\n\t<meta property=\"og:image:width\" content=\"2560\" \/>\n\t<meta property=\"og:image:height\" content=\"1085\" \/>\n\t<meta property=\"og:image:type\" content=\"image\/webp\" \/>\n<meta name=\"author\" content=\"Bernd H\u00fcckst\u00e4dt\" \/>\n<meta name=\"twitter:card\" content=\"summary_large_image\" \/>\n<meta name=\"twitter:label1\" content=\"Skriven av\" \/>\n\t<meta name=\"twitter:data1\" content=\"Bernd H\u00fcckst\u00e4dt\" \/>\n\t<meta name=\"twitter:label2\" content=\"Ber\u00e4knad l\u00e4stid\" \/>\n\t<meta name=\"twitter:data2\" content=\"3 minuter\" \/>\n<script type=\"application\/ld+json\" class=\"yoast-schema-graph\">{\"@context\":\"https:\\\/\\\/schema.org\",\"@graph\":[{\"@type\":\"Article\",\"@id\":\"https:\\\/\\\/gradido.net\\\/inspirationsflug-regenerative-wirtschaft\\\/#article\",\"isPartOf\":{\"@id\":\"https:\\\/\\\/gradido.net\\\/inspirationsflug-regenerative-wirtschaft\\\/\"},\"author\":{\"name\":\"Bernd H\u00fcckst\u00e4dt\",\"@id\":\"https:\\\/\\\/gradido.net\\\/de\\\/#\\\/schema\\\/person\\\/9c503a004ad15a1ddecadce2218db5d1\"},\"headline\":\"INSPIRATIONSFLUG ZUM THEMA REGENERATIVE WIRTSCHAFT\",\"datePublished\":\"2025-06-04T09:09:11+00:00\",\"dateModified\":\"2026-04-24T05:21:44+00:00\",\"mainEntityOfPage\":{\"@id\":\"https:\\\/\\\/gradido.net\\\/inspirationsflug-regenerative-wirtschaft\\\/\"},\"wordCount\":427,\"publisher\":{\"@id\":\"https:\\\/\\\/gradido.net\\\/de\\\/#organization\"},\"image\":{\"@id\":\"https:\\\/\\\/gradido.net\\\/inspirationsflug-regenerative-wirtschaft\\\/#primaryimage\"},\"thumbnailUrl\":\"https:\\\/\\\/gradido.net\\\/wp-content\\\/uploads\\\/2025\\\/06\\\/Titel-INSPIRATIONSLFUG-short-scaled.webp\",\"articleSection\":[\"Blog\",\"Community\"],\"inLanguage\":\"sv-SE\"},{\"@type\":\"WebPage\",\"@id\":\"https:\\\/\\\/gradido.net\\\/inspirationsflug-regenerative-wirtschaft\\\/\",\"url\":\"https:\\\/\\\/gradido.net\\\/inspirationsflug-regenerative-wirtschaft\\\/\",\"name\":\"INSPIRATIONSFLUG ZUM THEMA REGENERATIVE WIRTSCHAFT - Gradido\",\"isPartOf\":{\"@id\":\"https:\\\/\\\/gradido.net\\\/de\\\/#website\"},\"primaryImageOfPage\":{\"@id\":\"https:\\\/\\\/gradido.net\\\/inspirationsflug-regenerative-wirtschaft\\\/#primaryimage\"},\"image\":{\"@id\":\"https:\\\/\\\/gradido.net\\\/inspirationsflug-regenerative-wirtschaft\\\/#primaryimage\"},\"thumbnailUrl\":\"https:\\\/\\\/gradido.net\\\/wp-content\\\/uploads\\\/2025\\\/06\\\/Titel-INSPIRATIONSLFUG-short-scaled.webp\",\"datePublished\":\"2025-06-04T09:09:11+00:00\",\"dateModified\":\"2026-04-24T05:21:44+00:00\",\"description\":\"REGENERATIVE WIRTSCHAFT bedeutet \\\"ein Wirtschaftssystem, das \u00fcber den reinen Wertsch\u00f6pfungsgedanken hinausgeht und sich auf die Wiederherstellung und Verbesserung von \u00d6kosystemen und Gesellschaften konzentriert. Sie strebt an, mehr zur\u00fcckzugeben, als sie nimmt, sowohl \u00f6kologisch als auch sozial, und legt den Fokus auf die Schaffung von positivem Wert f\u00fcr Natur und Gesellschaft.\\\"\",\"breadcrumb\":{\"@id\":\"https:\\\/\\\/gradido.net\\\/inspirationsflug-regenerative-wirtschaft\\\/#breadcrumb\"},\"inLanguage\":\"sv-SE\",\"potentialAction\":[{\"@type\":\"ReadAction\",\"target\":[\"https:\\\/\\\/gradido.net\\\/inspirationsflug-regenerative-wirtschaft\\\/\"]}]},{\"@type\":\"ImageObject\",\"inLanguage\":\"sv-SE\",\"@id\":\"https:\\\/\\\/gradido.net\\\/inspirationsflug-regenerative-wirtschaft\\\/#primaryimage\",\"url\":\"https:\\\/\\\/gradido.net\\\/wp-content\\\/uploads\\\/2025\\\/06\\\/Titel-INSPIRATIONSLFUG-short-scaled.webp\",\"contentUrl\":\"https:\\\/\\\/gradido.net\\\/wp-content\\\/uploads\\\/2025\\\/06\\\/Titel-INSPIRATIONSLFUG-short-scaled.webp\",\"width\":2560,\"height\":1085},{\"@type\":\"BreadcrumbList\",\"@id\":\"https:\\\/\\\/gradido.net\\\/inspirationsflug-regenerative-wirtschaft\\\/#breadcrumb\",\"itemListElement\":[{\"@type\":\"ListItem\",\"position\":1,\"name\":\"Startseite\",\"item\":\"https:\\\/\\\/gradido.net\\\/\"},{\"@type\":\"ListItem\",\"position\":2,\"name\":\"INSPIRATIONSFLUG ZUM THEMA REGENERATIVE WIRTSCHAFT\"}]},{\"@type\":\"WebSite\",\"@id\":\"https:\\\/\\\/gradido.net\\\/de\\\/#website\",\"url\":\"https:\\\/\\\/gradido.net\\\/de\\\/\",\"name\":\"Gradido\",\"description\":\"Die neue W\u00e4hrung hei\u00dft Dankbarkeit\",\"publisher\":{\"@id\":\"https:\\\/\\\/gradido.net\\\/de\\\/#organization\"},\"potentialAction\":[{\"@type\":\"SearchAction\",\"target\":{\"@type\":\"EntryPoint\",\"urlTemplate\":\"https:\\\/\\\/gradido.net\\\/de\\\/?s={search_term_string}\"},\"query-input\":{\"@type\":\"PropertyValueSpecification\",\"valueRequired\":true,\"valueName\":\"search_term_string\"}}],\"inLanguage\":\"sv-SE\"},{\"@type\":\"Organization\",\"@id\":\"https:\\\/\\\/gradido.net\\\/de\\\/#organization\",\"name\":\"Gradido\",\"url\":\"https:\\\/\\\/gradido.net\\\/de\\\/\",\"logo\":{\"@type\":\"ImageObject\",\"inLanguage\":\"sv-SE\",\"@id\":\"https:\\\/\\\/gradido.net\\\/de\\\/#\\\/schema\\\/logo\\\/image\\\/\",\"url\":\"https:\\\/\\\/gradido.net\\\/wp-content\\\/uploads\\\/2022\\\/04\\\/gradido-social.jpg\",\"contentUrl\":\"https:\\\/\\\/gradido.net\\\/wp-content\\\/uploads\\\/2022\\\/04\\\/gradido-social.jpg\",\"width\":527,\"height\":273,\"caption\":\"Gradido\"},\"image\":{\"@id\":\"https:\\\/\\\/gradido.net\\\/de\\\/#\\\/schema\\\/logo\\\/image\\\/\"}},{\"@type\":\"Person\",\"@id\":\"https:\\\/\\\/gradido.net\\\/de\\\/#\\\/schema\\\/person\\\/9c503a004ad15a1ddecadce2218db5d1\",\"name\":\"Bernd H\u00fcckst\u00e4dt\",\"sameAs\":[\"https:\\\/\\\/gradido.net\"],\"url\":\"https:\\\/\\\/gradido.net\\\/sv\\\/author\\\/bernd\\\/\"}]}<\/script>\n<!-- \/ Yoast SEO plugin. -->","yoast_head_json":{"title":"INSPIRATIONSFLYG OM REGENERATIV EKONOMI - Gradido","description":"REGENERATIV EKONOMI inneb\u00e4r \"ett ekonomiskt system som g\u00e5r bortom tanken p\u00e5 rent v\u00e4rdeskapande och fokuserar p\u00e5 att \u00e5terst\u00e4lla och f\u00f6rb\u00e4ttra ekosystem och samh\u00e4llen. Det str\u00e4var efter att ge tillbaka mer \u00e4n det tar, b\u00e5de milj\u00f6m\u00e4ssigt och socialt, och fokuserar p\u00e5 att skapa positivt v\u00e4rde f\u00f6r natur och samh\u00e4lle.\"","robots":{"index":"index","follow":"follow","max-snippet":"max-snippet:-1","max-image-preview":"max-image-preview:large","max-video-preview":"max-video-preview:-1"},"canonical":"https:\/\/gradido.net\/sv\/inspirationsflug-regenerative-wirtschaft\/","og_locale":"sv_SE","og_type":"article","og_title":"INSPIRATIONSFLUG ZUM THEMA REGENERATIVE WIRTSCHAFT - Gradido","og_description":"REGENERATIVE WIRTSCHAFT bedeutet \"ein Wirtschaftssystem, das \u00fcber den reinen Wertsch\u00f6pfungsgedanken hinausgeht und sich auf die Wiederherstellung und Verbesserung von \u00d6kosystemen und Gesellschaften konzentriert. Sie strebt an, mehr zur\u00fcckzugeben, als sie nimmt, sowohl \u00f6kologisch als auch sozial, und legt den Fokus auf die Schaffung von positivem Wert f\u00fcr Natur und Gesellschaft.\"","og_url":"https:\/\/gradido.net\/sv\/inspirationsflug-regenerative-wirtschaft\/","og_site_name":"Gradido","article_published_time":"2025-06-04T09:09:11+00:00","article_modified_time":"2026-04-24T05:21:44+00:00","og_image":[{"width":2560,"height":1085,"url":"https:\/\/gradido.net\/wp-content\/uploads\/2025\/06\/Titel-INSPIRATIONSLFUG-short-scaled.webp","type":"image\/webp"}],"author":"Bernd H\u00fcckst\u00e4dt","twitter_card":"summary_large_image","twitter_misc":{"Skriven av":"Bernd H\u00fcckst\u00e4dt","Ber\u00e4knad l\u00e4stid":"3 minuter"},"schema":{"@context":"https:\/\/schema.org","@graph":[{"@type":"Article","@id":"https:\/\/gradido.net\/inspirationsflug-regenerative-wirtschaft\/#article","isPartOf":{"@id":"https:\/\/gradido.net\/inspirationsflug-regenerative-wirtschaft\/"},"author":{"name":"Bernd H\u00fcckst\u00e4dt","@id":"https:\/\/gradido.net\/de\/#\/schema\/person\/9c503a004ad15a1ddecadce2218db5d1"},"headline":"INSPIRATIONSFLUG ZUM THEMA REGENERATIVE WIRTSCHAFT","datePublished":"2025-06-04T09:09:11+00:00","dateModified":"2026-04-24T05:21:44+00:00","mainEntityOfPage":{"@id":"https:\/\/gradido.net\/inspirationsflug-regenerative-wirtschaft\/"},"wordCount":427,"publisher":{"@id":"https:\/\/gradido.net\/de\/#organization"},"image":{"@id":"https:\/\/gradido.net\/inspirationsflug-regenerative-wirtschaft\/#primaryimage"},"thumbnailUrl":"https:\/\/gradido.net\/wp-content\/uploads\/2025\/06\/Titel-INSPIRATIONSLFUG-short-scaled.webp","articleSection":["Blog","Community"],"inLanguage":"sv-SE"},{"@type":"WebPage","@id":"https:\/\/gradido.net\/inspirationsflug-regenerative-wirtschaft\/","url":"https:\/\/gradido.net\/inspirationsflug-regenerative-wirtschaft\/","name":"INSPIRATIONSFLYG OM REGENERATIV EKONOMI - Gradido","isPartOf":{"@id":"https:\/\/gradido.net\/de\/#website"},"primaryImageOfPage":{"@id":"https:\/\/gradido.net\/inspirationsflug-regenerative-wirtschaft\/#primaryimage"},"image":{"@id":"https:\/\/gradido.net\/inspirationsflug-regenerative-wirtschaft\/#primaryimage"},"thumbnailUrl":"https:\/\/gradido.net\/wp-content\/uploads\/2025\/06\/Titel-INSPIRATIONSLFUG-short-scaled.webp","datePublished":"2025-06-04T09:09:11+00:00","dateModified":"2026-04-24T05:21:44+00:00","description":"REGENERATIV EKONOMI inneb\u00e4r \"ett ekonomiskt system som g\u00e5r bortom tanken p\u00e5 rent v\u00e4rdeskapande och fokuserar p\u00e5 att \u00e5terst\u00e4lla och f\u00f6rb\u00e4ttra ekosystem och samh\u00e4llen. Det str\u00e4var efter att ge tillbaka mer \u00e4n det tar, b\u00e5de milj\u00f6m\u00e4ssigt och socialt, och fokuserar p\u00e5 att skapa positivt v\u00e4rde f\u00f6r natur och samh\u00e4lle.\"","breadcrumb":{"@id":"https:\/\/gradido.net\/inspirationsflug-regenerative-wirtschaft\/#breadcrumb"},"inLanguage":"sv-SE","potentialAction":[{"@type":"ReadAction","target":["https:\/\/gradido.net\/inspirationsflug-regenerative-wirtschaft\/"]}]},{"@type":"ImageObject","inLanguage":"sv-SE","@id":"https:\/\/gradido.net\/inspirationsflug-regenerative-wirtschaft\/#primaryimage","url":"https:\/\/gradido.net\/wp-content\/uploads\/2025\/06\/Titel-INSPIRATIONSLFUG-short-scaled.webp","contentUrl":"https:\/\/gradido.net\/wp-content\/uploads\/2025\/06\/Titel-INSPIRATIONSLFUG-short-scaled.webp","width":2560,"height":1085},{"@type":"BreadcrumbList","@id":"https:\/\/gradido.net\/inspirationsflug-regenerative-wirtschaft\/#breadcrumb","itemListElement":[{"@type":"ListItem","position":1,"name":"Startseite","item":"https:\/\/gradido.net\/"},{"@type":"ListItem","position":2,"name":"INSPIRATIONSFLUG ZUM THEMA REGENERATIVE WIRTSCHAFT"}]},{"@type":"WebSite","@id":"https:\/\/gradido.net\/de\/#website","url":"https:\/\/gradido.net\/de\/","name":"Gradido","description":"Den nya valutan \u00e4r tacksamhet","publisher":{"@id":"https:\/\/gradido.net\/de\/#organization"},"potentialAction":[{"@type":"SearchAction","target":{"@type":"EntryPoint","urlTemplate":"https:\/\/gradido.net\/de\/?s={search_term_string}"},"query-input":{"@type":"PropertyValueSpecification","valueRequired":true,"valueName":"search_term_string"}}],"inLanguage":"sv-SE"},{"@type":"Organization","@id":"https:\/\/gradido.net\/de\/#organization","name":"Gradido","url":"https:\/\/gradido.net\/de\/","logo":{"@type":"ImageObject","inLanguage":"sv-SE","@id":"https:\/\/gradido.net\/de\/#\/schema\/logo\/image\/","url":"https:\/\/gradido.net\/wp-content\/uploads\/2022\/04\/gradido-social.jpg","contentUrl":"https:\/\/gradido.net\/wp-content\/uploads\/2022\/04\/gradido-social.jpg","width":527,"height":273,"caption":"Gradido"},"image":{"@id":"https:\/\/gradido.net\/de\/#\/schema\/logo\/image\/"}},{"@type":"Person","@id":"https:\/\/gradido.net\/de\/#\/schema\/person\/9c503a004ad15a1ddecadce2218db5d1","name":"Bernd H\u00fcckst\u00e4dt","sameAs":["https:\/\/gradido.net"],"url":"https:\/\/gradido.net\/sv\/author\/bernd\/"}]}},"_links":{"self":[{"href":"https:\/\/gradido.net\/sv\/wp-json\/wp\/v2\/posts\/10429","targetHints":{"allow":["GET"]}}],"collection":[{"href":"https:\/\/gradido.net\/sv\/wp-json\/wp\/v2\/posts"}],"about":[{"href":"https:\/\/gradido.net\/sv\/wp-json\/wp\/v2\/types\/post"}],"author":[{"embeddable":true,"href":"https:\/\/gradido.net\/sv\/wp-json\/wp\/v2\/users\/2"}],"replies":[{"embeddable":true,"href":"https:\/\/gradido.net\/sv\/wp-json\/wp\/v2\/comments?post=10429"}],"version-history":[{"count":12,"href":"https:\/\/gradido.net\/sv\/wp-json\/wp\/v2\/posts\/10429\/revisions"}],"predecessor-version":[{"id":13574,"href":"https:\/\/gradido.net\/sv\/wp-json\/wp\/v2\/posts\/10429\/revisions\/13574"}],"wp:featuredmedia":[{"embeddable":true,"href":"https:\/\/gradido.net\/sv\/wp-json\/wp\/v2\/media\/10431"}],"wp:attachment":[{"href":"https:\/\/gradido.net\/sv\/wp-json\/wp\/v2\/media?parent=10429"}],"wp:term":[{"taxonomy":"category","embeddable":true,"href":"https:\/\/gradido.net\/sv\/wp-json\/wp\/v2\/categories?post=10429"},{"taxonomy":"post_tag","embeddable":true,"href":"https:\/\/gradido.net\/sv\/wp-json\/wp\/v2\/tags?post=10429"}],"curies":[{"name":"wp","href":"https:\/\/api.w.org\/{rel}","templated":true}]}}