{"id":1056,"date":"2020-11-11T12:43:41","date_gmt":"2020-11-11T11:43:41","guid":{"rendered":"https:\/\/gradido.net\/?p=1056"},"modified":"2021-12-11T13:01:11","modified_gmt":"2021-12-11T12:01:11","slug":"gastronomie-braucht-aktives-grundeinkommen","status":"publish","type":"post","link":"https:\/\/gradido.net\/sv\/gastronomie-braucht-aktives-grundeinkommen\/","title":{"rendered":"Gastronomin beh\u00f6ver en aktiv basinkomst"},"content":{"rendered":"<div data-elementor-type=\"wp-post\" data-elementor-id=\"1056\" class=\"elementor elementor-1056\" data-elementor-post-type=\"post\">\n\t\t\t\t\t\t<section class=\"elementor-section elementor-top-section elementor-element elementor-element-496e1d53 elementor-section-boxed elementor-section-height-default elementor-section-height-default\" data-id=\"496e1d53\" data-element_type=\"section\" data-e-type=\"section\">\n\t\t\t\t\t\t<div class=\"elementor-container elementor-column-gap-default\">\n\t\t\t\t\t<div class=\"elementor-column elementor-col-100 elementor-top-column elementor-element elementor-element-461d7be0\" data-id=\"461d7be0\" data-element_type=\"column\" data-e-type=\"column\">\n\t\t\t<div class=\"elementor-widget-wrap elementor-element-populated\">\n\t\t\t\t\t\t<div class=\"elementor-element elementor-element-cd9ebe2 elementor-widget elementor-widget-text-editor\" data-id=\"cd9ebe2\" data-element_type=\"widget\" data-e-type=\"widget\" data-widget_type=\"text-editor.default\">\n\t\t\t\t<div class=\"elementor-widget-container\">\n\t\t\t\t\t\t\t\t\t<h2>Knockout genom Lockdown?<\/h2><p><b>K\u00fcnzelsau, 11.11.2020 - Den f\u00f6rnyade l\u00e5sningen inneb\u00e4r ett verkligt skr\u00e4ckscenario f\u00f6r restaurangbranschen. Branschen f\u00f6rv\u00e4ntar sig en v\u00e5g av konkurser av ofattbara proportioner. P\u00e5 grund av den uppenbara oms\u00e4ttningsminskningen i \u00e5r hotas en tredjedel av alla restauranger, kaf\u00e9er, pubar, barer, cateringf\u00f6retag och evenemangslokaler av utrotning. Och trenden \u00e4r stigande. M\u00e5nga av de hotade f\u00f6retagen med otaliga arbetstillf\u00e4llen och l\u00e4rlingsplatser kan inte r\u00e4ddas permanent med det \"novemberst\u00f6d\" som erbjuds. Endast 24 procent av restaurang\u00e4garna tror fortfarande att de kommer att \u00f6ppna igen i december. Tre fj\u00e4rdedelar antar att deras julhandel ocks\u00e5 kommer att drabbas av ett verksamhetsf\u00f6rbud - och reagerar med resignation, ilska eller ren f\u00f6rtvivlan. F\u00f6r att kunna avv\u00e4rja branschens fullst\u00e4ndiga kollaps kr\u00e4vs helt nya \u00e5tg\u00e4rder f\u00f6r att ingripa i kriser och s\u00e4kra sin existens. Gradido Academy for Economic Bionics har utvecklat en ny typ av ekonomiskt och finansiellt system f\u00f6r detta \u00e4ndam\u00e5l. Genom att v\u00e4nda sig bort fr\u00e5n den nuvarande principen om skuldpengar, ett innovativt tillv\u00e4gag\u00e5ngss\u00e4tt f\u00f6r att skapa pengar och en \"aktiv basinkomst\" visar Gradido-modellen en lovande v\u00e4g ut ur krisen. <\/b><\/p><p>Med klagom\u00e5l, framst\u00e4llningar och brandbrev uppm\u00e4rksammar f\u00f6reningar, fackf\u00f6reningar och ber\u00f6rda personer h\u00f6gljutt och otvetydigt konsekvenserna f\u00f6r hotell- och restaurangbranschen av den f\u00f6rnyade l\u00e5sningen. De ifr\u00e5gas\u00e4tter om \u00e5tg\u00e4rderna f\u00f6r att flytta kontakter fr\u00e5n offentliga till privata rum \u00e4r meningsfulla och \u00e4r mycket besvikna \u00f6ver att man inte uppskattar genomarbetade koncept och stora ekonomiska investeringar f\u00f6r g\u00e4sternas maximala s\u00e4kerhet. Branschf\u00f6retr\u00e4darna sl\u00e5r ocks\u00e5 larm med all kraft eftersom otaliga f\u00f6retag st\u00e5r inf\u00f6r sin slutgiltiga underg\u00e5ng p\u00e5 grund av den f\u00f6rnyade st\u00e4ngningen. Det \u00e4r inte bara jobben f\u00f6r de direkt ber\u00f6rda som st\u00e5r p\u00e5 spel, utan \u00e4ven m\u00e5nga anst\u00e4llda i de tillh\u00f6rande leverant\u00f6rskedjorna, bryggerier och dryckesgrossister. F\u00f6r\u00f6dande framtidsutsikter v\u00e4ntar ocks\u00e5 l\u00e4rlingar. Enligt en unders\u00f6kning fr\u00e5n DIH (Deutscher Industri- und Handelskammarf\u00f6rbund) kommer restaurangbranschen troligen att kunna erbjuda 30 procent f\u00e4rre l\u00e4rlingsplatser under det nya utbildnings\u00e5ret j\u00e4mf\u00f6rt med f\u00f6reg\u00e5ende \u00e5r.<\/p><p>Bernd H\u00fcckst\u00e4dt, medgrundare av Gradido Academy for Business Bionics, ser med v\u00e4xande oro p\u00e5 denna utveckling: \"Vi kan inte stabilisera v\u00e5r ekonomi genom att lova svindlande summor av \u00f6verbryggningsst\u00f6d i ett slags quick-fix f\u00f6r alla branscher som kommer att f\u00f6rbjudas fr\u00e5n yrket i \u00e5r. F\u00f6r det f\u00f6rsta vet ingen vem som n\u00e5gonsin kommer att betala av de skuldberg som skapas p\u00e5 detta s\u00e4tt. \u00c5 andra sidan n\u00e5r detta till synes \u00f6verd\u00e5diga \"katastrofbist\u00e5nd\" inte ens alla drabbade, \u00e4r dessutom otillr\u00e4ckligt fr\u00e5n b\u00f6rjan och skapar absolut inget perspektiv.\" De ekonomiska bionik-experterna fr\u00e5n Gradido-akademin anser att de enorma utmaningar som ekonomin och politiken st\u00e5r inf\u00f6r endast kan \u00f6vervinnas med hj\u00e4lp av en v\u00e4ndning mot ett h\u00e5llbart och barnv\u00e4nligt ekonomiskt och finansiellt system.<\/p><h4>Gradido-modellen<\/h4><p>Gradido Academy for Economic Bionics har under 20 \u00e5rs forskningsarbete utvecklat det solida och h\u00e5llbara ekonomiska och finansiella systemet med samma namn. Den bygger p\u00e5 grundl\u00e4ggande naturlagar och inneb\u00e4r f\u00f6ljaktligen ocks\u00e5 att den r\u00e5dande principen om skuldpengar \u00f6verges. H\u00fcckst\u00e4dt f\u00f6rklarar: \"I det gamla finansiella systemet \u00e4r en persons kredit oundvikligen en annans skuld. Naturen k\u00e4nner dock inte till n\u00e5gra skulder. D\u00e4rf\u00f6r skapas den gemensamma goda valutan Gradido (GDD) som en kredit f\u00f6r alla utan att det uppst\u00e5r n\u00e5gra skulder. Ekonomiska kriser som den vi nu upplever skulle kunna bem\u00e4stras med Gradido-modellen utan att framtida generationer belastas.\"<\/p><h4>\"Aktiv basinkomst\" ger trygghet i f\u00f6rs\u00f6rjningen<\/h4><p>Den aktiva basinkomsten har sitt ursprung i id\u00e9n om ovillkorligt deltagande. Varje person f\u00e5r 1 000 Gradido (GDD) av den gemensamma valutan varje m\u00e5nad som en basinkomst. En Gradido motsvarar v\u00e4rdet av en euro. H\u00f6gst 50 timmar per m\u00e5nad ers\u00e4tts med 20 GDD per timme. Beloppet \u00e4r t\u00e4nkt som ett grundbelopp f\u00f6r att garantera f\u00f6rs\u00f6rjningen, som kan kompletteras med andra inkomster. De som vill dra nytta av den aktiva basinkomsten kan bidra till samh\u00e4llet i alla \u00e5ldrar med sina personliga talanger, b\u00f6jelser och m\u00f6jligheter. \u00c4ven i tider av yrkeskris kan man allts\u00e5 f\u00e5 en basinkomst utan att beh\u00f6va ans\u00f6ka om eller klara en behovspr\u00f6vning. Dessutom tar konceptet \"aktiv basinkomst\" med \"villkorsl\u00f6st deltagande\" h\u00e4nsyn till att framtida syssels\u00e4ttningsbiografier - helt oberoende av ekonomiska och finansiella kriser - alltid kommer att ha avbrott eller till och med luckor. Tack vare Gradidos basinkomst f\u00f6rlorar s\u00e5dana omv\u00e4lvningar sin existentiella fasa.<\/p><h4>\"Villkorsl\u00f6st deltagande\" i livets alla faser<\/h4><p>Varje person f\u00e5r ta p\u00e5 sig en uppgift som han eller hon tycker om att g\u00f6ra f\u00f6r den aktiva basinkomsten. H\u00e4r kan han ocks\u00e5 vara aktiv under ett \"yrkesf\u00f6rbud\". F\u00f6rutom k\u00e4nslan av att kunna bedriva en meningsfull verksamhet i alla faser av livet och karri\u00e4ren ger principen om \"villkorsl\u00f6st deltagande\" ocks\u00e5 chansen att uppt\u00e4cka nya passioner och m\u00e5l. Utan existentiell r\u00e4dsla kan alla g\u00f6ra det de vill g\u00f6ra av hela sitt hj\u00e4rta - med andra ord f\u00f6lja sin inre kallelse. Den gl\u00e4dje som uppst\u00e5r i skapandet \u00e4r den b\u00e4sta f\u00f6ruts\u00e4ttningen f\u00f6r att vara framg\u00e5ngsrik p\u00e5 alla niv\u00e5er.<\/p><h4>Tredubbel v\u00e4lf\u00e4rd och tredubbelt skapande av pengar<\/h4><p>Gradidos etiska grundprincip bygger p\u00e5 att harmonisera individens v\u00e4lbefinnande med samh\u00e4llets och den st\u00f6rre helhetens v\u00e4lbefinnande - i betydelsen natur och milj\u00f6. Individen \u00e4r en del av samh\u00e4llet, staten, som i sin tur \u00e4r en del av den \"stora bilden\", ekosystemet. F\u00f6ljaktligen dras 3 \u00d7 1 000 gradido per capita. 1 000 Gradido vardera f\u00f6r \"aktiv basinkomst\", f\u00f6r statsbudgeten och f\u00f6r utj\u00e4mnings- och milj\u00f6fonden.<\/p><h4>Gradidos filosofi<\/h4><p>\"V\u00e5r id\u00e9 om \"gemensam nytta\" \u00e4r att varje person alltid f\u00e5r alla livsn\u00f6dv\u00e4ndigheter och vet att hans eller hennes \u00f6nskem\u00e5l och oro accepteras\", s\u00e4ger Margret Baier, medgrundare och verkst\u00e4llande direkt\u00f6r f\u00f6r Gradido Academy, och f\u00f6rklarar en av modellens grundprinciper. Hon till\u00e4gger: \"Det \u00e4r f\u00f6rst n\u00e4r alla till\u00e5ts vara en levande del av samh\u00e4llet som den solidaritet och ansvarsk\u00e4nsla som kr\u00e4vs f\u00f6r att \u00f6vervinna kriser uppst\u00e5r. I en situation som den vi har i dag skulle vi kunna reagera flexibelt p\u00e5 skydds\u00e5tg\u00e4rder utan att skapa ekonomiska sv\u00e5righeter. Vi kan hitta mycket mer differentierade l\u00f6sningar och minska de d\u00f6dliga o\u00f6nskade effekterna till ett minimum om Gradido-modellen blir ett prejudikat.\"<\/p><p>N\u00e4rmare uppgifter om hela Gradido-modellen finns p\u00e5 f\u00f6ljande adress <a href=\"https:\/\/gradido.net\/sv\/\">https:\/\/gradido.net<\/a><\/p><p><!-- \/wp:paragraph --><\/p>\t\t\t\t\t\t\t\t<\/div>\n\t\t\t\t<\/div>\n\t\t\t\t<div class=\"elementor-element elementor-element-e9ff241 elementor-widget elementor-widget-text-editor\" data-id=\"e9ff241\" data-element_type=\"widget\" data-e-type=\"widget\" data-widget_type=\"text-editor.default\">\n\t\t\t\t<div class=\"elementor-widget-container\">\n\t\t\t\t\t\t\t\t\t<p><strong>Om Gradido Academy<\/strong><br>Gradido Academy for Economic Bionics har utvecklat en alternativ \"gemensam god valuta\" med naturen som f\u00f6rebild. Naturen f\u00f6ljer regeln att det \u00e4r bara n\u00e4r n\u00e5got g\u00e5r bort som n\u00e5got nytt kan uppst\u00e5 och d\u00e4rmed \u00e4r det m\u00f6jligt att \u00e5stadkomma en l\u00e5ngsiktig f\u00f6rb\u00e4ttring (evolution). Dess framg\u00e5ngsrecept \u00e4r \"livets kretslopp\". Om v\u00e5r ekonomi ocks\u00e5 skulle f\u00f6lja denna naturliga cykel skulle det l\u00f6sa praktiskt taget alla v\u00e4rldens penningrelaterade problem, enligt experterna p\u00e5 ekonomisk bionik. Gradido-modellen bygger p\u00e5 id\u00e9n att inte bara varje person utan \u00e4ven varje stat f\u00e5r en inkomst som skapas p\u00e5 kreditbasis. P\u00e5 s\u00e5 s\u00e4tt kan den utf\u00f6ra alla sina uppgifter utan att ta ut skatt. Deflation och inflation h\u00f6r till det f\u00f6rflutna. Ekonomin befrias fr\u00e5n det st\u00e4ndiga tv\u00e5nget att v\u00e4xa, och faran f\u00f6r en kollaps av det finansiella systemet \u00e4r \u00e4ntligen avv\u00e4rjd. (<a href=\"https:\/\/gradido.net\/sv\/\">www.gradido.net<\/a>)<\/p>\t\t\t\t\t\t\t\t<\/div>\n\t\t\t\t<\/div>\n\t\t\t\t\t<\/div>\n\t\t<\/div>\n\t\t\t\t\t<\/div>\n\t\t<\/section>\n\t\t\t\t<\/div>","protected":false},"excerpt":{"rendered":"<p>Knockout durch Lockdown? K\u00fcnzelsau, 11.11.2020 \u2013 Der erneute Lockdown beschert der Gastronomie ein wahres Horrorszenario. Die Branche rechnet mit einer Pleitewelle unvorstellbaren Ausma\u00dfes. Aufgrund der eklatanten Umsatzeinbu\u00dfen in diesem Jahr droht einem Drittel der Restaurants, Caf\u00e9s, Wirtsh\u00e4user, Kneipen, Bars, Caterer und Eventlocations das Aus. Tendenz steigend. Viele der bedrohten Unternehmen mit unz\u00e4hligen Arbeits- und Ausbildungspl\u00e4tzen [&hellip;]<\/p>\n","protected":false},"author":2,"featured_media":1067,"comment_status":"closed","ping_status":"closed","sticky":false,"template":"","format":"standard","meta":{"footnotes":""},"categories":[8],"tags":[],"class_list":["post-1056","post","type-post","status-publish","format-standard","has-post-thumbnail","hentry","category-pressemitteilung"],"yoast_head":"<!-- This site is optimized with the Yoast SEO plugin v27.5 - https:\/\/yoast.com\/product\/yoast-seo-wordpress\/ -->\n<title>Gastronomie braucht \u201aAktives Grundeinkommen\u2018 - Gradido<\/title>\n<meta name=\"robots\" content=\"index, follow, max-snippet:-1, max-image-preview:large, max-video-preview:-1\" \/>\n<link rel=\"canonical\" href=\"https:\/\/gradido.net\/sv\/gastronomie-braucht-aktives-grundeinkommen\/\" \/>\n<meta property=\"og:locale\" content=\"sv_SE\" \/>\n<meta property=\"og:type\" content=\"article\" \/>\n<meta property=\"og:title\" content=\"Gastronomie braucht \u201aAktives Grundeinkommen\u2018 - Gradido\" \/>\n<meta property=\"og:description\" content=\"Knockout durch Lockdown? K\u00fcnzelsau, 11.11.2020 \u2013 Der erneute Lockdown beschert der Gastronomie ein wahres Horrorszenario. Die Branche rechnet mit einer Pleitewelle unvorstellbaren Ausma\u00dfes. Aufgrund der eklatanten Umsatzeinbu\u00dfen in diesem Jahr droht einem Drittel der Restaurants, Caf\u00e9s, Wirtsh\u00e4user, Kneipen, Bars, Caterer und Eventlocations das Aus. Tendenz steigend. Viele der bedrohten Unternehmen mit unz\u00e4hligen Arbeits- und Ausbildungspl\u00e4tzen [&hellip;]\" \/>\n<meta property=\"og:url\" content=\"https:\/\/gradido.net\/sv\/gastronomie-braucht-aktives-grundeinkommen\/\" \/>\n<meta property=\"og:site_name\" content=\"Gradido\" \/>\n<meta property=\"article:published_time\" content=\"2020-11-11T11:43:41+00:00\" \/>\n<meta property=\"article:modified_time\" content=\"2021-12-11T12:01:11+00:00\" \/>\n<meta property=\"og:image\" content=\"https:\/\/gradido.net\/wp-content\/uploads\/2020\/11\/gastronomie_pausemodus.jpg\" \/>\n\t<meta property=\"og:image:width\" content=\"1079\" \/>\n\t<meta property=\"og:image:height\" content=\"720\" \/>\n\t<meta property=\"og:image:type\" content=\"image\/jpeg\" \/>\n<meta name=\"author\" content=\"Bernd H\u00fcckst\u00e4dt\" \/>\n<meta name=\"twitter:card\" content=\"summary_large_image\" \/>\n<meta name=\"twitter:label1\" content=\"Skriven av\" \/>\n\t<meta name=\"twitter:data1\" content=\"Bernd H\u00fcckst\u00e4dt\" \/>\n\t<meta name=\"twitter:label2\" content=\"Ber\u00e4knad l\u00e4stid\" \/>\n\t<meta name=\"twitter:data2\" content=\"6 minuter\" \/>\n<script type=\"application\/ld+json\" class=\"yoast-schema-graph\">{\"@context\":\"https:\\\/\\\/schema.org\",\"@graph\":[{\"@type\":\"Article\",\"@id\":\"https:\\\/\\\/gradido.net\\\/pt\\\/gastronomie-braucht-aktives-grundeinkommen\\\/#article\",\"isPartOf\":{\"@id\":\"https:\\\/\\\/gradido.net\\\/pt\\\/gastronomie-braucht-aktives-grundeinkommen\\\/\"},\"author\":{\"name\":\"Bernd H\u00fcckst\u00e4dt\",\"@id\":\"https:\\\/\\\/gradido.net\\\/de\\\/#\\\/schema\\\/person\\\/9c503a004ad15a1ddecadce2218db5d1\"},\"headline\":\"Gastronomie braucht \u201aAktives Grundeinkommen\u2018\",\"datePublished\":\"2020-11-11T11:43:41+00:00\",\"dateModified\":\"2021-12-11T12:01:11+00:00\",\"mainEntityOfPage\":{\"@id\":\"https:\\\/\\\/gradido.net\\\/pt\\\/gastronomie-braucht-aktives-grundeinkommen\\\/\"},\"wordCount\":1170,\"publisher\":{\"@id\":\"https:\\\/\\\/gradido.net\\\/de\\\/#organization\"},\"image\":{\"@id\":\"https:\\\/\\\/gradido.net\\\/pt\\\/gastronomie-braucht-aktives-grundeinkommen\\\/#primaryimage\"},\"thumbnailUrl\":\"https:\\\/\\\/gradido.net\\\/wp-content\\\/uploads\\\/2020\\\/11\\\/gastronomie_pausemodus.jpg\",\"articleSection\":[\"Pressemitteilung\"],\"inLanguage\":\"sv-SE\"},{\"@type\":\"WebPage\",\"@id\":\"https:\\\/\\\/gradido.net\\\/pt\\\/gastronomie-braucht-aktives-grundeinkommen\\\/\",\"url\":\"https:\\\/\\\/gradido.net\\\/pt\\\/gastronomie-braucht-aktives-grundeinkommen\\\/\",\"name\":\"Gastronomie braucht \u201aAktives Grundeinkommen\u2018 - Gradido\",\"isPartOf\":{\"@id\":\"https:\\\/\\\/gradido.net\\\/de\\\/#website\"},\"primaryImageOfPage\":{\"@id\":\"https:\\\/\\\/gradido.net\\\/pt\\\/gastronomie-braucht-aktives-grundeinkommen\\\/#primaryimage\"},\"image\":{\"@id\":\"https:\\\/\\\/gradido.net\\\/pt\\\/gastronomie-braucht-aktives-grundeinkommen\\\/#primaryimage\"},\"thumbnailUrl\":\"https:\\\/\\\/gradido.net\\\/wp-content\\\/uploads\\\/2020\\\/11\\\/gastronomie_pausemodus.jpg\",\"datePublished\":\"2020-11-11T11:43:41+00:00\",\"dateModified\":\"2021-12-11T12:01:11+00:00\",\"breadcrumb\":{\"@id\":\"https:\\\/\\\/gradido.net\\\/pt\\\/gastronomie-braucht-aktives-grundeinkommen\\\/#breadcrumb\"},\"inLanguage\":\"sv-SE\",\"potentialAction\":[{\"@type\":\"ReadAction\",\"target\":[\"https:\\\/\\\/gradido.net\\\/pt\\\/gastronomie-braucht-aktives-grundeinkommen\\\/\"]}]},{\"@type\":\"ImageObject\",\"inLanguage\":\"sv-SE\",\"@id\":\"https:\\\/\\\/gradido.net\\\/pt\\\/gastronomie-braucht-aktives-grundeinkommen\\\/#primaryimage\",\"url\":\"https:\\\/\\\/gradido.net\\\/wp-content\\\/uploads\\\/2020\\\/11\\\/gastronomie_pausemodus.jpg\",\"contentUrl\":\"https:\\\/\\\/gradido.net\\\/wp-content\\\/uploads\\\/2020\\\/11\\\/gastronomie_pausemodus.jpg\",\"width\":1079,\"height\":720,\"caption\":\"Woman restaurant staff cleaning table with alcohol spray wearing glove, face shield and mask before open the restaurant\"},{\"@type\":\"BreadcrumbList\",\"@id\":\"https:\\\/\\\/gradido.net\\\/pt\\\/gastronomie-braucht-aktives-grundeinkommen\\\/#breadcrumb\",\"itemListElement\":[{\"@type\":\"ListItem\",\"position\":1,\"name\":\"Startseite\",\"item\":\"https:\\\/\\\/gradido.net\\\/\"},{\"@type\":\"ListItem\",\"position\":2,\"name\":\"Gastronomie braucht \u201aAktives Grundeinkommen\u2018\"}]},{\"@type\":\"WebSite\",\"@id\":\"https:\\\/\\\/gradido.net\\\/de\\\/#website\",\"url\":\"https:\\\/\\\/gradido.net\\\/de\\\/\",\"name\":\"Gradido\",\"description\":\"Die neue W\u00e4hrung hei\u00dft Dankbarkeit\",\"publisher\":{\"@id\":\"https:\\\/\\\/gradido.net\\\/de\\\/#organization\"},\"potentialAction\":[{\"@type\":\"SearchAction\",\"target\":{\"@type\":\"EntryPoint\",\"urlTemplate\":\"https:\\\/\\\/gradido.net\\\/de\\\/?s={search_term_string}\"},\"query-input\":{\"@type\":\"PropertyValueSpecification\",\"valueRequired\":true,\"valueName\":\"search_term_string\"}}],\"inLanguage\":\"sv-SE\"},{\"@type\":\"Organization\",\"@id\":\"https:\\\/\\\/gradido.net\\\/de\\\/#organization\",\"name\":\"Gradido\",\"url\":\"https:\\\/\\\/gradido.net\\\/de\\\/\",\"logo\":{\"@type\":\"ImageObject\",\"inLanguage\":\"sv-SE\",\"@id\":\"https:\\\/\\\/gradido.net\\\/de\\\/#\\\/schema\\\/logo\\\/image\\\/\",\"url\":\"https:\\\/\\\/gradido.net\\\/wp-content\\\/uploads\\\/2022\\\/04\\\/gradido-social.jpg\",\"contentUrl\":\"https:\\\/\\\/gradido.net\\\/wp-content\\\/uploads\\\/2022\\\/04\\\/gradido-social.jpg\",\"width\":527,\"height\":273,\"caption\":\"Gradido\"},\"image\":{\"@id\":\"https:\\\/\\\/gradido.net\\\/de\\\/#\\\/schema\\\/logo\\\/image\\\/\"}},{\"@type\":\"Person\",\"@id\":\"https:\\\/\\\/gradido.net\\\/de\\\/#\\\/schema\\\/person\\\/9c503a004ad15a1ddecadce2218db5d1\",\"name\":\"Bernd H\u00fcckst\u00e4dt\",\"sameAs\":[\"https:\\\/\\\/gradido.net\"],\"url\":\"https:\\\/\\\/gradido.net\\\/sv\\\/author\\\/bernd\\\/\"}]}<\/script>\n<!-- \/ Yoast SEO plugin. -->","yoast_head_json":{"title":"Gastronomi beh\u00f6ver \"aktiv grundinkomst\" - Gradido","robots":{"index":"index","follow":"follow","max-snippet":"max-snippet:-1","max-image-preview":"max-image-preview:large","max-video-preview":"max-video-preview:-1"},"canonical":"https:\/\/gradido.net\/sv\/gastronomie-braucht-aktives-grundeinkommen\/","og_locale":"sv_SE","og_type":"article","og_title":"Gastronomie braucht \u201aAktives Grundeinkommen\u2018 - Gradido","og_description":"Knockout durch Lockdown? K\u00fcnzelsau, 11.11.2020 \u2013 Der erneute Lockdown beschert der Gastronomie ein wahres Horrorszenario. Die Branche rechnet mit einer Pleitewelle unvorstellbaren Ausma\u00dfes. Aufgrund der eklatanten Umsatzeinbu\u00dfen in diesem Jahr droht einem Drittel der Restaurants, Caf\u00e9s, Wirtsh\u00e4user, Kneipen, Bars, Caterer und Eventlocations das Aus. Tendenz steigend. Viele der bedrohten Unternehmen mit unz\u00e4hligen Arbeits- und Ausbildungspl\u00e4tzen [&hellip;]","og_url":"https:\/\/gradido.net\/sv\/gastronomie-braucht-aktives-grundeinkommen\/","og_site_name":"Gradido","article_published_time":"2020-11-11T11:43:41+00:00","article_modified_time":"2021-12-11T12:01:11+00:00","og_image":[{"width":1079,"height":720,"url":"https:\/\/gradido.net\/wp-content\/uploads\/2020\/11\/gastronomie_pausemodus.jpg","type":"image\/jpeg"}],"author":"Bernd H\u00fcckst\u00e4dt","twitter_card":"summary_large_image","twitter_misc":{"Skriven av":"Bernd H\u00fcckst\u00e4dt","Ber\u00e4knad l\u00e4stid":"6 minuter"},"schema":{"@context":"https:\/\/schema.org","@graph":[{"@type":"Article","@id":"https:\/\/gradido.net\/pt\/gastronomie-braucht-aktives-grundeinkommen\/#article","isPartOf":{"@id":"https:\/\/gradido.net\/pt\/gastronomie-braucht-aktives-grundeinkommen\/"},"author":{"name":"Bernd H\u00fcckst\u00e4dt","@id":"https:\/\/gradido.net\/de\/#\/schema\/person\/9c503a004ad15a1ddecadce2218db5d1"},"headline":"Gastronomie braucht \u201aAktives Grundeinkommen\u2018","datePublished":"2020-11-11T11:43:41+00:00","dateModified":"2021-12-11T12:01:11+00:00","mainEntityOfPage":{"@id":"https:\/\/gradido.net\/pt\/gastronomie-braucht-aktives-grundeinkommen\/"},"wordCount":1170,"publisher":{"@id":"https:\/\/gradido.net\/de\/#organization"},"image":{"@id":"https:\/\/gradido.net\/pt\/gastronomie-braucht-aktives-grundeinkommen\/#primaryimage"},"thumbnailUrl":"https:\/\/gradido.net\/wp-content\/uploads\/2020\/11\/gastronomie_pausemodus.jpg","articleSection":["Pressemitteilung"],"inLanguage":"sv-SE"},{"@type":"WebPage","@id":"https:\/\/gradido.net\/pt\/gastronomie-braucht-aktives-grundeinkommen\/","url":"https:\/\/gradido.net\/pt\/gastronomie-braucht-aktives-grundeinkommen\/","name":"Gastronomi beh\u00f6ver \"aktiv grundinkomst\" - Gradido","isPartOf":{"@id":"https:\/\/gradido.net\/de\/#website"},"primaryImageOfPage":{"@id":"https:\/\/gradido.net\/pt\/gastronomie-braucht-aktives-grundeinkommen\/#primaryimage"},"image":{"@id":"https:\/\/gradido.net\/pt\/gastronomie-braucht-aktives-grundeinkommen\/#primaryimage"},"thumbnailUrl":"https:\/\/gradido.net\/wp-content\/uploads\/2020\/11\/gastronomie_pausemodus.jpg","datePublished":"2020-11-11T11:43:41+00:00","dateModified":"2021-12-11T12:01:11+00:00","breadcrumb":{"@id":"https:\/\/gradido.net\/pt\/gastronomie-braucht-aktives-grundeinkommen\/#breadcrumb"},"inLanguage":"sv-SE","potentialAction":[{"@type":"ReadAction","target":["https:\/\/gradido.net\/pt\/gastronomie-braucht-aktives-grundeinkommen\/"]}]},{"@type":"ImageObject","inLanguage":"sv-SE","@id":"https:\/\/gradido.net\/pt\/gastronomie-braucht-aktives-grundeinkommen\/#primaryimage","url":"https:\/\/gradido.net\/wp-content\/uploads\/2020\/11\/gastronomie_pausemodus.jpg","contentUrl":"https:\/\/gradido.net\/wp-content\/uploads\/2020\/11\/gastronomie_pausemodus.jpg","width":1079,"height":720,"caption":"Woman restaurant staff cleaning table with alcohol spray wearing glove, face shield and mask before open the restaurant"},{"@type":"BreadcrumbList","@id":"https:\/\/gradido.net\/pt\/gastronomie-braucht-aktives-grundeinkommen\/#breadcrumb","itemListElement":[{"@type":"ListItem","position":1,"name":"Startseite","item":"https:\/\/gradido.net\/"},{"@type":"ListItem","position":2,"name":"Gastronomie braucht \u201aAktives Grundeinkommen\u2018"}]},{"@type":"WebSite","@id":"https:\/\/gradido.net\/de\/#website","url":"https:\/\/gradido.net\/de\/","name":"Gradido","description":"Den nya valutan \u00e4r tacksamhet","publisher":{"@id":"https:\/\/gradido.net\/de\/#organization"},"potentialAction":[{"@type":"SearchAction","target":{"@type":"EntryPoint","urlTemplate":"https:\/\/gradido.net\/de\/?s={search_term_string}"},"query-input":{"@type":"PropertyValueSpecification","valueRequired":true,"valueName":"search_term_string"}}],"inLanguage":"sv-SE"},{"@type":"Organization","@id":"https:\/\/gradido.net\/de\/#organization","name":"Gradido","url":"https:\/\/gradido.net\/de\/","logo":{"@type":"ImageObject","inLanguage":"sv-SE","@id":"https:\/\/gradido.net\/de\/#\/schema\/logo\/image\/","url":"https:\/\/gradido.net\/wp-content\/uploads\/2022\/04\/gradido-social.jpg","contentUrl":"https:\/\/gradido.net\/wp-content\/uploads\/2022\/04\/gradido-social.jpg","width":527,"height":273,"caption":"Gradido"},"image":{"@id":"https:\/\/gradido.net\/de\/#\/schema\/logo\/image\/"}},{"@type":"Person","@id":"https:\/\/gradido.net\/de\/#\/schema\/person\/9c503a004ad15a1ddecadce2218db5d1","name":"Bernd H\u00fcckst\u00e4dt","sameAs":["https:\/\/gradido.net"],"url":"https:\/\/gradido.net\/sv\/author\/bernd\/"}]}},"_links":{"self":[{"href":"https:\/\/gradido.net\/sv\/wp-json\/wp\/v2\/posts\/1056","targetHints":{"allow":["GET"]}}],"collection":[{"href":"https:\/\/gradido.net\/sv\/wp-json\/wp\/v2\/posts"}],"about":[{"href":"https:\/\/gradido.net\/sv\/wp-json\/wp\/v2\/types\/post"}],"author":[{"embeddable":true,"href":"https:\/\/gradido.net\/sv\/wp-json\/wp\/v2\/users\/2"}],"replies":[{"embeddable":true,"href":"https:\/\/gradido.net\/sv\/wp-json\/wp\/v2\/comments?post=1056"}],"version-history":[{"count":18,"href":"https:\/\/gradido.net\/sv\/wp-json\/wp\/v2\/posts\/1056\/revisions"}],"predecessor-version":[{"id":3742,"href":"https:\/\/gradido.net\/sv\/wp-json\/wp\/v2\/posts\/1056\/revisions\/3742"}],"wp:featuredmedia":[{"embeddable":true,"href":"https:\/\/gradido.net\/sv\/wp-json\/wp\/v2\/media\/1067"}],"wp:attachment":[{"href":"https:\/\/gradido.net\/sv\/wp-json\/wp\/v2\/media?parent=1056"}],"wp:term":[{"taxonomy":"category","embeddable":true,"href":"https:\/\/gradido.net\/sv\/wp-json\/wp\/v2\/categories?post=1056"},{"taxonomy":"post_tag","embeddable":true,"href":"https:\/\/gradido.net\/sv\/wp-json\/wp\/v2\/tags?post=1056"}],"curies":[{"name":"wp","href":"https:\/\/api.w.org\/{rel}","templated":true}]}}