{"id":11499,"date":"2025-09-05T16:51:50","date_gmt":"2025-09-05T14:51:50","guid":{"rendered":"https:\/\/gradido.net\/?p=11499"},"modified":"2026-04-24T07:21:13","modified_gmt":"2026-04-24T05:21:13","slug":"werde-mutmacher-teile-deine-gradido-geschichte","status":"publish","type":"post","link":"https:\/\/gradido.net\/sv\/werde-mutmacher-teile-deine-gradido-geschichte\/","title":{"rendered":"Bli en uppmuntrare: dela med dig av din Gradido-ber\u00e4ttelse!"},"content":{"rendered":"<div data-elementor-type=\"wp-post\" data-elementor-id=\"11499\" class=\"elementor elementor-11499\" data-elementor-post-type=\"post\">\n\t\t\t\t\t\t<section class=\"elementor-section elementor-top-section elementor-element elementor-element-496e1d53 elementor-section-boxed elementor-section-height-default elementor-section-height-default\" data-id=\"496e1d53\" data-element_type=\"section\" data-e-type=\"section\">\n\t\t\t\t\t\t<div class=\"elementor-container elementor-column-gap-default\">\n\t\t\t\t\t<div class=\"elementor-column elementor-col-100 elementor-top-column elementor-element elementor-element-461d7be0\" data-id=\"461d7be0\" data-element_type=\"column\" data-e-type=\"column\">\n\t\t\t<div class=\"elementor-widget-wrap elementor-element-populated\">\n\t\t\t\t\t\t<div class=\"elementor-element elementor-element-cd9ebe2 elementor-widget elementor-widget-text-editor\" data-id=\"cd9ebe2\" data-element_type=\"widget\" data-e-type=\"widget\" data-widget_type=\"text-editor.default\">\n\t\t\t\t<div class=\"elementor-widget-container\">\n\t\t\t\t\t\t\t\t\t<p style=\"text-align: right;\"><em>\"Inget i v\u00e4rlden \u00e4r s\u00e5 kraftfullt som en id\u00e9 vars tid har kommit.\"<\/em> <br \/><em>-\u00a0<\/em><i>\u00a0Victor Hugo<\/i><\/p><p>K\u00e4ra framtida formgivare,<\/p><p>Allt fler m\u00e4nniskor l\u00e4ngtar efter att f\u00e5 leva i v\u00e4lst\u00e5nd, fred och frihet - i samklang med sig sj\u00e4lva, samh\u00e4llet och naturen. Du har ocks\u00e5 hittat till Gradido f\u00f6r att en dr\u00f6m lever inom dig: visionen om en r\u00e4ttvis v\u00e4rld v\u00e4rd att leva i f\u00f6r alla, idag och f\u00f6r kommande generationer.<\/p><h3>Men kanske k\u00e4nner du ocks\u00e5 igen den d\u00e4r olustiga k\u00e4nslan:<\/h3><p>Det gamla penningsystemet skapar fattigdom, otrygghet och splittring - och ibland fr\u00e5gar man sig sj\u00e4lv: Vad kan jag g\u00f6ra som enskild individ? T\u00e4nk om min \u00f6nskan om samh\u00f6righet och mening inte h\u00f6rs?<\/p><h2>Du \u00e4r inte ensam!<\/h2><p>\u00d6ver hela v\u00e4rlden finns en r\u00f6relse av engagerade m\u00e4nniskor som vaknar upp och bryter ny mark tillsammans. Med Gradido - och framf\u00f6r allt med dig! I allt fler sm\u00e5grupper, v\u00e4nkretsar och \"Gradido-cirklar\" n\u00e4tverkar m\u00e4nniskor p\u00e5 ett decentraliserat s\u00e4tt, st\u00e4rker varandra och formar den nya jorden steg f\u00f6r steg.<\/p><p>Vi har l\u00e4rt oss hur den levande naturen fungerar - och utvecklat Gradido-modellen f\u00f6r globalt v\u00e4lst\u00e5nd fr\u00e5n detta: inklusive en s\u00e4ker, modern decentraliserad plattform och enkel drift.<\/p><h2>Nu bjuder vi in dig:<\/h2><p>Kom ih\u00e5g vad som ledde dig till Gradido. Vad \u00f6nskar du dig i en v\u00e4rld av fred och frihet? Vad inspirerar ditt hj\u00e4rta?<\/p><p><strong>Dela med dig av dina tankar, din historia, dina \u00f6nskem\u00e5l!<\/strong><\/p><p>Skicka oss bara ett e-postmeddelande - spontant, kortfattat eller detaljerat, med eller utan namn (precis som du vill - din integritet \u00e4r viktig!).<\/p><p><strong>Vi kommer att publicera de b\u00e4sta och mest uppmuntrande bidragen - anonymt om du s\u00e5 \u00f6nskar - i kommande nyhetsbrev och p\u00e5 v\u00e5r blogg. <\/strong><\/p><p>Tillsammans kan vi odla en bukett av hopp och verkliga ber\u00e4ttelser som kommer att inspirera m\u00e5nga fler att bli en del av denna r\u00f6relse.<\/p><p>De som inte skriver missar chansen att l\u00e5ta sitt ljus skina och uppleva sann samh\u00f6righet. De som svarar ger mod, nya perspektiv och blir en del av en v\u00e4xande, kraftfull gemenskap som formar den nya jorden.<\/p><h3>Var en del av det - vi ser fram emot att h\u00f6ra fr\u00e5n dig!<\/h3><p><strong>Skicka din e-post till: <a href=\"mailto:support@gradido.net\">support@gradido.net<\/a><\/strong><\/p><p>Tillsammans v\u00e4xer vi bortom oss sj\u00e4lva!<\/p><p>Med djup tacksamhet och solidaritet<\/p>\t\t\t\t\t\t\t\t<\/div>\n\t\t\t\t<\/div>\n\t\t\t\t<div class=\"elementor-element elementor-element-d74dfa0 elementor-widget elementor-widget-text-editor\" data-id=\"d74dfa0\" data-element_type=\"widget\" data-e-type=\"widget\" data-widget_type=\"text-editor.default\">\n\t\t\t\t<div class=\"elementor-widget-container\">\n\t\t\t\t\t\t\t\t\t<div data-pm-slice=\"1 1 []\" data-en-clipboard=\"true\"><p><span style=\"font-family: -apple-system, BlinkMacSystemFont, 'Segoe UI', Roboto, 'Helvetica Neue', Arial, 'Noto Sans', sans-serif, 'Apple Color Emoji', 'Segoe UI Emoji', 'Segoe UI Symbol', 'Noto Color Emoji';\">Din<\/span><\/p><\/div><p><img decoding=\"async\" class=\"alignnone wp-image-4614 size-medium\" src=\"https:\/\/gradido.net\/wp-content\/uploads\/2022\/06\/MargretBernd_2022-300x74.png\" alt=\"\" width=\"300\" height=\"74\" srcset=\"https:\/\/gradido.net\/wp-content\/uploads\/2022\/06\/MargretBernd_2022-300x74.png 300w, https:\/\/gradido.net\/wp-content\/uploads\/2022\/06\/MargretBernd_2022-18x4.png 18w, https:\/\/gradido.net\/wp-content\/uploads\/2022\/06\/MargretBernd_2022.png 431w\" sizes=\"(max-width: 300px) 100vw, 300px\" \/><\/p><p>Margret Baier och Bernd H\u00fcckst\u00e4dt<br \/>Gradidos grundare och utvecklare<\/p>\t\t\t\t\t\t\t\t<\/div>\n\t\t\t\t<\/div>\n\t\t\t\t\t<\/div>\n\t\t<\/div>\n\t\t\t\t\t<\/div>\n\t\t<\/section>\n\t\t\t\t<section class=\"elementor-section elementor-top-section elementor-element elementor-element-14532fe elementor-section-boxed elementor-section-height-default elementor-section-height-default\" data-id=\"14532fe\" data-element_type=\"section\" data-e-type=\"section\">\n\t\t\t\t\t\t<div class=\"elementor-container elementor-column-gap-default\">\n\t\t\t\t\t<div class=\"elementor-column elementor-col-100 elementor-top-column elementor-element elementor-element-65d2298\" data-id=\"65d2298\" data-element_type=\"column\" data-e-type=\"column\">\n\t\t\t<div class=\"elementor-widget-wrap elementor-element-populated\">\n\t\t\t\t\t\t<div class=\"elementor-element elementor-element-bea124f elementor-widget elementor-widget-global elementor-global-9341 elementor-widget-text-editor\" data-id=\"bea124f\" data-element_type=\"widget\" data-e-type=\"widget\" data-widget_type=\"text-editor.default\">\n\t\t\t\t<div class=\"elementor-widget-container\">\n\t\t\t\t\t\t\t\t\t<p><strong>PS:\u00a0<span style=\"color: #ff6600;\"><a style=\"color: #ff6600;\" href=\"https:\/\/gradido.net\/sv\/donations\/\">P\u00e5 grund av Gradidos st\u00e4ndigt \u00f6kande betydelse upprepar vi v\u00e5r tacksamhetskampanj den 26 juni 2026:<\/a>\u00a0<\/span><span style=\"color: #0000ff;\"><a style=\"color: #0000ff;\" href=\"https:\/\/gradido.net\/sv\/donations\/\">F\u00f6rutom den multipla GradidoTransform f\u00f6r ditt sponsorbidrag, kommer vi att \u00f6ka alla GDT-kontosaldon med 26% den 26\/06\/2016. Sponsra nu och njut av det multipla beloppet av GDT!<\/a><\/span><\/strong><\/p>\t\t\t\t\t\t\t\t<\/div>\n\t\t\t\t<\/div>\n\t\t\t\t\t<\/div>\n\t\t<\/div>\n\t\t\t\t\t<\/div>\n\t\t<\/section>\n\t\t\t\t<section class=\"elementor-section elementor-top-section elementor-element elementor-element-29dfc07 elementor-section-boxed elementor-section-height-default elementor-section-height-default\" data-id=\"29dfc07\" data-element_type=\"section\" data-e-type=\"section\">\n\t\t\t\t\t\t<div class=\"elementor-container elementor-column-gap-default\">\n\t\t\t\t\t<div class=\"elementor-column elementor-col-100 elementor-top-column elementor-element elementor-element-d37ec5a\" data-id=\"d37ec5a\" data-element_type=\"column\" data-e-type=\"column\">\n\t\t\t<div class=\"elementor-widget-wrap\">\n\t\t\t\t\t\t\t<\/div>\n\t\t<\/div>\n\t\t\t\t\t<\/div>\n\t\t<\/section>\n\t\t\t\t<section class=\"elementor-section elementor-top-section elementor-element elementor-element-b3bbb9b elementor-section-boxed elementor-section-height-default elementor-section-height-default\" data-id=\"b3bbb9b\" data-element_type=\"section\" data-e-type=\"section\">\n\t\t\t\t\t\t<div class=\"elementor-container elementor-column-gap-default\">\n\t\t\t\t\t<div class=\"elementor-column elementor-col-100 elementor-top-column elementor-element elementor-element-a7e88ad\" data-id=\"a7e88ad\" data-element_type=\"column\" data-e-type=\"column\">\n\t\t\t<div class=\"elementor-widget-wrap\">\n\t\t\t\t\t\t\t<\/div>\n\t\t<\/div>\n\t\t\t\t\t<\/div>\n\t\t<\/section>\n\t\t\t\t<\/div>","protected":false},"excerpt":{"rendered":"<p>Vi kommer att publicera dina b\u00e4sta och mest uppmuntrande bidrag i kommande nyhetsbrev och p\u00e5 v\u00e5r blogg. P\u00e5 s\u00e5 s\u00e4tt kan vi tillsammans skapa en bukett av hopp och verkliga ber\u00e4ttelser som kommer att inspirera m\u00e5nga fler att bli en del av den h\u00e4r r\u00f6relsen.<\/p>","protected":false},"author":2,"featured_media":8453,"comment_status":"closed","ping_status":"closed","sticky":false,"template":"","format":"standard","meta":{"footnotes":""},"categories":[11,54],"tags":[],"class_list":["post-11499","post","type-post","status-publish","format-standard","has-post-thumbnail","hentry","category-blog","category-community"],"yoast_head":"<!-- This site is optimized with the Yoast SEO plugin v27.5 - https:\/\/yoast.com\/product\/yoast-seo-wordpress\/ -->\n<title>Werde Mutmacher: Teile Deine Gradido-Geschichte! - Gradido<\/title>\n<meta name=\"description\" content=\"Eure sch\u00f6nsten, mutmachendsten Einsendungen ver\u00f6ffentlichen wir in kommenden Newslettern und auf unserem Blog. So k\u00f6nnen wir gemeinsam den Blumenstrau\u00df der Hoffnung und echten Geschichten wachsen lassen, der noch viele andere inspiriert, Teil dieser Bewegung zu werden.\" \/>\n<meta name=\"robots\" content=\"index, follow, max-snippet:-1, max-image-preview:large, max-video-preview:-1\" \/>\n<link rel=\"canonical\" href=\"https:\/\/gradido.net\/sv\/werde-mutmacher-teile-deine-gradido-geschichte\/\" \/>\n<meta property=\"og:locale\" content=\"sv_SE\" \/>\n<meta property=\"og:type\" content=\"article\" \/>\n<meta property=\"og:title\" content=\"Werde Mutmacher: Teile Deine Gradido-Geschichte! - Gradido\" \/>\n<meta property=\"og:description\" content=\"Eure sch\u00f6nsten, mutmachendsten Einsendungen ver\u00f6ffentlichen wir in kommenden Newslettern und auf unserem Blog. So k\u00f6nnen wir gemeinsam den Blumenstrau\u00df der Hoffnung und echten Geschichten wachsen lassen, der noch viele andere inspiriert, Teil dieser Bewegung zu werden.\" \/>\n<meta property=\"og:url\" content=\"https:\/\/gradido.net\/sv\/werde-mutmacher-teile-deine-gradido-geschichte\/\" \/>\n<meta property=\"og:site_name\" content=\"Gradido\" \/>\n<meta property=\"article:published_time\" content=\"2025-09-05T14:51:50+00:00\" \/>\n<meta property=\"article:modified_time\" content=\"2026-04-24T05:21:13+00:00\" \/>\n<meta property=\"og:image\" content=\"https:\/\/gradido.net\/wp-content\/uploads\/2023\/12\/AdobeStock_623322374-scaled.jpeg\" \/>\n\t<meta property=\"og:image:width\" content=\"2560\" \/>\n\t<meta property=\"og:image:height\" content=\"640\" \/>\n\t<meta property=\"og:image:type\" content=\"image\/jpeg\" \/>\n<meta name=\"author\" content=\"Bernd H\u00fcckst\u00e4dt\" \/>\n<meta name=\"twitter:card\" content=\"summary_large_image\" \/>\n<meta name=\"twitter:label1\" content=\"Skriven av\" \/>\n\t<meta name=\"twitter:data1\" content=\"Bernd H\u00fcckst\u00e4dt\" \/>\n\t<meta name=\"twitter:label2\" content=\"Ber\u00e4knad l\u00e4stid\" \/>\n\t<meta name=\"twitter:data2\" content=\"3 minuter\" \/>\n<script type=\"application\/ld+json\" class=\"yoast-schema-graph\">{\"@context\":\"https:\\\/\\\/schema.org\",\"@graph\":[{\"@type\":\"Article\",\"@id\":\"https:\\\/\\\/gradido.net\\\/werde-mutmacher-teile-deine-gradido-geschichte\\\/#article\",\"isPartOf\":{\"@id\":\"https:\\\/\\\/gradido.net\\\/werde-mutmacher-teile-deine-gradido-geschichte\\\/\"},\"author\":{\"name\":\"Bernd H\u00fcckst\u00e4dt\",\"@id\":\"https:\\\/\\\/gradido.net\\\/de\\\/#\\\/schema\\\/person\\\/9c503a004ad15a1ddecadce2218db5d1\"},\"headline\":\"Werde Mutmacher: Teile Deine Gradido-Geschichte!\",\"datePublished\":\"2025-09-05T14:51:50+00:00\",\"dateModified\":\"2026-04-24T05:21:13+00:00\",\"mainEntityOfPage\":{\"@id\":\"https:\\\/\\\/gradido.net\\\/werde-mutmacher-teile-deine-gradido-geschichte\\\/\"},\"wordCount\":421,\"publisher\":{\"@id\":\"https:\\\/\\\/gradido.net\\\/de\\\/#organization\"},\"image\":{\"@id\":\"https:\\\/\\\/gradido.net\\\/werde-mutmacher-teile-deine-gradido-geschichte\\\/#primaryimage\"},\"thumbnailUrl\":\"https:\\\/\\\/gradido.net\\\/wp-content\\\/uploads\\\/2023\\\/12\\\/AdobeStock_623322374-scaled.jpeg\",\"articleSection\":[\"Blog\",\"Community\"],\"inLanguage\":\"sv-SE\"},{\"@type\":\"WebPage\",\"@id\":\"https:\\\/\\\/gradido.net\\\/werde-mutmacher-teile-deine-gradido-geschichte\\\/\",\"url\":\"https:\\\/\\\/gradido.net\\\/werde-mutmacher-teile-deine-gradido-geschichte\\\/\",\"name\":\"Werde Mutmacher: Teile Deine Gradido-Geschichte! - Gradido\",\"isPartOf\":{\"@id\":\"https:\\\/\\\/gradido.net\\\/de\\\/#website\"},\"primaryImageOfPage\":{\"@id\":\"https:\\\/\\\/gradido.net\\\/werde-mutmacher-teile-deine-gradido-geschichte\\\/#primaryimage\"},\"image\":{\"@id\":\"https:\\\/\\\/gradido.net\\\/werde-mutmacher-teile-deine-gradido-geschichte\\\/#primaryimage\"},\"thumbnailUrl\":\"https:\\\/\\\/gradido.net\\\/wp-content\\\/uploads\\\/2023\\\/12\\\/AdobeStock_623322374-scaled.jpeg\",\"datePublished\":\"2025-09-05T14:51:50+00:00\",\"dateModified\":\"2026-04-24T05:21:13+00:00\",\"description\":\"Eure sch\u00f6nsten, mutmachendsten Einsendungen ver\u00f6ffentlichen wir in kommenden Newslettern und auf unserem Blog. So k\u00f6nnen wir gemeinsam den Blumenstrau\u00df der Hoffnung und echten Geschichten wachsen lassen, der noch viele andere inspiriert, Teil dieser Bewegung zu werden.\",\"breadcrumb\":{\"@id\":\"https:\\\/\\\/gradido.net\\\/werde-mutmacher-teile-deine-gradido-geschichte\\\/#breadcrumb\"},\"inLanguage\":\"sv-SE\",\"potentialAction\":[{\"@type\":\"ReadAction\",\"target\":[\"https:\\\/\\\/gradido.net\\\/werde-mutmacher-teile-deine-gradido-geschichte\\\/\"]}]},{\"@type\":\"ImageObject\",\"inLanguage\":\"sv-SE\",\"@id\":\"https:\\\/\\\/gradido.net\\\/werde-mutmacher-teile-deine-gradido-geschichte\\\/#primaryimage\",\"url\":\"https:\\\/\\\/gradido.net\\\/wp-content\\\/uploads\\\/2023\\\/12\\\/AdobeStock_623322374-scaled.jpeg\",\"contentUrl\":\"https:\\\/\\\/gradido.net\\\/wp-content\\\/uploads\\\/2023\\\/12\\\/AdobeStock_623322374-scaled.jpeg\",\"width\":2560,\"height\":640},{\"@type\":\"BreadcrumbList\",\"@id\":\"https:\\\/\\\/gradido.net\\\/werde-mutmacher-teile-deine-gradido-geschichte\\\/#breadcrumb\",\"itemListElement\":[{\"@type\":\"ListItem\",\"position\":1,\"name\":\"Startseite\",\"item\":\"https:\\\/\\\/gradido.net\\\/\"},{\"@type\":\"ListItem\",\"position\":2,\"name\":\"Werde Mutmacher: Teile Deine Gradido-Geschichte!\"}]},{\"@type\":\"WebSite\",\"@id\":\"https:\\\/\\\/gradido.net\\\/de\\\/#website\",\"url\":\"https:\\\/\\\/gradido.net\\\/de\\\/\",\"name\":\"Gradido\",\"description\":\"Die neue W\u00e4hrung hei\u00dft Dankbarkeit\",\"publisher\":{\"@id\":\"https:\\\/\\\/gradido.net\\\/de\\\/#organization\"},\"potentialAction\":[{\"@type\":\"SearchAction\",\"target\":{\"@type\":\"EntryPoint\",\"urlTemplate\":\"https:\\\/\\\/gradido.net\\\/de\\\/?s={search_term_string}\"},\"query-input\":{\"@type\":\"PropertyValueSpecification\",\"valueRequired\":true,\"valueName\":\"search_term_string\"}}],\"inLanguage\":\"sv-SE\"},{\"@type\":\"Organization\",\"@id\":\"https:\\\/\\\/gradido.net\\\/de\\\/#organization\",\"name\":\"Gradido\",\"url\":\"https:\\\/\\\/gradido.net\\\/de\\\/\",\"logo\":{\"@type\":\"ImageObject\",\"inLanguage\":\"sv-SE\",\"@id\":\"https:\\\/\\\/gradido.net\\\/de\\\/#\\\/schema\\\/logo\\\/image\\\/\",\"url\":\"https:\\\/\\\/gradido.net\\\/wp-content\\\/uploads\\\/2022\\\/04\\\/gradido-social.jpg\",\"contentUrl\":\"https:\\\/\\\/gradido.net\\\/wp-content\\\/uploads\\\/2022\\\/04\\\/gradido-social.jpg\",\"width\":527,\"height\":273,\"caption\":\"Gradido\"},\"image\":{\"@id\":\"https:\\\/\\\/gradido.net\\\/de\\\/#\\\/schema\\\/logo\\\/image\\\/\"}},{\"@type\":\"Person\",\"@id\":\"https:\\\/\\\/gradido.net\\\/de\\\/#\\\/schema\\\/person\\\/9c503a004ad15a1ddecadce2218db5d1\",\"name\":\"Bernd H\u00fcckst\u00e4dt\",\"sameAs\":[\"https:\\\/\\\/gradido.net\"],\"url\":\"https:\\\/\\\/gradido.net\\\/sv\\\/author\\\/bernd\\\/\"}]}<\/script>\n<!-- \/ Yoast SEO plugin. -->","yoast_head_json":{"title":"Bli en uppmuntrare: Dela med dig av din Gradido-historia! - Gradido","description":"Vi kommer att publicera dina b\u00e4sta och mest uppmuntrande bidrag i kommande nyhetsbrev och p\u00e5 v\u00e5r blogg. P\u00e5 s\u00e5 s\u00e4tt kan vi tillsammans skapa en bukett av hopp och verkliga ber\u00e4ttelser som kommer att inspirera m\u00e5nga fler att bli en del av den h\u00e4r r\u00f6relsen.","robots":{"index":"index","follow":"follow","max-snippet":"max-snippet:-1","max-image-preview":"max-image-preview:large","max-video-preview":"max-video-preview:-1"},"canonical":"https:\/\/gradido.net\/sv\/werde-mutmacher-teile-deine-gradido-geschichte\/","og_locale":"sv_SE","og_type":"article","og_title":"Werde Mutmacher: Teile Deine Gradido-Geschichte! - Gradido","og_description":"Eure sch\u00f6nsten, mutmachendsten Einsendungen ver\u00f6ffentlichen wir in kommenden Newslettern und auf unserem Blog. So k\u00f6nnen wir gemeinsam den Blumenstrau\u00df der Hoffnung und echten Geschichten wachsen lassen, der noch viele andere inspiriert, Teil dieser Bewegung zu werden.","og_url":"https:\/\/gradido.net\/sv\/werde-mutmacher-teile-deine-gradido-geschichte\/","og_site_name":"Gradido","article_published_time":"2025-09-05T14:51:50+00:00","article_modified_time":"2026-04-24T05:21:13+00:00","og_image":[{"width":2560,"height":640,"url":"https:\/\/gradido.net\/wp-content\/uploads\/2023\/12\/AdobeStock_623322374-scaled.jpeg","type":"image\/jpeg"}],"author":"Bernd H\u00fcckst\u00e4dt","twitter_card":"summary_large_image","twitter_misc":{"Skriven av":"Bernd H\u00fcckst\u00e4dt","Ber\u00e4knad l\u00e4stid":"3 minuter"},"schema":{"@context":"https:\/\/schema.org","@graph":[{"@type":"Article","@id":"https:\/\/gradido.net\/werde-mutmacher-teile-deine-gradido-geschichte\/#article","isPartOf":{"@id":"https:\/\/gradido.net\/werde-mutmacher-teile-deine-gradido-geschichte\/"},"author":{"name":"Bernd H\u00fcckst\u00e4dt","@id":"https:\/\/gradido.net\/de\/#\/schema\/person\/9c503a004ad15a1ddecadce2218db5d1"},"headline":"Werde Mutmacher: Teile Deine Gradido-Geschichte!","datePublished":"2025-09-05T14:51:50+00:00","dateModified":"2026-04-24T05:21:13+00:00","mainEntityOfPage":{"@id":"https:\/\/gradido.net\/werde-mutmacher-teile-deine-gradido-geschichte\/"},"wordCount":421,"publisher":{"@id":"https:\/\/gradido.net\/de\/#organization"},"image":{"@id":"https:\/\/gradido.net\/werde-mutmacher-teile-deine-gradido-geschichte\/#primaryimage"},"thumbnailUrl":"https:\/\/gradido.net\/wp-content\/uploads\/2023\/12\/AdobeStock_623322374-scaled.jpeg","articleSection":["Blog","Community"],"inLanguage":"sv-SE"},{"@type":"WebPage","@id":"https:\/\/gradido.net\/werde-mutmacher-teile-deine-gradido-geschichte\/","url":"https:\/\/gradido.net\/werde-mutmacher-teile-deine-gradido-geschichte\/","name":"Bli en uppmuntrare: Dela med dig av din Gradido-historia! - Gradido","isPartOf":{"@id":"https:\/\/gradido.net\/de\/#website"},"primaryImageOfPage":{"@id":"https:\/\/gradido.net\/werde-mutmacher-teile-deine-gradido-geschichte\/#primaryimage"},"image":{"@id":"https:\/\/gradido.net\/werde-mutmacher-teile-deine-gradido-geschichte\/#primaryimage"},"thumbnailUrl":"https:\/\/gradido.net\/wp-content\/uploads\/2023\/12\/AdobeStock_623322374-scaled.jpeg","datePublished":"2025-09-05T14:51:50+00:00","dateModified":"2026-04-24T05:21:13+00:00","description":"Vi kommer att publicera dina b\u00e4sta och mest uppmuntrande bidrag i kommande nyhetsbrev och p\u00e5 v\u00e5r blogg. P\u00e5 s\u00e5 s\u00e4tt kan vi tillsammans skapa en bukett av hopp och verkliga ber\u00e4ttelser som kommer att inspirera m\u00e5nga fler att bli en del av den h\u00e4r r\u00f6relsen.","breadcrumb":{"@id":"https:\/\/gradido.net\/werde-mutmacher-teile-deine-gradido-geschichte\/#breadcrumb"},"inLanguage":"sv-SE","potentialAction":[{"@type":"ReadAction","target":["https:\/\/gradido.net\/werde-mutmacher-teile-deine-gradido-geschichte\/"]}]},{"@type":"ImageObject","inLanguage":"sv-SE","@id":"https:\/\/gradido.net\/werde-mutmacher-teile-deine-gradido-geschichte\/#primaryimage","url":"https:\/\/gradido.net\/wp-content\/uploads\/2023\/12\/AdobeStock_623322374-scaled.jpeg","contentUrl":"https:\/\/gradido.net\/wp-content\/uploads\/2023\/12\/AdobeStock_623322374-scaled.jpeg","width":2560,"height":640},{"@type":"BreadcrumbList","@id":"https:\/\/gradido.net\/werde-mutmacher-teile-deine-gradido-geschichte\/#breadcrumb","itemListElement":[{"@type":"ListItem","position":1,"name":"Startseite","item":"https:\/\/gradido.net\/"},{"@type":"ListItem","position":2,"name":"Werde Mutmacher: Teile Deine Gradido-Geschichte!"}]},{"@type":"WebSite","@id":"https:\/\/gradido.net\/de\/#website","url":"https:\/\/gradido.net\/de\/","name":"Gradido","description":"Den nya valutan \u00e4r tacksamhet","publisher":{"@id":"https:\/\/gradido.net\/de\/#organization"},"potentialAction":[{"@type":"SearchAction","target":{"@type":"EntryPoint","urlTemplate":"https:\/\/gradido.net\/de\/?s={search_term_string}"},"query-input":{"@type":"PropertyValueSpecification","valueRequired":true,"valueName":"search_term_string"}}],"inLanguage":"sv-SE"},{"@type":"Organization","@id":"https:\/\/gradido.net\/de\/#organization","name":"Gradido","url":"https:\/\/gradido.net\/de\/","logo":{"@type":"ImageObject","inLanguage":"sv-SE","@id":"https:\/\/gradido.net\/de\/#\/schema\/logo\/image\/","url":"https:\/\/gradido.net\/wp-content\/uploads\/2022\/04\/gradido-social.jpg","contentUrl":"https:\/\/gradido.net\/wp-content\/uploads\/2022\/04\/gradido-social.jpg","width":527,"height":273,"caption":"Gradido"},"image":{"@id":"https:\/\/gradido.net\/de\/#\/schema\/logo\/image\/"}},{"@type":"Person","@id":"https:\/\/gradido.net\/de\/#\/schema\/person\/9c503a004ad15a1ddecadce2218db5d1","name":"Bernd H\u00fcckst\u00e4dt","sameAs":["https:\/\/gradido.net"],"url":"https:\/\/gradido.net\/sv\/author\/bernd\/"}]}},"_links":{"self":[{"href":"https:\/\/gradido.net\/sv\/wp-json\/wp\/v2\/posts\/11499","targetHints":{"allow":["GET"]}}],"collection":[{"href":"https:\/\/gradido.net\/sv\/wp-json\/wp\/v2\/posts"}],"about":[{"href":"https:\/\/gradido.net\/sv\/wp-json\/wp\/v2\/types\/post"}],"author":[{"embeddable":true,"href":"https:\/\/gradido.net\/sv\/wp-json\/wp\/v2\/users\/2"}],"replies":[{"embeddable":true,"href":"https:\/\/gradido.net\/sv\/wp-json\/wp\/v2\/comments?post=11499"}],"version-history":[{"count":12,"href":"https:\/\/gradido.net\/sv\/wp-json\/wp\/v2\/posts\/11499\/revisions"}],"predecessor-version":[{"id":13573,"href":"https:\/\/gradido.net\/sv\/wp-json\/wp\/v2\/posts\/11499\/revisions\/13573"}],"wp:featuredmedia":[{"embeddable":true,"href":"https:\/\/gradido.net\/sv\/wp-json\/wp\/v2\/media\/8453"}],"wp:attachment":[{"href":"https:\/\/gradido.net\/sv\/wp-json\/wp\/v2\/media?parent=11499"}],"wp:term":[{"taxonomy":"category","embeddable":true,"href":"https:\/\/gradido.net\/sv\/wp-json\/wp\/v2\/categories?post=11499"},{"taxonomy":"post_tag","embeddable":true,"href":"https:\/\/gradido.net\/sv\/wp-json\/wp\/v2\/tags?post=11499"}],"curies":[{"name":"wp","href":"https:\/\/api.w.org\/{rel}","templated":true}]}}