{"id":11542,"date":"2025-09-11T16:06:44","date_gmt":"2025-09-11T14:06:44","guid":{"rendered":"https:\/\/gradido.net\/?p=11542"},"modified":"2026-04-24T07:20:27","modified_gmt":"2026-04-24T05:20:27","slug":"von-dem-konzept-begeistert","status":"publish","type":"post","link":"https:\/\/gradido.net\/sv\/von-dem-konzept-begeistert\/","title":{"rendered":"Entusiastisk inf\u00f6r konceptet"},"content":{"rendered":"<div data-elementor-type=\"wp-post\" data-elementor-id=\"11542\" class=\"elementor elementor-11542\" data-elementor-post-type=\"post\">\n\t\t\t\t\t\t<section class=\"elementor-section elementor-top-section elementor-element elementor-element-496e1d53 elementor-section-boxed elementor-section-height-default elementor-section-height-default\" data-id=\"496e1d53\" data-element_type=\"section\" data-e-type=\"section\">\n\t\t\t\t\t\t<div class=\"elementor-container elementor-column-gap-default\">\n\t\t\t\t\t<div class=\"elementor-column elementor-col-100 elementor-top-column elementor-element elementor-element-461d7be0\" data-id=\"461d7be0\" data-element_type=\"column\" data-e-type=\"column\">\n\t\t\t<div class=\"elementor-widget-wrap elementor-element-populated\">\n\t\t\t\t\t\t<div class=\"elementor-element elementor-element-cd9ebe2 elementor-widget elementor-widget-text-editor\" data-id=\"cd9ebe2\" data-element_type=\"widget\" data-e-type=\"widget\" data-widget_type=\"text-editor.default\">\n\t\t\t\t<div class=\"elementor-widget-container\">\n\t\t\t\t\t\t\t\t\t<p style=\"text-align: right;\"><em>\"Jag tror att v\u00e5rt liv \u00e4r en g\u00e5va. Vi \u00e4r en del av n\u00e5got som \u00e4r mycket st\u00f6rre \u00e4n v\u00e5r egen existens.\"<\/em> <br \/><em>-\u00a0<\/em><i> Joel Moran<\/i><\/p><div><h2>Vad ledde mig till Gradido<\/h2><p>F\u00f6rsta g\u00e5ngen jag h\u00f6rde talas om Gradido var under v\u00e5r cirkeltr\u00e4ff f\u00f6r m\u00e4n. N\u00e5gon som var ny i cirkeln ber\u00e4ttade om Gradido, och bara namnet - <strong>GRA<\/strong>titude, <strong>DI<\/strong>gnity, <strong>DO<\/strong>nation - gjorde mig nyfiken. S\u00e5 n\u00e4r jag kom hem den kv\u00e4llen s\u00f6kte jag genast efter den p\u00e5 Internet.<\/p><p><strong>Jag var entusiastisk \u00f6ver konceptet.<\/strong><\/p><p>Jag har l\u00e4nge letat efter en alternativ, h\u00e5llbar livsstil. Utan en inkomstk\u00e4lla \u00e4r det inte l\u00e4tt att leva ett enkelt liv. Jag f\u00f6ljer ocks\u00e5 utvecklingen och st\u00f6der initiativ f\u00f6r en ovillkorlig inkomst f\u00f6r alla.<\/p><p><strong>Jag gillar verkligen tanken p\u00e5 att tj\u00e4na pengar baserat p\u00e5 tacksamhet.<\/strong><\/p><p>Jag tror att v\u00e5rt liv \u00e4r en g\u00e5va. Vi \u00e4r en del av n\u00e5got som \u00e4r mycket st\u00f6rre \u00e4n v\u00e5r existens. Vi f\u00f6ddes med praktiskt taget ingenting. Och n\u00e4r vi d\u00f6r \u00e4r all v\u00e5r ackumulerade rikedom inte v\u00e4rd n\u00e5gonting f\u00f6r oss. Precis som allt annat i naturen bleknar bort.<\/p><p>Vi har m\u00e5nga anledningar att vara tacksamma. Livet \u00e4r fullt av mirakel! Dessutom, \u00e4r det inte sk\u00e4l nog att vara tacksam bara f\u00f6r att man lever?<\/p><p><strong>S\u00e5 jag \u00f6ppnade ett konto hos Gradido.<\/strong><\/p><p>Det lustiga \u00e4r att den man som ber\u00e4ttade om Gradido f\u00f6r oss i herrcirkeln aldrig kom tillbaka. Och n\u00e4r jag tr\u00e4ffade honom igen n\u00e5gon annanstans ber\u00e4ttade jag f\u00f6r honom att jag hade hittat Gradido tack vare honom. Han hade (\u00e4nnu) inte \u00f6ppnat ett Gradido-konto sj\u00e4lv, men...<\/p><p><strong>...om han inte hade kommit den d\u00e4r kv\u00e4llen och ber\u00e4ttat om Gradido, vem vet hur l\u00e5ng tid det hade tagit f\u00f6r mig att f\u00e5 reda p\u00e5 det?<\/strong><\/p><\/div><div><div dir=\"ltr\">Med v\u00e4nliga h\u00e4lsningar<\/div><div dir=\"ltr\">\u00a0<\/div><div dir=\"ltr\">Joel<\/div><\/div>\t\t\t\t\t\t\t\t<\/div>\n\t\t\t\t<\/div>\n\t\t\t\t<div class=\"elementor-element elementor-element-db3fa8e elementor-widget-divider--view-line elementor-widget elementor-widget-divider\" data-id=\"db3fa8e\" data-element_type=\"widget\" data-e-type=\"widget\" data-widget_type=\"divider.default\">\n\t\t\t\t<div class=\"elementor-widget-container\">\n\t\t\t\t\t\t\t<div class=\"elementor-divider\">\n\t\t\t<span class=\"elementor-divider-separator\">\n\t\t\t\t\t\t<\/span>\n\t\t<\/div>\n\t\t\t\t\t\t<\/div>\n\t\t\t\t<\/div>\n\t\t\t\t<div class=\"elementor-element elementor-element-d74dfa0 elementor-widget elementor-widget-text-editor\" data-id=\"d74dfa0\" data-element_type=\"widget\" data-e-type=\"widget\" data-widget_type=\"text-editor.default\">\n\t\t\t\t<div class=\"elementor-widget-container\">\n\t\t\t\t\t\t\t\t\t<div data-pm-slice=\"1 1 []\" data-en-clipboard=\"true\"><h4>Kom med oss - vi ser fram emot att h\u00f6ra din ber\u00e4ttelse!<\/h4><p><strong>Skicka din e-post till: <a href=\"mailto:support@gradido.net\">support@gradido.net<\/a><\/strong><\/p><p>Tillsammans v\u00e4xer vi bortom oss sj\u00e4lva!<\/p><p>Med djup tacksamhet och solidaritet<\/p><p><span style=\"font-family: -apple-system, BlinkMacSystemFont, 'Segoe UI', Roboto, 'Helvetica Neue', Arial, 'Noto Sans', sans-serif, 'Apple Color Emoji', 'Segoe UI Emoji', 'Segoe UI Symbol', 'Noto Color Emoji';\">Din<\/span><\/p><\/div><p><img decoding=\"async\" class=\"alignnone wp-image-4614 size-medium\" src=\"https:\/\/gradido.net\/wp-content\/uploads\/2022\/06\/MargretBernd_2022-300x74.png\" alt=\"\" width=\"300\" height=\"74\" srcset=\"https:\/\/gradido.net\/wp-content\/uploads\/2022\/06\/MargretBernd_2022-300x74.png 300w, https:\/\/gradido.net\/wp-content\/uploads\/2022\/06\/MargretBernd_2022-18x4.png 18w, https:\/\/gradido.net\/wp-content\/uploads\/2022\/06\/MargretBernd_2022.png 431w\" sizes=\"(max-width: 300px) 100vw, 300px\" \/><\/p><p>Margret Baier och Bernd H\u00fcckst\u00e4dt<br \/>Gradidos grundare och utvecklare<\/p>\t\t\t\t\t\t\t\t<\/div>\n\t\t\t\t<\/div>\n\t\t\t\t\t<\/div>\n\t\t<\/div>\n\t\t\t\t\t<\/div>\n\t\t<\/section>\n\t\t\t\t<section class=\"elementor-section elementor-top-section elementor-element elementor-element-14532fe elementor-section-boxed elementor-section-height-default elementor-section-height-default\" data-id=\"14532fe\" data-element_type=\"section\" data-e-type=\"section\">\n\t\t\t\t\t\t<div class=\"elementor-container elementor-column-gap-default\">\n\t\t\t\t\t<div class=\"elementor-column elementor-col-100 elementor-top-column elementor-element elementor-element-65d2298\" data-id=\"65d2298\" data-element_type=\"column\" data-e-type=\"column\">\n\t\t\t<div class=\"elementor-widget-wrap elementor-element-populated\">\n\t\t\t\t\t\t<div class=\"elementor-element elementor-element-bea124f elementor-widget elementor-widget-global elementor-global-9341 elementor-widget-text-editor\" data-id=\"bea124f\" data-element_type=\"widget\" data-e-type=\"widget\" data-widget_type=\"text-editor.default\">\n\t\t\t\t<div class=\"elementor-widget-container\">\n\t\t\t\t\t\t\t\t\t<p><strong>PS:\u00a0<span style=\"color: #ff6600;\"><a style=\"color: #ff6600;\" href=\"https:\/\/gradido.net\/sv\/donations\/\">P\u00e5 grund av Gradidos st\u00e4ndigt \u00f6kande betydelse upprepar vi v\u00e5r tacksamhetskampanj den 26 juni 2026:<\/a>\u00a0<\/span><span style=\"color: #0000ff;\"><a style=\"color: #0000ff;\" href=\"https:\/\/gradido.net\/sv\/donations\/\">F\u00f6rutom den multipla GradidoTransform f\u00f6r ditt sponsorbidrag, kommer vi att \u00f6ka alla GDT-kontosaldon med 26% den 26\/06\/2016. Sponsra nu och njut av det multipla beloppet av GDT!<\/a><\/span><\/strong><\/p>\t\t\t\t\t\t\t\t<\/div>\n\t\t\t\t<\/div>\n\t\t\t\t\t<\/div>\n\t\t<\/div>\n\t\t\t\t\t<\/div>\n\t\t<\/section>\n\t\t\t\t<section class=\"elementor-section elementor-top-section elementor-element elementor-element-29dfc07 elementor-section-boxed elementor-section-height-default elementor-section-height-default\" data-id=\"29dfc07\" data-element_type=\"section\" data-e-type=\"section\">\n\t\t\t\t\t\t<div class=\"elementor-container elementor-column-gap-default\">\n\t\t\t\t\t<div class=\"elementor-column elementor-col-100 elementor-top-column elementor-element elementor-element-d37ec5a\" data-id=\"d37ec5a\" data-element_type=\"column\" data-e-type=\"column\">\n\t\t\t<div class=\"elementor-widget-wrap\">\n\t\t\t\t\t\t\t<\/div>\n\t\t<\/div>\n\t\t\t\t\t<\/div>\n\t\t<\/section>\n\t\t\t\t<section class=\"elementor-section elementor-top-section elementor-element elementor-element-b3bbb9b elementor-section-boxed elementor-section-height-default elementor-section-height-default\" data-id=\"b3bbb9b\" data-element_type=\"section\" data-e-type=\"section\">\n\t\t\t\t\t\t<div class=\"elementor-container elementor-column-gap-default\">\n\t\t\t\t\t<div class=\"elementor-column elementor-col-100 elementor-top-column elementor-element elementor-element-a7e88ad\" data-id=\"a7e88ad\" data-element_type=\"column\" data-e-type=\"column\">\n\t\t\t<div class=\"elementor-widget-wrap\">\n\t\t\t\t\t\t\t<\/div>\n\t\t<\/div>\n\t\t\t\t\t<\/div>\n\t\t<\/section>\n\t\t\t\t<\/div>","protected":false},"excerpt":{"rendered":"<p>Jag har l\u00e4nge letat efter en alternativ, h\u00e5llbar livsstil. Jag gillar verkligen tanken p\u00e5 att tj\u00e4na pengar baserat p\u00e5 tacksamhet. Jag tror att v\u00e5rt liv \u00e4r en g\u00e5va. Vi har m\u00e5nga anledningar att vara tacksamma. Livet \u00e4r fullt av mirakel.<\/p>","protected":false},"author":2,"featured_media":11544,"comment_status":"closed","ping_status":"closed","sticky":false,"template":"","format":"standard","meta":{"footnotes":""},"categories":[11,54],"tags":[],"class_list":["post-11542","post","type-post","status-publish","format-standard","has-post-thumbnail","hentry","category-blog","category-community"],"yoast_head":"<!-- This site is optimized with the Yoast SEO plugin v27.5 - https:\/\/yoast.com\/product\/yoast-seo-wordpress\/ -->\n<title>Von dem Konzept begeistert - Gradido<\/title>\n<meta name=\"description\" content=\"Schon lange habe ich nach einem alternativen, nachhaltigen Lebensstil gesucht. Die Idee, Geld auf der Grundlage von Dankbarkeit zu verdienen, gef\u00e4llt mir wirklich. Ich glaube, dass unser Leben ein Geschenk ist. Wir haben viele Gr\u00fcnde, dankbar zu sein. Das Leben ist voller Wunder.\" \/>\n<meta name=\"robots\" content=\"index, follow, max-snippet:-1, max-image-preview:large, max-video-preview:-1\" \/>\n<link rel=\"canonical\" href=\"https:\/\/gradido.net\/sv\/von-dem-konzept-begeistert\/\" \/>\n<meta property=\"og:locale\" content=\"sv_SE\" \/>\n<meta property=\"og:type\" content=\"article\" \/>\n<meta property=\"og:title\" content=\"Von dem Konzept begeistert - Gradido\" \/>\n<meta property=\"og:description\" content=\"Schon lange habe ich nach einem alternativen, nachhaltigen Lebensstil gesucht. Die Idee, Geld auf der Grundlage von Dankbarkeit zu verdienen, gef\u00e4llt mir wirklich. Ich glaube, dass unser Leben ein Geschenk ist. Wir haben viele Gr\u00fcnde, dankbar zu sein. Das Leben ist voller Wunder.\" \/>\n<meta property=\"og:url\" content=\"https:\/\/gradido.net\/sv\/von-dem-konzept-begeistert\/\" \/>\n<meta property=\"og:site_name\" content=\"Gradido\" \/>\n<meta property=\"article:published_time\" content=\"2025-09-11T14:06:44+00:00\" \/>\n<meta property=\"article:modified_time\" content=\"2026-04-24T05:20:27+00:00\" \/>\n<meta property=\"og:image\" content=\"https:\/\/gradido.net\/wp-content\/uploads\/2025\/09\/Joel_Banner.jpg\" \/>\n\t<meta property=\"og:image:width\" content=\"1280\" \/>\n\t<meta property=\"og:image:height\" content=\"720\" \/>\n\t<meta property=\"og:image:type\" content=\"image\/jpeg\" \/>\n<meta name=\"author\" content=\"Bernd H\u00fcckst\u00e4dt\" \/>\n<meta name=\"twitter:card\" content=\"summary_large_image\" \/>\n<meta name=\"twitter:label1\" content=\"Skriven av\" \/>\n\t<meta name=\"twitter:data1\" content=\"Bernd H\u00fcckst\u00e4dt\" \/>\n\t<meta name=\"twitter:label2\" content=\"Ber\u00e4knad l\u00e4stid\" \/>\n\t<meta name=\"twitter:data2\" content=\"3 minuter\" \/>\n<script type=\"application\/ld+json\" class=\"yoast-schema-graph\">{\"@context\":\"https:\\\/\\\/schema.org\",\"@graph\":[{\"@type\":\"Article\",\"@id\":\"https:\\\/\\\/gradido.net\\\/von-dem-konzept-begeistert\\\/#article\",\"isPartOf\":{\"@id\":\"https:\\\/\\\/gradido.net\\\/von-dem-konzept-begeistert\\\/\"},\"author\":{\"name\":\"Bernd H\u00fcckst\u00e4dt\",\"@id\":\"https:\\\/\\\/gradido.net\\\/de\\\/#\\\/schema\\\/person\\\/9c503a004ad15a1ddecadce2218db5d1\"},\"headline\":\"Von dem Konzept begeistert\",\"datePublished\":\"2025-09-11T14:06:44+00:00\",\"dateModified\":\"2026-04-24T05:20:27+00:00\",\"mainEntityOfPage\":{\"@id\":\"https:\\\/\\\/gradido.net\\\/von-dem-konzept-begeistert\\\/\"},\"wordCount\":399,\"publisher\":{\"@id\":\"https:\\\/\\\/gradido.net\\\/de\\\/#organization\"},\"image\":{\"@id\":\"https:\\\/\\\/gradido.net\\\/von-dem-konzept-begeistert\\\/#primaryimage\"},\"thumbnailUrl\":\"https:\\\/\\\/gradido.net\\\/wp-content\\\/uploads\\\/2025\\\/09\\\/Joel_Banner.jpg\",\"articleSection\":[\"Blog\",\"Community\"],\"inLanguage\":\"sv-SE\"},{\"@type\":\"WebPage\",\"@id\":\"https:\\\/\\\/gradido.net\\\/von-dem-konzept-begeistert\\\/\",\"url\":\"https:\\\/\\\/gradido.net\\\/von-dem-konzept-begeistert\\\/\",\"name\":\"Von dem Konzept begeistert - Gradido\",\"isPartOf\":{\"@id\":\"https:\\\/\\\/gradido.net\\\/de\\\/#website\"},\"primaryImageOfPage\":{\"@id\":\"https:\\\/\\\/gradido.net\\\/von-dem-konzept-begeistert\\\/#primaryimage\"},\"image\":{\"@id\":\"https:\\\/\\\/gradido.net\\\/von-dem-konzept-begeistert\\\/#primaryimage\"},\"thumbnailUrl\":\"https:\\\/\\\/gradido.net\\\/wp-content\\\/uploads\\\/2025\\\/09\\\/Joel_Banner.jpg\",\"datePublished\":\"2025-09-11T14:06:44+00:00\",\"dateModified\":\"2026-04-24T05:20:27+00:00\",\"description\":\"Schon lange habe ich nach einem alternativen, nachhaltigen Lebensstil gesucht. Die Idee, Geld auf der Grundlage von Dankbarkeit zu verdienen, gef\u00e4llt mir wirklich. Ich glaube, dass unser Leben ein Geschenk ist. Wir haben viele Gr\u00fcnde, dankbar zu sein. Das Leben ist voller Wunder.\",\"breadcrumb\":{\"@id\":\"https:\\\/\\\/gradido.net\\\/von-dem-konzept-begeistert\\\/#breadcrumb\"},\"inLanguage\":\"sv-SE\",\"potentialAction\":[{\"@type\":\"ReadAction\",\"target\":[\"https:\\\/\\\/gradido.net\\\/von-dem-konzept-begeistert\\\/\"]}]},{\"@type\":\"ImageObject\",\"inLanguage\":\"sv-SE\",\"@id\":\"https:\\\/\\\/gradido.net\\\/von-dem-konzept-begeistert\\\/#primaryimage\",\"url\":\"https:\\\/\\\/gradido.net\\\/wp-content\\\/uploads\\\/2025\\\/09\\\/Joel_Banner.jpg\",\"contentUrl\":\"https:\\\/\\\/gradido.net\\\/wp-content\\\/uploads\\\/2025\\\/09\\\/Joel_Banner.jpg\",\"width\":1280,\"height\":720},{\"@type\":\"BreadcrumbList\",\"@id\":\"https:\\\/\\\/gradido.net\\\/von-dem-konzept-begeistert\\\/#breadcrumb\",\"itemListElement\":[{\"@type\":\"ListItem\",\"position\":1,\"name\":\"Startseite\",\"item\":\"https:\\\/\\\/gradido.net\\\/\"},{\"@type\":\"ListItem\",\"position\":2,\"name\":\"Von dem Konzept begeistert\"}]},{\"@type\":\"WebSite\",\"@id\":\"https:\\\/\\\/gradido.net\\\/de\\\/#website\",\"url\":\"https:\\\/\\\/gradido.net\\\/de\\\/\",\"name\":\"Gradido\",\"description\":\"Die neue W\u00e4hrung hei\u00dft Dankbarkeit\",\"publisher\":{\"@id\":\"https:\\\/\\\/gradido.net\\\/de\\\/#organization\"},\"potentialAction\":[{\"@type\":\"SearchAction\",\"target\":{\"@type\":\"EntryPoint\",\"urlTemplate\":\"https:\\\/\\\/gradido.net\\\/de\\\/?s={search_term_string}\"},\"query-input\":{\"@type\":\"PropertyValueSpecification\",\"valueRequired\":true,\"valueName\":\"search_term_string\"}}],\"inLanguage\":\"sv-SE\"},{\"@type\":\"Organization\",\"@id\":\"https:\\\/\\\/gradido.net\\\/de\\\/#organization\",\"name\":\"Gradido\",\"url\":\"https:\\\/\\\/gradido.net\\\/de\\\/\",\"logo\":{\"@type\":\"ImageObject\",\"inLanguage\":\"sv-SE\",\"@id\":\"https:\\\/\\\/gradido.net\\\/de\\\/#\\\/schema\\\/logo\\\/image\\\/\",\"url\":\"https:\\\/\\\/gradido.net\\\/wp-content\\\/uploads\\\/2022\\\/04\\\/gradido-social.jpg\",\"contentUrl\":\"https:\\\/\\\/gradido.net\\\/wp-content\\\/uploads\\\/2022\\\/04\\\/gradido-social.jpg\",\"width\":527,\"height\":273,\"caption\":\"Gradido\"},\"image\":{\"@id\":\"https:\\\/\\\/gradido.net\\\/de\\\/#\\\/schema\\\/logo\\\/image\\\/\"}},{\"@type\":\"Person\",\"@id\":\"https:\\\/\\\/gradido.net\\\/de\\\/#\\\/schema\\\/person\\\/9c503a004ad15a1ddecadce2218db5d1\",\"name\":\"Bernd H\u00fcckst\u00e4dt\",\"sameAs\":[\"https:\\\/\\\/gradido.net\"],\"url\":\"https:\\\/\\\/gradido.net\\\/sv\\\/author\\\/bernd\\\/\"}]}<\/script>\n<!-- \/ Yoast SEO plugin. -->","yoast_head_json":{"title":"Entusiastisk \u00f6ver konceptet - Gradido","description":"Jag har l\u00e4nge letat efter en alternativ, h\u00e5llbar livsstil. Jag gillar verkligen tanken p\u00e5 att tj\u00e4na pengar baserat p\u00e5 tacksamhet. Jag tror att v\u00e5rt liv \u00e4r en g\u00e5va. Vi har m\u00e5nga anledningar att vara tacksamma. Livet \u00e4r fullt av mirakel.","robots":{"index":"index","follow":"follow","max-snippet":"max-snippet:-1","max-image-preview":"max-image-preview:large","max-video-preview":"max-video-preview:-1"},"canonical":"https:\/\/gradido.net\/sv\/von-dem-konzept-begeistert\/","og_locale":"sv_SE","og_type":"article","og_title":"Von dem Konzept begeistert - Gradido","og_description":"Schon lange habe ich nach einem alternativen, nachhaltigen Lebensstil gesucht. Die Idee, Geld auf der Grundlage von Dankbarkeit zu verdienen, gef\u00e4llt mir wirklich. Ich glaube, dass unser Leben ein Geschenk ist. Wir haben viele Gr\u00fcnde, dankbar zu sein. Das Leben ist voller Wunder.","og_url":"https:\/\/gradido.net\/sv\/von-dem-konzept-begeistert\/","og_site_name":"Gradido","article_published_time":"2025-09-11T14:06:44+00:00","article_modified_time":"2026-04-24T05:20:27+00:00","og_image":[{"width":1280,"height":720,"url":"https:\/\/gradido.net\/wp-content\/uploads\/2025\/09\/Joel_Banner.jpg","type":"image\/jpeg"}],"author":"Bernd H\u00fcckst\u00e4dt","twitter_card":"summary_large_image","twitter_misc":{"Skriven av":"Bernd H\u00fcckst\u00e4dt","Ber\u00e4knad l\u00e4stid":"3 minuter"},"schema":{"@context":"https:\/\/schema.org","@graph":[{"@type":"Article","@id":"https:\/\/gradido.net\/von-dem-konzept-begeistert\/#article","isPartOf":{"@id":"https:\/\/gradido.net\/von-dem-konzept-begeistert\/"},"author":{"name":"Bernd H\u00fcckst\u00e4dt","@id":"https:\/\/gradido.net\/de\/#\/schema\/person\/9c503a004ad15a1ddecadce2218db5d1"},"headline":"Von dem Konzept begeistert","datePublished":"2025-09-11T14:06:44+00:00","dateModified":"2026-04-24T05:20:27+00:00","mainEntityOfPage":{"@id":"https:\/\/gradido.net\/von-dem-konzept-begeistert\/"},"wordCount":399,"publisher":{"@id":"https:\/\/gradido.net\/de\/#organization"},"image":{"@id":"https:\/\/gradido.net\/von-dem-konzept-begeistert\/#primaryimage"},"thumbnailUrl":"https:\/\/gradido.net\/wp-content\/uploads\/2025\/09\/Joel_Banner.jpg","articleSection":["Blog","Community"],"inLanguage":"sv-SE"},{"@type":"WebPage","@id":"https:\/\/gradido.net\/von-dem-konzept-begeistert\/","url":"https:\/\/gradido.net\/von-dem-konzept-begeistert\/","name":"Entusiastisk \u00f6ver konceptet - Gradido","isPartOf":{"@id":"https:\/\/gradido.net\/de\/#website"},"primaryImageOfPage":{"@id":"https:\/\/gradido.net\/von-dem-konzept-begeistert\/#primaryimage"},"image":{"@id":"https:\/\/gradido.net\/von-dem-konzept-begeistert\/#primaryimage"},"thumbnailUrl":"https:\/\/gradido.net\/wp-content\/uploads\/2025\/09\/Joel_Banner.jpg","datePublished":"2025-09-11T14:06:44+00:00","dateModified":"2026-04-24T05:20:27+00:00","description":"Jag har l\u00e4nge letat efter en alternativ, h\u00e5llbar livsstil. Jag gillar verkligen tanken p\u00e5 att tj\u00e4na pengar baserat p\u00e5 tacksamhet. Jag tror att v\u00e5rt liv \u00e4r en g\u00e5va. Vi har m\u00e5nga anledningar att vara tacksamma. Livet \u00e4r fullt av mirakel.","breadcrumb":{"@id":"https:\/\/gradido.net\/von-dem-konzept-begeistert\/#breadcrumb"},"inLanguage":"sv-SE","potentialAction":[{"@type":"ReadAction","target":["https:\/\/gradido.net\/von-dem-konzept-begeistert\/"]}]},{"@type":"ImageObject","inLanguage":"sv-SE","@id":"https:\/\/gradido.net\/von-dem-konzept-begeistert\/#primaryimage","url":"https:\/\/gradido.net\/wp-content\/uploads\/2025\/09\/Joel_Banner.jpg","contentUrl":"https:\/\/gradido.net\/wp-content\/uploads\/2025\/09\/Joel_Banner.jpg","width":1280,"height":720},{"@type":"BreadcrumbList","@id":"https:\/\/gradido.net\/von-dem-konzept-begeistert\/#breadcrumb","itemListElement":[{"@type":"ListItem","position":1,"name":"Startseite","item":"https:\/\/gradido.net\/"},{"@type":"ListItem","position":2,"name":"Von dem Konzept begeistert"}]},{"@type":"WebSite","@id":"https:\/\/gradido.net\/de\/#website","url":"https:\/\/gradido.net\/de\/","name":"Gradido","description":"Den nya valutan \u00e4r tacksamhet","publisher":{"@id":"https:\/\/gradido.net\/de\/#organization"},"potentialAction":[{"@type":"SearchAction","target":{"@type":"EntryPoint","urlTemplate":"https:\/\/gradido.net\/de\/?s={search_term_string}"},"query-input":{"@type":"PropertyValueSpecification","valueRequired":true,"valueName":"search_term_string"}}],"inLanguage":"sv-SE"},{"@type":"Organization","@id":"https:\/\/gradido.net\/de\/#organization","name":"Gradido","url":"https:\/\/gradido.net\/de\/","logo":{"@type":"ImageObject","inLanguage":"sv-SE","@id":"https:\/\/gradido.net\/de\/#\/schema\/logo\/image\/","url":"https:\/\/gradido.net\/wp-content\/uploads\/2022\/04\/gradido-social.jpg","contentUrl":"https:\/\/gradido.net\/wp-content\/uploads\/2022\/04\/gradido-social.jpg","width":527,"height":273,"caption":"Gradido"},"image":{"@id":"https:\/\/gradido.net\/de\/#\/schema\/logo\/image\/"}},{"@type":"Person","@id":"https:\/\/gradido.net\/de\/#\/schema\/person\/9c503a004ad15a1ddecadce2218db5d1","name":"Bernd H\u00fcckst\u00e4dt","sameAs":["https:\/\/gradido.net"],"url":"https:\/\/gradido.net\/sv\/author\/bernd\/"}]}},"_links":{"self":[{"href":"https:\/\/gradido.net\/sv\/wp-json\/wp\/v2\/posts\/11542","targetHints":{"allow":["GET"]}}],"collection":[{"href":"https:\/\/gradido.net\/sv\/wp-json\/wp\/v2\/posts"}],"about":[{"href":"https:\/\/gradido.net\/sv\/wp-json\/wp\/v2\/types\/post"}],"author":[{"embeddable":true,"href":"https:\/\/gradido.net\/sv\/wp-json\/wp\/v2\/users\/2"}],"replies":[{"embeddable":true,"href":"https:\/\/gradido.net\/sv\/wp-json\/wp\/v2\/comments?post=11542"}],"version-history":[{"count":21,"href":"https:\/\/gradido.net\/sv\/wp-json\/wp\/v2\/posts\/11542\/revisions"}],"predecessor-version":[{"id":13571,"href":"https:\/\/gradido.net\/sv\/wp-json\/wp\/v2\/posts\/11542\/revisions\/13571"}],"wp:featuredmedia":[{"embeddable":true,"href":"https:\/\/gradido.net\/sv\/wp-json\/wp\/v2\/media\/11544"}],"wp:attachment":[{"href":"https:\/\/gradido.net\/sv\/wp-json\/wp\/v2\/media?parent=11542"}],"wp:term":[{"taxonomy":"category","embeddable":true,"href":"https:\/\/gradido.net\/sv\/wp-json\/wp\/v2\/categories?post=11542"},{"taxonomy":"post_tag","embeddable":true,"href":"https:\/\/gradido.net\/sv\/wp-json\/wp\/v2\/tags?post=11542"}],"curies":[{"name":"wp","href":"https:\/\/api.w.org\/{rel}","templated":true}]}}