{"id":11565,"date":"2025-09-12T06:04:16","date_gmt":"2025-09-12T04:04:16","guid":{"rendered":"https:\/\/gradido.net\/?p=11565"},"modified":"2026-04-24T07:20:03","modified_gmt":"2026-04-24T05:20:03","slug":"mutmacher-dietmar","status":"publish","type":"post","link":"https:\/\/gradido.net\/sv\/mutmacher-dietmar\/","title":{"rendered":"Varf\u00f6r har vi inte levt s\u00e5 h\u00e4r under en l\u00e4ngre tid?"},"content":{"rendered":"<div data-elementor-type=\"wp-post\" data-elementor-id=\"11565\" class=\"elementor elementor-11565\" data-elementor-post-type=\"post\">\n\t\t\t\t\t\t<section class=\"elementor-section elementor-top-section elementor-element elementor-element-496e1d53 elementor-section-boxed elementor-section-height-default elementor-section-height-default\" data-id=\"496e1d53\" data-element_type=\"section\" data-e-type=\"section\">\n\t\t\t\t\t\t<div class=\"elementor-container elementor-column-gap-default\">\n\t\t\t\t\t<div class=\"elementor-column elementor-col-100 elementor-top-column elementor-element elementor-element-461d7be0\" data-id=\"461d7be0\" data-element_type=\"column\" data-e-type=\"column\">\n\t\t\t<div class=\"elementor-widget-wrap elementor-element-populated\">\n\t\t\t\t\t\t<div class=\"elementor-element elementor-element-cd9ebe2 elementor-widget elementor-widget-text-editor\" data-id=\"cd9ebe2\" data-element_type=\"widget\" data-e-type=\"widget\" data-widget_type=\"text-editor.default\">\n\t\t\t\t<div class=\"elementor-widget-container\">\n\t\t\t\t\t\t\t\t\t<p style=\"text-align: right;\"><em>\"Jag inser att tiden aldrig har varit s\u00e5 mogen f\u00f6r Gradido som den \u00e4r nu.\"<\/em> <br \/><em>-\u00a0<\/em><i> Dietmar Kasper<\/i><\/p><div><p>N\u00e4r jag l\u00e4ste om Gradidos 100 f\u00f6rdelar i slutet av 2013 var min f\u00f6rsta tanke:<\/p><p><strong>Wow, helt briljant! Varf\u00f6r har vi inte levt s\u00e5 h\u00e4r under en l\u00e4ngre tid?<\/strong><\/p><p>Jag ville i alla fall ta reda p\u00e5 mer om det. S\u00e5 jag f\u00f6rs\u00f6kte genast ringa Bernd fr\u00e5n Gradido och blev helt \u00f6verraskad \u00f6ver att f\u00e5 prata med en s\u00e5 stor vision\u00e4r personligen. Det roliga var att n\u00e4r jag fr\u00e5gade honom hur jag kunde f\u00e5 reda p\u00e5 mer om Gradido svarade han: \"Det b\u00e4sta st\u00e4llet \u00e4r p\u00e5 v\u00e5rt ambassad\u00f6rsseminarium i Stiersbach i januari 2014.\"<\/p><p><strong>Detta var min start f\u00f6r att l\u00e4ra k\u00e4nna Gradido b\u00e4ttre och f\u00f6r att delta som ambassad\u00f6r f\u00f6r att f\u00f6ra Gradido ut i v\u00e4rlden.<\/strong><\/p><p>N\u00e4r jag kom hem fr\u00e5n seminariet till mina kunder i min biostetiska salong var alla som inte var \"tre p\u00e5 ett tr\u00e4d\" mycket n\u00f6jda med Gradido.<\/p><p>Men sedan var jag tvungen att inse att m\u00e5nga m\u00e4nniskor uppenbarligen inte kan se den geniala l\u00f6sningen: Att ers\u00e4tta systemet med skuldpengar, som bevisligen \u00e4r orsaken till allt lidande och all mis\u00e4r i v\u00e4rlden, med en naturlig livsekonomi.<\/p><p><strong>Enligt vad jag har l\u00e4rt mig har tiden aldrig varit s\u00e5 mogen f\u00f6r Gradido som den \u00e4r nu.<\/strong><\/p><p>De senaste \u00e5ren har visat vad m\u00e4nniskor \u00e4r beredda att st\u00e5 ut med. Och hur starkt media kontrollerar m\u00e4nniskor genom r\u00e4dsla, panik och riktade nyheter.<\/p><p>Jag ber om ett snabbt uppvaknande och f\u00f6rverkligande av naturr\u00e4tten: D\u00e4r jag riktar min uppm\u00e4rksamhet, d\u00e4r fl\u00f6dar min energi.<\/p><p><strong>Gradido ist\u00e4llet f\u00f6r ett skuldpenningssystem.<\/strong><\/p><p><strong>Kunskap skapar frihet i st\u00e4llet f\u00f6r dagens skolsystem, som fokuserar p\u00e5 misstag.<\/strong><\/p><p><strong>Salutogenes ist\u00e4llet f\u00f6r ett sjukdomssystem.<\/strong><\/p><p>Jag hoppas att m\u00e5nga fler m\u00e4nniskor kommer att inse hur lysande Gradido \u00e4r f\u00f6r v\u00e5r m\u00e4nskliga familj n\u00e4r fokus \"Att leva i fred och harmoni i samklang med naturen\" blir grunden f\u00f6r deras str\u00e4vanden!<\/p><p><strong>V\u00e5r jord och v\u00e5r natur f\u00f6rtj\u00e4nar det!<\/strong><\/p><p>Med v\u00e4nliga h\u00e4lsningar<\/p><p>Dietmar<\/p><p><a href=\"http:\/\/www.gesund-sein-ist-cool.de\/\" target=\"_blank\" rel=\"noopener\">www.gesund-sein-ist-cool.de<\/a><\/p><\/div><div><div dir=\"ltr\">\u00a0<\/div><\/div>\t\t\t\t\t\t\t\t<\/div>\n\t\t\t\t<\/div>\n\t\t\t\t<div class=\"elementor-element elementor-element-db3fa8e elementor-widget-divider--view-line elementor-widget elementor-widget-divider\" data-id=\"db3fa8e\" data-element_type=\"widget\" data-e-type=\"widget\" data-widget_type=\"divider.default\">\n\t\t\t\t<div class=\"elementor-widget-container\">\n\t\t\t\t\t\t\t<div class=\"elementor-divider\">\n\t\t\t<span class=\"elementor-divider-separator\">\n\t\t\t\t\t\t<\/span>\n\t\t<\/div>\n\t\t\t\t\t\t<\/div>\n\t\t\t\t<\/div>\n\t\t\t\t<div class=\"elementor-element elementor-element-d74dfa0 elementor-widget elementor-widget-text-editor\" data-id=\"d74dfa0\" data-element_type=\"widget\" data-e-type=\"widget\" data-widget_type=\"text-editor.default\">\n\t\t\t\t<div class=\"elementor-widget-container\">\n\t\t\t\t\t\t\t\t\t<div data-pm-slice=\"1 1 []\" data-en-clipboard=\"true\"><h4>Kom med oss - vi ser fram emot att h\u00f6ra din ber\u00e4ttelse!<\/h4><p><strong>Skicka din e-post till: <a href=\"mailto:support@gradido.net\">support@gradido.net<\/a><\/strong><\/p><p>Tillsammans v\u00e4xer vi bortom oss sj\u00e4lva!<\/p><p>Med djup tacksamhet och solidaritet<\/p><p><span style=\"font-family: -apple-system, BlinkMacSystemFont, 'Segoe UI', Roboto, 'Helvetica Neue', Arial, 'Noto Sans', sans-serif, 'Apple Color Emoji', 'Segoe UI Emoji', 'Segoe UI Symbol', 'Noto Color Emoji';\">Din<\/span><\/p><\/div><p><img decoding=\"async\" class=\"alignnone wp-image-4614 size-medium\" src=\"https:\/\/gradido.net\/wp-content\/uploads\/2022\/06\/MargretBernd_2022-300x74.png\" alt=\"\" width=\"300\" height=\"74\" srcset=\"https:\/\/gradido.net\/wp-content\/uploads\/2022\/06\/MargretBernd_2022-300x74.png 300w, https:\/\/gradido.net\/wp-content\/uploads\/2022\/06\/MargretBernd_2022-18x4.png 18w, https:\/\/gradido.net\/wp-content\/uploads\/2022\/06\/MargretBernd_2022.png 431w\" sizes=\"(max-width: 300px) 100vw, 300px\" \/><\/p><p>Margret Baier och Bernd H\u00fcckst\u00e4dt<br \/>Gradidos grundare och utvecklare<\/p>\t\t\t\t\t\t\t\t<\/div>\n\t\t\t\t<\/div>\n\t\t\t\t\t<\/div>\n\t\t<\/div>\n\t\t\t\t\t<\/div>\n\t\t<\/section>\n\t\t\t\t<section class=\"elementor-section elementor-top-section elementor-element elementor-element-14532fe elementor-section-boxed elementor-section-height-default elementor-section-height-default\" data-id=\"14532fe\" data-element_type=\"section\" data-e-type=\"section\">\n\t\t\t\t\t\t<div class=\"elementor-container elementor-column-gap-default\">\n\t\t\t\t\t<div class=\"elementor-column elementor-col-100 elementor-top-column elementor-element elementor-element-65d2298\" data-id=\"65d2298\" data-element_type=\"column\" data-e-type=\"column\">\n\t\t\t<div class=\"elementor-widget-wrap elementor-element-populated\">\n\t\t\t\t\t\t<div class=\"elementor-element elementor-element-bea124f elementor-widget elementor-widget-text-editor\" data-id=\"bea124f\" data-element_type=\"widget\" data-e-type=\"widget\" data-widget_type=\"text-editor.default\">\n\t\t\t\t<div class=\"elementor-widget-container\">\n\t\t\t\t\t\t\t\t\t<p><strong>PS:\u00a0<span style=\"color: #ff6600;\"><a style=\"color: #ff6600;\" href=\"https:\/\/gradido.net\/sv\/donations\/\">P\u00e5 grund av Gradidos st\u00e4ndigt \u00f6kande betydelse upprepar vi v\u00e5r tacksamhetskampanj den 25 oktober 2025:<\/a>\u00a0<\/span><span style=\"color: #0000ff;\"><a style=\"color: #0000ff;\" href=\"https:\/\/gradido.net\/sv\/donations\/\">F\u00f6rutom den multipla GradidoTransform f\u00f6r ditt sponsorbidrag, kommer vi att \u00f6ka alla GDT-kontosaldon med 25% den 25\/10\/25. Sponsra nu och njut av det multipla beloppet av GDT!<\/a><\/span><\/strong><\/p>\t\t\t\t\t\t\t\t<\/div>\n\t\t\t\t<\/div>\n\t\t\t\t\t<\/div>\n\t\t<\/div>\n\t\t\t\t\t<\/div>\n\t\t<\/section>\n\t\t\t\t<section class=\"elementor-section elementor-top-section elementor-element elementor-element-29dfc07 elementor-section-boxed elementor-section-height-default elementor-section-height-default\" data-id=\"29dfc07\" data-element_type=\"section\" data-e-type=\"section\">\n\t\t\t\t\t\t<div class=\"elementor-container elementor-column-gap-default\">\n\t\t\t\t\t<div class=\"elementor-column elementor-col-100 elementor-top-column elementor-element elementor-element-d37ec5a\" data-id=\"d37ec5a\" data-element_type=\"column\" data-e-type=\"column\">\n\t\t\t<div class=\"elementor-widget-wrap\">\n\t\t\t\t\t\t\t<\/div>\n\t\t<\/div>\n\t\t\t\t\t<\/div>\n\t\t<\/section>\n\t\t\t\t<section class=\"elementor-section elementor-top-section elementor-element elementor-element-b3bbb9b elementor-section-boxed elementor-section-height-default elementor-section-height-default\" data-id=\"b3bbb9b\" data-element_type=\"section\" data-e-type=\"section\">\n\t\t\t\t\t\t<div class=\"elementor-container elementor-column-gap-default\">\n\t\t\t\t\t<div class=\"elementor-column elementor-col-100 elementor-top-column elementor-element elementor-element-a7e88ad\" data-id=\"a7e88ad\" data-element_type=\"column\" data-e-type=\"column\">\n\t\t\t<div class=\"elementor-widget-wrap\">\n\t\t\t\t\t\t\t<\/div>\n\t\t<\/div>\n\t\t\t\t\t<\/div>\n\t\t<\/section>\n\t\t\t\t<\/div>","protected":false},"excerpt":{"rendered":"<p>N\u00e4r jag l\u00e4ste de 100 f\u00f6rdelarna med Gradido var min f\u00f6rsta tanke: Wow, helt briljant! Varf\u00f6r har vi inte levt s\u00e5 h\u00e4r l\u00e4nge? Det var min start f\u00f6r att l\u00e4ra k\u00e4nna Gradido b\u00e4ttre och att delta som ambassad\u00f6r f\u00f6r att f\u00f6ra Gradido ut i v\u00e4rlden.<\/p>","protected":false},"author":2,"featured_media":11568,"comment_status":"closed","ping_status":"closed","sticky":false,"template":"","format":"standard","meta":{"footnotes":""},"categories":[11,54],"tags":[],"class_list":["post-11565","post","type-post","status-publish","format-standard","has-post-thumbnail","hentry","category-blog","category-community"],"yoast_head":"<!-- This site is optimized with the Yoast SEO plugin v27.5 - https:\/\/yoast.com\/product\/yoast-seo-wordpress\/ -->\n<title>Warum leben wir das nicht schon lange? - Gradido<\/title>\n<meta name=\"description\" content=\"Als ich die 100 Vorteile des Gradido gelesen hatte , war mein erster Gedanke: Wow einfach nur genial! Warum leben wir das nicht schon lange? Das wurde mein Start, Gradido besser kennenzulernen und mitzuwirken als Botschafter, um Gradido in die Welt zu bringen.\" \/>\n<meta name=\"robots\" content=\"index, follow, max-snippet:-1, max-image-preview:large, max-video-preview:-1\" \/>\n<link rel=\"canonical\" href=\"https:\/\/gradido.net\/sv\/mutmacher-dietmar\/\" \/>\n<meta property=\"og:locale\" content=\"sv_SE\" \/>\n<meta property=\"og:type\" content=\"article\" \/>\n<meta property=\"og:title\" content=\"Warum leben wir das nicht schon lange? - Gradido\" \/>\n<meta property=\"og:description\" content=\"Als ich die 100 Vorteile des Gradido gelesen hatte , war mein erster Gedanke: Wow einfach nur genial! Warum leben wir das nicht schon lange? Das wurde mein Start, Gradido besser kennenzulernen und mitzuwirken als Botschafter, um Gradido in die Welt zu bringen.\" \/>\n<meta property=\"og:url\" content=\"https:\/\/gradido.net\/sv\/mutmacher-dietmar\/\" \/>\n<meta property=\"og:site_name\" content=\"Gradido\" \/>\n<meta property=\"article:published_time\" content=\"2025-09-12T04:04:16+00:00\" \/>\n<meta property=\"article:modified_time\" content=\"2026-04-24T05:20:03+00:00\" \/>\n<meta property=\"og:image\" content=\"https:\/\/gradido.net\/wp-content\/uploads\/2025\/09\/Dietmar-1.jpg\" \/>\n\t<meta property=\"og:image:width\" content=\"1280\" \/>\n\t<meta property=\"og:image:height\" content=\"720\" \/>\n\t<meta property=\"og:image:type\" content=\"image\/jpeg\" \/>\n<meta name=\"author\" content=\"Bernd H\u00fcckst\u00e4dt\" \/>\n<meta name=\"twitter:card\" content=\"summary_large_image\" \/>\n<meta name=\"twitter:label1\" content=\"Skriven av\" \/>\n\t<meta name=\"twitter:data1\" content=\"Bernd H\u00fcckst\u00e4dt\" \/>\n\t<meta name=\"twitter:label2\" content=\"Ber\u00e4knad l\u00e4stid\" \/>\n\t<meta name=\"twitter:data2\" content=\"3 minuter\" \/>\n<script type=\"application\/ld+json\" class=\"yoast-schema-graph\">{\"@context\":\"https:\\\/\\\/schema.org\",\"@graph\":[{\"@type\":\"Article\",\"@id\":\"https:\\\/\\\/gradido.net\\\/mutmacher-dietmar\\\/#article\",\"isPartOf\":{\"@id\":\"https:\\\/\\\/gradido.net\\\/mutmacher-dietmar\\\/\"},\"author\":{\"name\":\"Bernd H\u00fcckst\u00e4dt\",\"@id\":\"https:\\\/\\\/gradido.net\\\/de\\\/#\\\/schema\\\/person\\\/9c503a004ad15a1ddecadce2218db5d1\"},\"headline\":\"Warum leben wir das nicht schon lange?\",\"datePublished\":\"2025-09-12T04:04:16+00:00\",\"dateModified\":\"2026-04-24T05:20:03+00:00\",\"mainEntityOfPage\":{\"@id\":\"https:\\\/\\\/gradido.net\\\/mutmacher-dietmar\\\/\"},\"wordCount\":418,\"publisher\":{\"@id\":\"https:\\\/\\\/gradido.net\\\/de\\\/#organization\"},\"image\":{\"@id\":\"https:\\\/\\\/gradido.net\\\/mutmacher-dietmar\\\/#primaryimage\"},\"thumbnailUrl\":\"https:\\\/\\\/gradido.net\\\/wp-content\\\/uploads\\\/2025\\\/09\\\/Dietmar-1.jpg\",\"articleSection\":[\"Blog\",\"Community\"],\"inLanguage\":\"sv-SE\"},{\"@type\":\"WebPage\",\"@id\":\"https:\\\/\\\/gradido.net\\\/mutmacher-dietmar\\\/\",\"url\":\"https:\\\/\\\/gradido.net\\\/mutmacher-dietmar\\\/\",\"name\":\"Warum leben wir das nicht schon lange? - Gradido\",\"isPartOf\":{\"@id\":\"https:\\\/\\\/gradido.net\\\/de\\\/#website\"},\"primaryImageOfPage\":{\"@id\":\"https:\\\/\\\/gradido.net\\\/mutmacher-dietmar\\\/#primaryimage\"},\"image\":{\"@id\":\"https:\\\/\\\/gradido.net\\\/mutmacher-dietmar\\\/#primaryimage\"},\"thumbnailUrl\":\"https:\\\/\\\/gradido.net\\\/wp-content\\\/uploads\\\/2025\\\/09\\\/Dietmar-1.jpg\",\"datePublished\":\"2025-09-12T04:04:16+00:00\",\"dateModified\":\"2026-04-24T05:20:03+00:00\",\"description\":\"Als ich die 100 Vorteile des Gradido gelesen hatte , war mein erster Gedanke: Wow einfach nur genial! Warum leben wir das nicht schon lange? Das wurde mein Start, Gradido besser kennenzulernen und mitzuwirken als Botschafter, um Gradido in die Welt zu bringen.\",\"breadcrumb\":{\"@id\":\"https:\\\/\\\/gradido.net\\\/mutmacher-dietmar\\\/#breadcrumb\"},\"inLanguage\":\"sv-SE\",\"potentialAction\":[{\"@type\":\"ReadAction\",\"target\":[\"https:\\\/\\\/gradido.net\\\/mutmacher-dietmar\\\/\"]}]},{\"@type\":\"ImageObject\",\"inLanguage\":\"sv-SE\",\"@id\":\"https:\\\/\\\/gradido.net\\\/mutmacher-dietmar\\\/#primaryimage\",\"url\":\"https:\\\/\\\/gradido.net\\\/wp-content\\\/uploads\\\/2025\\\/09\\\/Dietmar-1.jpg\",\"contentUrl\":\"https:\\\/\\\/gradido.net\\\/wp-content\\\/uploads\\\/2025\\\/09\\\/Dietmar-1.jpg\",\"width\":1280,\"height\":720},{\"@type\":\"BreadcrumbList\",\"@id\":\"https:\\\/\\\/gradido.net\\\/mutmacher-dietmar\\\/#breadcrumb\",\"itemListElement\":[{\"@type\":\"ListItem\",\"position\":1,\"name\":\"Startseite\",\"item\":\"https:\\\/\\\/gradido.net\\\/\"},{\"@type\":\"ListItem\",\"position\":2,\"name\":\"Warum leben wir das nicht schon lange?\"}]},{\"@type\":\"WebSite\",\"@id\":\"https:\\\/\\\/gradido.net\\\/de\\\/#website\",\"url\":\"https:\\\/\\\/gradido.net\\\/de\\\/\",\"name\":\"Gradido\",\"description\":\"Die neue W\u00e4hrung hei\u00dft Dankbarkeit\",\"publisher\":{\"@id\":\"https:\\\/\\\/gradido.net\\\/de\\\/#organization\"},\"potentialAction\":[{\"@type\":\"SearchAction\",\"target\":{\"@type\":\"EntryPoint\",\"urlTemplate\":\"https:\\\/\\\/gradido.net\\\/de\\\/?s={search_term_string}\"},\"query-input\":{\"@type\":\"PropertyValueSpecification\",\"valueRequired\":true,\"valueName\":\"search_term_string\"}}],\"inLanguage\":\"sv-SE\"},{\"@type\":\"Organization\",\"@id\":\"https:\\\/\\\/gradido.net\\\/de\\\/#organization\",\"name\":\"Gradido\",\"url\":\"https:\\\/\\\/gradido.net\\\/de\\\/\",\"logo\":{\"@type\":\"ImageObject\",\"inLanguage\":\"sv-SE\",\"@id\":\"https:\\\/\\\/gradido.net\\\/de\\\/#\\\/schema\\\/logo\\\/image\\\/\",\"url\":\"https:\\\/\\\/gradido.net\\\/wp-content\\\/uploads\\\/2022\\\/04\\\/gradido-social.jpg\",\"contentUrl\":\"https:\\\/\\\/gradido.net\\\/wp-content\\\/uploads\\\/2022\\\/04\\\/gradido-social.jpg\",\"width\":527,\"height\":273,\"caption\":\"Gradido\"},\"image\":{\"@id\":\"https:\\\/\\\/gradido.net\\\/de\\\/#\\\/schema\\\/logo\\\/image\\\/\"}},{\"@type\":\"Person\",\"@id\":\"https:\\\/\\\/gradido.net\\\/de\\\/#\\\/schema\\\/person\\\/9c503a004ad15a1ddecadce2218db5d1\",\"name\":\"Bernd H\u00fcckst\u00e4dt\",\"sameAs\":[\"https:\\\/\\\/gradido.net\"],\"url\":\"https:\\\/\\\/gradido.net\\\/sv\\\/author\\\/bernd\\\/\"}]}<\/script>\n<!-- \/ Yoast SEO plugin. -->","yoast_head_json":{"title":"Varf\u00f6r har vi inte levt s\u00e5 h\u00e4r l\u00e4nge? - Gradido","description":"N\u00e4r jag l\u00e4ste de 100 f\u00f6rdelarna med Gradido var min f\u00f6rsta tanke: Wow, helt briljant! Varf\u00f6r har vi inte levt s\u00e5 h\u00e4r l\u00e4nge? Det var min start f\u00f6r att l\u00e4ra k\u00e4nna Gradido b\u00e4ttre och att delta som ambassad\u00f6r f\u00f6r att f\u00f6ra Gradido ut i v\u00e4rlden.","robots":{"index":"index","follow":"follow","max-snippet":"max-snippet:-1","max-image-preview":"max-image-preview:large","max-video-preview":"max-video-preview:-1"},"canonical":"https:\/\/gradido.net\/sv\/mutmacher-dietmar\/","og_locale":"sv_SE","og_type":"article","og_title":"Warum leben wir das nicht schon lange? - Gradido","og_description":"Als ich die 100 Vorteile des Gradido gelesen hatte , war mein erster Gedanke: Wow einfach nur genial! Warum leben wir das nicht schon lange? Das wurde mein Start, Gradido besser kennenzulernen und mitzuwirken als Botschafter, um Gradido in die Welt zu bringen.","og_url":"https:\/\/gradido.net\/sv\/mutmacher-dietmar\/","og_site_name":"Gradido","article_published_time":"2025-09-12T04:04:16+00:00","article_modified_time":"2026-04-24T05:20:03+00:00","og_image":[{"width":1280,"height":720,"url":"https:\/\/gradido.net\/wp-content\/uploads\/2025\/09\/Dietmar-1.jpg","type":"image\/jpeg"}],"author":"Bernd H\u00fcckst\u00e4dt","twitter_card":"summary_large_image","twitter_misc":{"Skriven av":"Bernd H\u00fcckst\u00e4dt","Ber\u00e4knad l\u00e4stid":"3 minuter"},"schema":{"@context":"https:\/\/schema.org","@graph":[{"@type":"Article","@id":"https:\/\/gradido.net\/mutmacher-dietmar\/#article","isPartOf":{"@id":"https:\/\/gradido.net\/mutmacher-dietmar\/"},"author":{"name":"Bernd H\u00fcckst\u00e4dt","@id":"https:\/\/gradido.net\/de\/#\/schema\/person\/9c503a004ad15a1ddecadce2218db5d1"},"headline":"Warum leben wir das nicht schon lange?","datePublished":"2025-09-12T04:04:16+00:00","dateModified":"2026-04-24T05:20:03+00:00","mainEntityOfPage":{"@id":"https:\/\/gradido.net\/mutmacher-dietmar\/"},"wordCount":418,"publisher":{"@id":"https:\/\/gradido.net\/de\/#organization"},"image":{"@id":"https:\/\/gradido.net\/mutmacher-dietmar\/#primaryimage"},"thumbnailUrl":"https:\/\/gradido.net\/wp-content\/uploads\/2025\/09\/Dietmar-1.jpg","articleSection":["Blog","Community"],"inLanguage":"sv-SE"},{"@type":"WebPage","@id":"https:\/\/gradido.net\/mutmacher-dietmar\/","url":"https:\/\/gradido.net\/mutmacher-dietmar\/","name":"Varf\u00f6r har vi inte levt s\u00e5 h\u00e4r l\u00e4nge? - Gradido","isPartOf":{"@id":"https:\/\/gradido.net\/de\/#website"},"primaryImageOfPage":{"@id":"https:\/\/gradido.net\/mutmacher-dietmar\/#primaryimage"},"image":{"@id":"https:\/\/gradido.net\/mutmacher-dietmar\/#primaryimage"},"thumbnailUrl":"https:\/\/gradido.net\/wp-content\/uploads\/2025\/09\/Dietmar-1.jpg","datePublished":"2025-09-12T04:04:16+00:00","dateModified":"2026-04-24T05:20:03+00:00","description":"N\u00e4r jag l\u00e4ste de 100 f\u00f6rdelarna med Gradido var min f\u00f6rsta tanke: Wow, helt briljant! Varf\u00f6r har vi inte levt s\u00e5 h\u00e4r l\u00e4nge? Det var min start f\u00f6r att l\u00e4ra k\u00e4nna Gradido b\u00e4ttre och att delta som ambassad\u00f6r f\u00f6r att f\u00f6ra Gradido ut i v\u00e4rlden.","breadcrumb":{"@id":"https:\/\/gradido.net\/mutmacher-dietmar\/#breadcrumb"},"inLanguage":"sv-SE","potentialAction":[{"@type":"ReadAction","target":["https:\/\/gradido.net\/mutmacher-dietmar\/"]}]},{"@type":"ImageObject","inLanguage":"sv-SE","@id":"https:\/\/gradido.net\/mutmacher-dietmar\/#primaryimage","url":"https:\/\/gradido.net\/wp-content\/uploads\/2025\/09\/Dietmar-1.jpg","contentUrl":"https:\/\/gradido.net\/wp-content\/uploads\/2025\/09\/Dietmar-1.jpg","width":1280,"height":720},{"@type":"BreadcrumbList","@id":"https:\/\/gradido.net\/mutmacher-dietmar\/#breadcrumb","itemListElement":[{"@type":"ListItem","position":1,"name":"Startseite","item":"https:\/\/gradido.net\/"},{"@type":"ListItem","position":2,"name":"Warum leben wir das nicht schon lange?"}]},{"@type":"WebSite","@id":"https:\/\/gradido.net\/de\/#website","url":"https:\/\/gradido.net\/de\/","name":"Gradido","description":"Den nya valutan \u00e4r tacksamhet","publisher":{"@id":"https:\/\/gradido.net\/de\/#organization"},"potentialAction":[{"@type":"SearchAction","target":{"@type":"EntryPoint","urlTemplate":"https:\/\/gradido.net\/de\/?s={search_term_string}"},"query-input":{"@type":"PropertyValueSpecification","valueRequired":true,"valueName":"search_term_string"}}],"inLanguage":"sv-SE"},{"@type":"Organization","@id":"https:\/\/gradido.net\/de\/#organization","name":"Gradido","url":"https:\/\/gradido.net\/de\/","logo":{"@type":"ImageObject","inLanguage":"sv-SE","@id":"https:\/\/gradido.net\/de\/#\/schema\/logo\/image\/","url":"https:\/\/gradido.net\/wp-content\/uploads\/2022\/04\/gradido-social.jpg","contentUrl":"https:\/\/gradido.net\/wp-content\/uploads\/2022\/04\/gradido-social.jpg","width":527,"height":273,"caption":"Gradido"},"image":{"@id":"https:\/\/gradido.net\/de\/#\/schema\/logo\/image\/"}},{"@type":"Person","@id":"https:\/\/gradido.net\/de\/#\/schema\/person\/9c503a004ad15a1ddecadce2218db5d1","name":"Bernd H\u00fcckst\u00e4dt","sameAs":["https:\/\/gradido.net"],"url":"https:\/\/gradido.net\/sv\/author\/bernd\/"}]}},"_links":{"self":[{"href":"https:\/\/gradido.net\/sv\/wp-json\/wp\/v2\/posts\/11565","targetHints":{"allow":["GET"]}}],"collection":[{"href":"https:\/\/gradido.net\/sv\/wp-json\/wp\/v2\/posts"}],"about":[{"href":"https:\/\/gradido.net\/sv\/wp-json\/wp\/v2\/types\/post"}],"author":[{"embeddable":true,"href":"https:\/\/gradido.net\/sv\/wp-json\/wp\/v2\/users\/2"}],"replies":[{"embeddable":true,"href":"https:\/\/gradido.net\/sv\/wp-json\/wp\/v2\/comments?post=11565"}],"version-history":[{"count":16,"href":"https:\/\/gradido.net\/sv\/wp-json\/wp\/v2\/posts\/11565\/revisions"}],"predecessor-version":[{"id":11585,"href":"https:\/\/gradido.net\/sv\/wp-json\/wp\/v2\/posts\/11565\/revisions\/11585"}],"wp:featuredmedia":[{"embeddable":true,"href":"https:\/\/gradido.net\/sv\/wp-json\/wp\/v2\/media\/11568"}],"wp:attachment":[{"href":"https:\/\/gradido.net\/sv\/wp-json\/wp\/v2\/media?parent=11565"}],"wp:term":[{"taxonomy":"category","embeddable":true,"href":"https:\/\/gradido.net\/sv\/wp-json\/wp\/v2\/categories?post=11565"},{"taxonomy":"post_tag","embeddable":true,"href":"https:\/\/gradido.net\/sv\/wp-json\/wp\/v2\/tags?post=11565"}],"curies":[{"name":"wp","href":"https:\/\/api.w.org\/{rel}","templated":true}]}}