{"id":11600,"date":"2025-09-17T07:08:43","date_gmt":"2025-09-17T05:08:43","guid":{"rendered":"https:\/\/gradido.net\/?p=11600"},"modified":"2026-04-24T07:18:45","modified_gmt":"2026-04-24T05:18:45","slug":"mutmacherin-kerstin","status":"publish","type":"post","link":"https:\/\/gradido.net\/sv\/mutmacherin-kerstin\/","title":{"rendered":"S\u00e5 h\u00e4r f\u00f6rest\u00e4ller jag mig samh\u00f6righet"},"content":{"rendered":"<div data-elementor-type=\"wp-post\" data-elementor-id=\"11600\" class=\"elementor elementor-11600\" data-elementor-post-type=\"post\">\n\t\t\t\t\t\t<section class=\"elementor-section elementor-top-section elementor-element elementor-element-496e1d53 elementor-section-boxed elementor-section-height-default elementor-section-height-default\" data-id=\"496e1d53\" data-element_type=\"section\" data-e-type=\"section\">\n\t\t\t\t\t\t<div class=\"elementor-container elementor-column-gap-default\">\n\t\t\t\t\t<div class=\"elementor-column elementor-col-100 elementor-top-column elementor-element elementor-element-461d7be0\" data-id=\"461d7be0\" data-element_type=\"column\" data-e-type=\"column\">\n\t\t\t<div class=\"elementor-widget-wrap elementor-element-populated\">\n\t\t\t\t\t\t<div class=\"elementor-element elementor-element-cd9ebe2 elementor-widget elementor-widget-text-editor\" data-id=\"cd9ebe2\" data-element_type=\"widget\" data-e-type=\"widget\" data-widget_type=\"text-editor.default\">\n\t\t\t\t<div class=\"elementor-widget-container\">\n\t\t\t\t\t\t\t\t\t<p style=\"text-align: right;\"><em>\"Allt \u00e4r levande k\u00e4rleksfullt medvetande - det sj\u00e4lvskapande livets intelligens.\"<\/em> <br \/><em>-\u00a0<\/em><i> Kerstin Morettoni-Anders<\/i><\/p><div><p>Jag fick nyligen ett mejl med ber\u00e4ttelsen om hur Joel tr\u00e4ffade Gradido.<\/p><h2>Superfint!<\/h2><p>Framf\u00f6r allt gillar jag hans id\u00e9 om att vi \u00e4r en del av n\u00e5got som \u00e4r mycket st\u00f6rre \u00e4n v\u00e5r egen existens.<\/p><p>Allt \u00e4r levande, k\u00e4rleksfullt medvetande - den sj\u00e4lvskapande m\u00e4nniskans intelligens. Detta sker i varje \u00f6gonblick, om och om igen. Inget hj\u00e4rtslag \u00e4r detsamma som det f\u00f6reg\u00e5ende och alla de andra f\u00f6re det.<\/p><p><strong>Jag s\u00f6kte efter ett s\u00e4tt att arbeta tillsammans som var bra f\u00f6r alla. Jag hade insett att inf\u00f6randet av r\u00e4ntepengar var b\u00f6rjan till slutet.<\/strong><\/p><h2>Varf\u00f6r d\u00e5?<\/h2><p>Livet kan bara st\u00f6dja tankar och handlingar som tj\u00e4nar allas b\u00e4sta. Detta vet vi fr\u00e5n de hermetiska lagarna. Det \u00e4r d\u00e4rf\u00f6r f\u00f6rutsebart att r\u00e4ntepengar kommer att f\u00f6rst\u00f6ra sig sj\u00e4lva. Detta har redan b\u00f6rjat n\u00e4r de f\u00f6rst till\u00e4mpades.<\/p><p>Endast orsak och verkan \u00e4r f\u00f6rdelade i tid och rum s\u00e5 att m\u00e4nniskor kan g\u00f6ra och k\u00e4nna igen sina upplevelser.<\/p><p><strong>Om en person berikar en annan \u00e4r det inte permanent, eftersom ingen kan beh\u00e5lla sin rikedom efter sin d\u00f6d.<\/strong><\/p><p>N\u00e4r jag skulle s\u00e4tta upp min \"K\u00e4nn igen dig\"-kongress st\u00f6tte jag p\u00e5 Gradido och blev genast entusiastisk. Den h\u00e4r energin av tacksamhet och det naturliga exemplet att bli till och g\u00e5 bort - det kunde jag relatera till!<\/p><h2>S\u00e5 h\u00e4r f\u00f6rest\u00e4ller jag mig samh\u00f6righet<\/h2><p>D\u00e4rf\u00f6r skapade jag ett konto direkt och gratitude gradido fl\u00f6dar. Du kan k\u00f6pa Light Harmony-produkterna med Gradido p\u00e5 min webbplats. Jag skulle vilja skapa \u00e4nnu fler m\u00f6jligheter.<\/p><p>Det g\u00f6r det m\u00f6jligt att f\u00f6rverkliga en vision eftersom vi utbyter id\u00e9er om m\u00f6jligheter och erfarenheter av att anv\u00e4nda Gradido. Det h\u00e4r \u00e4r n\u00e5got helt annat \u00e4n att hantera vanliga pengar. Man m\u00e5ste uppleva det sj\u00e4lv. D\u00e5 kan den omvandling som s\u00e5 m\u00e5nga m\u00e4nniskor vill ha ske. Tack s\u00e5 mycket f\u00f6r det!<\/p><p>Jag \u00f6nskar oss alla framg\u00e5ng och mycket gl\u00e4dje med Gradido<\/p><p>All k\u00e4rlek<br \/>Kerstin<\/p><p><a title=\"https:\/\/lebensharmonie.org\" href=\"https:\/\/lebensharmonie.org\" target=\"_blank\" rel=\"noopener\">https:\/\/lebensharmonie.org<\/a><\/p><\/div>\t\t\t\t\t\t\t\t<\/div>\n\t\t\t\t<\/div>\n\t\t\t\t<div class=\"elementor-element elementor-element-db3fa8e elementor-widget-divider--view-line elementor-widget elementor-widget-divider\" data-id=\"db3fa8e\" data-element_type=\"widget\" data-e-type=\"widget\" data-widget_type=\"divider.default\">\n\t\t\t\t<div class=\"elementor-widget-container\">\n\t\t\t\t\t\t\t<div class=\"elementor-divider\">\n\t\t\t<span class=\"elementor-divider-separator\">\n\t\t\t\t\t\t<\/span>\n\t\t<\/div>\n\t\t\t\t\t\t<\/div>\n\t\t\t\t<\/div>\n\t\t\t\t<div class=\"elementor-element elementor-element-d74dfa0 elementor-widget elementor-widget-text-editor\" data-id=\"d74dfa0\" data-element_type=\"widget\" data-e-type=\"widget\" data-widget_type=\"text-editor.default\">\n\t\t\t\t<div class=\"elementor-widget-container\">\n\t\t\t\t\t\t\t\t\t<div data-pm-slice=\"1 1 []\" data-en-clipboard=\"true\"><h4>Kom med oss - vi ser fram emot att h\u00f6ra din ber\u00e4ttelse!<\/h4><p><strong>Skicka din e-post till: <a href=\"mailto:support@gradido.net\">support@gradido.net<\/a><\/strong><\/p><p>Tillsammans v\u00e4xer vi bortom oss sj\u00e4lva!<\/p><p>Med djup tacksamhet och solidaritet<\/p><p><span style=\"font-family: -apple-system, BlinkMacSystemFont, 'Segoe UI', Roboto, 'Helvetica Neue', Arial, 'Noto Sans', sans-serif, 'Apple Color Emoji', 'Segoe UI Emoji', 'Segoe UI Symbol', 'Noto Color Emoji';\">Din<\/span><\/p><\/div><p><img decoding=\"async\" class=\"alignnone wp-image-4614 size-medium\" src=\"https:\/\/gradido.net\/wp-content\/uploads\/2022\/06\/MargretBernd_2022-300x74.png\" alt=\"\" width=\"300\" height=\"74\" srcset=\"https:\/\/gradido.net\/wp-content\/uploads\/2022\/06\/MargretBernd_2022-300x74.png 300w, https:\/\/gradido.net\/wp-content\/uploads\/2022\/06\/MargretBernd_2022-18x4.png 18w, https:\/\/gradido.net\/wp-content\/uploads\/2022\/06\/MargretBernd_2022.png 431w\" sizes=\"(max-width: 300px) 100vw, 300px\" \/><\/p><p>Margret Baier och Bernd H\u00fcckst\u00e4dt<br \/>Gradidos grundare och utvecklare<\/p>\t\t\t\t\t\t\t\t<\/div>\n\t\t\t\t<\/div>\n\t\t\t\t\t<\/div>\n\t\t<\/div>\n\t\t\t\t\t<\/div>\n\t\t<\/section>\n\t\t\t\t<section class=\"elementor-section elementor-top-section elementor-element elementor-element-14532fe elementor-section-boxed elementor-section-height-default elementor-section-height-default\" data-id=\"14532fe\" data-element_type=\"section\" data-e-type=\"section\">\n\t\t\t\t\t\t<div class=\"elementor-container elementor-column-gap-default\">\n\t\t\t\t\t<div class=\"elementor-column elementor-col-100 elementor-top-column elementor-element elementor-element-65d2298\" data-id=\"65d2298\" data-element_type=\"column\" data-e-type=\"column\">\n\t\t\t<div class=\"elementor-widget-wrap elementor-element-populated\">\n\t\t\t\t\t\t<div class=\"elementor-element elementor-element-bea124f elementor-widget elementor-widget-global elementor-global-9341 elementor-widget-text-editor\" data-id=\"bea124f\" data-element_type=\"widget\" data-e-type=\"widget\" data-widget_type=\"text-editor.default\">\n\t\t\t\t<div class=\"elementor-widget-container\">\n\t\t\t\t\t\t\t\t\t<p><strong>PS:\u00a0<span style=\"color: #ff6600;\"><a style=\"color: #ff6600;\" href=\"https:\/\/gradido.net\/sv\/donations\/\">P\u00e5 grund av Gradidos st\u00e4ndigt \u00f6kande betydelse upprepar vi v\u00e5r tacksamhetskampanj den 26 juni 2026:<\/a>\u00a0<\/span><span style=\"color: #0000ff;\"><a style=\"color: #0000ff;\" href=\"https:\/\/gradido.net\/sv\/donations\/\">F\u00f6rutom den multipla GradidoTransform f\u00f6r ditt sponsorbidrag, kommer vi att \u00f6ka alla GDT-kontosaldon med 26% den 26\/06\/2016. Sponsra nu och njut av det multipla beloppet av GDT!<\/a><\/span><\/strong><\/p>\t\t\t\t\t\t\t\t<\/div>\n\t\t\t\t<\/div>\n\t\t\t\t\t<\/div>\n\t\t<\/div>\n\t\t\t\t\t<\/div>\n\t\t<\/section>\n\t\t\t\t<section class=\"elementor-section elementor-top-section elementor-element elementor-element-29dfc07 elementor-section-boxed elementor-section-height-default elementor-section-height-default\" data-id=\"29dfc07\" data-element_type=\"section\" data-e-type=\"section\">\n\t\t\t\t\t\t<div class=\"elementor-container elementor-column-gap-default\">\n\t\t\t\t\t<div class=\"elementor-column elementor-col-100 elementor-top-column elementor-element elementor-element-d37ec5a\" data-id=\"d37ec5a\" data-element_type=\"column\" data-e-type=\"column\">\n\t\t\t<div class=\"elementor-widget-wrap\">\n\t\t\t\t\t\t\t<\/div>\n\t\t<\/div>\n\t\t\t\t\t<\/div>\n\t\t<\/section>\n\t\t\t\t<section class=\"elementor-section elementor-top-section elementor-element elementor-element-b3bbb9b elementor-section-boxed elementor-section-height-default elementor-section-height-default\" data-id=\"b3bbb9b\" data-element_type=\"section\" data-e-type=\"section\">\n\t\t\t\t\t\t<div class=\"elementor-container elementor-column-gap-default\">\n\t\t\t\t\t<div class=\"elementor-column elementor-col-100 elementor-top-column elementor-element elementor-element-a7e88ad\" data-id=\"a7e88ad\" data-element_type=\"column\" data-e-type=\"column\">\n\t\t\t<div class=\"elementor-widget-wrap\">\n\t\t\t\t\t\t\t<\/div>\n\t\t<\/div>\n\t\t\t\t\t<\/div>\n\t\t<\/section>\n\t\t\t\t<\/div>","protected":false},"excerpt":{"rendered":"<p>N\u00e4r jag skulle s\u00e4tta upp min \"K\u00e4nn igen dig\"-kongress st\u00f6tte jag p\u00e5 Gradido och blev genast entusiastisk. Den h\u00e4r energin av tacksamhet och det naturliga exemplet att bli till och g\u00e5 bort - det kunde jag relatera till!<\/p>","protected":false},"author":2,"featured_media":11603,"comment_status":"closed","ping_status":"closed","sticky":false,"template":"","format":"standard","meta":{"footnotes":""},"categories":[11,54],"tags":[],"class_list":["post-11600","post","type-post","status-publish","format-standard","has-post-thumbnail","hentry","category-blog","category-community"],"yoast_head":"<!-- This site is optimized with the Yoast SEO plugin v27.5 - https:\/\/yoast.com\/product\/yoast-seo-wordpress\/ -->\n<title>So stelle ich mir Miteinander vor - Gradido<\/title>\n<meta name=\"description\" content=\"Als ich meinen Kongress &quot;Erkenne Dich&quot; aufbaute, stie\u00df ich auf Gradido und war sofort begeistert. Diese Energie der Dankbarkeit und das nat\u00fcrliche Vorbild von Werden und Vergehen \u2013 damit konnte ich etwas anfangen!\" \/>\n<meta name=\"robots\" content=\"index, follow, max-snippet:-1, max-image-preview:large, max-video-preview:-1\" \/>\n<link rel=\"canonical\" href=\"https:\/\/gradido.net\/sv\/mutmacherin-kerstin\/\" \/>\n<meta property=\"og:locale\" content=\"sv_SE\" \/>\n<meta property=\"og:type\" content=\"article\" \/>\n<meta property=\"og:title\" content=\"So stelle ich mir Miteinander vor - Gradido\" \/>\n<meta property=\"og:description\" content=\"Als ich meinen Kongress &quot;Erkenne Dich&quot; aufbaute, stie\u00df ich auf Gradido und war sofort begeistert. Diese Energie der Dankbarkeit und das nat\u00fcrliche Vorbild von Werden und Vergehen \u2013 damit konnte ich etwas anfangen!\" \/>\n<meta property=\"og:url\" content=\"https:\/\/gradido.net\/sv\/mutmacherin-kerstin\/\" \/>\n<meta property=\"og:site_name\" content=\"Gradido\" \/>\n<meta property=\"article:published_time\" content=\"2025-09-17T05:08:43+00:00\" \/>\n<meta property=\"article:modified_time\" content=\"2026-04-24T05:18:45+00:00\" \/>\n<meta property=\"og:image\" content=\"https:\/\/gradido.net\/wp-content\/uploads\/2025\/09\/Kerstin_Banner2.jpg\" \/>\n\t<meta property=\"og:image:width\" content=\"1280\" \/>\n\t<meta property=\"og:image:height\" content=\"720\" \/>\n\t<meta property=\"og:image:type\" content=\"image\/jpeg\" \/>\n<meta name=\"author\" content=\"Bernd H\u00fcckst\u00e4dt\" \/>\n<meta name=\"twitter:card\" content=\"summary_large_image\" \/>\n<meta name=\"twitter:label1\" content=\"Skriven av\" \/>\n\t<meta name=\"twitter:data1\" content=\"Bernd H\u00fcckst\u00e4dt\" \/>\n\t<meta name=\"twitter:label2\" content=\"Ber\u00e4knad l\u00e4stid\" \/>\n\t<meta name=\"twitter:data2\" content=\"3 minuter\" \/>\n<script type=\"application\/ld+json\" class=\"yoast-schema-graph\">{\"@context\":\"https:\\\/\\\/schema.org\",\"@graph\":[{\"@type\":\"Article\",\"@id\":\"https:\\\/\\\/gradido.net\\\/mutmacherin-kerstin\\\/#article\",\"isPartOf\":{\"@id\":\"https:\\\/\\\/gradido.net\\\/mutmacherin-kerstin\\\/\"},\"author\":{\"name\":\"Bernd H\u00fcckst\u00e4dt\",\"@id\":\"https:\\\/\\\/gradido.net\\\/de\\\/#\\\/schema\\\/person\\\/9c503a004ad15a1ddecadce2218db5d1\"},\"headline\":\"So stelle ich mir Miteinander vor\",\"datePublished\":\"2025-09-17T05:08:43+00:00\",\"dateModified\":\"2026-04-24T05:18:45+00:00\",\"mainEntityOfPage\":{\"@id\":\"https:\\\/\\\/gradido.net\\\/mutmacherin-kerstin\\\/\"},\"wordCount\":425,\"publisher\":{\"@id\":\"https:\\\/\\\/gradido.net\\\/de\\\/#organization\"},\"image\":{\"@id\":\"https:\\\/\\\/gradido.net\\\/mutmacherin-kerstin\\\/#primaryimage\"},\"thumbnailUrl\":\"https:\\\/\\\/gradido.net\\\/wp-content\\\/uploads\\\/2025\\\/09\\\/Kerstin_Banner2.jpg\",\"articleSection\":[\"Blog\",\"Community\"],\"inLanguage\":\"sv-SE\"},{\"@type\":\"WebPage\",\"@id\":\"https:\\\/\\\/gradido.net\\\/mutmacherin-kerstin\\\/\",\"url\":\"https:\\\/\\\/gradido.net\\\/mutmacherin-kerstin\\\/\",\"name\":\"So stelle ich mir Miteinander vor - Gradido\",\"isPartOf\":{\"@id\":\"https:\\\/\\\/gradido.net\\\/de\\\/#website\"},\"primaryImageOfPage\":{\"@id\":\"https:\\\/\\\/gradido.net\\\/mutmacherin-kerstin\\\/#primaryimage\"},\"image\":{\"@id\":\"https:\\\/\\\/gradido.net\\\/mutmacherin-kerstin\\\/#primaryimage\"},\"thumbnailUrl\":\"https:\\\/\\\/gradido.net\\\/wp-content\\\/uploads\\\/2025\\\/09\\\/Kerstin_Banner2.jpg\",\"datePublished\":\"2025-09-17T05:08:43+00:00\",\"dateModified\":\"2026-04-24T05:18:45+00:00\",\"description\":\"Als ich meinen Kongress \\\"Erkenne Dich\\\" aufbaute, stie\u00df ich auf Gradido und war sofort begeistert. Diese Energie der Dankbarkeit und das nat\u00fcrliche Vorbild von Werden und Vergehen \u2013 damit konnte ich etwas anfangen!\",\"breadcrumb\":{\"@id\":\"https:\\\/\\\/gradido.net\\\/mutmacherin-kerstin\\\/#breadcrumb\"},\"inLanguage\":\"sv-SE\",\"potentialAction\":[{\"@type\":\"ReadAction\",\"target\":[\"https:\\\/\\\/gradido.net\\\/mutmacherin-kerstin\\\/\"]}]},{\"@type\":\"ImageObject\",\"inLanguage\":\"sv-SE\",\"@id\":\"https:\\\/\\\/gradido.net\\\/mutmacherin-kerstin\\\/#primaryimage\",\"url\":\"https:\\\/\\\/gradido.net\\\/wp-content\\\/uploads\\\/2025\\\/09\\\/Kerstin_Banner2.jpg\",\"contentUrl\":\"https:\\\/\\\/gradido.net\\\/wp-content\\\/uploads\\\/2025\\\/09\\\/Kerstin_Banner2.jpg\",\"width\":1280,\"height\":720},{\"@type\":\"BreadcrumbList\",\"@id\":\"https:\\\/\\\/gradido.net\\\/mutmacherin-kerstin\\\/#breadcrumb\",\"itemListElement\":[{\"@type\":\"ListItem\",\"position\":1,\"name\":\"Startseite\",\"item\":\"https:\\\/\\\/gradido.net\\\/\"},{\"@type\":\"ListItem\",\"position\":2,\"name\":\"So stelle ich mir Miteinander vor\"}]},{\"@type\":\"WebSite\",\"@id\":\"https:\\\/\\\/gradido.net\\\/de\\\/#website\",\"url\":\"https:\\\/\\\/gradido.net\\\/de\\\/\",\"name\":\"Gradido\",\"description\":\"Die neue W\u00e4hrung hei\u00dft Dankbarkeit\",\"publisher\":{\"@id\":\"https:\\\/\\\/gradido.net\\\/de\\\/#organization\"},\"potentialAction\":[{\"@type\":\"SearchAction\",\"target\":{\"@type\":\"EntryPoint\",\"urlTemplate\":\"https:\\\/\\\/gradido.net\\\/de\\\/?s={search_term_string}\"},\"query-input\":{\"@type\":\"PropertyValueSpecification\",\"valueRequired\":true,\"valueName\":\"search_term_string\"}}],\"inLanguage\":\"sv-SE\"},{\"@type\":\"Organization\",\"@id\":\"https:\\\/\\\/gradido.net\\\/de\\\/#organization\",\"name\":\"Gradido\",\"url\":\"https:\\\/\\\/gradido.net\\\/de\\\/\",\"logo\":{\"@type\":\"ImageObject\",\"inLanguage\":\"sv-SE\",\"@id\":\"https:\\\/\\\/gradido.net\\\/de\\\/#\\\/schema\\\/logo\\\/image\\\/\",\"url\":\"https:\\\/\\\/gradido.net\\\/wp-content\\\/uploads\\\/2022\\\/04\\\/gradido-social.jpg\",\"contentUrl\":\"https:\\\/\\\/gradido.net\\\/wp-content\\\/uploads\\\/2022\\\/04\\\/gradido-social.jpg\",\"width\":527,\"height\":273,\"caption\":\"Gradido\"},\"image\":{\"@id\":\"https:\\\/\\\/gradido.net\\\/de\\\/#\\\/schema\\\/logo\\\/image\\\/\"}},{\"@type\":\"Person\",\"@id\":\"https:\\\/\\\/gradido.net\\\/de\\\/#\\\/schema\\\/person\\\/9c503a004ad15a1ddecadce2218db5d1\",\"name\":\"Bernd H\u00fcckst\u00e4dt\",\"sameAs\":[\"https:\\\/\\\/gradido.net\"],\"url\":\"https:\\\/\\\/gradido.net\\\/sv\\\/author\\\/bernd\\\/\"}]}<\/script>\n<!-- \/ Yoast SEO plugin. -->","yoast_head_json":{"title":"S\u00e5 h\u00e4r f\u00f6rest\u00e4ller jag mig samh\u00f6righet - Gradido","description":"N\u00e4r jag skulle s\u00e4tta upp min \"K\u00e4nn igen dig\"-kongress st\u00f6tte jag p\u00e5 Gradido och blev genast entusiastisk. Den h\u00e4r energin av tacksamhet och det naturliga exemplet att bli till och g\u00e5 bort - det kunde jag relatera till!","robots":{"index":"index","follow":"follow","max-snippet":"max-snippet:-1","max-image-preview":"max-image-preview:large","max-video-preview":"max-video-preview:-1"},"canonical":"https:\/\/gradido.net\/sv\/mutmacherin-kerstin\/","og_locale":"sv_SE","og_type":"article","og_title":"So stelle ich mir Miteinander vor - Gradido","og_description":"Als ich meinen Kongress \"Erkenne Dich\" aufbaute, stie\u00df ich auf Gradido und war sofort begeistert. Diese Energie der Dankbarkeit und das nat\u00fcrliche Vorbild von Werden und Vergehen \u2013 damit konnte ich etwas anfangen!","og_url":"https:\/\/gradido.net\/sv\/mutmacherin-kerstin\/","og_site_name":"Gradido","article_published_time":"2025-09-17T05:08:43+00:00","article_modified_time":"2026-04-24T05:18:45+00:00","og_image":[{"width":1280,"height":720,"url":"https:\/\/gradido.net\/wp-content\/uploads\/2025\/09\/Kerstin_Banner2.jpg","type":"image\/jpeg"}],"author":"Bernd H\u00fcckst\u00e4dt","twitter_card":"summary_large_image","twitter_misc":{"Skriven av":"Bernd H\u00fcckst\u00e4dt","Ber\u00e4knad l\u00e4stid":"3 minuter"},"schema":{"@context":"https:\/\/schema.org","@graph":[{"@type":"Article","@id":"https:\/\/gradido.net\/mutmacherin-kerstin\/#article","isPartOf":{"@id":"https:\/\/gradido.net\/mutmacherin-kerstin\/"},"author":{"name":"Bernd H\u00fcckst\u00e4dt","@id":"https:\/\/gradido.net\/de\/#\/schema\/person\/9c503a004ad15a1ddecadce2218db5d1"},"headline":"So stelle ich mir Miteinander vor","datePublished":"2025-09-17T05:08:43+00:00","dateModified":"2026-04-24T05:18:45+00:00","mainEntityOfPage":{"@id":"https:\/\/gradido.net\/mutmacherin-kerstin\/"},"wordCount":425,"publisher":{"@id":"https:\/\/gradido.net\/de\/#organization"},"image":{"@id":"https:\/\/gradido.net\/mutmacherin-kerstin\/#primaryimage"},"thumbnailUrl":"https:\/\/gradido.net\/wp-content\/uploads\/2025\/09\/Kerstin_Banner2.jpg","articleSection":["Blog","Community"],"inLanguage":"sv-SE"},{"@type":"WebPage","@id":"https:\/\/gradido.net\/mutmacherin-kerstin\/","url":"https:\/\/gradido.net\/mutmacherin-kerstin\/","name":"S\u00e5 h\u00e4r f\u00f6rest\u00e4ller jag mig samh\u00f6righet - Gradido","isPartOf":{"@id":"https:\/\/gradido.net\/de\/#website"},"primaryImageOfPage":{"@id":"https:\/\/gradido.net\/mutmacherin-kerstin\/#primaryimage"},"image":{"@id":"https:\/\/gradido.net\/mutmacherin-kerstin\/#primaryimage"},"thumbnailUrl":"https:\/\/gradido.net\/wp-content\/uploads\/2025\/09\/Kerstin_Banner2.jpg","datePublished":"2025-09-17T05:08:43+00:00","dateModified":"2026-04-24T05:18:45+00:00","description":"N\u00e4r jag skulle s\u00e4tta upp min \"K\u00e4nn igen dig\"-kongress st\u00f6tte jag p\u00e5 Gradido och blev genast entusiastisk. Den h\u00e4r energin av tacksamhet och det naturliga exemplet att bli till och g\u00e5 bort - det kunde jag relatera till!","breadcrumb":{"@id":"https:\/\/gradido.net\/mutmacherin-kerstin\/#breadcrumb"},"inLanguage":"sv-SE","potentialAction":[{"@type":"ReadAction","target":["https:\/\/gradido.net\/mutmacherin-kerstin\/"]}]},{"@type":"ImageObject","inLanguage":"sv-SE","@id":"https:\/\/gradido.net\/mutmacherin-kerstin\/#primaryimage","url":"https:\/\/gradido.net\/wp-content\/uploads\/2025\/09\/Kerstin_Banner2.jpg","contentUrl":"https:\/\/gradido.net\/wp-content\/uploads\/2025\/09\/Kerstin_Banner2.jpg","width":1280,"height":720},{"@type":"BreadcrumbList","@id":"https:\/\/gradido.net\/mutmacherin-kerstin\/#breadcrumb","itemListElement":[{"@type":"ListItem","position":1,"name":"Startseite","item":"https:\/\/gradido.net\/"},{"@type":"ListItem","position":2,"name":"So stelle ich mir Miteinander vor"}]},{"@type":"WebSite","@id":"https:\/\/gradido.net\/de\/#website","url":"https:\/\/gradido.net\/de\/","name":"Gradido","description":"Den nya valutan \u00e4r tacksamhet","publisher":{"@id":"https:\/\/gradido.net\/de\/#organization"},"potentialAction":[{"@type":"SearchAction","target":{"@type":"EntryPoint","urlTemplate":"https:\/\/gradido.net\/de\/?s={search_term_string}"},"query-input":{"@type":"PropertyValueSpecification","valueRequired":true,"valueName":"search_term_string"}}],"inLanguage":"sv-SE"},{"@type":"Organization","@id":"https:\/\/gradido.net\/de\/#organization","name":"Gradido","url":"https:\/\/gradido.net\/de\/","logo":{"@type":"ImageObject","inLanguage":"sv-SE","@id":"https:\/\/gradido.net\/de\/#\/schema\/logo\/image\/","url":"https:\/\/gradido.net\/wp-content\/uploads\/2022\/04\/gradido-social.jpg","contentUrl":"https:\/\/gradido.net\/wp-content\/uploads\/2022\/04\/gradido-social.jpg","width":527,"height":273,"caption":"Gradido"},"image":{"@id":"https:\/\/gradido.net\/de\/#\/schema\/logo\/image\/"}},{"@type":"Person","@id":"https:\/\/gradido.net\/de\/#\/schema\/person\/9c503a004ad15a1ddecadce2218db5d1","name":"Bernd H\u00fcckst\u00e4dt","sameAs":["https:\/\/gradido.net"],"url":"https:\/\/gradido.net\/sv\/author\/bernd\/"}]}},"_links":{"self":[{"href":"https:\/\/gradido.net\/sv\/wp-json\/wp\/v2\/posts\/11600","targetHints":{"allow":["GET"]}}],"collection":[{"href":"https:\/\/gradido.net\/sv\/wp-json\/wp\/v2\/posts"}],"about":[{"href":"https:\/\/gradido.net\/sv\/wp-json\/wp\/v2\/types\/post"}],"author":[{"embeddable":true,"href":"https:\/\/gradido.net\/sv\/wp-json\/wp\/v2\/users\/2"}],"replies":[{"embeddable":true,"href":"https:\/\/gradido.net\/sv\/wp-json\/wp\/v2\/comments?post=11600"}],"version-history":[{"count":35,"href":"https:\/\/gradido.net\/sv\/wp-json\/wp\/v2\/posts\/11600\/revisions"}],"predecessor-version":[{"id":13570,"href":"https:\/\/gradido.net\/sv\/wp-json\/wp\/v2\/posts\/11600\/revisions\/13570"}],"wp:featuredmedia":[{"embeddable":true,"href":"https:\/\/gradido.net\/sv\/wp-json\/wp\/v2\/media\/11603"}],"wp:attachment":[{"href":"https:\/\/gradido.net\/sv\/wp-json\/wp\/v2\/media?parent=11600"}],"wp:term":[{"taxonomy":"category","embeddable":true,"href":"https:\/\/gradido.net\/sv\/wp-json\/wp\/v2\/categories?post=11600"},{"taxonomy":"post_tag","embeddable":true,"href":"https:\/\/gradido.net\/sv\/wp-json\/wp\/v2\/tags?post=11600"}],"curies":[{"name":"wp","href":"https:\/\/api.w.org\/{rel}","templated":true}]}}