{"id":11642,"date":"2025-09-27T10:48:28","date_gmt":"2025-09-27T08:48:28","guid":{"rendered":"https:\/\/gradido.net\/?p=11642"},"modified":"2026-04-24T07:18:19","modified_gmt":"2026-04-24T05:18:19","slug":"mutmacher-jean-pierre","status":"publish","type":"post","link":"https:\/\/gradido.net\/sv\/mutmacher-jean-pierre\/","title":{"rendered":"Nyckelstenen i byggandet av en bro"},"content":{"rendered":"<div data-elementor-type=\"wp-post\" data-elementor-id=\"11642\" class=\"elementor elementor-11642\" data-elementor-post-type=\"post\">\n\t\t\t\t\t\t<section class=\"elementor-section elementor-top-section elementor-element elementor-element-496e1d53 elementor-section-boxed elementor-section-height-default elementor-section-height-default\" data-id=\"496e1d53\" data-element_type=\"section\" data-e-type=\"section\">\n\t\t\t\t\t\t<div class=\"elementor-container elementor-column-gap-default\">\n\t\t\t\t\t<div class=\"elementor-column elementor-col-100 elementor-top-column elementor-element elementor-element-461d7be0\" data-id=\"461d7be0\" data-element_type=\"column\" data-e-type=\"column\">\n\t\t\t<div class=\"elementor-widget-wrap elementor-element-populated\">\n\t\t\t\t\t\t<div class=\"elementor-element elementor-element-cd9ebe2 elementor-widget elementor-widget-text-editor\" data-id=\"cd9ebe2\" data-element_type=\"widget\" data-e-type=\"widget\" data-widget_type=\"text-editor.default\">\n\t\t\t\t<div class=\"elementor-widget-container\">\n\t\t\t\t\t\t\t\t\t<p style=\"text-align: right;\"><em>\"Gradido \u00e4r nyckelstenen, den \u00f6versta stenen som h\u00e5ller ihop stenb\u00e5gen och f\u00f6rdelar krafterna.\"<\/em> <br \/><em>-\u00a0<\/em><i> Jean-Pierre Rickli<\/i><\/p><div><p>K\u00e4ra l\u00e4sare,<\/p><p>Under mina m\u00e5nga \u00e5r i olika verksamheter - som ingenj\u00f6r, arbetsledare, terapeut, geomancer, utbildare och sist men inte minst som pappa - har jag insett att de flesta system i v\u00e5rt samh\u00e4lle har en inneboende logik. geomancer, utbildare och inte minst som pappa - har jag insett att de flesta system i v\u00e5rt samh\u00e4lle har en inneboende logik som leder till en o\u00f6nskad utveckling.<\/p><p>P\u00e5 grund av den missriktade utvecklingen f\u00f6rlorade vi v\u00e5ra verkliga m\u00e5l ur sikte och f\u00f6ljde sekund\u00e4ra m\u00e5l som ledde oss vilse.<\/p><h3>I slutet av \u00e5terv\u00e4ndsgr\u00e4nden<\/h3><p>Dessa missvisande sekund\u00e4ra m\u00e5l har gett upphov till organisationer och strukturer som vi i dag tar f\u00f6r givna. \u00c4nd\u00e5 inser vi i dag alltmer att vi har kommit till slutet av en \u00e5terv\u00e4ndsgr\u00e4nd.<\/p><p>G\u00e5ng p\u00e5 g\u00e5ng f\u00f6rkastades l\u00f6sningar som \u00f6verensst\u00e4mde med sunt f\u00f6rnuft eller naturlagar. Sk\u00e4let var att de skulle strida mot \"pengarnas logik\". Mycket ofta presenterades denna \"pengarnas logik\" som en naturlag - en \u00f6verraskning f\u00f6r en person med naturvetenskaplig bakgrund.<\/p><h3>Det monet\u00e4ra systemet - en m\u00e4nsklig konstruktion<\/h3><p>Sj\u00e4lvklart inser jag att pengar spelar en viktig roll som energilager. Tack vare dem kan konsumtionen frikopplas fr\u00e5n produktionen. Problemet \u00e4r d\u00e4rf\u00f6r inte pengarna i sig, utan det monet\u00e4ra systemet, som inte alls \u00e4r naturligt, utan en m\u00e4nsklig konstruktion.<\/p><p>S\u00e5 t\u00e4nkte jag n\u00e4r jag lyssnade p\u00e5 en presentation av Bernd om ett nytt finansiellt system kallat Gradido i Egerkingen, Schweiz, h\u00f6sten 2016.<\/p><h3>Gradido, nyckelstenen som h\u00e5ller ihop allt<\/h3><p><strong>Jag ins\u00e5g genast: det h\u00e4r \u00e4r r\u00e4tt! Gradido \u00e4r nyckelstenen, den \u00f6versta stenen som h\u00e5ller ihop stenb\u00e5gen och f\u00f6rdelar krafterna.<\/strong><\/p><p>Det blev ocks\u00e5 tydligt f\u00f6r mig vad jag vill fokusera min verksamhet p\u00e5 i framtiden:<\/p><ol><li>Att hj\u00e4lpa till att bygga stenvalv inom mina omr\u00e5den energi, utbildning, h\u00e4lsa och kost.\u00a0<\/li><li>F\u00f6r att st\u00f6dja byggandet av Gradido - grundstenen.<\/li><\/ol><p>.<\/p><p>Allt st\u00f6d och all hj\u00e4lp kommer att hj\u00e4lpa oss att uppn\u00e5 detta m\u00e5l.<\/p><p>I tacksamhet f\u00f6r denna gener\u00f6sa g\u00e5va till m\u00e4nskligheten!<\/p><p>V\u00e4nliga h\u00e4lsningar<\/p><p>Jean-Pierre<\/p><\/div>\t\t\t\t\t\t\t\t<\/div>\n\t\t\t\t<\/div>\n\t\t\t\t<div class=\"elementor-element elementor-element-db3fa8e elementor-widget-divider--view-line elementor-widget elementor-widget-divider\" data-id=\"db3fa8e\" data-element_type=\"widget\" data-e-type=\"widget\" data-widget_type=\"divider.default\">\n\t\t\t\t<div class=\"elementor-widget-container\">\n\t\t\t\t\t\t\t<div class=\"elementor-divider\">\n\t\t\t<span class=\"elementor-divider-separator\">\n\t\t\t\t\t\t<\/span>\n\t\t<\/div>\n\t\t\t\t\t\t<\/div>\n\t\t\t\t<\/div>\n\t\t\t\t<div class=\"elementor-element elementor-element-d74dfa0 elementor-widget elementor-widget-text-editor\" data-id=\"d74dfa0\" data-element_type=\"widget\" data-e-type=\"widget\" data-widget_type=\"text-editor.default\">\n\t\t\t\t<div class=\"elementor-widget-container\">\n\t\t\t\t\t\t\t\t\t<div data-pm-slice=\"1 1 []\" data-en-clipboard=\"true\"><h4>Kom med oss - vi ser fram emot att h\u00f6ra din ber\u00e4ttelse!<\/h4><p><strong>Skicka din e-post till: <a href=\"mailto:support@gradido.net\">support@gradido.net<\/a><\/strong><\/p><p>Tillsammans v\u00e4xer vi bortom oss sj\u00e4lva!<\/p><p>Med djup tacksamhet och solidaritet<\/p><p><span style=\"font-family: -apple-system, BlinkMacSystemFont, 'Segoe UI', Roboto, 'Helvetica Neue', Arial, 'Noto Sans', sans-serif, 'Apple Color Emoji', 'Segoe UI Emoji', 'Segoe UI Symbol', 'Noto Color Emoji';\">Din<\/span><\/p><\/div><p><img decoding=\"async\" class=\"alignnone wp-image-4614 size-medium\" src=\"https:\/\/gradido.net\/wp-content\/uploads\/2022\/06\/MargretBernd_2022-300x74.png\" alt=\"\" width=\"300\" height=\"74\" srcset=\"https:\/\/gradido.net\/wp-content\/uploads\/2022\/06\/MargretBernd_2022-300x74.png 300w, https:\/\/gradido.net\/wp-content\/uploads\/2022\/06\/MargretBernd_2022-18x4.png 18w, https:\/\/gradido.net\/wp-content\/uploads\/2022\/06\/MargretBernd_2022.png 431w\" sizes=\"(max-width: 300px) 100vw, 300px\" \/><\/p><p>Margret Baier och Bernd H\u00fcckst\u00e4dt<br \/>Gradidos grundare och utvecklare<\/p>\t\t\t\t\t\t\t\t<\/div>\n\t\t\t\t<\/div>\n\t\t\t\t\t<\/div>\n\t\t<\/div>\n\t\t\t\t\t<\/div>\n\t\t<\/section>\n\t\t\t\t<section class=\"elementor-section elementor-top-section elementor-element elementor-element-14532fe elementor-section-boxed elementor-section-height-default elementor-section-height-default\" data-id=\"14532fe\" data-element_type=\"section\" data-e-type=\"section\">\n\t\t\t\t\t\t<div class=\"elementor-container elementor-column-gap-default\">\n\t\t\t\t\t<div class=\"elementor-column elementor-col-100 elementor-top-column elementor-element elementor-element-65d2298\" data-id=\"65d2298\" data-element_type=\"column\" data-e-type=\"column\">\n\t\t\t<div class=\"elementor-widget-wrap elementor-element-populated\">\n\t\t\t\t\t\t<div class=\"elementor-element elementor-element-bea124f elementor-widget elementor-widget-global elementor-global-9341 elementor-widget-text-editor\" data-id=\"bea124f\" data-element_type=\"widget\" data-e-type=\"widget\" data-widget_type=\"text-editor.default\">\n\t\t\t\t<div class=\"elementor-widget-container\">\n\t\t\t\t\t\t\t\t\t<p><strong>PS:\u00a0<span style=\"color: #ff6600;\"><a style=\"color: #ff6600;\" href=\"https:\/\/gradido.net\/sv\/donations\/\">P\u00e5 grund av Gradidos st\u00e4ndigt \u00f6kande betydelse upprepar vi v\u00e5r tacksamhetskampanj den 26 juni 2026:<\/a>\u00a0<\/span><span style=\"color: #0000ff;\"><a style=\"color: #0000ff;\" href=\"https:\/\/gradido.net\/sv\/donations\/\">F\u00f6rutom den multipla GradidoTransform f\u00f6r ditt sponsorbidrag, kommer vi att \u00f6ka alla GDT-kontosaldon med 26% den 26\/06\/2016. Sponsra nu och njut av det multipla beloppet av GDT!<\/a><\/span><\/strong><\/p>\t\t\t\t\t\t\t\t<\/div>\n\t\t\t\t<\/div>\n\t\t\t\t\t<\/div>\n\t\t<\/div>\n\t\t\t\t\t<\/div>\n\t\t<\/section>\n\t\t\t\t<section class=\"elementor-section elementor-top-section elementor-element elementor-element-29dfc07 elementor-section-boxed elementor-section-height-default elementor-section-height-default\" data-id=\"29dfc07\" data-element_type=\"section\" data-e-type=\"section\">\n\t\t\t\t\t\t<div class=\"elementor-container elementor-column-gap-default\">\n\t\t\t\t\t<div class=\"elementor-column elementor-col-100 elementor-top-column elementor-element elementor-element-d37ec5a\" data-id=\"d37ec5a\" data-element_type=\"column\" data-e-type=\"column\">\n\t\t\t<div class=\"elementor-widget-wrap\">\n\t\t\t\t\t\t\t<\/div>\n\t\t<\/div>\n\t\t\t\t\t<\/div>\n\t\t<\/section>\n\t\t\t\t<section class=\"elementor-section elementor-top-section elementor-element elementor-element-b3bbb9b elementor-section-boxed elementor-section-height-default elementor-section-height-default\" data-id=\"b3bbb9b\" data-element_type=\"section\" data-e-type=\"section\">\n\t\t\t\t\t\t<div class=\"elementor-container elementor-column-gap-default\">\n\t\t\t\t\t<div class=\"elementor-column elementor-col-100 elementor-top-column elementor-element elementor-element-a7e88ad\" data-id=\"a7e88ad\" data-element_type=\"column\" data-e-type=\"column\">\n\t\t\t<div class=\"elementor-widget-wrap\">\n\t\t\t\t\t\t\t<\/div>\n\t\t<\/div>\n\t\t\t\t\t<\/div>\n\t\t<\/section>\n\t\t\t\t<\/div>","protected":false},"excerpt":{"rendered":"<p>Under mina m\u00e5nga \u00e5r i olika verksamheter har jag insett att de flesta system i v\u00e5rt samh\u00e4lle har en inneboende logik som leder till en o\u00f6nskad utveckling. Som ett resultat av denna o\u00f6nskade utveckling har vi f\u00f6rlorat v\u00e5ra verkliga m\u00e5l ur sikte och ....<\/p>","protected":false},"author":2,"featured_media":11643,"comment_status":"closed","ping_status":"closed","sticky":false,"template":"","format":"standard","meta":{"footnotes":""},"categories":[11,54],"tags":[],"class_list":["post-11642","post","type-post","status-publish","format-standard","has-post-thumbnail","hentry","category-blog","category-community"],"yoast_head":"<!-- This site is optimized with the Yoast SEO plugin v27.5 - https:\/\/yoast.com\/product\/yoast-seo-wordpress\/ -->\n<title>Der Schlussstein beim Bau einer Br\u00fccke - Gradido<\/title>\n<meta name=\"description\" content=\"In den vielen Jahren meiner unterschiedlichsten Aktivit\u00e4ten konnte ich feststellen, dass den meisten Systemen unserer Gesellschaft eine Logik innewohnt, die zu Fehlentwicklungen f\u00fchrt. Durch die Fehlentwicklungen haben wir unsere wahren Ziele aus den Augen verloren und sind Nebenzielen gefolgt, die uns in die Irre f\u00fchrten.\" \/>\n<meta name=\"robots\" content=\"index, follow, max-snippet:-1, max-image-preview:large, max-video-preview:-1\" \/>\n<link rel=\"canonical\" href=\"https:\/\/gradido.net\/sv\/mutmacher-jean-pierre\/\" \/>\n<meta property=\"og:locale\" content=\"sv_SE\" \/>\n<meta property=\"og:type\" content=\"article\" \/>\n<meta property=\"og:title\" content=\"Der Schlussstein beim Bau einer Br\u00fccke - Gradido\" \/>\n<meta property=\"og:description\" content=\"In den vielen Jahren meiner unterschiedlichsten Aktivit\u00e4ten konnte ich feststellen, dass den meisten Systemen unserer Gesellschaft eine Logik innewohnt, die zu Fehlentwicklungen f\u00fchrt. Durch die Fehlentwicklungen haben wir unsere wahren Ziele aus den Augen verloren und sind Nebenzielen gefolgt, die uns in die Irre f\u00fchrten.\" \/>\n<meta property=\"og:url\" content=\"https:\/\/gradido.net\/sv\/mutmacher-jean-pierre\/\" \/>\n<meta property=\"og:site_name\" content=\"Gradido\" \/>\n<meta property=\"article:published_time\" content=\"2025-09-27T08:48:28+00:00\" \/>\n<meta property=\"article:modified_time\" content=\"2026-04-24T05:18:19+00:00\" \/>\n<meta property=\"og:image\" content=\"https:\/\/gradido.net\/wp-content\/uploads\/2025\/09\/Jean-Pierre.jpg\" \/>\n\t<meta property=\"og:image:width\" content=\"1280\" \/>\n\t<meta property=\"og:image:height\" content=\"720\" \/>\n\t<meta property=\"og:image:type\" content=\"image\/jpeg\" \/>\n<meta name=\"author\" content=\"Bernd H\u00fcckst\u00e4dt\" \/>\n<meta name=\"twitter:card\" content=\"summary_large_image\" \/>\n<meta name=\"twitter:label1\" content=\"Skriven av\" \/>\n\t<meta name=\"twitter:data1\" content=\"Bernd H\u00fcckst\u00e4dt\" \/>\n\t<meta name=\"twitter:label2\" content=\"Ber\u00e4knad l\u00e4stid\" \/>\n\t<meta name=\"twitter:data2\" content=\"3 minuter\" \/>\n<script type=\"application\/ld+json\" class=\"yoast-schema-graph\">{\"@context\":\"https:\\\/\\\/schema.org\",\"@graph\":[{\"@type\":\"Article\",\"@id\":\"https:\\\/\\\/gradido.net\\\/mutmacher-jean-pierre\\\/#article\",\"isPartOf\":{\"@id\":\"https:\\\/\\\/gradido.net\\\/mutmacher-jean-pierre\\\/\"},\"author\":{\"name\":\"Bernd H\u00fcckst\u00e4dt\",\"@id\":\"https:\\\/\\\/gradido.net\\\/de\\\/#\\\/schema\\\/person\\\/9c503a004ad15a1ddecadce2218db5d1\"},\"headline\":\"Der Schlussstein beim Bau einer Br\u00fccke\",\"datePublished\":\"2025-09-27T08:48:28+00:00\",\"dateModified\":\"2026-04-24T05:18:19+00:00\",\"mainEntityOfPage\":{\"@id\":\"https:\\\/\\\/gradido.net\\\/mutmacher-jean-pierre\\\/\"},\"wordCount\":434,\"publisher\":{\"@id\":\"https:\\\/\\\/gradido.net\\\/de\\\/#organization\"},\"image\":{\"@id\":\"https:\\\/\\\/gradido.net\\\/mutmacher-jean-pierre\\\/#primaryimage\"},\"thumbnailUrl\":\"https:\\\/\\\/gradido.net\\\/wp-content\\\/uploads\\\/2025\\\/09\\\/Jean-Pierre.jpg\",\"articleSection\":[\"Blog\",\"Community\"],\"inLanguage\":\"sv-SE\"},{\"@type\":\"WebPage\",\"@id\":\"https:\\\/\\\/gradido.net\\\/mutmacher-jean-pierre\\\/\",\"url\":\"https:\\\/\\\/gradido.net\\\/mutmacher-jean-pierre\\\/\",\"name\":\"Der Schlussstein beim Bau einer Br\u00fccke - Gradido\",\"isPartOf\":{\"@id\":\"https:\\\/\\\/gradido.net\\\/de\\\/#website\"},\"primaryImageOfPage\":{\"@id\":\"https:\\\/\\\/gradido.net\\\/mutmacher-jean-pierre\\\/#primaryimage\"},\"image\":{\"@id\":\"https:\\\/\\\/gradido.net\\\/mutmacher-jean-pierre\\\/#primaryimage\"},\"thumbnailUrl\":\"https:\\\/\\\/gradido.net\\\/wp-content\\\/uploads\\\/2025\\\/09\\\/Jean-Pierre.jpg\",\"datePublished\":\"2025-09-27T08:48:28+00:00\",\"dateModified\":\"2026-04-24T05:18:19+00:00\",\"description\":\"In den vielen Jahren meiner unterschiedlichsten Aktivit\u00e4ten konnte ich feststellen, dass den meisten Systemen unserer Gesellschaft eine Logik innewohnt, die zu Fehlentwicklungen f\u00fchrt. Durch die Fehlentwicklungen haben wir unsere wahren Ziele aus den Augen verloren und sind Nebenzielen gefolgt, die uns in die Irre f\u00fchrten.\",\"breadcrumb\":{\"@id\":\"https:\\\/\\\/gradido.net\\\/mutmacher-jean-pierre\\\/#breadcrumb\"},\"inLanguage\":\"sv-SE\",\"potentialAction\":[{\"@type\":\"ReadAction\",\"target\":[\"https:\\\/\\\/gradido.net\\\/mutmacher-jean-pierre\\\/\"]}]},{\"@type\":\"ImageObject\",\"inLanguage\":\"sv-SE\",\"@id\":\"https:\\\/\\\/gradido.net\\\/mutmacher-jean-pierre\\\/#primaryimage\",\"url\":\"https:\\\/\\\/gradido.net\\\/wp-content\\\/uploads\\\/2025\\\/09\\\/Jean-Pierre.jpg\",\"contentUrl\":\"https:\\\/\\\/gradido.net\\\/wp-content\\\/uploads\\\/2025\\\/09\\\/Jean-Pierre.jpg\",\"width\":1280,\"height\":720},{\"@type\":\"BreadcrumbList\",\"@id\":\"https:\\\/\\\/gradido.net\\\/mutmacher-jean-pierre\\\/#breadcrumb\",\"itemListElement\":[{\"@type\":\"ListItem\",\"position\":1,\"name\":\"Startseite\",\"item\":\"https:\\\/\\\/gradido.net\\\/\"},{\"@type\":\"ListItem\",\"position\":2,\"name\":\"Der Schlussstein beim Bau einer Br\u00fccke\"}]},{\"@type\":\"WebSite\",\"@id\":\"https:\\\/\\\/gradido.net\\\/de\\\/#website\",\"url\":\"https:\\\/\\\/gradido.net\\\/de\\\/\",\"name\":\"Gradido\",\"description\":\"Die neue W\u00e4hrung hei\u00dft Dankbarkeit\",\"publisher\":{\"@id\":\"https:\\\/\\\/gradido.net\\\/de\\\/#organization\"},\"potentialAction\":[{\"@type\":\"SearchAction\",\"target\":{\"@type\":\"EntryPoint\",\"urlTemplate\":\"https:\\\/\\\/gradido.net\\\/de\\\/?s={search_term_string}\"},\"query-input\":{\"@type\":\"PropertyValueSpecification\",\"valueRequired\":true,\"valueName\":\"search_term_string\"}}],\"inLanguage\":\"sv-SE\"},{\"@type\":\"Organization\",\"@id\":\"https:\\\/\\\/gradido.net\\\/de\\\/#organization\",\"name\":\"Gradido\",\"url\":\"https:\\\/\\\/gradido.net\\\/de\\\/\",\"logo\":{\"@type\":\"ImageObject\",\"inLanguage\":\"sv-SE\",\"@id\":\"https:\\\/\\\/gradido.net\\\/de\\\/#\\\/schema\\\/logo\\\/image\\\/\",\"url\":\"https:\\\/\\\/gradido.net\\\/wp-content\\\/uploads\\\/2022\\\/04\\\/gradido-social.jpg\",\"contentUrl\":\"https:\\\/\\\/gradido.net\\\/wp-content\\\/uploads\\\/2022\\\/04\\\/gradido-social.jpg\",\"width\":527,\"height\":273,\"caption\":\"Gradido\"},\"image\":{\"@id\":\"https:\\\/\\\/gradido.net\\\/de\\\/#\\\/schema\\\/logo\\\/image\\\/\"}},{\"@type\":\"Person\",\"@id\":\"https:\\\/\\\/gradido.net\\\/de\\\/#\\\/schema\\\/person\\\/9c503a004ad15a1ddecadce2218db5d1\",\"name\":\"Bernd H\u00fcckst\u00e4dt\",\"sameAs\":[\"https:\\\/\\\/gradido.net\"],\"url\":\"https:\\\/\\\/gradido.net\\\/sv\\\/author\\\/bernd\\\/\"}]}<\/script>\n<!-- \/ Yoast SEO plugin. -->","yoast_head_json":{"title":"Nyckelstenen i byggandet av en bro - Gradido","description":"Under mina m\u00e5nga \u00e5r i olika verksamheter har jag insett att de flesta system i v\u00e5rt samh\u00e4lle har en inneboende logik som leder till en o\u00f6nskad utveckling. Som ett resultat av denna missriktade utveckling har vi f\u00f6rlorat v\u00e5ra verkliga m\u00e5l ur sikte och f\u00f6ljt sekund\u00e4ra m\u00e5l som har lett oss vilse.","robots":{"index":"index","follow":"follow","max-snippet":"max-snippet:-1","max-image-preview":"max-image-preview:large","max-video-preview":"max-video-preview:-1"},"canonical":"https:\/\/gradido.net\/sv\/mutmacher-jean-pierre\/","og_locale":"sv_SE","og_type":"article","og_title":"Der Schlussstein beim Bau einer Br\u00fccke - Gradido","og_description":"In den vielen Jahren meiner unterschiedlichsten Aktivit\u00e4ten konnte ich feststellen, dass den meisten Systemen unserer Gesellschaft eine Logik innewohnt, die zu Fehlentwicklungen f\u00fchrt. Durch die Fehlentwicklungen haben wir unsere wahren Ziele aus den Augen verloren und sind Nebenzielen gefolgt, die uns in die Irre f\u00fchrten.","og_url":"https:\/\/gradido.net\/sv\/mutmacher-jean-pierre\/","og_site_name":"Gradido","article_published_time":"2025-09-27T08:48:28+00:00","article_modified_time":"2026-04-24T05:18:19+00:00","og_image":[{"width":1280,"height":720,"url":"https:\/\/gradido.net\/wp-content\/uploads\/2025\/09\/Jean-Pierre.jpg","type":"image\/jpeg"}],"author":"Bernd H\u00fcckst\u00e4dt","twitter_card":"summary_large_image","twitter_misc":{"Skriven av":"Bernd H\u00fcckst\u00e4dt","Ber\u00e4knad l\u00e4stid":"3 minuter"},"schema":{"@context":"https:\/\/schema.org","@graph":[{"@type":"Article","@id":"https:\/\/gradido.net\/mutmacher-jean-pierre\/#article","isPartOf":{"@id":"https:\/\/gradido.net\/mutmacher-jean-pierre\/"},"author":{"name":"Bernd H\u00fcckst\u00e4dt","@id":"https:\/\/gradido.net\/de\/#\/schema\/person\/9c503a004ad15a1ddecadce2218db5d1"},"headline":"Der Schlussstein beim Bau einer Br\u00fccke","datePublished":"2025-09-27T08:48:28+00:00","dateModified":"2026-04-24T05:18:19+00:00","mainEntityOfPage":{"@id":"https:\/\/gradido.net\/mutmacher-jean-pierre\/"},"wordCount":434,"publisher":{"@id":"https:\/\/gradido.net\/de\/#organization"},"image":{"@id":"https:\/\/gradido.net\/mutmacher-jean-pierre\/#primaryimage"},"thumbnailUrl":"https:\/\/gradido.net\/wp-content\/uploads\/2025\/09\/Jean-Pierre.jpg","articleSection":["Blog","Community"],"inLanguage":"sv-SE"},{"@type":"WebPage","@id":"https:\/\/gradido.net\/mutmacher-jean-pierre\/","url":"https:\/\/gradido.net\/mutmacher-jean-pierre\/","name":"Nyckelstenen i byggandet av en bro - Gradido","isPartOf":{"@id":"https:\/\/gradido.net\/de\/#website"},"primaryImageOfPage":{"@id":"https:\/\/gradido.net\/mutmacher-jean-pierre\/#primaryimage"},"image":{"@id":"https:\/\/gradido.net\/mutmacher-jean-pierre\/#primaryimage"},"thumbnailUrl":"https:\/\/gradido.net\/wp-content\/uploads\/2025\/09\/Jean-Pierre.jpg","datePublished":"2025-09-27T08:48:28+00:00","dateModified":"2026-04-24T05:18:19+00:00","description":"Under mina m\u00e5nga \u00e5r i olika verksamheter har jag insett att de flesta system i v\u00e5rt samh\u00e4lle har en inneboende logik som leder till en o\u00f6nskad utveckling. Som ett resultat av denna missriktade utveckling har vi f\u00f6rlorat v\u00e5ra verkliga m\u00e5l ur sikte och f\u00f6ljt sekund\u00e4ra m\u00e5l som har lett oss vilse.","breadcrumb":{"@id":"https:\/\/gradido.net\/mutmacher-jean-pierre\/#breadcrumb"},"inLanguage":"sv-SE","potentialAction":[{"@type":"ReadAction","target":["https:\/\/gradido.net\/mutmacher-jean-pierre\/"]}]},{"@type":"ImageObject","inLanguage":"sv-SE","@id":"https:\/\/gradido.net\/mutmacher-jean-pierre\/#primaryimage","url":"https:\/\/gradido.net\/wp-content\/uploads\/2025\/09\/Jean-Pierre.jpg","contentUrl":"https:\/\/gradido.net\/wp-content\/uploads\/2025\/09\/Jean-Pierre.jpg","width":1280,"height":720},{"@type":"BreadcrumbList","@id":"https:\/\/gradido.net\/mutmacher-jean-pierre\/#breadcrumb","itemListElement":[{"@type":"ListItem","position":1,"name":"Startseite","item":"https:\/\/gradido.net\/"},{"@type":"ListItem","position":2,"name":"Der Schlussstein beim Bau einer Br\u00fccke"}]},{"@type":"WebSite","@id":"https:\/\/gradido.net\/de\/#website","url":"https:\/\/gradido.net\/de\/","name":"Gradido","description":"Den nya valutan \u00e4r tacksamhet","publisher":{"@id":"https:\/\/gradido.net\/de\/#organization"},"potentialAction":[{"@type":"SearchAction","target":{"@type":"EntryPoint","urlTemplate":"https:\/\/gradido.net\/de\/?s={search_term_string}"},"query-input":{"@type":"PropertyValueSpecification","valueRequired":true,"valueName":"search_term_string"}}],"inLanguage":"sv-SE"},{"@type":"Organization","@id":"https:\/\/gradido.net\/de\/#organization","name":"Gradido","url":"https:\/\/gradido.net\/de\/","logo":{"@type":"ImageObject","inLanguage":"sv-SE","@id":"https:\/\/gradido.net\/de\/#\/schema\/logo\/image\/","url":"https:\/\/gradido.net\/wp-content\/uploads\/2022\/04\/gradido-social.jpg","contentUrl":"https:\/\/gradido.net\/wp-content\/uploads\/2022\/04\/gradido-social.jpg","width":527,"height":273,"caption":"Gradido"},"image":{"@id":"https:\/\/gradido.net\/de\/#\/schema\/logo\/image\/"}},{"@type":"Person","@id":"https:\/\/gradido.net\/de\/#\/schema\/person\/9c503a004ad15a1ddecadce2218db5d1","name":"Bernd H\u00fcckst\u00e4dt","sameAs":["https:\/\/gradido.net"],"url":"https:\/\/gradido.net\/sv\/author\/bernd\/"}]}},"_links":{"self":[{"href":"https:\/\/gradido.net\/sv\/wp-json\/wp\/v2\/posts\/11642","targetHints":{"allow":["GET"]}}],"collection":[{"href":"https:\/\/gradido.net\/sv\/wp-json\/wp\/v2\/posts"}],"about":[{"href":"https:\/\/gradido.net\/sv\/wp-json\/wp\/v2\/types\/post"}],"author":[{"embeddable":true,"href":"https:\/\/gradido.net\/sv\/wp-json\/wp\/v2\/users\/2"}],"replies":[{"embeddable":true,"href":"https:\/\/gradido.net\/sv\/wp-json\/wp\/v2\/comments?post=11642"}],"version-history":[{"count":29,"href":"https:\/\/gradido.net\/sv\/wp-json\/wp\/v2\/posts\/11642\/revisions"}],"predecessor-version":[{"id":11699,"href":"https:\/\/gradido.net\/sv\/wp-json\/wp\/v2\/posts\/11642\/revisions\/11699"}],"wp:featuredmedia":[{"embeddable":true,"href":"https:\/\/gradido.net\/sv\/wp-json\/wp\/v2\/media\/11643"}],"wp:attachment":[{"href":"https:\/\/gradido.net\/sv\/wp-json\/wp\/v2\/media?parent=11642"}],"wp:term":[{"taxonomy":"category","embeddable":true,"href":"https:\/\/gradido.net\/sv\/wp-json\/wp\/v2\/categories?post=11642"},{"taxonomy":"post_tag","embeddable":true,"href":"https:\/\/gradido.net\/sv\/wp-json\/wp\/v2\/tags?post=11642"}],"curies":[{"name":"wp","href":"https:\/\/api.w.org\/{rel}","templated":true}]}}