{"id":11727,"date":"2025-09-30T11:39:04","date_gmt":"2025-09-30T09:39:04","guid":{"rendered":"https:\/\/gradido.net\/?p=11727"},"modified":"2026-04-24T07:16:51","modified_gmt":"2026-04-24T05:16:51","slug":"mutmacher-rolf","status":"publish","type":"post","link":"https:\/\/gradido.net\/sv\/mutmacher-rolf\/","title":{"rendered":"In i samh\u00f6righeten"},"content":{"rendered":"<div data-elementor-type=\"wp-post\" data-elementor-id=\"11727\" class=\"elementor elementor-11727\" data-elementor-post-type=\"post\">\n\t\t\t\t\t\t<section class=\"elementor-section elementor-top-section elementor-element elementor-element-496e1d53 elementor-section-boxed elementor-section-height-default elementor-section-height-default\" data-id=\"496e1d53\" data-element_type=\"section\" data-e-type=\"section\">\n\t\t\t\t\t\t<div class=\"elementor-container elementor-column-gap-default\">\n\t\t\t\t\t<div class=\"elementor-column elementor-col-100 elementor-top-column elementor-element elementor-element-461d7be0\" data-id=\"461d7be0\" data-element_type=\"column\" data-e-type=\"column\">\n\t\t\t<div class=\"elementor-widget-wrap elementor-element-populated\">\n\t\t\t\t\t\t<div class=\"elementor-element elementor-element-cd9ebe2 elementor-widget elementor-widget-text-editor\" data-id=\"cd9ebe2\" data-element_type=\"widget\" data-e-type=\"widget\" data-widget_type=\"text-editor.default\">\n\t\t\t\t<div class=\"elementor-widget-container\">\n\t\t\t\t\t\t\t\t\t<p style=\"text-align: right;\"><em>\"Gradidos vision: en kultur av samh\u00f6righet, pr\u00e4glad av tillit, vitalitet och \u00f6msesidigt st\u00f6d.\"<\/em> <br \/><em>-\u00a0<\/em><i> Rolf Locher<\/i><\/p><div><p>K\u00e4ra Margret, k\u00e4ra Bernd, k\u00e4ra alla,<\/p><p>Jag har varit en del av Gradido i cirka 15 \u00e5r nu - mer i tyst st\u00f6d \u00e4n i synlig handling. Men id\u00e9n har alltid funnits med mig eftersom jag b\u00e4r den i mitt hj\u00e4rta och eftersom den visar mig en djupare sanning som g\u00e5r l\u00e5ngt ut\u00f6ver det gamla monet\u00e4ra systemet.<\/p><h3>Fortfarande f\u00f6rankrade i det gamla systemet<\/h3><p>N\u00e4r jag s\u00e4ger att jag fortfarande \u00e4r starkt f\u00f6rankrad i \"systemet\" s\u00e5 menar jag att jag fortfarande \u00e4r f\u00f6rankrad i \"systemet\": Jag forts\u00e4tter att leva mitt vardagsliv inom de v\u00e4lbekanta strukturerna, med alla de regler, beroenden och begr\u00e4nsningar som detta system medf\u00f6r. Det formar mina tankar, mina handlingar och ibland till och med mina r\u00e4dslor. Men samtidigt k\u00e4nner jag att f\u00f6rankringen h\u00e5ller p\u00e5 att luckras upp - att det \u00f6ppnas nya utrymmen d\u00e4r jag kan agera friare, steg f\u00f6r steg.<\/p><h3>Gemenskap, gl\u00e4dje och inre frihet<\/h3><p>Som vaktm\u00e4stare och boende i ett litet slott n\u00e4ra Solothurn i Schweiz och som skrattyogacoach i \u00f6ver 20 \u00e5r upplever jag dagligen vikten av gemenskap, gl\u00e4dje och inre frihet.<\/p><p><strong>F\u00f6r mig \u00e4r dessa erfarenheter kopplade till Gradidos vision: en kultur av samh\u00f6righet som bygger p\u00e5 tillit, vitalitet och \u00f6msesidigt st\u00f6d.<\/strong><\/p><h3>Redan m\u00e5nga intellektuella deltagare<\/h3><p>Samtidigt har jag inte riktigt f\u00e5tt kl\u00e4m p\u00e5 hur jag ska f\u00f6rankra Gradido h\u00e4r i v\u00e5rt lokala n\u00e4tverk. Jag k\u00e4nner att det redan finns en hel del deltagare i mina tankar - m\u00e4nniskor som l\u00e4nge har g\u00e5tt liknande v\u00e4gar internt. Men var ska man b\u00f6rja? Hur tar man de f\u00f6rsta stegen? F\u00f6r mig \u00e4r ZeitTausch ocks\u00e5 ett sp\u00e4nnande projekt som pekar i samma riktning. Kort sagt: tiden \u00e4r mogen - och jag \u00e4r p\u00e5 v\u00e4g att hitta och g\u00f6ra mitt bidrag.<\/p><h3>In i samh\u00f6righeten<\/h3><p>Och jag kommer - ja, jag \u00e4r redan - att vara en uppmuntrare och ambassad\u00f6r f\u00f6r en m\u00e4nsklig familj p\u00e5 h\u00f6gre niv\u00e5. F\u00f6r det \u00e4r bara den v\u00e4gen som kan leda oss ut ur den separation vi fortfarande upplever och in i den samh\u00f6righet som vi l\u00e4nge har k\u00e4nt i v\u00e5ra hj\u00e4rtan.<\/p><h3>Att forma den nya jorden<\/h3><p>Det \u00e4r just d\u00e4rf\u00f6r Gradidos vision passar min tid, ja v\u00e5r tid, mer \u00e4n n\u00e5gonsin. Den p\u00e5minner mig om att f\u00f6r\u00e4ndring \u00e4r m\u00f6jlig - inte bara \"n\u00e5gon dag\", utan nu. Att vi kan b\u00f6rja forma den nya jorden genom att ta sm\u00e5 steg och arbeta tillsammans.<\/p><p>Tack f\u00f6r att du har h\u00e5llit ut p\u00e5 den h\u00e4r v\u00e4gen och tagit hand om fr\u00f6et under alla dessa \u00e5r. Jag \u00e4r glad \u00f6ver att f\u00e5 vara en del av det och ser fram emot att se hur vi forts\u00e4tter att v\u00e4xa tillsammans.<\/p><p>Med v\u00e4nlig h\u00e4lsning<\/p><p>Rolf<\/p><p><a href=\"https:\/\/www.hoho-hahaha.ch\/\" target=\"_blank\" rel=\"noopener\">https:\/\/www.hoho-hahaha.ch\/<\/a><\/p><p><a href=\"https:\/\/www.peace4mother.org\/\" target=\"_blank\" rel=\"noopener\">https:\/\/www.peace4mother.org\/<\/a><\/p><\/div>\t\t\t\t\t\t\t\t<\/div>\n\t\t\t\t<\/div>\n\t\t\t\t<div class=\"elementor-element elementor-element-db3fa8e elementor-widget-divider--view-line elementor-widget elementor-widget-divider\" data-id=\"db3fa8e\" data-element_type=\"widget\" data-e-type=\"widget\" data-widget_type=\"divider.default\">\n\t\t\t\t<div class=\"elementor-widget-container\">\n\t\t\t\t\t\t\t<div class=\"elementor-divider\">\n\t\t\t<span class=\"elementor-divider-separator\">\n\t\t\t\t\t\t<\/span>\n\t\t<\/div>\n\t\t\t\t\t\t<\/div>\n\t\t\t\t<\/div>\n\t\t\t\t<div class=\"elementor-element elementor-element-d74dfa0 elementor-widget elementor-widget-text-editor\" data-id=\"d74dfa0\" data-element_type=\"widget\" data-e-type=\"widget\" data-widget_type=\"text-editor.default\">\n\t\t\t\t<div class=\"elementor-widget-container\">\n\t\t\t\t\t\t\t\t\t<div data-pm-slice=\"1 1 []\" data-en-clipboard=\"true\"><h4>Kom med oss - vi ser fram emot att h\u00f6ra din ber\u00e4ttelse!<\/h4><p><strong>Skicka din e-post till: <a href=\"mailto:support@gradido.net\">support@gradido.net<\/a><\/strong><\/p><p>Tillsammans v\u00e4xer vi bortom oss sj\u00e4lva!<\/p><p>Med djup tacksamhet och solidaritet<\/p><p><span style=\"font-family: -apple-system, BlinkMacSystemFont, 'Segoe UI', Roboto, 'Helvetica Neue', Arial, 'Noto Sans', sans-serif, 'Apple Color Emoji', 'Segoe UI Emoji', 'Segoe UI Symbol', 'Noto Color Emoji';\">Din<\/span><\/p><\/div><p><img decoding=\"async\" class=\"alignnone wp-image-4614 size-medium\" src=\"https:\/\/gradido.net\/wp-content\/uploads\/2022\/06\/MargretBernd_2022-300x74.png\" alt=\"\" width=\"300\" height=\"74\" srcset=\"https:\/\/gradido.net\/wp-content\/uploads\/2022\/06\/MargretBernd_2022-300x74.png 300w, https:\/\/gradido.net\/wp-content\/uploads\/2022\/06\/MargretBernd_2022-18x4.png 18w, https:\/\/gradido.net\/wp-content\/uploads\/2022\/06\/MargretBernd_2022.png 431w\" sizes=\"(max-width: 300px) 100vw, 300px\" \/><\/p><p>Margret Baier och Bernd H\u00fcckst\u00e4dt<br \/>Gradidos grundare och utvecklare<\/p>\t\t\t\t\t\t\t\t<\/div>\n\t\t\t\t<\/div>\n\t\t\t\t\t<\/div>\n\t\t<\/div>\n\t\t\t\t\t<\/div>\n\t\t<\/section>\n\t\t\t\t<section class=\"elementor-section elementor-top-section elementor-element elementor-element-14532fe elementor-section-boxed elementor-section-height-default elementor-section-height-default\" data-id=\"14532fe\" data-element_type=\"section\" data-e-type=\"section\">\n\t\t\t\t\t\t<div class=\"elementor-container elementor-column-gap-default\">\n\t\t\t\t\t<div class=\"elementor-column elementor-col-100 elementor-top-column elementor-element elementor-element-65d2298\" data-id=\"65d2298\" data-element_type=\"column\" data-e-type=\"column\">\n\t\t\t<div class=\"elementor-widget-wrap elementor-element-populated\">\n\t\t\t\t\t\t<div class=\"elementor-element elementor-element-bea124f elementor-widget elementor-widget-global elementor-global-9341 elementor-widget-text-editor\" data-id=\"bea124f\" data-element_type=\"widget\" data-e-type=\"widget\" data-widget_type=\"text-editor.default\">\n\t\t\t\t<div class=\"elementor-widget-container\">\n\t\t\t\t\t\t\t\t\t<p><strong>PS:\u00a0<span style=\"color: #ff6600;\"><a style=\"color: #ff6600;\" href=\"https:\/\/gradido.net\/sv\/donations\/\">P\u00e5 grund av Gradidos st\u00e4ndigt \u00f6kande betydelse upprepar vi v\u00e5r tacksamhetskampanj den 26 juni 2026:<\/a>\u00a0<\/span><span style=\"color: #0000ff;\"><a style=\"color: #0000ff;\" href=\"https:\/\/gradido.net\/sv\/donations\/\">F\u00f6rutom den multipla GradidoTransform f\u00f6r ditt sponsorbidrag, kommer vi att \u00f6ka alla GDT-kontosaldon med 26% den 26\/06\/2016. Sponsra nu och njut av det multipla beloppet av GDT!<\/a><\/span><\/strong><\/p>\t\t\t\t\t\t\t\t<\/div>\n\t\t\t\t<\/div>\n\t\t\t\t\t<\/div>\n\t\t<\/div>\n\t\t\t\t\t<\/div>\n\t\t<\/section>\n\t\t\t\t<section class=\"elementor-section elementor-top-section elementor-element elementor-element-29dfc07 elementor-section-boxed elementor-section-height-default elementor-section-height-default\" data-id=\"29dfc07\" data-element_type=\"section\" data-e-type=\"section\">\n\t\t\t\t\t\t<div class=\"elementor-container elementor-column-gap-default\">\n\t\t\t\t\t<div class=\"elementor-column elementor-col-100 elementor-top-column elementor-element elementor-element-d37ec5a\" data-id=\"d37ec5a\" data-element_type=\"column\" data-e-type=\"column\">\n\t\t\t<div class=\"elementor-widget-wrap\">\n\t\t\t\t\t\t\t<\/div>\n\t\t<\/div>\n\t\t\t\t\t<\/div>\n\t\t<\/section>\n\t\t\t\t<section class=\"elementor-section elementor-top-section elementor-element elementor-element-b3bbb9b elementor-section-boxed elementor-section-height-default elementor-section-height-default\" data-id=\"b3bbb9b\" data-element_type=\"section\" data-e-type=\"section\">\n\t\t\t\t\t\t<div class=\"elementor-container elementor-column-gap-default\">\n\t\t\t\t\t<div class=\"elementor-column elementor-col-100 elementor-top-column elementor-element elementor-element-a7e88ad\" data-id=\"a7e88ad\" data-element_type=\"column\" data-e-type=\"column\">\n\t\t\t<div class=\"elementor-widget-wrap\">\n\t\t\t\t\t\t\t<\/div>\n\t\t<\/div>\n\t\t\t\t\t<\/div>\n\t\t<\/section>\n\t\t\t\t<\/div>","protected":false},"excerpt":{"rendered":"<p>Gradidos vision passar v\u00e5r tid mer \u00e4n n\u00e5gonsin. Den p\u00e5minner mig om att f\u00f6r\u00e4ndring \u00e4r m\u00f6jlig - inte bara \"n\u00e5gon dag\", utan nu. Att vi kan b\u00f6rja forma den nya jorden genom att ta sm\u00e5 steg och arbeta tillsammans.<\/p>","protected":false},"author":2,"featured_media":11728,"comment_status":"closed","ping_status":"closed","sticky":false,"template":"","format":"standard","meta":{"footnotes":""},"categories":[11,54],"tags":[],"class_list":["post-11727","post","type-post","status-publish","format-standard","has-post-thumbnail","hentry","category-blog","category-community"],"yoast_head":"<!-- This site is optimized with the Yoast SEO plugin v27.5 - https:\/\/yoast.com\/product\/yoast-seo-wordpress\/ -->\n<title>Hinein in die Verbundenheit - Gradido<\/title>\n<meta name=\"description\" content=\"Die Vision von Gradido passt heute mehr denn je in unsere Zeit. Sie erinnert mich daran, dass Wandel m\u00f6glich ist \u2013 nicht erst \u201eirgendwann\u201c, sondern jetzt. Dass wir mit kleinen Schritten und im Miteinander beginnen k\u00f6nnen, die Neue Erde zu gestalten.\" \/>\n<meta name=\"robots\" content=\"index, follow, max-snippet:-1, max-image-preview:large, max-video-preview:-1\" \/>\n<link rel=\"canonical\" href=\"https:\/\/gradido.net\/sv\/mutmacher-rolf\/\" \/>\n<meta property=\"og:locale\" content=\"sv_SE\" \/>\n<meta property=\"og:type\" content=\"article\" \/>\n<meta property=\"og:title\" content=\"Hinein in die Verbundenheit - Gradido\" \/>\n<meta property=\"og:description\" content=\"Die Vision von Gradido passt heute mehr denn je in unsere Zeit. Sie erinnert mich daran, dass Wandel m\u00f6glich ist \u2013 nicht erst \u201eirgendwann\u201c, sondern jetzt. Dass wir mit kleinen Schritten und im Miteinander beginnen k\u00f6nnen, die Neue Erde zu gestalten.\" \/>\n<meta property=\"og:url\" content=\"https:\/\/gradido.net\/sv\/mutmacher-rolf\/\" \/>\n<meta property=\"og:site_name\" content=\"Gradido\" \/>\n<meta property=\"article:published_time\" content=\"2025-09-30T09:39:04+00:00\" \/>\n<meta property=\"article:modified_time\" content=\"2026-04-24T05:16:51+00:00\" \/>\n<meta property=\"og:image\" content=\"https:\/\/gradido.net\/wp-content\/uploads\/2025\/09\/Rolf-Locher-Banner.jpg\" \/>\n\t<meta property=\"og:image:width\" content=\"1280\" \/>\n\t<meta property=\"og:image:height\" content=\"720\" \/>\n\t<meta property=\"og:image:type\" content=\"image\/jpeg\" \/>\n<meta name=\"author\" content=\"Bernd H\u00fcckst\u00e4dt\" \/>\n<meta name=\"twitter:card\" content=\"summary_large_image\" \/>\n<meta name=\"twitter:label1\" content=\"Skriven av\" \/>\n\t<meta name=\"twitter:data1\" content=\"Bernd H\u00fcckst\u00e4dt\" \/>\n\t<meta name=\"twitter:label2\" content=\"Ber\u00e4knad l\u00e4stid\" \/>\n\t<meta name=\"twitter:data2\" content=\"4 minuter\" \/>\n<script type=\"application\/ld+json\" class=\"yoast-schema-graph\">{\"@context\":\"https:\\\/\\\/schema.org\",\"@graph\":[{\"@type\":\"Article\",\"@id\":\"https:\\\/\\\/gradido.net\\\/mutmacher-rolf\\\/#article\",\"isPartOf\":{\"@id\":\"https:\\\/\\\/gradido.net\\\/mutmacher-rolf\\\/\"},\"author\":{\"name\":\"Bernd H\u00fcckst\u00e4dt\",\"@id\":\"https:\\\/\\\/gradido.net\\\/de\\\/#\\\/schema\\\/person\\\/9c503a004ad15a1ddecadce2218db5d1\"},\"headline\":\"Hinein in die Verbundenheit\",\"datePublished\":\"2025-09-30T09:39:04+00:00\",\"dateModified\":\"2026-04-24T05:16:51+00:00\",\"mainEntityOfPage\":{\"@id\":\"https:\\\/\\\/gradido.net\\\/mutmacher-rolf\\\/\"},\"wordCount\":520,\"publisher\":{\"@id\":\"https:\\\/\\\/gradido.net\\\/de\\\/#organization\"},\"image\":{\"@id\":\"https:\\\/\\\/gradido.net\\\/mutmacher-rolf\\\/#primaryimage\"},\"thumbnailUrl\":\"https:\\\/\\\/gradido.net\\\/wp-content\\\/uploads\\\/2025\\\/09\\\/Rolf-Locher-Banner.jpg\",\"articleSection\":[\"Blog\",\"Community\"],\"inLanguage\":\"sv-SE\"},{\"@type\":\"WebPage\",\"@id\":\"https:\\\/\\\/gradido.net\\\/mutmacher-rolf\\\/\",\"url\":\"https:\\\/\\\/gradido.net\\\/mutmacher-rolf\\\/\",\"name\":\"Hinein in die Verbundenheit - Gradido\",\"isPartOf\":{\"@id\":\"https:\\\/\\\/gradido.net\\\/de\\\/#website\"},\"primaryImageOfPage\":{\"@id\":\"https:\\\/\\\/gradido.net\\\/mutmacher-rolf\\\/#primaryimage\"},\"image\":{\"@id\":\"https:\\\/\\\/gradido.net\\\/mutmacher-rolf\\\/#primaryimage\"},\"thumbnailUrl\":\"https:\\\/\\\/gradido.net\\\/wp-content\\\/uploads\\\/2025\\\/09\\\/Rolf-Locher-Banner.jpg\",\"datePublished\":\"2025-09-30T09:39:04+00:00\",\"dateModified\":\"2026-04-24T05:16:51+00:00\",\"description\":\"Die Vision von Gradido passt heute mehr denn je in unsere Zeit. Sie erinnert mich daran, dass Wandel m\u00f6glich ist \u2013 nicht erst \u201eirgendwann\u201c, sondern jetzt. Dass wir mit kleinen Schritten und im Miteinander beginnen k\u00f6nnen, die Neue Erde zu gestalten.\",\"breadcrumb\":{\"@id\":\"https:\\\/\\\/gradido.net\\\/mutmacher-rolf\\\/#breadcrumb\"},\"inLanguage\":\"sv-SE\",\"potentialAction\":[{\"@type\":\"ReadAction\",\"target\":[\"https:\\\/\\\/gradido.net\\\/mutmacher-rolf\\\/\"]}]},{\"@type\":\"ImageObject\",\"inLanguage\":\"sv-SE\",\"@id\":\"https:\\\/\\\/gradido.net\\\/mutmacher-rolf\\\/#primaryimage\",\"url\":\"https:\\\/\\\/gradido.net\\\/wp-content\\\/uploads\\\/2025\\\/09\\\/Rolf-Locher-Banner.jpg\",\"contentUrl\":\"https:\\\/\\\/gradido.net\\\/wp-content\\\/uploads\\\/2025\\\/09\\\/Rolf-Locher-Banner.jpg\",\"width\":1280,\"height\":720},{\"@type\":\"BreadcrumbList\",\"@id\":\"https:\\\/\\\/gradido.net\\\/mutmacher-rolf\\\/#breadcrumb\",\"itemListElement\":[{\"@type\":\"ListItem\",\"position\":1,\"name\":\"Startseite\",\"item\":\"https:\\\/\\\/gradido.net\\\/\"},{\"@type\":\"ListItem\",\"position\":2,\"name\":\"Hinein in die Verbundenheit\"}]},{\"@type\":\"WebSite\",\"@id\":\"https:\\\/\\\/gradido.net\\\/de\\\/#website\",\"url\":\"https:\\\/\\\/gradido.net\\\/de\\\/\",\"name\":\"Gradido\",\"description\":\"Die neue W\u00e4hrung hei\u00dft Dankbarkeit\",\"publisher\":{\"@id\":\"https:\\\/\\\/gradido.net\\\/de\\\/#organization\"},\"potentialAction\":[{\"@type\":\"SearchAction\",\"target\":{\"@type\":\"EntryPoint\",\"urlTemplate\":\"https:\\\/\\\/gradido.net\\\/de\\\/?s={search_term_string}\"},\"query-input\":{\"@type\":\"PropertyValueSpecification\",\"valueRequired\":true,\"valueName\":\"search_term_string\"}}],\"inLanguage\":\"sv-SE\"},{\"@type\":\"Organization\",\"@id\":\"https:\\\/\\\/gradido.net\\\/de\\\/#organization\",\"name\":\"Gradido\",\"url\":\"https:\\\/\\\/gradido.net\\\/de\\\/\",\"logo\":{\"@type\":\"ImageObject\",\"inLanguage\":\"sv-SE\",\"@id\":\"https:\\\/\\\/gradido.net\\\/de\\\/#\\\/schema\\\/logo\\\/image\\\/\",\"url\":\"https:\\\/\\\/gradido.net\\\/wp-content\\\/uploads\\\/2022\\\/04\\\/gradido-social.jpg\",\"contentUrl\":\"https:\\\/\\\/gradido.net\\\/wp-content\\\/uploads\\\/2022\\\/04\\\/gradido-social.jpg\",\"width\":527,\"height\":273,\"caption\":\"Gradido\"},\"image\":{\"@id\":\"https:\\\/\\\/gradido.net\\\/de\\\/#\\\/schema\\\/logo\\\/image\\\/\"}},{\"@type\":\"Person\",\"@id\":\"https:\\\/\\\/gradido.net\\\/de\\\/#\\\/schema\\\/person\\\/9c503a004ad15a1ddecadce2218db5d1\",\"name\":\"Bernd H\u00fcckst\u00e4dt\",\"sameAs\":[\"https:\\\/\\\/gradido.net\"],\"url\":\"https:\\\/\\\/gradido.net\\\/sv\\\/author\\\/bernd\\\/\"}]}<\/script>\n<!-- \/ Yoast SEO plugin. -->","yoast_head_json":{"title":"In i samh\u00f6righet - Gradido","description":"Gradidos vision passar v\u00e5r tid mer \u00e4n n\u00e5gonsin. Den p\u00e5minner mig om att f\u00f6r\u00e4ndring \u00e4r m\u00f6jlig - inte bara \"n\u00e5gon dag\", utan nu. Att vi kan b\u00f6rja forma den nya jorden genom att ta sm\u00e5 steg och arbeta tillsammans.","robots":{"index":"index","follow":"follow","max-snippet":"max-snippet:-1","max-image-preview":"max-image-preview:large","max-video-preview":"max-video-preview:-1"},"canonical":"https:\/\/gradido.net\/sv\/mutmacher-rolf\/","og_locale":"sv_SE","og_type":"article","og_title":"Hinein in die Verbundenheit - Gradido","og_description":"Die Vision von Gradido passt heute mehr denn je in unsere Zeit. Sie erinnert mich daran, dass Wandel m\u00f6glich ist \u2013 nicht erst \u201eirgendwann\u201c, sondern jetzt. Dass wir mit kleinen Schritten und im Miteinander beginnen k\u00f6nnen, die Neue Erde zu gestalten.","og_url":"https:\/\/gradido.net\/sv\/mutmacher-rolf\/","og_site_name":"Gradido","article_published_time":"2025-09-30T09:39:04+00:00","article_modified_time":"2026-04-24T05:16:51+00:00","og_image":[{"width":1280,"height":720,"url":"https:\/\/gradido.net\/wp-content\/uploads\/2025\/09\/Rolf-Locher-Banner.jpg","type":"image\/jpeg"}],"author":"Bernd H\u00fcckst\u00e4dt","twitter_card":"summary_large_image","twitter_misc":{"Skriven av":"Bernd H\u00fcckst\u00e4dt","Ber\u00e4knad l\u00e4stid":"4 minuter"},"schema":{"@context":"https:\/\/schema.org","@graph":[{"@type":"Article","@id":"https:\/\/gradido.net\/mutmacher-rolf\/#article","isPartOf":{"@id":"https:\/\/gradido.net\/mutmacher-rolf\/"},"author":{"name":"Bernd H\u00fcckst\u00e4dt","@id":"https:\/\/gradido.net\/de\/#\/schema\/person\/9c503a004ad15a1ddecadce2218db5d1"},"headline":"Hinein in die Verbundenheit","datePublished":"2025-09-30T09:39:04+00:00","dateModified":"2026-04-24T05:16:51+00:00","mainEntityOfPage":{"@id":"https:\/\/gradido.net\/mutmacher-rolf\/"},"wordCount":520,"publisher":{"@id":"https:\/\/gradido.net\/de\/#organization"},"image":{"@id":"https:\/\/gradido.net\/mutmacher-rolf\/#primaryimage"},"thumbnailUrl":"https:\/\/gradido.net\/wp-content\/uploads\/2025\/09\/Rolf-Locher-Banner.jpg","articleSection":["Blog","Community"],"inLanguage":"sv-SE"},{"@type":"WebPage","@id":"https:\/\/gradido.net\/mutmacher-rolf\/","url":"https:\/\/gradido.net\/mutmacher-rolf\/","name":"In i samh\u00f6righet - Gradido","isPartOf":{"@id":"https:\/\/gradido.net\/de\/#website"},"primaryImageOfPage":{"@id":"https:\/\/gradido.net\/mutmacher-rolf\/#primaryimage"},"image":{"@id":"https:\/\/gradido.net\/mutmacher-rolf\/#primaryimage"},"thumbnailUrl":"https:\/\/gradido.net\/wp-content\/uploads\/2025\/09\/Rolf-Locher-Banner.jpg","datePublished":"2025-09-30T09:39:04+00:00","dateModified":"2026-04-24T05:16:51+00:00","description":"Gradidos vision passar v\u00e5r tid mer \u00e4n n\u00e5gonsin. Den p\u00e5minner mig om att f\u00f6r\u00e4ndring \u00e4r m\u00f6jlig - inte bara \"n\u00e5gon dag\", utan nu. Att vi kan b\u00f6rja forma den nya jorden genom att ta sm\u00e5 steg och arbeta tillsammans.","breadcrumb":{"@id":"https:\/\/gradido.net\/mutmacher-rolf\/#breadcrumb"},"inLanguage":"sv-SE","potentialAction":[{"@type":"ReadAction","target":["https:\/\/gradido.net\/mutmacher-rolf\/"]}]},{"@type":"ImageObject","inLanguage":"sv-SE","@id":"https:\/\/gradido.net\/mutmacher-rolf\/#primaryimage","url":"https:\/\/gradido.net\/wp-content\/uploads\/2025\/09\/Rolf-Locher-Banner.jpg","contentUrl":"https:\/\/gradido.net\/wp-content\/uploads\/2025\/09\/Rolf-Locher-Banner.jpg","width":1280,"height":720},{"@type":"BreadcrumbList","@id":"https:\/\/gradido.net\/mutmacher-rolf\/#breadcrumb","itemListElement":[{"@type":"ListItem","position":1,"name":"Startseite","item":"https:\/\/gradido.net\/"},{"@type":"ListItem","position":2,"name":"Hinein in die Verbundenheit"}]},{"@type":"WebSite","@id":"https:\/\/gradido.net\/de\/#website","url":"https:\/\/gradido.net\/de\/","name":"Gradido","description":"Den nya valutan \u00e4r tacksamhet","publisher":{"@id":"https:\/\/gradido.net\/de\/#organization"},"potentialAction":[{"@type":"SearchAction","target":{"@type":"EntryPoint","urlTemplate":"https:\/\/gradido.net\/de\/?s={search_term_string}"},"query-input":{"@type":"PropertyValueSpecification","valueRequired":true,"valueName":"search_term_string"}}],"inLanguage":"sv-SE"},{"@type":"Organization","@id":"https:\/\/gradido.net\/de\/#organization","name":"Gradido","url":"https:\/\/gradido.net\/de\/","logo":{"@type":"ImageObject","inLanguage":"sv-SE","@id":"https:\/\/gradido.net\/de\/#\/schema\/logo\/image\/","url":"https:\/\/gradido.net\/wp-content\/uploads\/2022\/04\/gradido-social.jpg","contentUrl":"https:\/\/gradido.net\/wp-content\/uploads\/2022\/04\/gradido-social.jpg","width":527,"height":273,"caption":"Gradido"},"image":{"@id":"https:\/\/gradido.net\/de\/#\/schema\/logo\/image\/"}},{"@type":"Person","@id":"https:\/\/gradido.net\/de\/#\/schema\/person\/9c503a004ad15a1ddecadce2218db5d1","name":"Bernd H\u00fcckst\u00e4dt","sameAs":["https:\/\/gradido.net"],"url":"https:\/\/gradido.net\/sv\/author\/bernd\/"}]}},"_links":{"self":[{"href":"https:\/\/gradido.net\/sv\/wp-json\/wp\/v2\/posts\/11727","targetHints":{"allow":["GET"]}}],"collection":[{"href":"https:\/\/gradido.net\/sv\/wp-json\/wp\/v2\/posts"}],"about":[{"href":"https:\/\/gradido.net\/sv\/wp-json\/wp\/v2\/types\/post"}],"author":[{"embeddable":true,"href":"https:\/\/gradido.net\/sv\/wp-json\/wp\/v2\/users\/2"}],"replies":[{"embeddable":true,"href":"https:\/\/gradido.net\/sv\/wp-json\/wp\/v2\/comments?post=11727"}],"version-history":[{"count":15,"href":"https:\/\/gradido.net\/sv\/wp-json\/wp\/v2\/posts\/11727\/revisions"}],"predecessor-version":[{"id":13569,"href":"https:\/\/gradido.net\/sv\/wp-json\/wp\/v2\/posts\/11727\/revisions\/13569"}],"wp:featuredmedia":[{"embeddable":true,"href":"https:\/\/gradido.net\/sv\/wp-json\/wp\/v2\/media\/11728"}],"wp:attachment":[{"href":"https:\/\/gradido.net\/sv\/wp-json\/wp\/v2\/media?parent=11727"}],"wp:term":[{"taxonomy":"category","embeddable":true,"href":"https:\/\/gradido.net\/sv\/wp-json\/wp\/v2\/categories?post=11727"},{"taxonomy":"post_tag","embeddable":true,"href":"https:\/\/gradido.net\/sv\/wp-json\/wp\/v2\/tags?post=11727"}],"curies":[{"name":"wp","href":"https:\/\/api.w.org\/{rel}","templated":true}]}}