{"id":11747,"date":"2025-10-01T11:12:11","date_gmt":"2025-10-01T09:12:11","guid":{"rendered":"https:\/\/gradido.net\/?p=11747"},"modified":"2026-04-24T07:15:52","modified_gmt":"2026-04-24T05:15:52","slug":"mutmacher-michael","status":"publish","type":"post","link":"https:\/\/gradido.net\/sv\/mutmacher-michael\/","title":{"rendered":"Dr\u00f6mmen om en r\u00e4ttvis och fredlig v\u00e4rld"},"content":{"rendered":"<div data-elementor-type=\"wp-post\" data-elementor-id=\"11747\" class=\"elementor elementor-11747\" data-elementor-post-type=\"post\">\n\t\t\t\t\t\t<section class=\"elementor-section elementor-top-section elementor-element elementor-element-496e1d53 elementor-section-boxed elementor-section-height-default elementor-section-height-default\" data-id=\"496e1d53\" data-element_type=\"section\" data-e-type=\"section\">\n\t\t\t\t\t\t<div class=\"elementor-container elementor-column-gap-default\">\n\t\t\t\t\t<div class=\"elementor-column elementor-col-100 elementor-top-column elementor-element elementor-element-461d7be0\" data-id=\"461d7be0\" data-element_type=\"column\" data-e-type=\"column\">\n\t\t\t<div class=\"elementor-widget-wrap elementor-element-populated\">\n\t\t\t\t\t\t<div class=\"elementor-element elementor-element-cd9ebe2 elementor-widget elementor-widget-text-editor\" data-id=\"cd9ebe2\" data-element_type=\"widget\" data-e-type=\"widget\" data-widget_type=\"text-editor.default\">\n\t\t\t\t<div class=\"elementor-widget-container\">\n\t\t\t\t\t\t\t\t\t<p style=\"text-align: right;\"><em>\"Det som tilltalar mig mest med Gradido \u00e4r principen om tacksamhet - och visionen om en fredlig ekonomisk verksamhet.\"<\/em> <br \/><em>-\u00a0<\/em><i> Michael Rothe<\/i><\/p><div><p>K\u00e4ra Margret, k\u00e4ra Bernd,<\/p><p>Jag uppt\u00e4ckte Gradido p\u00e5 internet f\u00f6r en tid sedan och blev genast ber\u00f6rd av deras vision. Att inte bara avf\u00e4rda samh\u00e4llsviktigt arbete med ett \"hedersamt tack\", utan ocks\u00e5 skapa en verklig och r\u00e4ttvis ers\u00e4ttning f\u00f6r det, tycker jag \u00e4r s\u00e4rskilt sp\u00e4nnande och r\u00e4ttvist.<\/p><h3>Underbar anslutning till Gradido<\/h3><p>Med mitt mentorprogram \"ERf\u00fcllt Leben\" vill jag ge m\u00e4nniskor m\u00f6jlighet att hitta sin plats i samh\u00e4llet. Det \u00e4r viktigt f\u00f6r mig att de inte bara upplever inre tillfredsst\u00e4llelse utan ocks\u00e5 f\u00e5r ett ekonomiskt erk\u00e4nnande, som i sin tur kan vara en v\u00e4lsignelse f\u00f6r andra. Det \u00e4r just h\u00e4r jag ser en fantastisk koppling till Gradido.<\/p><h3>Dr\u00f6mmen om en r\u00e4ttvis och fredlig v\u00e4rld...<\/h3><p>Min djupaste drivkraft \u00e4r min tro p\u00e5 Jesus Kristus. Jag vill f\u00f6ra vidare den v\u00e4lsignelse som jag f\u00e5r av honom. Det \u00e4r f\u00f6rst n\u00e4r vi inser att det bara \u00e4r genom Guds n\u00e5d som vi kan handla verkligt r\u00e4ttf\u00e4rdigt som dr\u00f6mmen om en r\u00e4ttvis och fredlig v\u00e4rld kan bli verklighet.<\/p><h3>...blir p\u00e5taglig med Gradido<\/h3><p>Det som tilltalar mig mest med Gradido \u00e4r principen om tacksamhet - och visionen om en fredlig ekonomi. Jag skulle vilja se en v\u00e4rld d\u00e4r samarbete g\u00e5r f\u00f6re konkurrens och d\u00e4r sunda samh\u00e4llen v\u00e4xer fram. Gradido verkar g\u00f6ra denna dr\u00f6m mer p\u00e5taglig.<\/p><p>Tack f\u00f6r att du startade denna r\u00f6relse!<\/p><p>Med v\u00e4nliga h\u00e4lsningar<br \/>Michael Rothe<\/p><p><a href=\"https:\/\/www.micharothe.de\/\" target=\"_blank\" rel=\"noopener\">https:\/\/www.micharothe.de\/<\/a><\/p><\/div>\t\t\t\t\t\t\t\t<\/div>\n\t\t\t\t<\/div>\n\t\t\t\t<div class=\"elementor-element elementor-element-db3fa8e elementor-widget-divider--view-line elementor-widget elementor-widget-divider\" data-id=\"db3fa8e\" data-element_type=\"widget\" data-e-type=\"widget\" data-widget_type=\"divider.default\">\n\t\t\t\t<div class=\"elementor-widget-container\">\n\t\t\t\t\t\t\t<div class=\"elementor-divider\">\n\t\t\t<span class=\"elementor-divider-separator\">\n\t\t\t\t\t\t<\/span>\n\t\t<\/div>\n\t\t\t\t\t\t<\/div>\n\t\t\t\t<\/div>\n\t\t\t\t<div class=\"elementor-element elementor-element-d74dfa0 elementor-widget elementor-widget-text-editor\" data-id=\"d74dfa0\" data-element_type=\"widget\" data-e-type=\"widget\" data-widget_type=\"text-editor.default\">\n\t\t\t\t<div class=\"elementor-widget-container\">\n\t\t\t\t\t\t\t\t\t<div data-pm-slice=\"1 1 []\" data-en-clipboard=\"true\"><h4>Kom med oss - vi ser fram emot att h\u00f6ra din ber\u00e4ttelse!<\/h4><p><strong>Skicka din e-post till: <a href=\"mailto:support@gradido.net\">support@gradido.net<\/a><\/strong><\/p><p>Tillsammans v\u00e4xer vi bortom oss sj\u00e4lva!<\/p><p>Med djup tacksamhet och solidaritet<\/p><p><span style=\"font-family: -apple-system, BlinkMacSystemFont, 'Segoe UI', Roboto, 'Helvetica Neue', Arial, 'Noto Sans', sans-serif, 'Apple Color Emoji', 'Segoe UI Emoji', 'Segoe UI Symbol', 'Noto Color Emoji';\">Din<\/span><\/p><\/div><p><img decoding=\"async\" class=\"alignnone wp-image-4614 size-medium\" src=\"https:\/\/gradido.net\/wp-content\/uploads\/2022\/06\/MargretBernd_2022-300x74.png\" alt=\"\" width=\"300\" height=\"74\" srcset=\"https:\/\/gradido.net\/wp-content\/uploads\/2022\/06\/MargretBernd_2022-300x74.png 300w, https:\/\/gradido.net\/wp-content\/uploads\/2022\/06\/MargretBernd_2022-18x4.png 18w, https:\/\/gradido.net\/wp-content\/uploads\/2022\/06\/MargretBernd_2022.png 431w\" sizes=\"(max-width: 300px) 100vw, 300px\" \/><\/p><p>Margret Baier och Bernd H\u00fcckst\u00e4dt<br \/>Gradidos grundare och utvecklare<\/p>\t\t\t\t\t\t\t\t<\/div>\n\t\t\t\t<\/div>\n\t\t\t\t\t<\/div>\n\t\t<\/div>\n\t\t\t\t\t<\/div>\n\t\t<\/section>\n\t\t\t\t<section class=\"elementor-section elementor-top-section elementor-element elementor-element-14532fe elementor-section-boxed elementor-section-height-default elementor-section-height-default\" data-id=\"14532fe\" data-element_type=\"section\" data-e-type=\"section\">\n\t\t\t\t\t\t<div class=\"elementor-container elementor-column-gap-default\">\n\t\t\t\t\t<div class=\"elementor-column elementor-col-100 elementor-top-column elementor-element elementor-element-65d2298\" data-id=\"65d2298\" data-element_type=\"column\" data-e-type=\"column\">\n\t\t\t<div class=\"elementor-widget-wrap elementor-element-populated\">\n\t\t\t\t\t\t<div class=\"elementor-element elementor-element-bea124f elementor-widget elementor-widget-global elementor-global-9341 elementor-widget-text-editor\" data-id=\"bea124f\" data-element_type=\"widget\" data-e-type=\"widget\" data-widget_type=\"text-editor.default\">\n\t\t\t\t<div class=\"elementor-widget-container\">\n\t\t\t\t\t\t\t\t\t<p><strong>PS:\u00a0<span style=\"color: #ff6600;\"><a style=\"color: #ff6600;\" href=\"https:\/\/gradido.net\/sv\/donations\/\">P\u00e5 grund av Gradidos st\u00e4ndigt \u00f6kande betydelse upprepar vi v\u00e5r tacksamhetskampanj den 26 juni 2026:<\/a>\u00a0<\/span><span style=\"color: #0000ff;\"><a style=\"color: #0000ff;\" href=\"https:\/\/gradido.net\/sv\/donations\/\">F\u00f6rutom den multipla GradidoTransform f\u00f6r ditt sponsorbidrag, kommer vi att \u00f6ka alla GDT-kontosaldon med 26% den 26\/06\/2016. Sponsra nu och njut av det multipla beloppet av GDT!<\/a><\/span><\/strong><\/p>\t\t\t\t\t\t\t\t<\/div>\n\t\t\t\t<\/div>\n\t\t\t\t\t<\/div>\n\t\t<\/div>\n\t\t\t\t\t<\/div>\n\t\t<\/section>\n\t\t\t\t<section class=\"elementor-section elementor-top-section elementor-element elementor-element-29dfc07 elementor-section-boxed elementor-section-height-default elementor-section-height-default\" data-id=\"29dfc07\" data-element_type=\"section\" data-e-type=\"section\">\n\t\t\t\t\t\t<div class=\"elementor-container elementor-column-gap-default\">\n\t\t\t\t\t<div class=\"elementor-column elementor-col-100 elementor-top-column elementor-element elementor-element-d37ec5a\" data-id=\"d37ec5a\" data-element_type=\"column\" data-e-type=\"column\">\n\t\t\t<div class=\"elementor-widget-wrap\">\n\t\t\t\t\t\t\t<\/div>\n\t\t<\/div>\n\t\t\t\t\t<\/div>\n\t\t<\/section>\n\t\t\t\t<section class=\"elementor-section elementor-top-section elementor-element elementor-element-b3bbb9b elementor-section-boxed elementor-section-height-default elementor-section-height-default\" data-id=\"b3bbb9b\" data-element_type=\"section\" data-e-type=\"section\">\n\t\t\t\t\t\t<div class=\"elementor-container elementor-column-gap-default\">\n\t\t\t\t\t<div class=\"elementor-column elementor-col-100 elementor-top-column elementor-element elementor-element-a7e88ad\" data-id=\"a7e88ad\" data-element_type=\"column\" data-e-type=\"column\">\n\t\t\t<div class=\"elementor-widget-wrap\">\n\t\t\t\t\t\t\t<\/div>\n\t\t<\/div>\n\t\t\t\t\t<\/div>\n\t\t<\/section>\n\t\t\t\t<\/div>","protected":false},"excerpt":{"rendered":"<p>Det som tilltalar mig mest med Gradido \u00e4r principen om tacksamhet - och visionen om en fredlig ekonomi. Jag skulle vilja se en v\u00e4rld d\u00e4r samarbete g\u00e5r f\u00f6re konkurrens och d\u00e4r sunda samh\u00e4llen v\u00e4xer fram. Med Gradido k\u00e4nns den dr\u00f6mmen p\u00e5taglig.<\/p>","protected":false},"author":2,"featured_media":11749,"comment_status":"closed","ping_status":"closed","sticky":false,"template":"","format":"standard","meta":{"footnotes":""},"categories":[11,54],"tags":[],"class_list":["post-11747","post","type-post","status-publish","format-standard","has-post-thumbnail","hentry","category-blog","category-community"],"yoast_head":"<!-- This site is optimized with the Yoast SEO plugin v27.5 - https:\/\/yoast.com\/product\/yoast-seo-wordpress\/ -->\n<title>Der Traum einer gerechten friedvollen Welt - Gradido<\/title>\n<meta name=\"description\" content=\"Am meisten spricht mich an Gradido das Prinzip der Dankbarkeit an \u2013 und die Vision eines friedvollen Wirtschaftens. Ich w\u00fcnsche mir eine Welt, in der Kooperation vor Konkurrenz steht und in der gesunde Gemeinschaften wachsen. Mit Gradido scheint dieser Traum greifbar zu werden.\" \/>\n<meta name=\"robots\" content=\"index, follow, max-snippet:-1, max-image-preview:large, max-video-preview:-1\" \/>\n<link rel=\"canonical\" href=\"https:\/\/gradido.net\/sv\/mutmacher-michael\/\" \/>\n<meta property=\"og:locale\" content=\"sv_SE\" \/>\n<meta property=\"og:type\" content=\"article\" \/>\n<meta property=\"og:title\" content=\"Der Traum einer gerechten friedvollen Welt - Gradido\" \/>\n<meta property=\"og:description\" content=\"Am meisten spricht mich an Gradido das Prinzip der Dankbarkeit an \u2013 und die Vision eines friedvollen Wirtschaftens. Ich w\u00fcnsche mir eine Welt, in der Kooperation vor Konkurrenz steht und in der gesunde Gemeinschaften wachsen. Mit Gradido scheint dieser Traum greifbar zu werden.\" \/>\n<meta property=\"og:url\" content=\"https:\/\/gradido.net\/sv\/mutmacher-michael\/\" \/>\n<meta property=\"og:site_name\" content=\"Gradido\" \/>\n<meta property=\"article:published_time\" content=\"2025-10-01T09:12:11+00:00\" \/>\n<meta property=\"article:modified_time\" content=\"2026-04-24T05:15:52+00:00\" \/>\n<meta property=\"og:image\" content=\"https:\/\/gradido.net\/wp-content\/uploads\/2025\/10\/Michael_Rothe_Banner.jpg\" \/>\n\t<meta property=\"og:image:width\" content=\"1280\" \/>\n\t<meta property=\"og:image:height\" content=\"720\" \/>\n\t<meta property=\"og:image:type\" content=\"image\/jpeg\" \/>\n<meta name=\"author\" content=\"Bernd H\u00fcckst\u00e4dt\" \/>\n<meta name=\"twitter:card\" content=\"summary_large_image\" \/>\n<meta name=\"twitter:label1\" content=\"Skriven av\" \/>\n\t<meta name=\"twitter:data1\" content=\"Bernd H\u00fcckst\u00e4dt\" \/>\n\t<meta name=\"twitter:label2\" content=\"Ber\u00e4knad l\u00e4stid\" \/>\n\t<meta name=\"twitter:data2\" content=\"3 minuter\" \/>\n<script type=\"application\/ld+json\" class=\"yoast-schema-graph\">{\"@context\":\"https:\\\/\\\/schema.org\",\"@graph\":[{\"@type\":\"Article\",\"@id\":\"https:\\\/\\\/gradido.net\\\/mutmacher-michael\\\/#article\",\"isPartOf\":{\"@id\":\"https:\\\/\\\/gradido.net\\\/mutmacher-michael\\\/\"},\"author\":{\"name\":\"Bernd H\u00fcckst\u00e4dt\",\"@id\":\"https:\\\/\\\/gradido.net\\\/de\\\/#\\\/schema\\\/person\\\/9c503a004ad15a1ddecadce2218db5d1\"},\"headline\":\"Der Traum einer gerechten friedvollen Welt\",\"datePublished\":\"2025-10-01T09:12:11+00:00\",\"dateModified\":\"2026-04-24T05:15:52+00:00\",\"mainEntityOfPage\":{\"@id\":\"https:\\\/\\\/gradido.net\\\/mutmacher-michael\\\/\"},\"wordCount\":340,\"publisher\":{\"@id\":\"https:\\\/\\\/gradido.net\\\/de\\\/#organization\"},\"image\":{\"@id\":\"https:\\\/\\\/gradido.net\\\/mutmacher-michael\\\/#primaryimage\"},\"thumbnailUrl\":\"https:\\\/\\\/gradido.net\\\/wp-content\\\/uploads\\\/2025\\\/10\\\/Michael_Rothe_Banner.jpg\",\"articleSection\":[\"Blog\",\"Community\"],\"inLanguage\":\"sv-SE\"},{\"@type\":\"WebPage\",\"@id\":\"https:\\\/\\\/gradido.net\\\/mutmacher-michael\\\/\",\"url\":\"https:\\\/\\\/gradido.net\\\/mutmacher-michael\\\/\",\"name\":\"Der Traum einer gerechten friedvollen Welt - Gradido\",\"isPartOf\":{\"@id\":\"https:\\\/\\\/gradido.net\\\/de\\\/#website\"},\"primaryImageOfPage\":{\"@id\":\"https:\\\/\\\/gradido.net\\\/mutmacher-michael\\\/#primaryimage\"},\"image\":{\"@id\":\"https:\\\/\\\/gradido.net\\\/mutmacher-michael\\\/#primaryimage\"},\"thumbnailUrl\":\"https:\\\/\\\/gradido.net\\\/wp-content\\\/uploads\\\/2025\\\/10\\\/Michael_Rothe_Banner.jpg\",\"datePublished\":\"2025-10-01T09:12:11+00:00\",\"dateModified\":\"2026-04-24T05:15:52+00:00\",\"description\":\"Am meisten spricht mich an Gradido das Prinzip der Dankbarkeit an \u2013 und die Vision eines friedvollen Wirtschaftens. Ich w\u00fcnsche mir eine Welt, in der Kooperation vor Konkurrenz steht und in der gesunde Gemeinschaften wachsen. Mit Gradido scheint dieser Traum greifbar zu werden.\",\"breadcrumb\":{\"@id\":\"https:\\\/\\\/gradido.net\\\/mutmacher-michael\\\/#breadcrumb\"},\"inLanguage\":\"sv-SE\",\"potentialAction\":[{\"@type\":\"ReadAction\",\"target\":[\"https:\\\/\\\/gradido.net\\\/mutmacher-michael\\\/\"]}]},{\"@type\":\"ImageObject\",\"inLanguage\":\"sv-SE\",\"@id\":\"https:\\\/\\\/gradido.net\\\/mutmacher-michael\\\/#primaryimage\",\"url\":\"https:\\\/\\\/gradido.net\\\/wp-content\\\/uploads\\\/2025\\\/10\\\/Michael_Rothe_Banner.jpg\",\"contentUrl\":\"https:\\\/\\\/gradido.net\\\/wp-content\\\/uploads\\\/2025\\\/10\\\/Michael_Rothe_Banner.jpg\",\"width\":1280,\"height\":720},{\"@type\":\"BreadcrumbList\",\"@id\":\"https:\\\/\\\/gradido.net\\\/mutmacher-michael\\\/#breadcrumb\",\"itemListElement\":[{\"@type\":\"ListItem\",\"position\":1,\"name\":\"Startseite\",\"item\":\"https:\\\/\\\/gradido.net\\\/\"},{\"@type\":\"ListItem\",\"position\":2,\"name\":\"Der Traum einer gerechten friedvollen Welt\"}]},{\"@type\":\"WebSite\",\"@id\":\"https:\\\/\\\/gradido.net\\\/de\\\/#website\",\"url\":\"https:\\\/\\\/gradido.net\\\/de\\\/\",\"name\":\"Gradido\",\"description\":\"Die neue W\u00e4hrung hei\u00dft Dankbarkeit\",\"publisher\":{\"@id\":\"https:\\\/\\\/gradido.net\\\/de\\\/#organization\"},\"potentialAction\":[{\"@type\":\"SearchAction\",\"target\":{\"@type\":\"EntryPoint\",\"urlTemplate\":\"https:\\\/\\\/gradido.net\\\/de\\\/?s={search_term_string}\"},\"query-input\":{\"@type\":\"PropertyValueSpecification\",\"valueRequired\":true,\"valueName\":\"search_term_string\"}}],\"inLanguage\":\"sv-SE\"},{\"@type\":\"Organization\",\"@id\":\"https:\\\/\\\/gradido.net\\\/de\\\/#organization\",\"name\":\"Gradido\",\"url\":\"https:\\\/\\\/gradido.net\\\/de\\\/\",\"logo\":{\"@type\":\"ImageObject\",\"inLanguage\":\"sv-SE\",\"@id\":\"https:\\\/\\\/gradido.net\\\/de\\\/#\\\/schema\\\/logo\\\/image\\\/\",\"url\":\"https:\\\/\\\/gradido.net\\\/wp-content\\\/uploads\\\/2022\\\/04\\\/gradido-social.jpg\",\"contentUrl\":\"https:\\\/\\\/gradido.net\\\/wp-content\\\/uploads\\\/2022\\\/04\\\/gradido-social.jpg\",\"width\":527,\"height\":273,\"caption\":\"Gradido\"},\"image\":{\"@id\":\"https:\\\/\\\/gradido.net\\\/de\\\/#\\\/schema\\\/logo\\\/image\\\/\"}},{\"@type\":\"Person\",\"@id\":\"https:\\\/\\\/gradido.net\\\/de\\\/#\\\/schema\\\/person\\\/9c503a004ad15a1ddecadce2218db5d1\",\"name\":\"Bernd H\u00fcckst\u00e4dt\",\"sameAs\":[\"https:\\\/\\\/gradido.net\"],\"url\":\"https:\\\/\\\/gradido.net\\\/sv\\\/author\\\/bernd\\\/\"}]}<\/script>\n<!-- \/ Yoast SEO plugin. -->","yoast_head_json":{"title":"Dr\u00f6mmen om en r\u00e4ttvis och fredlig v\u00e4rld - Gradido","description":"Det som tilltalar mig mest med Gradido \u00e4r principen om tacksamhet - och visionen om en fredlig ekonomi. Jag skulle vilja se en v\u00e4rld d\u00e4r samarbete g\u00e5r f\u00f6re konkurrens och d\u00e4r sunda samh\u00e4llen v\u00e4xer fram. Med Gradido k\u00e4nns den dr\u00f6mmen p\u00e5taglig.","robots":{"index":"index","follow":"follow","max-snippet":"max-snippet:-1","max-image-preview":"max-image-preview:large","max-video-preview":"max-video-preview:-1"},"canonical":"https:\/\/gradido.net\/sv\/mutmacher-michael\/","og_locale":"sv_SE","og_type":"article","og_title":"Der Traum einer gerechten friedvollen Welt - Gradido","og_description":"Am meisten spricht mich an Gradido das Prinzip der Dankbarkeit an \u2013 und die Vision eines friedvollen Wirtschaftens. Ich w\u00fcnsche mir eine Welt, in der Kooperation vor Konkurrenz steht und in der gesunde Gemeinschaften wachsen. Mit Gradido scheint dieser Traum greifbar zu werden.","og_url":"https:\/\/gradido.net\/sv\/mutmacher-michael\/","og_site_name":"Gradido","article_published_time":"2025-10-01T09:12:11+00:00","article_modified_time":"2026-04-24T05:15:52+00:00","og_image":[{"width":1280,"height":720,"url":"https:\/\/gradido.net\/wp-content\/uploads\/2025\/10\/Michael_Rothe_Banner.jpg","type":"image\/jpeg"}],"author":"Bernd H\u00fcckst\u00e4dt","twitter_card":"summary_large_image","twitter_misc":{"Skriven av":"Bernd H\u00fcckst\u00e4dt","Ber\u00e4knad l\u00e4stid":"3 minuter"},"schema":{"@context":"https:\/\/schema.org","@graph":[{"@type":"Article","@id":"https:\/\/gradido.net\/mutmacher-michael\/#article","isPartOf":{"@id":"https:\/\/gradido.net\/mutmacher-michael\/"},"author":{"name":"Bernd H\u00fcckst\u00e4dt","@id":"https:\/\/gradido.net\/de\/#\/schema\/person\/9c503a004ad15a1ddecadce2218db5d1"},"headline":"Der Traum einer gerechten friedvollen Welt","datePublished":"2025-10-01T09:12:11+00:00","dateModified":"2026-04-24T05:15:52+00:00","mainEntityOfPage":{"@id":"https:\/\/gradido.net\/mutmacher-michael\/"},"wordCount":340,"publisher":{"@id":"https:\/\/gradido.net\/de\/#organization"},"image":{"@id":"https:\/\/gradido.net\/mutmacher-michael\/#primaryimage"},"thumbnailUrl":"https:\/\/gradido.net\/wp-content\/uploads\/2025\/10\/Michael_Rothe_Banner.jpg","articleSection":["Blog","Community"],"inLanguage":"sv-SE"},{"@type":"WebPage","@id":"https:\/\/gradido.net\/mutmacher-michael\/","url":"https:\/\/gradido.net\/mutmacher-michael\/","name":"Dr\u00f6mmen om en r\u00e4ttvis och fredlig v\u00e4rld - Gradido","isPartOf":{"@id":"https:\/\/gradido.net\/de\/#website"},"primaryImageOfPage":{"@id":"https:\/\/gradido.net\/mutmacher-michael\/#primaryimage"},"image":{"@id":"https:\/\/gradido.net\/mutmacher-michael\/#primaryimage"},"thumbnailUrl":"https:\/\/gradido.net\/wp-content\/uploads\/2025\/10\/Michael_Rothe_Banner.jpg","datePublished":"2025-10-01T09:12:11+00:00","dateModified":"2026-04-24T05:15:52+00:00","description":"Det som tilltalar mig mest med Gradido \u00e4r principen om tacksamhet - och visionen om en fredlig ekonomi. Jag skulle vilja se en v\u00e4rld d\u00e4r samarbete g\u00e5r f\u00f6re konkurrens och d\u00e4r sunda samh\u00e4llen v\u00e4xer fram. Med Gradido k\u00e4nns den dr\u00f6mmen p\u00e5taglig.","breadcrumb":{"@id":"https:\/\/gradido.net\/mutmacher-michael\/#breadcrumb"},"inLanguage":"sv-SE","potentialAction":[{"@type":"ReadAction","target":["https:\/\/gradido.net\/mutmacher-michael\/"]}]},{"@type":"ImageObject","inLanguage":"sv-SE","@id":"https:\/\/gradido.net\/mutmacher-michael\/#primaryimage","url":"https:\/\/gradido.net\/wp-content\/uploads\/2025\/10\/Michael_Rothe_Banner.jpg","contentUrl":"https:\/\/gradido.net\/wp-content\/uploads\/2025\/10\/Michael_Rothe_Banner.jpg","width":1280,"height":720},{"@type":"BreadcrumbList","@id":"https:\/\/gradido.net\/mutmacher-michael\/#breadcrumb","itemListElement":[{"@type":"ListItem","position":1,"name":"Startseite","item":"https:\/\/gradido.net\/"},{"@type":"ListItem","position":2,"name":"Der Traum einer gerechten friedvollen Welt"}]},{"@type":"WebSite","@id":"https:\/\/gradido.net\/de\/#website","url":"https:\/\/gradido.net\/de\/","name":"Gradido","description":"Den nya valutan \u00e4r tacksamhet","publisher":{"@id":"https:\/\/gradido.net\/de\/#organization"},"potentialAction":[{"@type":"SearchAction","target":{"@type":"EntryPoint","urlTemplate":"https:\/\/gradido.net\/de\/?s={search_term_string}"},"query-input":{"@type":"PropertyValueSpecification","valueRequired":true,"valueName":"search_term_string"}}],"inLanguage":"sv-SE"},{"@type":"Organization","@id":"https:\/\/gradido.net\/de\/#organization","name":"Gradido","url":"https:\/\/gradido.net\/de\/","logo":{"@type":"ImageObject","inLanguage":"sv-SE","@id":"https:\/\/gradido.net\/de\/#\/schema\/logo\/image\/","url":"https:\/\/gradido.net\/wp-content\/uploads\/2022\/04\/gradido-social.jpg","contentUrl":"https:\/\/gradido.net\/wp-content\/uploads\/2022\/04\/gradido-social.jpg","width":527,"height":273,"caption":"Gradido"},"image":{"@id":"https:\/\/gradido.net\/de\/#\/schema\/logo\/image\/"}},{"@type":"Person","@id":"https:\/\/gradido.net\/de\/#\/schema\/person\/9c503a004ad15a1ddecadce2218db5d1","name":"Bernd H\u00fcckst\u00e4dt","sameAs":["https:\/\/gradido.net"],"url":"https:\/\/gradido.net\/sv\/author\/bernd\/"}]}},"_links":{"self":[{"href":"https:\/\/gradido.net\/sv\/wp-json\/wp\/v2\/posts\/11747","targetHints":{"allow":["GET"]}}],"collection":[{"href":"https:\/\/gradido.net\/sv\/wp-json\/wp\/v2\/posts"}],"about":[{"href":"https:\/\/gradido.net\/sv\/wp-json\/wp\/v2\/types\/post"}],"author":[{"embeddable":true,"href":"https:\/\/gradido.net\/sv\/wp-json\/wp\/v2\/users\/2"}],"replies":[{"embeddable":true,"href":"https:\/\/gradido.net\/sv\/wp-json\/wp\/v2\/comments?post=11747"}],"version-history":[{"count":13,"href":"https:\/\/gradido.net\/sv\/wp-json\/wp\/v2\/posts\/11747\/revisions"}],"predecessor-version":[{"id":13568,"href":"https:\/\/gradido.net\/sv\/wp-json\/wp\/v2\/posts\/11747\/revisions\/13568"}],"wp:featuredmedia":[{"embeddable":true,"href":"https:\/\/gradido.net\/sv\/wp-json\/wp\/v2\/media\/11749"}],"wp:attachment":[{"href":"https:\/\/gradido.net\/sv\/wp-json\/wp\/v2\/media?parent=11747"}],"wp:term":[{"taxonomy":"category","embeddable":true,"href":"https:\/\/gradido.net\/sv\/wp-json\/wp\/v2\/categories?post=11747"},{"taxonomy":"post_tag","embeddable":true,"href":"https:\/\/gradido.net\/sv\/wp-json\/wp\/v2\/tags?post=11747"}],"curies":[{"name":"wp","href":"https:\/\/api.w.org\/{rel}","templated":true}]}}