{"id":12082,"date":"2025-10-05T17:35:55","date_gmt":"2025-10-05T15:35:55","guid":{"rendered":"https:\/\/gradido.net\/?p=12082"},"modified":"2026-04-24T07:15:24","modified_gmt":"2026-04-24T05:15:24","slug":"mutmacher-hartmut","status":"publish","type":"post","link":"https:\/\/gradido.net\/sv\/mutmacher-hartmut\/","title":{"rendered":"Idealv\u00e4rden som valuta"},"content":{"rendered":"<div data-elementor-type=\"wp-post\" data-elementor-id=\"12082\" class=\"elementor elementor-12082\" data-elementor-post-type=\"post\">\n\t\t\t\t\t\t<section class=\"elementor-section elementor-top-section elementor-element elementor-element-496e1d53 elementor-section-boxed elementor-section-height-default elementor-section-height-default\" data-id=\"496e1d53\" data-element_type=\"section\" data-e-type=\"section\">\n\t\t\t\t\t\t<div class=\"elementor-container elementor-column-gap-default\">\n\t\t\t\t\t<div class=\"elementor-column elementor-col-100 elementor-top-column elementor-element elementor-element-461d7be0\" data-id=\"461d7be0\" data-element_type=\"column\" data-e-type=\"column\">\n\t\t\t<div class=\"elementor-widget-wrap elementor-element-populated\">\n\t\t\t\t\t\t<div class=\"elementor-element elementor-element-cd9ebe2 elementor-widget elementor-widget-text-editor\" data-id=\"cd9ebe2\" data-element_type=\"widget\" data-e-type=\"widget\" data-widget_type=\"text-editor.default\">\n\t\t\t\t<div class=\"elementor-widget-container\">\n\t\t\t\t\t\t\t\t\t<p style=\"text-align: right;\"><em>\"Claudia ber\u00e4ttade f\u00f6r mig om Gradido, ett nytt system d\u00e4r idealen \u00e4r valutan. Det n\u00e5dde mitt innersta.\"<\/em> <br \/><em>-\u00a0<\/em><i> Tr\u00e4dg\u00e5rds\u00e4lvan Hartmut<\/i><\/p><div><p>K\u00e4ra l\u00e4sare,<\/p><p>Som landskapstr\u00e4dg\u00e5rdsm\u00e4stare som senare studerade geomanti - jag kallar mig \u00e4lvtr\u00e4dg\u00e5rdsm\u00e4stare - hade jag en monter p\u00e5 m\u00e4ssan \"Light and Art\" p\u00e5 \u00f6n Reichenau i Bodensj\u00f6n sommaren 2023. D\u00e4r erbj\u00f6d jag min bok \"Elves in Your Garden\" och f\u00f6rs\u00f6kte komma i samspr\u00e5k med bes\u00f6karna.<\/p><h3>Sjukt gammalt monet\u00e4rt system<\/h3><p>En av bes\u00f6karna - hon hette Claudia - hade n\u00e5gra sp\u00e4nnande historier att ber\u00e4tta. Det handlade om penningtransaktioner fr\u00e5n f\u00f6rr, som tyv\u00e4rr fortfarande \u00e4r aktuella. En del av dem hade hon l\u00e4rt sig om i sitt tidigare jobb som skatteutredare. Hon slutade med det efter att ha insett hur avgrundsdjupt sjukt v\u00e5rt penningsystem \u00e4r.<\/p><h3>Gradido-system med idealv\u00e4rden<\/h3><p>Claudia ber\u00e4ttade om Gradido, ett nytt system d\u00e4r ideala v\u00e4rden \u00e4r valutan. Det gick rakt in i hj\u00e4rtat p\u00e5 mig. Det tog ett tag innan jag blev medlem, men nu f\u00f6rs\u00f6ker jag bidra till att frukterna av dessa str\u00e4vanden blir gemensam egendom i framtiden.<\/p><p>Jag \u00e4r verkligen privilegierad, eftersom de flesta av mina kontakter - b\u00e5de i den gemensamma l\u00e4genheten och i mitt jobb som tr\u00e4dg\u00e5rdsm\u00e4stare och i SoLaWi - h\u00e5ller med om mina \u00e5sikter.<\/p><h3>\"Att \u00e5stadkomma\" den nya jorden<\/h3><p>N\u00e4r dagens beslutsfattare har l\u00e4mnat \u00f6ver stafettpinnen till yngre generationer kommer de f\u00f6r\u00e4ndringar som vi f\u00f6rs\u00f6ker \u00e5stadkomma i dag att ske.<\/p><p>Den nya jorden kommer dock inte att komma fr\u00e5n n\u00e5gon yttre kraft. M\u00e4nskligheten \u00e4r ansvarig f\u00f6r Gaia och m\u00e5ste sj\u00e4lv \u00e5stadkomma f\u00f6r\u00e4ndringarna.<\/p><h3>Med k\u00e4rlek, respekt och tacksamhet<\/h3><p>Vi kan vara tacksamma f\u00f6r hj\u00e4lpen fr\u00e5n den andliga, kosmiska v\u00e4rlden. Personligen \u00e4r jag tacksam f\u00f6r att allt fler m\u00e4nniskor engagerar sig f\u00f6r detta m\u00e5l i k\u00e4rlek och respekt f\u00f6r de eviga naturlagarna - och att jag kan vara en del av det!<\/p><p>I medvetandet om detta h\u00e4lsar k\u00e4rleken dig<br \/>\u00e4lvtr\u00e4dg\u00e5rdsm\u00e4staren Hartmut<\/p><p><a href=\"https:\/\/elfengaertner.de\/\" target=\"_blank\" rel=\"noopener\">https:\/\/elfengaertner.de\/<\/a><\/p><\/div>\t\t\t\t\t\t\t\t<\/div>\n\t\t\t\t<\/div>\n\t\t\t\t<div class=\"elementor-element elementor-element-db3fa8e elementor-widget-divider--view-line elementor-widget elementor-widget-divider\" data-id=\"db3fa8e\" data-element_type=\"widget\" data-e-type=\"widget\" data-widget_type=\"divider.default\">\n\t\t\t\t<div class=\"elementor-widget-container\">\n\t\t\t\t\t\t\t<div class=\"elementor-divider\">\n\t\t\t<span class=\"elementor-divider-separator\">\n\t\t\t\t\t\t<\/span>\n\t\t<\/div>\n\t\t\t\t\t\t<\/div>\n\t\t\t\t<\/div>\n\t\t\t\t<div class=\"elementor-element elementor-element-d74dfa0 elementor-widget elementor-widget-text-editor\" data-id=\"d74dfa0\" data-element_type=\"widget\" data-e-type=\"widget\" data-widget_type=\"text-editor.default\">\n\t\t\t\t<div class=\"elementor-widget-container\">\n\t\t\t\t\t\t\t\t\t<div data-pm-slice=\"1 1 []\" data-en-clipboard=\"true\"><h4>Kom med oss - vi ser fram emot att h\u00f6ra din ber\u00e4ttelse!<\/h4><p><strong>Skicka din e-post till: <a href=\"mailto:support@gradido.net\">support@gradido.net<\/a><\/strong><\/p><p>Tillsammans v\u00e4xer vi bortom oss sj\u00e4lva!<\/p><p>Med djup tacksamhet och solidaritet<\/p><p><span style=\"font-family: -apple-system, BlinkMacSystemFont, 'Segoe UI', Roboto, 'Helvetica Neue', Arial, 'Noto Sans', sans-serif, 'Apple Color Emoji', 'Segoe UI Emoji', 'Segoe UI Symbol', 'Noto Color Emoji';\">Din<\/span><\/p><\/div><p><img decoding=\"async\" class=\"alignnone wp-image-4614 size-medium\" src=\"https:\/\/gradido.net\/wp-content\/uploads\/2022\/06\/MargretBernd_2022-300x74.png\" alt=\"\" width=\"300\" height=\"74\" srcset=\"https:\/\/gradido.net\/wp-content\/uploads\/2022\/06\/MargretBernd_2022-300x74.png 300w, https:\/\/gradido.net\/wp-content\/uploads\/2022\/06\/MargretBernd_2022-18x4.png 18w, https:\/\/gradido.net\/wp-content\/uploads\/2022\/06\/MargretBernd_2022.png 431w\" sizes=\"(max-width: 300px) 100vw, 300px\" \/><\/p><p>Margret Baier och Bernd H\u00fcckst\u00e4dt<br \/>Gradidos grundare och utvecklare<\/p>\t\t\t\t\t\t\t\t<\/div>\n\t\t\t\t<\/div>\n\t\t\t\t\t<\/div>\n\t\t<\/div>\n\t\t\t\t\t<\/div>\n\t\t<\/section>\n\t\t\t\t<section class=\"elementor-section elementor-top-section elementor-element elementor-element-14532fe elementor-section-boxed elementor-section-height-default elementor-section-height-default\" data-id=\"14532fe\" data-element_type=\"section\" data-e-type=\"section\">\n\t\t\t\t\t\t<div class=\"elementor-container elementor-column-gap-default\">\n\t\t\t\t\t<div class=\"elementor-column elementor-col-100 elementor-top-column elementor-element elementor-element-65d2298\" data-id=\"65d2298\" data-element_type=\"column\" data-e-type=\"column\">\n\t\t\t<div class=\"elementor-widget-wrap elementor-element-populated\">\n\t\t\t\t\t\t<div class=\"elementor-element elementor-element-bea124f elementor-widget elementor-widget-global elementor-global-9341 elementor-widget-text-editor\" data-id=\"bea124f\" data-element_type=\"widget\" data-e-type=\"widget\" data-widget_type=\"text-editor.default\">\n\t\t\t\t<div class=\"elementor-widget-container\">\n\t\t\t\t\t\t\t\t\t<p><strong>PS:\u00a0<span style=\"color: #ff6600;\"><a style=\"color: #ff6600;\" href=\"https:\/\/gradido.net\/sv\/donations\/\">P\u00e5 grund av Gradidos st\u00e4ndigt \u00f6kande betydelse upprepar vi v\u00e5r tacksamhetskampanj den 26 juni 2026:<\/a>\u00a0<\/span><span style=\"color: #0000ff;\"><a style=\"color: #0000ff;\" href=\"https:\/\/gradido.net\/sv\/donations\/\">F\u00f6rutom den multipla GradidoTransform f\u00f6r ditt sponsorbidrag, kommer vi att \u00f6ka alla GDT-kontosaldon med 26% den 26\/06\/2016. Sponsra nu och njut av det multipla beloppet av GDT!<\/a><\/span><\/strong><\/p>\t\t\t\t\t\t\t\t<\/div>\n\t\t\t\t<\/div>\n\t\t\t\t\t<\/div>\n\t\t<\/div>\n\t\t\t\t\t<\/div>\n\t\t<\/section>\n\t\t\t\t<section class=\"elementor-section elementor-top-section elementor-element elementor-element-29dfc07 elementor-section-boxed elementor-section-height-default elementor-section-height-default\" data-id=\"29dfc07\" data-element_type=\"section\" data-e-type=\"section\">\n\t\t\t\t\t\t<div class=\"elementor-container elementor-column-gap-default\">\n\t\t\t\t\t<div class=\"elementor-column elementor-col-100 elementor-top-column elementor-element elementor-element-d37ec5a\" data-id=\"d37ec5a\" data-element_type=\"column\" data-e-type=\"column\">\n\t\t\t<div class=\"elementor-widget-wrap\">\n\t\t\t\t\t\t\t<\/div>\n\t\t<\/div>\n\t\t\t\t\t<\/div>\n\t\t<\/section>\n\t\t\t\t<section class=\"elementor-section elementor-top-section elementor-element elementor-element-b3bbb9b elementor-section-boxed elementor-section-height-default elementor-section-height-default\" data-id=\"b3bbb9b\" data-element_type=\"section\" data-e-type=\"section\">\n\t\t\t\t\t\t<div class=\"elementor-container elementor-column-gap-default\">\n\t\t\t\t\t<div class=\"elementor-column elementor-col-100 elementor-top-column elementor-element elementor-element-a7e88ad\" data-id=\"a7e88ad\" data-element_type=\"column\" data-e-type=\"column\">\n\t\t\t<div class=\"elementor-widget-wrap\">\n\t\t\t\t\t\t\t<\/div>\n\t\t<\/div>\n\t\t\t\t\t<\/div>\n\t\t<\/section>\n\t\t\t\t<\/div>","protected":false},"excerpt":{"rendered":"<p>Den nya jorden kommer inte att komma fr\u00e5n en yttre kraft. M\u00e4nskligheten \u00e4r ansvarig f\u00f6r Gaia och m\u00e5ste sj\u00e4lv \u00e5stadkomma f\u00f6r\u00e4ndringarna. Jag \u00e4r tacksam f\u00f6r att allt fler m\u00e4nniskor engagerar sig f\u00f6r detta m\u00e5l i k\u00e4rlek och respekt f\u00f6r de eviga naturlagarna.<\/p>","protected":false},"author":2,"featured_media":12084,"comment_status":"closed","ping_status":"closed","sticky":false,"template":"","format":"standard","meta":{"footnotes":""},"categories":[11,54],"tags":[],"class_list":["post-12082","post","type-post","status-publish","format-standard","has-post-thumbnail","hentry","category-blog","category-community"],"yoast_head":"<!-- This site is optimized with the Yoast SEO plugin v27.4 - https:\/\/yoast.com\/product\/yoast-seo-wordpress\/ -->\n<title>Ideelle Werte als W\u00e4hrung - Gradido<\/title>\n<meta name=\"description\" content=\"Die neue Erde kommt nicht durch einen Wumms von au\u00dfen. Die Menschheit tr\u00e4gt die Verantwortung f\u00fcr Gaia und muss die Ver\u00e4nderungen selbst herbeif\u00fchren. Ich bin dankbar, dass immer mehr Menschen sich in Liebe und Achtung der ewigen nat\u00fcrlichen Gesetze diesem Ziel verpflichten.\" \/>\n<meta name=\"robots\" content=\"index, follow, max-snippet:-1, max-image-preview:large, max-video-preview:-1\" \/>\n<link rel=\"canonical\" href=\"https:\/\/gradido.net\/sv\/mutmacher-hartmut\/\" \/>\n<meta property=\"og:locale\" content=\"sv_SE\" \/>\n<meta property=\"og:type\" content=\"article\" \/>\n<meta property=\"og:title\" content=\"Ideelle Werte als W\u00e4hrung - Gradido\" \/>\n<meta property=\"og:description\" content=\"Die neue Erde kommt nicht durch einen Wumms von au\u00dfen. Die Menschheit tr\u00e4gt die Verantwortung f\u00fcr Gaia und muss die Ver\u00e4nderungen selbst herbeif\u00fchren. Ich bin dankbar, dass immer mehr Menschen sich in Liebe und Achtung der ewigen nat\u00fcrlichen Gesetze diesem Ziel verpflichten.\" \/>\n<meta property=\"og:url\" content=\"https:\/\/gradido.net\/sv\/mutmacher-hartmut\/\" \/>\n<meta property=\"og:site_name\" content=\"Gradido\" \/>\n<meta property=\"article:published_time\" content=\"2025-10-05T15:35:55+00:00\" \/>\n<meta property=\"article:modified_time\" content=\"2026-04-24T05:15:24+00:00\" \/>\n<meta property=\"og:image\" content=\"https:\/\/gradido.net\/wp-content\/uploads\/2025\/10\/Hartmut_Zipperlen.jpg\" \/>\n\t<meta property=\"og:image:width\" content=\"1280\" \/>\n\t<meta property=\"og:image:height\" content=\"720\" \/>\n\t<meta property=\"og:image:type\" content=\"image\/jpeg\" \/>\n<meta name=\"author\" content=\"Bernd H\u00fcckst\u00e4dt\" \/>\n<meta name=\"twitter:card\" content=\"summary_large_image\" \/>\n<meta name=\"twitter:label1\" content=\"Skriven av\" \/>\n\t<meta name=\"twitter:data1\" content=\"Bernd H\u00fcckst\u00e4dt\" \/>\n\t<meta name=\"twitter:label2\" content=\"Ber\u00e4knad l\u00e4stid\" \/>\n\t<meta name=\"twitter:data2\" content=\"3 minuter\" \/>\n<script type=\"application\/ld+json\" class=\"yoast-schema-graph\">{\"@context\":\"https:\\\/\\\/schema.org\",\"@graph\":[{\"@type\":\"Article\",\"@id\":\"https:\\\/\\\/gradido.net\\\/mutmacher-hartmut\\\/#article\",\"isPartOf\":{\"@id\":\"https:\\\/\\\/gradido.net\\\/mutmacher-hartmut\\\/\"},\"author\":{\"name\":\"Bernd H\u00fcckst\u00e4dt\",\"@id\":\"https:\\\/\\\/gradido.net\\\/de\\\/#\\\/schema\\\/person\\\/9c503a004ad15a1ddecadce2218db5d1\"},\"headline\":\"Ideelle Werte als W\u00e4hrung\",\"datePublished\":\"2025-10-05T15:35:55+00:00\",\"dateModified\":\"2026-04-24T05:15:24+00:00\",\"mainEntityOfPage\":{\"@id\":\"https:\\\/\\\/gradido.net\\\/mutmacher-hartmut\\\/\"},\"wordCount\":434,\"publisher\":{\"@id\":\"https:\\\/\\\/gradido.net\\\/de\\\/#organization\"},\"image\":{\"@id\":\"https:\\\/\\\/gradido.net\\\/mutmacher-hartmut\\\/#primaryimage\"},\"thumbnailUrl\":\"https:\\\/\\\/gradido.net\\\/wp-content\\\/uploads\\\/2025\\\/10\\\/Hartmut_Zipperlen.jpg\",\"articleSection\":[\"Blog\",\"Community\"],\"inLanguage\":\"sv-SE\"},{\"@type\":\"WebPage\",\"@id\":\"https:\\\/\\\/gradido.net\\\/mutmacher-hartmut\\\/\",\"url\":\"https:\\\/\\\/gradido.net\\\/mutmacher-hartmut\\\/\",\"name\":\"Ideelle Werte als W\u00e4hrung - Gradido\",\"isPartOf\":{\"@id\":\"https:\\\/\\\/gradido.net\\\/de\\\/#website\"},\"primaryImageOfPage\":{\"@id\":\"https:\\\/\\\/gradido.net\\\/mutmacher-hartmut\\\/#primaryimage\"},\"image\":{\"@id\":\"https:\\\/\\\/gradido.net\\\/mutmacher-hartmut\\\/#primaryimage\"},\"thumbnailUrl\":\"https:\\\/\\\/gradido.net\\\/wp-content\\\/uploads\\\/2025\\\/10\\\/Hartmut_Zipperlen.jpg\",\"datePublished\":\"2025-10-05T15:35:55+00:00\",\"dateModified\":\"2026-04-24T05:15:24+00:00\",\"description\":\"Die neue Erde kommt nicht durch einen Wumms von au\u00dfen. Die Menschheit tr\u00e4gt die Verantwortung f\u00fcr Gaia und muss die Ver\u00e4nderungen selbst herbeif\u00fchren. Ich bin dankbar, dass immer mehr Menschen sich in Liebe und Achtung der ewigen nat\u00fcrlichen Gesetze diesem Ziel verpflichten.\",\"breadcrumb\":{\"@id\":\"https:\\\/\\\/gradido.net\\\/mutmacher-hartmut\\\/#breadcrumb\"},\"inLanguage\":\"sv-SE\",\"potentialAction\":[{\"@type\":\"ReadAction\",\"target\":[\"https:\\\/\\\/gradido.net\\\/mutmacher-hartmut\\\/\"]}]},{\"@type\":\"ImageObject\",\"inLanguage\":\"sv-SE\",\"@id\":\"https:\\\/\\\/gradido.net\\\/mutmacher-hartmut\\\/#primaryimage\",\"url\":\"https:\\\/\\\/gradido.net\\\/wp-content\\\/uploads\\\/2025\\\/10\\\/Hartmut_Zipperlen.jpg\",\"contentUrl\":\"https:\\\/\\\/gradido.net\\\/wp-content\\\/uploads\\\/2025\\\/10\\\/Hartmut_Zipperlen.jpg\",\"width\":1280,\"height\":720},{\"@type\":\"BreadcrumbList\",\"@id\":\"https:\\\/\\\/gradido.net\\\/mutmacher-hartmut\\\/#breadcrumb\",\"itemListElement\":[{\"@type\":\"ListItem\",\"position\":1,\"name\":\"Startseite\",\"item\":\"https:\\\/\\\/gradido.net\\\/\"},{\"@type\":\"ListItem\",\"position\":2,\"name\":\"Ideelle Werte als W\u00e4hrung\"}]},{\"@type\":\"WebSite\",\"@id\":\"https:\\\/\\\/gradido.net\\\/de\\\/#website\",\"url\":\"https:\\\/\\\/gradido.net\\\/de\\\/\",\"name\":\"Gradido\",\"description\":\"Die neue W\u00e4hrung hei\u00dft Dankbarkeit\",\"publisher\":{\"@id\":\"https:\\\/\\\/gradido.net\\\/de\\\/#organization\"},\"potentialAction\":[{\"@type\":\"SearchAction\",\"target\":{\"@type\":\"EntryPoint\",\"urlTemplate\":\"https:\\\/\\\/gradido.net\\\/de\\\/?s={search_term_string}\"},\"query-input\":{\"@type\":\"PropertyValueSpecification\",\"valueRequired\":true,\"valueName\":\"search_term_string\"}}],\"inLanguage\":\"sv-SE\"},{\"@type\":\"Organization\",\"@id\":\"https:\\\/\\\/gradido.net\\\/de\\\/#organization\",\"name\":\"Gradido\",\"url\":\"https:\\\/\\\/gradido.net\\\/de\\\/\",\"logo\":{\"@type\":\"ImageObject\",\"inLanguage\":\"sv-SE\",\"@id\":\"https:\\\/\\\/gradido.net\\\/de\\\/#\\\/schema\\\/logo\\\/image\\\/\",\"url\":\"https:\\\/\\\/gradido.net\\\/wp-content\\\/uploads\\\/2022\\\/04\\\/gradido-social.jpg\",\"contentUrl\":\"https:\\\/\\\/gradido.net\\\/wp-content\\\/uploads\\\/2022\\\/04\\\/gradido-social.jpg\",\"width\":527,\"height\":273,\"caption\":\"Gradido\"},\"image\":{\"@id\":\"https:\\\/\\\/gradido.net\\\/de\\\/#\\\/schema\\\/logo\\\/image\\\/\"}},{\"@type\":\"Person\",\"@id\":\"https:\\\/\\\/gradido.net\\\/de\\\/#\\\/schema\\\/person\\\/9c503a004ad15a1ddecadce2218db5d1\",\"name\":\"Bernd H\u00fcckst\u00e4dt\",\"sameAs\":[\"https:\\\/\\\/gradido.net\"],\"url\":\"https:\\\/\\\/gradido.net\\\/sv\\\/author\\\/bernd\\\/\"}]}<\/script>\n<!-- \/ Yoast SEO plugin. -->","yoast_head_json":{"title":"Idealv\u00e4rden som valuta - Gradido","description":"Den nya jorden kommer inte att komma fr\u00e5n en yttre kraft. M\u00e4nskligheten \u00e4r ansvarig f\u00f6r Gaia och m\u00e5ste sj\u00e4lv \u00e5stadkomma f\u00f6r\u00e4ndringarna. Jag \u00e4r tacksam f\u00f6r att allt fler m\u00e4nniskor engagerar sig f\u00f6r detta m\u00e5l i k\u00e4rlek och respekt f\u00f6r de eviga naturlagarna.","robots":{"index":"index","follow":"follow","max-snippet":"max-snippet:-1","max-image-preview":"max-image-preview:large","max-video-preview":"max-video-preview:-1"},"canonical":"https:\/\/gradido.net\/sv\/mutmacher-hartmut\/","og_locale":"sv_SE","og_type":"article","og_title":"Ideelle Werte als W\u00e4hrung - Gradido","og_description":"Die neue Erde kommt nicht durch einen Wumms von au\u00dfen. Die Menschheit tr\u00e4gt die Verantwortung f\u00fcr Gaia und muss die Ver\u00e4nderungen selbst herbeif\u00fchren. Ich bin dankbar, dass immer mehr Menschen sich in Liebe und Achtung der ewigen nat\u00fcrlichen Gesetze diesem Ziel verpflichten.","og_url":"https:\/\/gradido.net\/sv\/mutmacher-hartmut\/","og_site_name":"Gradido","article_published_time":"2025-10-05T15:35:55+00:00","article_modified_time":"2026-04-24T05:15:24+00:00","og_image":[{"width":1280,"height":720,"url":"https:\/\/gradido.net\/wp-content\/uploads\/2025\/10\/Hartmut_Zipperlen.jpg","type":"image\/jpeg"}],"author":"Bernd H\u00fcckst\u00e4dt","twitter_card":"summary_large_image","twitter_misc":{"Skriven av":"Bernd H\u00fcckst\u00e4dt","Ber\u00e4knad l\u00e4stid":"3 minuter"},"schema":{"@context":"https:\/\/schema.org","@graph":[{"@type":"Article","@id":"https:\/\/gradido.net\/mutmacher-hartmut\/#article","isPartOf":{"@id":"https:\/\/gradido.net\/mutmacher-hartmut\/"},"author":{"name":"Bernd H\u00fcckst\u00e4dt","@id":"https:\/\/gradido.net\/de\/#\/schema\/person\/9c503a004ad15a1ddecadce2218db5d1"},"headline":"Ideelle Werte als W\u00e4hrung","datePublished":"2025-10-05T15:35:55+00:00","dateModified":"2026-04-24T05:15:24+00:00","mainEntityOfPage":{"@id":"https:\/\/gradido.net\/mutmacher-hartmut\/"},"wordCount":434,"publisher":{"@id":"https:\/\/gradido.net\/de\/#organization"},"image":{"@id":"https:\/\/gradido.net\/mutmacher-hartmut\/#primaryimage"},"thumbnailUrl":"https:\/\/gradido.net\/wp-content\/uploads\/2025\/10\/Hartmut_Zipperlen.jpg","articleSection":["Blog","Community"],"inLanguage":"sv-SE"},{"@type":"WebPage","@id":"https:\/\/gradido.net\/mutmacher-hartmut\/","url":"https:\/\/gradido.net\/mutmacher-hartmut\/","name":"Idealv\u00e4rden som valuta - Gradido","isPartOf":{"@id":"https:\/\/gradido.net\/de\/#website"},"primaryImageOfPage":{"@id":"https:\/\/gradido.net\/mutmacher-hartmut\/#primaryimage"},"image":{"@id":"https:\/\/gradido.net\/mutmacher-hartmut\/#primaryimage"},"thumbnailUrl":"https:\/\/gradido.net\/wp-content\/uploads\/2025\/10\/Hartmut_Zipperlen.jpg","datePublished":"2025-10-05T15:35:55+00:00","dateModified":"2026-04-24T05:15:24+00:00","description":"Den nya jorden kommer inte att komma fr\u00e5n en yttre kraft. M\u00e4nskligheten \u00e4r ansvarig f\u00f6r Gaia och m\u00e5ste sj\u00e4lv \u00e5stadkomma f\u00f6r\u00e4ndringarna. Jag \u00e4r tacksam f\u00f6r att allt fler m\u00e4nniskor engagerar sig f\u00f6r detta m\u00e5l i k\u00e4rlek och respekt f\u00f6r de eviga naturlagarna.","breadcrumb":{"@id":"https:\/\/gradido.net\/mutmacher-hartmut\/#breadcrumb"},"inLanguage":"sv-SE","potentialAction":[{"@type":"ReadAction","target":["https:\/\/gradido.net\/mutmacher-hartmut\/"]}]},{"@type":"ImageObject","inLanguage":"sv-SE","@id":"https:\/\/gradido.net\/mutmacher-hartmut\/#primaryimage","url":"https:\/\/gradido.net\/wp-content\/uploads\/2025\/10\/Hartmut_Zipperlen.jpg","contentUrl":"https:\/\/gradido.net\/wp-content\/uploads\/2025\/10\/Hartmut_Zipperlen.jpg","width":1280,"height":720},{"@type":"BreadcrumbList","@id":"https:\/\/gradido.net\/mutmacher-hartmut\/#breadcrumb","itemListElement":[{"@type":"ListItem","position":1,"name":"Startseite","item":"https:\/\/gradido.net\/"},{"@type":"ListItem","position":2,"name":"Ideelle Werte als W\u00e4hrung"}]},{"@type":"WebSite","@id":"https:\/\/gradido.net\/de\/#website","url":"https:\/\/gradido.net\/de\/","name":"Gradido","description":"Den nya valutan \u00e4r tacksamhet","publisher":{"@id":"https:\/\/gradido.net\/de\/#organization"},"potentialAction":[{"@type":"SearchAction","target":{"@type":"EntryPoint","urlTemplate":"https:\/\/gradido.net\/de\/?s={search_term_string}"},"query-input":{"@type":"PropertyValueSpecification","valueRequired":true,"valueName":"search_term_string"}}],"inLanguage":"sv-SE"},{"@type":"Organization","@id":"https:\/\/gradido.net\/de\/#organization","name":"Gradido","url":"https:\/\/gradido.net\/de\/","logo":{"@type":"ImageObject","inLanguage":"sv-SE","@id":"https:\/\/gradido.net\/de\/#\/schema\/logo\/image\/","url":"https:\/\/gradido.net\/wp-content\/uploads\/2022\/04\/gradido-social.jpg","contentUrl":"https:\/\/gradido.net\/wp-content\/uploads\/2022\/04\/gradido-social.jpg","width":527,"height":273,"caption":"Gradido"},"image":{"@id":"https:\/\/gradido.net\/de\/#\/schema\/logo\/image\/"}},{"@type":"Person","@id":"https:\/\/gradido.net\/de\/#\/schema\/person\/9c503a004ad15a1ddecadce2218db5d1","name":"Bernd H\u00fcckst\u00e4dt","sameAs":["https:\/\/gradido.net"],"url":"https:\/\/gradido.net\/sv\/author\/bernd\/"}]}},"_links":{"self":[{"href":"https:\/\/gradido.net\/sv\/wp-json\/wp\/v2\/posts\/12082","targetHints":{"allow":["GET"]}}],"collection":[{"href":"https:\/\/gradido.net\/sv\/wp-json\/wp\/v2\/posts"}],"about":[{"href":"https:\/\/gradido.net\/sv\/wp-json\/wp\/v2\/types\/post"}],"author":[{"embeddable":true,"href":"https:\/\/gradido.net\/sv\/wp-json\/wp\/v2\/users\/2"}],"replies":[{"embeddable":true,"href":"https:\/\/gradido.net\/sv\/wp-json\/wp\/v2\/comments?post=12082"}],"version-history":[{"count":17,"href":"https:\/\/gradido.net\/sv\/wp-json\/wp\/v2\/posts\/12082\/revisions"}],"predecessor-version":[{"id":13567,"href":"https:\/\/gradido.net\/sv\/wp-json\/wp\/v2\/posts\/12082\/revisions\/13567"}],"wp:featuredmedia":[{"embeddable":true,"href":"https:\/\/gradido.net\/sv\/wp-json\/wp\/v2\/media\/12084"}],"wp:attachment":[{"href":"https:\/\/gradido.net\/sv\/wp-json\/wp\/v2\/media?parent=12082"}],"wp:term":[{"taxonomy":"category","embeddable":true,"href":"https:\/\/gradido.net\/sv\/wp-json\/wp\/v2\/categories?post=12082"},{"taxonomy":"post_tag","embeddable":true,"href":"https:\/\/gradido.net\/sv\/wp-json\/wp\/v2\/tags?post=12082"}],"curies":[{"name":"wp","href":"https:\/\/api.w.org\/{rel}","templated":true}]}}