{"id":12183,"date":"2025-10-13T17:34:22","date_gmt":"2025-10-13T15:34:22","guid":{"rendered":"https:\/\/gradido.net\/?p=12183"},"modified":"2026-04-24T07:14:49","modified_gmt":"2026-04-24T05:14:49","slug":"mutmacher-konrad","status":"publish","type":"post","link":"https:\/\/gradido.net\/sv\/mutmacher-konrad\/","title":{"rendered":"Thaler, thaler, du m\u00e5ste vandra - fr\u00e5n den ena handen till den andra"},"content":{"rendered":"<div data-elementor-type=\"wp-post\" data-elementor-id=\"12183\" class=\"elementor elementor-12183\" data-elementor-post-type=\"post\">\n\t\t\t\t\t\t<section class=\"elementor-section elementor-top-section elementor-element elementor-element-496e1d53 elementor-section-boxed elementor-section-height-default elementor-section-height-default\" data-id=\"496e1d53\" data-element_type=\"section\" data-e-type=\"section\">\n\t\t\t\t\t\t<div class=\"elementor-container elementor-column-gap-default\">\n\t\t\t\t\t<div class=\"elementor-column elementor-col-100 elementor-top-column elementor-element elementor-element-461d7be0\" data-id=\"461d7be0\" data-element_type=\"column\" data-e-type=\"column\">\n\t\t\t<div class=\"elementor-widget-wrap elementor-element-populated\">\n\t\t\t\t\t\t<div class=\"elementor-element elementor-element-cd9ebe2 elementor-widget elementor-widget-text-editor\" data-id=\"cd9ebe2\" data-element_type=\"widget\" data-e-type=\"widget\" data-widget_type=\"text-editor.default\">\n\t\t\t\t<div class=\"elementor-widget-container\">\n\t\t\t\t\t\t\t\t\t<p style=\"text-align: right;\"><em>\"Bernd och Magret fick det helt enkelt att h\u00e4nda - och det f\u00f6rtj\u00e4nar min djupaste respekt.\"<\/em> <br \/><em>-\u00a0<\/em><i> Konrad Funk<\/i><\/p><div><p>K\u00e4ra Gradidoians,<\/p><p>Jag heter Konrad och jag har varit entusiastisk \u00f6ver Gradido i flera \u00e5r. Varf\u00f6r \u00e4r det s\u00e5?<br \/>Sedan 2003 har jag insett att det \u00e4r n\u00e5got fundamentalt fel med systemet med sammansatt r\u00e4nta och fiatpengar. P\u00e5 grund av dess struktur fl\u00f6dar pengar fr\u00e5n rika till fattiga. De rika bel\u00f6nas f\u00f6r att de tar ut sina pengar ur cirkulation - ett system som inte \u00e4r h\u00e5llbart p\u00e5 l\u00e5ng sikt.<\/p><p>S\u00e5 jag b\u00f6rjade titta n\u00e4rmare p\u00e5 det monet\u00e4ra systemet och utbilda mig - i <strong>Partiet f\u00f6r m\u00e4nsklig ekonomi<\/strong> och med videor om <strong>YouTube<\/strong>. Men de flesta \u00f6ron f\u00f6rblev d\u00f6va.<\/p><p><strong>Sedan h\u00f6rde jag talas om <em>Joytopia<\/em> - det tidigare namnet p\u00e5 Gradido.<\/strong><\/p><h3>Varf\u00f6r \u00e4r Gradido s\u00e5 sensationellt f\u00f6r mig?<\/h3><p>Gradido har inte bara integrerat cirkulationsfaktorn utan \u00e4ven sj\u00e4lva skapandet - och \u00e4r samtidigt praktiskt realiserbart.<\/p><p>M\u00e5nga m\u00e4nniskor pratar bara i teorin om hur saker och ting skulle kunna bli b\u00e4ttre.<br \/><strong>Gradido g\u00f6r det praktiskt!<\/strong><\/p><p>Bernd och Magret har helt enkelt insett det - och det f\u00f6rtj\u00e4nar min djupaste respekt.<\/p><p>Gradido f\u00f6ljer den naturliga principen om tillblivelse och f\u00f6rg\u00e4nglighet. N\u00e5got blir till, f\u00f6rsvinner - och \u00e5terf\u00f6ds i n\u00e4sta cykel. Precis som i naturen.<\/p><h3><br \/>Min \u00f6vertygelse: Alla kan dra nytta av Gradido!<\/h3><p>Ju st\u00f6rre samh\u00e4llet blir, desto mer sluts de ekonomiska cyklerna.<br \/>Detta inneb\u00e4r att alla som \u00e4r involverade i denna cykel gynnas - genom b\u00e4ttre kvalitet, r\u00e4ttvisa priser och mer \u00f6msesidigt st\u00f6d.<\/p><p>N\u00e4r hastigheten p\u00e5 cirkulationen \u00f6kar, \u00f6kar ocks\u00e5 m\u00f6jligheten, <strong>i naturens anda<\/strong> att agera.<\/p><h3><br \/>K\u00e4nslan av att vara rik - lika rik som naturen<\/h3><p>Har du n\u00e5gonsin sett en naturskog som inte har n\u00e5gon m\u00e5ngfald? Nej, det har jag inte. Det ligger i livets natur att vara rik. Gradido hj\u00e4lper oss att k\u00e4nna v\u00e5r inre rikedom - och detta inre tillst\u00e5nd formar v\u00e5r verklighet.<\/p><p><strong>Gradidos kan skapas och f\u00f6ras vidare, de finns i \u00f6verfl\u00f6d - men inte inflationsdrivande - p\u00e5 grund av sin f\u00f6rg\u00e4nglighet.<\/strong><\/p><p>Detta \u00f6verfl\u00f6d kan fl\u00f6da in i v\u00e5r st\u00f6rsta g\u00e5va: <strong>in i v\u00e5rt hj\u00e4rtf\u00e4lt.<\/strong><\/p><p>Hj\u00e4rtf\u00e4ltet - s\u00e4rskilt n\u00e4r det genomsyras av k\u00e4rlek - \u00e4r det starkaste f\u00e4lt jag k\u00e4nner till. Och detta \u00e4r precis vad <a href=\"https:\/\/geistplan.de\" target=\"_blank\" rel=\"noopener\">helig geometri<\/a> som jag \u00e4r lika entusiastisk \u00f6ver.<\/p><h2>Hur st\u00f6djer jag Gradido?<\/h2><p>Genom att prata med folk om det, oavsett om det \u00e4r p\u00e5 v\u00e5r m\u00e5ndagskonferens med likasinnade eller med andra. Jag har ocks\u00e5 byggt v\u00e5r gradidovideo, samt animationer, och jag har en webbplats p\u00e5 min <a href=\"https:\/\/geistplan.de\/spenden\/\" target=\"_blank\" rel=\"noopener\">Donationssida p\u00e5 Geistplan.de<\/a>\u00a0 m\u00f6jlighet att ta och st\u00f6dja Gradidos.<\/p><\/div>\t\t\t\t\t\t\t\t<\/div>\n\t\t\t\t<\/div>\n\t\t\t\t<div class=\"elementor-element elementor-element-db3fa8e elementor-widget-divider--view-line elementor-widget elementor-widget-divider\" data-id=\"db3fa8e\" data-element_type=\"widget\" data-e-type=\"widget\" data-widget_type=\"divider.default\">\n\t\t\t\t<div class=\"elementor-widget-container\">\n\t\t\t\t\t\t\t<div class=\"elementor-divider\">\n\t\t\t<span class=\"elementor-divider-separator\">\n\t\t\t\t\t\t<\/span>\n\t\t<\/div>\n\t\t\t\t\t\t<\/div>\n\t\t\t\t<\/div>\n\t\t\t\t<div class=\"elementor-element elementor-element-d74dfa0 elementor-widget elementor-widget-text-editor\" data-id=\"d74dfa0\" data-element_type=\"widget\" data-e-type=\"widget\" data-widget_type=\"text-editor.default\">\n\t\t\t\t<div class=\"elementor-widget-container\">\n\t\t\t\t\t\t\t\t\t<div data-pm-slice=\"1 1 []\" data-en-clipboard=\"true\"><h4>Kom med oss - vi ser fram emot att h\u00f6ra din ber\u00e4ttelse!<\/h4><p><strong>Skicka din e-post till: <a href=\"mailto:support@gradido.net\">support@gradido.net<\/a><\/strong><\/p><p>Tillsammans v\u00e4xer vi bortom oss sj\u00e4lva!<\/p><p>Med djup tacksamhet och solidaritet<\/p><p><span style=\"font-family: -apple-system, BlinkMacSystemFont, 'Segoe UI', Roboto, 'Helvetica Neue', Arial, 'Noto Sans', sans-serif, 'Apple Color Emoji', 'Segoe UI Emoji', 'Segoe UI Symbol', 'Noto Color Emoji';\">Din<\/span><\/p><\/div><p><img decoding=\"async\" class=\"alignnone wp-image-4614 size-medium\" src=\"https:\/\/gradido.net\/wp-content\/uploads\/2022\/06\/MargretBernd_2022-300x74.png\" alt=\"\" width=\"300\" height=\"74\" srcset=\"https:\/\/gradido.net\/wp-content\/uploads\/2022\/06\/MargretBernd_2022-300x74.png 300w, https:\/\/gradido.net\/wp-content\/uploads\/2022\/06\/MargretBernd_2022-18x4.png 18w, https:\/\/gradido.net\/wp-content\/uploads\/2022\/06\/MargretBernd_2022.png 431w\" sizes=\"(max-width: 300px) 100vw, 300px\" \/><\/p><p>Margret Baier och Bernd H\u00fcckst\u00e4dt<br \/>Gradidos grundare och utvecklare<\/p>\t\t\t\t\t\t\t\t<\/div>\n\t\t\t\t<\/div>\n\t\t\t\t\t<\/div>\n\t\t<\/div>\n\t\t\t\t\t<\/div>\n\t\t<\/section>\n\t\t\t\t<section class=\"elementor-section elementor-top-section elementor-element elementor-element-14532fe elementor-section-boxed elementor-section-height-default elementor-section-height-default\" data-id=\"14532fe\" data-element_type=\"section\" data-e-type=\"section\">\n\t\t\t\t\t\t<div class=\"elementor-container elementor-column-gap-default\">\n\t\t\t\t\t<div class=\"elementor-column elementor-col-100 elementor-top-column elementor-element elementor-element-65d2298\" data-id=\"65d2298\" data-element_type=\"column\" data-e-type=\"column\">\n\t\t\t<div class=\"elementor-widget-wrap elementor-element-populated\">\n\t\t\t\t\t\t<div class=\"elementor-element elementor-element-bea124f elementor-widget elementor-widget-text-editor\" data-id=\"bea124f\" data-element_type=\"widget\" data-e-type=\"widget\" data-widget_type=\"text-editor.default\">\n\t\t\t\t<div class=\"elementor-widget-container\">\n\t\t\t\t\t\t\t\t\t<p><strong>PS:\u00a0<span style=\"color: #ff6600;\"><a style=\"color: #ff6600;\" href=\"https:\/\/gradido.net\/sv\/donations\/\">P\u00e5 grund av Gradidos st\u00e4ndigt \u00f6kande betydelse upprepar vi v\u00e5r tacksamhetskampanj den 25 oktober 2025:<\/a>\u00a0<\/span><span style=\"color: #0000ff;\"><a style=\"color: #0000ff;\" href=\"https:\/\/gradido.net\/sv\/donations\/\">F\u00f6rutom den multipla GradidoTransform f\u00f6r ditt sponsorbidrag, kommer vi att \u00f6ka alla GDT-kontosaldon med 25% den 25\/10\/25. Sponsra nu och njut av det multipla beloppet av GDT!<\/a><\/span><\/strong><\/p>\t\t\t\t\t\t\t\t<\/div>\n\t\t\t\t<\/div>\n\t\t\t\t\t<\/div>\n\t\t<\/div>\n\t\t\t\t\t<\/div>\n\t\t<\/section>\n\t\t\t\t<section class=\"elementor-section elementor-top-section elementor-element elementor-element-29dfc07 elementor-section-boxed elementor-section-height-default elementor-section-height-default\" data-id=\"29dfc07\" data-element_type=\"section\" data-e-type=\"section\">\n\t\t\t\t\t\t<div class=\"elementor-container elementor-column-gap-default\">\n\t\t\t\t\t<div class=\"elementor-column elementor-col-100 elementor-top-column elementor-element elementor-element-d37ec5a\" data-id=\"d37ec5a\" data-element_type=\"column\" data-e-type=\"column\">\n\t\t\t<div class=\"elementor-widget-wrap\">\n\t\t\t\t\t\t\t<\/div>\n\t\t<\/div>\n\t\t\t\t\t<\/div>\n\t\t<\/section>\n\t\t\t\t<section class=\"elementor-section elementor-top-section elementor-element elementor-element-b3bbb9b elementor-section-boxed elementor-section-height-default elementor-section-height-default\" data-id=\"b3bbb9b\" data-element_type=\"section\" data-e-type=\"section\">\n\t\t\t\t\t\t<div class=\"elementor-container elementor-column-gap-default\">\n\t\t\t\t\t<div class=\"elementor-column elementor-col-100 elementor-top-column elementor-element elementor-element-a7e88ad\" data-id=\"a7e88ad\" data-element_type=\"column\" data-e-type=\"column\">\n\t\t\t<div class=\"elementor-widget-wrap\">\n\t\t\t\t\t\t\t<\/div>\n\t\t<\/div>\n\t\t\t\t\t<\/div>\n\t\t<\/section>\n\t\t\t\t<\/div>","protected":false},"excerpt":{"rendered":"<p>Gradidos kan skapas och f\u00f6ras vidare, de finns i \u00f6verfl\u00f6d - men inte inflationsdrivande - p\u00e5 grund av sin f\u00f6rg\u00e4nglighet. Detta \u00f6verfl\u00f6d kan fl\u00f6da in i v\u00e5r st\u00f6rsta g\u00e5va: v\u00e5rt hj\u00e4rtf\u00e4lt.<\/p>","protected":false},"author":2,"featured_media":12185,"comment_status":"closed","ping_status":"closed","sticky":false,"template":"","format":"standard","meta":{"footnotes":""},"categories":[11,54],"tags":[],"class_list":["post-12183","post","type-post","status-publish","format-standard","has-post-thumbnail","hentry","category-blog","category-community"],"yoast_head":"<!-- This site is optimized with the Yoast SEO plugin v27.5 - https:\/\/yoast.com\/product\/yoast-seo-wordpress\/ -->\n<title>Taler, Taler, du musst wandern \u2013 von der einen Hand zur andern - Gradido<\/title>\n<meta name=\"description\" content=\"Gradidos k\u00f6nnen gesch\u00f6pft und weitergegeben werden, sie sind im \u00dcberfluss vorhanden \u2013 aber dennoch nicht inflation\u00e4r \u2013 wegen der Verg\u00e4nglichkeit. Diese F\u00fclle kann in unser gr\u00f6\u00dftes Geschenk einflie\u00dfen: in unser Herzfeld.\" \/>\n<meta name=\"robots\" content=\"index, follow, max-snippet:-1, max-image-preview:large, max-video-preview:-1\" \/>\n<link rel=\"canonical\" href=\"https:\/\/gradido.net\/sv\/mutmacher-konrad\/\" \/>\n<meta property=\"og:locale\" content=\"sv_SE\" \/>\n<meta property=\"og:type\" content=\"article\" \/>\n<meta property=\"og:title\" content=\"Taler, Taler, du musst wandern \u2013 von der einen Hand zur andern - Gradido\" \/>\n<meta property=\"og:description\" content=\"Gradidos k\u00f6nnen gesch\u00f6pft und weitergegeben werden, sie sind im \u00dcberfluss vorhanden \u2013 aber dennoch nicht inflation\u00e4r \u2013 wegen der Verg\u00e4nglichkeit. Diese F\u00fclle kann in unser gr\u00f6\u00dftes Geschenk einflie\u00dfen: in unser Herzfeld.\" \/>\n<meta property=\"og:url\" content=\"https:\/\/gradido.net\/sv\/mutmacher-konrad\/\" \/>\n<meta property=\"og:site_name\" content=\"Gradido\" \/>\n<meta property=\"article:published_time\" content=\"2025-10-13T15:34:22+00:00\" \/>\n<meta property=\"article:modified_time\" content=\"2026-04-24T05:14:49+00:00\" \/>\n<meta property=\"og:image\" content=\"https:\/\/gradido.net\/wp-content\/uploads\/2025\/10\/Konrad_Funk.jpg\" \/>\n\t<meta property=\"og:image:width\" content=\"1920\" \/>\n\t<meta property=\"og:image:height\" content=\"1080\" \/>\n\t<meta property=\"og:image:type\" content=\"image\/jpeg\" \/>\n<meta name=\"author\" content=\"Bernd H\u00fcckst\u00e4dt\" \/>\n<meta name=\"twitter:card\" content=\"summary_large_image\" \/>\n<meta name=\"twitter:label1\" content=\"Skriven av\" \/>\n\t<meta name=\"twitter:data1\" content=\"Bernd H\u00fcckst\u00e4dt\" \/>\n\t<meta name=\"twitter:label2\" content=\"Ber\u00e4knad l\u00e4stid\" \/>\n\t<meta name=\"twitter:data2\" content=\"4 minuter\" \/>\n<script type=\"application\/ld+json\" class=\"yoast-schema-graph\">{\"@context\":\"https:\\\/\\\/schema.org\",\"@graph\":[{\"@type\":\"Article\",\"@id\":\"https:\\\/\\\/gradido.net\\\/mutmacher-konrad\\\/#article\",\"isPartOf\":{\"@id\":\"https:\\\/\\\/gradido.net\\\/mutmacher-konrad\\\/\"},\"author\":{\"name\":\"Bernd H\u00fcckst\u00e4dt\",\"@id\":\"https:\\\/\\\/gradido.net\\\/de\\\/#\\\/schema\\\/person\\\/9c503a004ad15a1ddecadce2218db5d1\"},\"headline\":\"Taler, Taler, du musst wandern \u2013 von der einen Hand zur andern\",\"datePublished\":\"2025-10-13T15:34:22+00:00\",\"dateModified\":\"2026-04-24T05:14:49+00:00\",\"mainEntityOfPage\":{\"@id\":\"https:\\\/\\\/gradido.net\\\/mutmacher-konrad\\\/\"},\"wordCount\":525,\"publisher\":{\"@id\":\"https:\\\/\\\/gradido.net\\\/de\\\/#organization\"},\"image\":{\"@id\":\"https:\\\/\\\/gradido.net\\\/mutmacher-konrad\\\/#primaryimage\"},\"thumbnailUrl\":\"https:\\\/\\\/gradido.net\\\/wp-content\\\/uploads\\\/2025\\\/10\\\/Konrad_Funk.jpg\",\"articleSection\":[\"Blog\",\"Community\"],\"inLanguage\":\"sv-SE\"},{\"@type\":\"WebPage\",\"@id\":\"https:\\\/\\\/gradido.net\\\/mutmacher-konrad\\\/\",\"url\":\"https:\\\/\\\/gradido.net\\\/mutmacher-konrad\\\/\",\"name\":\"Taler, Taler, du musst wandern \u2013 von der einen Hand zur andern - Gradido\",\"isPartOf\":{\"@id\":\"https:\\\/\\\/gradido.net\\\/de\\\/#website\"},\"primaryImageOfPage\":{\"@id\":\"https:\\\/\\\/gradido.net\\\/mutmacher-konrad\\\/#primaryimage\"},\"image\":{\"@id\":\"https:\\\/\\\/gradido.net\\\/mutmacher-konrad\\\/#primaryimage\"},\"thumbnailUrl\":\"https:\\\/\\\/gradido.net\\\/wp-content\\\/uploads\\\/2025\\\/10\\\/Konrad_Funk.jpg\",\"datePublished\":\"2025-10-13T15:34:22+00:00\",\"dateModified\":\"2026-04-24T05:14:49+00:00\",\"description\":\"Gradidos k\u00f6nnen gesch\u00f6pft und weitergegeben werden, sie sind im \u00dcberfluss vorhanden \u2013 aber dennoch nicht inflation\u00e4r \u2013 wegen der Verg\u00e4nglichkeit. Diese F\u00fclle kann in unser gr\u00f6\u00dftes Geschenk einflie\u00dfen: in unser Herzfeld.\",\"breadcrumb\":{\"@id\":\"https:\\\/\\\/gradido.net\\\/mutmacher-konrad\\\/#breadcrumb\"},\"inLanguage\":\"sv-SE\",\"potentialAction\":[{\"@type\":\"ReadAction\",\"target\":[\"https:\\\/\\\/gradido.net\\\/mutmacher-konrad\\\/\"]}]},{\"@type\":\"ImageObject\",\"inLanguage\":\"sv-SE\",\"@id\":\"https:\\\/\\\/gradido.net\\\/mutmacher-konrad\\\/#primaryimage\",\"url\":\"https:\\\/\\\/gradido.net\\\/wp-content\\\/uploads\\\/2025\\\/10\\\/Konrad_Funk.jpg\",\"contentUrl\":\"https:\\\/\\\/gradido.net\\\/wp-content\\\/uploads\\\/2025\\\/10\\\/Konrad_Funk.jpg\",\"width\":1920,\"height\":1080},{\"@type\":\"BreadcrumbList\",\"@id\":\"https:\\\/\\\/gradido.net\\\/mutmacher-konrad\\\/#breadcrumb\",\"itemListElement\":[{\"@type\":\"ListItem\",\"position\":1,\"name\":\"Startseite\",\"item\":\"https:\\\/\\\/gradido.net\\\/\"},{\"@type\":\"ListItem\",\"position\":2,\"name\":\"Taler, Taler, du musst wandern \u2013 von der einen Hand zur andern\"}]},{\"@type\":\"WebSite\",\"@id\":\"https:\\\/\\\/gradido.net\\\/de\\\/#website\",\"url\":\"https:\\\/\\\/gradido.net\\\/de\\\/\",\"name\":\"Gradido\",\"description\":\"Die neue W\u00e4hrung hei\u00dft Dankbarkeit\",\"publisher\":{\"@id\":\"https:\\\/\\\/gradido.net\\\/de\\\/#organization\"},\"potentialAction\":[{\"@type\":\"SearchAction\",\"target\":{\"@type\":\"EntryPoint\",\"urlTemplate\":\"https:\\\/\\\/gradido.net\\\/de\\\/?s={search_term_string}\"},\"query-input\":{\"@type\":\"PropertyValueSpecification\",\"valueRequired\":true,\"valueName\":\"search_term_string\"}}],\"inLanguage\":\"sv-SE\"},{\"@type\":\"Organization\",\"@id\":\"https:\\\/\\\/gradido.net\\\/de\\\/#organization\",\"name\":\"Gradido\",\"url\":\"https:\\\/\\\/gradido.net\\\/de\\\/\",\"logo\":{\"@type\":\"ImageObject\",\"inLanguage\":\"sv-SE\",\"@id\":\"https:\\\/\\\/gradido.net\\\/de\\\/#\\\/schema\\\/logo\\\/image\\\/\",\"url\":\"https:\\\/\\\/gradido.net\\\/wp-content\\\/uploads\\\/2022\\\/04\\\/gradido-social.jpg\",\"contentUrl\":\"https:\\\/\\\/gradido.net\\\/wp-content\\\/uploads\\\/2022\\\/04\\\/gradido-social.jpg\",\"width\":527,\"height\":273,\"caption\":\"Gradido\"},\"image\":{\"@id\":\"https:\\\/\\\/gradido.net\\\/de\\\/#\\\/schema\\\/logo\\\/image\\\/\"}},{\"@type\":\"Person\",\"@id\":\"https:\\\/\\\/gradido.net\\\/de\\\/#\\\/schema\\\/person\\\/9c503a004ad15a1ddecadce2218db5d1\",\"name\":\"Bernd H\u00fcckst\u00e4dt\",\"sameAs\":[\"https:\\\/\\\/gradido.net\"],\"url\":\"https:\\\/\\\/gradido.net\\\/sv\\\/author\\\/bernd\\\/\"}]}<\/script>\n<!-- \/ Yoast SEO plugin. -->","yoast_head_json":{"title":"Thaler, thaler, du m\u00e5ste vandra - fr\u00e5n den ena handen till den andra - Gradido","description":"Gradidos kan skapas och f\u00f6ras vidare, de finns i \u00f6verfl\u00f6d - men inte inflationsdrivande - p\u00e5 grund av sin f\u00f6rg\u00e4nglighet. Detta \u00f6verfl\u00f6d kan fl\u00f6da in i v\u00e5r st\u00f6rsta g\u00e5va: v\u00e5rt hj\u00e4rtf\u00e4lt.","robots":{"index":"index","follow":"follow","max-snippet":"max-snippet:-1","max-image-preview":"max-image-preview:large","max-video-preview":"max-video-preview:-1"},"canonical":"https:\/\/gradido.net\/sv\/mutmacher-konrad\/","og_locale":"sv_SE","og_type":"article","og_title":"Taler, Taler, du musst wandern \u2013 von der einen Hand zur andern - Gradido","og_description":"Gradidos k\u00f6nnen gesch\u00f6pft und weitergegeben werden, sie sind im \u00dcberfluss vorhanden \u2013 aber dennoch nicht inflation\u00e4r \u2013 wegen der Verg\u00e4nglichkeit. Diese F\u00fclle kann in unser gr\u00f6\u00dftes Geschenk einflie\u00dfen: in unser Herzfeld.","og_url":"https:\/\/gradido.net\/sv\/mutmacher-konrad\/","og_site_name":"Gradido","article_published_time":"2025-10-13T15:34:22+00:00","article_modified_time":"2026-04-24T05:14:49+00:00","og_image":[{"width":1920,"height":1080,"url":"https:\/\/gradido.net\/wp-content\/uploads\/2025\/10\/Konrad_Funk.jpg","type":"image\/jpeg"}],"author":"Bernd H\u00fcckst\u00e4dt","twitter_card":"summary_large_image","twitter_misc":{"Skriven av":"Bernd H\u00fcckst\u00e4dt","Ber\u00e4knad l\u00e4stid":"4 minuter"},"schema":{"@context":"https:\/\/schema.org","@graph":[{"@type":"Article","@id":"https:\/\/gradido.net\/mutmacher-konrad\/#article","isPartOf":{"@id":"https:\/\/gradido.net\/mutmacher-konrad\/"},"author":{"name":"Bernd H\u00fcckst\u00e4dt","@id":"https:\/\/gradido.net\/de\/#\/schema\/person\/9c503a004ad15a1ddecadce2218db5d1"},"headline":"Taler, Taler, du musst wandern \u2013 von der einen Hand zur andern","datePublished":"2025-10-13T15:34:22+00:00","dateModified":"2026-04-24T05:14:49+00:00","mainEntityOfPage":{"@id":"https:\/\/gradido.net\/mutmacher-konrad\/"},"wordCount":525,"publisher":{"@id":"https:\/\/gradido.net\/de\/#organization"},"image":{"@id":"https:\/\/gradido.net\/mutmacher-konrad\/#primaryimage"},"thumbnailUrl":"https:\/\/gradido.net\/wp-content\/uploads\/2025\/10\/Konrad_Funk.jpg","articleSection":["Blog","Community"],"inLanguage":"sv-SE"},{"@type":"WebPage","@id":"https:\/\/gradido.net\/mutmacher-konrad\/","url":"https:\/\/gradido.net\/mutmacher-konrad\/","name":"Thaler, thaler, du m\u00e5ste vandra - fr\u00e5n den ena handen till den andra - Gradido","isPartOf":{"@id":"https:\/\/gradido.net\/de\/#website"},"primaryImageOfPage":{"@id":"https:\/\/gradido.net\/mutmacher-konrad\/#primaryimage"},"image":{"@id":"https:\/\/gradido.net\/mutmacher-konrad\/#primaryimage"},"thumbnailUrl":"https:\/\/gradido.net\/wp-content\/uploads\/2025\/10\/Konrad_Funk.jpg","datePublished":"2025-10-13T15:34:22+00:00","dateModified":"2026-04-24T05:14:49+00:00","description":"Gradidos kan skapas och f\u00f6ras vidare, de finns i \u00f6verfl\u00f6d - men inte inflationsdrivande - p\u00e5 grund av sin f\u00f6rg\u00e4nglighet. Detta \u00f6verfl\u00f6d kan fl\u00f6da in i v\u00e5r st\u00f6rsta g\u00e5va: v\u00e5rt hj\u00e4rtf\u00e4lt.","breadcrumb":{"@id":"https:\/\/gradido.net\/mutmacher-konrad\/#breadcrumb"},"inLanguage":"sv-SE","potentialAction":[{"@type":"ReadAction","target":["https:\/\/gradido.net\/mutmacher-konrad\/"]}]},{"@type":"ImageObject","inLanguage":"sv-SE","@id":"https:\/\/gradido.net\/mutmacher-konrad\/#primaryimage","url":"https:\/\/gradido.net\/wp-content\/uploads\/2025\/10\/Konrad_Funk.jpg","contentUrl":"https:\/\/gradido.net\/wp-content\/uploads\/2025\/10\/Konrad_Funk.jpg","width":1920,"height":1080},{"@type":"BreadcrumbList","@id":"https:\/\/gradido.net\/mutmacher-konrad\/#breadcrumb","itemListElement":[{"@type":"ListItem","position":1,"name":"Startseite","item":"https:\/\/gradido.net\/"},{"@type":"ListItem","position":2,"name":"Taler, Taler, du musst wandern \u2013 von der einen Hand zur andern"}]},{"@type":"WebSite","@id":"https:\/\/gradido.net\/de\/#website","url":"https:\/\/gradido.net\/de\/","name":"Gradido","description":"Den nya valutan \u00e4r tacksamhet","publisher":{"@id":"https:\/\/gradido.net\/de\/#organization"},"potentialAction":[{"@type":"SearchAction","target":{"@type":"EntryPoint","urlTemplate":"https:\/\/gradido.net\/de\/?s={search_term_string}"},"query-input":{"@type":"PropertyValueSpecification","valueRequired":true,"valueName":"search_term_string"}}],"inLanguage":"sv-SE"},{"@type":"Organization","@id":"https:\/\/gradido.net\/de\/#organization","name":"Gradido","url":"https:\/\/gradido.net\/de\/","logo":{"@type":"ImageObject","inLanguage":"sv-SE","@id":"https:\/\/gradido.net\/de\/#\/schema\/logo\/image\/","url":"https:\/\/gradido.net\/wp-content\/uploads\/2022\/04\/gradido-social.jpg","contentUrl":"https:\/\/gradido.net\/wp-content\/uploads\/2022\/04\/gradido-social.jpg","width":527,"height":273,"caption":"Gradido"},"image":{"@id":"https:\/\/gradido.net\/de\/#\/schema\/logo\/image\/"}},{"@type":"Person","@id":"https:\/\/gradido.net\/de\/#\/schema\/person\/9c503a004ad15a1ddecadce2218db5d1","name":"Bernd H\u00fcckst\u00e4dt","sameAs":["https:\/\/gradido.net"],"url":"https:\/\/gradido.net\/sv\/author\/bernd\/"}]}},"_links":{"self":[{"href":"https:\/\/gradido.net\/sv\/wp-json\/wp\/v2\/posts\/12183","targetHints":{"allow":["GET"]}}],"collection":[{"href":"https:\/\/gradido.net\/sv\/wp-json\/wp\/v2\/posts"}],"about":[{"href":"https:\/\/gradido.net\/sv\/wp-json\/wp\/v2\/types\/post"}],"author":[{"embeddable":true,"href":"https:\/\/gradido.net\/sv\/wp-json\/wp\/v2\/users\/2"}],"replies":[{"embeddable":true,"href":"https:\/\/gradido.net\/sv\/wp-json\/wp\/v2\/comments?post=12183"}],"version-history":[{"count":5,"href":"https:\/\/gradido.net\/sv\/wp-json\/wp\/v2\/posts\/12183\/revisions"}],"predecessor-version":[{"id":12189,"href":"https:\/\/gradido.net\/sv\/wp-json\/wp\/v2\/posts\/12183\/revisions\/12189"}],"wp:featuredmedia":[{"embeddable":true,"href":"https:\/\/gradido.net\/sv\/wp-json\/wp\/v2\/media\/12185"}],"wp:attachment":[{"href":"https:\/\/gradido.net\/sv\/wp-json\/wp\/v2\/media?parent=12183"}],"wp:term":[{"taxonomy":"category","embeddable":true,"href":"https:\/\/gradido.net\/sv\/wp-json\/wp\/v2\/categories?post=12183"},{"taxonomy":"post_tag","embeddable":true,"href":"https:\/\/gradido.net\/sv\/wp-json\/wp\/v2\/tags?post=12183"}],"curies":[{"name":"wp","href":"https:\/\/api.w.org\/{rel}","templated":true}]}}